{"id":62138,"date":"2025-05-20T21:41:30","date_gmt":"2025-05-20T21:41:30","guid":{"rendered":"https:\/\/laredlarioja.com.ar\/sitio\/?p=62138"},"modified":"2025-05-20T21:41:30","modified_gmt":"2025-05-20T21:41:30","slug":"cerca-de-5-mil-estudiantes-participaron-de-las-olimpiadas-de-matematicas-atacalar-2025","status":"publish","type":"post","link":"https:\/\/laredlarioja.com.ar\/sitio\/cerca-de-5-mil-estudiantes-participaron-de-las-olimpiadas-de-matematicas-atacalar-2025\/","title":{"rendered":"Cerca de 5 mil estudiantes participaron de las Olimpiadas de Matem\u00e1ticas ATACALAR 2025"},"content":{"rendered":"<p>El certamen educativo se lanz\u00f3 en la Capital y se replic\u00f3 en simult\u00e1neo en todos los departamentos. El evento cuenta con respaldo institucional y busca fortalecer el pensamiento l\u00f3gico y el inter\u00e9s por las matem\u00e1ticas desde el aula.<\/p>\n<p>Este viernes, en la Escuela N.\u00ba 127 \u201cCapital Federal\u201d, ubicada en el barrio Santa Justina de la ciudad de La Rioja, se llev\u00f3 a cabo el lanzamiento de la instancia intercolegial de las Olimpiadas de Matem\u00e1ticas ATACALAR, edici\u00f3n 2025. De manera simult\u00e1nea, y mediante el trabajo de los coordinadores zonales, tambi\u00e9n se tomaron los ex\u00e1menes en todos los departamentos de la Provincia.<br \/>\nDurante el acto estuvieron presentes el secretario de Pol\u00edticas Socioeducativas, Duilio Madera; la secretaria de Planeamiento e Innovaci\u00f3n Educativa, Vanesa Navarro; y la concejal Ximena Marenco, quien entreg\u00f3 la declaraci\u00f3n de Inter\u00e9s Departamental otorgada por el Concejo Deliberante de Capital.<br \/>\nTambi\u00e9n participaron el director del equipo t\u00e9cnico de las Olimpiadas de Matem\u00e1ticas ATACALAR, profesor Jorge Muriano; supervisores, docentes y miembros de la comunidad educativa en general.<br \/>\nLa instancia intercolegial convoc\u00f3 a cerca de 5 mil estudiantes de toda la provincia, tanto del nivel primario (cuarto a s\u00e9ptimo grado) como del nivel secundario. A partir de los resultados obtenidos, se seleccionar\u00e1 a las y los alumnos que avanzar\u00e1n a la etapa zonal, luego a la provincial, y finalmente se definir\u00e1 la delegaci\u00f3n de 27 estudiantes que representar\u00e1n a La Rioja en el certamen internacional, previsto para el mes de septiembre.<\/p>\n<p>Esp\u00edritu formativo<br \/>\nEl profesor Jorge Muriano destac\u00f3 la importancia de esta actividad dentro del sistema educativo y subray\u00f3 la participaci\u00f3n en todo el territorio provincial. \u201cEl ministro de Educaci\u00f3n, Ariel Mart\u00ednez, nos pidi\u00f3 que todos los departamentos formen parte de las olimpiadas, por eso los ex\u00e1menes se est\u00e1n tomando tanto en Capital como en el interior\u201d, se\u00f1al\u00f3.<br \/>\nAsimismo, remarc\u00f3 el esp\u00edritu formativo del certamen al se\u00f1alar que \u201clas olimpiadas tienen como objetivo despertar el gusto por las matem\u00e1ticas, y que nuestros alumnos, en las distintas escuelas, puedan pensar, razonar y ejercitar contenidos matem\u00e1ticos y geom\u00e9tricos en el aula\u201d.<br \/>\nEn el caso de Capital, las evaluaciones se organizaron por turnos y niveles educativos: por la ma\u00f1ana participaron estudiantes de cuarto, quinto y sexto grado; mientras que por la tarde lo hicieron los de s\u00e9ptimo grado y nivel secundario.<br \/>\nEn los dem\u00e1s departamentos, las pruebas se desarrollaron en articulaci\u00f3n con los coordinadores zonales. \u201cUna vez finalizada la evaluaci\u00f3n, ellos nos env\u00edan los ex\u00e1menes para su correcci\u00f3n\u201d, explic\u00f3 Muriano.<br \/>\nFinalmente, anticip\u00f3 que quienes superen esta etapa participar\u00e1n de la instancia zonal y, luego, de la provincial, de la cual se seleccionar\u00e1 a la delegaci\u00f3n que representar\u00e1 a La Rioja en la instancia internacional de las Olimpiadas de Matem\u00e1ticas.<\/p>\n","protected":false},"excerpt":{"rendered":"<p>El certamen educativo se lanz\u00f3 en la Capital y se replic\u00f3 en simult\u00e1neo en todos los departamentos. El<\/p>\n","protected":false},"author":7,"featured_media":62139,"comment_status":"closed","ping_status":"open","sticky":false,"template":"","format":"standard","meta":{"footnotes":""},"categories":[94],"tags":[],"class_list":["post-62138","post","type-post","status-publish","format-standard","has-post-thumbnail","hentry","category-locales"],"yoast_head":"<!-- This site is optimized with the Yoast SEO plugin v27.4 - https:\/\/yoast.com\/product\/yoast-seo-wordpress\/ -->\n<title>Cerca de 5 mil estudiantes participaron de las Olimpiadas de Matem\u00e1ticas ATACALAR 2025 - LA RED 88.3 LA RIOJA<\/title>\n<meta name=\"robots\" content=\"index, follow, max-snippet:-1, max-image-preview:large, max-video-preview:-1\" \/>\n<link rel=\"canonical\" href=\"https:\/\/laredlarioja.com.ar\/sitio\/cerca-de-5-mil-estudiantes-participaron-de-las-olimpiadas-de-matematicas-atacalar-2025\/\" \/>\n<meta property=\"og:locale\" content=\"es_ES\" \/>\n<meta property=\"og:type\" content=\"article\" \/>\n<meta property=\"og:title\" content=\"Cerca de 5 mil estudiantes participaron de las Olimpiadas de Matem\u00e1ticas ATACALAR 2025 - LA RED 88.3 LA RIOJA\" \/>\n<meta property=\"og:description\" content=\"El certamen educativo se lanz\u00f3 en la Capital y se replic\u00f3 en simult\u00e1neo en todos los departamentos. El\" \/>\n<meta property=\"og:url\" content=\"https:\/\/laredlarioja.com.ar\/sitio\/cerca-de-5-mil-estudiantes-participaron-de-las-olimpiadas-de-matematicas-atacalar-2025\/\" \/>\n<meta property=\"og:site_name\" content=\"LA RED 88.3 LA RIOJA\" \/>\n<meta property=\"article:publisher\" content=\"https:\/\/www.facebook.com\/lared.larioja\" \/>\n<meta property=\"article:published_time\" content=\"2025-05-20T21:41:30+00:00\" \/>\n<meta property=\"og:image\" content=\"https:\/\/laredlarioja.com.ar\/sitio\/wp-content\/uploads\/2025\/05\/olimpiadas.jpg\" \/>\n\t<meta property=\"og:image:width\" content=\"1280\" \/>\n\t<meta property=\"og:image:height\" content=\"853\" \/>\n\t<meta property=\"og:image:type\" content=\"image\/jpeg\" \/>\n<meta name=\"author\" content=\"Anabella Soria\" \/>\n<meta name=\"twitter:card\" content=\"summary_large_image\" \/>\n<meta name=\"twitter:creator\" content=\"@laredlarioja1\" \/>\n<meta name=\"twitter:site\" content=\"@laredlarioja1\" \/>\n<meta name=\"twitter:label1\" content=\"Escrito por\" \/>\n\t<meta name=\"twitter:data1\" content=\"Anabella Soria\" \/>\n\t<meta name=\"twitter:label2\" content=\"Tiempo de lectura\" \/>\n\t<meta name=\"twitter:data2\" content=\"3 minutos\" \/>\n<script type=\"application\/ld+json\" class=\"yoast-schema-graph\">{\"@context\":\"https:\\\/\\\/schema.org\",\"@graph\":[{\"@type\":\"Article\",\"@id\":\"https:\\\/\\\/laredlarioja.com.ar\\\/sitio\\\/cerca-de-5-mil-estudiantes-participaron-de-las-olimpiadas-de-matematicas-atacalar-2025\\\/#article\",\"isPartOf\":{\"@id\":\"https:\\\/\\\/laredlarioja.com.ar\\\/sitio\\\/cerca-de-5-mil-estudiantes-participaron-de-las-olimpiadas-de-matematicas-atacalar-2025\\\/\"},\"author\":{\"name\":\"Anabella Soria\",\"@id\":\"https:\\\/\\\/laredlarioja.com.ar\\\/sitio\\\/#\\\/schema\\\/person\\\/31f88059d20c5cf06e974fd895aec56e\"},\"headline\":\"Cerca de 5 mil estudiantes participaron de las Olimpiadas de Matem\u00e1ticas ATACALAR 2025\",\"datePublished\":\"2025-05-20T21:41:30+00:00\",\"mainEntityOfPage\":{\"@id\":\"https:\\\/\\\/laredlarioja.com.ar\\\/sitio\\\/cerca-de-5-mil-estudiantes-participaron-de-las-olimpiadas-de-matematicas-atacalar-2025\\\/\"},\"wordCount\":495,\"publisher\":{\"@id\":\"https:\\\/\\\/laredlarioja.com.ar\\\/sitio\\\/#organization\"},\"image\":{\"@id\":\"https:\\\/\\\/laredlarioja.com.ar\\\/sitio\\\/cerca-de-5-mil-estudiantes-participaron-de-las-olimpiadas-de-matematicas-atacalar-2025\\\/#primaryimage\"},\"thumbnailUrl\":\"https:\\\/\\\/laredlarioja.com.ar\\\/sitio\\\/wp-content\\\/uploads\\\/2025\\\/05\\\/olimpiadas.jpg\",\"articleSection\":[\"Locales\"],\"inLanguage\":\"es\"},{\"@type\":\"WebPage\",\"@id\":\"https:\\\/\\\/laredlarioja.com.ar\\\/sitio\\\/cerca-de-5-mil-estudiantes-participaron-de-las-olimpiadas-de-matematicas-atacalar-2025\\\/\",\"url\":\"https:\\\/\\\/laredlarioja.com.ar\\\/sitio\\\/cerca-de-5-mil-estudiantes-participaron-de-las-olimpiadas-de-matematicas-atacalar-2025\\\/\",\"name\":\"Cerca de 5 mil estudiantes participaron de las Olimpiadas de Matem\u00e1ticas ATACALAR 2025 - LA RED 88.3 LA RIOJA\",\"isPartOf\":{\"@id\":\"https:\\\/\\\/laredlarioja.com.ar\\\/sitio\\\/#website\"},\"primaryImageOfPage\":{\"@id\":\"https:\\\/\\\/laredlarioja.com.ar\\\/sitio\\\/cerca-de-5-mil-estudiantes-participaron-de-las-olimpiadas-de-matematicas-atacalar-2025\\\/#primaryimage\"},\"image\":{\"@id\":\"https:\\\/\\\/laredlarioja.com.ar\\\/sitio\\\/cerca-de-5-mil-estudiantes-participaron-de-las-olimpiadas-de-matematicas-atacalar-2025\\\/#primaryimage\"},\"thumbnailUrl\":\"https:\\\/\\\/laredlarioja.com.ar\\\/sitio\\\/wp-content\\\/uploads\\\/2025\\\/05\\\/olimpiadas.jpg\",\"datePublished\":\"2025-05-20T21:41:30+00:00\",\"breadcrumb\":{\"@id\":\"https:\\\/\\\/laredlarioja.com.ar\\\/sitio\\\/cerca-de-5-mil-estudiantes-participaron-de-las-olimpiadas-de-matematicas-atacalar-2025\\\/#breadcrumb\"},\"inLanguage\":\"es\",\"potentialAction\":[{\"@type\":\"ReadAction\",\"target\":[\"https:\\\/\\\/laredlarioja.com.ar\\\/sitio\\\/cerca-de-5-mil-estudiantes-participaron-de-las-olimpiadas-de-matematicas-atacalar-2025\\\/\"]}]},{\"@type\":\"ImageObject\",\"inLanguage\":\"es\",\"@id\":\"https:\\\/\\\/laredlarioja.com.ar\\\/sitio\\\/cerca-de-5-mil-estudiantes-participaron-de-las-olimpiadas-de-matematicas-atacalar-2025\\\/#primaryimage\",\"url\":\"https:\\\/\\\/laredlarioja.com.ar\\\/sitio\\\/wp-content\\\/uploads\\\/2025\\\/05\\\/olimpiadas.jpg\",\"contentUrl\":\"https:\\\/\\\/laredlarioja.com.ar\\\/sitio\\\/wp-content\\\/uploads\\\/2025\\\/05\\\/olimpiadas.jpg\",\"width\":1280,\"height\":853},{\"@type\":\"BreadcrumbList\",\"@id\":\"https:\\\/\\\/laredlarioja.com.ar\\\/sitio\\\/cerca-de-5-mil-estudiantes-participaron-de-las-olimpiadas-de-matematicas-atacalar-2025\\\/#breadcrumb\",\"itemListElement\":[{\"@type\":\"ListItem\",\"position\":1,\"name\":\"Portada\",\"item\":\"https:\\\/\\\/laredlarioja.com.ar\\\/sitio\\\/\"},{\"@type\":\"ListItem\",\"position\":2,\"name\":\"Cerca de 5 mil estudiantes participaron de las Olimpiadas de Matem\u00e1ticas ATACALAR 2025\"}]},{\"@type\":\"WebSite\",\"@id\":\"https:\\\/\\\/laredlarioja.com.ar\\\/sitio\\\/#website\",\"url\":\"https:\\\/\\\/laredlarioja.com.ar\\\/sitio\\\/\",\"name\":\"LA RED 88.3 LA RIOJA\",\"description\":\"Sitio de Noticias\",\"publisher\":{\"@id\":\"https:\\\/\\\/laredlarioja.com.ar\\\/sitio\\\/#organization\"},\"potentialAction\":[{\"@type\":\"SearchAction\",\"target\":{\"@type\":\"EntryPoint\",\"urlTemplate\":\"https:\\\/\\\/laredlarioja.com.ar\\\/sitio\\\/?s={search_term_string}\"},\"query-input\":{\"@type\":\"PropertyValueSpecification\",\"valueRequired\":true,\"valueName\":\"search_term_string\"}}],\"inLanguage\":\"es\"},{\"@type\":\"Organization\",\"@id\":\"https:\\\/\\\/laredlarioja.com.ar\\\/sitio\\\/#organization\",\"name\":\"LA RED 88.3 LA RIOJA\",\"url\":\"https:\\\/\\\/laredlarioja.com.ar\\\/sitio\\\/\",\"logo\":{\"@type\":\"ImageObject\",\"inLanguage\":\"es\",\"@id\":\"https:\\\/\\\/laredlarioja.com.ar\\\/sitio\\\/#\\\/schema\\\/logo\\\/image\\\/\",\"url\":\"https:\\\/\\\/laredlarioja.com.ar\\\/sitio\\\/wp-content\\\/uploads\\\/2025\\\/05\\\/LOGO-LA-RED.png\",\"contentUrl\":\"https:\\\/\\\/laredlarioja.com.ar\\\/sitio\\\/wp-content\\\/uploads\\\/2025\\\/05\\\/LOGO-LA-RED.png\",\"width\":193,\"height\":340,\"caption\":\"LA RED 88.3 LA RIOJA\"},\"image\":{\"@id\":\"https:\\\/\\\/laredlarioja.com.ar\\\/sitio\\\/#\\\/schema\\\/logo\\\/image\\\/\"},\"sameAs\":[\"https:\\\/\\\/www.facebook.com\\\/lared.larioja\",\"https:\\\/\\\/x.com\\\/laredlarioja1\",\"https:\\\/\\\/www.instagram.com\\\/lared_larioja\\\/\"]},{\"@type\":\"Person\",\"@id\":\"https:\\\/\\\/laredlarioja.com.ar\\\/sitio\\\/#\\\/schema\\\/person\\\/31f88059d20c5cf06e974fd895aec56e\",\"name\":\"Anabella Soria\",\"url\":\"https:\\\/\\\/laredlarioja.com.ar\\\/sitio\\\/author\\\/asoria\\\/\"}]}<\/script>\n<!-- \/ Yoast SEO plugin. -->","yoast_head_json":{"title":"Cerca de 5 mil estudiantes participaron de las Olimpiadas de Matem\u00e1ticas ATACALAR 2025 - LA RED 88.3 LA RIOJA","robots":{"index":"index","follow":"follow","max-snippet":"max-snippet:-1","max-image-preview":"max-image-preview:large","max-video-preview":"max-video-preview:-1"},"canonical":"https:\/\/laredlarioja.com.ar\/sitio\/cerca-de-5-mil-estudiantes-participaron-de-las-olimpiadas-de-matematicas-atacalar-2025\/","og_locale":"es_ES","og_type":"article","og_title":"Cerca de 5 mil estudiantes participaron de las Olimpiadas de Matem\u00e1ticas ATACALAR 2025 - LA RED 88.3 LA RIOJA","og_description":"El certamen educativo se lanz\u00f3 en la Capital y se replic\u00f3 en simult\u00e1neo en todos los departamentos. El","og_url":"https:\/\/laredlarioja.com.ar\/sitio\/cerca-de-5-mil-estudiantes-participaron-de-las-olimpiadas-de-matematicas-atacalar-2025\/","og_site_name":"LA RED 88.3 LA RIOJA","article_publisher":"https:\/\/www.facebook.com\/lared.larioja","article_published_time":"2025-05-20T21:41:30+00:00","og_image":[{"width":1280,"height":853,"url":"https:\/\/laredlarioja.com.ar\/sitio\/wp-content\/uploads\/2025\/05\/olimpiadas.jpg","type":"image\/jpeg"}],"author":"Anabella Soria","twitter_card":"summary_large_image","twitter_creator":"@laredlarioja1","twitter_site":"@laredlarioja1","twitter_misc":{"Escrito por":"Anabella Soria","Tiempo de lectura":"3 minutos"},"schema":{"@context":"https:\/\/schema.org","@graph":[{"@type":"Article","@id":"https:\/\/laredlarioja.com.ar\/sitio\/cerca-de-5-mil-estudiantes-participaron-de-las-olimpiadas-de-matematicas-atacalar-2025\/#article","isPartOf":{"@id":"https:\/\/laredlarioja.com.ar\/sitio\/cerca-de-5-mil-estudiantes-participaron-de-las-olimpiadas-de-matematicas-atacalar-2025\/"},"author":{"name":"Anabella Soria","@id":"https:\/\/laredlarioja.com.ar\/sitio\/#\/schema\/person\/31f88059d20c5cf06e974fd895aec56e"},"headline":"Cerca de 5 mil estudiantes participaron de las Olimpiadas de Matem\u00e1ticas ATACALAR 2025","datePublished":"2025-05-20T21:41:30+00:00","mainEntityOfPage":{"@id":"https:\/\/laredlarioja.com.ar\/sitio\/cerca-de-5-mil-estudiantes-participaron-de-las-olimpiadas-de-matematicas-atacalar-2025\/"},"wordCount":495,"publisher":{"@id":"https:\/\/laredlarioja.com.ar\/sitio\/#organization"},"image":{"@id":"https:\/\/laredlarioja.com.ar\/sitio\/cerca-de-5-mil-estudiantes-participaron-de-las-olimpiadas-de-matematicas-atacalar-2025\/#primaryimage"},"thumbnailUrl":"https:\/\/laredlarioja.com.ar\/sitio\/wp-content\/uploads\/2025\/05\/olimpiadas.jpg","articleSection":["Locales"],"inLanguage":"es"},{"@type":"WebPage","@id":"https:\/\/laredlarioja.com.ar\/sitio\/cerca-de-5-mil-estudiantes-participaron-de-las-olimpiadas-de-matematicas-atacalar-2025\/","url":"https:\/\/laredlarioja.com.ar\/sitio\/cerca-de-5-mil-estudiantes-participaron-de-las-olimpiadas-de-matematicas-atacalar-2025\/","name":"Cerca de 5 mil estudiantes participaron de las Olimpiadas de Matem\u00e1ticas ATACALAR 2025 - LA RED 88.3 LA RIOJA","isPartOf":{"@id":"https:\/\/laredlarioja.com.ar\/sitio\/#website"},"primaryImageOfPage":{"@id":"https:\/\/laredlarioja.com.ar\/sitio\/cerca-de-5-mil-estudiantes-participaron-de-las-olimpiadas-de-matematicas-atacalar-2025\/#primaryimage"},"image":{"@id":"https:\/\/laredlarioja.com.ar\/sitio\/cerca-de-5-mil-estudiantes-participaron-de-las-olimpiadas-de-matematicas-atacalar-2025\/#primaryimage"},"thumbnailUrl":"https:\/\/laredlarioja.com.ar\/sitio\/wp-content\/uploads\/2025\/05\/olimpiadas.jpg","datePublished":"2025-05-20T21:41:30+00:00","breadcrumb":{"@id":"https:\/\/laredlarioja.com.ar\/sitio\/cerca-de-5-mil-estudiantes-participaron-de-las-olimpiadas-de-matematicas-atacalar-2025\/#breadcrumb"},"inLanguage":"es","potentialAction":[{"@type":"ReadAction","target":["https:\/\/laredlarioja.com.ar\/sitio\/cerca-de-5-mil-estudiantes-participaron-de-las-olimpiadas-de-matematicas-atacalar-2025\/"]}]},{"@type":"ImageObject","inLanguage":"es","@id":"https:\/\/laredlarioja.com.ar\/sitio\/cerca-de-5-mil-estudiantes-participaron-de-las-olimpiadas-de-matematicas-atacalar-2025\/#primaryimage","url":"https:\/\/laredlarioja.com.ar\/sitio\/wp-content\/uploads\/2025\/05\/olimpiadas.jpg","contentUrl":"https:\/\/laredlarioja.com.ar\/sitio\/wp-content\/uploads\/2025\/05\/olimpiadas.jpg","width":1280,"height":853},{"@type":"BreadcrumbList","@id":"https:\/\/laredlarioja.com.ar\/sitio\/cerca-de-5-mil-estudiantes-participaron-de-las-olimpiadas-de-matematicas-atacalar-2025\/#breadcrumb","itemListElement":[{"@type":"ListItem","position":1,"name":"Portada","item":"https:\/\/laredlarioja.com.ar\/sitio\/"},{"@type":"ListItem","position":2,"name":"Cerca de 5 mil estudiantes participaron de las Olimpiadas de Matem\u00e1ticas ATACALAR 2025"}]},{"@type":"WebSite","@id":"https:\/\/laredlarioja.com.ar\/sitio\/#website","url":"https:\/\/laredlarioja.com.ar\/sitio\/","name":"LA RED 88.3 LA RIOJA","description":"Sitio de Noticias","publisher":{"@id":"https:\/\/laredlarioja.com.ar\/sitio\/#organization"},"potentialAction":[{"@type":"SearchAction","target":{"@type":"EntryPoint","urlTemplate":"https:\/\/laredlarioja.com.ar\/sitio\/?s={search_term_string}"},"query-input":{"@type":"PropertyValueSpecification","valueRequired":true,"valueName":"search_term_string"}}],"inLanguage":"es"},{"@type":"Organization","@id":"https:\/\/laredlarioja.com.ar\/sitio\/#organization","name":"LA RED 88.3 LA RIOJA","url":"https:\/\/laredlarioja.com.ar\/sitio\/","logo":{"@type":"ImageObject","inLanguage":"es","@id":"https:\/\/laredlarioja.com.ar\/sitio\/#\/schema\/logo\/image\/","url":"https:\/\/laredlarioja.com.ar\/sitio\/wp-content\/uploads\/2025\/05\/LOGO-LA-RED.png","contentUrl":"https:\/\/laredlarioja.com.ar\/sitio\/wp-content\/uploads\/2025\/05\/LOGO-LA-RED.png","width":193,"height":340,"caption":"LA RED 88.3 LA RIOJA"},"image":{"@id":"https:\/\/laredlarioja.com.ar\/sitio\/#\/schema\/logo\/image\/"},"sameAs":["https:\/\/www.facebook.com\/lared.larioja","https:\/\/x.com\/laredlarioja1","https:\/\/www.instagram.com\/lared_larioja\/"]},{"@type":"Person","@id":"https:\/\/laredlarioja.com.ar\/sitio\/#\/schema\/person\/31f88059d20c5cf06e974fd895aec56e","name":"Anabella Soria","url":"https:\/\/laredlarioja.com.ar\/sitio\/author\/asoria\/"}]}},"featured_image_urls":{"full":["https:\/\/laredlarioja.com.ar\/sitio\/wp-content\/uploads\/2025\/05\/olimpiadas.jpg",1280,853,false],"thumbnail":["https:\/\/laredlarioja.com.ar\/sitio\/wp-content\/uploads\/2025\/05\/olimpiadas-150x150.jpg",150,150,true],"medium":["https:\/\/laredlarioja.com.ar\/sitio\/wp-content\/uploads\/2025\/05\/olimpiadas-300x200.jpg",300,200,true],"medium_large":["https:\/\/laredlarioja.com.ar\/sitio\/wp-content\/uploads\/2025\/05\/olimpiadas-768x512.jpg",640,427,true],"large":["https:\/\/laredlarioja.com.ar\/sitio\/wp-content\/uploads\/2025\/05\/olimpiadas-1024x682.jpg",640,426,true],"1536x1536":["https:\/\/laredlarioja.com.ar\/sitio\/wp-content\/uploads\/2025\/05\/olimpiadas.jpg",1280,853,false],"2048x2048":["https:\/\/laredlarioja.com.ar\/sitio\/wp-content\/uploads\/2025\/05\/olimpiadas.jpg",1280,853,false],"cvmm-medium":["https:\/\/laredlarioja.com.ar\/sitio\/wp-content\/uploads\/2025\/05\/olimpiadas-300x300.jpg",300,300,true],"cvmm-medium-plus":["https:\/\/laredlarioja.com.ar\/sitio\/wp-content\/uploads\/2025\/05\/olimpiadas-305x207.jpg",305,207,true],"cvmm-portrait":["https:\/\/laredlarioja.com.ar\/sitio\/wp-content\/uploads\/2025\/05\/olimpiadas-400x600.jpg",400,600,true],"cvmm-medium-square":["https:\/\/laredlarioja.com.ar\/sitio\/wp-content\/uploads\/2025\/05\/olimpiadas-600x600.jpg",600,600,true],"cvmm-large":["https:\/\/laredlarioja.com.ar\/sitio\/wp-content\/uploads\/2025\/05\/olimpiadas-1024x853.jpg",1024,853,true],"cvmm-small":["https:\/\/laredlarioja.com.ar\/sitio\/wp-content\/uploads\/2025\/05\/olimpiadas-130x95.jpg",130,95,true],"morenews-large":["https:\/\/laredlarioja.com.ar\/sitio\/wp-content\/uploads\/2025\/05\/olimpiadas-825x575.jpg",825,575,true],"morenews-medium":["https:\/\/laredlarioja.com.ar\/sitio\/wp-content\/uploads\/2025\/05\/olimpiadas-590x410.jpg",590,410,true]},"author_info":{"display_name":"Anabella Soria","author_link":"https:\/\/laredlarioja.com.ar\/sitio\/author\/asoria\/"},"category_info":"<a href=\"https:\/\/laredlarioja.com.ar\/sitio\/categorias\/locales\/\" rel=\"category tag\">Locales<\/a>","tag_info":"Locales","comment_count":"0","blog_post_layout_featured_media_urls":{"thumbnail":["https:\/\/laredlarioja.com.ar\/sitio\/wp-content\/uploads\/2025\/05\/olimpiadas-150x150.jpg",150,150,true],"full":["https:\/\/laredlarioja.com.ar\/sitio\/wp-content\/uploads\/2025\/05\/olimpiadas.jpg",1280,853,false]},"categories_names":{"94":{"name":"Locales","link":"https:\/\/laredlarioja.com.ar\/sitio\/categorias\/locales\/"}},"tags_names":[],"comments_number":"0","wpmagazine_modules_lite_featured_media_urls":{"thumbnail":["https:\/\/laredlarioja.com.ar\/sitio\/wp-content\/uploads\/2025\/05\/olimpiadas-150x150.jpg",150,150,true],"cvmm-medium":["https:\/\/laredlarioja.com.ar\/sitio\/wp-content\/uploads\/2025\/05\/olimpiadas-300x300.jpg",300,300,true],"cvmm-medium-plus":["https:\/\/laredlarioja.com.ar\/sitio\/wp-content\/uploads\/2025\/05\/olimpiadas-305x207.jpg",305,207,true],"cvmm-portrait":["https:\/\/laredlarioja.com.ar\/sitio\/wp-content\/uploads\/2025\/05\/olimpiadas-400x600.jpg",400,600,true],"cvmm-medium-square":["https:\/\/laredlarioja.com.ar\/sitio\/wp-content\/uploads\/2025\/05\/olimpiadas-600x600.jpg",600,600,true],"cvmm-large":["https:\/\/laredlarioja.com.ar\/sitio\/wp-content\/uploads\/2025\/05\/olimpiadas-1024x853.jpg",1024,853,true],"cvmm-small":["https:\/\/laredlarioja.com.ar\/sitio\/wp-content\/uploads\/2025\/05\/olimpiadas-130x95.jpg",130,95,true],"full":["https:\/\/laredlarioja.com.ar\/sitio\/wp-content\/uploads\/2025\/05\/olimpiadas.jpg",1280,853,false]},"_links":{"self":[{"href":"https:\/\/laredlarioja.com.ar\/sitio\/wp-json\/wp\/v2\/posts\/62138","targetHints":{"allow":["GET"]}}],"collection":[{"href":"https:\/\/laredlarioja.com.ar\/sitio\/wp-json\/wp\/v2\/posts"}],"about":[{"href":"https:\/\/laredlarioja.com.ar\/sitio\/wp-json\/wp\/v2\/types\/post"}],"author":[{"embeddable":true,"href":"https:\/\/laredlarioja.com.ar\/sitio\/wp-json\/wp\/v2\/users\/7"}],"replies":[{"embeddable":true,"href":"https:\/\/laredlarioja.com.ar\/sitio\/wp-json\/wp\/v2\/comments?post=62138"}],"version-history":[{"count":1,"href":"https:\/\/laredlarioja.com.ar\/sitio\/wp-json\/wp\/v2\/posts\/62138\/revisions"}],"predecessor-version":[{"id":62140,"href":"https:\/\/laredlarioja.com.ar\/sitio\/wp-json\/wp\/v2\/posts\/62138\/revisions\/62140"}],"wp:featuredmedia":[{"embeddable":true,"href":"https:\/\/laredlarioja.com.ar\/sitio\/wp-json\/wp\/v2\/media\/62139"}],"wp:attachment":[{"href":"https:\/\/laredlarioja.com.ar\/sitio\/wp-json\/wp\/v2\/media?parent=62138"}],"wp:term":[{"taxonomy":"category","embeddable":true,"href":"https:\/\/laredlarioja.com.ar\/sitio\/wp-json\/wp\/v2\/categories?post=62138"},{"taxonomy":"post_tag","embeddable":true,"href":"https:\/\/laredlarioja.com.ar\/sitio\/wp-json\/wp\/v2\/tags?post=62138"}],"curies":[{"name":"wp","href":"https:\/\/api.w.org\/{rel}","templated":true}]}}