{"id":62151,"date":"2025-05-21T14:02:25","date_gmt":"2025-05-21T14:02:25","guid":{"rendered":"https:\/\/laredlarioja.com.ar\/sitio\/?p=62151"},"modified":"2025-05-22T15:53:59","modified_gmt":"2025-05-22T15:53:59","slug":"preocupacion-en-villa-union-un-medico-tuvo-que-irse-tras-recibir-amenazas-y-sin-respuestas-del-sistema-de-salud","status":"publish","type":"post","link":"https:\/\/laredlarioja.com.ar\/sitio\/preocupacion-en-villa-union-un-medico-tuvo-que-irse-tras-recibir-amenazas-y-sin-respuestas-del-sistema-de-salud\/","title":{"rendered":"Villa Uni\u00f3n: el m\u00e9dico que denunci\u00f3 despido afirm\u00f3 que recibi\u00f3 amenazas"},"content":{"rendered":"<p data-start=\"361\" data-end=\"895\"><span class=\"_fadeIn_m1hgl_8\">La <\/span><span class=\"_fadeIn_m1hgl_8\">situaci\u00f3n <\/span><span class=\"_fadeIn_m1hgl_8\">sanitaria <\/span><span class=\"_fadeIn_m1hgl_8\">en <\/span><span class=\"_fadeIn_m1hgl_8\">Villa <\/span><span class=\"_fadeIn_m1hgl_8\">Uni\u00f3n, <\/span><span class=\"_fadeIn_m1hgl_8\">cabecera <\/span><span class=\"_fadeIn_m1hgl_8\">del <\/span><span class=\"_fadeIn_m1hgl_8\">departamento <\/span><span class=\"_fadeIn_m1hgl_8\">Coronel <\/span><span class=\"_fadeIn_m1hgl_8\">Felipe <\/span><span class=\"_fadeIn_m1hgl_8\">Varela, <\/span><span class=\"_fadeIn_m1hgl_8\">vuelve <\/span><span class=\"_fadeIn_m1hgl_8\">a <\/span><span class=\"_fadeIn_m1hgl_8\">estar <\/span><span class=\"_fadeIn_m1hgl_8\">en <\/span><span class=\"_fadeIn_m1hgl_8\">el <\/span><span class=\"_fadeIn_m1hgl_8\">centro <\/span><span class=\"_fadeIn_m1hgl_8\">del <\/span><span class=\"_fadeIn_m1hgl_8\">debate <\/span><span class=\"_fadeIn_m1hgl_8\">tras <\/span><span class=\"_fadeIn_m1hgl_8\">la <\/span><span class=\"_fadeIn_m1hgl_8\">sorpresiva <\/span><span class=\"_fadeIn_m1hgl_8\">salida <\/span><span class=\"_fadeIn_m1hgl_8\">del <\/span><span class=\"_fadeIn_m1hgl_8\">m\u00e9dico <\/span><span class=\"_fadeIn_m1hgl_8\">Junior <\/span><span class=\"_fadeIn_m1hgl_8\">Dantas, <\/span><span class=\"_fadeIn_m1hgl_8\">quien <\/span><span class=\"_fadeIn_m1hgl_8\">abandon\u00f3 <\/span><span class=\"_fadeIn_m1hgl_8\">no <\/span><span class=\"_fadeIn_m1hgl_8\">solo <\/span><span class=\"_fadeIn_m1hgl_8\">la <\/span><span class=\"_fadeIn_m1hgl_8\">localidad <\/span><span class=\"_fadeIn_m1hgl_8\">sino <\/span><span class=\"_fadeIn_m1hgl_8\">tambi\u00e9n <\/span><span class=\"_fadeIn_m1hgl_8\">la <\/span><span class=\"_fadeIn_m1hgl_8\">provincia <\/span><span class=\"_fadeIn_m1hgl_8\">de <\/span><span class=\"_fadeIn_m1hgl_8\">La <\/span><span class=\"_fadeIn_m1hgl_8\">Rioja. <\/span><span class=\"_fadeIn_m1hgl_8\">Seg\u00fan <\/span><span class=\"_fadeIn_m1hgl_8\">explic\u00f3 <\/span><span class=\"_fadeIn_m1hgl_8\">el <\/span><span class=\"_fadeIn_m1hgl_8\">periodista <\/span><span class=\"_fadeIn_m1hgl_8\">Oscar <\/span><span class=\"_fadeIn_m1hgl_8\">Tejada, <\/span><span class=\"_fadeIn_m1hgl_8\">Dantas <\/span><span class=\"_fadeIn_m1hgl_8\">dej\u00f3 <\/span><span class=\"_fadeIn_m1hgl_8\">Villa <\/span><span class=\"_fadeIn_m1hgl_8\">Uni\u00f3n <\/span><span class=\"_fadeIn_m1hgl_8\">luego <\/span><span class=\"_fadeIn_m1hgl_8\">de <\/span><span class=\"_fadeIn_m1hgl_8\">denunciar \u2014<\/span><span class=\"_fadeIn_m1hgl_8\">a <\/span><span class=\"_fadeIn_m1hgl_8\">trav\u00e9s <\/span><span class=\"_fadeIn_m1hgl_8\">de <\/span><span class=\"_fadeIn_m1hgl_8\">un <\/span><span class=\"_fadeIn_m1hgl_8\">video <\/span><span class=\"_fadeIn_m1hgl_8\">y <\/span><span class=\"_fadeIn_m1hgl_8\">un <\/span><span class=\"_fadeIn_m1hgl_8\">escrito\u2014 <\/span><strong><span class=\"_fadeIn_m1hgl_8\">que <\/span><span class=\"_fadeIn_m1hgl_8\">hab\u00eda <\/span><span class=\"_fadeIn_m1hgl_8\">recibido <\/span><span class=\"_fadeIn_m1hgl_8\">amenazas <\/span><span class=\"_fadeIn_m1hgl_8\">y <\/span><span class=\"_fadeIn_m1hgl_8\">que <\/span><span class=\"_fadeIn_m1hgl_8\">desde <\/span><span class=\"_fadeIn_m1hgl_8\">el <\/span><a href=\"https:\/\/laredlarioja.com.ar\/sitio\/gonzalo-calvo-sobre-el-trabajador-del-hospital-de-villa-union-nunca-existio-una-denuncia-formal-ni-un-despido\/\"><span class=\"_fadeIn_m1hgl_8\">Ministerio <\/span><span class=\"_fadeIn_m1hgl_8\">de <\/span><\/a><\/strong><span class=\"_fadeIn_m1hgl_8\"><strong>Salud<\/strong> <\/span><span class=\"_fadeIn_m1hgl_8\">se <\/span><span class=\"_fadeIn_m1hgl_8\">le <\/span><span class=\"_fadeIn_m1hgl_8\">habr\u00eda <\/span><span class=\"_fadeIn_m1hgl_8\">anticipado <\/span><span class=\"_fadeIn_m1hgl_8\">que <\/span><span class=\"_fadeIn_m1hgl_8\">no <\/span><span class=\"_fadeIn_m1hgl_8\">podr\u00eda <\/span><span class=\"_fadeIn_m1hgl_8\">ejercer <\/span><span class=\"_fadeIn_m1hgl_8\">en <\/span><span class=\"_fadeIn_m1hgl_8\">ning\u00fan <\/span><span class=\"_fadeIn_m1hgl_8\">establecimiento <\/span><span class=\"_fadeIn_m1hgl_8\">p\u00fablico <\/span><span class=\"_fadeIn_m1hgl_8\">de <\/span><span class=\"_fadeIn_m1hgl_8\">la <\/span><span class=\"_fadeIn_m1hgl_8\">provincia.<\/span><\/p>\n<p data-start=\"897\" data-end=\"1252\"><span class=\"_fadeIn_m1hgl_8\">\u201c<\/span><strong><span class=\"_fadeIn_m1hgl_8\">El <\/span><span class=\"_fadeIn_m1hgl_8\">doctor <\/span><span class=\"_fadeIn_m1hgl_8\">Dantas <\/span><span class=\"_fadeIn_m1hgl_8\">tuvo <\/span><span class=\"_fadeIn_m1hgl_8\">que <\/span><span class=\"_fadeIn_m1hgl_8\">irse. <\/span><span class=\"_fadeIn_m1hgl_8\">Lo <\/span><span class=\"_fadeIn_m1hgl_8\">comunic\u00f3 <\/span><span class=\"_fadeIn_m1hgl_8\">en <\/span><span class=\"_fadeIn_m1hgl_8\">un <\/span><span class=\"_fadeIn_m1hgl_8\">video <\/span><span class=\"_fadeIn_m1hgl_8\">donde <\/span><span class=\"_fadeIn_m1hgl_8\">agradece <\/span><span class=\"_fadeIn_m1hgl_8\">a <\/span><span class=\"_fadeIn_m1hgl_8\">los <\/span><span class=\"_fadeIn_m1hgl_8\">pocos <\/span><span class=\"_fadeIn_m1hgl_8\">medios <\/span><span class=\"_fadeIn_m1hgl_8\">que <\/span><span class=\"_fadeIn_m1hgl_8\">le <\/span><span class=\"_fadeIn_m1hgl_8\">dimos <\/span><span class=\"_fadeIn_m1hgl_8\">voz <\/span><span class=\"_fadeIn_m1hgl_8\">y <\/span><span class=\"_fadeIn_m1hgl_8\">tambi\u00e9n <\/span><span class=\"_fadeIn_m1hgl_8\">denunci\u00f3 <\/span><span class=\"_fadeIn_m1hgl_8\">amenazas <\/span><span class=\"_fadeIn_m1hgl_8\">que, <\/span><span class=\"_fadeIn_m1hgl_8\">seg\u00fan <\/span><span class=\"_fadeIn_m1hgl_8\">dijo, <\/span><span class=\"_fadeIn_m1hgl_8\">recibi\u00f3 <\/span><span class=\"_fadeIn_m1hgl_8\">mientras <\/span><span class=\"_fadeIn_m1hgl_8\">trabajaba <\/span><span class=\"_fadeIn_m1hgl_8\">en <\/span><span class=\"_fadeIn_m1hgl_8\">la <\/span><\/strong><span class=\"_fadeIn_m1hgl_8\"><strong>ciudad<\/strong>\u201d, <\/span><span class=\"_fadeIn_m1hgl_8\">explic\u00f3 <\/span><span class=\"_fadeIn_m1hgl_8\">Tejada en dialogo con <strong>Radio La Red La Rioja<\/strong>. <\/span><span class=\"_fadeIn_m1hgl_8\">Si <\/span><span class=\"_fadeIn_m1hgl_8\">bien <\/span><span class=\"_fadeIn_m1hgl_8\">el <\/span><span class=\"_fadeIn_m1hgl_8\">profesional <\/span><span class=\"_fadeIn_m1hgl_8\">no <\/span><span class=\"_fadeIn_m1hgl_8\">habr\u00eda <\/span><span class=\"_fadeIn_m1hgl_8\">detallado <\/span><span class=\"_fadeIn_m1hgl_8\">el <\/span><span class=\"_fadeIn_m1hgl_8\">origen <\/span><span class=\"_fadeIn_m1hgl_8\">o <\/span><span class=\"_fadeIn_m1hgl_8\">contenido <\/span><span class=\"_fadeIn_m1hgl_8\">de <\/span><span class=\"_fadeIn_m1hgl_8\">esas <\/span><span class=\"_fadeIn_m1hgl_8\">amenazas, <\/span><span class=\"_fadeIn_m1hgl_8\">s\u00ed <\/span><span class=\"_fadeIn_m1hgl_8\">se\u00f1al\u00f3 <\/span><span class=\"_fadeIn_m1hgl_8\">haber <\/span><span class=\"_fadeIn_m1hgl_8\">recibido <\/span><span class=\"_fadeIn_m1hgl_8\">llamados <\/span><span class=\"_fadeIn_m1hgl_8\">telef\u00f3nicos <\/span><span class=\"_fadeIn_m1hgl_8\">intimidatorios.<\/span><\/p>\n<p data-start=\"1254\" data-end=\"1508\"><span class=\"_fadeIn_m1hgl_8\">Tejada <\/span><span class=\"_fadeIn_m1hgl_8\">aclar\u00f3 <\/span><span class=\"_fadeIn_m1hgl_8\">que <\/span><span class=\"_fadeIn_m1hgl_8\">desde <\/span><span class=\"_fadeIn_m1hgl_8\">el <\/span><span class=\"_fadeIn_m1hgl_8\">periodismo <\/span><span class=\"_fadeIn_m1hgl_8\">local <\/span><span class=\"_fadeIn_m1hgl_8\">solo <\/span><span class=\"_fadeIn_m1hgl_8\">intentaron <\/span><span class=\"_fadeIn_m1hgl_8\">brindar <\/span><span class=\"_fadeIn_m1hgl_8\">espacio <\/span><span class=\"_fadeIn_m1hgl_8\">a <\/span><span class=\"_fadeIn_m1hgl_8\">todas <\/span><span class=\"_fadeIn_m1hgl_8\">las <\/span><span class=\"_fadeIn_m1hgl_8\">voces <\/span><span class=\"_fadeIn_m1hgl_8\">y <\/span><span class=\"_fadeIn_m1hgl_8\">no <\/span><span class=\"_fadeIn_m1hgl_8\">tomar <\/span><span class=\"_fadeIn_m1hgl_8\">partido: <strong>\u201c<\/strong><\/span><strong><span class=\"_fadeIn_m1hgl_8\">Nosotros <\/span><span class=\"_fadeIn_m1hgl_8\">solo <\/span><span class=\"_fadeIn_m1hgl_8\">le <\/span><span class=\"_fadeIn_m1hgl_8\">pusimos <\/span><span class=\"_fadeIn_m1hgl_8\">el <\/span><span class=\"_fadeIn_m1hgl_8\">micr\u00f3fono <\/span><span class=\"_fadeIn_m1hgl_8\">para <\/span><span class=\"_fadeIn_m1hgl_8\">que <\/span><span class=\"_fadeIn_m1hgl_8\">pudiera <\/span><span class=\"_fadeIn_m1hgl_8\">expresarse. <\/span><span class=\"_fadeIn_m1hgl_8\">No <\/span><span class=\"_fadeIn_m1hgl_8\">se <\/span><span class=\"_fadeIn_m1hgl_8\">habl\u00f3 <\/span><span class=\"_fadeIn_m1hgl_8\">mal <\/span><span class=\"_fadeIn_m1hgl_8\">de <\/span><span class=\"_fadeIn_m1hgl_8\">nadie, <\/span><span class=\"_fadeIn_m1hgl_8\">solo <\/span><span class=\"_fadeIn_m1hgl_8\">se <\/span><span class=\"_fadeIn_m1hgl_8\">busc\u00f3 <\/span><span class=\"_fadeIn_m1hgl_8\">reflejar <\/span><span class=\"_fadeIn_m1hgl_8\">lo <\/span><span class=\"_fadeIn_m1hgl_8\">que <\/span><span class=\"_fadeIn_m1hgl_8\">estaba <\/span><span class=\"_fadeIn_m1hgl_8\">pasando\u201d.<\/span><\/strong><\/p>\n<p data-start=\"1973\" data-end=\"2398\"><span class=\"_fadeIn_m1hgl_8\">Seg\u00fan <\/span><span class=\"_fadeIn_m1hgl_8\">explic\u00f3 <\/span><span class=\"_fadeIn_m1hgl_8\">Tejada, <\/span><span class=\"_fadeIn_m1hgl_8\">el <\/span><span class=\"_fadeIn_m1hgl_8\">m\u00e9dico <\/span><span class=\"_fadeIn_m1hgl_8\">brasile\u00f1o <\/span><span class=\"_fadeIn_m1hgl_8\">sostuvo <\/span><span class=\"_fadeIn_m1hgl_8\">que <\/span><span class=\"_fadeIn_m1hgl_8\">hab\u00eda <\/span><span class=\"_fadeIn_m1hgl_8\">un <\/span><span class=\"_fadeIn_m1hgl_8\">compromiso <\/span><span class=\"_fadeIn_m1hgl_8\">de <\/span><span class=\"_fadeIn_m1hgl_8\">palabra <\/span><span class=\"_fadeIn_m1hgl_8\">para <\/span><span class=\"_fadeIn_m1hgl_8\">trabajar <\/span><span class=\"_fadeIn_m1hgl_8\">en <\/span><span class=\"_fadeIn_m1hgl_8\">Villa <\/span><span class=\"_fadeIn_m1hgl_8\">Uni\u00f3n <\/span><span class=\"_fadeIn_m1hgl_8\">y <\/span><span class=\"_fadeIn_m1hgl_8\">que <\/span><span class=\"_fadeIn_m1hgl_8\">incluso <\/span><span class=\"_fadeIn_m1hgl_8\">exist\u00edan <\/span><span class=\"_fadeIn_m1hgl_8\">mensajes <\/span><span class=\"_fadeIn_m1hgl_8\">de <\/span><span class=\"_fadeIn_m1hgl_8\">texto <\/span><span class=\"_fadeIn_m1hgl_8\">con <\/span><span class=\"_fadeIn_m1hgl_8\">autoridades <\/span><span class=\"_fadeIn_m1hgl_8\">de <\/span><span class=\"_fadeIn_m1hgl_8\">Salud <\/span><span class=\"_fadeIn_m1hgl_8\">donde <\/span><span class=\"_fadeIn_m1hgl_8\">se <\/span><span class=\"_fadeIn_m1hgl_8\">le <\/span><span class=\"_fadeIn_m1hgl_8\">informaba <\/span><span class=\"_fadeIn_m1hgl_8\">cu\u00e1ndo <\/span><span class=\"_fadeIn_m1hgl_8\">se <\/span><span class=\"_fadeIn_m1hgl_8\">le <\/span><span class=\"_fadeIn_m1hgl_8\">pagar\u00edan <\/span><span class=\"_fadeIn_m1hgl_8\">las <\/span><span class=\"_fadeIn_m1hgl_8\">guardias. \u201c<\/span><strong><span class=\"_fadeIn_m1hgl_8\">\u00c9l <\/span><span class=\"_fadeIn_m1hgl_8\">vino <\/span><span class=\"_fadeIn_m1hgl_8\">con <\/span><span class=\"_fadeIn_m1hgl_8\">la <\/span><span class=\"_fadeIn_m1hgl_8\">expectativa <\/span><span class=\"_fadeIn_m1hgl_8\">de <\/span><span class=\"_fadeIn_m1hgl_8\">quedarse, <\/span><span class=\"_fadeIn_m1hgl_8\">de <\/span><span class=\"_fadeIn_m1hgl_8\">traer <\/span><span class=\"_fadeIn_m1hgl_8\">a <\/span><span class=\"_fadeIn_m1hgl_8\">su <\/span><span class=\"_fadeIn_m1hgl_8\">familia <\/span><span class=\"_fadeIn_m1hgl_8\">y <\/span><span class=\"_fadeIn_m1hgl_8\">radicarse, <\/span><span class=\"_fadeIn_m1hgl_8\">pero <\/span><span class=\"_fadeIn_m1hgl_8\">termin\u00f3 <\/span><span class=\"_fadeIn_m1hgl_8\">y\u00e9ndose <\/span><span class=\"_fadeIn_m1hgl_8\">por <\/span><span class=\"_fadeIn_m1hgl_8\">la <\/span><span class=\"_fadeIn_m1hgl_8\">puerta <\/span><span class=\"_fadeIn_m1hgl_8\">de <\/span><span class=\"_fadeIn_m1hgl_8\">atr\u00e1s. <\/span><span class=\"_fadeIn_m1hgl_8\">Y <\/span><span class=\"_fadeIn_m1hgl_8\">eso <\/span><span class=\"_fadeIn_m1hgl_8\">lo <\/span><span class=\"_fadeIn_m1hgl_8\">lamenta <\/span><span class=\"_fadeIn_m1hgl_8\">gran <\/span><span class=\"_fadeIn_m1hgl_8\">parte <\/span><span class=\"_fadeIn_m1hgl_8\">de <\/span><span class=\"_fadeIn_m1hgl_8\">la <\/span><\/strong><span class=\"_fadeIn_m1hgl_8\"><strong>comunidad<\/strong>\u201d, <\/span><span class=\"_fadeIn_m1hgl_8\">agreg\u00f3.<\/span><\/p>\n<p data-start=\"2400\" data-end=\"2866\"><span class=\"_fadeIn_m1hgl_8\">La <\/span><span class=\"_fadeIn_m1hgl_8\">situaci\u00f3n <\/span><span class=\"_fadeIn_m1hgl_8\">del <\/span><span class=\"_fadeIn_m1hgl_8\">hospital <\/span><span class=\"_fadeIn_m1hgl_8\">zonal <\/span><span class=\"_fadeIn_m1hgl_8\">Dr. <\/span><span class=\"_fadeIn_m1hgl_8\">Salom\u00f3n <\/span><span class=\"_fadeIn_m1hgl_8\">Neira <\/span><span class=\"_fadeIn_m1hgl_8\">no <\/span><span class=\"_fadeIn_m1hgl_8\">es <\/span><span class=\"_fadeIn_m1hgl_8\">nueva. <\/span><span class=\"_fadeIn_m1hgl_8\">Seg\u00fan <\/span><span class=\"_fadeIn_m1hgl_8\">describi\u00f3 <\/span><span class=\"_fadeIn_m1hgl_8\">el <\/span><span class=\"_fadeIn_m1hgl_8\">periodista, <\/span><span class=\"_fadeIn_m1hgl_8\">el <\/span><span class=\"_fadeIn_m1hgl_8\">establecimiento <\/span><span class=\"_fadeIn_m1hgl_8\">funciona <\/span><strong><span class=\"_fadeIn_m1hgl_8\">con <\/span><span class=\"_fadeIn_m1hgl_8\">solo <\/span><span class=\"_fadeIn_m1hgl_8\">tres <\/span><span class=\"_fadeIn_m1hgl_8\">m\u00e9dicos <\/span><\/strong><span class=\"_fadeIn_m1hgl_8\">para <\/span><span class=\"_fadeIn_m1hgl_8\">cubrir <\/span><span class=\"_fadeIn_m1hgl_8\">todas <\/span><span class=\"_fadeIn_m1hgl_8\">las <\/span><span class=\"_fadeIn_m1hgl_8\">guardias, <\/span><span class=\"_fadeIn_m1hgl_8\">y <\/span><span class=\"_fadeIn_m1hgl_8\">muchos <\/span><span class=\"_fadeIn_m1hgl_8\">servicios <\/span><span class=\"_fadeIn_m1hgl_8\">que <\/span><span class=\"_fadeIn_m1hgl_8\">antes <\/span><span class=\"_fadeIn_m1hgl_8\">se <\/span><span class=\"_fadeIn_m1hgl_8\">prestaban \u2014<\/span><span class=\"_fadeIn_m1hgl_8\">como <\/span><span class=\"_fadeIn_m1hgl_8\">cirug\u00edas <\/span><span class=\"_fadeIn_m1hgl_8\">o <\/span><span class=\"_fadeIn_m1hgl_8\">partos\u2014 <\/span><strong><span class=\"_fadeIn_m1hgl_8\">ya <\/span><span class=\"_fadeIn_m1hgl_8\">no <\/span><span class=\"_fadeIn_m1hgl_8\">se <\/span><\/strong><span class=\"_fadeIn_m1hgl_8\"><strong>realizan.<\/strong> \u201c<\/span><span class=\"_fadeIn_m1hgl_8\">Antes <\/span><span class=\"_fadeIn_m1hgl_8\">ac\u00e1 <\/span><span class=\"_fadeIn_m1hgl_8\">se <\/span><span class=\"_fadeIn_m1hgl_8\">hac\u00edan <\/span><span class=\"_fadeIn_m1hgl_8\">operaciones <\/span><span class=\"_fadeIn_m1hgl_8\">de <\/span><span class=\"_fadeIn_m1hgl_8\">ves\u00edcula, <\/span><span class=\"_fadeIn_m1hgl_8\">se <\/span><span class=\"_fadeIn_m1hgl_8\">recib\u00edan <\/span><span class=\"_fadeIn_m1hgl_8\">partos. <\/span><span class=\"_fadeIn_m1hgl_8\">Hoy <\/span><span class=\"_fadeIn_m1hgl_8\">todo <\/span><span class=\"_fadeIn_m1hgl_8\">eso <\/span><span class=\"_fadeIn_m1hgl_8\">se <\/span><span class=\"_fadeIn_m1hgl_8\">deriva <\/span><span class=\"_fadeIn_m1hgl_8\">a <\/span><span class=\"_fadeIn_m1hgl_8\">Chilecito <\/span><span class=\"_fadeIn_m1hgl_8\">o <\/span><span class=\"_fadeIn_m1hgl_8\">a <\/span><span class=\"_fadeIn_m1hgl_8\">la <\/span><span class=\"_fadeIn_m1hgl_8\">capital, <\/span><span class=\"_fadeIn_m1hgl_8\">y <\/span><span class=\"_fadeIn_m1hgl_8\">a <\/span><span class=\"_fadeIn_m1hgl_8\">veces <\/span><span class=\"_fadeIn_m1hgl_8\">con <\/span><span class=\"_fadeIn_m1hgl_8\">ambulancias <\/span><span class=\"_fadeIn_m1hgl_8\">que <\/span><span class=\"_fadeIn_m1hgl_8\">no <\/span><span class=\"_fadeIn_m1hgl_8\">est\u00e1n <\/span><span class=\"_fadeIn_m1hgl_8\">equipadas <\/span><span class=\"_fadeIn_m1hgl_8\">para <\/span><span class=\"_fadeIn_m1hgl_8\">esos <\/span><span class=\"_fadeIn_m1hgl_8\">traslados <\/span><span class=\"_fadeIn_m1hgl_8\">largos\u201d, <\/span><span class=\"_fadeIn_m1hgl_8\">denunci\u00f3.<\/span><\/p>\n<p data-start=\"2868\" data-end=\"3248\"><span class=\"_fadeIn_m1hgl_8\">A <\/span><span class=\"_fadeIn_m1hgl_8\">todo <\/span><span class=\"_fadeIn_m1hgl_8\">esto <\/span><span class=\"_fadeIn_m1hgl_8\">se <\/span><span class=\"_fadeIn_m1hgl_8\">suma <\/span><span class=\"_fadeIn_m1hgl_8\">un <\/span><span class=\"_fadeIn_m1hgl_8\">clima <\/span><span class=\"_fadeIn_m1hgl_8\">interno <\/span><span class=\"_fadeIn_m1hgl_8\">complicado. <\/span><span class=\"_fadeIn_m1hgl_8\">\u00a0\u201c<\/span><span class=\"_fadeIn_m1hgl_8\">Muchos <\/span><span class=\"_fadeIn_m1hgl_8\">tienen <\/span><span class=\"_fadeIn_m1hgl_8\">miedo <\/span><span class=\"_fadeIn_m1hgl_8\">de <\/span><span class=\"_fadeIn_m1hgl_8\">hablar. <\/span><span class=\"_fadeIn_m1hgl_8\">Nos <\/span><span class=\"_fadeIn_m1hgl_8\">llaman <\/span><span class=\"_fadeIn_m1hgl_8\">o <\/span><span class=\"_fadeIn_m1hgl_8\">escriben <\/span><span class=\"_fadeIn_m1hgl_8\">para <\/span><span class=\"_fadeIn_m1hgl_8\">decirnos: \u2018<\/span><span class=\"_fadeIn_m1hgl_8\">Cont\u00e1 <\/span><span class=\"_fadeIn_m1hgl_8\">esto, <\/span><span class=\"_fadeIn_m1hgl_8\">pero <\/span><span class=\"_fadeIn_m1hgl_8\">no <\/span><span class=\"_fadeIn_m1hgl_8\">digas <\/span><span class=\"_fadeIn_m1hgl_8\">que <\/span><span class=\"_fadeIn_m1hgl_8\">fui <\/span><span class=\"_fadeIn_m1hgl_8\">yo\u2019. <\/span><span class=\"_fadeIn_m1hgl_8\">Tienen <\/span><span class=\"_fadeIn_m1hgl_8\">miedo <\/span><span class=\"_fadeIn_m1hgl_8\">a <\/span><span class=\"_fadeIn_m1hgl_8\">sanciones\u201d, <\/span><span class=\"_fadeIn_m1hgl_8\">dijo.<\/span><\/p>\n<p data-start=\"2868\" data-end=\"3248\"><span class=\"_fadeIn_m1hgl_8\">\u00a0\u201c<\/span><span class=\"_fadeIn_m1hgl_8\">Mientras <\/span><span class=\"_fadeIn_m1hgl_8\">en <\/span><span class=\"_fadeIn_m1hgl_8\">los <\/span><span class=\"_fadeIn_m1hgl_8\">despachos <\/span><span class=\"_fadeIn_m1hgl_8\">discuten <\/span><span class=\"_fadeIn_m1hgl_8\">si <\/span><span class=\"_fadeIn_m1hgl_8\">hubo <\/span><span class=\"_fadeIn_m1hgl_8\">contrato <\/span><span class=\"_fadeIn_m1hgl_8\">o <\/span><span class=\"_fadeIn_m1hgl_8\">no, <\/span><span class=\"_fadeIn_m1hgl_8\">si <\/span><span class=\"_fadeIn_m1hgl_8\">hubo <\/span><span class=\"_fadeIn_m1hgl_8\">amenazas <\/span><span class=\"_fadeIn_m1hgl_8\">o <\/span><span class=\"_fadeIn_m1hgl_8\">no, <\/span><span class=\"_fadeIn_m1hgl_8\">lo <\/span><span class=\"_fadeIn_m1hgl_8\">cierto <\/span><span class=\"_fadeIn_m1hgl_8\">es <\/span><span class=\"_fadeIn_m1hgl_8\">que <\/span><span class=\"_fadeIn_m1hgl_8\">la <\/span><span class=\"_fadeIn_m1hgl_8\">salud <\/span><span class=\"_fadeIn_m1hgl_8\">en <\/span><span class=\"_fadeIn_m1hgl_8\">el <\/span><span class=\"_fadeIn_m1hgl_8\">oeste <\/span><span class=\"_fadeIn_m1hgl_8\">riojano <\/span><span class=\"_fadeIn_m1hgl_8\">est\u00e1 <\/span><span class=\"_fadeIn_m1hgl_8\">cada <\/span><span class=\"_fadeIn_m1hgl_8\">vez <\/span><span class=\"_fadeIn_m1hgl_8\">m\u00e1s <\/span><span class=\"_fadeIn_m1hgl_8\">fr\u00e1gil. <\/span><span class=\"_fadeIn_m1hgl_8\">Faltan <\/span><span class=\"_fadeIn_m1hgl_8\">m\u00e9dicos, <\/span><span class=\"_fadeIn_m1hgl_8\">faltan <\/span><span class=\"_fadeIn_m1hgl_8\">recursos, <\/span><span class=\"_fadeIn_m1hgl_8\">y <\/span><span class=\"_fadeIn_m1hgl_8\">los <\/span><span class=\"_fadeIn_m1hgl_8\">que <\/span><span class=\"_fadeIn_m1hgl_8\">sufrimos <\/span><span class=\"_fadeIn_m1hgl_8\">todo <\/span><span class=\"_fadeIn_m1hgl_8\">esto <\/span><span class=\"_fadeIn_m1hgl_8\">somos <\/span><span class=\"_fadeIn_m1hgl_8\">los <\/span><span class=\"_fadeIn_m1hgl_8\">vecinos <\/span><span class=\"_fadeIn_m1hgl_8\">que <\/span><span class=\"_fadeIn_m1hgl_8\">necesitamos <\/span><span class=\"_fadeIn_m1hgl_8\">atenci\u00f3n <\/span><span class=\"_fadeIn_m1hgl_8\">y <\/span><span class=\"_fadeIn_m1hgl_8\">no <\/span><span class=\"_fadeIn_m1hgl_8\">sabemos <\/span><span class=\"_fadeIn_m1hgl_8\">si <\/span><span class=\"_fadeIn_m1hgl_8\">habr\u00e1 <\/span><span class=\"_fadeIn_m1hgl_8\">un <\/span><span class=\"_fadeIn_m1hgl_8\">profesional <\/span><span class=\"_fadeIn_m1hgl_8\">disponible <\/span><span class=\"_fadeIn_m1hgl_8\">cuando <\/span><span class=\"_fadeIn_m1hgl_8\">lo <\/span><span class=\"_fadeIn_m1hgl_8\">necesitemos\u201d, sostuvo el periodista.\u00a0<\/span><\/p>\n","protected":false},"excerpt":{"rendered":"<p>La situaci\u00f3n sanitaria en Villa Uni\u00f3n, cabecera del departamento Coronel Felipe Varela, vuelve a estar en el centro<\/p>\n","protected":false},"author":8,"featured_media":33131,"comment_status":"closed","ping_status":"open","sticky":false,"template":"","format":"standard","meta":{"footnotes":""},"categories":[24],"tags":[],"class_list":["post-62151","post","type-post","status-publish","format-standard","has-post-thumbnail","hentry","category-informacion-general"],"yoast_head":"<!-- This site is optimized with the Yoast SEO plugin v27.4 - https:\/\/yoast.com\/product\/yoast-seo-wordpress\/ -->\n<title>Villa Uni\u00f3n: el m\u00e9dico que denunci\u00f3 despido afirm\u00f3 que recibi\u00f3 amenazas - LA RED 88.3 LA RIOJA<\/title>\n<meta name=\"robots\" content=\"index, follow, max-snippet:-1, max-image-preview:large, max-video-preview:-1\" \/>\n<link rel=\"canonical\" href=\"https:\/\/laredlarioja.com.ar\/sitio\/preocupacion-en-villa-union-un-medico-tuvo-que-irse-tras-recibir-amenazas-y-sin-respuestas-del-sistema-de-salud\/\" \/>\n<meta property=\"og:locale\" content=\"es_ES\" \/>\n<meta property=\"og:type\" content=\"article\" \/>\n<meta property=\"og:title\" content=\"Villa Uni\u00f3n: el m\u00e9dico que denunci\u00f3 despido afirm\u00f3 que recibi\u00f3 amenazas - LA RED 88.3 LA RIOJA\" \/>\n<meta property=\"og:description\" content=\"La situaci\u00f3n sanitaria en Villa Uni\u00f3n, cabecera del departamento Coronel Felipe Varela, vuelve a estar en el centro\" \/>\n<meta property=\"og:url\" content=\"https:\/\/laredlarioja.com.ar\/sitio\/preocupacion-en-villa-union-un-medico-tuvo-que-irse-tras-recibir-amenazas-y-sin-respuestas-del-sistema-de-salud\/\" \/>\n<meta property=\"og:site_name\" content=\"LA RED 88.3 LA RIOJA\" \/>\n<meta property=\"article:publisher\" content=\"https:\/\/www.facebook.com\/lared.larioja\" \/>\n<meta property=\"article:published_time\" content=\"2025-05-21T14:02:25+00:00\" \/>\n<meta property=\"article:modified_time\" content=\"2025-05-22T15:53:59+00:00\" \/>\n<meta property=\"og:image\" content=\"https:\/\/laredlarioja.com.ar\/sitio\/wp-content\/uploads\/2023\/07\/villa-union.jpg\" \/>\n\t<meta property=\"og:image:width\" content=\"450\" \/>\n\t<meta property=\"og:image:height\" content=\"450\" \/>\n\t<meta property=\"og:image:type\" content=\"image\/jpeg\" \/>\n<meta name=\"author\" content=\"Mart\u00edn Ruarte\" \/>\n<meta name=\"twitter:card\" content=\"summary_large_image\" \/>\n<meta name=\"twitter:creator\" content=\"@laredlarioja1\" \/>\n<meta name=\"twitter:site\" content=\"@laredlarioja1\" \/>\n<meta name=\"twitter:label1\" content=\"Escrito por\" \/>\n\t<meta name=\"twitter:data1\" content=\"Mart\u00edn Ruarte\" \/>\n\t<meta name=\"twitter:label2\" content=\"Tiempo de lectura\" \/>\n\t<meta name=\"twitter:data2\" content=\"3 minutos\" \/>\n<script type=\"application\/ld+json\" class=\"yoast-schema-graph\">{\"@context\":\"https:\\\/\\\/schema.org\",\"@graph\":[{\"@type\":\"Article\",\"@id\":\"https:\\\/\\\/laredlarioja.com.ar\\\/sitio\\\/preocupacion-en-villa-union-un-medico-tuvo-que-irse-tras-recibir-amenazas-y-sin-respuestas-del-sistema-de-salud\\\/#article\",\"isPartOf\":{\"@id\":\"https:\\\/\\\/laredlarioja.com.ar\\\/sitio\\\/preocupacion-en-villa-union-un-medico-tuvo-que-irse-tras-recibir-amenazas-y-sin-respuestas-del-sistema-de-salud\\\/\"},\"author\":{\"name\":\"Mart\u00edn Ruarte\",\"@id\":\"https:\\\/\\\/laredlarioja.com.ar\\\/sitio\\\/#\\\/schema\\\/person\\\/3b1600cc7f8fd3617dc50f96d3503489\"},\"headline\":\"Villa Uni\u00f3n: el m\u00e9dico que denunci\u00f3 despido afirm\u00f3 que recibi\u00f3 amenazas\",\"datePublished\":\"2025-05-21T14:02:25+00:00\",\"dateModified\":\"2025-05-22T15:53:59+00:00\",\"mainEntityOfPage\":{\"@id\":\"https:\\\/\\\/laredlarioja.com.ar\\\/sitio\\\/preocupacion-en-villa-union-un-medico-tuvo-que-irse-tras-recibir-amenazas-y-sin-respuestas-del-sistema-de-salud\\\/\"},\"wordCount\":491,\"publisher\":{\"@id\":\"https:\\\/\\\/laredlarioja.com.ar\\\/sitio\\\/#organization\"},\"image\":{\"@id\":\"https:\\\/\\\/laredlarioja.com.ar\\\/sitio\\\/preocupacion-en-villa-union-un-medico-tuvo-que-irse-tras-recibir-amenazas-y-sin-respuestas-del-sistema-de-salud\\\/#primaryimage\"},\"thumbnailUrl\":\"https:\\\/\\\/laredlarioja.com.ar\\\/sitio\\\/wp-content\\\/uploads\\\/2023\\\/07\\\/villa-union.jpg\",\"articleSection\":[\"Informaci\u00f3n General\"],\"inLanguage\":\"es\"},{\"@type\":\"WebPage\",\"@id\":\"https:\\\/\\\/laredlarioja.com.ar\\\/sitio\\\/preocupacion-en-villa-union-un-medico-tuvo-que-irse-tras-recibir-amenazas-y-sin-respuestas-del-sistema-de-salud\\\/\",\"url\":\"https:\\\/\\\/laredlarioja.com.ar\\\/sitio\\\/preocupacion-en-villa-union-un-medico-tuvo-que-irse-tras-recibir-amenazas-y-sin-respuestas-del-sistema-de-salud\\\/\",\"name\":\"Villa Uni\u00f3n: el m\u00e9dico que denunci\u00f3 despido afirm\u00f3 que recibi\u00f3 amenazas - LA RED 88.3 LA RIOJA\",\"isPartOf\":{\"@id\":\"https:\\\/\\\/laredlarioja.com.ar\\\/sitio\\\/#website\"},\"primaryImageOfPage\":{\"@id\":\"https:\\\/\\\/laredlarioja.com.ar\\\/sitio\\\/preocupacion-en-villa-union-un-medico-tuvo-que-irse-tras-recibir-amenazas-y-sin-respuestas-del-sistema-de-salud\\\/#primaryimage\"},\"image\":{\"@id\":\"https:\\\/\\\/laredlarioja.com.ar\\\/sitio\\\/preocupacion-en-villa-union-un-medico-tuvo-que-irse-tras-recibir-amenazas-y-sin-respuestas-del-sistema-de-salud\\\/#primaryimage\"},\"thumbnailUrl\":\"https:\\\/\\\/laredlarioja.com.ar\\\/sitio\\\/wp-content\\\/uploads\\\/2023\\\/07\\\/villa-union.jpg\",\"datePublished\":\"2025-05-21T14:02:25+00:00\",\"dateModified\":\"2025-05-22T15:53:59+00:00\",\"breadcrumb\":{\"@id\":\"https:\\\/\\\/laredlarioja.com.ar\\\/sitio\\\/preocupacion-en-villa-union-un-medico-tuvo-que-irse-tras-recibir-amenazas-y-sin-respuestas-del-sistema-de-salud\\\/#breadcrumb\"},\"inLanguage\":\"es\",\"potentialAction\":[{\"@type\":\"ReadAction\",\"target\":[\"https:\\\/\\\/laredlarioja.com.ar\\\/sitio\\\/preocupacion-en-villa-union-un-medico-tuvo-que-irse-tras-recibir-amenazas-y-sin-respuestas-del-sistema-de-salud\\\/\"]}]},{\"@type\":\"ImageObject\",\"inLanguage\":\"es\",\"@id\":\"https:\\\/\\\/laredlarioja.com.ar\\\/sitio\\\/preocupacion-en-villa-union-un-medico-tuvo-que-irse-tras-recibir-amenazas-y-sin-respuestas-del-sistema-de-salud\\\/#primaryimage\",\"url\":\"https:\\\/\\\/laredlarioja.com.ar\\\/sitio\\\/wp-content\\\/uploads\\\/2023\\\/07\\\/villa-union.jpg\",\"contentUrl\":\"https:\\\/\\\/laredlarioja.com.ar\\\/sitio\\\/wp-content\\\/uploads\\\/2023\\\/07\\\/villa-union.jpg\",\"width\":450,\"height\":450},{\"@type\":\"BreadcrumbList\",\"@id\":\"https:\\\/\\\/laredlarioja.com.ar\\\/sitio\\\/preocupacion-en-villa-union-un-medico-tuvo-que-irse-tras-recibir-amenazas-y-sin-respuestas-del-sistema-de-salud\\\/#breadcrumb\",\"itemListElement\":[{\"@type\":\"ListItem\",\"position\":1,\"name\":\"Portada\",\"item\":\"https:\\\/\\\/laredlarioja.com.ar\\\/sitio\\\/\"},{\"@type\":\"ListItem\",\"position\":2,\"name\":\"Villa Uni\u00f3n: el m\u00e9dico que denunci\u00f3 despido afirm\u00f3 que recibi\u00f3 amenazas\"}]},{\"@type\":\"WebSite\",\"@id\":\"https:\\\/\\\/laredlarioja.com.ar\\\/sitio\\\/#website\",\"url\":\"https:\\\/\\\/laredlarioja.com.ar\\\/sitio\\\/\",\"name\":\"LA RED 88.3 LA RIOJA\",\"description\":\"Sitio de Noticias\",\"publisher\":{\"@id\":\"https:\\\/\\\/laredlarioja.com.ar\\\/sitio\\\/#organization\"},\"potentialAction\":[{\"@type\":\"SearchAction\",\"target\":{\"@type\":\"EntryPoint\",\"urlTemplate\":\"https:\\\/\\\/laredlarioja.com.ar\\\/sitio\\\/?s={search_term_string}\"},\"query-input\":{\"@type\":\"PropertyValueSpecification\",\"valueRequired\":true,\"valueName\":\"search_term_string\"}}],\"inLanguage\":\"es\"},{\"@type\":\"Organization\",\"@id\":\"https:\\\/\\\/laredlarioja.com.ar\\\/sitio\\\/#organization\",\"name\":\"LA RED 88.3 LA RIOJA\",\"url\":\"https:\\\/\\\/laredlarioja.com.ar\\\/sitio\\\/\",\"logo\":{\"@type\":\"ImageObject\",\"inLanguage\":\"es\",\"@id\":\"https:\\\/\\\/laredlarioja.com.ar\\\/sitio\\\/#\\\/schema\\\/logo\\\/image\\\/\",\"url\":\"https:\\\/\\\/laredlarioja.com.ar\\\/sitio\\\/wp-content\\\/uploads\\\/2025\\\/05\\\/LOGO-LA-RED.png\",\"contentUrl\":\"https:\\\/\\\/laredlarioja.com.ar\\\/sitio\\\/wp-content\\\/uploads\\\/2025\\\/05\\\/LOGO-LA-RED.png\",\"width\":193,\"height\":340,\"caption\":\"LA RED 88.3 LA RIOJA\"},\"image\":{\"@id\":\"https:\\\/\\\/laredlarioja.com.ar\\\/sitio\\\/#\\\/schema\\\/logo\\\/image\\\/\"},\"sameAs\":[\"https:\\\/\\\/www.facebook.com\\\/lared.larioja\",\"https:\\\/\\\/x.com\\\/laredlarioja1\",\"https:\\\/\\\/www.instagram.com\\\/lared_larioja\\\/\"]},{\"@type\":\"Person\",\"@id\":\"https:\\\/\\\/laredlarioja.com.ar\\\/sitio\\\/#\\\/schema\\\/person\\\/3b1600cc7f8fd3617dc50f96d3503489\",\"name\":\"Mart\u00edn Ruarte\",\"url\":\"https:\\\/\\\/laredlarioja.com.ar\\\/sitio\\\/author\\\/mruarte\\\/\"}]}<\/script>\n<!-- \/ Yoast SEO plugin. -->","yoast_head_json":{"title":"Villa Uni\u00f3n: el m\u00e9dico que denunci\u00f3 despido afirm\u00f3 que recibi\u00f3 amenazas - LA RED 88.3 LA RIOJA","robots":{"index":"index","follow":"follow","max-snippet":"max-snippet:-1","max-image-preview":"max-image-preview:large","max-video-preview":"max-video-preview:-1"},"canonical":"https:\/\/laredlarioja.com.ar\/sitio\/preocupacion-en-villa-union-un-medico-tuvo-que-irse-tras-recibir-amenazas-y-sin-respuestas-del-sistema-de-salud\/","og_locale":"es_ES","og_type":"article","og_title":"Villa Uni\u00f3n: el m\u00e9dico que denunci\u00f3 despido afirm\u00f3 que recibi\u00f3 amenazas - LA RED 88.3 LA RIOJA","og_description":"La situaci\u00f3n sanitaria en Villa Uni\u00f3n, cabecera del departamento Coronel Felipe Varela, vuelve a estar en el centro","og_url":"https:\/\/laredlarioja.com.ar\/sitio\/preocupacion-en-villa-union-un-medico-tuvo-que-irse-tras-recibir-amenazas-y-sin-respuestas-del-sistema-de-salud\/","og_site_name":"LA RED 88.3 LA RIOJA","article_publisher":"https:\/\/www.facebook.com\/lared.larioja","article_published_time":"2025-05-21T14:02:25+00:00","article_modified_time":"2025-05-22T15:53:59+00:00","og_image":[{"width":450,"height":450,"url":"https:\/\/laredlarioja.com.ar\/sitio\/wp-content\/uploads\/2023\/07\/villa-union.jpg","type":"image\/jpeg"}],"author":"Mart\u00edn Ruarte","twitter_card":"summary_large_image","twitter_creator":"@laredlarioja1","twitter_site":"@laredlarioja1","twitter_misc":{"Escrito por":"Mart\u00edn Ruarte","Tiempo de lectura":"3 minutos"},"schema":{"@context":"https:\/\/schema.org","@graph":[{"@type":"Article","@id":"https:\/\/laredlarioja.com.ar\/sitio\/preocupacion-en-villa-union-un-medico-tuvo-que-irse-tras-recibir-amenazas-y-sin-respuestas-del-sistema-de-salud\/#article","isPartOf":{"@id":"https:\/\/laredlarioja.com.ar\/sitio\/preocupacion-en-villa-union-un-medico-tuvo-que-irse-tras-recibir-amenazas-y-sin-respuestas-del-sistema-de-salud\/"},"author":{"name":"Mart\u00edn Ruarte","@id":"https:\/\/laredlarioja.com.ar\/sitio\/#\/schema\/person\/3b1600cc7f8fd3617dc50f96d3503489"},"headline":"Villa Uni\u00f3n: el m\u00e9dico que denunci\u00f3 despido afirm\u00f3 que recibi\u00f3 amenazas","datePublished":"2025-05-21T14:02:25+00:00","dateModified":"2025-05-22T15:53:59+00:00","mainEntityOfPage":{"@id":"https:\/\/laredlarioja.com.ar\/sitio\/preocupacion-en-villa-union-un-medico-tuvo-que-irse-tras-recibir-amenazas-y-sin-respuestas-del-sistema-de-salud\/"},"wordCount":491,"publisher":{"@id":"https:\/\/laredlarioja.com.ar\/sitio\/#organization"},"image":{"@id":"https:\/\/laredlarioja.com.ar\/sitio\/preocupacion-en-villa-union-un-medico-tuvo-que-irse-tras-recibir-amenazas-y-sin-respuestas-del-sistema-de-salud\/#primaryimage"},"thumbnailUrl":"https:\/\/laredlarioja.com.ar\/sitio\/wp-content\/uploads\/2023\/07\/villa-union.jpg","articleSection":["Informaci\u00f3n General"],"inLanguage":"es"},{"@type":"WebPage","@id":"https:\/\/laredlarioja.com.ar\/sitio\/preocupacion-en-villa-union-un-medico-tuvo-que-irse-tras-recibir-amenazas-y-sin-respuestas-del-sistema-de-salud\/","url":"https:\/\/laredlarioja.com.ar\/sitio\/preocupacion-en-villa-union-un-medico-tuvo-que-irse-tras-recibir-amenazas-y-sin-respuestas-del-sistema-de-salud\/","name":"Villa Uni\u00f3n: el m\u00e9dico que denunci\u00f3 despido afirm\u00f3 que recibi\u00f3 amenazas - LA RED 88.3 LA RIOJA","isPartOf":{"@id":"https:\/\/laredlarioja.com.ar\/sitio\/#website"},"primaryImageOfPage":{"@id":"https:\/\/laredlarioja.com.ar\/sitio\/preocupacion-en-villa-union-un-medico-tuvo-que-irse-tras-recibir-amenazas-y-sin-respuestas-del-sistema-de-salud\/#primaryimage"},"image":{"@id":"https:\/\/laredlarioja.com.ar\/sitio\/preocupacion-en-villa-union-un-medico-tuvo-que-irse-tras-recibir-amenazas-y-sin-respuestas-del-sistema-de-salud\/#primaryimage"},"thumbnailUrl":"https:\/\/laredlarioja.com.ar\/sitio\/wp-content\/uploads\/2023\/07\/villa-union.jpg","datePublished":"2025-05-21T14:02:25+00:00","dateModified":"2025-05-22T15:53:59+00:00","breadcrumb":{"@id":"https:\/\/laredlarioja.com.ar\/sitio\/preocupacion-en-villa-union-un-medico-tuvo-que-irse-tras-recibir-amenazas-y-sin-respuestas-del-sistema-de-salud\/#breadcrumb"},"inLanguage":"es","potentialAction":[{"@type":"ReadAction","target":["https:\/\/laredlarioja.com.ar\/sitio\/preocupacion-en-villa-union-un-medico-tuvo-que-irse-tras-recibir-amenazas-y-sin-respuestas-del-sistema-de-salud\/"]}]},{"@type":"ImageObject","inLanguage":"es","@id":"https:\/\/laredlarioja.com.ar\/sitio\/preocupacion-en-villa-union-un-medico-tuvo-que-irse-tras-recibir-amenazas-y-sin-respuestas-del-sistema-de-salud\/#primaryimage","url":"https:\/\/laredlarioja.com.ar\/sitio\/wp-content\/uploads\/2023\/07\/villa-union.jpg","contentUrl":"https:\/\/laredlarioja.com.ar\/sitio\/wp-content\/uploads\/2023\/07\/villa-union.jpg","width":450,"height":450},{"@type":"BreadcrumbList","@id":"https:\/\/laredlarioja.com.ar\/sitio\/preocupacion-en-villa-union-un-medico-tuvo-que-irse-tras-recibir-amenazas-y-sin-respuestas-del-sistema-de-salud\/#breadcrumb","itemListElement":[{"@type":"ListItem","position":1,"name":"Portada","item":"https:\/\/laredlarioja.com.ar\/sitio\/"},{"@type":"ListItem","position":2,"name":"Villa Uni\u00f3n: el m\u00e9dico que denunci\u00f3 despido afirm\u00f3 que recibi\u00f3 amenazas"}]},{"@type":"WebSite","@id":"https:\/\/laredlarioja.com.ar\/sitio\/#website","url":"https:\/\/laredlarioja.com.ar\/sitio\/","name":"LA RED 88.3 LA RIOJA","description":"Sitio de Noticias","publisher":{"@id":"https:\/\/laredlarioja.com.ar\/sitio\/#organization"},"potentialAction":[{"@type":"SearchAction","target":{"@type":"EntryPoint","urlTemplate":"https:\/\/laredlarioja.com.ar\/sitio\/?s={search_term_string}"},"query-input":{"@type":"PropertyValueSpecification","valueRequired":true,"valueName":"search_term_string"}}],"inLanguage":"es"},{"@type":"Organization","@id":"https:\/\/laredlarioja.com.ar\/sitio\/#organization","name":"LA RED 88.3 LA RIOJA","url":"https:\/\/laredlarioja.com.ar\/sitio\/","logo":{"@type":"ImageObject","inLanguage":"es","@id":"https:\/\/laredlarioja.com.ar\/sitio\/#\/schema\/logo\/image\/","url":"https:\/\/laredlarioja.com.ar\/sitio\/wp-content\/uploads\/2025\/05\/LOGO-LA-RED.png","contentUrl":"https:\/\/laredlarioja.com.ar\/sitio\/wp-content\/uploads\/2025\/05\/LOGO-LA-RED.png","width":193,"height":340,"caption":"LA RED 88.3 LA RIOJA"},"image":{"@id":"https:\/\/laredlarioja.com.ar\/sitio\/#\/schema\/logo\/image\/"},"sameAs":["https:\/\/www.facebook.com\/lared.larioja","https:\/\/x.com\/laredlarioja1","https:\/\/www.instagram.com\/lared_larioja\/"]},{"@type":"Person","@id":"https:\/\/laredlarioja.com.ar\/sitio\/#\/schema\/person\/3b1600cc7f8fd3617dc50f96d3503489","name":"Mart\u00edn Ruarte","url":"https:\/\/laredlarioja.com.ar\/sitio\/author\/mruarte\/"}]}},"featured_image_urls":{"full":["https:\/\/laredlarioja.com.ar\/sitio\/wp-content\/uploads\/2023\/07\/villa-union.jpg",450,450,false],"thumbnail":["https:\/\/laredlarioja.com.ar\/sitio\/wp-content\/uploads\/2023\/07\/villa-union-150x150.jpg",150,150,true],"medium":["https:\/\/laredlarioja.com.ar\/sitio\/wp-content\/uploads\/2023\/07\/villa-union-300x300.jpg",300,300,true],"medium_large":["https:\/\/laredlarioja.com.ar\/sitio\/wp-content\/uploads\/2023\/07\/villa-union.jpg",450,450,false],"large":["https:\/\/laredlarioja.com.ar\/sitio\/wp-content\/uploads\/2023\/07\/villa-union.jpg",450,450,false],"1536x1536":["https:\/\/laredlarioja.com.ar\/sitio\/wp-content\/uploads\/2023\/07\/villa-union.jpg",450,450,false],"2048x2048":["https:\/\/laredlarioja.com.ar\/sitio\/wp-content\/uploads\/2023\/07\/villa-union.jpg",450,450,false],"cvmm-medium":["https:\/\/laredlarioja.com.ar\/sitio\/wp-content\/uploads\/2023\/07\/villa-union-300x300.jpg",300,300,true],"cvmm-medium-plus":["https:\/\/laredlarioja.com.ar\/sitio\/wp-content\/uploads\/2023\/07\/villa-union-305x207.jpg",305,207,true],"cvmm-portrait":["https:\/\/laredlarioja.com.ar\/sitio\/wp-content\/uploads\/2023\/07\/villa-union-400x450.jpg",400,450,true],"cvmm-medium-square":["https:\/\/laredlarioja.com.ar\/sitio\/wp-content\/uploads\/2023\/07\/villa-union.jpg",450,450,false],"cvmm-large":["https:\/\/laredlarioja.com.ar\/sitio\/wp-content\/uploads\/2023\/07\/villa-union.jpg",450,450,false],"cvmm-small":["https:\/\/laredlarioja.com.ar\/sitio\/wp-content\/uploads\/2023\/07\/villa-union-130x95.jpg",130,95,true],"morenews-large":["https:\/\/laredlarioja.com.ar\/sitio\/wp-content\/uploads\/2023\/07\/villa-union.jpg",450,450,false],"morenews-medium":["https:\/\/laredlarioja.com.ar\/sitio\/wp-content\/uploads\/2023\/07\/villa-union-450x410.jpg",450,410,true]},"author_info":{"display_name":"Mart\u00edn Ruarte","author_link":"https:\/\/laredlarioja.com.ar\/sitio\/author\/mruarte\/"},"category_info":"<a href=\"https:\/\/laredlarioja.com.ar\/sitio\/categorias\/informacion-general\/\" rel=\"category tag\">Informaci\u00f3n General<\/a>","tag_info":"Informaci\u00f3n General","comment_count":"0","blog_post_layout_featured_media_urls":{"thumbnail":["https:\/\/laredlarioja.com.ar\/sitio\/wp-content\/uploads\/2023\/07\/villa-union-150x150.jpg",150,150,true],"full":["https:\/\/laredlarioja.com.ar\/sitio\/wp-content\/uploads\/2023\/07\/villa-union.jpg",450,450,false]},"categories_names":{"24":{"name":"Informaci\u00f3n General","link":"https:\/\/laredlarioja.com.ar\/sitio\/categorias\/informacion-general\/"}},"tags_names":[],"comments_number":"0","wpmagazine_modules_lite_featured_media_urls":{"thumbnail":["https:\/\/laredlarioja.com.ar\/sitio\/wp-content\/uploads\/2023\/07\/villa-union-150x150.jpg",150,150,true],"cvmm-medium":["https:\/\/laredlarioja.com.ar\/sitio\/wp-content\/uploads\/2023\/07\/villa-union-300x300.jpg",300,300,true],"cvmm-medium-plus":["https:\/\/laredlarioja.com.ar\/sitio\/wp-content\/uploads\/2023\/07\/villa-union-305x207.jpg",305,207,true],"cvmm-portrait":["https:\/\/laredlarioja.com.ar\/sitio\/wp-content\/uploads\/2023\/07\/villa-union-400x450.jpg",400,450,true],"cvmm-medium-square":["https:\/\/laredlarioja.com.ar\/sitio\/wp-content\/uploads\/2023\/07\/villa-union.jpg",450,450,false],"cvmm-large":["https:\/\/laredlarioja.com.ar\/sitio\/wp-content\/uploads\/2023\/07\/villa-union.jpg",450,450,false],"cvmm-small":["https:\/\/laredlarioja.com.ar\/sitio\/wp-content\/uploads\/2023\/07\/villa-union-130x95.jpg",130,95,true],"full":["https:\/\/laredlarioja.com.ar\/sitio\/wp-content\/uploads\/2023\/07\/villa-union.jpg",450,450,false]},"_links":{"self":[{"href":"https:\/\/laredlarioja.com.ar\/sitio\/wp-json\/wp\/v2\/posts\/62151","targetHints":{"allow":["GET"]}}],"collection":[{"href":"https:\/\/laredlarioja.com.ar\/sitio\/wp-json\/wp\/v2\/posts"}],"about":[{"href":"https:\/\/laredlarioja.com.ar\/sitio\/wp-json\/wp\/v2\/types\/post"}],"author":[{"embeddable":true,"href":"https:\/\/laredlarioja.com.ar\/sitio\/wp-json\/wp\/v2\/users\/8"}],"replies":[{"embeddable":true,"href":"https:\/\/laredlarioja.com.ar\/sitio\/wp-json\/wp\/v2\/comments?post=62151"}],"version-history":[{"count":4,"href":"https:\/\/laredlarioja.com.ar\/sitio\/wp-json\/wp\/v2\/posts\/62151\/revisions"}],"predecessor-version":[{"id":62159,"href":"https:\/\/laredlarioja.com.ar\/sitio\/wp-json\/wp\/v2\/posts\/62151\/revisions\/62159"}],"wp:featuredmedia":[{"embeddable":true,"href":"https:\/\/laredlarioja.com.ar\/sitio\/wp-json\/wp\/v2\/media\/33131"}],"wp:attachment":[{"href":"https:\/\/laredlarioja.com.ar\/sitio\/wp-json\/wp\/v2\/media?parent=62151"}],"wp:term":[{"taxonomy":"category","embeddable":true,"href":"https:\/\/laredlarioja.com.ar\/sitio\/wp-json\/wp\/v2\/categories?post=62151"},{"taxonomy":"post_tag","embeddable":true,"href":"https:\/\/laredlarioja.com.ar\/sitio\/wp-json\/wp\/v2\/tags?post=62151"}],"curies":[{"name":"wp","href":"https:\/\/api.w.org\/{rel}","templated":true}]}}