{"id":63375,"date":"2025-06-23T16:09:54","date_gmt":"2025-06-23T16:09:54","guid":{"rendered":"https:\/\/laredlarioja.com.ar\/sitio\/?p=63375"},"modified":"2025-06-24T19:06:10","modified_gmt":"2025-06-24T19:06:10","slug":"los-medicos-en-este-momento-tiene-una-necesidad-de-pluriempleo","status":"publish","type":"post","link":"https:\/\/laredlarioja.com.ar\/sitio\/los-medicos-en-este-momento-tiene-una-necesidad-de-pluriempleo\/","title":{"rendered":"\u00abLos m\u00e9dicos, en este momento, tiene una necesidad de pluriempleo\u00bb"},"content":{"rendered":"<p>La presidenta del <strong>Consejo de M\u00e9dicos, Aida Karam<\/strong> asegur\u00f3, este lunes en <strong>Radio La Red<\/strong> que los profesionales de la medicina necesitan contar con varios empleos, una realidad, que no es \u00fanica en La Rioja sino que es transversal a cada distrito o jurisdicci\u00f3n del pa\u00eds. \u201c<strong>Esta es una situaci\u00f3n transversal a cada distrito de nuestro pa\u00eds. Los m\u00e9dicos, en este momento, tienen una necesidad de pluriempleo\u201d<\/strong>, asegur\u00f3 la m\u00e9dica y, este sentido, afirm\u00f3 que si bien hubo profesionales que decidieron irse de la provincia, tienen un n\u00famero mayor de matriculados en el 2023,2024 y lo que va del\u00a0 2025. Aclar\u00f3 que\u00a0 cinco especialistas determinaron migrar.<\/p>\n<p>Seg\u00fan la m\u00e9dica, hay m\u00e9dicos que decidieron retornar y recomenzar o recuperar su trabajo y para mejorar sus ingresos adem\u00e1s de trabajar en La Rioja lo hacen en provincias cercanas.<\/p>\n<p>Karam explic\u00f3 que con un ingreso de entre <strong>500 y 600 mil pesos<\/strong> un profesional <strong>\u201cno puede contar de manera exclusiva en el \u00e1mbito hospitalario como modo de vida\u201d<\/strong>. \u201cEl salario hospitalario no le permite vivir y no es un problema exclusivo de La Rioja\u201d, expres\u00f3<\/p>\n<p>\u201cLa medica ha sufrido una desvalorizaci\u00f3n en lo que implica el Honorario de un m\u00e9dico. El medico busca tener bienestar y tenemos responsabilidad y obligaciones al igual que el resto de los ciudadanos que hay que afrontar\u201d, expres\u00f3 y agreg\u00f3:\u00a0\u201cLos m\u00e9dicos no solos necesitamos horas asistenciales,\u00a0 necesitamos horas de descanso y horas de estudio e inversi\u00f3n en estudio\u00bb, consider\u00f3 Karam\u00a0 dijo que se pueden hacer un n\u00famero importante de guardia pero eso atenta contra la calidad del servicio que puede brinda un profesional.<\/p>\n","protected":false},"excerpt":{"rendered":"<p>La presidenta del Consejo de M\u00e9dicos, Aida Karam asegur\u00f3, este lunes en Radio La Red que los profesionales<\/p>\n","protected":false},"author":10,"featured_media":63376,"comment_status":"closed","ping_status":"open","sticky":false,"template":"","format":"standard","meta":{"footnotes":""},"categories":[24,100],"tags":[],"class_list":["post-63375","post","type-post","status-publish","format-standard","has-post-thumbnail","hentry","category-informacion-general","category-tapa"],"yoast_head":"<!-- This site is optimized with the Yoast SEO plugin v27.4 - https:\/\/yoast.com\/product\/yoast-seo-wordpress\/ -->\n<title>&quot;Los m\u00e9dicos, en este momento, tiene una necesidad de pluriempleo&quot; - LA RED 88.3 LA RIOJA<\/title>\n<meta name=\"robots\" content=\"index, follow, max-snippet:-1, max-image-preview:large, max-video-preview:-1\" \/>\n<link rel=\"canonical\" href=\"https:\/\/laredlarioja.com.ar\/sitio\/los-medicos-en-este-momento-tiene-una-necesidad-de-pluriempleo\/\" \/>\n<meta property=\"og:locale\" content=\"es_ES\" \/>\n<meta property=\"og:type\" content=\"article\" \/>\n<meta property=\"og:title\" content=\"&quot;Los m\u00e9dicos, en este momento, tiene una necesidad de pluriempleo&quot; - LA RED 88.3 LA RIOJA\" \/>\n<meta property=\"og:description\" content=\"La presidenta del Consejo de M\u00e9dicos, Aida Karam asegur\u00f3, este lunes en Radio La Red que los profesionales\" \/>\n<meta property=\"og:url\" content=\"https:\/\/laredlarioja.com.ar\/sitio\/los-medicos-en-este-momento-tiene-una-necesidad-de-pluriempleo\/\" \/>\n<meta property=\"og:site_name\" content=\"LA RED 88.3 LA RIOJA\" \/>\n<meta property=\"article:publisher\" content=\"https:\/\/www.facebook.com\/lared.larioja\" \/>\n<meta property=\"article:published_time\" content=\"2025-06-23T16:09:54+00:00\" \/>\n<meta property=\"article:modified_time\" content=\"2025-06-24T19:06:10+00:00\" \/>\n<meta property=\"og:image\" content=\"https:\/\/laredlarioja.com.ar\/sitio\/wp-content\/uploads\/2025\/06\/476378485_1124680982785466_5995701203286734536_n.jpg\" \/>\n\t<meta property=\"og:image:width\" content=\"770\" \/>\n\t<meta property=\"og:image:height\" content=\"430\" \/>\n\t<meta property=\"og:image:type\" content=\"image\/jpeg\" \/>\n<meta name=\"author\" content=\"La Red\" \/>\n<meta name=\"twitter:card\" content=\"summary_large_image\" \/>\n<meta name=\"twitter:creator\" content=\"@laredlarioja1\" \/>\n<meta name=\"twitter:site\" content=\"@laredlarioja1\" \/>\n<meta name=\"twitter:label1\" content=\"Escrito por\" \/>\n\t<meta name=\"twitter:data1\" content=\"La Red\" \/>\n\t<meta name=\"twitter:label2\" content=\"Tiempo de lectura\" \/>\n\t<meta name=\"twitter:data2\" content=\"2 minutos\" \/>\n<script type=\"application\/ld+json\" class=\"yoast-schema-graph\">{\"@context\":\"https:\\\/\\\/schema.org\",\"@graph\":[{\"@type\":\"Article\",\"@id\":\"https:\\\/\\\/laredlarioja.com.ar\\\/sitio\\\/los-medicos-en-este-momento-tiene-una-necesidad-de-pluriempleo\\\/#article\",\"isPartOf\":{\"@id\":\"https:\\\/\\\/laredlarioja.com.ar\\\/sitio\\\/los-medicos-en-este-momento-tiene-una-necesidad-de-pluriempleo\\\/\"},\"author\":{\"name\":\"La Red\",\"@id\":\"https:\\\/\\\/laredlarioja.com.ar\\\/sitio\\\/#\\\/schema\\\/person\\\/f1e213867beccedaaa4fb548d9259d9a\"},\"headline\":\"\u00abLos m\u00e9dicos, en este momento, tiene una necesidad de pluriempleo\u00bb\",\"datePublished\":\"2025-06-23T16:09:54+00:00\",\"dateModified\":\"2025-06-24T19:06:10+00:00\",\"mainEntityOfPage\":{\"@id\":\"https:\\\/\\\/laredlarioja.com.ar\\\/sitio\\\/los-medicos-en-este-momento-tiene-una-necesidad-de-pluriempleo\\\/\"},\"wordCount\":290,\"publisher\":{\"@id\":\"https:\\\/\\\/laredlarioja.com.ar\\\/sitio\\\/#organization\"},\"image\":{\"@id\":\"https:\\\/\\\/laredlarioja.com.ar\\\/sitio\\\/los-medicos-en-este-momento-tiene-una-necesidad-de-pluriempleo\\\/#primaryimage\"},\"thumbnailUrl\":\"https:\\\/\\\/laredlarioja.com.ar\\\/sitio\\\/wp-content\\\/uploads\\\/2025\\\/06\\\/476378485_1124680982785466_5995701203286734536_n.jpg\",\"articleSection\":[\"Informaci\u00f3n General\",\"Tapa\"],\"inLanguage\":\"es\"},{\"@type\":\"WebPage\",\"@id\":\"https:\\\/\\\/laredlarioja.com.ar\\\/sitio\\\/los-medicos-en-este-momento-tiene-una-necesidad-de-pluriempleo\\\/\",\"url\":\"https:\\\/\\\/laredlarioja.com.ar\\\/sitio\\\/los-medicos-en-este-momento-tiene-una-necesidad-de-pluriempleo\\\/\",\"name\":\"\\\"Los m\u00e9dicos, en este momento, tiene una necesidad de pluriempleo\\\" - LA RED 88.3 LA RIOJA\",\"isPartOf\":{\"@id\":\"https:\\\/\\\/laredlarioja.com.ar\\\/sitio\\\/#website\"},\"primaryImageOfPage\":{\"@id\":\"https:\\\/\\\/laredlarioja.com.ar\\\/sitio\\\/los-medicos-en-este-momento-tiene-una-necesidad-de-pluriempleo\\\/#primaryimage\"},\"image\":{\"@id\":\"https:\\\/\\\/laredlarioja.com.ar\\\/sitio\\\/los-medicos-en-este-momento-tiene-una-necesidad-de-pluriempleo\\\/#primaryimage\"},\"thumbnailUrl\":\"https:\\\/\\\/laredlarioja.com.ar\\\/sitio\\\/wp-content\\\/uploads\\\/2025\\\/06\\\/476378485_1124680982785466_5995701203286734536_n.jpg\",\"datePublished\":\"2025-06-23T16:09:54+00:00\",\"dateModified\":\"2025-06-24T19:06:10+00:00\",\"breadcrumb\":{\"@id\":\"https:\\\/\\\/laredlarioja.com.ar\\\/sitio\\\/los-medicos-en-este-momento-tiene-una-necesidad-de-pluriempleo\\\/#breadcrumb\"},\"inLanguage\":\"es\",\"potentialAction\":[{\"@type\":\"ReadAction\",\"target\":[\"https:\\\/\\\/laredlarioja.com.ar\\\/sitio\\\/los-medicos-en-este-momento-tiene-una-necesidad-de-pluriempleo\\\/\"]}]},{\"@type\":\"ImageObject\",\"inLanguage\":\"es\",\"@id\":\"https:\\\/\\\/laredlarioja.com.ar\\\/sitio\\\/los-medicos-en-este-momento-tiene-una-necesidad-de-pluriempleo\\\/#primaryimage\",\"url\":\"https:\\\/\\\/laredlarioja.com.ar\\\/sitio\\\/wp-content\\\/uploads\\\/2025\\\/06\\\/476378485_1124680982785466_5995701203286734536_n.jpg\",\"contentUrl\":\"https:\\\/\\\/laredlarioja.com.ar\\\/sitio\\\/wp-content\\\/uploads\\\/2025\\\/06\\\/476378485_1124680982785466_5995701203286734536_n.jpg\",\"width\":770,\"height\":430},{\"@type\":\"BreadcrumbList\",\"@id\":\"https:\\\/\\\/laredlarioja.com.ar\\\/sitio\\\/los-medicos-en-este-momento-tiene-una-necesidad-de-pluriempleo\\\/#breadcrumb\",\"itemListElement\":[{\"@type\":\"ListItem\",\"position\":1,\"name\":\"Portada\",\"item\":\"https:\\\/\\\/laredlarioja.com.ar\\\/sitio\\\/\"},{\"@type\":\"ListItem\",\"position\":2,\"name\":\"\u00abLos m\u00e9dicos, en este momento, tiene una necesidad de pluriempleo\u00bb\"}]},{\"@type\":\"WebSite\",\"@id\":\"https:\\\/\\\/laredlarioja.com.ar\\\/sitio\\\/#website\",\"url\":\"https:\\\/\\\/laredlarioja.com.ar\\\/sitio\\\/\",\"name\":\"LA RED 88.3 LA RIOJA\",\"description\":\"Sitio de Noticias\",\"publisher\":{\"@id\":\"https:\\\/\\\/laredlarioja.com.ar\\\/sitio\\\/#organization\"},\"potentialAction\":[{\"@type\":\"SearchAction\",\"target\":{\"@type\":\"EntryPoint\",\"urlTemplate\":\"https:\\\/\\\/laredlarioja.com.ar\\\/sitio\\\/?s={search_term_string}\"},\"query-input\":{\"@type\":\"PropertyValueSpecification\",\"valueRequired\":true,\"valueName\":\"search_term_string\"}}],\"inLanguage\":\"es\"},{\"@type\":\"Organization\",\"@id\":\"https:\\\/\\\/laredlarioja.com.ar\\\/sitio\\\/#organization\",\"name\":\"LA RED 88.3 LA RIOJA\",\"url\":\"https:\\\/\\\/laredlarioja.com.ar\\\/sitio\\\/\",\"logo\":{\"@type\":\"ImageObject\",\"inLanguage\":\"es\",\"@id\":\"https:\\\/\\\/laredlarioja.com.ar\\\/sitio\\\/#\\\/schema\\\/logo\\\/image\\\/\",\"url\":\"https:\\\/\\\/laredlarioja.com.ar\\\/sitio\\\/wp-content\\\/uploads\\\/2025\\\/05\\\/LOGO-LA-RED.png\",\"contentUrl\":\"https:\\\/\\\/laredlarioja.com.ar\\\/sitio\\\/wp-content\\\/uploads\\\/2025\\\/05\\\/LOGO-LA-RED.png\",\"width\":193,\"height\":340,\"caption\":\"LA RED 88.3 LA RIOJA\"},\"image\":{\"@id\":\"https:\\\/\\\/laredlarioja.com.ar\\\/sitio\\\/#\\\/schema\\\/logo\\\/image\\\/\"},\"sameAs\":[\"https:\\\/\\\/www.facebook.com\\\/lared.larioja\",\"https:\\\/\\\/x.com\\\/laredlarioja1\",\"https:\\\/\\\/www.instagram.com\\\/lared_larioja\\\/\"]},{\"@type\":\"Person\",\"@id\":\"https:\\\/\\\/laredlarioja.com.ar\\\/sitio\\\/#\\\/schema\\\/person\\\/f1e213867beccedaaa4fb548d9259d9a\",\"name\":\"La Red\",\"url\":\"https:\\\/\\\/laredlarioja.com.ar\\\/sitio\\\/author\\\/lared\\\/\"}]}<\/script>\n<!-- \/ Yoast SEO plugin. -->","yoast_head_json":{"title":"\"Los m\u00e9dicos, en este momento, tiene una necesidad de pluriempleo\" - LA RED 88.3 LA RIOJA","robots":{"index":"index","follow":"follow","max-snippet":"max-snippet:-1","max-image-preview":"max-image-preview:large","max-video-preview":"max-video-preview:-1"},"canonical":"https:\/\/laredlarioja.com.ar\/sitio\/los-medicos-en-este-momento-tiene-una-necesidad-de-pluriempleo\/","og_locale":"es_ES","og_type":"article","og_title":"\"Los m\u00e9dicos, en este momento, tiene una necesidad de pluriempleo\" - LA RED 88.3 LA RIOJA","og_description":"La presidenta del Consejo de M\u00e9dicos, Aida Karam asegur\u00f3, este lunes en Radio La Red que los profesionales","og_url":"https:\/\/laredlarioja.com.ar\/sitio\/los-medicos-en-este-momento-tiene-una-necesidad-de-pluriempleo\/","og_site_name":"LA RED 88.3 LA RIOJA","article_publisher":"https:\/\/www.facebook.com\/lared.larioja","article_published_time":"2025-06-23T16:09:54+00:00","article_modified_time":"2025-06-24T19:06:10+00:00","og_image":[{"width":770,"height":430,"url":"https:\/\/laredlarioja.com.ar\/sitio\/wp-content\/uploads\/2025\/06\/476378485_1124680982785466_5995701203286734536_n.jpg","type":"image\/jpeg"}],"author":"La Red","twitter_card":"summary_large_image","twitter_creator":"@laredlarioja1","twitter_site":"@laredlarioja1","twitter_misc":{"Escrito por":"La Red","Tiempo de lectura":"2 minutos"},"schema":{"@context":"https:\/\/schema.org","@graph":[{"@type":"Article","@id":"https:\/\/laredlarioja.com.ar\/sitio\/los-medicos-en-este-momento-tiene-una-necesidad-de-pluriempleo\/#article","isPartOf":{"@id":"https:\/\/laredlarioja.com.ar\/sitio\/los-medicos-en-este-momento-tiene-una-necesidad-de-pluriempleo\/"},"author":{"name":"La Red","@id":"https:\/\/laredlarioja.com.ar\/sitio\/#\/schema\/person\/f1e213867beccedaaa4fb548d9259d9a"},"headline":"\u00abLos m\u00e9dicos, en este momento, tiene una necesidad de pluriempleo\u00bb","datePublished":"2025-06-23T16:09:54+00:00","dateModified":"2025-06-24T19:06:10+00:00","mainEntityOfPage":{"@id":"https:\/\/laredlarioja.com.ar\/sitio\/los-medicos-en-este-momento-tiene-una-necesidad-de-pluriempleo\/"},"wordCount":290,"publisher":{"@id":"https:\/\/laredlarioja.com.ar\/sitio\/#organization"},"image":{"@id":"https:\/\/laredlarioja.com.ar\/sitio\/los-medicos-en-este-momento-tiene-una-necesidad-de-pluriempleo\/#primaryimage"},"thumbnailUrl":"https:\/\/laredlarioja.com.ar\/sitio\/wp-content\/uploads\/2025\/06\/476378485_1124680982785466_5995701203286734536_n.jpg","articleSection":["Informaci\u00f3n General","Tapa"],"inLanguage":"es"},{"@type":"WebPage","@id":"https:\/\/laredlarioja.com.ar\/sitio\/los-medicos-en-este-momento-tiene-una-necesidad-de-pluriempleo\/","url":"https:\/\/laredlarioja.com.ar\/sitio\/los-medicos-en-este-momento-tiene-una-necesidad-de-pluriempleo\/","name":"\"Los m\u00e9dicos, en este momento, tiene una necesidad de pluriempleo\" - LA RED 88.3 LA RIOJA","isPartOf":{"@id":"https:\/\/laredlarioja.com.ar\/sitio\/#website"},"primaryImageOfPage":{"@id":"https:\/\/laredlarioja.com.ar\/sitio\/los-medicos-en-este-momento-tiene-una-necesidad-de-pluriempleo\/#primaryimage"},"image":{"@id":"https:\/\/laredlarioja.com.ar\/sitio\/los-medicos-en-este-momento-tiene-una-necesidad-de-pluriempleo\/#primaryimage"},"thumbnailUrl":"https:\/\/laredlarioja.com.ar\/sitio\/wp-content\/uploads\/2025\/06\/476378485_1124680982785466_5995701203286734536_n.jpg","datePublished":"2025-06-23T16:09:54+00:00","dateModified":"2025-06-24T19:06:10+00:00","breadcrumb":{"@id":"https:\/\/laredlarioja.com.ar\/sitio\/los-medicos-en-este-momento-tiene-una-necesidad-de-pluriempleo\/#breadcrumb"},"inLanguage":"es","potentialAction":[{"@type":"ReadAction","target":["https:\/\/laredlarioja.com.ar\/sitio\/los-medicos-en-este-momento-tiene-una-necesidad-de-pluriempleo\/"]}]},{"@type":"ImageObject","inLanguage":"es","@id":"https:\/\/laredlarioja.com.ar\/sitio\/los-medicos-en-este-momento-tiene-una-necesidad-de-pluriempleo\/#primaryimage","url":"https:\/\/laredlarioja.com.ar\/sitio\/wp-content\/uploads\/2025\/06\/476378485_1124680982785466_5995701203286734536_n.jpg","contentUrl":"https:\/\/laredlarioja.com.ar\/sitio\/wp-content\/uploads\/2025\/06\/476378485_1124680982785466_5995701203286734536_n.jpg","width":770,"height":430},{"@type":"BreadcrumbList","@id":"https:\/\/laredlarioja.com.ar\/sitio\/los-medicos-en-este-momento-tiene-una-necesidad-de-pluriempleo\/#breadcrumb","itemListElement":[{"@type":"ListItem","position":1,"name":"Portada","item":"https:\/\/laredlarioja.com.ar\/sitio\/"},{"@type":"ListItem","position":2,"name":"\u00abLos m\u00e9dicos, en este momento, tiene una necesidad de pluriempleo\u00bb"}]},{"@type":"WebSite","@id":"https:\/\/laredlarioja.com.ar\/sitio\/#website","url":"https:\/\/laredlarioja.com.ar\/sitio\/","name":"LA RED 88.3 LA RIOJA","description":"Sitio de Noticias","publisher":{"@id":"https:\/\/laredlarioja.com.ar\/sitio\/#organization"},"potentialAction":[{"@type":"SearchAction","target":{"@type":"EntryPoint","urlTemplate":"https:\/\/laredlarioja.com.ar\/sitio\/?s={search_term_string}"},"query-input":{"@type":"PropertyValueSpecification","valueRequired":true,"valueName":"search_term_string"}}],"inLanguage":"es"},{"@type":"Organization","@id":"https:\/\/laredlarioja.com.ar\/sitio\/#organization","name":"LA RED 88.3 LA RIOJA","url":"https:\/\/laredlarioja.com.ar\/sitio\/","logo":{"@type":"ImageObject","inLanguage":"es","@id":"https:\/\/laredlarioja.com.ar\/sitio\/#\/schema\/logo\/image\/","url":"https:\/\/laredlarioja.com.ar\/sitio\/wp-content\/uploads\/2025\/05\/LOGO-LA-RED.png","contentUrl":"https:\/\/laredlarioja.com.ar\/sitio\/wp-content\/uploads\/2025\/05\/LOGO-LA-RED.png","width":193,"height":340,"caption":"LA RED 88.3 LA RIOJA"},"image":{"@id":"https:\/\/laredlarioja.com.ar\/sitio\/#\/schema\/logo\/image\/"},"sameAs":["https:\/\/www.facebook.com\/lared.larioja","https:\/\/x.com\/laredlarioja1","https:\/\/www.instagram.com\/lared_larioja\/"]},{"@type":"Person","@id":"https:\/\/laredlarioja.com.ar\/sitio\/#\/schema\/person\/f1e213867beccedaaa4fb548d9259d9a","name":"La Red","url":"https:\/\/laredlarioja.com.ar\/sitio\/author\/lared\/"}]}},"featured_image_urls":{"full":["https:\/\/laredlarioja.com.ar\/sitio\/wp-content\/uploads\/2025\/06\/476378485_1124680982785466_5995701203286734536_n.jpg",770,430,false],"thumbnail":["https:\/\/laredlarioja.com.ar\/sitio\/wp-content\/uploads\/2025\/06\/476378485_1124680982785466_5995701203286734536_n-150x150.jpg",150,150,true],"medium":["https:\/\/laredlarioja.com.ar\/sitio\/wp-content\/uploads\/2025\/06\/476378485_1124680982785466_5995701203286734536_n-300x168.jpg",300,168,true],"medium_large":["https:\/\/laredlarioja.com.ar\/sitio\/wp-content\/uploads\/2025\/06\/476378485_1124680982785466_5995701203286734536_n-768x429.jpg",640,358,true],"large":["https:\/\/laredlarioja.com.ar\/sitio\/wp-content\/uploads\/2025\/06\/476378485_1124680982785466_5995701203286734536_n.jpg",640,357,false],"1536x1536":["https:\/\/laredlarioja.com.ar\/sitio\/wp-content\/uploads\/2025\/06\/476378485_1124680982785466_5995701203286734536_n.jpg",770,430,false],"2048x2048":["https:\/\/laredlarioja.com.ar\/sitio\/wp-content\/uploads\/2025\/06\/476378485_1124680982785466_5995701203286734536_n.jpg",770,430,false],"cvmm-medium":["https:\/\/laredlarioja.com.ar\/sitio\/wp-content\/uploads\/2025\/06\/476378485_1124680982785466_5995701203286734536_n-300x300.jpg",300,300,true],"cvmm-medium-plus":["https:\/\/laredlarioja.com.ar\/sitio\/wp-content\/uploads\/2025\/06\/476378485_1124680982785466_5995701203286734536_n-305x207.jpg",305,207,true],"cvmm-portrait":["https:\/\/laredlarioja.com.ar\/sitio\/wp-content\/uploads\/2025\/06\/476378485_1124680982785466_5995701203286734536_n-400x430.jpg",400,430,true],"cvmm-medium-square":["https:\/\/laredlarioja.com.ar\/sitio\/wp-content\/uploads\/2025\/06\/476378485_1124680982785466_5995701203286734536_n-600x430.jpg",600,430,true],"cvmm-large":["https:\/\/laredlarioja.com.ar\/sitio\/wp-content\/uploads\/2025\/06\/476378485_1124680982785466_5995701203286734536_n.jpg",770,430,false],"cvmm-small":["https:\/\/laredlarioja.com.ar\/sitio\/wp-content\/uploads\/2025\/06\/476378485_1124680982785466_5995701203286734536_n-130x95.jpg",130,95,true],"morenews-large":["https:\/\/laredlarioja.com.ar\/sitio\/wp-content\/uploads\/2025\/06\/476378485_1124680982785466_5995701203286734536_n.jpg",770,430,false],"morenews-medium":["https:\/\/laredlarioja.com.ar\/sitio\/wp-content\/uploads\/2025\/06\/476378485_1124680982785466_5995701203286734536_n-590x410.jpg",590,410,true]},"author_info":{"display_name":"La Red","author_link":"https:\/\/laredlarioja.com.ar\/sitio\/author\/lared\/"},"category_info":"<a href=\"https:\/\/laredlarioja.com.ar\/sitio\/categorias\/informacion-general\/\" rel=\"category tag\">Informaci\u00f3n General<\/a> <a href=\"https:\/\/laredlarioja.com.ar\/sitio\/categorias\/tapa\/\" rel=\"category tag\">Tapa<\/a>","tag_info":"Tapa","comment_count":"0","blog_post_layout_featured_media_urls":{"thumbnail":["https:\/\/laredlarioja.com.ar\/sitio\/wp-content\/uploads\/2025\/06\/476378485_1124680982785466_5995701203286734536_n-150x150.jpg",150,150,true],"full":["https:\/\/laredlarioja.com.ar\/sitio\/wp-content\/uploads\/2025\/06\/476378485_1124680982785466_5995701203286734536_n.jpg",770,430,false]},"categories_names":{"24":{"name":"Informaci\u00f3n General","link":"https:\/\/laredlarioja.com.ar\/sitio\/categorias\/informacion-general\/"},"100":{"name":"Tapa","link":"https:\/\/laredlarioja.com.ar\/sitio\/categorias\/tapa\/"}},"tags_names":[],"comments_number":"0","wpmagazine_modules_lite_featured_media_urls":{"thumbnail":["https:\/\/laredlarioja.com.ar\/sitio\/wp-content\/uploads\/2025\/06\/476378485_1124680982785466_5995701203286734536_n-150x150.jpg",150,150,true],"cvmm-medium":["https:\/\/laredlarioja.com.ar\/sitio\/wp-content\/uploads\/2025\/06\/476378485_1124680982785466_5995701203286734536_n-300x300.jpg",300,300,true],"cvmm-medium-plus":["https:\/\/laredlarioja.com.ar\/sitio\/wp-content\/uploads\/2025\/06\/476378485_1124680982785466_5995701203286734536_n-305x207.jpg",305,207,true],"cvmm-portrait":["https:\/\/laredlarioja.com.ar\/sitio\/wp-content\/uploads\/2025\/06\/476378485_1124680982785466_5995701203286734536_n-400x430.jpg",400,430,true],"cvmm-medium-square":["https:\/\/laredlarioja.com.ar\/sitio\/wp-content\/uploads\/2025\/06\/476378485_1124680982785466_5995701203286734536_n-600x430.jpg",600,430,true],"cvmm-large":["https:\/\/laredlarioja.com.ar\/sitio\/wp-content\/uploads\/2025\/06\/476378485_1124680982785466_5995701203286734536_n.jpg",770,430,false],"cvmm-small":["https:\/\/laredlarioja.com.ar\/sitio\/wp-content\/uploads\/2025\/06\/476378485_1124680982785466_5995701203286734536_n-130x95.jpg",130,95,true],"full":["https:\/\/laredlarioja.com.ar\/sitio\/wp-content\/uploads\/2025\/06\/476378485_1124680982785466_5995701203286734536_n.jpg",770,430,false]},"_links":{"self":[{"href":"https:\/\/laredlarioja.com.ar\/sitio\/wp-json\/wp\/v2\/posts\/63375","targetHints":{"allow":["GET"]}}],"collection":[{"href":"https:\/\/laredlarioja.com.ar\/sitio\/wp-json\/wp\/v2\/posts"}],"about":[{"href":"https:\/\/laredlarioja.com.ar\/sitio\/wp-json\/wp\/v2\/types\/post"}],"author":[{"embeddable":true,"href":"https:\/\/laredlarioja.com.ar\/sitio\/wp-json\/wp\/v2\/users\/10"}],"replies":[{"embeddable":true,"href":"https:\/\/laredlarioja.com.ar\/sitio\/wp-json\/wp\/v2\/comments?post=63375"}],"version-history":[{"count":1,"href":"https:\/\/laredlarioja.com.ar\/sitio\/wp-json\/wp\/v2\/posts\/63375\/revisions"}],"predecessor-version":[{"id":63377,"href":"https:\/\/laredlarioja.com.ar\/sitio\/wp-json\/wp\/v2\/posts\/63375\/revisions\/63377"}],"wp:featuredmedia":[{"embeddable":true,"href":"https:\/\/laredlarioja.com.ar\/sitio\/wp-json\/wp\/v2\/media\/63376"}],"wp:attachment":[{"href":"https:\/\/laredlarioja.com.ar\/sitio\/wp-json\/wp\/v2\/media?parent=63375"}],"wp:term":[{"taxonomy":"category","embeddable":true,"href":"https:\/\/laredlarioja.com.ar\/sitio\/wp-json\/wp\/v2\/categories?post=63375"},{"taxonomy":"post_tag","embeddable":true,"href":"https:\/\/laredlarioja.com.ar\/sitio\/wp-json\/wp\/v2\/tags?post=63375"}],"curies":[{"name":"wp","href":"https:\/\/api.w.org\/{rel}","templated":true}]}}