{"id":63452,"date":"2025-06-24T13:49:04","date_gmt":"2025-06-24T13:49:04","guid":{"rendered":"https:\/\/laredlarioja.com.ar\/sitio\/?p=63452"},"modified":"2025-06-25T13:20:39","modified_gmt":"2025-06-25T13:20:39","slug":"63452-2","status":"publish","type":"post","link":"https:\/\/laredlarioja.com.ar\/sitio\/63452-2\/","title":{"rendered":"La Municipalidad impuso el uso de barbijos en oficinas: \u201cHay que volver a activar responsabilidad ciudadana\u201d"},"content":{"rendered":"<p data-start=\"311\" data-end=\"704\">La Municipalidad de La Rioja dispuso el uso <strong data-start=\"355\" data-end=\"462\">obligatorio de barbijos para todo el personal que trabaja en oficinas cerradas y de atenci\u00f3n al p\u00fablico<\/strong>, ante el incremento de enfermedades respiratorias en la ciudad. La medida, anunciada por el intendente Armando Molina y explicada por la subsecretaria de Gobierno, Claudia Barros Depetris, <strong data-start=\"652\" data-end=\"703\">entra en vigencia desde este martes 25 de junio<\/strong>.<\/p>\n<p data-start=\"706\" data-end=\"956\">\u201c<strong data-start=\"707\" data-end=\"805\">Tenemos una alta tasa de empleados solicitando carpetas m\u00e9dicas por enfermedades respiratorias<\/strong>. Ante esa situaci\u00f3n, y por el contacto constante con vecinos, decidimos reforzar medidas preventivas como el uso del barbijo\u201d, afirm\u00f3 Barros Depetris <strong>en Radio La Red La Rioja.\u00a0<\/strong><\/p>\n<p data-start=\"958\" data-end=\"1295\">La medida alcanza a todas las dependencias municipales: Casa Central, Direcci\u00f3n de Rentas, separos, y otras oficinas que atienden al p\u00fablico. \u201c<strong data-start=\"1101\" data-end=\"1150\">Son espacios reducidos, con mucha circulaci\u00f3n<\/strong>, y necesitamos extremar cuidados. Adem\u00e1s del barbijo, recomendamos ventilar los ambientes y reforzar el lavado de manos\u201d, agreg\u00f3 la funcionaria.<\/p>\n<p data-start=\"1297\" data-end=\"1661\">Si bien el uso del barbijo es obligatorio solo para el personal municipal, <strong data-start=\"1372\" data-end=\"1439\">la Municipalidad sugiere a la ciudadan\u00eda que tambi\u00e9n lo utilice<\/strong> al ingresar a las oficinas. \u201c<strong data-start=\"1469\" data-end=\"1526\">Apelamos a la solidaridad y responsabilidad ciudadana<\/strong>. Si bien no es obligatorio para quienes vienen a hacer un tr\u00e1mite, s\u00ed es una recomendaci\u00f3n firme en este contexto sanitario\u201d, explic\u00f3.<\/p>\n<p data-start=\"1663\" data-end=\"2067\">Durante una reuni\u00f3n de gabinete celebrada este martes por la ma\u00f1ana, el intendente Molina reiter\u00f3 la importancia de \u201c<strong data-start=\"1780\" data-end=\"1805\">cuidarnos entre todos<\/strong>\u201d y pidi\u00f3 a sus funcionarios extremar las acciones preventivas. \u201c<strong data-start=\"1870\" data-end=\"1974\">El intendente hizo hincapi\u00e9 en que los empleados municipales deben usar barbijo en espacios cerrados<\/strong>. Y nos pidi\u00f3 que reforcemos el mensaje tambi\u00e9n hacia la comunidad\u201d, detall\u00f3 Barros Depetris.<\/p>\n<p data-start=\"2069\" data-end=\"2441\">En paralelo, desde el municipio se eval\u00faa implementar <strong data-start=\"2123\" data-end=\"2205\">una reglamentaci\u00f3n de licencias para trabajadores con enfermedades prevalentes<\/strong>, permitiendo que puedan resguardarse durante los d\u00edas de mayor circulaci\u00f3n viral. \u201c<strong data-start=\"2289\" data-end=\"2377\">Queremos evitar el contacto innecesario y cuidar a quienes tienen factores de riesgo<\/strong>, permiti\u00e9ndoles regresar despu\u00e9s del receso invernal\u201d, explic\u00f3.<\/p>\n<p data-start=\"2443\" data-end=\"2667\">La funcionaria tambi\u00e9n confirm\u00f3 que el transporte escolar municipal en Sanagasta ya implement\u00f3 el uso del barbijo, y que <strong data-start=\"2564\" data-end=\"2593\">algunas escuelas privadas<\/strong> \u2014como Joaqu\u00edn Cama\u00f1o\u2014 <strong data-start=\"2616\" data-end=\"2666\">tambi\u00e9n lo est\u00e1n solicitando a sus estudiantes<\/strong>.<\/p>\n<p data-start=\"2669\" data-end=\"2830\">\u201c<strong data-start=\"2670\" data-end=\"2731\">Tenemos que volver a activar la responsabilidad ciudadana<\/strong>. No estamos imponiendo una medida extrema, sino apelando al cuidado mutuo\u201d, cerr\u00f3 Barros Depetris.<\/p>\n","protected":false},"excerpt":{"rendered":"<p>La Municipalidad de La Rioja dispuso el uso obligatorio de barbijos para todo el personal que trabaja en<\/p>\n","protected":false},"author":10,"featured_media":63292,"comment_status":"closed","ping_status":"open","sticky":false,"template":"","format":"standard","meta":{"footnotes":""},"categories":[94],"tags":[],"class_list":["post-63452","post","type-post","status-publish","format-standard","has-post-thumbnail","hentry","category-locales"],"yoast_head":"<!-- This site is optimized with the Yoast SEO plugin v27.4 - https:\/\/yoast.com\/product\/yoast-seo-wordpress\/ -->\n<title>La Municipalidad impuso el uso de barbijos en oficinas: \u201cHay que volver a activar responsabilidad ciudadana\u201d - LA RED 88.3 LA RIOJA<\/title>\n<meta name=\"robots\" content=\"index, follow, max-snippet:-1, max-image-preview:large, max-video-preview:-1\" \/>\n<link rel=\"canonical\" href=\"https:\/\/laredlarioja.com.ar\/sitio\/63452-2\/\" \/>\n<meta property=\"og:locale\" content=\"es_ES\" \/>\n<meta property=\"og:type\" content=\"article\" \/>\n<meta property=\"og:title\" content=\"La Municipalidad impuso el uso de barbijos en oficinas: \u201cHay que volver a activar responsabilidad ciudadana\u201d - LA RED 88.3 LA RIOJA\" \/>\n<meta property=\"og:description\" content=\"La Municipalidad de La Rioja dispuso el uso obligatorio de barbijos para todo el personal que trabaja en\" \/>\n<meta property=\"og:url\" content=\"https:\/\/laredlarioja.com.ar\/sitio\/63452-2\/\" \/>\n<meta property=\"og:site_name\" content=\"LA RED 88.3 LA RIOJA\" \/>\n<meta property=\"article:publisher\" content=\"https:\/\/www.facebook.com\/lared.larioja\" \/>\n<meta property=\"article:published_time\" content=\"2025-06-24T13:49:04+00:00\" \/>\n<meta property=\"article:modified_time\" content=\"2025-06-25T13:20:39+00:00\" \/>\n<meta property=\"og:image\" content=\"https:\/\/laredlarioja.com.ar\/sitio\/wp-content\/uploads\/2025\/06\/fin-uso-barbijo-provincias-se-adhieren-medidas-nacion-962295-164109.jpg\" \/>\n\t<meta property=\"og:image:width\" content=\"960\" \/>\n\t<meta property=\"og:image:height\" content=\"600\" \/>\n\t<meta property=\"og:image:type\" content=\"image\/jpeg\" \/>\n<meta name=\"author\" content=\"La Red\" \/>\n<meta name=\"twitter:card\" content=\"summary_large_image\" \/>\n<meta name=\"twitter:creator\" content=\"@laredlarioja1\" \/>\n<meta name=\"twitter:site\" content=\"@laredlarioja1\" \/>\n<meta name=\"twitter:label1\" content=\"Escrito por\" \/>\n\t<meta name=\"twitter:data1\" content=\"La Red\" \/>\n\t<meta name=\"twitter:label2\" content=\"Tiempo de lectura\" \/>\n\t<meta name=\"twitter:data2\" content=\"2 minutos\" \/>\n<script type=\"application\/ld+json\" class=\"yoast-schema-graph\">{\"@context\":\"https:\\\/\\\/schema.org\",\"@graph\":[{\"@type\":\"Article\",\"@id\":\"https:\\\/\\\/laredlarioja.com.ar\\\/sitio\\\/63452-2\\\/#article\",\"isPartOf\":{\"@id\":\"https:\\\/\\\/laredlarioja.com.ar\\\/sitio\\\/63452-2\\\/\"},\"author\":{\"name\":\"La Red\",\"@id\":\"https:\\\/\\\/laredlarioja.com.ar\\\/sitio\\\/#\\\/schema\\\/person\\\/f1e213867beccedaaa4fb548d9259d9a\"},\"headline\":\"La Municipalidad impuso el uso de barbijos en oficinas: \u201cHay que volver a activar responsabilidad ciudadana\u201d\",\"datePublished\":\"2025-06-24T13:49:04+00:00\",\"dateModified\":\"2025-06-25T13:20:39+00:00\",\"mainEntityOfPage\":{\"@id\":\"https:\\\/\\\/laredlarioja.com.ar\\\/sitio\\\/63452-2\\\/\"},\"wordCount\":407,\"publisher\":{\"@id\":\"https:\\\/\\\/laredlarioja.com.ar\\\/sitio\\\/#organization\"},\"image\":{\"@id\":\"https:\\\/\\\/laredlarioja.com.ar\\\/sitio\\\/63452-2\\\/#primaryimage\"},\"thumbnailUrl\":\"https:\\\/\\\/laredlarioja.com.ar\\\/sitio\\\/wp-content\\\/uploads\\\/2025\\\/06\\\/fin-uso-barbijo-provincias-se-adhieren-medidas-nacion-962295-164109.jpg\",\"articleSection\":[\"Locales\"],\"inLanguage\":\"es\"},{\"@type\":\"WebPage\",\"@id\":\"https:\\\/\\\/laredlarioja.com.ar\\\/sitio\\\/63452-2\\\/\",\"url\":\"https:\\\/\\\/laredlarioja.com.ar\\\/sitio\\\/63452-2\\\/\",\"name\":\"La Municipalidad impuso el uso de barbijos en oficinas: \u201cHay que volver a activar responsabilidad ciudadana\u201d - LA RED 88.3 LA RIOJA\",\"isPartOf\":{\"@id\":\"https:\\\/\\\/laredlarioja.com.ar\\\/sitio\\\/#website\"},\"primaryImageOfPage\":{\"@id\":\"https:\\\/\\\/laredlarioja.com.ar\\\/sitio\\\/63452-2\\\/#primaryimage\"},\"image\":{\"@id\":\"https:\\\/\\\/laredlarioja.com.ar\\\/sitio\\\/63452-2\\\/#primaryimage\"},\"thumbnailUrl\":\"https:\\\/\\\/laredlarioja.com.ar\\\/sitio\\\/wp-content\\\/uploads\\\/2025\\\/06\\\/fin-uso-barbijo-provincias-se-adhieren-medidas-nacion-962295-164109.jpg\",\"datePublished\":\"2025-06-24T13:49:04+00:00\",\"dateModified\":\"2025-06-25T13:20:39+00:00\",\"breadcrumb\":{\"@id\":\"https:\\\/\\\/laredlarioja.com.ar\\\/sitio\\\/63452-2\\\/#breadcrumb\"},\"inLanguage\":\"es\",\"potentialAction\":[{\"@type\":\"ReadAction\",\"target\":[\"https:\\\/\\\/laredlarioja.com.ar\\\/sitio\\\/63452-2\\\/\"]}]},{\"@type\":\"ImageObject\",\"inLanguage\":\"es\",\"@id\":\"https:\\\/\\\/laredlarioja.com.ar\\\/sitio\\\/63452-2\\\/#primaryimage\",\"url\":\"https:\\\/\\\/laredlarioja.com.ar\\\/sitio\\\/wp-content\\\/uploads\\\/2025\\\/06\\\/fin-uso-barbijo-provincias-se-adhieren-medidas-nacion-962295-164109.jpg\",\"contentUrl\":\"https:\\\/\\\/laredlarioja.com.ar\\\/sitio\\\/wp-content\\\/uploads\\\/2025\\\/06\\\/fin-uso-barbijo-provincias-se-adhieren-medidas-nacion-962295-164109.jpg\",\"width\":960,\"height\":600},{\"@type\":\"BreadcrumbList\",\"@id\":\"https:\\\/\\\/laredlarioja.com.ar\\\/sitio\\\/63452-2\\\/#breadcrumb\",\"itemListElement\":[{\"@type\":\"ListItem\",\"position\":1,\"name\":\"Portada\",\"item\":\"https:\\\/\\\/laredlarioja.com.ar\\\/sitio\\\/\"},{\"@type\":\"ListItem\",\"position\":2,\"name\":\"La Municipalidad impuso el uso de barbijos en oficinas: \u201cHay que volver a activar responsabilidad ciudadana\u201d\"}]},{\"@type\":\"WebSite\",\"@id\":\"https:\\\/\\\/laredlarioja.com.ar\\\/sitio\\\/#website\",\"url\":\"https:\\\/\\\/laredlarioja.com.ar\\\/sitio\\\/\",\"name\":\"LA RED 88.3 LA RIOJA\",\"description\":\"Sitio de Noticias\",\"publisher\":{\"@id\":\"https:\\\/\\\/laredlarioja.com.ar\\\/sitio\\\/#organization\"},\"potentialAction\":[{\"@type\":\"SearchAction\",\"target\":{\"@type\":\"EntryPoint\",\"urlTemplate\":\"https:\\\/\\\/laredlarioja.com.ar\\\/sitio\\\/?s={search_term_string}\"},\"query-input\":{\"@type\":\"PropertyValueSpecification\",\"valueRequired\":true,\"valueName\":\"search_term_string\"}}],\"inLanguage\":\"es\"},{\"@type\":\"Organization\",\"@id\":\"https:\\\/\\\/laredlarioja.com.ar\\\/sitio\\\/#organization\",\"name\":\"LA RED 88.3 LA RIOJA\",\"url\":\"https:\\\/\\\/laredlarioja.com.ar\\\/sitio\\\/\",\"logo\":{\"@type\":\"ImageObject\",\"inLanguage\":\"es\",\"@id\":\"https:\\\/\\\/laredlarioja.com.ar\\\/sitio\\\/#\\\/schema\\\/logo\\\/image\\\/\",\"url\":\"https:\\\/\\\/laredlarioja.com.ar\\\/sitio\\\/wp-content\\\/uploads\\\/2025\\\/05\\\/LOGO-LA-RED.png\",\"contentUrl\":\"https:\\\/\\\/laredlarioja.com.ar\\\/sitio\\\/wp-content\\\/uploads\\\/2025\\\/05\\\/LOGO-LA-RED.png\",\"width\":193,\"height\":340,\"caption\":\"LA RED 88.3 LA RIOJA\"},\"image\":{\"@id\":\"https:\\\/\\\/laredlarioja.com.ar\\\/sitio\\\/#\\\/schema\\\/logo\\\/image\\\/\"},\"sameAs\":[\"https:\\\/\\\/www.facebook.com\\\/lared.larioja\",\"https:\\\/\\\/x.com\\\/laredlarioja1\",\"https:\\\/\\\/www.instagram.com\\\/lared_larioja\\\/\"]},{\"@type\":\"Person\",\"@id\":\"https:\\\/\\\/laredlarioja.com.ar\\\/sitio\\\/#\\\/schema\\\/person\\\/f1e213867beccedaaa4fb548d9259d9a\",\"name\":\"La Red\",\"url\":\"https:\\\/\\\/laredlarioja.com.ar\\\/sitio\\\/author\\\/lared\\\/\"}]}<\/script>\n<!-- \/ Yoast SEO plugin. -->","yoast_head_json":{"title":"La Municipalidad impuso el uso de barbijos en oficinas: \u201cHay que volver a activar responsabilidad ciudadana\u201d - LA RED 88.3 LA RIOJA","robots":{"index":"index","follow":"follow","max-snippet":"max-snippet:-1","max-image-preview":"max-image-preview:large","max-video-preview":"max-video-preview:-1"},"canonical":"https:\/\/laredlarioja.com.ar\/sitio\/63452-2\/","og_locale":"es_ES","og_type":"article","og_title":"La Municipalidad impuso el uso de barbijos en oficinas: \u201cHay que volver a activar responsabilidad ciudadana\u201d - LA RED 88.3 LA RIOJA","og_description":"La Municipalidad de La Rioja dispuso el uso obligatorio de barbijos para todo el personal que trabaja en","og_url":"https:\/\/laredlarioja.com.ar\/sitio\/63452-2\/","og_site_name":"LA RED 88.3 LA RIOJA","article_publisher":"https:\/\/www.facebook.com\/lared.larioja","article_published_time":"2025-06-24T13:49:04+00:00","article_modified_time":"2025-06-25T13:20:39+00:00","og_image":[{"width":960,"height":600,"url":"https:\/\/laredlarioja.com.ar\/sitio\/wp-content\/uploads\/2025\/06\/fin-uso-barbijo-provincias-se-adhieren-medidas-nacion-962295-164109.jpg","type":"image\/jpeg"}],"author":"La Red","twitter_card":"summary_large_image","twitter_creator":"@laredlarioja1","twitter_site":"@laredlarioja1","twitter_misc":{"Escrito por":"La Red","Tiempo de lectura":"2 minutos"},"schema":{"@context":"https:\/\/schema.org","@graph":[{"@type":"Article","@id":"https:\/\/laredlarioja.com.ar\/sitio\/63452-2\/#article","isPartOf":{"@id":"https:\/\/laredlarioja.com.ar\/sitio\/63452-2\/"},"author":{"name":"La Red","@id":"https:\/\/laredlarioja.com.ar\/sitio\/#\/schema\/person\/f1e213867beccedaaa4fb548d9259d9a"},"headline":"La Municipalidad impuso el uso de barbijos en oficinas: \u201cHay que volver a activar responsabilidad ciudadana\u201d","datePublished":"2025-06-24T13:49:04+00:00","dateModified":"2025-06-25T13:20:39+00:00","mainEntityOfPage":{"@id":"https:\/\/laredlarioja.com.ar\/sitio\/63452-2\/"},"wordCount":407,"publisher":{"@id":"https:\/\/laredlarioja.com.ar\/sitio\/#organization"},"image":{"@id":"https:\/\/laredlarioja.com.ar\/sitio\/63452-2\/#primaryimage"},"thumbnailUrl":"https:\/\/laredlarioja.com.ar\/sitio\/wp-content\/uploads\/2025\/06\/fin-uso-barbijo-provincias-se-adhieren-medidas-nacion-962295-164109.jpg","articleSection":["Locales"],"inLanguage":"es"},{"@type":"WebPage","@id":"https:\/\/laredlarioja.com.ar\/sitio\/63452-2\/","url":"https:\/\/laredlarioja.com.ar\/sitio\/63452-2\/","name":"La Municipalidad impuso el uso de barbijos en oficinas: \u201cHay que volver a activar responsabilidad ciudadana\u201d - LA RED 88.3 LA RIOJA","isPartOf":{"@id":"https:\/\/laredlarioja.com.ar\/sitio\/#website"},"primaryImageOfPage":{"@id":"https:\/\/laredlarioja.com.ar\/sitio\/63452-2\/#primaryimage"},"image":{"@id":"https:\/\/laredlarioja.com.ar\/sitio\/63452-2\/#primaryimage"},"thumbnailUrl":"https:\/\/laredlarioja.com.ar\/sitio\/wp-content\/uploads\/2025\/06\/fin-uso-barbijo-provincias-se-adhieren-medidas-nacion-962295-164109.jpg","datePublished":"2025-06-24T13:49:04+00:00","dateModified":"2025-06-25T13:20:39+00:00","breadcrumb":{"@id":"https:\/\/laredlarioja.com.ar\/sitio\/63452-2\/#breadcrumb"},"inLanguage":"es","potentialAction":[{"@type":"ReadAction","target":["https:\/\/laredlarioja.com.ar\/sitio\/63452-2\/"]}]},{"@type":"ImageObject","inLanguage":"es","@id":"https:\/\/laredlarioja.com.ar\/sitio\/63452-2\/#primaryimage","url":"https:\/\/laredlarioja.com.ar\/sitio\/wp-content\/uploads\/2025\/06\/fin-uso-barbijo-provincias-se-adhieren-medidas-nacion-962295-164109.jpg","contentUrl":"https:\/\/laredlarioja.com.ar\/sitio\/wp-content\/uploads\/2025\/06\/fin-uso-barbijo-provincias-se-adhieren-medidas-nacion-962295-164109.jpg","width":960,"height":600},{"@type":"BreadcrumbList","@id":"https:\/\/laredlarioja.com.ar\/sitio\/63452-2\/#breadcrumb","itemListElement":[{"@type":"ListItem","position":1,"name":"Portada","item":"https:\/\/laredlarioja.com.ar\/sitio\/"},{"@type":"ListItem","position":2,"name":"La Municipalidad impuso el uso de barbijos en oficinas: \u201cHay que volver a activar responsabilidad ciudadana\u201d"}]},{"@type":"WebSite","@id":"https:\/\/laredlarioja.com.ar\/sitio\/#website","url":"https:\/\/laredlarioja.com.ar\/sitio\/","name":"LA RED 88.3 LA RIOJA","description":"Sitio de Noticias","publisher":{"@id":"https:\/\/laredlarioja.com.ar\/sitio\/#organization"},"potentialAction":[{"@type":"SearchAction","target":{"@type":"EntryPoint","urlTemplate":"https:\/\/laredlarioja.com.ar\/sitio\/?s={search_term_string}"},"query-input":{"@type":"PropertyValueSpecification","valueRequired":true,"valueName":"search_term_string"}}],"inLanguage":"es"},{"@type":"Organization","@id":"https:\/\/laredlarioja.com.ar\/sitio\/#organization","name":"LA RED 88.3 LA RIOJA","url":"https:\/\/laredlarioja.com.ar\/sitio\/","logo":{"@type":"ImageObject","inLanguage":"es","@id":"https:\/\/laredlarioja.com.ar\/sitio\/#\/schema\/logo\/image\/","url":"https:\/\/laredlarioja.com.ar\/sitio\/wp-content\/uploads\/2025\/05\/LOGO-LA-RED.png","contentUrl":"https:\/\/laredlarioja.com.ar\/sitio\/wp-content\/uploads\/2025\/05\/LOGO-LA-RED.png","width":193,"height":340,"caption":"LA RED 88.3 LA RIOJA"},"image":{"@id":"https:\/\/laredlarioja.com.ar\/sitio\/#\/schema\/logo\/image\/"},"sameAs":["https:\/\/www.facebook.com\/lared.larioja","https:\/\/x.com\/laredlarioja1","https:\/\/www.instagram.com\/lared_larioja\/"]},{"@type":"Person","@id":"https:\/\/laredlarioja.com.ar\/sitio\/#\/schema\/person\/f1e213867beccedaaa4fb548d9259d9a","name":"La Red","url":"https:\/\/laredlarioja.com.ar\/sitio\/author\/lared\/"}]}},"featured_image_urls":{"full":["https:\/\/laredlarioja.com.ar\/sitio\/wp-content\/uploads\/2025\/06\/fin-uso-barbijo-provincias-se-adhieren-medidas-nacion-962295-164109.jpg",960,600,false],"thumbnail":["https:\/\/laredlarioja.com.ar\/sitio\/wp-content\/uploads\/2025\/06\/fin-uso-barbijo-provincias-se-adhieren-medidas-nacion-962295-164109-150x150.jpg",150,150,true],"medium":["https:\/\/laredlarioja.com.ar\/sitio\/wp-content\/uploads\/2025\/06\/fin-uso-barbijo-provincias-se-adhieren-medidas-nacion-962295-164109-300x188.jpg",300,188,true],"medium_large":["https:\/\/laredlarioja.com.ar\/sitio\/wp-content\/uploads\/2025\/06\/fin-uso-barbijo-provincias-se-adhieren-medidas-nacion-962295-164109-768x480.jpg",640,400,true],"large":["https:\/\/laredlarioja.com.ar\/sitio\/wp-content\/uploads\/2025\/06\/fin-uso-barbijo-provincias-se-adhieren-medidas-nacion-962295-164109.jpg",640,400,false],"1536x1536":["https:\/\/laredlarioja.com.ar\/sitio\/wp-content\/uploads\/2025\/06\/fin-uso-barbijo-provincias-se-adhieren-medidas-nacion-962295-164109.jpg",960,600,false],"2048x2048":["https:\/\/laredlarioja.com.ar\/sitio\/wp-content\/uploads\/2025\/06\/fin-uso-barbijo-provincias-se-adhieren-medidas-nacion-962295-164109.jpg",960,600,false],"cvmm-medium":["https:\/\/laredlarioja.com.ar\/sitio\/wp-content\/uploads\/2025\/06\/fin-uso-barbijo-provincias-se-adhieren-medidas-nacion-962295-164109-300x300.jpg",300,300,true],"cvmm-medium-plus":["https:\/\/laredlarioja.com.ar\/sitio\/wp-content\/uploads\/2025\/06\/fin-uso-barbijo-provincias-se-adhieren-medidas-nacion-962295-164109-305x207.jpg",305,207,true],"cvmm-portrait":["https:\/\/laredlarioja.com.ar\/sitio\/wp-content\/uploads\/2025\/06\/fin-uso-barbijo-provincias-se-adhieren-medidas-nacion-962295-164109-400x600.jpg",400,600,true],"cvmm-medium-square":["https:\/\/laredlarioja.com.ar\/sitio\/wp-content\/uploads\/2025\/06\/fin-uso-barbijo-provincias-se-adhieren-medidas-nacion-962295-164109-600x600.jpg",600,600,true],"cvmm-large":["https:\/\/laredlarioja.com.ar\/sitio\/wp-content\/uploads\/2025\/06\/fin-uso-barbijo-provincias-se-adhieren-medidas-nacion-962295-164109.jpg",960,600,false],"cvmm-small":["https:\/\/laredlarioja.com.ar\/sitio\/wp-content\/uploads\/2025\/06\/fin-uso-barbijo-provincias-se-adhieren-medidas-nacion-962295-164109-130x95.jpg",130,95,true],"morenews-large":["https:\/\/laredlarioja.com.ar\/sitio\/wp-content\/uploads\/2025\/06\/fin-uso-barbijo-provincias-se-adhieren-medidas-nacion-962295-164109-825x575.jpg",825,575,true],"morenews-medium":["https:\/\/laredlarioja.com.ar\/sitio\/wp-content\/uploads\/2025\/06\/fin-uso-barbijo-provincias-se-adhieren-medidas-nacion-962295-164109-590x410.jpg",590,410,true]},"author_info":{"display_name":"La Red","author_link":"https:\/\/laredlarioja.com.ar\/sitio\/author\/lared\/"},"category_info":"<a href=\"https:\/\/laredlarioja.com.ar\/sitio\/categorias\/locales\/\" rel=\"category tag\">Locales<\/a>","tag_info":"Locales","comment_count":"0","blog_post_layout_featured_media_urls":{"thumbnail":["https:\/\/laredlarioja.com.ar\/sitio\/wp-content\/uploads\/2025\/06\/fin-uso-barbijo-provincias-se-adhieren-medidas-nacion-962295-164109-150x150.jpg",150,150,true],"full":["https:\/\/laredlarioja.com.ar\/sitio\/wp-content\/uploads\/2025\/06\/fin-uso-barbijo-provincias-se-adhieren-medidas-nacion-962295-164109.jpg",960,600,false]},"categories_names":{"94":{"name":"Locales","link":"https:\/\/laredlarioja.com.ar\/sitio\/categorias\/locales\/"}},"tags_names":[],"comments_number":"0","wpmagazine_modules_lite_featured_media_urls":{"thumbnail":["https:\/\/laredlarioja.com.ar\/sitio\/wp-content\/uploads\/2025\/06\/fin-uso-barbijo-provincias-se-adhieren-medidas-nacion-962295-164109-150x150.jpg",150,150,true],"cvmm-medium":["https:\/\/laredlarioja.com.ar\/sitio\/wp-content\/uploads\/2025\/06\/fin-uso-barbijo-provincias-se-adhieren-medidas-nacion-962295-164109-300x300.jpg",300,300,true],"cvmm-medium-plus":["https:\/\/laredlarioja.com.ar\/sitio\/wp-content\/uploads\/2025\/06\/fin-uso-barbijo-provincias-se-adhieren-medidas-nacion-962295-164109-305x207.jpg",305,207,true],"cvmm-portrait":["https:\/\/laredlarioja.com.ar\/sitio\/wp-content\/uploads\/2025\/06\/fin-uso-barbijo-provincias-se-adhieren-medidas-nacion-962295-164109-400x600.jpg",400,600,true],"cvmm-medium-square":["https:\/\/laredlarioja.com.ar\/sitio\/wp-content\/uploads\/2025\/06\/fin-uso-barbijo-provincias-se-adhieren-medidas-nacion-962295-164109-600x600.jpg",600,600,true],"cvmm-large":["https:\/\/laredlarioja.com.ar\/sitio\/wp-content\/uploads\/2025\/06\/fin-uso-barbijo-provincias-se-adhieren-medidas-nacion-962295-164109.jpg",960,600,false],"cvmm-small":["https:\/\/laredlarioja.com.ar\/sitio\/wp-content\/uploads\/2025\/06\/fin-uso-barbijo-provincias-se-adhieren-medidas-nacion-962295-164109-130x95.jpg",130,95,true],"full":["https:\/\/laredlarioja.com.ar\/sitio\/wp-content\/uploads\/2025\/06\/fin-uso-barbijo-provincias-se-adhieren-medidas-nacion-962295-164109.jpg",960,600,false]},"_links":{"self":[{"href":"https:\/\/laredlarioja.com.ar\/sitio\/wp-json\/wp\/v2\/posts\/63452","targetHints":{"allow":["GET"]}}],"collection":[{"href":"https:\/\/laredlarioja.com.ar\/sitio\/wp-json\/wp\/v2\/posts"}],"about":[{"href":"https:\/\/laredlarioja.com.ar\/sitio\/wp-json\/wp\/v2\/types\/post"}],"author":[{"embeddable":true,"href":"https:\/\/laredlarioja.com.ar\/sitio\/wp-json\/wp\/v2\/users\/10"}],"replies":[{"embeddable":true,"href":"https:\/\/laredlarioja.com.ar\/sitio\/wp-json\/wp\/v2\/comments?post=63452"}],"version-history":[{"count":2,"href":"https:\/\/laredlarioja.com.ar\/sitio\/wp-json\/wp\/v2\/posts\/63452\/revisions"}],"predecessor-version":[{"id":63454,"href":"https:\/\/laredlarioja.com.ar\/sitio\/wp-json\/wp\/v2\/posts\/63452\/revisions\/63454"}],"wp:featuredmedia":[{"embeddable":true,"href":"https:\/\/laredlarioja.com.ar\/sitio\/wp-json\/wp\/v2\/media\/63292"}],"wp:attachment":[{"href":"https:\/\/laredlarioja.com.ar\/sitio\/wp-json\/wp\/v2\/media?parent=63452"}],"wp:term":[{"taxonomy":"category","embeddable":true,"href":"https:\/\/laredlarioja.com.ar\/sitio\/wp-json\/wp\/v2\/categories?post=63452"},{"taxonomy":"post_tag","embeddable":true,"href":"https:\/\/laredlarioja.com.ar\/sitio\/wp-json\/wp\/v2\/tags?post=63452"}],"curies":[{"name":"wp","href":"https:\/\/api.w.org\/{rel}","templated":true}]}}