{"id":63456,"date":"2025-06-24T15:04:59","date_gmt":"2025-06-24T15:04:59","guid":{"rendered":"https:\/\/laredlarioja.com.ar\/sitio\/?p=63456"},"modified":"2025-06-25T14:51:09","modified_gmt":"2025-06-25T14:51:09","slug":"la-hermana-de-maria-ines-quinteros-apunto-a-la-ex-pareja-y-sus-hijos-vivia-llena-de-maltratos","status":"publish","type":"post","link":"https:\/\/laredlarioja.com.ar\/sitio\/la-hermana-de-maria-ines-quinteros-apunto-a-la-ex-pareja-y-sus-hijos-vivia-llena-de-maltratos\/","title":{"rendered":"La hermana de Quintero apunt\u00f3 a la ex pareja y sus hijos y dice que \u00abya no tienen esperanza de encontrarla viva\u00bb"},"content":{"rendered":"<div class=\"wp-playlist wp-audio-playlist wp-playlist-light\">\n\t\t\t<div class=\"wp-playlist-current-item\"><\/div>\n\t\t<audio controls=\"controls\" preload=\"none\" width=\"618\"\n\t\t\t><\/audio>\n\t<div class=\"wp-playlist-next\"><\/div>\n\t<div class=\"wp-playlist-prev\"><\/div>\n\t<noscript>\n\t<ol>\n\t\t<li><a href='https:\/\/laredlarioja.com.ar\/sitio\/wp-content\/uploads\/2025\/06\/Laura-Quintero.mp3'>Laura Quintero<\/a><\/li>\t<\/ol>\n\t<\/noscript>\n\t<script type=\"application\/json\" class=\"wp-playlist-script\">{\"type\":\"audio\",\"tracklist\":true,\"tracknumbers\":true,\"images\":true,\"artists\":true,\"tracks\":[{\"src\":\"https:\/\/laredlarioja.com.ar\/sitio\/wp-content\/uploads\/2025\/06\/Laura-Quintero.mp3\",\"type\":\"audio\/mpeg\",\"title\":\"Laura Quintero\",\"caption\":\"\",\"description\":\"\\u00abLaura Quintero\\u00bb. Lanzamiento: 2025. G\\u00e9nero: Other.\",\"meta\":{\"genre\":\"Other\",\"year\":\"2025\",\"length_formatted\":\"22:25\"},\"image\":{\"src\":\"https:\/\/laredlarioja.com.ar\/sitio\/wp-includes\/images\/media\/audio.svg\",\"width\":48,\"height\":64},\"thumb\":{\"src\":\"https:\/\/laredlarioja.com.ar\/sitio\/wp-includes\/images\/media\/audio.svg\",\"width\":48,\"height\":64}}]}<\/script>\n<\/div>\n\t\n<p data-start=\"256\" data-end=\"526\">Laura Quintero, hermana de Mar\u00eda In\u00e9s Quintero \u2014la mujer desaparecida en La Rioja cuya ex pareja se encuentra detenida\u2014 brind\u00f3 un testimonio desgarrador en <strong data-start=\"414\" data-end=\"439\">Radio La Red La Rioja<\/strong>, donde relat\u00f3 los constantes maltratos que sufr\u00eda su hermana antes de su desaparici\u00f3n. <strong>\u201cViv\u00eda llena de maltratos de parte del individuo \u2014ya ni lo quiero nombrar\u2014 y tambi\u00e9n de los hijos. Malos hijos que ella tiene\u201d,<\/strong> dijo con dolor, en un mensaje directo y sin eufemismos.<\/p>\n<p data-start=\"715\" data-end=\"1014\">Durante la entrevista, Laura hizo un fuerte llamado a la Justicia para que el caso avance sin dilaciones y se esclarezcan los hechos. La desaparici\u00f3n de Mar\u00eda In\u00e9s mantiene en vilo a su familia y al entorno cercano, mientras <strong data-start=\"940\" data-end=\"1013\">la causa sigue en investigaci\u00f3n con su ex pareja actualmente detenida<\/strong>.<\/p>\n<p data-start=\"1016\" data-end=\"1235\">\u201cSe sent\u00eda sola, triste, apagada. A veces no hablaba por miedo. Y eso lo ve\u00edamos\u201d, sostuvo Laura, quien se\u00f1al\u00f3 que su hermana estaba atrapada en un c\u00edrculo de violencia que se extend\u00eda m\u00e1s all\u00e1 de la relaci\u00f3n de pareja.<\/p>\n<p data-start=\"1237\" data-end=\"1403\">La mujer asegur\u00f3 que el maltrato era cotidiano y que Mar\u00eda In\u00e9s hab\u00eda sido silenciada durante a\u00f1os. \u201c<strong data-start=\"1338\" data-end=\"1392\">No ten\u00eda paz, y nunca tuvo el respaldo que merec\u00eda<\/strong>\u201d, lament\u00f3. A pesar del dolor, <strong data-start=\"1424\" data-end=\"1495\">Laura mantiene viva la esperanza de encontrar a su hermana con vida<\/strong>: \u201cHasta el \u00faltimo segundo vamos a seguir busc\u00e1ndola. Yo tengo fe, mi coraz\u00f3n me dice que est\u00e1 viva, en alg\u00fan lugar. No voy a parar hasta abrazarla de nuevo.\u201d<\/p>\n<p data-start=\"1659\" data-end=\"1926\">La declaraci\u00f3n p\u00fablica de Laura Quintero representa un nuevo impulso en el pedido de justicia por su hermana. La familia exige <strong data-start=\"1787\" data-end=\"1847\">celeridad en la investigaci\u00f3n y contenci\u00f3n institucional<\/strong>, mientras se intensifica la presi\u00f3n social para que se esclarezca lo ocurrido.<\/p>\n<p data-start=\"1659\" data-end=\"1926\">\u00abEl trabajo de nosotros es ayudarla a buscar a mi hermana. Esto no se puede quedar impune la desaparici\u00f3n de Nen\u00e9 porque si bien ya no tenemos la esperanza de encontrarla con vida vamos a ir con todo y contra todos\u00bb, expres\u00f3, la hermana.<\/p>\n","protected":false},"excerpt":{"rendered":"<p>Laura Quintero, hermana de Mar\u00eda In\u00e9s Quintero \u2014la mujer desaparecida en La Rioja cuya ex pareja se encuentra<\/p>\n","protected":false},"author":10,"featured_media":63457,"comment_status":"closed","ping_status":"open","sticky":false,"template":"","format":"standard","meta":{"footnotes":""},"categories":[24],"tags":[],"class_list":["post-63456","post","type-post","status-publish","format-standard","has-post-thumbnail","hentry","category-informacion-general"],"yoast_head":"<!-- This site is optimized with the Yoast SEO plugin v27.4 - https:\/\/yoast.com\/product\/yoast-seo-wordpress\/ -->\n<title>La hermana de Quintero apunt\u00f3 a la ex pareja y sus hijos y dice que &quot;ya no tienen esperanza de encontrarla viva&quot; - LA RED 88.3 LA RIOJA<\/title>\n<meta name=\"robots\" content=\"index, follow, max-snippet:-1, max-image-preview:large, max-video-preview:-1\" \/>\n<link rel=\"canonical\" href=\"https:\/\/laredlarioja.com.ar\/sitio\/la-hermana-de-maria-ines-quinteros-apunto-a-la-ex-pareja-y-sus-hijos-vivia-llena-de-maltratos\/\" \/>\n<meta property=\"og:locale\" content=\"es_ES\" \/>\n<meta property=\"og:type\" content=\"article\" \/>\n<meta property=\"og:title\" content=\"La hermana de Quintero apunt\u00f3 a la ex pareja y sus hijos y dice que &quot;ya no tienen esperanza de encontrarla viva&quot; - LA RED 88.3 LA RIOJA\" \/>\n<meta property=\"og:description\" content=\"Laura Quintero, hermana de Mar\u00eda In\u00e9s Quintero \u2014la mujer desaparecida en La Rioja cuya ex pareja se encuentra\" \/>\n<meta property=\"og:url\" content=\"https:\/\/laredlarioja.com.ar\/sitio\/la-hermana-de-maria-ines-quinteros-apunto-a-la-ex-pareja-y-sus-hijos-vivia-llena-de-maltratos\/\" \/>\n<meta property=\"og:site_name\" content=\"LA RED 88.3 LA RIOJA\" \/>\n<meta property=\"article:publisher\" content=\"https:\/\/www.facebook.com\/lared.larioja\" \/>\n<meta property=\"article:published_time\" content=\"2025-06-24T15:04:59+00:00\" \/>\n<meta property=\"article:modified_time\" content=\"2025-06-25T14:51:09+00:00\" \/>\n<meta property=\"og:image\" content=\"https:\/\/laredlarioja.com.ar\/sitio\/wp-content\/uploads\/2025\/06\/WhatsApp-Image-2025-06-24-at-11.27.30.jpeg\" \/>\n\t<meta property=\"og:image:width\" content=\"720\" \/>\n\t<meta property=\"og:image:height\" content=\"415\" \/>\n\t<meta property=\"og:image:type\" content=\"image\/jpeg\" \/>\n<meta name=\"author\" content=\"La Red\" \/>\n<meta name=\"twitter:card\" content=\"summary_large_image\" \/>\n<meta name=\"twitter:creator\" content=\"@laredlarioja1\" \/>\n<meta name=\"twitter:site\" content=\"@laredlarioja1\" \/>\n<meta name=\"twitter:label1\" content=\"Escrito por\" \/>\n\t<meta name=\"twitter:data1\" content=\"La Red\" \/>\n\t<meta name=\"twitter:label2\" content=\"Tiempo de lectura\" \/>\n\t<meta name=\"twitter:data2\" content=\"2 minutos\" \/>\n<script type=\"application\/ld+json\" class=\"yoast-schema-graph\">{\"@context\":\"https:\\\/\\\/schema.org\",\"@graph\":[{\"@type\":\"Article\",\"@id\":\"https:\\\/\\\/laredlarioja.com.ar\\\/sitio\\\/la-hermana-de-maria-ines-quinteros-apunto-a-la-ex-pareja-y-sus-hijos-vivia-llena-de-maltratos\\\/#article\",\"isPartOf\":{\"@id\":\"https:\\\/\\\/laredlarioja.com.ar\\\/sitio\\\/la-hermana-de-maria-ines-quinteros-apunto-a-la-ex-pareja-y-sus-hijos-vivia-llena-de-maltratos\\\/\"},\"author\":{\"name\":\"La Red\",\"@id\":\"https:\\\/\\\/laredlarioja.com.ar\\\/sitio\\\/#\\\/schema\\\/person\\\/f1e213867beccedaaa4fb548d9259d9a\"},\"headline\":\"La hermana de Quintero apunt\u00f3 a la ex pareja y sus hijos y dice que \u00abya no tienen esperanza de encontrarla viva\u00bb\",\"datePublished\":\"2025-06-24T15:04:59+00:00\",\"dateModified\":\"2025-06-25T14:51:09+00:00\",\"mainEntityOfPage\":{\"@id\":\"https:\\\/\\\/laredlarioja.com.ar\\\/sitio\\\/la-hermana-de-maria-ines-quinteros-apunto-a-la-ex-pareja-y-sus-hijos-vivia-llena-de-maltratos\\\/\"},\"wordCount\":377,\"publisher\":{\"@id\":\"https:\\\/\\\/laredlarioja.com.ar\\\/sitio\\\/#organization\"},\"image\":{\"@id\":\"https:\\\/\\\/laredlarioja.com.ar\\\/sitio\\\/la-hermana-de-maria-ines-quinteros-apunto-a-la-ex-pareja-y-sus-hijos-vivia-llena-de-maltratos\\\/#primaryimage\"},\"thumbnailUrl\":\"https:\\\/\\\/laredlarioja.com.ar\\\/sitio\\\/wp-content\\\/uploads\\\/2025\\\/06\\\/WhatsApp-Image-2025-06-24-at-11.27.30.jpeg\",\"articleSection\":[\"Informaci\u00f3n General\"],\"inLanguage\":\"es\"},{\"@type\":\"WebPage\",\"@id\":\"https:\\\/\\\/laredlarioja.com.ar\\\/sitio\\\/la-hermana-de-maria-ines-quinteros-apunto-a-la-ex-pareja-y-sus-hijos-vivia-llena-de-maltratos\\\/\",\"url\":\"https:\\\/\\\/laredlarioja.com.ar\\\/sitio\\\/la-hermana-de-maria-ines-quinteros-apunto-a-la-ex-pareja-y-sus-hijos-vivia-llena-de-maltratos\\\/\",\"name\":\"La hermana de Quintero apunt\u00f3 a la ex pareja y sus hijos y dice que \\\"ya no tienen esperanza de encontrarla viva\\\" - LA RED 88.3 LA RIOJA\",\"isPartOf\":{\"@id\":\"https:\\\/\\\/laredlarioja.com.ar\\\/sitio\\\/#website\"},\"primaryImageOfPage\":{\"@id\":\"https:\\\/\\\/laredlarioja.com.ar\\\/sitio\\\/la-hermana-de-maria-ines-quinteros-apunto-a-la-ex-pareja-y-sus-hijos-vivia-llena-de-maltratos\\\/#primaryimage\"},\"image\":{\"@id\":\"https:\\\/\\\/laredlarioja.com.ar\\\/sitio\\\/la-hermana-de-maria-ines-quinteros-apunto-a-la-ex-pareja-y-sus-hijos-vivia-llena-de-maltratos\\\/#primaryimage\"},\"thumbnailUrl\":\"https:\\\/\\\/laredlarioja.com.ar\\\/sitio\\\/wp-content\\\/uploads\\\/2025\\\/06\\\/WhatsApp-Image-2025-06-24-at-11.27.30.jpeg\",\"datePublished\":\"2025-06-24T15:04:59+00:00\",\"dateModified\":\"2025-06-25T14:51:09+00:00\",\"breadcrumb\":{\"@id\":\"https:\\\/\\\/laredlarioja.com.ar\\\/sitio\\\/la-hermana-de-maria-ines-quinteros-apunto-a-la-ex-pareja-y-sus-hijos-vivia-llena-de-maltratos\\\/#breadcrumb\"},\"inLanguage\":\"es\",\"potentialAction\":[{\"@type\":\"ReadAction\",\"target\":[\"https:\\\/\\\/laredlarioja.com.ar\\\/sitio\\\/la-hermana-de-maria-ines-quinteros-apunto-a-la-ex-pareja-y-sus-hijos-vivia-llena-de-maltratos\\\/\"]}]},{\"@type\":\"ImageObject\",\"inLanguage\":\"es\",\"@id\":\"https:\\\/\\\/laredlarioja.com.ar\\\/sitio\\\/la-hermana-de-maria-ines-quinteros-apunto-a-la-ex-pareja-y-sus-hijos-vivia-llena-de-maltratos\\\/#primaryimage\",\"url\":\"https:\\\/\\\/laredlarioja.com.ar\\\/sitio\\\/wp-content\\\/uploads\\\/2025\\\/06\\\/WhatsApp-Image-2025-06-24-at-11.27.30.jpeg\",\"contentUrl\":\"https:\\\/\\\/laredlarioja.com.ar\\\/sitio\\\/wp-content\\\/uploads\\\/2025\\\/06\\\/WhatsApp-Image-2025-06-24-at-11.27.30.jpeg\",\"width\":720,\"height\":415},{\"@type\":\"BreadcrumbList\",\"@id\":\"https:\\\/\\\/laredlarioja.com.ar\\\/sitio\\\/la-hermana-de-maria-ines-quinteros-apunto-a-la-ex-pareja-y-sus-hijos-vivia-llena-de-maltratos\\\/#breadcrumb\",\"itemListElement\":[{\"@type\":\"ListItem\",\"position\":1,\"name\":\"Portada\",\"item\":\"https:\\\/\\\/laredlarioja.com.ar\\\/sitio\\\/\"},{\"@type\":\"ListItem\",\"position\":2,\"name\":\"La hermana de Quintero apunt\u00f3 a la ex pareja y sus hijos y dice que \u00abya no tienen esperanza de encontrarla viva\u00bb\"}]},{\"@type\":\"WebSite\",\"@id\":\"https:\\\/\\\/laredlarioja.com.ar\\\/sitio\\\/#website\",\"url\":\"https:\\\/\\\/laredlarioja.com.ar\\\/sitio\\\/\",\"name\":\"LA RED 88.3 LA RIOJA\",\"description\":\"Sitio de Noticias\",\"publisher\":{\"@id\":\"https:\\\/\\\/laredlarioja.com.ar\\\/sitio\\\/#organization\"},\"potentialAction\":[{\"@type\":\"SearchAction\",\"target\":{\"@type\":\"EntryPoint\",\"urlTemplate\":\"https:\\\/\\\/laredlarioja.com.ar\\\/sitio\\\/?s={search_term_string}\"},\"query-input\":{\"@type\":\"PropertyValueSpecification\",\"valueRequired\":true,\"valueName\":\"search_term_string\"}}],\"inLanguage\":\"es\"},{\"@type\":\"Organization\",\"@id\":\"https:\\\/\\\/laredlarioja.com.ar\\\/sitio\\\/#organization\",\"name\":\"LA RED 88.3 LA RIOJA\",\"url\":\"https:\\\/\\\/laredlarioja.com.ar\\\/sitio\\\/\",\"logo\":{\"@type\":\"ImageObject\",\"inLanguage\":\"es\",\"@id\":\"https:\\\/\\\/laredlarioja.com.ar\\\/sitio\\\/#\\\/schema\\\/logo\\\/image\\\/\",\"url\":\"https:\\\/\\\/laredlarioja.com.ar\\\/sitio\\\/wp-content\\\/uploads\\\/2025\\\/05\\\/LOGO-LA-RED.png\",\"contentUrl\":\"https:\\\/\\\/laredlarioja.com.ar\\\/sitio\\\/wp-content\\\/uploads\\\/2025\\\/05\\\/LOGO-LA-RED.png\",\"width\":193,\"height\":340,\"caption\":\"LA RED 88.3 LA RIOJA\"},\"image\":{\"@id\":\"https:\\\/\\\/laredlarioja.com.ar\\\/sitio\\\/#\\\/schema\\\/logo\\\/image\\\/\"},\"sameAs\":[\"https:\\\/\\\/www.facebook.com\\\/lared.larioja\",\"https:\\\/\\\/x.com\\\/laredlarioja1\",\"https:\\\/\\\/www.instagram.com\\\/lared_larioja\\\/\"]},{\"@type\":\"Person\",\"@id\":\"https:\\\/\\\/laredlarioja.com.ar\\\/sitio\\\/#\\\/schema\\\/person\\\/f1e213867beccedaaa4fb548d9259d9a\",\"name\":\"La Red\",\"url\":\"https:\\\/\\\/laredlarioja.com.ar\\\/sitio\\\/author\\\/lared\\\/\"}]}<\/script>\n<!-- \/ Yoast SEO plugin. -->","yoast_head_json":{"title":"La hermana de Quintero apunt\u00f3 a la ex pareja y sus hijos y dice que \"ya no tienen esperanza de encontrarla viva\" - LA RED 88.3 LA RIOJA","robots":{"index":"index","follow":"follow","max-snippet":"max-snippet:-1","max-image-preview":"max-image-preview:large","max-video-preview":"max-video-preview:-1"},"canonical":"https:\/\/laredlarioja.com.ar\/sitio\/la-hermana-de-maria-ines-quinteros-apunto-a-la-ex-pareja-y-sus-hijos-vivia-llena-de-maltratos\/","og_locale":"es_ES","og_type":"article","og_title":"La hermana de Quintero apunt\u00f3 a la ex pareja y sus hijos y dice que \"ya no tienen esperanza de encontrarla viva\" - LA RED 88.3 LA RIOJA","og_description":"Laura Quintero, hermana de Mar\u00eda In\u00e9s Quintero \u2014la mujer desaparecida en La Rioja cuya ex pareja se encuentra","og_url":"https:\/\/laredlarioja.com.ar\/sitio\/la-hermana-de-maria-ines-quinteros-apunto-a-la-ex-pareja-y-sus-hijos-vivia-llena-de-maltratos\/","og_site_name":"LA RED 88.3 LA RIOJA","article_publisher":"https:\/\/www.facebook.com\/lared.larioja","article_published_time":"2025-06-24T15:04:59+00:00","article_modified_time":"2025-06-25T14:51:09+00:00","og_image":[{"width":720,"height":415,"url":"https:\/\/laredlarioja.com.ar\/sitio\/wp-content\/uploads\/2025\/06\/WhatsApp-Image-2025-06-24-at-11.27.30.jpeg","type":"image\/jpeg"}],"author":"La Red","twitter_card":"summary_large_image","twitter_creator":"@laredlarioja1","twitter_site":"@laredlarioja1","twitter_misc":{"Escrito por":"La Red","Tiempo de lectura":"2 minutos"},"schema":{"@context":"https:\/\/schema.org","@graph":[{"@type":"Article","@id":"https:\/\/laredlarioja.com.ar\/sitio\/la-hermana-de-maria-ines-quinteros-apunto-a-la-ex-pareja-y-sus-hijos-vivia-llena-de-maltratos\/#article","isPartOf":{"@id":"https:\/\/laredlarioja.com.ar\/sitio\/la-hermana-de-maria-ines-quinteros-apunto-a-la-ex-pareja-y-sus-hijos-vivia-llena-de-maltratos\/"},"author":{"name":"La Red","@id":"https:\/\/laredlarioja.com.ar\/sitio\/#\/schema\/person\/f1e213867beccedaaa4fb548d9259d9a"},"headline":"La hermana de Quintero apunt\u00f3 a la ex pareja y sus hijos y dice que \u00abya no tienen esperanza de encontrarla viva\u00bb","datePublished":"2025-06-24T15:04:59+00:00","dateModified":"2025-06-25T14:51:09+00:00","mainEntityOfPage":{"@id":"https:\/\/laredlarioja.com.ar\/sitio\/la-hermana-de-maria-ines-quinteros-apunto-a-la-ex-pareja-y-sus-hijos-vivia-llena-de-maltratos\/"},"wordCount":377,"publisher":{"@id":"https:\/\/laredlarioja.com.ar\/sitio\/#organization"},"image":{"@id":"https:\/\/laredlarioja.com.ar\/sitio\/la-hermana-de-maria-ines-quinteros-apunto-a-la-ex-pareja-y-sus-hijos-vivia-llena-de-maltratos\/#primaryimage"},"thumbnailUrl":"https:\/\/laredlarioja.com.ar\/sitio\/wp-content\/uploads\/2025\/06\/WhatsApp-Image-2025-06-24-at-11.27.30.jpeg","articleSection":["Informaci\u00f3n General"],"inLanguage":"es"},{"@type":"WebPage","@id":"https:\/\/laredlarioja.com.ar\/sitio\/la-hermana-de-maria-ines-quinteros-apunto-a-la-ex-pareja-y-sus-hijos-vivia-llena-de-maltratos\/","url":"https:\/\/laredlarioja.com.ar\/sitio\/la-hermana-de-maria-ines-quinteros-apunto-a-la-ex-pareja-y-sus-hijos-vivia-llena-de-maltratos\/","name":"La hermana de Quintero apunt\u00f3 a la ex pareja y sus hijos y dice que \"ya no tienen esperanza de encontrarla viva\" - LA RED 88.3 LA RIOJA","isPartOf":{"@id":"https:\/\/laredlarioja.com.ar\/sitio\/#website"},"primaryImageOfPage":{"@id":"https:\/\/laredlarioja.com.ar\/sitio\/la-hermana-de-maria-ines-quinteros-apunto-a-la-ex-pareja-y-sus-hijos-vivia-llena-de-maltratos\/#primaryimage"},"image":{"@id":"https:\/\/laredlarioja.com.ar\/sitio\/la-hermana-de-maria-ines-quinteros-apunto-a-la-ex-pareja-y-sus-hijos-vivia-llena-de-maltratos\/#primaryimage"},"thumbnailUrl":"https:\/\/laredlarioja.com.ar\/sitio\/wp-content\/uploads\/2025\/06\/WhatsApp-Image-2025-06-24-at-11.27.30.jpeg","datePublished":"2025-06-24T15:04:59+00:00","dateModified":"2025-06-25T14:51:09+00:00","breadcrumb":{"@id":"https:\/\/laredlarioja.com.ar\/sitio\/la-hermana-de-maria-ines-quinteros-apunto-a-la-ex-pareja-y-sus-hijos-vivia-llena-de-maltratos\/#breadcrumb"},"inLanguage":"es","potentialAction":[{"@type":"ReadAction","target":["https:\/\/laredlarioja.com.ar\/sitio\/la-hermana-de-maria-ines-quinteros-apunto-a-la-ex-pareja-y-sus-hijos-vivia-llena-de-maltratos\/"]}]},{"@type":"ImageObject","inLanguage":"es","@id":"https:\/\/laredlarioja.com.ar\/sitio\/la-hermana-de-maria-ines-quinteros-apunto-a-la-ex-pareja-y-sus-hijos-vivia-llena-de-maltratos\/#primaryimage","url":"https:\/\/laredlarioja.com.ar\/sitio\/wp-content\/uploads\/2025\/06\/WhatsApp-Image-2025-06-24-at-11.27.30.jpeg","contentUrl":"https:\/\/laredlarioja.com.ar\/sitio\/wp-content\/uploads\/2025\/06\/WhatsApp-Image-2025-06-24-at-11.27.30.jpeg","width":720,"height":415},{"@type":"BreadcrumbList","@id":"https:\/\/laredlarioja.com.ar\/sitio\/la-hermana-de-maria-ines-quinteros-apunto-a-la-ex-pareja-y-sus-hijos-vivia-llena-de-maltratos\/#breadcrumb","itemListElement":[{"@type":"ListItem","position":1,"name":"Portada","item":"https:\/\/laredlarioja.com.ar\/sitio\/"},{"@type":"ListItem","position":2,"name":"La hermana de Quintero apunt\u00f3 a la ex pareja y sus hijos y dice que \u00abya no tienen esperanza de encontrarla viva\u00bb"}]},{"@type":"WebSite","@id":"https:\/\/laredlarioja.com.ar\/sitio\/#website","url":"https:\/\/laredlarioja.com.ar\/sitio\/","name":"LA RED 88.3 LA RIOJA","description":"Sitio de Noticias","publisher":{"@id":"https:\/\/laredlarioja.com.ar\/sitio\/#organization"},"potentialAction":[{"@type":"SearchAction","target":{"@type":"EntryPoint","urlTemplate":"https:\/\/laredlarioja.com.ar\/sitio\/?s={search_term_string}"},"query-input":{"@type":"PropertyValueSpecification","valueRequired":true,"valueName":"search_term_string"}}],"inLanguage":"es"},{"@type":"Organization","@id":"https:\/\/laredlarioja.com.ar\/sitio\/#organization","name":"LA RED 88.3 LA RIOJA","url":"https:\/\/laredlarioja.com.ar\/sitio\/","logo":{"@type":"ImageObject","inLanguage":"es","@id":"https:\/\/laredlarioja.com.ar\/sitio\/#\/schema\/logo\/image\/","url":"https:\/\/laredlarioja.com.ar\/sitio\/wp-content\/uploads\/2025\/05\/LOGO-LA-RED.png","contentUrl":"https:\/\/laredlarioja.com.ar\/sitio\/wp-content\/uploads\/2025\/05\/LOGO-LA-RED.png","width":193,"height":340,"caption":"LA RED 88.3 LA RIOJA"},"image":{"@id":"https:\/\/laredlarioja.com.ar\/sitio\/#\/schema\/logo\/image\/"},"sameAs":["https:\/\/www.facebook.com\/lared.larioja","https:\/\/x.com\/laredlarioja1","https:\/\/www.instagram.com\/lared_larioja\/"]},{"@type":"Person","@id":"https:\/\/laredlarioja.com.ar\/sitio\/#\/schema\/person\/f1e213867beccedaaa4fb548d9259d9a","name":"La Red","url":"https:\/\/laredlarioja.com.ar\/sitio\/author\/lared\/"}]}},"featured_image_urls":{"full":["https:\/\/laredlarioja.com.ar\/sitio\/wp-content\/uploads\/2025\/06\/WhatsApp-Image-2025-06-24-at-11.27.30.jpeg",720,415,false],"thumbnail":["https:\/\/laredlarioja.com.ar\/sitio\/wp-content\/uploads\/2025\/06\/WhatsApp-Image-2025-06-24-at-11.27.30-150x150.jpeg",150,150,true],"medium":["https:\/\/laredlarioja.com.ar\/sitio\/wp-content\/uploads\/2025\/06\/WhatsApp-Image-2025-06-24-at-11.27.30-300x173.jpeg",300,173,true],"medium_large":["https:\/\/laredlarioja.com.ar\/sitio\/wp-content\/uploads\/2025\/06\/WhatsApp-Image-2025-06-24-at-11.27.30.jpeg",640,369,false],"large":["https:\/\/laredlarioja.com.ar\/sitio\/wp-content\/uploads\/2025\/06\/WhatsApp-Image-2025-06-24-at-11.27.30.jpeg",640,369,false],"1536x1536":["https:\/\/laredlarioja.com.ar\/sitio\/wp-content\/uploads\/2025\/06\/WhatsApp-Image-2025-06-24-at-11.27.30.jpeg",720,415,false],"2048x2048":["https:\/\/laredlarioja.com.ar\/sitio\/wp-content\/uploads\/2025\/06\/WhatsApp-Image-2025-06-24-at-11.27.30.jpeg",720,415,false],"cvmm-medium":["https:\/\/laredlarioja.com.ar\/sitio\/wp-content\/uploads\/2025\/06\/WhatsApp-Image-2025-06-24-at-11.27.30-300x300.jpeg",300,300,true],"cvmm-medium-plus":["https:\/\/laredlarioja.com.ar\/sitio\/wp-content\/uploads\/2025\/06\/WhatsApp-Image-2025-06-24-at-11.27.30-305x207.jpeg",305,207,true],"cvmm-portrait":["https:\/\/laredlarioja.com.ar\/sitio\/wp-content\/uploads\/2025\/06\/WhatsApp-Image-2025-06-24-at-11.27.30-400x415.jpeg",400,415,true],"cvmm-medium-square":["https:\/\/laredlarioja.com.ar\/sitio\/wp-content\/uploads\/2025\/06\/WhatsApp-Image-2025-06-24-at-11.27.30-600x415.jpeg",600,415,true],"cvmm-large":["https:\/\/laredlarioja.com.ar\/sitio\/wp-content\/uploads\/2025\/06\/WhatsApp-Image-2025-06-24-at-11.27.30.jpeg",720,415,false],"cvmm-small":["https:\/\/laredlarioja.com.ar\/sitio\/wp-content\/uploads\/2025\/06\/WhatsApp-Image-2025-06-24-at-11.27.30-130x95.jpeg",130,95,true],"morenews-large":["https:\/\/laredlarioja.com.ar\/sitio\/wp-content\/uploads\/2025\/06\/WhatsApp-Image-2025-06-24-at-11.27.30.jpeg",720,415,false],"morenews-medium":["https:\/\/laredlarioja.com.ar\/sitio\/wp-content\/uploads\/2025\/06\/WhatsApp-Image-2025-06-24-at-11.27.30-590x410.jpeg",590,410,true]},"author_info":{"display_name":"La Red","author_link":"https:\/\/laredlarioja.com.ar\/sitio\/author\/lared\/"},"category_info":"<a href=\"https:\/\/laredlarioja.com.ar\/sitio\/categorias\/informacion-general\/\" rel=\"category tag\">Informaci\u00f3n General<\/a>","tag_info":"Informaci\u00f3n General","comment_count":"0","blog_post_layout_featured_media_urls":{"thumbnail":["https:\/\/laredlarioja.com.ar\/sitio\/wp-content\/uploads\/2025\/06\/WhatsApp-Image-2025-06-24-at-11.27.30-150x150.jpeg",150,150,true],"full":["https:\/\/laredlarioja.com.ar\/sitio\/wp-content\/uploads\/2025\/06\/WhatsApp-Image-2025-06-24-at-11.27.30.jpeg",720,415,false]},"categories_names":{"24":{"name":"Informaci\u00f3n General","link":"https:\/\/laredlarioja.com.ar\/sitio\/categorias\/informacion-general\/"}},"tags_names":[],"comments_number":"0","wpmagazine_modules_lite_featured_media_urls":{"thumbnail":["https:\/\/laredlarioja.com.ar\/sitio\/wp-content\/uploads\/2025\/06\/WhatsApp-Image-2025-06-24-at-11.27.30-150x150.jpeg",150,150,true],"cvmm-medium":["https:\/\/laredlarioja.com.ar\/sitio\/wp-content\/uploads\/2025\/06\/WhatsApp-Image-2025-06-24-at-11.27.30-300x300.jpeg",300,300,true],"cvmm-medium-plus":["https:\/\/laredlarioja.com.ar\/sitio\/wp-content\/uploads\/2025\/06\/WhatsApp-Image-2025-06-24-at-11.27.30-305x207.jpeg",305,207,true],"cvmm-portrait":["https:\/\/laredlarioja.com.ar\/sitio\/wp-content\/uploads\/2025\/06\/WhatsApp-Image-2025-06-24-at-11.27.30-400x415.jpeg",400,415,true],"cvmm-medium-square":["https:\/\/laredlarioja.com.ar\/sitio\/wp-content\/uploads\/2025\/06\/WhatsApp-Image-2025-06-24-at-11.27.30-600x415.jpeg",600,415,true],"cvmm-large":["https:\/\/laredlarioja.com.ar\/sitio\/wp-content\/uploads\/2025\/06\/WhatsApp-Image-2025-06-24-at-11.27.30.jpeg",720,415,false],"cvmm-small":["https:\/\/laredlarioja.com.ar\/sitio\/wp-content\/uploads\/2025\/06\/WhatsApp-Image-2025-06-24-at-11.27.30-130x95.jpeg",130,95,true],"full":["https:\/\/laredlarioja.com.ar\/sitio\/wp-content\/uploads\/2025\/06\/WhatsApp-Image-2025-06-24-at-11.27.30.jpeg",720,415,false]},"_links":{"self":[{"href":"https:\/\/laredlarioja.com.ar\/sitio\/wp-json\/wp\/v2\/posts\/63456","targetHints":{"allow":["GET"]}}],"collection":[{"href":"https:\/\/laredlarioja.com.ar\/sitio\/wp-json\/wp\/v2\/posts"}],"about":[{"href":"https:\/\/laredlarioja.com.ar\/sitio\/wp-json\/wp\/v2\/types\/post"}],"author":[{"embeddable":true,"href":"https:\/\/laredlarioja.com.ar\/sitio\/wp-json\/wp\/v2\/users\/10"}],"replies":[{"embeddable":true,"href":"https:\/\/laredlarioja.com.ar\/sitio\/wp-json\/wp\/v2\/comments?post=63456"}],"version-history":[{"count":8,"href":"https:\/\/laredlarioja.com.ar\/sitio\/wp-json\/wp\/v2\/posts\/63456\/revisions"}],"predecessor-version":[{"id":63466,"href":"https:\/\/laredlarioja.com.ar\/sitio\/wp-json\/wp\/v2\/posts\/63456\/revisions\/63466"}],"wp:featuredmedia":[{"embeddable":true,"href":"https:\/\/laredlarioja.com.ar\/sitio\/wp-json\/wp\/v2\/media\/63457"}],"wp:attachment":[{"href":"https:\/\/laredlarioja.com.ar\/sitio\/wp-json\/wp\/v2\/media?parent=63456"}],"wp:term":[{"taxonomy":"category","embeddable":true,"href":"https:\/\/laredlarioja.com.ar\/sitio\/wp-json\/wp\/v2\/categories?post=63456"},{"taxonomy":"post_tag","embeddable":true,"href":"https:\/\/laredlarioja.com.ar\/sitio\/wp-json\/wp\/v2\/tags?post=63456"}],"curies":[{"name":"wp","href":"https:\/\/api.w.org\/{rel}","templated":true}]}}