{"id":63473,"date":"2025-06-24T19:58:17","date_gmt":"2025-06-24T19:58:17","guid":{"rendered":"https:\/\/laredlarioja.com.ar\/sitio\/?p=63473"},"modified":"2025-06-24T19:58:17","modified_gmt":"2025-06-24T19:58:17","slug":"renuncio-la-jueza-julieta-makintach-para-evitar-el-juicio-politico","status":"publish","type":"post","link":"https:\/\/laredlarioja.com.ar\/sitio\/renuncio-la-jueza-julieta-makintach-para-evitar-el-juicio-politico\/","title":{"rendered":"Renunci\u00f3 la jueza Julieta Makintach, para evitar el juicio pol\u00edtico"},"content":{"rendered":"<p><strong>Julieta Makintach<\/strong>, quien est\u00e1 en el ojo de la tormenta por la realizaci\u00f3n de un documental en el juicio por la muerte de Diego Armando Maradona,\u00a0<strong>renunci\u00f3 a su cargo de jueza. <\/strong><strong>\u00abQue vengo por el presente, en mi car\u00e1cter de letrado patrocinante (Dar\u00edo Salda\u00f1o) de la Dra. Julieta Makintach por ante el Jurado de Enjuiciamiento, por su expreso pedido y mandato vengo a acompa\u00f1ar la carta de dimisi\u00f3n , con firma ol\u00f3grafa de la Magistrada, solicitando se imprima la celeridad que ha acompa\u00f1ado el devenir del presente\u00bb<\/strong>, destaca el documento.<\/p>\n<p>Esta medida tomada por la magistrada es para poder\u00a0<strong>evitar el jury de enjuiciamiento<\/strong>\u00a0que se confirm\u00f3 tras la reuni\u00f3n de este marte, donde le jurado acept\u00f3 todas las denuncias en contra de Makintach.<\/p>\n<p><strong>\u00abEs una decisi\u00f3n reflexionada y evaluada en conjunto con su familia y nosotros\u00bb<\/strong>, explic\u00f3 Salda\u00f1o en di\u00e1logo con este medio.<\/p>\n<p>De acuerdo al escrito que fue dirigido al gobernador bonaerense,\u00a0<strong>Axel Kicillof<\/strong>, la magistrada destac\u00f3 que\u00a0<strong>\u00abla presente decisi\u00f3n se inscribe en el contexto de los hechos de p\u00fablico conocimiento que han generado un profundo impacto institucional y social, con consecuencias no deseadas\u00bb.<\/strong><\/p>\n<p>La titular del Tribunal Oral en lo Criminal (TOC) N\u00b02 de San Isidro expres\u00f3 que \u00absu mayor contribuci\u00f3n a la reconstrucci\u00f3n del prestigio institucional es su apartamiento voluntario del cargo\u00bb, al tiempo que la determinaci\u00f3n tomada\u00a0<strong>\u00abno s\u00f3lo manifiesta un compromiso personal con los valores republicanos que gu\u00edan la funci\u00f3n\u00bb<\/strong>\u00a0de los magistrados,\u00a0<strong>\u00absino tambi\u00e9n el convencimiento de que la legitimidad institucional no se sostiene solamente con la legalidad formal\u00bb.<\/strong><\/p>\n<p>\u00abPresento esta renuncia con serenidad, sin renunciar a mi derecho de defenderme en los \u00e1mbitos que corresponden\u00bb, afirm\u00f3 Makintach, quien cumple una licencia obligada de 90 d\u00edas decretada por la Suprema Corte de la provincia de Buenos Aires.<\/p>\n<p>En la misiva, Makintach, que fue apartada tambi\u00e9n de la c\u00e1tedra que brindaba en la Facultad de Derecho de la Universidad Austral, agradeci\u00f3 al m\u00e1ximo tribunal y dem\u00e1s autoridades del Poder Judicial bonaerense\u00a0<strong>\u00abpor la oportunidad de ejercer una funci\u00f3n de tan alto honor\u00bb.<\/strong><\/p>\n<p>Salda\u00f1o, defensor de la funcionaria judicial, consign\u00f3 que\u00a0<strong>\u00able deben aceptar la dimisi\u00f3n\u00bb<\/strong>, pero\u00a0<strong>\u00abque no sabe\u00bb<\/strong>\u00a0si se salva del jury de enjuiciamiento.<\/p>\n<p>Fuente: NA<\/p>\n","protected":false},"excerpt":{"rendered":"<p>Julieta Makintach, quien est\u00e1 en el ojo de la tormenta por la realizaci\u00f3n de un documental en el<\/p>\n","protected":false},"author":13,"featured_media":63474,"comment_status":"closed","ping_status":"open","sticky":false,"template":"","format":"standard","meta":{"footnotes":""},"categories":[130],"tags":[84],"class_list":["post-63473","post","type-post","status-publish","format-standard","has-post-thumbnail","hentry","category-pais","tag-secundaria"],"yoast_head":"<!-- This site is optimized with the Yoast SEO plugin v27.4 - https:\/\/yoast.com\/product\/yoast-seo-wordpress\/ -->\n<title>Renunci\u00f3 la jueza Julieta Makintach, para evitar el juicio pol\u00edtico - LA RED 88.3 LA RIOJA<\/title>\n<meta name=\"robots\" content=\"index, follow, max-snippet:-1, max-image-preview:large, max-video-preview:-1\" \/>\n<link rel=\"canonical\" href=\"https:\/\/laredlarioja.com.ar\/sitio\/renuncio-la-jueza-julieta-makintach-para-evitar-el-juicio-politico\/\" \/>\n<meta property=\"og:locale\" content=\"es_ES\" \/>\n<meta property=\"og:type\" content=\"article\" \/>\n<meta property=\"og:title\" content=\"Renunci\u00f3 la jueza Julieta Makintach, para evitar el juicio pol\u00edtico - LA RED 88.3 LA RIOJA\" \/>\n<meta property=\"og:description\" content=\"Julieta Makintach, quien est\u00e1 en el ojo de la tormenta por la realizaci\u00f3n de un documental en el\" \/>\n<meta property=\"og:url\" content=\"https:\/\/laredlarioja.com.ar\/sitio\/renuncio-la-jueza-julieta-makintach-para-evitar-el-juicio-politico\/\" \/>\n<meta property=\"og:site_name\" content=\"LA RED 88.3 LA RIOJA\" \/>\n<meta property=\"article:publisher\" content=\"https:\/\/www.facebook.com\/lared.larioja\" \/>\n<meta property=\"article:published_time\" content=\"2025-06-24T19:58:17+00:00\" \/>\n<meta property=\"og:image\" content=\"https:\/\/laredlarioja.com.ar\/sitio\/wp-content\/uploads\/2025\/06\/julieta-makintach2png.webp\" \/>\n\t<meta property=\"og:image:width\" content=\"760\" \/>\n\t<meta property=\"og:image:height\" content=\"508\" \/>\n\t<meta property=\"og:image:type\" content=\"image\/webp\" \/>\n<meta name=\"author\" content=\"Maria De La Vega\" \/>\n<meta name=\"twitter:card\" content=\"summary_large_image\" \/>\n<meta name=\"twitter:creator\" content=\"@laredlarioja1\" \/>\n<meta name=\"twitter:site\" content=\"@laredlarioja1\" \/>\n<meta name=\"twitter:label1\" content=\"Escrito por\" \/>\n\t<meta name=\"twitter:data1\" content=\"Maria De La Vega\" \/>\n\t<meta name=\"twitter:label2\" content=\"Tiempo de lectura\" \/>\n\t<meta name=\"twitter:data2\" content=\"2 minutos\" \/>\n<script type=\"application\/ld+json\" class=\"yoast-schema-graph\">{\"@context\":\"https:\\\/\\\/schema.org\",\"@graph\":[{\"@type\":\"Article\",\"@id\":\"https:\\\/\\\/laredlarioja.com.ar\\\/sitio\\\/renuncio-la-jueza-julieta-makintach-para-evitar-el-juicio-politico\\\/#article\",\"isPartOf\":{\"@id\":\"https:\\\/\\\/laredlarioja.com.ar\\\/sitio\\\/renuncio-la-jueza-julieta-makintach-para-evitar-el-juicio-politico\\\/\"},\"author\":{\"name\":\"Maria De La Vega\",\"@id\":\"https:\\\/\\\/laredlarioja.com.ar\\\/sitio\\\/#\\\/schema\\\/person\\\/8b98ebe852851a8bdc8acd6ec6918de9\"},\"headline\":\"Renunci\u00f3 la jueza Julieta Makintach, para evitar el juicio pol\u00edtico\",\"datePublished\":\"2025-06-24T19:58:17+00:00\",\"mainEntityOfPage\":{\"@id\":\"https:\\\/\\\/laredlarioja.com.ar\\\/sitio\\\/renuncio-la-jueza-julieta-makintach-para-evitar-el-juicio-politico\\\/\"},\"wordCount\":404,\"publisher\":{\"@id\":\"https:\\\/\\\/laredlarioja.com.ar\\\/sitio\\\/#organization\"},\"image\":{\"@id\":\"https:\\\/\\\/laredlarioja.com.ar\\\/sitio\\\/renuncio-la-jueza-julieta-makintach-para-evitar-el-juicio-politico\\\/#primaryimage\"},\"thumbnailUrl\":\"https:\\\/\\\/laredlarioja.com.ar\\\/sitio\\\/wp-content\\\/uploads\\\/2025\\\/06\\\/julieta-makintach2png.webp\",\"keywords\":[\"Secundaria\"],\"articleSection\":[\"El pa\u00eds\"],\"inLanguage\":\"es\"},{\"@type\":\"WebPage\",\"@id\":\"https:\\\/\\\/laredlarioja.com.ar\\\/sitio\\\/renuncio-la-jueza-julieta-makintach-para-evitar-el-juicio-politico\\\/\",\"url\":\"https:\\\/\\\/laredlarioja.com.ar\\\/sitio\\\/renuncio-la-jueza-julieta-makintach-para-evitar-el-juicio-politico\\\/\",\"name\":\"Renunci\u00f3 la jueza Julieta Makintach, para evitar el juicio pol\u00edtico - LA RED 88.3 LA RIOJA\",\"isPartOf\":{\"@id\":\"https:\\\/\\\/laredlarioja.com.ar\\\/sitio\\\/#website\"},\"primaryImageOfPage\":{\"@id\":\"https:\\\/\\\/laredlarioja.com.ar\\\/sitio\\\/renuncio-la-jueza-julieta-makintach-para-evitar-el-juicio-politico\\\/#primaryimage\"},\"image\":{\"@id\":\"https:\\\/\\\/laredlarioja.com.ar\\\/sitio\\\/renuncio-la-jueza-julieta-makintach-para-evitar-el-juicio-politico\\\/#primaryimage\"},\"thumbnailUrl\":\"https:\\\/\\\/laredlarioja.com.ar\\\/sitio\\\/wp-content\\\/uploads\\\/2025\\\/06\\\/julieta-makintach2png.webp\",\"datePublished\":\"2025-06-24T19:58:17+00:00\",\"breadcrumb\":{\"@id\":\"https:\\\/\\\/laredlarioja.com.ar\\\/sitio\\\/renuncio-la-jueza-julieta-makintach-para-evitar-el-juicio-politico\\\/#breadcrumb\"},\"inLanguage\":\"es\",\"potentialAction\":[{\"@type\":\"ReadAction\",\"target\":[\"https:\\\/\\\/laredlarioja.com.ar\\\/sitio\\\/renuncio-la-jueza-julieta-makintach-para-evitar-el-juicio-politico\\\/\"]}]},{\"@type\":\"ImageObject\",\"inLanguage\":\"es\",\"@id\":\"https:\\\/\\\/laredlarioja.com.ar\\\/sitio\\\/renuncio-la-jueza-julieta-makintach-para-evitar-el-juicio-politico\\\/#primaryimage\",\"url\":\"https:\\\/\\\/laredlarioja.com.ar\\\/sitio\\\/wp-content\\\/uploads\\\/2025\\\/06\\\/julieta-makintach2png.webp\",\"contentUrl\":\"https:\\\/\\\/laredlarioja.com.ar\\\/sitio\\\/wp-content\\\/uploads\\\/2025\\\/06\\\/julieta-makintach2png.webp\",\"width\":760,\"height\":508},{\"@type\":\"BreadcrumbList\",\"@id\":\"https:\\\/\\\/laredlarioja.com.ar\\\/sitio\\\/renuncio-la-jueza-julieta-makintach-para-evitar-el-juicio-politico\\\/#breadcrumb\",\"itemListElement\":[{\"@type\":\"ListItem\",\"position\":1,\"name\":\"Portada\",\"item\":\"https:\\\/\\\/laredlarioja.com.ar\\\/sitio\\\/\"},{\"@type\":\"ListItem\",\"position\":2,\"name\":\"Renunci\u00f3 la jueza Julieta Makintach, para evitar el juicio pol\u00edtico\"}]},{\"@type\":\"WebSite\",\"@id\":\"https:\\\/\\\/laredlarioja.com.ar\\\/sitio\\\/#website\",\"url\":\"https:\\\/\\\/laredlarioja.com.ar\\\/sitio\\\/\",\"name\":\"LA RED 88.3 LA RIOJA\",\"description\":\"Sitio de Noticias\",\"publisher\":{\"@id\":\"https:\\\/\\\/laredlarioja.com.ar\\\/sitio\\\/#organization\"},\"potentialAction\":[{\"@type\":\"SearchAction\",\"target\":{\"@type\":\"EntryPoint\",\"urlTemplate\":\"https:\\\/\\\/laredlarioja.com.ar\\\/sitio\\\/?s={search_term_string}\"},\"query-input\":{\"@type\":\"PropertyValueSpecification\",\"valueRequired\":true,\"valueName\":\"search_term_string\"}}],\"inLanguage\":\"es\"},{\"@type\":\"Organization\",\"@id\":\"https:\\\/\\\/laredlarioja.com.ar\\\/sitio\\\/#organization\",\"name\":\"LA RED 88.3 LA RIOJA\",\"url\":\"https:\\\/\\\/laredlarioja.com.ar\\\/sitio\\\/\",\"logo\":{\"@type\":\"ImageObject\",\"inLanguage\":\"es\",\"@id\":\"https:\\\/\\\/laredlarioja.com.ar\\\/sitio\\\/#\\\/schema\\\/logo\\\/image\\\/\",\"url\":\"https:\\\/\\\/laredlarioja.com.ar\\\/sitio\\\/wp-content\\\/uploads\\\/2025\\\/05\\\/LOGO-LA-RED.png\",\"contentUrl\":\"https:\\\/\\\/laredlarioja.com.ar\\\/sitio\\\/wp-content\\\/uploads\\\/2025\\\/05\\\/LOGO-LA-RED.png\",\"width\":193,\"height\":340,\"caption\":\"LA RED 88.3 LA RIOJA\"},\"image\":{\"@id\":\"https:\\\/\\\/laredlarioja.com.ar\\\/sitio\\\/#\\\/schema\\\/logo\\\/image\\\/\"},\"sameAs\":[\"https:\\\/\\\/www.facebook.com\\\/lared.larioja\",\"https:\\\/\\\/x.com\\\/laredlarioja1\",\"https:\\\/\\\/www.instagram.com\\\/lared_larioja\\\/\"]},{\"@type\":\"Person\",\"@id\":\"https:\\\/\\\/laredlarioja.com.ar\\\/sitio\\\/#\\\/schema\\\/person\\\/8b98ebe852851a8bdc8acd6ec6918de9\",\"name\":\"Maria De La Vega\",\"sameAs\":[\"http:\\\/\\\/laredlarioja.com.ar\"],\"url\":\"https:\\\/\\\/laredlarioja.com.ar\\\/sitio\\\/author\\\/maru\\\/\"}]}<\/script>\n<!-- \/ Yoast SEO plugin. -->","yoast_head_json":{"title":"Renunci\u00f3 la jueza Julieta Makintach, para evitar el juicio pol\u00edtico - LA RED 88.3 LA RIOJA","robots":{"index":"index","follow":"follow","max-snippet":"max-snippet:-1","max-image-preview":"max-image-preview:large","max-video-preview":"max-video-preview:-1"},"canonical":"https:\/\/laredlarioja.com.ar\/sitio\/renuncio-la-jueza-julieta-makintach-para-evitar-el-juicio-politico\/","og_locale":"es_ES","og_type":"article","og_title":"Renunci\u00f3 la jueza Julieta Makintach, para evitar el juicio pol\u00edtico - LA RED 88.3 LA RIOJA","og_description":"Julieta Makintach, quien est\u00e1 en el ojo de la tormenta por la realizaci\u00f3n de un documental en el","og_url":"https:\/\/laredlarioja.com.ar\/sitio\/renuncio-la-jueza-julieta-makintach-para-evitar-el-juicio-politico\/","og_site_name":"LA RED 88.3 LA RIOJA","article_publisher":"https:\/\/www.facebook.com\/lared.larioja","article_published_time":"2025-06-24T19:58:17+00:00","og_image":[{"width":760,"height":508,"url":"https:\/\/laredlarioja.com.ar\/sitio\/wp-content\/uploads\/2025\/06\/julieta-makintach2png.webp","type":"image\/webp"}],"author":"Maria De La Vega","twitter_card":"summary_large_image","twitter_creator":"@laredlarioja1","twitter_site":"@laredlarioja1","twitter_misc":{"Escrito por":"Maria De La Vega","Tiempo de lectura":"2 minutos"},"schema":{"@context":"https:\/\/schema.org","@graph":[{"@type":"Article","@id":"https:\/\/laredlarioja.com.ar\/sitio\/renuncio-la-jueza-julieta-makintach-para-evitar-el-juicio-politico\/#article","isPartOf":{"@id":"https:\/\/laredlarioja.com.ar\/sitio\/renuncio-la-jueza-julieta-makintach-para-evitar-el-juicio-politico\/"},"author":{"name":"Maria De La Vega","@id":"https:\/\/laredlarioja.com.ar\/sitio\/#\/schema\/person\/8b98ebe852851a8bdc8acd6ec6918de9"},"headline":"Renunci\u00f3 la jueza Julieta Makintach, para evitar el juicio pol\u00edtico","datePublished":"2025-06-24T19:58:17+00:00","mainEntityOfPage":{"@id":"https:\/\/laredlarioja.com.ar\/sitio\/renuncio-la-jueza-julieta-makintach-para-evitar-el-juicio-politico\/"},"wordCount":404,"publisher":{"@id":"https:\/\/laredlarioja.com.ar\/sitio\/#organization"},"image":{"@id":"https:\/\/laredlarioja.com.ar\/sitio\/renuncio-la-jueza-julieta-makintach-para-evitar-el-juicio-politico\/#primaryimage"},"thumbnailUrl":"https:\/\/laredlarioja.com.ar\/sitio\/wp-content\/uploads\/2025\/06\/julieta-makintach2png.webp","keywords":["Secundaria"],"articleSection":["El pa\u00eds"],"inLanguage":"es"},{"@type":"WebPage","@id":"https:\/\/laredlarioja.com.ar\/sitio\/renuncio-la-jueza-julieta-makintach-para-evitar-el-juicio-politico\/","url":"https:\/\/laredlarioja.com.ar\/sitio\/renuncio-la-jueza-julieta-makintach-para-evitar-el-juicio-politico\/","name":"Renunci\u00f3 la jueza Julieta Makintach, para evitar el juicio pol\u00edtico - LA RED 88.3 LA RIOJA","isPartOf":{"@id":"https:\/\/laredlarioja.com.ar\/sitio\/#website"},"primaryImageOfPage":{"@id":"https:\/\/laredlarioja.com.ar\/sitio\/renuncio-la-jueza-julieta-makintach-para-evitar-el-juicio-politico\/#primaryimage"},"image":{"@id":"https:\/\/laredlarioja.com.ar\/sitio\/renuncio-la-jueza-julieta-makintach-para-evitar-el-juicio-politico\/#primaryimage"},"thumbnailUrl":"https:\/\/laredlarioja.com.ar\/sitio\/wp-content\/uploads\/2025\/06\/julieta-makintach2png.webp","datePublished":"2025-06-24T19:58:17+00:00","breadcrumb":{"@id":"https:\/\/laredlarioja.com.ar\/sitio\/renuncio-la-jueza-julieta-makintach-para-evitar-el-juicio-politico\/#breadcrumb"},"inLanguage":"es","potentialAction":[{"@type":"ReadAction","target":["https:\/\/laredlarioja.com.ar\/sitio\/renuncio-la-jueza-julieta-makintach-para-evitar-el-juicio-politico\/"]}]},{"@type":"ImageObject","inLanguage":"es","@id":"https:\/\/laredlarioja.com.ar\/sitio\/renuncio-la-jueza-julieta-makintach-para-evitar-el-juicio-politico\/#primaryimage","url":"https:\/\/laredlarioja.com.ar\/sitio\/wp-content\/uploads\/2025\/06\/julieta-makintach2png.webp","contentUrl":"https:\/\/laredlarioja.com.ar\/sitio\/wp-content\/uploads\/2025\/06\/julieta-makintach2png.webp","width":760,"height":508},{"@type":"BreadcrumbList","@id":"https:\/\/laredlarioja.com.ar\/sitio\/renuncio-la-jueza-julieta-makintach-para-evitar-el-juicio-politico\/#breadcrumb","itemListElement":[{"@type":"ListItem","position":1,"name":"Portada","item":"https:\/\/laredlarioja.com.ar\/sitio\/"},{"@type":"ListItem","position":2,"name":"Renunci\u00f3 la jueza Julieta Makintach, para evitar el juicio pol\u00edtico"}]},{"@type":"WebSite","@id":"https:\/\/laredlarioja.com.ar\/sitio\/#website","url":"https:\/\/laredlarioja.com.ar\/sitio\/","name":"LA RED 88.3 LA RIOJA","description":"Sitio de Noticias","publisher":{"@id":"https:\/\/laredlarioja.com.ar\/sitio\/#organization"},"potentialAction":[{"@type":"SearchAction","target":{"@type":"EntryPoint","urlTemplate":"https:\/\/laredlarioja.com.ar\/sitio\/?s={search_term_string}"},"query-input":{"@type":"PropertyValueSpecification","valueRequired":true,"valueName":"search_term_string"}}],"inLanguage":"es"},{"@type":"Organization","@id":"https:\/\/laredlarioja.com.ar\/sitio\/#organization","name":"LA RED 88.3 LA RIOJA","url":"https:\/\/laredlarioja.com.ar\/sitio\/","logo":{"@type":"ImageObject","inLanguage":"es","@id":"https:\/\/laredlarioja.com.ar\/sitio\/#\/schema\/logo\/image\/","url":"https:\/\/laredlarioja.com.ar\/sitio\/wp-content\/uploads\/2025\/05\/LOGO-LA-RED.png","contentUrl":"https:\/\/laredlarioja.com.ar\/sitio\/wp-content\/uploads\/2025\/05\/LOGO-LA-RED.png","width":193,"height":340,"caption":"LA RED 88.3 LA RIOJA"},"image":{"@id":"https:\/\/laredlarioja.com.ar\/sitio\/#\/schema\/logo\/image\/"},"sameAs":["https:\/\/www.facebook.com\/lared.larioja","https:\/\/x.com\/laredlarioja1","https:\/\/www.instagram.com\/lared_larioja\/"]},{"@type":"Person","@id":"https:\/\/laredlarioja.com.ar\/sitio\/#\/schema\/person\/8b98ebe852851a8bdc8acd6ec6918de9","name":"Maria De La Vega","sameAs":["http:\/\/laredlarioja.com.ar"],"url":"https:\/\/laredlarioja.com.ar\/sitio\/author\/maru\/"}]}},"featured_image_urls":{"full":["https:\/\/laredlarioja.com.ar\/sitio\/wp-content\/uploads\/2025\/06\/julieta-makintach2png.webp",760,508,false],"thumbnail":["https:\/\/laredlarioja.com.ar\/sitio\/wp-content\/uploads\/2025\/06\/julieta-makintach2png-150x150.webp",150,150,true],"medium":["https:\/\/laredlarioja.com.ar\/sitio\/wp-content\/uploads\/2025\/06\/julieta-makintach2png-300x201.webp",300,201,true],"medium_large":["https:\/\/laredlarioja.com.ar\/sitio\/wp-content\/uploads\/2025\/06\/julieta-makintach2png.webp",640,428,false],"large":["https:\/\/laredlarioja.com.ar\/sitio\/wp-content\/uploads\/2025\/06\/julieta-makintach2png.webp",640,428,false],"1536x1536":["https:\/\/laredlarioja.com.ar\/sitio\/wp-content\/uploads\/2025\/06\/julieta-makintach2png.webp",760,508,false],"2048x2048":["https:\/\/laredlarioja.com.ar\/sitio\/wp-content\/uploads\/2025\/06\/julieta-makintach2png.webp",760,508,false],"cvmm-medium":["https:\/\/laredlarioja.com.ar\/sitio\/wp-content\/uploads\/2025\/06\/julieta-makintach2png-300x300.webp",300,300,true],"cvmm-medium-plus":["https:\/\/laredlarioja.com.ar\/sitio\/wp-content\/uploads\/2025\/06\/julieta-makintach2png-305x207.webp",305,207,true],"cvmm-portrait":["https:\/\/laredlarioja.com.ar\/sitio\/wp-content\/uploads\/2025\/06\/julieta-makintach2png-400x508.webp",400,508,true],"cvmm-medium-square":["https:\/\/laredlarioja.com.ar\/sitio\/wp-content\/uploads\/2025\/06\/julieta-makintach2png-600x508.webp",600,508,true],"cvmm-large":["https:\/\/laredlarioja.com.ar\/sitio\/wp-content\/uploads\/2025\/06\/julieta-makintach2png.webp",760,508,false],"cvmm-small":["https:\/\/laredlarioja.com.ar\/sitio\/wp-content\/uploads\/2025\/06\/julieta-makintach2png-130x95.webp",130,95,true],"morenews-large":["https:\/\/laredlarioja.com.ar\/sitio\/wp-content\/uploads\/2025\/06\/julieta-makintach2png.webp",760,508,false],"morenews-medium":["https:\/\/laredlarioja.com.ar\/sitio\/wp-content\/uploads\/2025\/06\/julieta-makintach2png-590x410.webp",590,410,true]},"author_info":{"display_name":"Maria De La Vega","author_link":"https:\/\/laredlarioja.com.ar\/sitio\/author\/maru\/"},"category_info":"<a href=\"https:\/\/laredlarioja.com.ar\/sitio\/categorias\/pais\/\" rel=\"category tag\">El pa\u00eds<\/a>","tag_info":"El pa\u00eds","comment_count":"0","blog_post_layout_featured_media_urls":{"thumbnail":["https:\/\/laredlarioja.com.ar\/sitio\/wp-content\/uploads\/2025\/06\/julieta-makintach2png-150x150.webp",150,150,true],"full":["https:\/\/laredlarioja.com.ar\/sitio\/wp-content\/uploads\/2025\/06\/julieta-makintach2png.webp",760,508,false]},"categories_names":{"130":{"name":"El pa\u00eds","link":"https:\/\/laredlarioja.com.ar\/sitio\/categorias\/pais\/"}},"tags_names":{"84":{"name":"Secundaria","link":"https:\/\/laredlarioja.com.ar\/sitio\/etiquetas\/secundaria\/"}},"comments_number":"0","wpmagazine_modules_lite_featured_media_urls":{"thumbnail":["https:\/\/laredlarioja.com.ar\/sitio\/wp-content\/uploads\/2025\/06\/julieta-makintach2png-150x150.webp",150,150,true],"cvmm-medium":["https:\/\/laredlarioja.com.ar\/sitio\/wp-content\/uploads\/2025\/06\/julieta-makintach2png-300x300.webp",300,300,true],"cvmm-medium-plus":["https:\/\/laredlarioja.com.ar\/sitio\/wp-content\/uploads\/2025\/06\/julieta-makintach2png-305x207.webp",305,207,true],"cvmm-portrait":["https:\/\/laredlarioja.com.ar\/sitio\/wp-content\/uploads\/2025\/06\/julieta-makintach2png-400x508.webp",400,508,true],"cvmm-medium-square":["https:\/\/laredlarioja.com.ar\/sitio\/wp-content\/uploads\/2025\/06\/julieta-makintach2png-600x508.webp",600,508,true],"cvmm-large":["https:\/\/laredlarioja.com.ar\/sitio\/wp-content\/uploads\/2025\/06\/julieta-makintach2png.webp",760,508,false],"cvmm-small":["https:\/\/laredlarioja.com.ar\/sitio\/wp-content\/uploads\/2025\/06\/julieta-makintach2png-130x95.webp",130,95,true],"full":["https:\/\/laredlarioja.com.ar\/sitio\/wp-content\/uploads\/2025\/06\/julieta-makintach2png.webp",760,508,false]},"_links":{"self":[{"href":"https:\/\/laredlarioja.com.ar\/sitio\/wp-json\/wp\/v2\/posts\/63473","targetHints":{"allow":["GET"]}}],"collection":[{"href":"https:\/\/laredlarioja.com.ar\/sitio\/wp-json\/wp\/v2\/posts"}],"about":[{"href":"https:\/\/laredlarioja.com.ar\/sitio\/wp-json\/wp\/v2\/types\/post"}],"author":[{"embeddable":true,"href":"https:\/\/laredlarioja.com.ar\/sitio\/wp-json\/wp\/v2\/users\/13"}],"replies":[{"embeddable":true,"href":"https:\/\/laredlarioja.com.ar\/sitio\/wp-json\/wp\/v2\/comments?post=63473"}],"version-history":[{"count":1,"href":"https:\/\/laredlarioja.com.ar\/sitio\/wp-json\/wp\/v2\/posts\/63473\/revisions"}],"predecessor-version":[{"id":63475,"href":"https:\/\/laredlarioja.com.ar\/sitio\/wp-json\/wp\/v2\/posts\/63473\/revisions\/63475"}],"wp:featuredmedia":[{"embeddable":true,"href":"https:\/\/laredlarioja.com.ar\/sitio\/wp-json\/wp\/v2\/media\/63474"}],"wp:attachment":[{"href":"https:\/\/laredlarioja.com.ar\/sitio\/wp-json\/wp\/v2\/media?parent=63473"}],"wp:term":[{"taxonomy":"category","embeddable":true,"href":"https:\/\/laredlarioja.com.ar\/sitio\/wp-json\/wp\/v2\/categories?post=63473"},{"taxonomy":"post_tag","embeddable":true,"href":"https:\/\/laredlarioja.com.ar\/sitio\/wp-json\/wp\/v2\/tags?post=63473"}],"curies":[{"name":"wp","href":"https:\/\/api.w.org\/{rel}","templated":true}]}}