{"id":63482,"date":"2025-06-24T23:01:47","date_gmt":"2025-06-24T23:01:47","guid":{"rendered":"https:\/\/laredlarioja.com.ar\/sitio\/?p=63482"},"modified":"2025-06-24T23:01:47","modified_gmt":"2025-06-24T23:01:47","slug":"educacion-confirmo-la-continuidad-del-calendario-escolar","status":"publish","type":"post","link":"https:\/\/laredlarioja.com.ar\/sitio\/educacion-confirmo-la-continuidad-del-calendario-escolar\/","title":{"rendered":"Educaci\u00f3n confirm\u00f3 la continuidad del calendario escolar"},"content":{"rendered":"<p>En el marco de un seguimiento constante de la situaci\u00f3n sanitaria, el Ministro de Educaci\u00f3n, Ariel Mart\u00ednez, inform\u00f3 que por el momento no habr\u00e1 modificaciones significativas en el calendario educativo vigente. As\u00ed lo confirm\u00f3 tras mantener una reuni\u00f3n de trabajo con el Ministro de Salud, donde evaluaron la situaci\u00f3n actual y las eventuales medidas preventivas.<\/p>\n<p>\u00abEstamos trabajando, hoy tuvimos una reuni\u00f3n con el Ministro de Salud, monitoreando en forma cotidiana y permanente el tema de la presencia de alguna casu\u00edstica particular\u00bb, expres\u00f3 Mart\u00ednez. En este sentido, destac\u00f3 que, por ahora, no se prev\u00e9n cambios sustanciales en el desarrollo de las actividades escolares, aunque reconoci\u00f3 que podr\u00edan analizarse \u00abalgunas cuestiones particulares del calendario educativo\u00bb si fuera necesario.<\/p>\n<p>El titular de la cartera educativa subray\u00f3 adem\u00e1s el fortalecimiento de la articulaci\u00f3n interministerial: \u00abSe est\u00e1 fortaleciendo el trabajo de la articulaci\u00f3n con el Ministerio de Salud, con la vacunaci\u00f3n, as\u00ed que bueno, estamos trabajando de esa manera\u00bb, se\u00f1al\u00f3. La coordinaci\u00f3n entre ambas \u00e1reas resulta clave para garantizar el normal desarrollo de las clases presenciales, manteniendo los protocolos y medidas de prevenci\u00f3n vigentes.<\/p>\n<p>Las autoridades reiteraron el llamado a la comunidad educativa a continuar cumpliendo las recomendaciones sanitarias y recordaron la importancia de completar los esquemas de vacunaci\u00f3n correspondientes.<\/p>\n","protected":false},"excerpt":{"rendered":"<p>En el marco de un seguimiento constante de la situaci\u00f3n sanitaria, el Ministro de Educaci\u00f3n, Ariel Mart\u00ednez, inform\u00f3<\/p>\n","protected":false},"author":7,"featured_media":40849,"comment_status":"closed","ping_status":"open","sticky":false,"template":"","format":"standard","meta":{"footnotes":""},"categories":[94],"tags":[84],"class_list":["post-63482","post","type-post","status-publish","format-standard","has-post-thumbnail","hentry","category-locales","tag-secundaria"],"yoast_head":"<!-- This site is optimized with the Yoast SEO plugin v27.4 - https:\/\/yoast.com\/product\/yoast-seo-wordpress\/ -->\n<title>Educaci\u00f3n confirm\u00f3 la continuidad del calendario escolar - LA RED 88.3 LA RIOJA<\/title>\n<meta name=\"robots\" content=\"index, follow, max-snippet:-1, max-image-preview:large, max-video-preview:-1\" \/>\n<link rel=\"canonical\" href=\"https:\/\/laredlarioja.com.ar\/sitio\/educacion-confirmo-la-continuidad-del-calendario-escolar\/\" \/>\n<meta property=\"og:locale\" content=\"es_ES\" \/>\n<meta property=\"og:type\" content=\"article\" \/>\n<meta property=\"og:title\" content=\"Educaci\u00f3n confirm\u00f3 la continuidad del calendario escolar - LA RED 88.3 LA RIOJA\" \/>\n<meta property=\"og:description\" content=\"En el marco de un seguimiento constante de la situaci\u00f3n sanitaria, el Ministro de Educaci\u00f3n, Ariel Mart\u00ednez, inform\u00f3\" \/>\n<meta property=\"og:url\" content=\"https:\/\/laredlarioja.com.ar\/sitio\/educacion-confirmo-la-continuidad-del-calendario-escolar\/\" \/>\n<meta property=\"og:site_name\" content=\"LA RED 88.3 LA RIOJA\" \/>\n<meta property=\"article:publisher\" content=\"https:\/\/www.facebook.com\/lared.larioja\" \/>\n<meta property=\"article:published_time\" content=\"2025-06-24T23:01:47+00:00\" \/>\n<meta property=\"og:image\" content=\"https:\/\/laredlarioja.com.ar\/sitio\/wp-content\/uploads\/2023\/12\/WhatsApp-Image-2023-12-22-at-16.07.57.jpeg\" \/>\n\t<meta property=\"og:image:width\" content=\"1472\" \/>\n\t<meta property=\"og:image:height\" content=\"984\" \/>\n\t<meta property=\"og:image:type\" content=\"image\/jpeg\" \/>\n<meta name=\"author\" content=\"Anabella Soria\" \/>\n<meta name=\"twitter:card\" content=\"summary_large_image\" \/>\n<meta name=\"twitter:creator\" content=\"@laredlarioja1\" \/>\n<meta name=\"twitter:site\" content=\"@laredlarioja1\" \/>\n<meta name=\"twitter:label1\" content=\"Escrito por\" \/>\n\t<meta name=\"twitter:data1\" content=\"Anabella Soria\" \/>\n\t<meta name=\"twitter:label2\" content=\"Tiempo de lectura\" \/>\n\t<meta name=\"twitter:data2\" content=\"2 minutos\" \/>\n<script type=\"application\/ld+json\" class=\"yoast-schema-graph\">{\"@context\":\"https:\\\/\\\/schema.org\",\"@graph\":[{\"@type\":\"Article\",\"@id\":\"https:\\\/\\\/laredlarioja.com.ar\\\/sitio\\\/educacion-confirmo-la-continuidad-del-calendario-escolar\\\/#article\",\"isPartOf\":{\"@id\":\"https:\\\/\\\/laredlarioja.com.ar\\\/sitio\\\/educacion-confirmo-la-continuidad-del-calendario-escolar\\\/\"},\"author\":{\"name\":\"Anabella Soria\",\"@id\":\"https:\\\/\\\/laredlarioja.com.ar\\\/sitio\\\/#\\\/schema\\\/person\\\/31f88059d20c5cf06e974fd895aec56e\"},\"headline\":\"Educaci\u00f3n confirm\u00f3 la continuidad del calendario escolar\",\"datePublished\":\"2025-06-24T23:01:47+00:00\",\"mainEntityOfPage\":{\"@id\":\"https:\\\/\\\/laredlarioja.com.ar\\\/sitio\\\/educacion-confirmo-la-continuidad-del-calendario-escolar\\\/\"},\"wordCount\":231,\"publisher\":{\"@id\":\"https:\\\/\\\/laredlarioja.com.ar\\\/sitio\\\/#organization\"},\"image\":{\"@id\":\"https:\\\/\\\/laredlarioja.com.ar\\\/sitio\\\/educacion-confirmo-la-continuidad-del-calendario-escolar\\\/#primaryimage\"},\"thumbnailUrl\":\"https:\\\/\\\/laredlarioja.com.ar\\\/sitio\\\/wp-content\\\/uploads\\\/2023\\\/12\\\/WhatsApp-Image-2023-12-22-at-16.07.57.jpeg\",\"keywords\":[\"Secundaria\"],\"articleSection\":[\"Locales\"],\"inLanguage\":\"es\"},{\"@type\":\"WebPage\",\"@id\":\"https:\\\/\\\/laredlarioja.com.ar\\\/sitio\\\/educacion-confirmo-la-continuidad-del-calendario-escolar\\\/\",\"url\":\"https:\\\/\\\/laredlarioja.com.ar\\\/sitio\\\/educacion-confirmo-la-continuidad-del-calendario-escolar\\\/\",\"name\":\"Educaci\u00f3n confirm\u00f3 la continuidad del calendario escolar - LA RED 88.3 LA RIOJA\",\"isPartOf\":{\"@id\":\"https:\\\/\\\/laredlarioja.com.ar\\\/sitio\\\/#website\"},\"primaryImageOfPage\":{\"@id\":\"https:\\\/\\\/laredlarioja.com.ar\\\/sitio\\\/educacion-confirmo-la-continuidad-del-calendario-escolar\\\/#primaryimage\"},\"image\":{\"@id\":\"https:\\\/\\\/laredlarioja.com.ar\\\/sitio\\\/educacion-confirmo-la-continuidad-del-calendario-escolar\\\/#primaryimage\"},\"thumbnailUrl\":\"https:\\\/\\\/laredlarioja.com.ar\\\/sitio\\\/wp-content\\\/uploads\\\/2023\\\/12\\\/WhatsApp-Image-2023-12-22-at-16.07.57.jpeg\",\"datePublished\":\"2025-06-24T23:01:47+00:00\",\"breadcrumb\":{\"@id\":\"https:\\\/\\\/laredlarioja.com.ar\\\/sitio\\\/educacion-confirmo-la-continuidad-del-calendario-escolar\\\/#breadcrumb\"},\"inLanguage\":\"es\",\"potentialAction\":[{\"@type\":\"ReadAction\",\"target\":[\"https:\\\/\\\/laredlarioja.com.ar\\\/sitio\\\/educacion-confirmo-la-continuidad-del-calendario-escolar\\\/\"]}]},{\"@type\":\"ImageObject\",\"inLanguage\":\"es\",\"@id\":\"https:\\\/\\\/laredlarioja.com.ar\\\/sitio\\\/educacion-confirmo-la-continuidad-del-calendario-escolar\\\/#primaryimage\",\"url\":\"https:\\\/\\\/laredlarioja.com.ar\\\/sitio\\\/wp-content\\\/uploads\\\/2023\\\/12\\\/WhatsApp-Image-2023-12-22-at-16.07.57.jpeg\",\"contentUrl\":\"https:\\\/\\\/laredlarioja.com.ar\\\/sitio\\\/wp-content\\\/uploads\\\/2023\\\/12\\\/WhatsApp-Image-2023-12-22-at-16.07.57.jpeg\",\"width\":1472,\"height\":984},{\"@type\":\"BreadcrumbList\",\"@id\":\"https:\\\/\\\/laredlarioja.com.ar\\\/sitio\\\/educacion-confirmo-la-continuidad-del-calendario-escolar\\\/#breadcrumb\",\"itemListElement\":[{\"@type\":\"ListItem\",\"position\":1,\"name\":\"Portada\",\"item\":\"https:\\\/\\\/laredlarioja.com.ar\\\/sitio\\\/\"},{\"@type\":\"ListItem\",\"position\":2,\"name\":\"Educaci\u00f3n confirm\u00f3 la continuidad del calendario escolar\"}]},{\"@type\":\"WebSite\",\"@id\":\"https:\\\/\\\/laredlarioja.com.ar\\\/sitio\\\/#website\",\"url\":\"https:\\\/\\\/laredlarioja.com.ar\\\/sitio\\\/\",\"name\":\"LA RED 88.3 LA RIOJA\",\"description\":\"Sitio de Noticias\",\"publisher\":{\"@id\":\"https:\\\/\\\/laredlarioja.com.ar\\\/sitio\\\/#organization\"},\"potentialAction\":[{\"@type\":\"SearchAction\",\"target\":{\"@type\":\"EntryPoint\",\"urlTemplate\":\"https:\\\/\\\/laredlarioja.com.ar\\\/sitio\\\/?s={search_term_string}\"},\"query-input\":{\"@type\":\"PropertyValueSpecification\",\"valueRequired\":true,\"valueName\":\"search_term_string\"}}],\"inLanguage\":\"es\"},{\"@type\":\"Organization\",\"@id\":\"https:\\\/\\\/laredlarioja.com.ar\\\/sitio\\\/#organization\",\"name\":\"LA RED 88.3 LA RIOJA\",\"url\":\"https:\\\/\\\/laredlarioja.com.ar\\\/sitio\\\/\",\"logo\":{\"@type\":\"ImageObject\",\"inLanguage\":\"es\",\"@id\":\"https:\\\/\\\/laredlarioja.com.ar\\\/sitio\\\/#\\\/schema\\\/logo\\\/image\\\/\",\"url\":\"https:\\\/\\\/laredlarioja.com.ar\\\/sitio\\\/wp-content\\\/uploads\\\/2025\\\/05\\\/LOGO-LA-RED.png\",\"contentUrl\":\"https:\\\/\\\/laredlarioja.com.ar\\\/sitio\\\/wp-content\\\/uploads\\\/2025\\\/05\\\/LOGO-LA-RED.png\",\"width\":193,\"height\":340,\"caption\":\"LA RED 88.3 LA RIOJA\"},\"image\":{\"@id\":\"https:\\\/\\\/laredlarioja.com.ar\\\/sitio\\\/#\\\/schema\\\/logo\\\/image\\\/\"},\"sameAs\":[\"https:\\\/\\\/www.facebook.com\\\/lared.larioja\",\"https:\\\/\\\/x.com\\\/laredlarioja1\",\"https:\\\/\\\/www.instagram.com\\\/lared_larioja\\\/\"]},{\"@type\":\"Person\",\"@id\":\"https:\\\/\\\/laredlarioja.com.ar\\\/sitio\\\/#\\\/schema\\\/person\\\/31f88059d20c5cf06e974fd895aec56e\",\"name\":\"Anabella Soria\",\"url\":\"https:\\\/\\\/laredlarioja.com.ar\\\/sitio\\\/author\\\/asoria\\\/\"}]}<\/script>\n<!-- \/ Yoast SEO plugin. -->","yoast_head_json":{"title":"Educaci\u00f3n confirm\u00f3 la continuidad del calendario escolar - LA RED 88.3 LA RIOJA","robots":{"index":"index","follow":"follow","max-snippet":"max-snippet:-1","max-image-preview":"max-image-preview:large","max-video-preview":"max-video-preview:-1"},"canonical":"https:\/\/laredlarioja.com.ar\/sitio\/educacion-confirmo-la-continuidad-del-calendario-escolar\/","og_locale":"es_ES","og_type":"article","og_title":"Educaci\u00f3n confirm\u00f3 la continuidad del calendario escolar - LA RED 88.3 LA RIOJA","og_description":"En el marco de un seguimiento constante de la situaci\u00f3n sanitaria, el Ministro de Educaci\u00f3n, Ariel Mart\u00ednez, inform\u00f3","og_url":"https:\/\/laredlarioja.com.ar\/sitio\/educacion-confirmo-la-continuidad-del-calendario-escolar\/","og_site_name":"LA RED 88.3 LA RIOJA","article_publisher":"https:\/\/www.facebook.com\/lared.larioja","article_published_time":"2025-06-24T23:01:47+00:00","og_image":[{"width":1472,"height":984,"url":"https:\/\/laredlarioja.com.ar\/sitio\/wp-content\/uploads\/2023\/12\/WhatsApp-Image-2023-12-22-at-16.07.57.jpeg","type":"image\/jpeg"}],"author":"Anabella Soria","twitter_card":"summary_large_image","twitter_creator":"@laredlarioja1","twitter_site":"@laredlarioja1","twitter_misc":{"Escrito por":"Anabella Soria","Tiempo de lectura":"2 minutos"},"schema":{"@context":"https:\/\/schema.org","@graph":[{"@type":"Article","@id":"https:\/\/laredlarioja.com.ar\/sitio\/educacion-confirmo-la-continuidad-del-calendario-escolar\/#article","isPartOf":{"@id":"https:\/\/laredlarioja.com.ar\/sitio\/educacion-confirmo-la-continuidad-del-calendario-escolar\/"},"author":{"name":"Anabella Soria","@id":"https:\/\/laredlarioja.com.ar\/sitio\/#\/schema\/person\/31f88059d20c5cf06e974fd895aec56e"},"headline":"Educaci\u00f3n confirm\u00f3 la continuidad del calendario escolar","datePublished":"2025-06-24T23:01:47+00:00","mainEntityOfPage":{"@id":"https:\/\/laredlarioja.com.ar\/sitio\/educacion-confirmo-la-continuidad-del-calendario-escolar\/"},"wordCount":231,"publisher":{"@id":"https:\/\/laredlarioja.com.ar\/sitio\/#organization"},"image":{"@id":"https:\/\/laredlarioja.com.ar\/sitio\/educacion-confirmo-la-continuidad-del-calendario-escolar\/#primaryimage"},"thumbnailUrl":"https:\/\/laredlarioja.com.ar\/sitio\/wp-content\/uploads\/2023\/12\/WhatsApp-Image-2023-12-22-at-16.07.57.jpeg","keywords":["Secundaria"],"articleSection":["Locales"],"inLanguage":"es"},{"@type":"WebPage","@id":"https:\/\/laredlarioja.com.ar\/sitio\/educacion-confirmo-la-continuidad-del-calendario-escolar\/","url":"https:\/\/laredlarioja.com.ar\/sitio\/educacion-confirmo-la-continuidad-del-calendario-escolar\/","name":"Educaci\u00f3n confirm\u00f3 la continuidad del calendario escolar - LA RED 88.3 LA RIOJA","isPartOf":{"@id":"https:\/\/laredlarioja.com.ar\/sitio\/#website"},"primaryImageOfPage":{"@id":"https:\/\/laredlarioja.com.ar\/sitio\/educacion-confirmo-la-continuidad-del-calendario-escolar\/#primaryimage"},"image":{"@id":"https:\/\/laredlarioja.com.ar\/sitio\/educacion-confirmo-la-continuidad-del-calendario-escolar\/#primaryimage"},"thumbnailUrl":"https:\/\/laredlarioja.com.ar\/sitio\/wp-content\/uploads\/2023\/12\/WhatsApp-Image-2023-12-22-at-16.07.57.jpeg","datePublished":"2025-06-24T23:01:47+00:00","breadcrumb":{"@id":"https:\/\/laredlarioja.com.ar\/sitio\/educacion-confirmo-la-continuidad-del-calendario-escolar\/#breadcrumb"},"inLanguage":"es","potentialAction":[{"@type":"ReadAction","target":["https:\/\/laredlarioja.com.ar\/sitio\/educacion-confirmo-la-continuidad-del-calendario-escolar\/"]}]},{"@type":"ImageObject","inLanguage":"es","@id":"https:\/\/laredlarioja.com.ar\/sitio\/educacion-confirmo-la-continuidad-del-calendario-escolar\/#primaryimage","url":"https:\/\/laredlarioja.com.ar\/sitio\/wp-content\/uploads\/2023\/12\/WhatsApp-Image-2023-12-22-at-16.07.57.jpeg","contentUrl":"https:\/\/laredlarioja.com.ar\/sitio\/wp-content\/uploads\/2023\/12\/WhatsApp-Image-2023-12-22-at-16.07.57.jpeg","width":1472,"height":984},{"@type":"BreadcrumbList","@id":"https:\/\/laredlarioja.com.ar\/sitio\/educacion-confirmo-la-continuidad-del-calendario-escolar\/#breadcrumb","itemListElement":[{"@type":"ListItem","position":1,"name":"Portada","item":"https:\/\/laredlarioja.com.ar\/sitio\/"},{"@type":"ListItem","position":2,"name":"Educaci\u00f3n confirm\u00f3 la continuidad del calendario escolar"}]},{"@type":"WebSite","@id":"https:\/\/laredlarioja.com.ar\/sitio\/#website","url":"https:\/\/laredlarioja.com.ar\/sitio\/","name":"LA RED 88.3 LA RIOJA","description":"Sitio de Noticias","publisher":{"@id":"https:\/\/laredlarioja.com.ar\/sitio\/#organization"},"potentialAction":[{"@type":"SearchAction","target":{"@type":"EntryPoint","urlTemplate":"https:\/\/laredlarioja.com.ar\/sitio\/?s={search_term_string}"},"query-input":{"@type":"PropertyValueSpecification","valueRequired":true,"valueName":"search_term_string"}}],"inLanguage":"es"},{"@type":"Organization","@id":"https:\/\/laredlarioja.com.ar\/sitio\/#organization","name":"LA RED 88.3 LA RIOJA","url":"https:\/\/laredlarioja.com.ar\/sitio\/","logo":{"@type":"ImageObject","inLanguage":"es","@id":"https:\/\/laredlarioja.com.ar\/sitio\/#\/schema\/logo\/image\/","url":"https:\/\/laredlarioja.com.ar\/sitio\/wp-content\/uploads\/2025\/05\/LOGO-LA-RED.png","contentUrl":"https:\/\/laredlarioja.com.ar\/sitio\/wp-content\/uploads\/2025\/05\/LOGO-LA-RED.png","width":193,"height":340,"caption":"LA RED 88.3 LA RIOJA"},"image":{"@id":"https:\/\/laredlarioja.com.ar\/sitio\/#\/schema\/logo\/image\/"},"sameAs":["https:\/\/www.facebook.com\/lared.larioja","https:\/\/x.com\/laredlarioja1","https:\/\/www.instagram.com\/lared_larioja\/"]},{"@type":"Person","@id":"https:\/\/laredlarioja.com.ar\/sitio\/#\/schema\/person\/31f88059d20c5cf06e974fd895aec56e","name":"Anabella Soria","url":"https:\/\/laredlarioja.com.ar\/sitio\/author\/asoria\/"}]}},"featured_image_urls":{"full":["https:\/\/laredlarioja.com.ar\/sitio\/wp-content\/uploads\/2023\/12\/WhatsApp-Image-2023-12-22-at-16.07.57.jpeg",1472,984,false],"thumbnail":["https:\/\/laredlarioja.com.ar\/sitio\/wp-content\/uploads\/2023\/12\/WhatsApp-Image-2023-12-22-at-16.07.57-150x150.jpeg",150,150,true],"medium":["https:\/\/laredlarioja.com.ar\/sitio\/wp-content\/uploads\/2023\/12\/WhatsApp-Image-2023-12-22-at-16.07.57-300x201.jpeg",300,201,true],"medium_large":["https:\/\/laredlarioja.com.ar\/sitio\/wp-content\/uploads\/2023\/12\/WhatsApp-Image-2023-12-22-at-16.07.57-768x513.jpeg",640,428,true],"large":["https:\/\/laredlarioja.com.ar\/sitio\/wp-content\/uploads\/2023\/12\/WhatsApp-Image-2023-12-22-at-16.07.57-1024x685.jpeg",640,428,true],"1536x1536":["https:\/\/laredlarioja.com.ar\/sitio\/wp-content\/uploads\/2023\/12\/WhatsApp-Image-2023-12-22-at-16.07.57.jpeg",1472,984,false],"2048x2048":["https:\/\/laredlarioja.com.ar\/sitio\/wp-content\/uploads\/2023\/12\/WhatsApp-Image-2023-12-22-at-16.07.57.jpeg",1472,984,false],"cvmm-medium":["https:\/\/laredlarioja.com.ar\/sitio\/wp-content\/uploads\/2023\/12\/WhatsApp-Image-2023-12-22-at-16.07.57-300x300.jpeg",300,300,true],"cvmm-medium-plus":["https:\/\/laredlarioja.com.ar\/sitio\/wp-content\/uploads\/2023\/12\/WhatsApp-Image-2023-12-22-at-16.07.57-305x207.jpeg",305,207,true],"cvmm-portrait":["https:\/\/laredlarioja.com.ar\/sitio\/wp-content\/uploads\/2023\/12\/WhatsApp-Image-2023-12-22-at-16.07.57-400x600.jpeg",400,600,true],"cvmm-medium-square":["https:\/\/laredlarioja.com.ar\/sitio\/wp-content\/uploads\/2023\/12\/WhatsApp-Image-2023-12-22-at-16.07.57-600x600.jpeg",600,600,true],"cvmm-large":["https:\/\/laredlarioja.com.ar\/sitio\/wp-content\/uploads\/2023\/12\/WhatsApp-Image-2023-12-22-at-16.07.57-1024x984.jpeg",1024,984,true],"cvmm-small":["https:\/\/laredlarioja.com.ar\/sitio\/wp-content\/uploads\/2023\/12\/WhatsApp-Image-2023-12-22-at-16.07.57-130x95.jpeg",130,95,true],"morenews-large":["https:\/\/laredlarioja.com.ar\/sitio\/wp-content\/uploads\/2023\/12\/WhatsApp-Image-2023-12-22-at-16.07.57-825x575.jpeg",825,575,true],"morenews-medium":["https:\/\/laredlarioja.com.ar\/sitio\/wp-content\/uploads\/2023\/12\/WhatsApp-Image-2023-12-22-at-16.07.57-590x410.jpeg",590,410,true]},"author_info":{"display_name":"Anabella Soria","author_link":"https:\/\/laredlarioja.com.ar\/sitio\/author\/asoria\/"},"category_info":"<a href=\"https:\/\/laredlarioja.com.ar\/sitio\/categorias\/locales\/\" rel=\"category tag\">Locales<\/a>","tag_info":"Locales","comment_count":"0","blog_post_layout_featured_media_urls":{"thumbnail":["https:\/\/laredlarioja.com.ar\/sitio\/wp-content\/uploads\/2023\/12\/WhatsApp-Image-2023-12-22-at-16.07.57-150x150.jpeg",150,150,true],"full":["https:\/\/laredlarioja.com.ar\/sitio\/wp-content\/uploads\/2023\/12\/WhatsApp-Image-2023-12-22-at-16.07.57.jpeg",1472,984,false]},"categories_names":{"94":{"name":"Locales","link":"https:\/\/laredlarioja.com.ar\/sitio\/categorias\/locales\/"}},"tags_names":{"84":{"name":"Secundaria","link":"https:\/\/laredlarioja.com.ar\/sitio\/etiquetas\/secundaria\/"}},"comments_number":"0","wpmagazine_modules_lite_featured_media_urls":{"thumbnail":["https:\/\/laredlarioja.com.ar\/sitio\/wp-content\/uploads\/2023\/12\/WhatsApp-Image-2023-12-22-at-16.07.57-150x150.jpeg",150,150,true],"cvmm-medium":["https:\/\/laredlarioja.com.ar\/sitio\/wp-content\/uploads\/2023\/12\/WhatsApp-Image-2023-12-22-at-16.07.57-300x300.jpeg",300,300,true],"cvmm-medium-plus":["https:\/\/laredlarioja.com.ar\/sitio\/wp-content\/uploads\/2023\/12\/WhatsApp-Image-2023-12-22-at-16.07.57-305x207.jpeg",305,207,true],"cvmm-portrait":["https:\/\/laredlarioja.com.ar\/sitio\/wp-content\/uploads\/2023\/12\/WhatsApp-Image-2023-12-22-at-16.07.57-400x600.jpeg",400,600,true],"cvmm-medium-square":["https:\/\/laredlarioja.com.ar\/sitio\/wp-content\/uploads\/2023\/12\/WhatsApp-Image-2023-12-22-at-16.07.57-600x600.jpeg",600,600,true],"cvmm-large":["https:\/\/laredlarioja.com.ar\/sitio\/wp-content\/uploads\/2023\/12\/WhatsApp-Image-2023-12-22-at-16.07.57-1024x984.jpeg",1024,984,true],"cvmm-small":["https:\/\/laredlarioja.com.ar\/sitio\/wp-content\/uploads\/2023\/12\/WhatsApp-Image-2023-12-22-at-16.07.57-130x95.jpeg",130,95,true],"full":["https:\/\/laredlarioja.com.ar\/sitio\/wp-content\/uploads\/2023\/12\/WhatsApp-Image-2023-12-22-at-16.07.57.jpeg",1472,984,false]},"_links":{"self":[{"href":"https:\/\/laredlarioja.com.ar\/sitio\/wp-json\/wp\/v2\/posts\/63482","targetHints":{"allow":["GET"]}}],"collection":[{"href":"https:\/\/laredlarioja.com.ar\/sitio\/wp-json\/wp\/v2\/posts"}],"about":[{"href":"https:\/\/laredlarioja.com.ar\/sitio\/wp-json\/wp\/v2\/types\/post"}],"author":[{"embeddable":true,"href":"https:\/\/laredlarioja.com.ar\/sitio\/wp-json\/wp\/v2\/users\/7"}],"replies":[{"embeddable":true,"href":"https:\/\/laredlarioja.com.ar\/sitio\/wp-json\/wp\/v2\/comments?post=63482"}],"version-history":[{"count":1,"href":"https:\/\/laredlarioja.com.ar\/sitio\/wp-json\/wp\/v2\/posts\/63482\/revisions"}],"predecessor-version":[{"id":63483,"href":"https:\/\/laredlarioja.com.ar\/sitio\/wp-json\/wp\/v2\/posts\/63482\/revisions\/63483"}],"wp:featuredmedia":[{"embeddable":true,"href":"https:\/\/laredlarioja.com.ar\/sitio\/wp-json\/wp\/v2\/media\/40849"}],"wp:attachment":[{"href":"https:\/\/laredlarioja.com.ar\/sitio\/wp-json\/wp\/v2\/media?parent=63482"}],"wp:term":[{"taxonomy":"category","embeddable":true,"href":"https:\/\/laredlarioja.com.ar\/sitio\/wp-json\/wp\/v2\/categories?post=63482"},{"taxonomy":"post_tag","embeddable":true,"href":"https:\/\/laredlarioja.com.ar\/sitio\/wp-json\/wp\/v2\/tags?post=63482"}],"curies":[{"name":"wp","href":"https:\/\/api.w.org\/{rel}","templated":true}]}}