{"id":63486,"date":"2025-06-25T13:19:32","date_gmt":"2025-06-25T13:19:32","guid":{"rendered":"https:\/\/laredlarioja.com.ar\/sitio\/?p=63486"},"modified":"2025-06-25T14:51:47","modified_gmt":"2025-06-25T14:51:47","slug":"avanza-la-implementacion-del-programa-camino-escolar-seguro-en-toda-la-capital","status":"publish","type":"post","link":"https:\/\/laredlarioja.com.ar\/sitio\/avanza-la-implementacion-del-programa-camino-escolar-seguro-en-toda-la-capital\/","title":{"rendered":"Avanza la implementaci\u00f3n del programa \u201cCamino Escolar Seguro\u201d"},"content":{"rendered":"<p data-start=\"246\" data-end=\"436\"><em data-start=\"246\" data-end=\"436\">Impulsado por la Direcci\u00f3n de Seguridad Vial y respaldado por ordenanza, el programa busca transformar los entornos escolares en zonas m\u00e1s seguras y accesibles para estudiantes y familias.<\/em><\/p>\n<p data-start=\"438\" data-end=\"924\">El programa municipal <em data-start=\"460\" data-end=\"483\">Camino Escolar Seguro<\/em>, ideado por la Direcci\u00f3n de Seguridad Vial del Municipio y aprobado por la Comisi\u00f3n de Servicios P\u00fablicos del Concejo Deliberante, se prepara para su implementaci\u00f3n integral en los establecimientos educativos de la ciudad capital. La iniciativa busca reorganizar la circulaci\u00f3n vehicular en torno a las escuelas, con el fin de mejorar la seguridad vial, ordenar el tr\u00e1nsito y fomentar la autonom\u00eda de los ni\u00f1os y ni\u00f1as en el espacio urbano.<\/p>\n<p data-start=\"926\" data-end=\"1396\">La ordenanza establece una serie de medidas concretas que deber\u00e1n ser aplicadas por el Ejecutivo municipal, a trav\u00e9s de la Secretar\u00eda de Servicios P\u00fablicos y otras \u00e1reas competentes. Entre ellas, se destaca la demarcaci\u00f3n vial y se\u00f1alizaci\u00f3n espec\u00edfica para identificar zonas de circulaci\u00f3n, detenci\u00f3n breve y prohibici\u00f3n de estacionamiento. Estas intervenciones permitir\u00e1n una mejor comunicaci\u00f3n visual entre conductores y peatones, especialmente en horarios escolares.<\/p>\n<p data-start=\"1398\" data-end=\"1758\">\u201cSe trata de una intervenci\u00f3n que busca priorizar la seguridad de los estudiantes sin comprometer la fluidez vehicular\u201d, explic\u00f3 el concejal Alberto Centeno, presidente de la Comisi\u00f3n de Servicios P\u00fablicos. \u201cQueremos transformar el entorno escolar en un espacio seguro, ordenado y pensado desde la mirada de quienes m\u00e1s lo necesitan: los ni\u00f1os y sus familias\u201d.<\/p>\n<p data-start=\"1760\" data-end=\"2173\">La norma tambi\u00e9n prev\u00e9 la creaci\u00f3n de zonas exclusivas para el ascenso y descenso breve de estudiantes, prohibiendo expresamente las paradas prolongadas de veh\u00edculos en esos sectores. Como condici\u00f3n clave para el funcionamiento del programa, se establece la presencia de inspectores de tr\u00e1nsito, quienes acompa\u00f1ar\u00e1n a los estudiantes en el cruce de calles y el ingreso y egreso de los establecimientos educativos.<\/p>\n<p data-start=\"2175\" data-end=\"2594\">En el diagn\u00f3stico que fundamenta el proyecto, se destaca que la ciudad presenta una estructura urbana conc\u00e9ntrica, con alta concentraci\u00f3n de actividades comerciales y administrativas en la zona central, lo que genera una presi\u00f3n significativa sobre el tr\u00e1nsito. Esta situaci\u00f3n se ve agravada por el uso predominante del autom\u00f3vil particular, en detrimento del transporte p\u00fablico, la bicicleta o el desplazamiento a pie.<\/p>\n<p data-start=\"2596\" data-end=\"2974\">El programa <em data-start=\"2608\" data-end=\"2631\">Camino Escolar Seguro<\/em> no solo apunta a ordenar el tr\u00e1nsito, sino tambi\u00e9n a recuperar el rol activo de la infancia como usuaria del espacio p\u00fablico. \u201cMuchos ni\u00f1os han perdido la posibilidad de ir caminando a la escuela por el riesgo vial. Esta iniciativa busca revertir eso, fomentando la autonom\u00eda y la participaci\u00f3n ciudadana desde temprana edad\u201d, agreg\u00f3 Centeno.<\/p>\n<p data-start=\"2976\" data-end=\"3348\">Actualmente, el programa ya se encuentra en marcha en algunos establecimientos, como el Colegio Sagrado Coraz\u00f3n y la escuela Telech\u00e9a, donde se observa la presencia de inspectores y se\u00f1alizaci\u00f3n espec\u00edfica en horarios cr\u00edticos. El objetivo a corto plazo es extender esta experiencia a todas las escuelas del centro de la ciudad y, progresivamente, al resto de los barrios.<\/p>\n<p data-start=\"3350\" data-end=\"3453\">\u201cEs un paso m\u00e1s hacia una ciudad m\u00e1s segura, pero tambi\u00e9n m\u00e1s inclusiva y educadora\u201d, concluy\u00f3 el edil.<\/p>\n<hr data-start=\"3455\" data-end=\"3459\" \/>\n<p data-start=\"3461\" data-end=\"3577\" data-is-last-node=\"\" data-is-only-node=\"\">\u00bfQuer\u00e9s qu<\/p>\n","protected":false},"excerpt":{"rendered":"<p>Impulsado por la Direcci\u00f3n de Seguridad Vial y respaldado por ordenanza, el programa busca transformar los entornos escolares<\/p>\n","protected":false},"author":10,"featured_media":63488,"comment_status":"closed","ping_status":"open","sticky":false,"template":"","format":"standard","meta":{"footnotes":""},"categories":[94],"tags":[],"class_list":["post-63486","post","type-post","status-publish","format-standard","has-post-thumbnail","hentry","category-locales"],"yoast_head":"<!-- This site is optimized with the Yoast SEO plugin v27.4 - https:\/\/yoast.com\/product\/yoast-seo-wordpress\/ -->\n<title>Avanza la implementaci\u00f3n del programa \u201cCamino Escolar Seguro\u201d - LA RED 88.3 LA RIOJA<\/title>\n<meta name=\"robots\" content=\"index, follow, max-snippet:-1, max-image-preview:large, max-video-preview:-1\" \/>\n<link rel=\"canonical\" href=\"https:\/\/laredlarioja.com.ar\/sitio\/avanza-la-implementacion-del-programa-camino-escolar-seguro-en-toda-la-capital\/\" \/>\n<meta property=\"og:locale\" content=\"es_ES\" \/>\n<meta property=\"og:type\" content=\"article\" \/>\n<meta property=\"og:title\" content=\"Avanza la implementaci\u00f3n del programa \u201cCamino Escolar Seguro\u201d - LA RED 88.3 LA RIOJA\" \/>\n<meta property=\"og:description\" content=\"Impulsado por la Direcci\u00f3n de Seguridad Vial y respaldado por ordenanza, el programa busca transformar los entornos escolares\" \/>\n<meta property=\"og:url\" content=\"https:\/\/laredlarioja.com.ar\/sitio\/avanza-la-implementacion-del-programa-camino-escolar-seguro-en-toda-la-capital\/\" \/>\n<meta property=\"og:site_name\" content=\"LA RED 88.3 LA RIOJA\" \/>\n<meta property=\"article:publisher\" content=\"https:\/\/www.facebook.com\/lared.larioja\" \/>\n<meta property=\"article:published_time\" content=\"2025-06-25T13:19:32+00:00\" \/>\n<meta property=\"article:modified_time\" content=\"2025-06-25T14:51:47+00:00\" \/>\n<meta property=\"og:image\" content=\"https:\/\/laredlarioja.com.ar\/sitio\/wp-content\/uploads\/2025\/06\/69db64ac-efaf-4e41-8b5c-a1cf421c3b66-1.jpeg\" \/>\n\t<meta property=\"og:image:width\" content=\"1600\" \/>\n\t<meta property=\"og:image:height\" content=\"1086\" \/>\n\t<meta property=\"og:image:type\" content=\"image\/jpeg\" \/>\n<meta name=\"author\" content=\"La Red\" \/>\n<meta name=\"twitter:card\" content=\"summary_large_image\" \/>\n<meta name=\"twitter:creator\" content=\"@laredlarioja1\" \/>\n<meta name=\"twitter:site\" content=\"@laredlarioja1\" \/>\n<meta name=\"twitter:label1\" content=\"Escrito por\" \/>\n\t<meta name=\"twitter:data1\" content=\"La Red\" \/>\n\t<meta name=\"twitter:label2\" content=\"Tiempo de lectura\" \/>\n\t<meta name=\"twitter:data2\" content=\"3 minutos\" \/>\n<script type=\"application\/ld+json\" class=\"yoast-schema-graph\">{\"@context\":\"https:\\\/\\\/schema.org\",\"@graph\":[{\"@type\":\"Article\",\"@id\":\"https:\\\/\\\/laredlarioja.com.ar\\\/sitio\\\/avanza-la-implementacion-del-programa-camino-escolar-seguro-en-toda-la-capital\\\/#article\",\"isPartOf\":{\"@id\":\"https:\\\/\\\/laredlarioja.com.ar\\\/sitio\\\/avanza-la-implementacion-del-programa-camino-escolar-seguro-en-toda-la-capital\\\/\"},\"author\":{\"name\":\"La Red\",\"@id\":\"https:\\\/\\\/laredlarioja.com.ar\\\/sitio\\\/#\\\/schema\\\/person\\\/f1e213867beccedaaa4fb548d9259d9a\"},\"headline\":\"Avanza la implementaci\u00f3n del programa \u201cCamino Escolar Seguro\u201d\",\"datePublished\":\"2025-06-25T13:19:32+00:00\",\"dateModified\":\"2025-06-25T14:51:47+00:00\",\"mainEntityOfPage\":{\"@id\":\"https:\\\/\\\/laredlarioja.com.ar\\\/sitio\\\/avanza-la-implementacion-del-programa-camino-escolar-seguro-en-toda-la-capital\\\/\"},\"wordCount\":555,\"publisher\":{\"@id\":\"https:\\\/\\\/laredlarioja.com.ar\\\/sitio\\\/#organization\"},\"image\":{\"@id\":\"https:\\\/\\\/laredlarioja.com.ar\\\/sitio\\\/avanza-la-implementacion-del-programa-camino-escolar-seguro-en-toda-la-capital\\\/#primaryimage\"},\"thumbnailUrl\":\"https:\\\/\\\/laredlarioja.com.ar\\\/sitio\\\/wp-content\\\/uploads\\\/2025\\\/06\\\/69db64ac-efaf-4e41-8b5c-a1cf421c3b66-1.jpeg\",\"articleSection\":[\"Locales\"],\"inLanguage\":\"es\"},{\"@type\":\"WebPage\",\"@id\":\"https:\\\/\\\/laredlarioja.com.ar\\\/sitio\\\/avanza-la-implementacion-del-programa-camino-escolar-seguro-en-toda-la-capital\\\/\",\"url\":\"https:\\\/\\\/laredlarioja.com.ar\\\/sitio\\\/avanza-la-implementacion-del-programa-camino-escolar-seguro-en-toda-la-capital\\\/\",\"name\":\"Avanza la implementaci\u00f3n del programa \u201cCamino Escolar Seguro\u201d - LA RED 88.3 LA RIOJA\",\"isPartOf\":{\"@id\":\"https:\\\/\\\/laredlarioja.com.ar\\\/sitio\\\/#website\"},\"primaryImageOfPage\":{\"@id\":\"https:\\\/\\\/laredlarioja.com.ar\\\/sitio\\\/avanza-la-implementacion-del-programa-camino-escolar-seguro-en-toda-la-capital\\\/#primaryimage\"},\"image\":{\"@id\":\"https:\\\/\\\/laredlarioja.com.ar\\\/sitio\\\/avanza-la-implementacion-del-programa-camino-escolar-seguro-en-toda-la-capital\\\/#primaryimage\"},\"thumbnailUrl\":\"https:\\\/\\\/laredlarioja.com.ar\\\/sitio\\\/wp-content\\\/uploads\\\/2025\\\/06\\\/69db64ac-efaf-4e41-8b5c-a1cf421c3b66-1.jpeg\",\"datePublished\":\"2025-06-25T13:19:32+00:00\",\"dateModified\":\"2025-06-25T14:51:47+00:00\",\"breadcrumb\":{\"@id\":\"https:\\\/\\\/laredlarioja.com.ar\\\/sitio\\\/avanza-la-implementacion-del-programa-camino-escolar-seguro-en-toda-la-capital\\\/#breadcrumb\"},\"inLanguage\":\"es\",\"potentialAction\":[{\"@type\":\"ReadAction\",\"target\":[\"https:\\\/\\\/laredlarioja.com.ar\\\/sitio\\\/avanza-la-implementacion-del-programa-camino-escolar-seguro-en-toda-la-capital\\\/\"]}]},{\"@type\":\"ImageObject\",\"inLanguage\":\"es\",\"@id\":\"https:\\\/\\\/laredlarioja.com.ar\\\/sitio\\\/avanza-la-implementacion-del-programa-camino-escolar-seguro-en-toda-la-capital\\\/#primaryimage\",\"url\":\"https:\\\/\\\/laredlarioja.com.ar\\\/sitio\\\/wp-content\\\/uploads\\\/2025\\\/06\\\/69db64ac-efaf-4e41-8b5c-a1cf421c3b66-1.jpeg\",\"contentUrl\":\"https:\\\/\\\/laredlarioja.com.ar\\\/sitio\\\/wp-content\\\/uploads\\\/2025\\\/06\\\/69db64ac-efaf-4e41-8b5c-a1cf421c3b66-1.jpeg\",\"width\":1600,\"height\":1086},{\"@type\":\"BreadcrumbList\",\"@id\":\"https:\\\/\\\/laredlarioja.com.ar\\\/sitio\\\/avanza-la-implementacion-del-programa-camino-escolar-seguro-en-toda-la-capital\\\/#breadcrumb\",\"itemListElement\":[{\"@type\":\"ListItem\",\"position\":1,\"name\":\"Portada\",\"item\":\"https:\\\/\\\/laredlarioja.com.ar\\\/sitio\\\/\"},{\"@type\":\"ListItem\",\"position\":2,\"name\":\"Avanza la implementaci\u00f3n del programa \u201cCamino Escolar Seguro\u201d\"}]},{\"@type\":\"WebSite\",\"@id\":\"https:\\\/\\\/laredlarioja.com.ar\\\/sitio\\\/#website\",\"url\":\"https:\\\/\\\/laredlarioja.com.ar\\\/sitio\\\/\",\"name\":\"LA RED 88.3 LA RIOJA\",\"description\":\"Sitio de Noticias\",\"publisher\":{\"@id\":\"https:\\\/\\\/laredlarioja.com.ar\\\/sitio\\\/#organization\"},\"potentialAction\":[{\"@type\":\"SearchAction\",\"target\":{\"@type\":\"EntryPoint\",\"urlTemplate\":\"https:\\\/\\\/laredlarioja.com.ar\\\/sitio\\\/?s={search_term_string}\"},\"query-input\":{\"@type\":\"PropertyValueSpecification\",\"valueRequired\":true,\"valueName\":\"search_term_string\"}}],\"inLanguage\":\"es\"},{\"@type\":\"Organization\",\"@id\":\"https:\\\/\\\/laredlarioja.com.ar\\\/sitio\\\/#organization\",\"name\":\"LA RED 88.3 LA RIOJA\",\"url\":\"https:\\\/\\\/laredlarioja.com.ar\\\/sitio\\\/\",\"logo\":{\"@type\":\"ImageObject\",\"inLanguage\":\"es\",\"@id\":\"https:\\\/\\\/laredlarioja.com.ar\\\/sitio\\\/#\\\/schema\\\/logo\\\/image\\\/\",\"url\":\"https:\\\/\\\/laredlarioja.com.ar\\\/sitio\\\/wp-content\\\/uploads\\\/2025\\\/05\\\/LOGO-LA-RED.png\",\"contentUrl\":\"https:\\\/\\\/laredlarioja.com.ar\\\/sitio\\\/wp-content\\\/uploads\\\/2025\\\/05\\\/LOGO-LA-RED.png\",\"width\":193,\"height\":340,\"caption\":\"LA RED 88.3 LA RIOJA\"},\"image\":{\"@id\":\"https:\\\/\\\/laredlarioja.com.ar\\\/sitio\\\/#\\\/schema\\\/logo\\\/image\\\/\"},\"sameAs\":[\"https:\\\/\\\/www.facebook.com\\\/lared.larioja\",\"https:\\\/\\\/x.com\\\/laredlarioja1\",\"https:\\\/\\\/www.instagram.com\\\/lared_larioja\\\/\"]},{\"@type\":\"Person\",\"@id\":\"https:\\\/\\\/laredlarioja.com.ar\\\/sitio\\\/#\\\/schema\\\/person\\\/f1e213867beccedaaa4fb548d9259d9a\",\"name\":\"La Red\",\"url\":\"https:\\\/\\\/laredlarioja.com.ar\\\/sitio\\\/author\\\/lared\\\/\"}]}<\/script>\n<!-- \/ Yoast SEO plugin. -->","yoast_head_json":{"title":"Avanza la implementaci\u00f3n del programa \u201cCamino Escolar Seguro\u201d - LA RED 88.3 LA RIOJA","robots":{"index":"index","follow":"follow","max-snippet":"max-snippet:-1","max-image-preview":"max-image-preview:large","max-video-preview":"max-video-preview:-1"},"canonical":"https:\/\/laredlarioja.com.ar\/sitio\/avanza-la-implementacion-del-programa-camino-escolar-seguro-en-toda-la-capital\/","og_locale":"es_ES","og_type":"article","og_title":"Avanza la implementaci\u00f3n del programa \u201cCamino Escolar Seguro\u201d - LA RED 88.3 LA RIOJA","og_description":"Impulsado por la Direcci\u00f3n de Seguridad Vial y respaldado por ordenanza, el programa busca transformar los entornos escolares","og_url":"https:\/\/laredlarioja.com.ar\/sitio\/avanza-la-implementacion-del-programa-camino-escolar-seguro-en-toda-la-capital\/","og_site_name":"LA RED 88.3 LA RIOJA","article_publisher":"https:\/\/www.facebook.com\/lared.larioja","article_published_time":"2025-06-25T13:19:32+00:00","article_modified_time":"2025-06-25T14:51:47+00:00","og_image":[{"width":1600,"height":1086,"url":"https:\/\/laredlarioja.com.ar\/sitio\/wp-content\/uploads\/2025\/06\/69db64ac-efaf-4e41-8b5c-a1cf421c3b66-1.jpeg","type":"image\/jpeg"}],"author":"La Red","twitter_card":"summary_large_image","twitter_creator":"@laredlarioja1","twitter_site":"@laredlarioja1","twitter_misc":{"Escrito por":"La Red","Tiempo de lectura":"3 minutos"},"schema":{"@context":"https:\/\/schema.org","@graph":[{"@type":"Article","@id":"https:\/\/laredlarioja.com.ar\/sitio\/avanza-la-implementacion-del-programa-camino-escolar-seguro-en-toda-la-capital\/#article","isPartOf":{"@id":"https:\/\/laredlarioja.com.ar\/sitio\/avanza-la-implementacion-del-programa-camino-escolar-seguro-en-toda-la-capital\/"},"author":{"name":"La Red","@id":"https:\/\/laredlarioja.com.ar\/sitio\/#\/schema\/person\/f1e213867beccedaaa4fb548d9259d9a"},"headline":"Avanza la implementaci\u00f3n del programa \u201cCamino Escolar Seguro\u201d","datePublished":"2025-06-25T13:19:32+00:00","dateModified":"2025-06-25T14:51:47+00:00","mainEntityOfPage":{"@id":"https:\/\/laredlarioja.com.ar\/sitio\/avanza-la-implementacion-del-programa-camino-escolar-seguro-en-toda-la-capital\/"},"wordCount":555,"publisher":{"@id":"https:\/\/laredlarioja.com.ar\/sitio\/#organization"},"image":{"@id":"https:\/\/laredlarioja.com.ar\/sitio\/avanza-la-implementacion-del-programa-camino-escolar-seguro-en-toda-la-capital\/#primaryimage"},"thumbnailUrl":"https:\/\/laredlarioja.com.ar\/sitio\/wp-content\/uploads\/2025\/06\/69db64ac-efaf-4e41-8b5c-a1cf421c3b66-1.jpeg","articleSection":["Locales"],"inLanguage":"es"},{"@type":"WebPage","@id":"https:\/\/laredlarioja.com.ar\/sitio\/avanza-la-implementacion-del-programa-camino-escolar-seguro-en-toda-la-capital\/","url":"https:\/\/laredlarioja.com.ar\/sitio\/avanza-la-implementacion-del-programa-camino-escolar-seguro-en-toda-la-capital\/","name":"Avanza la implementaci\u00f3n del programa \u201cCamino Escolar Seguro\u201d - LA RED 88.3 LA RIOJA","isPartOf":{"@id":"https:\/\/laredlarioja.com.ar\/sitio\/#website"},"primaryImageOfPage":{"@id":"https:\/\/laredlarioja.com.ar\/sitio\/avanza-la-implementacion-del-programa-camino-escolar-seguro-en-toda-la-capital\/#primaryimage"},"image":{"@id":"https:\/\/laredlarioja.com.ar\/sitio\/avanza-la-implementacion-del-programa-camino-escolar-seguro-en-toda-la-capital\/#primaryimage"},"thumbnailUrl":"https:\/\/laredlarioja.com.ar\/sitio\/wp-content\/uploads\/2025\/06\/69db64ac-efaf-4e41-8b5c-a1cf421c3b66-1.jpeg","datePublished":"2025-06-25T13:19:32+00:00","dateModified":"2025-06-25T14:51:47+00:00","breadcrumb":{"@id":"https:\/\/laredlarioja.com.ar\/sitio\/avanza-la-implementacion-del-programa-camino-escolar-seguro-en-toda-la-capital\/#breadcrumb"},"inLanguage":"es","potentialAction":[{"@type":"ReadAction","target":["https:\/\/laredlarioja.com.ar\/sitio\/avanza-la-implementacion-del-programa-camino-escolar-seguro-en-toda-la-capital\/"]}]},{"@type":"ImageObject","inLanguage":"es","@id":"https:\/\/laredlarioja.com.ar\/sitio\/avanza-la-implementacion-del-programa-camino-escolar-seguro-en-toda-la-capital\/#primaryimage","url":"https:\/\/laredlarioja.com.ar\/sitio\/wp-content\/uploads\/2025\/06\/69db64ac-efaf-4e41-8b5c-a1cf421c3b66-1.jpeg","contentUrl":"https:\/\/laredlarioja.com.ar\/sitio\/wp-content\/uploads\/2025\/06\/69db64ac-efaf-4e41-8b5c-a1cf421c3b66-1.jpeg","width":1600,"height":1086},{"@type":"BreadcrumbList","@id":"https:\/\/laredlarioja.com.ar\/sitio\/avanza-la-implementacion-del-programa-camino-escolar-seguro-en-toda-la-capital\/#breadcrumb","itemListElement":[{"@type":"ListItem","position":1,"name":"Portada","item":"https:\/\/laredlarioja.com.ar\/sitio\/"},{"@type":"ListItem","position":2,"name":"Avanza la implementaci\u00f3n del programa \u201cCamino Escolar Seguro\u201d"}]},{"@type":"WebSite","@id":"https:\/\/laredlarioja.com.ar\/sitio\/#website","url":"https:\/\/laredlarioja.com.ar\/sitio\/","name":"LA RED 88.3 LA RIOJA","description":"Sitio de Noticias","publisher":{"@id":"https:\/\/laredlarioja.com.ar\/sitio\/#organization"},"potentialAction":[{"@type":"SearchAction","target":{"@type":"EntryPoint","urlTemplate":"https:\/\/laredlarioja.com.ar\/sitio\/?s={search_term_string}"},"query-input":{"@type":"PropertyValueSpecification","valueRequired":true,"valueName":"search_term_string"}}],"inLanguage":"es"},{"@type":"Organization","@id":"https:\/\/laredlarioja.com.ar\/sitio\/#organization","name":"LA RED 88.3 LA RIOJA","url":"https:\/\/laredlarioja.com.ar\/sitio\/","logo":{"@type":"ImageObject","inLanguage":"es","@id":"https:\/\/laredlarioja.com.ar\/sitio\/#\/schema\/logo\/image\/","url":"https:\/\/laredlarioja.com.ar\/sitio\/wp-content\/uploads\/2025\/05\/LOGO-LA-RED.png","contentUrl":"https:\/\/laredlarioja.com.ar\/sitio\/wp-content\/uploads\/2025\/05\/LOGO-LA-RED.png","width":193,"height":340,"caption":"LA RED 88.3 LA RIOJA"},"image":{"@id":"https:\/\/laredlarioja.com.ar\/sitio\/#\/schema\/logo\/image\/"},"sameAs":["https:\/\/www.facebook.com\/lared.larioja","https:\/\/x.com\/laredlarioja1","https:\/\/www.instagram.com\/lared_larioja\/"]},{"@type":"Person","@id":"https:\/\/laredlarioja.com.ar\/sitio\/#\/schema\/person\/f1e213867beccedaaa4fb548d9259d9a","name":"La Red","url":"https:\/\/laredlarioja.com.ar\/sitio\/author\/lared\/"}]}},"featured_image_urls":{"full":["https:\/\/laredlarioja.com.ar\/sitio\/wp-content\/uploads\/2025\/06\/69db64ac-efaf-4e41-8b5c-a1cf421c3b66-1.jpeg",1600,1086,false],"thumbnail":["https:\/\/laredlarioja.com.ar\/sitio\/wp-content\/uploads\/2025\/06\/69db64ac-efaf-4e41-8b5c-a1cf421c3b66-1-150x150.jpeg",150,150,true],"medium":["https:\/\/laredlarioja.com.ar\/sitio\/wp-content\/uploads\/2025\/06\/69db64ac-efaf-4e41-8b5c-a1cf421c3b66-1-300x204.jpeg",300,204,true],"medium_large":["https:\/\/laredlarioja.com.ar\/sitio\/wp-content\/uploads\/2025\/06\/69db64ac-efaf-4e41-8b5c-a1cf421c3b66-1-768x521.jpeg",640,434,true],"large":["https:\/\/laredlarioja.com.ar\/sitio\/wp-content\/uploads\/2025\/06\/69db64ac-efaf-4e41-8b5c-a1cf421c3b66-1-1024x695.jpeg",640,434,true],"1536x1536":["https:\/\/laredlarioja.com.ar\/sitio\/wp-content\/uploads\/2025\/06\/69db64ac-efaf-4e41-8b5c-a1cf421c3b66-1-1536x1043.jpeg",1536,1043,true],"2048x2048":["https:\/\/laredlarioja.com.ar\/sitio\/wp-content\/uploads\/2025\/06\/69db64ac-efaf-4e41-8b5c-a1cf421c3b66-1.jpeg",1600,1086,false],"cvmm-medium":["https:\/\/laredlarioja.com.ar\/sitio\/wp-content\/uploads\/2025\/06\/69db64ac-efaf-4e41-8b5c-a1cf421c3b66-1-300x300.jpeg",300,300,true],"cvmm-medium-plus":["https:\/\/laredlarioja.com.ar\/sitio\/wp-content\/uploads\/2025\/06\/69db64ac-efaf-4e41-8b5c-a1cf421c3b66-1-305x207.jpeg",305,207,true],"cvmm-portrait":["https:\/\/laredlarioja.com.ar\/sitio\/wp-content\/uploads\/2025\/06\/69db64ac-efaf-4e41-8b5c-a1cf421c3b66-1-400x600.jpeg",400,600,true],"cvmm-medium-square":["https:\/\/laredlarioja.com.ar\/sitio\/wp-content\/uploads\/2025\/06\/69db64ac-efaf-4e41-8b5c-a1cf421c3b66-1-600x600.jpeg",600,600,true],"cvmm-large":["https:\/\/laredlarioja.com.ar\/sitio\/wp-content\/uploads\/2025\/06\/69db64ac-efaf-4e41-8b5c-a1cf421c3b66-1-1024x1024.jpeg",1024,1024,true],"cvmm-small":["https:\/\/laredlarioja.com.ar\/sitio\/wp-content\/uploads\/2025\/06\/69db64ac-efaf-4e41-8b5c-a1cf421c3b66-1-130x95.jpeg",130,95,true],"morenews-large":["https:\/\/laredlarioja.com.ar\/sitio\/wp-content\/uploads\/2025\/06\/69db64ac-efaf-4e41-8b5c-a1cf421c3b66-1-825x575.jpeg",825,575,true],"morenews-medium":["https:\/\/laredlarioja.com.ar\/sitio\/wp-content\/uploads\/2025\/06\/69db64ac-efaf-4e41-8b5c-a1cf421c3b66-1-590x410.jpeg",590,410,true]},"author_info":{"display_name":"La Red","author_link":"https:\/\/laredlarioja.com.ar\/sitio\/author\/lared\/"},"category_info":"<a href=\"https:\/\/laredlarioja.com.ar\/sitio\/categorias\/locales\/\" rel=\"category tag\">Locales<\/a>","tag_info":"Locales","comment_count":"0","blog_post_layout_featured_media_urls":{"thumbnail":["https:\/\/laredlarioja.com.ar\/sitio\/wp-content\/uploads\/2025\/06\/69db64ac-efaf-4e41-8b5c-a1cf421c3b66-1-150x150.jpeg",150,150,true],"full":["https:\/\/laredlarioja.com.ar\/sitio\/wp-content\/uploads\/2025\/06\/69db64ac-efaf-4e41-8b5c-a1cf421c3b66-1.jpeg",1600,1086,false]},"categories_names":{"94":{"name":"Locales","link":"https:\/\/laredlarioja.com.ar\/sitio\/categorias\/locales\/"}},"tags_names":[],"comments_number":"0","wpmagazine_modules_lite_featured_media_urls":{"thumbnail":["https:\/\/laredlarioja.com.ar\/sitio\/wp-content\/uploads\/2025\/06\/69db64ac-efaf-4e41-8b5c-a1cf421c3b66-1-150x150.jpeg",150,150,true],"cvmm-medium":["https:\/\/laredlarioja.com.ar\/sitio\/wp-content\/uploads\/2025\/06\/69db64ac-efaf-4e41-8b5c-a1cf421c3b66-1-300x300.jpeg",300,300,true],"cvmm-medium-plus":["https:\/\/laredlarioja.com.ar\/sitio\/wp-content\/uploads\/2025\/06\/69db64ac-efaf-4e41-8b5c-a1cf421c3b66-1-305x207.jpeg",305,207,true],"cvmm-portrait":["https:\/\/laredlarioja.com.ar\/sitio\/wp-content\/uploads\/2025\/06\/69db64ac-efaf-4e41-8b5c-a1cf421c3b66-1-400x600.jpeg",400,600,true],"cvmm-medium-square":["https:\/\/laredlarioja.com.ar\/sitio\/wp-content\/uploads\/2025\/06\/69db64ac-efaf-4e41-8b5c-a1cf421c3b66-1-600x600.jpeg",600,600,true],"cvmm-large":["https:\/\/laredlarioja.com.ar\/sitio\/wp-content\/uploads\/2025\/06\/69db64ac-efaf-4e41-8b5c-a1cf421c3b66-1-1024x1024.jpeg",1024,1024,true],"cvmm-small":["https:\/\/laredlarioja.com.ar\/sitio\/wp-content\/uploads\/2025\/06\/69db64ac-efaf-4e41-8b5c-a1cf421c3b66-1-130x95.jpeg",130,95,true],"full":["https:\/\/laredlarioja.com.ar\/sitio\/wp-content\/uploads\/2025\/06\/69db64ac-efaf-4e41-8b5c-a1cf421c3b66-1.jpeg",1600,1086,false]},"_links":{"self":[{"href":"https:\/\/laredlarioja.com.ar\/sitio\/wp-json\/wp\/v2\/posts\/63486","targetHints":{"allow":["GET"]}}],"collection":[{"href":"https:\/\/laredlarioja.com.ar\/sitio\/wp-json\/wp\/v2\/posts"}],"about":[{"href":"https:\/\/laredlarioja.com.ar\/sitio\/wp-json\/wp\/v2\/types\/post"}],"author":[{"embeddable":true,"href":"https:\/\/laredlarioja.com.ar\/sitio\/wp-json\/wp\/v2\/users\/10"}],"replies":[{"embeddable":true,"href":"https:\/\/laredlarioja.com.ar\/sitio\/wp-json\/wp\/v2\/comments?post=63486"}],"version-history":[{"count":3,"href":"https:\/\/laredlarioja.com.ar\/sitio\/wp-json\/wp\/v2\/posts\/63486\/revisions"}],"predecessor-version":[{"id":63495,"href":"https:\/\/laredlarioja.com.ar\/sitio\/wp-json\/wp\/v2\/posts\/63486\/revisions\/63495"}],"wp:featuredmedia":[{"embeddable":true,"href":"https:\/\/laredlarioja.com.ar\/sitio\/wp-json\/wp\/v2\/media\/63488"}],"wp:attachment":[{"href":"https:\/\/laredlarioja.com.ar\/sitio\/wp-json\/wp\/v2\/media?parent=63486"}],"wp:term":[{"taxonomy":"category","embeddable":true,"href":"https:\/\/laredlarioja.com.ar\/sitio\/wp-json\/wp\/v2\/categories?post=63486"},{"taxonomy":"post_tag","embeddable":true,"href":"https:\/\/laredlarioja.com.ar\/sitio\/wp-json\/wp\/v2\/tags?post=63486"}],"curies":[{"name":"wp","href":"https:\/\/api.w.org\/{rel}","templated":true}]}}