{"id":63490,"date":"2025-06-25T13:46:12","date_gmt":"2025-06-25T13:46:12","guid":{"rendered":"https:\/\/laredlarioja.com.ar\/sitio\/?p=63490"},"modified":"2025-06-26T11:57:39","modified_gmt":"2025-06-26T11:57:39","slug":"ministro-zarate-no-vamos-a-dejar-de-buscar-con-vida-a-maria-ines-quintero","status":"publish","type":"post","link":"https:\/\/laredlarioja.com.ar\/sitio\/ministro-zarate-no-vamos-a-dejar-de-buscar-con-vida-a-maria-ines-quintero\/","title":{"rendered":"Ministro Z\u00e1rate: \u201cNo vamos a dejar de buscar con vida a Mar\u00eda In\u00e9s Quintero\u201d"},"content":{"rendered":"<p data-start=\"311\" data-end=\"552\">El ministro de Seguridad de La Rioja se refiri\u00f3 al avance de la investigaci\u00f3n por la desaparici\u00f3n de la mujer en Aimogasta. Confirm\u00f3 que siguen todas las hip\u00f3tesis abiertas y que se activ\u00f3 una recompensa para incentivar aportes ciudadanos.<\/p>\n<p data-start=\"554\" data-end=\"834\">El ministro de Seguridad, Justicia y Derechos Humanos de La Rioja, <strong data-start=\"621\" data-end=\"638\">Miguel Z\u00e1rate<\/strong>, asegur\u00f3 que el Gobierno provincial mantiene activo todo el operativo para dar con el paradero de <strong data-start=\"737\" data-end=\"770\">Mar\u00eda In\u00e9s \u201cNen\u00e9\u201d Quintero<\/strong>, desaparecida desde hace d\u00edas en la localidad de <strong data-start=\"820\" data-end=\"833\">Aimogasta<\/strong>.<\/p>\n<p data-start=\"836\" data-end=\"1094\">En declaraciones radiales, el funcionario remarc\u00f3 que \u201c<strong data-start=\"891\" data-end=\"939\">no se descarta ninguna de las tres hip\u00f3tesis<\/strong> que se manejan: que haya salido de la provincia por voluntad propia, que se encuentre en alg\u00fan lugar sin vida, o que est\u00e9 siendo v\u00edctima de alg\u00fan delito\u201d.<\/p>\n<p data-start=\"1096\" data-end=\"1532\">Z\u00e1rate confirm\u00f3 que ya se encuentra vigente el <strong data-start=\"1143\" data-end=\"1181\">programa provincial de recompensas<\/strong>, y que <strong data-start=\"1189\" data-end=\"1271\">la b\u00fasqueda de Quintero es el primer caso en el que se aplica esta herramienta<\/strong>, dise\u00f1ada para incentivar que ciudadanos aporten informaci\u00f3n \u00fatil y comprobable en investigaciones complejas. \u201cHasta ahora, no se ha presentado ning\u00fan ciudadano con datos relevantes, pero confiamos en que este programa ser\u00e1 \u00fatil para destrabar casos\u201d, expres\u00f3.<\/p>\n<p data-start=\"1534\" data-end=\"1830\">El ministro detall\u00f3 que la <strong data-start=\"1561\" data-end=\"1599\">expareja de Mar\u00eda In\u00e9s sigue detenida<\/strong>, luego de que se detectaran inconsistencias en su declaraci\u00f3n y posibles intentos de entorpecer la causa. Aunque su situaci\u00f3n procesal depender\u00e1 de lo que determine la justicia, Z\u00e1rate explic\u00f3 que a\u00fan no hay un cambio de car\u00e1tula.<\/p>\n<p data-start=\"1832\" data-end=\"2207\">La investigaci\u00f3n incluye <strong data-start=\"1857\" data-end=\"1943\">rastrillajes con drones, perros rastreadores, relevamiento de c\u00e1maras de seguridad<\/strong> y comunicaciones con provincias vecinas. Uno de los indicios m\u00e1s relevantes fue el <strong data-start=\"2027\" data-end=\"2090\">rastro detectado por los canes hasta la terminal de \u00f3mnibus<\/strong>, y el <strong data-start=\"2097\" data-end=\"2168\">testimonio de una pasajera que afirma haberla visto en un colectivo<\/strong>, aunque los datos no son concluyentes.<\/p>\n<p data-start=\"2209\" data-end=\"2592\">\u201cLa familia atraviesa un momento de dolor profundo y es comprensible que expresen desesperanza\u201d, sostuvo el ministro, al referirse a las declaraciones de la hermana de Quintero, quien apunt\u00f3 contra la expareja por situaciones de violencia psicol\u00f3gica. \u201cDesde el Gobierno seguimos acompa\u00f1ando, conteniendo y buscando con vida a Mar\u00eda In\u00e9s. No vamos a cesar hasta saber qu\u00e9 pas\u00f3\u201d, afirm\u00f3.<\/p>\n","protected":false},"excerpt":{"rendered":"<p>El ministro de Seguridad de La Rioja se refiri\u00f3 al avance de la investigaci\u00f3n por la desaparici\u00f3n de<\/p>\n","protected":false},"author":10,"featured_media":63360,"comment_status":"closed","ping_status":"open","sticky":false,"template":"","format":"standard","meta":{"footnotes":""},"categories":[94],"tags":[],"class_list":["post-63490","post","type-post","status-publish","format-standard","has-post-thumbnail","hentry","category-locales"],"yoast_head":"<!-- This site is optimized with the Yoast SEO plugin v27.4 - https:\/\/yoast.com\/product\/yoast-seo-wordpress\/ -->\n<title>Ministro Z\u00e1rate: \u201cNo vamos a dejar de buscar con vida a Mar\u00eda In\u00e9s Quintero\u201d - LA RED 88.3 LA RIOJA<\/title>\n<meta name=\"robots\" content=\"index, follow, max-snippet:-1, max-image-preview:large, max-video-preview:-1\" \/>\n<link rel=\"canonical\" href=\"https:\/\/laredlarioja.com.ar\/sitio\/ministro-zarate-no-vamos-a-dejar-de-buscar-con-vida-a-maria-ines-quintero\/\" \/>\n<meta property=\"og:locale\" content=\"es_ES\" \/>\n<meta property=\"og:type\" content=\"article\" \/>\n<meta property=\"og:title\" content=\"Ministro Z\u00e1rate: \u201cNo vamos a dejar de buscar con vida a Mar\u00eda In\u00e9s Quintero\u201d - LA RED 88.3 LA RIOJA\" \/>\n<meta property=\"og:description\" content=\"El ministro de Seguridad de La Rioja se refiri\u00f3 al avance de la investigaci\u00f3n por la desaparici\u00f3n de\" \/>\n<meta property=\"og:url\" content=\"https:\/\/laredlarioja.com.ar\/sitio\/ministro-zarate-no-vamos-a-dejar-de-buscar-con-vida-a-maria-ines-quintero\/\" \/>\n<meta property=\"og:site_name\" content=\"LA RED 88.3 LA RIOJA\" \/>\n<meta property=\"article:publisher\" content=\"https:\/\/www.facebook.com\/lared.larioja\" \/>\n<meta property=\"article:published_time\" content=\"2025-06-25T13:46:12+00:00\" \/>\n<meta property=\"article:modified_time\" content=\"2025-06-26T11:57:39+00:00\" \/>\n<meta property=\"og:image\" content=\"https:\/\/laredlarioja.com.ar\/sitio\/wp-content\/uploads\/2025\/06\/510013598_1880661449386589_8366023342312223044_n-e1750684054867.jpg\" \/>\n\t<meta property=\"og:image:width\" content=\"551\" \/>\n\t<meta property=\"og:image:height\" content=\"486\" \/>\n\t<meta property=\"og:image:type\" content=\"image\/jpeg\" \/>\n<meta name=\"author\" content=\"La Red\" \/>\n<meta name=\"twitter:card\" content=\"summary_large_image\" \/>\n<meta name=\"twitter:creator\" content=\"@laredlarioja1\" \/>\n<meta name=\"twitter:site\" content=\"@laredlarioja1\" \/>\n<meta name=\"twitter:label1\" content=\"Escrito por\" \/>\n\t<meta name=\"twitter:data1\" content=\"La Red\" \/>\n\t<meta name=\"twitter:label2\" content=\"Tiempo de lectura\" \/>\n\t<meta name=\"twitter:data2\" content=\"2 minutos\" \/>\n<script type=\"application\/ld+json\" class=\"yoast-schema-graph\">{\"@context\":\"https:\\\/\\\/schema.org\",\"@graph\":[{\"@type\":\"Article\",\"@id\":\"https:\\\/\\\/laredlarioja.com.ar\\\/sitio\\\/ministro-zarate-no-vamos-a-dejar-de-buscar-con-vida-a-maria-ines-quintero\\\/#article\",\"isPartOf\":{\"@id\":\"https:\\\/\\\/laredlarioja.com.ar\\\/sitio\\\/ministro-zarate-no-vamos-a-dejar-de-buscar-con-vida-a-maria-ines-quintero\\\/\"},\"author\":{\"name\":\"La Red\",\"@id\":\"https:\\\/\\\/laredlarioja.com.ar\\\/sitio\\\/#\\\/schema\\\/person\\\/f1e213867beccedaaa4fb548d9259d9a\"},\"headline\":\"Ministro Z\u00e1rate: \u201cNo vamos a dejar de buscar con vida a Mar\u00eda In\u00e9s Quintero\u201d\",\"datePublished\":\"2025-06-25T13:46:12+00:00\",\"dateModified\":\"2025-06-26T11:57:39+00:00\",\"mainEntityOfPage\":{\"@id\":\"https:\\\/\\\/laredlarioja.com.ar\\\/sitio\\\/ministro-zarate-no-vamos-a-dejar-de-buscar-con-vida-a-maria-ines-quintero\\\/\"},\"wordCount\":398,\"publisher\":{\"@id\":\"https:\\\/\\\/laredlarioja.com.ar\\\/sitio\\\/#organization\"},\"image\":{\"@id\":\"https:\\\/\\\/laredlarioja.com.ar\\\/sitio\\\/ministro-zarate-no-vamos-a-dejar-de-buscar-con-vida-a-maria-ines-quintero\\\/#primaryimage\"},\"thumbnailUrl\":\"https:\\\/\\\/laredlarioja.com.ar\\\/sitio\\\/wp-content\\\/uploads\\\/2025\\\/06\\\/510013598_1880661449386589_8366023342312223044_n-e1750684054867.jpg\",\"articleSection\":[\"Locales\"],\"inLanguage\":\"es\"},{\"@type\":\"WebPage\",\"@id\":\"https:\\\/\\\/laredlarioja.com.ar\\\/sitio\\\/ministro-zarate-no-vamos-a-dejar-de-buscar-con-vida-a-maria-ines-quintero\\\/\",\"url\":\"https:\\\/\\\/laredlarioja.com.ar\\\/sitio\\\/ministro-zarate-no-vamos-a-dejar-de-buscar-con-vida-a-maria-ines-quintero\\\/\",\"name\":\"Ministro Z\u00e1rate: \u201cNo vamos a dejar de buscar con vida a Mar\u00eda In\u00e9s Quintero\u201d - LA RED 88.3 LA RIOJA\",\"isPartOf\":{\"@id\":\"https:\\\/\\\/laredlarioja.com.ar\\\/sitio\\\/#website\"},\"primaryImageOfPage\":{\"@id\":\"https:\\\/\\\/laredlarioja.com.ar\\\/sitio\\\/ministro-zarate-no-vamos-a-dejar-de-buscar-con-vida-a-maria-ines-quintero\\\/#primaryimage\"},\"image\":{\"@id\":\"https:\\\/\\\/laredlarioja.com.ar\\\/sitio\\\/ministro-zarate-no-vamos-a-dejar-de-buscar-con-vida-a-maria-ines-quintero\\\/#primaryimage\"},\"thumbnailUrl\":\"https:\\\/\\\/laredlarioja.com.ar\\\/sitio\\\/wp-content\\\/uploads\\\/2025\\\/06\\\/510013598_1880661449386589_8366023342312223044_n-e1750684054867.jpg\",\"datePublished\":\"2025-06-25T13:46:12+00:00\",\"dateModified\":\"2025-06-26T11:57:39+00:00\",\"breadcrumb\":{\"@id\":\"https:\\\/\\\/laredlarioja.com.ar\\\/sitio\\\/ministro-zarate-no-vamos-a-dejar-de-buscar-con-vida-a-maria-ines-quintero\\\/#breadcrumb\"},\"inLanguage\":\"es\",\"potentialAction\":[{\"@type\":\"ReadAction\",\"target\":[\"https:\\\/\\\/laredlarioja.com.ar\\\/sitio\\\/ministro-zarate-no-vamos-a-dejar-de-buscar-con-vida-a-maria-ines-quintero\\\/\"]}]},{\"@type\":\"ImageObject\",\"inLanguage\":\"es\",\"@id\":\"https:\\\/\\\/laredlarioja.com.ar\\\/sitio\\\/ministro-zarate-no-vamos-a-dejar-de-buscar-con-vida-a-maria-ines-quintero\\\/#primaryimage\",\"url\":\"https:\\\/\\\/laredlarioja.com.ar\\\/sitio\\\/wp-content\\\/uploads\\\/2025\\\/06\\\/510013598_1880661449386589_8366023342312223044_n-e1750684054867.jpg\",\"contentUrl\":\"https:\\\/\\\/laredlarioja.com.ar\\\/sitio\\\/wp-content\\\/uploads\\\/2025\\\/06\\\/510013598_1880661449386589_8366023342312223044_n-e1750684054867.jpg\",\"width\":551,\"height\":486},{\"@type\":\"BreadcrumbList\",\"@id\":\"https:\\\/\\\/laredlarioja.com.ar\\\/sitio\\\/ministro-zarate-no-vamos-a-dejar-de-buscar-con-vida-a-maria-ines-quintero\\\/#breadcrumb\",\"itemListElement\":[{\"@type\":\"ListItem\",\"position\":1,\"name\":\"Portada\",\"item\":\"https:\\\/\\\/laredlarioja.com.ar\\\/sitio\\\/\"},{\"@type\":\"ListItem\",\"position\":2,\"name\":\"Ministro Z\u00e1rate: \u201cNo vamos a dejar de buscar con vida a Mar\u00eda In\u00e9s Quintero\u201d\"}]},{\"@type\":\"WebSite\",\"@id\":\"https:\\\/\\\/laredlarioja.com.ar\\\/sitio\\\/#website\",\"url\":\"https:\\\/\\\/laredlarioja.com.ar\\\/sitio\\\/\",\"name\":\"LA RED 88.3 LA RIOJA\",\"description\":\"Sitio de Noticias\",\"publisher\":{\"@id\":\"https:\\\/\\\/laredlarioja.com.ar\\\/sitio\\\/#organization\"},\"potentialAction\":[{\"@type\":\"SearchAction\",\"target\":{\"@type\":\"EntryPoint\",\"urlTemplate\":\"https:\\\/\\\/laredlarioja.com.ar\\\/sitio\\\/?s={search_term_string}\"},\"query-input\":{\"@type\":\"PropertyValueSpecification\",\"valueRequired\":true,\"valueName\":\"search_term_string\"}}],\"inLanguage\":\"es\"},{\"@type\":\"Organization\",\"@id\":\"https:\\\/\\\/laredlarioja.com.ar\\\/sitio\\\/#organization\",\"name\":\"LA RED 88.3 LA RIOJA\",\"url\":\"https:\\\/\\\/laredlarioja.com.ar\\\/sitio\\\/\",\"logo\":{\"@type\":\"ImageObject\",\"inLanguage\":\"es\",\"@id\":\"https:\\\/\\\/laredlarioja.com.ar\\\/sitio\\\/#\\\/schema\\\/logo\\\/image\\\/\",\"url\":\"https:\\\/\\\/laredlarioja.com.ar\\\/sitio\\\/wp-content\\\/uploads\\\/2025\\\/05\\\/LOGO-LA-RED.png\",\"contentUrl\":\"https:\\\/\\\/laredlarioja.com.ar\\\/sitio\\\/wp-content\\\/uploads\\\/2025\\\/05\\\/LOGO-LA-RED.png\",\"width\":193,\"height\":340,\"caption\":\"LA RED 88.3 LA RIOJA\"},\"image\":{\"@id\":\"https:\\\/\\\/laredlarioja.com.ar\\\/sitio\\\/#\\\/schema\\\/logo\\\/image\\\/\"},\"sameAs\":[\"https:\\\/\\\/www.facebook.com\\\/lared.larioja\",\"https:\\\/\\\/x.com\\\/laredlarioja1\",\"https:\\\/\\\/www.instagram.com\\\/lared_larioja\\\/\"]},{\"@type\":\"Person\",\"@id\":\"https:\\\/\\\/laredlarioja.com.ar\\\/sitio\\\/#\\\/schema\\\/person\\\/f1e213867beccedaaa4fb548d9259d9a\",\"name\":\"La Red\",\"url\":\"https:\\\/\\\/laredlarioja.com.ar\\\/sitio\\\/author\\\/lared\\\/\"}]}<\/script>\n<!-- \/ Yoast SEO plugin. -->","yoast_head_json":{"title":"Ministro Z\u00e1rate: \u201cNo vamos a dejar de buscar con vida a Mar\u00eda In\u00e9s Quintero\u201d - LA RED 88.3 LA RIOJA","robots":{"index":"index","follow":"follow","max-snippet":"max-snippet:-1","max-image-preview":"max-image-preview:large","max-video-preview":"max-video-preview:-1"},"canonical":"https:\/\/laredlarioja.com.ar\/sitio\/ministro-zarate-no-vamos-a-dejar-de-buscar-con-vida-a-maria-ines-quintero\/","og_locale":"es_ES","og_type":"article","og_title":"Ministro Z\u00e1rate: \u201cNo vamos a dejar de buscar con vida a Mar\u00eda In\u00e9s Quintero\u201d - LA RED 88.3 LA RIOJA","og_description":"El ministro de Seguridad de La Rioja se refiri\u00f3 al avance de la investigaci\u00f3n por la desaparici\u00f3n de","og_url":"https:\/\/laredlarioja.com.ar\/sitio\/ministro-zarate-no-vamos-a-dejar-de-buscar-con-vida-a-maria-ines-quintero\/","og_site_name":"LA RED 88.3 LA RIOJA","article_publisher":"https:\/\/www.facebook.com\/lared.larioja","article_published_time":"2025-06-25T13:46:12+00:00","article_modified_time":"2025-06-26T11:57:39+00:00","og_image":[{"width":551,"height":486,"url":"https:\/\/laredlarioja.com.ar\/sitio\/wp-content\/uploads\/2025\/06\/510013598_1880661449386589_8366023342312223044_n-e1750684054867.jpg","type":"image\/jpeg"}],"author":"La Red","twitter_card":"summary_large_image","twitter_creator":"@laredlarioja1","twitter_site":"@laredlarioja1","twitter_misc":{"Escrito por":"La Red","Tiempo de lectura":"2 minutos"},"schema":{"@context":"https:\/\/schema.org","@graph":[{"@type":"Article","@id":"https:\/\/laredlarioja.com.ar\/sitio\/ministro-zarate-no-vamos-a-dejar-de-buscar-con-vida-a-maria-ines-quintero\/#article","isPartOf":{"@id":"https:\/\/laredlarioja.com.ar\/sitio\/ministro-zarate-no-vamos-a-dejar-de-buscar-con-vida-a-maria-ines-quintero\/"},"author":{"name":"La Red","@id":"https:\/\/laredlarioja.com.ar\/sitio\/#\/schema\/person\/f1e213867beccedaaa4fb548d9259d9a"},"headline":"Ministro Z\u00e1rate: \u201cNo vamos a dejar de buscar con vida a Mar\u00eda In\u00e9s Quintero\u201d","datePublished":"2025-06-25T13:46:12+00:00","dateModified":"2025-06-26T11:57:39+00:00","mainEntityOfPage":{"@id":"https:\/\/laredlarioja.com.ar\/sitio\/ministro-zarate-no-vamos-a-dejar-de-buscar-con-vida-a-maria-ines-quintero\/"},"wordCount":398,"publisher":{"@id":"https:\/\/laredlarioja.com.ar\/sitio\/#organization"},"image":{"@id":"https:\/\/laredlarioja.com.ar\/sitio\/ministro-zarate-no-vamos-a-dejar-de-buscar-con-vida-a-maria-ines-quintero\/#primaryimage"},"thumbnailUrl":"https:\/\/laredlarioja.com.ar\/sitio\/wp-content\/uploads\/2025\/06\/510013598_1880661449386589_8366023342312223044_n-e1750684054867.jpg","articleSection":["Locales"],"inLanguage":"es"},{"@type":"WebPage","@id":"https:\/\/laredlarioja.com.ar\/sitio\/ministro-zarate-no-vamos-a-dejar-de-buscar-con-vida-a-maria-ines-quintero\/","url":"https:\/\/laredlarioja.com.ar\/sitio\/ministro-zarate-no-vamos-a-dejar-de-buscar-con-vida-a-maria-ines-quintero\/","name":"Ministro Z\u00e1rate: \u201cNo vamos a dejar de buscar con vida a Mar\u00eda In\u00e9s Quintero\u201d - LA RED 88.3 LA RIOJA","isPartOf":{"@id":"https:\/\/laredlarioja.com.ar\/sitio\/#website"},"primaryImageOfPage":{"@id":"https:\/\/laredlarioja.com.ar\/sitio\/ministro-zarate-no-vamos-a-dejar-de-buscar-con-vida-a-maria-ines-quintero\/#primaryimage"},"image":{"@id":"https:\/\/laredlarioja.com.ar\/sitio\/ministro-zarate-no-vamos-a-dejar-de-buscar-con-vida-a-maria-ines-quintero\/#primaryimage"},"thumbnailUrl":"https:\/\/laredlarioja.com.ar\/sitio\/wp-content\/uploads\/2025\/06\/510013598_1880661449386589_8366023342312223044_n-e1750684054867.jpg","datePublished":"2025-06-25T13:46:12+00:00","dateModified":"2025-06-26T11:57:39+00:00","breadcrumb":{"@id":"https:\/\/laredlarioja.com.ar\/sitio\/ministro-zarate-no-vamos-a-dejar-de-buscar-con-vida-a-maria-ines-quintero\/#breadcrumb"},"inLanguage":"es","potentialAction":[{"@type":"ReadAction","target":["https:\/\/laredlarioja.com.ar\/sitio\/ministro-zarate-no-vamos-a-dejar-de-buscar-con-vida-a-maria-ines-quintero\/"]}]},{"@type":"ImageObject","inLanguage":"es","@id":"https:\/\/laredlarioja.com.ar\/sitio\/ministro-zarate-no-vamos-a-dejar-de-buscar-con-vida-a-maria-ines-quintero\/#primaryimage","url":"https:\/\/laredlarioja.com.ar\/sitio\/wp-content\/uploads\/2025\/06\/510013598_1880661449386589_8366023342312223044_n-e1750684054867.jpg","contentUrl":"https:\/\/laredlarioja.com.ar\/sitio\/wp-content\/uploads\/2025\/06\/510013598_1880661449386589_8366023342312223044_n-e1750684054867.jpg","width":551,"height":486},{"@type":"BreadcrumbList","@id":"https:\/\/laredlarioja.com.ar\/sitio\/ministro-zarate-no-vamos-a-dejar-de-buscar-con-vida-a-maria-ines-quintero\/#breadcrumb","itemListElement":[{"@type":"ListItem","position":1,"name":"Portada","item":"https:\/\/laredlarioja.com.ar\/sitio\/"},{"@type":"ListItem","position":2,"name":"Ministro Z\u00e1rate: \u201cNo vamos a dejar de buscar con vida a Mar\u00eda In\u00e9s Quintero\u201d"}]},{"@type":"WebSite","@id":"https:\/\/laredlarioja.com.ar\/sitio\/#website","url":"https:\/\/laredlarioja.com.ar\/sitio\/","name":"LA RED 88.3 LA RIOJA","description":"Sitio de Noticias","publisher":{"@id":"https:\/\/laredlarioja.com.ar\/sitio\/#organization"},"potentialAction":[{"@type":"SearchAction","target":{"@type":"EntryPoint","urlTemplate":"https:\/\/laredlarioja.com.ar\/sitio\/?s={search_term_string}"},"query-input":{"@type":"PropertyValueSpecification","valueRequired":true,"valueName":"search_term_string"}}],"inLanguage":"es"},{"@type":"Organization","@id":"https:\/\/laredlarioja.com.ar\/sitio\/#organization","name":"LA RED 88.3 LA RIOJA","url":"https:\/\/laredlarioja.com.ar\/sitio\/","logo":{"@type":"ImageObject","inLanguage":"es","@id":"https:\/\/laredlarioja.com.ar\/sitio\/#\/schema\/logo\/image\/","url":"https:\/\/laredlarioja.com.ar\/sitio\/wp-content\/uploads\/2025\/05\/LOGO-LA-RED.png","contentUrl":"https:\/\/laredlarioja.com.ar\/sitio\/wp-content\/uploads\/2025\/05\/LOGO-LA-RED.png","width":193,"height":340,"caption":"LA RED 88.3 LA RIOJA"},"image":{"@id":"https:\/\/laredlarioja.com.ar\/sitio\/#\/schema\/logo\/image\/"},"sameAs":["https:\/\/www.facebook.com\/lared.larioja","https:\/\/x.com\/laredlarioja1","https:\/\/www.instagram.com\/lared_larioja\/"]},{"@type":"Person","@id":"https:\/\/laredlarioja.com.ar\/sitio\/#\/schema\/person\/f1e213867beccedaaa4fb548d9259d9a","name":"La Red","url":"https:\/\/laredlarioja.com.ar\/sitio\/author\/lared\/"}]}},"featured_image_urls":{"full":["https:\/\/laredlarioja.com.ar\/sitio\/wp-content\/uploads\/2025\/06\/510013598_1880661449386589_8366023342312223044_n-e1750684054867.jpg",551,486,false],"thumbnail":["https:\/\/laredlarioja.com.ar\/sitio\/wp-content\/uploads\/2025\/06\/510013598_1880661449386589_8366023342312223044_n-e1750684054867-150x150.jpg",150,150,true],"medium":["https:\/\/laredlarioja.com.ar\/sitio\/wp-content\/uploads\/2025\/06\/510013598_1880661449386589_8366023342312223044_n-e1750684054867-300x265.jpg",300,265,true],"medium_large":["https:\/\/laredlarioja.com.ar\/sitio\/wp-content\/uploads\/2025\/06\/510013598_1880661449386589_8366023342312223044_n-e1750684054867.jpg",551,486,false],"large":["https:\/\/laredlarioja.com.ar\/sitio\/wp-content\/uploads\/2025\/06\/510013598_1880661449386589_8366023342312223044_n-e1750684054867.jpg",551,486,false],"1536x1536":["https:\/\/laredlarioja.com.ar\/sitio\/wp-content\/uploads\/2025\/06\/510013598_1880661449386589_8366023342312223044_n-e1750684054867.jpg",551,486,false],"2048x2048":["https:\/\/laredlarioja.com.ar\/sitio\/wp-content\/uploads\/2025\/06\/510013598_1880661449386589_8366023342312223044_n-e1750684054867.jpg",551,486,false],"cvmm-medium":["https:\/\/laredlarioja.com.ar\/sitio\/wp-content\/uploads\/2025\/06\/510013598_1880661449386589_8366023342312223044_n-e1750684054867-300x300.jpg",300,300,true],"cvmm-medium-plus":["https:\/\/laredlarioja.com.ar\/sitio\/wp-content\/uploads\/2025\/06\/510013598_1880661449386589_8366023342312223044_n-e1750684054867-305x207.jpg",305,207,true],"cvmm-portrait":["https:\/\/laredlarioja.com.ar\/sitio\/wp-content\/uploads\/2025\/06\/510013598_1880661449386589_8366023342312223044_n-e1750684054867-400x486.jpg",400,486,true],"cvmm-medium-square":["https:\/\/laredlarioja.com.ar\/sitio\/wp-content\/uploads\/2025\/06\/510013598_1880661449386589_8366023342312223044_n-e1750683924546-551x600.jpg",551,600,true],"cvmm-large":["https:\/\/laredlarioja.com.ar\/sitio\/wp-content\/uploads\/2025\/06\/510013598_1880661449386589_8366023342312223044_n-e1750684054867.jpg",551,486,false],"cvmm-small":["https:\/\/laredlarioja.com.ar\/sitio\/wp-content\/uploads\/2025\/06\/510013598_1880661449386589_8366023342312223044_n-e1750684054867-130x95.jpg",130,95,true],"morenews-large":["https:\/\/laredlarioja.com.ar\/sitio\/wp-content\/uploads\/2025\/06\/510013598_1880661449386589_8366023342312223044_n-e1750683924546-551x575.jpg",551,575,true],"morenews-medium":["https:\/\/laredlarioja.com.ar\/sitio\/wp-content\/uploads\/2025\/06\/510013598_1880661449386589_8366023342312223044_n-e1750684054867-551x410.jpg",551,410,true]},"author_info":{"display_name":"La Red","author_link":"https:\/\/laredlarioja.com.ar\/sitio\/author\/lared\/"},"category_info":"<a href=\"https:\/\/laredlarioja.com.ar\/sitio\/categorias\/locales\/\" rel=\"category tag\">Locales<\/a>","tag_info":"Locales","comment_count":"0","blog_post_layout_featured_media_urls":{"thumbnail":["https:\/\/laredlarioja.com.ar\/sitio\/wp-content\/uploads\/2025\/06\/510013598_1880661449386589_8366023342312223044_n-e1750684054867-150x150.jpg",150,150,true],"full":["https:\/\/laredlarioja.com.ar\/sitio\/wp-content\/uploads\/2025\/06\/510013598_1880661449386589_8366023342312223044_n-e1750684054867.jpg",551,486,false]},"categories_names":{"94":{"name":"Locales","link":"https:\/\/laredlarioja.com.ar\/sitio\/categorias\/locales\/"}},"tags_names":[],"comments_number":"0","wpmagazine_modules_lite_featured_media_urls":{"thumbnail":["https:\/\/laredlarioja.com.ar\/sitio\/wp-content\/uploads\/2025\/06\/510013598_1880661449386589_8366023342312223044_n-e1750684054867-150x150.jpg",150,150,true],"cvmm-medium":["https:\/\/laredlarioja.com.ar\/sitio\/wp-content\/uploads\/2025\/06\/510013598_1880661449386589_8366023342312223044_n-e1750684054867-300x300.jpg",300,300,true],"cvmm-medium-plus":["https:\/\/laredlarioja.com.ar\/sitio\/wp-content\/uploads\/2025\/06\/510013598_1880661449386589_8366023342312223044_n-e1750684054867-305x207.jpg",305,207,true],"cvmm-portrait":["https:\/\/laredlarioja.com.ar\/sitio\/wp-content\/uploads\/2025\/06\/510013598_1880661449386589_8366023342312223044_n-e1750684054867-400x486.jpg",400,486,true],"cvmm-medium-square":["https:\/\/laredlarioja.com.ar\/sitio\/wp-content\/uploads\/2025\/06\/510013598_1880661449386589_8366023342312223044_n-e1750683924546-551x600.jpg",551,600,true],"cvmm-large":["https:\/\/laredlarioja.com.ar\/sitio\/wp-content\/uploads\/2025\/06\/510013598_1880661449386589_8366023342312223044_n-e1750684054867.jpg",551,486,false],"cvmm-small":["https:\/\/laredlarioja.com.ar\/sitio\/wp-content\/uploads\/2025\/06\/510013598_1880661449386589_8366023342312223044_n-e1750684054867-130x95.jpg",130,95,true],"full":["https:\/\/laredlarioja.com.ar\/sitio\/wp-content\/uploads\/2025\/06\/510013598_1880661449386589_8366023342312223044_n-e1750684054867.jpg",551,486,false]},"_links":{"self":[{"href":"https:\/\/laredlarioja.com.ar\/sitio\/wp-json\/wp\/v2\/posts\/63490","targetHints":{"allow":["GET"]}}],"collection":[{"href":"https:\/\/laredlarioja.com.ar\/sitio\/wp-json\/wp\/v2\/posts"}],"about":[{"href":"https:\/\/laredlarioja.com.ar\/sitio\/wp-json\/wp\/v2\/types\/post"}],"author":[{"embeddable":true,"href":"https:\/\/laredlarioja.com.ar\/sitio\/wp-json\/wp\/v2\/users\/10"}],"replies":[{"embeddable":true,"href":"https:\/\/laredlarioja.com.ar\/sitio\/wp-json\/wp\/v2\/comments?post=63490"}],"version-history":[{"count":1,"href":"https:\/\/laredlarioja.com.ar\/sitio\/wp-json\/wp\/v2\/posts\/63490\/revisions"}],"predecessor-version":[{"id":63491,"href":"https:\/\/laredlarioja.com.ar\/sitio\/wp-json\/wp\/v2\/posts\/63490\/revisions\/63491"}],"wp:featuredmedia":[{"embeddable":true,"href":"https:\/\/laredlarioja.com.ar\/sitio\/wp-json\/wp\/v2\/media\/63360"}],"wp:attachment":[{"href":"https:\/\/laredlarioja.com.ar\/sitio\/wp-json\/wp\/v2\/media?parent=63490"}],"wp:term":[{"taxonomy":"category","embeddable":true,"href":"https:\/\/laredlarioja.com.ar\/sitio\/wp-json\/wp\/v2\/categories?post=63490"},{"taxonomy":"post_tag","embeddable":true,"href":"https:\/\/laredlarioja.com.ar\/sitio\/wp-json\/wp\/v2\/tags?post=63490"}],"curies":[{"name":"wp","href":"https:\/\/api.w.org\/{rel}","templated":true}]}}