{"id":63764,"date":"2025-07-01T23:51:05","date_gmt":"2025-07-01T23:51:05","guid":{"rendered":"https:\/\/laredlarioja.com.ar\/sitio\/?p=63764"},"modified":"2025-07-01T23:51:05","modified_gmt":"2025-07-01T23:51:05","slug":"maxi-salas-abandono-la-pretemporada-de-racing-para-ser-nuevo-jugador-de-river","status":"publish","type":"post","link":"https:\/\/laredlarioja.com.ar\/sitio\/maxi-salas-abandono-la-pretemporada-de-racing-para-ser-nuevo-jugador-de-river\/","title":{"rendered":"Maxi Salas abandon\u00f3 la pretemporada de Racing para ser nuevo jugador de River"},"content":{"rendered":"<p>Maximiliano Salas se fue de la concentraci\u00f3n de Racing. Ejecutar\u00e1 la cl\u00e1usula de 8 millones de euros para convertirse en refuerzo de River.<\/p>\n<p>El delantero Maximiliano Salas se retir\u00f3 de la concentraci\u00f3n de Racing en la pretemporada en Paraguay y se despidi\u00f3 de sus compa\u00f1eros para arribar a River en las pr\u00f3ximas horas mediante la ejecuci\u00f3n de su cl\u00e1usula de salida.<\/p>\n<p>Tras varias semanas de tires y aflojes, el culebr\u00f3n entre Racing y River por el correntino lleg\u00f3 a su fin este martes cuando el jugador decidi\u00f3 abandonar la concentraci\u00f3n del equipo de Gustavo Costas en Paraguay para llegar a Buenos Aires cuanto antes y firmar su v\u00ednculo con el \u00b4Millonario\u00b4.<\/p>\n<p>El futbolista, que lleg\u00f3 a la \u00b4Academia\u00b4 en enero de 2024 de la mano del entrenador Costas, no viajar\u00e1 a San Luis para disputar el partido de Copa Argentina ante San Mart\u00edn de San Juan y ejecutar\u00e1 su propia cl\u00e1usula de salida de 8 millones de euros, rompiendo el famoso \u201cpacto de caballeros\u201d que existe en el f\u00fatbol argentino que indica que no se pueden ejecutar cl\u00e1usulas entre clubes nacionales.<\/p>\n<p>La intervenci\u00f3n de la Asociaci\u00f3n del F\u00fatbol Argentino para que negocien la salida en vez de la ejecuci\u00f3n de la cl\u00e1usula no tuvo el efecto esperado y Salas firmar\u00e1 contrato hasta diciembre de 2029 con River, luego de que el propio entrenador Marcelo Gallardo insista hasta el cansancio por sus servicios.<\/p>\n<p>En el \u00b4Millonario\u00b4 esperan que Salas se sume a los entrenamientos entre el mi\u00e9rcoles y el jueves de esta semana en Ezeiza donde el plantel de Gallardo est\u00e1 realizando una mini pretemporada tras lo que fue la dura eliminaci\u00f3n en fase de grupos del Mundial de Clubes de la FIFA hace una semana.<\/p>\n","protected":false},"excerpt":{"rendered":"<p>Maximiliano Salas se fue de la concentraci\u00f3n de Racing. Ejecutar\u00e1 la cl\u00e1usula de 8 millones de euros para<\/p>\n","protected":false},"author":7,"featured_media":63765,"comment_status":"closed","ping_status":"open","sticky":false,"template":"","format":"standard","meta":{"footnotes":""},"categories":[26],"tags":[],"class_list":["post-63764","post","type-post","status-publish","format-standard","has-post-thumbnail","hentry","category-deportes"],"yoast_head":"<!-- This site is optimized with the Yoast SEO plugin v27.4 - https:\/\/yoast.com\/product\/yoast-seo-wordpress\/ -->\n<title>Maxi Salas abandon\u00f3 la pretemporada de Racing para ser nuevo jugador de River - LA RED 88.3 LA RIOJA<\/title>\n<meta name=\"robots\" content=\"index, follow, max-snippet:-1, max-image-preview:large, max-video-preview:-1\" \/>\n<link rel=\"canonical\" href=\"https:\/\/laredlarioja.com.ar\/sitio\/maxi-salas-abandono-la-pretemporada-de-racing-para-ser-nuevo-jugador-de-river\/\" \/>\n<meta property=\"og:locale\" content=\"es_ES\" \/>\n<meta property=\"og:type\" content=\"article\" \/>\n<meta property=\"og:title\" content=\"Maxi Salas abandon\u00f3 la pretemporada de Racing para ser nuevo jugador de River - LA RED 88.3 LA RIOJA\" \/>\n<meta property=\"og:description\" content=\"Maximiliano Salas se fue de la concentraci\u00f3n de Racing. Ejecutar\u00e1 la cl\u00e1usula de 8 millones de euros para\" \/>\n<meta property=\"og:url\" content=\"https:\/\/laredlarioja.com.ar\/sitio\/maxi-salas-abandono-la-pretemporada-de-racing-para-ser-nuevo-jugador-de-river\/\" \/>\n<meta property=\"og:site_name\" content=\"LA RED 88.3 LA RIOJA\" \/>\n<meta property=\"article:publisher\" content=\"https:\/\/www.facebook.com\/lared.larioja\" \/>\n<meta property=\"article:published_time\" content=\"2025-07-01T23:51:05+00:00\" \/>\n<meta property=\"og:image\" content=\"https:\/\/laredlarioja.com.ar\/sitio\/wp-content\/uploads\/2025\/07\/MAXI.webp\" \/>\n\t<meta property=\"og:image:width\" content=\"900\" \/>\n\t<meta property=\"og:image:height\" content=\"600\" \/>\n\t<meta property=\"og:image:type\" content=\"image\/webp\" \/>\n<meta name=\"author\" content=\"Anabella Soria\" \/>\n<meta name=\"twitter:card\" content=\"summary_large_image\" \/>\n<meta name=\"twitter:creator\" content=\"@laredlarioja1\" \/>\n<meta name=\"twitter:site\" content=\"@laredlarioja1\" \/>\n<meta name=\"twitter:label1\" content=\"Escrito por\" \/>\n\t<meta name=\"twitter:data1\" content=\"Anabella Soria\" \/>\n\t<meta name=\"twitter:label2\" content=\"Tiempo de lectura\" \/>\n\t<meta name=\"twitter:data2\" content=\"2 minutos\" \/>\n<script type=\"application\/ld+json\" class=\"yoast-schema-graph\">{\"@context\":\"https:\\\/\\\/schema.org\",\"@graph\":[{\"@type\":\"Article\",\"@id\":\"https:\\\/\\\/laredlarioja.com.ar\\\/sitio\\\/maxi-salas-abandono-la-pretemporada-de-racing-para-ser-nuevo-jugador-de-river\\\/#article\",\"isPartOf\":{\"@id\":\"https:\\\/\\\/laredlarioja.com.ar\\\/sitio\\\/maxi-salas-abandono-la-pretemporada-de-racing-para-ser-nuevo-jugador-de-river\\\/\"},\"author\":{\"name\":\"Anabella Soria\",\"@id\":\"https:\\\/\\\/laredlarioja.com.ar\\\/sitio\\\/#\\\/schema\\\/person\\\/31f88059d20c5cf06e974fd895aec56e\"},\"headline\":\"Maxi Salas abandon\u00f3 la pretemporada de Racing para ser nuevo jugador de River\",\"datePublished\":\"2025-07-01T23:51:05+00:00\",\"mainEntityOfPage\":{\"@id\":\"https:\\\/\\\/laredlarioja.com.ar\\\/sitio\\\/maxi-salas-abandono-la-pretemporada-de-racing-para-ser-nuevo-jugador-de-river\\\/\"},\"wordCount\":315,\"publisher\":{\"@id\":\"https:\\\/\\\/laredlarioja.com.ar\\\/sitio\\\/#organization\"},\"image\":{\"@id\":\"https:\\\/\\\/laredlarioja.com.ar\\\/sitio\\\/maxi-salas-abandono-la-pretemporada-de-racing-para-ser-nuevo-jugador-de-river\\\/#primaryimage\"},\"thumbnailUrl\":\"https:\\\/\\\/laredlarioja.com.ar\\\/sitio\\\/wp-content\\\/uploads\\\/2025\\\/07\\\/MAXI.webp\",\"articleSection\":[\"Deportes\"],\"inLanguage\":\"es\"},{\"@type\":\"WebPage\",\"@id\":\"https:\\\/\\\/laredlarioja.com.ar\\\/sitio\\\/maxi-salas-abandono-la-pretemporada-de-racing-para-ser-nuevo-jugador-de-river\\\/\",\"url\":\"https:\\\/\\\/laredlarioja.com.ar\\\/sitio\\\/maxi-salas-abandono-la-pretemporada-de-racing-para-ser-nuevo-jugador-de-river\\\/\",\"name\":\"Maxi Salas abandon\u00f3 la pretemporada de Racing para ser nuevo jugador de River - LA RED 88.3 LA RIOJA\",\"isPartOf\":{\"@id\":\"https:\\\/\\\/laredlarioja.com.ar\\\/sitio\\\/#website\"},\"primaryImageOfPage\":{\"@id\":\"https:\\\/\\\/laredlarioja.com.ar\\\/sitio\\\/maxi-salas-abandono-la-pretemporada-de-racing-para-ser-nuevo-jugador-de-river\\\/#primaryimage\"},\"image\":{\"@id\":\"https:\\\/\\\/laredlarioja.com.ar\\\/sitio\\\/maxi-salas-abandono-la-pretemporada-de-racing-para-ser-nuevo-jugador-de-river\\\/#primaryimage\"},\"thumbnailUrl\":\"https:\\\/\\\/laredlarioja.com.ar\\\/sitio\\\/wp-content\\\/uploads\\\/2025\\\/07\\\/MAXI.webp\",\"datePublished\":\"2025-07-01T23:51:05+00:00\",\"breadcrumb\":{\"@id\":\"https:\\\/\\\/laredlarioja.com.ar\\\/sitio\\\/maxi-salas-abandono-la-pretemporada-de-racing-para-ser-nuevo-jugador-de-river\\\/#breadcrumb\"},\"inLanguage\":\"es\",\"potentialAction\":[{\"@type\":\"ReadAction\",\"target\":[\"https:\\\/\\\/laredlarioja.com.ar\\\/sitio\\\/maxi-salas-abandono-la-pretemporada-de-racing-para-ser-nuevo-jugador-de-river\\\/\"]}]},{\"@type\":\"ImageObject\",\"inLanguage\":\"es\",\"@id\":\"https:\\\/\\\/laredlarioja.com.ar\\\/sitio\\\/maxi-salas-abandono-la-pretemporada-de-racing-para-ser-nuevo-jugador-de-river\\\/#primaryimage\",\"url\":\"https:\\\/\\\/laredlarioja.com.ar\\\/sitio\\\/wp-content\\\/uploads\\\/2025\\\/07\\\/MAXI.webp\",\"contentUrl\":\"https:\\\/\\\/laredlarioja.com.ar\\\/sitio\\\/wp-content\\\/uploads\\\/2025\\\/07\\\/MAXI.webp\",\"width\":900,\"height\":600},{\"@type\":\"BreadcrumbList\",\"@id\":\"https:\\\/\\\/laredlarioja.com.ar\\\/sitio\\\/maxi-salas-abandono-la-pretemporada-de-racing-para-ser-nuevo-jugador-de-river\\\/#breadcrumb\",\"itemListElement\":[{\"@type\":\"ListItem\",\"position\":1,\"name\":\"Portada\",\"item\":\"https:\\\/\\\/laredlarioja.com.ar\\\/sitio\\\/\"},{\"@type\":\"ListItem\",\"position\":2,\"name\":\"Maxi Salas abandon\u00f3 la pretemporada de Racing para ser nuevo jugador de River\"}]},{\"@type\":\"WebSite\",\"@id\":\"https:\\\/\\\/laredlarioja.com.ar\\\/sitio\\\/#website\",\"url\":\"https:\\\/\\\/laredlarioja.com.ar\\\/sitio\\\/\",\"name\":\"LA RED 88.3 LA RIOJA\",\"description\":\"Sitio de Noticias\",\"publisher\":{\"@id\":\"https:\\\/\\\/laredlarioja.com.ar\\\/sitio\\\/#organization\"},\"potentialAction\":[{\"@type\":\"SearchAction\",\"target\":{\"@type\":\"EntryPoint\",\"urlTemplate\":\"https:\\\/\\\/laredlarioja.com.ar\\\/sitio\\\/?s={search_term_string}\"},\"query-input\":{\"@type\":\"PropertyValueSpecification\",\"valueRequired\":true,\"valueName\":\"search_term_string\"}}],\"inLanguage\":\"es\"},{\"@type\":\"Organization\",\"@id\":\"https:\\\/\\\/laredlarioja.com.ar\\\/sitio\\\/#organization\",\"name\":\"LA RED 88.3 LA RIOJA\",\"url\":\"https:\\\/\\\/laredlarioja.com.ar\\\/sitio\\\/\",\"logo\":{\"@type\":\"ImageObject\",\"inLanguage\":\"es\",\"@id\":\"https:\\\/\\\/laredlarioja.com.ar\\\/sitio\\\/#\\\/schema\\\/logo\\\/image\\\/\",\"url\":\"https:\\\/\\\/laredlarioja.com.ar\\\/sitio\\\/wp-content\\\/uploads\\\/2025\\\/05\\\/LOGO-LA-RED.png\",\"contentUrl\":\"https:\\\/\\\/laredlarioja.com.ar\\\/sitio\\\/wp-content\\\/uploads\\\/2025\\\/05\\\/LOGO-LA-RED.png\",\"width\":193,\"height\":340,\"caption\":\"LA RED 88.3 LA RIOJA\"},\"image\":{\"@id\":\"https:\\\/\\\/laredlarioja.com.ar\\\/sitio\\\/#\\\/schema\\\/logo\\\/image\\\/\"},\"sameAs\":[\"https:\\\/\\\/www.facebook.com\\\/lared.larioja\",\"https:\\\/\\\/x.com\\\/laredlarioja1\",\"https:\\\/\\\/www.instagram.com\\\/lared_larioja\\\/\"]},{\"@type\":\"Person\",\"@id\":\"https:\\\/\\\/laredlarioja.com.ar\\\/sitio\\\/#\\\/schema\\\/person\\\/31f88059d20c5cf06e974fd895aec56e\",\"name\":\"Anabella Soria\",\"url\":\"https:\\\/\\\/laredlarioja.com.ar\\\/sitio\\\/author\\\/asoria\\\/\"}]}<\/script>\n<!-- \/ Yoast SEO plugin. -->","yoast_head_json":{"title":"Maxi Salas abandon\u00f3 la pretemporada de Racing para ser nuevo jugador de River - LA RED 88.3 LA RIOJA","robots":{"index":"index","follow":"follow","max-snippet":"max-snippet:-1","max-image-preview":"max-image-preview:large","max-video-preview":"max-video-preview:-1"},"canonical":"https:\/\/laredlarioja.com.ar\/sitio\/maxi-salas-abandono-la-pretemporada-de-racing-para-ser-nuevo-jugador-de-river\/","og_locale":"es_ES","og_type":"article","og_title":"Maxi Salas abandon\u00f3 la pretemporada de Racing para ser nuevo jugador de River - LA RED 88.3 LA RIOJA","og_description":"Maximiliano Salas se fue de la concentraci\u00f3n de Racing. Ejecutar\u00e1 la cl\u00e1usula de 8 millones de euros para","og_url":"https:\/\/laredlarioja.com.ar\/sitio\/maxi-salas-abandono-la-pretemporada-de-racing-para-ser-nuevo-jugador-de-river\/","og_site_name":"LA RED 88.3 LA RIOJA","article_publisher":"https:\/\/www.facebook.com\/lared.larioja","article_published_time":"2025-07-01T23:51:05+00:00","og_image":[{"width":900,"height":600,"url":"https:\/\/laredlarioja.com.ar\/sitio\/wp-content\/uploads\/2025\/07\/MAXI.webp","type":"image\/webp"}],"author":"Anabella Soria","twitter_card":"summary_large_image","twitter_creator":"@laredlarioja1","twitter_site":"@laredlarioja1","twitter_misc":{"Escrito por":"Anabella Soria","Tiempo de lectura":"2 minutos"},"schema":{"@context":"https:\/\/schema.org","@graph":[{"@type":"Article","@id":"https:\/\/laredlarioja.com.ar\/sitio\/maxi-salas-abandono-la-pretemporada-de-racing-para-ser-nuevo-jugador-de-river\/#article","isPartOf":{"@id":"https:\/\/laredlarioja.com.ar\/sitio\/maxi-salas-abandono-la-pretemporada-de-racing-para-ser-nuevo-jugador-de-river\/"},"author":{"name":"Anabella Soria","@id":"https:\/\/laredlarioja.com.ar\/sitio\/#\/schema\/person\/31f88059d20c5cf06e974fd895aec56e"},"headline":"Maxi Salas abandon\u00f3 la pretemporada de Racing para ser nuevo jugador de River","datePublished":"2025-07-01T23:51:05+00:00","mainEntityOfPage":{"@id":"https:\/\/laredlarioja.com.ar\/sitio\/maxi-salas-abandono-la-pretemporada-de-racing-para-ser-nuevo-jugador-de-river\/"},"wordCount":315,"publisher":{"@id":"https:\/\/laredlarioja.com.ar\/sitio\/#organization"},"image":{"@id":"https:\/\/laredlarioja.com.ar\/sitio\/maxi-salas-abandono-la-pretemporada-de-racing-para-ser-nuevo-jugador-de-river\/#primaryimage"},"thumbnailUrl":"https:\/\/laredlarioja.com.ar\/sitio\/wp-content\/uploads\/2025\/07\/MAXI.webp","articleSection":["Deportes"],"inLanguage":"es"},{"@type":"WebPage","@id":"https:\/\/laredlarioja.com.ar\/sitio\/maxi-salas-abandono-la-pretemporada-de-racing-para-ser-nuevo-jugador-de-river\/","url":"https:\/\/laredlarioja.com.ar\/sitio\/maxi-salas-abandono-la-pretemporada-de-racing-para-ser-nuevo-jugador-de-river\/","name":"Maxi Salas abandon\u00f3 la pretemporada de Racing para ser nuevo jugador de River - LA RED 88.3 LA RIOJA","isPartOf":{"@id":"https:\/\/laredlarioja.com.ar\/sitio\/#website"},"primaryImageOfPage":{"@id":"https:\/\/laredlarioja.com.ar\/sitio\/maxi-salas-abandono-la-pretemporada-de-racing-para-ser-nuevo-jugador-de-river\/#primaryimage"},"image":{"@id":"https:\/\/laredlarioja.com.ar\/sitio\/maxi-salas-abandono-la-pretemporada-de-racing-para-ser-nuevo-jugador-de-river\/#primaryimage"},"thumbnailUrl":"https:\/\/laredlarioja.com.ar\/sitio\/wp-content\/uploads\/2025\/07\/MAXI.webp","datePublished":"2025-07-01T23:51:05+00:00","breadcrumb":{"@id":"https:\/\/laredlarioja.com.ar\/sitio\/maxi-salas-abandono-la-pretemporada-de-racing-para-ser-nuevo-jugador-de-river\/#breadcrumb"},"inLanguage":"es","potentialAction":[{"@type":"ReadAction","target":["https:\/\/laredlarioja.com.ar\/sitio\/maxi-salas-abandono-la-pretemporada-de-racing-para-ser-nuevo-jugador-de-river\/"]}]},{"@type":"ImageObject","inLanguage":"es","@id":"https:\/\/laredlarioja.com.ar\/sitio\/maxi-salas-abandono-la-pretemporada-de-racing-para-ser-nuevo-jugador-de-river\/#primaryimage","url":"https:\/\/laredlarioja.com.ar\/sitio\/wp-content\/uploads\/2025\/07\/MAXI.webp","contentUrl":"https:\/\/laredlarioja.com.ar\/sitio\/wp-content\/uploads\/2025\/07\/MAXI.webp","width":900,"height":600},{"@type":"BreadcrumbList","@id":"https:\/\/laredlarioja.com.ar\/sitio\/maxi-salas-abandono-la-pretemporada-de-racing-para-ser-nuevo-jugador-de-river\/#breadcrumb","itemListElement":[{"@type":"ListItem","position":1,"name":"Portada","item":"https:\/\/laredlarioja.com.ar\/sitio\/"},{"@type":"ListItem","position":2,"name":"Maxi Salas abandon\u00f3 la pretemporada de Racing para ser nuevo jugador de River"}]},{"@type":"WebSite","@id":"https:\/\/laredlarioja.com.ar\/sitio\/#website","url":"https:\/\/laredlarioja.com.ar\/sitio\/","name":"LA RED 88.3 LA RIOJA","description":"Sitio de Noticias","publisher":{"@id":"https:\/\/laredlarioja.com.ar\/sitio\/#organization"},"potentialAction":[{"@type":"SearchAction","target":{"@type":"EntryPoint","urlTemplate":"https:\/\/laredlarioja.com.ar\/sitio\/?s={search_term_string}"},"query-input":{"@type":"PropertyValueSpecification","valueRequired":true,"valueName":"search_term_string"}}],"inLanguage":"es"},{"@type":"Organization","@id":"https:\/\/laredlarioja.com.ar\/sitio\/#organization","name":"LA RED 88.3 LA RIOJA","url":"https:\/\/laredlarioja.com.ar\/sitio\/","logo":{"@type":"ImageObject","inLanguage":"es","@id":"https:\/\/laredlarioja.com.ar\/sitio\/#\/schema\/logo\/image\/","url":"https:\/\/laredlarioja.com.ar\/sitio\/wp-content\/uploads\/2025\/05\/LOGO-LA-RED.png","contentUrl":"https:\/\/laredlarioja.com.ar\/sitio\/wp-content\/uploads\/2025\/05\/LOGO-LA-RED.png","width":193,"height":340,"caption":"LA RED 88.3 LA RIOJA"},"image":{"@id":"https:\/\/laredlarioja.com.ar\/sitio\/#\/schema\/logo\/image\/"},"sameAs":["https:\/\/www.facebook.com\/lared.larioja","https:\/\/x.com\/laredlarioja1","https:\/\/www.instagram.com\/lared_larioja\/"]},{"@type":"Person","@id":"https:\/\/laredlarioja.com.ar\/sitio\/#\/schema\/person\/31f88059d20c5cf06e974fd895aec56e","name":"Anabella Soria","url":"https:\/\/laredlarioja.com.ar\/sitio\/author\/asoria\/"}]}},"featured_image_urls":{"full":["https:\/\/laredlarioja.com.ar\/sitio\/wp-content\/uploads\/2025\/07\/MAXI.webp",900,600,false],"thumbnail":["https:\/\/laredlarioja.com.ar\/sitio\/wp-content\/uploads\/2025\/07\/MAXI-150x150.webp",150,150,true],"medium":["https:\/\/laredlarioja.com.ar\/sitio\/wp-content\/uploads\/2025\/07\/MAXI-300x200.webp",300,200,true],"medium_large":["https:\/\/laredlarioja.com.ar\/sitio\/wp-content\/uploads\/2025\/07\/MAXI-768x512.webp",640,427,true],"large":["https:\/\/laredlarioja.com.ar\/sitio\/wp-content\/uploads\/2025\/07\/MAXI.webp",640,427,false],"1536x1536":["https:\/\/laredlarioja.com.ar\/sitio\/wp-content\/uploads\/2025\/07\/MAXI.webp",900,600,false],"2048x2048":["https:\/\/laredlarioja.com.ar\/sitio\/wp-content\/uploads\/2025\/07\/MAXI.webp",900,600,false],"cvmm-medium":["https:\/\/laredlarioja.com.ar\/sitio\/wp-content\/uploads\/2025\/07\/MAXI-300x300.webp",300,300,true],"cvmm-medium-plus":["https:\/\/laredlarioja.com.ar\/sitio\/wp-content\/uploads\/2025\/07\/MAXI-305x207.webp",305,207,true],"cvmm-portrait":["https:\/\/laredlarioja.com.ar\/sitio\/wp-content\/uploads\/2025\/07\/MAXI-400x600.webp",400,600,true],"cvmm-medium-square":["https:\/\/laredlarioja.com.ar\/sitio\/wp-content\/uploads\/2025\/07\/MAXI-600x600.webp",600,600,true],"cvmm-large":["https:\/\/laredlarioja.com.ar\/sitio\/wp-content\/uploads\/2025\/07\/MAXI.webp",900,600,false],"cvmm-small":["https:\/\/laredlarioja.com.ar\/sitio\/wp-content\/uploads\/2025\/07\/MAXI-130x95.webp",130,95,true],"morenews-large":["https:\/\/laredlarioja.com.ar\/sitio\/wp-content\/uploads\/2025\/07\/MAXI-825x575.webp",825,575,true],"morenews-medium":["https:\/\/laredlarioja.com.ar\/sitio\/wp-content\/uploads\/2025\/07\/MAXI-590x410.webp",590,410,true]},"author_info":{"display_name":"Anabella Soria","author_link":"https:\/\/laredlarioja.com.ar\/sitio\/author\/asoria\/"},"category_info":"<a href=\"https:\/\/laredlarioja.com.ar\/sitio\/categorias\/deportes\/\" rel=\"category tag\">Deportes<\/a>","tag_info":"Deportes","comment_count":"0","blog_post_layout_featured_media_urls":{"thumbnail":["https:\/\/laredlarioja.com.ar\/sitio\/wp-content\/uploads\/2025\/07\/MAXI-150x150.webp",150,150,true],"full":["https:\/\/laredlarioja.com.ar\/sitio\/wp-content\/uploads\/2025\/07\/MAXI.webp",900,600,false]},"categories_names":{"26":{"name":"Deportes","link":"https:\/\/laredlarioja.com.ar\/sitio\/categorias\/deportes\/"}},"tags_names":[],"comments_number":"0","wpmagazine_modules_lite_featured_media_urls":{"thumbnail":["https:\/\/laredlarioja.com.ar\/sitio\/wp-content\/uploads\/2025\/07\/MAXI-150x150.webp",150,150,true],"cvmm-medium":["https:\/\/laredlarioja.com.ar\/sitio\/wp-content\/uploads\/2025\/07\/MAXI-300x300.webp",300,300,true],"cvmm-medium-plus":["https:\/\/laredlarioja.com.ar\/sitio\/wp-content\/uploads\/2025\/07\/MAXI-305x207.webp",305,207,true],"cvmm-portrait":["https:\/\/laredlarioja.com.ar\/sitio\/wp-content\/uploads\/2025\/07\/MAXI-400x600.webp",400,600,true],"cvmm-medium-square":["https:\/\/laredlarioja.com.ar\/sitio\/wp-content\/uploads\/2025\/07\/MAXI-600x600.webp",600,600,true],"cvmm-large":["https:\/\/laredlarioja.com.ar\/sitio\/wp-content\/uploads\/2025\/07\/MAXI.webp",900,600,false],"cvmm-small":["https:\/\/laredlarioja.com.ar\/sitio\/wp-content\/uploads\/2025\/07\/MAXI-130x95.webp",130,95,true],"full":["https:\/\/laredlarioja.com.ar\/sitio\/wp-content\/uploads\/2025\/07\/MAXI.webp",900,600,false]},"_links":{"self":[{"href":"https:\/\/laredlarioja.com.ar\/sitio\/wp-json\/wp\/v2\/posts\/63764","targetHints":{"allow":["GET"]}}],"collection":[{"href":"https:\/\/laredlarioja.com.ar\/sitio\/wp-json\/wp\/v2\/posts"}],"about":[{"href":"https:\/\/laredlarioja.com.ar\/sitio\/wp-json\/wp\/v2\/types\/post"}],"author":[{"embeddable":true,"href":"https:\/\/laredlarioja.com.ar\/sitio\/wp-json\/wp\/v2\/users\/7"}],"replies":[{"embeddable":true,"href":"https:\/\/laredlarioja.com.ar\/sitio\/wp-json\/wp\/v2\/comments?post=63764"}],"version-history":[{"count":1,"href":"https:\/\/laredlarioja.com.ar\/sitio\/wp-json\/wp\/v2\/posts\/63764\/revisions"}],"predecessor-version":[{"id":63766,"href":"https:\/\/laredlarioja.com.ar\/sitio\/wp-json\/wp\/v2\/posts\/63764\/revisions\/63766"}],"wp:featuredmedia":[{"embeddable":true,"href":"https:\/\/laredlarioja.com.ar\/sitio\/wp-json\/wp\/v2\/media\/63765"}],"wp:attachment":[{"href":"https:\/\/laredlarioja.com.ar\/sitio\/wp-json\/wp\/v2\/media?parent=63764"}],"wp:term":[{"taxonomy":"category","embeddable":true,"href":"https:\/\/laredlarioja.com.ar\/sitio\/wp-json\/wp\/v2\/categories?post=63764"},{"taxonomy":"post_tag","embeddable":true,"href":"https:\/\/laredlarioja.com.ar\/sitio\/wp-json\/wp\/v2\/tags?post=63764"}],"curies":[{"name":"wp","href":"https:\/\/api.w.org\/{rel}","templated":true}]}}