{"id":63860,"date":"2025-07-03T23:59:40","date_gmt":"2025-07-03T23:59:40","guid":{"rendered":"https:\/\/laredlarioja.com.ar\/sitio\/?p=63860"},"modified":"2025-07-04T00:02:29","modified_gmt":"2025-07-04T00:02:29","slug":"unidad-federal-las-provincias-exigen-la-coparticipacion-automatica-de-recursos","status":"publish","type":"post","link":"https:\/\/laredlarioja.com.ar\/sitio\/unidad-federal-las-provincias-exigen-la-coparticipacion-automatica-de-recursos\/","title":{"rendered":"\u201cUnidad federal: las provincias exigen la coparticipaci\u00f3n autom\u00e1tica de recursos\u201d"},"content":{"rendered":"<p>Con apoyo un\u00e1nime de las provincias y la Ciudad de Buenos Aires, ingres\u00f3 en el Senado un proyecto de ley que busca restituir fondos retenidos por el Gobierno nacional a trav\u00e9s del DNU 70\/2023. El objetivo es garantizar el financiamiento de servicios, salarios y obra p\u00fablica.<\/p>\n<p>La iniciativa, ya ingresada en el Senado, busca restituir fondos clave para las arcas provinciales \u2014como lo recaudado por el impuesto a los combustibles y los Aportes del Tesoro Nacional (ATN)\u2014 a trav\u00e9s de un nuevo sistema de distribuci\u00f3n autom\u00e1tica, basado en el mecanismo conocido como \u00abgoteo diario\u00bb, utilizado para la coparticipaci\u00f3n federal. Esta modalidad permitir\u00eda a las jurisdicciones contar con los recursos de manera previsible y en tiempo real.<\/p>\n<p>El gobernador particip\u00f3 de la entrega de nuevas unidades a las fuerzas de seguridad y entrega de nuevos cargos. En ese marco habl\u00f3 de la reuni\u00f3n que mantuvo con los 23 gobernadores. \u201cEl objetivo es garantizar el funcionamiento de nuestras provincias, no solo en la prestaci\u00f3n de servicios y el pago de salarios, sino tambi\u00e9n para reactivar la obra p\u00fablica en el interior, que est\u00e1 paralizada y genera un enorme deterioro en la calidad de vida de la gente\u201d, expres\u00f3 el gobernador de La Rioja, Ricardo Quintela, uno de los principales impulsores de la medida.<\/p>\n<p>El proyecto ya cuenta con el respaldo de los presidentes de bloque del Senado, a excepci\u00f3n de los legisladores de La Libertad Avanza, el espacio oficialista. Se espera que la iniciativa sea debatida en el recinto durante la pr\u00f3xima semana.<\/p>\n<p>La disputa por la distribuci\u00f3n de los recursos nacionales se ha convertido en un eje central del conflicto entre las provincias y la Casa Rosada. En este contexto, la firma un\u00e1nime de todos los gobernadores \u2014incluso aquellos de signo pol\u00edtico opositor\u2014 marca un gesto fuerte de cohesi\u00f3n institucional frente a lo que consideran un avance del Ejecutivo sobre las autonom\u00edas provinciales.<\/p>\n","protected":false},"excerpt":{"rendered":"<p>Con apoyo un\u00e1nime de las provincias y la Ciudad de Buenos Aires, ingres\u00f3 en el Senado un proyecto<\/p>\n","protected":false},"author":7,"featured_media":45828,"comment_status":"closed","ping_status":"open","sticky":false,"template":"","format":"standard","meta":{"footnotes":""},"categories":[100],"tags":[84],"class_list":["post-63860","post","type-post","status-publish","format-standard","has-post-thumbnail","hentry","category-tapa","tag-secundaria"],"yoast_head":"<!-- This site is optimized with the Yoast SEO plugin v27.4 - https:\/\/yoast.com\/product\/yoast-seo-wordpress\/ -->\n<title>\u201cUnidad federal: las provincias exigen la coparticipaci\u00f3n autom\u00e1tica de recursos\u201d - LA RED 88.3 LA RIOJA<\/title>\n<meta name=\"robots\" content=\"index, follow, max-snippet:-1, max-image-preview:large, max-video-preview:-1\" \/>\n<link rel=\"canonical\" href=\"https:\/\/laredlarioja.com.ar\/sitio\/unidad-federal-las-provincias-exigen-la-coparticipacion-automatica-de-recursos\/\" \/>\n<meta property=\"og:locale\" content=\"es_ES\" \/>\n<meta property=\"og:type\" content=\"article\" \/>\n<meta property=\"og:title\" content=\"\u201cUnidad federal: las provincias exigen la coparticipaci\u00f3n autom\u00e1tica de recursos\u201d - LA RED 88.3 LA RIOJA\" \/>\n<meta property=\"og:description\" content=\"Con apoyo un\u00e1nime de las provincias y la Ciudad de Buenos Aires, ingres\u00f3 en el Senado un proyecto\" \/>\n<meta property=\"og:url\" content=\"https:\/\/laredlarioja.com.ar\/sitio\/unidad-federal-las-provincias-exigen-la-coparticipacion-automatica-de-recursos\/\" \/>\n<meta property=\"og:site_name\" content=\"LA RED 88.3 LA RIOJA\" \/>\n<meta property=\"article:publisher\" content=\"https:\/\/www.facebook.com\/lared.larioja\" \/>\n<meta property=\"article:published_time\" content=\"2025-07-03T23:59:40+00:00\" \/>\n<meta property=\"article:modified_time\" content=\"2025-07-04T00:02:29+00:00\" \/>\n<meta property=\"og:image\" content=\"https:\/\/laredlarioja.com.ar\/sitio\/wp-content\/uploads\/2024\/05\/quintela-milei.webp\" \/>\n\t<meta property=\"og:image:width\" content=\"1200\" \/>\n\t<meta property=\"og:image:height\" content=\"768\" \/>\n\t<meta property=\"og:image:type\" content=\"image\/webp\" \/>\n<meta name=\"author\" content=\"Anabella Soria\" \/>\n<meta name=\"twitter:card\" content=\"summary_large_image\" \/>\n<meta name=\"twitter:creator\" content=\"@laredlarioja1\" \/>\n<meta name=\"twitter:site\" content=\"@laredlarioja1\" \/>\n<meta name=\"twitter:label1\" content=\"Escrito por\" \/>\n\t<meta name=\"twitter:data1\" content=\"Anabella Soria\" \/>\n\t<meta name=\"twitter:label2\" content=\"Tiempo de lectura\" \/>\n\t<meta name=\"twitter:data2\" content=\"2 minutos\" \/>\n<script type=\"application\/ld+json\" class=\"yoast-schema-graph\">{\"@context\":\"https:\\\/\\\/schema.org\",\"@graph\":[{\"@type\":\"Article\",\"@id\":\"https:\\\/\\\/laredlarioja.com.ar\\\/sitio\\\/unidad-federal-las-provincias-exigen-la-coparticipacion-automatica-de-recursos\\\/#article\",\"isPartOf\":{\"@id\":\"https:\\\/\\\/laredlarioja.com.ar\\\/sitio\\\/unidad-federal-las-provincias-exigen-la-coparticipacion-automatica-de-recursos\\\/\"},\"author\":{\"name\":\"Anabella Soria\",\"@id\":\"https:\\\/\\\/laredlarioja.com.ar\\\/sitio\\\/#\\\/schema\\\/person\\\/31f88059d20c5cf06e974fd895aec56e\"},\"headline\":\"\u201cUnidad federal: las provincias exigen la coparticipaci\u00f3n autom\u00e1tica de recursos\u201d\",\"datePublished\":\"2025-07-03T23:59:40+00:00\",\"dateModified\":\"2025-07-04T00:02:29+00:00\",\"mainEntityOfPage\":{\"@id\":\"https:\\\/\\\/laredlarioja.com.ar\\\/sitio\\\/unidad-federal-las-provincias-exigen-la-coparticipacion-automatica-de-recursos\\\/\"},\"wordCount\":341,\"publisher\":{\"@id\":\"https:\\\/\\\/laredlarioja.com.ar\\\/sitio\\\/#organization\"},\"image\":{\"@id\":\"https:\\\/\\\/laredlarioja.com.ar\\\/sitio\\\/unidad-federal-las-provincias-exigen-la-coparticipacion-automatica-de-recursos\\\/#primaryimage\"},\"thumbnailUrl\":\"https:\\\/\\\/laredlarioja.com.ar\\\/sitio\\\/wp-content\\\/uploads\\\/2024\\\/05\\\/quintela-milei.webp\",\"keywords\":[\"Secundaria\"],\"articleSection\":[\"Tapa\"],\"inLanguage\":\"es\"},{\"@type\":\"WebPage\",\"@id\":\"https:\\\/\\\/laredlarioja.com.ar\\\/sitio\\\/unidad-federal-las-provincias-exigen-la-coparticipacion-automatica-de-recursos\\\/\",\"url\":\"https:\\\/\\\/laredlarioja.com.ar\\\/sitio\\\/unidad-federal-las-provincias-exigen-la-coparticipacion-automatica-de-recursos\\\/\",\"name\":\"\u201cUnidad federal: las provincias exigen la coparticipaci\u00f3n autom\u00e1tica de recursos\u201d - LA RED 88.3 LA RIOJA\",\"isPartOf\":{\"@id\":\"https:\\\/\\\/laredlarioja.com.ar\\\/sitio\\\/#website\"},\"primaryImageOfPage\":{\"@id\":\"https:\\\/\\\/laredlarioja.com.ar\\\/sitio\\\/unidad-federal-las-provincias-exigen-la-coparticipacion-automatica-de-recursos\\\/#primaryimage\"},\"image\":{\"@id\":\"https:\\\/\\\/laredlarioja.com.ar\\\/sitio\\\/unidad-federal-las-provincias-exigen-la-coparticipacion-automatica-de-recursos\\\/#primaryimage\"},\"thumbnailUrl\":\"https:\\\/\\\/laredlarioja.com.ar\\\/sitio\\\/wp-content\\\/uploads\\\/2024\\\/05\\\/quintela-milei.webp\",\"datePublished\":\"2025-07-03T23:59:40+00:00\",\"dateModified\":\"2025-07-04T00:02:29+00:00\",\"breadcrumb\":{\"@id\":\"https:\\\/\\\/laredlarioja.com.ar\\\/sitio\\\/unidad-federal-las-provincias-exigen-la-coparticipacion-automatica-de-recursos\\\/#breadcrumb\"},\"inLanguage\":\"es\",\"potentialAction\":[{\"@type\":\"ReadAction\",\"target\":[\"https:\\\/\\\/laredlarioja.com.ar\\\/sitio\\\/unidad-federal-las-provincias-exigen-la-coparticipacion-automatica-de-recursos\\\/\"]}]},{\"@type\":\"ImageObject\",\"inLanguage\":\"es\",\"@id\":\"https:\\\/\\\/laredlarioja.com.ar\\\/sitio\\\/unidad-federal-las-provincias-exigen-la-coparticipacion-automatica-de-recursos\\\/#primaryimage\",\"url\":\"https:\\\/\\\/laredlarioja.com.ar\\\/sitio\\\/wp-content\\\/uploads\\\/2024\\\/05\\\/quintela-milei.webp\",\"contentUrl\":\"https:\\\/\\\/laredlarioja.com.ar\\\/sitio\\\/wp-content\\\/uploads\\\/2024\\\/05\\\/quintela-milei.webp\",\"width\":1200,\"height\":768},{\"@type\":\"BreadcrumbList\",\"@id\":\"https:\\\/\\\/laredlarioja.com.ar\\\/sitio\\\/unidad-federal-las-provincias-exigen-la-coparticipacion-automatica-de-recursos\\\/#breadcrumb\",\"itemListElement\":[{\"@type\":\"ListItem\",\"position\":1,\"name\":\"Portada\",\"item\":\"https:\\\/\\\/laredlarioja.com.ar\\\/sitio\\\/\"},{\"@type\":\"ListItem\",\"position\":2,\"name\":\"\u201cUnidad federal: las provincias exigen la coparticipaci\u00f3n autom\u00e1tica de recursos\u201d\"}]},{\"@type\":\"WebSite\",\"@id\":\"https:\\\/\\\/laredlarioja.com.ar\\\/sitio\\\/#website\",\"url\":\"https:\\\/\\\/laredlarioja.com.ar\\\/sitio\\\/\",\"name\":\"LA RED 88.3 LA RIOJA\",\"description\":\"Sitio de Noticias\",\"publisher\":{\"@id\":\"https:\\\/\\\/laredlarioja.com.ar\\\/sitio\\\/#organization\"},\"potentialAction\":[{\"@type\":\"SearchAction\",\"target\":{\"@type\":\"EntryPoint\",\"urlTemplate\":\"https:\\\/\\\/laredlarioja.com.ar\\\/sitio\\\/?s={search_term_string}\"},\"query-input\":{\"@type\":\"PropertyValueSpecification\",\"valueRequired\":true,\"valueName\":\"search_term_string\"}}],\"inLanguage\":\"es\"},{\"@type\":\"Organization\",\"@id\":\"https:\\\/\\\/laredlarioja.com.ar\\\/sitio\\\/#organization\",\"name\":\"LA RED 88.3 LA RIOJA\",\"url\":\"https:\\\/\\\/laredlarioja.com.ar\\\/sitio\\\/\",\"logo\":{\"@type\":\"ImageObject\",\"inLanguage\":\"es\",\"@id\":\"https:\\\/\\\/laredlarioja.com.ar\\\/sitio\\\/#\\\/schema\\\/logo\\\/image\\\/\",\"url\":\"https:\\\/\\\/laredlarioja.com.ar\\\/sitio\\\/wp-content\\\/uploads\\\/2025\\\/05\\\/LOGO-LA-RED.png\",\"contentUrl\":\"https:\\\/\\\/laredlarioja.com.ar\\\/sitio\\\/wp-content\\\/uploads\\\/2025\\\/05\\\/LOGO-LA-RED.png\",\"width\":193,\"height\":340,\"caption\":\"LA RED 88.3 LA RIOJA\"},\"image\":{\"@id\":\"https:\\\/\\\/laredlarioja.com.ar\\\/sitio\\\/#\\\/schema\\\/logo\\\/image\\\/\"},\"sameAs\":[\"https:\\\/\\\/www.facebook.com\\\/lared.larioja\",\"https:\\\/\\\/x.com\\\/laredlarioja1\",\"https:\\\/\\\/www.instagram.com\\\/lared_larioja\\\/\"]},{\"@type\":\"Person\",\"@id\":\"https:\\\/\\\/laredlarioja.com.ar\\\/sitio\\\/#\\\/schema\\\/person\\\/31f88059d20c5cf06e974fd895aec56e\",\"name\":\"Anabella Soria\",\"url\":\"https:\\\/\\\/laredlarioja.com.ar\\\/sitio\\\/author\\\/asoria\\\/\"}]}<\/script>\n<!-- \/ Yoast SEO plugin. -->","yoast_head_json":{"title":"\u201cUnidad federal: las provincias exigen la coparticipaci\u00f3n autom\u00e1tica de recursos\u201d - LA RED 88.3 LA RIOJA","robots":{"index":"index","follow":"follow","max-snippet":"max-snippet:-1","max-image-preview":"max-image-preview:large","max-video-preview":"max-video-preview:-1"},"canonical":"https:\/\/laredlarioja.com.ar\/sitio\/unidad-federal-las-provincias-exigen-la-coparticipacion-automatica-de-recursos\/","og_locale":"es_ES","og_type":"article","og_title":"\u201cUnidad federal: las provincias exigen la coparticipaci\u00f3n autom\u00e1tica de recursos\u201d - LA RED 88.3 LA RIOJA","og_description":"Con apoyo un\u00e1nime de las provincias y la Ciudad de Buenos Aires, ingres\u00f3 en el Senado un proyecto","og_url":"https:\/\/laredlarioja.com.ar\/sitio\/unidad-federal-las-provincias-exigen-la-coparticipacion-automatica-de-recursos\/","og_site_name":"LA RED 88.3 LA RIOJA","article_publisher":"https:\/\/www.facebook.com\/lared.larioja","article_published_time":"2025-07-03T23:59:40+00:00","article_modified_time":"2025-07-04T00:02:29+00:00","og_image":[{"width":1200,"height":768,"url":"https:\/\/laredlarioja.com.ar\/sitio\/wp-content\/uploads\/2024\/05\/quintela-milei.webp","type":"image\/webp"}],"author":"Anabella Soria","twitter_card":"summary_large_image","twitter_creator":"@laredlarioja1","twitter_site":"@laredlarioja1","twitter_misc":{"Escrito por":"Anabella Soria","Tiempo de lectura":"2 minutos"},"schema":{"@context":"https:\/\/schema.org","@graph":[{"@type":"Article","@id":"https:\/\/laredlarioja.com.ar\/sitio\/unidad-federal-las-provincias-exigen-la-coparticipacion-automatica-de-recursos\/#article","isPartOf":{"@id":"https:\/\/laredlarioja.com.ar\/sitio\/unidad-federal-las-provincias-exigen-la-coparticipacion-automatica-de-recursos\/"},"author":{"name":"Anabella Soria","@id":"https:\/\/laredlarioja.com.ar\/sitio\/#\/schema\/person\/31f88059d20c5cf06e974fd895aec56e"},"headline":"\u201cUnidad federal: las provincias exigen la coparticipaci\u00f3n autom\u00e1tica de recursos\u201d","datePublished":"2025-07-03T23:59:40+00:00","dateModified":"2025-07-04T00:02:29+00:00","mainEntityOfPage":{"@id":"https:\/\/laredlarioja.com.ar\/sitio\/unidad-federal-las-provincias-exigen-la-coparticipacion-automatica-de-recursos\/"},"wordCount":341,"publisher":{"@id":"https:\/\/laredlarioja.com.ar\/sitio\/#organization"},"image":{"@id":"https:\/\/laredlarioja.com.ar\/sitio\/unidad-federal-las-provincias-exigen-la-coparticipacion-automatica-de-recursos\/#primaryimage"},"thumbnailUrl":"https:\/\/laredlarioja.com.ar\/sitio\/wp-content\/uploads\/2024\/05\/quintela-milei.webp","keywords":["Secundaria"],"articleSection":["Tapa"],"inLanguage":"es"},{"@type":"WebPage","@id":"https:\/\/laredlarioja.com.ar\/sitio\/unidad-federal-las-provincias-exigen-la-coparticipacion-automatica-de-recursos\/","url":"https:\/\/laredlarioja.com.ar\/sitio\/unidad-federal-las-provincias-exigen-la-coparticipacion-automatica-de-recursos\/","name":"\u201cUnidad federal: las provincias exigen la coparticipaci\u00f3n autom\u00e1tica de recursos\u201d - LA RED 88.3 LA RIOJA","isPartOf":{"@id":"https:\/\/laredlarioja.com.ar\/sitio\/#website"},"primaryImageOfPage":{"@id":"https:\/\/laredlarioja.com.ar\/sitio\/unidad-federal-las-provincias-exigen-la-coparticipacion-automatica-de-recursos\/#primaryimage"},"image":{"@id":"https:\/\/laredlarioja.com.ar\/sitio\/unidad-federal-las-provincias-exigen-la-coparticipacion-automatica-de-recursos\/#primaryimage"},"thumbnailUrl":"https:\/\/laredlarioja.com.ar\/sitio\/wp-content\/uploads\/2024\/05\/quintela-milei.webp","datePublished":"2025-07-03T23:59:40+00:00","dateModified":"2025-07-04T00:02:29+00:00","breadcrumb":{"@id":"https:\/\/laredlarioja.com.ar\/sitio\/unidad-federal-las-provincias-exigen-la-coparticipacion-automatica-de-recursos\/#breadcrumb"},"inLanguage":"es","potentialAction":[{"@type":"ReadAction","target":["https:\/\/laredlarioja.com.ar\/sitio\/unidad-federal-las-provincias-exigen-la-coparticipacion-automatica-de-recursos\/"]}]},{"@type":"ImageObject","inLanguage":"es","@id":"https:\/\/laredlarioja.com.ar\/sitio\/unidad-federal-las-provincias-exigen-la-coparticipacion-automatica-de-recursos\/#primaryimage","url":"https:\/\/laredlarioja.com.ar\/sitio\/wp-content\/uploads\/2024\/05\/quintela-milei.webp","contentUrl":"https:\/\/laredlarioja.com.ar\/sitio\/wp-content\/uploads\/2024\/05\/quintela-milei.webp","width":1200,"height":768},{"@type":"BreadcrumbList","@id":"https:\/\/laredlarioja.com.ar\/sitio\/unidad-federal-las-provincias-exigen-la-coparticipacion-automatica-de-recursos\/#breadcrumb","itemListElement":[{"@type":"ListItem","position":1,"name":"Portada","item":"https:\/\/laredlarioja.com.ar\/sitio\/"},{"@type":"ListItem","position":2,"name":"\u201cUnidad federal: las provincias exigen la coparticipaci\u00f3n autom\u00e1tica de recursos\u201d"}]},{"@type":"WebSite","@id":"https:\/\/laredlarioja.com.ar\/sitio\/#website","url":"https:\/\/laredlarioja.com.ar\/sitio\/","name":"LA RED 88.3 LA RIOJA","description":"Sitio de Noticias","publisher":{"@id":"https:\/\/laredlarioja.com.ar\/sitio\/#organization"},"potentialAction":[{"@type":"SearchAction","target":{"@type":"EntryPoint","urlTemplate":"https:\/\/laredlarioja.com.ar\/sitio\/?s={search_term_string}"},"query-input":{"@type":"PropertyValueSpecification","valueRequired":true,"valueName":"search_term_string"}}],"inLanguage":"es"},{"@type":"Organization","@id":"https:\/\/laredlarioja.com.ar\/sitio\/#organization","name":"LA RED 88.3 LA RIOJA","url":"https:\/\/laredlarioja.com.ar\/sitio\/","logo":{"@type":"ImageObject","inLanguage":"es","@id":"https:\/\/laredlarioja.com.ar\/sitio\/#\/schema\/logo\/image\/","url":"https:\/\/laredlarioja.com.ar\/sitio\/wp-content\/uploads\/2025\/05\/LOGO-LA-RED.png","contentUrl":"https:\/\/laredlarioja.com.ar\/sitio\/wp-content\/uploads\/2025\/05\/LOGO-LA-RED.png","width":193,"height":340,"caption":"LA RED 88.3 LA RIOJA"},"image":{"@id":"https:\/\/laredlarioja.com.ar\/sitio\/#\/schema\/logo\/image\/"},"sameAs":["https:\/\/www.facebook.com\/lared.larioja","https:\/\/x.com\/laredlarioja1","https:\/\/www.instagram.com\/lared_larioja\/"]},{"@type":"Person","@id":"https:\/\/laredlarioja.com.ar\/sitio\/#\/schema\/person\/31f88059d20c5cf06e974fd895aec56e","name":"Anabella Soria","url":"https:\/\/laredlarioja.com.ar\/sitio\/author\/asoria\/"}]}},"featured_image_urls":{"full":["https:\/\/laredlarioja.com.ar\/sitio\/wp-content\/uploads\/2024\/05\/quintela-milei.webp",1200,768,false],"thumbnail":["https:\/\/laredlarioja.com.ar\/sitio\/wp-content\/uploads\/2024\/05\/quintela-milei-150x150.webp",150,150,true],"medium":["https:\/\/laredlarioja.com.ar\/sitio\/wp-content\/uploads\/2024\/05\/quintela-milei-300x192.webp",300,192,true],"medium_large":["https:\/\/laredlarioja.com.ar\/sitio\/wp-content\/uploads\/2024\/05\/quintela-milei-768x492.webp",640,410,true],"large":["https:\/\/laredlarioja.com.ar\/sitio\/wp-content\/uploads\/2024\/05\/quintela-milei-1024x655.webp",640,409,true],"1536x1536":["https:\/\/laredlarioja.com.ar\/sitio\/wp-content\/uploads\/2024\/05\/quintela-milei.webp",1200,768,false],"2048x2048":["https:\/\/laredlarioja.com.ar\/sitio\/wp-content\/uploads\/2024\/05\/quintela-milei.webp",1200,768,false],"cvmm-medium":["https:\/\/laredlarioja.com.ar\/sitio\/wp-content\/uploads\/2024\/05\/quintela-milei-300x300.webp",300,300,true],"cvmm-medium-plus":["https:\/\/laredlarioja.com.ar\/sitio\/wp-content\/uploads\/2024\/05\/quintela-milei-305x207.webp",305,207,true],"cvmm-portrait":["https:\/\/laredlarioja.com.ar\/sitio\/wp-content\/uploads\/2024\/05\/quintela-milei-400x600.webp",400,600,true],"cvmm-medium-square":["https:\/\/laredlarioja.com.ar\/sitio\/wp-content\/uploads\/2024\/05\/quintela-milei-600x600.webp",600,600,true],"cvmm-large":["https:\/\/laredlarioja.com.ar\/sitio\/wp-content\/uploads\/2024\/05\/quintela-milei-1024x768.webp",1024,768,true],"cvmm-small":["https:\/\/laredlarioja.com.ar\/sitio\/wp-content\/uploads\/2024\/05\/quintela-milei-130x95.webp",130,95,true],"morenews-large":["https:\/\/laredlarioja.com.ar\/sitio\/wp-content\/uploads\/2024\/05\/quintela-milei-825x575.webp",825,575,true],"morenews-medium":["https:\/\/laredlarioja.com.ar\/sitio\/wp-content\/uploads\/2024\/05\/quintela-milei-590x410.webp",590,410,true]},"author_info":{"display_name":"Anabella Soria","author_link":"https:\/\/laredlarioja.com.ar\/sitio\/author\/asoria\/"},"category_info":"<a href=\"https:\/\/laredlarioja.com.ar\/sitio\/categorias\/tapa\/\" rel=\"category tag\">Tapa<\/a>","tag_info":"Tapa","comment_count":"0","blog_post_layout_featured_media_urls":{"thumbnail":["https:\/\/laredlarioja.com.ar\/sitio\/wp-content\/uploads\/2024\/05\/quintela-milei-150x150.webp",150,150,true],"full":["https:\/\/laredlarioja.com.ar\/sitio\/wp-content\/uploads\/2024\/05\/quintela-milei.webp",1200,768,false]},"categories_names":{"100":{"name":"Tapa","link":"https:\/\/laredlarioja.com.ar\/sitio\/categorias\/tapa\/"}},"tags_names":{"84":{"name":"Secundaria","link":"https:\/\/laredlarioja.com.ar\/sitio\/etiquetas\/secundaria\/"}},"comments_number":"0","wpmagazine_modules_lite_featured_media_urls":{"thumbnail":["https:\/\/laredlarioja.com.ar\/sitio\/wp-content\/uploads\/2024\/05\/quintela-milei-150x150.webp",150,150,true],"cvmm-medium":["https:\/\/laredlarioja.com.ar\/sitio\/wp-content\/uploads\/2024\/05\/quintela-milei-300x300.webp",300,300,true],"cvmm-medium-plus":["https:\/\/laredlarioja.com.ar\/sitio\/wp-content\/uploads\/2024\/05\/quintela-milei-305x207.webp",305,207,true],"cvmm-portrait":["https:\/\/laredlarioja.com.ar\/sitio\/wp-content\/uploads\/2024\/05\/quintela-milei-400x600.webp",400,600,true],"cvmm-medium-square":["https:\/\/laredlarioja.com.ar\/sitio\/wp-content\/uploads\/2024\/05\/quintela-milei-600x600.webp",600,600,true],"cvmm-large":["https:\/\/laredlarioja.com.ar\/sitio\/wp-content\/uploads\/2024\/05\/quintela-milei-1024x768.webp",1024,768,true],"cvmm-small":["https:\/\/laredlarioja.com.ar\/sitio\/wp-content\/uploads\/2024\/05\/quintela-milei-130x95.webp",130,95,true],"full":["https:\/\/laredlarioja.com.ar\/sitio\/wp-content\/uploads\/2024\/05\/quintela-milei.webp",1200,768,false]},"_links":{"self":[{"href":"https:\/\/laredlarioja.com.ar\/sitio\/wp-json\/wp\/v2\/posts\/63860","targetHints":{"allow":["GET"]}}],"collection":[{"href":"https:\/\/laredlarioja.com.ar\/sitio\/wp-json\/wp\/v2\/posts"}],"about":[{"href":"https:\/\/laredlarioja.com.ar\/sitio\/wp-json\/wp\/v2\/types\/post"}],"author":[{"embeddable":true,"href":"https:\/\/laredlarioja.com.ar\/sitio\/wp-json\/wp\/v2\/users\/7"}],"replies":[{"embeddable":true,"href":"https:\/\/laredlarioja.com.ar\/sitio\/wp-json\/wp\/v2\/comments?post=63860"}],"version-history":[{"count":3,"href":"https:\/\/laredlarioja.com.ar\/sitio\/wp-json\/wp\/v2\/posts\/63860\/revisions"}],"predecessor-version":[{"id":63863,"href":"https:\/\/laredlarioja.com.ar\/sitio\/wp-json\/wp\/v2\/posts\/63860\/revisions\/63863"}],"wp:featuredmedia":[{"embeddable":true,"href":"https:\/\/laredlarioja.com.ar\/sitio\/wp-json\/wp\/v2\/media\/45828"}],"wp:attachment":[{"href":"https:\/\/laredlarioja.com.ar\/sitio\/wp-json\/wp\/v2\/media?parent=63860"}],"wp:term":[{"taxonomy":"category","embeddable":true,"href":"https:\/\/laredlarioja.com.ar\/sitio\/wp-json\/wp\/v2\/categories?post=63860"},{"taxonomy":"post_tag","embeddable":true,"href":"https:\/\/laredlarioja.com.ar\/sitio\/wp-json\/wp\/v2\/tags?post=63860"}],"curies":[{"name":"wp","href":"https:\/\/api.w.org\/{rel}","templated":true}]}}