{"id":63952,"date":"2025-07-07T22:05:23","date_gmt":"2025-07-07T22:05:23","guid":{"rendered":"https:\/\/laredlarioja.com.ar\/sitio\/?p=63952"},"modified":"2025-07-07T22:08:51","modified_gmt":"2025-07-07T22:08:51","slug":"abuelas-de-plaza-de-mayo-anuncio-la-recuperacion-del-nieto-numero-140-su-hermana-y-sus-abuelos-lo-buscaron-siempre","status":"publish","type":"post","link":"https:\/\/laredlarioja.com.ar\/sitio\/abuelas-de-plaza-de-mayo-anuncio-la-recuperacion-del-nieto-numero-140-su-hermana-y-sus-abuelos-lo-buscaron-siempre\/","title":{"rendered":"Abuelas de Plaza de Mayo anunci\u00f3 la recuperaci\u00f3n del nieto n\u00famero 140: \u00abSu hermana y sus abuelos lo buscaron siempre\u00bb"},"content":{"rendered":"<p>Estela de Carlotto encabez\u00f3 una conferencia de prensa en la que detall\u00f3 la restituci\u00f3n. La noticia llega seis meses despu\u00e9s de la identificaci\u00f3n de la nieta 139, que se dio en enero de este a\u00f1o.<\/p>\n<p>Abuelas de Plaza de Mayo anunci\u00f3 que encontr\u00f3 al nieto n\u00famero 140, una noticia que celebr\u00f3 y que llega seis meses despu\u00e9s de la restituci\u00f3n de la nieta 139, que se produjo en enero de este a\u00f1o. La asociaci\u00f3n brind\u00f3 m\u00e1s detalles en una conferencia de prensa convocada en la Casa de la Identidad.<\/p>\n<p>\u00abPara nosotros, y creo que para toda la Argentina, cuando vamos encontrando estos nietos robados, y sobre todo que hay una hermana que lo busca junto con nosotros, esto es el \u00e9xito que vamos teniendo\u00bb, asegur\u00f3 la presidenta de Abuelas, Estela de Carlotto, en La Ma\u00f1ana por C5N.<\/p>\n<p>v\u00edctimas peque\u00f1as que ha hecho la dictadura c\u00edvico-militar. Hoy tenemos una conferencia en la ex ESMA y vamos a festejar con todos aquellos que quieran acompa\u00f1arnos\u00bb, adelant\u00f3. Seg\u00fan cont\u00f3, todo el proceso fue \u00abmuy r\u00e1pido\u00bb.<\/p>\n<p>El nieto 140 \u00abse va a encontrar con una hermana que lo busc\u00f3 junto con nosotros, trabaja con nosotros desde hace muchos a\u00f1os. Yo la conoc\u00ed cuando era chiquitita; fui a ver a la abuela que la estaba criando porque su mam\u00e1 estaba desaparecida, y este es el beb\u00e9 que tuvo su mam\u00e1\u00bb, explic\u00f3 Carlotto.<\/p>\n<p>La titular de Abuelas destac\u00f3 la importancia de esta noticia en el contexto de \u00abla maldad que hay desde el Estado para disminuir todo lo que es la lucha\u00bb. \u00abEstos encuentros son paliatorios porque demuestran que nosotros no tenemos odio ni rencor, sino simplemente memoria, verdad y justicia, que son tres palabras imborrables en nuestra historia. Yo soy una mujer muy mayor, tengo 94 a\u00f1os, pero tengo la fuerza de seguir caminando\u00bb, afirm\u00f3.<\/p>\n<p>\u00abPara nosotros es un triunfo. No buscamos con odio ni revancha, ni mucho menos; simplemente con el amor y la felicidad de darle a alguien que lo enga\u00f1aron su verdad. Y si, como en este caso, tiene una hermana, con m\u00e1s raz\u00f3n todav\u00eda\u00bb, destac\u00f3.<\/p>\n<p>\u00abYo estoy imagin\u00e1ndome el abrazo que van a tener ambos despu\u00e9s de haberlo buscado tanto tiempo. Todo esto no es para demostrar revancha ni nada, simplemente historia, que la historia tambi\u00e9n tenga que venir con la verdad y que los que buscamos, encontremos\u00bb, concluy\u00f3.<\/p>\n<p>La expectativa de encontrar al nieto 140 hab\u00eda aumentado en mayo de este a\u00f1o cuando, tras el \u00e9xito de la serie El Eternauta, la asociaci\u00f3n Abuelas de Plaza de Mayo registr\u00f3 un aumento del 300% en las consultas por la identidad. La novela gr\u00e1fica fue creada por H\u00e9ctor Germ\u00e1n Oesterheld, desaparecido por la dictadura junto a sus cuatro hijas. Familiares y organismos de derechos humanos a\u00fan buscan a dos de sus nietos.<\/p>\n","protected":false},"excerpt":{"rendered":"<p>Estela de Carlotto encabez\u00f3 una conferencia de prensa en la que detall\u00f3 la restituci\u00f3n. La noticia llega seis<\/p>\n","protected":false},"author":7,"featured_media":43631,"comment_status":"closed","ping_status":"open","sticky":false,"template":"","format":"standard","meta":{"footnotes":""},"categories":[130],"tags":[84],"class_list":["post-63952","post","type-post","status-publish","format-standard","has-post-thumbnail","hentry","category-pais","tag-secundaria"],"yoast_head":"<!-- This site is optimized with the Yoast SEO plugin v27.4 - https:\/\/yoast.com\/product\/yoast-seo-wordpress\/ -->\n<title>Abuelas de Plaza de Mayo anunci\u00f3 la recuperaci\u00f3n del nieto n\u00famero 140: &quot;Su hermana y sus abuelos lo buscaron siempre&quot; - LA RED 88.3 LA RIOJA<\/title>\n<meta name=\"robots\" content=\"index, follow, max-snippet:-1, max-image-preview:large, max-video-preview:-1\" \/>\n<link rel=\"canonical\" href=\"https:\/\/laredlarioja.com.ar\/sitio\/abuelas-de-plaza-de-mayo-anuncio-la-recuperacion-del-nieto-numero-140-su-hermana-y-sus-abuelos-lo-buscaron-siempre\/\" \/>\n<meta property=\"og:locale\" content=\"es_ES\" \/>\n<meta property=\"og:type\" content=\"article\" \/>\n<meta property=\"og:title\" content=\"Abuelas de Plaza de Mayo anunci\u00f3 la recuperaci\u00f3n del nieto n\u00famero 140: &quot;Su hermana y sus abuelos lo buscaron siempre&quot; - LA RED 88.3 LA RIOJA\" \/>\n<meta property=\"og:description\" content=\"Estela de Carlotto encabez\u00f3 una conferencia de prensa en la que detall\u00f3 la restituci\u00f3n. La noticia llega seis\" \/>\n<meta property=\"og:url\" content=\"https:\/\/laredlarioja.com.ar\/sitio\/abuelas-de-plaza-de-mayo-anuncio-la-recuperacion-del-nieto-numero-140-su-hermana-y-sus-abuelos-lo-buscaron-siempre\/\" \/>\n<meta property=\"og:site_name\" content=\"LA RED 88.3 LA RIOJA\" \/>\n<meta property=\"article:publisher\" content=\"https:\/\/www.facebook.com\/lared.larioja\" \/>\n<meta property=\"article:published_time\" content=\"2025-07-07T22:05:23+00:00\" \/>\n<meta property=\"article:modified_time\" content=\"2025-07-07T22:08:51+00:00\" \/>\n<meta property=\"og:image\" content=\"https:\/\/laredlarioja.com.ar\/sitio\/wp-content\/uploads\/2024\/03\/estela-de-carlotto-20240324-1775437.jpg\" \/>\n\t<meta property=\"og:image:width\" content=\"987\" \/>\n\t<meta property=\"og:image:height\" content=\"555\" \/>\n\t<meta property=\"og:image:type\" content=\"image\/jpeg\" \/>\n<meta name=\"author\" content=\"Anabella Soria\" \/>\n<meta name=\"twitter:card\" content=\"summary_large_image\" \/>\n<meta name=\"twitter:creator\" content=\"@laredlarioja1\" \/>\n<meta name=\"twitter:site\" content=\"@laredlarioja1\" \/>\n<meta name=\"twitter:label1\" content=\"Escrito por\" \/>\n\t<meta name=\"twitter:data1\" content=\"Anabella Soria\" \/>\n\t<meta name=\"twitter:label2\" content=\"Tiempo de lectura\" \/>\n\t<meta name=\"twitter:data2\" content=\"3 minutos\" \/>\n<script type=\"application\/ld+json\" class=\"yoast-schema-graph\">{\"@context\":\"https:\\\/\\\/schema.org\",\"@graph\":[{\"@type\":\"Article\",\"@id\":\"https:\\\/\\\/laredlarioja.com.ar\\\/sitio\\\/abuelas-de-plaza-de-mayo-anuncio-la-recuperacion-del-nieto-numero-140-su-hermana-y-sus-abuelos-lo-buscaron-siempre\\\/#article\",\"isPartOf\":{\"@id\":\"https:\\\/\\\/laredlarioja.com.ar\\\/sitio\\\/abuelas-de-plaza-de-mayo-anuncio-la-recuperacion-del-nieto-numero-140-su-hermana-y-sus-abuelos-lo-buscaron-siempre\\\/\"},\"author\":{\"name\":\"Anabella Soria\",\"@id\":\"https:\\\/\\\/laredlarioja.com.ar\\\/sitio\\\/#\\\/schema\\\/person\\\/31f88059d20c5cf06e974fd895aec56e\"},\"headline\":\"Abuelas de Plaza de Mayo anunci\u00f3 la recuperaci\u00f3n del nieto n\u00famero 140: \u00abSu hermana y sus abuelos lo buscaron siempre\u00bb\",\"datePublished\":\"2025-07-07T22:05:23+00:00\",\"dateModified\":\"2025-07-07T22:08:51+00:00\",\"mainEntityOfPage\":{\"@id\":\"https:\\\/\\\/laredlarioja.com.ar\\\/sitio\\\/abuelas-de-plaza-de-mayo-anuncio-la-recuperacion-del-nieto-numero-140-su-hermana-y-sus-abuelos-lo-buscaron-siempre\\\/\"},\"wordCount\":508,\"publisher\":{\"@id\":\"https:\\\/\\\/laredlarioja.com.ar\\\/sitio\\\/#organization\"},\"image\":{\"@id\":\"https:\\\/\\\/laredlarioja.com.ar\\\/sitio\\\/abuelas-de-plaza-de-mayo-anuncio-la-recuperacion-del-nieto-numero-140-su-hermana-y-sus-abuelos-lo-buscaron-siempre\\\/#primaryimage\"},\"thumbnailUrl\":\"https:\\\/\\\/laredlarioja.com.ar\\\/sitio\\\/wp-content\\\/uploads\\\/2024\\\/03\\\/estela-de-carlotto-20240324-1775437.jpg\",\"keywords\":[\"Secundaria\"],\"articleSection\":[\"El pa\u00eds\"],\"inLanguage\":\"es\"},{\"@type\":\"WebPage\",\"@id\":\"https:\\\/\\\/laredlarioja.com.ar\\\/sitio\\\/abuelas-de-plaza-de-mayo-anuncio-la-recuperacion-del-nieto-numero-140-su-hermana-y-sus-abuelos-lo-buscaron-siempre\\\/\",\"url\":\"https:\\\/\\\/laredlarioja.com.ar\\\/sitio\\\/abuelas-de-plaza-de-mayo-anuncio-la-recuperacion-del-nieto-numero-140-su-hermana-y-sus-abuelos-lo-buscaron-siempre\\\/\",\"name\":\"Abuelas de Plaza de Mayo anunci\u00f3 la recuperaci\u00f3n del nieto n\u00famero 140: \\\"Su hermana y sus abuelos lo buscaron siempre\\\" - LA RED 88.3 LA RIOJA\",\"isPartOf\":{\"@id\":\"https:\\\/\\\/laredlarioja.com.ar\\\/sitio\\\/#website\"},\"primaryImageOfPage\":{\"@id\":\"https:\\\/\\\/laredlarioja.com.ar\\\/sitio\\\/abuelas-de-plaza-de-mayo-anuncio-la-recuperacion-del-nieto-numero-140-su-hermana-y-sus-abuelos-lo-buscaron-siempre\\\/#primaryimage\"},\"image\":{\"@id\":\"https:\\\/\\\/laredlarioja.com.ar\\\/sitio\\\/abuelas-de-plaza-de-mayo-anuncio-la-recuperacion-del-nieto-numero-140-su-hermana-y-sus-abuelos-lo-buscaron-siempre\\\/#primaryimage\"},\"thumbnailUrl\":\"https:\\\/\\\/laredlarioja.com.ar\\\/sitio\\\/wp-content\\\/uploads\\\/2024\\\/03\\\/estela-de-carlotto-20240324-1775437.jpg\",\"datePublished\":\"2025-07-07T22:05:23+00:00\",\"dateModified\":\"2025-07-07T22:08:51+00:00\",\"breadcrumb\":{\"@id\":\"https:\\\/\\\/laredlarioja.com.ar\\\/sitio\\\/abuelas-de-plaza-de-mayo-anuncio-la-recuperacion-del-nieto-numero-140-su-hermana-y-sus-abuelos-lo-buscaron-siempre\\\/#breadcrumb\"},\"inLanguage\":\"es\",\"potentialAction\":[{\"@type\":\"ReadAction\",\"target\":[\"https:\\\/\\\/laredlarioja.com.ar\\\/sitio\\\/abuelas-de-plaza-de-mayo-anuncio-la-recuperacion-del-nieto-numero-140-su-hermana-y-sus-abuelos-lo-buscaron-siempre\\\/\"]}]},{\"@type\":\"ImageObject\",\"inLanguage\":\"es\",\"@id\":\"https:\\\/\\\/laredlarioja.com.ar\\\/sitio\\\/abuelas-de-plaza-de-mayo-anuncio-la-recuperacion-del-nieto-numero-140-su-hermana-y-sus-abuelos-lo-buscaron-siempre\\\/#primaryimage\",\"url\":\"https:\\\/\\\/laredlarioja.com.ar\\\/sitio\\\/wp-content\\\/uploads\\\/2024\\\/03\\\/estela-de-carlotto-20240324-1775437.jpg\",\"contentUrl\":\"https:\\\/\\\/laredlarioja.com.ar\\\/sitio\\\/wp-content\\\/uploads\\\/2024\\\/03\\\/estela-de-carlotto-20240324-1775437.jpg\",\"width\":987,\"height\":555},{\"@type\":\"BreadcrumbList\",\"@id\":\"https:\\\/\\\/laredlarioja.com.ar\\\/sitio\\\/abuelas-de-plaza-de-mayo-anuncio-la-recuperacion-del-nieto-numero-140-su-hermana-y-sus-abuelos-lo-buscaron-siempre\\\/#breadcrumb\",\"itemListElement\":[{\"@type\":\"ListItem\",\"position\":1,\"name\":\"Portada\",\"item\":\"https:\\\/\\\/laredlarioja.com.ar\\\/sitio\\\/\"},{\"@type\":\"ListItem\",\"position\":2,\"name\":\"Abuelas de Plaza de Mayo anunci\u00f3 la recuperaci\u00f3n del nieto n\u00famero 140: \u00abSu hermana y sus abuelos lo buscaron siempre\u00bb\"}]},{\"@type\":\"WebSite\",\"@id\":\"https:\\\/\\\/laredlarioja.com.ar\\\/sitio\\\/#website\",\"url\":\"https:\\\/\\\/laredlarioja.com.ar\\\/sitio\\\/\",\"name\":\"LA RED 88.3 LA RIOJA\",\"description\":\"Sitio de Noticias\",\"publisher\":{\"@id\":\"https:\\\/\\\/laredlarioja.com.ar\\\/sitio\\\/#organization\"},\"potentialAction\":[{\"@type\":\"SearchAction\",\"target\":{\"@type\":\"EntryPoint\",\"urlTemplate\":\"https:\\\/\\\/laredlarioja.com.ar\\\/sitio\\\/?s={search_term_string}\"},\"query-input\":{\"@type\":\"PropertyValueSpecification\",\"valueRequired\":true,\"valueName\":\"search_term_string\"}}],\"inLanguage\":\"es\"},{\"@type\":\"Organization\",\"@id\":\"https:\\\/\\\/laredlarioja.com.ar\\\/sitio\\\/#organization\",\"name\":\"LA RED 88.3 LA RIOJA\",\"url\":\"https:\\\/\\\/laredlarioja.com.ar\\\/sitio\\\/\",\"logo\":{\"@type\":\"ImageObject\",\"inLanguage\":\"es\",\"@id\":\"https:\\\/\\\/laredlarioja.com.ar\\\/sitio\\\/#\\\/schema\\\/logo\\\/image\\\/\",\"url\":\"https:\\\/\\\/laredlarioja.com.ar\\\/sitio\\\/wp-content\\\/uploads\\\/2025\\\/05\\\/LOGO-LA-RED.png\",\"contentUrl\":\"https:\\\/\\\/laredlarioja.com.ar\\\/sitio\\\/wp-content\\\/uploads\\\/2025\\\/05\\\/LOGO-LA-RED.png\",\"width\":193,\"height\":340,\"caption\":\"LA RED 88.3 LA RIOJA\"},\"image\":{\"@id\":\"https:\\\/\\\/laredlarioja.com.ar\\\/sitio\\\/#\\\/schema\\\/logo\\\/image\\\/\"},\"sameAs\":[\"https:\\\/\\\/www.facebook.com\\\/lared.larioja\",\"https:\\\/\\\/x.com\\\/laredlarioja1\",\"https:\\\/\\\/www.instagram.com\\\/lared_larioja\\\/\"]},{\"@type\":\"Person\",\"@id\":\"https:\\\/\\\/laredlarioja.com.ar\\\/sitio\\\/#\\\/schema\\\/person\\\/31f88059d20c5cf06e974fd895aec56e\",\"name\":\"Anabella Soria\",\"url\":\"https:\\\/\\\/laredlarioja.com.ar\\\/sitio\\\/author\\\/asoria\\\/\"}]}<\/script>\n<!-- \/ Yoast SEO plugin. -->","yoast_head_json":{"title":"Abuelas de Plaza de Mayo anunci\u00f3 la recuperaci\u00f3n del nieto n\u00famero 140: \"Su hermana y sus abuelos lo buscaron siempre\" - LA RED 88.3 LA RIOJA","robots":{"index":"index","follow":"follow","max-snippet":"max-snippet:-1","max-image-preview":"max-image-preview:large","max-video-preview":"max-video-preview:-1"},"canonical":"https:\/\/laredlarioja.com.ar\/sitio\/abuelas-de-plaza-de-mayo-anuncio-la-recuperacion-del-nieto-numero-140-su-hermana-y-sus-abuelos-lo-buscaron-siempre\/","og_locale":"es_ES","og_type":"article","og_title":"Abuelas de Plaza de Mayo anunci\u00f3 la recuperaci\u00f3n del nieto n\u00famero 140: \"Su hermana y sus abuelos lo buscaron siempre\" - LA RED 88.3 LA RIOJA","og_description":"Estela de Carlotto encabez\u00f3 una conferencia de prensa en la que detall\u00f3 la restituci\u00f3n. La noticia llega seis","og_url":"https:\/\/laredlarioja.com.ar\/sitio\/abuelas-de-plaza-de-mayo-anuncio-la-recuperacion-del-nieto-numero-140-su-hermana-y-sus-abuelos-lo-buscaron-siempre\/","og_site_name":"LA RED 88.3 LA RIOJA","article_publisher":"https:\/\/www.facebook.com\/lared.larioja","article_published_time":"2025-07-07T22:05:23+00:00","article_modified_time":"2025-07-07T22:08:51+00:00","og_image":[{"width":987,"height":555,"url":"https:\/\/laredlarioja.com.ar\/sitio\/wp-content\/uploads\/2024\/03\/estela-de-carlotto-20240324-1775437.jpg","type":"image\/jpeg"}],"author":"Anabella Soria","twitter_card":"summary_large_image","twitter_creator":"@laredlarioja1","twitter_site":"@laredlarioja1","twitter_misc":{"Escrito por":"Anabella Soria","Tiempo de lectura":"3 minutos"},"schema":{"@context":"https:\/\/schema.org","@graph":[{"@type":"Article","@id":"https:\/\/laredlarioja.com.ar\/sitio\/abuelas-de-plaza-de-mayo-anuncio-la-recuperacion-del-nieto-numero-140-su-hermana-y-sus-abuelos-lo-buscaron-siempre\/#article","isPartOf":{"@id":"https:\/\/laredlarioja.com.ar\/sitio\/abuelas-de-plaza-de-mayo-anuncio-la-recuperacion-del-nieto-numero-140-su-hermana-y-sus-abuelos-lo-buscaron-siempre\/"},"author":{"name":"Anabella Soria","@id":"https:\/\/laredlarioja.com.ar\/sitio\/#\/schema\/person\/31f88059d20c5cf06e974fd895aec56e"},"headline":"Abuelas de Plaza de Mayo anunci\u00f3 la recuperaci\u00f3n del nieto n\u00famero 140: \u00abSu hermana y sus abuelos lo buscaron siempre\u00bb","datePublished":"2025-07-07T22:05:23+00:00","dateModified":"2025-07-07T22:08:51+00:00","mainEntityOfPage":{"@id":"https:\/\/laredlarioja.com.ar\/sitio\/abuelas-de-plaza-de-mayo-anuncio-la-recuperacion-del-nieto-numero-140-su-hermana-y-sus-abuelos-lo-buscaron-siempre\/"},"wordCount":508,"publisher":{"@id":"https:\/\/laredlarioja.com.ar\/sitio\/#organization"},"image":{"@id":"https:\/\/laredlarioja.com.ar\/sitio\/abuelas-de-plaza-de-mayo-anuncio-la-recuperacion-del-nieto-numero-140-su-hermana-y-sus-abuelos-lo-buscaron-siempre\/#primaryimage"},"thumbnailUrl":"https:\/\/laredlarioja.com.ar\/sitio\/wp-content\/uploads\/2024\/03\/estela-de-carlotto-20240324-1775437.jpg","keywords":["Secundaria"],"articleSection":["El pa\u00eds"],"inLanguage":"es"},{"@type":"WebPage","@id":"https:\/\/laredlarioja.com.ar\/sitio\/abuelas-de-plaza-de-mayo-anuncio-la-recuperacion-del-nieto-numero-140-su-hermana-y-sus-abuelos-lo-buscaron-siempre\/","url":"https:\/\/laredlarioja.com.ar\/sitio\/abuelas-de-plaza-de-mayo-anuncio-la-recuperacion-del-nieto-numero-140-su-hermana-y-sus-abuelos-lo-buscaron-siempre\/","name":"Abuelas de Plaza de Mayo anunci\u00f3 la recuperaci\u00f3n del nieto n\u00famero 140: \"Su hermana y sus abuelos lo buscaron siempre\" - LA RED 88.3 LA RIOJA","isPartOf":{"@id":"https:\/\/laredlarioja.com.ar\/sitio\/#website"},"primaryImageOfPage":{"@id":"https:\/\/laredlarioja.com.ar\/sitio\/abuelas-de-plaza-de-mayo-anuncio-la-recuperacion-del-nieto-numero-140-su-hermana-y-sus-abuelos-lo-buscaron-siempre\/#primaryimage"},"image":{"@id":"https:\/\/laredlarioja.com.ar\/sitio\/abuelas-de-plaza-de-mayo-anuncio-la-recuperacion-del-nieto-numero-140-su-hermana-y-sus-abuelos-lo-buscaron-siempre\/#primaryimage"},"thumbnailUrl":"https:\/\/laredlarioja.com.ar\/sitio\/wp-content\/uploads\/2024\/03\/estela-de-carlotto-20240324-1775437.jpg","datePublished":"2025-07-07T22:05:23+00:00","dateModified":"2025-07-07T22:08:51+00:00","breadcrumb":{"@id":"https:\/\/laredlarioja.com.ar\/sitio\/abuelas-de-plaza-de-mayo-anuncio-la-recuperacion-del-nieto-numero-140-su-hermana-y-sus-abuelos-lo-buscaron-siempre\/#breadcrumb"},"inLanguage":"es","potentialAction":[{"@type":"ReadAction","target":["https:\/\/laredlarioja.com.ar\/sitio\/abuelas-de-plaza-de-mayo-anuncio-la-recuperacion-del-nieto-numero-140-su-hermana-y-sus-abuelos-lo-buscaron-siempre\/"]}]},{"@type":"ImageObject","inLanguage":"es","@id":"https:\/\/laredlarioja.com.ar\/sitio\/abuelas-de-plaza-de-mayo-anuncio-la-recuperacion-del-nieto-numero-140-su-hermana-y-sus-abuelos-lo-buscaron-siempre\/#primaryimage","url":"https:\/\/laredlarioja.com.ar\/sitio\/wp-content\/uploads\/2024\/03\/estela-de-carlotto-20240324-1775437.jpg","contentUrl":"https:\/\/laredlarioja.com.ar\/sitio\/wp-content\/uploads\/2024\/03\/estela-de-carlotto-20240324-1775437.jpg","width":987,"height":555},{"@type":"BreadcrumbList","@id":"https:\/\/laredlarioja.com.ar\/sitio\/abuelas-de-plaza-de-mayo-anuncio-la-recuperacion-del-nieto-numero-140-su-hermana-y-sus-abuelos-lo-buscaron-siempre\/#breadcrumb","itemListElement":[{"@type":"ListItem","position":1,"name":"Portada","item":"https:\/\/laredlarioja.com.ar\/sitio\/"},{"@type":"ListItem","position":2,"name":"Abuelas de Plaza de Mayo anunci\u00f3 la recuperaci\u00f3n del nieto n\u00famero 140: \u00abSu hermana y sus abuelos lo buscaron siempre\u00bb"}]},{"@type":"WebSite","@id":"https:\/\/laredlarioja.com.ar\/sitio\/#website","url":"https:\/\/laredlarioja.com.ar\/sitio\/","name":"LA RED 88.3 LA RIOJA","description":"Sitio de Noticias","publisher":{"@id":"https:\/\/laredlarioja.com.ar\/sitio\/#organization"},"potentialAction":[{"@type":"SearchAction","target":{"@type":"EntryPoint","urlTemplate":"https:\/\/laredlarioja.com.ar\/sitio\/?s={search_term_string}"},"query-input":{"@type":"PropertyValueSpecification","valueRequired":true,"valueName":"search_term_string"}}],"inLanguage":"es"},{"@type":"Organization","@id":"https:\/\/laredlarioja.com.ar\/sitio\/#organization","name":"LA RED 88.3 LA RIOJA","url":"https:\/\/laredlarioja.com.ar\/sitio\/","logo":{"@type":"ImageObject","inLanguage":"es","@id":"https:\/\/laredlarioja.com.ar\/sitio\/#\/schema\/logo\/image\/","url":"https:\/\/laredlarioja.com.ar\/sitio\/wp-content\/uploads\/2025\/05\/LOGO-LA-RED.png","contentUrl":"https:\/\/laredlarioja.com.ar\/sitio\/wp-content\/uploads\/2025\/05\/LOGO-LA-RED.png","width":193,"height":340,"caption":"LA RED 88.3 LA RIOJA"},"image":{"@id":"https:\/\/laredlarioja.com.ar\/sitio\/#\/schema\/logo\/image\/"},"sameAs":["https:\/\/www.facebook.com\/lared.larioja","https:\/\/x.com\/laredlarioja1","https:\/\/www.instagram.com\/lared_larioja\/"]},{"@type":"Person","@id":"https:\/\/laredlarioja.com.ar\/sitio\/#\/schema\/person\/31f88059d20c5cf06e974fd895aec56e","name":"Anabella Soria","url":"https:\/\/laredlarioja.com.ar\/sitio\/author\/asoria\/"}]}},"featured_image_urls":{"full":["https:\/\/laredlarioja.com.ar\/sitio\/wp-content\/uploads\/2024\/03\/estela-de-carlotto-20240324-1775437.jpg",987,555,false],"thumbnail":["https:\/\/laredlarioja.com.ar\/sitio\/wp-content\/uploads\/2024\/03\/estela-de-carlotto-20240324-1775437-150x150.jpg",150,150,true],"medium":["https:\/\/laredlarioja.com.ar\/sitio\/wp-content\/uploads\/2024\/03\/estela-de-carlotto-20240324-1775437-300x169.jpg",300,169,true],"medium_large":["https:\/\/laredlarioja.com.ar\/sitio\/wp-content\/uploads\/2024\/03\/estela-de-carlotto-20240324-1775437-768x432.jpg",640,360,true],"large":["https:\/\/laredlarioja.com.ar\/sitio\/wp-content\/uploads\/2024\/03\/estela-de-carlotto-20240324-1775437.jpg",640,360,false],"1536x1536":["https:\/\/laredlarioja.com.ar\/sitio\/wp-content\/uploads\/2024\/03\/estela-de-carlotto-20240324-1775437.jpg",987,555,false],"2048x2048":["https:\/\/laredlarioja.com.ar\/sitio\/wp-content\/uploads\/2024\/03\/estela-de-carlotto-20240324-1775437.jpg",987,555,false],"cvmm-medium":["https:\/\/laredlarioja.com.ar\/sitio\/wp-content\/uploads\/2024\/03\/estela-de-carlotto-20240324-1775437-300x300.jpg",300,300,true],"cvmm-medium-plus":["https:\/\/laredlarioja.com.ar\/sitio\/wp-content\/uploads\/2024\/03\/estela-de-carlotto-20240324-1775437-305x207.jpg",305,207,true],"cvmm-portrait":["https:\/\/laredlarioja.com.ar\/sitio\/wp-content\/uploads\/2024\/03\/estela-de-carlotto-20240324-1775437-400x555.jpg",400,555,true],"cvmm-medium-square":["https:\/\/laredlarioja.com.ar\/sitio\/wp-content\/uploads\/2024\/03\/estela-de-carlotto-20240324-1775437-600x555.jpg",600,555,true],"cvmm-large":["https:\/\/laredlarioja.com.ar\/sitio\/wp-content\/uploads\/2024\/03\/estela-de-carlotto-20240324-1775437.jpg",987,555,false],"cvmm-small":["https:\/\/laredlarioja.com.ar\/sitio\/wp-content\/uploads\/2024\/03\/estela-de-carlotto-20240324-1775437-130x95.jpg",130,95,true],"morenews-large":["https:\/\/laredlarioja.com.ar\/sitio\/wp-content\/uploads\/2024\/03\/estela-de-carlotto-20240324-1775437-825x555.jpg",825,555,true],"morenews-medium":["https:\/\/laredlarioja.com.ar\/sitio\/wp-content\/uploads\/2024\/03\/estela-de-carlotto-20240324-1775437-590x410.jpg",590,410,true]},"author_info":{"display_name":"Anabella Soria","author_link":"https:\/\/laredlarioja.com.ar\/sitio\/author\/asoria\/"},"category_info":"<a href=\"https:\/\/laredlarioja.com.ar\/sitio\/categorias\/pais\/\" rel=\"category tag\">El pa\u00eds<\/a>","tag_info":"El pa\u00eds","comment_count":"0","blog_post_layout_featured_media_urls":{"thumbnail":["https:\/\/laredlarioja.com.ar\/sitio\/wp-content\/uploads\/2024\/03\/estela-de-carlotto-20240324-1775437-150x150.jpg",150,150,true],"full":["https:\/\/laredlarioja.com.ar\/sitio\/wp-content\/uploads\/2024\/03\/estela-de-carlotto-20240324-1775437.jpg",987,555,false]},"categories_names":{"130":{"name":"El pa\u00eds","link":"https:\/\/laredlarioja.com.ar\/sitio\/categorias\/pais\/"}},"tags_names":{"84":{"name":"Secundaria","link":"https:\/\/laredlarioja.com.ar\/sitio\/etiquetas\/secundaria\/"}},"comments_number":"0","wpmagazine_modules_lite_featured_media_urls":{"thumbnail":["https:\/\/laredlarioja.com.ar\/sitio\/wp-content\/uploads\/2024\/03\/estela-de-carlotto-20240324-1775437-150x150.jpg",150,150,true],"cvmm-medium":["https:\/\/laredlarioja.com.ar\/sitio\/wp-content\/uploads\/2024\/03\/estela-de-carlotto-20240324-1775437-300x300.jpg",300,300,true],"cvmm-medium-plus":["https:\/\/laredlarioja.com.ar\/sitio\/wp-content\/uploads\/2024\/03\/estela-de-carlotto-20240324-1775437-305x207.jpg",305,207,true],"cvmm-portrait":["https:\/\/laredlarioja.com.ar\/sitio\/wp-content\/uploads\/2024\/03\/estela-de-carlotto-20240324-1775437-400x555.jpg",400,555,true],"cvmm-medium-square":["https:\/\/laredlarioja.com.ar\/sitio\/wp-content\/uploads\/2024\/03\/estela-de-carlotto-20240324-1775437-600x555.jpg",600,555,true],"cvmm-large":["https:\/\/laredlarioja.com.ar\/sitio\/wp-content\/uploads\/2024\/03\/estela-de-carlotto-20240324-1775437.jpg",987,555,false],"cvmm-small":["https:\/\/laredlarioja.com.ar\/sitio\/wp-content\/uploads\/2024\/03\/estela-de-carlotto-20240324-1775437-130x95.jpg",130,95,true],"full":["https:\/\/laredlarioja.com.ar\/sitio\/wp-content\/uploads\/2024\/03\/estela-de-carlotto-20240324-1775437.jpg",987,555,false]},"_links":{"self":[{"href":"https:\/\/laredlarioja.com.ar\/sitio\/wp-json\/wp\/v2\/posts\/63952","targetHints":{"allow":["GET"]}}],"collection":[{"href":"https:\/\/laredlarioja.com.ar\/sitio\/wp-json\/wp\/v2\/posts"}],"about":[{"href":"https:\/\/laredlarioja.com.ar\/sitio\/wp-json\/wp\/v2\/types\/post"}],"author":[{"embeddable":true,"href":"https:\/\/laredlarioja.com.ar\/sitio\/wp-json\/wp\/v2\/users\/7"}],"replies":[{"embeddable":true,"href":"https:\/\/laredlarioja.com.ar\/sitio\/wp-json\/wp\/v2\/comments?post=63952"}],"version-history":[{"count":1,"href":"https:\/\/laredlarioja.com.ar\/sitio\/wp-json\/wp\/v2\/posts\/63952\/revisions"}],"predecessor-version":[{"id":63953,"href":"https:\/\/laredlarioja.com.ar\/sitio\/wp-json\/wp\/v2\/posts\/63952\/revisions\/63953"}],"wp:featuredmedia":[{"embeddable":true,"href":"https:\/\/laredlarioja.com.ar\/sitio\/wp-json\/wp\/v2\/media\/43631"}],"wp:attachment":[{"href":"https:\/\/laredlarioja.com.ar\/sitio\/wp-json\/wp\/v2\/media?parent=63952"}],"wp:term":[{"taxonomy":"category","embeddable":true,"href":"https:\/\/laredlarioja.com.ar\/sitio\/wp-json\/wp\/v2\/categories?post=63952"},{"taxonomy":"post_tag","embeddable":true,"href":"https:\/\/laredlarioja.com.ar\/sitio\/wp-json\/wp\/v2\/tags?post=63952"}],"curies":[{"name":"wp","href":"https:\/\/api.w.org\/{rel}","templated":true}]}}