{"id":64132,"date":"2025-07-13T13:21:21","date_gmt":"2025-07-13T13:21:21","guid":{"rendered":"https:\/\/laredlarioja.com.ar\/sitio\/?p=64132"},"modified":"2025-07-15T12:41:25","modified_gmt":"2025-07-15T12:41:25","slug":"la-flia-desembarca-con-mas-de-70-actividades-libros-calle-y-cultura-autogestiva","status":"publish","type":"post","link":"https:\/\/laredlarioja.com.ar\/sitio\/la-flia-desembarca-con-mas-de-70-actividades-libros-calle-y-cultura-autogestiva\/","title":{"rendered":"La FLIA desembarca con m\u00e1s de 70 actividades: libros, calle y cultura autogestiva"},"content":{"rendered":"<p data-start=\"90\" data-end=\"465\">Este fin de semana, La Rioja se convierte en epicentro de la cultura independiente con una nueva edici\u00f3n de la Feria del Libro Independiente y Autogestiva (FLIA), que llega con una programaci\u00f3n intensa, diversa y completamente gratuita. Ser\u00e1n tres d\u00edas \u2014jueves, viernes y s\u00e1bado\u2014 en los que m\u00e1s de 70 actividades se desplegar\u00e1n en 16 espacios distribuidos por toda la ciudad.<\/p>\n<p data-start=\"467\" data-end=\"865\">Charlas, talleres, presentaciones de libros, intervenciones urbanas, recitales, performances, debates, ferias editoriales y propuestas para la infancia son solo parte de la grilla que promete una de las ediciones m\u00e1s grandes y potentes de los \u00faltimos a\u00f1os. En palabras de Manuela Calvo, periodista, activista cultural y miembro de la asamblea organizadora: \u201cLa cultura no se suspende, se organiza\u201d.<\/p>\n<p data-start=\"900\" data-end=\"1334\">Lo que comenz\u00f3 como una respuesta colectiva a la cancelaci\u00f3n de la tradicional Feria del Libro estatal \u2014que se realizaba desde hace m\u00e1s de 20 a\u00f1os\u2014 termin\u00f3 transform\u00e1ndose en un poderoso gesto de organizaci\u00f3n cultural. \u201cEsto lo hacemos sin la infraestructura del Estado, solo con la fuerza de 16 espacios independientes que decidimos juntarnos, abrir una asamblea y convocar a la comunidad\u201d, explic\u00f3 Calvo en di\u00e1logo con Radio La Red.<\/p>\n<p data-start=\"1336\" data-end=\"1682\">La convocatoria fue abierta y con poco tiempo: apenas una semana para presentar propuestas. Sin embargo, la respuesta fue enorme. \u201cLa feria oficial tarda meses en armarse. Nosotros lo hicimos en tiempo r\u00e9cord, con el empuje de voluntarios \u2014en su mayor\u00eda menores de 30 a\u00f1os\u2014 y el deseo de no dejar a la ciudad sin feria en vacaciones de invierno\u201d.<\/p>\n<p data-start=\"1732\" data-end=\"2110\">Las actividades no solo se <strong>concentran en el centro de la ciudad, sino que tambi\u00e9n se extienden a zonas como el sur y el oeste. Desde lecturas junto a fogatas en el Eco Parque Yacampis hasta talleres en la Biblioteca Mariano Moreno o charlas sobre literatura y pol\u00edtica juvenil en Caf\u00e9 Literario Marcelino Reyes, la FLIA apuesta a una grilla descentralizada y rica en contenidos.<\/strong><\/p>\n<p data-start=\"2112\" data-end=\"2710\">Uno de los escenarios principales estar\u00e1 ubicado en el play\u00f3n de la Asociaci\u00f3n de Expresos Pol\u00edticos sobre la calle Buenos Aires, donde se realizar\u00e1 la apertura oficial con coplas y cantos ancestrales, y se presentar\u00e1n las Copleras de Mayela. Adem\u00e1s, sobre la peatonal 9 de Julio y en la Peatonal Madres de Plaza de Mayo habr\u00e1 puestos de editoriales independientes, fanzines, libreros, arte impreso y m\u00fasica en vivo. Tambi\u00e9n se habilitar\u00e1n espacios para infancias, talleres permanentes, actividades con perspectiva de g\u00e9nero y encuentros tem\u00e1ticos que invitan a reflexionar desde m\u00faltiples miradas.<\/p>\n<p data-start=\"2749\" data-end=\"3072\">Lejos de ser un evento estrictamente literario, la FLIA funciona como una trinchera cultural donde se entrecruzan pol\u00edtica, arte y comunidad. \u201cEs un evento apartidario pero profundamente pol\u00edtico\u201d, se\u00f1ala Calvo, haciendo \u00e9nfasis en el compromiso de las juventudes que se organizaron ante la falta de respaldo institucional.<\/p>\n<p data-start=\"3074\" data-end=\"3416\">La programaci\u00f3n \u2014disponible en redes sociales\u2014 permite que cada visitante pueda armar su propio recorrido, seg\u00fan intereses y horarios. Desde una charla sobre el arquetipo del antih\u00e9roe contempor\u00e1neo hasta una discusi\u00f3n literaria sobre <em data-start=\"3309\" data-end=\"3323\">Harry Potter<\/em> o <em data-start=\"3326\" data-end=\"3337\">Star Wars<\/em>, la FLIA demuestra que hay lugar para todas las voces, estilos y generaciones.<\/p>\n<p data-start=\"3450\" data-end=\"3733\">Todas las actividades son gratuitas o a la gorra, fiel al esp\u00edritu inclusivo de la FLIA. La feria tambi\u00e9n busca acompa\u00f1ar a los libreros y artistas que sol\u00edan participar en la feria tradicional, garantizando un espacio para que puedan mostrar y vender su trabajo en estas vacaciones.<\/p>\n<p data-start=\"3735\" data-end=\"3997\">\u201cVer a los pibes organizando todo esto, con una pasi\u00f3n impresionante, nos demuestra que la cultura no depende solo de presupuestos: vive en los cuerpos que se organizan, en las palabras que se encuentran y en las calles que se llenan de sentido\u201d, concluye Calvo.<\/p>\n<div id='gallery-1' class='gallery galleryid-64132 gallery-columns-1 gallery-size-large'><figure class='gallery-item'>\n\t\t\t<div class='gallery-icon portrait'>\n\t\t\t\t<a href='https:\/\/laredlarioja.com.ar\/sitio\/la-flia-desembarca-con-mas-de-70-actividades-libros-calle-y-cultura-autogestiva\/bf7a5ad4-2e03-456c-8002-642f79b5c084\/'><img fetchpriority=\"high\" width=\"640\" height=\"800\" src=\"https:\/\/laredlarioja.com.ar\/sitio\/wp-content\/uploads\/2025\/07\/bf7a5ad4-2e03-456c-8002-642f79b5c084-819x1024.jpg\" class=\"attachment-large size-large\" alt=\"bf7a5ad4-2e03-456c-8002-642f79b5c084\" srcset=\"https:\/\/laredlarioja.com.ar\/sitio\/wp-content\/uploads\/2025\/07\/bf7a5ad4-2e03-456c-8002-642f79b5c084-819x1024.jpg 819w, https:\/\/laredlarioja.com.ar\/sitio\/wp-content\/uploads\/2025\/07\/bf7a5ad4-2e03-456c-8002-642f79b5c084-240x300.jpg 240w, https:\/\/laredlarioja.com.ar\/sitio\/wp-content\/uploads\/2025\/07\/bf7a5ad4-2e03-456c-8002-642f79b5c084-768x960.jpg 768w, https:\/\/laredlarioja.com.ar\/sitio\/wp-content\/uploads\/2025\/07\/bf7a5ad4-2e03-456c-8002-642f79b5c084-1024x1280.jpg 1024w, https:\/\/laredlarioja.com.ar\/sitio\/wp-content\/uploads\/2025\/07\/bf7a5ad4-2e03-456c-8002-642f79b5c084.jpg 1080w\" sizes=\"(max-width: 640px) 100vw, 640px\" decoding=\"async\" \/><\/a>\n\t\t\t<\/div><\/figure><figure class='gallery-item'>\n\t\t\t<div class='gallery-icon portrait'>\n\t\t\t\t<a href='https:\/\/laredlarioja.com.ar\/sitio\/la-flia-desembarca-con-mas-de-70-actividades-libros-calle-y-cultura-autogestiva\/10d3d73f-b0d2-480c-8274-8898639c9f6d\/'><img width=\"640\" height=\"800\" src=\"https:\/\/laredlarioja.com.ar\/sitio\/wp-content\/uploads\/2025\/07\/10d3d73f-b0d2-480c-8274-8898639c9f6d-819x1024.jpg\" class=\"attachment-large size-large\" alt=\"10d3d73f-b0d2-480c-8274-8898639c9f6d\" srcset=\"https:\/\/laredlarioja.com.ar\/sitio\/wp-content\/uploads\/2025\/07\/10d3d73f-b0d2-480c-8274-8898639c9f6d-819x1024.jpg 819w, https:\/\/laredlarioja.com.ar\/sitio\/wp-content\/uploads\/2025\/07\/10d3d73f-b0d2-480c-8274-8898639c9f6d-240x300.jpg 240w, https:\/\/laredlarioja.com.ar\/sitio\/wp-content\/uploads\/2025\/07\/10d3d73f-b0d2-480c-8274-8898639c9f6d-768x960.jpg 768w, https:\/\/laredlarioja.com.ar\/sitio\/wp-content\/uploads\/2025\/07\/10d3d73f-b0d2-480c-8274-8898639c9f6d-1024x1280.jpg 1024w, https:\/\/laredlarioja.com.ar\/sitio\/wp-content\/uploads\/2025\/07\/10d3d73f-b0d2-480c-8274-8898639c9f6d.jpg 1080w\" sizes=\"(max-width: 640px) 100vw, 640px\" decoding=\"async\" \/><\/a>\n\t\t\t<\/div><\/figure><figure class='gallery-item'>\n\t\t\t<div class='gallery-icon portrait'>\n\t\t\t\t<a href='https:\/\/laredlarioja.com.ar\/sitio\/la-flia-desembarca-con-mas-de-70-actividades-libros-calle-y-cultura-autogestiva\/0c3ec174-685e-44de-af24-752259c9495f\/'><img width=\"640\" height=\"800\" src=\"https:\/\/laredlarioja.com.ar\/sitio\/wp-content\/uploads\/2025\/07\/0c3ec174-685e-44de-af24-752259c9495f-819x1024.jpg\" class=\"attachment-large size-large\" alt=\"0c3ec174-685e-44de-af24-752259c9495f\" srcset=\"https:\/\/laredlarioja.com.ar\/sitio\/wp-content\/uploads\/2025\/07\/0c3ec174-685e-44de-af24-752259c9495f-819x1024.jpg 819w, https:\/\/laredlarioja.com.ar\/sitio\/wp-content\/uploads\/2025\/07\/0c3ec174-685e-44de-af24-752259c9495f-240x300.jpg 240w, https:\/\/laredlarioja.com.ar\/sitio\/wp-content\/uploads\/2025\/07\/0c3ec174-685e-44de-af24-752259c9495f-768x960.jpg 768w, https:\/\/laredlarioja.com.ar\/sitio\/wp-content\/uploads\/2025\/07\/0c3ec174-685e-44de-af24-752259c9495f-1024x1280.jpg 1024w, https:\/\/laredlarioja.com.ar\/sitio\/wp-content\/uploads\/2025\/07\/0c3ec174-685e-44de-af24-752259c9495f.jpg 1080w\" sizes=\"(max-width: 640px) 100vw, 640px\" decoding=\"async\" \/><\/a>\n\t\t\t<\/div><\/figure>\n\t\t<\/div>\n\n","protected":false},"excerpt":{"rendered":"<p>Este fin de semana, La Rioja se convierte en epicentro de la cultura independiente con una nueva edici\u00f3n<\/p>\n","protected":false},"author":13,"featured_media":64133,"comment_status":"closed","ping_status":"open","sticky":false,"template":"","format":"standard","meta":{"footnotes":""},"categories":[27],"tags":[84],"class_list":["post-64132","post","type-post","status-publish","format-standard","has-post-thumbnail","hentry","category-cultura-y-espectaculos","tag-secundaria"],"yoast_head":"<!-- This site is optimized with the Yoast SEO plugin v27.4 - https:\/\/yoast.com\/product\/yoast-seo-wordpress\/ -->\n<title>La FLIA desembarca con m\u00e1s de 70 actividades: libros, calle y cultura autogestiva - LA RED 88.3 LA RIOJA<\/title>\n<meta name=\"robots\" content=\"index, follow, max-snippet:-1, max-image-preview:large, max-video-preview:-1\" \/>\n<link rel=\"canonical\" href=\"https:\/\/laredlarioja.com.ar\/sitio\/la-flia-desembarca-con-mas-de-70-actividades-libros-calle-y-cultura-autogestiva\/\" \/>\n<meta property=\"og:locale\" content=\"es_ES\" \/>\n<meta property=\"og:type\" content=\"article\" \/>\n<meta property=\"og:title\" content=\"La FLIA desembarca con m\u00e1s de 70 actividades: libros, calle y cultura autogestiva - LA RED 88.3 LA RIOJA\" \/>\n<meta property=\"og:description\" content=\"Este fin de semana, La Rioja se convierte en epicentro de la cultura independiente con una nueva edici\u00f3n\" \/>\n<meta property=\"og:url\" content=\"https:\/\/laredlarioja.com.ar\/sitio\/la-flia-desembarca-con-mas-de-70-actividades-libros-calle-y-cultura-autogestiva\/\" \/>\n<meta property=\"og:site_name\" content=\"LA RED 88.3 LA RIOJA\" \/>\n<meta property=\"article:publisher\" content=\"https:\/\/www.facebook.com\/lared.larioja\" \/>\n<meta property=\"article:published_time\" content=\"2025-07-13T13:21:21+00:00\" \/>\n<meta property=\"article:modified_time\" content=\"2025-07-15T12:41:25+00:00\" \/>\n<meta property=\"og:image\" content=\"https:\/\/laredlarioja.com.ar\/sitio\/wp-content\/uploads\/2025\/07\/f1357d14-4b7f-4c00-b64d-505aa0f94a59.jpg\" \/>\n\t<meta property=\"og:image:width\" content=\"1080\" \/>\n\t<meta property=\"og:image:height\" content=\"1350\" \/>\n\t<meta property=\"og:image:type\" content=\"image\/jpeg\" \/>\n<meta name=\"author\" content=\"Maria De La Vega\" \/>\n<meta name=\"twitter:card\" content=\"summary_large_image\" \/>\n<meta name=\"twitter:creator\" content=\"@laredlarioja1\" \/>\n<meta name=\"twitter:site\" content=\"@laredlarioja1\" \/>\n<meta name=\"twitter:label1\" content=\"Escrito por\" \/>\n\t<meta name=\"twitter:data1\" content=\"Maria De La Vega\" \/>\n\t<meta name=\"twitter:label2\" content=\"Tiempo de lectura\" \/>\n\t<meta name=\"twitter:data2\" content=\"3 minutos\" \/>\n<script type=\"application\/ld+json\" class=\"yoast-schema-graph\">{\"@context\":\"https:\\\/\\\/schema.org\",\"@graph\":[{\"@type\":\"Article\",\"@id\":\"https:\\\/\\\/laredlarioja.com.ar\\\/sitio\\\/la-flia-desembarca-con-mas-de-70-actividades-libros-calle-y-cultura-autogestiva\\\/#article\",\"isPartOf\":{\"@id\":\"https:\\\/\\\/laredlarioja.com.ar\\\/sitio\\\/la-flia-desembarca-con-mas-de-70-actividades-libros-calle-y-cultura-autogestiva\\\/\"},\"author\":{\"name\":\"Maria De La Vega\",\"@id\":\"https:\\\/\\\/laredlarioja.com.ar\\\/sitio\\\/#\\\/schema\\\/person\\\/8b98ebe852851a8bdc8acd6ec6918de9\"},\"headline\":\"La FLIA desembarca con m\u00e1s de 70 actividades: libros, calle y cultura autogestiva\",\"datePublished\":\"2025-07-13T13:21:21+00:00\",\"dateModified\":\"2025-07-15T12:41:25+00:00\",\"mainEntityOfPage\":{\"@id\":\"https:\\\/\\\/laredlarioja.com.ar\\\/sitio\\\/la-flia-desembarca-con-mas-de-70-actividades-libros-calle-y-cultura-autogestiva\\\/\"},\"wordCount\":651,\"publisher\":{\"@id\":\"https:\\\/\\\/laredlarioja.com.ar\\\/sitio\\\/#organization\"},\"image\":{\"@id\":\"https:\\\/\\\/laredlarioja.com.ar\\\/sitio\\\/la-flia-desembarca-con-mas-de-70-actividades-libros-calle-y-cultura-autogestiva\\\/#primaryimage\"},\"thumbnailUrl\":\"https:\\\/\\\/laredlarioja.com.ar\\\/sitio\\\/wp-content\\\/uploads\\\/2025\\\/07\\\/f1357d14-4b7f-4c00-b64d-505aa0f94a59.jpg\",\"keywords\":[\"Secundaria\"],\"articleSection\":[\"Cultura y Espect\u00e1culos\"],\"inLanguage\":\"es\"},{\"@type\":\"WebPage\",\"@id\":\"https:\\\/\\\/laredlarioja.com.ar\\\/sitio\\\/la-flia-desembarca-con-mas-de-70-actividades-libros-calle-y-cultura-autogestiva\\\/\",\"url\":\"https:\\\/\\\/laredlarioja.com.ar\\\/sitio\\\/la-flia-desembarca-con-mas-de-70-actividades-libros-calle-y-cultura-autogestiva\\\/\",\"name\":\"La FLIA desembarca con m\u00e1s de 70 actividades: libros, calle y cultura autogestiva - LA RED 88.3 LA RIOJA\",\"isPartOf\":{\"@id\":\"https:\\\/\\\/laredlarioja.com.ar\\\/sitio\\\/#website\"},\"primaryImageOfPage\":{\"@id\":\"https:\\\/\\\/laredlarioja.com.ar\\\/sitio\\\/la-flia-desembarca-con-mas-de-70-actividades-libros-calle-y-cultura-autogestiva\\\/#primaryimage\"},\"image\":{\"@id\":\"https:\\\/\\\/laredlarioja.com.ar\\\/sitio\\\/la-flia-desembarca-con-mas-de-70-actividades-libros-calle-y-cultura-autogestiva\\\/#primaryimage\"},\"thumbnailUrl\":\"https:\\\/\\\/laredlarioja.com.ar\\\/sitio\\\/wp-content\\\/uploads\\\/2025\\\/07\\\/f1357d14-4b7f-4c00-b64d-505aa0f94a59.jpg\",\"datePublished\":\"2025-07-13T13:21:21+00:00\",\"dateModified\":\"2025-07-15T12:41:25+00:00\",\"breadcrumb\":{\"@id\":\"https:\\\/\\\/laredlarioja.com.ar\\\/sitio\\\/la-flia-desembarca-con-mas-de-70-actividades-libros-calle-y-cultura-autogestiva\\\/#breadcrumb\"},\"inLanguage\":\"es\",\"potentialAction\":[{\"@type\":\"ReadAction\",\"target\":[\"https:\\\/\\\/laredlarioja.com.ar\\\/sitio\\\/la-flia-desembarca-con-mas-de-70-actividades-libros-calle-y-cultura-autogestiva\\\/\"]}]},{\"@type\":\"ImageObject\",\"inLanguage\":\"es\",\"@id\":\"https:\\\/\\\/laredlarioja.com.ar\\\/sitio\\\/la-flia-desembarca-con-mas-de-70-actividades-libros-calle-y-cultura-autogestiva\\\/#primaryimage\",\"url\":\"https:\\\/\\\/laredlarioja.com.ar\\\/sitio\\\/wp-content\\\/uploads\\\/2025\\\/07\\\/f1357d14-4b7f-4c00-b64d-505aa0f94a59.jpg\",\"contentUrl\":\"https:\\\/\\\/laredlarioja.com.ar\\\/sitio\\\/wp-content\\\/uploads\\\/2025\\\/07\\\/f1357d14-4b7f-4c00-b64d-505aa0f94a59.jpg\",\"width\":1080,\"height\":1350},{\"@type\":\"BreadcrumbList\",\"@id\":\"https:\\\/\\\/laredlarioja.com.ar\\\/sitio\\\/la-flia-desembarca-con-mas-de-70-actividades-libros-calle-y-cultura-autogestiva\\\/#breadcrumb\",\"itemListElement\":[{\"@type\":\"ListItem\",\"position\":1,\"name\":\"Portada\",\"item\":\"https:\\\/\\\/laredlarioja.com.ar\\\/sitio\\\/\"},{\"@type\":\"ListItem\",\"position\":2,\"name\":\"La FLIA desembarca con m\u00e1s de 70 actividades: libros, calle y cultura autogestiva\"}]},{\"@type\":\"WebSite\",\"@id\":\"https:\\\/\\\/laredlarioja.com.ar\\\/sitio\\\/#website\",\"url\":\"https:\\\/\\\/laredlarioja.com.ar\\\/sitio\\\/\",\"name\":\"LA RED 88.3 LA RIOJA\",\"description\":\"Sitio de Noticias\",\"publisher\":{\"@id\":\"https:\\\/\\\/laredlarioja.com.ar\\\/sitio\\\/#organization\"},\"potentialAction\":[{\"@type\":\"SearchAction\",\"target\":{\"@type\":\"EntryPoint\",\"urlTemplate\":\"https:\\\/\\\/laredlarioja.com.ar\\\/sitio\\\/?s={search_term_string}\"},\"query-input\":{\"@type\":\"PropertyValueSpecification\",\"valueRequired\":true,\"valueName\":\"search_term_string\"}}],\"inLanguage\":\"es\"},{\"@type\":\"Organization\",\"@id\":\"https:\\\/\\\/laredlarioja.com.ar\\\/sitio\\\/#organization\",\"name\":\"LA RED 88.3 LA RIOJA\",\"url\":\"https:\\\/\\\/laredlarioja.com.ar\\\/sitio\\\/\",\"logo\":{\"@type\":\"ImageObject\",\"inLanguage\":\"es\",\"@id\":\"https:\\\/\\\/laredlarioja.com.ar\\\/sitio\\\/#\\\/schema\\\/logo\\\/image\\\/\",\"url\":\"https:\\\/\\\/laredlarioja.com.ar\\\/sitio\\\/wp-content\\\/uploads\\\/2025\\\/05\\\/LOGO-LA-RED.png\",\"contentUrl\":\"https:\\\/\\\/laredlarioja.com.ar\\\/sitio\\\/wp-content\\\/uploads\\\/2025\\\/05\\\/LOGO-LA-RED.png\",\"width\":193,\"height\":340,\"caption\":\"LA RED 88.3 LA RIOJA\"},\"image\":{\"@id\":\"https:\\\/\\\/laredlarioja.com.ar\\\/sitio\\\/#\\\/schema\\\/logo\\\/image\\\/\"},\"sameAs\":[\"https:\\\/\\\/www.facebook.com\\\/lared.larioja\",\"https:\\\/\\\/x.com\\\/laredlarioja1\",\"https:\\\/\\\/www.instagram.com\\\/lared_larioja\\\/\"]},{\"@type\":\"Person\",\"@id\":\"https:\\\/\\\/laredlarioja.com.ar\\\/sitio\\\/#\\\/schema\\\/person\\\/8b98ebe852851a8bdc8acd6ec6918de9\",\"name\":\"Maria De La Vega\",\"sameAs\":[\"http:\\\/\\\/laredlarioja.com.ar\"],\"url\":\"https:\\\/\\\/laredlarioja.com.ar\\\/sitio\\\/author\\\/maru\\\/\"}]}<\/script>\n<!-- \/ Yoast SEO plugin. -->","yoast_head_json":{"title":"La FLIA desembarca con m\u00e1s de 70 actividades: libros, calle y cultura autogestiva - LA RED 88.3 LA RIOJA","robots":{"index":"index","follow":"follow","max-snippet":"max-snippet:-1","max-image-preview":"max-image-preview:large","max-video-preview":"max-video-preview:-1"},"canonical":"https:\/\/laredlarioja.com.ar\/sitio\/la-flia-desembarca-con-mas-de-70-actividades-libros-calle-y-cultura-autogestiva\/","og_locale":"es_ES","og_type":"article","og_title":"La FLIA desembarca con m\u00e1s de 70 actividades: libros, calle y cultura autogestiva - LA RED 88.3 LA RIOJA","og_description":"Este fin de semana, La Rioja se convierte en epicentro de la cultura independiente con una nueva edici\u00f3n","og_url":"https:\/\/laredlarioja.com.ar\/sitio\/la-flia-desembarca-con-mas-de-70-actividades-libros-calle-y-cultura-autogestiva\/","og_site_name":"LA RED 88.3 LA RIOJA","article_publisher":"https:\/\/www.facebook.com\/lared.larioja","article_published_time":"2025-07-13T13:21:21+00:00","article_modified_time":"2025-07-15T12:41:25+00:00","og_image":[{"width":1080,"height":1350,"url":"https:\/\/laredlarioja.com.ar\/sitio\/wp-content\/uploads\/2025\/07\/f1357d14-4b7f-4c00-b64d-505aa0f94a59.jpg","type":"image\/jpeg"}],"author":"Maria De La Vega","twitter_card":"summary_large_image","twitter_creator":"@laredlarioja1","twitter_site":"@laredlarioja1","twitter_misc":{"Escrito por":"Maria De La Vega","Tiempo de lectura":"3 minutos"},"schema":{"@context":"https:\/\/schema.org","@graph":[{"@type":"Article","@id":"https:\/\/laredlarioja.com.ar\/sitio\/la-flia-desembarca-con-mas-de-70-actividades-libros-calle-y-cultura-autogestiva\/#article","isPartOf":{"@id":"https:\/\/laredlarioja.com.ar\/sitio\/la-flia-desembarca-con-mas-de-70-actividades-libros-calle-y-cultura-autogestiva\/"},"author":{"name":"Maria De La Vega","@id":"https:\/\/laredlarioja.com.ar\/sitio\/#\/schema\/person\/8b98ebe852851a8bdc8acd6ec6918de9"},"headline":"La FLIA desembarca con m\u00e1s de 70 actividades: libros, calle y cultura autogestiva","datePublished":"2025-07-13T13:21:21+00:00","dateModified":"2025-07-15T12:41:25+00:00","mainEntityOfPage":{"@id":"https:\/\/laredlarioja.com.ar\/sitio\/la-flia-desembarca-con-mas-de-70-actividades-libros-calle-y-cultura-autogestiva\/"},"wordCount":651,"publisher":{"@id":"https:\/\/laredlarioja.com.ar\/sitio\/#organization"},"image":{"@id":"https:\/\/laredlarioja.com.ar\/sitio\/la-flia-desembarca-con-mas-de-70-actividades-libros-calle-y-cultura-autogestiva\/#primaryimage"},"thumbnailUrl":"https:\/\/laredlarioja.com.ar\/sitio\/wp-content\/uploads\/2025\/07\/f1357d14-4b7f-4c00-b64d-505aa0f94a59.jpg","keywords":["Secundaria"],"articleSection":["Cultura y Espect\u00e1culos"],"inLanguage":"es"},{"@type":"WebPage","@id":"https:\/\/laredlarioja.com.ar\/sitio\/la-flia-desembarca-con-mas-de-70-actividades-libros-calle-y-cultura-autogestiva\/","url":"https:\/\/laredlarioja.com.ar\/sitio\/la-flia-desembarca-con-mas-de-70-actividades-libros-calle-y-cultura-autogestiva\/","name":"La FLIA desembarca con m\u00e1s de 70 actividades: libros, calle y cultura autogestiva - LA RED 88.3 LA RIOJA","isPartOf":{"@id":"https:\/\/laredlarioja.com.ar\/sitio\/#website"},"primaryImageOfPage":{"@id":"https:\/\/laredlarioja.com.ar\/sitio\/la-flia-desembarca-con-mas-de-70-actividades-libros-calle-y-cultura-autogestiva\/#primaryimage"},"image":{"@id":"https:\/\/laredlarioja.com.ar\/sitio\/la-flia-desembarca-con-mas-de-70-actividades-libros-calle-y-cultura-autogestiva\/#primaryimage"},"thumbnailUrl":"https:\/\/laredlarioja.com.ar\/sitio\/wp-content\/uploads\/2025\/07\/f1357d14-4b7f-4c00-b64d-505aa0f94a59.jpg","datePublished":"2025-07-13T13:21:21+00:00","dateModified":"2025-07-15T12:41:25+00:00","breadcrumb":{"@id":"https:\/\/laredlarioja.com.ar\/sitio\/la-flia-desembarca-con-mas-de-70-actividades-libros-calle-y-cultura-autogestiva\/#breadcrumb"},"inLanguage":"es","potentialAction":[{"@type":"ReadAction","target":["https:\/\/laredlarioja.com.ar\/sitio\/la-flia-desembarca-con-mas-de-70-actividades-libros-calle-y-cultura-autogestiva\/"]}]},{"@type":"ImageObject","inLanguage":"es","@id":"https:\/\/laredlarioja.com.ar\/sitio\/la-flia-desembarca-con-mas-de-70-actividades-libros-calle-y-cultura-autogestiva\/#primaryimage","url":"https:\/\/laredlarioja.com.ar\/sitio\/wp-content\/uploads\/2025\/07\/f1357d14-4b7f-4c00-b64d-505aa0f94a59.jpg","contentUrl":"https:\/\/laredlarioja.com.ar\/sitio\/wp-content\/uploads\/2025\/07\/f1357d14-4b7f-4c00-b64d-505aa0f94a59.jpg","width":1080,"height":1350},{"@type":"BreadcrumbList","@id":"https:\/\/laredlarioja.com.ar\/sitio\/la-flia-desembarca-con-mas-de-70-actividades-libros-calle-y-cultura-autogestiva\/#breadcrumb","itemListElement":[{"@type":"ListItem","position":1,"name":"Portada","item":"https:\/\/laredlarioja.com.ar\/sitio\/"},{"@type":"ListItem","position":2,"name":"La FLIA desembarca con m\u00e1s de 70 actividades: libros, calle y cultura autogestiva"}]},{"@type":"WebSite","@id":"https:\/\/laredlarioja.com.ar\/sitio\/#website","url":"https:\/\/laredlarioja.com.ar\/sitio\/","name":"LA RED 88.3 LA RIOJA","description":"Sitio de Noticias","publisher":{"@id":"https:\/\/laredlarioja.com.ar\/sitio\/#organization"},"potentialAction":[{"@type":"SearchAction","target":{"@type":"EntryPoint","urlTemplate":"https:\/\/laredlarioja.com.ar\/sitio\/?s={search_term_string}"},"query-input":{"@type":"PropertyValueSpecification","valueRequired":true,"valueName":"search_term_string"}}],"inLanguage":"es"},{"@type":"Organization","@id":"https:\/\/laredlarioja.com.ar\/sitio\/#organization","name":"LA RED 88.3 LA RIOJA","url":"https:\/\/laredlarioja.com.ar\/sitio\/","logo":{"@type":"ImageObject","inLanguage":"es","@id":"https:\/\/laredlarioja.com.ar\/sitio\/#\/schema\/logo\/image\/","url":"https:\/\/laredlarioja.com.ar\/sitio\/wp-content\/uploads\/2025\/05\/LOGO-LA-RED.png","contentUrl":"https:\/\/laredlarioja.com.ar\/sitio\/wp-content\/uploads\/2025\/05\/LOGO-LA-RED.png","width":193,"height":340,"caption":"LA RED 88.3 LA RIOJA"},"image":{"@id":"https:\/\/laredlarioja.com.ar\/sitio\/#\/schema\/logo\/image\/"},"sameAs":["https:\/\/www.facebook.com\/lared.larioja","https:\/\/x.com\/laredlarioja1","https:\/\/www.instagram.com\/lared_larioja\/"]},{"@type":"Person","@id":"https:\/\/laredlarioja.com.ar\/sitio\/#\/schema\/person\/8b98ebe852851a8bdc8acd6ec6918de9","name":"Maria De La Vega","sameAs":["http:\/\/laredlarioja.com.ar"],"url":"https:\/\/laredlarioja.com.ar\/sitio\/author\/maru\/"}]}},"featured_image_urls":{"full":["https:\/\/laredlarioja.com.ar\/sitio\/wp-content\/uploads\/2025\/07\/f1357d14-4b7f-4c00-b64d-505aa0f94a59.jpg",1080,1350,false],"thumbnail":["https:\/\/laredlarioja.com.ar\/sitio\/wp-content\/uploads\/2025\/07\/f1357d14-4b7f-4c00-b64d-505aa0f94a59-150x150.jpg",150,150,true],"medium":["https:\/\/laredlarioja.com.ar\/sitio\/wp-content\/uploads\/2025\/07\/f1357d14-4b7f-4c00-b64d-505aa0f94a59-240x300.jpg",240,300,true],"medium_large":["https:\/\/laredlarioja.com.ar\/sitio\/wp-content\/uploads\/2025\/07\/f1357d14-4b7f-4c00-b64d-505aa0f94a59-768x960.jpg",640,800,true],"large":["https:\/\/laredlarioja.com.ar\/sitio\/wp-content\/uploads\/2025\/07\/f1357d14-4b7f-4c00-b64d-505aa0f94a59-819x1024.jpg",640,800,true],"1536x1536":["https:\/\/laredlarioja.com.ar\/sitio\/wp-content\/uploads\/2025\/07\/f1357d14-4b7f-4c00-b64d-505aa0f94a59.jpg",1080,1350,false],"2048x2048":["https:\/\/laredlarioja.com.ar\/sitio\/wp-content\/uploads\/2025\/07\/f1357d14-4b7f-4c00-b64d-505aa0f94a59.jpg",1080,1350,false],"cvmm-medium":["https:\/\/laredlarioja.com.ar\/sitio\/wp-content\/uploads\/2025\/07\/f1357d14-4b7f-4c00-b64d-505aa0f94a59-300x300.jpg",300,300,true],"cvmm-medium-plus":["https:\/\/laredlarioja.com.ar\/sitio\/wp-content\/uploads\/2025\/07\/f1357d14-4b7f-4c00-b64d-505aa0f94a59-305x207.jpg",305,207,true],"cvmm-portrait":["https:\/\/laredlarioja.com.ar\/sitio\/wp-content\/uploads\/2025\/07\/f1357d14-4b7f-4c00-b64d-505aa0f94a59-400x600.jpg",400,600,true],"cvmm-medium-square":["https:\/\/laredlarioja.com.ar\/sitio\/wp-content\/uploads\/2025\/07\/f1357d14-4b7f-4c00-b64d-505aa0f94a59-600x600.jpg",600,600,true],"cvmm-large":["https:\/\/laredlarioja.com.ar\/sitio\/wp-content\/uploads\/2025\/07\/f1357d14-4b7f-4c00-b64d-505aa0f94a59-1024x1024.jpg",1024,1024,true],"cvmm-small":["https:\/\/laredlarioja.com.ar\/sitio\/wp-content\/uploads\/2025\/07\/f1357d14-4b7f-4c00-b64d-505aa0f94a59-130x95.jpg",130,95,true],"morenews-large":["https:\/\/laredlarioja.com.ar\/sitio\/wp-content\/uploads\/2025\/07\/f1357d14-4b7f-4c00-b64d-505aa0f94a59-825x575.jpg",825,575,true],"morenews-medium":["https:\/\/laredlarioja.com.ar\/sitio\/wp-content\/uploads\/2025\/07\/f1357d14-4b7f-4c00-b64d-505aa0f94a59-590x410.jpg",590,410,true]},"author_info":{"display_name":"Maria De La Vega","author_link":"https:\/\/laredlarioja.com.ar\/sitio\/author\/maru\/"},"category_info":"<a href=\"https:\/\/laredlarioja.com.ar\/sitio\/categorias\/cultura-y-espectaculos\/\" rel=\"category tag\">Cultura y Espect\u00e1culos<\/a>","tag_info":"Cultura y Espect\u00e1culos","comment_count":"0","blog_post_layout_featured_media_urls":{"thumbnail":["https:\/\/laredlarioja.com.ar\/sitio\/wp-content\/uploads\/2025\/07\/f1357d14-4b7f-4c00-b64d-505aa0f94a59-150x150.jpg",150,150,true],"full":["https:\/\/laredlarioja.com.ar\/sitio\/wp-content\/uploads\/2025\/07\/f1357d14-4b7f-4c00-b64d-505aa0f94a59.jpg",1080,1350,false]},"categories_names":{"27":{"name":"Cultura y Espect\u00e1culos","link":"https:\/\/laredlarioja.com.ar\/sitio\/categorias\/cultura-y-espectaculos\/"}},"tags_names":{"84":{"name":"Secundaria","link":"https:\/\/laredlarioja.com.ar\/sitio\/etiquetas\/secundaria\/"}},"comments_number":"0","wpmagazine_modules_lite_featured_media_urls":{"thumbnail":["https:\/\/laredlarioja.com.ar\/sitio\/wp-content\/uploads\/2025\/07\/f1357d14-4b7f-4c00-b64d-505aa0f94a59-150x150.jpg",150,150,true],"cvmm-medium":["https:\/\/laredlarioja.com.ar\/sitio\/wp-content\/uploads\/2025\/07\/f1357d14-4b7f-4c00-b64d-505aa0f94a59-300x300.jpg",300,300,true],"cvmm-medium-plus":["https:\/\/laredlarioja.com.ar\/sitio\/wp-content\/uploads\/2025\/07\/f1357d14-4b7f-4c00-b64d-505aa0f94a59-305x207.jpg",305,207,true],"cvmm-portrait":["https:\/\/laredlarioja.com.ar\/sitio\/wp-content\/uploads\/2025\/07\/f1357d14-4b7f-4c00-b64d-505aa0f94a59-400x600.jpg",400,600,true],"cvmm-medium-square":["https:\/\/laredlarioja.com.ar\/sitio\/wp-content\/uploads\/2025\/07\/f1357d14-4b7f-4c00-b64d-505aa0f94a59-600x600.jpg",600,600,true],"cvmm-large":["https:\/\/laredlarioja.com.ar\/sitio\/wp-content\/uploads\/2025\/07\/f1357d14-4b7f-4c00-b64d-505aa0f94a59-1024x1024.jpg",1024,1024,true],"cvmm-small":["https:\/\/laredlarioja.com.ar\/sitio\/wp-content\/uploads\/2025\/07\/f1357d14-4b7f-4c00-b64d-505aa0f94a59-130x95.jpg",130,95,true],"full":["https:\/\/laredlarioja.com.ar\/sitio\/wp-content\/uploads\/2025\/07\/f1357d14-4b7f-4c00-b64d-505aa0f94a59.jpg",1080,1350,false]},"_links":{"self":[{"href":"https:\/\/laredlarioja.com.ar\/sitio\/wp-json\/wp\/v2\/posts\/64132","targetHints":{"allow":["GET"]}}],"collection":[{"href":"https:\/\/laredlarioja.com.ar\/sitio\/wp-json\/wp\/v2\/posts"}],"about":[{"href":"https:\/\/laredlarioja.com.ar\/sitio\/wp-json\/wp\/v2\/types\/post"}],"author":[{"embeddable":true,"href":"https:\/\/laredlarioja.com.ar\/sitio\/wp-json\/wp\/v2\/users\/13"}],"replies":[{"embeddable":true,"href":"https:\/\/laredlarioja.com.ar\/sitio\/wp-json\/wp\/v2\/comments?post=64132"}],"version-history":[{"count":4,"href":"https:\/\/laredlarioja.com.ar\/sitio\/wp-json\/wp\/v2\/posts\/64132\/revisions"}],"predecessor-version":[{"id":64217,"href":"https:\/\/laredlarioja.com.ar\/sitio\/wp-json\/wp\/v2\/posts\/64132\/revisions\/64217"}],"wp:featuredmedia":[{"embeddable":true,"href":"https:\/\/laredlarioja.com.ar\/sitio\/wp-json\/wp\/v2\/media\/64133"}],"wp:attachment":[{"href":"https:\/\/laredlarioja.com.ar\/sitio\/wp-json\/wp\/v2\/media?parent=64132"}],"wp:term":[{"taxonomy":"category","embeddable":true,"href":"https:\/\/laredlarioja.com.ar\/sitio\/wp-json\/wp\/v2\/categories?post=64132"},{"taxonomy":"post_tag","embeddable":true,"href":"https:\/\/laredlarioja.com.ar\/sitio\/wp-json\/wp\/v2\/tags?post=64132"}],"curies":[{"name":"wp","href":"https:\/\/api.w.org\/{rel}","templated":true}]}}