{"id":64182,"date":"2025-07-14T14:57:51","date_gmt":"2025-07-14T14:57:51","guid":{"rendered":"https:\/\/laredlarioja.com.ar\/sitio\/?p=64182"},"modified":"2025-07-15T13:27:44","modified_gmt":"2025-07-15T13:27:44","slug":"grave-ataque-en-nonogasta-una-mujer-esta-profuga-tras-golpear-brutalmente-a-una-madre-y-sus-dos-hijas","status":"publish","type":"post","link":"https:\/\/laredlarioja.com.ar\/sitio\/grave-ataque-en-nonogasta-una-mujer-esta-profuga-tras-golpear-brutalmente-a-una-madre-y-sus-dos-hijas\/","title":{"rendered":"Grave ataque en Nonogasta: una mujer est\u00e1 pr\u00f3fuga tras golpear brutalmente a una madre y sus dos hijas"},"content":{"rendered":"<p data-start=\"111\" data-end=\"500\">Un grave hecho de violencia conmociona a la comunidad de <strong data-start=\"168\" data-end=\"181\">Nonogasta<\/strong>, en el departamento Chilecito, donde el fin de semana pasado <strong data-start=\"243\" data-end=\"358\">una mujer de 35 a\u00f1os irrumpi\u00f3 en una vivienda y agredi\u00f3 brutalmente a una madre y sus dos hijas menores de edad<\/strong>. La madre permanece internada en terapia intensiva, mientras que <strong data-start=\"424\" data-end=\"456\">la agresora contin\u00faa pr\u00f3fuga<\/strong>, a m\u00e1s de una semana del violento episodio.<\/p>\n<p data-start=\"502\" data-end=\"648\">En di\u00e1logo con <strong data-start=\"517\" data-end=\"533\">Radio La Red<\/strong>, el abogado <strong data-start=\"546\" data-end=\"562\">David Calipo<\/strong>, representante legal de la v\u00edctima, brind\u00f3 detalles escalofriantes sobre el ataque: \u201cFue tan brutal la golpiza que qued\u00f3 inconsciente dentro del inmueble. La realidad es que se desconoce el motivo. Lo que s\u00ed se conoce es qui\u00e9n es la agresora y cu\u00e1les fueron los efectos que produjo la agresi\u00f3n\u201d.<\/p>\n<p data-start=\"864\" data-end=\"1063\">El abogado expres\u00f3 su preocupaci\u00f3n ante la <strong data-start=\"907\" data-end=\"974\">inacci\u00f3n de la Justicia para dar con el paradero de la atacante<\/strong>, quien ya cuenta con asesor\u00eda legal pero no se ha presentado ante el sistema judicial. \u201cNos preocupa que el sistema judicial funcione para que esta persona se presente. Ya tiene abogado, misteriosamente tiene abogado, sabe de la orden de detenci\u00f3n, pero no est\u00e1\u201d, sostuvo Calipo.<\/p>\n<p data-start=\"1260\" data-end=\"1569\">La agresora <strong data-start=\"1272\" data-end=\"1321\">no ser\u00eda oriunda de La Rioja, sino de Tucum\u00e1n<\/strong>, lo que complica su localizaci\u00f3n. Ante esta situaci\u00f3n, el letrado solicit\u00f3 formalmente que se <strong data-start=\"1416\" data-end=\"1471\">libre una orden de captura nacional e internacional<\/strong>, dado que la actual orden de detenci\u00f3n <strong data-start=\"1511\" data-end=\"1566\">s\u00f3lo tiene alcance dentro del territorio provincial<\/strong>. \u201cSi vos libr\u00e1s una orden de detenci\u00f3n dentro de la provincia tiene un efecto, pero si no ped\u00eds la captura nacional e internacional, las otras autoridades desconocen esta circunstancia. No podemos ir detr\u00e1s siempre pidiendo algo que ha demostrado ser grave\u201d.<\/p>\n<p data-start=\"1831\" data-end=\"1998\">La falta de novedades en la b\u00fasqueda <strong data-start=\"1868\" data-end=\"1926\">genera alarma en la comunidad y en la familia afectada<\/strong>, que exige respuestas y garant\u00edas de que la agresora no quede impune. \u201cVaya a saber d\u00f3nde est\u00e1 esta mujer. Ha pasado m\u00e1s de una semana. Si no hay una orden firme de captura, se puede mover libremente\u201d, advirti\u00f3 Calipo.<\/p>\n","protected":false},"excerpt":{"rendered":"<p>Un grave hecho de violencia conmociona a la comunidad de Nonogasta, en el departamento Chilecito, donde el fin<\/p>\n","protected":false},"author":10,"featured_media":51042,"comment_status":"closed","ping_status":"open","sticky":false,"template":"","format":"standard","meta":{"footnotes":""},"categories":[24],"tags":[],"class_list":["post-64182","post","type-post","status-publish","format-standard","has-post-thumbnail","hentry","category-informacion-general"],"yoast_head":"<!-- This site is optimized with the Yoast SEO plugin v27.4 - https:\/\/yoast.com\/product\/yoast-seo-wordpress\/ -->\n<title>Grave ataque en Nonogasta: una mujer est\u00e1 pr\u00f3fuga tras golpear brutalmente a una madre y sus dos hijas - LA RED 88.3 LA RIOJA<\/title>\n<meta name=\"robots\" content=\"index, follow, max-snippet:-1, max-image-preview:large, max-video-preview:-1\" \/>\n<link rel=\"canonical\" href=\"https:\/\/laredlarioja.com.ar\/sitio\/grave-ataque-en-nonogasta-una-mujer-esta-profuga-tras-golpear-brutalmente-a-una-madre-y-sus-dos-hijas\/\" \/>\n<meta property=\"og:locale\" content=\"es_ES\" \/>\n<meta property=\"og:type\" content=\"article\" \/>\n<meta property=\"og:title\" content=\"Grave ataque en Nonogasta: una mujer est\u00e1 pr\u00f3fuga tras golpear brutalmente a una madre y sus dos hijas - LA RED 88.3 LA RIOJA\" \/>\n<meta property=\"og:description\" content=\"Un grave hecho de violencia conmociona a la comunidad de Nonogasta, en el departamento Chilecito, donde el fin\" \/>\n<meta property=\"og:url\" content=\"https:\/\/laredlarioja.com.ar\/sitio\/grave-ataque-en-nonogasta-una-mujer-esta-profuga-tras-golpear-brutalmente-a-una-madre-y-sus-dos-hijas\/\" \/>\n<meta property=\"og:site_name\" content=\"LA RED 88.3 LA RIOJA\" \/>\n<meta property=\"article:publisher\" content=\"https:\/\/www.facebook.com\/lared.larioja\" \/>\n<meta property=\"article:published_time\" content=\"2025-07-14T14:57:51+00:00\" \/>\n<meta property=\"article:modified_time\" content=\"2025-07-15T13:27:44+00:00\" \/>\n<meta property=\"og:image\" content=\"https:\/\/laredlarioja.com.ar\/sitio\/wp-content\/uploads\/2024\/08\/abogadochi-1024x576-1.jpeg\" \/>\n\t<meta property=\"og:image:width\" content=\"1024\" \/>\n\t<meta property=\"og:image:height\" content=\"576\" \/>\n\t<meta property=\"og:image:type\" content=\"image\/jpeg\" \/>\n<meta name=\"author\" content=\"La Red\" \/>\n<meta name=\"twitter:card\" content=\"summary_large_image\" \/>\n<meta name=\"twitter:creator\" content=\"@laredlarioja1\" \/>\n<meta name=\"twitter:site\" content=\"@laredlarioja1\" \/>\n<meta name=\"twitter:label1\" content=\"Escrito por\" \/>\n\t<meta name=\"twitter:data1\" content=\"La Red\" \/>\n\t<meta name=\"twitter:label2\" content=\"Tiempo de lectura\" \/>\n\t<meta name=\"twitter:data2\" content=\"2 minutos\" \/>\n<script type=\"application\/ld+json\" class=\"yoast-schema-graph\">{\"@context\":\"https:\\\/\\\/schema.org\",\"@graph\":[{\"@type\":\"Article\",\"@id\":\"https:\\\/\\\/laredlarioja.com.ar\\\/sitio\\\/grave-ataque-en-nonogasta-una-mujer-esta-profuga-tras-golpear-brutalmente-a-una-madre-y-sus-dos-hijas\\\/#article\",\"isPartOf\":{\"@id\":\"https:\\\/\\\/laredlarioja.com.ar\\\/sitio\\\/grave-ataque-en-nonogasta-una-mujer-esta-profuga-tras-golpear-brutalmente-a-una-madre-y-sus-dos-hijas\\\/\"},\"author\":{\"name\":\"La Red\",\"@id\":\"https:\\\/\\\/laredlarioja.com.ar\\\/sitio\\\/#\\\/schema\\\/person\\\/f1e213867beccedaaa4fb548d9259d9a\"},\"headline\":\"Grave ataque en Nonogasta: una mujer est\u00e1 pr\u00f3fuga tras golpear brutalmente a una madre y sus dos hijas\",\"datePublished\":\"2025-07-14T14:57:51+00:00\",\"dateModified\":\"2025-07-15T13:27:44+00:00\",\"mainEntityOfPage\":{\"@id\":\"https:\\\/\\\/laredlarioja.com.ar\\\/sitio\\\/grave-ataque-en-nonogasta-una-mujer-esta-profuga-tras-golpear-brutalmente-a-una-madre-y-sus-dos-hijas\\\/\"},\"wordCount\":376,\"publisher\":{\"@id\":\"https:\\\/\\\/laredlarioja.com.ar\\\/sitio\\\/#organization\"},\"image\":{\"@id\":\"https:\\\/\\\/laredlarioja.com.ar\\\/sitio\\\/grave-ataque-en-nonogasta-una-mujer-esta-profuga-tras-golpear-brutalmente-a-una-madre-y-sus-dos-hijas\\\/#primaryimage\"},\"thumbnailUrl\":\"https:\\\/\\\/laredlarioja.com.ar\\\/sitio\\\/wp-content\\\/uploads\\\/2024\\\/08\\\/abogadochi-1024x576-1.jpeg\",\"articleSection\":[\"Informaci\u00f3n General\"],\"inLanguage\":\"es\"},{\"@type\":\"WebPage\",\"@id\":\"https:\\\/\\\/laredlarioja.com.ar\\\/sitio\\\/grave-ataque-en-nonogasta-una-mujer-esta-profuga-tras-golpear-brutalmente-a-una-madre-y-sus-dos-hijas\\\/\",\"url\":\"https:\\\/\\\/laredlarioja.com.ar\\\/sitio\\\/grave-ataque-en-nonogasta-una-mujer-esta-profuga-tras-golpear-brutalmente-a-una-madre-y-sus-dos-hijas\\\/\",\"name\":\"Grave ataque en Nonogasta: una mujer est\u00e1 pr\u00f3fuga tras golpear brutalmente a una madre y sus dos hijas - LA RED 88.3 LA RIOJA\",\"isPartOf\":{\"@id\":\"https:\\\/\\\/laredlarioja.com.ar\\\/sitio\\\/#website\"},\"primaryImageOfPage\":{\"@id\":\"https:\\\/\\\/laredlarioja.com.ar\\\/sitio\\\/grave-ataque-en-nonogasta-una-mujer-esta-profuga-tras-golpear-brutalmente-a-una-madre-y-sus-dos-hijas\\\/#primaryimage\"},\"image\":{\"@id\":\"https:\\\/\\\/laredlarioja.com.ar\\\/sitio\\\/grave-ataque-en-nonogasta-una-mujer-esta-profuga-tras-golpear-brutalmente-a-una-madre-y-sus-dos-hijas\\\/#primaryimage\"},\"thumbnailUrl\":\"https:\\\/\\\/laredlarioja.com.ar\\\/sitio\\\/wp-content\\\/uploads\\\/2024\\\/08\\\/abogadochi-1024x576-1.jpeg\",\"datePublished\":\"2025-07-14T14:57:51+00:00\",\"dateModified\":\"2025-07-15T13:27:44+00:00\",\"breadcrumb\":{\"@id\":\"https:\\\/\\\/laredlarioja.com.ar\\\/sitio\\\/grave-ataque-en-nonogasta-una-mujer-esta-profuga-tras-golpear-brutalmente-a-una-madre-y-sus-dos-hijas\\\/#breadcrumb\"},\"inLanguage\":\"es\",\"potentialAction\":[{\"@type\":\"ReadAction\",\"target\":[\"https:\\\/\\\/laredlarioja.com.ar\\\/sitio\\\/grave-ataque-en-nonogasta-una-mujer-esta-profuga-tras-golpear-brutalmente-a-una-madre-y-sus-dos-hijas\\\/\"]}]},{\"@type\":\"ImageObject\",\"inLanguage\":\"es\",\"@id\":\"https:\\\/\\\/laredlarioja.com.ar\\\/sitio\\\/grave-ataque-en-nonogasta-una-mujer-esta-profuga-tras-golpear-brutalmente-a-una-madre-y-sus-dos-hijas\\\/#primaryimage\",\"url\":\"https:\\\/\\\/laredlarioja.com.ar\\\/sitio\\\/wp-content\\\/uploads\\\/2024\\\/08\\\/abogadochi-1024x576-1.jpeg\",\"contentUrl\":\"https:\\\/\\\/laredlarioja.com.ar\\\/sitio\\\/wp-content\\\/uploads\\\/2024\\\/08\\\/abogadochi-1024x576-1.jpeg\",\"width\":1024,\"height\":576},{\"@type\":\"BreadcrumbList\",\"@id\":\"https:\\\/\\\/laredlarioja.com.ar\\\/sitio\\\/grave-ataque-en-nonogasta-una-mujer-esta-profuga-tras-golpear-brutalmente-a-una-madre-y-sus-dos-hijas\\\/#breadcrumb\",\"itemListElement\":[{\"@type\":\"ListItem\",\"position\":1,\"name\":\"Portada\",\"item\":\"https:\\\/\\\/laredlarioja.com.ar\\\/sitio\\\/\"},{\"@type\":\"ListItem\",\"position\":2,\"name\":\"Grave ataque en Nonogasta: una mujer est\u00e1 pr\u00f3fuga tras golpear brutalmente a una madre y sus dos hijas\"}]},{\"@type\":\"WebSite\",\"@id\":\"https:\\\/\\\/laredlarioja.com.ar\\\/sitio\\\/#website\",\"url\":\"https:\\\/\\\/laredlarioja.com.ar\\\/sitio\\\/\",\"name\":\"LA RED 88.3 LA RIOJA\",\"description\":\"Sitio de Noticias\",\"publisher\":{\"@id\":\"https:\\\/\\\/laredlarioja.com.ar\\\/sitio\\\/#organization\"},\"potentialAction\":[{\"@type\":\"SearchAction\",\"target\":{\"@type\":\"EntryPoint\",\"urlTemplate\":\"https:\\\/\\\/laredlarioja.com.ar\\\/sitio\\\/?s={search_term_string}\"},\"query-input\":{\"@type\":\"PropertyValueSpecification\",\"valueRequired\":true,\"valueName\":\"search_term_string\"}}],\"inLanguage\":\"es\"},{\"@type\":\"Organization\",\"@id\":\"https:\\\/\\\/laredlarioja.com.ar\\\/sitio\\\/#organization\",\"name\":\"LA RED 88.3 LA RIOJA\",\"url\":\"https:\\\/\\\/laredlarioja.com.ar\\\/sitio\\\/\",\"logo\":{\"@type\":\"ImageObject\",\"inLanguage\":\"es\",\"@id\":\"https:\\\/\\\/laredlarioja.com.ar\\\/sitio\\\/#\\\/schema\\\/logo\\\/image\\\/\",\"url\":\"https:\\\/\\\/laredlarioja.com.ar\\\/sitio\\\/wp-content\\\/uploads\\\/2025\\\/05\\\/LOGO-LA-RED.png\",\"contentUrl\":\"https:\\\/\\\/laredlarioja.com.ar\\\/sitio\\\/wp-content\\\/uploads\\\/2025\\\/05\\\/LOGO-LA-RED.png\",\"width\":193,\"height\":340,\"caption\":\"LA RED 88.3 LA RIOJA\"},\"image\":{\"@id\":\"https:\\\/\\\/laredlarioja.com.ar\\\/sitio\\\/#\\\/schema\\\/logo\\\/image\\\/\"},\"sameAs\":[\"https:\\\/\\\/www.facebook.com\\\/lared.larioja\",\"https:\\\/\\\/x.com\\\/laredlarioja1\",\"https:\\\/\\\/www.instagram.com\\\/lared_larioja\\\/\"]},{\"@type\":\"Person\",\"@id\":\"https:\\\/\\\/laredlarioja.com.ar\\\/sitio\\\/#\\\/schema\\\/person\\\/f1e213867beccedaaa4fb548d9259d9a\",\"name\":\"La Red\",\"url\":\"https:\\\/\\\/laredlarioja.com.ar\\\/sitio\\\/author\\\/lared\\\/\"}]}<\/script>\n<!-- \/ Yoast SEO plugin. -->","yoast_head_json":{"title":"Grave ataque en Nonogasta: una mujer est\u00e1 pr\u00f3fuga tras golpear brutalmente a una madre y sus dos hijas - LA RED 88.3 LA RIOJA","robots":{"index":"index","follow":"follow","max-snippet":"max-snippet:-1","max-image-preview":"max-image-preview:large","max-video-preview":"max-video-preview:-1"},"canonical":"https:\/\/laredlarioja.com.ar\/sitio\/grave-ataque-en-nonogasta-una-mujer-esta-profuga-tras-golpear-brutalmente-a-una-madre-y-sus-dos-hijas\/","og_locale":"es_ES","og_type":"article","og_title":"Grave ataque en Nonogasta: una mujer est\u00e1 pr\u00f3fuga tras golpear brutalmente a una madre y sus dos hijas - LA RED 88.3 LA RIOJA","og_description":"Un grave hecho de violencia conmociona a la comunidad de Nonogasta, en el departamento Chilecito, donde el fin","og_url":"https:\/\/laredlarioja.com.ar\/sitio\/grave-ataque-en-nonogasta-una-mujer-esta-profuga-tras-golpear-brutalmente-a-una-madre-y-sus-dos-hijas\/","og_site_name":"LA RED 88.3 LA RIOJA","article_publisher":"https:\/\/www.facebook.com\/lared.larioja","article_published_time":"2025-07-14T14:57:51+00:00","article_modified_time":"2025-07-15T13:27:44+00:00","og_image":[{"width":1024,"height":576,"url":"https:\/\/laredlarioja.com.ar\/sitio\/wp-content\/uploads\/2024\/08\/abogadochi-1024x576-1.jpeg","type":"image\/jpeg"}],"author":"La Red","twitter_card":"summary_large_image","twitter_creator":"@laredlarioja1","twitter_site":"@laredlarioja1","twitter_misc":{"Escrito por":"La Red","Tiempo de lectura":"2 minutos"},"schema":{"@context":"https:\/\/schema.org","@graph":[{"@type":"Article","@id":"https:\/\/laredlarioja.com.ar\/sitio\/grave-ataque-en-nonogasta-una-mujer-esta-profuga-tras-golpear-brutalmente-a-una-madre-y-sus-dos-hijas\/#article","isPartOf":{"@id":"https:\/\/laredlarioja.com.ar\/sitio\/grave-ataque-en-nonogasta-una-mujer-esta-profuga-tras-golpear-brutalmente-a-una-madre-y-sus-dos-hijas\/"},"author":{"name":"La Red","@id":"https:\/\/laredlarioja.com.ar\/sitio\/#\/schema\/person\/f1e213867beccedaaa4fb548d9259d9a"},"headline":"Grave ataque en Nonogasta: una mujer est\u00e1 pr\u00f3fuga tras golpear brutalmente a una madre y sus dos hijas","datePublished":"2025-07-14T14:57:51+00:00","dateModified":"2025-07-15T13:27:44+00:00","mainEntityOfPage":{"@id":"https:\/\/laredlarioja.com.ar\/sitio\/grave-ataque-en-nonogasta-una-mujer-esta-profuga-tras-golpear-brutalmente-a-una-madre-y-sus-dos-hijas\/"},"wordCount":376,"publisher":{"@id":"https:\/\/laredlarioja.com.ar\/sitio\/#organization"},"image":{"@id":"https:\/\/laredlarioja.com.ar\/sitio\/grave-ataque-en-nonogasta-una-mujer-esta-profuga-tras-golpear-brutalmente-a-una-madre-y-sus-dos-hijas\/#primaryimage"},"thumbnailUrl":"https:\/\/laredlarioja.com.ar\/sitio\/wp-content\/uploads\/2024\/08\/abogadochi-1024x576-1.jpeg","articleSection":["Informaci\u00f3n General"],"inLanguage":"es"},{"@type":"WebPage","@id":"https:\/\/laredlarioja.com.ar\/sitio\/grave-ataque-en-nonogasta-una-mujer-esta-profuga-tras-golpear-brutalmente-a-una-madre-y-sus-dos-hijas\/","url":"https:\/\/laredlarioja.com.ar\/sitio\/grave-ataque-en-nonogasta-una-mujer-esta-profuga-tras-golpear-brutalmente-a-una-madre-y-sus-dos-hijas\/","name":"Grave ataque en Nonogasta: una mujer est\u00e1 pr\u00f3fuga tras golpear brutalmente a una madre y sus dos hijas - LA RED 88.3 LA RIOJA","isPartOf":{"@id":"https:\/\/laredlarioja.com.ar\/sitio\/#website"},"primaryImageOfPage":{"@id":"https:\/\/laredlarioja.com.ar\/sitio\/grave-ataque-en-nonogasta-una-mujer-esta-profuga-tras-golpear-brutalmente-a-una-madre-y-sus-dos-hijas\/#primaryimage"},"image":{"@id":"https:\/\/laredlarioja.com.ar\/sitio\/grave-ataque-en-nonogasta-una-mujer-esta-profuga-tras-golpear-brutalmente-a-una-madre-y-sus-dos-hijas\/#primaryimage"},"thumbnailUrl":"https:\/\/laredlarioja.com.ar\/sitio\/wp-content\/uploads\/2024\/08\/abogadochi-1024x576-1.jpeg","datePublished":"2025-07-14T14:57:51+00:00","dateModified":"2025-07-15T13:27:44+00:00","breadcrumb":{"@id":"https:\/\/laredlarioja.com.ar\/sitio\/grave-ataque-en-nonogasta-una-mujer-esta-profuga-tras-golpear-brutalmente-a-una-madre-y-sus-dos-hijas\/#breadcrumb"},"inLanguage":"es","potentialAction":[{"@type":"ReadAction","target":["https:\/\/laredlarioja.com.ar\/sitio\/grave-ataque-en-nonogasta-una-mujer-esta-profuga-tras-golpear-brutalmente-a-una-madre-y-sus-dos-hijas\/"]}]},{"@type":"ImageObject","inLanguage":"es","@id":"https:\/\/laredlarioja.com.ar\/sitio\/grave-ataque-en-nonogasta-una-mujer-esta-profuga-tras-golpear-brutalmente-a-una-madre-y-sus-dos-hijas\/#primaryimage","url":"https:\/\/laredlarioja.com.ar\/sitio\/wp-content\/uploads\/2024\/08\/abogadochi-1024x576-1.jpeg","contentUrl":"https:\/\/laredlarioja.com.ar\/sitio\/wp-content\/uploads\/2024\/08\/abogadochi-1024x576-1.jpeg","width":1024,"height":576},{"@type":"BreadcrumbList","@id":"https:\/\/laredlarioja.com.ar\/sitio\/grave-ataque-en-nonogasta-una-mujer-esta-profuga-tras-golpear-brutalmente-a-una-madre-y-sus-dos-hijas\/#breadcrumb","itemListElement":[{"@type":"ListItem","position":1,"name":"Portada","item":"https:\/\/laredlarioja.com.ar\/sitio\/"},{"@type":"ListItem","position":2,"name":"Grave ataque en Nonogasta: una mujer est\u00e1 pr\u00f3fuga tras golpear brutalmente a una madre y sus dos hijas"}]},{"@type":"WebSite","@id":"https:\/\/laredlarioja.com.ar\/sitio\/#website","url":"https:\/\/laredlarioja.com.ar\/sitio\/","name":"LA RED 88.3 LA RIOJA","description":"Sitio de Noticias","publisher":{"@id":"https:\/\/laredlarioja.com.ar\/sitio\/#organization"},"potentialAction":[{"@type":"SearchAction","target":{"@type":"EntryPoint","urlTemplate":"https:\/\/laredlarioja.com.ar\/sitio\/?s={search_term_string}"},"query-input":{"@type":"PropertyValueSpecification","valueRequired":true,"valueName":"search_term_string"}}],"inLanguage":"es"},{"@type":"Organization","@id":"https:\/\/laredlarioja.com.ar\/sitio\/#organization","name":"LA RED 88.3 LA RIOJA","url":"https:\/\/laredlarioja.com.ar\/sitio\/","logo":{"@type":"ImageObject","inLanguage":"es","@id":"https:\/\/laredlarioja.com.ar\/sitio\/#\/schema\/logo\/image\/","url":"https:\/\/laredlarioja.com.ar\/sitio\/wp-content\/uploads\/2025\/05\/LOGO-LA-RED.png","contentUrl":"https:\/\/laredlarioja.com.ar\/sitio\/wp-content\/uploads\/2025\/05\/LOGO-LA-RED.png","width":193,"height":340,"caption":"LA RED 88.3 LA RIOJA"},"image":{"@id":"https:\/\/laredlarioja.com.ar\/sitio\/#\/schema\/logo\/image\/"},"sameAs":["https:\/\/www.facebook.com\/lared.larioja","https:\/\/x.com\/laredlarioja1","https:\/\/www.instagram.com\/lared_larioja\/"]},{"@type":"Person","@id":"https:\/\/laredlarioja.com.ar\/sitio\/#\/schema\/person\/f1e213867beccedaaa4fb548d9259d9a","name":"La Red","url":"https:\/\/laredlarioja.com.ar\/sitio\/author\/lared\/"}]}},"featured_image_urls":{"full":["https:\/\/laredlarioja.com.ar\/sitio\/wp-content\/uploads\/2024\/08\/abogadochi-1024x576-1.jpeg",1024,576,false],"thumbnail":["https:\/\/laredlarioja.com.ar\/sitio\/wp-content\/uploads\/2024\/08\/abogadochi-1024x576-1-150x150.jpeg",150,150,true],"medium":["https:\/\/laredlarioja.com.ar\/sitio\/wp-content\/uploads\/2024\/08\/abogadochi-1024x576-1-300x169.jpeg",300,169,true],"medium_large":["https:\/\/laredlarioja.com.ar\/sitio\/wp-content\/uploads\/2024\/08\/abogadochi-1024x576-1-768x432.jpeg",640,360,true],"large":["https:\/\/laredlarioja.com.ar\/sitio\/wp-content\/uploads\/2024\/08\/abogadochi-1024x576-1.jpeg",640,360,false],"1536x1536":["https:\/\/laredlarioja.com.ar\/sitio\/wp-content\/uploads\/2024\/08\/abogadochi-1024x576-1.jpeg",1024,576,false],"2048x2048":["https:\/\/laredlarioja.com.ar\/sitio\/wp-content\/uploads\/2024\/08\/abogadochi-1024x576-1.jpeg",1024,576,false],"cvmm-medium":["https:\/\/laredlarioja.com.ar\/sitio\/wp-content\/uploads\/2024\/08\/abogadochi-1024x576-1-300x300.jpeg",300,300,true],"cvmm-medium-plus":["https:\/\/laredlarioja.com.ar\/sitio\/wp-content\/uploads\/2024\/08\/abogadochi-1024x576-1-305x207.jpeg",305,207,true],"cvmm-portrait":["https:\/\/laredlarioja.com.ar\/sitio\/wp-content\/uploads\/2024\/08\/abogadochi-1024x576-1-400x576.jpeg",400,576,true],"cvmm-medium-square":["https:\/\/laredlarioja.com.ar\/sitio\/wp-content\/uploads\/2024\/08\/abogadochi-1024x576-1-600x576.jpeg",600,576,true],"cvmm-large":["https:\/\/laredlarioja.com.ar\/sitio\/wp-content\/uploads\/2024\/08\/abogadochi-1024x576-1.jpeg",1024,576,false],"cvmm-small":["https:\/\/laredlarioja.com.ar\/sitio\/wp-content\/uploads\/2024\/08\/abogadochi-1024x576-1-130x95.jpeg",130,95,true],"morenews-large":["https:\/\/laredlarioja.com.ar\/sitio\/wp-content\/uploads\/2024\/08\/abogadochi-1024x576-1-825x575.jpeg",825,575,true],"morenews-medium":["https:\/\/laredlarioja.com.ar\/sitio\/wp-content\/uploads\/2024\/08\/abogadochi-1024x576-1-590x410.jpeg",590,410,true]},"author_info":{"display_name":"La Red","author_link":"https:\/\/laredlarioja.com.ar\/sitio\/author\/lared\/"},"category_info":"<a href=\"https:\/\/laredlarioja.com.ar\/sitio\/categorias\/informacion-general\/\" rel=\"category tag\">Informaci\u00f3n General<\/a>","tag_info":"Informaci\u00f3n General","comment_count":"0","blog_post_layout_featured_media_urls":{"thumbnail":["https:\/\/laredlarioja.com.ar\/sitio\/wp-content\/uploads\/2024\/08\/abogadochi-1024x576-1-150x150.jpeg",150,150,true],"full":["https:\/\/laredlarioja.com.ar\/sitio\/wp-content\/uploads\/2024\/08\/abogadochi-1024x576-1.jpeg",1024,576,false]},"categories_names":{"24":{"name":"Informaci\u00f3n General","link":"https:\/\/laredlarioja.com.ar\/sitio\/categorias\/informacion-general\/"}},"tags_names":[],"comments_number":"0","wpmagazine_modules_lite_featured_media_urls":{"thumbnail":["https:\/\/laredlarioja.com.ar\/sitio\/wp-content\/uploads\/2024\/08\/abogadochi-1024x576-1-150x150.jpeg",150,150,true],"cvmm-medium":["https:\/\/laredlarioja.com.ar\/sitio\/wp-content\/uploads\/2024\/08\/abogadochi-1024x576-1-300x300.jpeg",300,300,true],"cvmm-medium-plus":["https:\/\/laredlarioja.com.ar\/sitio\/wp-content\/uploads\/2024\/08\/abogadochi-1024x576-1-305x207.jpeg",305,207,true],"cvmm-portrait":["https:\/\/laredlarioja.com.ar\/sitio\/wp-content\/uploads\/2024\/08\/abogadochi-1024x576-1-400x576.jpeg",400,576,true],"cvmm-medium-square":["https:\/\/laredlarioja.com.ar\/sitio\/wp-content\/uploads\/2024\/08\/abogadochi-1024x576-1-600x576.jpeg",600,576,true],"cvmm-large":["https:\/\/laredlarioja.com.ar\/sitio\/wp-content\/uploads\/2024\/08\/abogadochi-1024x576-1.jpeg",1024,576,false],"cvmm-small":["https:\/\/laredlarioja.com.ar\/sitio\/wp-content\/uploads\/2024\/08\/abogadochi-1024x576-1-130x95.jpeg",130,95,true],"full":["https:\/\/laredlarioja.com.ar\/sitio\/wp-content\/uploads\/2024\/08\/abogadochi-1024x576-1.jpeg",1024,576,false]},"_links":{"self":[{"href":"https:\/\/laredlarioja.com.ar\/sitio\/wp-json\/wp\/v2\/posts\/64182","targetHints":{"allow":["GET"]}}],"collection":[{"href":"https:\/\/laredlarioja.com.ar\/sitio\/wp-json\/wp\/v2\/posts"}],"about":[{"href":"https:\/\/laredlarioja.com.ar\/sitio\/wp-json\/wp\/v2\/types\/post"}],"author":[{"embeddable":true,"href":"https:\/\/laredlarioja.com.ar\/sitio\/wp-json\/wp\/v2\/users\/10"}],"replies":[{"embeddable":true,"href":"https:\/\/laredlarioja.com.ar\/sitio\/wp-json\/wp\/v2\/comments?post=64182"}],"version-history":[{"count":1,"href":"https:\/\/laredlarioja.com.ar\/sitio\/wp-json\/wp\/v2\/posts\/64182\/revisions"}],"predecessor-version":[{"id":64183,"href":"https:\/\/laredlarioja.com.ar\/sitio\/wp-json\/wp\/v2\/posts\/64182\/revisions\/64183"}],"wp:featuredmedia":[{"embeddable":true,"href":"https:\/\/laredlarioja.com.ar\/sitio\/wp-json\/wp\/v2\/media\/51042"}],"wp:attachment":[{"href":"https:\/\/laredlarioja.com.ar\/sitio\/wp-json\/wp\/v2\/media?parent=64182"}],"wp:term":[{"taxonomy":"category","embeddable":true,"href":"https:\/\/laredlarioja.com.ar\/sitio\/wp-json\/wp\/v2\/categories?post=64182"},{"taxonomy":"post_tag","embeddable":true,"href":"https:\/\/laredlarioja.com.ar\/sitio\/wp-json\/wp\/v2\/tags?post=64182"}],"curies":[{"name":"wp","href":"https:\/\/api.w.org\/{rel}","templated":true}]}}