{"id":65004,"date":"2025-08-06T13:57:25","date_gmt":"2025-08-06T13:57:25","guid":{"rendered":"https:\/\/laredlarioja.com.ar\/sitio\/?p=65004"},"modified":"2025-08-07T14:59:02","modified_gmt":"2025-08-07T14:59:02","slug":"crisis-textil-empleados-tomaron-la-ex-fabrica-victoria-por-salarios-adeudados","status":"publish","type":"post","link":"https:\/\/laredlarioja.com.ar\/sitio\/crisis-textil-empleados-tomaron-la-ex-fabrica-victoria-por-salarios-adeudados\/","title":{"rendered":"Crisis textil: empleados tomaron la ex f\u00e1brica Victoria por salarios adeudados"},"content":{"rendered":"<p data-start=\"250\" data-end=\"688\">Desde diciembre del a\u00f1o pasado, la ex f\u00e1brica textil Victoria Outdoor \u2014ubicada en el parque industrial de La Rioja\u2014 dej\u00f3 de funcionar. Se declar\u00f3 en quiebra, y desde entonces, sus trabajadores enfrentan un escenario de incertidumbre, sueldos impagos y condiciones laborales precarias. A ocho meses del cierre, un grupo de operarios tom\u00f3 las instalaciones en reclamo por sus haberes, exigiendo la presencia del Estado y una respuesta urgente.<\/p>\n<p data-start=\"690\" data-end=\"1004\">Uno de los voceros de los trabajadores, <strong data-start=\"730\" data-end=\"747\">Pablo Busquet<\/strong>, operario y exempleado de la exTextilcom, relat\u00f3 la situaci\u00f3n a Radio La Red: <em data-start=\"826\" data-end=\"1003\">\u201cEsta es la f\u00e1brica Victoria, que ya no funciona como tal desde diciembre. Entramos a trabajar un grupo de chicos, pero desde entonces nunca pudimos cobrar un sueldo completo\u201d<\/em>.<\/p>\n<p data-start=\"1006\" data-end=\"1424\">Seg\u00fan explica Busquet, las liquidaciones son irrisorias: <em data-start=\"1063\" data-end=\"1180\">\u201cTengo compa\u00f1eros que por dos meses de trabajo van a cobrar 12.000 pesos, 50.000 pesos, 20.000 pesos. Es una burla\u201d<\/em>. La propietaria de la empresa, <strong data-start=\"1212\" data-end=\"1234\">Victoria Policicho<\/strong>, reside en Buenos Aires y, de acuerdo con el testimonio, solo env\u00eda instrucciones a distancia sin garantizar los pagos: <em data-start=\"1355\" data-end=\"1423\">\u201cHace bajada de l\u00ednea desde all\u00e1, pero lo que no gira es la plata\u201d<\/em>.<\/p>\n<p data-start=\"1426\" data-end=\"1778\">El reclamo de los trabajadores se sostiene en la denuncia de condiciones laborales en negro, sin ART, sin aportes y sin registro formal. <em data-start=\"1563\" data-end=\"1761\">\u201cEsta es una pseudo cooperativa que nunca se form\u00f3 como tal. Siempre la promesa de armar una cooperativa, pero seguimos igual. No somos empleados en blanco y no tenemos ning\u00fan derecho garantizado\u201d<\/em>, afirm\u00f3 Busquet.<\/p>\n<p data-start=\"1780\" data-end=\"2130\">Adem\u00e1s de la situaci\u00f3n actual, los operarios arrastran deudas laborales de la anterior firma, <strong data-start=\"1874\" data-end=\"1887\">Textilcom<\/strong>, tambi\u00e9n quebrada. <em data-start=\"1907\" data-end=\"2104\">\u201cPasaron por ac\u00e1 unos 20 o 30 compa\u00f1eros de la exTextilcom. Nunca cobramos un peso de esa liquidaci\u00f3n, y el empresario se declar\u00f3 insolvente. Ni los calzones que tiene puesto dicen que son de \u00e9l\u201d<\/em>, expres\u00f3 con indignaci\u00f3n.<\/p>\n<p data-start=\"2132\" data-end=\"2461\">La tensi\u00f3n creci\u00f3 en las \u00faltimas semanas, cuando los trabajadores decidieron <strong data-start=\"2209\" data-end=\"2229\">ocupar la planta<\/strong>. El objetivo: frenar la salida de mercader\u00eda hasta que les abonen los sueldos adeudados. <em data-start=\"2319\" data-end=\"2442\">\u201cDe ac\u00e1 no va a salir una prenda m\u00e1s. Esta vez no va a pasar como antes. Esta vez o salimos con plata o no se mueve nada\u201d<\/em>, advirti\u00f3 Busquet.<\/p>\n<p data-start=\"2731\" data-end=\"3003\">El pedido es claro: intervenci\u00f3n estatal. <em data-start=\"2773\" data-end=\"2993\">\u201cQueremos que venga alguien de la Secretar\u00eda de Trabajo, de la Secretar\u00eda de Industria, que escuchen la situaci\u00f3n. Porque ac\u00e1 no llega un peso y los \u00fanicos que pierden somos nosotros, nuestras familias, nuestros hijos\u201d<\/em>, reclam\u00f3.<\/p>\n<p data-start=\"3005\" data-end=\"3300\">Al momento de la entrevista, son 24 los trabajadores que mantienen la toma. Muchos otros no pueden acercarse por falta de recursos: <strong><em data-start=\"3137\" data-end=\"3291\">\u201cUna compa\u00f1era me dec\u00eda que hace una semana solo comen mate cocido con pan. \u00bfC\u00f3mo va a venir a trabajar si no tiene ni para darle de comer a los hijos?\u201d<\/em>,<\/strong> relat\u00f3.<\/p>\n<p data-start=\"3302\" data-end=\"3582\">La situaci\u00f3n se agrava con el paso de los d\u00edas. La paciencia se agota. <em data-start=\"3373\" data-end=\"3563\"><strong>\u201cVinimos a trabajar con buena voluntad y much\u00edsima necesidad. Lo m\u00ednimo que exigimos es cobrar algo digno. Pero esto ya colm\u00f3.<\/strong> Si no pagan lo que deben, no van a tocar una sola prenda m\u00e1s\u201d<\/em>, concluy\u00f3 Busquet.<\/p>\n","protected":false},"excerpt":{"rendered":"<p>Desde diciembre del a\u00f1o pasado, la ex f\u00e1brica textil Victoria Outdoor \u2014ubicada en el parque industrial de La<\/p>\n","protected":false},"author":10,"featured_media":50479,"comment_status":"closed","ping_status":"open","sticky":false,"template":"","format":"standard","meta":{"footnotes":""},"categories":[94],"tags":[],"class_list":["post-65004","post","type-post","status-publish","format-standard","has-post-thumbnail","hentry","category-locales"],"yoast_head":"<!-- This site is optimized with the Yoast SEO plugin v27.4 - https:\/\/yoast.com\/product\/yoast-seo-wordpress\/ -->\n<title>Crisis textil: empleados tomaron la ex f\u00e1brica Victoria por salarios adeudados - LA RED 88.3 LA RIOJA<\/title>\n<meta name=\"robots\" content=\"index, follow, max-snippet:-1, max-image-preview:large, max-video-preview:-1\" \/>\n<link rel=\"canonical\" href=\"https:\/\/laredlarioja.com.ar\/sitio\/crisis-textil-empleados-tomaron-la-ex-fabrica-victoria-por-salarios-adeudados\/\" \/>\n<meta property=\"og:locale\" content=\"es_ES\" \/>\n<meta property=\"og:type\" content=\"article\" \/>\n<meta property=\"og:title\" content=\"Crisis textil: empleados tomaron la ex f\u00e1brica Victoria por salarios adeudados - LA RED 88.3 LA RIOJA\" \/>\n<meta property=\"og:description\" content=\"Desde diciembre del a\u00f1o pasado, la ex f\u00e1brica textil Victoria Outdoor \u2014ubicada en el parque industrial de La\" \/>\n<meta property=\"og:url\" content=\"https:\/\/laredlarioja.com.ar\/sitio\/crisis-textil-empleados-tomaron-la-ex-fabrica-victoria-por-salarios-adeudados\/\" \/>\n<meta property=\"og:site_name\" content=\"LA RED 88.3 LA RIOJA\" \/>\n<meta property=\"article:publisher\" content=\"https:\/\/www.facebook.com\/lared.larioja\" \/>\n<meta property=\"article:published_time\" content=\"2025-08-06T13:57:25+00:00\" \/>\n<meta property=\"article:modified_time\" content=\"2025-08-07T14:59:02+00:00\" \/>\n<meta property=\"og:image\" content=\"https:\/\/laredlarioja.com.ar\/sitio\/wp-content\/uploads\/2024\/08\/fabrica.jpg\" \/>\n\t<meta property=\"og:image:width\" content=\"1600\" \/>\n\t<meta property=\"og:image:height\" content=\"1066\" \/>\n\t<meta property=\"og:image:type\" content=\"image\/jpeg\" \/>\n<meta name=\"author\" content=\"La Red\" \/>\n<meta name=\"twitter:card\" content=\"summary_large_image\" \/>\n<meta name=\"twitter:creator\" content=\"@laredlarioja1\" \/>\n<meta name=\"twitter:site\" content=\"@laredlarioja1\" \/>\n<meta name=\"twitter:label1\" content=\"Escrito por\" \/>\n\t<meta name=\"twitter:data1\" content=\"La Red\" \/>\n\t<meta name=\"twitter:label2\" content=\"Tiempo de lectura\" \/>\n\t<meta name=\"twitter:data2\" content=\"3 minutos\" \/>\n<script type=\"application\/ld+json\" class=\"yoast-schema-graph\">{\"@context\":\"https:\\\/\\\/schema.org\",\"@graph\":[{\"@type\":\"Article\",\"@id\":\"https:\\\/\\\/laredlarioja.com.ar\\\/sitio\\\/crisis-textil-empleados-tomaron-la-ex-fabrica-victoria-por-salarios-adeudados\\\/#article\",\"isPartOf\":{\"@id\":\"https:\\\/\\\/laredlarioja.com.ar\\\/sitio\\\/crisis-textil-empleados-tomaron-la-ex-fabrica-victoria-por-salarios-adeudados\\\/\"},\"author\":{\"name\":\"La Red\",\"@id\":\"https:\\\/\\\/laredlarioja.com.ar\\\/sitio\\\/#\\\/schema\\\/person\\\/f1e213867beccedaaa4fb548d9259d9a\"},\"headline\":\"Crisis textil: empleados tomaron la ex f\u00e1brica Victoria por salarios adeudados\",\"datePublished\":\"2025-08-06T13:57:25+00:00\",\"dateModified\":\"2025-08-07T14:59:02+00:00\",\"mainEntityOfPage\":{\"@id\":\"https:\\\/\\\/laredlarioja.com.ar\\\/sitio\\\/crisis-textil-empleados-tomaron-la-ex-fabrica-victoria-por-salarios-adeudados\\\/\"},\"wordCount\":539,\"publisher\":{\"@id\":\"https:\\\/\\\/laredlarioja.com.ar\\\/sitio\\\/#organization\"},\"image\":{\"@id\":\"https:\\\/\\\/laredlarioja.com.ar\\\/sitio\\\/crisis-textil-empleados-tomaron-la-ex-fabrica-victoria-por-salarios-adeudados\\\/#primaryimage\"},\"thumbnailUrl\":\"https:\\\/\\\/laredlarioja.com.ar\\\/sitio\\\/wp-content\\\/uploads\\\/2024\\\/08\\\/fabrica.jpg\",\"articleSection\":[\"Locales\"],\"inLanguage\":\"es\"},{\"@type\":\"WebPage\",\"@id\":\"https:\\\/\\\/laredlarioja.com.ar\\\/sitio\\\/crisis-textil-empleados-tomaron-la-ex-fabrica-victoria-por-salarios-adeudados\\\/\",\"url\":\"https:\\\/\\\/laredlarioja.com.ar\\\/sitio\\\/crisis-textil-empleados-tomaron-la-ex-fabrica-victoria-por-salarios-adeudados\\\/\",\"name\":\"Crisis textil: empleados tomaron la ex f\u00e1brica Victoria por salarios adeudados - LA RED 88.3 LA RIOJA\",\"isPartOf\":{\"@id\":\"https:\\\/\\\/laredlarioja.com.ar\\\/sitio\\\/#website\"},\"primaryImageOfPage\":{\"@id\":\"https:\\\/\\\/laredlarioja.com.ar\\\/sitio\\\/crisis-textil-empleados-tomaron-la-ex-fabrica-victoria-por-salarios-adeudados\\\/#primaryimage\"},\"image\":{\"@id\":\"https:\\\/\\\/laredlarioja.com.ar\\\/sitio\\\/crisis-textil-empleados-tomaron-la-ex-fabrica-victoria-por-salarios-adeudados\\\/#primaryimage\"},\"thumbnailUrl\":\"https:\\\/\\\/laredlarioja.com.ar\\\/sitio\\\/wp-content\\\/uploads\\\/2024\\\/08\\\/fabrica.jpg\",\"datePublished\":\"2025-08-06T13:57:25+00:00\",\"dateModified\":\"2025-08-07T14:59:02+00:00\",\"breadcrumb\":{\"@id\":\"https:\\\/\\\/laredlarioja.com.ar\\\/sitio\\\/crisis-textil-empleados-tomaron-la-ex-fabrica-victoria-por-salarios-adeudados\\\/#breadcrumb\"},\"inLanguage\":\"es\",\"potentialAction\":[{\"@type\":\"ReadAction\",\"target\":[\"https:\\\/\\\/laredlarioja.com.ar\\\/sitio\\\/crisis-textil-empleados-tomaron-la-ex-fabrica-victoria-por-salarios-adeudados\\\/\"]}]},{\"@type\":\"ImageObject\",\"inLanguage\":\"es\",\"@id\":\"https:\\\/\\\/laredlarioja.com.ar\\\/sitio\\\/crisis-textil-empleados-tomaron-la-ex-fabrica-victoria-por-salarios-adeudados\\\/#primaryimage\",\"url\":\"https:\\\/\\\/laredlarioja.com.ar\\\/sitio\\\/wp-content\\\/uploads\\\/2024\\\/08\\\/fabrica.jpg\",\"contentUrl\":\"https:\\\/\\\/laredlarioja.com.ar\\\/sitio\\\/wp-content\\\/uploads\\\/2024\\\/08\\\/fabrica.jpg\",\"width\":1600,\"height\":1066},{\"@type\":\"BreadcrumbList\",\"@id\":\"https:\\\/\\\/laredlarioja.com.ar\\\/sitio\\\/crisis-textil-empleados-tomaron-la-ex-fabrica-victoria-por-salarios-adeudados\\\/#breadcrumb\",\"itemListElement\":[{\"@type\":\"ListItem\",\"position\":1,\"name\":\"Portada\",\"item\":\"https:\\\/\\\/laredlarioja.com.ar\\\/sitio\\\/\"},{\"@type\":\"ListItem\",\"position\":2,\"name\":\"Crisis textil: empleados tomaron la ex f\u00e1brica Victoria por salarios adeudados\"}]},{\"@type\":\"WebSite\",\"@id\":\"https:\\\/\\\/laredlarioja.com.ar\\\/sitio\\\/#website\",\"url\":\"https:\\\/\\\/laredlarioja.com.ar\\\/sitio\\\/\",\"name\":\"LA RED 88.3 LA RIOJA\",\"description\":\"Sitio de Noticias\",\"publisher\":{\"@id\":\"https:\\\/\\\/laredlarioja.com.ar\\\/sitio\\\/#organization\"},\"potentialAction\":[{\"@type\":\"SearchAction\",\"target\":{\"@type\":\"EntryPoint\",\"urlTemplate\":\"https:\\\/\\\/laredlarioja.com.ar\\\/sitio\\\/?s={search_term_string}\"},\"query-input\":{\"@type\":\"PropertyValueSpecification\",\"valueRequired\":true,\"valueName\":\"search_term_string\"}}],\"inLanguage\":\"es\"},{\"@type\":\"Organization\",\"@id\":\"https:\\\/\\\/laredlarioja.com.ar\\\/sitio\\\/#organization\",\"name\":\"LA RED 88.3 LA RIOJA\",\"url\":\"https:\\\/\\\/laredlarioja.com.ar\\\/sitio\\\/\",\"logo\":{\"@type\":\"ImageObject\",\"inLanguage\":\"es\",\"@id\":\"https:\\\/\\\/laredlarioja.com.ar\\\/sitio\\\/#\\\/schema\\\/logo\\\/image\\\/\",\"url\":\"https:\\\/\\\/laredlarioja.com.ar\\\/sitio\\\/wp-content\\\/uploads\\\/2025\\\/05\\\/LOGO-LA-RED.png\",\"contentUrl\":\"https:\\\/\\\/laredlarioja.com.ar\\\/sitio\\\/wp-content\\\/uploads\\\/2025\\\/05\\\/LOGO-LA-RED.png\",\"width\":193,\"height\":340,\"caption\":\"LA RED 88.3 LA RIOJA\"},\"image\":{\"@id\":\"https:\\\/\\\/laredlarioja.com.ar\\\/sitio\\\/#\\\/schema\\\/logo\\\/image\\\/\"},\"sameAs\":[\"https:\\\/\\\/www.facebook.com\\\/lared.larioja\",\"https:\\\/\\\/x.com\\\/laredlarioja1\",\"https:\\\/\\\/www.instagram.com\\\/lared_larioja\\\/\"]},{\"@type\":\"Person\",\"@id\":\"https:\\\/\\\/laredlarioja.com.ar\\\/sitio\\\/#\\\/schema\\\/person\\\/f1e213867beccedaaa4fb548d9259d9a\",\"name\":\"La Red\",\"url\":\"https:\\\/\\\/laredlarioja.com.ar\\\/sitio\\\/author\\\/lared\\\/\"}]}<\/script>\n<!-- \/ Yoast SEO plugin. -->","yoast_head_json":{"title":"Crisis textil: empleados tomaron la ex f\u00e1brica Victoria por salarios adeudados - LA RED 88.3 LA RIOJA","robots":{"index":"index","follow":"follow","max-snippet":"max-snippet:-1","max-image-preview":"max-image-preview:large","max-video-preview":"max-video-preview:-1"},"canonical":"https:\/\/laredlarioja.com.ar\/sitio\/crisis-textil-empleados-tomaron-la-ex-fabrica-victoria-por-salarios-adeudados\/","og_locale":"es_ES","og_type":"article","og_title":"Crisis textil: empleados tomaron la ex f\u00e1brica Victoria por salarios adeudados - LA RED 88.3 LA RIOJA","og_description":"Desde diciembre del a\u00f1o pasado, la ex f\u00e1brica textil Victoria Outdoor \u2014ubicada en el parque industrial de La","og_url":"https:\/\/laredlarioja.com.ar\/sitio\/crisis-textil-empleados-tomaron-la-ex-fabrica-victoria-por-salarios-adeudados\/","og_site_name":"LA RED 88.3 LA RIOJA","article_publisher":"https:\/\/www.facebook.com\/lared.larioja","article_published_time":"2025-08-06T13:57:25+00:00","article_modified_time":"2025-08-07T14:59:02+00:00","og_image":[{"width":1600,"height":1066,"url":"https:\/\/laredlarioja.com.ar\/sitio\/wp-content\/uploads\/2024\/08\/fabrica.jpg","type":"image\/jpeg"}],"author":"La Red","twitter_card":"summary_large_image","twitter_creator":"@laredlarioja1","twitter_site":"@laredlarioja1","twitter_misc":{"Escrito por":"La Red","Tiempo de lectura":"3 minutos"},"schema":{"@context":"https:\/\/schema.org","@graph":[{"@type":"Article","@id":"https:\/\/laredlarioja.com.ar\/sitio\/crisis-textil-empleados-tomaron-la-ex-fabrica-victoria-por-salarios-adeudados\/#article","isPartOf":{"@id":"https:\/\/laredlarioja.com.ar\/sitio\/crisis-textil-empleados-tomaron-la-ex-fabrica-victoria-por-salarios-adeudados\/"},"author":{"name":"La Red","@id":"https:\/\/laredlarioja.com.ar\/sitio\/#\/schema\/person\/f1e213867beccedaaa4fb548d9259d9a"},"headline":"Crisis textil: empleados tomaron la ex f\u00e1brica Victoria por salarios adeudados","datePublished":"2025-08-06T13:57:25+00:00","dateModified":"2025-08-07T14:59:02+00:00","mainEntityOfPage":{"@id":"https:\/\/laredlarioja.com.ar\/sitio\/crisis-textil-empleados-tomaron-la-ex-fabrica-victoria-por-salarios-adeudados\/"},"wordCount":539,"publisher":{"@id":"https:\/\/laredlarioja.com.ar\/sitio\/#organization"},"image":{"@id":"https:\/\/laredlarioja.com.ar\/sitio\/crisis-textil-empleados-tomaron-la-ex-fabrica-victoria-por-salarios-adeudados\/#primaryimage"},"thumbnailUrl":"https:\/\/laredlarioja.com.ar\/sitio\/wp-content\/uploads\/2024\/08\/fabrica.jpg","articleSection":["Locales"],"inLanguage":"es"},{"@type":"WebPage","@id":"https:\/\/laredlarioja.com.ar\/sitio\/crisis-textil-empleados-tomaron-la-ex-fabrica-victoria-por-salarios-adeudados\/","url":"https:\/\/laredlarioja.com.ar\/sitio\/crisis-textil-empleados-tomaron-la-ex-fabrica-victoria-por-salarios-adeudados\/","name":"Crisis textil: empleados tomaron la ex f\u00e1brica Victoria por salarios adeudados - LA RED 88.3 LA RIOJA","isPartOf":{"@id":"https:\/\/laredlarioja.com.ar\/sitio\/#website"},"primaryImageOfPage":{"@id":"https:\/\/laredlarioja.com.ar\/sitio\/crisis-textil-empleados-tomaron-la-ex-fabrica-victoria-por-salarios-adeudados\/#primaryimage"},"image":{"@id":"https:\/\/laredlarioja.com.ar\/sitio\/crisis-textil-empleados-tomaron-la-ex-fabrica-victoria-por-salarios-adeudados\/#primaryimage"},"thumbnailUrl":"https:\/\/laredlarioja.com.ar\/sitio\/wp-content\/uploads\/2024\/08\/fabrica.jpg","datePublished":"2025-08-06T13:57:25+00:00","dateModified":"2025-08-07T14:59:02+00:00","breadcrumb":{"@id":"https:\/\/laredlarioja.com.ar\/sitio\/crisis-textil-empleados-tomaron-la-ex-fabrica-victoria-por-salarios-adeudados\/#breadcrumb"},"inLanguage":"es","potentialAction":[{"@type":"ReadAction","target":["https:\/\/laredlarioja.com.ar\/sitio\/crisis-textil-empleados-tomaron-la-ex-fabrica-victoria-por-salarios-adeudados\/"]}]},{"@type":"ImageObject","inLanguage":"es","@id":"https:\/\/laredlarioja.com.ar\/sitio\/crisis-textil-empleados-tomaron-la-ex-fabrica-victoria-por-salarios-adeudados\/#primaryimage","url":"https:\/\/laredlarioja.com.ar\/sitio\/wp-content\/uploads\/2024\/08\/fabrica.jpg","contentUrl":"https:\/\/laredlarioja.com.ar\/sitio\/wp-content\/uploads\/2024\/08\/fabrica.jpg","width":1600,"height":1066},{"@type":"BreadcrumbList","@id":"https:\/\/laredlarioja.com.ar\/sitio\/crisis-textil-empleados-tomaron-la-ex-fabrica-victoria-por-salarios-adeudados\/#breadcrumb","itemListElement":[{"@type":"ListItem","position":1,"name":"Portada","item":"https:\/\/laredlarioja.com.ar\/sitio\/"},{"@type":"ListItem","position":2,"name":"Crisis textil: empleados tomaron la ex f\u00e1brica Victoria por salarios adeudados"}]},{"@type":"WebSite","@id":"https:\/\/laredlarioja.com.ar\/sitio\/#website","url":"https:\/\/laredlarioja.com.ar\/sitio\/","name":"LA RED 88.3 LA RIOJA","description":"Sitio de Noticias","publisher":{"@id":"https:\/\/laredlarioja.com.ar\/sitio\/#organization"},"potentialAction":[{"@type":"SearchAction","target":{"@type":"EntryPoint","urlTemplate":"https:\/\/laredlarioja.com.ar\/sitio\/?s={search_term_string}"},"query-input":{"@type":"PropertyValueSpecification","valueRequired":true,"valueName":"search_term_string"}}],"inLanguage":"es"},{"@type":"Organization","@id":"https:\/\/laredlarioja.com.ar\/sitio\/#organization","name":"LA RED 88.3 LA RIOJA","url":"https:\/\/laredlarioja.com.ar\/sitio\/","logo":{"@type":"ImageObject","inLanguage":"es","@id":"https:\/\/laredlarioja.com.ar\/sitio\/#\/schema\/logo\/image\/","url":"https:\/\/laredlarioja.com.ar\/sitio\/wp-content\/uploads\/2025\/05\/LOGO-LA-RED.png","contentUrl":"https:\/\/laredlarioja.com.ar\/sitio\/wp-content\/uploads\/2025\/05\/LOGO-LA-RED.png","width":193,"height":340,"caption":"LA RED 88.3 LA RIOJA"},"image":{"@id":"https:\/\/laredlarioja.com.ar\/sitio\/#\/schema\/logo\/image\/"},"sameAs":["https:\/\/www.facebook.com\/lared.larioja","https:\/\/x.com\/laredlarioja1","https:\/\/www.instagram.com\/lared_larioja\/"]},{"@type":"Person","@id":"https:\/\/laredlarioja.com.ar\/sitio\/#\/schema\/person\/f1e213867beccedaaa4fb548d9259d9a","name":"La Red","url":"https:\/\/laredlarioja.com.ar\/sitio\/author\/lared\/"}]}},"featured_image_urls":{"full":["https:\/\/laredlarioja.com.ar\/sitio\/wp-content\/uploads\/2024\/08\/fabrica.jpg",1600,1066,false],"thumbnail":["https:\/\/laredlarioja.com.ar\/sitio\/wp-content\/uploads\/2024\/08\/fabrica-150x150.jpg",150,150,true],"medium":["https:\/\/laredlarioja.com.ar\/sitio\/wp-content\/uploads\/2024\/08\/fabrica-300x200.jpg",300,200,true],"medium_large":["https:\/\/laredlarioja.com.ar\/sitio\/wp-content\/uploads\/2024\/08\/fabrica-768x512.jpg",640,427,true],"large":["https:\/\/laredlarioja.com.ar\/sitio\/wp-content\/uploads\/2024\/08\/fabrica-1024x682.jpg",640,426,true],"1536x1536":["https:\/\/laredlarioja.com.ar\/sitio\/wp-content\/uploads\/2024\/08\/fabrica-1536x1023.jpg",1536,1023,true],"2048x2048":["https:\/\/laredlarioja.com.ar\/sitio\/wp-content\/uploads\/2024\/08\/fabrica.jpg",1600,1066,false],"cvmm-medium":["https:\/\/laredlarioja.com.ar\/sitio\/wp-content\/uploads\/2024\/08\/fabrica-300x300.jpg",300,300,true],"cvmm-medium-plus":["https:\/\/laredlarioja.com.ar\/sitio\/wp-content\/uploads\/2024\/08\/fabrica-305x207.jpg",305,207,true],"cvmm-portrait":["https:\/\/laredlarioja.com.ar\/sitio\/wp-content\/uploads\/2024\/08\/fabrica-400x600.jpg",400,600,true],"cvmm-medium-square":["https:\/\/laredlarioja.com.ar\/sitio\/wp-content\/uploads\/2024\/08\/fabrica-600x600.jpg",600,600,true],"cvmm-large":["https:\/\/laredlarioja.com.ar\/sitio\/wp-content\/uploads\/2024\/08\/fabrica-1024x1024.jpg",1024,1024,true],"cvmm-small":["https:\/\/laredlarioja.com.ar\/sitio\/wp-content\/uploads\/2024\/08\/fabrica-130x95.jpg",130,95,true],"morenews-large":["https:\/\/laredlarioja.com.ar\/sitio\/wp-content\/uploads\/2024\/08\/fabrica-825x575.jpg",825,575,true],"morenews-medium":["https:\/\/laredlarioja.com.ar\/sitio\/wp-content\/uploads\/2024\/08\/fabrica-590x410.jpg",590,410,true]},"author_info":{"display_name":"La Red","author_link":"https:\/\/laredlarioja.com.ar\/sitio\/author\/lared\/"},"category_info":"<a href=\"https:\/\/laredlarioja.com.ar\/sitio\/categorias\/locales\/\" rel=\"category tag\">Locales<\/a>","tag_info":"Locales","comment_count":"0","blog_post_layout_featured_media_urls":{"thumbnail":["https:\/\/laredlarioja.com.ar\/sitio\/wp-content\/uploads\/2024\/08\/fabrica-150x150.jpg",150,150,true],"full":["https:\/\/laredlarioja.com.ar\/sitio\/wp-content\/uploads\/2024\/08\/fabrica.jpg",1600,1066,false]},"categories_names":{"94":{"name":"Locales","link":"https:\/\/laredlarioja.com.ar\/sitio\/categorias\/locales\/"}},"tags_names":[],"comments_number":"0","wpmagazine_modules_lite_featured_media_urls":{"thumbnail":["https:\/\/laredlarioja.com.ar\/sitio\/wp-content\/uploads\/2024\/08\/fabrica-150x150.jpg",150,150,true],"cvmm-medium":["https:\/\/laredlarioja.com.ar\/sitio\/wp-content\/uploads\/2024\/08\/fabrica-300x300.jpg",300,300,true],"cvmm-medium-plus":["https:\/\/laredlarioja.com.ar\/sitio\/wp-content\/uploads\/2024\/08\/fabrica-305x207.jpg",305,207,true],"cvmm-portrait":["https:\/\/laredlarioja.com.ar\/sitio\/wp-content\/uploads\/2024\/08\/fabrica-400x600.jpg",400,600,true],"cvmm-medium-square":["https:\/\/laredlarioja.com.ar\/sitio\/wp-content\/uploads\/2024\/08\/fabrica-600x600.jpg",600,600,true],"cvmm-large":["https:\/\/laredlarioja.com.ar\/sitio\/wp-content\/uploads\/2024\/08\/fabrica-1024x1024.jpg",1024,1024,true],"cvmm-small":["https:\/\/laredlarioja.com.ar\/sitio\/wp-content\/uploads\/2024\/08\/fabrica-130x95.jpg",130,95,true],"full":["https:\/\/laredlarioja.com.ar\/sitio\/wp-content\/uploads\/2024\/08\/fabrica.jpg",1600,1066,false]},"_links":{"self":[{"href":"https:\/\/laredlarioja.com.ar\/sitio\/wp-json\/wp\/v2\/posts\/65004","targetHints":{"allow":["GET"]}}],"collection":[{"href":"https:\/\/laredlarioja.com.ar\/sitio\/wp-json\/wp\/v2\/posts"}],"about":[{"href":"https:\/\/laredlarioja.com.ar\/sitio\/wp-json\/wp\/v2\/types\/post"}],"author":[{"embeddable":true,"href":"https:\/\/laredlarioja.com.ar\/sitio\/wp-json\/wp\/v2\/users\/10"}],"replies":[{"embeddable":true,"href":"https:\/\/laredlarioja.com.ar\/sitio\/wp-json\/wp\/v2\/comments?post=65004"}],"version-history":[{"count":1,"href":"https:\/\/laredlarioja.com.ar\/sitio\/wp-json\/wp\/v2\/posts\/65004\/revisions"}],"predecessor-version":[{"id":65005,"href":"https:\/\/laredlarioja.com.ar\/sitio\/wp-json\/wp\/v2\/posts\/65004\/revisions\/65005"}],"wp:featuredmedia":[{"embeddable":true,"href":"https:\/\/laredlarioja.com.ar\/sitio\/wp-json\/wp\/v2\/media\/50479"}],"wp:attachment":[{"href":"https:\/\/laredlarioja.com.ar\/sitio\/wp-json\/wp\/v2\/media?parent=65004"}],"wp:term":[{"taxonomy":"category","embeddable":true,"href":"https:\/\/laredlarioja.com.ar\/sitio\/wp-json\/wp\/v2\/categories?post=65004"},{"taxonomy":"post_tag","embeddable":true,"href":"https:\/\/laredlarioja.com.ar\/sitio\/wp-json\/wp\/v2\/tags?post=65004"}],"curies":[{"name":"wp","href":"https:\/\/api.w.org\/{rel}","templated":true}]}}