{"id":66074,"date":"2025-09-02T22:54:55","date_gmt":"2025-09-02T22:54:55","guid":{"rendered":"https:\/\/laredlarioja.com.ar\/sitio\/?p=66074"},"modified":"2025-09-02T22:54:55","modified_gmt":"2025-09-02T22:54:55","slug":"jorge-rial-denuncio-hostigamiento-los-falcon-son-un-fetiche-de-este-gobierno","status":"publish","type":"post","link":"https:\/\/laredlarioja.com.ar\/sitio\/jorge-rial-denuncio-hostigamiento-los-falcon-son-un-fetiche-de-este-gobierno\/","title":{"rendered":"Jorge Rial denunci\u00f3 hostigamiento: \u201cLos Falcon son un fetiche de este gobierno\u201d"},"content":{"rendered":"<p>El periodista Jorge Rial volvi\u00f3 a cargar contra el Gobierno de Javier Milei tras denunciar un episodio de intimidaci\u00f3n frente a su domicilio y advertir sobre un \u201cavance peligroso\u201d contra la libertad de prensa.<\/p>\n<p>La pol\u00e9mica se desat\u00f3 luego de que el Ministerio de Seguridad solicitara un allanamiento en su casa y en el canal de streaming por la difusi\u00f3n de los audios atribuidos a Karina Milei. Mientras Rial expres\u00f3 estar dispuesto a enfrentar cualquier procedimiento judicial, la ministra Patricia Bullrich neg\u00f3 p\u00fablicamente la existencia de esa solicitud, a pesar de que \u2014seg\u00fan el conductor\u2014 el propio documento oficial menciona de manera expl\u00edcita la palabra \u201callanamiento\u201d.<\/p>\n<p>\u201cEstamos haciendo periodismo, denunciamos y eso molest\u00f3 al poder. Me importa que del otro lado est\u00e1 el aparato del Estado peleando contra nosotros. Es una locura: estamos ante un gobierno con un giro totalitario que deber\u00eda asustar a todos. Hoy soy yo, ma\u00f1ana puede ser cualquiera de ustedes\u201d, advirti\u00f3 Rial.<\/p>\n<p>En ese contexto, el conductor relat\u00f3 que un Ford Falcon \u2014s\u00edmbolo de los secuestros durante la \u00faltima dictadura\u2014 permaneci\u00f3 estacionado frente a su domicilio la misma noche en que, seg\u00fan \u00e9l, \u201cse armaba todo el operativo para callarnos\u201d. Y agreg\u00f3: \u201cUn Falcon, con todo lo que representa, que es uno de los fetiches de este gobierno. La vicepresidenta Villarruel es fan\u00e1tica, no solo de los Falcon, sino de quienes iban arriba\u201d.<\/p>\n<p>Rial sostuvo que no teme a las medidas judiciales y desafi\u00f3: \u201cSi quieren venir a buscar el tel\u00e9fono, que lo hagan. La diferencia entre ellos y nosotros es que no tenemos problema con la Justicia, no huimos ni escondemos pruebas\u201d.<\/p>\n<p>Finalmente, lanz\u00f3 duras cr\u00edticas al oficialismo: \u201cEst\u00e1n m\u00e1s sucios que una papa, la corrupci\u00f3n les acaba de saltar como pus. Avanzan sobre las libertades: primero golpearon a jubilados y discapacitados, y ahora van por la prensa. Es hora de que nos despertemos\u201d.<\/p>\n","protected":false},"excerpt":{"rendered":"<p>El periodista Jorge Rial volvi\u00f3 a cargar contra el Gobierno de Javier Milei tras denunciar un episodio de<\/p>\n","protected":false},"author":13,"featured_media":66075,"comment_status":"closed","ping_status":"open","sticky":false,"template":"","format":"standard","meta":{"footnotes":""},"categories":[130],"tags":[84],"class_list":["post-66074","post","type-post","status-publish","format-standard","has-post-thumbnail","hentry","category-pais","tag-secundaria"],"yoast_head":"<!-- This site is optimized with the Yoast SEO plugin v27.4 - https:\/\/yoast.com\/product\/yoast-seo-wordpress\/ -->\n<title>Jorge Rial denunci\u00f3 hostigamiento: \u201cLos Falcon son un fetiche de este gobierno\u201d - LA RED 88.3 LA RIOJA<\/title>\n<meta name=\"robots\" content=\"index, follow, max-snippet:-1, max-image-preview:large, max-video-preview:-1\" \/>\n<link rel=\"canonical\" href=\"https:\/\/laredlarioja.com.ar\/sitio\/jorge-rial-denuncio-hostigamiento-los-falcon-son-un-fetiche-de-este-gobierno\/\" \/>\n<meta property=\"og:locale\" content=\"es_ES\" \/>\n<meta property=\"og:type\" content=\"article\" \/>\n<meta property=\"og:title\" content=\"Jorge Rial denunci\u00f3 hostigamiento: \u201cLos Falcon son un fetiche de este gobierno\u201d - LA RED 88.3 LA RIOJA\" \/>\n<meta property=\"og:description\" content=\"El periodista Jorge Rial volvi\u00f3 a cargar contra el Gobierno de Javier Milei tras denunciar un episodio de\" \/>\n<meta property=\"og:url\" content=\"https:\/\/laredlarioja.com.ar\/sitio\/jorge-rial-denuncio-hostigamiento-los-falcon-son-un-fetiche-de-este-gobierno\/\" \/>\n<meta property=\"og:site_name\" content=\"LA RED 88.3 LA RIOJA\" \/>\n<meta property=\"article:publisher\" content=\"https:\/\/www.facebook.com\/lared.larioja\" \/>\n<meta property=\"article:published_time\" content=\"2025-09-02T22:54:55+00:00\" \/>\n<meta property=\"og:image\" content=\"https:\/\/laredlarioja.com.ar\/sitio\/wp-content\/uploads\/2025\/09\/hqdefault.jpg\" \/>\n\t<meta property=\"og:image:width\" content=\"480\" \/>\n\t<meta property=\"og:image:height\" content=\"360\" \/>\n\t<meta property=\"og:image:type\" content=\"image\/jpeg\" \/>\n<meta name=\"author\" content=\"Maria De La Vega\" \/>\n<meta name=\"twitter:card\" content=\"summary_large_image\" \/>\n<meta name=\"twitter:creator\" content=\"@laredlarioja1\" \/>\n<meta name=\"twitter:site\" content=\"@laredlarioja1\" \/>\n<meta name=\"twitter:label1\" content=\"Escrito por\" \/>\n\t<meta name=\"twitter:data1\" content=\"Maria De La Vega\" \/>\n\t<meta name=\"twitter:label2\" content=\"Tiempo de lectura\" \/>\n\t<meta name=\"twitter:data2\" content=\"2 minutos\" \/>\n<script type=\"application\/ld+json\" class=\"yoast-schema-graph\">{\"@context\":\"https:\\\/\\\/schema.org\",\"@graph\":[{\"@type\":\"Article\",\"@id\":\"https:\\\/\\\/laredlarioja.com.ar\\\/sitio\\\/jorge-rial-denuncio-hostigamiento-los-falcon-son-un-fetiche-de-este-gobierno\\\/#article\",\"isPartOf\":{\"@id\":\"https:\\\/\\\/laredlarioja.com.ar\\\/sitio\\\/jorge-rial-denuncio-hostigamiento-los-falcon-son-un-fetiche-de-este-gobierno\\\/\"},\"author\":{\"name\":\"Maria De La Vega\",\"@id\":\"https:\\\/\\\/laredlarioja.com.ar\\\/sitio\\\/#\\\/schema\\\/person\\\/8b98ebe852851a8bdc8acd6ec6918de9\"},\"headline\":\"Jorge Rial denunci\u00f3 hostigamiento: \u201cLos Falcon son un fetiche de este gobierno\u201d\",\"datePublished\":\"2025-09-02T22:54:55+00:00\",\"mainEntityOfPage\":{\"@id\":\"https:\\\/\\\/laredlarioja.com.ar\\\/sitio\\\/jorge-rial-denuncio-hostigamiento-los-falcon-son-un-fetiche-de-este-gobierno\\\/\"},\"wordCount\":337,\"publisher\":{\"@id\":\"https:\\\/\\\/laredlarioja.com.ar\\\/sitio\\\/#organization\"},\"image\":{\"@id\":\"https:\\\/\\\/laredlarioja.com.ar\\\/sitio\\\/jorge-rial-denuncio-hostigamiento-los-falcon-son-un-fetiche-de-este-gobierno\\\/#primaryimage\"},\"thumbnailUrl\":\"https:\\\/\\\/laredlarioja.com.ar\\\/sitio\\\/wp-content\\\/uploads\\\/2025\\\/09\\\/hqdefault.jpg\",\"keywords\":[\"Secundaria\"],\"articleSection\":[\"El pa\u00eds\"],\"inLanguage\":\"es\"},{\"@type\":\"WebPage\",\"@id\":\"https:\\\/\\\/laredlarioja.com.ar\\\/sitio\\\/jorge-rial-denuncio-hostigamiento-los-falcon-son-un-fetiche-de-este-gobierno\\\/\",\"url\":\"https:\\\/\\\/laredlarioja.com.ar\\\/sitio\\\/jorge-rial-denuncio-hostigamiento-los-falcon-son-un-fetiche-de-este-gobierno\\\/\",\"name\":\"Jorge Rial denunci\u00f3 hostigamiento: \u201cLos Falcon son un fetiche de este gobierno\u201d - LA RED 88.3 LA RIOJA\",\"isPartOf\":{\"@id\":\"https:\\\/\\\/laredlarioja.com.ar\\\/sitio\\\/#website\"},\"primaryImageOfPage\":{\"@id\":\"https:\\\/\\\/laredlarioja.com.ar\\\/sitio\\\/jorge-rial-denuncio-hostigamiento-los-falcon-son-un-fetiche-de-este-gobierno\\\/#primaryimage\"},\"image\":{\"@id\":\"https:\\\/\\\/laredlarioja.com.ar\\\/sitio\\\/jorge-rial-denuncio-hostigamiento-los-falcon-son-un-fetiche-de-este-gobierno\\\/#primaryimage\"},\"thumbnailUrl\":\"https:\\\/\\\/laredlarioja.com.ar\\\/sitio\\\/wp-content\\\/uploads\\\/2025\\\/09\\\/hqdefault.jpg\",\"datePublished\":\"2025-09-02T22:54:55+00:00\",\"breadcrumb\":{\"@id\":\"https:\\\/\\\/laredlarioja.com.ar\\\/sitio\\\/jorge-rial-denuncio-hostigamiento-los-falcon-son-un-fetiche-de-este-gobierno\\\/#breadcrumb\"},\"inLanguage\":\"es\",\"potentialAction\":[{\"@type\":\"ReadAction\",\"target\":[\"https:\\\/\\\/laredlarioja.com.ar\\\/sitio\\\/jorge-rial-denuncio-hostigamiento-los-falcon-son-un-fetiche-de-este-gobierno\\\/\"]}]},{\"@type\":\"ImageObject\",\"inLanguage\":\"es\",\"@id\":\"https:\\\/\\\/laredlarioja.com.ar\\\/sitio\\\/jorge-rial-denuncio-hostigamiento-los-falcon-son-un-fetiche-de-este-gobierno\\\/#primaryimage\",\"url\":\"https:\\\/\\\/laredlarioja.com.ar\\\/sitio\\\/wp-content\\\/uploads\\\/2025\\\/09\\\/hqdefault.jpg\",\"contentUrl\":\"https:\\\/\\\/laredlarioja.com.ar\\\/sitio\\\/wp-content\\\/uploads\\\/2025\\\/09\\\/hqdefault.jpg\",\"width\":480,\"height\":360},{\"@type\":\"BreadcrumbList\",\"@id\":\"https:\\\/\\\/laredlarioja.com.ar\\\/sitio\\\/jorge-rial-denuncio-hostigamiento-los-falcon-son-un-fetiche-de-este-gobierno\\\/#breadcrumb\",\"itemListElement\":[{\"@type\":\"ListItem\",\"position\":1,\"name\":\"Portada\",\"item\":\"https:\\\/\\\/laredlarioja.com.ar\\\/sitio\\\/\"},{\"@type\":\"ListItem\",\"position\":2,\"name\":\"Jorge Rial denunci\u00f3 hostigamiento: \u201cLos Falcon son un fetiche de este gobierno\u201d\"}]},{\"@type\":\"WebSite\",\"@id\":\"https:\\\/\\\/laredlarioja.com.ar\\\/sitio\\\/#website\",\"url\":\"https:\\\/\\\/laredlarioja.com.ar\\\/sitio\\\/\",\"name\":\"LA RED 88.3 LA RIOJA\",\"description\":\"Sitio de Noticias\",\"publisher\":{\"@id\":\"https:\\\/\\\/laredlarioja.com.ar\\\/sitio\\\/#organization\"},\"potentialAction\":[{\"@type\":\"SearchAction\",\"target\":{\"@type\":\"EntryPoint\",\"urlTemplate\":\"https:\\\/\\\/laredlarioja.com.ar\\\/sitio\\\/?s={search_term_string}\"},\"query-input\":{\"@type\":\"PropertyValueSpecification\",\"valueRequired\":true,\"valueName\":\"search_term_string\"}}],\"inLanguage\":\"es\"},{\"@type\":\"Organization\",\"@id\":\"https:\\\/\\\/laredlarioja.com.ar\\\/sitio\\\/#organization\",\"name\":\"LA RED 88.3 LA RIOJA\",\"url\":\"https:\\\/\\\/laredlarioja.com.ar\\\/sitio\\\/\",\"logo\":{\"@type\":\"ImageObject\",\"inLanguage\":\"es\",\"@id\":\"https:\\\/\\\/laredlarioja.com.ar\\\/sitio\\\/#\\\/schema\\\/logo\\\/image\\\/\",\"url\":\"https:\\\/\\\/laredlarioja.com.ar\\\/sitio\\\/wp-content\\\/uploads\\\/2025\\\/05\\\/LOGO-LA-RED.png\",\"contentUrl\":\"https:\\\/\\\/laredlarioja.com.ar\\\/sitio\\\/wp-content\\\/uploads\\\/2025\\\/05\\\/LOGO-LA-RED.png\",\"width\":193,\"height\":340,\"caption\":\"LA RED 88.3 LA RIOJA\"},\"image\":{\"@id\":\"https:\\\/\\\/laredlarioja.com.ar\\\/sitio\\\/#\\\/schema\\\/logo\\\/image\\\/\"},\"sameAs\":[\"https:\\\/\\\/www.facebook.com\\\/lared.larioja\",\"https:\\\/\\\/x.com\\\/laredlarioja1\",\"https:\\\/\\\/www.instagram.com\\\/lared_larioja\\\/\"]},{\"@type\":\"Person\",\"@id\":\"https:\\\/\\\/laredlarioja.com.ar\\\/sitio\\\/#\\\/schema\\\/person\\\/8b98ebe852851a8bdc8acd6ec6918de9\",\"name\":\"Maria De La Vega\",\"sameAs\":[\"http:\\\/\\\/laredlarioja.com.ar\"],\"url\":\"https:\\\/\\\/laredlarioja.com.ar\\\/sitio\\\/author\\\/maru\\\/\"}]}<\/script>\n<!-- \/ Yoast SEO plugin. -->","yoast_head_json":{"title":"Jorge Rial denunci\u00f3 hostigamiento: \u201cLos Falcon son un fetiche de este gobierno\u201d - LA RED 88.3 LA RIOJA","robots":{"index":"index","follow":"follow","max-snippet":"max-snippet:-1","max-image-preview":"max-image-preview:large","max-video-preview":"max-video-preview:-1"},"canonical":"https:\/\/laredlarioja.com.ar\/sitio\/jorge-rial-denuncio-hostigamiento-los-falcon-son-un-fetiche-de-este-gobierno\/","og_locale":"es_ES","og_type":"article","og_title":"Jorge Rial denunci\u00f3 hostigamiento: \u201cLos Falcon son un fetiche de este gobierno\u201d - LA RED 88.3 LA RIOJA","og_description":"El periodista Jorge Rial volvi\u00f3 a cargar contra el Gobierno de Javier Milei tras denunciar un episodio de","og_url":"https:\/\/laredlarioja.com.ar\/sitio\/jorge-rial-denuncio-hostigamiento-los-falcon-son-un-fetiche-de-este-gobierno\/","og_site_name":"LA RED 88.3 LA RIOJA","article_publisher":"https:\/\/www.facebook.com\/lared.larioja","article_published_time":"2025-09-02T22:54:55+00:00","og_image":[{"width":480,"height":360,"url":"https:\/\/laredlarioja.com.ar\/sitio\/wp-content\/uploads\/2025\/09\/hqdefault.jpg","type":"image\/jpeg"}],"author":"Maria De La Vega","twitter_card":"summary_large_image","twitter_creator":"@laredlarioja1","twitter_site":"@laredlarioja1","twitter_misc":{"Escrito por":"Maria De La Vega","Tiempo de lectura":"2 minutos"},"schema":{"@context":"https:\/\/schema.org","@graph":[{"@type":"Article","@id":"https:\/\/laredlarioja.com.ar\/sitio\/jorge-rial-denuncio-hostigamiento-los-falcon-son-un-fetiche-de-este-gobierno\/#article","isPartOf":{"@id":"https:\/\/laredlarioja.com.ar\/sitio\/jorge-rial-denuncio-hostigamiento-los-falcon-son-un-fetiche-de-este-gobierno\/"},"author":{"name":"Maria De La Vega","@id":"https:\/\/laredlarioja.com.ar\/sitio\/#\/schema\/person\/8b98ebe852851a8bdc8acd6ec6918de9"},"headline":"Jorge Rial denunci\u00f3 hostigamiento: \u201cLos Falcon son un fetiche de este gobierno\u201d","datePublished":"2025-09-02T22:54:55+00:00","mainEntityOfPage":{"@id":"https:\/\/laredlarioja.com.ar\/sitio\/jorge-rial-denuncio-hostigamiento-los-falcon-son-un-fetiche-de-este-gobierno\/"},"wordCount":337,"publisher":{"@id":"https:\/\/laredlarioja.com.ar\/sitio\/#organization"},"image":{"@id":"https:\/\/laredlarioja.com.ar\/sitio\/jorge-rial-denuncio-hostigamiento-los-falcon-son-un-fetiche-de-este-gobierno\/#primaryimage"},"thumbnailUrl":"https:\/\/laredlarioja.com.ar\/sitio\/wp-content\/uploads\/2025\/09\/hqdefault.jpg","keywords":["Secundaria"],"articleSection":["El pa\u00eds"],"inLanguage":"es"},{"@type":"WebPage","@id":"https:\/\/laredlarioja.com.ar\/sitio\/jorge-rial-denuncio-hostigamiento-los-falcon-son-un-fetiche-de-este-gobierno\/","url":"https:\/\/laredlarioja.com.ar\/sitio\/jorge-rial-denuncio-hostigamiento-los-falcon-son-un-fetiche-de-este-gobierno\/","name":"Jorge Rial denunci\u00f3 hostigamiento: \u201cLos Falcon son un fetiche de este gobierno\u201d - LA RED 88.3 LA RIOJA","isPartOf":{"@id":"https:\/\/laredlarioja.com.ar\/sitio\/#website"},"primaryImageOfPage":{"@id":"https:\/\/laredlarioja.com.ar\/sitio\/jorge-rial-denuncio-hostigamiento-los-falcon-son-un-fetiche-de-este-gobierno\/#primaryimage"},"image":{"@id":"https:\/\/laredlarioja.com.ar\/sitio\/jorge-rial-denuncio-hostigamiento-los-falcon-son-un-fetiche-de-este-gobierno\/#primaryimage"},"thumbnailUrl":"https:\/\/laredlarioja.com.ar\/sitio\/wp-content\/uploads\/2025\/09\/hqdefault.jpg","datePublished":"2025-09-02T22:54:55+00:00","breadcrumb":{"@id":"https:\/\/laredlarioja.com.ar\/sitio\/jorge-rial-denuncio-hostigamiento-los-falcon-son-un-fetiche-de-este-gobierno\/#breadcrumb"},"inLanguage":"es","potentialAction":[{"@type":"ReadAction","target":["https:\/\/laredlarioja.com.ar\/sitio\/jorge-rial-denuncio-hostigamiento-los-falcon-son-un-fetiche-de-este-gobierno\/"]}]},{"@type":"ImageObject","inLanguage":"es","@id":"https:\/\/laredlarioja.com.ar\/sitio\/jorge-rial-denuncio-hostigamiento-los-falcon-son-un-fetiche-de-este-gobierno\/#primaryimage","url":"https:\/\/laredlarioja.com.ar\/sitio\/wp-content\/uploads\/2025\/09\/hqdefault.jpg","contentUrl":"https:\/\/laredlarioja.com.ar\/sitio\/wp-content\/uploads\/2025\/09\/hqdefault.jpg","width":480,"height":360},{"@type":"BreadcrumbList","@id":"https:\/\/laredlarioja.com.ar\/sitio\/jorge-rial-denuncio-hostigamiento-los-falcon-son-un-fetiche-de-este-gobierno\/#breadcrumb","itemListElement":[{"@type":"ListItem","position":1,"name":"Portada","item":"https:\/\/laredlarioja.com.ar\/sitio\/"},{"@type":"ListItem","position":2,"name":"Jorge Rial denunci\u00f3 hostigamiento: \u201cLos Falcon son un fetiche de este gobierno\u201d"}]},{"@type":"WebSite","@id":"https:\/\/laredlarioja.com.ar\/sitio\/#website","url":"https:\/\/laredlarioja.com.ar\/sitio\/","name":"LA RED 88.3 LA RIOJA","description":"Sitio de Noticias","publisher":{"@id":"https:\/\/laredlarioja.com.ar\/sitio\/#organization"},"potentialAction":[{"@type":"SearchAction","target":{"@type":"EntryPoint","urlTemplate":"https:\/\/laredlarioja.com.ar\/sitio\/?s={search_term_string}"},"query-input":{"@type":"PropertyValueSpecification","valueRequired":true,"valueName":"search_term_string"}}],"inLanguage":"es"},{"@type":"Organization","@id":"https:\/\/laredlarioja.com.ar\/sitio\/#organization","name":"LA RED 88.3 LA RIOJA","url":"https:\/\/laredlarioja.com.ar\/sitio\/","logo":{"@type":"ImageObject","inLanguage":"es","@id":"https:\/\/laredlarioja.com.ar\/sitio\/#\/schema\/logo\/image\/","url":"https:\/\/laredlarioja.com.ar\/sitio\/wp-content\/uploads\/2025\/05\/LOGO-LA-RED.png","contentUrl":"https:\/\/laredlarioja.com.ar\/sitio\/wp-content\/uploads\/2025\/05\/LOGO-LA-RED.png","width":193,"height":340,"caption":"LA RED 88.3 LA RIOJA"},"image":{"@id":"https:\/\/laredlarioja.com.ar\/sitio\/#\/schema\/logo\/image\/"},"sameAs":["https:\/\/www.facebook.com\/lared.larioja","https:\/\/x.com\/laredlarioja1","https:\/\/www.instagram.com\/lared_larioja\/"]},{"@type":"Person","@id":"https:\/\/laredlarioja.com.ar\/sitio\/#\/schema\/person\/8b98ebe852851a8bdc8acd6ec6918de9","name":"Maria De La Vega","sameAs":["http:\/\/laredlarioja.com.ar"],"url":"https:\/\/laredlarioja.com.ar\/sitio\/author\/maru\/"}]}},"featured_image_urls":{"full":["https:\/\/laredlarioja.com.ar\/sitio\/wp-content\/uploads\/2025\/09\/hqdefault.jpg",480,360,false],"thumbnail":["https:\/\/laredlarioja.com.ar\/sitio\/wp-content\/uploads\/2025\/09\/hqdefault-150x150.jpg",150,150,true],"medium":["https:\/\/laredlarioja.com.ar\/sitio\/wp-content\/uploads\/2025\/09\/hqdefault-300x225.jpg",300,225,true],"medium_large":["https:\/\/laredlarioja.com.ar\/sitio\/wp-content\/uploads\/2025\/09\/hqdefault.jpg",480,360,false],"large":["https:\/\/laredlarioja.com.ar\/sitio\/wp-content\/uploads\/2025\/09\/hqdefault.jpg",480,360,false],"1536x1536":["https:\/\/laredlarioja.com.ar\/sitio\/wp-content\/uploads\/2025\/09\/hqdefault.jpg",480,360,false],"2048x2048":["https:\/\/laredlarioja.com.ar\/sitio\/wp-content\/uploads\/2025\/09\/hqdefault.jpg",480,360,false],"cvmm-medium":["https:\/\/laredlarioja.com.ar\/sitio\/wp-content\/uploads\/2025\/09\/hqdefault-300x300.jpg",300,300,true],"cvmm-medium-plus":["https:\/\/laredlarioja.com.ar\/sitio\/wp-content\/uploads\/2025\/09\/hqdefault-305x207.jpg",305,207,true],"cvmm-portrait":["https:\/\/laredlarioja.com.ar\/sitio\/wp-content\/uploads\/2025\/09\/hqdefault-400x360.jpg",400,360,true],"cvmm-medium-square":["https:\/\/laredlarioja.com.ar\/sitio\/wp-content\/uploads\/2025\/09\/hqdefault.jpg",480,360,false],"cvmm-large":["https:\/\/laredlarioja.com.ar\/sitio\/wp-content\/uploads\/2025\/09\/hqdefault.jpg",480,360,false],"cvmm-small":["https:\/\/laredlarioja.com.ar\/sitio\/wp-content\/uploads\/2025\/09\/hqdefault-130x95.jpg",130,95,true],"morenews-large":["https:\/\/laredlarioja.com.ar\/sitio\/wp-content\/uploads\/2025\/09\/hqdefault.jpg",480,360,false],"morenews-medium":["https:\/\/laredlarioja.com.ar\/sitio\/wp-content\/uploads\/2025\/09\/hqdefault.jpg",480,360,false]},"author_info":{"display_name":"Maria De La Vega","author_link":"https:\/\/laredlarioja.com.ar\/sitio\/author\/maru\/"},"category_info":"<a href=\"https:\/\/laredlarioja.com.ar\/sitio\/categorias\/pais\/\" rel=\"category tag\">El pa\u00eds<\/a>","tag_info":"El pa\u00eds","comment_count":"0","blog_post_layout_featured_media_urls":{"thumbnail":["https:\/\/laredlarioja.com.ar\/sitio\/wp-content\/uploads\/2025\/09\/hqdefault-150x150.jpg",150,150,true],"full":["https:\/\/laredlarioja.com.ar\/sitio\/wp-content\/uploads\/2025\/09\/hqdefault.jpg",480,360,false]},"categories_names":{"130":{"name":"El pa\u00eds","link":"https:\/\/laredlarioja.com.ar\/sitio\/categorias\/pais\/"}},"tags_names":{"84":{"name":"Secundaria","link":"https:\/\/laredlarioja.com.ar\/sitio\/etiquetas\/secundaria\/"}},"comments_number":"0","wpmagazine_modules_lite_featured_media_urls":{"thumbnail":["https:\/\/laredlarioja.com.ar\/sitio\/wp-content\/uploads\/2025\/09\/hqdefault-150x150.jpg",150,150,true],"cvmm-medium":["https:\/\/laredlarioja.com.ar\/sitio\/wp-content\/uploads\/2025\/09\/hqdefault-300x300.jpg",300,300,true],"cvmm-medium-plus":["https:\/\/laredlarioja.com.ar\/sitio\/wp-content\/uploads\/2025\/09\/hqdefault-305x207.jpg",305,207,true],"cvmm-portrait":["https:\/\/laredlarioja.com.ar\/sitio\/wp-content\/uploads\/2025\/09\/hqdefault-400x360.jpg",400,360,true],"cvmm-medium-square":["https:\/\/laredlarioja.com.ar\/sitio\/wp-content\/uploads\/2025\/09\/hqdefault.jpg",480,360,false],"cvmm-large":["https:\/\/laredlarioja.com.ar\/sitio\/wp-content\/uploads\/2025\/09\/hqdefault.jpg",480,360,false],"cvmm-small":["https:\/\/laredlarioja.com.ar\/sitio\/wp-content\/uploads\/2025\/09\/hqdefault-130x95.jpg",130,95,true],"full":["https:\/\/laredlarioja.com.ar\/sitio\/wp-content\/uploads\/2025\/09\/hqdefault.jpg",480,360,false]},"_links":{"self":[{"href":"https:\/\/laredlarioja.com.ar\/sitio\/wp-json\/wp\/v2\/posts\/66074","targetHints":{"allow":["GET"]}}],"collection":[{"href":"https:\/\/laredlarioja.com.ar\/sitio\/wp-json\/wp\/v2\/posts"}],"about":[{"href":"https:\/\/laredlarioja.com.ar\/sitio\/wp-json\/wp\/v2\/types\/post"}],"author":[{"embeddable":true,"href":"https:\/\/laredlarioja.com.ar\/sitio\/wp-json\/wp\/v2\/users\/13"}],"replies":[{"embeddable":true,"href":"https:\/\/laredlarioja.com.ar\/sitio\/wp-json\/wp\/v2\/comments?post=66074"}],"version-history":[{"count":1,"href":"https:\/\/laredlarioja.com.ar\/sitio\/wp-json\/wp\/v2\/posts\/66074\/revisions"}],"predecessor-version":[{"id":66076,"href":"https:\/\/laredlarioja.com.ar\/sitio\/wp-json\/wp\/v2\/posts\/66074\/revisions\/66076"}],"wp:featuredmedia":[{"embeddable":true,"href":"https:\/\/laredlarioja.com.ar\/sitio\/wp-json\/wp\/v2\/media\/66075"}],"wp:attachment":[{"href":"https:\/\/laredlarioja.com.ar\/sitio\/wp-json\/wp\/v2\/media?parent=66074"}],"wp:term":[{"taxonomy":"category","embeddable":true,"href":"https:\/\/laredlarioja.com.ar\/sitio\/wp-json\/wp\/v2\/categories?post=66074"},{"taxonomy":"post_tag","embeddable":true,"href":"https:\/\/laredlarioja.com.ar\/sitio\/wp-json\/wp\/v2\/tags?post=66074"}],"curies":[{"name":"wp","href":"https:\/\/api.w.org\/{rel}","templated":true}]}}