{"id":66079,"date":"2025-09-02T23:06:52","date_gmt":"2025-09-02T23:06:52","guid":{"rendered":"https:\/\/laredlarioja.com.ar\/sitio\/?p=66079"},"modified":"2025-09-02T23:06:52","modified_gmt":"2025-09-02T23:06:52","slug":"rusia-rechazo-las-acusaciones-del-gobierno-por-los-audios-filtrados-son-infundadas-y-falsas","status":"publish","type":"post","link":"https:\/\/laredlarioja.com.ar\/sitio\/rusia-rechazo-las-acusaciones-del-gobierno-por-los-audios-filtrados-son-infundadas-y-falsas\/","title":{"rendered":"Rusia rechaz\u00f3 las acusaciones del Gobierno por los audios filtrados: \u201cSon infundadas y falsas\u201d"},"content":{"rendered":"<p>&nbsp;<\/p>\n<p>La Embajada de Rusia en la Argentina respondi\u00f3 este martes a las denuncias del Gobierno de Javier Milei que la vinculan con la grabaci\u00f3n y filtraci\u00f3n de audios de funcionarios nacionales, entre ellos Karina Milei, y calific\u00f3 esas versiones como \u201cinfundadas y falsas\u201d.<\/p>\n<p>En un comunicado difundido a trav\u00e9s de sus redes sociales, la sede diplom\u00e1tica afirm\u00f3:<br \/>\n\u201cLamentamos observar que en el contexto de otro esc\u00e1ndalo pol\u00edtico interno de gran repercusi\u00f3n medi\u00e1tica nuestro pa\u00eds vuelve a ser mencionado de forma negativa. Se han expresado p\u00fablicamente algunas suposiciones sobre la posible grabaci\u00f3n de conversaciones telef\u00f3nicas en Casa Rosada por servicios de inteligencia rusos (y venezolanos), supuestamente con el objetivo de desestabilizar al Gobierno. No se han aportado ningunas pruebas al respecto. Rechazamos categ\u00f3ricamente estas acusaciones, consider\u00e1ndolas infundadas y falsas\u201d.<\/p>\n<p>La embajada agreg\u00f3 que \u201cel deseo de ver \u2018esp\u00edas rusos\u2019 en cada esquina es irracional y destructivo\u201d y subray\u00f3 que Mosc\u00fa \u201caboga constantemente por la construcci\u00f3n de una cooperaci\u00f3n equitativa y mutuamente respetuosa con Argentina, en el marco de una asociaci\u00f3n estrat\u00e9gica integral basada en la s\u00f3lida amistad entre nuestros pueblos\u201d.<\/p>\n<p>Adem\u00e1s, record\u00f3 que en octubre se celebrar\u00e1 el 140\u00ba aniversario de las relaciones diplom\u00e1ticas entre ambos pa\u00edses y sostuvo que espera que ese acontecimiento se d\u00e9 \u201cen un esp\u00edritu de amistad y no bajo la influencia de una historia de espionaje ficticia\u201d.<\/p>\n<p>Las declaraciones de la embajada llegan luego de que la ministra de Seguridad, Patricia Bullrich, mencionara p\u00fablicamente la posibilidad de que \u201cpersonas ligadas a los servicios de inteligencia rusos\u201d estuvieran detr\u00e1s de la filtraci\u00f3n de los audios, e incluso sugiriera una eventual \u201cincidencia de Venezuela\u201d.<\/p>\n<p>El episodio reaviva las tensiones diplom\u00e1ticas en un contexto marcado por el esc\u00e1ndalo pol\u00edtico que desat\u00f3 la difusi\u00f3n de grabaciones internas de la Casa Rosada y abre un nuevo frente en la relaci\u00f3n bilateral con Rusia.<\/p>\n","protected":false},"excerpt":{"rendered":"<p>&nbsp; La Embajada de Rusia en la Argentina respondi\u00f3 este martes a las denuncias del Gobierno de Javier<\/p>\n","protected":false},"author":13,"featured_media":66080,"comment_status":"closed","ping_status":"open","sticky":false,"template":"","format":"standard","meta":{"footnotes":""},"categories":[130],"tags":[84],"class_list":["post-66079","post","type-post","status-publish","format-standard","has-post-thumbnail","hentry","category-pais","tag-secundaria"],"yoast_head":"<!-- This site is optimized with the Yoast SEO plugin v27.4 - https:\/\/yoast.com\/product\/yoast-seo-wordpress\/ -->\n<title>Rusia rechaz\u00f3 las acusaciones del Gobierno por los audios filtrados: \u201cSon infundadas y falsas\u201d - LA RED 88.3 LA RIOJA<\/title>\n<meta name=\"robots\" content=\"index, follow, max-snippet:-1, max-image-preview:large, max-video-preview:-1\" \/>\n<link rel=\"canonical\" href=\"https:\/\/laredlarioja.com.ar\/sitio\/rusia-rechazo-las-acusaciones-del-gobierno-por-los-audios-filtrados-son-infundadas-y-falsas\/\" \/>\n<meta property=\"og:locale\" content=\"es_ES\" \/>\n<meta property=\"og:type\" content=\"article\" \/>\n<meta property=\"og:title\" content=\"Rusia rechaz\u00f3 las acusaciones del Gobierno por los audios filtrados: \u201cSon infundadas y falsas\u201d - LA RED 88.3 LA RIOJA\" \/>\n<meta property=\"og:description\" content=\"&nbsp; La Embajada de Rusia en la Argentina respondi\u00f3 este martes a las denuncias del Gobierno de Javier\" \/>\n<meta property=\"og:url\" content=\"https:\/\/laredlarioja.com.ar\/sitio\/rusia-rechazo-las-acusaciones-del-gobierno-por-los-audios-filtrados-son-infundadas-y-falsas\/\" \/>\n<meta property=\"og:site_name\" content=\"LA RED 88.3 LA RIOJA\" \/>\n<meta property=\"article:publisher\" content=\"https:\/\/www.facebook.com\/lared.larioja\" \/>\n<meta property=\"article:published_time\" content=\"2025-09-02T23:06:52+00:00\" \/>\n<meta property=\"og:image\" content=\"https:\/\/laredlarioja.com.ar\/sitio\/wp-content\/uploads\/2025\/09\/FMiZBwXWQAEgt5J.jpg\" \/>\n\t<meta property=\"og:image:width\" content=\"803\" \/>\n\t<meta property=\"og:image:height\" content=\"464\" \/>\n\t<meta property=\"og:image:type\" content=\"image\/jpeg\" \/>\n<meta name=\"author\" content=\"Maria De La Vega\" \/>\n<meta name=\"twitter:card\" content=\"summary_large_image\" \/>\n<meta name=\"twitter:creator\" content=\"@laredlarioja1\" \/>\n<meta name=\"twitter:site\" content=\"@laredlarioja1\" \/>\n<meta name=\"twitter:label1\" content=\"Escrito por\" \/>\n\t<meta name=\"twitter:data1\" content=\"Maria De La Vega\" \/>\n\t<meta name=\"twitter:label2\" content=\"Tiempo de lectura\" \/>\n\t<meta name=\"twitter:data2\" content=\"2 minutos\" \/>\n<script type=\"application\/ld+json\" class=\"yoast-schema-graph\">{\"@context\":\"https:\\\/\\\/schema.org\",\"@graph\":[{\"@type\":\"Article\",\"@id\":\"https:\\\/\\\/laredlarioja.com.ar\\\/sitio\\\/rusia-rechazo-las-acusaciones-del-gobierno-por-los-audios-filtrados-son-infundadas-y-falsas\\\/#article\",\"isPartOf\":{\"@id\":\"https:\\\/\\\/laredlarioja.com.ar\\\/sitio\\\/rusia-rechazo-las-acusaciones-del-gobierno-por-los-audios-filtrados-son-infundadas-y-falsas\\\/\"},\"author\":{\"name\":\"Maria De La Vega\",\"@id\":\"https:\\\/\\\/laredlarioja.com.ar\\\/sitio\\\/#\\\/schema\\\/person\\\/8b98ebe852851a8bdc8acd6ec6918de9\"},\"headline\":\"Rusia rechaz\u00f3 las acusaciones del Gobierno por los audios filtrados: \u201cSon infundadas y falsas\u201d\",\"datePublished\":\"2025-09-02T23:06:52+00:00\",\"mainEntityOfPage\":{\"@id\":\"https:\\\/\\\/laredlarioja.com.ar\\\/sitio\\\/rusia-rechazo-las-acusaciones-del-gobierno-por-los-audios-filtrados-son-infundadas-y-falsas\\\/\"},\"wordCount\":348,\"publisher\":{\"@id\":\"https:\\\/\\\/laredlarioja.com.ar\\\/sitio\\\/#organization\"},\"image\":{\"@id\":\"https:\\\/\\\/laredlarioja.com.ar\\\/sitio\\\/rusia-rechazo-las-acusaciones-del-gobierno-por-los-audios-filtrados-son-infundadas-y-falsas\\\/#primaryimage\"},\"thumbnailUrl\":\"https:\\\/\\\/laredlarioja.com.ar\\\/sitio\\\/wp-content\\\/uploads\\\/2025\\\/09\\\/FMiZBwXWQAEgt5J.jpg\",\"keywords\":[\"Secundaria\"],\"articleSection\":[\"El pa\u00eds\"],\"inLanguage\":\"es\"},{\"@type\":\"WebPage\",\"@id\":\"https:\\\/\\\/laredlarioja.com.ar\\\/sitio\\\/rusia-rechazo-las-acusaciones-del-gobierno-por-los-audios-filtrados-son-infundadas-y-falsas\\\/\",\"url\":\"https:\\\/\\\/laredlarioja.com.ar\\\/sitio\\\/rusia-rechazo-las-acusaciones-del-gobierno-por-los-audios-filtrados-son-infundadas-y-falsas\\\/\",\"name\":\"Rusia rechaz\u00f3 las acusaciones del Gobierno por los audios filtrados: \u201cSon infundadas y falsas\u201d - LA RED 88.3 LA RIOJA\",\"isPartOf\":{\"@id\":\"https:\\\/\\\/laredlarioja.com.ar\\\/sitio\\\/#website\"},\"primaryImageOfPage\":{\"@id\":\"https:\\\/\\\/laredlarioja.com.ar\\\/sitio\\\/rusia-rechazo-las-acusaciones-del-gobierno-por-los-audios-filtrados-son-infundadas-y-falsas\\\/#primaryimage\"},\"image\":{\"@id\":\"https:\\\/\\\/laredlarioja.com.ar\\\/sitio\\\/rusia-rechazo-las-acusaciones-del-gobierno-por-los-audios-filtrados-son-infundadas-y-falsas\\\/#primaryimage\"},\"thumbnailUrl\":\"https:\\\/\\\/laredlarioja.com.ar\\\/sitio\\\/wp-content\\\/uploads\\\/2025\\\/09\\\/FMiZBwXWQAEgt5J.jpg\",\"datePublished\":\"2025-09-02T23:06:52+00:00\",\"breadcrumb\":{\"@id\":\"https:\\\/\\\/laredlarioja.com.ar\\\/sitio\\\/rusia-rechazo-las-acusaciones-del-gobierno-por-los-audios-filtrados-son-infundadas-y-falsas\\\/#breadcrumb\"},\"inLanguage\":\"es\",\"potentialAction\":[{\"@type\":\"ReadAction\",\"target\":[\"https:\\\/\\\/laredlarioja.com.ar\\\/sitio\\\/rusia-rechazo-las-acusaciones-del-gobierno-por-los-audios-filtrados-son-infundadas-y-falsas\\\/\"]}]},{\"@type\":\"ImageObject\",\"inLanguage\":\"es\",\"@id\":\"https:\\\/\\\/laredlarioja.com.ar\\\/sitio\\\/rusia-rechazo-las-acusaciones-del-gobierno-por-los-audios-filtrados-son-infundadas-y-falsas\\\/#primaryimage\",\"url\":\"https:\\\/\\\/laredlarioja.com.ar\\\/sitio\\\/wp-content\\\/uploads\\\/2025\\\/09\\\/FMiZBwXWQAEgt5J.jpg\",\"contentUrl\":\"https:\\\/\\\/laredlarioja.com.ar\\\/sitio\\\/wp-content\\\/uploads\\\/2025\\\/09\\\/FMiZBwXWQAEgt5J.jpg\",\"width\":803,\"height\":464},{\"@type\":\"BreadcrumbList\",\"@id\":\"https:\\\/\\\/laredlarioja.com.ar\\\/sitio\\\/rusia-rechazo-las-acusaciones-del-gobierno-por-los-audios-filtrados-son-infundadas-y-falsas\\\/#breadcrumb\",\"itemListElement\":[{\"@type\":\"ListItem\",\"position\":1,\"name\":\"Portada\",\"item\":\"https:\\\/\\\/laredlarioja.com.ar\\\/sitio\\\/\"},{\"@type\":\"ListItem\",\"position\":2,\"name\":\"Rusia rechaz\u00f3 las acusaciones del Gobierno por los audios filtrados: \u201cSon infundadas y falsas\u201d\"}]},{\"@type\":\"WebSite\",\"@id\":\"https:\\\/\\\/laredlarioja.com.ar\\\/sitio\\\/#website\",\"url\":\"https:\\\/\\\/laredlarioja.com.ar\\\/sitio\\\/\",\"name\":\"LA RED 88.3 LA RIOJA\",\"description\":\"Sitio de Noticias\",\"publisher\":{\"@id\":\"https:\\\/\\\/laredlarioja.com.ar\\\/sitio\\\/#organization\"},\"potentialAction\":[{\"@type\":\"SearchAction\",\"target\":{\"@type\":\"EntryPoint\",\"urlTemplate\":\"https:\\\/\\\/laredlarioja.com.ar\\\/sitio\\\/?s={search_term_string}\"},\"query-input\":{\"@type\":\"PropertyValueSpecification\",\"valueRequired\":true,\"valueName\":\"search_term_string\"}}],\"inLanguage\":\"es\"},{\"@type\":\"Organization\",\"@id\":\"https:\\\/\\\/laredlarioja.com.ar\\\/sitio\\\/#organization\",\"name\":\"LA RED 88.3 LA RIOJA\",\"url\":\"https:\\\/\\\/laredlarioja.com.ar\\\/sitio\\\/\",\"logo\":{\"@type\":\"ImageObject\",\"inLanguage\":\"es\",\"@id\":\"https:\\\/\\\/laredlarioja.com.ar\\\/sitio\\\/#\\\/schema\\\/logo\\\/image\\\/\",\"url\":\"https:\\\/\\\/laredlarioja.com.ar\\\/sitio\\\/wp-content\\\/uploads\\\/2025\\\/05\\\/LOGO-LA-RED.png\",\"contentUrl\":\"https:\\\/\\\/laredlarioja.com.ar\\\/sitio\\\/wp-content\\\/uploads\\\/2025\\\/05\\\/LOGO-LA-RED.png\",\"width\":193,\"height\":340,\"caption\":\"LA RED 88.3 LA RIOJA\"},\"image\":{\"@id\":\"https:\\\/\\\/laredlarioja.com.ar\\\/sitio\\\/#\\\/schema\\\/logo\\\/image\\\/\"},\"sameAs\":[\"https:\\\/\\\/www.facebook.com\\\/lared.larioja\",\"https:\\\/\\\/x.com\\\/laredlarioja1\",\"https:\\\/\\\/www.instagram.com\\\/lared_larioja\\\/\"]},{\"@type\":\"Person\",\"@id\":\"https:\\\/\\\/laredlarioja.com.ar\\\/sitio\\\/#\\\/schema\\\/person\\\/8b98ebe852851a8bdc8acd6ec6918de9\",\"name\":\"Maria De La Vega\",\"sameAs\":[\"http:\\\/\\\/laredlarioja.com.ar\"],\"url\":\"https:\\\/\\\/laredlarioja.com.ar\\\/sitio\\\/author\\\/maru\\\/\"}]}<\/script>\n<!-- \/ Yoast SEO plugin. -->","yoast_head_json":{"title":"Rusia rechaz\u00f3 las acusaciones del Gobierno por los audios filtrados: \u201cSon infundadas y falsas\u201d - LA RED 88.3 LA RIOJA","robots":{"index":"index","follow":"follow","max-snippet":"max-snippet:-1","max-image-preview":"max-image-preview:large","max-video-preview":"max-video-preview:-1"},"canonical":"https:\/\/laredlarioja.com.ar\/sitio\/rusia-rechazo-las-acusaciones-del-gobierno-por-los-audios-filtrados-son-infundadas-y-falsas\/","og_locale":"es_ES","og_type":"article","og_title":"Rusia rechaz\u00f3 las acusaciones del Gobierno por los audios filtrados: \u201cSon infundadas y falsas\u201d - LA RED 88.3 LA RIOJA","og_description":"&nbsp; La Embajada de Rusia en la Argentina respondi\u00f3 este martes a las denuncias del Gobierno de Javier","og_url":"https:\/\/laredlarioja.com.ar\/sitio\/rusia-rechazo-las-acusaciones-del-gobierno-por-los-audios-filtrados-son-infundadas-y-falsas\/","og_site_name":"LA RED 88.3 LA RIOJA","article_publisher":"https:\/\/www.facebook.com\/lared.larioja","article_published_time":"2025-09-02T23:06:52+00:00","og_image":[{"width":803,"height":464,"url":"https:\/\/laredlarioja.com.ar\/sitio\/wp-content\/uploads\/2025\/09\/FMiZBwXWQAEgt5J.jpg","type":"image\/jpeg"}],"author":"Maria De La Vega","twitter_card":"summary_large_image","twitter_creator":"@laredlarioja1","twitter_site":"@laredlarioja1","twitter_misc":{"Escrito por":"Maria De La Vega","Tiempo de lectura":"2 minutos"},"schema":{"@context":"https:\/\/schema.org","@graph":[{"@type":"Article","@id":"https:\/\/laredlarioja.com.ar\/sitio\/rusia-rechazo-las-acusaciones-del-gobierno-por-los-audios-filtrados-son-infundadas-y-falsas\/#article","isPartOf":{"@id":"https:\/\/laredlarioja.com.ar\/sitio\/rusia-rechazo-las-acusaciones-del-gobierno-por-los-audios-filtrados-son-infundadas-y-falsas\/"},"author":{"name":"Maria De La Vega","@id":"https:\/\/laredlarioja.com.ar\/sitio\/#\/schema\/person\/8b98ebe852851a8bdc8acd6ec6918de9"},"headline":"Rusia rechaz\u00f3 las acusaciones del Gobierno por los audios filtrados: \u201cSon infundadas y falsas\u201d","datePublished":"2025-09-02T23:06:52+00:00","mainEntityOfPage":{"@id":"https:\/\/laredlarioja.com.ar\/sitio\/rusia-rechazo-las-acusaciones-del-gobierno-por-los-audios-filtrados-son-infundadas-y-falsas\/"},"wordCount":348,"publisher":{"@id":"https:\/\/laredlarioja.com.ar\/sitio\/#organization"},"image":{"@id":"https:\/\/laredlarioja.com.ar\/sitio\/rusia-rechazo-las-acusaciones-del-gobierno-por-los-audios-filtrados-son-infundadas-y-falsas\/#primaryimage"},"thumbnailUrl":"https:\/\/laredlarioja.com.ar\/sitio\/wp-content\/uploads\/2025\/09\/FMiZBwXWQAEgt5J.jpg","keywords":["Secundaria"],"articleSection":["El pa\u00eds"],"inLanguage":"es"},{"@type":"WebPage","@id":"https:\/\/laredlarioja.com.ar\/sitio\/rusia-rechazo-las-acusaciones-del-gobierno-por-los-audios-filtrados-son-infundadas-y-falsas\/","url":"https:\/\/laredlarioja.com.ar\/sitio\/rusia-rechazo-las-acusaciones-del-gobierno-por-los-audios-filtrados-son-infundadas-y-falsas\/","name":"Rusia rechaz\u00f3 las acusaciones del Gobierno por los audios filtrados: \u201cSon infundadas y falsas\u201d - LA RED 88.3 LA RIOJA","isPartOf":{"@id":"https:\/\/laredlarioja.com.ar\/sitio\/#website"},"primaryImageOfPage":{"@id":"https:\/\/laredlarioja.com.ar\/sitio\/rusia-rechazo-las-acusaciones-del-gobierno-por-los-audios-filtrados-son-infundadas-y-falsas\/#primaryimage"},"image":{"@id":"https:\/\/laredlarioja.com.ar\/sitio\/rusia-rechazo-las-acusaciones-del-gobierno-por-los-audios-filtrados-son-infundadas-y-falsas\/#primaryimage"},"thumbnailUrl":"https:\/\/laredlarioja.com.ar\/sitio\/wp-content\/uploads\/2025\/09\/FMiZBwXWQAEgt5J.jpg","datePublished":"2025-09-02T23:06:52+00:00","breadcrumb":{"@id":"https:\/\/laredlarioja.com.ar\/sitio\/rusia-rechazo-las-acusaciones-del-gobierno-por-los-audios-filtrados-son-infundadas-y-falsas\/#breadcrumb"},"inLanguage":"es","potentialAction":[{"@type":"ReadAction","target":["https:\/\/laredlarioja.com.ar\/sitio\/rusia-rechazo-las-acusaciones-del-gobierno-por-los-audios-filtrados-son-infundadas-y-falsas\/"]}]},{"@type":"ImageObject","inLanguage":"es","@id":"https:\/\/laredlarioja.com.ar\/sitio\/rusia-rechazo-las-acusaciones-del-gobierno-por-los-audios-filtrados-son-infundadas-y-falsas\/#primaryimage","url":"https:\/\/laredlarioja.com.ar\/sitio\/wp-content\/uploads\/2025\/09\/FMiZBwXWQAEgt5J.jpg","contentUrl":"https:\/\/laredlarioja.com.ar\/sitio\/wp-content\/uploads\/2025\/09\/FMiZBwXWQAEgt5J.jpg","width":803,"height":464},{"@type":"BreadcrumbList","@id":"https:\/\/laredlarioja.com.ar\/sitio\/rusia-rechazo-las-acusaciones-del-gobierno-por-los-audios-filtrados-son-infundadas-y-falsas\/#breadcrumb","itemListElement":[{"@type":"ListItem","position":1,"name":"Portada","item":"https:\/\/laredlarioja.com.ar\/sitio\/"},{"@type":"ListItem","position":2,"name":"Rusia rechaz\u00f3 las acusaciones del Gobierno por los audios filtrados: \u201cSon infundadas y falsas\u201d"}]},{"@type":"WebSite","@id":"https:\/\/laredlarioja.com.ar\/sitio\/#website","url":"https:\/\/laredlarioja.com.ar\/sitio\/","name":"LA RED 88.3 LA RIOJA","description":"Sitio de Noticias","publisher":{"@id":"https:\/\/laredlarioja.com.ar\/sitio\/#organization"},"potentialAction":[{"@type":"SearchAction","target":{"@type":"EntryPoint","urlTemplate":"https:\/\/laredlarioja.com.ar\/sitio\/?s={search_term_string}"},"query-input":{"@type":"PropertyValueSpecification","valueRequired":true,"valueName":"search_term_string"}}],"inLanguage":"es"},{"@type":"Organization","@id":"https:\/\/laredlarioja.com.ar\/sitio\/#organization","name":"LA RED 88.3 LA RIOJA","url":"https:\/\/laredlarioja.com.ar\/sitio\/","logo":{"@type":"ImageObject","inLanguage":"es","@id":"https:\/\/laredlarioja.com.ar\/sitio\/#\/schema\/logo\/image\/","url":"https:\/\/laredlarioja.com.ar\/sitio\/wp-content\/uploads\/2025\/05\/LOGO-LA-RED.png","contentUrl":"https:\/\/laredlarioja.com.ar\/sitio\/wp-content\/uploads\/2025\/05\/LOGO-LA-RED.png","width":193,"height":340,"caption":"LA RED 88.3 LA RIOJA"},"image":{"@id":"https:\/\/laredlarioja.com.ar\/sitio\/#\/schema\/logo\/image\/"},"sameAs":["https:\/\/www.facebook.com\/lared.larioja","https:\/\/x.com\/laredlarioja1","https:\/\/www.instagram.com\/lared_larioja\/"]},{"@type":"Person","@id":"https:\/\/laredlarioja.com.ar\/sitio\/#\/schema\/person\/8b98ebe852851a8bdc8acd6ec6918de9","name":"Maria De La Vega","sameAs":["http:\/\/laredlarioja.com.ar"],"url":"https:\/\/laredlarioja.com.ar\/sitio\/author\/maru\/"}]}},"featured_image_urls":{"full":["https:\/\/laredlarioja.com.ar\/sitio\/wp-content\/uploads\/2025\/09\/FMiZBwXWQAEgt5J.jpg",803,464,false],"thumbnail":["https:\/\/laredlarioja.com.ar\/sitio\/wp-content\/uploads\/2025\/09\/FMiZBwXWQAEgt5J-150x150.jpg",150,150,true],"medium":["https:\/\/laredlarioja.com.ar\/sitio\/wp-content\/uploads\/2025\/09\/FMiZBwXWQAEgt5J-300x173.jpg",300,173,true],"medium_large":["https:\/\/laredlarioja.com.ar\/sitio\/wp-content\/uploads\/2025\/09\/FMiZBwXWQAEgt5J-768x444.jpg",640,370,true],"large":["https:\/\/laredlarioja.com.ar\/sitio\/wp-content\/uploads\/2025\/09\/FMiZBwXWQAEgt5J.jpg",640,370,false],"1536x1536":["https:\/\/laredlarioja.com.ar\/sitio\/wp-content\/uploads\/2025\/09\/FMiZBwXWQAEgt5J.jpg",803,464,false],"2048x2048":["https:\/\/laredlarioja.com.ar\/sitio\/wp-content\/uploads\/2025\/09\/FMiZBwXWQAEgt5J.jpg",803,464,false],"cvmm-medium":["https:\/\/laredlarioja.com.ar\/sitio\/wp-content\/uploads\/2025\/09\/FMiZBwXWQAEgt5J-300x300.jpg",300,300,true],"cvmm-medium-plus":["https:\/\/laredlarioja.com.ar\/sitio\/wp-content\/uploads\/2025\/09\/FMiZBwXWQAEgt5J-305x207.jpg",305,207,true],"cvmm-portrait":["https:\/\/laredlarioja.com.ar\/sitio\/wp-content\/uploads\/2025\/09\/FMiZBwXWQAEgt5J-400x464.jpg",400,464,true],"cvmm-medium-square":["https:\/\/laredlarioja.com.ar\/sitio\/wp-content\/uploads\/2025\/09\/FMiZBwXWQAEgt5J-600x464.jpg",600,464,true],"cvmm-large":["https:\/\/laredlarioja.com.ar\/sitio\/wp-content\/uploads\/2025\/09\/FMiZBwXWQAEgt5J.jpg",803,464,false],"cvmm-small":["https:\/\/laredlarioja.com.ar\/sitio\/wp-content\/uploads\/2025\/09\/FMiZBwXWQAEgt5J-130x95.jpg",130,95,true],"morenews-large":["https:\/\/laredlarioja.com.ar\/sitio\/wp-content\/uploads\/2025\/09\/FMiZBwXWQAEgt5J.jpg",803,464,false],"morenews-medium":["https:\/\/laredlarioja.com.ar\/sitio\/wp-content\/uploads\/2025\/09\/FMiZBwXWQAEgt5J-590x410.jpg",590,410,true]},"author_info":{"display_name":"Maria De La Vega","author_link":"https:\/\/laredlarioja.com.ar\/sitio\/author\/maru\/"},"category_info":"<a href=\"https:\/\/laredlarioja.com.ar\/sitio\/categorias\/pais\/\" rel=\"category tag\">El pa\u00eds<\/a>","tag_info":"El pa\u00eds","comment_count":"0","blog_post_layout_featured_media_urls":{"thumbnail":["https:\/\/laredlarioja.com.ar\/sitio\/wp-content\/uploads\/2025\/09\/FMiZBwXWQAEgt5J-150x150.jpg",150,150,true],"full":["https:\/\/laredlarioja.com.ar\/sitio\/wp-content\/uploads\/2025\/09\/FMiZBwXWQAEgt5J.jpg",803,464,false]},"categories_names":{"130":{"name":"El pa\u00eds","link":"https:\/\/laredlarioja.com.ar\/sitio\/categorias\/pais\/"}},"tags_names":{"84":{"name":"Secundaria","link":"https:\/\/laredlarioja.com.ar\/sitio\/etiquetas\/secundaria\/"}},"comments_number":"0","wpmagazine_modules_lite_featured_media_urls":{"thumbnail":["https:\/\/laredlarioja.com.ar\/sitio\/wp-content\/uploads\/2025\/09\/FMiZBwXWQAEgt5J-150x150.jpg",150,150,true],"cvmm-medium":["https:\/\/laredlarioja.com.ar\/sitio\/wp-content\/uploads\/2025\/09\/FMiZBwXWQAEgt5J-300x300.jpg",300,300,true],"cvmm-medium-plus":["https:\/\/laredlarioja.com.ar\/sitio\/wp-content\/uploads\/2025\/09\/FMiZBwXWQAEgt5J-305x207.jpg",305,207,true],"cvmm-portrait":["https:\/\/laredlarioja.com.ar\/sitio\/wp-content\/uploads\/2025\/09\/FMiZBwXWQAEgt5J-400x464.jpg",400,464,true],"cvmm-medium-square":["https:\/\/laredlarioja.com.ar\/sitio\/wp-content\/uploads\/2025\/09\/FMiZBwXWQAEgt5J-600x464.jpg",600,464,true],"cvmm-large":["https:\/\/laredlarioja.com.ar\/sitio\/wp-content\/uploads\/2025\/09\/FMiZBwXWQAEgt5J.jpg",803,464,false],"cvmm-small":["https:\/\/laredlarioja.com.ar\/sitio\/wp-content\/uploads\/2025\/09\/FMiZBwXWQAEgt5J-130x95.jpg",130,95,true],"full":["https:\/\/laredlarioja.com.ar\/sitio\/wp-content\/uploads\/2025\/09\/FMiZBwXWQAEgt5J.jpg",803,464,false]},"_links":{"self":[{"href":"https:\/\/laredlarioja.com.ar\/sitio\/wp-json\/wp\/v2\/posts\/66079","targetHints":{"allow":["GET"]}}],"collection":[{"href":"https:\/\/laredlarioja.com.ar\/sitio\/wp-json\/wp\/v2\/posts"}],"about":[{"href":"https:\/\/laredlarioja.com.ar\/sitio\/wp-json\/wp\/v2\/types\/post"}],"author":[{"embeddable":true,"href":"https:\/\/laredlarioja.com.ar\/sitio\/wp-json\/wp\/v2\/users\/13"}],"replies":[{"embeddable":true,"href":"https:\/\/laredlarioja.com.ar\/sitio\/wp-json\/wp\/v2\/comments?post=66079"}],"version-history":[{"count":1,"href":"https:\/\/laredlarioja.com.ar\/sitio\/wp-json\/wp\/v2\/posts\/66079\/revisions"}],"predecessor-version":[{"id":66081,"href":"https:\/\/laredlarioja.com.ar\/sitio\/wp-json\/wp\/v2\/posts\/66079\/revisions\/66081"}],"wp:featuredmedia":[{"embeddable":true,"href":"https:\/\/laredlarioja.com.ar\/sitio\/wp-json\/wp\/v2\/media\/66080"}],"wp:attachment":[{"href":"https:\/\/laredlarioja.com.ar\/sitio\/wp-json\/wp\/v2\/media?parent=66079"}],"wp:term":[{"taxonomy":"category","embeddable":true,"href":"https:\/\/laredlarioja.com.ar\/sitio\/wp-json\/wp\/v2\/categories?post=66079"},{"taxonomy":"post_tag","embeddable":true,"href":"https:\/\/laredlarioja.com.ar\/sitio\/wp-json\/wp\/v2\/tags?post=66079"}],"curies":[{"name":"wp","href":"https:\/\/api.w.org\/{rel}","templated":true}]}}