{"id":66084,"date":"2025-09-02T23:52:58","date_gmt":"2025-09-02T23:52:58","guid":{"rendered":"https:\/\/laredlarioja.com.ar\/sitio\/?p=66084"},"modified":"2025-09-04T10:43:17","modified_gmt":"2025-09-04T10:43:17","slug":"la-crisis-golpea-a-la-fabrica-de-jugos-inca-hay-22-trabajadores-afectados","status":"publish","type":"post","link":"https:\/\/laredlarioja.com.ar\/sitio\/la-crisis-golpea-a-la-fabrica-de-jugos-inca-hay-22-trabajadores-afectados\/","title":{"rendered":"La crisis golpea a la f\u00e1brica de jugos INCA y  22 trabajadores afectados"},"content":{"rendered":"<p data-start=\"390\" data-end=\"649\">La Secretar\u00eda de Trabajo de La Rioja intervino en la situaci\u00f3n cr\u00edtica que atraviesa la <strong data-start=\"478\" data-end=\"503\">F\u00e1brica de Jugos Inca<\/strong>, perteneciente a la empresa <strong data-start=\"532\" data-end=\"547\">Nihuil S.A.<\/strong>, luego de los rumores de un posible cierre del establecimiento productivo ubicado en <strong data-start=\"633\" data-end=\"646\">Chilecito<\/strong>.<\/p>\n<p data-start=\"651\" data-end=\"1066\">La secretaria de Trabajo, <strong data-start=\"677\" data-end=\"696\">Miriam Espinosa<\/strong>, explic\u00f3 que la empresa se encuentra en un <strong data-start=\"740\" data-end=\"778\">procedimiento preventivo de crisis<\/strong> y que, durante la audiencia convocada de oficio este lunes, los representantes de la firma ratificaron la delicada coyuntura. \u201cEl v\u00ednculo laboral sigue vigente, con suspensiones y reducci\u00f3n de jornada, pero con la voluntad expresa del empleador de evitar el cierre definitivo\u201d, se\u00f1al\u00f3.<\/p>\n<p data-start=\"1068\" data-end=\"1466\">Espinosa agreg\u00f3 que desde la Secretar\u00eda se trabaja para <strong data-start=\"1124\" data-end=\"1181\">buscar soluciones m\u00e1s que focalizarse en el conflicto<\/strong>. \u201cHace tiempo ya hab\u00edan consensuado con los trabajadores una reducci\u00f3n de jornadas en el entendimiento y la b\u00fasqueda de alternativas que permitan superar la situaci\u00f3n de la empresa, la cual se ha ido agudizando, m\u00e1s en esta \u00e9poca del a\u00f1o donde el consumo de jugos es menor\u201d, indic\u00f3.<\/p>\n<p data-start=\"1468\" data-end=\"2107\">Durante la audiencia, los apoderados de la empresa confirmaron que la planta lleva casi <strong data-start=\"1556\" data-end=\"1592\">80 d\u00edas pr\u00e1cticamente paralizada<\/strong>. Como medida alternativa, ofrecieron un <strong data-start=\"1633\" data-end=\"1654\">retiro voluntario<\/strong> a los trabajadores, con pagos en cuotas. Sin embargo, esta primera propuesta fue <strong data-start=\"1736\" data-end=\"1783\">rechazada por los representantes sindicales<\/strong>, que argumentaron que la modalidad de pago no era adecuada. Ante la falta de acuerdo, la Secretar\u00eda de Trabajo dispuso un <strong data-start=\"1906\" data-end=\"1927\">cuarto intermedio<\/strong> y fij\u00f3 una nueva audiencia para el jueves 4 de septiembre, con el objetivo de buscar una salida que permita sostener la fuente laboral y garantizar la continuidad de la f\u00e1brica.<\/p>\n<p data-start=\"2109\" data-end=\"2580\">Seg\u00fan Espinosa, actualmente son <strong data-start=\"2141\" data-end=\"2175\">22 trabajadores m\u00e1s el gerente<\/strong> los afectados por la crisis, quienes vienen cobrando sus salarios con retrasos, lo que evidencia la gravedad de la situaci\u00f3n. La funcionaria aclar\u00f3 que la empresa no precis\u00f3 cu\u00e1ntas personas deber\u00edan acogerse al retiro voluntario, ya que la decisi\u00f3n depender\u00e1 de cada trabajador, pero se\u00f1al\u00f3 que cualquier c\u00e1lculo deber\u00e1 contemplar la antig\u00fcedad de cada empleado para garantizar un procedimiento justo.<\/p>\n<p data-start=\"2582\" data-end=\"3013\">Finalmente, la secretaria coment\u00f3 que, aunque circul\u00f3 informaci\u00f3n sobre un posible pedido de la empresa al Gobierno provincial para ceder un terreno y expandir la planta, <strong data-start=\"2753\" data-end=\"2792\">no hay confirmaci\u00f3n oficial de ello<\/strong>. Lo central, remarc\u00f3 Espinosa, es que la empresa <strong data-start=\"2842\" data-end=\"2910\">busca reorganizar su personal y mantener la actividad productiva<\/strong>, evitando el cierre definitivo y garantizando que los trabajadores mantengan sus derechos laborales.<\/p>\n","protected":false},"excerpt":{"rendered":"<p>La Secretar\u00eda de Trabajo de La Rioja intervino en la situaci\u00f3n cr\u00edtica que atraviesa la F\u00e1brica de Jugos<\/p>\n","protected":false},"author":7,"featured_media":66085,"comment_status":"closed","ping_status":"open","sticky":false,"template":"","format":"standard","meta":{"footnotes":""},"categories":[94],"tags":[],"class_list":["post-66084","post","type-post","status-publish","format-standard","has-post-thumbnail","hentry","category-locales"],"yoast_head":"<!-- This site is optimized with the Yoast SEO plugin v27.4 - https:\/\/yoast.com\/product\/yoast-seo-wordpress\/ -->\n<title>La crisis golpea a la f\u00e1brica de jugos INCA y 22 trabajadores afectados - LA RED 88.3 LA RIOJA<\/title>\n<meta name=\"robots\" content=\"index, follow, max-snippet:-1, max-image-preview:large, max-video-preview:-1\" \/>\n<link rel=\"canonical\" href=\"https:\/\/laredlarioja.com.ar\/sitio\/la-crisis-golpea-a-la-fabrica-de-jugos-inca-hay-22-trabajadores-afectados\/\" \/>\n<meta property=\"og:locale\" content=\"es_ES\" \/>\n<meta property=\"og:type\" content=\"article\" \/>\n<meta property=\"og:title\" content=\"La crisis golpea a la f\u00e1brica de jugos INCA y 22 trabajadores afectados - LA RED 88.3 LA RIOJA\" \/>\n<meta property=\"og:description\" content=\"La Secretar\u00eda de Trabajo de La Rioja intervino en la situaci\u00f3n cr\u00edtica que atraviesa la F\u00e1brica de Jugos\" \/>\n<meta property=\"og:url\" content=\"https:\/\/laredlarioja.com.ar\/sitio\/la-crisis-golpea-a-la-fabrica-de-jugos-inca-hay-22-trabajadores-afectados\/\" \/>\n<meta property=\"og:site_name\" content=\"LA RED 88.3 LA RIOJA\" \/>\n<meta property=\"article:publisher\" content=\"https:\/\/www.facebook.com\/lared.larioja\" \/>\n<meta property=\"article:published_time\" content=\"2025-09-02T23:52:58+00:00\" \/>\n<meta property=\"article:modified_time\" content=\"2025-09-04T10:43:17+00:00\" \/>\n<meta property=\"og:image\" content=\"https:\/\/laredlarioja.com.ar\/sitio\/wp-content\/uploads\/2025\/09\/FdIDSaRX0AEIHax.jpeg\" \/>\n\t<meta property=\"og:image:width\" content=\"682\" \/>\n\t<meta property=\"og:image:height\" content=\"454\" \/>\n\t<meta property=\"og:image:type\" content=\"image\/jpeg\" \/>\n<meta name=\"author\" content=\"Anabella Soria\" \/>\n<meta name=\"twitter:card\" content=\"summary_large_image\" \/>\n<meta name=\"twitter:creator\" content=\"@laredlarioja1\" \/>\n<meta name=\"twitter:site\" content=\"@laredlarioja1\" \/>\n<meta name=\"twitter:label1\" content=\"Escrito por\" \/>\n\t<meta name=\"twitter:data1\" content=\"Anabella Soria\" \/>\n\t<meta name=\"twitter:label2\" content=\"Tiempo de lectura\" \/>\n\t<meta name=\"twitter:data2\" content=\"3 minutos\" \/>\n<script type=\"application\/ld+json\" class=\"yoast-schema-graph\">{\"@context\":\"https:\\\/\\\/schema.org\",\"@graph\":[{\"@type\":\"Article\",\"@id\":\"https:\\\/\\\/laredlarioja.com.ar\\\/sitio\\\/la-crisis-golpea-a-la-fabrica-de-jugos-inca-hay-22-trabajadores-afectados\\\/#article\",\"isPartOf\":{\"@id\":\"https:\\\/\\\/laredlarioja.com.ar\\\/sitio\\\/la-crisis-golpea-a-la-fabrica-de-jugos-inca-hay-22-trabajadores-afectados\\\/\"},\"author\":{\"name\":\"Anabella Soria\",\"@id\":\"https:\\\/\\\/laredlarioja.com.ar\\\/sitio\\\/#\\\/schema\\\/person\\\/31f88059d20c5cf06e974fd895aec56e\"},\"headline\":\"La crisis golpea a la f\u00e1brica de jugos INCA y 22 trabajadores afectados\",\"datePublished\":\"2025-09-02T23:52:58+00:00\",\"dateModified\":\"2025-09-04T10:43:17+00:00\",\"mainEntityOfPage\":{\"@id\":\"https:\\\/\\\/laredlarioja.com.ar\\\/sitio\\\/la-crisis-golpea-a-la-fabrica-de-jugos-inca-hay-22-trabajadores-afectados\\\/\"},\"wordCount\":434,\"publisher\":{\"@id\":\"https:\\\/\\\/laredlarioja.com.ar\\\/sitio\\\/#organization\"},\"image\":{\"@id\":\"https:\\\/\\\/laredlarioja.com.ar\\\/sitio\\\/la-crisis-golpea-a-la-fabrica-de-jugos-inca-hay-22-trabajadores-afectados\\\/#primaryimage\"},\"thumbnailUrl\":\"https:\\\/\\\/laredlarioja.com.ar\\\/sitio\\\/wp-content\\\/uploads\\\/2025\\\/09\\\/FdIDSaRX0AEIHax.jpeg\",\"articleSection\":[\"Locales\"],\"inLanguage\":\"es\"},{\"@type\":\"WebPage\",\"@id\":\"https:\\\/\\\/laredlarioja.com.ar\\\/sitio\\\/la-crisis-golpea-a-la-fabrica-de-jugos-inca-hay-22-trabajadores-afectados\\\/\",\"url\":\"https:\\\/\\\/laredlarioja.com.ar\\\/sitio\\\/la-crisis-golpea-a-la-fabrica-de-jugos-inca-hay-22-trabajadores-afectados\\\/\",\"name\":\"La crisis golpea a la f\u00e1brica de jugos INCA y 22 trabajadores afectados - LA RED 88.3 LA RIOJA\",\"isPartOf\":{\"@id\":\"https:\\\/\\\/laredlarioja.com.ar\\\/sitio\\\/#website\"},\"primaryImageOfPage\":{\"@id\":\"https:\\\/\\\/laredlarioja.com.ar\\\/sitio\\\/la-crisis-golpea-a-la-fabrica-de-jugos-inca-hay-22-trabajadores-afectados\\\/#primaryimage\"},\"image\":{\"@id\":\"https:\\\/\\\/laredlarioja.com.ar\\\/sitio\\\/la-crisis-golpea-a-la-fabrica-de-jugos-inca-hay-22-trabajadores-afectados\\\/#primaryimage\"},\"thumbnailUrl\":\"https:\\\/\\\/laredlarioja.com.ar\\\/sitio\\\/wp-content\\\/uploads\\\/2025\\\/09\\\/FdIDSaRX0AEIHax.jpeg\",\"datePublished\":\"2025-09-02T23:52:58+00:00\",\"dateModified\":\"2025-09-04T10:43:17+00:00\",\"breadcrumb\":{\"@id\":\"https:\\\/\\\/laredlarioja.com.ar\\\/sitio\\\/la-crisis-golpea-a-la-fabrica-de-jugos-inca-hay-22-trabajadores-afectados\\\/#breadcrumb\"},\"inLanguage\":\"es\",\"potentialAction\":[{\"@type\":\"ReadAction\",\"target\":[\"https:\\\/\\\/laredlarioja.com.ar\\\/sitio\\\/la-crisis-golpea-a-la-fabrica-de-jugos-inca-hay-22-trabajadores-afectados\\\/\"]}]},{\"@type\":\"ImageObject\",\"inLanguage\":\"es\",\"@id\":\"https:\\\/\\\/laredlarioja.com.ar\\\/sitio\\\/la-crisis-golpea-a-la-fabrica-de-jugos-inca-hay-22-trabajadores-afectados\\\/#primaryimage\",\"url\":\"https:\\\/\\\/laredlarioja.com.ar\\\/sitio\\\/wp-content\\\/uploads\\\/2025\\\/09\\\/FdIDSaRX0AEIHax.jpeg\",\"contentUrl\":\"https:\\\/\\\/laredlarioja.com.ar\\\/sitio\\\/wp-content\\\/uploads\\\/2025\\\/09\\\/FdIDSaRX0AEIHax.jpeg\",\"width\":682,\"height\":454},{\"@type\":\"BreadcrumbList\",\"@id\":\"https:\\\/\\\/laredlarioja.com.ar\\\/sitio\\\/la-crisis-golpea-a-la-fabrica-de-jugos-inca-hay-22-trabajadores-afectados\\\/#breadcrumb\",\"itemListElement\":[{\"@type\":\"ListItem\",\"position\":1,\"name\":\"Portada\",\"item\":\"https:\\\/\\\/laredlarioja.com.ar\\\/sitio\\\/\"},{\"@type\":\"ListItem\",\"position\":2,\"name\":\"La crisis golpea a la f\u00e1brica de jugos INCA y 22 trabajadores afectados\"}]},{\"@type\":\"WebSite\",\"@id\":\"https:\\\/\\\/laredlarioja.com.ar\\\/sitio\\\/#website\",\"url\":\"https:\\\/\\\/laredlarioja.com.ar\\\/sitio\\\/\",\"name\":\"LA RED 88.3 LA RIOJA\",\"description\":\"Sitio de Noticias\",\"publisher\":{\"@id\":\"https:\\\/\\\/laredlarioja.com.ar\\\/sitio\\\/#organization\"},\"potentialAction\":[{\"@type\":\"SearchAction\",\"target\":{\"@type\":\"EntryPoint\",\"urlTemplate\":\"https:\\\/\\\/laredlarioja.com.ar\\\/sitio\\\/?s={search_term_string}\"},\"query-input\":{\"@type\":\"PropertyValueSpecification\",\"valueRequired\":true,\"valueName\":\"search_term_string\"}}],\"inLanguage\":\"es\"},{\"@type\":\"Organization\",\"@id\":\"https:\\\/\\\/laredlarioja.com.ar\\\/sitio\\\/#organization\",\"name\":\"LA RED 88.3 LA RIOJA\",\"url\":\"https:\\\/\\\/laredlarioja.com.ar\\\/sitio\\\/\",\"logo\":{\"@type\":\"ImageObject\",\"inLanguage\":\"es\",\"@id\":\"https:\\\/\\\/laredlarioja.com.ar\\\/sitio\\\/#\\\/schema\\\/logo\\\/image\\\/\",\"url\":\"https:\\\/\\\/laredlarioja.com.ar\\\/sitio\\\/wp-content\\\/uploads\\\/2025\\\/05\\\/LOGO-LA-RED.png\",\"contentUrl\":\"https:\\\/\\\/laredlarioja.com.ar\\\/sitio\\\/wp-content\\\/uploads\\\/2025\\\/05\\\/LOGO-LA-RED.png\",\"width\":193,\"height\":340,\"caption\":\"LA RED 88.3 LA RIOJA\"},\"image\":{\"@id\":\"https:\\\/\\\/laredlarioja.com.ar\\\/sitio\\\/#\\\/schema\\\/logo\\\/image\\\/\"},\"sameAs\":[\"https:\\\/\\\/www.facebook.com\\\/lared.larioja\",\"https:\\\/\\\/x.com\\\/laredlarioja1\",\"https:\\\/\\\/www.instagram.com\\\/lared_larioja\\\/\"]},{\"@type\":\"Person\",\"@id\":\"https:\\\/\\\/laredlarioja.com.ar\\\/sitio\\\/#\\\/schema\\\/person\\\/31f88059d20c5cf06e974fd895aec56e\",\"name\":\"Anabella Soria\",\"url\":\"https:\\\/\\\/laredlarioja.com.ar\\\/sitio\\\/author\\\/asoria\\\/\"}]}<\/script>\n<!-- \/ Yoast SEO plugin. -->","yoast_head_json":{"title":"La crisis golpea a la f\u00e1brica de jugos INCA y 22 trabajadores afectados - LA RED 88.3 LA RIOJA","robots":{"index":"index","follow":"follow","max-snippet":"max-snippet:-1","max-image-preview":"max-image-preview:large","max-video-preview":"max-video-preview:-1"},"canonical":"https:\/\/laredlarioja.com.ar\/sitio\/la-crisis-golpea-a-la-fabrica-de-jugos-inca-hay-22-trabajadores-afectados\/","og_locale":"es_ES","og_type":"article","og_title":"La crisis golpea a la f\u00e1brica de jugos INCA y 22 trabajadores afectados - LA RED 88.3 LA RIOJA","og_description":"La Secretar\u00eda de Trabajo de La Rioja intervino en la situaci\u00f3n cr\u00edtica que atraviesa la F\u00e1brica de Jugos","og_url":"https:\/\/laredlarioja.com.ar\/sitio\/la-crisis-golpea-a-la-fabrica-de-jugos-inca-hay-22-trabajadores-afectados\/","og_site_name":"LA RED 88.3 LA RIOJA","article_publisher":"https:\/\/www.facebook.com\/lared.larioja","article_published_time":"2025-09-02T23:52:58+00:00","article_modified_time":"2025-09-04T10:43:17+00:00","og_image":[{"width":682,"height":454,"url":"https:\/\/laredlarioja.com.ar\/sitio\/wp-content\/uploads\/2025\/09\/FdIDSaRX0AEIHax.jpeg","type":"image\/jpeg"}],"author":"Anabella Soria","twitter_card":"summary_large_image","twitter_creator":"@laredlarioja1","twitter_site":"@laredlarioja1","twitter_misc":{"Escrito por":"Anabella Soria","Tiempo de lectura":"3 minutos"},"schema":{"@context":"https:\/\/schema.org","@graph":[{"@type":"Article","@id":"https:\/\/laredlarioja.com.ar\/sitio\/la-crisis-golpea-a-la-fabrica-de-jugos-inca-hay-22-trabajadores-afectados\/#article","isPartOf":{"@id":"https:\/\/laredlarioja.com.ar\/sitio\/la-crisis-golpea-a-la-fabrica-de-jugos-inca-hay-22-trabajadores-afectados\/"},"author":{"name":"Anabella Soria","@id":"https:\/\/laredlarioja.com.ar\/sitio\/#\/schema\/person\/31f88059d20c5cf06e974fd895aec56e"},"headline":"La crisis golpea a la f\u00e1brica de jugos INCA y 22 trabajadores afectados","datePublished":"2025-09-02T23:52:58+00:00","dateModified":"2025-09-04T10:43:17+00:00","mainEntityOfPage":{"@id":"https:\/\/laredlarioja.com.ar\/sitio\/la-crisis-golpea-a-la-fabrica-de-jugos-inca-hay-22-trabajadores-afectados\/"},"wordCount":434,"publisher":{"@id":"https:\/\/laredlarioja.com.ar\/sitio\/#organization"},"image":{"@id":"https:\/\/laredlarioja.com.ar\/sitio\/la-crisis-golpea-a-la-fabrica-de-jugos-inca-hay-22-trabajadores-afectados\/#primaryimage"},"thumbnailUrl":"https:\/\/laredlarioja.com.ar\/sitio\/wp-content\/uploads\/2025\/09\/FdIDSaRX0AEIHax.jpeg","articleSection":["Locales"],"inLanguage":"es"},{"@type":"WebPage","@id":"https:\/\/laredlarioja.com.ar\/sitio\/la-crisis-golpea-a-la-fabrica-de-jugos-inca-hay-22-trabajadores-afectados\/","url":"https:\/\/laredlarioja.com.ar\/sitio\/la-crisis-golpea-a-la-fabrica-de-jugos-inca-hay-22-trabajadores-afectados\/","name":"La crisis golpea a la f\u00e1brica de jugos INCA y 22 trabajadores afectados - LA RED 88.3 LA RIOJA","isPartOf":{"@id":"https:\/\/laredlarioja.com.ar\/sitio\/#website"},"primaryImageOfPage":{"@id":"https:\/\/laredlarioja.com.ar\/sitio\/la-crisis-golpea-a-la-fabrica-de-jugos-inca-hay-22-trabajadores-afectados\/#primaryimage"},"image":{"@id":"https:\/\/laredlarioja.com.ar\/sitio\/la-crisis-golpea-a-la-fabrica-de-jugos-inca-hay-22-trabajadores-afectados\/#primaryimage"},"thumbnailUrl":"https:\/\/laredlarioja.com.ar\/sitio\/wp-content\/uploads\/2025\/09\/FdIDSaRX0AEIHax.jpeg","datePublished":"2025-09-02T23:52:58+00:00","dateModified":"2025-09-04T10:43:17+00:00","breadcrumb":{"@id":"https:\/\/laredlarioja.com.ar\/sitio\/la-crisis-golpea-a-la-fabrica-de-jugos-inca-hay-22-trabajadores-afectados\/#breadcrumb"},"inLanguage":"es","potentialAction":[{"@type":"ReadAction","target":["https:\/\/laredlarioja.com.ar\/sitio\/la-crisis-golpea-a-la-fabrica-de-jugos-inca-hay-22-trabajadores-afectados\/"]}]},{"@type":"ImageObject","inLanguage":"es","@id":"https:\/\/laredlarioja.com.ar\/sitio\/la-crisis-golpea-a-la-fabrica-de-jugos-inca-hay-22-trabajadores-afectados\/#primaryimage","url":"https:\/\/laredlarioja.com.ar\/sitio\/wp-content\/uploads\/2025\/09\/FdIDSaRX0AEIHax.jpeg","contentUrl":"https:\/\/laredlarioja.com.ar\/sitio\/wp-content\/uploads\/2025\/09\/FdIDSaRX0AEIHax.jpeg","width":682,"height":454},{"@type":"BreadcrumbList","@id":"https:\/\/laredlarioja.com.ar\/sitio\/la-crisis-golpea-a-la-fabrica-de-jugos-inca-hay-22-trabajadores-afectados\/#breadcrumb","itemListElement":[{"@type":"ListItem","position":1,"name":"Portada","item":"https:\/\/laredlarioja.com.ar\/sitio\/"},{"@type":"ListItem","position":2,"name":"La crisis golpea a la f\u00e1brica de jugos INCA y 22 trabajadores afectados"}]},{"@type":"WebSite","@id":"https:\/\/laredlarioja.com.ar\/sitio\/#website","url":"https:\/\/laredlarioja.com.ar\/sitio\/","name":"LA RED 88.3 LA RIOJA","description":"Sitio de Noticias","publisher":{"@id":"https:\/\/laredlarioja.com.ar\/sitio\/#organization"},"potentialAction":[{"@type":"SearchAction","target":{"@type":"EntryPoint","urlTemplate":"https:\/\/laredlarioja.com.ar\/sitio\/?s={search_term_string}"},"query-input":{"@type":"PropertyValueSpecification","valueRequired":true,"valueName":"search_term_string"}}],"inLanguage":"es"},{"@type":"Organization","@id":"https:\/\/laredlarioja.com.ar\/sitio\/#organization","name":"LA RED 88.3 LA RIOJA","url":"https:\/\/laredlarioja.com.ar\/sitio\/","logo":{"@type":"ImageObject","inLanguage":"es","@id":"https:\/\/laredlarioja.com.ar\/sitio\/#\/schema\/logo\/image\/","url":"https:\/\/laredlarioja.com.ar\/sitio\/wp-content\/uploads\/2025\/05\/LOGO-LA-RED.png","contentUrl":"https:\/\/laredlarioja.com.ar\/sitio\/wp-content\/uploads\/2025\/05\/LOGO-LA-RED.png","width":193,"height":340,"caption":"LA RED 88.3 LA RIOJA"},"image":{"@id":"https:\/\/laredlarioja.com.ar\/sitio\/#\/schema\/logo\/image\/"},"sameAs":["https:\/\/www.facebook.com\/lared.larioja","https:\/\/x.com\/laredlarioja1","https:\/\/www.instagram.com\/lared_larioja\/"]},{"@type":"Person","@id":"https:\/\/laredlarioja.com.ar\/sitio\/#\/schema\/person\/31f88059d20c5cf06e974fd895aec56e","name":"Anabella Soria","url":"https:\/\/laredlarioja.com.ar\/sitio\/author\/asoria\/"}]}},"featured_image_urls":{"full":["https:\/\/laredlarioja.com.ar\/sitio\/wp-content\/uploads\/2025\/09\/FdIDSaRX0AEIHax.jpeg",682,454,false],"thumbnail":["https:\/\/laredlarioja.com.ar\/sitio\/wp-content\/uploads\/2025\/09\/FdIDSaRX0AEIHax-150x150.jpeg",150,150,true],"medium":["https:\/\/laredlarioja.com.ar\/sitio\/wp-content\/uploads\/2025\/09\/FdIDSaRX0AEIHax-300x200.jpeg",300,200,true],"medium_large":["https:\/\/laredlarioja.com.ar\/sitio\/wp-content\/uploads\/2025\/09\/FdIDSaRX0AEIHax.jpeg",640,426,false],"large":["https:\/\/laredlarioja.com.ar\/sitio\/wp-content\/uploads\/2025\/09\/FdIDSaRX0AEIHax.jpeg",640,426,false],"1536x1536":["https:\/\/laredlarioja.com.ar\/sitio\/wp-content\/uploads\/2025\/09\/FdIDSaRX0AEIHax.jpeg",682,454,false],"2048x2048":["https:\/\/laredlarioja.com.ar\/sitio\/wp-content\/uploads\/2025\/09\/FdIDSaRX0AEIHax.jpeg",682,454,false],"cvmm-medium":["https:\/\/laredlarioja.com.ar\/sitio\/wp-content\/uploads\/2025\/09\/FdIDSaRX0AEIHax-300x300.jpeg",300,300,true],"cvmm-medium-plus":["https:\/\/laredlarioja.com.ar\/sitio\/wp-content\/uploads\/2025\/09\/FdIDSaRX0AEIHax-305x207.jpeg",305,207,true],"cvmm-portrait":["https:\/\/laredlarioja.com.ar\/sitio\/wp-content\/uploads\/2025\/09\/FdIDSaRX0AEIHax-400x454.jpeg",400,454,true],"cvmm-medium-square":["https:\/\/laredlarioja.com.ar\/sitio\/wp-content\/uploads\/2025\/09\/FdIDSaRX0AEIHax-600x454.jpeg",600,454,true],"cvmm-large":["https:\/\/laredlarioja.com.ar\/sitio\/wp-content\/uploads\/2025\/09\/FdIDSaRX0AEIHax.jpeg",682,454,false],"cvmm-small":["https:\/\/laredlarioja.com.ar\/sitio\/wp-content\/uploads\/2025\/09\/FdIDSaRX0AEIHax-130x95.jpeg",130,95,true],"morenews-large":["https:\/\/laredlarioja.com.ar\/sitio\/wp-content\/uploads\/2025\/09\/FdIDSaRX0AEIHax.jpeg",682,454,false],"morenews-medium":["https:\/\/laredlarioja.com.ar\/sitio\/wp-content\/uploads\/2025\/09\/FdIDSaRX0AEIHax-590x410.jpeg",590,410,true]},"author_info":{"display_name":"Anabella Soria","author_link":"https:\/\/laredlarioja.com.ar\/sitio\/author\/asoria\/"},"category_info":"<a href=\"https:\/\/laredlarioja.com.ar\/sitio\/categorias\/locales\/\" rel=\"category tag\">Locales<\/a>","tag_info":"Locales","comment_count":"0","blog_post_layout_featured_media_urls":{"thumbnail":["https:\/\/laredlarioja.com.ar\/sitio\/wp-content\/uploads\/2025\/09\/FdIDSaRX0AEIHax-150x150.jpeg",150,150,true],"full":["https:\/\/laredlarioja.com.ar\/sitio\/wp-content\/uploads\/2025\/09\/FdIDSaRX0AEIHax.jpeg",682,454,false]},"categories_names":{"94":{"name":"Locales","link":"https:\/\/laredlarioja.com.ar\/sitio\/categorias\/locales\/"}},"tags_names":[],"comments_number":"0","wpmagazine_modules_lite_featured_media_urls":{"thumbnail":["https:\/\/laredlarioja.com.ar\/sitio\/wp-content\/uploads\/2025\/09\/FdIDSaRX0AEIHax-150x150.jpeg",150,150,true],"cvmm-medium":["https:\/\/laredlarioja.com.ar\/sitio\/wp-content\/uploads\/2025\/09\/FdIDSaRX0AEIHax-300x300.jpeg",300,300,true],"cvmm-medium-plus":["https:\/\/laredlarioja.com.ar\/sitio\/wp-content\/uploads\/2025\/09\/FdIDSaRX0AEIHax-305x207.jpeg",305,207,true],"cvmm-portrait":["https:\/\/laredlarioja.com.ar\/sitio\/wp-content\/uploads\/2025\/09\/FdIDSaRX0AEIHax-400x454.jpeg",400,454,true],"cvmm-medium-square":["https:\/\/laredlarioja.com.ar\/sitio\/wp-content\/uploads\/2025\/09\/FdIDSaRX0AEIHax-600x454.jpeg",600,454,true],"cvmm-large":["https:\/\/laredlarioja.com.ar\/sitio\/wp-content\/uploads\/2025\/09\/FdIDSaRX0AEIHax.jpeg",682,454,false],"cvmm-small":["https:\/\/laredlarioja.com.ar\/sitio\/wp-content\/uploads\/2025\/09\/FdIDSaRX0AEIHax-130x95.jpeg",130,95,true],"full":["https:\/\/laredlarioja.com.ar\/sitio\/wp-content\/uploads\/2025\/09\/FdIDSaRX0AEIHax.jpeg",682,454,false]},"_links":{"self":[{"href":"https:\/\/laredlarioja.com.ar\/sitio\/wp-json\/wp\/v2\/posts\/66084","targetHints":{"allow":["GET"]}}],"collection":[{"href":"https:\/\/laredlarioja.com.ar\/sitio\/wp-json\/wp\/v2\/posts"}],"about":[{"href":"https:\/\/laredlarioja.com.ar\/sitio\/wp-json\/wp\/v2\/types\/post"}],"author":[{"embeddable":true,"href":"https:\/\/laredlarioja.com.ar\/sitio\/wp-json\/wp\/v2\/users\/7"}],"replies":[{"embeddable":true,"href":"https:\/\/laredlarioja.com.ar\/sitio\/wp-json\/wp\/v2\/comments?post=66084"}],"version-history":[{"count":4,"href":"https:\/\/laredlarioja.com.ar\/sitio\/wp-json\/wp\/v2\/posts\/66084\/revisions"}],"predecessor-version":[{"id":66112,"href":"https:\/\/laredlarioja.com.ar\/sitio\/wp-json\/wp\/v2\/posts\/66084\/revisions\/66112"}],"wp:featuredmedia":[{"embeddable":true,"href":"https:\/\/laredlarioja.com.ar\/sitio\/wp-json\/wp\/v2\/media\/66085"}],"wp:attachment":[{"href":"https:\/\/laredlarioja.com.ar\/sitio\/wp-json\/wp\/v2\/media?parent=66084"}],"wp:term":[{"taxonomy":"category","embeddable":true,"href":"https:\/\/laredlarioja.com.ar\/sitio\/wp-json\/wp\/v2\/categories?post=66084"},{"taxonomy":"post_tag","embeddable":true,"href":"https:\/\/laredlarioja.com.ar\/sitio\/wp-json\/wp\/v2\/tags?post=66084"}],"curies":[{"name":"wp","href":"https:\/\/api.w.org\/{rel}","templated":true}]}}