{"id":66090,"date":"2025-09-03T00:05:00","date_gmt":"2025-09-03T00:05:00","guid":{"rendered":"https:\/\/laredlarioja.com.ar\/sitio\/?p=66090"},"modified":"2025-09-03T00:05:00","modified_gmt":"2025-09-03T00:05:00","slug":"parque-talampaya-puso-en-marcha-su-programa-de-voluntariado","status":"publish","type":"post","link":"https:\/\/laredlarioja.com.ar\/sitio\/parque-talampaya-puso-en-marcha-su-programa-de-voluntariado\/","title":{"rendered":"Parque Talampaya puso en marcha su programa de voluntariado"},"content":{"rendered":"<p>Se trata de un programa que incluye la realizaci\u00f3n de diferentes actividades vinculadas al d\u00eda a d\u00eda en el Parque.<\/p>\n<p>El Parque Nacional Talampaya inici\u00f3 oficialmente su programa de voluntariado el pasado 25 de agosto, tras la aprobaci\u00f3n de la disposici\u00f3n DI-2025-39-APN-DNOAPNAC.<\/p>\n<p>La iniciativa despert\u00f3 un marcado inter\u00e9s social, reflejado en la gran cantidad de preinscriptos, lo que llev\u00f3 a dividir el programa en distintas etapas y grupos de participaci\u00f3n.<\/p>\n<p>El primer grupo de voluntarios est\u00e1 conformado por siete participantes, quienes ya se encuentran desarrollando actividades en la Sede Administrativa del \u00e1rea protegida. Durante la primera semana, recibieron charlas informativas sobre el funcionamiento de la Administraci\u00f3n de Parques Nacionales, el rol de las intendencias de complejidad II, las particularidades de Talampaya y los ejes de la Educaci\u00f3n Ambiental.<\/p>\n<p>Adem\u00e1s, llevaron adelante diversas tareas pr\u00e1cticas como la redacci\u00f3n de notas, la preparaci\u00f3n de una obra de t\u00edteres, el pintado de carteler\u00eda y la actualizaci\u00f3n del banco de fotos del Parque.<\/p>\n<p>Desde la administraci\u00f3n del Parque destacaron que la amplia convocatoria refleja el compromiso de la comunidad con los procesos de inclusi\u00f3n, capacitaci\u00f3n y participaci\u00f3n en la gesti\u00f3n del patrimonio natural y cultural que resguarda Talampaya.<\/p>\n<p>Referencias<\/p>\n<p>El Parque Nacional Talampaya, ubicado en la provincia argentina de La Rioja, se extiende por 215.000 hect\u00e1reas y es un lugar de gran relevancia geol\u00f3gica, paleontol\u00f3gica y arqueol\u00f3gica.<\/p>\n<p>Desde el a\u00f1o 2000, forma parte del Patrimonio de la Humanidad de la UNESCO, gracias a su riqueza en f\u00f3siles del per\u00edodo tri\u00e1sico, que datan de hace m\u00e1s de 250 millones de a\u00f1os. Estos vestigios ofrecen una ventana \u00fanica hacia la historia de los dinosaurios y los primeros mam\u00edferos.<\/p>\n<p>Este parque no solo contiene restos f\u00f3siles que ilustran la evoluci\u00f3n de la vida en la Tierra, sino tambi\u00e9n una vasta colecci\u00f3n de arte rupestre y petroglifos que documentan la presencia humana en la regi\u00f3n desde el a\u00f1o 100 d.C. Grupos ind\u00edgenas semin\u00f3madas habitaron este territorio, practicando la caza y la recolecci\u00f3n.<\/p>\n","protected":false},"excerpt":{"rendered":"<p>Se trata de un programa que incluye la realizaci\u00f3n de diferentes actividades vinculadas al d\u00eda a d\u00eda en<\/p>\n","protected":false},"author":7,"featured_media":33111,"comment_status":"closed","ping_status":"open","sticky":false,"template":"","format":"standard","meta":{"footnotes":""},"categories":[94],"tags":[],"class_list":["post-66090","post","type-post","status-publish","format-standard","has-post-thumbnail","hentry","category-locales"],"yoast_head":"<!-- This site is optimized with the Yoast SEO plugin v27.4 - https:\/\/yoast.com\/product\/yoast-seo-wordpress\/ -->\n<title>Parque Talampaya puso en marcha su programa de voluntariado - LA RED 88.3 LA RIOJA<\/title>\n<meta name=\"robots\" content=\"index, follow, max-snippet:-1, max-image-preview:large, max-video-preview:-1\" \/>\n<link rel=\"canonical\" href=\"https:\/\/laredlarioja.com.ar\/sitio\/parque-talampaya-puso-en-marcha-su-programa-de-voluntariado\/\" \/>\n<meta property=\"og:locale\" content=\"es_ES\" \/>\n<meta property=\"og:type\" content=\"article\" \/>\n<meta property=\"og:title\" content=\"Parque Talampaya puso en marcha su programa de voluntariado - LA RED 88.3 LA RIOJA\" \/>\n<meta property=\"og:description\" content=\"Se trata de un programa que incluye la realizaci\u00f3n de diferentes actividades vinculadas al d\u00eda a d\u00eda en\" \/>\n<meta property=\"og:url\" content=\"https:\/\/laredlarioja.com.ar\/sitio\/parque-talampaya-puso-en-marcha-su-programa-de-voluntariado\/\" \/>\n<meta property=\"og:site_name\" content=\"LA RED 88.3 LA RIOJA\" \/>\n<meta property=\"article:publisher\" content=\"https:\/\/www.facebook.com\/lared.larioja\" \/>\n<meta property=\"article:published_time\" content=\"2025-09-03T00:05:00+00:00\" \/>\n<meta property=\"og:image\" content=\"https:\/\/laredlarioja.com.ar\/sitio\/wp-content\/uploads\/2023\/07\/Visitar-Talampaya-Entrada.jpg\" \/>\n\t<meta property=\"og:image:width\" content=\"1000\" \/>\n\t<meta property=\"og:image:height\" content=\"750\" \/>\n\t<meta property=\"og:image:type\" content=\"image\/jpeg\" \/>\n<meta name=\"author\" content=\"Anabella Soria\" \/>\n<meta name=\"twitter:card\" content=\"summary_large_image\" \/>\n<meta name=\"twitter:creator\" content=\"@laredlarioja1\" \/>\n<meta name=\"twitter:site\" content=\"@laredlarioja1\" \/>\n<meta name=\"twitter:label1\" content=\"Escrito por\" \/>\n\t<meta name=\"twitter:data1\" content=\"Anabella Soria\" \/>\n\t<meta name=\"twitter:label2\" content=\"Tiempo de lectura\" \/>\n\t<meta name=\"twitter:data2\" content=\"2 minutos\" \/>\n<script type=\"application\/ld+json\" class=\"yoast-schema-graph\">{\"@context\":\"https:\\\/\\\/schema.org\",\"@graph\":[{\"@type\":\"Article\",\"@id\":\"https:\\\/\\\/laredlarioja.com.ar\\\/sitio\\\/parque-talampaya-puso-en-marcha-su-programa-de-voluntariado\\\/#article\",\"isPartOf\":{\"@id\":\"https:\\\/\\\/laredlarioja.com.ar\\\/sitio\\\/parque-talampaya-puso-en-marcha-su-programa-de-voluntariado\\\/\"},\"author\":{\"name\":\"Anabella Soria\",\"@id\":\"https:\\\/\\\/laredlarioja.com.ar\\\/sitio\\\/#\\\/schema\\\/person\\\/31f88059d20c5cf06e974fd895aec56e\"},\"headline\":\"Parque Talampaya puso en marcha su programa de voluntariado\",\"datePublished\":\"2025-09-03T00:05:00+00:00\",\"mainEntityOfPage\":{\"@id\":\"https:\\\/\\\/laredlarioja.com.ar\\\/sitio\\\/parque-talampaya-puso-en-marcha-su-programa-de-voluntariado\\\/\"},\"wordCount\":372,\"publisher\":{\"@id\":\"https:\\\/\\\/laredlarioja.com.ar\\\/sitio\\\/#organization\"},\"image\":{\"@id\":\"https:\\\/\\\/laredlarioja.com.ar\\\/sitio\\\/parque-talampaya-puso-en-marcha-su-programa-de-voluntariado\\\/#primaryimage\"},\"thumbnailUrl\":\"https:\\\/\\\/laredlarioja.com.ar\\\/sitio\\\/wp-content\\\/uploads\\\/2023\\\/07\\\/Visitar-Talampaya-Entrada.jpg\",\"articleSection\":[\"Locales\"],\"inLanguage\":\"es\"},{\"@type\":\"WebPage\",\"@id\":\"https:\\\/\\\/laredlarioja.com.ar\\\/sitio\\\/parque-talampaya-puso-en-marcha-su-programa-de-voluntariado\\\/\",\"url\":\"https:\\\/\\\/laredlarioja.com.ar\\\/sitio\\\/parque-talampaya-puso-en-marcha-su-programa-de-voluntariado\\\/\",\"name\":\"Parque Talampaya puso en marcha su programa de voluntariado - LA RED 88.3 LA RIOJA\",\"isPartOf\":{\"@id\":\"https:\\\/\\\/laredlarioja.com.ar\\\/sitio\\\/#website\"},\"primaryImageOfPage\":{\"@id\":\"https:\\\/\\\/laredlarioja.com.ar\\\/sitio\\\/parque-talampaya-puso-en-marcha-su-programa-de-voluntariado\\\/#primaryimage\"},\"image\":{\"@id\":\"https:\\\/\\\/laredlarioja.com.ar\\\/sitio\\\/parque-talampaya-puso-en-marcha-su-programa-de-voluntariado\\\/#primaryimage\"},\"thumbnailUrl\":\"https:\\\/\\\/laredlarioja.com.ar\\\/sitio\\\/wp-content\\\/uploads\\\/2023\\\/07\\\/Visitar-Talampaya-Entrada.jpg\",\"datePublished\":\"2025-09-03T00:05:00+00:00\",\"breadcrumb\":{\"@id\":\"https:\\\/\\\/laredlarioja.com.ar\\\/sitio\\\/parque-talampaya-puso-en-marcha-su-programa-de-voluntariado\\\/#breadcrumb\"},\"inLanguage\":\"es\",\"potentialAction\":[{\"@type\":\"ReadAction\",\"target\":[\"https:\\\/\\\/laredlarioja.com.ar\\\/sitio\\\/parque-talampaya-puso-en-marcha-su-programa-de-voluntariado\\\/\"]}]},{\"@type\":\"ImageObject\",\"inLanguage\":\"es\",\"@id\":\"https:\\\/\\\/laredlarioja.com.ar\\\/sitio\\\/parque-talampaya-puso-en-marcha-su-programa-de-voluntariado\\\/#primaryimage\",\"url\":\"https:\\\/\\\/laredlarioja.com.ar\\\/sitio\\\/wp-content\\\/uploads\\\/2023\\\/07\\\/Visitar-Talampaya-Entrada.jpg\",\"contentUrl\":\"https:\\\/\\\/laredlarioja.com.ar\\\/sitio\\\/wp-content\\\/uploads\\\/2023\\\/07\\\/Visitar-Talampaya-Entrada.jpg\",\"width\":1000,\"height\":750},{\"@type\":\"BreadcrumbList\",\"@id\":\"https:\\\/\\\/laredlarioja.com.ar\\\/sitio\\\/parque-talampaya-puso-en-marcha-su-programa-de-voluntariado\\\/#breadcrumb\",\"itemListElement\":[{\"@type\":\"ListItem\",\"position\":1,\"name\":\"Portada\",\"item\":\"https:\\\/\\\/laredlarioja.com.ar\\\/sitio\\\/\"},{\"@type\":\"ListItem\",\"position\":2,\"name\":\"Parque Talampaya puso en marcha su programa de voluntariado\"}]},{\"@type\":\"WebSite\",\"@id\":\"https:\\\/\\\/laredlarioja.com.ar\\\/sitio\\\/#website\",\"url\":\"https:\\\/\\\/laredlarioja.com.ar\\\/sitio\\\/\",\"name\":\"LA RED 88.3 LA RIOJA\",\"description\":\"Sitio de Noticias\",\"publisher\":{\"@id\":\"https:\\\/\\\/laredlarioja.com.ar\\\/sitio\\\/#organization\"},\"potentialAction\":[{\"@type\":\"SearchAction\",\"target\":{\"@type\":\"EntryPoint\",\"urlTemplate\":\"https:\\\/\\\/laredlarioja.com.ar\\\/sitio\\\/?s={search_term_string}\"},\"query-input\":{\"@type\":\"PropertyValueSpecification\",\"valueRequired\":true,\"valueName\":\"search_term_string\"}}],\"inLanguage\":\"es\"},{\"@type\":\"Organization\",\"@id\":\"https:\\\/\\\/laredlarioja.com.ar\\\/sitio\\\/#organization\",\"name\":\"LA RED 88.3 LA RIOJA\",\"url\":\"https:\\\/\\\/laredlarioja.com.ar\\\/sitio\\\/\",\"logo\":{\"@type\":\"ImageObject\",\"inLanguage\":\"es\",\"@id\":\"https:\\\/\\\/laredlarioja.com.ar\\\/sitio\\\/#\\\/schema\\\/logo\\\/image\\\/\",\"url\":\"https:\\\/\\\/laredlarioja.com.ar\\\/sitio\\\/wp-content\\\/uploads\\\/2025\\\/05\\\/LOGO-LA-RED.png\",\"contentUrl\":\"https:\\\/\\\/laredlarioja.com.ar\\\/sitio\\\/wp-content\\\/uploads\\\/2025\\\/05\\\/LOGO-LA-RED.png\",\"width\":193,\"height\":340,\"caption\":\"LA RED 88.3 LA RIOJA\"},\"image\":{\"@id\":\"https:\\\/\\\/laredlarioja.com.ar\\\/sitio\\\/#\\\/schema\\\/logo\\\/image\\\/\"},\"sameAs\":[\"https:\\\/\\\/www.facebook.com\\\/lared.larioja\",\"https:\\\/\\\/x.com\\\/laredlarioja1\",\"https:\\\/\\\/www.instagram.com\\\/lared_larioja\\\/\"]},{\"@type\":\"Person\",\"@id\":\"https:\\\/\\\/laredlarioja.com.ar\\\/sitio\\\/#\\\/schema\\\/person\\\/31f88059d20c5cf06e974fd895aec56e\",\"name\":\"Anabella Soria\",\"url\":\"https:\\\/\\\/laredlarioja.com.ar\\\/sitio\\\/author\\\/asoria\\\/\"}]}<\/script>\n<!-- \/ Yoast SEO plugin. -->","yoast_head_json":{"title":"Parque Talampaya puso en marcha su programa de voluntariado - LA RED 88.3 LA RIOJA","robots":{"index":"index","follow":"follow","max-snippet":"max-snippet:-1","max-image-preview":"max-image-preview:large","max-video-preview":"max-video-preview:-1"},"canonical":"https:\/\/laredlarioja.com.ar\/sitio\/parque-talampaya-puso-en-marcha-su-programa-de-voluntariado\/","og_locale":"es_ES","og_type":"article","og_title":"Parque Talampaya puso en marcha su programa de voluntariado - LA RED 88.3 LA RIOJA","og_description":"Se trata de un programa que incluye la realizaci\u00f3n de diferentes actividades vinculadas al d\u00eda a d\u00eda en","og_url":"https:\/\/laredlarioja.com.ar\/sitio\/parque-talampaya-puso-en-marcha-su-programa-de-voluntariado\/","og_site_name":"LA RED 88.3 LA RIOJA","article_publisher":"https:\/\/www.facebook.com\/lared.larioja","article_published_time":"2025-09-03T00:05:00+00:00","og_image":[{"width":1000,"height":750,"url":"https:\/\/laredlarioja.com.ar\/sitio\/wp-content\/uploads\/2023\/07\/Visitar-Talampaya-Entrada.jpg","type":"image\/jpeg"}],"author":"Anabella Soria","twitter_card":"summary_large_image","twitter_creator":"@laredlarioja1","twitter_site":"@laredlarioja1","twitter_misc":{"Escrito por":"Anabella Soria","Tiempo de lectura":"2 minutos"},"schema":{"@context":"https:\/\/schema.org","@graph":[{"@type":"Article","@id":"https:\/\/laredlarioja.com.ar\/sitio\/parque-talampaya-puso-en-marcha-su-programa-de-voluntariado\/#article","isPartOf":{"@id":"https:\/\/laredlarioja.com.ar\/sitio\/parque-talampaya-puso-en-marcha-su-programa-de-voluntariado\/"},"author":{"name":"Anabella Soria","@id":"https:\/\/laredlarioja.com.ar\/sitio\/#\/schema\/person\/31f88059d20c5cf06e974fd895aec56e"},"headline":"Parque Talampaya puso en marcha su programa de voluntariado","datePublished":"2025-09-03T00:05:00+00:00","mainEntityOfPage":{"@id":"https:\/\/laredlarioja.com.ar\/sitio\/parque-talampaya-puso-en-marcha-su-programa-de-voluntariado\/"},"wordCount":372,"publisher":{"@id":"https:\/\/laredlarioja.com.ar\/sitio\/#organization"},"image":{"@id":"https:\/\/laredlarioja.com.ar\/sitio\/parque-talampaya-puso-en-marcha-su-programa-de-voluntariado\/#primaryimage"},"thumbnailUrl":"https:\/\/laredlarioja.com.ar\/sitio\/wp-content\/uploads\/2023\/07\/Visitar-Talampaya-Entrada.jpg","articleSection":["Locales"],"inLanguage":"es"},{"@type":"WebPage","@id":"https:\/\/laredlarioja.com.ar\/sitio\/parque-talampaya-puso-en-marcha-su-programa-de-voluntariado\/","url":"https:\/\/laredlarioja.com.ar\/sitio\/parque-talampaya-puso-en-marcha-su-programa-de-voluntariado\/","name":"Parque Talampaya puso en marcha su programa de voluntariado - LA RED 88.3 LA RIOJA","isPartOf":{"@id":"https:\/\/laredlarioja.com.ar\/sitio\/#website"},"primaryImageOfPage":{"@id":"https:\/\/laredlarioja.com.ar\/sitio\/parque-talampaya-puso-en-marcha-su-programa-de-voluntariado\/#primaryimage"},"image":{"@id":"https:\/\/laredlarioja.com.ar\/sitio\/parque-talampaya-puso-en-marcha-su-programa-de-voluntariado\/#primaryimage"},"thumbnailUrl":"https:\/\/laredlarioja.com.ar\/sitio\/wp-content\/uploads\/2023\/07\/Visitar-Talampaya-Entrada.jpg","datePublished":"2025-09-03T00:05:00+00:00","breadcrumb":{"@id":"https:\/\/laredlarioja.com.ar\/sitio\/parque-talampaya-puso-en-marcha-su-programa-de-voluntariado\/#breadcrumb"},"inLanguage":"es","potentialAction":[{"@type":"ReadAction","target":["https:\/\/laredlarioja.com.ar\/sitio\/parque-talampaya-puso-en-marcha-su-programa-de-voluntariado\/"]}]},{"@type":"ImageObject","inLanguage":"es","@id":"https:\/\/laredlarioja.com.ar\/sitio\/parque-talampaya-puso-en-marcha-su-programa-de-voluntariado\/#primaryimage","url":"https:\/\/laredlarioja.com.ar\/sitio\/wp-content\/uploads\/2023\/07\/Visitar-Talampaya-Entrada.jpg","contentUrl":"https:\/\/laredlarioja.com.ar\/sitio\/wp-content\/uploads\/2023\/07\/Visitar-Talampaya-Entrada.jpg","width":1000,"height":750},{"@type":"BreadcrumbList","@id":"https:\/\/laredlarioja.com.ar\/sitio\/parque-talampaya-puso-en-marcha-su-programa-de-voluntariado\/#breadcrumb","itemListElement":[{"@type":"ListItem","position":1,"name":"Portada","item":"https:\/\/laredlarioja.com.ar\/sitio\/"},{"@type":"ListItem","position":2,"name":"Parque Talampaya puso en marcha su programa de voluntariado"}]},{"@type":"WebSite","@id":"https:\/\/laredlarioja.com.ar\/sitio\/#website","url":"https:\/\/laredlarioja.com.ar\/sitio\/","name":"LA RED 88.3 LA RIOJA","description":"Sitio de Noticias","publisher":{"@id":"https:\/\/laredlarioja.com.ar\/sitio\/#organization"},"potentialAction":[{"@type":"SearchAction","target":{"@type":"EntryPoint","urlTemplate":"https:\/\/laredlarioja.com.ar\/sitio\/?s={search_term_string}"},"query-input":{"@type":"PropertyValueSpecification","valueRequired":true,"valueName":"search_term_string"}}],"inLanguage":"es"},{"@type":"Organization","@id":"https:\/\/laredlarioja.com.ar\/sitio\/#organization","name":"LA RED 88.3 LA RIOJA","url":"https:\/\/laredlarioja.com.ar\/sitio\/","logo":{"@type":"ImageObject","inLanguage":"es","@id":"https:\/\/laredlarioja.com.ar\/sitio\/#\/schema\/logo\/image\/","url":"https:\/\/laredlarioja.com.ar\/sitio\/wp-content\/uploads\/2025\/05\/LOGO-LA-RED.png","contentUrl":"https:\/\/laredlarioja.com.ar\/sitio\/wp-content\/uploads\/2025\/05\/LOGO-LA-RED.png","width":193,"height":340,"caption":"LA RED 88.3 LA RIOJA"},"image":{"@id":"https:\/\/laredlarioja.com.ar\/sitio\/#\/schema\/logo\/image\/"},"sameAs":["https:\/\/www.facebook.com\/lared.larioja","https:\/\/x.com\/laredlarioja1","https:\/\/www.instagram.com\/lared_larioja\/"]},{"@type":"Person","@id":"https:\/\/laredlarioja.com.ar\/sitio\/#\/schema\/person\/31f88059d20c5cf06e974fd895aec56e","name":"Anabella Soria","url":"https:\/\/laredlarioja.com.ar\/sitio\/author\/asoria\/"}]}},"featured_image_urls":{"full":["https:\/\/laredlarioja.com.ar\/sitio\/wp-content\/uploads\/2023\/07\/Visitar-Talampaya-Entrada.jpg",1000,750,false],"thumbnail":["https:\/\/laredlarioja.com.ar\/sitio\/wp-content\/uploads\/2023\/07\/Visitar-Talampaya-Entrada-150x150.jpg",150,150,true],"medium":["https:\/\/laredlarioja.com.ar\/sitio\/wp-content\/uploads\/2023\/07\/Visitar-Talampaya-Entrada-300x225.jpg",300,225,true],"medium_large":["https:\/\/laredlarioja.com.ar\/sitio\/wp-content\/uploads\/2023\/07\/Visitar-Talampaya-Entrada-768x576.jpg",640,480,true],"large":["https:\/\/laredlarioja.com.ar\/sitio\/wp-content\/uploads\/2023\/07\/Visitar-Talampaya-Entrada.jpg",640,480,false],"1536x1536":["https:\/\/laredlarioja.com.ar\/sitio\/wp-content\/uploads\/2023\/07\/Visitar-Talampaya-Entrada.jpg",1000,750,false],"2048x2048":["https:\/\/laredlarioja.com.ar\/sitio\/wp-content\/uploads\/2023\/07\/Visitar-Talampaya-Entrada.jpg",1000,750,false],"cvmm-medium":["https:\/\/laredlarioja.com.ar\/sitio\/wp-content\/uploads\/2023\/07\/Visitar-Talampaya-Entrada-300x300.jpg",300,300,true],"cvmm-medium-plus":["https:\/\/laredlarioja.com.ar\/sitio\/wp-content\/uploads\/2023\/07\/Visitar-Talampaya-Entrada-305x207.jpg",305,207,true],"cvmm-portrait":["https:\/\/laredlarioja.com.ar\/sitio\/wp-content\/uploads\/2023\/07\/Visitar-Talampaya-Entrada-400x600.jpg",400,600,true],"cvmm-medium-square":["https:\/\/laredlarioja.com.ar\/sitio\/wp-content\/uploads\/2023\/07\/Visitar-Talampaya-Entrada-600x600.jpg",600,600,true],"cvmm-large":["https:\/\/laredlarioja.com.ar\/sitio\/wp-content\/uploads\/2023\/07\/Visitar-Talampaya-Entrada.jpg",1000,750,false],"cvmm-small":["https:\/\/laredlarioja.com.ar\/sitio\/wp-content\/uploads\/2023\/07\/Visitar-Talampaya-Entrada-130x95.jpg",130,95,true],"morenews-large":["https:\/\/laredlarioja.com.ar\/sitio\/wp-content\/uploads\/2023\/07\/Visitar-Talampaya-Entrada-825x575.jpg",825,575,true],"morenews-medium":["https:\/\/laredlarioja.com.ar\/sitio\/wp-content\/uploads\/2023\/07\/Visitar-Talampaya-Entrada-590x410.jpg",590,410,true]},"author_info":{"display_name":"Anabella Soria","author_link":"https:\/\/laredlarioja.com.ar\/sitio\/author\/asoria\/"},"category_info":"<a href=\"https:\/\/laredlarioja.com.ar\/sitio\/categorias\/locales\/\" rel=\"category tag\">Locales<\/a>","tag_info":"Locales","comment_count":"0","blog_post_layout_featured_media_urls":{"thumbnail":["https:\/\/laredlarioja.com.ar\/sitio\/wp-content\/uploads\/2023\/07\/Visitar-Talampaya-Entrada-150x150.jpg",150,150,true],"full":["https:\/\/laredlarioja.com.ar\/sitio\/wp-content\/uploads\/2023\/07\/Visitar-Talampaya-Entrada.jpg",1000,750,false]},"categories_names":{"94":{"name":"Locales","link":"https:\/\/laredlarioja.com.ar\/sitio\/categorias\/locales\/"}},"tags_names":[],"comments_number":"0","wpmagazine_modules_lite_featured_media_urls":{"thumbnail":["https:\/\/laredlarioja.com.ar\/sitio\/wp-content\/uploads\/2023\/07\/Visitar-Talampaya-Entrada-150x150.jpg",150,150,true],"cvmm-medium":["https:\/\/laredlarioja.com.ar\/sitio\/wp-content\/uploads\/2023\/07\/Visitar-Talampaya-Entrada-300x300.jpg",300,300,true],"cvmm-medium-plus":["https:\/\/laredlarioja.com.ar\/sitio\/wp-content\/uploads\/2023\/07\/Visitar-Talampaya-Entrada-305x207.jpg",305,207,true],"cvmm-portrait":["https:\/\/laredlarioja.com.ar\/sitio\/wp-content\/uploads\/2023\/07\/Visitar-Talampaya-Entrada-400x600.jpg",400,600,true],"cvmm-medium-square":["https:\/\/laredlarioja.com.ar\/sitio\/wp-content\/uploads\/2023\/07\/Visitar-Talampaya-Entrada-600x600.jpg",600,600,true],"cvmm-large":["https:\/\/laredlarioja.com.ar\/sitio\/wp-content\/uploads\/2023\/07\/Visitar-Talampaya-Entrada.jpg",1000,750,false],"cvmm-small":["https:\/\/laredlarioja.com.ar\/sitio\/wp-content\/uploads\/2023\/07\/Visitar-Talampaya-Entrada-130x95.jpg",130,95,true],"full":["https:\/\/laredlarioja.com.ar\/sitio\/wp-content\/uploads\/2023\/07\/Visitar-Talampaya-Entrada.jpg",1000,750,false]},"_links":{"self":[{"href":"https:\/\/laredlarioja.com.ar\/sitio\/wp-json\/wp\/v2\/posts\/66090","targetHints":{"allow":["GET"]}}],"collection":[{"href":"https:\/\/laredlarioja.com.ar\/sitio\/wp-json\/wp\/v2\/posts"}],"about":[{"href":"https:\/\/laredlarioja.com.ar\/sitio\/wp-json\/wp\/v2\/types\/post"}],"author":[{"embeddable":true,"href":"https:\/\/laredlarioja.com.ar\/sitio\/wp-json\/wp\/v2\/users\/7"}],"replies":[{"embeddable":true,"href":"https:\/\/laredlarioja.com.ar\/sitio\/wp-json\/wp\/v2\/comments?post=66090"}],"version-history":[{"count":1,"href":"https:\/\/laredlarioja.com.ar\/sitio\/wp-json\/wp\/v2\/posts\/66090\/revisions"}],"predecessor-version":[{"id":66091,"href":"https:\/\/laredlarioja.com.ar\/sitio\/wp-json\/wp\/v2\/posts\/66090\/revisions\/66091"}],"wp:featuredmedia":[{"embeddable":true,"href":"https:\/\/laredlarioja.com.ar\/sitio\/wp-json\/wp\/v2\/media\/33111"}],"wp:attachment":[{"href":"https:\/\/laredlarioja.com.ar\/sitio\/wp-json\/wp\/v2\/media?parent=66090"}],"wp:term":[{"taxonomy":"category","embeddable":true,"href":"https:\/\/laredlarioja.com.ar\/sitio\/wp-json\/wp\/v2\/categories?post=66090"},{"taxonomy":"post_tag","embeddable":true,"href":"https:\/\/laredlarioja.com.ar\/sitio\/wp-json\/wp\/v2\/tags?post=66090"}],"curies":[{"name":"wp","href":"https:\/\/api.w.org\/{rel}","templated":true}]}}