{"id":66092,"date":"2025-09-03T00:10:33","date_gmt":"2025-09-03T00:10:33","guid":{"rendered":"https:\/\/laredlarioja.com.ar\/sitio\/?p=66092"},"modified":"2025-09-03T23:41:09","modified_gmt":"2025-09-03T23:41:09","slug":"denuncian-maniobra-judicial-para-borrar-a-la-concejal-ceballos-del-registro-de-deudores-alimentarios","status":"publish","type":"post","link":"https:\/\/laredlarioja.com.ar\/sitio\/denuncian-maniobra-judicial-para-borrar-a-la-concejal-ceballos-del-registro-de-deudores-alimentarios\/","title":{"rendered":"Denuncian maniobra judicial para borrar a la concejal Ceballos del registro de deudores alimentarios"},"content":{"rendered":"<p>El ministro Ernesto P\u00e9rez, acompa\u00f1ado por el abogado Rodrigo Valls (P.M. 1034), ofreci\u00f3 este martes una conferencia de prensa cargada de acusaciones contra la concejal Ramona Ceballos, a quien se\u00f1alaron por haber estado inscripta en el Registro de Deudores Alimentarios en Mora (REDAM) hasta el 20 de agosto, y por haber salido de ese padr\u00f3n \u201cen menos de 24 horas\u201d, en una maniobra que calificaron como \u201cinadmisible y sospechosa\u201d.<\/p>\n<p>Seg\u00fan relat\u00f3 el Dr. Valls, la informaci\u00f3n sobre la condici\u00f3n de deudora alimentaria de Ceballos era p\u00fablica y fue comunicada por el ministro P\u00e9rez en sus redes sociales el 20 de agosto. Sin embargo, al d\u00eda siguiente, la concejal exhibi\u00f3 un certificado que la desvinculaba del registro. \u201cLo inaudito es que un expediente archivado desde 2007 se haya reactivado de un d\u00eda para otro, con una resoluci\u00f3n dictada en tiempo r\u00e9cord. Ning\u00fan ciudadano com\u00fan consigue semejante beneficio\u201d, cuestion\u00f3 el abogado.<\/p>\n<p>El ministro P\u00e9rez fue m\u00e1s all\u00e1 y apunt\u00f3 contra la Justicia riojana y su relaci\u00f3n con la fuerza pol\u00edtica de Ceballos. \u201cNos preguntamos si la Justicia de La Rioja es independiente o responde a la Libertad Avanza. Porque ning\u00fan militante peronista consigue semejantes favores judiciales. Esto huele a protecci\u00f3n pol\u00edtica\u201d, dispar\u00f3.<\/p>\n<p>En ese marco, P\u00e9rez se\u00f1al\u00f3 directamente al Superior Tribunal de Justicia y a v\u00ednculos familiares con el poder. \u201cNadie del peronismo logr\u00f3 jam\u00e1s un beneficio como \u00e9ste. No ser\u00e1 porque la hija del doctor Claudio Ana, miembro del Superior Tribunal, tiene injerencia en estas decisiones. Nosotros tenemos una relaci\u00f3n de amistad con \u00e9l, pero creemos que debe acallar de una vez por todas las posiciones de sus hijas para que los representantes del sistema judicial puedan trabajar tranquilos, en paz\u201d, sostuvo.<\/p>\n<p>El funcionario insisti\u00f3 en que es necesario investigar qu\u00e9 pas\u00f3 en el REDAM para que la concejal haya recibido \u201cun nivel de impunidad y protecci\u00f3n in\u00e9dito\u201d. Y agreg\u00f3: \u201cEstamos viendo c\u00f3mo ciertos actores del REDAM trabajan en l\u00ednea con la Libertad Avanza, de la misma manera que ocurre en Buenos Aires: acallan jueces, tapan coimas y persiguen al periodismo. Nosotros solamente informamos que la se\u00f1ora Ceballos era deudora alimentaria. El resto es protecci\u00f3n pol\u00edtica\u201d.<\/p>\n<p>Durante la conferencia tambi\u00e9n se plantearon otros interrogantes: c\u00f3mo obtuvo la concejal licencias de conducir, cr\u00e9ditos bancarios y hasta beneficios estatales pese a estar en el REDAM, situaci\u00f3n que, seg\u00fan la normativa, deber\u00eda haberle impedido acceder a esos tr\u00e1mites. \u201cLo m\u00e1s grave es que Ceballos lleg\u00f3 a ser electa concejal con un certificado que, si estaba inscripta en el registro, podr\u00eda configurar incluso falsificaci\u00f3n de documentos p\u00fablicos\u201d, advirti\u00f3 P\u00e9rez.<\/p>\n<p>El Dr. Valls confirm\u00f3 que contestar\u00e1n la carta documento enviada por Ceballos y que avanzar\u00e1n con pedidos formales al tribunal para esclarecer c\u00f3mo se produjo el levantamiento expr\u00e9s de la deuda alimentaria. \u201cEstamos frente a un uso y abuso de organismos p\u00fablicos para beneficios personales. Eso genera un profundo malestar porque erosiona la confianza en el sistema judicial\u201d, sostuvo.<\/p>\n<p>En el tramo final, P\u00e9rez plante\u00f3 que la situaci\u00f3n abre un debate de fondo. \u201cEsto es un debate de valores. Vamos a tener candidatos del peronismo que cumplimos nuestras responsabilidades en la sociedad: si tenemos cr\u00e9dito, lo pagamos; si tenemos carnet de conducir, lo hacemos en regla; no tenemos deudas en el REDAN, ni causas judiciales, ni beneficios a medida. La diferencia es clara: mientras unos cumplen con la ley, otros usan su poder para torcerla a su favor\u201d, concluy\u00f3.<\/p>\n","protected":false},"excerpt":{"rendered":"<p>El ministro Ernesto P\u00e9rez, acompa\u00f1ado por el abogado Rodrigo Valls (P.M. 1034), ofreci\u00f3 este martes una conferencia de<\/p>\n","protected":false},"author":13,"featured_media":66093,"comment_status":"closed","ping_status":"open","sticky":false,"template":"","format":"standard","meta":{"footnotes":""},"categories":[94],"tags":[84],"class_list":["post-66092","post","type-post","status-publish","format-standard","has-post-thumbnail","hentry","category-locales","tag-secundaria"],"yoast_head":"<!-- This site is optimized with the Yoast SEO plugin v27.4 - https:\/\/yoast.com\/product\/yoast-seo-wordpress\/ -->\n<title>Denuncian maniobra judicial para borrar a la concejal Ceballos del registro de deudores alimentarios - LA RED 88.3 LA RIOJA<\/title>\n<meta name=\"robots\" content=\"index, follow, max-snippet:-1, max-image-preview:large, max-video-preview:-1\" \/>\n<link rel=\"canonical\" href=\"https:\/\/laredlarioja.com.ar\/sitio\/denuncian-maniobra-judicial-para-borrar-a-la-concejal-ceballos-del-registro-de-deudores-alimentarios\/\" \/>\n<meta property=\"og:locale\" content=\"es_ES\" \/>\n<meta property=\"og:type\" content=\"article\" \/>\n<meta property=\"og:title\" content=\"Denuncian maniobra judicial para borrar a la concejal Ceballos del registro de deudores alimentarios - LA RED 88.3 LA RIOJA\" \/>\n<meta property=\"og:description\" content=\"El ministro Ernesto P\u00e9rez, acompa\u00f1ado por el abogado Rodrigo Valls (P.M. 1034), ofreci\u00f3 este martes una conferencia de\" \/>\n<meta property=\"og:url\" content=\"https:\/\/laredlarioja.com.ar\/sitio\/denuncian-maniobra-judicial-para-borrar-a-la-concejal-ceballos-del-registro-de-deudores-alimentarios\/\" \/>\n<meta property=\"og:site_name\" content=\"LA RED 88.3 LA RIOJA\" \/>\n<meta property=\"article:publisher\" content=\"https:\/\/www.facebook.com\/lared.larioja\" \/>\n<meta property=\"article:published_time\" content=\"2025-09-03T00:10:33+00:00\" \/>\n<meta property=\"article:modified_time\" content=\"2025-09-03T23:41:09+00:00\" \/>\n<meta property=\"og:image\" content=\"https:\/\/laredlarioja.com.ar\/sitio\/wp-content\/uploads\/2025\/09\/WhatsApp-Image-2025-09-02-at-9.09.23-PM.jpeg\" \/>\n\t<meta property=\"og:image:width\" content=\"1280\" \/>\n\t<meta property=\"og:image:height\" content=\"853\" \/>\n\t<meta property=\"og:image:type\" content=\"image\/jpeg\" \/>\n<meta name=\"author\" content=\"Maria De La Vega\" \/>\n<meta name=\"twitter:card\" content=\"summary_large_image\" \/>\n<meta name=\"twitter:creator\" content=\"@laredlarioja1\" \/>\n<meta name=\"twitter:site\" content=\"@laredlarioja1\" \/>\n<meta name=\"twitter:label1\" content=\"Escrito por\" \/>\n\t<meta name=\"twitter:data1\" content=\"Maria De La Vega\" \/>\n\t<meta name=\"twitter:label2\" content=\"Tiempo de lectura\" \/>\n\t<meta name=\"twitter:data2\" content=\"3 minutos\" \/>\n<script type=\"application\/ld+json\" class=\"yoast-schema-graph\">{\"@context\":\"https:\\\/\\\/schema.org\",\"@graph\":[{\"@type\":\"Article\",\"@id\":\"https:\\\/\\\/laredlarioja.com.ar\\\/sitio\\\/denuncian-maniobra-judicial-para-borrar-a-la-concejal-ceballos-del-registro-de-deudores-alimentarios\\\/#article\",\"isPartOf\":{\"@id\":\"https:\\\/\\\/laredlarioja.com.ar\\\/sitio\\\/denuncian-maniobra-judicial-para-borrar-a-la-concejal-ceballos-del-registro-de-deudores-alimentarios\\\/\"},\"author\":{\"name\":\"Maria De La Vega\",\"@id\":\"https:\\\/\\\/laredlarioja.com.ar\\\/sitio\\\/#\\\/schema\\\/person\\\/8b98ebe852851a8bdc8acd6ec6918de9\"},\"headline\":\"Denuncian maniobra judicial para borrar a la concejal Ceballos del registro de deudores alimentarios\",\"datePublished\":\"2025-09-03T00:10:33+00:00\",\"dateModified\":\"2025-09-03T23:41:09+00:00\",\"mainEntityOfPage\":{\"@id\":\"https:\\\/\\\/laredlarioja.com.ar\\\/sitio\\\/denuncian-maniobra-judicial-para-borrar-a-la-concejal-ceballos-del-registro-de-deudores-alimentarios\\\/\"},\"wordCount\":627,\"publisher\":{\"@id\":\"https:\\\/\\\/laredlarioja.com.ar\\\/sitio\\\/#organization\"},\"image\":{\"@id\":\"https:\\\/\\\/laredlarioja.com.ar\\\/sitio\\\/denuncian-maniobra-judicial-para-borrar-a-la-concejal-ceballos-del-registro-de-deudores-alimentarios\\\/#primaryimage\"},\"thumbnailUrl\":\"https:\\\/\\\/laredlarioja.com.ar\\\/sitio\\\/wp-content\\\/uploads\\\/2025\\\/09\\\/WhatsApp-Image-2025-09-02-at-9.09.23-PM.jpeg\",\"keywords\":[\"Secundaria\"],\"articleSection\":[\"Locales\"],\"inLanguage\":\"es\"},{\"@type\":\"WebPage\",\"@id\":\"https:\\\/\\\/laredlarioja.com.ar\\\/sitio\\\/denuncian-maniobra-judicial-para-borrar-a-la-concejal-ceballos-del-registro-de-deudores-alimentarios\\\/\",\"url\":\"https:\\\/\\\/laredlarioja.com.ar\\\/sitio\\\/denuncian-maniobra-judicial-para-borrar-a-la-concejal-ceballos-del-registro-de-deudores-alimentarios\\\/\",\"name\":\"Denuncian maniobra judicial para borrar a la concejal Ceballos del registro de deudores alimentarios - LA RED 88.3 LA RIOJA\",\"isPartOf\":{\"@id\":\"https:\\\/\\\/laredlarioja.com.ar\\\/sitio\\\/#website\"},\"primaryImageOfPage\":{\"@id\":\"https:\\\/\\\/laredlarioja.com.ar\\\/sitio\\\/denuncian-maniobra-judicial-para-borrar-a-la-concejal-ceballos-del-registro-de-deudores-alimentarios\\\/#primaryimage\"},\"image\":{\"@id\":\"https:\\\/\\\/laredlarioja.com.ar\\\/sitio\\\/denuncian-maniobra-judicial-para-borrar-a-la-concejal-ceballos-del-registro-de-deudores-alimentarios\\\/#primaryimage\"},\"thumbnailUrl\":\"https:\\\/\\\/laredlarioja.com.ar\\\/sitio\\\/wp-content\\\/uploads\\\/2025\\\/09\\\/WhatsApp-Image-2025-09-02-at-9.09.23-PM.jpeg\",\"datePublished\":\"2025-09-03T00:10:33+00:00\",\"dateModified\":\"2025-09-03T23:41:09+00:00\",\"breadcrumb\":{\"@id\":\"https:\\\/\\\/laredlarioja.com.ar\\\/sitio\\\/denuncian-maniobra-judicial-para-borrar-a-la-concejal-ceballos-del-registro-de-deudores-alimentarios\\\/#breadcrumb\"},\"inLanguage\":\"es\",\"potentialAction\":[{\"@type\":\"ReadAction\",\"target\":[\"https:\\\/\\\/laredlarioja.com.ar\\\/sitio\\\/denuncian-maniobra-judicial-para-borrar-a-la-concejal-ceballos-del-registro-de-deudores-alimentarios\\\/\"]}]},{\"@type\":\"ImageObject\",\"inLanguage\":\"es\",\"@id\":\"https:\\\/\\\/laredlarioja.com.ar\\\/sitio\\\/denuncian-maniobra-judicial-para-borrar-a-la-concejal-ceballos-del-registro-de-deudores-alimentarios\\\/#primaryimage\",\"url\":\"https:\\\/\\\/laredlarioja.com.ar\\\/sitio\\\/wp-content\\\/uploads\\\/2025\\\/09\\\/WhatsApp-Image-2025-09-02-at-9.09.23-PM.jpeg\",\"contentUrl\":\"https:\\\/\\\/laredlarioja.com.ar\\\/sitio\\\/wp-content\\\/uploads\\\/2025\\\/09\\\/WhatsApp-Image-2025-09-02-at-9.09.23-PM.jpeg\",\"width\":1280,\"height\":853},{\"@type\":\"BreadcrumbList\",\"@id\":\"https:\\\/\\\/laredlarioja.com.ar\\\/sitio\\\/denuncian-maniobra-judicial-para-borrar-a-la-concejal-ceballos-del-registro-de-deudores-alimentarios\\\/#breadcrumb\",\"itemListElement\":[{\"@type\":\"ListItem\",\"position\":1,\"name\":\"Portada\",\"item\":\"https:\\\/\\\/laredlarioja.com.ar\\\/sitio\\\/\"},{\"@type\":\"ListItem\",\"position\":2,\"name\":\"Denuncian maniobra judicial para borrar a la concejal Ceballos del registro de deudores alimentarios\"}]},{\"@type\":\"WebSite\",\"@id\":\"https:\\\/\\\/laredlarioja.com.ar\\\/sitio\\\/#website\",\"url\":\"https:\\\/\\\/laredlarioja.com.ar\\\/sitio\\\/\",\"name\":\"LA RED 88.3 LA RIOJA\",\"description\":\"Sitio de Noticias\",\"publisher\":{\"@id\":\"https:\\\/\\\/laredlarioja.com.ar\\\/sitio\\\/#organization\"},\"potentialAction\":[{\"@type\":\"SearchAction\",\"target\":{\"@type\":\"EntryPoint\",\"urlTemplate\":\"https:\\\/\\\/laredlarioja.com.ar\\\/sitio\\\/?s={search_term_string}\"},\"query-input\":{\"@type\":\"PropertyValueSpecification\",\"valueRequired\":true,\"valueName\":\"search_term_string\"}}],\"inLanguage\":\"es\"},{\"@type\":\"Organization\",\"@id\":\"https:\\\/\\\/laredlarioja.com.ar\\\/sitio\\\/#organization\",\"name\":\"LA RED 88.3 LA RIOJA\",\"url\":\"https:\\\/\\\/laredlarioja.com.ar\\\/sitio\\\/\",\"logo\":{\"@type\":\"ImageObject\",\"inLanguage\":\"es\",\"@id\":\"https:\\\/\\\/laredlarioja.com.ar\\\/sitio\\\/#\\\/schema\\\/logo\\\/image\\\/\",\"url\":\"https:\\\/\\\/laredlarioja.com.ar\\\/sitio\\\/wp-content\\\/uploads\\\/2025\\\/05\\\/LOGO-LA-RED.png\",\"contentUrl\":\"https:\\\/\\\/laredlarioja.com.ar\\\/sitio\\\/wp-content\\\/uploads\\\/2025\\\/05\\\/LOGO-LA-RED.png\",\"width\":193,\"height\":340,\"caption\":\"LA RED 88.3 LA RIOJA\"},\"image\":{\"@id\":\"https:\\\/\\\/laredlarioja.com.ar\\\/sitio\\\/#\\\/schema\\\/logo\\\/image\\\/\"},\"sameAs\":[\"https:\\\/\\\/www.facebook.com\\\/lared.larioja\",\"https:\\\/\\\/x.com\\\/laredlarioja1\",\"https:\\\/\\\/www.instagram.com\\\/lared_larioja\\\/\"]},{\"@type\":\"Person\",\"@id\":\"https:\\\/\\\/laredlarioja.com.ar\\\/sitio\\\/#\\\/schema\\\/person\\\/8b98ebe852851a8bdc8acd6ec6918de9\",\"name\":\"Maria De La Vega\",\"sameAs\":[\"http:\\\/\\\/laredlarioja.com.ar\"],\"url\":\"https:\\\/\\\/laredlarioja.com.ar\\\/sitio\\\/author\\\/maru\\\/\"}]}<\/script>\n<!-- \/ Yoast SEO plugin. -->","yoast_head_json":{"title":"Denuncian maniobra judicial para borrar a la concejal Ceballos del registro de deudores alimentarios - LA RED 88.3 LA RIOJA","robots":{"index":"index","follow":"follow","max-snippet":"max-snippet:-1","max-image-preview":"max-image-preview:large","max-video-preview":"max-video-preview:-1"},"canonical":"https:\/\/laredlarioja.com.ar\/sitio\/denuncian-maniobra-judicial-para-borrar-a-la-concejal-ceballos-del-registro-de-deudores-alimentarios\/","og_locale":"es_ES","og_type":"article","og_title":"Denuncian maniobra judicial para borrar a la concejal Ceballos del registro de deudores alimentarios - LA RED 88.3 LA RIOJA","og_description":"El ministro Ernesto P\u00e9rez, acompa\u00f1ado por el abogado Rodrigo Valls (P.M. 1034), ofreci\u00f3 este martes una conferencia de","og_url":"https:\/\/laredlarioja.com.ar\/sitio\/denuncian-maniobra-judicial-para-borrar-a-la-concejal-ceballos-del-registro-de-deudores-alimentarios\/","og_site_name":"LA RED 88.3 LA RIOJA","article_publisher":"https:\/\/www.facebook.com\/lared.larioja","article_published_time":"2025-09-03T00:10:33+00:00","article_modified_time":"2025-09-03T23:41:09+00:00","og_image":[{"width":1280,"height":853,"url":"https:\/\/laredlarioja.com.ar\/sitio\/wp-content\/uploads\/2025\/09\/WhatsApp-Image-2025-09-02-at-9.09.23-PM.jpeg","type":"image\/jpeg"}],"author":"Maria De La Vega","twitter_card":"summary_large_image","twitter_creator":"@laredlarioja1","twitter_site":"@laredlarioja1","twitter_misc":{"Escrito por":"Maria De La Vega","Tiempo de lectura":"3 minutos"},"schema":{"@context":"https:\/\/schema.org","@graph":[{"@type":"Article","@id":"https:\/\/laredlarioja.com.ar\/sitio\/denuncian-maniobra-judicial-para-borrar-a-la-concejal-ceballos-del-registro-de-deudores-alimentarios\/#article","isPartOf":{"@id":"https:\/\/laredlarioja.com.ar\/sitio\/denuncian-maniobra-judicial-para-borrar-a-la-concejal-ceballos-del-registro-de-deudores-alimentarios\/"},"author":{"name":"Maria De La Vega","@id":"https:\/\/laredlarioja.com.ar\/sitio\/#\/schema\/person\/8b98ebe852851a8bdc8acd6ec6918de9"},"headline":"Denuncian maniobra judicial para borrar a la concejal Ceballos del registro de deudores alimentarios","datePublished":"2025-09-03T00:10:33+00:00","dateModified":"2025-09-03T23:41:09+00:00","mainEntityOfPage":{"@id":"https:\/\/laredlarioja.com.ar\/sitio\/denuncian-maniobra-judicial-para-borrar-a-la-concejal-ceballos-del-registro-de-deudores-alimentarios\/"},"wordCount":627,"publisher":{"@id":"https:\/\/laredlarioja.com.ar\/sitio\/#organization"},"image":{"@id":"https:\/\/laredlarioja.com.ar\/sitio\/denuncian-maniobra-judicial-para-borrar-a-la-concejal-ceballos-del-registro-de-deudores-alimentarios\/#primaryimage"},"thumbnailUrl":"https:\/\/laredlarioja.com.ar\/sitio\/wp-content\/uploads\/2025\/09\/WhatsApp-Image-2025-09-02-at-9.09.23-PM.jpeg","keywords":["Secundaria"],"articleSection":["Locales"],"inLanguage":"es"},{"@type":"WebPage","@id":"https:\/\/laredlarioja.com.ar\/sitio\/denuncian-maniobra-judicial-para-borrar-a-la-concejal-ceballos-del-registro-de-deudores-alimentarios\/","url":"https:\/\/laredlarioja.com.ar\/sitio\/denuncian-maniobra-judicial-para-borrar-a-la-concejal-ceballos-del-registro-de-deudores-alimentarios\/","name":"Denuncian maniobra judicial para borrar a la concejal Ceballos del registro de deudores alimentarios - LA RED 88.3 LA RIOJA","isPartOf":{"@id":"https:\/\/laredlarioja.com.ar\/sitio\/#website"},"primaryImageOfPage":{"@id":"https:\/\/laredlarioja.com.ar\/sitio\/denuncian-maniobra-judicial-para-borrar-a-la-concejal-ceballos-del-registro-de-deudores-alimentarios\/#primaryimage"},"image":{"@id":"https:\/\/laredlarioja.com.ar\/sitio\/denuncian-maniobra-judicial-para-borrar-a-la-concejal-ceballos-del-registro-de-deudores-alimentarios\/#primaryimage"},"thumbnailUrl":"https:\/\/laredlarioja.com.ar\/sitio\/wp-content\/uploads\/2025\/09\/WhatsApp-Image-2025-09-02-at-9.09.23-PM.jpeg","datePublished":"2025-09-03T00:10:33+00:00","dateModified":"2025-09-03T23:41:09+00:00","breadcrumb":{"@id":"https:\/\/laredlarioja.com.ar\/sitio\/denuncian-maniobra-judicial-para-borrar-a-la-concejal-ceballos-del-registro-de-deudores-alimentarios\/#breadcrumb"},"inLanguage":"es","potentialAction":[{"@type":"ReadAction","target":["https:\/\/laredlarioja.com.ar\/sitio\/denuncian-maniobra-judicial-para-borrar-a-la-concejal-ceballos-del-registro-de-deudores-alimentarios\/"]}]},{"@type":"ImageObject","inLanguage":"es","@id":"https:\/\/laredlarioja.com.ar\/sitio\/denuncian-maniobra-judicial-para-borrar-a-la-concejal-ceballos-del-registro-de-deudores-alimentarios\/#primaryimage","url":"https:\/\/laredlarioja.com.ar\/sitio\/wp-content\/uploads\/2025\/09\/WhatsApp-Image-2025-09-02-at-9.09.23-PM.jpeg","contentUrl":"https:\/\/laredlarioja.com.ar\/sitio\/wp-content\/uploads\/2025\/09\/WhatsApp-Image-2025-09-02-at-9.09.23-PM.jpeg","width":1280,"height":853},{"@type":"BreadcrumbList","@id":"https:\/\/laredlarioja.com.ar\/sitio\/denuncian-maniobra-judicial-para-borrar-a-la-concejal-ceballos-del-registro-de-deudores-alimentarios\/#breadcrumb","itemListElement":[{"@type":"ListItem","position":1,"name":"Portada","item":"https:\/\/laredlarioja.com.ar\/sitio\/"},{"@type":"ListItem","position":2,"name":"Denuncian maniobra judicial para borrar a la concejal Ceballos del registro de deudores alimentarios"}]},{"@type":"WebSite","@id":"https:\/\/laredlarioja.com.ar\/sitio\/#website","url":"https:\/\/laredlarioja.com.ar\/sitio\/","name":"LA RED 88.3 LA RIOJA","description":"Sitio de Noticias","publisher":{"@id":"https:\/\/laredlarioja.com.ar\/sitio\/#organization"},"potentialAction":[{"@type":"SearchAction","target":{"@type":"EntryPoint","urlTemplate":"https:\/\/laredlarioja.com.ar\/sitio\/?s={search_term_string}"},"query-input":{"@type":"PropertyValueSpecification","valueRequired":true,"valueName":"search_term_string"}}],"inLanguage":"es"},{"@type":"Organization","@id":"https:\/\/laredlarioja.com.ar\/sitio\/#organization","name":"LA RED 88.3 LA RIOJA","url":"https:\/\/laredlarioja.com.ar\/sitio\/","logo":{"@type":"ImageObject","inLanguage":"es","@id":"https:\/\/laredlarioja.com.ar\/sitio\/#\/schema\/logo\/image\/","url":"https:\/\/laredlarioja.com.ar\/sitio\/wp-content\/uploads\/2025\/05\/LOGO-LA-RED.png","contentUrl":"https:\/\/laredlarioja.com.ar\/sitio\/wp-content\/uploads\/2025\/05\/LOGO-LA-RED.png","width":193,"height":340,"caption":"LA RED 88.3 LA RIOJA"},"image":{"@id":"https:\/\/laredlarioja.com.ar\/sitio\/#\/schema\/logo\/image\/"},"sameAs":["https:\/\/www.facebook.com\/lared.larioja","https:\/\/x.com\/laredlarioja1","https:\/\/www.instagram.com\/lared_larioja\/"]},{"@type":"Person","@id":"https:\/\/laredlarioja.com.ar\/sitio\/#\/schema\/person\/8b98ebe852851a8bdc8acd6ec6918de9","name":"Maria De La Vega","sameAs":["http:\/\/laredlarioja.com.ar"],"url":"https:\/\/laredlarioja.com.ar\/sitio\/author\/maru\/"}]}},"featured_image_urls":{"full":["https:\/\/laredlarioja.com.ar\/sitio\/wp-content\/uploads\/2025\/09\/WhatsApp-Image-2025-09-02-at-9.09.23-PM.jpeg",1280,853,false],"thumbnail":["https:\/\/laredlarioja.com.ar\/sitio\/wp-content\/uploads\/2025\/09\/WhatsApp-Image-2025-09-02-at-9.09.23-PM-150x150.jpeg",150,150,true],"medium":["https:\/\/laredlarioja.com.ar\/sitio\/wp-content\/uploads\/2025\/09\/WhatsApp-Image-2025-09-02-at-9.09.23-PM-300x200.jpeg",300,200,true],"medium_large":["https:\/\/laredlarioja.com.ar\/sitio\/wp-content\/uploads\/2025\/09\/WhatsApp-Image-2025-09-02-at-9.09.23-PM-768x512.jpeg",640,427,true],"large":["https:\/\/laredlarioja.com.ar\/sitio\/wp-content\/uploads\/2025\/09\/WhatsApp-Image-2025-09-02-at-9.09.23-PM-1024x682.jpeg",640,426,true],"1536x1536":["https:\/\/laredlarioja.com.ar\/sitio\/wp-content\/uploads\/2025\/09\/WhatsApp-Image-2025-09-02-at-9.09.23-PM.jpeg",1280,853,false],"2048x2048":["https:\/\/laredlarioja.com.ar\/sitio\/wp-content\/uploads\/2025\/09\/WhatsApp-Image-2025-09-02-at-9.09.23-PM.jpeg",1280,853,false],"cvmm-medium":["https:\/\/laredlarioja.com.ar\/sitio\/wp-content\/uploads\/2025\/09\/WhatsApp-Image-2025-09-02-at-9.09.23-PM-300x300.jpeg",300,300,true],"cvmm-medium-plus":["https:\/\/laredlarioja.com.ar\/sitio\/wp-content\/uploads\/2025\/09\/WhatsApp-Image-2025-09-02-at-9.09.23-PM-305x207.jpeg",305,207,true],"cvmm-portrait":["https:\/\/laredlarioja.com.ar\/sitio\/wp-content\/uploads\/2025\/09\/WhatsApp-Image-2025-09-02-at-9.09.23-PM-400x600.jpeg",400,600,true],"cvmm-medium-square":["https:\/\/laredlarioja.com.ar\/sitio\/wp-content\/uploads\/2025\/09\/WhatsApp-Image-2025-09-02-at-9.09.23-PM-600x600.jpeg",600,600,true],"cvmm-large":["https:\/\/laredlarioja.com.ar\/sitio\/wp-content\/uploads\/2025\/09\/WhatsApp-Image-2025-09-02-at-9.09.23-PM-1024x853.jpeg",1024,853,true],"cvmm-small":["https:\/\/laredlarioja.com.ar\/sitio\/wp-content\/uploads\/2025\/09\/WhatsApp-Image-2025-09-02-at-9.09.23-PM-130x95.jpeg",130,95,true],"morenews-large":["https:\/\/laredlarioja.com.ar\/sitio\/wp-content\/uploads\/2025\/09\/WhatsApp-Image-2025-09-02-at-9.09.23-PM-825x575.jpeg",825,575,true],"morenews-medium":["https:\/\/laredlarioja.com.ar\/sitio\/wp-content\/uploads\/2025\/09\/WhatsApp-Image-2025-09-02-at-9.09.23-PM-590x410.jpeg",590,410,true]},"author_info":{"display_name":"Maria De La Vega","author_link":"https:\/\/laredlarioja.com.ar\/sitio\/author\/maru\/"},"category_info":"<a href=\"https:\/\/laredlarioja.com.ar\/sitio\/categorias\/locales\/\" rel=\"category tag\">Locales<\/a>","tag_info":"Locales","comment_count":"0","blog_post_layout_featured_media_urls":{"thumbnail":["https:\/\/laredlarioja.com.ar\/sitio\/wp-content\/uploads\/2025\/09\/WhatsApp-Image-2025-09-02-at-9.09.23-PM-150x150.jpeg",150,150,true],"full":["https:\/\/laredlarioja.com.ar\/sitio\/wp-content\/uploads\/2025\/09\/WhatsApp-Image-2025-09-02-at-9.09.23-PM.jpeg",1280,853,false]},"categories_names":{"94":{"name":"Locales","link":"https:\/\/laredlarioja.com.ar\/sitio\/categorias\/locales\/"}},"tags_names":{"84":{"name":"Secundaria","link":"https:\/\/laredlarioja.com.ar\/sitio\/etiquetas\/secundaria\/"}},"comments_number":"0","wpmagazine_modules_lite_featured_media_urls":{"thumbnail":["https:\/\/laredlarioja.com.ar\/sitio\/wp-content\/uploads\/2025\/09\/WhatsApp-Image-2025-09-02-at-9.09.23-PM-150x150.jpeg",150,150,true],"cvmm-medium":["https:\/\/laredlarioja.com.ar\/sitio\/wp-content\/uploads\/2025\/09\/WhatsApp-Image-2025-09-02-at-9.09.23-PM-300x300.jpeg",300,300,true],"cvmm-medium-plus":["https:\/\/laredlarioja.com.ar\/sitio\/wp-content\/uploads\/2025\/09\/WhatsApp-Image-2025-09-02-at-9.09.23-PM-305x207.jpeg",305,207,true],"cvmm-portrait":["https:\/\/laredlarioja.com.ar\/sitio\/wp-content\/uploads\/2025\/09\/WhatsApp-Image-2025-09-02-at-9.09.23-PM-400x600.jpeg",400,600,true],"cvmm-medium-square":["https:\/\/laredlarioja.com.ar\/sitio\/wp-content\/uploads\/2025\/09\/WhatsApp-Image-2025-09-02-at-9.09.23-PM-600x600.jpeg",600,600,true],"cvmm-large":["https:\/\/laredlarioja.com.ar\/sitio\/wp-content\/uploads\/2025\/09\/WhatsApp-Image-2025-09-02-at-9.09.23-PM-1024x853.jpeg",1024,853,true],"cvmm-small":["https:\/\/laredlarioja.com.ar\/sitio\/wp-content\/uploads\/2025\/09\/WhatsApp-Image-2025-09-02-at-9.09.23-PM-130x95.jpeg",130,95,true],"full":["https:\/\/laredlarioja.com.ar\/sitio\/wp-content\/uploads\/2025\/09\/WhatsApp-Image-2025-09-02-at-9.09.23-PM.jpeg",1280,853,false]},"_links":{"self":[{"href":"https:\/\/laredlarioja.com.ar\/sitio\/wp-json\/wp\/v2\/posts\/66092","targetHints":{"allow":["GET"]}}],"collection":[{"href":"https:\/\/laredlarioja.com.ar\/sitio\/wp-json\/wp\/v2\/posts"}],"about":[{"href":"https:\/\/laredlarioja.com.ar\/sitio\/wp-json\/wp\/v2\/types\/post"}],"author":[{"embeddable":true,"href":"https:\/\/laredlarioja.com.ar\/sitio\/wp-json\/wp\/v2\/users\/13"}],"replies":[{"embeddable":true,"href":"https:\/\/laredlarioja.com.ar\/sitio\/wp-json\/wp\/v2\/comments?post=66092"}],"version-history":[{"count":2,"href":"https:\/\/laredlarioja.com.ar\/sitio\/wp-json\/wp\/v2\/posts\/66092\/revisions"}],"predecessor-version":[{"id":66095,"href":"https:\/\/laredlarioja.com.ar\/sitio\/wp-json\/wp\/v2\/posts\/66092\/revisions\/66095"}],"wp:featuredmedia":[{"embeddable":true,"href":"https:\/\/laredlarioja.com.ar\/sitio\/wp-json\/wp\/v2\/media\/66093"}],"wp:attachment":[{"href":"https:\/\/laredlarioja.com.ar\/sitio\/wp-json\/wp\/v2\/media?parent=66092"}],"wp:term":[{"taxonomy":"category","embeddable":true,"href":"https:\/\/laredlarioja.com.ar\/sitio\/wp-json\/wp\/v2\/categories?post=66092"},{"taxonomy":"post_tag","embeddable":true,"href":"https:\/\/laredlarioja.com.ar\/sitio\/wp-json\/wp\/v2\/tags?post=66092"}],"curies":[{"name":"wp","href":"https:\/\/api.w.org\/{rel}","templated":true}]}}