{"id":66096,"date":"2025-09-03T13:09:06","date_gmt":"2025-09-03T13:09:06","guid":{"rendered":"https:\/\/laredlarioja.com.ar\/sitio\/?p=66096"},"modified":"2025-09-04T21:39:02","modified_gmt":"2025-09-04T21:39:02","slug":"paro-de-salud-en-la-rioja-el-aumento-salarial-es-insuficiente-y-la-situacion-es-alarmante-advirtio-ser-salud","status":"publish","type":"post","link":"https:\/\/laredlarioja.com.ar\/sitio\/paro-de-salud-en-la-rioja-el-aumento-salarial-es-insuficiente-y-la-situacion-es-alarmante-advirtio-ser-salud\/","title":{"rendered":"Paro de SER Salud: \u201cEl aumento salarial es insuficiente y la situaci\u00f3n es alarmante\u201d"},"content":{"rendered":"<p data-start=\"214\" data-end=\"592\">Este jueves 4 de septiembre, a partir de la medianoche, los trabajadores de la salud en La Rioja iniciar\u00e1n un paro de 24 horas en todos los centros de salud y hospitales p\u00fablicos de la provincia. La medida, convocada por el gremio <strong data-start=\"445\" data-end=\"458\">SER Salud<\/strong>, contempla \u00fanicamente la atenci\u00f3n de urgencias y emergencias, en reclamo de una recomposici\u00f3n salarial que consideran insuficiente.<\/p>\n<p data-start=\"594\" data-end=\"853\">En di\u00e1logo con <strong data-start=\"609\" data-end=\"625\">Radio La Red<\/strong>, el secretario general de SER Salud, <strong data-start=\"663\" data-end=\"682\">Roberto Carrizo<\/strong>, explic\u00f3 que la medida \u201cacompa\u00f1a el sentir de todos los trabajadores\u201d, quienes no fueron convocados a discutir el \u00faltimo incremento otorgado por el gobierno provincial. \u201cLamentablemente, venimos reclamando desde febrero y reci\u00e9n en agosto se actualiz\u00f3 un poco el salario, pero de manera insuficiente. Ahora, con el aumento del combustible y la suba del d\u00f3lar, todo se traslada a los precios y no tenemos previsibilidad de lo que pasar\u00e1 con nuestros sueldos en octubre, noviembre y diciembre\u201d, se\u00f1al\u00f3 Carrizo.<\/p>\n<p data-start=\"1232\" data-end=\"1558\">Seg\u00fan el gremio, el incremento aplicado por el gobierno apenas signific\u00f3 un promedio de <strong data-start=\"1320\" data-end=\"1363\">90.000 pesos adicionales en el bolsillo<\/strong> de cada trabajador, producto de un 4,5% al b\u00e1sico m\u00e1s una suma remunerativa de 80.000 pesos.<br data-start=\"1456\" data-end=\"1459\" \/>\u201cEn nada impacta, no podemos terminar el a\u00f1o con estos salarios\u201d, enfatiz\u00f3 el dirigente sindical.<\/p>\n<p data-start=\"1593\" data-end=\"1970\">Otro de los puntos cr\u00edticos se\u00f1alados por Carrizo es la <strong data-start=\"1649\" data-end=\"1695\">falta de personal y la precariedad laboral<\/strong> que atraviesa al sistema sanitario provincial.\u00a0 En este sentido, denunci\u00f3 que hace m\u00e1s de un a\u00f1o est\u00e1n <strong data-start=\"1800\" data-end=\"1842\">frenados los pases a planta permanente<\/strong>, lo que afecta a cerca de <strong data-start=\"1869\" data-end=\"1889\">800 trabajadores<\/strong>, entre profesionales m\u00e9dicos, personal de enfermer\u00eda y de servicios generales.<\/p>\n<p data-start=\"1972\" data-end=\"2279\">\u201cEl caso de Chilecito es alarmante: se necesitan al menos 60 enfermeros para cubrir la demanda en el hospital zonal y en la zona sanitaria III, que abarca localidades como Famatina, Campana, Pituil, Nonogasta, Vichigasta y Sa\u00f1ogasta. Hoy no alcanza el recurso humano para sostener los servicios\u201d, explic\u00f3.<\/p>\n<p data-start=\"2315\" data-end=\"2636\">Carrizo asegur\u00f3 que hasta el momento <strong data-start=\"2352\" data-end=\"2392\">no hubo ninguna comunicaci\u00f3n oficial<\/strong> con autoridades provinciales para tratar el reclamo, y cuestion\u00f3 que \u201cel gobierno est\u00e1 m\u00e1s enfocado en las campa\u00f1as pol\u00edticas y en las elecciones que en garantizar condiciones salariales y laborales dignas para los trabajadores de la salud\u201d.<\/p>\n<p data-start=\"2663\" data-end=\"3066\">El secretario general confirm\u00f3 que la medida de fuerza incluye la <strong data-start=\"2729\" data-end=\"2770\">permanencia en los lugares de trabajo<\/strong>, con la garant\u00eda de atenci\u00f3n exclusiva de urgencias y emergencias. Adem\u00e1s, destac\u00f3 que la jornada de protesta se desarrollar\u00e1 de manera conjunta con los m\u00e9dicos nucleados en <strong data-start=\"2945\" data-end=\"2957\">APROSLAR<\/strong>, reforzando la idea de que \u201csalud es un equipo y la problem\u00e1tica salarial atraviesa a todos los sectores\u201d.<\/p>\n","protected":false},"excerpt":{"rendered":"<p>Este jueves 4 de septiembre, a partir de la medianoche, los trabajadores de la salud en La Rioja<\/p>\n","protected":false},"author":10,"featured_media":36884,"comment_status":"closed","ping_status":"open","sticky":false,"template":"","format":"standard","meta":{"footnotes":""},"categories":[94],"tags":[],"class_list":["post-66096","post","type-post","status-publish","format-standard","has-post-thumbnail","hentry","category-locales"],"yoast_head":"<!-- This site is optimized with the Yoast SEO plugin v27.4 - https:\/\/yoast.com\/product\/yoast-seo-wordpress\/ -->\n<title>Paro de SER Salud: \u201cEl aumento salarial es insuficiente y la situaci\u00f3n es alarmante\u201d - LA RED 88.3 LA RIOJA<\/title>\n<meta name=\"robots\" content=\"index, follow, max-snippet:-1, max-image-preview:large, max-video-preview:-1\" \/>\n<link rel=\"canonical\" href=\"https:\/\/laredlarioja.com.ar\/sitio\/paro-de-salud-en-la-rioja-el-aumento-salarial-es-insuficiente-y-la-situacion-es-alarmante-advirtio-ser-salud\/\" \/>\n<meta property=\"og:locale\" content=\"es_ES\" \/>\n<meta property=\"og:type\" content=\"article\" \/>\n<meta property=\"og:title\" content=\"Paro de SER Salud: \u201cEl aumento salarial es insuficiente y la situaci\u00f3n es alarmante\u201d - LA RED 88.3 LA RIOJA\" \/>\n<meta property=\"og:description\" content=\"Este jueves 4 de septiembre, a partir de la medianoche, los trabajadores de la salud en La Rioja\" \/>\n<meta property=\"og:url\" content=\"https:\/\/laredlarioja.com.ar\/sitio\/paro-de-salud-en-la-rioja-el-aumento-salarial-es-insuficiente-y-la-situacion-es-alarmante-advirtio-ser-salud\/\" \/>\n<meta property=\"og:site_name\" content=\"LA RED 88.3 LA RIOJA\" \/>\n<meta property=\"article:publisher\" content=\"https:\/\/www.facebook.com\/lared.larioja\" \/>\n<meta property=\"article:published_time\" content=\"2025-09-03T13:09:06+00:00\" \/>\n<meta property=\"article:modified_time\" content=\"2025-09-04T21:39:02+00:00\" \/>\n<meta property=\"og:image\" content=\"https:\/\/laredlarioja.com.ar\/sitio\/wp-content\/uploads\/2023\/10\/ser-salud.jpg\" \/>\n\t<meta property=\"og:image:width\" content=\"623\" \/>\n\t<meta property=\"og:image:height\" content=\"387\" \/>\n\t<meta property=\"og:image:type\" content=\"image\/jpeg\" \/>\n<meta name=\"author\" content=\"La Red\" \/>\n<meta name=\"twitter:card\" content=\"summary_large_image\" \/>\n<meta name=\"twitter:creator\" content=\"@laredlarioja1\" \/>\n<meta name=\"twitter:site\" content=\"@laredlarioja1\" \/>\n<meta name=\"twitter:label1\" content=\"Escrito por\" \/>\n\t<meta name=\"twitter:data1\" content=\"La Red\" \/>\n\t<meta name=\"twitter:label2\" content=\"Tiempo de lectura\" \/>\n\t<meta name=\"twitter:data2\" content=\"3 minutos\" \/>\n<script type=\"application\/ld+json\" class=\"yoast-schema-graph\">{\"@context\":\"https:\\\/\\\/schema.org\",\"@graph\":[{\"@type\":\"Article\",\"@id\":\"https:\\\/\\\/laredlarioja.com.ar\\\/sitio\\\/paro-de-salud-en-la-rioja-el-aumento-salarial-es-insuficiente-y-la-situacion-es-alarmante-advirtio-ser-salud\\\/#article\",\"isPartOf\":{\"@id\":\"https:\\\/\\\/laredlarioja.com.ar\\\/sitio\\\/paro-de-salud-en-la-rioja-el-aumento-salarial-es-insuficiente-y-la-situacion-es-alarmante-advirtio-ser-salud\\\/\"},\"author\":{\"name\":\"La Red\",\"@id\":\"https:\\\/\\\/laredlarioja.com.ar\\\/sitio\\\/#\\\/schema\\\/person\\\/f1e213867beccedaaa4fb548d9259d9a\"},\"headline\":\"Paro de SER Salud: \u201cEl aumento salarial es insuficiente y la situaci\u00f3n es alarmante\u201d\",\"datePublished\":\"2025-09-03T13:09:06+00:00\",\"dateModified\":\"2025-09-04T21:39:02+00:00\",\"mainEntityOfPage\":{\"@id\":\"https:\\\/\\\/laredlarioja.com.ar\\\/sitio\\\/paro-de-salud-en-la-rioja-el-aumento-salarial-es-insuficiente-y-la-situacion-es-alarmante-advirtio-ser-salud\\\/\"},\"wordCount\":460,\"publisher\":{\"@id\":\"https:\\\/\\\/laredlarioja.com.ar\\\/sitio\\\/#organization\"},\"image\":{\"@id\":\"https:\\\/\\\/laredlarioja.com.ar\\\/sitio\\\/paro-de-salud-en-la-rioja-el-aumento-salarial-es-insuficiente-y-la-situacion-es-alarmante-advirtio-ser-salud\\\/#primaryimage\"},\"thumbnailUrl\":\"https:\\\/\\\/laredlarioja.com.ar\\\/sitio\\\/wp-content\\\/uploads\\\/2023\\\/10\\\/ser-salud.jpg\",\"articleSection\":[\"Locales\"],\"inLanguage\":\"es\"},{\"@type\":\"WebPage\",\"@id\":\"https:\\\/\\\/laredlarioja.com.ar\\\/sitio\\\/paro-de-salud-en-la-rioja-el-aumento-salarial-es-insuficiente-y-la-situacion-es-alarmante-advirtio-ser-salud\\\/\",\"url\":\"https:\\\/\\\/laredlarioja.com.ar\\\/sitio\\\/paro-de-salud-en-la-rioja-el-aumento-salarial-es-insuficiente-y-la-situacion-es-alarmante-advirtio-ser-salud\\\/\",\"name\":\"Paro de SER Salud: \u201cEl aumento salarial es insuficiente y la situaci\u00f3n es alarmante\u201d - LA RED 88.3 LA RIOJA\",\"isPartOf\":{\"@id\":\"https:\\\/\\\/laredlarioja.com.ar\\\/sitio\\\/#website\"},\"primaryImageOfPage\":{\"@id\":\"https:\\\/\\\/laredlarioja.com.ar\\\/sitio\\\/paro-de-salud-en-la-rioja-el-aumento-salarial-es-insuficiente-y-la-situacion-es-alarmante-advirtio-ser-salud\\\/#primaryimage\"},\"image\":{\"@id\":\"https:\\\/\\\/laredlarioja.com.ar\\\/sitio\\\/paro-de-salud-en-la-rioja-el-aumento-salarial-es-insuficiente-y-la-situacion-es-alarmante-advirtio-ser-salud\\\/#primaryimage\"},\"thumbnailUrl\":\"https:\\\/\\\/laredlarioja.com.ar\\\/sitio\\\/wp-content\\\/uploads\\\/2023\\\/10\\\/ser-salud.jpg\",\"datePublished\":\"2025-09-03T13:09:06+00:00\",\"dateModified\":\"2025-09-04T21:39:02+00:00\",\"breadcrumb\":{\"@id\":\"https:\\\/\\\/laredlarioja.com.ar\\\/sitio\\\/paro-de-salud-en-la-rioja-el-aumento-salarial-es-insuficiente-y-la-situacion-es-alarmante-advirtio-ser-salud\\\/#breadcrumb\"},\"inLanguage\":\"es\",\"potentialAction\":[{\"@type\":\"ReadAction\",\"target\":[\"https:\\\/\\\/laredlarioja.com.ar\\\/sitio\\\/paro-de-salud-en-la-rioja-el-aumento-salarial-es-insuficiente-y-la-situacion-es-alarmante-advirtio-ser-salud\\\/\"]}]},{\"@type\":\"ImageObject\",\"inLanguage\":\"es\",\"@id\":\"https:\\\/\\\/laredlarioja.com.ar\\\/sitio\\\/paro-de-salud-en-la-rioja-el-aumento-salarial-es-insuficiente-y-la-situacion-es-alarmante-advirtio-ser-salud\\\/#primaryimage\",\"url\":\"https:\\\/\\\/laredlarioja.com.ar\\\/sitio\\\/wp-content\\\/uploads\\\/2023\\\/10\\\/ser-salud.jpg\",\"contentUrl\":\"https:\\\/\\\/laredlarioja.com.ar\\\/sitio\\\/wp-content\\\/uploads\\\/2023\\\/10\\\/ser-salud.jpg\",\"width\":623,\"height\":387},{\"@type\":\"BreadcrumbList\",\"@id\":\"https:\\\/\\\/laredlarioja.com.ar\\\/sitio\\\/paro-de-salud-en-la-rioja-el-aumento-salarial-es-insuficiente-y-la-situacion-es-alarmante-advirtio-ser-salud\\\/#breadcrumb\",\"itemListElement\":[{\"@type\":\"ListItem\",\"position\":1,\"name\":\"Portada\",\"item\":\"https:\\\/\\\/laredlarioja.com.ar\\\/sitio\\\/\"},{\"@type\":\"ListItem\",\"position\":2,\"name\":\"Paro de SER Salud: \u201cEl aumento salarial es insuficiente y la situaci\u00f3n es alarmante\u201d\"}]},{\"@type\":\"WebSite\",\"@id\":\"https:\\\/\\\/laredlarioja.com.ar\\\/sitio\\\/#website\",\"url\":\"https:\\\/\\\/laredlarioja.com.ar\\\/sitio\\\/\",\"name\":\"LA RED 88.3 LA RIOJA\",\"description\":\"Sitio de Noticias\",\"publisher\":{\"@id\":\"https:\\\/\\\/laredlarioja.com.ar\\\/sitio\\\/#organization\"},\"potentialAction\":[{\"@type\":\"SearchAction\",\"target\":{\"@type\":\"EntryPoint\",\"urlTemplate\":\"https:\\\/\\\/laredlarioja.com.ar\\\/sitio\\\/?s={search_term_string}\"},\"query-input\":{\"@type\":\"PropertyValueSpecification\",\"valueRequired\":true,\"valueName\":\"search_term_string\"}}],\"inLanguage\":\"es\"},{\"@type\":\"Organization\",\"@id\":\"https:\\\/\\\/laredlarioja.com.ar\\\/sitio\\\/#organization\",\"name\":\"LA RED 88.3 LA RIOJA\",\"url\":\"https:\\\/\\\/laredlarioja.com.ar\\\/sitio\\\/\",\"logo\":{\"@type\":\"ImageObject\",\"inLanguage\":\"es\",\"@id\":\"https:\\\/\\\/laredlarioja.com.ar\\\/sitio\\\/#\\\/schema\\\/logo\\\/image\\\/\",\"url\":\"https:\\\/\\\/laredlarioja.com.ar\\\/sitio\\\/wp-content\\\/uploads\\\/2025\\\/05\\\/LOGO-LA-RED.png\",\"contentUrl\":\"https:\\\/\\\/laredlarioja.com.ar\\\/sitio\\\/wp-content\\\/uploads\\\/2025\\\/05\\\/LOGO-LA-RED.png\",\"width\":193,\"height\":340,\"caption\":\"LA RED 88.3 LA RIOJA\"},\"image\":{\"@id\":\"https:\\\/\\\/laredlarioja.com.ar\\\/sitio\\\/#\\\/schema\\\/logo\\\/image\\\/\"},\"sameAs\":[\"https:\\\/\\\/www.facebook.com\\\/lared.larioja\",\"https:\\\/\\\/x.com\\\/laredlarioja1\",\"https:\\\/\\\/www.instagram.com\\\/lared_larioja\\\/\"]},{\"@type\":\"Person\",\"@id\":\"https:\\\/\\\/laredlarioja.com.ar\\\/sitio\\\/#\\\/schema\\\/person\\\/f1e213867beccedaaa4fb548d9259d9a\",\"name\":\"La Red\",\"url\":\"https:\\\/\\\/laredlarioja.com.ar\\\/sitio\\\/author\\\/lared\\\/\"}]}<\/script>\n<!-- \/ Yoast SEO plugin. -->","yoast_head_json":{"title":"Paro de SER Salud: \u201cEl aumento salarial es insuficiente y la situaci\u00f3n es alarmante\u201d - LA RED 88.3 LA RIOJA","robots":{"index":"index","follow":"follow","max-snippet":"max-snippet:-1","max-image-preview":"max-image-preview:large","max-video-preview":"max-video-preview:-1"},"canonical":"https:\/\/laredlarioja.com.ar\/sitio\/paro-de-salud-en-la-rioja-el-aumento-salarial-es-insuficiente-y-la-situacion-es-alarmante-advirtio-ser-salud\/","og_locale":"es_ES","og_type":"article","og_title":"Paro de SER Salud: \u201cEl aumento salarial es insuficiente y la situaci\u00f3n es alarmante\u201d - LA RED 88.3 LA RIOJA","og_description":"Este jueves 4 de septiembre, a partir de la medianoche, los trabajadores de la salud en La Rioja","og_url":"https:\/\/laredlarioja.com.ar\/sitio\/paro-de-salud-en-la-rioja-el-aumento-salarial-es-insuficiente-y-la-situacion-es-alarmante-advirtio-ser-salud\/","og_site_name":"LA RED 88.3 LA RIOJA","article_publisher":"https:\/\/www.facebook.com\/lared.larioja","article_published_time":"2025-09-03T13:09:06+00:00","article_modified_time":"2025-09-04T21:39:02+00:00","og_image":[{"width":623,"height":387,"url":"https:\/\/laredlarioja.com.ar\/sitio\/wp-content\/uploads\/2023\/10\/ser-salud.jpg","type":"image\/jpeg"}],"author":"La Red","twitter_card":"summary_large_image","twitter_creator":"@laredlarioja1","twitter_site":"@laredlarioja1","twitter_misc":{"Escrito por":"La Red","Tiempo de lectura":"3 minutos"},"schema":{"@context":"https:\/\/schema.org","@graph":[{"@type":"Article","@id":"https:\/\/laredlarioja.com.ar\/sitio\/paro-de-salud-en-la-rioja-el-aumento-salarial-es-insuficiente-y-la-situacion-es-alarmante-advirtio-ser-salud\/#article","isPartOf":{"@id":"https:\/\/laredlarioja.com.ar\/sitio\/paro-de-salud-en-la-rioja-el-aumento-salarial-es-insuficiente-y-la-situacion-es-alarmante-advirtio-ser-salud\/"},"author":{"name":"La Red","@id":"https:\/\/laredlarioja.com.ar\/sitio\/#\/schema\/person\/f1e213867beccedaaa4fb548d9259d9a"},"headline":"Paro de SER Salud: \u201cEl aumento salarial es insuficiente y la situaci\u00f3n es alarmante\u201d","datePublished":"2025-09-03T13:09:06+00:00","dateModified":"2025-09-04T21:39:02+00:00","mainEntityOfPage":{"@id":"https:\/\/laredlarioja.com.ar\/sitio\/paro-de-salud-en-la-rioja-el-aumento-salarial-es-insuficiente-y-la-situacion-es-alarmante-advirtio-ser-salud\/"},"wordCount":460,"publisher":{"@id":"https:\/\/laredlarioja.com.ar\/sitio\/#organization"},"image":{"@id":"https:\/\/laredlarioja.com.ar\/sitio\/paro-de-salud-en-la-rioja-el-aumento-salarial-es-insuficiente-y-la-situacion-es-alarmante-advirtio-ser-salud\/#primaryimage"},"thumbnailUrl":"https:\/\/laredlarioja.com.ar\/sitio\/wp-content\/uploads\/2023\/10\/ser-salud.jpg","articleSection":["Locales"],"inLanguage":"es"},{"@type":"WebPage","@id":"https:\/\/laredlarioja.com.ar\/sitio\/paro-de-salud-en-la-rioja-el-aumento-salarial-es-insuficiente-y-la-situacion-es-alarmante-advirtio-ser-salud\/","url":"https:\/\/laredlarioja.com.ar\/sitio\/paro-de-salud-en-la-rioja-el-aumento-salarial-es-insuficiente-y-la-situacion-es-alarmante-advirtio-ser-salud\/","name":"Paro de SER Salud: \u201cEl aumento salarial es insuficiente y la situaci\u00f3n es alarmante\u201d - LA RED 88.3 LA RIOJA","isPartOf":{"@id":"https:\/\/laredlarioja.com.ar\/sitio\/#website"},"primaryImageOfPage":{"@id":"https:\/\/laredlarioja.com.ar\/sitio\/paro-de-salud-en-la-rioja-el-aumento-salarial-es-insuficiente-y-la-situacion-es-alarmante-advirtio-ser-salud\/#primaryimage"},"image":{"@id":"https:\/\/laredlarioja.com.ar\/sitio\/paro-de-salud-en-la-rioja-el-aumento-salarial-es-insuficiente-y-la-situacion-es-alarmante-advirtio-ser-salud\/#primaryimage"},"thumbnailUrl":"https:\/\/laredlarioja.com.ar\/sitio\/wp-content\/uploads\/2023\/10\/ser-salud.jpg","datePublished":"2025-09-03T13:09:06+00:00","dateModified":"2025-09-04T21:39:02+00:00","breadcrumb":{"@id":"https:\/\/laredlarioja.com.ar\/sitio\/paro-de-salud-en-la-rioja-el-aumento-salarial-es-insuficiente-y-la-situacion-es-alarmante-advirtio-ser-salud\/#breadcrumb"},"inLanguage":"es","potentialAction":[{"@type":"ReadAction","target":["https:\/\/laredlarioja.com.ar\/sitio\/paro-de-salud-en-la-rioja-el-aumento-salarial-es-insuficiente-y-la-situacion-es-alarmante-advirtio-ser-salud\/"]}]},{"@type":"ImageObject","inLanguage":"es","@id":"https:\/\/laredlarioja.com.ar\/sitio\/paro-de-salud-en-la-rioja-el-aumento-salarial-es-insuficiente-y-la-situacion-es-alarmante-advirtio-ser-salud\/#primaryimage","url":"https:\/\/laredlarioja.com.ar\/sitio\/wp-content\/uploads\/2023\/10\/ser-salud.jpg","contentUrl":"https:\/\/laredlarioja.com.ar\/sitio\/wp-content\/uploads\/2023\/10\/ser-salud.jpg","width":623,"height":387},{"@type":"BreadcrumbList","@id":"https:\/\/laredlarioja.com.ar\/sitio\/paro-de-salud-en-la-rioja-el-aumento-salarial-es-insuficiente-y-la-situacion-es-alarmante-advirtio-ser-salud\/#breadcrumb","itemListElement":[{"@type":"ListItem","position":1,"name":"Portada","item":"https:\/\/laredlarioja.com.ar\/sitio\/"},{"@type":"ListItem","position":2,"name":"Paro de SER Salud: \u201cEl aumento salarial es insuficiente y la situaci\u00f3n es alarmante\u201d"}]},{"@type":"WebSite","@id":"https:\/\/laredlarioja.com.ar\/sitio\/#website","url":"https:\/\/laredlarioja.com.ar\/sitio\/","name":"LA RED 88.3 LA RIOJA","description":"Sitio de Noticias","publisher":{"@id":"https:\/\/laredlarioja.com.ar\/sitio\/#organization"},"potentialAction":[{"@type":"SearchAction","target":{"@type":"EntryPoint","urlTemplate":"https:\/\/laredlarioja.com.ar\/sitio\/?s={search_term_string}"},"query-input":{"@type":"PropertyValueSpecification","valueRequired":true,"valueName":"search_term_string"}}],"inLanguage":"es"},{"@type":"Organization","@id":"https:\/\/laredlarioja.com.ar\/sitio\/#organization","name":"LA RED 88.3 LA RIOJA","url":"https:\/\/laredlarioja.com.ar\/sitio\/","logo":{"@type":"ImageObject","inLanguage":"es","@id":"https:\/\/laredlarioja.com.ar\/sitio\/#\/schema\/logo\/image\/","url":"https:\/\/laredlarioja.com.ar\/sitio\/wp-content\/uploads\/2025\/05\/LOGO-LA-RED.png","contentUrl":"https:\/\/laredlarioja.com.ar\/sitio\/wp-content\/uploads\/2025\/05\/LOGO-LA-RED.png","width":193,"height":340,"caption":"LA RED 88.3 LA RIOJA"},"image":{"@id":"https:\/\/laredlarioja.com.ar\/sitio\/#\/schema\/logo\/image\/"},"sameAs":["https:\/\/www.facebook.com\/lared.larioja","https:\/\/x.com\/laredlarioja1","https:\/\/www.instagram.com\/lared_larioja\/"]},{"@type":"Person","@id":"https:\/\/laredlarioja.com.ar\/sitio\/#\/schema\/person\/f1e213867beccedaaa4fb548d9259d9a","name":"La Red","url":"https:\/\/laredlarioja.com.ar\/sitio\/author\/lared\/"}]}},"featured_image_urls":{"full":["https:\/\/laredlarioja.com.ar\/sitio\/wp-content\/uploads\/2023\/10\/ser-salud.jpg",623,387,false],"thumbnail":["https:\/\/laredlarioja.com.ar\/sitio\/wp-content\/uploads\/2023\/10\/ser-salud-150x150.jpg",150,150,true],"medium":["https:\/\/laredlarioja.com.ar\/sitio\/wp-content\/uploads\/2023\/10\/ser-salud-300x186.jpg",300,186,true],"medium_large":["https:\/\/laredlarioja.com.ar\/sitio\/wp-content\/uploads\/2023\/10\/ser-salud.jpg",623,387,false],"large":["https:\/\/laredlarioja.com.ar\/sitio\/wp-content\/uploads\/2023\/10\/ser-salud.jpg",623,387,false],"1536x1536":["https:\/\/laredlarioja.com.ar\/sitio\/wp-content\/uploads\/2023\/10\/ser-salud.jpg",623,387,false],"2048x2048":["https:\/\/laredlarioja.com.ar\/sitio\/wp-content\/uploads\/2023\/10\/ser-salud.jpg",623,387,false],"cvmm-medium":["https:\/\/laredlarioja.com.ar\/sitio\/wp-content\/uploads\/2023\/10\/ser-salud-300x300.jpg",300,300,true],"cvmm-medium-plus":["https:\/\/laredlarioja.com.ar\/sitio\/wp-content\/uploads\/2023\/10\/ser-salud-305x207.jpg",305,207,true],"cvmm-portrait":["https:\/\/laredlarioja.com.ar\/sitio\/wp-content\/uploads\/2023\/10\/ser-salud-400x387.jpg",400,387,true],"cvmm-medium-square":["https:\/\/laredlarioja.com.ar\/sitio\/wp-content\/uploads\/2023\/10\/ser-salud-600x387.jpg",600,387,true],"cvmm-large":["https:\/\/laredlarioja.com.ar\/sitio\/wp-content\/uploads\/2023\/10\/ser-salud.jpg",623,387,false],"cvmm-small":["https:\/\/laredlarioja.com.ar\/sitio\/wp-content\/uploads\/2023\/10\/ser-salud-130x95.jpg",130,95,true],"morenews-large":["https:\/\/laredlarioja.com.ar\/sitio\/wp-content\/uploads\/2023\/10\/ser-salud.jpg",623,387,false],"morenews-medium":["https:\/\/laredlarioja.com.ar\/sitio\/wp-content\/uploads\/2023\/10\/ser-salud-590x387.jpg",590,387,true]},"author_info":{"display_name":"La Red","author_link":"https:\/\/laredlarioja.com.ar\/sitio\/author\/lared\/"},"category_info":"<a href=\"https:\/\/laredlarioja.com.ar\/sitio\/categorias\/locales\/\" rel=\"category tag\">Locales<\/a>","tag_info":"Locales","comment_count":"0","blog_post_layout_featured_media_urls":{"thumbnail":["https:\/\/laredlarioja.com.ar\/sitio\/wp-content\/uploads\/2023\/10\/ser-salud-150x150.jpg",150,150,true],"full":["https:\/\/laredlarioja.com.ar\/sitio\/wp-content\/uploads\/2023\/10\/ser-salud.jpg",623,387,false]},"categories_names":{"94":{"name":"Locales","link":"https:\/\/laredlarioja.com.ar\/sitio\/categorias\/locales\/"}},"tags_names":[],"comments_number":"0","wpmagazine_modules_lite_featured_media_urls":{"thumbnail":["https:\/\/laredlarioja.com.ar\/sitio\/wp-content\/uploads\/2023\/10\/ser-salud-150x150.jpg",150,150,true],"cvmm-medium":["https:\/\/laredlarioja.com.ar\/sitio\/wp-content\/uploads\/2023\/10\/ser-salud-300x300.jpg",300,300,true],"cvmm-medium-plus":["https:\/\/laredlarioja.com.ar\/sitio\/wp-content\/uploads\/2023\/10\/ser-salud-305x207.jpg",305,207,true],"cvmm-portrait":["https:\/\/laredlarioja.com.ar\/sitio\/wp-content\/uploads\/2023\/10\/ser-salud-400x387.jpg",400,387,true],"cvmm-medium-square":["https:\/\/laredlarioja.com.ar\/sitio\/wp-content\/uploads\/2023\/10\/ser-salud-600x387.jpg",600,387,true],"cvmm-large":["https:\/\/laredlarioja.com.ar\/sitio\/wp-content\/uploads\/2023\/10\/ser-salud.jpg",623,387,false],"cvmm-small":["https:\/\/laredlarioja.com.ar\/sitio\/wp-content\/uploads\/2023\/10\/ser-salud-130x95.jpg",130,95,true],"full":["https:\/\/laredlarioja.com.ar\/sitio\/wp-content\/uploads\/2023\/10\/ser-salud.jpg",623,387,false]},"_links":{"self":[{"href":"https:\/\/laredlarioja.com.ar\/sitio\/wp-json\/wp\/v2\/posts\/66096","targetHints":{"allow":["GET"]}}],"collection":[{"href":"https:\/\/laredlarioja.com.ar\/sitio\/wp-json\/wp\/v2\/posts"}],"about":[{"href":"https:\/\/laredlarioja.com.ar\/sitio\/wp-json\/wp\/v2\/types\/post"}],"author":[{"embeddable":true,"href":"https:\/\/laredlarioja.com.ar\/sitio\/wp-json\/wp\/v2\/users\/10"}],"replies":[{"embeddable":true,"href":"https:\/\/laredlarioja.com.ar\/sitio\/wp-json\/wp\/v2\/comments?post=66096"}],"version-history":[{"count":3,"href":"https:\/\/laredlarioja.com.ar\/sitio\/wp-json\/wp\/v2\/posts\/66096\/revisions"}],"predecessor-version":[{"id":66103,"href":"https:\/\/laredlarioja.com.ar\/sitio\/wp-json\/wp\/v2\/posts\/66096\/revisions\/66103"}],"wp:featuredmedia":[{"embeddable":true,"href":"https:\/\/laredlarioja.com.ar\/sitio\/wp-json\/wp\/v2\/media\/36884"}],"wp:attachment":[{"href":"https:\/\/laredlarioja.com.ar\/sitio\/wp-json\/wp\/v2\/media?parent=66096"}],"wp:term":[{"taxonomy":"category","embeddable":true,"href":"https:\/\/laredlarioja.com.ar\/sitio\/wp-json\/wp\/v2\/categories?post=66096"},{"taxonomy":"post_tag","embeddable":true,"href":"https:\/\/laredlarioja.com.ar\/sitio\/wp-json\/wp\/v2\/tags?post=66096"}],"curies":[{"name":"wp","href":"https:\/\/api.w.org\/{rel}","templated":true}]}}