{"id":66098,"date":"2025-09-03T13:12:56","date_gmt":"2025-09-03T13:12:56","guid":{"rendered":"https:\/\/laredlarioja.com.ar\/sitio\/?p=66098"},"modified":"2025-09-03T13:12:56","modified_gmt":"2025-09-03T13:12:56","slug":"un-estado-con-seguridad-eficiente-es-indispensable","status":"publish","type":"post","link":"https:\/\/laredlarioja.com.ar\/sitio\/un-estado-con-seguridad-eficiente-es-indispensable\/","title":{"rendered":"\u00abUn Estado con seguridad eficiente es indispensable\u00bb"},"content":{"rendered":"<p>En el marco del 394\u00ba Aniversario de Nonogasta, el gobernador Ricardo Quintela encabez\u00f3 este martes un acto en el que entreg\u00f3 seis patrulleros y cuatro motocicletas a las fuerzas de seguridad de Chilecito, Machigasta y Campana. Durante la actividad, se anunci\u00f3 la construcci\u00f3n del primer edificio de la Comisar\u00eda Primera de Chilecito y de la Alcaid\u00eda.<\/p>\n<p>El Gobernador inform\u00f3 que el edificio ser\u00e1 expropiado por el municipio y ubicado en el barrio Evita. \u201cAntes de la finalizaci\u00f3n de este a\u00f1o, el lugar ser\u00e1 reacondicionado a nuevo para que las fuerzas de seguridad tengan las mejores condiciones posibles y puedan cumplir con una de las tareas m\u00e1s importantes: garantizar la seguridad de bienes personales y p\u00fablicos\u201d, asegur\u00f3 Quintela.<br \/>\nEl mandatario calific\u00f3 esta acci\u00f3n como una inversi\u00f3n esencial en seguridad, uno de los cuatro servicios que la Constituci\u00f3n obliga al Estado a garantizar, junto con educaci\u00f3n, salud y justicia. \u201cHoy existe una corriente de pensamiento que considera esto un gasto, pero nosotros creemos que un Estado con un servicio de seguridad eficiente es indispensable\u201d, reflexion\u00f3.<\/p>\n<p>Adem\u00e1s, invit\u00f3 a la ciudadan\u00eda a pensar sobre la importancia de un voto informado y consciente: \u201cCada argentino, al emitir su sufragio, debe hacerlo con raz\u00f3n y coraz\u00f3n, con esperanza y visi\u00f3n positiva, y nunca con bronca\u201d, sostuvo.<br \/>\nPor su parte, el intendente de Chilecito, Rodrigo Brizuela y Doria, destac\u00f3 que la seguridad \u201cno es un hecho aislado, sino que se construye con distintos pasos\u201d. Record\u00f3 que al inicio de la gesti\u00f3n faltaban m\u00e1s de 300 efectivos y que este a\u00f1o se incorporaron 93 nuevos agentes. \u201cHemos refaccionado edificios y jerarquizado la fuerza policial en Chilecito; ahora, con la entrega de este edificio, la seguridad en el departamento seguir\u00e1 mejorando\u201d, afirm\u00f3.<\/p>\n","protected":false},"excerpt":{"rendered":"<p>En el marco del 394\u00ba Aniversario de Nonogasta, el gobernador Ricardo Quintela encabez\u00f3 este martes un acto en<\/p>\n","protected":false},"author":10,"featured_media":66099,"comment_status":"closed","ping_status":"open","sticky":false,"template":"","format":"standard","meta":{"footnotes":""},"categories":[23],"tags":[],"class_list":["post-66098","post","type-post","status-publish","format-standard","has-post-thumbnail","hentry","category-politica"],"yoast_head":"<!-- This site is optimized with the Yoast SEO plugin v27.4 - https:\/\/yoast.com\/product\/yoast-seo-wordpress\/ -->\n<title>&quot;Un Estado con seguridad eficiente es indispensable&quot; - LA RED 88.3 LA RIOJA<\/title>\n<meta name=\"robots\" content=\"index, follow, max-snippet:-1, max-image-preview:large, max-video-preview:-1\" \/>\n<link rel=\"canonical\" href=\"https:\/\/laredlarioja.com.ar\/sitio\/un-estado-con-seguridad-eficiente-es-indispensable\/\" \/>\n<meta property=\"og:locale\" content=\"es_ES\" \/>\n<meta property=\"og:type\" content=\"article\" \/>\n<meta property=\"og:title\" content=\"&quot;Un Estado con seguridad eficiente es indispensable&quot; - LA RED 88.3 LA RIOJA\" \/>\n<meta property=\"og:description\" content=\"En el marco del 394\u00ba Aniversario de Nonogasta, el gobernador Ricardo Quintela encabez\u00f3 este martes un acto en\" \/>\n<meta property=\"og:url\" content=\"https:\/\/laredlarioja.com.ar\/sitio\/un-estado-con-seguridad-eficiente-es-indispensable\/\" \/>\n<meta property=\"og:site_name\" content=\"LA RED 88.3 LA RIOJA\" \/>\n<meta property=\"article:publisher\" content=\"https:\/\/www.facebook.com\/lared.larioja\" \/>\n<meta property=\"article:published_time\" content=\"2025-09-03T13:12:56+00:00\" \/>\n<meta property=\"og:image\" content=\"https:\/\/laredlarioja.com.ar\/sitio\/wp-content\/uploads\/2025\/09\/9d1b6f87-0315-49f8-ac76-ce99c4e99270.jpg\" \/>\n\t<meta property=\"og:image:width\" content=\"1280\" \/>\n\t<meta property=\"og:image:height\" content=\"851\" \/>\n\t<meta property=\"og:image:type\" content=\"image\/jpeg\" \/>\n<meta name=\"author\" content=\"La Red\" \/>\n<meta name=\"twitter:card\" content=\"summary_large_image\" \/>\n<meta name=\"twitter:creator\" content=\"@laredlarioja1\" \/>\n<meta name=\"twitter:site\" content=\"@laredlarioja1\" \/>\n<meta name=\"twitter:label1\" content=\"Escrito por\" \/>\n\t<meta name=\"twitter:data1\" content=\"La Red\" \/>\n\t<meta name=\"twitter:label2\" content=\"Tiempo de lectura\" \/>\n\t<meta name=\"twitter:data2\" content=\"2 minutos\" \/>\n<script type=\"application\/ld+json\" class=\"yoast-schema-graph\">{\"@context\":\"https:\\\/\\\/schema.org\",\"@graph\":[{\"@type\":\"Article\",\"@id\":\"https:\\\/\\\/laredlarioja.com.ar\\\/sitio\\\/un-estado-con-seguridad-eficiente-es-indispensable\\\/#article\",\"isPartOf\":{\"@id\":\"https:\\\/\\\/laredlarioja.com.ar\\\/sitio\\\/un-estado-con-seguridad-eficiente-es-indispensable\\\/\"},\"author\":{\"name\":\"La Red\",\"@id\":\"https:\\\/\\\/laredlarioja.com.ar\\\/sitio\\\/#\\\/schema\\\/person\\\/f1e213867beccedaaa4fb548d9259d9a\"},\"headline\":\"\u00abUn Estado con seguridad eficiente es indispensable\u00bb\",\"datePublished\":\"2025-09-03T13:12:56+00:00\",\"mainEntityOfPage\":{\"@id\":\"https:\\\/\\\/laredlarioja.com.ar\\\/sitio\\\/un-estado-con-seguridad-eficiente-es-indispensable\\\/\"},\"wordCount\":307,\"publisher\":{\"@id\":\"https:\\\/\\\/laredlarioja.com.ar\\\/sitio\\\/#organization\"},\"image\":{\"@id\":\"https:\\\/\\\/laredlarioja.com.ar\\\/sitio\\\/un-estado-con-seguridad-eficiente-es-indispensable\\\/#primaryimage\"},\"thumbnailUrl\":\"https:\\\/\\\/laredlarioja.com.ar\\\/sitio\\\/wp-content\\\/uploads\\\/2025\\\/09\\\/9d1b6f87-0315-49f8-ac76-ce99c4e99270.jpg\",\"articleSection\":[\"Pol\u00edtica\"],\"inLanguage\":\"es\"},{\"@type\":\"WebPage\",\"@id\":\"https:\\\/\\\/laredlarioja.com.ar\\\/sitio\\\/un-estado-con-seguridad-eficiente-es-indispensable\\\/\",\"url\":\"https:\\\/\\\/laredlarioja.com.ar\\\/sitio\\\/un-estado-con-seguridad-eficiente-es-indispensable\\\/\",\"name\":\"\\\"Un Estado con seguridad eficiente es indispensable\\\" - LA RED 88.3 LA RIOJA\",\"isPartOf\":{\"@id\":\"https:\\\/\\\/laredlarioja.com.ar\\\/sitio\\\/#website\"},\"primaryImageOfPage\":{\"@id\":\"https:\\\/\\\/laredlarioja.com.ar\\\/sitio\\\/un-estado-con-seguridad-eficiente-es-indispensable\\\/#primaryimage\"},\"image\":{\"@id\":\"https:\\\/\\\/laredlarioja.com.ar\\\/sitio\\\/un-estado-con-seguridad-eficiente-es-indispensable\\\/#primaryimage\"},\"thumbnailUrl\":\"https:\\\/\\\/laredlarioja.com.ar\\\/sitio\\\/wp-content\\\/uploads\\\/2025\\\/09\\\/9d1b6f87-0315-49f8-ac76-ce99c4e99270.jpg\",\"datePublished\":\"2025-09-03T13:12:56+00:00\",\"breadcrumb\":{\"@id\":\"https:\\\/\\\/laredlarioja.com.ar\\\/sitio\\\/un-estado-con-seguridad-eficiente-es-indispensable\\\/#breadcrumb\"},\"inLanguage\":\"es\",\"potentialAction\":[{\"@type\":\"ReadAction\",\"target\":[\"https:\\\/\\\/laredlarioja.com.ar\\\/sitio\\\/un-estado-con-seguridad-eficiente-es-indispensable\\\/\"]}]},{\"@type\":\"ImageObject\",\"inLanguage\":\"es\",\"@id\":\"https:\\\/\\\/laredlarioja.com.ar\\\/sitio\\\/un-estado-con-seguridad-eficiente-es-indispensable\\\/#primaryimage\",\"url\":\"https:\\\/\\\/laredlarioja.com.ar\\\/sitio\\\/wp-content\\\/uploads\\\/2025\\\/09\\\/9d1b6f87-0315-49f8-ac76-ce99c4e99270.jpg\",\"contentUrl\":\"https:\\\/\\\/laredlarioja.com.ar\\\/sitio\\\/wp-content\\\/uploads\\\/2025\\\/09\\\/9d1b6f87-0315-49f8-ac76-ce99c4e99270.jpg\",\"width\":1280,\"height\":851},{\"@type\":\"BreadcrumbList\",\"@id\":\"https:\\\/\\\/laredlarioja.com.ar\\\/sitio\\\/un-estado-con-seguridad-eficiente-es-indispensable\\\/#breadcrumb\",\"itemListElement\":[{\"@type\":\"ListItem\",\"position\":1,\"name\":\"Portada\",\"item\":\"https:\\\/\\\/laredlarioja.com.ar\\\/sitio\\\/\"},{\"@type\":\"ListItem\",\"position\":2,\"name\":\"\u00abUn Estado con seguridad eficiente es indispensable\u00bb\"}]},{\"@type\":\"WebSite\",\"@id\":\"https:\\\/\\\/laredlarioja.com.ar\\\/sitio\\\/#website\",\"url\":\"https:\\\/\\\/laredlarioja.com.ar\\\/sitio\\\/\",\"name\":\"LA RED 88.3 LA RIOJA\",\"description\":\"Sitio de Noticias\",\"publisher\":{\"@id\":\"https:\\\/\\\/laredlarioja.com.ar\\\/sitio\\\/#organization\"},\"potentialAction\":[{\"@type\":\"SearchAction\",\"target\":{\"@type\":\"EntryPoint\",\"urlTemplate\":\"https:\\\/\\\/laredlarioja.com.ar\\\/sitio\\\/?s={search_term_string}\"},\"query-input\":{\"@type\":\"PropertyValueSpecification\",\"valueRequired\":true,\"valueName\":\"search_term_string\"}}],\"inLanguage\":\"es\"},{\"@type\":\"Organization\",\"@id\":\"https:\\\/\\\/laredlarioja.com.ar\\\/sitio\\\/#organization\",\"name\":\"LA RED 88.3 LA RIOJA\",\"url\":\"https:\\\/\\\/laredlarioja.com.ar\\\/sitio\\\/\",\"logo\":{\"@type\":\"ImageObject\",\"inLanguage\":\"es\",\"@id\":\"https:\\\/\\\/laredlarioja.com.ar\\\/sitio\\\/#\\\/schema\\\/logo\\\/image\\\/\",\"url\":\"https:\\\/\\\/laredlarioja.com.ar\\\/sitio\\\/wp-content\\\/uploads\\\/2025\\\/05\\\/LOGO-LA-RED.png\",\"contentUrl\":\"https:\\\/\\\/laredlarioja.com.ar\\\/sitio\\\/wp-content\\\/uploads\\\/2025\\\/05\\\/LOGO-LA-RED.png\",\"width\":193,\"height\":340,\"caption\":\"LA RED 88.3 LA RIOJA\"},\"image\":{\"@id\":\"https:\\\/\\\/laredlarioja.com.ar\\\/sitio\\\/#\\\/schema\\\/logo\\\/image\\\/\"},\"sameAs\":[\"https:\\\/\\\/www.facebook.com\\\/lared.larioja\",\"https:\\\/\\\/x.com\\\/laredlarioja1\",\"https:\\\/\\\/www.instagram.com\\\/lared_larioja\\\/\"]},{\"@type\":\"Person\",\"@id\":\"https:\\\/\\\/laredlarioja.com.ar\\\/sitio\\\/#\\\/schema\\\/person\\\/f1e213867beccedaaa4fb548d9259d9a\",\"name\":\"La Red\",\"url\":\"https:\\\/\\\/laredlarioja.com.ar\\\/sitio\\\/author\\\/lared\\\/\"}]}<\/script>\n<!-- \/ Yoast SEO plugin. -->","yoast_head_json":{"title":"\"Un Estado con seguridad eficiente es indispensable\" - LA RED 88.3 LA RIOJA","robots":{"index":"index","follow":"follow","max-snippet":"max-snippet:-1","max-image-preview":"max-image-preview:large","max-video-preview":"max-video-preview:-1"},"canonical":"https:\/\/laredlarioja.com.ar\/sitio\/un-estado-con-seguridad-eficiente-es-indispensable\/","og_locale":"es_ES","og_type":"article","og_title":"\"Un Estado con seguridad eficiente es indispensable\" - LA RED 88.3 LA RIOJA","og_description":"En el marco del 394\u00ba Aniversario de Nonogasta, el gobernador Ricardo Quintela encabez\u00f3 este martes un acto en","og_url":"https:\/\/laredlarioja.com.ar\/sitio\/un-estado-con-seguridad-eficiente-es-indispensable\/","og_site_name":"LA RED 88.3 LA RIOJA","article_publisher":"https:\/\/www.facebook.com\/lared.larioja","article_published_time":"2025-09-03T13:12:56+00:00","og_image":[{"width":1280,"height":851,"url":"https:\/\/laredlarioja.com.ar\/sitio\/wp-content\/uploads\/2025\/09\/9d1b6f87-0315-49f8-ac76-ce99c4e99270.jpg","type":"image\/jpeg"}],"author":"La Red","twitter_card":"summary_large_image","twitter_creator":"@laredlarioja1","twitter_site":"@laredlarioja1","twitter_misc":{"Escrito por":"La Red","Tiempo de lectura":"2 minutos"},"schema":{"@context":"https:\/\/schema.org","@graph":[{"@type":"Article","@id":"https:\/\/laredlarioja.com.ar\/sitio\/un-estado-con-seguridad-eficiente-es-indispensable\/#article","isPartOf":{"@id":"https:\/\/laredlarioja.com.ar\/sitio\/un-estado-con-seguridad-eficiente-es-indispensable\/"},"author":{"name":"La Red","@id":"https:\/\/laredlarioja.com.ar\/sitio\/#\/schema\/person\/f1e213867beccedaaa4fb548d9259d9a"},"headline":"\u00abUn Estado con seguridad eficiente es indispensable\u00bb","datePublished":"2025-09-03T13:12:56+00:00","mainEntityOfPage":{"@id":"https:\/\/laredlarioja.com.ar\/sitio\/un-estado-con-seguridad-eficiente-es-indispensable\/"},"wordCount":307,"publisher":{"@id":"https:\/\/laredlarioja.com.ar\/sitio\/#organization"},"image":{"@id":"https:\/\/laredlarioja.com.ar\/sitio\/un-estado-con-seguridad-eficiente-es-indispensable\/#primaryimage"},"thumbnailUrl":"https:\/\/laredlarioja.com.ar\/sitio\/wp-content\/uploads\/2025\/09\/9d1b6f87-0315-49f8-ac76-ce99c4e99270.jpg","articleSection":["Pol\u00edtica"],"inLanguage":"es"},{"@type":"WebPage","@id":"https:\/\/laredlarioja.com.ar\/sitio\/un-estado-con-seguridad-eficiente-es-indispensable\/","url":"https:\/\/laredlarioja.com.ar\/sitio\/un-estado-con-seguridad-eficiente-es-indispensable\/","name":"\"Un Estado con seguridad eficiente es indispensable\" - LA RED 88.3 LA RIOJA","isPartOf":{"@id":"https:\/\/laredlarioja.com.ar\/sitio\/#website"},"primaryImageOfPage":{"@id":"https:\/\/laredlarioja.com.ar\/sitio\/un-estado-con-seguridad-eficiente-es-indispensable\/#primaryimage"},"image":{"@id":"https:\/\/laredlarioja.com.ar\/sitio\/un-estado-con-seguridad-eficiente-es-indispensable\/#primaryimage"},"thumbnailUrl":"https:\/\/laredlarioja.com.ar\/sitio\/wp-content\/uploads\/2025\/09\/9d1b6f87-0315-49f8-ac76-ce99c4e99270.jpg","datePublished":"2025-09-03T13:12:56+00:00","breadcrumb":{"@id":"https:\/\/laredlarioja.com.ar\/sitio\/un-estado-con-seguridad-eficiente-es-indispensable\/#breadcrumb"},"inLanguage":"es","potentialAction":[{"@type":"ReadAction","target":["https:\/\/laredlarioja.com.ar\/sitio\/un-estado-con-seguridad-eficiente-es-indispensable\/"]}]},{"@type":"ImageObject","inLanguage":"es","@id":"https:\/\/laredlarioja.com.ar\/sitio\/un-estado-con-seguridad-eficiente-es-indispensable\/#primaryimage","url":"https:\/\/laredlarioja.com.ar\/sitio\/wp-content\/uploads\/2025\/09\/9d1b6f87-0315-49f8-ac76-ce99c4e99270.jpg","contentUrl":"https:\/\/laredlarioja.com.ar\/sitio\/wp-content\/uploads\/2025\/09\/9d1b6f87-0315-49f8-ac76-ce99c4e99270.jpg","width":1280,"height":851},{"@type":"BreadcrumbList","@id":"https:\/\/laredlarioja.com.ar\/sitio\/un-estado-con-seguridad-eficiente-es-indispensable\/#breadcrumb","itemListElement":[{"@type":"ListItem","position":1,"name":"Portada","item":"https:\/\/laredlarioja.com.ar\/sitio\/"},{"@type":"ListItem","position":2,"name":"\u00abUn Estado con seguridad eficiente es indispensable\u00bb"}]},{"@type":"WebSite","@id":"https:\/\/laredlarioja.com.ar\/sitio\/#website","url":"https:\/\/laredlarioja.com.ar\/sitio\/","name":"LA RED 88.3 LA RIOJA","description":"Sitio de Noticias","publisher":{"@id":"https:\/\/laredlarioja.com.ar\/sitio\/#organization"},"potentialAction":[{"@type":"SearchAction","target":{"@type":"EntryPoint","urlTemplate":"https:\/\/laredlarioja.com.ar\/sitio\/?s={search_term_string}"},"query-input":{"@type":"PropertyValueSpecification","valueRequired":true,"valueName":"search_term_string"}}],"inLanguage":"es"},{"@type":"Organization","@id":"https:\/\/laredlarioja.com.ar\/sitio\/#organization","name":"LA RED 88.3 LA RIOJA","url":"https:\/\/laredlarioja.com.ar\/sitio\/","logo":{"@type":"ImageObject","inLanguage":"es","@id":"https:\/\/laredlarioja.com.ar\/sitio\/#\/schema\/logo\/image\/","url":"https:\/\/laredlarioja.com.ar\/sitio\/wp-content\/uploads\/2025\/05\/LOGO-LA-RED.png","contentUrl":"https:\/\/laredlarioja.com.ar\/sitio\/wp-content\/uploads\/2025\/05\/LOGO-LA-RED.png","width":193,"height":340,"caption":"LA RED 88.3 LA RIOJA"},"image":{"@id":"https:\/\/laredlarioja.com.ar\/sitio\/#\/schema\/logo\/image\/"},"sameAs":["https:\/\/www.facebook.com\/lared.larioja","https:\/\/x.com\/laredlarioja1","https:\/\/www.instagram.com\/lared_larioja\/"]},{"@type":"Person","@id":"https:\/\/laredlarioja.com.ar\/sitio\/#\/schema\/person\/f1e213867beccedaaa4fb548d9259d9a","name":"La Red","url":"https:\/\/laredlarioja.com.ar\/sitio\/author\/lared\/"}]}},"featured_image_urls":{"full":["https:\/\/laredlarioja.com.ar\/sitio\/wp-content\/uploads\/2025\/09\/9d1b6f87-0315-49f8-ac76-ce99c4e99270.jpg",1280,851,false],"thumbnail":["https:\/\/laredlarioja.com.ar\/sitio\/wp-content\/uploads\/2025\/09\/9d1b6f87-0315-49f8-ac76-ce99c4e99270-150x150.jpg",150,150,true],"medium":["https:\/\/laredlarioja.com.ar\/sitio\/wp-content\/uploads\/2025\/09\/9d1b6f87-0315-49f8-ac76-ce99c4e99270-300x199.jpg",300,199,true],"medium_large":["https:\/\/laredlarioja.com.ar\/sitio\/wp-content\/uploads\/2025\/09\/9d1b6f87-0315-49f8-ac76-ce99c4e99270-768x511.jpg",640,426,true],"large":["https:\/\/laredlarioja.com.ar\/sitio\/wp-content\/uploads\/2025\/09\/9d1b6f87-0315-49f8-ac76-ce99c4e99270-1024x681.jpg",640,426,true],"1536x1536":["https:\/\/laredlarioja.com.ar\/sitio\/wp-content\/uploads\/2025\/09\/9d1b6f87-0315-49f8-ac76-ce99c4e99270.jpg",1280,851,false],"2048x2048":["https:\/\/laredlarioja.com.ar\/sitio\/wp-content\/uploads\/2025\/09\/9d1b6f87-0315-49f8-ac76-ce99c4e99270.jpg",1280,851,false],"cvmm-medium":["https:\/\/laredlarioja.com.ar\/sitio\/wp-content\/uploads\/2025\/09\/9d1b6f87-0315-49f8-ac76-ce99c4e99270-300x300.jpg",300,300,true],"cvmm-medium-plus":["https:\/\/laredlarioja.com.ar\/sitio\/wp-content\/uploads\/2025\/09\/9d1b6f87-0315-49f8-ac76-ce99c4e99270-305x207.jpg",305,207,true],"cvmm-portrait":["https:\/\/laredlarioja.com.ar\/sitio\/wp-content\/uploads\/2025\/09\/9d1b6f87-0315-49f8-ac76-ce99c4e99270-400x600.jpg",400,600,true],"cvmm-medium-square":["https:\/\/laredlarioja.com.ar\/sitio\/wp-content\/uploads\/2025\/09\/9d1b6f87-0315-49f8-ac76-ce99c4e99270-600x600.jpg",600,600,true],"cvmm-large":["https:\/\/laredlarioja.com.ar\/sitio\/wp-content\/uploads\/2025\/09\/9d1b6f87-0315-49f8-ac76-ce99c4e99270-1024x851.jpg",1024,851,true],"cvmm-small":["https:\/\/laredlarioja.com.ar\/sitio\/wp-content\/uploads\/2025\/09\/9d1b6f87-0315-49f8-ac76-ce99c4e99270-130x95.jpg",130,95,true],"morenews-large":["https:\/\/laredlarioja.com.ar\/sitio\/wp-content\/uploads\/2025\/09\/9d1b6f87-0315-49f8-ac76-ce99c4e99270-825x575.jpg",825,575,true],"morenews-medium":["https:\/\/laredlarioja.com.ar\/sitio\/wp-content\/uploads\/2025\/09\/9d1b6f87-0315-49f8-ac76-ce99c4e99270-590x410.jpg",590,410,true]},"author_info":{"display_name":"La Red","author_link":"https:\/\/laredlarioja.com.ar\/sitio\/author\/lared\/"},"category_info":"<a href=\"https:\/\/laredlarioja.com.ar\/sitio\/categorias\/politica\/\" rel=\"category tag\">Pol\u00edtica<\/a>","tag_info":"Pol\u00edtica","comment_count":"0","blog_post_layout_featured_media_urls":{"thumbnail":["https:\/\/laredlarioja.com.ar\/sitio\/wp-content\/uploads\/2025\/09\/9d1b6f87-0315-49f8-ac76-ce99c4e99270-150x150.jpg",150,150,true],"full":["https:\/\/laredlarioja.com.ar\/sitio\/wp-content\/uploads\/2025\/09\/9d1b6f87-0315-49f8-ac76-ce99c4e99270.jpg",1280,851,false]},"categories_names":{"23":{"name":"Pol\u00edtica","link":"https:\/\/laredlarioja.com.ar\/sitio\/categorias\/politica\/"}},"tags_names":[],"comments_number":"0","wpmagazine_modules_lite_featured_media_urls":{"thumbnail":["https:\/\/laredlarioja.com.ar\/sitio\/wp-content\/uploads\/2025\/09\/9d1b6f87-0315-49f8-ac76-ce99c4e99270-150x150.jpg",150,150,true],"cvmm-medium":["https:\/\/laredlarioja.com.ar\/sitio\/wp-content\/uploads\/2025\/09\/9d1b6f87-0315-49f8-ac76-ce99c4e99270-300x300.jpg",300,300,true],"cvmm-medium-plus":["https:\/\/laredlarioja.com.ar\/sitio\/wp-content\/uploads\/2025\/09\/9d1b6f87-0315-49f8-ac76-ce99c4e99270-305x207.jpg",305,207,true],"cvmm-portrait":["https:\/\/laredlarioja.com.ar\/sitio\/wp-content\/uploads\/2025\/09\/9d1b6f87-0315-49f8-ac76-ce99c4e99270-400x600.jpg",400,600,true],"cvmm-medium-square":["https:\/\/laredlarioja.com.ar\/sitio\/wp-content\/uploads\/2025\/09\/9d1b6f87-0315-49f8-ac76-ce99c4e99270-600x600.jpg",600,600,true],"cvmm-large":["https:\/\/laredlarioja.com.ar\/sitio\/wp-content\/uploads\/2025\/09\/9d1b6f87-0315-49f8-ac76-ce99c4e99270-1024x851.jpg",1024,851,true],"cvmm-small":["https:\/\/laredlarioja.com.ar\/sitio\/wp-content\/uploads\/2025\/09\/9d1b6f87-0315-49f8-ac76-ce99c4e99270-130x95.jpg",130,95,true],"full":["https:\/\/laredlarioja.com.ar\/sitio\/wp-content\/uploads\/2025\/09\/9d1b6f87-0315-49f8-ac76-ce99c4e99270.jpg",1280,851,false]},"_links":{"self":[{"href":"https:\/\/laredlarioja.com.ar\/sitio\/wp-json\/wp\/v2\/posts\/66098","targetHints":{"allow":["GET"]}}],"collection":[{"href":"https:\/\/laredlarioja.com.ar\/sitio\/wp-json\/wp\/v2\/posts"}],"about":[{"href":"https:\/\/laredlarioja.com.ar\/sitio\/wp-json\/wp\/v2\/types\/post"}],"author":[{"embeddable":true,"href":"https:\/\/laredlarioja.com.ar\/sitio\/wp-json\/wp\/v2\/users\/10"}],"replies":[{"embeddable":true,"href":"https:\/\/laredlarioja.com.ar\/sitio\/wp-json\/wp\/v2\/comments?post=66098"}],"version-history":[{"count":1,"href":"https:\/\/laredlarioja.com.ar\/sitio\/wp-json\/wp\/v2\/posts\/66098\/revisions"}],"predecessor-version":[{"id":66100,"href":"https:\/\/laredlarioja.com.ar\/sitio\/wp-json\/wp\/v2\/posts\/66098\/revisions\/66100"}],"wp:featuredmedia":[{"embeddable":true,"href":"https:\/\/laredlarioja.com.ar\/sitio\/wp-json\/wp\/v2\/media\/66099"}],"wp:attachment":[{"href":"https:\/\/laredlarioja.com.ar\/sitio\/wp-json\/wp\/v2\/media?parent=66098"}],"wp:term":[{"taxonomy":"category","embeddable":true,"href":"https:\/\/laredlarioja.com.ar\/sitio\/wp-json\/wp\/v2\/categories?post=66098"},{"taxonomy":"post_tag","embeddable":true,"href":"https:\/\/laredlarioja.com.ar\/sitio\/wp-json\/wp\/v2\/tags?post=66098"}],"curies":[{"name":"wp","href":"https:\/\/api.w.org\/{rel}","templated":true}]}}