{"id":66109,"date":"2025-09-03T14:37:41","date_gmt":"2025-09-03T14:37:41","guid":{"rendered":"https:\/\/laredlarioja.com.ar\/sitio\/?p=66109"},"modified":"2025-09-03T23:40:33","modified_gmt":"2025-09-03T23:40:33","slug":"es-censura-previa-y-un-atentado-contra-la-democracia","status":"publish","type":"post","link":"https:\/\/laredlarioja.com.ar\/sitio\/es-censura-previa-y-un-atentado-contra-la-democracia\/","title":{"rendered":"Julio Rodr\u00edguez Villafa\u00f1e:\u201cEs censura previa y un atentado contra la democracia\u201d"},"content":{"rendered":"<p data-start=\"361\" data-end=\"732\">El abogado constitucionalista y ex juez federal <strong data-start=\"409\" data-end=\"438\">Julio Rodr\u00edguez Villafa\u00f1e<\/strong> advirti\u00f3 sobre la gravedad institucional que implica el fallo del juez civil y comercial Alejandro Marianello, quien dispuso la prohibici\u00f3n de difundir los audios atribuidos a <strong data-start=\"615\" data-end=\"631\">Karina Milei<\/strong> y <strong data-start=\"634\" data-end=\"658\">Eduardo \u201cLule\u201d Menem<\/strong>, vinculados al presunto esc\u00e1ndalo de coimas en el \u00e1rea de discapacidad.<\/p>\n<p data-start=\"734\" data-end=\"1020\">En di\u00e1logo con <strong>Radio La Red La Rioja<\/strong>, Villafa\u00f1e remarc\u00f3 que la medida constituye \u201c<strong data-start=\"816\" data-end=\"834\">censura previa<\/strong>\u201d, algo expresamente prohibido por la Constituci\u00f3n Nacional, y denunci\u00f3 que se est\u00e1 utilizando al Poder Judicial como herramienta pol\u00edtica para <strong data-start=\"978\" data-end=\"1017\">silenciar hechos de inter\u00e9s p\u00fablico<\/strong>.<\/p>\n<p data-start=\"1022\" data-end=\"1512\">El especialista record\u00f3 que, tras el caso <em data-start=\"1064\" data-end=\"1071\">Kimel<\/em>, la legislaci\u00f3n argentina impide la persecuci\u00f3n penal de periodistas por difundir informaci\u00f3n vinculada a asuntos de inter\u00e9s p\u00fablico. Sin embargo, en este caso se lleg\u00f3 incluso a solicitar allanamientos y secuestro de material period\u00edstico, lo que viola la garant\u00eda del <strong data-start=\"1342\" data-end=\"1368\">secreto de las fuentes<\/strong> protegida por la Constituci\u00f3n. \u201cSe busca amedrentar a la prensa, cuando en democracia lo que corresponde es esclarecer los hechos\u201d, advirti\u00f3.<\/p>\n<p data-start=\"1514\" data-end=\"1943\">Villafa\u00f1e tambi\u00e9n se refiri\u00f3 al clima de hostilidad que se ha instalado contra los medios de comunicaci\u00f3n a partir de declaraciones del presidente Javier Milei. \u201cNo podemos naturalizar que un presidente diga que hay que odiar al periodismo. Cuando desde el poder se habla de echar periodistas a la hoguera, se est\u00e1 habilitando la violencia contra trabajadores de prensa. Esto pone en riesgo la convivencia democr\u00e1tica\u201d, se\u00f1al\u00f3.<\/p>\n<p data-start=\"1945\" data-end=\"2394\">Respecto de la resoluci\u00f3n del juez Marianello, destac\u00f3 que adem\u00e1s de ser \u201c<strong data-start=\"2019\" data-end=\"2030\">absurda<\/strong>\u201d e \u201c<strong data-start=\"2035\" data-end=\"2050\">inaplicable<\/strong>\u201d, extiende la prohibici\u00f3n a todos los medios \u2014radiales, televisivos, gr\u00e1ficos y redes sociales\u2014 a trav\u00e9s del ENACOM, organismo que ni siquiera tiene competencia sobre prensa escrita o plataformas digitales. \u201cPara colmo, la decisi\u00f3n no fija un plazo de vigencia: en teor\u00eda, dentro de 40 a\u00f1os seguir\u00eda prohibido difundir esos audios\u201d, ironiz\u00f3.<\/p>\n<p data-start=\"2396\" data-end=\"2821\">El constitucionalista vincul\u00f3 estas acciones a una estrategia deliberada para ocultar problemas estructurales del pa\u00eds. \u201cEstamos viviendo un desgobierno. Mientras se entretienen con operaciones judiciales, hay jubilados sin medicamentos y personas con discapacidad sin tratamientos. La riqueza minera, petrolera o de litio no tiene sentido si no se pone al servicio del pueblo, y no de la especulaci\u00f3n financiera\u201d, sostuvo.<\/p>\n<p data-start=\"2823\" data-end=\"3038\">Finalmente, Rodr\u00edguez Villafa\u00f1e llam\u00f3 a no tolerar discursos ni medidas que vulneren la libertad de prensa: \u201cLa democracia requiere transparencia e informaci\u00f3n. Atacar al periodismo es atacar a la sociedad misma\u201d.<\/p>\n","protected":false},"excerpt":{"rendered":"<p>El abogado constitucionalista y ex juez federal Julio Rodr\u00edguez Villafa\u00f1e advirti\u00f3 sobre la gravedad institucional que implica el<\/p>\n","protected":false},"author":10,"featured_media":55134,"comment_status":"closed","ping_status":"open","sticky":false,"template":"","format":"standard","meta":{"footnotes":""},"categories":[130],"tags":[],"class_list":["post-66109","post","type-post","status-publish","format-standard","has-post-thumbnail","hentry","category-pais"],"yoast_head":"<!-- This site is optimized with the Yoast SEO plugin v27.4 - https:\/\/yoast.com\/product\/yoast-seo-wordpress\/ -->\n<title>Julio Rodr\u00edguez Villafa\u00f1e:\u201cEs censura previa y un atentado contra la democracia\u201d - LA RED 88.3 LA RIOJA<\/title>\n<meta name=\"robots\" content=\"index, follow, max-snippet:-1, max-image-preview:large, max-video-preview:-1\" \/>\n<link rel=\"canonical\" href=\"https:\/\/laredlarioja.com.ar\/sitio\/es-censura-previa-y-un-atentado-contra-la-democracia\/\" \/>\n<meta property=\"og:locale\" content=\"es_ES\" \/>\n<meta property=\"og:type\" content=\"article\" \/>\n<meta property=\"og:title\" content=\"Julio Rodr\u00edguez Villafa\u00f1e:\u201cEs censura previa y un atentado contra la democracia\u201d - LA RED 88.3 LA RIOJA\" \/>\n<meta property=\"og:description\" content=\"El abogado constitucionalista y ex juez federal Julio Rodr\u00edguez Villafa\u00f1e advirti\u00f3 sobre la gravedad institucional que implica el\" \/>\n<meta property=\"og:url\" content=\"https:\/\/laredlarioja.com.ar\/sitio\/es-censura-previa-y-un-atentado-contra-la-democracia\/\" \/>\n<meta property=\"og:site_name\" content=\"LA RED 88.3 LA RIOJA\" \/>\n<meta property=\"article:publisher\" content=\"https:\/\/www.facebook.com\/lared.larioja\" \/>\n<meta property=\"article:published_time\" content=\"2025-09-03T14:37:41+00:00\" \/>\n<meta property=\"article:modified_time\" content=\"2025-09-03T23:40:33+00:00\" \/>\n<meta property=\"og:image\" content=\"https:\/\/laredlarioja.com.ar\/sitio\/wp-content\/uploads\/2024\/11\/KARINA-MILEI.webp\" \/>\n\t<meta property=\"og:image:width\" content=\"1025\" \/>\n\t<meta property=\"og:image:height\" content=\"720\" \/>\n\t<meta property=\"og:image:type\" content=\"image\/webp\" \/>\n<meta name=\"author\" content=\"La Red\" \/>\n<meta name=\"twitter:card\" content=\"summary_large_image\" \/>\n<meta name=\"twitter:creator\" content=\"@laredlarioja1\" \/>\n<meta name=\"twitter:site\" content=\"@laredlarioja1\" \/>\n<meta name=\"twitter:label1\" content=\"Escrito por\" \/>\n\t<meta name=\"twitter:data1\" content=\"La Red\" \/>\n\t<meta name=\"twitter:label2\" content=\"Tiempo de lectura\" \/>\n\t<meta name=\"twitter:data2\" content=\"2 minutos\" \/>\n<script type=\"application\/ld+json\" class=\"yoast-schema-graph\">{\"@context\":\"https:\\\/\\\/schema.org\",\"@graph\":[{\"@type\":\"Article\",\"@id\":\"https:\\\/\\\/laredlarioja.com.ar\\\/sitio\\\/es-censura-previa-y-un-atentado-contra-la-democracia\\\/#article\",\"isPartOf\":{\"@id\":\"https:\\\/\\\/laredlarioja.com.ar\\\/sitio\\\/es-censura-previa-y-un-atentado-contra-la-democracia\\\/\"},\"author\":{\"name\":\"La Red\",\"@id\":\"https:\\\/\\\/laredlarioja.com.ar\\\/sitio\\\/#\\\/schema\\\/person\\\/f1e213867beccedaaa4fb548d9259d9a\"},\"headline\":\"Julio Rodr\u00edguez Villafa\u00f1e:\u201cEs censura previa y un atentado contra la democracia\u201d\",\"datePublished\":\"2025-09-03T14:37:41+00:00\",\"dateModified\":\"2025-09-03T23:40:33+00:00\",\"mainEntityOfPage\":{\"@id\":\"https:\\\/\\\/laredlarioja.com.ar\\\/sitio\\\/es-censura-previa-y-un-atentado-contra-la-democracia\\\/\"},\"wordCount\":441,\"publisher\":{\"@id\":\"https:\\\/\\\/laredlarioja.com.ar\\\/sitio\\\/#organization\"},\"image\":{\"@id\":\"https:\\\/\\\/laredlarioja.com.ar\\\/sitio\\\/es-censura-previa-y-un-atentado-contra-la-democracia\\\/#primaryimage\"},\"thumbnailUrl\":\"https:\\\/\\\/laredlarioja.com.ar\\\/sitio\\\/wp-content\\\/uploads\\\/2024\\\/11\\\/KARINA-MILEI.webp\",\"articleSection\":[\"El pa\u00eds\"],\"inLanguage\":\"es\"},{\"@type\":\"WebPage\",\"@id\":\"https:\\\/\\\/laredlarioja.com.ar\\\/sitio\\\/es-censura-previa-y-un-atentado-contra-la-democracia\\\/\",\"url\":\"https:\\\/\\\/laredlarioja.com.ar\\\/sitio\\\/es-censura-previa-y-un-atentado-contra-la-democracia\\\/\",\"name\":\"Julio Rodr\u00edguez Villafa\u00f1e:\u201cEs censura previa y un atentado contra la democracia\u201d - LA RED 88.3 LA RIOJA\",\"isPartOf\":{\"@id\":\"https:\\\/\\\/laredlarioja.com.ar\\\/sitio\\\/#website\"},\"primaryImageOfPage\":{\"@id\":\"https:\\\/\\\/laredlarioja.com.ar\\\/sitio\\\/es-censura-previa-y-un-atentado-contra-la-democracia\\\/#primaryimage\"},\"image\":{\"@id\":\"https:\\\/\\\/laredlarioja.com.ar\\\/sitio\\\/es-censura-previa-y-un-atentado-contra-la-democracia\\\/#primaryimage\"},\"thumbnailUrl\":\"https:\\\/\\\/laredlarioja.com.ar\\\/sitio\\\/wp-content\\\/uploads\\\/2024\\\/11\\\/KARINA-MILEI.webp\",\"datePublished\":\"2025-09-03T14:37:41+00:00\",\"dateModified\":\"2025-09-03T23:40:33+00:00\",\"breadcrumb\":{\"@id\":\"https:\\\/\\\/laredlarioja.com.ar\\\/sitio\\\/es-censura-previa-y-un-atentado-contra-la-democracia\\\/#breadcrumb\"},\"inLanguage\":\"es\",\"potentialAction\":[{\"@type\":\"ReadAction\",\"target\":[\"https:\\\/\\\/laredlarioja.com.ar\\\/sitio\\\/es-censura-previa-y-un-atentado-contra-la-democracia\\\/\"]}]},{\"@type\":\"ImageObject\",\"inLanguage\":\"es\",\"@id\":\"https:\\\/\\\/laredlarioja.com.ar\\\/sitio\\\/es-censura-previa-y-un-atentado-contra-la-democracia\\\/#primaryimage\",\"url\":\"https:\\\/\\\/laredlarioja.com.ar\\\/sitio\\\/wp-content\\\/uploads\\\/2024\\\/11\\\/KARINA-MILEI.webp\",\"contentUrl\":\"https:\\\/\\\/laredlarioja.com.ar\\\/sitio\\\/wp-content\\\/uploads\\\/2024\\\/11\\\/KARINA-MILEI.webp\",\"width\":1025,\"height\":720},{\"@type\":\"BreadcrumbList\",\"@id\":\"https:\\\/\\\/laredlarioja.com.ar\\\/sitio\\\/es-censura-previa-y-un-atentado-contra-la-democracia\\\/#breadcrumb\",\"itemListElement\":[{\"@type\":\"ListItem\",\"position\":1,\"name\":\"Portada\",\"item\":\"https:\\\/\\\/laredlarioja.com.ar\\\/sitio\\\/\"},{\"@type\":\"ListItem\",\"position\":2,\"name\":\"Julio Rodr\u00edguez Villafa\u00f1e:\u201cEs censura previa y un atentado contra la democracia\u201d\"}]},{\"@type\":\"WebSite\",\"@id\":\"https:\\\/\\\/laredlarioja.com.ar\\\/sitio\\\/#website\",\"url\":\"https:\\\/\\\/laredlarioja.com.ar\\\/sitio\\\/\",\"name\":\"LA RED 88.3 LA RIOJA\",\"description\":\"Sitio de Noticias\",\"publisher\":{\"@id\":\"https:\\\/\\\/laredlarioja.com.ar\\\/sitio\\\/#organization\"},\"potentialAction\":[{\"@type\":\"SearchAction\",\"target\":{\"@type\":\"EntryPoint\",\"urlTemplate\":\"https:\\\/\\\/laredlarioja.com.ar\\\/sitio\\\/?s={search_term_string}\"},\"query-input\":{\"@type\":\"PropertyValueSpecification\",\"valueRequired\":true,\"valueName\":\"search_term_string\"}}],\"inLanguage\":\"es\"},{\"@type\":\"Organization\",\"@id\":\"https:\\\/\\\/laredlarioja.com.ar\\\/sitio\\\/#organization\",\"name\":\"LA RED 88.3 LA RIOJA\",\"url\":\"https:\\\/\\\/laredlarioja.com.ar\\\/sitio\\\/\",\"logo\":{\"@type\":\"ImageObject\",\"inLanguage\":\"es\",\"@id\":\"https:\\\/\\\/laredlarioja.com.ar\\\/sitio\\\/#\\\/schema\\\/logo\\\/image\\\/\",\"url\":\"https:\\\/\\\/laredlarioja.com.ar\\\/sitio\\\/wp-content\\\/uploads\\\/2025\\\/05\\\/LOGO-LA-RED.png\",\"contentUrl\":\"https:\\\/\\\/laredlarioja.com.ar\\\/sitio\\\/wp-content\\\/uploads\\\/2025\\\/05\\\/LOGO-LA-RED.png\",\"width\":193,\"height\":340,\"caption\":\"LA RED 88.3 LA RIOJA\"},\"image\":{\"@id\":\"https:\\\/\\\/laredlarioja.com.ar\\\/sitio\\\/#\\\/schema\\\/logo\\\/image\\\/\"},\"sameAs\":[\"https:\\\/\\\/www.facebook.com\\\/lared.larioja\",\"https:\\\/\\\/x.com\\\/laredlarioja1\",\"https:\\\/\\\/www.instagram.com\\\/lared_larioja\\\/\"]},{\"@type\":\"Person\",\"@id\":\"https:\\\/\\\/laredlarioja.com.ar\\\/sitio\\\/#\\\/schema\\\/person\\\/f1e213867beccedaaa4fb548d9259d9a\",\"name\":\"La Red\",\"url\":\"https:\\\/\\\/laredlarioja.com.ar\\\/sitio\\\/author\\\/lared\\\/\"}]}<\/script>\n<!-- \/ Yoast SEO plugin. -->","yoast_head_json":{"title":"Julio Rodr\u00edguez Villafa\u00f1e:\u201cEs censura previa y un atentado contra la democracia\u201d - LA RED 88.3 LA RIOJA","robots":{"index":"index","follow":"follow","max-snippet":"max-snippet:-1","max-image-preview":"max-image-preview:large","max-video-preview":"max-video-preview:-1"},"canonical":"https:\/\/laredlarioja.com.ar\/sitio\/es-censura-previa-y-un-atentado-contra-la-democracia\/","og_locale":"es_ES","og_type":"article","og_title":"Julio Rodr\u00edguez Villafa\u00f1e:\u201cEs censura previa y un atentado contra la democracia\u201d - LA RED 88.3 LA RIOJA","og_description":"El abogado constitucionalista y ex juez federal Julio Rodr\u00edguez Villafa\u00f1e advirti\u00f3 sobre la gravedad institucional que implica el","og_url":"https:\/\/laredlarioja.com.ar\/sitio\/es-censura-previa-y-un-atentado-contra-la-democracia\/","og_site_name":"LA RED 88.3 LA RIOJA","article_publisher":"https:\/\/www.facebook.com\/lared.larioja","article_published_time":"2025-09-03T14:37:41+00:00","article_modified_time":"2025-09-03T23:40:33+00:00","og_image":[{"width":1025,"height":720,"url":"https:\/\/laredlarioja.com.ar\/sitio\/wp-content\/uploads\/2024\/11\/KARINA-MILEI.webp","type":"image\/webp"}],"author":"La Red","twitter_card":"summary_large_image","twitter_creator":"@laredlarioja1","twitter_site":"@laredlarioja1","twitter_misc":{"Escrito por":"La Red","Tiempo de lectura":"2 minutos"},"schema":{"@context":"https:\/\/schema.org","@graph":[{"@type":"Article","@id":"https:\/\/laredlarioja.com.ar\/sitio\/es-censura-previa-y-un-atentado-contra-la-democracia\/#article","isPartOf":{"@id":"https:\/\/laredlarioja.com.ar\/sitio\/es-censura-previa-y-un-atentado-contra-la-democracia\/"},"author":{"name":"La Red","@id":"https:\/\/laredlarioja.com.ar\/sitio\/#\/schema\/person\/f1e213867beccedaaa4fb548d9259d9a"},"headline":"Julio Rodr\u00edguez Villafa\u00f1e:\u201cEs censura previa y un atentado contra la democracia\u201d","datePublished":"2025-09-03T14:37:41+00:00","dateModified":"2025-09-03T23:40:33+00:00","mainEntityOfPage":{"@id":"https:\/\/laredlarioja.com.ar\/sitio\/es-censura-previa-y-un-atentado-contra-la-democracia\/"},"wordCount":441,"publisher":{"@id":"https:\/\/laredlarioja.com.ar\/sitio\/#organization"},"image":{"@id":"https:\/\/laredlarioja.com.ar\/sitio\/es-censura-previa-y-un-atentado-contra-la-democracia\/#primaryimage"},"thumbnailUrl":"https:\/\/laredlarioja.com.ar\/sitio\/wp-content\/uploads\/2024\/11\/KARINA-MILEI.webp","articleSection":["El pa\u00eds"],"inLanguage":"es"},{"@type":"WebPage","@id":"https:\/\/laredlarioja.com.ar\/sitio\/es-censura-previa-y-un-atentado-contra-la-democracia\/","url":"https:\/\/laredlarioja.com.ar\/sitio\/es-censura-previa-y-un-atentado-contra-la-democracia\/","name":"Julio Rodr\u00edguez Villafa\u00f1e:\u201cEs censura previa y un atentado contra la democracia\u201d - LA RED 88.3 LA RIOJA","isPartOf":{"@id":"https:\/\/laredlarioja.com.ar\/sitio\/#website"},"primaryImageOfPage":{"@id":"https:\/\/laredlarioja.com.ar\/sitio\/es-censura-previa-y-un-atentado-contra-la-democracia\/#primaryimage"},"image":{"@id":"https:\/\/laredlarioja.com.ar\/sitio\/es-censura-previa-y-un-atentado-contra-la-democracia\/#primaryimage"},"thumbnailUrl":"https:\/\/laredlarioja.com.ar\/sitio\/wp-content\/uploads\/2024\/11\/KARINA-MILEI.webp","datePublished":"2025-09-03T14:37:41+00:00","dateModified":"2025-09-03T23:40:33+00:00","breadcrumb":{"@id":"https:\/\/laredlarioja.com.ar\/sitio\/es-censura-previa-y-un-atentado-contra-la-democracia\/#breadcrumb"},"inLanguage":"es","potentialAction":[{"@type":"ReadAction","target":["https:\/\/laredlarioja.com.ar\/sitio\/es-censura-previa-y-un-atentado-contra-la-democracia\/"]}]},{"@type":"ImageObject","inLanguage":"es","@id":"https:\/\/laredlarioja.com.ar\/sitio\/es-censura-previa-y-un-atentado-contra-la-democracia\/#primaryimage","url":"https:\/\/laredlarioja.com.ar\/sitio\/wp-content\/uploads\/2024\/11\/KARINA-MILEI.webp","contentUrl":"https:\/\/laredlarioja.com.ar\/sitio\/wp-content\/uploads\/2024\/11\/KARINA-MILEI.webp","width":1025,"height":720},{"@type":"BreadcrumbList","@id":"https:\/\/laredlarioja.com.ar\/sitio\/es-censura-previa-y-un-atentado-contra-la-democracia\/#breadcrumb","itemListElement":[{"@type":"ListItem","position":1,"name":"Portada","item":"https:\/\/laredlarioja.com.ar\/sitio\/"},{"@type":"ListItem","position":2,"name":"Julio Rodr\u00edguez Villafa\u00f1e:\u201cEs censura previa y un atentado contra la democracia\u201d"}]},{"@type":"WebSite","@id":"https:\/\/laredlarioja.com.ar\/sitio\/#website","url":"https:\/\/laredlarioja.com.ar\/sitio\/","name":"LA RED 88.3 LA RIOJA","description":"Sitio de Noticias","publisher":{"@id":"https:\/\/laredlarioja.com.ar\/sitio\/#organization"},"potentialAction":[{"@type":"SearchAction","target":{"@type":"EntryPoint","urlTemplate":"https:\/\/laredlarioja.com.ar\/sitio\/?s={search_term_string}"},"query-input":{"@type":"PropertyValueSpecification","valueRequired":true,"valueName":"search_term_string"}}],"inLanguage":"es"},{"@type":"Organization","@id":"https:\/\/laredlarioja.com.ar\/sitio\/#organization","name":"LA RED 88.3 LA RIOJA","url":"https:\/\/laredlarioja.com.ar\/sitio\/","logo":{"@type":"ImageObject","inLanguage":"es","@id":"https:\/\/laredlarioja.com.ar\/sitio\/#\/schema\/logo\/image\/","url":"https:\/\/laredlarioja.com.ar\/sitio\/wp-content\/uploads\/2025\/05\/LOGO-LA-RED.png","contentUrl":"https:\/\/laredlarioja.com.ar\/sitio\/wp-content\/uploads\/2025\/05\/LOGO-LA-RED.png","width":193,"height":340,"caption":"LA RED 88.3 LA RIOJA"},"image":{"@id":"https:\/\/laredlarioja.com.ar\/sitio\/#\/schema\/logo\/image\/"},"sameAs":["https:\/\/www.facebook.com\/lared.larioja","https:\/\/x.com\/laredlarioja1","https:\/\/www.instagram.com\/lared_larioja\/"]},{"@type":"Person","@id":"https:\/\/laredlarioja.com.ar\/sitio\/#\/schema\/person\/f1e213867beccedaaa4fb548d9259d9a","name":"La Red","url":"https:\/\/laredlarioja.com.ar\/sitio\/author\/lared\/"}]}},"featured_image_urls":{"full":["https:\/\/laredlarioja.com.ar\/sitio\/wp-content\/uploads\/2024\/11\/KARINA-MILEI.webp",1025,720,false],"thumbnail":["https:\/\/laredlarioja.com.ar\/sitio\/wp-content\/uploads\/2024\/11\/KARINA-MILEI-150x150.webp",150,150,true],"medium":["https:\/\/laredlarioja.com.ar\/sitio\/wp-content\/uploads\/2024\/11\/KARINA-MILEI-300x211.webp",300,211,true],"medium_large":["https:\/\/laredlarioja.com.ar\/sitio\/wp-content\/uploads\/2024\/11\/KARINA-MILEI-768x539.webp",640,449,true],"large":["https:\/\/laredlarioja.com.ar\/sitio\/wp-content\/uploads\/2024\/11\/KARINA-MILEI.webp",640,450,false],"1536x1536":["https:\/\/laredlarioja.com.ar\/sitio\/wp-content\/uploads\/2024\/11\/KARINA-MILEI.webp",1025,720,false],"2048x2048":["https:\/\/laredlarioja.com.ar\/sitio\/wp-content\/uploads\/2024\/11\/KARINA-MILEI.webp",1025,720,false],"cvmm-medium":["https:\/\/laredlarioja.com.ar\/sitio\/wp-content\/uploads\/2024\/11\/KARINA-MILEI-300x300.webp",300,300,true],"cvmm-medium-plus":["https:\/\/laredlarioja.com.ar\/sitio\/wp-content\/uploads\/2024\/11\/KARINA-MILEI-305x207.webp",305,207,true],"cvmm-portrait":["https:\/\/laredlarioja.com.ar\/sitio\/wp-content\/uploads\/2024\/11\/KARINA-MILEI-400x600.webp",400,600,true],"cvmm-medium-square":["https:\/\/laredlarioja.com.ar\/sitio\/wp-content\/uploads\/2024\/11\/KARINA-MILEI-600x600.webp",600,600,true],"cvmm-large":["https:\/\/laredlarioja.com.ar\/sitio\/wp-content\/uploads\/2024\/11\/KARINA-MILEI.webp",1024,719,false],"cvmm-small":["https:\/\/laredlarioja.com.ar\/sitio\/wp-content\/uploads\/2024\/11\/KARINA-MILEI-130x95.webp",130,95,true],"morenews-large":["https:\/\/laredlarioja.com.ar\/sitio\/wp-content\/uploads\/2024\/11\/KARINA-MILEI-825x575.webp",825,575,true],"morenews-medium":["https:\/\/laredlarioja.com.ar\/sitio\/wp-content\/uploads\/2024\/11\/KARINA-MILEI-590x410.webp",590,410,true]},"author_info":{"display_name":"La Red","author_link":"https:\/\/laredlarioja.com.ar\/sitio\/author\/lared\/"},"category_info":"<a href=\"https:\/\/laredlarioja.com.ar\/sitio\/categorias\/pais\/\" rel=\"category tag\">El pa\u00eds<\/a>","tag_info":"El pa\u00eds","comment_count":"0","blog_post_layout_featured_media_urls":{"thumbnail":["https:\/\/laredlarioja.com.ar\/sitio\/wp-content\/uploads\/2024\/11\/KARINA-MILEI-150x150.webp",150,150,true],"full":["https:\/\/laredlarioja.com.ar\/sitio\/wp-content\/uploads\/2024\/11\/KARINA-MILEI.webp",1025,720,false]},"categories_names":{"130":{"name":"El pa\u00eds","link":"https:\/\/laredlarioja.com.ar\/sitio\/categorias\/pais\/"}},"tags_names":[],"comments_number":"0","wpmagazine_modules_lite_featured_media_urls":{"thumbnail":["https:\/\/laredlarioja.com.ar\/sitio\/wp-content\/uploads\/2024\/11\/KARINA-MILEI-150x150.webp",150,150,true],"cvmm-medium":["https:\/\/laredlarioja.com.ar\/sitio\/wp-content\/uploads\/2024\/11\/KARINA-MILEI-300x300.webp",300,300,true],"cvmm-medium-plus":["https:\/\/laredlarioja.com.ar\/sitio\/wp-content\/uploads\/2024\/11\/KARINA-MILEI-305x207.webp",305,207,true],"cvmm-portrait":["https:\/\/laredlarioja.com.ar\/sitio\/wp-content\/uploads\/2024\/11\/KARINA-MILEI-400x600.webp",400,600,true],"cvmm-medium-square":["https:\/\/laredlarioja.com.ar\/sitio\/wp-content\/uploads\/2024\/11\/KARINA-MILEI-600x600.webp",600,600,true],"cvmm-large":["https:\/\/laredlarioja.com.ar\/sitio\/wp-content\/uploads\/2024\/11\/KARINA-MILEI.webp",1024,719,false],"cvmm-small":["https:\/\/laredlarioja.com.ar\/sitio\/wp-content\/uploads\/2024\/11\/KARINA-MILEI-130x95.webp",130,95,true],"full":["https:\/\/laredlarioja.com.ar\/sitio\/wp-content\/uploads\/2024\/11\/KARINA-MILEI.webp",1025,720,false]},"_links":{"self":[{"href":"https:\/\/laredlarioja.com.ar\/sitio\/wp-json\/wp\/v2\/posts\/66109","targetHints":{"allow":["GET"]}}],"collection":[{"href":"https:\/\/laredlarioja.com.ar\/sitio\/wp-json\/wp\/v2\/posts"}],"about":[{"href":"https:\/\/laredlarioja.com.ar\/sitio\/wp-json\/wp\/v2\/types\/post"}],"author":[{"embeddable":true,"href":"https:\/\/laredlarioja.com.ar\/sitio\/wp-json\/wp\/v2\/users\/10"}],"replies":[{"embeddable":true,"href":"https:\/\/laredlarioja.com.ar\/sitio\/wp-json\/wp\/v2\/comments?post=66109"}],"version-history":[{"count":3,"href":"https:\/\/laredlarioja.com.ar\/sitio\/wp-json\/wp\/v2\/posts\/66109\/revisions"}],"predecessor-version":[{"id":66114,"href":"https:\/\/laredlarioja.com.ar\/sitio\/wp-json\/wp\/v2\/posts\/66109\/revisions\/66114"}],"wp:featuredmedia":[{"embeddable":true,"href":"https:\/\/laredlarioja.com.ar\/sitio\/wp-json\/wp\/v2\/media\/55134"}],"wp:attachment":[{"href":"https:\/\/laredlarioja.com.ar\/sitio\/wp-json\/wp\/v2\/media?parent=66109"}],"wp:term":[{"taxonomy":"category","embeddable":true,"href":"https:\/\/laredlarioja.com.ar\/sitio\/wp-json\/wp\/v2\/categories?post=66109"},{"taxonomy":"post_tag","embeddable":true,"href":"https:\/\/laredlarioja.com.ar\/sitio\/wp-json\/wp\/v2\/tags?post=66109"}],"curies":[{"name":"wp","href":"https:\/\/api.w.org\/{rel}","templated":true}]}}