{"id":66742,"date":"2025-09-16T22:58:05","date_gmt":"2025-09-16T22:58:05","guid":{"rendered":"https:\/\/laredlarioja.com.ar\/sitio\/?p=66742"},"modified":"2025-09-16T22:58:05","modified_gmt":"2025-09-16T22:58:05","slug":"el-gobierno-anuncio-aumento-en-el-monto-de-la-tarjeta-par-celiaquia-y-social","status":"publish","type":"post","link":"https:\/\/laredlarioja.com.ar\/sitio\/el-gobierno-anuncio-aumento-en-el-monto-de-la-tarjeta-par-celiaquia-y-social\/","title":{"rendered":"El Gobierno anunci\u00f3 aumento en el monto de la tarjeta PAR Celiaqu\u00eda y Social"},"content":{"rendered":"<p>El anuncio lo realiz\u00f3 el gobernador Ricardo Quintela a trav\u00e9s de sus redes sociales. El PAR celiaqu\u00eda aumentar\u00e1 de 45 mil a 55 mil pesos, mientras que el PAR Social ir\u00e1 de 35 mil a 45 mil por beneficiario.<\/p>\n<p>El gobernador Ricardo Quintela anunci\u00f3 este martes un nuevo aumento del monto total de la tarjeta del Programa Alimentario Riojano (PAR) Celiaqu\u00eda y Social, \u00abcon el firme objetivo de garantizar alimentos saludables y el derecho a una buena alimentaci\u00f3n de las y los riojanos\u00bb, expres\u00f3 el mandatario provincial.<\/p>\n<p>El PAR celiaqu\u00eda aumentar\u00e1 de 45 mil a 55 mil pesos por beneficiario, mientras que el PAR Social ir\u00e1 de 35 mil a 45 mil pesos por beneficiario. Cada tarjeta se habilitar\u00e1 el 16 y el 25 de septiembre, respectivamente.<\/p>\n<p>\u00abVamos a seguir acompa\u00f1ando a las familias riojanas y haciendo todos los esfuerzos para mejorar su calidad de vida y alimentaci\u00f3n\u00bb, destac\u00f3 Quintela.<\/p>\n","protected":false},"excerpt":{"rendered":"<p>El anuncio lo realiz\u00f3 el gobernador Ricardo Quintela a trav\u00e9s de sus redes sociales. El PAR celiaqu\u00eda aumentar\u00e1<\/p>\n","protected":false},"author":7,"featured_media":46695,"comment_status":"closed","ping_status":"open","sticky":false,"template":"","format":"standard","meta":{"footnotes":""},"categories":[94],"tags":[84],"class_list":["post-66742","post","type-post","status-publish","format-standard","has-post-thumbnail","hentry","category-locales","tag-secundaria"],"yoast_head":"<!-- This site is optimized with the Yoast SEO plugin v27.4 - https:\/\/yoast.com\/product\/yoast-seo-wordpress\/ -->\n<title>El Gobierno anunci\u00f3 aumento en el monto de la tarjeta PAR Celiaqu\u00eda y Social - LA RED 88.3 LA RIOJA<\/title>\n<meta name=\"robots\" content=\"index, follow, max-snippet:-1, max-image-preview:large, max-video-preview:-1\" \/>\n<link rel=\"canonical\" href=\"https:\/\/laredlarioja.com.ar\/sitio\/el-gobierno-anuncio-aumento-en-el-monto-de-la-tarjeta-par-celiaquia-y-social\/\" \/>\n<meta property=\"og:locale\" content=\"es_ES\" \/>\n<meta property=\"og:type\" content=\"article\" \/>\n<meta property=\"og:title\" content=\"El Gobierno anunci\u00f3 aumento en el monto de la tarjeta PAR Celiaqu\u00eda y Social - LA RED 88.3 LA RIOJA\" \/>\n<meta property=\"og:description\" content=\"El anuncio lo realiz\u00f3 el gobernador Ricardo Quintela a trav\u00e9s de sus redes sociales. El PAR celiaqu\u00eda aumentar\u00e1\" \/>\n<meta property=\"og:url\" content=\"https:\/\/laredlarioja.com.ar\/sitio\/el-gobierno-anuncio-aumento-en-el-monto-de-la-tarjeta-par-celiaquia-y-social\/\" \/>\n<meta property=\"og:site_name\" content=\"LA RED 88.3 LA RIOJA\" \/>\n<meta property=\"article:publisher\" content=\"https:\/\/www.facebook.com\/lared.larioja\" \/>\n<meta property=\"article:published_time\" content=\"2025-09-16T22:58:05+00:00\" \/>\n<meta property=\"og:image\" content=\"https:\/\/laredlarioja.com.ar\/sitio\/wp-content\/uploads\/2024\/06\/tarjeta-alimentaria-og-1.jpg\" \/>\n\t<meta property=\"og:image:width\" content=\"858\" \/>\n\t<meta property=\"og:image:height\" content=\"600\" \/>\n\t<meta property=\"og:image:type\" content=\"image\/jpeg\" \/>\n<meta name=\"author\" content=\"Anabella Soria\" \/>\n<meta name=\"twitter:card\" content=\"summary_large_image\" \/>\n<meta name=\"twitter:creator\" content=\"@laredlarioja1\" \/>\n<meta name=\"twitter:site\" content=\"@laredlarioja1\" \/>\n<meta name=\"twitter:label1\" content=\"Escrito por\" \/>\n\t<meta name=\"twitter:data1\" content=\"Anabella Soria\" \/>\n\t<meta name=\"twitter:label2\" content=\"Tiempo de lectura\" \/>\n\t<meta name=\"twitter:data2\" content=\"1 minuto\" \/>\n<script type=\"application\/ld+json\" class=\"yoast-schema-graph\">{\"@context\":\"https:\\\/\\\/schema.org\",\"@graph\":[{\"@type\":\"Article\",\"@id\":\"https:\\\/\\\/laredlarioja.com.ar\\\/sitio\\\/el-gobierno-anuncio-aumento-en-el-monto-de-la-tarjeta-par-celiaquia-y-social\\\/#article\",\"isPartOf\":{\"@id\":\"https:\\\/\\\/laredlarioja.com.ar\\\/sitio\\\/el-gobierno-anuncio-aumento-en-el-monto-de-la-tarjeta-par-celiaquia-y-social\\\/\"},\"author\":{\"name\":\"Anabella Soria\",\"@id\":\"https:\\\/\\\/laredlarioja.com.ar\\\/sitio\\\/#\\\/schema\\\/person\\\/31f88059d20c5cf06e974fd895aec56e\"},\"headline\":\"El Gobierno anunci\u00f3 aumento en el monto de la tarjeta PAR Celiaqu\u00eda y Social\",\"datePublished\":\"2025-09-16T22:58:05+00:00\",\"mainEntityOfPage\":{\"@id\":\"https:\\\/\\\/laredlarioja.com.ar\\\/sitio\\\/el-gobierno-anuncio-aumento-en-el-monto-de-la-tarjeta-par-celiaquia-y-social\\\/\"},\"wordCount\":162,\"publisher\":{\"@id\":\"https:\\\/\\\/laredlarioja.com.ar\\\/sitio\\\/#organization\"},\"image\":{\"@id\":\"https:\\\/\\\/laredlarioja.com.ar\\\/sitio\\\/el-gobierno-anuncio-aumento-en-el-monto-de-la-tarjeta-par-celiaquia-y-social\\\/#primaryimage\"},\"thumbnailUrl\":\"https:\\\/\\\/laredlarioja.com.ar\\\/sitio\\\/wp-content\\\/uploads\\\/2024\\\/06\\\/tarjeta-alimentaria-og-1.jpg\",\"keywords\":[\"Secundaria\"],\"articleSection\":[\"Locales\"],\"inLanguage\":\"es\"},{\"@type\":\"WebPage\",\"@id\":\"https:\\\/\\\/laredlarioja.com.ar\\\/sitio\\\/el-gobierno-anuncio-aumento-en-el-monto-de-la-tarjeta-par-celiaquia-y-social\\\/\",\"url\":\"https:\\\/\\\/laredlarioja.com.ar\\\/sitio\\\/el-gobierno-anuncio-aumento-en-el-monto-de-la-tarjeta-par-celiaquia-y-social\\\/\",\"name\":\"El Gobierno anunci\u00f3 aumento en el monto de la tarjeta PAR Celiaqu\u00eda y Social - LA RED 88.3 LA RIOJA\",\"isPartOf\":{\"@id\":\"https:\\\/\\\/laredlarioja.com.ar\\\/sitio\\\/#website\"},\"primaryImageOfPage\":{\"@id\":\"https:\\\/\\\/laredlarioja.com.ar\\\/sitio\\\/el-gobierno-anuncio-aumento-en-el-monto-de-la-tarjeta-par-celiaquia-y-social\\\/#primaryimage\"},\"image\":{\"@id\":\"https:\\\/\\\/laredlarioja.com.ar\\\/sitio\\\/el-gobierno-anuncio-aumento-en-el-monto-de-la-tarjeta-par-celiaquia-y-social\\\/#primaryimage\"},\"thumbnailUrl\":\"https:\\\/\\\/laredlarioja.com.ar\\\/sitio\\\/wp-content\\\/uploads\\\/2024\\\/06\\\/tarjeta-alimentaria-og-1.jpg\",\"datePublished\":\"2025-09-16T22:58:05+00:00\",\"breadcrumb\":{\"@id\":\"https:\\\/\\\/laredlarioja.com.ar\\\/sitio\\\/el-gobierno-anuncio-aumento-en-el-monto-de-la-tarjeta-par-celiaquia-y-social\\\/#breadcrumb\"},\"inLanguage\":\"es\",\"potentialAction\":[{\"@type\":\"ReadAction\",\"target\":[\"https:\\\/\\\/laredlarioja.com.ar\\\/sitio\\\/el-gobierno-anuncio-aumento-en-el-monto-de-la-tarjeta-par-celiaquia-y-social\\\/\"]}]},{\"@type\":\"ImageObject\",\"inLanguage\":\"es\",\"@id\":\"https:\\\/\\\/laredlarioja.com.ar\\\/sitio\\\/el-gobierno-anuncio-aumento-en-el-monto-de-la-tarjeta-par-celiaquia-y-social\\\/#primaryimage\",\"url\":\"https:\\\/\\\/laredlarioja.com.ar\\\/sitio\\\/wp-content\\\/uploads\\\/2024\\\/06\\\/tarjeta-alimentaria-og-1.jpg\",\"contentUrl\":\"https:\\\/\\\/laredlarioja.com.ar\\\/sitio\\\/wp-content\\\/uploads\\\/2024\\\/06\\\/tarjeta-alimentaria-og-1.jpg\",\"width\":858,\"height\":600},{\"@type\":\"BreadcrumbList\",\"@id\":\"https:\\\/\\\/laredlarioja.com.ar\\\/sitio\\\/el-gobierno-anuncio-aumento-en-el-monto-de-la-tarjeta-par-celiaquia-y-social\\\/#breadcrumb\",\"itemListElement\":[{\"@type\":\"ListItem\",\"position\":1,\"name\":\"Portada\",\"item\":\"https:\\\/\\\/laredlarioja.com.ar\\\/sitio\\\/\"},{\"@type\":\"ListItem\",\"position\":2,\"name\":\"El Gobierno anunci\u00f3 aumento en el monto de la tarjeta PAR Celiaqu\u00eda y Social\"}]},{\"@type\":\"WebSite\",\"@id\":\"https:\\\/\\\/laredlarioja.com.ar\\\/sitio\\\/#website\",\"url\":\"https:\\\/\\\/laredlarioja.com.ar\\\/sitio\\\/\",\"name\":\"LA RED 88.3 LA RIOJA\",\"description\":\"Sitio de Noticias\",\"publisher\":{\"@id\":\"https:\\\/\\\/laredlarioja.com.ar\\\/sitio\\\/#organization\"},\"potentialAction\":[{\"@type\":\"SearchAction\",\"target\":{\"@type\":\"EntryPoint\",\"urlTemplate\":\"https:\\\/\\\/laredlarioja.com.ar\\\/sitio\\\/?s={search_term_string}\"},\"query-input\":{\"@type\":\"PropertyValueSpecification\",\"valueRequired\":true,\"valueName\":\"search_term_string\"}}],\"inLanguage\":\"es\"},{\"@type\":\"Organization\",\"@id\":\"https:\\\/\\\/laredlarioja.com.ar\\\/sitio\\\/#organization\",\"name\":\"LA RED 88.3 LA RIOJA\",\"url\":\"https:\\\/\\\/laredlarioja.com.ar\\\/sitio\\\/\",\"logo\":{\"@type\":\"ImageObject\",\"inLanguage\":\"es\",\"@id\":\"https:\\\/\\\/laredlarioja.com.ar\\\/sitio\\\/#\\\/schema\\\/logo\\\/image\\\/\",\"url\":\"https:\\\/\\\/laredlarioja.com.ar\\\/sitio\\\/wp-content\\\/uploads\\\/2025\\\/05\\\/LOGO-LA-RED.png\",\"contentUrl\":\"https:\\\/\\\/laredlarioja.com.ar\\\/sitio\\\/wp-content\\\/uploads\\\/2025\\\/05\\\/LOGO-LA-RED.png\",\"width\":193,\"height\":340,\"caption\":\"LA RED 88.3 LA RIOJA\"},\"image\":{\"@id\":\"https:\\\/\\\/laredlarioja.com.ar\\\/sitio\\\/#\\\/schema\\\/logo\\\/image\\\/\"},\"sameAs\":[\"https:\\\/\\\/www.facebook.com\\\/lared.larioja\",\"https:\\\/\\\/x.com\\\/laredlarioja1\",\"https:\\\/\\\/www.instagram.com\\\/lared_larioja\\\/\"]},{\"@type\":\"Person\",\"@id\":\"https:\\\/\\\/laredlarioja.com.ar\\\/sitio\\\/#\\\/schema\\\/person\\\/31f88059d20c5cf06e974fd895aec56e\",\"name\":\"Anabella Soria\",\"url\":\"https:\\\/\\\/laredlarioja.com.ar\\\/sitio\\\/author\\\/asoria\\\/\"}]}<\/script>\n<!-- \/ Yoast SEO plugin. -->","yoast_head_json":{"title":"El Gobierno anunci\u00f3 aumento en el monto de la tarjeta PAR Celiaqu\u00eda y Social - LA RED 88.3 LA RIOJA","robots":{"index":"index","follow":"follow","max-snippet":"max-snippet:-1","max-image-preview":"max-image-preview:large","max-video-preview":"max-video-preview:-1"},"canonical":"https:\/\/laredlarioja.com.ar\/sitio\/el-gobierno-anuncio-aumento-en-el-monto-de-la-tarjeta-par-celiaquia-y-social\/","og_locale":"es_ES","og_type":"article","og_title":"El Gobierno anunci\u00f3 aumento en el monto de la tarjeta PAR Celiaqu\u00eda y Social - LA RED 88.3 LA RIOJA","og_description":"El anuncio lo realiz\u00f3 el gobernador Ricardo Quintela a trav\u00e9s de sus redes sociales. El PAR celiaqu\u00eda aumentar\u00e1","og_url":"https:\/\/laredlarioja.com.ar\/sitio\/el-gobierno-anuncio-aumento-en-el-monto-de-la-tarjeta-par-celiaquia-y-social\/","og_site_name":"LA RED 88.3 LA RIOJA","article_publisher":"https:\/\/www.facebook.com\/lared.larioja","article_published_time":"2025-09-16T22:58:05+00:00","og_image":[{"width":858,"height":600,"url":"https:\/\/laredlarioja.com.ar\/sitio\/wp-content\/uploads\/2024\/06\/tarjeta-alimentaria-og-1.jpg","type":"image\/jpeg"}],"author":"Anabella Soria","twitter_card":"summary_large_image","twitter_creator":"@laredlarioja1","twitter_site":"@laredlarioja1","twitter_misc":{"Escrito por":"Anabella Soria","Tiempo de lectura":"1 minuto"},"schema":{"@context":"https:\/\/schema.org","@graph":[{"@type":"Article","@id":"https:\/\/laredlarioja.com.ar\/sitio\/el-gobierno-anuncio-aumento-en-el-monto-de-la-tarjeta-par-celiaquia-y-social\/#article","isPartOf":{"@id":"https:\/\/laredlarioja.com.ar\/sitio\/el-gobierno-anuncio-aumento-en-el-monto-de-la-tarjeta-par-celiaquia-y-social\/"},"author":{"name":"Anabella Soria","@id":"https:\/\/laredlarioja.com.ar\/sitio\/#\/schema\/person\/31f88059d20c5cf06e974fd895aec56e"},"headline":"El Gobierno anunci\u00f3 aumento en el monto de la tarjeta PAR Celiaqu\u00eda y Social","datePublished":"2025-09-16T22:58:05+00:00","mainEntityOfPage":{"@id":"https:\/\/laredlarioja.com.ar\/sitio\/el-gobierno-anuncio-aumento-en-el-monto-de-la-tarjeta-par-celiaquia-y-social\/"},"wordCount":162,"publisher":{"@id":"https:\/\/laredlarioja.com.ar\/sitio\/#organization"},"image":{"@id":"https:\/\/laredlarioja.com.ar\/sitio\/el-gobierno-anuncio-aumento-en-el-monto-de-la-tarjeta-par-celiaquia-y-social\/#primaryimage"},"thumbnailUrl":"https:\/\/laredlarioja.com.ar\/sitio\/wp-content\/uploads\/2024\/06\/tarjeta-alimentaria-og-1.jpg","keywords":["Secundaria"],"articleSection":["Locales"],"inLanguage":"es"},{"@type":"WebPage","@id":"https:\/\/laredlarioja.com.ar\/sitio\/el-gobierno-anuncio-aumento-en-el-monto-de-la-tarjeta-par-celiaquia-y-social\/","url":"https:\/\/laredlarioja.com.ar\/sitio\/el-gobierno-anuncio-aumento-en-el-monto-de-la-tarjeta-par-celiaquia-y-social\/","name":"El Gobierno anunci\u00f3 aumento en el monto de la tarjeta PAR Celiaqu\u00eda y Social - LA RED 88.3 LA RIOJA","isPartOf":{"@id":"https:\/\/laredlarioja.com.ar\/sitio\/#website"},"primaryImageOfPage":{"@id":"https:\/\/laredlarioja.com.ar\/sitio\/el-gobierno-anuncio-aumento-en-el-monto-de-la-tarjeta-par-celiaquia-y-social\/#primaryimage"},"image":{"@id":"https:\/\/laredlarioja.com.ar\/sitio\/el-gobierno-anuncio-aumento-en-el-monto-de-la-tarjeta-par-celiaquia-y-social\/#primaryimage"},"thumbnailUrl":"https:\/\/laredlarioja.com.ar\/sitio\/wp-content\/uploads\/2024\/06\/tarjeta-alimentaria-og-1.jpg","datePublished":"2025-09-16T22:58:05+00:00","breadcrumb":{"@id":"https:\/\/laredlarioja.com.ar\/sitio\/el-gobierno-anuncio-aumento-en-el-monto-de-la-tarjeta-par-celiaquia-y-social\/#breadcrumb"},"inLanguage":"es","potentialAction":[{"@type":"ReadAction","target":["https:\/\/laredlarioja.com.ar\/sitio\/el-gobierno-anuncio-aumento-en-el-monto-de-la-tarjeta-par-celiaquia-y-social\/"]}]},{"@type":"ImageObject","inLanguage":"es","@id":"https:\/\/laredlarioja.com.ar\/sitio\/el-gobierno-anuncio-aumento-en-el-monto-de-la-tarjeta-par-celiaquia-y-social\/#primaryimage","url":"https:\/\/laredlarioja.com.ar\/sitio\/wp-content\/uploads\/2024\/06\/tarjeta-alimentaria-og-1.jpg","contentUrl":"https:\/\/laredlarioja.com.ar\/sitio\/wp-content\/uploads\/2024\/06\/tarjeta-alimentaria-og-1.jpg","width":858,"height":600},{"@type":"BreadcrumbList","@id":"https:\/\/laredlarioja.com.ar\/sitio\/el-gobierno-anuncio-aumento-en-el-monto-de-la-tarjeta-par-celiaquia-y-social\/#breadcrumb","itemListElement":[{"@type":"ListItem","position":1,"name":"Portada","item":"https:\/\/laredlarioja.com.ar\/sitio\/"},{"@type":"ListItem","position":2,"name":"El Gobierno anunci\u00f3 aumento en el monto de la tarjeta PAR Celiaqu\u00eda y Social"}]},{"@type":"WebSite","@id":"https:\/\/laredlarioja.com.ar\/sitio\/#website","url":"https:\/\/laredlarioja.com.ar\/sitio\/","name":"LA RED 88.3 LA RIOJA","description":"Sitio de Noticias","publisher":{"@id":"https:\/\/laredlarioja.com.ar\/sitio\/#organization"},"potentialAction":[{"@type":"SearchAction","target":{"@type":"EntryPoint","urlTemplate":"https:\/\/laredlarioja.com.ar\/sitio\/?s={search_term_string}"},"query-input":{"@type":"PropertyValueSpecification","valueRequired":true,"valueName":"search_term_string"}}],"inLanguage":"es"},{"@type":"Organization","@id":"https:\/\/laredlarioja.com.ar\/sitio\/#organization","name":"LA RED 88.3 LA RIOJA","url":"https:\/\/laredlarioja.com.ar\/sitio\/","logo":{"@type":"ImageObject","inLanguage":"es","@id":"https:\/\/laredlarioja.com.ar\/sitio\/#\/schema\/logo\/image\/","url":"https:\/\/laredlarioja.com.ar\/sitio\/wp-content\/uploads\/2025\/05\/LOGO-LA-RED.png","contentUrl":"https:\/\/laredlarioja.com.ar\/sitio\/wp-content\/uploads\/2025\/05\/LOGO-LA-RED.png","width":193,"height":340,"caption":"LA RED 88.3 LA RIOJA"},"image":{"@id":"https:\/\/laredlarioja.com.ar\/sitio\/#\/schema\/logo\/image\/"},"sameAs":["https:\/\/www.facebook.com\/lared.larioja","https:\/\/x.com\/laredlarioja1","https:\/\/www.instagram.com\/lared_larioja\/"]},{"@type":"Person","@id":"https:\/\/laredlarioja.com.ar\/sitio\/#\/schema\/person\/31f88059d20c5cf06e974fd895aec56e","name":"Anabella Soria","url":"https:\/\/laredlarioja.com.ar\/sitio\/author\/asoria\/"}]}},"featured_image_urls":{"full":["https:\/\/laredlarioja.com.ar\/sitio\/wp-content\/uploads\/2024\/06\/tarjeta-alimentaria-og-1.jpg",858,600,false],"thumbnail":["https:\/\/laredlarioja.com.ar\/sitio\/wp-content\/uploads\/2024\/06\/tarjeta-alimentaria-og-1-150x150.jpg",150,150,true],"medium":["https:\/\/laredlarioja.com.ar\/sitio\/wp-content\/uploads\/2024\/06\/tarjeta-alimentaria-og-1-300x210.jpg",300,210,true],"medium_large":["https:\/\/laredlarioja.com.ar\/sitio\/wp-content\/uploads\/2024\/06\/tarjeta-alimentaria-og-1-768x537.jpg",640,448,true],"large":["https:\/\/laredlarioja.com.ar\/sitio\/wp-content\/uploads\/2024\/06\/tarjeta-alimentaria-og-1.jpg",640,448,false],"1536x1536":["https:\/\/laredlarioja.com.ar\/sitio\/wp-content\/uploads\/2024\/06\/tarjeta-alimentaria-og-1.jpg",858,600,false],"2048x2048":["https:\/\/laredlarioja.com.ar\/sitio\/wp-content\/uploads\/2024\/06\/tarjeta-alimentaria-og-1.jpg",858,600,false],"cvmm-medium":["https:\/\/laredlarioja.com.ar\/sitio\/wp-content\/uploads\/2024\/06\/tarjeta-alimentaria-og-1-300x300.jpg",300,300,true],"cvmm-medium-plus":["https:\/\/laredlarioja.com.ar\/sitio\/wp-content\/uploads\/2024\/06\/tarjeta-alimentaria-og-1-305x207.jpg",305,207,true],"cvmm-portrait":["https:\/\/laredlarioja.com.ar\/sitio\/wp-content\/uploads\/2024\/06\/tarjeta-alimentaria-og-1-400x600.jpg",400,600,true],"cvmm-medium-square":["https:\/\/laredlarioja.com.ar\/sitio\/wp-content\/uploads\/2024\/06\/tarjeta-alimentaria-og-1-600x600.jpg",600,600,true],"cvmm-large":["https:\/\/laredlarioja.com.ar\/sitio\/wp-content\/uploads\/2024\/06\/tarjeta-alimentaria-og-1.jpg",858,600,false],"cvmm-small":["https:\/\/laredlarioja.com.ar\/sitio\/wp-content\/uploads\/2024\/06\/tarjeta-alimentaria-og-1-130x95.jpg",130,95,true],"morenews-large":["https:\/\/laredlarioja.com.ar\/sitio\/wp-content\/uploads\/2024\/06\/tarjeta-alimentaria-og-1-825x575.jpg",825,575,true],"morenews-medium":["https:\/\/laredlarioja.com.ar\/sitio\/wp-content\/uploads\/2024\/06\/tarjeta-alimentaria-og-1-590x410.jpg",590,410,true]},"author_info":{"display_name":"Anabella Soria","author_link":"https:\/\/laredlarioja.com.ar\/sitio\/author\/asoria\/"},"category_info":"<a href=\"https:\/\/laredlarioja.com.ar\/sitio\/categorias\/locales\/\" rel=\"category tag\">Locales<\/a>","tag_info":"Locales","comment_count":"0","blog_post_layout_featured_media_urls":{"thumbnail":["https:\/\/laredlarioja.com.ar\/sitio\/wp-content\/uploads\/2024\/06\/tarjeta-alimentaria-og-1-150x150.jpg",150,150,true],"full":["https:\/\/laredlarioja.com.ar\/sitio\/wp-content\/uploads\/2024\/06\/tarjeta-alimentaria-og-1.jpg",858,600,false]},"categories_names":{"94":{"name":"Locales","link":"https:\/\/laredlarioja.com.ar\/sitio\/categorias\/locales\/"}},"tags_names":{"84":{"name":"Secundaria","link":"https:\/\/laredlarioja.com.ar\/sitio\/etiquetas\/secundaria\/"}},"comments_number":"0","wpmagazine_modules_lite_featured_media_urls":{"thumbnail":["https:\/\/laredlarioja.com.ar\/sitio\/wp-content\/uploads\/2024\/06\/tarjeta-alimentaria-og-1-150x150.jpg",150,150,true],"cvmm-medium":["https:\/\/laredlarioja.com.ar\/sitio\/wp-content\/uploads\/2024\/06\/tarjeta-alimentaria-og-1-300x300.jpg",300,300,true],"cvmm-medium-plus":["https:\/\/laredlarioja.com.ar\/sitio\/wp-content\/uploads\/2024\/06\/tarjeta-alimentaria-og-1-305x207.jpg",305,207,true],"cvmm-portrait":["https:\/\/laredlarioja.com.ar\/sitio\/wp-content\/uploads\/2024\/06\/tarjeta-alimentaria-og-1-400x600.jpg",400,600,true],"cvmm-medium-square":["https:\/\/laredlarioja.com.ar\/sitio\/wp-content\/uploads\/2024\/06\/tarjeta-alimentaria-og-1-600x600.jpg",600,600,true],"cvmm-large":["https:\/\/laredlarioja.com.ar\/sitio\/wp-content\/uploads\/2024\/06\/tarjeta-alimentaria-og-1.jpg",858,600,false],"cvmm-small":["https:\/\/laredlarioja.com.ar\/sitio\/wp-content\/uploads\/2024\/06\/tarjeta-alimentaria-og-1-130x95.jpg",130,95,true],"full":["https:\/\/laredlarioja.com.ar\/sitio\/wp-content\/uploads\/2024\/06\/tarjeta-alimentaria-og-1.jpg",858,600,false]},"_links":{"self":[{"href":"https:\/\/laredlarioja.com.ar\/sitio\/wp-json\/wp\/v2\/posts\/66742","targetHints":{"allow":["GET"]}}],"collection":[{"href":"https:\/\/laredlarioja.com.ar\/sitio\/wp-json\/wp\/v2\/posts"}],"about":[{"href":"https:\/\/laredlarioja.com.ar\/sitio\/wp-json\/wp\/v2\/types\/post"}],"author":[{"embeddable":true,"href":"https:\/\/laredlarioja.com.ar\/sitio\/wp-json\/wp\/v2\/users\/7"}],"replies":[{"embeddable":true,"href":"https:\/\/laredlarioja.com.ar\/sitio\/wp-json\/wp\/v2\/comments?post=66742"}],"version-history":[{"count":1,"href":"https:\/\/laredlarioja.com.ar\/sitio\/wp-json\/wp\/v2\/posts\/66742\/revisions"}],"predecessor-version":[{"id":66744,"href":"https:\/\/laredlarioja.com.ar\/sitio\/wp-json\/wp\/v2\/posts\/66742\/revisions\/66744"}],"wp:featuredmedia":[{"embeddable":true,"href":"https:\/\/laredlarioja.com.ar\/sitio\/wp-json\/wp\/v2\/media\/46695"}],"wp:attachment":[{"href":"https:\/\/laredlarioja.com.ar\/sitio\/wp-json\/wp\/v2\/media?parent=66742"}],"wp:term":[{"taxonomy":"category","embeddable":true,"href":"https:\/\/laredlarioja.com.ar\/sitio\/wp-json\/wp\/v2\/categories?post=66742"},{"taxonomy":"post_tag","embeddable":true,"href":"https:\/\/laredlarioja.com.ar\/sitio\/wp-json\/wp\/v2\/tags?post=66742"}],"curies":[{"name":"wp","href":"https:\/\/api.w.org\/{rel}","templated":true}]}}