{"id":73804,"date":"2026-02-09T22:34:33","date_gmt":"2026-02-09T22:34:33","guid":{"rendered":"https:\/\/laredlarioja.com.ar\/sitio\/?p=73804"},"modified":"2026-02-10T23:19:29","modified_gmt":"2026-02-10T23:19:29","slug":"organizaciones-y-referentes-territoriales-cuestionan-el-proyecto-de-nuevo-regimen-penal-juvenil-y-piden-no-bajar-la-edad-de-imputabilidad","status":"publish","type":"post","link":"https:\/\/laredlarioja.com.ar\/sitio\/organizaciones-y-referentes-territoriales-cuestionan-el-proyecto-de-nuevo-regimen-penal-juvenil-y-piden-no-bajar-la-edad-de-imputabilidad\/","title":{"rendered":"Organizaciones y referentes territoriales piden no bajar la edad de imputabilidad"},"content":{"rendered":"<p>Bajo la consigna<strong> \u201cBajar la edad no baja el delito. M\u00e1s educaci\u00f3n, m\u00e1s oportunidades, m\u00e1s esperanza\u201d<\/strong>, referentes territoriales, profesionales y espacios vinculados al trabajo pastoral y comunitario difundieron una carta abierta dirigida a los legisladores nacionales <strong>para expresar su preocupaci\u00f3n por el proyecto de ley de Nuevo R\u00e9gimen Penal Juvenil y el reciente dictamen que impulsa la baja de la edad de imputabilidad.<\/strong><\/p>\n<p>El pronunciamiento se enmarca en la continuidad del documento <strong>\u201cM\u00e1s oportunidades que penas\u201d<\/strong>, publicado por la Comisi\u00f3n Episcopal de Pastoral Social, y surge a partir de la experiencia cotidiana de quienes trabajan con adolescentes y j\u00f3venes en parroquias, escuelas, centros barriales, Hogares de Cristo, clubes, organizaciones comunitarias y en el acompa\u00f1amiento permanente a familias de contextos vulnerables.<\/p>\n<p>En la carta, los firmantes se\u00f1alan que, si bien fueron convocados y escuchados en instancias de di\u00e1logo, sus aportes, al igual que los de numerosas instituciones de prestigio, no se ven reflejados en el contenido del proyecto de ley que actualmente se debate en el Congreso.<\/p>\n<p><strong>Entre las organizaciones que respaldan esta mirada se mencionan, entre otras, UNICEF, la Sociedad Argentina de Pediatr\u00eda, la Asociaci\u00f3n de Psiquiatras Argentinos, la Federaci\u00f3n de Psic\u00f3logos de la Rep\u00fablica Argentina, la Defensor\u00eda General de la Naci\u00f3n, la Asociaci\u00f3n de Defensores del Pueblo, AJUNAF, COPAJU y diversas redes de protecci\u00f3n de derechos de ni\u00f1os, ni\u00f1as y adolescentes.<\/strong><\/p>\n<p><strong>El documento reconoce la necesidad de avanzar en una reforma del R\u00e9gimen Penal Juvenil, y advierte sobre el vac\u00edo legal existente.<\/strong> Sin embargo, subraya que el debate se est\u00e1 dando en un clima pol\u00edtico atravesado por el impacto medi\u00e1tico y el uso del dolor social, lo que, seg\u00fan expresan, impide una discusi\u00f3n profunda sobre los problemas estructurales que afectan a la infancia y adolescencia, especialmente en los sectores m\u00e1s vulnerables.<\/p>\n<p>Desde la carta se remarca que el delito existe y que<strong> no es una opci\u00f3n \u201cno hacer nada\u201d,<\/strong> pero se cuestionan las respuestas simplificadoras que, lejos de resolver el problema, terminan validando posiciones pol\u00edticas ya tomadas, sin sustento t\u00e9cnico ni di\u00e1logo genuino.<\/p>\n<p>Uno de los ejes centrales del planteo es la <strong>falta de condiciones reales para implementar un r\u00e9gimen penal juvenil que garantice abordajes integrales.<\/strong> En ese sentido, se preguntan si el Estado, tanto nacional como provincial, cuenta hoy con recursos suficientes para asegurar tratamiento psicol\u00f3gico, continuidad educativa, capacitaci\u00f3n laboral, acceso a salud, cultura, recreaci\u00f3n, abordaje de consumos problem\u00e1ticos, personal especializado y dispositivos adecuados que garanticen condiciones de vida dignas y posibilidades reales de reinserci\u00f3n.<\/p>\n<p>La carta tambi\u00e9n advierte sobre un <strong>contexto de desfinanciamiento de pol\u00edticas sociales<\/strong>, cuyos efectos recaen de manera directa sobre los sectores m\u00e1s desfavorecidos, justamente aquellos a los que el proyecto pretende alcanzar con mayores niveles de punici\u00f3n.<\/p>\n<p>En el plano jur\u00eddico, los firmantes sostienen que la reducci\u00f3n de la edad de imputabilidad presenta serios cuestionamientos de constitucionalidad, al contradecir la Constituci\u00f3n Nacional, los tratados internacionales de derechos humanos y la Ley 26.061 de Protecci\u00f3n Integral de los Derechos de Ni\u00f1os, Ni\u00f1as y Adolescentes. Se\u00f1alan, adem\u00e1s, que se tratar\u00eda de una medida regresiva en materia de derechos humanos.<\/p>\n<p><strong>A su vez, advierten que el proyecto habilita la intervenci\u00f3n penal y la privaci\u00f3n de libertad de ni\u00f1os y adolescentes que no han alcanzado la edad de responsabilidad penal, sin garantizar un sistema de justicia juvenil verdaderamente especializado, con riesgo de aplicar reglas del derecho penal adulto, penas desproporcionadas y alojamientos en dependencias no adecuadas.<\/strong><\/p>\n<p>Desde una mirada interdisciplinaria, la carta recuerda que el cerebro adolescente a\u00fan se encuentra en desarrollo, particularmente en las \u00e1reas vinculadas al control de impulsos y a la toma de decisiones, lo que, seg\u00fan expresan, cuestiona la idea de equiparar la responsabilidad penal de un adolescente con la de un adulto.<\/p>\n<p><strong>En este marco, proponen que los ni\u00f1os y adolescentes menores de 16 a\u00f1os que atraviesen situaciones de conflicto social y vulnerabilidad sean abordados desde los Juzgados de Familia y el Sistema de Protecci\u00f3n de Derechos, priorizando medidas socioeducativas y de restituci\u00f3n de derechos, y reservando la intervenci\u00f3n penal como \u00faltima instancia.<\/strong><\/p>\n<p>Para los adolescentes mayores de 16 a\u00f1os que cometan delitos graves, plantean la implementaci\u00f3n de mecanismos de Justicia Restaurativa, se\u00f1alando que esta modalidad ha demostrado, en distintas experiencias nacionales e internacionales, una significativa reducci\u00f3n de la reincidencia.<\/p>\n<p><strong>Otro de los puntos destacados del documento es el an\u00e1lisis de los datos disponibles sobre criminalidad juvenil. Seg\u00fan se indica, la participaci\u00f3n de adolescentes de entre 12 y 17 a\u00f1os en procesos penales es muy baja alrededor del 0,42 % y la mayor\u00eda de los delitos cometidos por este grupo etario son contra la propiedad, mientras que los delitos graves resultan excepcionales.<\/strong><\/p>\n<p>Asimismo, se afirma que la evidencia regional demuestra que reducir la edad de imputabilidad no disminuye la inseguridad y, por el contrario, tiende a incrementar los niveles de violencia y reincidencia. En este sentido, se se\u00f1ala que pa\u00edses con edades m\u00ednimas de imputabilidad m\u00e1s bajas presentan tasas de homicidio considerablemente m\u00e1s elevadas que la Argentina, donde la edad m\u00ednima es de 16 a\u00f1os.<\/p>\n<p>El texto pone especial \u00e9nfasis en la necesidad de fortalecer las pol\u00edticas p\u00fablicas de ni\u00f1ez, adolescencia y familia, as\u00ed como los dispositivos de salud mental y de atenci\u00f3n de consumos problem\u00e1ticos para adolescentes, hoy pr\u00e1cticamente inexistentes en amplias zonas del pa\u00eds.<\/p>\n<p>En su tramo final, la carta plantea que los adolescentes y j\u00f3venes no deben ser vistos como una amenaza, sino como presente y esperanza, y advierte sobre el riesgo de instalar en el imaginario social la idea de que la ni\u00f1ez es peligrosa, mientras persisten con altos niveles de impunidad problem\u00e1ticas estructurales como el narcotr\u00e1fico, el tr\u00e1fico de armas, la pobreza y la exclusi\u00f3n.<\/p>\n<p>En ese marco, se recuerda una declaraci\u00f3n del Papa Francisco, quien sostuvo que los Estados deben abstenerse de castigar penalmente a los ni\u00f1os que a\u00fan no han completado su desarrollo, y que, en cambio, deben ser destinatarios de pol\u00edticas de inclusi\u00f3n y de promoci\u00f3n de derechos.<\/p>\n<p>Finalmente, los firmantes concluyen que la baja de la edad de imputabilidad no resuelve el problema de la violencia, sino que lo desplaza y lo profundiza, y llaman a construir un enfoque integral que contemple prevenci\u00f3n, intervenci\u00f3n y reinserci\u00f3n, con pol\u00edticas sostenidas que act\u00faen sobre las causas estructurales de la violencia y fortalezcan el entramado social en los barrios, las escuelas y las comunidades.<\/p>\n","protected":false},"excerpt":{"rendered":"<p>Bajo la consigna \u201cBajar la edad no baja el delito. M\u00e1s educaci\u00f3n, m\u00e1s oportunidades, m\u00e1s esperanza\u201d, referentes territoriales,<\/p>\n","protected":false},"author":13,"featured_media":73806,"comment_status":"closed","ping_status":"open","sticky":false,"template":"","format":"standard","meta":{"footnotes":""},"categories":[24],"tags":[84],"class_list":["post-73804","post","type-post","status-publish","format-standard","has-post-thumbnail","hentry","category-informacion-general","tag-secundaria"],"yoast_head":"<!-- This site is optimized with the Yoast SEO plugin v27.4 - https:\/\/yoast.com\/product\/yoast-seo-wordpress\/ -->\n<title>Organizaciones y referentes territoriales piden no bajar la edad de imputabilidad - LA RED 88.3 LA RIOJA<\/title>\n<meta name=\"robots\" content=\"index, follow, max-snippet:-1, max-image-preview:large, max-video-preview:-1\" \/>\n<link rel=\"canonical\" href=\"https:\/\/laredlarioja.com.ar\/sitio\/organizaciones-y-referentes-territoriales-cuestionan-el-proyecto-de-nuevo-regimen-penal-juvenil-y-piden-no-bajar-la-edad-de-imputabilidad\/\" \/>\n<meta property=\"og:locale\" content=\"es_ES\" \/>\n<meta property=\"og:type\" content=\"article\" \/>\n<meta property=\"og:title\" content=\"Organizaciones y referentes territoriales piden no bajar la edad de imputabilidad - LA RED 88.3 LA RIOJA\" \/>\n<meta property=\"og:description\" content=\"Bajo la consigna \u201cBajar la edad no baja el delito. M\u00e1s educaci\u00f3n, m\u00e1s oportunidades, m\u00e1s esperanza\u201d, referentes territoriales,\" \/>\n<meta property=\"og:url\" content=\"https:\/\/laredlarioja.com.ar\/sitio\/organizaciones-y-referentes-territoriales-cuestionan-el-proyecto-de-nuevo-regimen-penal-juvenil-y-piden-no-bajar-la-edad-de-imputabilidad\/\" \/>\n<meta property=\"og:site_name\" content=\"LA RED 88.3 LA RIOJA\" \/>\n<meta property=\"article:publisher\" content=\"https:\/\/www.facebook.com\/lared.larioja\" \/>\n<meta property=\"article:published_time\" content=\"2026-02-09T22:34:33+00:00\" \/>\n<meta property=\"article:modified_time\" content=\"2026-02-10T23:19:29+00:00\" \/>\n<meta property=\"og:image\" content=\"https:\/\/laredlarioja.com.ar\/sitio\/wp-content\/uploads\/2026\/02\/baja-la-edad-imputabilidad.webp\" \/>\n\t<meta property=\"og:image:width\" content=\"1200\" \/>\n\t<meta property=\"og:image:height\" content=\"675\" \/>\n\t<meta property=\"og:image:type\" content=\"image\/webp\" \/>\n<meta name=\"author\" content=\"Maria De La Vega\" \/>\n<meta name=\"twitter:card\" content=\"summary_large_image\" \/>\n<meta name=\"twitter:creator\" content=\"@laredlarioja1\" \/>\n<meta name=\"twitter:site\" content=\"@laredlarioja1\" \/>\n<meta name=\"twitter:label1\" content=\"Escrito por\" \/>\n\t<meta name=\"twitter:data1\" content=\"Maria De La Vega\" \/>\n\t<meta name=\"twitter:label2\" content=\"Tiempo de lectura\" \/>\n\t<meta name=\"twitter:data2\" content=\"5 minutos\" \/>\n<script type=\"application\/ld+json\" class=\"yoast-schema-graph\">{\"@context\":\"https:\\\/\\\/schema.org\",\"@graph\":[{\"@type\":\"Article\",\"@id\":\"https:\\\/\\\/laredlarioja.com.ar\\\/sitio\\\/organizaciones-y-referentes-territoriales-cuestionan-el-proyecto-de-nuevo-regimen-penal-juvenil-y-piden-no-bajar-la-edad-de-imputabilidad\\\/#article\",\"isPartOf\":{\"@id\":\"https:\\\/\\\/laredlarioja.com.ar\\\/sitio\\\/organizaciones-y-referentes-territoriales-cuestionan-el-proyecto-de-nuevo-regimen-penal-juvenil-y-piden-no-bajar-la-edad-de-imputabilidad\\\/\"},\"author\":{\"name\":\"Maria De La Vega\",\"@id\":\"https:\\\/\\\/laredlarioja.com.ar\\\/sitio\\\/#\\\/schema\\\/person\\\/8b98ebe852851a8bdc8acd6ec6918de9\"},\"headline\":\"Organizaciones y referentes territoriales piden no bajar la edad de imputabilidad\",\"datePublished\":\"2026-02-09T22:34:33+00:00\",\"dateModified\":\"2026-02-10T23:19:29+00:00\",\"mainEntityOfPage\":{\"@id\":\"https:\\\/\\\/laredlarioja.com.ar\\\/sitio\\\/organizaciones-y-referentes-territoriales-cuestionan-el-proyecto-de-nuevo-regimen-penal-juvenil-y-piden-no-bajar-la-edad-de-imputabilidad\\\/\"},\"wordCount\":1144,\"publisher\":{\"@id\":\"https:\\\/\\\/laredlarioja.com.ar\\\/sitio\\\/#organization\"},\"image\":{\"@id\":\"https:\\\/\\\/laredlarioja.com.ar\\\/sitio\\\/organizaciones-y-referentes-territoriales-cuestionan-el-proyecto-de-nuevo-regimen-penal-juvenil-y-piden-no-bajar-la-edad-de-imputabilidad\\\/#primaryimage\"},\"thumbnailUrl\":\"https:\\\/\\\/laredlarioja.com.ar\\\/sitio\\\/wp-content\\\/uploads\\\/2026\\\/02\\\/baja-la-edad-imputabilidad.webp\",\"keywords\":[\"Secundaria\"],\"articleSection\":[\"Informaci\u00f3n General\"],\"inLanguage\":\"es\"},{\"@type\":\"WebPage\",\"@id\":\"https:\\\/\\\/laredlarioja.com.ar\\\/sitio\\\/organizaciones-y-referentes-territoriales-cuestionan-el-proyecto-de-nuevo-regimen-penal-juvenil-y-piden-no-bajar-la-edad-de-imputabilidad\\\/\",\"url\":\"https:\\\/\\\/laredlarioja.com.ar\\\/sitio\\\/organizaciones-y-referentes-territoriales-cuestionan-el-proyecto-de-nuevo-regimen-penal-juvenil-y-piden-no-bajar-la-edad-de-imputabilidad\\\/\",\"name\":\"Organizaciones y referentes territoriales piden no bajar la edad de imputabilidad - LA RED 88.3 LA RIOJA\",\"isPartOf\":{\"@id\":\"https:\\\/\\\/laredlarioja.com.ar\\\/sitio\\\/#website\"},\"primaryImageOfPage\":{\"@id\":\"https:\\\/\\\/laredlarioja.com.ar\\\/sitio\\\/organizaciones-y-referentes-territoriales-cuestionan-el-proyecto-de-nuevo-regimen-penal-juvenil-y-piden-no-bajar-la-edad-de-imputabilidad\\\/#primaryimage\"},\"image\":{\"@id\":\"https:\\\/\\\/laredlarioja.com.ar\\\/sitio\\\/organizaciones-y-referentes-territoriales-cuestionan-el-proyecto-de-nuevo-regimen-penal-juvenil-y-piden-no-bajar-la-edad-de-imputabilidad\\\/#primaryimage\"},\"thumbnailUrl\":\"https:\\\/\\\/laredlarioja.com.ar\\\/sitio\\\/wp-content\\\/uploads\\\/2026\\\/02\\\/baja-la-edad-imputabilidad.webp\",\"datePublished\":\"2026-02-09T22:34:33+00:00\",\"dateModified\":\"2026-02-10T23:19:29+00:00\",\"breadcrumb\":{\"@id\":\"https:\\\/\\\/laredlarioja.com.ar\\\/sitio\\\/organizaciones-y-referentes-territoriales-cuestionan-el-proyecto-de-nuevo-regimen-penal-juvenil-y-piden-no-bajar-la-edad-de-imputabilidad\\\/#breadcrumb\"},\"inLanguage\":\"es\",\"potentialAction\":[{\"@type\":\"ReadAction\",\"target\":[\"https:\\\/\\\/laredlarioja.com.ar\\\/sitio\\\/organizaciones-y-referentes-territoriales-cuestionan-el-proyecto-de-nuevo-regimen-penal-juvenil-y-piden-no-bajar-la-edad-de-imputabilidad\\\/\"]}]},{\"@type\":\"ImageObject\",\"inLanguage\":\"es\",\"@id\":\"https:\\\/\\\/laredlarioja.com.ar\\\/sitio\\\/organizaciones-y-referentes-territoriales-cuestionan-el-proyecto-de-nuevo-regimen-penal-juvenil-y-piden-no-bajar-la-edad-de-imputabilidad\\\/#primaryimage\",\"url\":\"https:\\\/\\\/laredlarioja.com.ar\\\/sitio\\\/wp-content\\\/uploads\\\/2026\\\/02\\\/baja-la-edad-imputabilidad.webp\",\"contentUrl\":\"https:\\\/\\\/laredlarioja.com.ar\\\/sitio\\\/wp-content\\\/uploads\\\/2026\\\/02\\\/baja-la-edad-imputabilidad.webp\",\"width\":1200,\"height\":675},{\"@type\":\"BreadcrumbList\",\"@id\":\"https:\\\/\\\/laredlarioja.com.ar\\\/sitio\\\/organizaciones-y-referentes-territoriales-cuestionan-el-proyecto-de-nuevo-regimen-penal-juvenil-y-piden-no-bajar-la-edad-de-imputabilidad\\\/#breadcrumb\",\"itemListElement\":[{\"@type\":\"ListItem\",\"position\":1,\"name\":\"Portada\",\"item\":\"https:\\\/\\\/laredlarioja.com.ar\\\/sitio\\\/\"},{\"@type\":\"ListItem\",\"position\":2,\"name\":\"Organizaciones y referentes territoriales piden no bajar la edad de imputabilidad\"}]},{\"@type\":\"WebSite\",\"@id\":\"https:\\\/\\\/laredlarioja.com.ar\\\/sitio\\\/#website\",\"url\":\"https:\\\/\\\/laredlarioja.com.ar\\\/sitio\\\/\",\"name\":\"LA RED 88.3 LA RIOJA\",\"description\":\"Sitio de Noticias\",\"publisher\":{\"@id\":\"https:\\\/\\\/laredlarioja.com.ar\\\/sitio\\\/#organization\"},\"potentialAction\":[{\"@type\":\"SearchAction\",\"target\":{\"@type\":\"EntryPoint\",\"urlTemplate\":\"https:\\\/\\\/laredlarioja.com.ar\\\/sitio\\\/?s={search_term_string}\"},\"query-input\":{\"@type\":\"PropertyValueSpecification\",\"valueRequired\":true,\"valueName\":\"search_term_string\"}}],\"inLanguage\":\"es\"},{\"@type\":\"Organization\",\"@id\":\"https:\\\/\\\/laredlarioja.com.ar\\\/sitio\\\/#organization\",\"name\":\"LA RED 88.3 LA RIOJA\",\"url\":\"https:\\\/\\\/laredlarioja.com.ar\\\/sitio\\\/\",\"logo\":{\"@type\":\"ImageObject\",\"inLanguage\":\"es\",\"@id\":\"https:\\\/\\\/laredlarioja.com.ar\\\/sitio\\\/#\\\/schema\\\/logo\\\/image\\\/\",\"url\":\"https:\\\/\\\/laredlarioja.com.ar\\\/sitio\\\/wp-content\\\/uploads\\\/2025\\\/05\\\/LOGO-LA-RED.png\",\"contentUrl\":\"https:\\\/\\\/laredlarioja.com.ar\\\/sitio\\\/wp-content\\\/uploads\\\/2025\\\/05\\\/LOGO-LA-RED.png\",\"width\":193,\"height\":340,\"caption\":\"LA RED 88.3 LA RIOJA\"},\"image\":{\"@id\":\"https:\\\/\\\/laredlarioja.com.ar\\\/sitio\\\/#\\\/schema\\\/logo\\\/image\\\/\"},\"sameAs\":[\"https:\\\/\\\/www.facebook.com\\\/lared.larioja\",\"https:\\\/\\\/x.com\\\/laredlarioja1\",\"https:\\\/\\\/www.instagram.com\\\/lared_larioja\\\/\"]},{\"@type\":\"Person\",\"@id\":\"https:\\\/\\\/laredlarioja.com.ar\\\/sitio\\\/#\\\/schema\\\/person\\\/8b98ebe852851a8bdc8acd6ec6918de9\",\"name\":\"Maria De La Vega\",\"sameAs\":[\"http:\\\/\\\/laredlarioja.com.ar\"],\"url\":\"https:\\\/\\\/laredlarioja.com.ar\\\/sitio\\\/author\\\/maru\\\/\"}]}<\/script>\n<!-- \/ Yoast SEO plugin. -->","yoast_head_json":{"title":"Organizaciones y referentes territoriales piden no bajar la edad de imputabilidad - LA RED 88.3 LA RIOJA","robots":{"index":"index","follow":"follow","max-snippet":"max-snippet:-1","max-image-preview":"max-image-preview:large","max-video-preview":"max-video-preview:-1"},"canonical":"https:\/\/laredlarioja.com.ar\/sitio\/organizaciones-y-referentes-territoriales-cuestionan-el-proyecto-de-nuevo-regimen-penal-juvenil-y-piden-no-bajar-la-edad-de-imputabilidad\/","og_locale":"es_ES","og_type":"article","og_title":"Organizaciones y referentes territoriales piden no bajar la edad de imputabilidad - LA RED 88.3 LA RIOJA","og_description":"Bajo la consigna \u201cBajar la edad no baja el delito. M\u00e1s educaci\u00f3n, m\u00e1s oportunidades, m\u00e1s esperanza\u201d, referentes territoriales,","og_url":"https:\/\/laredlarioja.com.ar\/sitio\/organizaciones-y-referentes-territoriales-cuestionan-el-proyecto-de-nuevo-regimen-penal-juvenil-y-piden-no-bajar-la-edad-de-imputabilidad\/","og_site_name":"LA RED 88.3 LA RIOJA","article_publisher":"https:\/\/www.facebook.com\/lared.larioja","article_published_time":"2026-02-09T22:34:33+00:00","article_modified_time":"2026-02-10T23:19:29+00:00","og_image":[{"width":1200,"height":675,"url":"https:\/\/laredlarioja.com.ar\/sitio\/wp-content\/uploads\/2026\/02\/baja-la-edad-imputabilidad.webp","type":"image\/webp"}],"author":"Maria De La Vega","twitter_card":"summary_large_image","twitter_creator":"@laredlarioja1","twitter_site":"@laredlarioja1","twitter_misc":{"Escrito por":"Maria De La Vega","Tiempo de lectura":"5 minutos"},"schema":{"@context":"https:\/\/schema.org","@graph":[{"@type":"Article","@id":"https:\/\/laredlarioja.com.ar\/sitio\/organizaciones-y-referentes-territoriales-cuestionan-el-proyecto-de-nuevo-regimen-penal-juvenil-y-piden-no-bajar-la-edad-de-imputabilidad\/#article","isPartOf":{"@id":"https:\/\/laredlarioja.com.ar\/sitio\/organizaciones-y-referentes-territoriales-cuestionan-el-proyecto-de-nuevo-regimen-penal-juvenil-y-piden-no-bajar-la-edad-de-imputabilidad\/"},"author":{"name":"Maria De La Vega","@id":"https:\/\/laredlarioja.com.ar\/sitio\/#\/schema\/person\/8b98ebe852851a8bdc8acd6ec6918de9"},"headline":"Organizaciones y referentes territoriales piden no bajar la edad de imputabilidad","datePublished":"2026-02-09T22:34:33+00:00","dateModified":"2026-02-10T23:19:29+00:00","mainEntityOfPage":{"@id":"https:\/\/laredlarioja.com.ar\/sitio\/organizaciones-y-referentes-territoriales-cuestionan-el-proyecto-de-nuevo-regimen-penal-juvenil-y-piden-no-bajar-la-edad-de-imputabilidad\/"},"wordCount":1144,"publisher":{"@id":"https:\/\/laredlarioja.com.ar\/sitio\/#organization"},"image":{"@id":"https:\/\/laredlarioja.com.ar\/sitio\/organizaciones-y-referentes-territoriales-cuestionan-el-proyecto-de-nuevo-regimen-penal-juvenil-y-piden-no-bajar-la-edad-de-imputabilidad\/#primaryimage"},"thumbnailUrl":"https:\/\/laredlarioja.com.ar\/sitio\/wp-content\/uploads\/2026\/02\/baja-la-edad-imputabilidad.webp","keywords":["Secundaria"],"articleSection":["Informaci\u00f3n General"],"inLanguage":"es"},{"@type":"WebPage","@id":"https:\/\/laredlarioja.com.ar\/sitio\/organizaciones-y-referentes-territoriales-cuestionan-el-proyecto-de-nuevo-regimen-penal-juvenil-y-piden-no-bajar-la-edad-de-imputabilidad\/","url":"https:\/\/laredlarioja.com.ar\/sitio\/organizaciones-y-referentes-territoriales-cuestionan-el-proyecto-de-nuevo-regimen-penal-juvenil-y-piden-no-bajar-la-edad-de-imputabilidad\/","name":"Organizaciones y referentes territoriales piden no bajar la edad de imputabilidad - LA RED 88.3 LA RIOJA","isPartOf":{"@id":"https:\/\/laredlarioja.com.ar\/sitio\/#website"},"primaryImageOfPage":{"@id":"https:\/\/laredlarioja.com.ar\/sitio\/organizaciones-y-referentes-territoriales-cuestionan-el-proyecto-de-nuevo-regimen-penal-juvenil-y-piden-no-bajar-la-edad-de-imputabilidad\/#primaryimage"},"image":{"@id":"https:\/\/laredlarioja.com.ar\/sitio\/organizaciones-y-referentes-territoriales-cuestionan-el-proyecto-de-nuevo-regimen-penal-juvenil-y-piden-no-bajar-la-edad-de-imputabilidad\/#primaryimage"},"thumbnailUrl":"https:\/\/laredlarioja.com.ar\/sitio\/wp-content\/uploads\/2026\/02\/baja-la-edad-imputabilidad.webp","datePublished":"2026-02-09T22:34:33+00:00","dateModified":"2026-02-10T23:19:29+00:00","breadcrumb":{"@id":"https:\/\/laredlarioja.com.ar\/sitio\/organizaciones-y-referentes-territoriales-cuestionan-el-proyecto-de-nuevo-regimen-penal-juvenil-y-piden-no-bajar-la-edad-de-imputabilidad\/#breadcrumb"},"inLanguage":"es","potentialAction":[{"@type":"ReadAction","target":["https:\/\/laredlarioja.com.ar\/sitio\/organizaciones-y-referentes-territoriales-cuestionan-el-proyecto-de-nuevo-regimen-penal-juvenil-y-piden-no-bajar-la-edad-de-imputabilidad\/"]}]},{"@type":"ImageObject","inLanguage":"es","@id":"https:\/\/laredlarioja.com.ar\/sitio\/organizaciones-y-referentes-territoriales-cuestionan-el-proyecto-de-nuevo-regimen-penal-juvenil-y-piden-no-bajar-la-edad-de-imputabilidad\/#primaryimage","url":"https:\/\/laredlarioja.com.ar\/sitio\/wp-content\/uploads\/2026\/02\/baja-la-edad-imputabilidad.webp","contentUrl":"https:\/\/laredlarioja.com.ar\/sitio\/wp-content\/uploads\/2026\/02\/baja-la-edad-imputabilidad.webp","width":1200,"height":675},{"@type":"BreadcrumbList","@id":"https:\/\/laredlarioja.com.ar\/sitio\/organizaciones-y-referentes-territoriales-cuestionan-el-proyecto-de-nuevo-regimen-penal-juvenil-y-piden-no-bajar-la-edad-de-imputabilidad\/#breadcrumb","itemListElement":[{"@type":"ListItem","position":1,"name":"Portada","item":"https:\/\/laredlarioja.com.ar\/sitio\/"},{"@type":"ListItem","position":2,"name":"Organizaciones y referentes territoriales piden no bajar la edad de imputabilidad"}]},{"@type":"WebSite","@id":"https:\/\/laredlarioja.com.ar\/sitio\/#website","url":"https:\/\/laredlarioja.com.ar\/sitio\/","name":"LA RED 88.3 LA RIOJA","description":"Sitio de Noticias","publisher":{"@id":"https:\/\/laredlarioja.com.ar\/sitio\/#organization"},"potentialAction":[{"@type":"SearchAction","target":{"@type":"EntryPoint","urlTemplate":"https:\/\/laredlarioja.com.ar\/sitio\/?s={search_term_string}"},"query-input":{"@type":"PropertyValueSpecification","valueRequired":true,"valueName":"search_term_string"}}],"inLanguage":"es"},{"@type":"Organization","@id":"https:\/\/laredlarioja.com.ar\/sitio\/#organization","name":"LA RED 88.3 LA RIOJA","url":"https:\/\/laredlarioja.com.ar\/sitio\/","logo":{"@type":"ImageObject","inLanguage":"es","@id":"https:\/\/laredlarioja.com.ar\/sitio\/#\/schema\/logo\/image\/","url":"https:\/\/laredlarioja.com.ar\/sitio\/wp-content\/uploads\/2025\/05\/LOGO-LA-RED.png","contentUrl":"https:\/\/laredlarioja.com.ar\/sitio\/wp-content\/uploads\/2025\/05\/LOGO-LA-RED.png","width":193,"height":340,"caption":"LA RED 88.3 LA RIOJA"},"image":{"@id":"https:\/\/laredlarioja.com.ar\/sitio\/#\/schema\/logo\/image\/"},"sameAs":["https:\/\/www.facebook.com\/lared.larioja","https:\/\/x.com\/laredlarioja1","https:\/\/www.instagram.com\/lared_larioja\/"]},{"@type":"Person","@id":"https:\/\/laredlarioja.com.ar\/sitio\/#\/schema\/person\/8b98ebe852851a8bdc8acd6ec6918de9","name":"Maria De La Vega","sameAs":["http:\/\/laredlarioja.com.ar"],"url":"https:\/\/laredlarioja.com.ar\/sitio\/author\/maru\/"}]}},"featured_image_urls":{"full":["https:\/\/laredlarioja.com.ar\/sitio\/wp-content\/uploads\/2026\/02\/baja-la-edad-imputabilidad.webp",1200,675,false],"thumbnail":["https:\/\/laredlarioja.com.ar\/sitio\/wp-content\/uploads\/2026\/02\/baja-la-edad-imputabilidad-150x150.webp",150,150,true],"medium":["https:\/\/laredlarioja.com.ar\/sitio\/wp-content\/uploads\/2026\/02\/baja-la-edad-imputabilidad-300x169.webp",300,169,true],"medium_large":["https:\/\/laredlarioja.com.ar\/sitio\/wp-content\/uploads\/2026\/02\/baja-la-edad-imputabilidad-768x432.webp",640,360,true],"large":["https:\/\/laredlarioja.com.ar\/sitio\/wp-content\/uploads\/2026\/02\/baja-la-edad-imputabilidad-1024x576.webp",640,360,true],"1536x1536":["https:\/\/laredlarioja.com.ar\/sitio\/wp-content\/uploads\/2026\/02\/baja-la-edad-imputabilidad.webp",1200,675,false],"2048x2048":["https:\/\/laredlarioja.com.ar\/sitio\/wp-content\/uploads\/2026\/02\/baja-la-edad-imputabilidad.webp",1200,675,false],"cvmm-medium":["https:\/\/laredlarioja.com.ar\/sitio\/wp-content\/uploads\/2026\/02\/baja-la-edad-imputabilidad-300x300.webp",300,300,true],"cvmm-medium-plus":["https:\/\/laredlarioja.com.ar\/sitio\/wp-content\/uploads\/2026\/02\/baja-la-edad-imputabilidad-305x207.webp",305,207,true],"cvmm-portrait":["https:\/\/laredlarioja.com.ar\/sitio\/wp-content\/uploads\/2026\/02\/baja-la-edad-imputabilidad-400x600.webp",400,600,true],"cvmm-medium-square":["https:\/\/laredlarioja.com.ar\/sitio\/wp-content\/uploads\/2026\/02\/baja-la-edad-imputabilidad-600x600.webp",600,600,true],"cvmm-large":["https:\/\/laredlarioja.com.ar\/sitio\/wp-content\/uploads\/2026\/02\/baja-la-edad-imputabilidad-1024x675.webp",1024,675,true],"cvmm-small":["https:\/\/laredlarioja.com.ar\/sitio\/wp-content\/uploads\/2026\/02\/baja-la-edad-imputabilidad-130x95.webp",130,95,true],"morenews-large":["https:\/\/laredlarioja.com.ar\/sitio\/wp-content\/uploads\/2026\/02\/baja-la-edad-imputabilidad-825x575.webp",825,575,true],"morenews-medium":["https:\/\/laredlarioja.com.ar\/sitio\/wp-content\/uploads\/2026\/02\/baja-la-edad-imputabilidad-590x410.webp",590,410,true]},"author_info":{"display_name":"Maria De La Vega","author_link":"https:\/\/laredlarioja.com.ar\/sitio\/author\/maru\/"},"category_info":"<a href=\"https:\/\/laredlarioja.com.ar\/sitio\/categorias\/informacion-general\/\" rel=\"category tag\">Informaci\u00f3n General<\/a>","tag_info":"Informaci\u00f3n General","comment_count":"0","blog_post_layout_featured_media_urls":{"thumbnail":["https:\/\/laredlarioja.com.ar\/sitio\/wp-content\/uploads\/2026\/02\/baja-la-edad-imputabilidad-150x150.webp",150,150,true],"full":["https:\/\/laredlarioja.com.ar\/sitio\/wp-content\/uploads\/2026\/02\/baja-la-edad-imputabilidad.webp",1200,675,false]},"categories_names":{"24":{"name":"Informaci\u00f3n General","link":"https:\/\/laredlarioja.com.ar\/sitio\/categorias\/informacion-general\/"}},"tags_names":{"84":{"name":"Secundaria","link":"https:\/\/laredlarioja.com.ar\/sitio\/etiquetas\/secundaria\/"}},"comments_number":"0","wpmagazine_modules_lite_featured_media_urls":{"thumbnail":["https:\/\/laredlarioja.com.ar\/sitio\/wp-content\/uploads\/2026\/02\/baja-la-edad-imputabilidad-150x150.webp",150,150,true],"cvmm-medium":["https:\/\/laredlarioja.com.ar\/sitio\/wp-content\/uploads\/2026\/02\/baja-la-edad-imputabilidad-300x300.webp",300,300,true],"cvmm-medium-plus":["https:\/\/laredlarioja.com.ar\/sitio\/wp-content\/uploads\/2026\/02\/baja-la-edad-imputabilidad-305x207.webp",305,207,true],"cvmm-portrait":["https:\/\/laredlarioja.com.ar\/sitio\/wp-content\/uploads\/2026\/02\/baja-la-edad-imputabilidad-400x600.webp",400,600,true],"cvmm-medium-square":["https:\/\/laredlarioja.com.ar\/sitio\/wp-content\/uploads\/2026\/02\/baja-la-edad-imputabilidad-600x600.webp",600,600,true],"cvmm-large":["https:\/\/laredlarioja.com.ar\/sitio\/wp-content\/uploads\/2026\/02\/baja-la-edad-imputabilidad-1024x675.webp",1024,675,true],"cvmm-small":["https:\/\/laredlarioja.com.ar\/sitio\/wp-content\/uploads\/2026\/02\/baja-la-edad-imputabilidad-130x95.webp",130,95,true],"full":["https:\/\/laredlarioja.com.ar\/sitio\/wp-content\/uploads\/2026\/02\/baja-la-edad-imputabilidad.webp",1200,675,false]},"_links":{"self":[{"href":"https:\/\/laredlarioja.com.ar\/sitio\/wp-json\/wp\/v2\/posts\/73804","targetHints":{"allow":["GET"]}}],"collection":[{"href":"https:\/\/laredlarioja.com.ar\/sitio\/wp-json\/wp\/v2\/posts"}],"about":[{"href":"https:\/\/laredlarioja.com.ar\/sitio\/wp-json\/wp\/v2\/types\/post"}],"author":[{"embeddable":true,"href":"https:\/\/laredlarioja.com.ar\/sitio\/wp-json\/wp\/v2\/users\/13"}],"replies":[{"embeddable":true,"href":"https:\/\/laredlarioja.com.ar\/sitio\/wp-json\/wp\/v2\/comments?post=73804"}],"version-history":[{"count":2,"href":"https:\/\/laredlarioja.com.ar\/sitio\/wp-json\/wp\/v2\/posts\/73804\/revisions"}],"predecessor-version":[{"id":73808,"href":"https:\/\/laredlarioja.com.ar\/sitio\/wp-json\/wp\/v2\/posts\/73804\/revisions\/73808"}],"wp:featuredmedia":[{"embeddable":true,"href":"https:\/\/laredlarioja.com.ar\/sitio\/wp-json\/wp\/v2\/media\/73806"}],"wp:attachment":[{"href":"https:\/\/laredlarioja.com.ar\/sitio\/wp-json\/wp\/v2\/media?parent=73804"}],"wp:term":[{"taxonomy":"category","embeddable":true,"href":"https:\/\/laredlarioja.com.ar\/sitio\/wp-json\/wp\/v2\/categories?post=73804"},{"taxonomy":"post_tag","embeddable":true,"href":"https:\/\/laredlarioja.com.ar\/sitio\/wp-json\/wp\/v2\/tags?post=73804"}],"curies":[{"name":"wp","href":"https:\/\/api.w.org\/{rel}","templated":true}]}}