{"id":73875,"date":"2026-02-11T12:42:19","date_gmt":"2026-02-11T12:42:19","guid":{"rendered":"https:\/\/laredlarioja.com.ar\/sitio\/?p=73875"},"modified":"2026-02-11T12:42:19","modified_gmt":"2026-02-11T12:42:19","slug":"asciende-a-52-el-numero-de-muertos-por-el-hundimiento-de-ferry-en-sur-de-filipinas","status":"publish","type":"post","link":"https:\/\/laredlarioja.com.ar\/sitio\/asciende-a-52-el-numero-de-muertos-por-el-hundimiento-de-ferry-en-sur-de-filipinas\/","title":{"rendered":"Asciende a 52 el n\u00famero de muertos por el hundimiento de ferry en sur de Filipinas"},"content":{"rendered":"<p><strong>El n\u00famero de fallecidos por el hundimiento de un ferry frente a las costas de la provincia de Basil\u00e1n, en el sur de Filipinas<\/strong>, ocurrido el pasado 26 de enero,\u00a0<strong>ascendi\u00f3 a 52<\/strong>, mientras que 27 personas contin\u00faan desaparecidas, inform\u00f3 este mi\u00e9rcoles la Guardia Costera de Filipinas (PCG, por sus siglas en ingl\u00e9s).<\/p>\n<p title=\"__IP__\" data-ipspy=\"__IP__\">Tras una verificaci\u00f3n con distintas partes involucradas,\u00a0<strong>la PCG indic\u00f3 que el n\u00famero total de personas a bordo del MV Trisha Kerstin 3 fue conciliado en 372<\/strong>, y divulg\u00f3 las cifras actualizadas luego de una investigaci\u00f3n de dos semanas sobre el incidente, seg\u00fan un informe de Xinhua.<\/p>\n<p><strong>La cifra de sobrevivientes confirmados es de 293<\/strong>, tras un exhaustivo proceso de verificaci\u00f3n de identidad que incluy\u00f3 tanto a los pasajeros registrados en la lista oficial como a miembros de la tripulaci\u00f3n no declarados, se\u00f1al\u00f3 la entidad.<\/p>\n","protected":false},"excerpt":{"rendered":"<p>El n\u00famero de fallecidos por el hundimiento de un ferry frente a las costas de la provincia de<\/p>\n","protected":false},"author":10,"featured_media":73876,"comment_status":"closed","ping_status":"open","sticky":false,"template":"","format":"standard","meta":{"footnotes":""},"categories":[93],"tags":[],"class_list":["post-73875","post","type-post","status-publish","format-standard","has-post-thumbnail","hentry","category-internacionales"],"yoast_head":"<!-- This site is optimized with the Yoast SEO plugin v27.4 - https:\/\/yoast.com\/product\/yoast-seo-wordpress\/ -->\n<title>Asciende a 52 el n\u00famero de muertos por el hundimiento de ferry en sur de Filipinas - LA RED 88.3 LA RIOJA<\/title>\n<meta name=\"robots\" content=\"index, follow, max-snippet:-1, max-image-preview:large, max-video-preview:-1\" \/>\n<link rel=\"canonical\" href=\"https:\/\/laredlarioja.com.ar\/sitio\/asciende-a-52-el-numero-de-muertos-por-el-hundimiento-de-ferry-en-sur-de-filipinas\/\" \/>\n<meta property=\"og:locale\" content=\"es_ES\" \/>\n<meta property=\"og:type\" content=\"article\" \/>\n<meta property=\"og:title\" content=\"Asciende a 52 el n\u00famero de muertos por el hundimiento de ferry en sur de Filipinas - LA RED 88.3 LA RIOJA\" \/>\n<meta property=\"og:description\" content=\"El n\u00famero de fallecidos por el hundimiento de un ferry frente a las costas de la provincia de\" \/>\n<meta property=\"og:url\" content=\"https:\/\/laredlarioja.com.ar\/sitio\/asciende-a-52-el-numero-de-muertos-por-el-hundimiento-de-ferry-en-sur-de-filipinas\/\" \/>\n<meta property=\"og:site_name\" content=\"LA RED 88.3 LA RIOJA\" \/>\n<meta property=\"article:publisher\" content=\"https:\/\/www.facebook.com\/lared.larioja\" \/>\n<meta property=\"article:published_time\" content=\"2026-02-11T12:42:19+00:00\" \/>\n<meta property=\"og:image\" content=\"https:\/\/laredlarioja.com.ar\/sitio\/wp-content\/uploads\/2026\/02\/Filipinas.webp\" \/>\n\t<meta property=\"og:image:width\" content=\"960\" \/>\n\t<meta property=\"og:image:height\" content=\"720\" \/>\n\t<meta property=\"og:image:type\" content=\"image\/webp\" \/>\n<meta name=\"author\" content=\"La Red\" \/>\n<meta name=\"twitter:card\" content=\"summary_large_image\" \/>\n<meta name=\"twitter:creator\" content=\"@laredlarioja1\" \/>\n<meta name=\"twitter:site\" content=\"@laredlarioja1\" \/>\n<meta name=\"twitter:label1\" content=\"Escrito por\" \/>\n\t<meta name=\"twitter:data1\" content=\"La Red\" \/>\n\t<meta name=\"twitter:label2\" content=\"Tiempo de lectura\" \/>\n\t<meta name=\"twitter:data2\" content=\"1 minuto\" \/>\n<script type=\"application\/ld+json\" class=\"yoast-schema-graph\">{\"@context\":\"https:\\\/\\\/schema.org\",\"@graph\":[{\"@type\":\"Article\",\"@id\":\"https:\\\/\\\/laredlarioja.com.ar\\\/sitio\\\/asciende-a-52-el-numero-de-muertos-por-el-hundimiento-de-ferry-en-sur-de-filipinas\\\/#article\",\"isPartOf\":{\"@id\":\"https:\\\/\\\/laredlarioja.com.ar\\\/sitio\\\/asciende-a-52-el-numero-de-muertos-por-el-hundimiento-de-ferry-en-sur-de-filipinas\\\/\"},\"author\":{\"name\":\"La Red\",\"@id\":\"https:\\\/\\\/laredlarioja.com.ar\\\/sitio\\\/#\\\/schema\\\/person\\\/f1e213867beccedaaa4fb548d9259d9a\"},\"headline\":\"Asciende a 52 el n\u00famero de muertos por el hundimiento de ferry en sur de Filipinas\",\"datePublished\":\"2026-02-11T12:42:19+00:00\",\"mainEntityOfPage\":{\"@id\":\"https:\\\/\\\/laredlarioja.com.ar\\\/sitio\\\/asciende-a-52-el-numero-de-muertos-por-el-hundimiento-de-ferry-en-sur-de-filipinas\\\/\"},\"wordCount\":160,\"publisher\":{\"@id\":\"https:\\\/\\\/laredlarioja.com.ar\\\/sitio\\\/#organization\"},\"image\":{\"@id\":\"https:\\\/\\\/laredlarioja.com.ar\\\/sitio\\\/asciende-a-52-el-numero-de-muertos-por-el-hundimiento-de-ferry-en-sur-de-filipinas\\\/#primaryimage\"},\"thumbnailUrl\":\"https:\\\/\\\/laredlarioja.com.ar\\\/sitio\\\/wp-content\\\/uploads\\\/2026\\\/02\\\/Filipinas.webp\",\"articleSection\":[\"Internacionales\"],\"inLanguage\":\"es\"},{\"@type\":\"WebPage\",\"@id\":\"https:\\\/\\\/laredlarioja.com.ar\\\/sitio\\\/asciende-a-52-el-numero-de-muertos-por-el-hundimiento-de-ferry-en-sur-de-filipinas\\\/\",\"url\":\"https:\\\/\\\/laredlarioja.com.ar\\\/sitio\\\/asciende-a-52-el-numero-de-muertos-por-el-hundimiento-de-ferry-en-sur-de-filipinas\\\/\",\"name\":\"Asciende a 52 el n\u00famero de muertos por el hundimiento de ferry en sur de Filipinas - LA RED 88.3 LA RIOJA\",\"isPartOf\":{\"@id\":\"https:\\\/\\\/laredlarioja.com.ar\\\/sitio\\\/#website\"},\"primaryImageOfPage\":{\"@id\":\"https:\\\/\\\/laredlarioja.com.ar\\\/sitio\\\/asciende-a-52-el-numero-de-muertos-por-el-hundimiento-de-ferry-en-sur-de-filipinas\\\/#primaryimage\"},\"image\":{\"@id\":\"https:\\\/\\\/laredlarioja.com.ar\\\/sitio\\\/asciende-a-52-el-numero-de-muertos-por-el-hundimiento-de-ferry-en-sur-de-filipinas\\\/#primaryimage\"},\"thumbnailUrl\":\"https:\\\/\\\/laredlarioja.com.ar\\\/sitio\\\/wp-content\\\/uploads\\\/2026\\\/02\\\/Filipinas.webp\",\"datePublished\":\"2026-02-11T12:42:19+00:00\",\"breadcrumb\":{\"@id\":\"https:\\\/\\\/laredlarioja.com.ar\\\/sitio\\\/asciende-a-52-el-numero-de-muertos-por-el-hundimiento-de-ferry-en-sur-de-filipinas\\\/#breadcrumb\"},\"inLanguage\":\"es\",\"potentialAction\":[{\"@type\":\"ReadAction\",\"target\":[\"https:\\\/\\\/laredlarioja.com.ar\\\/sitio\\\/asciende-a-52-el-numero-de-muertos-por-el-hundimiento-de-ferry-en-sur-de-filipinas\\\/\"]}]},{\"@type\":\"ImageObject\",\"inLanguage\":\"es\",\"@id\":\"https:\\\/\\\/laredlarioja.com.ar\\\/sitio\\\/asciende-a-52-el-numero-de-muertos-por-el-hundimiento-de-ferry-en-sur-de-filipinas\\\/#primaryimage\",\"url\":\"https:\\\/\\\/laredlarioja.com.ar\\\/sitio\\\/wp-content\\\/uploads\\\/2026\\\/02\\\/Filipinas.webp\",\"contentUrl\":\"https:\\\/\\\/laredlarioja.com.ar\\\/sitio\\\/wp-content\\\/uploads\\\/2026\\\/02\\\/Filipinas.webp\",\"width\":960,\"height\":720},{\"@type\":\"BreadcrumbList\",\"@id\":\"https:\\\/\\\/laredlarioja.com.ar\\\/sitio\\\/asciende-a-52-el-numero-de-muertos-por-el-hundimiento-de-ferry-en-sur-de-filipinas\\\/#breadcrumb\",\"itemListElement\":[{\"@type\":\"ListItem\",\"position\":1,\"name\":\"Portada\",\"item\":\"https:\\\/\\\/laredlarioja.com.ar\\\/sitio\\\/\"},{\"@type\":\"ListItem\",\"position\":2,\"name\":\"Asciende a 52 el n\u00famero de muertos por el hundimiento de ferry en sur de Filipinas\"}]},{\"@type\":\"WebSite\",\"@id\":\"https:\\\/\\\/laredlarioja.com.ar\\\/sitio\\\/#website\",\"url\":\"https:\\\/\\\/laredlarioja.com.ar\\\/sitio\\\/\",\"name\":\"LA RED 88.3 LA RIOJA\",\"description\":\"Sitio de Noticias\",\"publisher\":{\"@id\":\"https:\\\/\\\/laredlarioja.com.ar\\\/sitio\\\/#organization\"},\"potentialAction\":[{\"@type\":\"SearchAction\",\"target\":{\"@type\":\"EntryPoint\",\"urlTemplate\":\"https:\\\/\\\/laredlarioja.com.ar\\\/sitio\\\/?s={search_term_string}\"},\"query-input\":{\"@type\":\"PropertyValueSpecification\",\"valueRequired\":true,\"valueName\":\"search_term_string\"}}],\"inLanguage\":\"es\"},{\"@type\":\"Organization\",\"@id\":\"https:\\\/\\\/laredlarioja.com.ar\\\/sitio\\\/#organization\",\"name\":\"LA RED 88.3 LA RIOJA\",\"url\":\"https:\\\/\\\/laredlarioja.com.ar\\\/sitio\\\/\",\"logo\":{\"@type\":\"ImageObject\",\"inLanguage\":\"es\",\"@id\":\"https:\\\/\\\/laredlarioja.com.ar\\\/sitio\\\/#\\\/schema\\\/logo\\\/image\\\/\",\"url\":\"https:\\\/\\\/laredlarioja.com.ar\\\/sitio\\\/wp-content\\\/uploads\\\/2025\\\/05\\\/LOGO-LA-RED.png\",\"contentUrl\":\"https:\\\/\\\/laredlarioja.com.ar\\\/sitio\\\/wp-content\\\/uploads\\\/2025\\\/05\\\/LOGO-LA-RED.png\",\"width\":193,\"height\":340,\"caption\":\"LA RED 88.3 LA RIOJA\"},\"image\":{\"@id\":\"https:\\\/\\\/laredlarioja.com.ar\\\/sitio\\\/#\\\/schema\\\/logo\\\/image\\\/\"},\"sameAs\":[\"https:\\\/\\\/www.facebook.com\\\/lared.larioja\",\"https:\\\/\\\/x.com\\\/laredlarioja1\",\"https:\\\/\\\/www.instagram.com\\\/lared_larioja\\\/\"]},{\"@type\":\"Person\",\"@id\":\"https:\\\/\\\/laredlarioja.com.ar\\\/sitio\\\/#\\\/schema\\\/person\\\/f1e213867beccedaaa4fb548d9259d9a\",\"name\":\"La Red\",\"url\":\"https:\\\/\\\/laredlarioja.com.ar\\\/sitio\\\/author\\\/lared\\\/\"}]}<\/script>\n<!-- \/ Yoast SEO plugin. -->","yoast_head_json":{"title":"Asciende a 52 el n\u00famero de muertos por el hundimiento de ferry en sur de Filipinas - LA RED 88.3 LA RIOJA","robots":{"index":"index","follow":"follow","max-snippet":"max-snippet:-1","max-image-preview":"max-image-preview:large","max-video-preview":"max-video-preview:-1"},"canonical":"https:\/\/laredlarioja.com.ar\/sitio\/asciende-a-52-el-numero-de-muertos-por-el-hundimiento-de-ferry-en-sur-de-filipinas\/","og_locale":"es_ES","og_type":"article","og_title":"Asciende a 52 el n\u00famero de muertos por el hundimiento de ferry en sur de Filipinas - LA RED 88.3 LA RIOJA","og_description":"El n\u00famero de fallecidos por el hundimiento de un ferry frente a las costas de la provincia de","og_url":"https:\/\/laredlarioja.com.ar\/sitio\/asciende-a-52-el-numero-de-muertos-por-el-hundimiento-de-ferry-en-sur-de-filipinas\/","og_site_name":"LA RED 88.3 LA RIOJA","article_publisher":"https:\/\/www.facebook.com\/lared.larioja","article_published_time":"2026-02-11T12:42:19+00:00","og_image":[{"width":960,"height":720,"url":"https:\/\/laredlarioja.com.ar\/sitio\/wp-content\/uploads\/2026\/02\/Filipinas.webp","type":"image\/webp"}],"author":"La Red","twitter_card":"summary_large_image","twitter_creator":"@laredlarioja1","twitter_site":"@laredlarioja1","twitter_misc":{"Escrito por":"La Red","Tiempo de lectura":"1 minuto"},"schema":{"@context":"https:\/\/schema.org","@graph":[{"@type":"Article","@id":"https:\/\/laredlarioja.com.ar\/sitio\/asciende-a-52-el-numero-de-muertos-por-el-hundimiento-de-ferry-en-sur-de-filipinas\/#article","isPartOf":{"@id":"https:\/\/laredlarioja.com.ar\/sitio\/asciende-a-52-el-numero-de-muertos-por-el-hundimiento-de-ferry-en-sur-de-filipinas\/"},"author":{"name":"La Red","@id":"https:\/\/laredlarioja.com.ar\/sitio\/#\/schema\/person\/f1e213867beccedaaa4fb548d9259d9a"},"headline":"Asciende a 52 el n\u00famero de muertos por el hundimiento de ferry en sur de Filipinas","datePublished":"2026-02-11T12:42:19+00:00","mainEntityOfPage":{"@id":"https:\/\/laredlarioja.com.ar\/sitio\/asciende-a-52-el-numero-de-muertos-por-el-hundimiento-de-ferry-en-sur-de-filipinas\/"},"wordCount":160,"publisher":{"@id":"https:\/\/laredlarioja.com.ar\/sitio\/#organization"},"image":{"@id":"https:\/\/laredlarioja.com.ar\/sitio\/asciende-a-52-el-numero-de-muertos-por-el-hundimiento-de-ferry-en-sur-de-filipinas\/#primaryimage"},"thumbnailUrl":"https:\/\/laredlarioja.com.ar\/sitio\/wp-content\/uploads\/2026\/02\/Filipinas.webp","articleSection":["Internacionales"],"inLanguage":"es"},{"@type":"WebPage","@id":"https:\/\/laredlarioja.com.ar\/sitio\/asciende-a-52-el-numero-de-muertos-por-el-hundimiento-de-ferry-en-sur-de-filipinas\/","url":"https:\/\/laredlarioja.com.ar\/sitio\/asciende-a-52-el-numero-de-muertos-por-el-hundimiento-de-ferry-en-sur-de-filipinas\/","name":"Asciende a 52 el n\u00famero de muertos por el hundimiento de ferry en sur de Filipinas - LA RED 88.3 LA RIOJA","isPartOf":{"@id":"https:\/\/laredlarioja.com.ar\/sitio\/#website"},"primaryImageOfPage":{"@id":"https:\/\/laredlarioja.com.ar\/sitio\/asciende-a-52-el-numero-de-muertos-por-el-hundimiento-de-ferry-en-sur-de-filipinas\/#primaryimage"},"image":{"@id":"https:\/\/laredlarioja.com.ar\/sitio\/asciende-a-52-el-numero-de-muertos-por-el-hundimiento-de-ferry-en-sur-de-filipinas\/#primaryimage"},"thumbnailUrl":"https:\/\/laredlarioja.com.ar\/sitio\/wp-content\/uploads\/2026\/02\/Filipinas.webp","datePublished":"2026-02-11T12:42:19+00:00","breadcrumb":{"@id":"https:\/\/laredlarioja.com.ar\/sitio\/asciende-a-52-el-numero-de-muertos-por-el-hundimiento-de-ferry-en-sur-de-filipinas\/#breadcrumb"},"inLanguage":"es","potentialAction":[{"@type":"ReadAction","target":["https:\/\/laredlarioja.com.ar\/sitio\/asciende-a-52-el-numero-de-muertos-por-el-hundimiento-de-ferry-en-sur-de-filipinas\/"]}]},{"@type":"ImageObject","inLanguage":"es","@id":"https:\/\/laredlarioja.com.ar\/sitio\/asciende-a-52-el-numero-de-muertos-por-el-hundimiento-de-ferry-en-sur-de-filipinas\/#primaryimage","url":"https:\/\/laredlarioja.com.ar\/sitio\/wp-content\/uploads\/2026\/02\/Filipinas.webp","contentUrl":"https:\/\/laredlarioja.com.ar\/sitio\/wp-content\/uploads\/2026\/02\/Filipinas.webp","width":960,"height":720},{"@type":"BreadcrumbList","@id":"https:\/\/laredlarioja.com.ar\/sitio\/asciende-a-52-el-numero-de-muertos-por-el-hundimiento-de-ferry-en-sur-de-filipinas\/#breadcrumb","itemListElement":[{"@type":"ListItem","position":1,"name":"Portada","item":"https:\/\/laredlarioja.com.ar\/sitio\/"},{"@type":"ListItem","position":2,"name":"Asciende a 52 el n\u00famero de muertos por el hundimiento de ferry en sur de Filipinas"}]},{"@type":"WebSite","@id":"https:\/\/laredlarioja.com.ar\/sitio\/#website","url":"https:\/\/laredlarioja.com.ar\/sitio\/","name":"LA RED 88.3 LA RIOJA","description":"Sitio de Noticias","publisher":{"@id":"https:\/\/laredlarioja.com.ar\/sitio\/#organization"},"potentialAction":[{"@type":"SearchAction","target":{"@type":"EntryPoint","urlTemplate":"https:\/\/laredlarioja.com.ar\/sitio\/?s={search_term_string}"},"query-input":{"@type":"PropertyValueSpecification","valueRequired":true,"valueName":"search_term_string"}}],"inLanguage":"es"},{"@type":"Organization","@id":"https:\/\/laredlarioja.com.ar\/sitio\/#organization","name":"LA RED 88.3 LA RIOJA","url":"https:\/\/laredlarioja.com.ar\/sitio\/","logo":{"@type":"ImageObject","inLanguage":"es","@id":"https:\/\/laredlarioja.com.ar\/sitio\/#\/schema\/logo\/image\/","url":"https:\/\/laredlarioja.com.ar\/sitio\/wp-content\/uploads\/2025\/05\/LOGO-LA-RED.png","contentUrl":"https:\/\/laredlarioja.com.ar\/sitio\/wp-content\/uploads\/2025\/05\/LOGO-LA-RED.png","width":193,"height":340,"caption":"LA RED 88.3 LA RIOJA"},"image":{"@id":"https:\/\/laredlarioja.com.ar\/sitio\/#\/schema\/logo\/image\/"},"sameAs":["https:\/\/www.facebook.com\/lared.larioja","https:\/\/x.com\/laredlarioja1","https:\/\/www.instagram.com\/lared_larioja\/"]},{"@type":"Person","@id":"https:\/\/laredlarioja.com.ar\/sitio\/#\/schema\/person\/f1e213867beccedaaa4fb548d9259d9a","name":"La Red","url":"https:\/\/laredlarioja.com.ar\/sitio\/author\/lared\/"}]}},"featured_image_urls":{"full":["https:\/\/laredlarioja.com.ar\/sitio\/wp-content\/uploads\/2026\/02\/Filipinas.webp",960,720,false],"thumbnail":["https:\/\/laredlarioja.com.ar\/sitio\/wp-content\/uploads\/2026\/02\/Filipinas-150x150.webp",150,150,true],"medium":["https:\/\/laredlarioja.com.ar\/sitio\/wp-content\/uploads\/2026\/02\/Filipinas-300x225.webp",300,225,true],"medium_large":["https:\/\/laredlarioja.com.ar\/sitio\/wp-content\/uploads\/2026\/02\/Filipinas-768x576.webp",640,480,true],"large":["https:\/\/laredlarioja.com.ar\/sitio\/wp-content\/uploads\/2026\/02\/Filipinas.webp",640,480,false],"1536x1536":["https:\/\/laredlarioja.com.ar\/sitio\/wp-content\/uploads\/2026\/02\/Filipinas.webp",960,720,false],"2048x2048":["https:\/\/laredlarioja.com.ar\/sitio\/wp-content\/uploads\/2026\/02\/Filipinas.webp",960,720,false],"cvmm-medium":["https:\/\/laredlarioja.com.ar\/sitio\/wp-content\/uploads\/2026\/02\/Filipinas-300x300.webp",300,300,true],"cvmm-medium-plus":["https:\/\/laredlarioja.com.ar\/sitio\/wp-content\/uploads\/2026\/02\/Filipinas-305x207.webp",305,207,true],"cvmm-portrait":["https:\/\/laredlarioja.com.ar\/sitio\/wp-content\/uploads\/2026\/02\/Filipinas-400x600.webp",400,600,true],"cvmm-medium-square":["https:\/\/laredlarioja.com.ar\/sitio\/wp-content\/uploads\/2026\/02\/Filipinas-600x600.webp",600,600,true],"cvmm-large":["https:\/\/laredlarioja.com.ar\/sitio\/wp-content\/uploads\/2026\/02\/Filipinas.webp",960,720,false],"cvmm-small":["https:\/\/laredlarioja.com.ar\/sitio\/wp-content\/uploads\/2026\/02\/Filipinas-130x95.webp",130,95,true],"morenews-large":["https:\/\/laredlarioja.com.ar\/sitio\/wp-content\/uploads\/2026\/02\/Filipinas-825x575.webp",825,575,true],"morenews-medium":["https:\/\/laredlarioja.com.ar\/sitio\/wp-content\/uploads\/2026\/02\/Filipinas-590x410.webp",590,410,true]},"author_info":{"display_name":"La Red","author_link":"https:\/\/laredlarioja.com.ar\/sitio\/author\/lared\/"},"category_info":"<a href=\"https:\/\/laredlarioja.com.ar\/sitio\/categorias\/internacionales\/\" rel=\"category tag\">Internacionales<\/a>","tag_info":"Internacionales","comment_count":"0","blog_post_layout_featured_media_urls":{"thumbnail":["https:\/\/laredlarioja.com.ar\/sitio\/wp-content\/uploads\/2026\/02\/Filipinas-150x150.webp",150,150,true],"full":["https:\/\/laredlarioja.com.ar\/sitio\/wp-content\/uploads\/2026\/02\/Filipinas.webp",960,720,false]},"categories_names":{"93":{"name":"Internacionales","link":"https:\/\/laredlarioja.com.ar\/sitio\/categorias\/internacionales\/"}},"tags_names":[],"comments_number":"0","wpmagazine_modules_lite_featured_media_urls":{"thumbnail":["https:\/\/laredlarioja.com.ar\/sitio\/wp-content\/uploads\/2026\/02\/Filipinas-150x150.webp",150,150,true],"cvmm-medium":["https:\/\/laredlarioja.com.ar\/sitio\/wp-content\/uploads\/2026\/02\/Filipinas-300x300.webp",300,300,true],"cvmm-medium-plus":["https:\/\/laredlarioja.com.ar\/sitio\/wp-content\/uploads\/2026\/02\/Filipinas-305x207.webp",305,207,true],"cvmm-portrait":["https:\/\/laredlarioja.com.ar\/sitio\/wp-content\/uploads\/2026\/02\/Filipinas-400x600.webp",400,600,true],"cvmm-medium-square":["https:\/\/laredlarioja.com.ar\/sitio\/wp-content\/uploads\/2026\/02\/Filipinas-600x600.webp",600,600,true],"cvmm-large":["https:\/\/laredlarioja.com.ar\/sitio\/wp-content\/uploads\/2026\/02\/Filipinas.webp",960,720,false],"cvmm-small":["https:\/\/laredlarioja.com.ar\/sitio\/wp-content\/uploads\/2026\/02\/Filipinas-130x95.webp",130,95,true],"full":["https:\/\/laredlarioja.com.ar\/sitio\/wp-content\/uploads\/2026\/02\/Filipinas.webp",960,720,false]},"_links":{"self":[{"href":"https:\/\/laredlarioja.com.ar\/sitio\/wp-json\/wp\/v2\/posts\/73875","targetHints":{"allow":["GET"]}}],"collection":[{"href":"https:\/\/laredlarioja.com.ar\/sitio\/wp-json\/wp\/v2\/posts"}],"about":[{"href":"https:\/\/laredlarioja.com.ar\/sitio\/wp-json\/wp\/v2\/types\/post"}],"author":[{"embeddable":true,"href":"https:\/\/laredlarioja.com.ar\/sitio\/wp-json\/wp\/v2\/users\/10"}],"replies":[{"embeddable":true,"href":"https:\/\/laredlarioja.com.ar\/sitio\/wp-json\/wp\/v2\/comments?post=73875"}],"version-history":[{"count":1,"href":"https:\/\/laredlarioja.com.ar\/sitio\/wp-json\/wp\/v2\/posts\/73875\/revisions"}],"predecessor-version":[{"id":73877,"href":"https:\/\/laredlarioja.com.ar\/sitio\/wp-json\/wp\/v2\/posts\/73875\/revisions\/73877"}],"wp:featuredmedia":[{"embeddable":true,"href":"https:\/\/laredlarioja.com.ar\/sitio\/wp-json\/wp\/v2\/media\/73876"}],"wp:attachment":[{"href":"https:\/\/laredlarioja.com.ar\/sitio\/wp-json\/wp\/v2\/media?parent=73875"}],"wp:term":[{"taxonomy":"category","embeddable":true,"href":"https:\/\/laredlarioja.com.ar\/sitio\/wp-json\/wp\/v2\/categories?post=73875"},{"taxonomy":"post_tag","embeddable":true,"href":"https:\/\/laredlarioja.com.ar\/sitio\/wp-json\/wp\/v2\/tags?post=73875"}],"curies":[{"name":"wp","href":"https:\/\/api.w.org\/{rel}","templated":true}]}}