{"id":75325,"date":"2026-03-11T14:38:55","date_gmt":"2026-03-11T14:38:55","guid":{"rendered":"https:\/\/laredlarioja.com.ar\/sitio\/?p=75325"},"modified":"2026-03-11T14:38:55","modified_gmt":"2026-03-11T14:38:55","slug":"iran-ataco-buques-comerciales-en-el-estrecho-de-ormuz-y-apunto-al-aeropuerto-de-dubai","status":"publish","type":"post","link":"https:\/\/laredlarioja.com.ar\/sitio\/iran-ataco-buques-comerciales-en-el-estrecho-de-ormuz-y-apunto-al-aeropuerto-de-dubai\/","title":{"rendered":"Ir\u00e1n atac\u00f3 buques comerciales en el Estrecho de Ormuz y apunt\u00f3 al Aeropuerto de Dubai"},"content":{"rendered":"<p><strong>Ir\u00e1n<\/strong>\u00a0atac\u00f3 por lo menos a\u00a0<strong>tres barcos comerciales<\/strong>\u00a0hoy en el Estrecho de Ormuz y apunt\u00f3 contra el Aeropuerto Internacional de Dubai, informaron medios internacionales.<\/p>\n<p>Dos\u00a0<strong>drones<\/strong>\u00a0iran\u00edes\u00a0impactaron cerca del Aeropuerto Internacional de Dubai, sede de la aerol\u00ednea de larga distancia Emirates y el m\u00e1s concurrido del mundo para viajes internacionales.<\/p>\n<p><strong>Cuatro personas resultaron heridas,<\/strong>\u00a0pero los vuelos continuaron, seg\u00fan comunic\u00f3 la\u00a0<i>Oficina de Medios de Dubai<\/i>.<\/p>\n<h3>Misiles interceptados<\/h3>\n<p title=\"__IP__\" data-ipspy=\"__IP__\">Tambi\u00e9n,<strong>\u00a0los sistemas de defensa antia\u00e9rea de Emiratos \u00c1rabes Unidos (EAU) respondieron a una amenaza de misiles,<\/strong> hab\u00edan anticipado anteriormente las autoridades, seg\u00fan un cable de la agencia de noticias Xinhua.<\/p>\n<p>Dentro de este contexto,\u00a0<strong>las autoridades instalaron a los residentes a permanecer en lugares seguros y a seguir los canales oficiales para recibir advertencias y actualizaciones<\/strong>.<\/p>\n<p><strong>Ir\u00e1n<\/strong>\u00a0cumpl\u00eda as\u00ed con su amenaza de adoptar respuestas\u00a0<i>\u201cproporcionadas e inmediatas\u201d<\/i>\u00a0si Estados Unidos emprend\u00eda ataques contra su infraestructura, como lo advirtiera el presidente del Parlamento iran\u00ed, Mohammad Bagher Ghalibaf.<\/p>\n","protected":false},"excerpt":{"rendered":"<p>Ir\u00e1n\u00a0atac\u00f3 por lo menos a\u00a0tres barcos comerciales\u00a0hoy en el Estrecho de Ormuz y apunt\u00f3 contra el Aeropuerto Internacional<\/p>\n","protected":false},"author":10,"featured_media":75326,"comment_status":"closed","ping_status":"open","sticky":false,"template":"","format":"standard","meta":{"footnotes":""},"categories":[93],"tags":[],"class_list":["post-75325","post","type-post","status-publish","format-standard","has-post-thumbnail","hentry","category-internacionales"],"yoast_head":"<!-- This site is optimized with the Yoast SEO plugin v27.4 - https:\/\/yoast.com\/product\/yoast-seo-wordpress\/ -->\n<title>Ir\u00e1n atac\u00f3 buques comerciales en el Estrecho de Ormuz y apunt\u00f3 al Aeropuerto de Dubai - LA RED 88.3 LA RIOJA<\/title>\n<meta name=\"robots\" content=\"index, follow, max-snippet:-1, max-image-preview:large, max-video-preview:-1\" \/>\n<link rel=\"canonical\" href=\"https:\/\/laredlarioja.com.ar\/sitio\/iran-ataco-buques-comerciales-en-el-estrecho-de-ormuz-y-apunto-al-aeropuerto-de-dubai\/\" \/>\n<meta property=\"og:locale\" content=\"es_ES\" \/>\n<meta property=\"og:type\" content=\"article\" \/>\n<meta property=\"og:title\" content=\"Ir\u00e1n atac\u00f3 buques comerciales en el Estrecho de Ormuz y apunt\u00f3 al Aeropuerto de Dubai - LA RED 88.3 LA RIOJA\" \/>\n<meta property=\"og:description\" content=\"Ir\u00e1n\u00a0atac\u00f3 por lo menos a\u00a0tres barcos comerciales\u00a0hoy en el Estrecho de Ormuz y apunt\u00f3 contra el Aeropuerto Internacional\" \/>\n<meta property=\"og:url\" content=\"https:\/\/laredlarioja.com.ar\/sitio\/iran-ataco-buques-comerciales-en-el-estrecho-de-ormuz-y-apunto-al-aeropuerto-de-dubai\/\" \/>\n<meta property=\"og:site_name\" content=\"LA RED 88.3 LA RIOJA\" \/>\n<meta property=\"article:publisher\" content=\"https:\/\/www.facebook.com\/lared.larioja\" \/>\n<meta property=\"article:published_time\" content=\"2026-03-11T14:38:55+00:00\" \/>\n<meta property=\"og:image\" content=\"https:\/\/laredlarioja.com.ar\/sitio\/wp-content\/uploads\/2026\/03\/iran.webp\" \/>\n\t<meta property=\"og:image:width\" content=\"960\" \/>\n\t<meta property=\"og:image:height\" content=\"720\" \/>\n\t<meta property=\"og:image:type\" content=\"image\/webp\" \/>\n<meta name=\"author\" content=\"La Red\" \/>\n<meta name=\"twitter:card\" content=\"summary_large_image\" \/>\n<meta name=\"twitter:creator\" content=\"@laredlarioja1\" \/>\n<meta name=\"twitter:site\" content=\"@laredlarioja1\" \/>\n<meta name=\"twitter:label1\" content=\"Escrito por\" \/>\n\t<meta name=\"twitter:data1\" content=\"La Red\" \/>\n\t<meta name=\"twitter:label2\" content=\"Tiempo de lectura\" \/>\n\t<meta name=\"twitter:data2\" content=\"1 minuto\" \/>\n<script type=\"application\/ld+json\" class=\"yoast-schema-graph\">{\"@context\":\"https:\\\/\\\/schema.org\",\"@graph\":[{\"@type\":\"Article\",\"@id\":\"https:\\\/\\\/laredlarioja.com.ar\\\/sitio\\\/iran-ataco-buques-comerciales-en-el-estrecho-de-ormuz-y-apunto-al-aeropuerto-de-dubai\\\/#article\",\"isPartOf\":{\"@id\":\"https:\\\/\\\/laredlarioja.com.ar\\\/sitio\\\/iran-ataco-buques-comerciales-en-el-estrecho-de-ormuz-y-apunto-al-aeropuerto-de-dubai\\\/\"},\"author\":{\"name\":\"La Red\",\"@id\":\"https:\\\/\\\/laredlarioja.com.ar\\\/sitio\\\/#\\\/schema\\\/person\\\/f1e213867beccedaaa4fb548d9259d9a\"},\"headline\":\"Ir\u00e1n atac\u00f3 buques comerciales en el Estrecho de Ormuz y apunt\u00f3 al Aeropuerto de Dubai\",\"datePublished\":\"2026-03-11T14:38:55+00:00\",\"mainEntityOfPage\":{\"@id\":\"https:\\\/\\\/laredlarioja.com.ar\\\/sitio\\\/iran-ataco-buques-comerciales-en-el-estrecho-de-ormuz-y-apunto-al-aeropuerto-de-dubai\\\/\"},\"wordCount\":187,\"publisher\":{\"@id\":\"https:\\\/\\\/laredlarioja.com.ar\\\/sitio\\\/#organization\"},\"image\":{\"@id\":\"https:\\\/\\\/laredlarioja.com.ar\\\/sitio\\\/iran-ataco-buques-comerciales-en-el-estrecho-de-ormuz-y-apunto-al-aeropuerto-de-dubai\\\/#primaryimage\"},\"thumbnailUrl\":\"https:\\\/\\\/laredlarioja.com.ar\\\/sitio\\\/wp-content\\\/uploads\\\/2026\\\/03\\\/iran.webp\",\"articleSection\":[\"Internacionales\"],\"inLanguage\":\"es\"},{\"@type\":\"WebPage\",\"@id\":\"https:\\\/\\\/laredlarioja.com.ar\\\/sitio\\\/iran-ataco-buques-comerciales-en-el-estrecho-de-ormuz-y-apunto-al-aeropuerto-de-dubai\\\/\",\"url\":\"https:\\\/\\\/laredlarioja.com.ar\\\/sitio\\\/iran-ataco-buques-comerciales-en-el-estrecho-de-ormuz-y-apunto-al-aeropuerto-de-dubai\\\/\",\"name\":\"Ir\u00e1n atac\u00f3 buques comerciales en el Estrecho de Ormuz y apunt\u00f3 al Aeropuerto de Dubai - LA RED 88.3 LA RIOJA\",\"isPartOf\":{\"@id\":\"https:\\\/\\\/laredlarioja.com.ar\\\/sitio\\\/#website\"},\"primaryImageOfPage\":{\"@id\":\"https:\\\/\\\/laredlarioja.com.ar\\\/sitio\\\/iran-ataco-buques-comerciales-en-el-estrecho-de-ormuz-y-apunto-al-aeropuerto-de-dubai\\\/#primaryimage\"},\"image\":{\"@id\":\"https:\\\/\\\/laredlarioja.com.ar\\\/sitio\\\/iran-ataco-buques-comerciales-en-el-estrecho-de-ormuz-y-apunto-al-aeropuerto-de-dubai\\\/#primaryimage\"},\"thumbnailUrl\":\"https:\\\/\\\/laredlarioja.com.ar\\\/sitio\\\/wp-content\\\/uploads\\\/2026\\\/03\\\/iran.webp\",\"datePublished\":\"2026-03-11T14:38:55+00:00\",\"breadcrumb\":{\"@id\":\"https:\\\/\\\/laredlarioja.com.ar\\\/sitio\\\/iran-ataco-buques-comerciales-en-el-estrecho-de-ormuz-y-apunto-al-aeropuerto-de-dubai\\\/#breadcrumb\"},\"inLanguage\":\"es\",\"potentialAction\":[{\"@type\":\"ReadAction\",\"target\":[\"https:\\\/\\\/laredlarioja.com.ar\\\/sitio\\\/iran-ataco-buques-comerciales-en-el-estrecho-de-ormuz-y-apunto-al-aeropuerto-de-dubai\\\/\"]}]},{\"@type\":\"ImageObject\",\"inLanguage\":\"es\",\"@id\":\"https:\\\/\\\/laredlarioja.com.ar\\\/sitio\\\/iran-ataco-buques-comerciales-en-el-estrecho-de-ormuz-y-apunto-al-aeropuerto-de-dubai\\\/#primaryimage\",\"url\":\"https:\\\/\\\/laredlarioja.com.ar\\\/sitio\\\/wp-content\\\/uploads\\\/2026\\\/03\\\/iran.webp\",\"contentUrl\":\"https:\\\/\\\/laredlarioja.com.ar\\\/sitio\\\/wp-content\\\/uploads\\\/2026\\\/03\\\/iran.webp\",\"width\":960,\"height\":720},{\"@type\":\"BreadcrumbList\",\"@id\":\"https:\\\/\\\/laredlarioja.com.ar\\\/sitio\\\/iran-ataco-buques-comerciales-en-el-estrecho-de-ormuz-y-apunto-al-aeropuerto-de-dubai\\\/#breadcrumb\",\"itemListElement\":[{\"@type\":\"ListItem\",\"position\":1,\"name\":\"Portada\",\"item\":\"https:\\\/\\\/laredlarioja.com.ar\\\/sitio\\\/\"},{\"@type\":\"ListItem\",\"position\":2,\"name\":\"Ir\u00e1n atac\u00f3 buques comerciales en el Estrecho de Ormuz y apunt\u00f3 al Aeropuerto de Dubai\"}]},{\"@type\":\"WebSite\",\"@id\":\"https:\\\/\\\/laredlarioja.com.ar\\\/sitio\\\/#website\",\"url\":\"https:\\\/\\\/laredlarioja.com.ar\\\/sitio\\\/\",\"name\":\"LA RED 88.3 LA RIOJA\",\"description\":\"Sitio de Noticias\",\"publisher\":{\"@id\":\"https:\\\/\\\/laredlarioja.com.ar\\\/sitio\\\/#organization\"},\"potentialAction\":[{\"@type\":\"SearchAction\",\"target\":{\"@type\":\"EntryPoint\",\"urlTemplate\":\"https:\\\/\\\/laredlarioja.com.ar\\\/sitio\\\/?s={search_term_string}\"},\"query-input\":{\"@type\":\"PropertyValueSpecification\",\"valueRequired\":true,\"valueName\":\"search_term_string\"}}],\"inLanguage\":\"es\"},{\"@type\":\"Organization\",\"@id\":\"https:\\\/\\\/laredlarioja.com.ar\\\/sitio\\\/#organization\",\"name\":\"LA RED 88.3 LA RIOJA\",\"url\":\"https:\\\/\\\/laredlarioja.com.ar\\\/sitio\\\/\",\"logo\":{\"@type\":\"ImageObject\",\"inLanguage\":\"es\",\"@id\":\"https:\\\/\\\/laredlarioja.com.ar\\\/sitio\\\/#\\\/schema\\\/logo\\\/image\\\/\",\"url\":\"https:\\\/\\\/laredlarioja.com.ar\\\/sitio\\\/wp-content\\\/uploads\\\/2025\\\/05\\\/LOGO-LA-RED.png\",\"contentUrl\":\"https:\\\/\\\/laredlarioja.com.ar\\\/sitio\\\/wp-content\\\/uploads\\\/2025\\\/05\\\/LOGO-LA-RED.png\",\"width\":193,\"height\":340,\"caption\":\"LA RED 88.3 LA RIOJA\"},\"image\":{\"@id\":\"https:\\\/\\\/laredlarioja.com.ar\\\/sitio\\\/#\\\/schema\\\/logo\\\/image\\\/\"},\"sameAs\":[\"https:\\\/\\\/www.facebook.com\\\/lared.larioja\",\"https:\\\/\\\/x.com\\\/laredlarioja1\",\"https:\\\/\\\/www.instagram.com\\\/lared_larioja\\\/\"]},{\"@type\":\"Person\",\"@id\":\"https:\\\/\\\/laredlarioja.com.ar\\\/sitio\\\/#\\\/schema\\\/person\\\/f1e213867beccedaaa4fb548d9259d9a\",\"name\":\"La Red\",\"url\":\"https:\\\/\\\/laredlarioja.com.ar\\\/sitio\\\/author\\\/lared\\\/\"}]}<\/script>\n<!-- \/ Yoast SEO plugin. -->","yoast_head_json":{"title":"Ir\u00e1n atac\u00f3 buques comerciales en el Estrecho de Ormuz y apunt\u00f3 al Aeropuerto de Dubai - LA RED 88.3 LA RIOJA","robots":{"index":"index","follow":"follow","max-snippet":"max-snippet:-1","max-image-preview":"max-image-preview:large","max-video-preview":"max-video-preview:-1"},"canonical":"https:\/\/laredlarioja.com.ar\/sitio\/iran-ataco-buques-comerciales-en-el-estrecho-de-ormuz-y-apunto-al-aeropuerto-de-dubai\/","og_locale":"es_ES","og_type":"article","og_title":"Ir\u00e1n atac\u00f3 buques comerciales en el Estrecho de Ormuz y apunt\u00f3 al Aeropuerto de Dubai - LA RED 88.3 LA RIOJA","og_description":"Ir\u00e1n\u00a0atac\u00f3 por lo menos a\u00a0tres barcos comerciales\u00a0hoy en el Estrecho de Ormuz y apunt\u00f3 contra el Aeropuerto Internacional","og_url":"https:\/\/laredlarioja.com.ar\/sitio\/iran-ataco-buques-comerciales-en-el-estrecho-de-ormuz-y-apunto-al-aeropuerto-de-dubai\/","og_site_name":"LA RED 88.3 LA RIOJA","article_publisher":"https:\/\/www.facebook.com\/lared.larioja","article_published_time":"2026-03-11T14:38:55+00:00","og_image":[{"width":960,"height":720,"url":"https:\/\/laredlarioja.com.ar\/sitio\/wp-content\/uploads\/2026\/03\/iran.webp","type":"image\/webp"}],"author":"La Red","twitter_card":"summary_large_image","twitter_creator":"@laredlarioja1","twitter_site":"@laredlarioja1","twitter_misc":{"Escrito por":"La Red","Tiempo de lectura":"1 minuto"},"schema":{"@context":"https:\/\/schema.org","@graph":[{"@type":"Article","@id":"https:\/\/laredlarioja.com.ar\/sitio\/iran-ataco-buques-comerciales-en-el-estrecho-de-ormuz-y-apunto-al-aeropuerto-de-dubai\/#article","isPartOf":{"@id":"https:\/\/laredlarioja.com.ar\/sitio\/iran-ataco-buques-comerciales-en-el-estrecho-de-ormuz-y-apunto-al-aeropuerto-de-dubai\/"},"author":{"name":"La Red","@id":"https:\/\/laredlarioja.com.ar\/sitio\/#\/schema\/person\/f1e213867beccedaaa4fb548d9259d9a"},"headline":"Ir\u00e1n atac\u00f3 buques comerciales en el Estrecho de Ormuz y apunt\u00f3 al Aeropuerto de Dubai","datePublished":"2026-03-11T14:38:55+00:00","mainEntityOfPage":{"@id":"https:\/\/laredlarioja.com.ar\/sitio\/iran-ataco-buques-comerciales-en-el-estrecho-de-ormuz-y-apunto-al-aeropuerto-de-dubai\/"},"wordCount":187,"publisher":{"@id":"https:\/\/laredlarioja.com.ar\/sitio\/#organization"},"image":{"@id":"https:\/\/laredlarioja.com.ar\/sitio\/iran-ataco-buques-comerciales-en-el-estrecho-de-ormuz-y-apunto-al-aeropuerto-de-dubai\/#primaryimage"},"thumbnailUrl":"https:\/\/laredlarioja.com.ar\/sitio\/wp-content\/uploads\/2026\/03\/iran.webp","articleSection":["Internacionales"],"inLanguage":"es"},{"@type":"WebPage","@id":"https:\/\/laredlarioja.com.ar\/sitio\/iran-ataco-buques-comerciales-en-el-estrecho-de-ormuz-y-apunto-al-aeropuerto-de-dubai\/","url":"https:\/\/laredlarioja.com.ar\/sitio\/iran-ataco-buques-comerciales-en-el-estrecho-de-ormuz-y-apunto-al-aeropuerto-de-dubai\/","name":"Ir\u00e1n atac\u00f3 buques comerciales en el Estrecho de Ormuz y apunt\u00f3 al Aeropuerto de Dubai - LA RED 88.3 LA RIOJA","isPartOf":{"@id":"https:\/\/laredlarioja.com.ar\/sitio\/#website"},"primaryImageOfPage":{"@id":"https:\/\/laredlarioja.com.ar\/sitio\/iran-ataco-buques-comerciales-en-el-estrecho-de-ormuz-y-apunto-al-aeropuerto-de-dubai\/#primaryimage"},"image":{"@id":"https:\/\/laredlarioja.com.ar\/sitio\/iran-ataco-buques-comerciales-en-el-estrecho-de-ormuz-y-apunto-al-aeropuerto-de-dubai\/#primaryimage"},"thumbnailUrl":"https:\/\/laredlarioja.com.ar\/sitio\/wp-content\/uploads\/2026\/03\/iran.webp","datePublished":"2026-03-11T14:38:55+00:00","breadcrumb":{"@id":"https:\/\/laredlarioja.com.ar\/sitio\/iran-ataco-buques-comerciales-en-el-estrecho-de-ormuz-y-apunto-al-aeropuerto-de-dubai\/#breadcrumb"},"inLanguage":"es","potentialAction":[{"@type":"ReadAction","target":["https:\/\/laredlarioja.com.ar\/sitio\/iran-ataco-buques-comerciales-en-el-estrecho-de-ormuz-y-apunto-al-aeropuerto-de-dubai\/"]}]},{"@type":"ImageObject","inLanguage":"es","@id":"https:\/\/laredlarioja.com.ar\/sitio\/iran-ataco-buques-comerciales-en-el-estrecho-de-ormuz-y-apunto-al-aeropuerto-de-dubai\/#primaryimage","url":"https:\/\/laredlarioja.com.ar\/sitio\/wp-content\/uploads\/2026\/03\/iran.webp","contentUrl":"https:\/\/laredlarioja.com.ar\/sitio\/wp-content\/uploads\/2026\/03\/iran.webp","width":960,"height":720},{"@type":"BreadcrumbList","@id":"https:\/\/laredlarioja.com.ar\/sitio\/iran-ataco-buques-comerciales-en-el-estrecho-de-ormuz-y-apunto-al-aeropuerto-de-dubai\/#breadcrumb","itemListElement":[{"@type":"ListItem","position":1,"name":"Portada","item":"https:\/\/laredlarioja.com.ar\/sitio\/"},{"@type":"ListItem","position":2,"name":"Ir\u00e1n atac\u00f3 buques comerciales en el Estrecho de Ormuz y apunt\u00f3 al Aeropuerto de Dubai"}]},{"@type":"WebSite","@id":"https:\/\/laredlarioja.com.ar\/sitio\/#website","url":"https:\/\/laredlarioja.com.ar\/sitio\/","name":"LA RED 88.3 LA RIOJA","description":"Sitio de Noticias","publisher":{"@id":"https:\/\/laredlarioja.com.ar\/sitio\/#organization"},"potentialAction":[{"@type":"SearchAction","target":{"@type":"EntryPoint","urlTemplate":"https:\/\/laredlarioja.com.ar\/sitio\/?s={search_term_string}"},"query-input":{"@type":"PropertyValueSpecification","valueRequired":true,"valueName":"search_term_string"}}],"inLanguage":"es"},{"@type":"Organization","@id":"https:\/\/laredlarioja.com.ar\/sitio\/#organization","name":"LA RED 88.3 LA RIOJA","url":"https:\/\/laredlarioja.com.ar\/sitio\/","logo":{"@type":"ImageObject","inLanguage":"es","@id":"https:\/\/laredlarioja.com.ar\/sitio\/#\/schema\/logo\/image\/","url":"https:\/\/laredlarioja.com.ar\/sitio\/wp-content\/uploads\/2025\/05\/LOGO-LA-RED.png","contentUrl":"https:\/\/laredlarioja.com.ar\/sitio\/wp-content\/uploads\/2025\/05\/LOGO-LA-RED.png","width":193,"height":340,"caption":"LA RED 88.3 LA RIOJA"},"image":{"@id":"https:\/\/laredlarioja.com.ar\/sitio\/#\/schema\/logo\/image\/"},"sameAs":["https:\/\/www.facebook.com\/lared.larioja","https:\/\/x.com\/laredlarioja1","https:\/\/www.instagram.com\/lared_larioja\/"]},{"@type":"Person","@id":"https:\/\/laredlarioja.com.ar\/sitio\/#\/schema\/person\/f1e213867beccedaaa4fb548d9259d9a","name":"La Red","url":"https:\/\/laredlarioja.com.ar\/sitio\/author\/lared\/"}]}},"featured_image_urls":{"full":["https:\/\/laredlarioja.com.ar\/sitio\/wp-content\/uploads\/2026\/03\/iran.webp",960,720,false],"thumbnail":["https:\/\/laredlarioja.com.ar\/sitio\/wp-content\/uploads\/2026\/03\/iran-150x150.webp",150,150,true],"medium":["https:\/\/laredlarioja.com.ar\/sitio\/wp-content\/uploads\/2026\/03\/iran-300x225.webp",300,225,true],"medium_large":["https:\/\/laredlarioja.com.ar\/sitio\/wp-content\/uploads\/2026\/03\/iran-768x576.webp",640,480,true],"large":["https:\/\/laredlarioja.com.ar\/sitio\/wp-content\/uploads\/2026\/03\/iran.webp",640,480,false],"1536x1536":["https:\/\/laredlarioja.com.ar\/sitio\/wp-content\/uploads\/2026\/03\/iran.webp",960,720,false],"2048x2048":["https:\/\/laredlarioja.com.ar\/sitio\/wp-content\/uploads\/2026\/03\/iran.webp",960,720,false],"cvmm-medium":["https:\/\/laredlarioja.com.ar\/sitio\/wp-content\/uploads\/2026\/03\/iran-300x300.webp",300,300,true],"cvmm-medium-plus":["https:\/\/laredlarioja.com.ar\/sitio\/wp-content\/uploads\/2026\/03\/iran-305x207.webp",305,207,true],"cvmm-portrait":["https:\/\/laredlarioja.com.ar\/sitio\/wp-content\/uploads\/2026\/03\/iran-400x600.webp",400,600,true],"cvmm-medium-square":["https:\/\/laredlarioja.com.ar\/sitio\/wp-content\/uploads\/2026\/03\/iran-600x600.webp",600,600,true],"cvmm-large":["https:\/\/laredlarioja.com.ar\/sitio\/wp-content\/uploads\/2026\/03\/iran.webp",960,720,false],"cvmm-small":["https:\/\/laredlarioja.com.ar\/sitio\/wp-content\/uploads\/2026\/03\/iran-130x95.webp",130,95,true],"morenews-large":["https:\/\/laredlarioja.com.ar\/sitio\/wp-content\/uploads\/2026\/03\/iran-825x575.webp",825,575,true],"morenews-medium":["https:\/\/laredlarioja.com.ar\/sitio\/wp-content\/uploads\/2026\/03\/iran-590x410.webp",590,410,true]},"author_info":{"display_name":"La Red","author_link":"https:\/\/laredlarioja.com.ar\/sitio\/author\/lared\/"},"category_info":"<a href=\"https:\/\/laredlarioja.com.ar\/sitio\/categorias\/internacionales\/\" rel=\"category tag\">Internacionales<\/a>","tag_info":"Internacionales","comment_count":"0","blog_post_layout_featured_media_urls":{"thumbnail":["https:\/\/laredlarioja.com.ar\/sitio\/wp-content\/uploads\/2026\/03\/iran-150x150.webp",150,150,true],"full":["https:\/\/laredlarioja.com.ar\/sitio\/wp-content\/uploads\/2026\/03\/iran.webp",960,720,false]},"categories_names":{"93":{"name":"Internacionales","link":"https:\/\/laredlarioja.com.ar\/sitio\/categorias\/internacionales\/"}},"tags_names":[],"comments_number":"0","wpmagazine_modules_lite_featured_media_urls":{"thumbnail":["https:\/\/laredlarioja.com.ar\/sitio\/wp-content\/uploads\/2026\/03\/iran-150x150.webp",150,150,true],"cvmm-medium":["https:\/\/laredlarioja.com.ar\/sitio\/wp-content\/uploads\/2026\/03\/iran-300x300.webp",300,300,true],"cvmm-medium-plus":["https:\/\/laredlarioja.com.ar\/sitio\/wp-content\/uploads\/2026\/03\/iran-305x207.webp",305,207,true],"cvmm-portrait":["https:\/\/laredlarioja.com.ar\/sitio\/wp-content\/uploads\/2026\/03\/iran-400x600.webp",400,600,true],"cvmm-medium-square":["https:\/\/laredlarioja.com.ar\/sitio\/wp-content\/uploads\/2026\/03\/iran-600x600.webp",600,600,true],"cvmm-large":["https:\/\/laredlarioja.com.ar\/sitio\/wp-content\/uploads\/2026\/03\/iran.webp",960,720,false],"cvmm-small":["https:\/\/laredlarioja.com.ar\/sitio\/wp-content\/uploads\/2026\/03\/iran-130x95.webp",130,95,true],"full":["https:\/\/laredlarioja.com.ar\/sitio\/wp-content\/uploads\/2026\/03\/iran.webp",960,720,false]},"_links":{"self":[{"href":"https:\/\/laredlarioja.com.ar\/sitio\/wp-json\/wp\/v2\/posts\/75325","targetHints":{"allow":["GET"]}}],"collection":[{"href":"https:\/\/laredlarioja.com.ar\/sitio\/wp-json\/wp\/v2\/posts"}],"about":[{"href":"https:\/\/laredlarioja.com.ar\/sitio\/wp-json\/wp\/v2\/types\/post"}],"author":[{"embeddable":true,"href":"https:\/\/laredlarioja.com.ar\/sitio\/wp-json\/wp\/v2\/users\/10"}],"replies":[{"embeddable":true,"href":"https:\/\/laredlarioja.com.ar\/sitio\/wp-json\/wp\/v2\/comments?post=75325"}],"version-history":[{"count":1,"href":"https:\/\/laredlarioja.com.ar\/sitio\/wp-json\/wp\/v2\/posts\/75325\/revisions"}],"predecessor-version":[{"id":75327,"href":"https:\/\/laredlarioja.com.ar\/sitio\/wp-json\/wp\/v2\/posts\/75325\/revisions\/75327"}],"wp:featuredmedia":[{"embeddable":true,"href":"https:\/\/laredlarioja.com.ar\/sitio\/wp-json\/wp\/v2\/media\/75326"}],"wp:attachment":[{"href":"https:\/\/laredlarioja.com.ar\/sitio\/wp-json\/wp\/v2\/media?parent=75325"}],"wp:term":[{"taxonomy":"category","embeddable":true,"href":"https:\/\/laredlarioja.com.ar\/sitio\/wp-json\/wp\/v2\/categories?post=75325"},{"taxonomy":"post_tag","embeddable":true,"href":"https:\/\/laredlarioja.com.ar\/sitio\/wp-json\/wp\/v2\/tags?post=75325"}],"curies":[{"name":"wp","href":"https:\/\/api.w.org\/{rel}","templated":true}]}}