{"id":75328,"date":"2026-03-11T14:43:55","date_gmt":"2026-03-11T14:43:55","guid":{"rendered":"https:\/\/laredlarioja.com.ar\/sitio\/?p=75328"},"modified":"2026-03-11T14:43:55","modified_gmt":"2026-03-11T14:43:55","slug":"1-de-cada-4-trabajadores-sacrifica-cantidad-o-calidad-de-sus-comidas-por-falta-de-recursos","status":"publish","type":"post","link":"https:\/\/laredlarioja.com.ar\/sitio\/1-de-cada-4-trabajadores-sacrifica-cantidad-o-calidad-de-sus-comidas-por-falta-de-recursos\/","title":{"rendered":"1 de cada 4 trabajadores sacrifica cantidad o calidad de sus comidas por falta de recursos"},"content":{"rendered":"<p><strong>La alimentaci\u00f3n durante la jornada laboral<\/strong>\u00a0se convirti\u00f3 en un reflejo de las desigualdades estructurales y la p\u00e9rdida de poder adquisitivo en la Argentina, a la vez que qued\u00f3 lejos de ser una pr\u00e1ctica universal y garantizada.<\/p>\n<p>As\u00ed lo revel\u00f3 el informe \u00abLa alimentaci\u00f3n y comensalidad en poblaci\u00f3n asalariada de la Argentina\u00bbestudio que estuvo basado en una encuesta nacional a 1.171 trabajadores asalariados formales y que expone un panorama cr\u00edtico:<strong>\u00a0solo el 16,5% de la fuerza laboral est\u00e1 libre de privaciones alimentarias.<\/strong><\/p>\n<p>En tanto,\u00a0<strong>el 83,5% restante enfrenta alg\u00fan tipo de vulnerabilidad<\/strong>, ya sea por restringir la cantidad de comida o por resignar su calidad nutricional debido a motivos econ\u00f3micos, se\u00f1ala el informe elaborado por el Observatorio de la Deuda Social Argentina de la Universidad Cat\u00f3lica Argentina (UCA) en colaboraci\u00f3n con Edenred, empresa con m\u00e1s de 50 a\u00f1os de trayectoria en desarrollo de soluciones que promueven el acceso a la alimentaci\u00f3n durante la jornada laboral.<\/p>\n<p>El dato m\u00e1s preocupante es que\u00a0<strong>el 61,1% de los asalariados admite haber tenido que saltearse alguna comida durante su jornada por falta de recursos\u00a0<\/strong>(un 46,7% de forma ocasional y un 14,4% de manera regular), mientras que la situaci\u00f3n es a\u00fan m\u00e1s dram\u00e1tica entre los m\u00e1s j\u00f3venes: el 70,7% de los trabajadores de 18 a 29 a\u00f1os omite comidas, un ajuste forzado por los salarios iniciales m\u00e1s bajos.<\/p>\n<p>A esto se suma que\u00a0<strong>el 78,5% de los trabajadores tuvo que optar por alimentos menos nutritivos<\/strong>\u00a0y m\u00e1s econ\u00f3micos para poder comer. De este grupo, uno de cada cuatro (24,6%) ya lo incorpor\u00f3 como una pr\u00e1ctica habitual.<\/p>\n<p><i>\u00abEsta cifra pone de manifiesto que, para la mayor\u00eda de la fuerza laboral, los ingresos no logran cubrir los costos de alimentaci\u00f3n durante la jornada, oblig\u00e1ndolos a sacrificar su bienestar nutricional como mecanismo de ajuste frente al costo de vida actual\u00bb<\/i>, advierte Ianina Tu\u00f1\u00f3n, investigadora responsable del informe.<\/p>\n<p>En t\u00e9rminos concretos,\u00a0<strong>almorzar en el trabajo implica un fuerte desembolso<\/strong>: el 43,9% de los trabajadores gasta entre $5.001 y $10.000 diarios y un 20% supera los $10.000, lo que convierte la comida en un \u00abcosto operativo\u00bb que presiona sobre el salario real.<\/p>\n<h3>Un reclamo un\u00e1nime: el 80% quiere que su empleador contribuya<\/h3>\n<p>Ante este escenario, la demanda de un cambio es contundente y\u00a0<strong>el 80,4% de los asalariados se manifiesta a favor de recibir un aporte de su empleador para la alimentaci\u00f3n<\/strong>, con libertad de elecci\u00f3n. El apoyo es casi un\u00e1nime entre quienes m\u00e1s lo necesitan: los trabajadores de la construcci\u00f3n (90,1%), los j\u00f3venes (84,9%) y, de manera especialmente significativa, aquellos que ya sufren las dos caras de la vulnerabilidad (saltear comidas y comer mal)\u00a0<strong>reclaman este beneficio en un 91,5% de los casos.<\/strong><\/p>\n<p>Adem\u00e1s, la expectativa de mejora en la salud es alta.\u00a0<strong>Un 58,7% de los trabajadores espera mejoras significativas en su bienestar si recibiera este tipo de ayuda<\/strong>, una percepci\u00f3n que se eleva entre mujeres, j\u00f3venes y empleados del sector p\u00fablico, donde las condiciones actuales son m\u00e1s precarias.<\/p>\n<p><i>\u201cLos resultados de este estudio confirman que la alimentaci\u00f3n durante la jornada laboral es una preocupaci\u00f3n estructural para los trabajadores argentinos. Antes de pensar en soluciones, quisimos medir con rigurosidad qu\u00e9 estaba ocurriendo y escuchar la voz de quienes viven esta realidad todos los d\u00edas\u201d<\/i>, explic\u00f3 B\u00e1rbara Granatelli.<\/p>\n<p>La directora de Asuntos P\u00fablicos para Europa, Am\u00e9rica Latina y Medio Oriente de la citada empresa a\u00f1adi\u00f3:<i>\u00a0\u201cQue 8 de cada 10 asalariados manifieste querer un aporte de su empleador para la alimentaci\u00f3n, con libertad de elecci\u00f3n, no es solo un dato: es una se\u00f1al clara de que existe una demanda concreta, transversal y urgente\u201d.<\/i><\/p>\n<h3>Desigualdad: el lugar de trabajo y la geograf\u00eda del pa\u00eds<\/h3>\n<p>El informe muestra que la posibilidad de acceder a una comida digna no es homog\u00e9nea.<strong>\u00a0Casi uno de cada cuatro trabajadores (22,6%) no come nada durante su jornada laboral<\/strong>, una ausencia que se concentra en el sector p\u00fablico, las peque\u00f1as empresas y, de manera espec\u00edfica, en el Noreste argentino (NEA), donde la mitad de los trabajadores (50,1%) declara no hacerlo.<\/p>\n<p><strong>La infraestructura b\u00e1sica en el trabajo es un factor determinante<\/strong>. Entre quienes no tienen acceso a recursos como heladera o microondas, el salteo de comidas asciende al 72,0%. En cambio, recibir un aporte del empleador act\u00faa como un escudo protector, reduciendo la incidencia al 43,9%.<\/p>\n<p>Sin embargo, el acceso a estos beneficios es regresivo. Actualmente,\u00a0<strong>el 55,6% de los asalariados no recibe ning\u00fan tipo de contribuci\u00f3n de su empleador para comer.<\/strong>\u00a0El apoyo econ\u00f3mico es m\u00e1s habitual entre los salarios altos, mientras que la falta de cobertura es persistente en los de menores ingresos. Por ejemplo,<strong>\u00a0el 41,8% de los trabajadores que ganan hasta $800.000 califica su dieta como poco saludable<\/strong>, una cifra que se reduce al 23,8% entre quienes superan los $2.000.000.<\/p>\n<p title=\"__IP__\" data-ipspy=\"__IP__\">El informe concluye que la alimentaci\u00f3n laboral es un \u00abnudo cr\u00edtico\u00bb que vincula la econom\u00eda, la salud y la equidad. La comida no es un gasto, sino una inversi\u00f3n estrat\u00e9gica en capital humano y salud p\u00fablica.<\/p>\n<p><i>\u00abMejorar la alimentaci\u00f3n laboral es, en definitiva, mejorar la calidad del trabajo y, por extensi\u00f3n, la salud colectiva. Los datos advierten la necesidad de un cambio de paradigma: dejar de ver la comida laboral como un beneficio discrecional para entenderla como un pilar del bienestar y la productividad\u00bb<\/i>, concluye el estudio.<\/p>\n","protected":false},"excerpt":{"rendered":"<p>La alimentaci\u00f3n durante la jornada laboral\u00a0se convirti\u00f3 en un reflejo de las desigualdades estructurales y la p\u00e9rdida de<\/p>\n","protected":false},"author":10,"featured_media":75329,"comment_status":"closed","ping_status":"open","sticky":false,"template":"","format":"standard","meta":{"footnotes":""},"categories":[24],"tags":[],"class_list":["post-75328","post","type-post","status-publish","format-standard","has-post-thumbnail","hentry","category-informacion-general"],"yoast_head":"<!-- This site is optimized with the Yoast SEO plugin v27.4 - https:\/\/yoast.com\/product\/yoast-seo-wordpress\/ -->\n<title>1 de cada 4 trabajadores sacrifica cantidad o calidad de sus comidas por falta de recursos - LA RED 88.3 LA RIOJA<\/title>\n<meta name=\"robots\" content=\"index, follow, max-snippet:-1, max-image-preview:large, max-video-preview:-1\" \/>\n<link rel=\"canonical\" href=\"https:\/\/laredlarioja.com.ar\/sitio\/1-de-cada-4-trabajadores-sacrifica-cantidad-o-calidad-de-sus-comidas-por-falta-de-recursos\/\" \/>\n<meta property=\"og:locale\" content=\"es_ES\" \/>\n<meta property=\"og:type\" content=\"article\" \/>\n<meta property=\"og:title\" content=\"1 de cada 4 trabajadores sacrifica cantidad o calidad de sus comidas por falta de recursos - LA RED 88.3 LA RIOJA\" \/>\n<meta property=\"og:description\" content=\"La alimentaci\u00f3n durante la jornada laboral\u00a0se convirti\u00f3 en un reflejo de las desigualdades estructurales y la p\u00e9rdida de\" \/>\n<meta property=\"og:url\" content=\"https:\/\/laredlarioja.com.ar\/sitio\/1-de-cada-4-trabajadores-sacrifica-cantidad-o-calidad-de-sus-comidas-por-falta-de-recursos\/\" \/>\n<meta property=\"og:site_name\" content=\"LA RED 88.3 LA RIOJA\" \/>\n<meta property=\"article:publisher\" content=\"https:\/\/www.facebook.com\/lared.larioja\" \/>\n<meta property=\"article:published_time\" content=\"2026-03-11T14:43:55+00:00\" \/>\n<meta property=\"og:image\" content=\"https:\/\/laredlarioja.com.ar\/sitio\/wp-content\/uploads\/2026\/03\/trabajador.webp\" \/>\n\t<meta property=\"og:image:width\" content=\"1080\" \/>\n\t<meta property=\"og:image:height\" content=\"720\" \/>\n\t<meta property=\"og:image:type\" content=\"image\/webp\" \/>\n<meta name=\"author\" content=\"La Red\" \/>\n<meta name=\"twitter:card\" content=\"summary_large_image\" \/>\n<meta name=\"twitter:creator\" content=\"@laredlarioja1\" \/>\n<meta name=\"twitter:site\" content=\"@laredlarioja1\" \/>\n<meta name=\"twitter:label1\" content=\"Escrito por\" \/>\n\t<meta name=\"twitter:data1\" content=\"La Red\" \/>\n\t<meta name=\"twitter:label2\" content=\"Tiempo de lectura\" \/>\n\t<meta name=\"twitter:data2\" content=\"5 minutos\" \/>\n<script type=\"application\/ld+json\" class=\"yoast-schema-graph\">{\"@context\":\"https:\\\/\\\/schema.org\",\"@graph\":[{\"@type\":\"Article\",\"@id\":\"https:\\\/\\\/laredlarioja.com.ar\\\/sitio\\\/1-de-cada-4-trabajadores-sacrifica-cantidad-o-calidad-de-sus-comidas-por-falta-de-recursos\\\/#article\",\"isPartOf\":{\"@id\":\"https:\\\/\\\/laredlarioja.com.ar\\\/sitio\\\/1-de-cada-4-trabajadores-sacrifica-cantidad-o-calidad-de-sus-comidas-por-falta-de-recursos\\\/\"},\"author\":{\"name\":\"La Red\",\"@id\":\"https:\\\/\\\/laredlarioja.com.ar\\\/sitio\\\/#\\\/schema\\\/person\\\/f1e213867beccedaaa4fb548d9259d9a\"},\"headline\":\"1 de cada 4 trabajadores sacrifica cantidad o calidad de sus comidas por falta de recursos\",\"datePublished\":\"2026-03-11T14:43:55+00:00\",\"mainEntityOfPage\":{\"@id\":\"https:\\\/\\\/laredlarioja.com.ar\\\/sitio\\\/1-de-cada-4-trabajadores-sacrifica-cantidad-o-calidad-de-sus-comidas-por-falta-de-recursos\\\/\"},\"wordCount\":929,\"publisher\":{\"@id\":\"https:\\\/\\\/laredlarioja.com.ar\\\/sitio\\\/#organization\"},\"image\":{\"@id\":\"https:\\\/\\\/laredlarioja.com.ar\\\/sitio\\\/1-de-cada-4-trabajadores-sacrifica-cantidad-o-calidad-de-sus-comidas-por-falta-de-recursos\\\/#primaryimage\"},\"thumbnailUrl\":\"https:\\\/\\\/laredlarioja.com.ar\\\/sitio\\\/wp-content\\\/uploads\\\/2026\\\/03\\\/trabajador.webp\",\"articleSection\":[\"Informaci\u00f3n General\"],\"inLanguage\":\"es\"},{\"@type\":\"WebPage\",\"@id\":\"https:\\\/\\\/laredlarioja.com.ar\\\/sitio\\\/1-de-cada-4-trabajadores-sacrifica-cantidad-o-calidad-de-sus-comidas-por-falta-de-recursos\\\/\",\"url\":\"https:\\\/\\\/laredlarioja.com.ar\\\/sitio\\\/1-de-cada-4-trabajadores-sacrifica-cantidad-o-calidad-de-sus-comidas-por-falta-de-recursos\\\/\",\"name\":\"1 de cada 4 trabajadores sacrifica cantidad o calidad de sus comidas por falta de recursos - LA RED 88.3 LA RIOJA\",\"isPartOf\":{\"@id\":\"https:\\\/\\\/laredlarioja.com.ar\\\/sitio\\\/#website\"},\"primaryImageOfPage\":{\"@id\":\"https:\\\/\\\/laredlarioja.com.ar\\\/sitio\\\/1-de-cada-4-trabajadores-sacrifica-cantidad-o-calidad-de-sus-comidas-por-falta-de-recursos\\\/#primaryimage\"},\"image\":{\"@id\":\"https:\\\/\\\/laredlarioja.com.ar\\\/sitio\\\/1-de-cada-4-trabajadores-sacrifica-cantidad-o-calidad-de-sus-comidas-por-falta-de-recursos\\\/#primaryimage\"},\"thumbnailUrl\":\"https:\\\/\\\/laredlarioja.com.ar\\\/sitio\\\/wp-content\\\/uploads\\\/2026\\\/03\\\/trabajador.webp\",\"datePublished\":\"2026-03-11T14:43:55+00:00\",\"breadcrumb\":{\"@id\":\"https:\\\/\\\/laredlarioja.com.ar\\\/sitio\\\/1-de-cada-4-trabajadores-sacrifica-cantidad-o-calidad-de-sus-comidas-por-falta-de-recursos\\\/#breadcrumb\"},\"inLanguage\":\"es\",\"potentialAction\":[{\"@type\":\"ReadAction\",\"target\":[\"https:\\\/\\\/laredlarioja.com.ar\\\/sitio\\\/1-de-cada-4-trabajadores-sacrifica-cantidad-o-calidad-de-sus-comidas-por-falta-de-recursos\\\/\"]}]},{\"@type\":\"ImageObject\",\"inLanguage\":\"es\",\"@id\":\"https:\\\/\\\/laredlarioja.com.ar\\\/sitio\\\/1-de-cada-4-trabajadores-sacrifica-cantidad-o-calidad-de-sus-comidas-por-falta-de-recursos\\\/#primaryimage\",\"url\":\"https:\\\/\\\/laredlarioja.com.ar\\\/sitio\\\/wp-content\\\/uploads\\\/2026\\\/03\\\/trabajador.webp\",\"contentUrl\":\"https:\\\/\\\/laredlarioja.com.ar\\\/sitio\\\/wp-content\\\/uploads\\\/2026\\\/03\\\/trabajador.webp\",\"width\":1080,\"height\":720},{\"@type\":\"BreadcrumbList\",\"@id\":\"https:\\\/\\\/laredlarioja.com.ar\\\/sitio\\\/1-de-cada-4-trabajadores-sacrifica-cantidad-o-calidad-de-sus-comidas-por-falta-de-recursos\\\/#breadcrumb\",\"itemListElement\":[{\"@type\":\"ListItem\",\"position\":1,\"name\":\"Portada\",\"item\":\"https:\\\/\\\/laredlarioja.com.ar\\\/sitio\\\/\"},{\"@type\":\"ListItem\",\"position\":2,\"name\":\"1 de cada 4 trabajadores sacrifica cantidad o calidad de sus comidas por falta de recursos\"}]},{\"@type\":\"WebSite\",\"@id\":\"https:\\\/\\\/laredlarioja.com.ar\\\/sitio\\\/#website\",\"url\":\"https:\\\/\\\/laredlarioja.com.ar\\\/sitio\\\/\",\"name\":\"LA RED 88.3 LA RIOJA\",\"description\":\"Sitio de Noticias\",\"publisher\":{\"@id\":\"https:\\\/\\\/laredlarioja.com.ar\\\/sitio\\\/#organization\"},\"potentialAction\":[{\"@type\":\"SearchAction\",\"target\":{\"@type\":\"EntryPoint\",\"urlTemplate\":\"https:\\\/\\\/laredlarioja.com.ar\\\/sitio\\\/?s={search_term_string}\"},\"query-input\":{\"@type\":\"PropertyValueSpecification\",\"valueRequired\":true,\"valueName\":\"search_term_string\"}}],\"inLanguage\":\"es\"},{\"@type\":\"Organization\",\"@id\":\"https:\\\/\\\/laredlarioja.com.ar\\\/sitio\\\/#organization\",\"name\":\"LA RED 88.3 LA RIOJA\",\"url\":\"https:\\\/\\\/laredlarioja.com.ar\\\/sitio\\\/\",\"logo\":{\"@type\":\"ImageObject\",\"inLanguage\":\"es\",\"@id\":\"https:\\\/\\\/laredlarioja.com.ar\\\/sitio\\\/#\\\/schema\\\/logo\\\/image\\\/\",\"url\":\"https:\\\/\\\/laredlarioja.com.ar\\\/sitio\\\/wp-content\\\/uploads\\\/2025\\\/05\\\/LOGO-LA-RED.png\",\"contentUrl\":\"https:\\\/\\\/laredlarioja.com.ar\\\/sitio\\\/wp-content\\\/uploads\\\/2025\\\/05\\\/LOGO-LA-RED.png\",\"width\":193,\"height\":340,\"caption\":\"LA RED 88.3 LA RIOJA\"},\"image\":{\"@id\":\"https:\\\/\\\/laredlarioja.com.ar\\\/sitio\\\/#\\\/schema\\\/logo\\\/image\\\/\"},\"sameAs\":[\"https:\\\/\\\/www.facebook.com\\\/lared.larioja\",\"https:\\\/\\\/x.com\\\/laredlarioja1\",\"https:\\\/\\\/www.instagram.com\\\/lared_larioja\\\/\"]},{\"@type\":\"Person\",\"@id\":\"https:\\\/\\\/laredlarioja.com.ar\\\/sitio\\\/#\\\/schema\\\/person\\\/f1e213867beccedaaa4fb548d9259d9a\",\"name\":\"La Red\",\"url\":\"https:\\\/\\\/laredlarioja.com.ar\\\/sitio\\\/author\\\/lared\\\/\"}]}<\/script>\n<!-- \/ Yoast SEO plugin. -->","yoast_head_json":{"title":"1 de cada 4 trabajadores sacrifica cantidad o calidad de sus comidas por falta de recursos - LA RED 88.3 LA RIOJA","robots":{"index":"index","follow":"follow","max-snippet":"max-snippet:-1","max-image-preview":"max-image-preview:large","max-video-preview":"max-video-preview:-1"},"canonical":"https:\/\/laredlarioja.com.ar\/sitio\/1-de-cada-4-trabajadores-sacrifica-cantidad-o-calidad-de-sus-comidas-por-falta-de-recursos\/","og_locale":"es_ES","og_type":"article","og_title":"1 de cada 4 trabajadores sacrifica cantidad o calidad de sus comidas por falta de recursos - LA RED 88.3 LA RIOJA","og_description":"La alimentaci\u00f3n durante la jornada laboral\u00a0se convirti\u00f3 en un reflejo de las desigualdades estructurales y la p\u00e9rdida de","og_url":"https:\/\/laredlarioja.com.ar\/sitio\/1-de-cada-4-trabajadores-sacrifica-cantidad-o-calidad-de-sus-comidas-por-falta-de-recursos\/","og_site_name":"LA RED 88.3 LA RIOJA","article_publisher":"https:\/\/www.facebook.com\/lared.larioja","article_published_time":"2026-03-11T14:43:55+00:00","og_image":[{"width":1080,"height":720,"url":"https:\/\/laredlarioja.com.ar\/sitio\/wp-content\/uploads\/2026\/03\/trabajador.webp","type":"image\/webp"}],"author":"La Red","twitter_card":"summary_large_image","twitter_creator":"@laredlarioja1","twitter_site":"@laredlarioja1","twitter_misc":{"Escrito por":"La Red","Tiempo de lectura":"5 minutos"},"schema":{"@context":"https:\/\/schema.org","@graph":[{"@type":"Article","@id":"https:\/\/laredlarioja.com.ar\/sitio\/1-de-cada-4-trabajadores-sacrifica-cantidad-o-calidad-de-sus-comidas-por-falta-de-recursos\/#article","isPartOf":{"@id":"https:\/\/laredlarioja.com.ar\/sitio\/1-de-cada-4-trabajadores-sacrifica-cantidad-o-calidad-de-sus-comidas-por-falta-de-recursos\/"},"author":{"name":"La Red","@id":"https:\/\/laredlarioja.com.ar\/sitio\/#\/schema\/person\/f1e213867beccedaaa4fb548d9259d9a"},"headline":"1 de cada 4 trabajadores sacrifica cantidad o calidad de sus comidas por falta de recursos","datePublished":"2026-03-11T14:43:55+00:00","mainEntityOfPage":{"@id":"https:\/\/laredlarioja.com.ar\/sitio\/1-de-cada-4-trabajadores-sacrifica-cantidad-o-calidad-de-sus-comidas-por-falta-de-recursos\/"},"wordCount":929,"publisher":{"@id":"https:\/\/laredlarioja.com.ar\/sitio\/#organization"},"image":{"@id":"https:\/\/laredlarioja.com.ar\/sitio\/1-de-cada-4-trabajadores-sacrifica-cantidad-o-calidad-de-sus-comidas-por-falta-de-recursos\/#primaryimage"},"thumbnailUrl":"https:\/\/laredlarioja.com.ar\/sitio\/wp-content\/uploads\/2026\/03\/trabajador.webp","articleSection":["Informaci\u00f3n General"],"inLanguage":"es"},{"@type":"WebPage","@id":"https:\/\/laredlarioja.com.ar\/sitio\/1-de-cada-4-trabajadores-sacrifica-cantidad-o-calidad-de-sus-comidas-por-falta-de-recursos\/","url":"https:\/\/laredlarioja.com.ar\/sitio\/1-de-cada-4-trabajadores-sacrifica-cantidad-o-calidad-de-sus-comidas-por-falta-de-recursos\/","name":"1 de cada 4 trabajadores sacrifica cantidad o calidad de sus comidas por falta de recursos - LA RED 88.3 LA RIOJA","isPartOf":{"@id":"https:\/\/laredlarioja.com.ar\/sitio\/#website"},"primaryImageOfPage":{"@id":"https:\/\/laredlarioja.com.ar\/sitio\/1-de-cada-4-trabajadores-sacrifica-cantidad-o-calidad-de-sus-comidas-por-falta-de-recursos\/#primaryimage"},"image":{"@id":"https:\/\/laredlarioja.com.ar\/sitio\/1-de-cada-4-trabajadores-sacrifica-cantidad-o-calidad-de-sus-comidas-por-falta-de-recursos\/#primaryimage"},"thumbnailUrl":"https:\/\/laredlarioja.com.ar\/sitio\/wp-content\/uploads\/2026\/03\/trabajador.webp","datePublished":"2026-03-11T14:43:55+00:00","breadcrumb":{"@id":"https:\/\/laredlarioja.com.ar\/sitio\/1-de-cada-4-trabajadores-sacrifica-cantidad-o-calidad-de-sus-comidas-por-falta-de-recursos\/#breadcrumb"},"inLanguage":"es","potentialAction":[{"@type":"ReadAction","target":["https:\/\/laredlarioja.com.ar\/sitio\/1-de-cada-4-trabajadores-sacrifica-cantidad-o-calidad-de-sus-comidas-por-falta-de-recursos\/"]}]},{"@type":"ImageObject","inLanguage":"es","@id":"https:\/\/laredlarioja.com.ar\/sitio\/1-de-cada-4-trabajadores-sacrifica-cantidad-o-calidad-de-sus-comidas-por-falta-de-recursos\/#primaryimage","url":"https:\/\/laredlarioja.com.ar\/sitio\/wp-content\/uploads\/2026\/03\/trabajador.webp","contentUrl":"https:\/\/laredlarioja.com.ar\/sitio\/wp-content\/uploads\/2026\/03\/trabajador.webp","width":1080,"height":720},{"@type":"BreadcrumbList","@id":"https:\/\/laredlarioja.com.ar\/sitio\/1-de-cada-4-trabajadores-sacrifica-cantidad-o-calidad-de-sus-comidas-por-falta-de-recursos\/#breadcrumb","itemListElement":[{"@type":"ListItem","position":1,"name":"Portada","item":"https:\/\/laredlarioja.com.ar\/sitio\/"},{"@type":"ListItem","position":2,"name":"1 de cada 4 trabajadores sacrifica cantidad o calidad de sus comidas por falta de recursos"}]},{"@type":"WebSite","@id":"https:\/\/laredlarioja.com.ar\/sitio\/#website","url":"https:\/\/laredlarioja.com.ar\/sitio\/","name":"LA RED 88.3 LA RIOJA","description":"Sitio de Noticias","publisher":{"@id":"https:\/\/laredlarioja.com.ar\/sitio\/#organization"},"potentialAction":[{"@type":"SearchAction","target":{"@type":"EntryPoint","urlTemplate":"https:\/\/laredlarioja.com.ar\/sitio\/?s={search_term_string}"},"query-input":{"@type":"PropertyValueSpecification","valueRequired":true,"valueName":"search_term_string"}}],"inLanguage":"es"},{"@type":"Organization","@id":"https:\/\/laredlarioja.com.ar\/sitio\/#organization","name":"LA RED 88.3 LA RIOJA","url":"https:\/\/laredlarioja.com.ar\/sitio\/","logo":{"@type":"ImageObject","inLanguage":"es","@id":"https:\/\/laredlarioja.com.ar\/sitio\/#\/schema\/logo\/image\/","url":"https:\/\/laredlarioja.com.ar\/sitio\/wp-content\/uploads\/2025\/05\/LOGO-LA-RED.png","contentUrl":"https:\/\/laredlarioja.com.ar\/sitio\/wp-content\/uploads\/2025\/05\/LOGO-LA-RED.png","width":193,"height":340,"caption":"LA RED 88.3 LA RIOJA"},"image":{"@id":"https:\/\/laredlarioja.com.ar\/sitio\/#\/schema\/logo\/image\/"},"sameAs":["https:\/\/www.facebook.com\/lared.larioja","https:\/\/x.com\/laredlarioja1","https:\/\/www.instagram.com\/lared_larioja\/"]},{"@type":"Person","@id":"https:\/\/laredlarioja.com.ar\/sitio\/#\/schema\/person\/f1e213867beccedaaa4fb548d9259d9a","name":"La Red","url":"https:\/\/laredlarioja.com.ar\/sitio\/author\/lared\/"}]}},"featured_image_urls":{"full":["https:\/\/laredlarioja.com.ar\/sitio\/wp-content\/uploads\/2026\/03\/trabajador.webp",1080,720,false],"thumbnail":["https:\/\/laredlarioja.com.ar\/sitio\/wp-content\/uploads\/2026\/03\/trabajador-150x150.webp",150,150,true],"medium":["https:\/\/laredlarioja.com.ar\/sitio\/wp-content\/uploads\/2026\/03\/trabajador-300x200.webp",300,200,true],"medium_large":["https:\/\/laredlarioja.com.ar\/sitio\/wp-content\/uploads\/2026\/03\/trabajador-768x512.webp",640,427,true],"large":["https:\/\/laredlarioja.com.ar\/sitio\/wp-content\/uploads\/2026\/03\/trabajador-1024x683.webp",640,427,true],"1536x1536":["https:\/\/laredlarioja.com.ar\/sitio\/wp-content\/uploads\/2026\/03\/trabajador.webp",1080,720,false],"2048x2048":["https:\/\/laredlarioja.com.ar\/sitio\/wp-content\/uploads\/2026\/03\/trabajador.webp",1080,720,false],"cvmm-medium":["https:\/\/laredlarioja.com.ar\/sitio\/wp-content\/uploads\/2026\/03\/trabajador-300x300.webp",300,300,true],"cvmm-medium-plus":["https:\/\/laredlarioja.com.ar\/sitio\/wp-content\/uploads\/2026\/03\/trabajador-305x207.webp",305,207,true],"cvmm-portrait":["https:\/\/laredlarioja.com.ar\/sitio\/wp-content\/uploads\/2026\/03\/trabajador-400x600.webp",400,600,true],"cvmm-medium-square":["https:\/\/laredlarioja.com.ar\/sitio\/wp-content\/uploads\/2026\/03\/trabajador-600x600.webp",600,600,true],"cvmm-large":["https:\/\/laredlarioja.com.ar\/sitio\/wp-content\/uploads\/2026\/03\/trabajador-1024x720.webp",1024,720,true],"cvmm-small":["https:\/\/laredlarioja.com.ar\/sitio\/wp-content\/uploads\/2026\/03\/trabajador-130x95.webp",130,95,true],"morenews-large":["https:\/\/laredlarioja.com.ar\/sitio\/wp-content\/uploads\/2026\/03\/trabajador-825x575.webp",825,575,true],"morenews-medium":["https:\/\/laredlarioja.com.ar\/sitio\/wp-content\/uploads\/2026\/03\/trabajador-590x410.webp",590,410,true]},"author_info":{"display_name":"La Red","author_link":"https:\/\/laredlarioja.com.ar\/sitio\/author\/lared\/"},"category_info":"<a href=\"https:\/\/laredlarioja.com.ar\/sitio\/categorias\/informacion-general\/\" rel=\"category tag\">Informaci\u00f3n General<\/a>","tag_info":"Informaci\u00f3n General","comment_count":"0","blog_post_layout_featured_media_urls":{"thumbnail":["https:\/\/laredlarioja.com.ar\/sitio\/wp-content\/uploads\/2026\/03\/trabajador-150x150.webp",150,150,true],"full":["https:\/\/laredlarioja.com.ar\/sitio\/wp-content\/uploads\/2026\/03\/trabajador.webp",1080,720,false]},"categories_names":{"24":{"name":"Informaci\u00f3n General","link":"https:\/\/laredlarioja.com.ar\/sitio\/categorias\/informacion-general\/"}},"tags_names":[],"comments_number":"0","wpmagazine_modules_lite_featured_media_urls":{"thumbnail":["https:\/\/laredlarioja.com.ar\/sitio\/wp-content\/uploads\/2026\/03\/trabajador-150x150.webp",150,150,true],"cvmm-medium":["https:\/\/laredlarioja.com.ar\/sitio\/wp-content\/uploads\/2026\/03\/trabajador-300x300.webp",300,300,true],"cvmm-medium-plus":["https:\/\/laredlarioja.com.ar\/sitio\/wp-content\/uploads\/2026\/03\/trabajador-305x207.webp",305,207,true],"cvmm-portrait":["https:\/\/laredlarioja.com.ar\/sitio\/wp-content\/uploads\/2026\/03\/trabajador-400x600.webp",400,600,true],"cvmm-medium-square":["https:\/\/laredlarioja.com.ar\/sitio\/wp-content\/uploads\/2026\/03\/trabajador-600x600.webp",600,600,true],"cvmm-large":["https:\/\/laredlarioja.com.ar\/sitio\/wp-content\/uploads\/2026\/03\/trabajador-1024x720.webp",1024,720,true],"cvmm-small":["https:\/\/laredlarioja.com.ar\/sitio\/wp-content\/uploads\/2026\/03\/trabajador-130x95.webp",130,95,true],"full":["https:\/\/laredlarioja.com.ar\/sitio\/wp-content\/uploads\/2026\/03\/trabajador.webp",1080,720,false]},"_links":{"self":[{"href":"https:\/\/laredlarioja.com.ar\/sitio\/wp-json\/wp\/v2\/posts\/75328","targetHints":{"allow":["GET"]}}],"collection":[{"href":"https:\/\/laredlarioja.com.ar\/sitio\/wp-json\/wp\/v2\/posts"}],"about":[{"href":"https:\/\/laredlarioja.com.ar\/sitio\/wp-json\/wp\/v2\/types\/post"}],"author":[{"embeddable":true,"href":"https:\/\/laredlarioja.com.ar\/sitio\/wp-json\/wp\/v2\/users\/10"}],"replies":[{"embeddable":true,"href":"https:\/\/laredlarioja.com.ar\/sitio\/wp-json\/wp\/v2\/comments?post=75328"}],"version-history":[{"count":1,"href":"https:\/\/laredlarioja.com.ar\/sitio\/wp-json\/wp\/v2\/posts\/75328\/revisions"}],"predecessor-version":[{"id":75330,"href":"https:\/\/laredlarioja.com.ar\/sitio\/wp-json\/wp\/v2\/posts\/75328\/revisions\/75330"}],"wp:featuredmedia":[{"embeddable":true,"href":"https:\/\/laredlarioja.com.ar\/sitio\/wp-json\/wp\/v2\/media\/75329"}],"wp:attachment":[{"href":"https:\/\/laredlarioja.com.ar\/sitio\/wp-json\/wp\/v2\/media?parent=75328"}],"wp:term":[{"taxonomy":"category","embeddable":true,"href":"https:\/\/laredlarioja.com.ar\/sitio\/wp-json\/wp\/v2\/categories?post=75328"},{"taxonomy":"post_tag","embeddable":true,"href":"https:\/\/laredlarioja.com.ar\/sitio\/wp-json\/wp\/v2\/tags?post=75328"}],"curies":[{"name":"wp","href":"https:\/\/api.w.org\/{rel}","templated":true}]}}