{"id":75331,"date":"2026-03-11T14:44:54","date_gmt":"2026-03-11T14:44:54","guid":{"rendered":"https:\/\/laredlarioja.com.ar\/sitio\/?p=75331"},"modified":"2026-03-11T14:44:54","modified_gmt":"2026-03-11T14:44:54","slug":"en-expoagro-villarruel-esquivo-la-interna-con-milei-y-dijo-el-campo-es-parte-de-nuestra-identidad","status":"publish","type":"post","link":"https:\/\/laredlarioja.com.ar\/sitio\/en-expoagro-villarruel-esquivo-la-interna-con-milei-y-dijo-el-campo-es-parte-de-nuestra-identidad\/","title":{"rendered":"En Expoagro, Villarruel esquiv\u00f3 la interna con Milei y dijo: \u201cEl campo es parte de nuestra identidad\u201d"},"content":{"rendered":"<p>En su arribo en\u00a0<strong>Expoagro<\/strong>, la vicepresidenta,\u00a0<strong>Victoria Villarruel<\/strong>, dijo que el campo es parte de la \u00abidentidad\u00bb de la Argentina y evit\u00f3 pronunciarse sobre su v\u00ednculo tenso con el presidente Javier Milei: \u201cNo tiene importancia\u201d.<\/p>\n<p>La presidente en ejercicio dio su mirada sobre el campo argentino y lo calific\u00f3 como un pilar \u201cfundamental\u201d para el futuro del pa\u00eds. Tambi\u00e9n habl\u00f3 sobre impulsar un \u201cmensaje federal\u201d.<\/p>\n<p><strong>\u201cAc\u00e1 hay productores y representantes. Es muy importante mostrar que Argentina no es solamente la Ciudad o provincia de Buenos Aires\u201d,\u00a0<\/strong>sostuvo la vicepresidenta<strong>.\u00a0<\/strong><\/p>\n<h4>Su relaci\u00f3n con Milei<\/h4>\n<p>Consultada sobre su v\u00ednculo con el presidente\u00a0<strong>Javier Milei<\/strong>, la titular de la C\u00e1mara Alta evit\u00f3 dar una definici\u00f3n y puso el foco de importancia en la ExpoAgro.<\/p>\n<p title=\"__IP__\" data-ipspy=\"__IP__\"><strong>\u201cNo creo que hoy tenga que hablar de eso. Este tipo de temas de novela le permiten al periodismo continuar hablando de algo que, hoy por hoy, no tiene importancia\u201d,<\/strong>\u00a0coment\u00f3 antes los medios presentes en el lugar.<\/p>\n<p>Por \u00faltimo, esquiv\u00f3 la pregunta sobre una posible candidatura presidencial para el a\u00f1o pr\u00f3ximo:\u00a0<strong>\u201cNinguno de estos temas hoy es importante<\/strong>\u201d, sentenci\u00f3.<\/p>\n","protected":false},"excerpt":{"rendered":"<p>En su arribo en\u00a0Expoagro, la vicepresidenta,\u00a0Victoria Villarruel, dijo que el campo es parte de la \u00abidentidad\u00bb de la<\/p>\n","protected":false},"author":10,"featured_media":75332,"comment_status":"closed","ping_status":"open","sticky":false,"template":"","format":"standard","meta":{"footnotes":""},"categories":[23],"tags":[],"class_list":["post-75331","post","type-post","status-publish","format-standard","has-post-thumbnail","hentry","category-politica"],"yoast_head":"<!-- This site is optimized with the Yoast SEO plugin v27.4 - https:\/\/yoast.com\/product\/yoast-seo-wordpress\/ -->\n<title>En Expoagro, Villarruel esquiv\u00f3 la interna con Milei y dijo: \u201cEl campo es parte de nuestra identidad\u201d - LA RED 88.3 LA RIOJA<\/title>\n<meta name=\"robots\" content=\"index, follow, max-snippet:-1, max-image-preview:large, max-video-preview:-1\" \/>\n<link rel=\"canonical\" href=\"https:\/\/laredlarioja.com.ar\/sitio\/en-expoagro-villarruel-esquivo-la-interna-con-milei-y-dijo-el-campo-es-parte-de-nuestra-identidad\/\" \/>\n<meta property=\"og:locale\" content=\"es_ES\" \/>\n<meta property=\"og:type\" content=\"article\" \/>\n<meta property=\"og:title\" content=\"En Expoagro, Villarruel esquiv\u00f3 la interna con Milei y dijo: \u201cEl campo es parte de nuestra identidad\u201d - LA RED 88.3 LA RIOJA\" \/>\n<meta property=\"og:description\" content=\"En su arribo en\u00a0Expoagro, la vicepresidenta,\u00a0Victoria Villarruel, dijo que el campo es parte de la \u00abidentidad\u00bb de la\" \/>\n<meta property=\"og:url\" content=\"https:\/\/laredlarioja.com.ar\/sitio\/en-expoagro-villarruel-esquivo-la-interna-con-milei-y-dijo-el-campo-es-parte-de-nuestra-identidad\/\" \/>\n<meta property=\"og:site_name\" content=\"LA RED 88.3 LA RIOJA\" \/>\n<meta property=\"article:publisher\" content=\"https:\/\/www.facebook.com\/lared.larioja\" \/>\n<meta property=\"article:published_time\" content=\"2026-03-11T14:44:54+00:00\" \/>\n<meta property=\"og:image\" content=\"https:\/\/laredlarioja.com.ar\/sitio\/wp-content\/uploads\/2026\/03\/villarruel.webp\" \/>\n\t<meta property=\"og:image:width\" content=\"640\" \/>\n\t<meta property=\"og:image:height\" content=\"338\" \/>\n\t<meta property=\"og:image:type\" content=\"image\/webp\" \/>\n<meta name=\"author\" content=\"La Red\" \/>\n<meta name=\"twitter:card\" content=\"summary_large_image\" \/>\n<meta name=\"twitter:creator\" content=\"@laredlarioja1\" \/>\n<meta name=\"twitter:site\" content=\"@laredlarioja1\" \/>\n<meta name=\"twitter:label1\" content=\"Escrito por\" \/>\n\t<meta name=\"twitter:data1\" content=\"La Red\" \/>\n\t<meta name=\"twitter:label2\" content=\"Tiempo de lectura\" \/>\n\t<meta name=\"twitter:data2\" content=\"2 minutos\" \/>\n<script type=\"application\/ld+json\" class=\"yoast-schema-graph\">{\"@context\":\"https:\\\/\\\/schema.org\",\"@graph\":[{\"@type\":\"Article\",\"@id\":\"https:\\\/\\\/laredlarioja.com.ar\\\/sitio\\\/en-expoagro-villarruel-esquivo-la-interna-con-milei-y-dijo-el-campo-es-parte-de-nuestra-identidad\\\/#article\",\"isPartOf\":{\"@id\":\"https:\\\/\\\/laredlarioja.com.ar\\\/sitio\\\/en-expoagro-villarruel-esquivo-la-interna-con-milei-y-dijo-el-campo-es-parte-de-nuestra-identidad\\\/\"},\"author\":{\"name\":\"La Red\",\"@id\":\"https:\\\/\\\/laredlarioja.com.ar\\\/sitio\\\/#\\\/schema\\\/person\\\/f1e213867beccedaaa4fb548d9259d9a\"},\"headline\":\"En Expoagro, Villarruel esquiv\u00f3 la interna con Milei y dijo: \u201cEl campo es parte de nuestra identidad\u201d\",\"datePublished\":\"2026-03-11T14:44:54+00:00\",\"mainEntityOfPage\":{\"@id\":\"https:\\\/\\\/laredlarioja.com.ar\\\/sitio\\\/en-expoagro-villarruel-esquivo-la-interna-con-milei-y-dijo-el-campo-es-parte-de-nuestra-identidad\\\/\"},\"wordCount\":208,\"publisher\":{\"@id\":\"https:\\\/\\\/laredlarioja.com.ar\\\/sitio\\\/#organization\"},\"image\":{\"@id\":\"https:\\\/\\\/laredlarioja.com.ar\\\/sitio\\\/en-expoagro-villarruel-esquivo-la-interna-con-milei-y-dijo-el-campo-es-parte-de-nuestra-identidad\\\/#primaryimage\"},\"thumbnailUrl\":\"https:\\\/\\\/laredlarioja.com.ar\\\/sitio\\\/wp-content\\\/uploads\\\/2026\\\/03\\\/villarruel.webp\",\"articleSection\":[\"Pol\u00edtica\"],\"inLanguage\":\"es\"},{\"@type\":\"WebPage\",\"@id\":\"https:\\\/\\\/laredlarioja.com.ar\\\/sitio\\\/en-expoagro-villarruel-esquivo-la-interna-con-milei-y-dijo-el-campo-es-parte-de-nuestra-identidad\\\/\",\"url\":\"https:\\\/\\\/laredlarioja.com.ar\\\/sitio\\\/en-expoagro-villarruel-esquivo-la-interna-con-milei-y-dijo-el-campo-es-parte-de-nuestra-identidad\\\/\",\"name\":\"En Expoagro, Villarruel esquiv\u00f3 la interna con Milei y dijo: \u201cEl campo es parte de nuestra identidad\u201d - LA RED 88.3 LA RIOJA\",\"isPartOf\":{\"@id\":\"https:\\\/\\\/laredlarioja.com.ar\\\/sitio\\\/#website\"},\"primaryImageOfPage\":{\"@id\":\"https:\\\/\\\/laredlarioja.com.ar\\\/sitio\\\/en-expoagro-villarruel-esquivo-la-interna-con-milei-y-dijo-el-campo-es-parte-de-nuestra-identidad\\\/#primaryimage\"},\"image\":{\"@id\":\"https:\\\/\\\/laredlarioja.com.ar\\\/sitio\\\/en-expoagro-villarruel-esquivo-la-interna-con-milei-y-dijo-el-campo-es-parte-de-nuestra-identidad\\\/#primaryimage\"},\"thumbnailUrl\":\"https:\\\/\\\/laredlarioja.com.ar\\\/sitio\\\/wp-content\\\/uploads\\\/2026\\\/03\\\/villarruel.webp\",\"datePublished\":\"2026-03-11T14:44:54+00:00\",\"breadcrumb\":{\"@id\":\"https:\\\/\\\/laredlarioja.com.ar\\\/sitio\\\/en-expoagro-villarruel-esquivo-la-interna-con-milei-y-dijo-el-campo-es-parte-de-nuestra-identidad\\\/#breadcrumb\"},\"inLanguage\":\"es\",\"potentialAction\":[{\"@type\":\"ReadAction\",\"target\":[\"https:\\\/\\\/laredlarioja.com.ar\\\/sitio\\\/en-expoagro-villarruel-esquivo-la-interna-con-milei-y-dijo-el-campo-es-parte-de-nuestra-identidad\\\/\"]}]},{\"@type\":\"ImageObject\",\"inLanguage\":\"es\",\"@id\":\"https:\\\/\\\/laredlarioja.com.ar\\\/sitio\\\/en-expoagro-villarruel-esquivo-la-interna-con-milei-y-dijo-el-campo-es-parte-de-nuestra-identidad\\\/#primaryimage\",\"url\":\"https:\\\/\\\/laredlarioja.com.ar\\\/sitio\\\/wp-content\\\/uploads\\\/2026\\\/03\\\/villarruel.webp\",\"contentUrl\":\"https:\\\/\\\/laredlarioja.com.ar\\\/sitio\\\/wp-content\\\/uploads\\\/2026\\\/03\\\/villarruel.webp\",\"width\":640,\"height\":338},{\"@type\":\"BreadcrumbList\",\"@id\":\"https:\\\/\\\/laredlarioja.com.ar\\\/sitio\\\/en-expoagro-villarruel-esquivo-la-interna-con-milei-y-dijo-el-campo-es-parte-de-nuestra-identidad\\\/#breadcrumb\",\"itemListElement\":[{\"@type\":\"ListItem\",\"position\":1,\"name\":\"Portada\",\"item\":\"https:\\\/\\\/laredlarioja.com.ar\\\/sitio\\\/\"},{\"@type\":\"ListItem\",\"position\":2,\"name\":\"En Expoagro, Villarruel esquiv\u00f3 la interna con Milei y dijo: \u201cEl campo es parte de nuestra identidad\u201d\"}]},{\"@type\":\"WebSite\",\"@id\":\"https:\\\/\\\/laredlarioja.com.ar\\\/sitio\\\/#website\",\"url\":\"https:\\\/\\\/laredlarioja.com.ar\\\/sitio\\\/\",\"name\":\"LA RED 88.3 LA RIOJA\",\"description\":\"Sitio de Noticias\",\"publisher\":{\"@id\":\"https:\\\/\\\/laredlarioja.com.ar\\\/sitio\\\/#organization\"},\"potentialAction\":[{\"@type\":\"SearchAction\",\"target\":{\"@type\":\"EntryPoint\",\"urlTemplate\":\"https:\\\/\\\/laredlarioja.com.ar\\\/sitio\\\/?s={search_term_string}\"},\"query-input\":{\"@type\":\"PropertyValueSpecification\",\"valueRequired\":true,\"valueName\":\"search_term_string\"}}],\"inLanguage\":\"es\"},{\"@type\":\"Organization\",\"@id\":\"https:\\\/\\\/laredlarioja.com.ar\\\/sitio\\\/#organization\",\"name\":\"LA RED 88.3 LA RIOJA\",\"url\":\"https:\\\/\\\/laredlarioja.com.ar\\\/sitio\\\/\",\"logo\":{\"@type\":\"ImageObject\",\"inLanguage\":\"es\",\"@id\":\"https:\\\/\\\/laredlarioja.com.ar\\\/sitio\\\/#\\\/schema\\\/logo\\\/image\\\/\",\"url\":\"https:\\\/\\\/laredlarioja.com.ar\\\/sitio\\\/wp-content\\\/uploads\\\/2025\\\/05\\\/LOGO-LA-RED.png\",\"contentUrl\":\"https:\\\/\\\/laredlarioja.com.ar\\\/sitio\\\/wp-content\\\/uploads\\\/2025\\\/05\\\/LOGO-LA-RED.png\",\"width\":193,\"height\":340,\"caption\":\"LA RED 88.3 LA RIOJA\"},\"image\":{\"@id\":\"https:\\\/\\\/laredlarioja.com.ar\\\/sitio\\\/#\\\/schema\\\/logo\\\/image\\\/\"},\"sameAs\":[\"https:\\\/\\\/www.facebook.com\\\/lared.larioja\",\"https:\\\/\\\/x.com\\\/laredlarioja1\",\"https:\\\/\\\/www.instagram.com\\\/lared_larioja\\\/\"]},{\"@type\":\"Person\",\"@id\":\"https:\\\/\\\/laredlarioja.com.ar\\\/sitio\\\/#\\\/schema\\\/person\\\/f1e213867beccedaaa4fb548d9259d9a\",\"name\":\"La Red\",\"url\":\"https:\\\/\\\/laredlarioja.com.ar\\\/sitio\\\/author\\\/lared\\\/\"}]}<\/script>\n<!-- \/ Yoast SEO plugin. -->","yoast_head_json":{"title":"En Expoagro, Villarruel esquiv\u00f3 la interna con Milei y dijo: \u201cEl campo es parte de nuestra identidad\u201d - LA RED 88.3 LA RIOJA","robots":{"index":"index","follow":"follow","max-snippet":"max-snippet:-1","max-image-preview":"max-image-preview:large","max-video-preview":"max-video-preview:-1"},"canonical":"https:\/\/laredlarioja.com.ar\/sitio\/en-expoagro-villarruel-esquivo-la-interna-con-milei-y-dijo-el-campo-es-parte-de-nuestra-identidad\/","og_locale":"es_ES","og_type":"article","og_title":"En Expoagro, Villarruel esquiv\u00f3 la interna con Milei y dijo: \u201cEl campo es parte de nuestra identidad\u201d - LA RED 88.3 LA RIOJA","og_description":"En su arribo en\u00a0Expoagro, la vicepresidenta,\u00a0Victoria Villarruel, dijo que el campo es parte de la \u00abidentidad\u00bb de la","og_url":"https:\/\/laredlarioja.com.ar\/sitio\/en-expoagro-villarruel-esquivo-la-interna-con-milei-y-dijo-el-campo-es-parte-de-nuestra-identidad\/","og_site_name":"LA RED 88.3 LA RIOJA","article_publisher":"https:\/\/www.facebook.com\/lared.larioja","article_published_time":"2026-03-11T14:44:54+00:00","og_image":[{"width":640,"height":338,"url":"https:\/\/laredlarioja.com.ar\/sitio\/wp-content\/uploads\/2026\/03\/villarruel.webp","type":"image\/webp"}],"author":"La Red","twitter_card":"summary_large_image","twitter_creator":"@laredlarioja1","twitter_site":"@laredlarioja1","twitter_misc":{"Escrito por":"La Red","Tiempo de lectura":"2 minutos"},"schema":{"@context":"https:\/\/schema.org","@graph":[{"@type":"Article","@id":"https:\/\/laredlarioja.com.ar\/sitio\/en-expoagro-villarruel-esquivo-la-interna-con-milei-y-dijo-el-campo-es-parte-de-nuestra-identidad\/#article","isPartOf":{"@id":"https:\/\/laredlarioja.com.ar\/sitio\/en-expoagro-villarruel-esquivo-la-interna-con-milei-y-dijo-el-campo-es-parte-de-nuestra-identidad\/"},"author":{"name":"La Red","@id":"https:\/\/laredlarioja.com.ar\/sitio\/#\/schema\/person\/f1e213867beccedaaa4fb548d9259d9a"},"headline":"En Expoagro, Villarruel esquiv\u00f3 la interna con Milei y dijo: \u201cEl campo es parte de nuestra identidad\u201d","datePublished":"2026-03-11T14:44:54+00:00","mainEntityOfPage":{"@id":"https:\/\/laredlarioja.com.ar\/sitio\/en-expoagro-villarruel-esquivo-la-interna-con-milei-y-dijo-el-campo-es-parte-de-nuestra-identidad\/"},"wordCount":208,"publisher":{"@id":"https:\/\/laredlarioja.com.ar\/sitio\/#organization"},"image":{"@id":"https:\/\/laredlarioja.com.ar\/sitio\/en-expoagro-villarruel-esquivo-la-interna-con-milei-y-dijo-el-campo-es-parte-de-nuestra-identidad\/#primaryimage"},"thumbnailUrl":"https:\/\/laredlarioja.com.ar\/sitio\/wp-content\/uploads\/2026\/03\/villarruel.webp","articleSection":["Pol\u00edtica"],"inLanguage":"es"},{"@type":"WebPage","@id":"https:\/\/laredlarioja.com.ar\/sitio\/en-expoagro-villarruel-esquivo-la-interna-con-milei-y-dijo-el-campo-es-parte-de-nuestra-identidad\/","url":"https:\/\/laredlarioja.com.ar\/sitio\/en-expoagro-villarruel-esquivo-la-interna-con-milei-y-dijo-el-campo-es-parte-de-nuestra-identidad\/","name":"En Expoagro, Villarruel esquiv\u00f3 la interna con Milei y dijo: \u201cEl campo es parte de nuestra identidad\u201d - LA RED 88.3 LA RIOJA","isPartOf":{"@id":"https:\/\/laredlarioja.com.ar\/sitio\/#website"},"primaryImageOfPage":{"@id":"https:\/\/laredlarioja.com.ar\/sitio\/en-expoagro-villarruel-esquivo-la-interna-con-milei-y-dijo-el-campo-es-parte-de-nuestra-identidad\/#primaryimage"},"image":{"@id":"https:\/\/laredlarioja.com.ar\/sitio\/en-expoagro-villarruel-esquivo-la-interna-con-milei-y-dijo-el-campo-es-parte-de-nuestra-identidad\/#primaryimage"},"thumbnailUrl":"https:\/\/laredlarioja.com.ar\/sitio\/wp-content\/uploads\/2026\/03\/villarruel.webp","datePublished":"2026-03-11T14:44:54+00:00","breadcrumb":{"@id":"https:\/\/laredlarioja.com.ar\/sitio\/en-expoagro-villarruel-esquivo-la-interna-con-milei-y-dijo-el-campo-es-parte-de-nuestra-identidad\/#breadcrumb"},"inLanguage":"es","potentialAction":[{"@type":"ReadAction","target":["https:\/\/laredlarioja.com.ar\/sitio\/en-expoagro-villarruel-esquivo-la-interna-con-milei-y-dijo-el-campo-es-parte-de-nuestra-identidad\/"]}]},{"@type":"ImageObject","inLanguage":"es","@id":"https:\/\/laredlarioja.com.ar\/sitio\/en-expoagro-villarruel-esquivo-la-interna-con-milei-y-dijo-el-campo-es-parte-de-nuestra-identidad\/#primaryimage","url":"https:\/\/laredlarioja.com.ar\/sitio\/wp-content\/uploads\/2026\/03\/villarruel.webp","contentUrl":"https:\/\/laredlarioja.com.ar\/sitio\/wp-content\/uploads\/2026\/03\/villarruel.webp","width":640,"height":338},{"@type":"BreadcrumbList","@id":"https:\/\/laredlarioja.com.ar\/sitio\/en-expoagro-villarruel-esquivo-la-interna-con-milei-y-dijo-el-campo-es-parte-de-nuestra-identidad\/#breadcrumb","itemListElement":[{"@type":"ListItem","position":1,"name":"Portada","item":"https:\/\/laredlarioja.com.ar\/sitio\/"},{"@type":"ListItem","position":2,"name":"En Expoagro, Villarruel esquiv\u00f3 la interna con Milei y dijo: \u201cEl campo es parte de nuestra identidad\u201d"}]},{"@type":"WebSite","@id":"https:\/\/laredlarioja.com.ar\/sitio\/#website","url":"https:\/\/laredlarioja.com.ar\/sitio\/","name":"LA RED 88.3 LA RIOJA","description":"Sitio de Noticias","publisher":{"@id":"https:\/\/laredlarioja.com.ar\/sitio\/#organization"},"potentialAction":[{"@type":"SearchAction","target":{"@type":"EntryPoint","urlTemplate":"https:\/\/laredlarioja.com.ar\/sitio\/?s={search_term_string}"},"query-input":{"@type":"PropertyValueSpecification","valueRequired":true,"valueName":"search_term_string"}}],"inLanguage":"es"},{"@type":"Organization","@id":"https:\/\/laredlarioja.com.ar\/sitio\/#organization","name":"LA RED 88.3 LA RIOJA","url":"https:\/\/laredlarioja.com.ar\/sitio\/","logo":{"@type":"ImageObject","inLanguage":"es","@id":"https:\/\/laredlarioja.com.ar\/sitio\/#\/schema\/logo\/image\/","url":"https:\/\/laredlarioja.com.ar\/sitio\/wp-content\/uploads\/2025\/05\/LOGO-LA-RED.png","contentUrl":"https:\/\/laredlarioja.com.ar\/sitio\/wp-content\/uploads\/2025\/05\/LOGO-LA-RED.png","width":193,"height":340,"caption":"LA RED 88.3 LA RIOJA"},"image":{"@id":"https:\/\/laredlarioja.com.ar\/sitio\/#\/schema\/logo\/image\/"},"sameAs":["https:\/\/www.facebook.com\/lared.larioja","https:\/\/x.com\/laredlarioja1","https:\/\/www.instagram.com\/lared_larioja\/"]},{"@type":"Person","@id":"https:\/\/laredlarioja.com.ar\/sitio\/#\/schema\/person\/f1e213867beccedaaa4fb548d9259d9a","name":"La Red","url":"https:\/\/laredlarioja.com.ar\/sitio\/author\/lared\/"}]}},"featured_image_urls":{"full":["https:\/\/laredlarioja.com.ar\/sitio\/wp-content\/uploads\/2026\/03\/villarruel.webp",640,338,false],"thumbnail":["https:\/\/laredlarioja.com.ar\/sitio\/wp-content\/uploads\/2026\/03\/villarruel-150x150.webp",150,150,true],"medium":["https:\/\/laredlarioja.com.ar\/sitio\/wp-content\/uploads\/2026\/03\/villarruel-300x158.webp",300,158,true],"medium_large":["https:\/\/laredlarioja.com.ar\/sitio\/wp-content\/uploads\/2026\/03\/villarruel.webp",640,338,false],"large":["https:\/\/laredlarioja.com.ar\/sitio\/wp-content\/uploads\/2026\/03\/villarruel.webp",640,338,false],"1536x1536":["https:\/\/laredlarioja.com.ar\/sitio\/wp-content\/uploads\/2026\/03\/villarruel.webp",640,338,false],"2048x2048":["https:\/\/laredlarioja.com.ar\/sitio\/wp-content\/uploads\/2026\/03\/villarruel.webp",640,338,false],"cvmm-medium":["https:\/\/laredlarioja.com.ar\/sitio\/wp-content\/uploads\/2026\/03\/villarruel-300x300.webp",300,300,true],"cvmm-medium-plus":["https:\/\/laredlarioja.com.ar\/sitio\/wp-content\/uploads\/2026\/03\/villarruel-305x207.webp",305,207,true],"cvmm-portrait":["https:\/\/laredlarioja.com.ar\/sitio\/wp-content\/uploads\/2026\/03\/villarruel-400x338.webp",400,338,true],"cvmm-medium-square":["https:\/\/laredlarioja.com.ar\/sitio\/wp-content\/uploads\/2026\/03\/villarruel-600x338.webp",600,338,true],"cvmm-large":["https:\/\/laredlarioja.com.ar\/sitio\/wp-content\/uploads\/2026\/03\/villarruel.webp",640,338,false],"cvmm-small":["https:\/\/laredlarioja.com.ar\/sitio\/wp-content\/uploads\/2026\/03\/villarruel-130x95.webp",130,95,true],"morenews-large":["https:\/\/laredlarioja.com.ar\/sitio\/wp-content\/uploads\/2026\/03\/villarruel.webp",640,338,false],"morenews-medium":["https:\/\/laredlarioja.com.ar\/sitio\/wp-content\/uploads\/2026\/03\/villarruel-590x338.webp",590,338,true]},"author_info":{"display_name":"La Red","author_link":"https:\/\/laredlarioja.com.ar\/sitio\/author\/lared\/"},"category_info":"<a href=\"https:\/\/laredlarioja.com.ar\/sitio\/categorias\/politica\/\" rel=\"category tag\">Pol\u00edtica<\/a>","tag_info":"Pol\u00edtica","comment_count":"0","blog_post_layout_featured_media_urls":{"thumbnail":["https:\/\/laredlarioja.com.ar\/sitio\/wp-content\/uploads\/2026\/03\/villarruel-150x150.webp",150,150,true],"full":["https:\/\/laredlarioja.com.ar\/sitio\/wp-content\/uploads\/2026\/03\/villarruel.webp",640,338,false]},"categories_names":{"23":{"name":"Pol\u00edtica","link":"https:\/\/laredlarioja.com.ar\/sitio\/categorias\/politica\/"}},"tags_names":[],"comments_number":"0","wpmagazine_modules_lite_featured_media_urls":{"thumbnail":["https:\/\/laredlarioja.com.ar\/sitio\/wp-content\/uploads\/2026\/03\/villarruel-150x150.webp",150,150,true],"cvmm-medium":["https:\/\/laredlarioja.com.ar\/sitio\/wp-content\/uploads\/2026\/03\/villarruel-300x300.webp",300,300,true],"cvmm-medium-plus":["https:\/\/laredlarioja.com.ar\/sitio\/wp-content\/uploads\/2026\/03\/villarruel-305x207.webp",305,207,true],"cvmm-portrait":["https:\/\/laredlarioja.com.ar\/sitio\/wp-content\/uploads\/2026\/03\/villarruel-400x338.webp",400,338,true],"cvmm-medium-square":["https:\/\/laredlarioja.com.ar\/sitio\/wp-content\/uploads\/2026\/03\/villarruel-600x338.webp",600,338,true],"cvmm-large":["https:\/\/laredlarioja.com.ar\/sitio\/wp-content\/uploads\/2026\/03\/villarruel.webp",640,338,false],"cvmm-small":["https:\/\/laredlarioja.com.ar\/sitio\/wp-content\/uploads\/2026\/03\/villarruel-130x95.webp",130,95,true],"full":["https:\/\/laredlarioja.com.ar\/sitio\/wp-content\/uploads\/2026\/03\/villarruel.webp",640,338,false]},"_links":{"self":[{"href":"https:\/\/laredlarioja.com.ar\/sitio\/wp-json\/wp\/v2\/posts\/75331","targetHints":{"allow":["GET"]}}],"collection":[{"href":"https:\/\/laredlarioja.com.ar\/sitio\/wp-json\/wp\/v2\/posts"}],"about":[{"href":"https:\/\/laredlarioja.com.ar\/sitio\/wp-json\/wp\/v2\/types\/post"}],"author":[{"embeddable":true,"href":"https:\/\/laredlarioja.com.ar\/sitio\/wp-json\/wp\/v2\/users\/10"}],"replies":[{"embeddable":true,"href":"https:\/\/laredlarioja.com.ar\/sitio\/wp-json\/wp\/v2\/comments?post=75331"}],"version-history":[{"count":1,"href":"https:\/\/laredlarioja.com.ar\/sitio\/wp-json\/wp\/v2\/posts\/75331\/revisions"}],"predecessor-version":[{"id":75333,"href":"https:\/\/laredlarioja.com.ar\/sitio\/wp-json\/wp\/v2\/posts\/75331\/revisions\/75333"}],"wp:featuredmedia":[{"embeddable":true,"href":"https:\/\/laredlarioja.com.ar\/sitio\/wp-json\/wp\/v2\/media\/75332"}],"wp:attachment":[{"href":"https:\/\/laredlarioja.com.ar\/sitio\/wp-json\/wp\/v2\/media?parent=75331"}],"wp:term":[{"taxonomy":"category","embeddable":true,"href":"https:\/\/laredlarioja.com.ar\/sitio\/wp-json\/wp\/v2\/categories?post=75331"},{"taxonomy":"post_tag","embeddable":true,"href":"https:\/\/laredlarioja.com.ar\/sitio\/wp-json\/wp\/v2\/tags?post=75331"}],"curies":[{"name":"wp","href":"https:\/\/api.w.org\/{rel}","templated":true}]}}