{"id":75344,"date":"2026-03-11T15:36:17","date_gmt":"2026-03-11T15:36:17","guid":{"rendered":"https:\/\/laredlarioja.com.ar\/sitio\/?p=75344"},"modified":"2026-03-12T16:32:18","modified_gmt":"2026-03-12T16:32:18","slug":"la-violencia-machista-mata-el-femicida-de-jessica-veronica-mercado-tenia-prision-condicional-y-prohibicion-de-acercamiento","status":"publish","type":"post","link":"https:\/\/laredlarioja.com.ar\/sitio\/la-violencia-machista-mata-el-femicida-de-jessica-veronica-mercado-tenia-prision-condicional-y-prohibicion-de-acercamiento\/","title":{"rendered":"La violencia machista mata: el femicida de Jessica Mercado ten\u00eda prisi\u00f3n condicional y prohibici\u00f3n de acercamiento"},"content":{"rendered":"<p><strong>Jessica Ver\u00f3nica Mercado (34) fue asesinada a pu\u00f1aladas por su expareja -y padre de sus tres hijos- Justino Miguel \u00c1ngel Ruarte (43)<\/strong>.\u00a0 Quien, luego de matarla, se hizo un corte profundo en la garganta y falleci\u00f3 camino al hospital. Seg\u00fan la informaci\u00f3n judicial en la madrugada del martes (02.10) sus hijos ( 11, 5 y 3 a\u00f1os de edad) salieron en pedido de auxilio y un vecino alert\u00f3 a las autoridades. Ante el aviso, personal policial lleg\u00f3 a la vivienda ubicada en el barrio Francisco Primero y encontraron Mercado ya sin vida y a Ruarte con lesiones.<\/p>\n<p>La Secretar\u00eda de Medicina Forense dejo establecido que la v\u00edctima <strong>falleci\u00f3 a causa de insuficiencia respiratoria y shock hipovol\u00e9mico, producto de lesiones cortantes.<\/strong> Por su parte, Ruarte falleci\u00f3 posteriormente tras presentar una lesi\u00f3n cortante en la zona del cuello. La jueza de Instrucci\u00f3n, Cecilia C\u00f3rdoba, que actualmente subroga los juzgados especializados en violencia de g\u00e9nero, tiene cargo la causa de <strong>Femicidio seguido de suicidio.<\/strong><\/p>\n<p>Ruarte fue denunciado en varias oportunidades. El ministro de Seguridad, Justicia y Derechos Humanos, Miguel Z\u00e1rate confirm\u00f3 a <strong>La Red que exist\u00edan <\/strong>antecedentes de violencia de g\u00e9nero denunciados por la v\u00edctima: \u00a0en octubre de 2024 realiz\u00f3 una denuncia en la Unidad de Violencia de G\u00e9nero de la Fiscal\u00eda y se dictaron medidas de exclusi\u00f3n del hogar y restricci\u00f3n de acercamiento contra el agresor. Posteriormente, en diciembre de ese mismo a\u00f1o, la mujer volvi\u00f3 a denunciar que el hombre hab\u00eda violado esas medidas al presentarse en su domicilio y la Justicia dispuso la colocaci\u00f3n de dispositivos electr\u00f3nicos de control para garantizar su cumplimiento. \u201cEsas medidas de protecci\u00f3n se mantuvieron durante aproximadamente 160 d\u00edas durante 2025, pero luego no fueron renovadas\u201d, explic\u00f3 el ministro.<\/p>\n<p>Asimismo, indic\u00f3 que en febrero de este a\u00f1o se registr\u00f3 <strong>un nuevo llamado al 911 por un episodio de violencia, aunque en esa oportunidad la mujer no formaliz\u00f3 una nueva denuncia.<\/strong><\/p>\n<p>El 5 de diciembre de 2025, la C\u00e1mara Tercera,\u00a0 mediante un juicio abreviado,\u00a0 lo conden\u00f3 a la pena de <strong>cuatro a\u00f1os de prisi\u00f3n de cumplimiento condicional<\/strong>. El expediente fue caratulado\u00a0 \u00abRuarte Justino Miguel \u00c1ngel -Desobediencia a la autoridad en contexto de violencia de g\u00e9nero en flagrancia\u00bb. La resoluci\u00f3n fue\u00a0 firmada por Sara Alicia L\u00f3pez Douglas, jueza de la C\u00e1mara Tercera y fue previa a rechazar un pedido de excarcelaci\u00f3n solicitado por la defensa del imputado. Posteriormente, el 12 diciembre de 2025 queda notificado de la resoluci\u00f3n el <strong>Juzgado de Ejecuci\u00f3n Penal que est\u00e1 cargo de Andrea Gordillo Papich.<\/strong><\/p>\n<p>En la notificaci\u00f3n de la sentencia, que condena a cuatro meses de prisi\u00f3n de cumplimiento condicional por ser responsable del delito de desobediencia a la autoridad en contexto de violencia, dice que <strong>Ruarte deb\u00eda someterse al Juez de Ejecuci\u00f3n Penal y al cuidado del Patronato de Liberados. Ten\u00eda prohibici\u00f3n de acercamiento al domicilio de la v\u00edctima o su familia en un radio de 200 metros; de comunicaci\u00f3n por cualquier medio (tel\u00e9fono, redes sociales, etc.). Es decir, no pod\u00eda acercarse a Jessica Mercado. <\/strong>Sin embargo, actu\u00f3 con total impunidad y ninguna alerta son\u00f3 en el contexto de violencia que vivi\u00f3 la mujer ni alertaron que su vida estaba en peligro.<\/p>\n<p>Ten\u00eda establecido adem\u00e1s un r\u00e9gimen de visitas mediante terceros y se le hab\u00eda fijado una cuota alimentaria. <strong>\u201cRuarte deb\u00eda hacer un tratamiento psicol\u00f3gico para asumir conductas perspectiva de g\u00e9nero y evitar conductas violentas en contra de la mujer; abstenerse de consumir bebidas alcoh\u00f3licas y estupefacientes, orden\u00e1ndose un examen tendiente a verificar adicciones y en su caso imponerle un tratamiento obligatorio de rehabilitaci\u00f3n; realizar tareas no remuneradas en instituci\u00f3n p\u00fablica o comunitaria que le asigne el Juez de Ejecuci\u00f3n Penal a raz\u00f3n de cuatro semanales. El vencimiento de las condiciones impuestas opera el 11 de diciembre de 2027\u201d.<\/strong><\/p>\n<p>&nbsp;<\/p>\n<p>&nbsp;<\/p>\n<p>&nbsp;<\/p>\n<p><a href=\"https:\/\/laredlarioja.com.ar\/sitio\/wp-content\/uploads\/2026\/03\/WhatsApp-Image-2026-03-12-at-13.20.08.jpeg\"><img fetchpriority=\"high\" decoding=\"async\" class=\"alignnone size-full wp-image-75435\" src=\"https:\/\/laredlarioja.com.ar\/sitio\/wp-content\/uploads\/2026\/03\/WhatsApp-Image-2026-03-12-at-13.20.08.jpeg\" alt=\"\" width=\"1080\" height=\"1507\" srcset=\"https:\/\/laredlarioja.com.ar\/sitio\/wp-content\/uploads\/2026\/03\/WhatsApp-Image-2026-03-12-at-13.20.08.jpeg 1080w, https:\/\/laredlarioja.com.ar\/sitio\/wp-content\/uploads\/2026\/03\/WhatsApp-Image-2026-03-12-at-13.20.08-215x300.jpeg 215w, https:\/\/laredlarioja.com.ar\/sitio\/wp-content\/uploads\/2026\/03\/WhatsApp-Image-2026-03-12-at-13.20.08-734x1024.jpeg 734w, https:\/\/laredlarioja.com.ar\/sitio\/wp-content\/uploads\/2026\/03\/WhatsApp-Image-2026-03-12-at-13.20.08-768x1072.jpeg 768w\" sizes=\"(max-width: 1080px) 100vw, 1080px\" \/><\/a><\/p>\n<p><strong>Riesgo alto y alt\u00edsimo<\/strong><\/p>\n<p>Las situaciones de violencia que atraviesan las mujeres van a en aumento. Lo acredita la estad\u00edstica elaborada por el Observatorio de Violencias de G\u00e9nero de la Secretar\u00eda de la Mujer y Diversidad de La Rioja. En el 2025, de enero a diciembre, <strong>1569 personas fueron asistidas por el organismo protecci\u00f3n. La cifra corresponde solo a la Capital. <\/strong><a href=\"https:\/\/laredlarioja.com.ar\/sitio\/violencias-de-genero-el-51-de-las-mujeres-en-situacion-de-riego-alto-y-altisimo\/\">Mas del 50% de las mujeres que padecen violencias est\u00e1n dentro de los niveles de riesgo alto y alt\u00edsimo,<\/a> es decir, tienen riesgo de vida ( 47% riesgo alto y el 11%, riesgo alt\u00edsimo).<\/p>\n<p>&nbsp;<\/p>\n<p><strong>Femicidios en La Rioja<\/strong><\/p>\n<p>En el 2004, <strong>Paola Ib\u00e1\u00f1ez, <\/strong>de 25 a\u00f1os fue asesinada por su pareja, Alexis Ag\u00fcero de 22<\/p>\n<p>En el 2005, <strong>Celestina Oropeza,<\/strong> de 23 a\u00f1os, desaparici\u00f3y fue encontrada en un canal de riego<\/p>\n<p>En el 2006, <strong>Carmen Ceballos<\/strong> fue asesinada por su pareja, Ra\u00fal \u00c1lvarez<\/p>\n<p>A <strong>Marisa Vega<\/strong> de 40 a\u00f1os la mat\u00f3 su exmarido Manuel Jaime y luego se suicid\u00f3.<\/p>\n<p>En el 2008, <strong>Cecilia Gonzalez<\/strong> , de 27 a\u00f1os,\u00a0 fue asesinada por su pareja.<\/p>\n<p>En el 2010, <strong>Adela Carolina Nieto,\u00a0<\/strong> de 33 a\u00f1os,\u00a0 fue asesinada por su marido con un golpe de hierro en la cabeza. Quemo la ropa y la dejo agonizar en su cama matrimonial, ten\u00edan dos hijas adolescentes y un var\u00f3n de dos a\u00f1os.<\/p>\n<p><strong>Ramona Antonia Montivero, de 38 a\u00f1os, asesinada el 12 de mayo de 2010<\/strong> por su marido Manuel Toledo. El polic\u00eda la mat\u00f3 de pu\u00f1aladas frente a su hija de 8 a\u00f1os en Huaco a 40km de la capital riojana.<\/p>\n<p>En el 2014, <strong>Yanina del Valle S\u00e1nchez,<\/strong> de 28 a\u00f1os,\u00a0 fue asesinada por su pareja, Alberto P\u00e1ez de un disparo y luego se suicid\u00f3. Fue en el barrio Yacampis.<\/p>\n<p>El 14 de febrero de 2015, <strong>Romina R\u00edos de 18 a\u00f1os<\/strong>, fue asesinada por el polic\u00eda Pedro Ortiz. La mat\u00f3 con su arma reglamentaria, entregada ese d\u00eda; la tir\u00f3 en un descampado y la quem\u00f3. En octubre de 2016, su femicida, fue condenado a prisi\u00f3n perpetua por \u201chomicidio agravado por su relaci\u00f3n con la v\u00edctima\u201d, art\u00edculo 80, inciso 1 del C\u00f3digo Penal Argentino y no se incorpor\u00f3 el contexto de violencia por razones de g\u00e9nero.<\/p>\n<p>El primer juzgado de Violencia de G\u00e9nero fue creado a partir del femicidio de Deolinda Torres, y el segundo fue creado, pero empez\u00f3 a funcionar luego del femicidio infantil de Sabina Condor\u00ed. A <strong><b>Deolinda Torres<\/b><\/strong> no le dieron una respuesta efectiva y oportuna. \u00a0El 9 de enero de 2018 fue asesinada a golpes por su expareja y pap\u00e1 de sus 4 hijos. <strong>V\u00edctor Sebasti\u00e1n Condori fue sentenciado a cadena perpetua<\/strong> por el femicidio de la joven de 31 a\u00f1os ocurrido en enero de 2018 en el barrio Carlos Onetto de la Ciudad Capital. Fue el primer condenado por la tipificaci\u00f3n de femicidio en La Rioja.<\/p>\n<div dir=\"auto\">En el 2018, <strong>Jessica Oviedo<\/strong> de 26 a\u00f1os fue asesinada\u00a0 de tres disparos por su pareja, tambi\u00e9n polic\u00eda y padre de sus dos hijos.<\/div>\n<div dir=\"auto\"><\/div>\n<div dir=\"auto\">En el mismo a\u00f1o, <strong>Karina Elizabeth Vayon<\/strong> de 24 a\u00f1os fue asesinada por su ex pareja. La C\u00e1mara Tercera en lo Criminal y Correccional de la Primera Circunscripci\u00f3n Judicial de La Rioja <strong>conden\u00f3 a prisi\u00f3n perpetua a Jonathan Serrano por el femicidio.<\/strong><\/div>\n<div dir=\"auto\"><\/div>\n<div dir=\"auto\">En el\u00a0 2021 \u00a0<strong>Noelia Albornoz<\/strong> fue asesinada por su pareja, Marcos Suasnada, polic\u00eda.<\/div>\n<p>En 2022 el Tribunal de la C\u00e1mara Tercera en lo Criminal y Correccional de La Rioja conden\u00f3 a Roque Adri\u00e1n Rodr\u00edguez a la pena de prisi\u00f3n perpetua por el femicidio de la <strong><b>Sabina Condor\u00ed<\/b><\/strong>. Fue juzgado por los delitos de \u201cabuso sexual seguido de muerte y homicidio calificado\u00bb. Se trat\u00f3 de la primera condena por un femicidio infantil en La Rioja y la segundo de este 2022 por el delito de femicidio.<\/p>\n<p>En Aimogasta la familia de <strong><b>Melani L\u00f3pez<\/b><\/strong>\u00a0exige justicia porque aseguran que la joven no se suicid\u00f3. El 2 de mayo de 2020 denunci\u00f3 a su expareja por violencia de g\u00e9nero, la hab\u00eda golpeado. Qued\u00f3 detenido, pero luego le otorgaron la prisi\u00f3n domiciliaria y no ten\u00eda custodia policial. El 10 de mayo Melani apareci\u00f3 muerta, se dio a conocer como presunto suicidio y la causa fue caratulada como \u201caveriguaci\u00f3n de muerte\u201d.<\/p>\n<p><strong>En diciembre de 2020, Ver\u00f3nica Brizuela, de 39 a\u00f1os<\/strong>, recibi\u00f3 tres pu\u00f1aladas en su casa de Aimogasta. Hab\u00eda denunciado a su pareja Ariel Maza quien despu\u00e9s de matarla, escap\u00f3 y se mat\u00f3.<\/p>\n<p>En Olta, el 26 de enero de 2021, <strong><b>Melina Rojas<\/b><\/strong>\u00a0recibi\u00f3, de su expareja Mauro Pe\u00f1a, una pu\u00f1alada mortal mientras estaba en su vivienda. En octubre de 2024, la\u00a0Justicia resolvi\u00f3 condenar a 40 a\u00f1os de prisi\u00f3n efectiva a Pe\u00f1a, por considerarlo autor penalmente responsable y culpable del delito de \u201cHomicidio agravado (femicidio).<\/p>\n<p>En enero de 2022, el cuerpo de <strong><b>Susana Romero<\/b><\/strong> fue encontrado bajo escombros el fondo de una vivienda. \u00a0Alexis Jonathan Tejada Peralta hab\u00eda solicitado sus servicios como trabajadora sexual. Tejada Peralta est\u00e1 acusado por homicidio agravado por alevos\u00eda y por razones de g\u00e9nero afronta el juicio en la actualidad.<\/p>\n<p><strong><b>Claudia Vega<\/b><\/strong>, de 51 a\u00f1os, fue atacada el 20 de julio de 2022 por su pareja, Pablo Zen\u00f3n Vera, en el barrio El Futuro de La Rioja. Luego de estar internada 10 d\u00edas en el hospital Enrique Vera Barros, muri\u00f3. <strong>Vera fue condenado a prisi\u00f3n perpetua\u00a0 por \u201cHomicidio Agravado por el V\u00ednculo y por mediar Violencia de G\u00e9nero (Femicidio)<\/strong><\/p>\n<p><strong><b>Ana Gait\u00e1n<\/b><\/strong>\u00a0sali\u00f3 un s\u00e1bado a la noche y fue encontrada, 4 d\u00edas despu\u00e9s, en cercan\u00edas de El Pinar. Fue brutalmente golpeada, ingres\u00f3 al hospital y muri\u00f3 luego de 4 d\u00edas.\u00a0<strong>Jorge Luna, quien actualmente se encuentra detenido y est\u00e1 procesado<\/strong>.<\/p>\n<p><strong><b>Mar\u00eda Laura Vega<\/b><\/strong>, de 35 a\u00f1os fue asesinada en 2023. Hab\u00eda denunciado por violencia de g\u00e9nero a su expareja, <strong>Eduardo Colchau<\/strong>. La asesin\u00f3 a balazos y luego se suicid\u00f3.<\/p>\n<p><strong><b>Thiara Carrasco Vay\u00f3n<\/b><\/strong>\u00a0ten\u00eda tan solo 14 a\u00f1os. Su cuerpo fue encontrado calcinado el 23 de septiembre de 2023 en el barrio Oscar Smith, a poca distancia del centro de la ciudad Fue violada y quemada viva.<\/p>\n<p>El cuerpo de <strong><b>Cecilina Martorelli<\/b><\/strong>, una docente de 49 a\u00f1os apareci\u00f3 calcinado en enero del 2024. Se trata de un femicidio vinculado. \u00a0Se encuentran detenidos Agust\u00edn Hugo Glellel y Mat\u00edas Mauricio M\u00e1rquez Glellel, de 43 y 21 a\u00f1os, t\u00edo y sobrino, respectivamente.<\/p>\n<p>En mayo del 2025, la Justicia conden\u00f3 a la pena de prisi\u00f3n perpetua, por el femicidio infantil de <strong><b>Zoe Rodr\u00edguez asesinada en 2021<\/b><\/strong>, a la madre de la v\u00edctima, <strong>Julieta Jimena C\u00f3rdoba, y a Regino Bustamante<\/strong>, ambos hallados culpables del homicidio. El fallo dice que la mujer actu\u00f3 con extrema violencia contra su propia hija. Respecto de Andr\u00e9s Regino Bustamante, de 71 a\u00f1os, coautor del mismo delito, fue condenado por el componente de\u00a0violencia de g\u00e9nero, adem\u00e1s de la alevos\u00eda y el m\u00f3vil criminis causa.<\/p>\n<p>A <strong><b>Elba Lorena Ib\u00e1\u00f1ez<\/b><\/strong>, de 40 a\u00f1os y madre de un var\u00f3n la mat\u00f3 su pareja en Chepes. Roberto Nicolas Heredia qued\u00f3 procesado por homicidio triplemente agravado por la relaci\u00f3n de pareja, alevos\u00eda y femicidio, y tambi\u00e9n por el delito de da\u00f1os.<\/p>\n<p>La violencia machista mata. Mujeres y ni\u00f1eces padecen violencias a diario y conviven de manera silenciosa con una problem\u00e1tica grave.<\/p>\n<p>Ante situaciones de violencia por razones de g\u00e9nero, llama al 144 o al 380-46-40054 o al 911.<\/p>\n<p>&nbsp;<\/p>\n<p><strong><em>Datos del 2004 al 2014 construidos por Florencia Ag\u00fcero\u00a0<\/em><\/strong><\/p>\n<p>&nbsp;<\/p>\n","protected":false},"excerpt":{"rendered":"<p>Jessica Ver\u00f3nica Mercado (34) fue asesinada a pu\u00f1aladas por su expareja -y padre de sus tres hijos- Justino<\/p>\n","protected":false},"author":14,"featured_media":75345,"comment_status":"closed","ping_status":"open","sticky":false,"template":"","format":"standard","meta":{"footnotes":""},"categories":[24],"tags":[],"class_list":["post-75344","post","type-post","status-publish","format-standard","has-post-thumbnail","hentry","category-informacion-general"],"yoast_head":"<!-- This site is optimized with the Yoast SEO plugin v27.4 - https:\/\/yoast.com\/product\/yoast-seo-wordpress\/ -->\n<title>La violencia machista mata: el femicida de Jessica Mercado ten\u00eda prisi\u00f3n condicional y prohibici\u00f3n de acercamiento - LA RED 88.3 LA RIOJA<\/title>\n<meta name=\"robots\" content=\"index, follow, max-snippet:-1, max-image-preview:large, max-video-preview:-1\" \/>\n<link rel=\"canonical\" href=\"https:\/\/laredlarioja.com.ar\/sitio\/la-violencia-machista-mata-el-femicida-de-jessica-veronica-mercado-tenia-prision-condicional-y-prohibicion-de-acercamiento\/\" \/>\n<meta property=\"og:locale\" content=\"es_ES\" \/>\n<meta property=\"og:type\" content=\"article\" \/>\n<meta property=\"og:title\" content=\"La violencia machista mata: el femicida de Jessica Mercado ten\u00eda prisi\u00f3n condicional y prohibici\u00f3n de acercamiento - LA RED 88.3 LA RIOJA\" \/>\n<meta property=\"og:description\" content=\"Jessica Ver\u00f3nica Mercado (34) fue asesinada a pu\u00f1aladas por su expareja -y padre de sus tres hijos- Justino\" \/>\n<meta property=\"og:url\" content=\"https:\/\/laredlarioja.com.ar\/sitio\/la-violencia-machista-mata-el-femicida-de-jessica-veronica-mercado-tenia-prision-condicional-y-prohibicion-de-acercamiento\/\" \/>\n<meta property=\"og:site_name\" content=\"LA RED 88.3 LA RIOJA\" \/>\n<meta property=\"article:publisher\" content=\"https:\/\/www.facebook.com\/lared.larioja\" \/>\n<meta property=\"article:published_time\" content=\"2026-03-11T15:36:17+00:00\" \/>\n<meta property=\"article:modified_time\" content=\"2026-03-12T16:32:18+00:00\" \/>\n<meta property=\"og:image\" content=\"https:\/\/laredlarioja.com.ar\/sitio\/wp-content\/uploads\/2026\/03\/Femicidio.png\" \/>\n\t<meta property=\"og:image:width\" content=\"567\" \/>\n\t<meta property=\"og:image:height\" content=\"315\" \/>\n\t<meta property=\"og:image:type\" content=\"image\/png\" \/>\n<meta name=\"author\" content=\"Analia Yoma\" \/>\n<meta name=\"twitter:card\" content=\"summary_large_image\" \/>\n<meta name=\"twitter:creator\" content=\"@laredlarioja1\" \/>\n<meta name=\"twitter:site\" content=\"@laredlarioja1\" \/>\n<meta name=\"twitter:label1\" content=\"Escrito por\" \/>\n\t<meta name=\"twitter:data1\" content=\"Analia Yoma\" \/>\n\t<meta name=\"twitter:label2\" content=\"Tiempo de lectura\" \/>\n\t<meta name=\"twitter:data2\" content=\"9 minutos\" \/>\n<script type=\"application\/ld+json\" class=\"yoast-schema-graph\">{\"@context\":\"https:\\\/\\\/schema.org\",\"@graph\":[{\"@type\":\"Article\",\"@id\":\"https:\\\/\\\/laredlarioja.com.ar\\\/sitio\\\/la-violencia-machista-mata-el-femicida-de-jessica-veronica-mercado-tenia-prision-condicional-y-prohibicion-de-acercamiento\\\/#article\",\"isPartOf\":{\"@id\":\"https:\\\/\\\/laredlarioja.com.ar\\\/sitio\\\/la-violencia-machista-mata-el-femicida-de-jessica-veronica-mercado-tenia-prision-condicional-y-prohibicion-de-acercamiento\\\/\"},\"author\":{\"name\":\"Analia Yoma\",\"@id\":\"https:\\\/\\\/laredlarioja.com.ar\\\/sitio\\\/#\\\/schema\\\/person\\\/1ea7f4446827233dde0672e6680cc48b\"},\"headline\":\"La violencia machista mata: el femicida de Jessica Mercado ten\u00eda prisi\u00f3n condicional y prohibici\u00f3n de acercamiento\",\"datePublished\":\"2026-03-11T15:36:17+00:00\",\"dateModified\":\"2026-03-12T16:32:18+00:00\",\"mainEntityOfPage\":{\"@id\":\"https:\\\/\\\/laredlarioja.com.ar\\\/sitio\\\/la-violencia-machista-mata-el-femicida-de-jessica-veronica-mercado-tenia-prision-condicional-y-prohibicion-de-acercamiento\\\/\"},\"wordCount\":1935,\"publisher\":{\"@id\":\"https:\\\/\\\/laredlarioja.com.ar\\\/sitio\\\/#organization\"},\"image\":{\"@id\":\"https:\\\/\\\/laredlarioja.com.ar\\\/sitio\\\/la-violencia-machista-mata-el-femicida-de-jessica-veronica-mercado-tenia-prision-condicional-y-prohibicion-de-acercamiento\\\/#primaryimage\"},\"thumbnailUrl\":\"https:\\\/\\\/laredlarioja.com.ar\\\/sitio\\\/wp-content\\\/uploads\\\/2026\\\/03\\\/Femicidio.png\",\"articleSection\":[\"Informaci\u00f3n General\"],\"inLanguage\":\"es\"},{\"@type\":\"WebPage\",\"@id\":\"https:\\\/\\\/laredlarioja.com.ar\\\/sitio\\\/la-violencia-machista-mata-el-femicida-de-jessica-veronica-mercado-tenia-prision-condicional-y-prohibicion-de-acercamiento\\\/\",\"url\":\"https:\\\/\\\/laredlarioja.com.ar\\\/sitio\\\/la-violencia-machista-mata-el-femicida-de-jessica-veronica-mercado-tenia-prision-condicional-y-prohibicion-de-acercamiento\\\/\",\"name\":\"La violencia machista mata: el femicida de Jessica Mercado ten\u00eda prisi\u00f3n condicional y prohibici\u00f3n de acercamiento - LA RED 88.3 LA RIOJA\",\"isPartOf\":{\"@id\":\"https:\\\/\\\/laredlarioja.com.ar\\\/sitio\\\/#website\"},\"primaryImageOfPage\":{\"@id\":\"https:\\\/\\\/laredlarioja.com.ar\\\/sitio\\\/la-violencia-machista-mata-el-femicida-de-jessica-veronica-mercado-tenia-prision-condicional-y-prohibicion-de-acercamiento\\\/#primaryimage\"},\"image\":{\"@id\":\"https:\\\/\\\/laredlarioja.com.ar\\\/sitio\\\/la-violencia-machista-mata-el-femicida-de-jessica-veronica-mercado-tenia-prision-condicional-y-prohibicion-de-acercamiento\\\/#primaryimage\"},\"thumbnailUrl\":\"https:\\\/\\\/laredlarioja.com.ar\\\/sitio\\\/wp-content\\\/uploads\\\/2026\\\/03\\\/Femicidio.png\",\"datePublished\":\"2026-03-11T15:36:17+00:00\",\"dateModified\":\"2026-03-12T16:32:18+00:00\",\"breadcrumb\":{\"@id\":\"https:\\\/\\\/laredlarioja.com.ar\\\/sitio\\\/la-violencia-machista-mata-el-femicida-de-jessica-veronica-mercado-tenia-prision-condicional-y-prohibicion-de-acercamiento\\\/#breadcrumb\"},\"inLanguage\":\"es\",\"potentialAction\":[{\"@type\":\"ReadAction\",\"target\":[\"https:\\\/\\\/laredlarioja.com.ar\\\/sitio\\\/la-violencia-machista-mata-el-femicida-de-jessica-veronica-mercado-tenia-prision-condicional-y-prohibicion-de-acercamiento\\\/\"]}]},{\"@type\":\"ImageObject\",\"inLanguage\":\"es\",\"@id\":\"https:\\\/\\\/laredlarioja.com.ar\\\/sitio\\\/la-violencia-machista-mata-el-femicida-de-jessica-veronica-mercado-tenia-prision-condicional-y-prohibicion-de-acercamiento\\\/#primaryimage\",\"url\":\"https:\\\/\\\/laredlarioja.com.ar\\\/sitio\\\/wp-content\\\/uploads\\\/2026\\\/03\\\/Femicidio.png\",\"contentUrl\":\"https:\\\/\\\/laredlarioja.com.ar\\\/sitio\\\/wp-content\\\/uploads\\\/2026\\\/03\\\/Femicidio.png\",\"width\":567,\"height\":315},{\"@type\":\"BreadcrumbList\",\"@id\":\"https:\\\/\\\/laredlarioja.com.ar\\\/sitio\\\/la-violencia-machista-mata-el-femicida-de-jessica-veronica-mercado-tenia-prision-condicional-y-prohibicion-de-acercamiento\\\/#breadcrumb\",\"itemListElement\":[{\"@type\":\"ListItem\",\"position\":1,\"name\":\"Portada\",\"item\":\"https:\\\/\\\/laredlarioja.com.ar\\\/sitio\\\/\"},{\"@type\":\"ListItem\",\"position\":2,\"name\":\"La violencia machista mata: el femicida de Jessica Mercado ten\u00eda prisi\u00f3n condicional y prohibici\u00f3n de acercamiento\"}]},{\"@type\":\"WebSite\",\"@id\":\"https:\\\/\\\/laredlarioja.com.ar\\\/sitio\\\/#website\",\"url\":\"https:\\\/\\\/laredlarioja.com.ar\\\/sitio\\\/\",\"name\":\"LA RED 88.3 LA RIOJA\",\"description\":\"Sitio de Noticias\",\"publisher\":{\"@id\":\"https:\\\/\\\/laredlarioja.com.ar\\\/sitio\\\/#organization\"},\"potentialAction\":[{\"@type\":\"SearchAction\",\"target\":{\"@type\":\"EntryPoint\",\"urlTemplate\":\"https:\\\/\\\/laredlarioja.com.ar\\\/sitio\\\/?s={search_term_string}\"},\"query-input\":{\"@type\":\"PropertyValueSpecification\",\"valueRequired\":true,\"valueName\":\"search_term_string\"}}],\"inLanguage\":\"es\"},{\"@type\":\"Organization\",\"@id\":\"https:\\\/\\\/laredlarioja.com.ar\\\/sitio\\\/#organization\",\"name\":\"LA RED 88.3 LA RIOJA\",\"url\":\"https:\\\/\\\/laredlarioja.com.ar\\\/sitio\\\/\",\"logo\":{\"@type\":\"ImageObject\",\"inLanguage\":\"es\",\"@id\":\"https:\\\/\\\/laredlarioja.com.ar\\\/sitio\\\/#\\\/schema\\\/logo\\\/image\\\/\",\"url\":\"https:\\\/\\\/laredlarioja.com.ar\\\/sitio\\\/wp-content\\\/uploads\\\/2025\\\/05\\\/LOGO-LA-RED.png\",\"contentUrl\":\"https:\\\/\\\/laredlarioja.com.ar\\\/sitio\\\/wp-content\\\/uploads\\\/2025\\\/05\\\/LOGO-LA-RED.png\",\"width\":193,\"height\":340,\"caption\":\"LA RED 88.3 LA RIOJA\"},\"image\":{\"@id\":\"https:\\\/\\\/laredlarioja.com.ar\\\/sitio\\\/#\\\/schema\\\/logo\\\/image\\\/\"},\"sameAs\":[\"https:\\\/\\\/www.facebook.com\\\/lared.larioja\",\"https:\\\/\\\/x.com\\\/laredlarioja1\",\"https:\\\/\\\/www.instagram.com\\\/lared_larioja\\\/\"]},{\"@type\":\"Person\",\"@id\":\"https:\\\/\\\/laredlarioja.com.ar\\\/sitio\\\/#\\\/schema\\\/person\\\/1ea7f4446827233dde0672e6680cc48b\",\"name\":\"Analia Yoma\",\"sameAs\":[\"https:\\\/\\\/laredlarioja.com.ar\\\/sitio\\\/\"],\"url\":\"https:\\\/\\\/laredlarioja.com.ar\\\/sitio\\\/author\\\/ana\\\/\"}]}<\/script>\n<!-- \/ Yoast SEO plugin. -->","yoast_head_json":{"title":"La violencia machista mata: el femicida de Jessica Mercado ten\u00eda prisi\u00f3n condicional y prohibici\u00f3n de acercamiento - LA RED 88.3 LA RIOJA","robots":{"index":"index","follow":"follow","max-snippet":"max-snippet:-1","max-image-preview":"max-image-preview:large","max-video-preview":"max-video-preview:-1"},"canonical":"https:\/\/laredlarioja.com.ar\/sitio\/la-violencia-machista-mata-el-femicida-de-jessica-veronica-mercado-tenia-prision-condicional-y-prohibicion-de-acercamiento\/","og_locale":"es_ES","og_type":"article","og_title":"La violencia machista mata: el femicida de Jessica Mercado ten\u00eda prisi\u00f3n condicional y prohibici\u00f3n de acercamiento - LA RED 88.3 LA RIOJA","og_description":"Jessica Ver\u00f3nica Mercado (34) fue asesinada a pu\u00f1aladas por su expareja -y padre de sus tres hijos- Justino","og_url":"https:\/\/laredlarioja.com.ar\/sitio\/la-violencia-machista-mata-el-femicida-de-jessica-veronica-mercado-tenia-prision-condicional-y-prohibicion-de-acercamiento\/","og_site_name":"LA RED 88.3 LA RIOJA","article_publisher":"https:\/\/www.facebook.com\/lared.larioja","article_published_time":"2026-03-11T15:36:17+00:00","article_modified_time":"2026-03-12T16:32:18+00:00","og_image":[{"width":567,"height":315,"url":"https:\/\/laredlarioja.com.ar\/sitio\/wp-content\/uploads\/2026\/03\/Femicidio.png","type":"image\/png"}],"author":"Analia Yoma","twitter_card":"summary_large_image","twitter_creator":"@laredlarioja1","twitter_site":"@laredlarioja1","twitter_misc":{"Escrito por":"Analia Yoma","Tiempo de lectura":"9 minutos"},"schema":{"@context":"https:\/\/schema.org","@graph":[{"@type":"Article","@id":"https:\/\/laredlarioja.com.ar\/sitio\/la-violencia-machista-mata-el-femicida-de-jessica-veronica-mercado-tenia-prision-condicional-y-prohibicion-de-acercamiento\/#article","isPartOf":{"@id":"https:\/\/laredlarioja.com.ar\/sitio\/la-violencia-machista-mata-el-femicida-de-jessica-veronica-mercado-tenia-prision-condicional-y-prohibicion-de-acercamiento\/"},"author":{"name":"Analia Yoma","@id":"https:\/\/laredlarioja.com.ar\/sitio\/#\/schema\/person\/1ea7f4446827233dde0672e6680cc48b"},"headline":"La violencia machista mata: el femicida de Jessica Mercado ten\u00eda prisi\u00f3n condicional y prohibici\u00f3n de acercamiento","datePublished":"2026-03-11T15:36:17+00:00","dateModified":"2026-03-12T16:32:18+00:00","mainEntityOfPage":{"@id":"https:\/\/laredlarioja.com.ar\/sitio\/la-violencia-machista-mata-el-femicida-de-jessica-veronica-mercado-tenia-prision-condicional-y-prohibicion-de-acercamiento\/"},"wordCount":1935,"publisher":{"@id":"https:\/\/laredlarioja.com.ar\/sitio\/#organization"},"image":{"@id":"https:\/\/laredlarioja.com.ar\/sitio\/la-violencia-machista-mata-el-femicida-de-jessica-veronica-mercado-tenia-prision-condicional-y-prohibicion-de-acercamiento\/#primaryimage"},"thumbnailUrl":"https:\/\/laredlarioja.com.ar\/sitio\/wp-content\/uploads\/2026\/03\/Femicidio.png","articleSection":["Informaci\u00f3n General"],"inLanguage":"es"},{"@type":"WebPage","@id":"https:\/\/laredlarioja.com.ar\/sitio\/la-violencia-machista-mata-el-femicida-de-jessica-veronica-mercado-tenia-prision-condicional-y-prohibicion-de-acercamiento\/","url":"https:\/\/laredlarioja.com.ar\/sitio\/la-violencia-machista-mata-el-femicida-de-jessica-veronica-mercado-tenia-prision-condicional-y-prohibicion-de-acercamiento\/","name":"La violencia machista mata: el femicida de Jessica Mercado ten\u00eda prisi\u00f3n condicional y prohibici\u00f3n de acercamiento - LA RED 88.3 LA RIOJA","isPartOf":{"@id":"https:\/\/laredlarioja.com.ar\/sitio\/#website"},"primaryImageOfPage":{"@id":"https:\/\/laredlarioja.com.ar\/sitio\/la-violencia-machista-mata-el-femicida-de-jessica-veronica-mercado-tenia-prision-condicional-y-prohibicion-de-acercamiento\/#primaryimage"},"image":{"@id":"https:\/\/laredlarioja.com.ar\/sitio\/la-violencia-machista-mata-el-femicida-de-jessica-veronica-mercado-tenia-prision-condicional-y-prohibicion-de-acercamiento\/#primaryimage"},"thumbnailUrl":"https:\/\/laredlarioja.com.ar\/sitio\/wp-content\/uploads\/2026\/03\/Femicidio.png","datePublished":"2026-03-11T15:36:17+00:00","dateModified":"2026-03-12T16:32:18+00:00","breadcrumb":{"@id":"https:\/\/laredlarioja.com.ar\/sitio\/la-violencia-machista-mata-el-femicida-de-jessica-veronica-mercado-tenia-prision-condicional-y-prohibicion-de-acercamiento\/#breadcrumb"},"inLanguage":"es","potentialAction":[{"@type":"ReadAction","target":["https:\/\/laredlarioja.com.ar\/sitio\/la-violencia-machista-mata-el-femicida-de-jessica-veronica-mercado-tenia-prision-condicional-y-prohibicion-de-acercamiento\/"]}]},{"@type":"ImageObject","inLanguage":"es","@id":"https:\/\/laredlarioja.com.ar\/sitio\/la-violencia-machista-mata-el-femicida-de-jessica-veronica-mercado-tenia-prision-condicional-y-prohibicion-de-acercamiento\/#primaryimage","url":"https:\/\/laredlarioja.com.ar\/sitio\/wp-content\/uploads\/2026\/03\/Femicidio.png","contentUrl":"https:\/\/laredlarioja.com.ar\/sitio\/wp-content\/uploads\/2026\/03\/Femicidio.png","width":567,"height":315},{"@type":"BreadcrumbList","@id":"https:\/\/laredlarioja.com.ar\/sitio\/la-violencia-machista-mata-el-femicida-de-jessica-veronica-mercado-tenia-prision-condicional-y-prohibicion-de-acercamiento\/#breadcrumb","itemListElement":[{"@type":"ListItem","position":1,"name":"Portada","item":"https:\/\/laredlarioja.com.ar\/sitio\/"},{"@type":"ListItem","position":2,"name":"La violencia machista mata: el femicida de Jessica Mercado ten\u00eda prisi\u00f3n condicional y prohibici\u00f3n de acercamiento"}]},{"@type":"WebSite","@id":"https:\/\/laredlarioja.com.ar\/sitio\/#website","url":"https:\/\/laredlarioja.com.ar\/sitio\/","name":"LA RED 88.3 LA RIOJA","description":"Sitio de Noticias","publisher":{"@id":"https:\/\/laredlarioja.com.ar\/sitio\/#organization"},"potentialAction":[{"@type":"SearchAction","target":{"@type":"EntryPoint","urlTemplate":"https:\/\/laredlarioja.com.ar\/sitio\/?s={search_term_string}"},"query-input":{"@type":"PropertyValueSpecification","valueRequired":true,"valueName":"search_term_string"}}],"inLanguage":"es"},{"@type":"Organization","@id":"https:\/\/laredlarioja.com.ar\/sitio\/#organization","name":"LA RED 88.3 LA RIOJA","url":"https:\/\/laredlarioja.com.ar\/sitio\/","logo":{"@type":"ImageObject","inLanguage":"es","@id":"https:\/\/laredlarioja.com.ar\/sitio\/#\/schema\/logo\/image\/","url":"https:\/\/laredlarioja.com.ar\/sitio\/wp-content\/uploads\/2025\/05\/LOGO-LA-RED.png","contentUrl":"https:\/\/laredlarioja.com.ar\/sitio\/wp-content\/uploads\/2025\/05\/LOGO-LA-RED.png","width":193,"height":340,"caption":"LA RED 88.3 LA RIOJA"},"image":{"@id":"https:\/\/laredlarioja.com.ar\/sitio\/#\/schema\/logo\/image\/"},"sameAs":["https:\/\/www.facebook.com\/lared.larioja","https:\/\/x.com\/laredlarioja1","https:\/\/www.instagram.com\/lared_larioja\/"]},{"@type":"Person","@id":"https:\/\/laredlarioja.com.ar\/sitio\/#\/schema\/person\/1ea7f4446827233dde0672e6680cc48b","name":"Analia Yoma","sameAs":["https:\/\/laredlarioja.com.ar\/sitio\/"],"url":"https:\/\/laredlarioja.com.ar\/sitio\/author\/ana\/"}]}},"featured_image_urls":{"full":["https:\/\/laredlarioja.com.ar\/sitio\/wp-content\/uploads\/2026\/03\/Femicidio.png",567,315,false],"thumbnail":["https:\/\/laredlarioja.com.ar\/sitio\/wp-content\/uploads\/2026\/03\/Femicidio-150x150.png",150,150,true],"medium":["https:\/\/laredlarioja.com.ar\/sitio\/wp-content\/uploads\/2026\/03\/Femicidio-300x167.png",300,167,true],"medium_large":["https:\/\/laredlarioja.com.ar\/sitio\/wp-content\/uploads\/2026\/03\/Femicidio.png",567,315,false],"large":["https:\/\/laredlarioja.com.ar\/sitio\/wp-content\/uploads\/2026\/03\/Femicidio.png",567,315,false],"1536x1536":["https:\/\/laredlarioja.com.ar\/sitio\/wp-content\/uploads\/2026\/03\/Femicidio.png",567,315,false],"2048x2048":["https:\/\/laredlarioja.com.ar\/sitio\/wp-content\/uploads\/2026\/03\/Femicidio.png",567,315,false],"cvmm-medium":["https:\/\/laredlarioja.com.ar\/sitio\/wp-content\/uploads\/2026\/03\/Femicidio-300x300.png",300,300,true],"cvmm-medium-plus":["https:\/\/laredlarioja.com.ar\/sitio\/wp-content\/uploads\/2026\/03\/Femicidio-305x207.png",305,207,true],"cvmm-portrait":["https:\/\/laredlarioja.com.ar\/sitio\/wp-content\/uploads\/2026\/03\/Femicidio-400x315.png",400,315,true],"cvmm-medium-square":["https:\/\/laredlarioja.com.ar\/sitio\/wp-content\/uploads\/2026\/03\/Femicidio.png",567,315,false],"cvmm-large":["https:\/\/laredlarioja.com.ar\/sitio\/wp-content\/uploads\/2026\/03\/Femicidio.png",567,315,false],"cvmm-small":["https:\/\/laredlarioja.com.ar\/sitio\/wp-content\/uploads\/2026\/03\/Femicidio-130x95.png",130,95,true],"morenews-large":["https:\/\/laredlarioja.com.ar\/sitio\/wp-content\/uploads\/2026\/03\/Femicidio.png",567,315,false],"morenews-medium":["https:\/\/laredlarioja.com.ar\/sitio\/wp-content\/uploads\/2026\/03\/Femicidio.png",567,315,false]},"author_info":{"display_name":"Analia Yoma","author_link":"https:\/\/laredlarioja.com.ar\/sitio\/author\/ana\/"},"category_info":"<a href=\"https:\/\/laredlarioja.com.ar\/sitio\/categorias\/informacion-general\/\" rel=\"category tag\">Informaci\u00f3n General<\/a>","tag_info":"Informaci\u00f3n General","comment_count":"0","blog_post_layout_featured_media_urls":{"thumbnail":["https:\/\/laredlarioja.com.ar\/sitio\/wp-content\/uploads\/2026\/03\/Femicidio-150x150.png",150,150,true],"full":["https:\/\/laredlarioja.com.ar\/sitio\/wp-content\/uploads\/2026\/03\/Femicidio.png",567,315,false]},"categories_names":{"24":{"name":"Informaci\u00f3n General","link":"https:\/\/laredlarioja.com.ar\/sitio\/categorias\/informacion-general\/"}},"tags_names":[],"comments_number":"0","wpmagazine_modules_lite_featured_media_urls":{"thumbnail":["https:\/\/laredlarioja.com.ar\/sitio\/wp-content\/uploads\/2026\/03\/Femicidio-150x150.png",150,150,true],"cvmm-medium":["https:\/\/laredlarioja.com.ar\/sitio\/wp-content\/uploads\/2026\/03\/Femicidio-300x300.png",300,300,true],"cvmm-medium-plus":["https:\/\/laredlarioja.com.ar\/sitio\/wp-content\/uploads\/2026\/03\/Femicidio-305x207.png",305,207,true],"cvmm-portrait":["https:\/\/laredlarioja.com.ar\/sitio\/wp-content\/uploads\/2026\/03\/Femicidio-400x315.png",400,315,true],"cvmm-medium-square":["https:\/\/laredlarioja.com.ar\/sitio\/wp-content\/uploads\/2026\/03\/Femicidio.png",567,315,false],"cvmm-large":["https:\/\/laredlarioja.com.ar\/sitio\/wp-content\/uploads\/2026\/03\/Femicidio.png",567,315,false],"cvmm-small":["https:\/\/laredlarioja.com.ar\/sitio\/wp-content\/uploads\/2026\/03\/Femicidio-130x95.png",130,95,true],"full":["https:\/\/laredlarioja.com.ar\/sitio\/wp-content\/uploads\/2026\/03\/Femicidio.png",567,315,false]},"_links":{"self":[{"href":"https:\/\/laredlarioja.com.ar\/sitio\/wp-json\/wp\/v2\/posts\/75344","targetHints":{"allow":["GET"]}}],"collection":[{"href":"https:\/\/laredlarioja.com.ar\/sitio\/wp-json\/wp\/v2\/posts"}],"about":[{"href":"https:\/\/laredlarioja.com.ar\/sitio\/wp-json\/wp\/v2\/types\/post"}],"author":[{"embeddable":true,"href":"https:\/\/laredlarioja.com.ar\/sitio\/wp-json\/wp\/v2\/users\/14"}],"replies":[{"embeddable":true,"href":"https:\/\/laredlarioja.com.ar\/sitio\/wp-json\/wp\/v2\/comments?post=75344"}],"version-history":[{"count":12,"href":"https:\/\/laredlarioja.com.ar\/sitio\/wp-json\/wp\/v2\/posts\/75344\/revisions"}],"predecessor-version":[{"id":75436,"href":"https:\/\/laredlarioja.com.ar\/sitio\/wp-json\/wp\/v2\/posts\/75344\/revisions\/75436"}],"wp:featuredmedia":[{"embeddable":true,"href":"https:\/\/laredlarioja.com.ar\/sitio\/wp-json\/wp\/v2\/media\/75345"}],"wp:attachment":[{"href":"https:\/\/laredlarioja.com.ar\/sitio\/wp-json\/wp\/v2\/media?parent=75344"}],"wp:term":[{"taxonomy":"category","embeddable":true,"href":"https:\/\/laredlarioja.com.ar\/sitio\/wp-json\/wp\/v2\/categories?post=75344"},{"taxonomy":"post_tag","embeddable":true,"href":"https:\/\/laredlarioja.com.ar\/sitio\/wp-json\/wp\/v2\/tags?post=75344"}],"curies":[{"name":"wp","href":"https:\/\/api.w.org\/{rel}","templated":true}]}}