{"id":75395,"date":"2026-03-12T11:52:02","date_gmt":"2026-03-12T11:52:02","guid":{"rendered":"https:\/\/laredlarioja.com.ar\/sitio\/?p=75395"},"modified":"2026-03-12T12:12:00","modified_gmt":"2026-03-12T12:12:00","slug":"realizaran-la-segunda-edicion-del-encuentro-de-mujeres-audiovisuales-en-espacio-73","status":"publish","type":"post","link":"https:\/\/laredlarioja.com.ar\/sitio\/realizaran-la-segunda-edicion-del-encuentro-de-mujeres-audiovisuales-en-espacio-73\/","title":{"rendered":"Realizar\u00e1n la segunda edici\u00f3n del Encuentro de Mujeres Audiovisuales en Espacio 73"},"content":{"rendered":"<p>En el marco del Mes de la Mujer, la Direcci\u00f3n General de Cine del Ministerio de Turismo y Culturas llevar\u00e1 adelante la segunda edici\u00f3n del <strong>Encuentro de Mujeres Audiovisuales<\/strong>, una jornada dedicada a visibilizar el trabajo, las experiencias y las miradas de realizadoras y creadoras del sector audiovisual.<\/p>\n<p>El evento se desarrollar\u00e1 <strong>este viernes 13 de marzo desde las 18:30 horas en Espacio 73<\/strong>, con una programaci\u00f3n que incluir\u00e1 charlas, experiencias profesionales, proyecci\u00f3n de cortometrajes y el cierre con una pel\u00edcula basada en una obra literaria contempor\u00e1nea.<\/p>\n<p>La actividad comenzar\u00e1 a las <strong>18:30 con el acto de apertura<\/strong>, dando inicio a una jornada pensada como un espacio de encuentro, reflexi\u00f3n y difusi\u00f3n del trabajo de mujeres dentro del \u00e1mbito audiovisual.<\/p>\n<p>A partir de las <strong>19:00 horas<\/strong>, se desarrollar\u00e1 el bloque <strong>\u201cMujeres Audiovisuales en Acci\u00f3n \/ Experiencias\u201d<\/strong>, donde distintas creadoras compartir\u00e1n sus trayectorias y procesos de trabajo. Entre las expositoras estar\u00e1 <strong>Emi Tapia<\/strong>, quien abordar\u00e1 el tema <em>\u201cHabitar la producci\u00f3n audiovisual\u201d<\/em>, mientras que <strong>Manuela Calvo<\/strong> presentar\u00e1 su charla <em>\u201cC\u00f3mo crear contenidos y no morir en el intento\u201d<\/em>.<\/p>\n<p>Tambi\u00e9n participar\u00e1n <strong>Florencia Galv\u00e1n y Nazarena Chagras<\/strong>, quienes reflexionar\u00e1n sobre la relaci\u00f3n entre palabra e imagen en la exposici\u00f3n <em>\u201cDel texto a la imagen: video y poes\u00eda\u201d<\/em>. En tanto, <strong>Hebe Estrabou<\/strong> presentar\u00e1 la experiencia de creaci\u00f3n colectiva de un proyecto audiovisual federal y dar\u00e1 a conocer el <strong>\u201cProyecto Querida\u201d<\/strong>, impulsado por la realizadora sanjuanina <strong>Ana Bustelo<\/strong>, junto al estreno del cortometraje <strong>\u201cEl refugio\u201d<\/strong>, realizado por <strong>16 directoras argentinas<\/strong>.<\/p>\n<p>M\u00e1s tarde, a las <strong>20:30 horas<\/strong>, se realizar\u00e1 la <strong>muestra de cortos dirigidos por mujeres titulada \u201cNuestras Miradas\u201d<\/strong>, una selecci\u00f3n de producciones que abarcan distintos g\u00e9neros y formatos audiovisuales. Entre las obras programadas se encuentran el videoclip <strong>\u201cA Chayar\u201d<\/strong>, dirigido por <strong>Maribel Barros<\/strong>; el documental <strong>\u201cCharo, el alma del campo\u201d<\/strong>, de <strong>Selene Mercado<\/strong>; la animaci\u00f3n <strong>\u201cEstelas\u201d<\/strong>, de <strong>Candela Winter<\/strong>; y el reportaje <strong>\u201cMujeres en Marcha \u2013 Cap\u00edtulo 1: Mia Campiagna\u201d<\/strong>, dirigido por <strong>Ludmila Villagra<\/strong>.<\/p>\n<p>La selecci\u00f3n tambi\u00e9n incluye las ficciones <strong>\u201cTest Time\u201d<\/strong>, de <strong>Fernanda Saavedra<\/strong>, y <strong>\u201cPunto de Intersecci\u00f3n\u201d<\/strong>, de <strong>Carla Casas<\/strong>, adem\u00e1s del cortometraje experimental <strong>\u201cLa Vigilia de las Flores\u201d<\/strong>, dirigido por <strong>\u00c1ngeles Mendoza Herrera<\/strong>.<\/p>\n<p>El cierre de la jornada ser\u00e1 a las <strong>22:00 horas con la proyecci\u00f3n del largometraje \u201cLa Virgen de la Tosquera\u201d<\/strong>, dirigido por <strong>Laura Casab\u00e9<\/strong>. La pel\u00edcula, basada en la novela de <strong>Mariana Enriquez<\/strong>, relata la historia de tres amigas que se enamoran del mismo chico y, tras un conflicto amoroso, una de ellas decide lanzar un hechizo contra la nueva pareja con la ayuda de su abuela.<\/p>\n<p>Desde la organizaci\u00f3n invitaron al p\u00fablico a participar de esta propuesta cultural que busca <strong>dar visibilidad al trabajo de mujeres realizadoras y generar espacios de intercambio dentro del sector audiovisual<\/strong>.<\/p>\n<p>La actividad es abierta y se realizar\u00e1 <strong>este viernes 13 de marzo a partir de las 18:30 en Espacio 73<\/strong>.<\/p>\n","protected":false},"excerpt":{"rendered":"<p>En el marco del Mes de la Mujer, la Direcci\u00f3n General de Cine del Ministerio de Turismo y<\/p>\n","protected":false},"author":10,"featured_media":75397,"comment_status":"closed","ping_status":"open","sticky":false,"template":"","format":"standard","meta":{"footnotes":""},"categories":[27],"tags":[],"class_list":["post-75395","post","type-post","status-publish","format-standard","has-post-thumbnail","hentry","category-cultura-y-espectaculos"],"yoast_head":"<!-- This site is optimized with the Yoast SEO plugin v27.4 - https:\/\/yoast.com\/product\/yoast-seo-wordpress\/ -->\n<title>Realizar\u00e1n la segunda edici\u00f3n del Encuentro de Mujeres Audiovisuales en Espacio 73 - LA RED 88.3 LA RIOJA<\/title>\n<meta name=\"robots\" content=\"index, follow, max-snippet:-1, max-image-preview:large, max-video-preview:-1\" \/>\n<link rel=\"canonical\" href=\"https:\/\/laredlarioja.com.ar\/sitio\/realizaran-la-segunda-edicion-del-encuentro-de-mujeres-audiovisuales-en-espacio-73\/\" \/>\n<meta property=\"og:locale\" content=\"es_ES\" \/>\n<meta property=\"og:type\" content=\"article\" \/>\n<meta property=\"og:title\" content=\"Realizar\u00e1n la segunda edici\u00f3n del Encuentro de Mujeres Audiovisuales en Espacio 73 - LA RED 88.3 LA RIOJA\" \/>\n<meta property=\"og:description\" content=\"En el marco del Mes de la Mujer, la Direcci\u00f3n General de Cine del Ministerio de Turismo y\" \/>\n<meta property=\"og:url\" content=\"https:\/\/laredlarioja.com.ar\/sitio\/realizaran-la-segunda-edicion-del-encuentro-de-mujeres-audiovisuales-en-espacio-73\/\" \/>\n<meta property=\"og:site_name\" content=\"LA RED 88.3 LA RIOJA\" \/>\n<meta property=\"article:publisher\" content=\"https:\/\/www.facebook.com\/lared.larioja\" \/>\n<meta property=\"article:published_time\" content=\"2026-03-12T11:52:02+00:00\" \/>\n<meta property=\"article:modified_time\" content=\"2026-03-12T12:12:00+00:00\" \/>\n<meta property=\"og:image\" content=\"https:\/\/laredlarioja.com.ar\/sitio\/wp-content\/uploads\/2026\/03\/cine-audiovisual-scaled.jpeg\" \/>\n\t<meta property=\"og:image:width\" content=\"2560\" \/>\n\t<meta property=\"og:image:height\" content=\"1440\" \/>\n\t<meta property=\"og:image:type\" content=\"image\/jpeg\" \/>\n<meta name=\"author\" content=\"La Red\" \/>\n<meta name=\"twitter:card\" content=\"summary_large_image\" \/>\n<meta name=\"twitter:creator\" content=\"@laredlarioja1\" \/>\n<meta name=\"twitter:site\" content=\"@laredlarioja1\" \/>\n<meta name=\"twitter:label1\" content=\"Escrito por\" \/>\n\t<meta name=\"twitter:data1\" content=\"La Red\" \/>\n\t<meta name=\"twitter:label2\" content=\"Tiempo de lectura\" \/>\n\t<meta name=\"twitter:data2\" content=\"3 minutos\" \/>\n<script type=\"application\/ld+json\" class=\"yoast-schema-graph\">{\"@context\":\"https:\\\/\\\/schema.org\",\"@graph\":[{\"@type\":\"Article\",\"@id\":\"https:\\\/\\\/laredlarioja.com.ar\\\/sitio\\\/realizaran-la-segunda-edicion-del-encuentro-de-mujeres-audiovisuales-en-espacio-73\\\/#article\",\"isPartOf\":{\"@id\":\"https:\\\/\\\/laredlarioja.com.ar\\\/sitio\\\/realizaran-la-segunda-edicion-del-encuentro-de-mujeres-audiovisuales-en-espacio-73\\\/\"},\"author\":{\"name\":\"La Red\",\"@id\":\"https:\\\/\\\/laredlarioja.com.ar\\\/sitio\\\/#\\\/schema\\\/person\\\/f1e213867beccedaaa4fb548d9259d9a\"},\"headline\":\"Realizar\u00e1n la segunda edici\u00f3n del Encuentro de Mujeres Audiovisuales en Espacio 73\",\"datePublished\":\"2026-03-12T11:52:02+00:00\",\"dateModified\":\"2026-03-12T12:12:00+00:00\",\"mainEntityOfPage\":{\"@id\":\"https:\\\/\\\/laredlarioja.com.ar\\\/sitio\\\/realizaran-la-segunda-edicion-del-encuentro-de-mujeres-audiovisuales-en-espacio-73\\\/\"},\"wordCount\":499,\"publisher\":{\"@id\":\"https:\\\/\\\/laredlarioja.com.ar\\\/sitio\\\/#organization\"},\"image\":{\"@id\":\"https:\\\/\\\/laredlarioja.com.ar\\\/sitio\\\/realizaran-la-segunda-edicion-del-encuentro-de-mujeres-audiovisuales-en-espacio-73\\\/#primaryimage\"},\"thumbnailUrl\":\"https:\\\/\\\/laredlarioja.com.ar\\\/sitio\\\/wp-content\\\/uploads\\\/2026\\\/03\\\/cine-audiovisual-scaled.jpeg\",\"articleSection\":[\"Cultura y Espect\u00e1culos\"],\"inLanguage\":\"es\"},{\"@type\":\"WebPage\",\"@id\":\"https:\\\/\\\/laredlarioja.com.ar\\\/sitio\\\/realizaran-la-segunda-edicion-del-encuentro-de-mujeres-audiovisuales-en-espacio-73\\\/\",\"url\":\"https:\\\/\\\/laredlarioja.com.ar\\\/sitio\\\/realizaran-la-segunda-edicion-del-encuentro-de-mujeres-audiovisuales-en-espacio-73\\\/\",\"name\":\"Realizar\u00e1n la segunda edici\u00f3n del Encuentro de Mujeres Audiovisuales en Espacio 73 - LA RED 88.3 LA RIOJA\",\"isPartOf\":{\"@id\":\"https:\\\/\\\/laredlarioja.com.ar\\\/sitio\\\/#website\"},\"primaryImageOfPage\":{\"@id\":\"https:\\\/\\\/laredlarioja.com.ar\\\/sitio\\\/realizaran-la-segunda-edicion-del-encuentro-de-mujeres-audiovisuales-en-espacio-73\\\/#primaryimage\"},\"image\":{\"@id\":\"https:\\\/\\\/laredlarioja.com.ar\\\/sitio\\\/realizaran-la-segunda-edicion-del-encuentro-de-mujeres-audiovisuales-en-espacio-73\\\/#primaryimage\"},\"thumbnailUrl\":\"https:\\\/\\\/laredlarioja.com.ar\\\/sitio\\\/wp-content\\\/uploads\\\/2026\\\/03\\\/cine-audiovisual-scaled.jpeg\",\"datePublished\":\"2026-03-12T11:52:02+00:00\",\"dateModified\":\"2026-03-12T12:12:00+00:00\",\"breadcrumb\":{\"@id\":\"https:\\\/\\\/laredlarioja.com.ar\\\/sitio\\\/realizaran-la-segunda-edicion-del-encuentro-de-mujeres-audiovisuales-en-espacio-73\\\/#breadcrumb\"},\"inLanguage\":\"es\",\"potentialAction\":[{\"@type\":\"ReadAction\",\"target\":[\"https:\\\/\\\/laredlarioja.com.ar\\\/sitio\\\/realizaran-la-segunda-edicion-del-encuentro-de-mujeres-audiovisuales-en-espacio-73\\\/\"]}]},{\"@type\":\"ImageObject\",\"inLanguage\":\"es\",\"@id\":\"https:\\\/\\\/laredlarioja.com.ar\\\/sitio\\\/realizaran-la-segunda-edicion-del-encuentro-de-mujeres-audiovisuales-en-espacio-73\\\/#primaryimage\",\"url\":\"https:\\\/\\\/laredlarioja.com.ar\\\/sitio\\\/wp-content\\\/uploads\\\/2026\\\/03\\\/cine-audiovisual-scaled.jpeg\",\"contentUrl\":\"https:\\\/\\\/laredlarioja.com.ar\\\/sitio\\\/wp-content\\\/uploads\\\/2026\\\/03\\\/cine-audiovisual-scaled.jpeg\",\"width\":2560,\"height\":1440},{\"@type\":\"BreadcrumbList\",\"@id\":\"https:\\\/\\\/laredlarioja.com.ar\\\/sitio\\\/realizaran-la-segunda-edicion-del-encuentro-de-mujeres-audiovisuales-en-espacio-73\\\/#breadcrumb\",\"itemListElement\":[{\"@type\":\"ListItem\",\"position\":1,\"name\":\"Portada\",\"item\":\"https:\\\/\\\/laredlarioja.com.ar\\\/sitio\\\/\"},{\"@type\":\"ListItem\",\"position\":2,\"name\":\"Realizar\u00e1n la segunda edici\u00f3n del Encuentro de Mujeres Audiovisuales en Espacio 73\"}]},{\"@type\":\"WebSite\",\"@id\":\"https:\\\/\\\/laredlarioja.com.ar\\\/sitio\\\/#website\",\"url\":\"https:\\\/\\\/laredlarioja.com.ar\\\/sitio\\\/\",\"name\":\"LA RED 88.3 LA RIOJA\",\"description\":\"Sitio de Noticias\",\"publisher\":{\"@id\":\"https:\\\/\\\/laredlarioja.com.ar\\\/sitio\\\/#organization\"},\"potentialAction\":[{\"@type\":\"SearchAction\",\"target\":{\"@type\":\"EntryPoint\",\"urlTemplate\":\"https:\\\/\\\/laredlarioja.com.ar\\\/sitio\\\/?s={search_term_string}\"},\"query-input\":{\"@type\":\"PropertyValueSpecification\",\"valueRequired\":true,\"valueName\":\"search_term_string\"}}],\"inLanguage\":\"es\"},{\"@type\":\"Organization\",\"@id\":\"https:\\\/\\\/laredlarioja.com.ar\\\/sitio\\\/#organization\",\"name\":\"LA RED 88.3 LA RIOJA\",\"url\":\"https:\\\/\\\/laredlarioja.com.ar\\\/sitio\\\/\",\"logo\":{\"@type\":\"ImageObject\",\"inLanguage\":\"es\",\"@id\":\"https:\\\/\\\/laredlarioja.com.ar\\\/sitio\\\/#\\\/schema\\\/logo\\\/image\\\/\",\"url\":\"https:\\\/\\\/laredlarioja.com.ar\\\/sitio\\\/wp-content\\\/uploads\\\/2025\\\/05\\\/LOGO-LA-RED.png\",\"contentUrl\":\"https:\\\/\\\/laredlarioja.com.ar\\\/sitio\\\/wp-content\\\/uploads\\\/2025\\\/05\\\/LOGO-LA-RED.png\",\"width\":193,\"height\":340,\"caption\":\"LA RED 88.3 LA RIOJA\"},\"image\":{\"@id\":\"https:\\\/\\\/laredlarioja.com.ar\\\/sitio\\\/#\\\/schema\\\/logo\\\/image\\\/\"},\"sameAs\":[\"https:\\\/\\\/www.facebook.com\\\/lared.larioja\",\"https:\\\/\\\/x.com\\\/laredlarioja1\",\"https:\\\/\\\/www.instagram.com\\\/lared_larioja\\\/\"]},{\"@type\":\"Person\",\"@id\":\"https:\\\/\\\/laredlarioja.com.ar\\\/sitio\\\/#\\\/schema\\\/person\\\/f1e213867beccedaaa4fb548d9259d9a\",\"name\":\"La Red\",\"url\":\"https:\\\/\\\/laredlarioja.com.ar\\\/sitio\\\/author\\\/lared\\\/\"}]}<\/script>\n<!-- \/ Yoast SEO plugin. -->","yoast_head_json":{"title":"Realizar\u00e1n la segunda edici\u00f3n del Encuentro de Mujeres Audiovisuales en Espacio 73 - LA RED 88.3 LA RIOJA","robots":{"index":"index","follow":"follow","max-snippet":"max-snippet:-1","max-image-preview":"max-image-preview:large","max-video-preview":"max-video-preview:-1"},"canonical":"https:\/\/laredlarioja.com.ar\/sitio\/realizaran-la-segunda-edicion-del-encuentro-de-mujeres-audiovisuales-en-espacio-73\/","og_locale":"es_ES","og_type":"article","og_title":"Realizar\u00e1n la segunda edici\u00f3n del Encuentro de Mujeres Audiovisuales en Espacio 73 - LA RED 88.3 LA RIOJA","og_description":"En el marco del Mes de la Mujer, la Direcci\u00f3n General de Cine del Ministerio de Turismo y","og_url":"https:\/\/laredlarioja.com.ar\/sitio\/realizaran-la-segunda-edicion-del-encuentro-de-mujeres-audiovisuales-en-espacio-73\/","og_site_name":"LA RED 88.3 LA RIOJA","article_publisher":"https:\/\/www.facebook.com\/lared.larioja","article_published_time":"2026-03-12T11:52:02+00:00","article_modified_time":"2026-03-12T12:12:00+00:00","og_image":[{"width":2560,"height":1440,"url":"https:\/\/laredlarioja.com.ar\/sitio\/wp-content\/uploads\/2026\/03\/cine-audiovisual-scaled.jpeg","type":"image\/jpeg"}],"author":"La Red","twitter_card":"summary_large_image","twitter_creator":"@laredlarioja1","twitter_site":"@laredlarioja1","twitter_misc":{"Escrito por":"La Red","Tiempo de lectura":"3 minutos"},"schema":{"@context":"https:\/\/schema.org","@graph":[{"@type":"Article","@id":"https:\/\/laredlarioja.com.ar\/sitio\/realizaran-la-segunda-edicion-del-encuentro-de-mujeres-audiovisuales-en-espacio-73\/#article","isPartOf":{"@id":"https:\/\/laredlarioja.com.ar\/sitio\/realizaran-la-segunda-edicion-del-encuentro-de-mujeres-audiovisuales-en-espacio-73\/"},"author":{"name":"La Red","@id":"https:\/\/laredlarioja.com.ar\/sitio\/#\/schema\/person\/f1e213867beccedaaa4fb548d9259d9a"},"headline":"Realizar\u00e1n la segunda edici\u00f3n del Encuentro de Mujeres Audiovisuales en Espacio 73","datePublished":"2026-03-12T11:52:02+00:00","dateModified":"2026-03-12T12:12:00+00:00","mainEntityOfPage":{"@id":"https:\/\/laredlarioja.com.ar\/sitio\/realizaran-la-segunda-edicion-del-encuentro-de-mujeres-audiovisuales-en-espacio-73\/"},"wordCount":499,"publisher":{"@id":"https:\/\/laredlarioja.com.ar\/sitio\/#organization"},"image":{"@id":"https:\/\/laredlarioja.com.ar\/sitio\/realizaran-la-segunda-edicion-del-encuentro-de-mujeres-audiovisuales-en-espacio-73\/#primaryimage"},"thumbnailUrl":"https:\/\/laredlarioja.com.ar\/sitio\/wp-content\/uploads\/2026\/03\/cine-audiovisual-scaled.jpeg","articleSection":["Cultura y Espect\u00e1culos"],"inLanguage":"es"},{"@type":"WebPage","@id":"https:\/\/laredlarioja.com.ar\/sitio\/realizaran-la-segunda-edicion-del-encuentro-de-mujeres-audiovisuales-en-espacio-73\/","url":"https:\/\/laredlarioja.com.ar\/sitio\/realizaran-la-segunda-edicion-del-encuentro-de-mujeres-audiovisuales-en-espacio-73\/","name":"Realizar\u00e1n la segunda edici\u00f3n del Encuentro de Mujeres Audiovisuales en Espacio 73 - LA RED 88.3 LA RIOJA","isPartOf":{"@id":"https:\/\/laredlarioja.com.ar\/sitio\/#website"},"primaryImageOfPage":{"@id":"https:\/\/laredlarioja.com.ar\/sitio\/realizaran-la-segunda-edicion-del-encuentro-de-mujeres-audiovisuales-en-espacio-73\/#primaryimage"},"image":{"@id":"https:\/\/laredlarioja.com.ar\/sitio\/realizaran-la-segunda-edicion-del-encuentro-de-mujeres-audiovisuales-en-espacio-73\/#primaryimage"},"thumbnailUrl":"https:\/\/laredlarioja.com.ar\/sitio\/wp-content\/uploads\/2026\/03\/cine-audiovisual-scaled.jpeg","datePublished":"2026-03-12T11:52:02+00:00","dateModified":"2026-03-12T12:12:00+00:00","breadcrumb":{"@id":"https:\/\/laredlarioja.com.ar\/sitio\/realizaran-la-segunda-edicion-del-encuentro-de-mujeres-audiovisuales-en-espacio-73\/#breadcrumb"},"inLanguage":"es","potentialAction":[{"@type":"ReadAction","target":["https:\/\/laredlarioja.com.ar\/sitio\/realizaran-la-segunda-edicion-del-encuentro-de-mujeres-audiovisuales-en-espacio-73\/"]}]},{"@type":"ImageObject","inLanguage":"es","@id":"https:\/\/laredlarioja.com.ar\/sitio\/realizaran-la-segunda-edicion-del-encuentro-de-mujeres-audiovisuales-en-espacio-73\/#primaryimage","url":"https:\/\/laredlarioja.com.ar\/sitio\/wp-content\/uploads\/2026\/03\/cine-audiovisual-scaled.jpeg","contentUrl":"https:\/\/laredlarioja.com.ar\/sitio\/wp-content\/uploads\/2026\/03\/cine-audiovisual-scaled.jpeg","width":2560,"height":1440},{"@type":"BreadcrumbList","@id":"https:\/\/laredlarioja.com.ar\/sitio\/realizaran-la-segunda-edicion-del-encuentro-de-mujeres-audiovisuales-en-espacio-73\/#breadcrumb","itemListElement":[{"@type":"ListItem","position":1,"name":"Portada","item":"https:\/\/laredlarioja.com.ar\/sitio\/"},{"@type":"ListItem","position":2,"name":"Realizar\u00e1n la segunda edici\u00f3n del Encuentro de Mujeres Audiovisuales en Espacio 73"}]},{"@type":"WebSite","@id":"https:\/\/laredlarioja.com.ar\/sitio\/#website","url":"https:\/\/laredlarioja.com.ar\/sitio\/","name":"LA RED 88.3 LA RIOJA","description":"Sitio de Noticias","publisher":{"@id":"https:\/\/laredlarioja.com.ar\/sitio\/#organization"},"potentialAction":[{"@type":"SearchAction","target":{"@type":"EntryPoint","urlTemplate":"https:\/\/laredlarioja.com.ar\/sitio\/?s={search_term_string}"},"query-input":{"@type":"PropertyValueSpecification","valueRequired":true,"valueName":"search_term_string"}}],"inLanguage":"es"},{"@type":"Organization","@id":"https:\/\/laredlarioja.com.ar\/sitio\/#organization","name":"LA RED 88.3 LA RIOJA","url":"https:\/\/laredlarioja.com.ar\/sitio\/","logo":{"@type":"ImageObject","inLanguage":"es","@id":"https:\/\/laredlarioja.com.ar\/sitio\/#\/schema\/logo\/image\/","url":"https:\/\/laredlarioja.com.ar\/sitio\/wp-content\/uploads\/2025\/05\/LOGO-LA-RED.png","contentUrl":"https:\/\/laredlarioja.com.ar\/sitio\/wp-content\/uploads\/2025\/05\/LOGO-LA-RED.png","width":193,"height":340,"caption":"LA RED 88.3 LA RIOJA"},"image":{"@id":"https:\/\/laredlarioja.com.ar\/sitio\/#\/schema\/logo\/image\/"},"sameAs":["https:\/\/www.facebook.com\/lared.larioja","https:\/\/x.com\/laredlarioja1","https:\/\/www.instagram.com\/lared_larioja\/"]},{"@type":"Person","@id":"https:\/\/laredlarioja.com.ar\/sitio\/#\/schema\/person\/f1e213867beccedaaa4fb548d9259d9a","name":"La Red","url":"https:\/\/laredlarioja.com.ar\/sitio\/author\/lared\/"}]}},"featured_image_urls":{"full":["https:\/\/laredlarioja.com.ar\/sitio\/wp-content\/uploads\/2026\/03\/cine-audiovisual-scaled.jpeg",2560,1440,false],"thumbnail":["https:\/\/laredlarioja.com.ar\/sitio\/wp-content\/uploads\/2026\/03\/cine-audiovisual-150x150.jpeg",150,150,true],"medium":["https:\/\/laredlarioja.com.ar\/sitio\/wp-content\/uploads\/2026\/03\/cine-audiovisual-300x169.jpeg",300,169,true],"medium_large":["https:\/\/laredlarioja.com.ar\/sitio\/wp-content\/uploads\/2026\/03\/cine-audiovisual-768x432.jpeg",640,360,true],"large":["https:\/\/laredlarioja.com.ar\/sitio\/wp-content\/uploads\/2026\/03\/cine-audiovisual-1024x576.jpeg",640,360,true],"1536x1536":["https:\/\/laredlarioja.com.ar\/sitio\/wp-content\/uploads\/2026\/03\/cine-audiovisual-1536x864.jpeg",1536,864,true],"2048x2048":["https:\/\/laredlarioja.com.ar\/sitio\/wp-content\/uploads\/2026\/03\/cine-audiovisual-2048x1152.jpeg",2048,1152,true],"cvmm-medium":["https:\/\/laredlarioja.com.ar\/sitio\/wp-content\/uploads\/2026\/03\/cine-audiovisual-300x300.jpeg",300,300,true],"cvmm-medium-plus":["https:\/\/laredlarioja.com.ar\/sitio\/wp-content\/uploads\/2026\/03\/cine-audiovisual-305x207.jpeg",305,207,true],"cvmm-portrait":["https:\/\/laredlarioja.com.ar\/sitio\/wp-content\/uploads\/2026\/03\/cine-audiovisual-400x600.jpeg",400,600,true],"cvmm-medium-square":["https:\/\/laredlarioja.com.ar\/sitio\/wp-content\/uploads\/2026\/03\/cine-audiovisual-600x600.jpeg",600,600,true],"cvmm-large":["https:\/\/laredlarioja.com.ar\/sitio\/wp-content\/uploads\/2026\/03\/cine-audiovisual-1024x1024.jpeg",1024,1024,true],"cvmm-small":["https:\/\/laredlarioja.com.ar\/sitio\/wp-content\/uploads\/2026\/03\/cine-audiovisual-130x95.jpeg",130,95,true],"morenews-large":["https:\/\/laredlarioja.com.ar\/sitio\/wp-content\/uploads\/2026\/03\/cine-audiovisual-825x575.jpeg",825,575,true],"morenews-medium":["https:\/\/laredlarioja.com.ar\/sitio\/wp-content\/uploads\/2026\/03\/cine-audiovisual-590x410.jpeg",590,410,true]},"author_info":{"display_name":"La Red","author_link":"https:\/\/laredlarioja.com.ar\/sitio\/author\/lared\/"},"category_info":"<a href=\"https:\/\/laredlarioja.com.ar\/sitio\/categorias\/cultura-y-espectaculos\/\" rel=\"category tag\">Cultura y Espect\u00e1culos<\/a>","tag_info":"Cultura y Espect\u00e1culos","comment_count":"0","blog_post_layout_featured_media_urls":{"thumbnail":["https:\/\/laredlarioja.com.ar\/sitio\/wp-content\/uploads\/2026\/03\/cine-audiovisual-150x150.jpeg",150,150,true],"full":["https:\/\/laredlarioja.com.ar\/sitio\/wp-content\/uploads\/2026\/03\/cine-audiovisual-scaled.jpeg",2560,1440,false]},"categories_names":{"27":{"name":"Cultura y Espect\u00e1culos","link":"https:\/\/laredlarioja.com.ar\/sitio\/categorias\/cultura-y-espectaculos\/"}},"tags_names":[],"comments_number":"0","wpmagazine_modules_lite_featured_media_urls":{"thumbnail":["https:\/\/laredlarioja.com.ar\/sitio\/wp-content\/uploads\/2026\/03\/cine-audiovisual-150x150.jpeg",150,150,true],"cvmm-medium":["https:\/\/laredlarioja.com.ar\/sitio\/wp-content\/uploads\/2026\/03\/cine-audiovisual-300x300.jpeg",300,300,true],"cvmm-medium-plus":["https:\/\/laredlarioja.com.ar\/sitio\/wp-content\/uploads\/2026\/03\/cine-audiovisual-305x207.jpeg",305,207,true],"cvmm-portrait":["https:\/\/laredlarioja.com.ar\/sitio\/wp-content\/uploads\/2026\/03\/cine-audiovisual-400x600.jpeg",400,600,true],"cvmm-medium-square":["https:\/\/laredlarioja.com.ar\/sitio\/wp-content\/uploads\/2026\/03\/cine-audiovisual-600x600.jpeg",600,600,true],"cvmm-large":["https:\/\/laredlarioja.com.ar\/sitio\/wp-content\/uploads\/2026\/03\/cine-audiovisual-1024x1024.jpeg",1024,1024,true],"cvmm-small":["https:\/\/laredlarioja.com.ar\/sitio\/wp-content\/uploads\/2026\/03\/cine-audiovisual-130x95.jpeg",130,95,true],"full":["https:\/\/laredlarioja.com.ar\/sitio\/wp-content\/uploads\/2026\/03\/cine-audiovisual-scaled.jpeg",2560,1440,false]},"_links":{"self":[{"href":"https:\/\/laredlarioja.com.ar\/sitio\/wp-json\/wp\/v2\/posts\/75395","targetHints":{"allow":["GET"]}}],"collection":[{"href":"https:\/\/laredlarioja.com.ar\/sitio\/wp-json\/wp\/v2\/posts"}],"about":[{"href":"https:\/\/laredlarioja.com.ar\/sitio\/wp-json\/wp\/v2\/types\/post"}],"author":[{"embeddable":true,"href":"https:\/\/laredlarioja.com.ar\/sitio\/wp-json\/wp\/v2\/users\/10"}],"replies":[{"embeddable":true,"href":"https:\/\/laredlarioja.com.ar\/sitio\/wp-json\/wp\/v2\/comments?post=75395"}],"version-history":[{"count":1,"href":"https:\/\/laredlarioja.com.ar\/sitio\/wp-json\/wp\/v2\/posts\/75395\/revisions"}],"predecessor-version":[{"id":75396,"href":"https:\/\/laredlarioja.com.ar\/sitio\/wp-json\/wp\/v2\/posts\/75395\/revisions\/75396"}],"wp:featuredmedia":[{"embeddable":true,"href":"https:\/\/laredlarioja.com.ar\/sitio\/wp-json\/wp\/v2\/media\/75397"}],"wp:attachment":[{"href":"https:\/\/laredlarioja.com.ar\/sitio\/wp-json\/wp\/v2\/media?parent=75395"}],"wp:term":[{"taxonomy":"category","embeddable":true,"href":"https:\/\/laredlarioja.com.ar\/sitio\/wp-json\/wp\/v2\/categories?post=75395"},{"taxonomy":"post_tag","embeddable":true,"href":"https:\/\/laredlarioja.com.ar\/sitio\/wp-json\/wp\/v2\/tags?post=75395"}],"curies":[{"name":"wp","href":"https:\/\/api.w.org\/{rel}","templated":true}]}}