{"id":75470,"date":"2026-03-13T12:11:27","date_gmt":"2026-03-13T12:11:27","guid":{"rendered":"https:\/\/laredlarioja.com.ar\/sitio\/?p=75470"},"modified":"2026-03-13T12:11:27","modified_gmt":"2026-03-13T12:11:27","slug":"primer-fallo-contra-la-reforma-laboral-juez-declaro-inconstitucional-el-articulo-que-limita-las-indemnizaciones","status":"publish","type":"post","link":"https:\/\/laredlarioja.com.ar\/sitio\/primer-fallo-contra-la-reforma-laboral-juez-declaro-inconstitucional-el-articulo-que-limita-las-indemnizaciones\/","title":{"rendered":"Primer fallo contra la reforma laboral: juez declar\u00f3 inconstitucional el art\u00edculo que limita las indemnizaciones"},"content":{"rendered":"<p><strong>La ley de reforma laboral tuvo este jueves su primer fallo en contra, que lleg\u00f3 a trav\u00e9s de un juez laboral de C\u00f3rdoba que declar\u00f3 la inconstitucionalidad del art\u00edculo 55 de la ley, el\u00a0<\/strong>que regula la forma en que deben actualizarse los cr\u00e9ditos laborales en juicios que ya estaban en tr\u00e1mite cuando entr\u00f3 en vigencia la nueva normativa.<\/p>\n<p><strong>Este apartado refiere a los juicios laborales y determina qu\u00e9 se puede reducir entre un 20% y un 60% lo que terminar\u00eda cobrando un trabajador respecto de los criterios que se usaban<\/strong>\u00a0en varios tribunales laborales previo a la vigencia de la nueva ley.<\/p>\n<p><strong>El art\u00edculo 55 establece c\u00f3mo se actualizan las deudas en juicios laborales en curso, usando intereses del Banco Central (BCRA), pero con un l\u00edmite\u00a0<\/strong>m\u00e1ximo de inflaci\u00f3n + 3% anual y un m\u00ednimo del 67% de ese c\u00e1lculo.<\/p>\n<p>Al respecto,<strong>\u00a0el juez Ricardo Gileta resolvi\u00f3 que queda \u201cdesechada la validez de constitucional del art\u00edculo 55\u201d<\/strong> en su sentencia con fecha del 10 de marzo, pero que se conoci\u00f3 este jueves.<\/p>\n<p>El magistrado\u00a0<strong>sostuvo que el capital original deber\u00e1 recalcularse seg\u00fan lo previsto por el art\u00edculo 276 de la Ley de Contrato de Trabajo, modificado por la reforma laboral,\u00a0<\/strong>esquema que implica que el monto se ajuste de acuerdo con la evoluci\u00f3n del IPC, sumando adem\u00e1s un 3% mensual desde el momento en que se produjo la mora hasta que se concrete el pago.<\/p>\n<p>El magistrado explic\u00f3 que el art\u00edculo 55 de la \u00abLey de Modernizaci\u00f3n Laboral\u00bb introduce un criterio distinto para las causas que ya estaban en tr\u00e1mite antes de la sanci\u00f3n de la norma.<\/p>\n<p title=\"__IP__\" data-ipspy=\"__IP__\">En esos casos, la ley fija que las deudas se actualicen tomando como referencia la tasa pasiva del Banco Central, comparada con la inflaci\u00f3n, con un piso equivalente al 67% del c\u00e1lculo que establece el art\u00edculo 276 de la legislaci\u00f3n laboral vigente.<\/p>\n<p><strong>Para Gileta, ese tratamiento diferenciado entre juicios nuevos y procesos iniciados previamente viola el principio de igualdad ante la ley,<\/strong>\u00a0por lo que dispuso que los cr\u00e9ditos laborales del caso se actualicen bajo el criterio del art\u00edculo 276 de la Ley de Contrato de Trabajo.<\/p>\n<p>El fallo subray\u00f3 que los cr\u00e9ditos laborales tienen un car\u00e1cter alimentario y est\u00e1n especialmente protegidos por el derecho del trabajo, o sea que cualquier mecanismo que reduzca de manera significativa su valor frente a la inflaci\u00f3n puede afectar el principio de reparaci\u00f3n plena y el principio protectorio consagrado en la Constituci\u00f3n.<\/p>\n","protected":false},"excerpt":{"rendered":"<p>La ley de reforma laboral tuvo este jueves su primer fallo en contra, que lleg\u00f3 a trav\u00e9s de<\/p>\n","protected":false},"author":10,"featured_media":75472,"comment_status":"closed","ping_status":"open","sticky":false,"template":"","format":"standard","meta":{"footnotes":""},"categories":[130],"tags":[],"class_list":["post-75470","post","type-post","status-publish","format-standard","has-post-thumbnail","hentry","category-pais"],"yoast_head":"<!-- This site is optimized with the Yoast SEO plugin v27.4 - https:\/\/yoast.com\/product\/yoast-seo-wordpress\/ -->\n<title>Primer fallo contra la reforma laboral: juez declar\u00f3 inconstitucional el art\u00edculo que limita las indemnizaciones - LA RED 88.3 LA RIOJA<\/title>\n<meta name=\"robots\" content=\"index, follow, max-snippet:-1, max-image-preview:large, max-video-preview:-1\" \/>\n<link rel=\"canonical\" href=\"https:\/\/laredlarioja.com.ar\/sitio\/primer-fallo-contra-la-reforma-laboral-juez-declaro-inconstitucional-el-articulo-que-limita-las-indemnizaciones\/\" \/>\n<meta property=\"og:locale\" content=\"es_ES\" \/>\n<meta property=\"og:type\" content=\"article\" \/>\n<meta property=\"og:title\" content=\"Primer fallo contra la reforma laboral: juez declar\u00f3 inconstitucional el art\u00edculo que limita las indemnizaciones - LA RED 88.3 LA RIOJA\" \/>\n<meta property=\"og:description\" content=\"La ley de reforma laboral tuvo este jueves su primer fallo en contra, que lleg\u00f3 a trav\u00e9s de\" \/>\n<meta property=\"og:url\" content=\"https:\/\/laredlarioja.com.ar\/sitio\/primer-fallo-contra-la-reforma-laboral-juez-declaro-inconstitucional-el-articulo-que-limita-las-indemnizaciones\/\" \/>\n<meta property=\"og:site_name\" content=\"LA RED 88.3 LA RIOJA\" \/>\n<meta property=\"article:publisher\" content=\"https:\/\/www.facebook.com\/lared.larioja\" \/>\n<meta property=\"article:published_time\" content=\"2026-03-13T12:11:27+00:00\" \/>\n<meta property=\"og:image\" content=\"https:\/\/laredlarioja.com.ar\/sitio\/wp-content\/uploads\/2026\/03\/reforma-laboral.webp\" \/>\n\t<meta property=\"og:image:width\" content=\"1080\" \/>\n\t<meta property=\"og:image:height\" content=\"720\" \/>\n\t<meta property=\"og:image:type\" content=\"image\/webp\" \/>\n<meta name=\"author\" content=\"La Red\" \/>\n<meta name=\"twitter:card\" content=\"summary_large_image\" \/>\n<meta name=\"twitter:creator\" content=\"@laredlarioja1\" \/>\n<meta name=\"twitter:site\" content=\"@laredlarioja1\" \/>\n<meta name=\"twitter:label1\" content=\"Escrito por\" \/>\n\t<meta name=\"twitter:data1\" content=\"La Red\" \/>\n\t<meta name=\"twitter:label2\" content=\"Tiempo de lectura\" \/>\n\t<meta name=\"twitter:data2\" content=\"2 minutos\" \/>\n<script type=\"application\/ld+json\" class=\"yoast-schema-graph\">{\"@context\":\"https:\\\/\\\/schema.org\",\"@graph\":[{\"@type\":\"Article\",\"@id\":\"https:\\\/\\\/laredlarioja.com.ar\\\/sitio\\\/primer-fallo-contra-la-reforma-laboral-juez-declaro-inconstitucional-el-articulo-que-limita-las-indemnizaciones\\\/#article\",\"isPartOf\":{\"@id\":\"https:\\\/\\\/laredlarioja.com.ar\\\/sitio\\\/primer-fallo-contra-la-reforma-laboral-juez-declaro-inconstitucional-el-articulo-que-limita-las-indemnizaciones\\\/\"},\"author\":{\"name\":\"La Red\",\"@id\":\"https:\\\/\\\/laredlarioja.com.ar\\\/sitio\\\/#\\\/schema\\\/person\\\/f1e213867beccedaaa4fb548d9259d9a\"},\"headline\":\"Primer fallo contra la reforma laboral: juez declar\u00f3 inconstitucional el art\u00edculo que limita las indemnizaciones\",\"datePublished\":\"2026-03-13T12:11:27+00:00\",\"mainEntityOfPage\":{\"@id\":\"https:\\\/\\\/laredlarioja.com.ar\\\/sitio\\\/primer-fallo-contra-la-reforma-laboral-juez-declaro-inconstitucional-el-articulo-que-limita-las-indemnizaciones\\\/\"},\"wordCount\":441,\"publisher\":{\"@id\":\"https:\\\/\\\/laredlarioja.com.ar\\\/sitio\\\/#organization\"},\"image\":{\"@id\":\"https:\\\/\\\/laredlarioja.com.ar\\\/sitio\\\/primer-fallo-contra-la-reforma-laboral-juez-declaro-inconstitucional-el-articulo-que-limita-las-indemnizaciones\\\/#primaryimage\"},\"thumbnailUrl\":\"https:\\\/\\\/laredlarioja.com.ar\\\/sitio\\\/wp-content\\\/uploads\\\/2026\\\/03\\\/reforma-laboral.webp\",\"articleSection\":[\"El pa\u00eds\"],\"inLanguage\":\"es\"},{\"@type\":\"WebPage\",\"@id\":\"https:\\\/\\\/laredlarioja.com.ar\\\/sitio\\\/primer-fallo-contra-la-reforma-laboral-juez-declaro-inconstitucional-el-articulo-que-limita-las-indemnizaciones\\\/\",\"url\":\"https:\\\/\\\/laredlarioja.com.ar\\\/sitio\\\/primer-fallo-contra-la-reforma-laboral-juez-declaro-inconstitucional-el-articulo-que-limita-las-indemnizaciones\\\/\",\"name\":\"Primer fallo contra la reforma laboral: juez declar\u00f3 inconstitucional el art\u00edculo que limita las indemnizaciones - LA RED 88.3 LA RIOJA\",\"isPartOf\":{\"@id\":\"https:\\\/\\\/laredlarioja.com.ar\\\/sitio\\\/#website\"},\"primaryImageOfPage\":{\"@id\":\"https:\\\/\\\/laredlarioja.com.ar\\\/sitio\\\/primer-fallo-contra-la-reforma-laboral-juez-declaro-inconstitucional-el-articulo-que-limita-las-indemnizaciones\\\/#primaryimage\"},\"image\":{\"@id\":\"https:\\\/\\\/laredlarioja.com.ar\\\/sitio\\\/primer-fallo-contra-la-reforma-laboral-juez-declaro-inconstitucional-el-articulo-que-limita-las-indemnizaciones\\\/#primaryimage\"},\"thumbnailUrl\":\"https:\\\/\\\/laredlarioja.com.ar\\\/sitio\\\/wp-content\\\/uploads\\\/2026\\\/03\\\/reforma-laboral.webp\",\"datePublished\":\"2026-03-13T12:11:27+00:00\",\"breadcrumb\":{\"@id\":\"https:\\\/\\\/laredlarioja.com.ar\\\/sitio\\\/primer-fallo-contra-la-reforma-laboral-juez-declaro-inconstitucional-el-articulo-que-limita-las-indemnizaciones\\\/#breadcrumb\"},\"inLanguage\":\"es\",\"potentialAction\":[{\"@type\":\"ReadAction\",\"target\":[\"https:\\\/\\\/laredlarioja.com.ar\\\/sitio\\\/primer-fallo-contra-la-reforma-laboral-juez-declaro-inconstitucional-el-articulo-que-limita-las-indemnizaciones\\\/\"]}]},{\"@type\":\"ImageObject\",\"inLanguage\":\"es\",\"@id\":\"https:\\\/\\\/laredlarioja.com.ar\\\/sitio\\\/primer-fallo-contra-la-reforma-laboral-juez-declaro-inconstitucional-el-articulo-que-limita-las-indemnizaciones\\\/#primaryimage\",\"url\":\"https:\\\/\\\/laredlarioja.com.ar\\\/sitio\\\/wp-content\\\/uploads\\\/2026\\\/03\\\/reforma-laboral.webp\",\"contentUrl\":\"https:\\\/\\\/laredlarioja.com.ar\\\/sitio\\\/wp-content\\\/uploads\\\/2026\\\/03\\\/reforma-laboral.webp\",\"width\":1080,\"height\":720},{\"@type\":\"BreadcrumbList\",\"@id\":\"https:\\\/\\\/laredlarioja.com.ar\\\/sitio\\\/primer-fallo-contra-la-reforma-laboral-juez-declaro-inconstitucional-el-articulo-que-limita-las-indemnizaciones\\\/#breadcrumb\",\"itemListElement\":[{\"@type\":\"ListItem\",\"position\":1,\"name\":\"Portada\",\"item\":\"https:\\\/\\\/laredlarioja.com.ar\\\/sitio\\\/\"},{\"@type\":\"ListItem\",\"position\":2,\"name\":\"Primer fallo contra la reforma laboral: juez declar\u00f3 inconstitucional el art\u00edculo que limita las indemnizaciones\"}]},{\"@type\":\"WebSite\",\"@id\":\"https:\\\/\\\/laredlarioja.com.ar\\\/sitio\\\/#website\",\"url\":\"https:\\\/\\\/laredlarioja.com.ar\\\/sitio\\\/\",\"name\":\"LA RED 88.3 LA RIOJA\",\"description\":\"Sitio de Noticias\",\"publisher\":{\"@id\":\"https:\\\/\\\/laredlarioja.com.ar\\\/sitio\\\/#organization\"},\"potentialAction\":[{\"@type\":\"SearchAction\",\"target\":{\"@type\":\"EntryPoint\",\"urlTemplate\":\"https:\\\/\\\/laredlarioja.com.ar\\\/sitio\\\/?s={search_term_string}\"},\"query-input\":{\"@type\":\"PropertyValueSpecification\",\"valueRequired\":true,\"valueName\":\"search_term_string\"}}],\"inLanguage\":\"es\"},{\"@type\":\"Organization\",\"@id\":\"https:\\\/\\\/laredlarioja.com.ar\\\/sitio\\\/#organization\",\"name\":\"LA RED 88.3 LA RIOJA\",\"url\":\"https:\\\/\\\/laredlarioja.com.ar\\\/sitio\\\/\",\"logo\":{\"@type\":\"ImageObject\",\"inLanguage\":\"es\",\"@id\":\"https:\\\/\\\/laredlarioja.com.ar\\\/sitio\\\/#\\\/schema\\\/logo\\\/image\\\/\",\"url\":\"https:\\\/\\\/laredlarioja.com.ar\\\/sitio\\\/wp-content\\\/uploads\\\/2025\\\/05\\\/LOGO-LA-RED.png\",\"contentUrl\":\"https:\\\/\\\/laredlarioja.com.ar\\\/sitio\\\/wp-content\\\/uploads\\\/2025\\\/05\\\/LOGO-LA-RED.png\",\"width\":193,\"height\":340,\"caption\":\"LA RED 88.3 LA RIOJA\"},\"image\":{\"@id\":\"https:\\\/\\\/laredlarioja.com.ar\\\/sitio\\\/#\\\/schema\\\/logo\\\/image\\\/\"},\"sameAs\":[\"https:\\\/\\\/www.facebook.com\\\/lared.larioja\",\"https:\\\/\\\/x.com\\\/laredlarioja1\",\"https:\\\/\\\/www.instagram.com\\\/lared_larioja\\\/\"]},{\"@type\":\"Person\",\"@id\":\"https:\\\/\\\/laredlarioja.com.ar\\\/sitio\\\/#\\\/schema\\\/person\\\/f1e213867beccedaaa4fb548d9259d9a\",\"name\":\"La Red\",\"url\":\"https:\\\/\\\/laredlarioja.com.ar\\\/sitio\\\/author\\\/lared\\\/\"}]}<\/script>\n<!-- \/ Yoast SEO plugin. -->","yoast_head_json":{"title":"Primer fallo contra la reforma laboral: juez declar\u00f3 inconstitucional el art\u00edculo que limita las indemnizaciones - LA RED 88.3 LA RIOJA","robots":{"index":"index","follow":"follow","max-snippet":"max-snippet:-1","max-image-preview":"max-image-preview:large","max-video-preview":"max-video-preview:-1"},"canonical":"https:\/\/laredlarioja.com.ar\/sitio\/primer-fallo-contra-la-reforma-laboral-juez-declaro-inconstitucional-el-articulo-que-limita-las-indemnizaciones\/","og_locale":"es_ES","og_type":"article","og_title":"Primer fallo contra la reforma laboral: juez declar\u00f3 inconstitucional el art\u00edculo que limita las indemnizaciones - LA RED 88.3 LA RIOJA","og_description":"La ley de reforma laboral tuvo este jueves su primer fallo en contra, que lleg\u00f3 a trav\u00e9s de","og_url":"https:\/\/laredlarioja.com.ar\/sitio\/primer-fallo-contra-la-reforma-laboral-juez-declaro-inconstitucional-el-articulo-que-limita-las-indemnizaciones\/","og_site_name":"LA RED 88.3 LA RIOJA","article_publisher":"https:\/\/www.facebook.com\/lared.larioja","article_published_time":"2026-03-13T12:11:27+00:00","og_image":[{"width":1080,"height":720,"url":"https:\/\/laredlarioja.com.ar\/sitio\/wp-content\/uploads\/2026\/03\/reforma-laboral.webp","type":"image\/webp"}],"author":"La Red","twitter_card":"summary_large_image","twitter_creator":"@laredlarioja1","twitter_site":"@laredlarioja1","twitter_misc":{"Escrito por":"La Red","Tiempo de lectura":"2 minutos"},"schema":{"@context":"https:\/\/schema.org","@graph":[{"@type":"Article","@id":"https:\/\/laredlarioja.com.ar\/sitio\/primer-fallo-contra-la-reforma-laboral-juez-declaro-inconstitucional-el-articulo-que-limita-las-indemnizaciones\/#article","isPartOf":{"@id":"https:\/\/laredlarioja.com.ar\/sitio\/primer-fallo-contra-la-reforma-laboral-juez-declaro-inconstitucional-el-articulo-que-limita-las-indemnizaciones\/"},"author":{"name":"La Red","@id":"https:\/\/laredlarioja.com.ar\/sitio\/#\/schema\/person\/f1e213867beccedaaa4fb548d9259d9a"},"headline":"Primer fallo contra la reforma laboral: juez declar\u00f3 inconstitucional el art\u00edculo que limita las indemnizaciones","datePublished":"2026-03-13T12:11:27+00:00","mainEntityOfPage":{"@id":"https:\/\/laredlarioja.com.ar\/sitio\/primer-fallo-contra-la-reforma-laboral-juez-declaro-inconstitucional-el-articulo-que-limita-las-indemnizaciones\/"},"wordCount":441,"publisher":{"@id":"https:\/\/laredlarioja.com.ar\/sitio\/#organization"},"image":{"@id":"https:\/\/laredlarioja.com.ar\/sitio\/primer-fallo-contra-la-reforma-laboral-juez-declaro-inconstitucional-el-articulo-que-limita-las-indemnizaciones\/#primaryimage"},"thumbnailUrl":"https:\/\/laredlarioja.com.ar\/sitio\/wp-content\/uploads\/2026\/03\/reforma-laboral.webp","articleSection":["El pa\u00eds"],"inLanguage":"es"},{"@type":"WebPage","@id":"https:\/\/laredlarioja.com.ar\/sitio\/primer-fallo-contra-la-reforma-laboral-juez-declaro-inconstitucional-el-articulo-que-limita-las-indemnizaciones\/","url":"https:\/\/laredlarioja.com.ar\/sitio\/primer-fallo-contra-la-reforma-laboral-juez-declaro-inconstitucional-el-articulo-que-limita-las-indemnizaciones\/","name":"Primer fallo contra la reforma laboral: juez declar\u00f3 inconstitucional el art\u00edculo que limita las indemnizaciones - LA RED 88.3 LA RIOJA","isPartOf":{"@id":"https:\/\/laredlarioja.com.ar\/sitio\/#website"},"primaryImageOfPage":{"@id":"https:\/\/laredlarioja.com.ar\/sitio\/primer-fallo-contra-la-reforma-laboral-juez-declaro-inconstitucional-el-articulo-que-limita-las-indemnizaciones\/#primaryimage"},"image":{"@id":"https:\/\/laredlarioja.com.ar\/sitio\/primer-fallo-contra-la-reforma-laboral-juez-declaro-inconstitucional-el-articulo-que-limita-las-indemnizaciones\/#primaryimage"},"thumbnailUrl":"https:\/\/laredlarioja.com.ar\/sitio\/wp-content\/uploads\/2026\/03\/reforma-laboral.webp","datePublished":"2026-03-13T12:11:27+00:00","breadcrumb":{"@id":"https:\/\/laredlarioja.com.ar\/sitio\/primer-fallo-contra-la-reforma-laboral-juez-declaro-inconstitucional-el-articulo-que-limita-las-indemnizaciones\/#breadcrumb"},"inLanguage":"es","potentialAction":[{"@type":"ReadAction","target":["https:\/\/laredlarioja.com.ar\/sitio\/primer-fallo-contra-la-reforma-laboral-juez-declaro-inconstitucional-el-articulo-que-limita-las-indemnizaciones\/"]}]},{"@type":"ImageObject","inLanguage":"es","@id":"https:\/\/laredlarioja.com.ar\/sitio\/primer-fallo-contra-la-reforma-laboral-juez-declaro-inconstitucional-el-articulo-que-limita-las-indemnizaciones\/#primaryimage","url":"https:\/\/laredlarioja.com.ar\/sitio\/wp-content\/uploads\/2026\/03\/reforma-laboral.webp","contentUrl":"https:\/\/laredlarioja.com.ar\/sitio\/wp-content\/uploads\/2026\/03\/reforma-laboral.webp","width":1080,"height":720},{"@type":"BreadcrumbList","@id":"https:\/\/laredlarioja.com.ar\/sitio\/primer-fallo-contra-la-reforma-laboral-juez-declaro-inconstitucional-el-articulo-que-limita-las-indemnizaciones\/#breadcrumb","itemListElement":[{"@type":"ListItem","position":1,"name":"Portada","item":"https:\/\/laredlarioja.com.ar\/sitio\/"},{"@type":"ListItem","position":2,"name":"Primer fallo contra la reforma laboral: juez declar\u00f3 inconstitucional el art\u00edculo que limita las indemnizaciones"}]},{"@type":"WebSite","@id":"https:\/\/laredlarioja.com.ar\/sitio\/#website","url":"https:\/\/laredlarioja.com.ar\/sitio\/","name":"LA RED 88.3 LA RIOJA","description":"Sitio de Noticias","publisher":{"@id":"https:\/\/laredlarioja.com.ar\/sitio\/#organization"},"potentialAction":[{"@type":"SearchAction","target":{"@type":"EntryPoint","urlTemplate":"https:\/\/laredlarioja.com.ar\/sitio\/?s={search_term_string}"},"query-input":{"@type":"PropertyValueSpecification","valueRequired":true,"valueName":"search_term_string"}}],"inLanguage":"es"},{"@type":"Organization","@id":"https:\/\/laredlarioja.com.ar\/sitio\/#organization","name":"LA RED 88.3 LA RIOJA","url":"https:\/\/laredlarioja.com.ar\/sitio\/","logo":{"@type":"ImageObject","inLanguage":"es","@id":"https:\/\/laredlarioja.com.ar\/sitio\/#\/schema\/logo\/image\/","url":"https:\/\/laredlarioja.com.ar\/sitio\/wp-content\/uploads\/2025\/05\/LOGO-LA-RED.png","contentUrl":"https:\/\/laredlarioja.com.ar\/sitio\/wp-content\/uploads\/2025\/05\/LOGO-LA-RED.png","width":193,"height":340,"caption":"LA RED 88.3 LA RIOJA"},"image":{"@id":"https:\/\/laredlarioja.com.ar\/sitio\/#\/schema\/logo\/image\/"},"sameAs":["https:\/\/www.facebook.com\/lared.larioja","https:\/\/x.com\/laredlarioja1","https:\/\/www.instagram.com\/lared_larioja\/"]},{"@type":"Person","@id":"https:\/\/laredlarioja.com.ar\/sitio\/#\/schema\/person\/f1e213867beccedaaa4fb548d9259d9a","name":"La Red","url":"https:\/\/laredlarioja.com.ar\/sitio\/author\/lared\/"}]}},"featured_image_urls":{"full":["https:\/\/laredlarioja.com.ar\/sitio\/wp-content\/uploads\/2026\/03\/reforma-laboral.webp",1080,720,false],"thumbnail":["https:\/\/laredlarioja.com.ar\/sitio\/wp-content\/uploads\/2026\/03\/reforma-laboral-150x150.webp",150,150,true],"medium":["https:\/\/laredlarioja.com.ar\/sitio\/wp-content\/uploads\/2026\/03\/reforma-laboral-300x200.webp",300,200,true],"medium_large":["https:\/\/laredlarioja.com.ar\/sitio\/wp-content\/uploads\/2026\/03\/reforma-laboral-768x512.webp",640,427,true],"large":["https:\/\/laredlarioja.com.ar\/sitio\/wp-content\/uploads\/2026\/03\/reforma-laboral-1024x683.webp",640,427,true],"1536x1536":["https:\/\/laredlarioja.com.ar\/sitio\/wp-content\/uploads\/2026\/03\/reforma-laboral.webp",1080,720,false],"2048x2048":["https:\/\/laredlarioja.com.ar\/sitio\/wp-content\/uploads\/2026\/03\/reforma-laboral.webp",1080,720,false],"cvmm-medium":["https:\/\/laredlarioja.com.ar\/sitio\/wp-content\/uploads\/2026\/03\/reforma-laboral-300x300.webp",300,300,true],"cvmm-medium-plus":["https:\/\/laredlarioja.com.ar\/sitio\/wp-content\/uploads\/2026\/03\/reforma-laboral-305x207.webp",305,207,true],"cvmm-portrait":["https:\/\/laredlarioja.com.ar\/sitio\/wp-content\/uploads\/2026\/03\/reforma-laboral-400x600.webp",400,600,true],"cvmm-medium-square":["https:\/\/laredlarioja.com.ar\/sitio\/wp-content\/uploads\/2026\/03\/reforma-laboral-600x600.webp",600,600,true],"cvmm-large":["https:\/\/laredlarioja.com.ar\/sitio\/wp-content\/uploads\/2026\/03\/reforma-laboral-1024x720.webp",1024,720,true],"cvmm-small":["https:\/\/laredlarioja.com.ar\/sitio\/wp-content\/uploads\/2026\/03\/reforma-laboral-130x95.webp",130,95,true],"morenews-large":["https:\/\/laredlarioja.com.ar\/sitio\/wp-content\/uploads\/2026\/03\/reforma-laboral-825x575.webp",825,575,true],"morenews-medium":["https:\/\/laredlarioja.com.ar\/sitio\/wp-content\/uploads\/2026\/03\/reforma-laboral-590x410.webp",590,410,true]},"author_info":{"display_name":"La Red","author_link":"https:\/\/laredlarioja.com.ar\/sitio\/author\/lared\/"},"category_info":"<a href=\"https:\/\/laredlarioja.com.ar\/sitio\/categorias\/pais\/\" rel=\"category tag\">El pa\u00eds<\/a>","tag_info":"El pa\u00eds","comment_count":"0","blog_post_layout_featured_media_urls":{"thumbnail":["https:\/\/laredlarioja.com.ar\/sitio\/wp-content\/uploads\/2026\/03\/reforma-laboral-150x150.webp",150,150,true],"full":["https:\/\/laredlarioja.com.ar\/sitio\/wp-content\/uploads\/2026\/03\/reforma-laboral.webp",1080,720,false]},"categories_names":{"130":{"name":"El pa\u00eds","link":"https:\/\/laredlarioja.com.ar\/sitio\/categorias\/pais\/"}},"tags_names":[],"comments_number":"0","wpmagazine_modules_lite_featured_media_urls":{"thumbnail":["https:\/\/laredlarioja.com.ar\/sitio\/wp-content\/uploads\/2026\/03\/reforma-laboral-150x150.webp",150,150,true],"cvmm-medium":["https:\/\/laredlarioja.com.ar\/sitio\/wp-content\/uploads\/2026\/03\/reforma-laboral-300x300.webp",300,300,true],"cvmm-medium-plus":["https:\/\/laredlarioja.com.ar\/sitio\/wp-content\/uploads\/2026\/03\/reforma-laboral-305x207.webp",305,207,true],"cvmm-portrait":["https:\/\/laredlarioja.com.ar\/sitio\/wp-content\/uploads\/2026\/03\/reforma-laboral-400x600.webp",400,600,true],"cvmm-medium-square":["https:\/\/laredlarioja.com.ar\/sitio\/wp-content\/uploads\/2026\/03\/reforma-laboral-600x600.webp",600,600,true],"cvmm-large":["https:\/\/laredlarioja.com.ar\/sitio\/wp-content\/uploads\/2026\/03\/reforma-laboral-1024x720.webp",1024,720,true],"cvmm-small":["https:\/\/laredlarioja.com.ar\/sitio\/wp-content\/uploads\/2026\/03\/reforma-laboral-130x95.webp",130,95,true],"full":["https:\/\/laredlarioja.com.ar\/sitio\/wp-content\/uploads\/2026\/03\/reforma-laboral.webp",1080,720,false]},"_links":{"self":[{"href":"https:\/\/laredlarioja.com.ar\/sitio\/wp-json\/wp\/v2\/posts\/75470","targetHints":{"allow":["GET"]}}],"collection":[{"href":"https:\/\/laredlarioja.com.ar\/sitio\/wp-json\/wp\/v2\/posts"}],"about":[{"href":"https:\/\/laredlarioja.com.ar\/sitio\/wp-json\/wp\/v2\/types\/post"}],"author":[{"embeddable":true,"href":"https:\/\/laredlarioja.com.ar\/sitio\/wp-json\/wp\/v2\/users\/10"}],"replies":[{"embeddable":true,"href":"https:\/\/laredlarioja.com.ar\/sitio\/wp-json\/wp\/v2\/comments?post=75470"}],"version-history":[{"count":1,"href":"https:\/\/laredlarioja.com.ar\/sitio\/wp-json\/wp\/v2\/posts\/75470\/revisions"}],"predecessor-version":[{"id":75473,"href":"https:\/\/laredlarioja.com.ar\/sitio\/wp-json\/wp\/v2\/posts\/75470\/revisions\/75473"}],"wp:featuredmedia":[{"embeddable":true,"href":"https:\/\/laredlarioja.com.ar\/sitio\/wp-json\/wp\/v2\/media\/75472"}],"wp:attachment":[{"href":"https:\/\/laredlarioja.com.ar\/sitio\/wp-json\/wp\/v2\/media?parent=75470"}],"wp:term":[{"taxonomy":"category","embeddable":true,"href":"https:\/\/laredlarioja.com.ar\/sitio\/wp-json\/wp\/v2\/categories?post=75470"},{"taxonomy":"post_tag","embeddable":true,"href":"https:\/\/laredlarioja.com.ar\/sitio\/wp-json\/wp\/v2\/tags?post=75470"}],"curies":[{"name":"wp","href":"https:\/\/api.w.org\/{rel}","templated":true}]}}