{"id":75509,"date":"2026-03-13T22:57:12","date_gmt":"2026-03-13T22:57:12","guid":{"rendered":"https:\/\/laredlarioja.com.ar\/sitio\/?p=75509"},"modified":"2026-03-13T22:57:12","modified_gmt":"2026-03-13T22:57:12","slug":"chiqui-tapia-fue-autorizado-por-la-justicia-para-salir-del-pais","status":"publish","type":"post","link":"https:\/\/laredlarioja.com.ar\/sitio\/chiqui-tapia-fue-autorizado-por-la-justicia-para-salir-del-pais\/","title":{"rendered":"\u201cChiqui\u201d Tapia fue autorizado por la justicia para salir del pa\u00eds"},"content":{"rendered":"<p>La Justicia autoriz\u00f3 al presidente de la Asociaci\u00f3n del F\u00fatbol Argentino (AFA), Claudio \u201cChiqui\u201d Tapia, para salir del pa\u00eds. Tapia, que este jueves se someti\u00f3 a indagatoria en la causa donde se lo acusa de presunta retenci\u00f3n de impuestos y aportes previsionales por 19.300 millones de pesos, podr\u00e1 viajar al sorteo de las Copas Libertadores y Sudamericana que se realizar\u00e1 en Paraguay, seg\u00fan lo dictaminado por la Justicia en lo Penal Econ\u00f3mico.<\/p>\n<p>Luego de su indagatoria, Tapia hab\u00eda asegurado que la AFA \u201cha actuado en todo momento dentro del marco de la legalidad, ejerciendo derechos reconocidos por el Estado\u201d.<\/p>\n<p>\u201cSe han presentado todas las declaraciones y pagos tributarios correspondientes, cumpliendo correctamente con sus obligaciones y sin omitir aportes del personal en relaci\u00f3n de dependencia\u201d, expres\u00f3.<\/p>\n<p>Luego se expres\u00f3 en sus redes sociales, donde plante\u00f3: \u201cFrente a la difusi\u00f3n de informaci\u00f3n distorsionada y la denuncia presentada, la AFA se pone a disposici\u00f3n de la Justicia para colaborar y aclarar cualquier situaci\u00f3n vinculada a la instituci\u00f3n\u201d.<\/p>\n<p>\u201cTodos los pagos fueron realizados con intereses resarcitorios, sin sanciones punitivas, y el \u00fanico representante legal de la AFA en esta causa es el Dr. Luis F. Charr\u00f3\u201d. \u201cSigo plenamente enfocado en trabajar por y para los clubes argentinos, fortalecer el f\u00fatbol en todas sus categor\u00edas y garantizar que el f\u00fatbol nacional est\u00e9 preparado de cara a los pr\u00f3ximos desaf\u00edos, la Finalissima y el Mundial\u201d, cerr\u00f3.<\/p>\n<p>FuentE:NA<\/p>\n","protected":false},"excerpt":{"rendered":"<p>La Justicia autoriz\u00f3 al presidente de la Asociaci\u00f3n del F\u00fatbol Argentino (AFA), Claudio \u201cChiqui\u201d Tapia, para salir del<\/p>\n","protected":false},"author":13,"featured_media":53492,"comment_status":"closed","ping_status":"open","sticky":false,"template":"","format":"standard","meta":{"footnotes":""},"categories":[26],"tags":[84],"class_list":["post-75509","post","type-post","status-publish","format-standard","has-post-thumbnail","hentry","category-deportes","tag-secundaria"],"yoast_head":"<!-- This site is optimized with the Yoast SEO plugin v27.4 - https:\/\/yoast.com\/product\/yoast-seo-wordpress\/ -->\n<title>\u201cChiqui\u201d Tapia fue autorizado por la justicia para salir del pa\u00eds - LA RED 88.3 LA RIOJA<\/title>\n<meta name=\"robots\" content=\"index, follow, max-snippet:-1, max-image-preview:large, max-video-preview:-1\" \/>\n<link rel=\"canonical\" href=\"https:\/\/laredlarioja.com.ar\/sitio\/chiqui-tapia-fue-autorizado-por-la-justicia-para-salir-del-pais\/\" \/>\n<meta property=\"og:locale\" content=\"es_ES\" \/>\n<meta property=\"og:type\" content=\"article\" \/>\n<meta property=\"og:title\" content=\"\u201cChiqui\u201d Tapia fue autorizado por la justicia para salir del pa\u00eds - LA RED 88.3 LA RIOJA\" \/>\n<meta property=\"og:description\" content=\"La Justicia autoriz\u00f3 al presidente de la Asociaci\u00f3n del F\u00fatbol Argentino (AFA), Claudio \u201cChiqui\u201d Tapia, para salir del\" \/>\n<meta property=\"og:url\" content=\"https:\/\/laredlarioja.com.ar\/sitio\/chiqui-tapia-fue-autorizado-por-la-justicia-para-salir-del-pais\/\" \/>\n<meta property=\"og:site_name\" content=\"LA RED 88.3 LA RIOJA\" \/>\n<meta property=\"article:publisher\" content=\"https:\/\/www.facebook.com\/lared.larioja\" \/>\n<meta property=\"article:published_time\" content=\"2026-03-13T22:57:12+00:00\" \/>\n<meta property=\"og:image\" content=\"https:\/\/laredlarioja.com.ar\/sitio\/wp-content\/uploads\/2024\/10\/tapia.webp\" \/>\n\t<meta property=\"og:image:width\" content=\"790\" \/>\n\t<meta property=\"og:image:height\" content=\"444\" \/>\n\t<meta property=\"og:image:type\" content=\"image\/webp\" \/>\n<meta name=\"author\" content=\"Maria De La Vega\" \/>\n<meta name=\"twitter:card\" content=\"summary_large_image\" \/>\n<meta name=\"twitter:creator\" content=\"@laredlarioja1\" \/>\n<meta name=\"twitter:site\" content=\"@laredlarioja1\" \/>\n<meta name=\"twitter:label1\" content=\"Escrito por\" \/>\n\t<meta name=\"twitter:data1\" content=\"Maria De La Vega\" \/>\n\t<meta name=\"twitter:label2\" content=\"Tiempo de lectura\" \/>\n\t<meta name=\"twitter:data2\" content=\"2 minutos\" \/>\n<script type=\"application\/ld+json\" class=\"yoast-schema-graph\">{\"@context\":\"https:\\\/\\\/schema.org\",\"@graph\":[{\"@type\":\"Article\",\"@id\":\"https:\\\/\\\/laredlarioja.com.ar\\\/sitio\\\/chiqui-tapia-fue-autorizado-por-la-justicia-para-salir-del-pais\\\/#article\",\"isPartOf\":{\"@id\":\"https:\\\/\\\/laredlarioja.com.ar\\\/sitio\\\/chiqui-tapia-fue-autorizado-por-la-justicia-para-salir-del-pais\\\/\"},\"author\":{\"name\":\"Maria De La Vega\",\"@id\":\"https:\\\/\\\/laredlarioja.com.ar\\\/sitio\\\/#\\\/schema\\\/person\\\/8b98ebe852851a8bdc8acd6ec6918de9\"},\"headline\":\"\u201cChiqui\u201d Tapia fue autorizado por la justicia para salir del pa\u00eds\",\"datePublished\":\"2026-03-13T22:57:12+00:00\",\"mainEntityOfPage\":{\"@id\":\"https:\\\/\\\/laredlarioja.com.ar\\\/sitio\\\/chiqui-tapia-fue-autorizado-por-la-justicia-para-salir-del-pais\\\/\"},\"wordCount\":261,\"publisher\":{\"@id\":\"https:\\\/\\\/laredlarioja.com.ar\\\/sitio\\\/#organization\"},\"image\":{\"@id\":\"https:\\\/\\\/laredlarioja.com.ar\\\/sitio\\\/chiqui-tapia-fue-autorizado-por-la-justicia-para-salir-del-pais\\\/#primaryimage\"},\"thumbnailUrl\":\"https:\\\/\\\/laredlarioja.com.ar\\\/sitio\\\/wp-content\\\/uploads\\\/2024\\\/10\\\/tapia.webp\",\"keywords\":[\"Secundaria\"],\"articleSection\":[\"Deportes\"],\"inLanguage\":\"es\"},{\"@type\":\"WebPage\",\"@id\":\"https:\\\/\\\/laredlarioja.com.ar\\\/sitio\\\/chiqui-tapia-fue-autorizado-por-la-justicia-para-salir-del-pais\\\/\",\"url\":\"https:\\\/\\\/laredlarioja.com.ar\\\/sitio\\\/chiqui-tapia-fue-autorizado-por-la-justicia-para-salir-del-pais\\\/\",\"name\":\"\u201cChiqui\u201d Tapia fue autorizado por la justicia para salir del pa\u00eds - LA RED 88.3 LA RIOJA\",\"isPartOf\":{\"@id\":\"https:\\\/\\\/laredlarioja.com.ar\\\/sitio\\\/#website\"},\"primaryImageOfPage\":{\"@id\":\"https:\\\/\\\/laredlarioja.com.ar\\\/sitio\\\/chiqui-tapia-fue-autorizado-por-la-justicia-para-salir-del-pais\\\/#primaryimage\"},\"image\":{\"@id\":\"https:\\\/\\\/laredlarioja.com.ar\\\/sitio\\\/chiqui-tapia-fue-autorizado-por-la-justicia-para-salir-del-pais\\\/#primaryimage\"},\"thumbnailUrl\":\"https:\\\/\\\/laredlarioja.com.ar\\\/sitio\\\/wp-content\\\/uploads\\\/2024\\\/10\\\/tapia.webp\",\"datePublished\":\"2026-03-13T22:57:12+00:00\",\"breadcrumb\":{\"@id\":\"https:\\\/\\\/laredlarioja.com.ar\\\/sitio\\\/chiqui-tapia-fue-autorizado-por-la-justicia-para-salir-del-pais\\\/#breadcrumb\"},\"inLanguage\":\"es\",\"potentialAction\":[{\"@type\":\"ReadAction\",\"target\":[\"https:\\\/\\\/laredlarioja.com.ar\\\/sitio\\\/chiqui-tapia-fue-autorizado-por-la-justicia-para-salir-del-pais\\\/\"]}]},{\"@type\":\"ImageObject\",\"inLanguage\":\"es\",\"@id\":\"https:\\\/\\\/laredlarioja.com.ar\\\/sitio\\\/chiqui-tapia-fue-autorizado-por-la-justicia-para-salir-del-pais\\\/#primaryimage\",\"url\":\"https:\\\/\\\/laredlarioja.com.ar\\\/sitio\\\/wp-content\\\/uploads\\\/2024\\\/10\\\/tapia.webp\",\"contentUrl\":\"https:\\\/\\\/laredlarioja.com.ar\\\/sitio\\\/wp-content\\\/uploads\\\/2024\\\/10\\\/tapia.webp\",\"width\":790,\"height\":444},{\"@type\":\"BreadcrumbList\",\"@id\":\"https:\\\/\\\/laredlarioja.com.ar\\\/sitio\\\/chiqui-tapia-fue-autorizado-por-la-justicia-para-salir-del-pais\\\/#breadcrumb\",\"itemListElement\":[{\"@type\":\"ListItem\",\"position\":1,\"name\":\"Portada\",\"item\":\"https:\\\/\\\/laredlarioja.com.ar\\\/sitio\\\/\"},{\"@type\":\"ListItem\",\"position\":2,\"name\":\"\u201cChiqui\u201d Tapia fue autorizado por la justicia para salir del pa\u00eds\"}]},{\"@type\":\"WebSite\",\"@id\":\"https:\\\/\\\/laredlarioja.com.ar\\\/sitio\\\/#website\",\"url\":\"https:\\\/\\\/laredlarioja.com.ar\\\/sitio\\\/\",\"name\":\"LA RED 88.3 LA RIOJA\",\"description\":\"Sitio de Noticias\",\"publisher\":{\"@id\":\"https:\\\/\\\/laredlarioja.com.ar\\\/sitio\\\/#organization\"},\"potentialAction\":[{\"@type\":\"SearchAction\",\"target\":{\"@type\":\"EntryPoint\",\"urlTemplate\":\"https:\\\/\\\/laredlarioja.com.ar\\\/sitio\\\/?s={search_term_string}\"},\"query-input\":{\"@type\":\"PropertyValueSpecification\",\"valueRequired\":true,\"valueName\":\"search_term_string\"}}],\"inLanguage\":\"es\"},{\"@type\":\"Organization\",\"@id\":\"https:\\\/\\\/laredlarioja.com.ar\\\/sitio\\\/#organization\",\"name\":\"LA RED 88.3 LA RIOJA\",\"url\":\"https:\\\/\\\/laredlarioja.com.ar\\\/sitio\\\/\",\"logo\":{\"@type\":\"ImageObject\",\"inLanguage\":\"es\",\"@id\":\"https:\\\/\\\/laredlarioja.com.ar\\\/sitio\\\/#\\\/schema\\\/logo\\\/image\\\/\",\"url\":\"https:\\\/\\\/laredlarioja.com.ar\\\/sitio\\\/wp-content\\\/uploads\\\/2025\\\/05\\\/LOGO-LA-RED.png\",\"contentUrl\":\"https:\\\/\\\/laredlarioja.com.ar\\\/sitio\\\/wp-content\\\/uploads\\\/2025\\\/05\\\/LOGO-LA-RED.png\",\"width\":193,\"height\":340,\"caption\":\"LA RED 88.3 LA RIOJA\"},\"image\":{\"@id\":\"https:\\\/\\\/laredlarioja.com.ar\\\/sitio\\\/#\\\/schema\\\/logo\\\/image\\\/\"},\"sameAs\":[\"https:\\\/\\\/www.facebook.com\\\/lared.larioja\",\"https:\\\/\\\/x.com\\\/laredlarioja1\",\"https:\\\/\\\/www.instagram.com\\\/lared_larioja\\\/\"]},{\"@type\":\"Person\",\"@id\":\"https:\\\/\\\/laredlarioja.com.ar\\\/sitio\\\/#\\\/schema\\\/person\\\/8b98ebe852851a8bdc8acd6ec6918de9\",\"name\":\"Maria De La Vega\",\"sameAs\":[\"http:\\\/\\\/laredlarioja.com.ar\"],\"url\":\"https:\\\/\\\/laredlarioja.com.ar\\\/sitio\\\/author\\\/maru\\\/\"}]}<\/script>\n<!-- \/ Yoast SEO plugin. -->","yoast_head_json":{"title":"\u201cChiqui\u201d Tapia fue autorizado por la justicia para salir del pa\u00eds - LA RED 88.3 LA RIOJA","robots":{"index":"index","follow":"follow","max-snippet":"max-snippet:-1","max-image-preview":"max-image-preview:large","max-video-preview":"max-video-preview:-1"},"canonical":"https:\/\/laredlarioja.com.ar\/sitio\/chiqui-tapia-fue-autorizado-por-la-justicia-para-salir-del-pais\/","og_locale":"es_ES","og_type":"article","og_title":"\u201cChiqui\u201d Tapia fue autorizado por la justicia para salir del pa\u00eds - LA RED 88.3 LA RIOJA","og_description":"La Justicia autoriz\u00f3 al presidente de la Asociaci\u00f3n del F\u00fatbol Argentino (AFA), Claudio \u201cChiqui\u201d Tapia, para salir del","og_url":"https:\/\/laredlarioja.com.ar\/sitio\/chiqui-tapia-fue-autorizado-por-la-justicia-para-salir-del-pais\/","og_site_name":"LA RED 88.3 LA RIOJA","article_publisher":"https:\/\/www.facebook.com\/lared.larioja","article_published_time":"2026-03-13T22:57:12+00:00","og_image":[{"width":790,"height":444,"url":"https:\/\/laredlarioja.com.ar\/sitio\/wp-content\/uploads\/2024\/10\/tapia.webp","type":"image\/webp"}],"author":"Maria De La Vega","twitter_card":"summary_large_image","twitter_creator":"@laredlarioja1","twitter_site":"@laredlarioja1","twitter_misc":{"Escrito por":"Maria De La Vega","Tiempo de lectura":"2 minutos"},"schema":{"@context":"https:\/\/schema.org","@graph":[{"@type":"Article","@id":"https:\/\/laredlarioja.com.ar\/sitio\/chiqui-tapia-fue-autorizado-por-la-justicia-para-salir-del-pais\/#article","isPartOf":{"@id":"https:\/\/laredlarioja.com.ar\/sitio\/chiqui-tapia-fue-autorizado-por-la-justicia-para-salir-del-pais\/"},"author":{"name":"Maria De La Vega","@id":"https:\/\/laredlarioja.com.ar\/sitio\/#\/schema\/person\/8b98ebe852851a8bdc8acd6ec6918de9"},"headline":"\u201cChiqui\u201d Tapia fue autorizado por la justicia para salir del pa\u00eds","datePublished":"2026-03-13T22:57:12+00:00","mainEntityOfPage":{"@id":"https:\/\/laredlarioja.com.ar\/sitio\/chiqui-tapia-fue-autorizado-por-la-justicia-para-salir-del-pais\/"},"wordCount":261,"publisher":{"@id":"https:\/\/laredlarioja.com.ar\/sitio\/#organization"},"image":{"@id":"https:\/\/laredlarioja.com.ar\/sitio\/chiqui-tapia-fue-autorizado-por-la-justicia-para-salir-del-pais\/#primaryimage"},"thumbnailUrl":"https:\/\/laredlarioja.com.ar\/sitio\/wp-content\/uploads\/2024\/10\/tapia.webp","keywords":["Secundaria"],"articleSection":["Deportes"],"inLanguage":"es"},{"@type":"WebPage","@id":"https:\/\/laredlarioja.com.ar\/sitio\/chiqui-tapia-fue-autorizado-por-la-justicia-para-salir-del-pais\/","url":"https:\/\/laredlarioja.com.ar\/sitio\/chiqui-tapia-fue-autorizado-por-la-justicia-para-salir-del-pais\/","name":"\u201cChiqui\u201d Tapia fue autorizado por la justicia para salir del pa\u00eds - LA RED 88.3 LA RIOJA","isPartOf":{"@id":"https:\/\/laredlarioja.com.ar\/sitio\/#website"},"primaryImageOfPage":{"@id":"https:\/\/laredlarioja.com.ar\/sitio\/chiqui-tapia-fue-autorizado-por-la-justicia-para-salir-del-pais\/#primaryimage"},"image":{"@id":"https:\/\/laredlarioja.com.ar\/sitio\/chiqui-tapia-fue-autorizado-por-la-justicia-para-salir-del-pais\/#primaryimage"},"thumbnailUrl":"https:\/\/laredlarioja.com.ar\/sitio\/wp-content\/uploads\/2024\/10\/tapia.webp","datePublished":"2026-03-13T22:57:12+00:00","breadcrumb":{"@id":"https:\/\/laredlarioja.com.ar\/sitio\/chiqui-tapia-fue-autorizado-por-la-justicia-para-salir-del-pais\/#breadcrumb"},"inLanguage":"es","potentialAction":[{"@type":"ReadAction","target":["https:\/\/laredlarioja.com.ar\/sitio\/chiqui-tapia-fue-autorizado-por-la-justicia-para-salir-del-pais\/"]}]},{"@type":"ImageObject","inLanguage":"es","@id":"https:\/\/laredlarioja.com.ar\/sitio\/chiqui-tapia-fue-autorizado-por-la-justicia-para-salir-del-pais\/#primaryimage","url":"https:\/\/laredlarioja.com.ar\/sitio\/wp-content\/uploads\/2024\/10\/tapia.webp","contentUrl":"https:\/\/laredlarioja.com.ar\/sitio\/wp-content\/uploads\/2024\/10\/tapia.webp","width":790,"height":444},{"@type":"BreadcrumbList","@id":"https:\/\/laredlarioja.com.ar\/sitio\/chiqui-tapia-fue-autorizado-por-la-justicia-para-salir-del-pais\/#breadcrumb","itemListElement":[{"@type":"ListItem","position":1,"name":"Portada","item":"https:\/\/laredlarioja.com.ar\/sitio\/"},{"@type":"ListItem","position":2,"name":"\u201cChiqui\u201d Tapia fue autorizado por la justicia para salir del pa\u00eds"}]},{"@type":"WebSite","@id":"https:\/\/laredlarioja.com.ar\/sitio\/#website","url":"https:\/\/laredlarioja.com.ar\/sitio\/","name":"LA RED 88.3 LA RIOJA","description":"Sitio de Noticias","publisher":{"@id":"https:\/\/laredlarioja.com.ar\/sitio\/#organization"},"potentialAction":[{"@type":"SearchAction","target":{"@type":"EntryPoint","urlTemplate":"https:\/\/laredlarioja.com.ar\/sitio\/?s={search_term_string}"},"query-input":{"@type":"PropertyValueSpecification","valueRequired":true,"valueName":"search_term_string"}}],"inLanguage":"es"},{"@type":"Organization","@id":"https:\/\/laredlarioja.com.ar\/sitio\/#organization","name":"LA RED 88.3 LA RIOJA","url":"https:\/\/laredlarioja.com.ar\/sitio\/","logo":{"@type":"ImageObject","inLanguage":"es","@id":"https:\/\/laredlarioja.com.ar\/sitio\/#\/schema\/logo\/image\/","url":"https:\/\/laredlarioja.com.ar\/sitio\/wp-content\/uploads\/2025\/05\/LOGO-LA-RED.png","contentUrl":"https:\/\/laredlarioja.com.ar\/sitio\/wp-content\/uploads\/2025\/05\/LOGO-LA-RED.png","width":193,"height":340,"caption":"LA RED 88.3 LA RIOJA"},"image":{"@id":"https:\/\/laredlarioja.com.ar\/sitio\/#\/schema\/logo\/image\/"},"sameAs":["https:\/\/www.facebook.com\/lared.larioja","https:\/\/x.com\/laredlarioja1","https:\/\/www.instagram.com\/lared_larioja\/"]},{"@type":"Person","@id":"https:\/\/laredlarioja.com.ar\/sitio\/#\/schema\/person\/8b98ebe852851a8bdc8acd6ec6918de9","name":"Maria De La Vega","sameAs":["http:\/\/laredlarioja.com.ar"],"url":"https:\/\/laredlarioja.com.ar\/sitio\/author\/maru\/"}]}},"featured_image_urls":{"full":["https:\/\/laredlarioja.com.ar\/sitio\/wp-content\/uploads\/2024\/10\/tapia.webp",790,444,false],"thumbnail":["https:\/\/laredlarioja.com.ar\/sitio\/wp-content\/uploads\/2024\/10\/tapia-150x150.webp",150,150,true],"medium":["https:\/\/laredlarioja.com.ar\/sitio\/wp-content\/uploads\/2024\/10\/tapia-300x169.webp",300,169,true],"medium_large":["https:\/\/laredlarioja.com.ar\/sitio\/wp-content\/uploads\/2024\/10\/tapia-768x432.webp",640,360,true],"large":["https:\/\/laredlarioja.com.ar\/sitio\/wp-content\/uploads\/2024\/10\/tapia.webp",640,360,false],"1536x1536":["https:\/\/laredlarioja.com.ar\/sitio\/wp-content\/uploads\/2024\/10\/tapia.webp",790,444,false],"2048x2048":["https:\/\/laredlarioja.com.ar\/sitio\/wp-content\/uploads\/2024\/10\/tapia.webp",790,444,false],"cvmm-medium":["https:\/\/laredlarioja.com.ar\/sitio\/wp-content\/uploads\/2024\/10\/tapia-300x300.webp",300,300,true],"cvmm-medium-plus":["https:\/\/laredlarioja.com.ar\/sitio\/wp-content\/uploads\/2024\/10\/tapia-305x207.webp",305,207,true],"cvmm-portrait":["https:\/\/laredlarioja.com.ar\/sitio\/wp-content\/uploads\/2024\/10\/tapia-400x444.webp",400,444,true],"cvmm-medium-square":["https:\/\/laredlarioja.com.ar\/sitio\/wp-content\/uploads\/2024\/10\/tapia-600x444.webp",600,444,true],"cvmm-large":["https:\/\/laredlarioja.com.ar\/sitio\/wp-content\/uploads\/2024\/10\/tapia.webp",790,444,false],"cvmm-small":["https:\/\/laredlarioja.com.ar\/sitio\/wp-content\/uploads\/2024\/10\/tapia-130x95.webp",130,95,true],"morenews-large":["https:\/\/laredlarioja.com.ar\/sitio\/wp-content\/uploads\/2024\/10\/tapia.webp",790,444,false],"morenews-medium":["https:\/\/laredlarioja.com.ar\/sitio\/wp-content\/uploads\/2024\/10\/tapia-590x410.webp",590,410,true]},"author_info":{"display_name":"Maria De La Vega","author_link":"https:\/\/laredlarioja.com.ar\/sitio\/author\/maru\/"},"category_info":"<a href=\"https:\/\/laredlarioja.com.ar\/sitio\/categorias\/deportes\/\" rel=\"category tag\">Deportes<\/a>","tag_info":"Deportes","comment_count":"0","blog_post_layout_featured_media_urls":{"thumbnail":["https:\/\/laredlarioja.com.ar\/sitio\/wp-content\/uploads\/2024\/10\/tapia-150x150.webp",150,150,true],"full":["https:\/\/laredlarioja.com.ar\/sitio\/wp-content\/uploads\/2024\/10\/tapia.webp",790,444,false]},"categories_names":{"26":{"name":"Deportes","link":"https:\/\/laredlarioja.com.ar\/sitio\/categorias\/deportes\/"}},"tags_names":{"84":{"name":"Secundaria","link":"https:\/\/laredlarioja.com.ar\/sitio\/etiquetas\/secundaria\/"}},"comments_number":"0","wpmagazine_modules_lite_featured_media_urls":{"thumbnail":["https:\/\/laredlarioja.com.ar\/sitio\/wp-content\/uploads\/2024\/10\/tapia-150x150.webp",150,150,true],"cvmm-medium":["https:\/\/laredlarioja.com.ar\/sitio\/wp-content\/uploads\/2024\/10\/tapia-300x300.webp",300,300,true],"cvmm-medium-plus":["https:\/\/laredlarioja.com.ar\/sitio\/wp-content\/uploads\/2024\/10\/tapia-305x207.webp",305,207,true],"cvmm-portrait":["https:\/\/laredlarioja.com.ar\/sitio\/wp-content\/uploads\/2024\/10\/tapia-400x444.webp",400,444,true],"cvmm-medium-square":["https:\/\/laredlarioja.com.ar\/sitio\/wp-content\/uploads\/2024\/10\/tapia-600x444.webp",600,444,true],"cvmm-large":["https:\/\/laredlarioja.com.ar\/sitio\/wp-content\/uploads\/2024\/10\/tapia.webp",790,444,false],"cvmm-small":["https:\/\/laredlarioja.com.ar\/sitio\/wp-content\/uploads\/2024\/10\/tapia-130x95.webp",130,95,true],"full":["https:\/\/laredlarioja.com.ar\/sitio\/wp-content\/uploads\/2024\/10\/tapia.webp",790,444,false]},"_links":{"self":[{"href":"https:\/\/laredlarioja.com.ar\/sitio\/wp-json\/wp\/v2\/posts\/75509","targetHints":{"allow":["GET"]}}],"collection":[{"href":"https:\/\/laredlarioja.com.ar\/sitio\/wp-json\/wp\/v2\/posts"}],"about":[{"href":"https:\/\/laredlarioja.com.ar\/sitio\/wp-json\/wp\/v2\/types\/post"}],"author":[{"embeddable":true,"href":"https:\/\/laredlarioja.com.ar\/sitio\/wp-json\/wp\/v2\/users\/13"}],"replies":[{"embeddable":true,"href":"https:\/\/laredlarioja.com.ar\/sitio\/wp-json\/wp\/v2\/comments?post=75509"}],"version-history":[{"count":1,"href":"https:\/\/laredlarioja.com.ar\/sitio\/wp-json\/wp\/v2\/posts\/75509\/revisions"}],"predecessor-version":[{"id":75513,"href":"https:\/\/laredlarioja.com.ar\/sitio\/wp-json\/wp\/v2\/posts\/75509\/revisions\/75513"}],"wp:featuredmedia":[{"embeddable":true,"href":"https:\/\/laredlarioja.com.ar\/sitio\/wp-json\/wp\/v2\/media\/53492"}],"wp:attachment":[{"href":"https:\/\/laredlarioja.com.ar\/sitio\/wp-json\/wp\/v2\/media?parent=75509"}],"wp:term":[{"taxonomy":"category","embeddable":true,"href":"https:\/\/laredlarioja.com.ar\/sitio\/wp-json\/wp\/v2\/categories?post=75509"},{"taxonomy":"post_tag","embeddable":true,"href":"https:\/\/laredlarioja.com.ar\/sitio\/wp-json\/wp\/v2\/tags?post=75509"}],"curies":[{"name":"wp","href":"https:\/\/api.w.org\/{rel}","templated":true}]}}