{"id":75514,"date":"2026-03-13T23:03:36","date_gmt":"2026-03-13T23:03:36","guid":{"rendered":"https:\/\/laredlarioja.com.ar\/sitio\/?p=75514"},"modified":"2026-03-13T23:03:36","modified_gmt":"2026-03-13T23:03:36","slug":"crecio-la-conectividad-a-internet-en-la-rioja","status":"publish","type":"post","link":"https:\/\/laredlarioja.com.ar\/sitio\/crecio-la-conectividad-a-internet-en-la-rioja\/","title":{"rendered":"Creci\u00f3 la conectividad a internet en La Rioja"},"content":{"rendered":"<p>La cantidad de conexiones subi\u00f3 un 2,7% y la Provincia qued\u00f3 en el puesto 16 del r\u00e1nking nacional de incremento de usuarios (est\u00e1 por debajo del promedio nacional de suba porcentual). El rol de \u00abInternet para Todos\u00bb en este dato. Los detalles con cifras oficiales del INDEC.<\/p>\n<p>La conectividad sigue avanzando a paso firme en el territorio riojano. De acuerdo con el reciente informe t\u00e9cnico \u00abAccesos a internet\u00bb publicado por el Instituto Nacional de Estad\u00edstica y Censos (INDEC) correspondiente al cuarto trimestre de 2025, la provincia de La Rioja registr\u00f3 un crecimiento sostenido en la cantidad de conexiones.<\/p>\n<p>Al cierre de diciembre de 2025, La Rioja contabiliz\u00f3 un total de 445.974 accesos a internet, lo que representa un incremento interanual del 2,7%. Este dato consolida una tendencia en alza que se mantuvo durante todo el \u00faltimo trimestre, habiendo registrado variaciones interanuales del 3,3% en octubre y del 2,8% en noviembre.<\/p>\n<p><strong>El boom de la internet fija<\/strong><\/p>\n<p>El dato m\u00e1s revelador del informe para la provincia es el comportamiento dispar entre los distintos tipos de conexi\u00f3n. Mientras que los accesos m\u00f3viles a internet en La Rioja \u2014que totalizaron 325.879\u2014 tuvieron un modesto crecimiento del 0,8% interanual en diciembre, las conexiones fijas experimentaron un verdadero salto.<\/p>\n<p>Los accesos a internet fijos en la provincia alcanzaron las 120.095 cuentas, marcando un contundente aumento del 8,1% respecto al mismo mes del a\u00f1o anterior. Esta cifra no solo refleja una importante adopci\u00f3n y mejora de infraestructura de este tipo de servicio en la regi\u00f3n, sino que adem\u00e1s pr\u00e1cticamente duplica el crecimiento promedio nacional de accesos fijos, que se ubic\u00f3 en un 4,1%.<\/p>\n","protected":false},"excerpt":{"rendered":"<p>La cantidad de conexiones subi\u00f3 un 2,7% y la Provincia qued\u00f3 en el puesto 16 del r\u00e1nking nacional<\/p>\n","protected":false},"author":7,"featured_media":29263,"comment_status":"closed","ping_status":"open","sticky":false,"template":"","format":"standard","meta":{"footnotes":""},"categories":[94],"tags":[84],"class_list":["post-75514","post","type-post","status-publish","format-standard","has-post-thumbnail","hentry","category-locales","tag-secundaria"],"yoast_head":"<!-- This site is optimized with the Yoast SEO plugin v27.4 - https:\/\/yoast.com\/product\/yoast-seo-wordpress\/ -->\n<title>Creci\u00f3 la conectividad a internet en La Rioja - LA RED 88.3 LA RIOJA<\/title>\n<meta name=\"robots\" content=\"index, follow, max-snippet:-1, max-image-preview:large, max-video-preview:-1\" \/>\n<link rel=\"canonical\" href=\"https:\/\/laredlarioja.com.ar\/sitio\/crecio-la-conectividad-a-internet-en-la-rioja\/\" \/>\n<meta property=\"og:locale\" content=\"es_ES\" \/>\n<meta property=\"og:type\" content=\"article\" \/>\n<meta property=\"og:title\" content=\"Creci\u00f3 la conectividad a internet en La Rioja - LA RED 88.3 LA RIOJA\" \/>\n<meta property=\"og:description\" content=\"La cantidad de conexiones subi\u00f3 un 2,7% y la Provincia qued\u00f3 en el puesto 16 del r\u00e1nking nacional\" \/>\n<meta property=\"og:url\" content=\"https:\/\/laredlarioja.com.ar\/sitio\/crecio-la-conectividad-a-internet-en-la-rioja\/\" \/>\n<meta property=\"og:site_name\" content=\"LA RED 88.3 LA RIOJA\" \/>\n<meta property=\"article:publisher\" content=\"https:\/\/www.facebook.com\/lared.larioja\" \/>\n<meta property=\"article:published_time\" content=\"2026-03-13T23:03:36+00:00\" \/>\n<meta property=\"og:image\" content=\"https:\/\/laredlarioja.com.ar\/sitio\/wp-content\/uploads\/2023\/04\/25-03-202313-52-15211013buscartrabajointernetjpg.jpg_630x378.jpg\" \/>\n\t<meta property=\"og:image:width\" content=\"630\" \/>\n\t<meta property=\"og:image:height\" content=\"378\" \/>\n\t<meta property=\"og:image:type\" content=\"image\/jpeg\" \/>\n<meta name=\"author\" content=\"Anabella Soria\" \/>\n<meta name=\"twitter:card\" content=\"summary_large_image\" \/>\n<meta name=\"twitter:creator\" content=\"@laredlarioja1\" \/>\n<meta name=\"twitter:site\" content=\"@laredlarioja1\" \/>\n<meta name=\"twitter:label1\" content=\"Escrito por\" \/>\n\t<meta name=\"twitter:data1\" content=\"Anabella Soria\" \/>\n\t<meta name=\"twitter:label2\" content=\"Tiempo de lectura\" \/>\n\t<meta name=\"twitter:data2\" content=\"2 minutos\" \/>\n<script type=\"application\/ld+json\" class=\"yoast-schema-graph\">{\"@context\":\"https:\\\/\\\/schema.org\",\"@graph\":[{\"@type\":\"Article\",\"@id\":\"https:\\\/\\\/laredlarioja.com.ar\\\/sitio\\\/crecio-la-conectividad-a-internet-en-la-rioja\\\/#article\",\"isPartOf\":{\"@id\":\"https:\\\/\\\/laredlarioja.com.ar\\\/sitio\\\/crecio-la-conectividad-a-internet-en-la-rioja\\\/\"},\"author\":{\"name\":\"Anabella Soria\",\"@id\":\"https:\\\/\\\/laredlarioja.com.ar\\\/sitio\\\/#\\\/schema\\\/person\\\/31f88059d20c5cf06e974fd895aec56e\"},\"headline\":\"Creci\u00f3 la conectividad a internet en La Rioja\",\"datePublished\":\"2026-03-13T23:03:36+00:00\",\"mainEntityOfPage\":{\"@id\":\"https:\\\/\\\/laredlarioja.com.ar\\\/sitio\\\/crecio-la-conectividad-a-internet-en-la-rioja\\\/\"},\"wordCount\":273,\"publisher\":{\"@id\":\"https:\\\/\\\/laredlarioja.com.ar\\\/sitio\\\/#organization\"},\"image\":{\"@id\":\"https:\\\/\\\/laredlarioja.com.ar\\\/sitio\\\/crecio-la-conectividad-a-internet-en-la-rioja\\\/#primaryimage\"},\"thumbnailUrl\":\"https:\\\/\\\/laredlarioja.com.ar\\\/sitio\\\/wp-content\\\/uploads\\\/2023\\\/04\\\/25-03-202313-52-15211013buscartrabajointernetjpg.jpg_630x378.jpg\",\"keywords\":[\"Secundaria\"],\"articleSection\":[\"Locales\"],\"inLanguage\":\"es\"},{\"@type\":\"WebPage\",\"@id\":\"https:\\\/\\\/laredlarioja.com.ar\\\/sitio\\\/crecio-la-conectividad-a-internet-en-la-rioja\\\/\",\"url\":\"https:\\\/\\\/laredlarioja.com.ar\\\/sitio\\\/crecio-la-conectividad-a-internet-en-la-rioja\\\/\",\"name\":\"Creci\u00f3 la conectividad a internet en La Rioja - LA RED 88.3 LA RIOJA\",\"isPartOf\":{\"@id\":\"https:\\\/\\\/laredlarioja.com.ar\\\/sitio\\\/#website\"},\"primaryImageOfPage\":{\"@id\":\"https:\\\/\\\/laredlarioja.com.ar\\\/sitio\\\/crecio-la-conectividad-a-internet-en-la-rioja\\\/#primaryimage\"},\"image\":{\"@id\":\"https:\\\/\\\/laredlarioja.com.ar\\\/sitio\\\/crecio-la-conectividad-a-internet-en-la-rioja\\\/#primaryimage\"},\"thumbnailUrl\":\"https:\\\/\\\/laredlarioja.com.ar\\\/sitio\\\/wp-content\\\/uploads\\\/2023\\\/04\\\/25-03-202313-52-15211013buscartrabajointernetjpg.jpg_630x378.jpg\",\"datePublished\":\"2026-03-13T23:03:36+00:00\",\"breadcrumb\":{\"@id\":\"https:\\\/\\\/laredlarioja.com.ar\\\/sitio\\\/crecio-la-conectividad-a-internet-en-la-rioja\\\/#breadcrumb\"},\"inLanguage\":\"es\",\"potentialAction\":[{\"@type\":\"ReadAction\",\"target\":[\"https:\\\/\\\/laredlarioja.com.ar\\\/sitio\\\/crecio-la-conectividad-a-internet-en-la-rioja\\\/\"]}]},{\"@type\":\"ImageObject\",\"inLanguage\":\"es\",\"@id\":\"https:\\\/\\\/laredlarioja.com.ar\\\/sitio\\\/crecio-la-conectividad-a-internet-en-la-rioja\\\/#primaryimage\",\"url\":\"https:\\\/\\\/laredlarioja.com.ar\\\/sitio\\\/wp-content\\\/uploads\\\/2023\\\/04\\\/25-03-202313-52-15211013buscartrabajointernetjpg.jpg_630x378.jpg\",\"contentUrl\":\"https:\\\/\\\/laredlarioja.com.ar\\\/sitio\\\/wp-content\\\/uploads\\\/2023\\\/04\\\/25-03-202313-52-15211013buscartrabajointernetjpg.jpg_630x378.jpg\",\"width\":630,\"height\":378},{\"@type\":\"BreadcrumbList\",\"@id\":\"https:\\\/\\\/laredlarioja.com.ar\\\/sitio\\\/crecio-la-conectividad-a-internet-en-la-rioja\\\/#breadcrumb\",\"itemListElement\":[{\"@type\":\"ListItem\",\"position\":1,\"name\":\"Portada\",\"item\":\"https:\\\/\\\/laredlarioja.com.ar\\\/sitio\\\/\"},{\"@type\":\"ListItem\",\"position\":2,\"name\":\"Creci\u00f3 la conectividad a internet en La Rioja\"}]},{\"@type\":\"WebSite\",\"@id\":\"https:\\\/\\\/laredlarioja.com.ar\\\/sitio\\\/#website\",\"url\":\"https:\\\/\\\/laredlarioja.com.ar\\\/sitio\\\/\",\"name\":\"LA RED 88.3 LA RIOJA\",\"description\":\"Sitio de Noticias\",\"publisher\":{\"@id\":\"https:\\\/\\\/laredlarioja.com.ar\\\/sitio\\\/#organization\"},\"potentialAction\":[{\"@type\":\"SearchAction\",\"target\":{\"@type\":\"EntryPoint\",\"urlTemplate\":\"https:\\\/\\\/laredlarioja.com.ar\\\/sitio\\\/?s={search_term_string}\"},\"query-input\":{\"@type\":\"PropertyValueSpecification\",\"valueRequired\":true,\"valueName\":\"search_term_string\"}}],\"inLanguage\":\"es\"},{\"@type\":\"Organization\",\"@id\":\"https:\\\/\\\/laredlarioja.com.ar\\\/sitio\\\/#organization\",\"name\":\"LA RED 88.3 LA RIOJA\",\"url\":\"https:\\\/\\\/laredlarioja.com.ar\\\/sitio\\\/\",\"logo\":{\"@type\":\"ImageObject\",\"inLanguage\":\"es\",\"@id\":\"https:\\\/\\\/laredlarioja.com.ar\\\/sitio\\\/#\\\/schema\\\/logo\\\/image\\\/\",\"url\":\"https:\\\/\\\/laredlarioja.com.ar\\\/sitio\\\/wp-content\\\/uploads\\\/2025\\\/05\\\/LOGO-LA-RED.png\",\"contentUrl\":\"https:\\\/\\\/laredlarioja.com.ar\\\/sitio\\\/wp-content\\\/uploads\\\/2025\\\/05\\\/LOGO-LA-RED.png\",\"width\":193,\"height\":340,\"caption\":\"LA RED 88.3 LA RIOJA\"},\"image\":{\"@id\":\"https:\\\/\\\/laredlarioja.com.ar\\\/sitio\\\/#\\\/schema\\\/logo\\\/image\\\/\"},\"sameAs\":[\"https:\\\/\\\/www.facebook.com\\\/lared.larioja\",\"https:\\\/\\\/x.com\\\/laredlarioja1\",\"https:\\\/\\\/www.instagram.com\\\/lared_larioja\\\/\"]},{\"@type\":\"Person\",\"@id\":\"https:\\\/\\\/laredlarioja.com.ar\\\/sitio\\\/#\\\/schema\\\/person\\\/31f88059d20c5cf06e974fd895aec56e\",\"name\":\"Anabella Soria\",\"url\":\"https:\\\/\\\/laredlarioja.com.ar\\\/sitio\\\/author\\\/asoria\\\/\"}]}<\/script>\n<!-- \/ Yoast SEO plugin. -->","yoast_head_json":{"title":"Creci\u00f3 la conectividad a internet en La Rioja - LA RED 88.3 LA RIOJA","robots":{"index":"index","follow":"follow","max-snippet":"max-snippet:-1","max-image-preview":"max-image-preview:large","max-video-preview":"max-video-preview:-1"},"canonical":"https:\/\/laredlarioja.com.ar\/sitio\/crecio-la-conectividad-a-internet-en-la-rioja\/","og_locale":"es_ES","og_type":"article","og_title":"Creci\u00f3 la conectividad a internet en La Rioja - LA RED 88.3 LA RIOJA","og_description":"La cantidad de conexiones subi\u00f3 un 2,7% y la Provincia qued\u00f3 en el puesto 16 del r\u00e1nking nacional","og_url":"https:\/\/laredlarioja.com.ar\/sitio\/crecio-la-conectividad-a-internet-en-la-rioja\/","og_site_name":"LA RED 88.3 LA RIOJA","article_publisher":"https:\/\/www.facebook.com\/lared.larioja","article_published_time":"2026-03-13T23:03:36+00:00","og_image":[{"width":630,"height":378,"url":"https:\/\/laredlarioja.com.ar\/sitio\/wp-content\/uploads\/2023\/04\/25-03-202313-52-15211013buscartrabajointernetjpg.jpg_630x378.jpg","type":"image\/jpeg"}],"author":"Anabella Soria","twitter_card":"summary_large_image","twitter_creator":"@laredlarioja1","twitter_site":"@laredlarioja1","twitter_misc":{"Escrito por":"Anabella Soria","Tiempo de lectura":"2 minutos"},"schema":{"@context":"https:\/\/schema.org","@graph":[{"@type":"Article","@id":"https:\/\/laredlarioja.com.ar\/sitio\/crecio-la-conectividad-a-internet-en-la-rioja\/#article","isPartOf":{"@id":"https:\/\/laredlarioja.com.ar\/sitio\/crecio-la-conectividad-a-internet-en-la-rioja\/"},"author":{"name":"Anabella Soria","@id":"https:\/\/laredlarioja.com.ar\/sitio\/#\/schema\/person\/31f88059d20c5cf06e974fd895aec56e"},"headline":"Creci\u00f3 la conectividad a internet en La Rioja","datePublished":"2026-03-13T23:03:36+00:00","mainEntityOfPage":{"@id":"https:\/\/laredlarioja.com.ar\/sitio\/crecio-la-conectividad-a-internet-en-la-rioja\/"},"wordCount":273,"publisher":{"@id":"https:\/\/laredlarioja.com.ar\/sitio\/#organization"},"image":{"@id":"https:\/\/laredlarioja.com.ar\/sitio\/crecio-la-conectividad-a-internet-en-la-rioja\/#primaryimage"},"thumbnailUrl":"https:\/\/laredlarioja.com.ar\/sitio\/wp-content\/uploads\/2023\/04\/25-03-202313-52-15211013buscartrabajointernetjpg.jpg_630x378.jpg","keywords":["Secundaria"],"articleSection":["Locales"],"inLanguage":"es"},{"@type":"WebPage","@id":"https:\/\/laredlarioja.com.ar\/sitio\/crecio-la-conectividad-a-internet-en-la-rioja\/","url":"https:\/\/laredlarioja.com.ar\/sitio\/crecio-la-conectividad-a-internet-en-la-rioja\/","name":"Creci\u00f3 la conectividad a internet en La Rioja - LA RED 88.3 LA RIOJA","isPartOf":{"@id":"https:\/\/laredlarioja.com.ar\/sitio\/#website"},"primaryImageOfPage":{"@id":"https:\/\/laredlarioja.com.ar\/sitio\/crecio-la-conectividad-a-internet-en-la-rioja\/#primaryimage"},"image":{"@id":"https:\/\/laredlarioja.com.ar\/sitio\/crecio-la-conectividad-a-internet-en-la-rioja\/#primaryimage"},"thumbnailUrl":"https:\/\/laredlarioja.com.ar\/sitio\/wp-content\/uploads\/2023\/04\/25-03-202313-52-15211013buscartrabajointernetjpg.jpg_630x378.jpg","datePublished":"2026-03-13T23:03:36+00:00","breadcrumb":{"@id":"https:\/\/laredlarioja.com.ar\/sitio\/crecio-la-conectividad-a-internet-en-la-rioja\/#breadcrumb"},"inLanguage":"es","potentialAction":[{"@type":"ReadAction","target":["https:\/\/laredlarioja.com.ar\/sitio\/crecio-la-conectividad-a-internet-en-la-rioja\/"]}]},{"@type":"ImageObject","inLanguage":"es","@id":"https:\/\/laredlarioja.com.ar\/sitio\/crecio-la-conectividad-a-internet-en-la-rioja\/#primaryimage","url":"https:\/\/laredlarioja.com.ar\/sitio\/wp-content\/uploads\/2023\/04\/25-03-202313-52-15211013buscartrabajointernetjpg.jpg_630x378.jpg","contentUrl":"https:\/\/laredlarioja.com.ar\/sitio\/wp-content\/uploads\/2023\/04\/25-03-202313-52-15211013buscartrabajointernetjpg.jpg_630x378.jpg","width":630,"height":378},{"@type":"BreadcrumbList","@id":"https:\/\/laredlarioja.com.ar\/sitio\/crecio-la-conectividad-a-internet-en-la-rioja\/#breadcrumb","itemListElement":[{"@type":"ListItem","position":1,"name":"Portada","item":"https:\/\/laredlarioja.com.ar\/sitio\/"},{"@type":"ListItem","position":2,"name":"Creci\u00f3 la conectividad a internet en La Rioja"}]},{"@type":"WebSite","@id":"https:\/\/laredlarioja.com.ar\/sitio\/#website","url":"https:\/\/laredlarioja.com.ar\/sitio\/","name":"LA RED 88.3 LA RIOJA","description":"Sitio de Noticias","publisher":{"@id":"https:\/\/laredlarioja.com.ar\/sitio\/#organization"},"potentialAction":[{"@type":"SearchAction","target":{"@type":"EntryPoint","urlTemplate":"https:\/\/laredlarioja.com.ar\/sitio\/?s={search_term_string}"},"query-input":{"@type":"PropertyValueSpecification","valueRequired":true,"valueName":"search_term_string"}}],"inLanguage":"es"},{"@type":"Organization","@id":"https:\/\/laredlarioja.com.ar\/sitio\/#organization","name":"LA RED 88.3 LA RIOJA","url":"https:\/\/laredlarioja.com.ar\/sitio\/","logo":{"@type":"ImageObject","inLanguage":"es","@id":"https:\/\/laredlarioja.com.ar\/sitio\/#\/schema\/logo\/image\/","url":"https:\/\/laredlarioja.com.ar\/sitio\/wp-content\/uploads\/2025\/05\/LOGO-LA-RED.png","contentUrl":"https:\/\/laredlarioja.com.ar\/sitio\/wp-content\/uploads\/2025\/05\/LOGO-LA-RED.png","width":193,"height":340,"caption":"LA RED 88.3 LA RIOJA"},"image":{"@id":"https:\/\/laredlarioja.com.ar\/sitio\/#\/schema\/logo\/image\/"},"sameAs":["https:\/\/www.facebook.com\/lared.larioja","https:\/\/x.com\/laredlarioja1","https:\/\/www.instagram.com\/lared_larioja\/"]},{"@type":"Person","@id":"https:\/\/laredlarioja.com.ar\/sitio\/#\/schema\/person\/31f88059d20c5cf06e974fd895aec56e","name":"Anabella Soria","url":"https:\/\/laredlarioja.com.ar\/sitio\/author\/asoria\/"}]}},"featured_image_urls":{"full":["https:\/\/laredlarioja.com.ar\/sitio\/wp-content\/uploads\/2023\/04\/25-03-202313-52-15211013buscartrabajointernetjpg.jpg_630x378.jpg",630,378,false],"thumbnail":["https:\/\/laredlarioja.com.ar\/sitio\/wp-content\/uploads\/2023\/04\/25-03-202313-52-15211013buscartrabajointernetjpg.jpg_630x378-150x150.jpg",150,150,true],"medium":["https:\/\/laredlarioja.com.ar\/sitio\/wp-content\/uploads\/2023\/04\/25-03-202313-52-15211013buscartrabajointernetjpg.jpg_630x378-300x180.jpg",300,180,true],"medium_large":["https:\/\/laredlarioja.com.ar\/sitio\/wp-content\/uploads\/2023\/04\/25-03-202313-52-15211013buscartrabajointernetjpg.jpg_630x378.jpg",630,378,false],"large":["https:\/\/laredlarioja.com.ar\/sitio\/wp-content\/uploads\/2023\/04\/25-03-202313-52-15211013buscartrabajointernetjpg.jpg_630x378.jpg",630,378,false],"1536x1536":["https:\/\/laredlarioja.com.ar\/sitio\/wp-content\/uploads\/2023\/04\/25-03-202313-52-15211013buscartrabajointernetjpg.jpg_630x378.jpg",630,378,false],"2048x2048":["https:\/\/laredlarioja.com.ar\/sitio\/wp-content\/uploads\/2023\/04\/25-03-202313-52-15211013buscartrabajointernetjpg.jpg_630x378.jpg",630,378,false],"cvmm-medium":["https:\/\/laredlarioja.com.ar\/sitio\/wp-content\/uploads\/2023\/04\/25-03-202313-52-15211013buscartrabajointernetjpg.jpg_630x378-300x300.jpg",300,300,true],"cvmm-medium-plus":["https:\/\/laredlarioja.com.ar\/sitio\/wp-content\/uploads\/2023\/04\/25-03-202313-52-15211013buscartrabajointernetjpg.jpg_630x378-305x207.jpg",305,207,true],"cvmm-portrait":["https:\/\/laredlarioja.com.ar\/sitio\/wp-content\/uploads\/2023\/04\/25-03-202313-52-15211013buscartrabajointernetjpg.jpg_630x378-400x378.jpg",400,378,true],"cvmm-medium-square":["https:\/\/laredlarioja.com.ar\/sitio\/wp-content\/uploads\/2023\/04\/25-03-202313-52-15211013buscartrabajointernetjpg.jpg_630x378-600x378.jpg",600,378,true],"cvmm-large":["https:\/\/laredlarioja.com.ar\/sitio\/wp-content\/uploads\/2023\/04\/25-03-202313-52-15211013buscartrabajointernetjpg.jpg_630x378.jpg",630,378,false],"cvmm-small":["https:\/\/laredlarioja.com.ar\/sitio\/wp-content\/uploads\/2023\/04\/25-03-202313-52-15211013buscartrabajointernetjpg.jpg_630x378-130x95.jpg",130,95,true],"morenews-large":["https:\/\/laredlarioja.com.ar\/sitio\/wp-content\/uploads\/2023\/04\/25-03-202313-52-15211013buscartrabajointernetjpg.jpg_630x378.jpg",630,378,false],"morenews-medium":["https:\/\/laredlarioja.com.ar\/sitio\/wp-content\/uploads\/2023\/04\/25-03-202313-52-15211013buscartrabajointernetjpg.jpg_630x378-590x378.jpg",590,378,true]},"author_info":{"display_name":"Anabella Soria","author_link":"https:\/\/laredlarioja.com.ar\/sitio\/author\/asoria\/"},"category_info":"<a href=\"https:\/\/laredlarioja.com.ar\/sitio\/categorias\/locales\/\" rel=\"category tag\">Locales<\/a>","tag_info":"Locales","comment_count":"0","blog_post_layout_featured_media_urls":{"thumbnail":["https:\/\/laredlarioja.com.ar\/sitio\/wp-content\/uploads\/2023\/04\/25-03-202313-52-15211013buscartrabajointernetjpg.jpg_630x378-150x150.jpg",150,150,true],"full":["https:\/\/laredlarioja.com.ar\/sitio\/wp-content\/uploads\/2023\/04\/25-03-202313-52-15211013buscartrabajointernetjpg.jpg_630x378.jpg",630,378,false]},"categories_names":{"94":{"name":"Locales","link":"https:\/\/laredlarioja.com.ar\/sitio\/categorias\/locales\/"}},"tags_names":{"84":{"name":"Secundaria","link":"https:\/\/laredlarioja.com.ar\/sitio\/etiquetas\/secundaria\/"}},"comments_number":"0","wpmagazine_modules_lite_featured_media_urls":{"thumbnail":["https:\/\/laredlarioja.com.ar\/sitio\/wp-content\/uploads\/2023\/04\/25-03-202313-52-15211013buscartrabajointernetjpg.jpg_630x378-150x150.jpg",150,150,true],"cvmm-medium":["https:\/\/laredlarioja.com.ar\/sitio\/wp-content\/uploads\/2023\/04\/25-03-202313-52-15211013buscartrabajointernetjpg.jpg_630x378-300x300.jpg",300,300,true],"cvmm-medium-plus":["https:\/\/laredlarioja.com.ar\/sitio\/wp-content\/uploads\/2023\/04\/25-03-202313-52-15211013buscartrabajointernetjpg.jpg_630x378-305x207.jpg",305,207,true],"cvmm-portrait":["https:\/\/laredlarioja.com.ar\/sitio\/wp-content\/uploads\/2023\/04\/25-03-202313-52-15211013buscartrabajointernetjpg.jpg_630x378-400x378.jpg",400,378,true],"cvmm-medium-square":["https:\/\/laredlarioja.com.ar\/sitio\/wp-content\/uploads\/2023\/04\/25-03-202313-52-15211013buscartrabajointernetjpg.jpg_630x378-600x378.jpg",600,378,true],"cvmm-large":["https:\/\/laredlarioja.com.ar\/sitio\/wp-content\/uploads\/2023\/04\/25-03-202313-52-15211013buscartrabajointernetjpg.jpg_630x378.jpg",630,378,false],"cvmm-small":["https:\/\/laredlarioja.com.ar\/sitio\/wp-content\/uploads\/2023\/04\/25-03-202313-52-15211013buscartrabajointernetjpg.jpg_630x378-130x95.jpg",130,95,true],"full":["https:\/\/laredlarioja.com.ar\/sitio\/wp-content\/uploads\/2023\/04\/25-03-202313-52-15211013buscartrabajointernetjpg.jpg_630x378.jpg",630,378,false]},"_links":{"self":[{"href":"https:\/\/laredlarioja.com.ar\/sitio\/wp-json\/wp\/v2\/posts\/75514","targetHints":{"allow":["GET"]}}],"collection":[{"href":"https:\/\/laredlarioja.com.ar\/sitio\/wp-json\/wp\/v2\/posts"}],"about":[{"href":"https:\/\/laredlarioja.com.ar\/sitio\/wp-json\/wp\/v2\/types\/post"}],"author":[{"embeddable":true,"href":"https:\/\/laredlarioja.com.ar\/sitio\/wp-json\/wp\/v2\/users\/7"}],"replies":[{"embeddable":true,"href":"https:\/\/laredlarioja.com.ar\/sitio\/wp-json\/wp\/v2\/comments?post=75514"}],"version-history":[{"count":1,"href":"https:\/\/laredlarioja.com.ar\/sitio\/wp-json\/wp\/v2\/posts\/75514\/revisions"}],"predecessor-version":[{"id":75515,"href":"https:\/\/laredlarioja.com.ar\/sitio\/wp-json\/wp\/v2\/posts\/75514\/revisions\/75515"}],"wp:featuredmedia":[{"embeddable":true,"href":"https:\/\/laredlarioja.com.ar\/sitio\/wp-json\/wp\/v2\/media\/29263"}],"wp:attachment":[{"href":"https:\/\/laredlarioja.com.ar\/sitio\/wp-json\/wp\/v2\/media?parent=75514"}],"wp:term":[{"taxonomy":"category","embeddable":true,"href":"https:\/\/laredlarioja.com.ar\/sitio\/wp-json\/wp\/v2\/categories?post=75514"},{"taxonomy":"post_tag","embeddable":true,"href":"https:\/\/laredlarioja.com.ar\/sitio\/wp-json\/wp\/v2\/tags?post=75514"}],"curies":[{"name":"wp","href":"https:\/\/api.w.org\/{rel}","templated":true}]}}