{"id":76222,"date":"2026-03-28T13:24:13","date_gmt":"2026-03-28T13:24:13","guid":{"rendered":"https:\/\/laredlarioja.com.ar\/sitio\/?p=76222"},"modified":"2026-03-30T00:20:58","modified_gmt":"2026-03-30T00:20:58","slug":"jubilacion-en-argentina-por-que-se-cobra-solo-el-60-del-sueldo-y-como-planificar-a-tiempo","status":"publish","type":"post","link":"https:\/\/laredlarioja.com.ar\/sitio\/jubilacion-en-argentina-por-que-se-cobra-solo-el-60-del-sueldo-y-como-planificar-a-tiempo\/","title":{"rendered":"Jubilaci\u00f3n en Argentina: por qu\u00e9 se cobra solo el 60% del sueldo y c\u00f3mo planificar a tiempo"},"content":{"rendered":"<p>La abogada previsional Melania Vedovatti en di\u00e1logo con La Red explic\u00f3 por qu\u00e9, al jubilarse, muchos trabajadores pasan a cobrar apenas el 60% de su salario activo, y remarc\u00f3 la importancia de planificar el retiro con anticipaci\u00f3n. <strong>\u201cLa tasa de sustituci\u00f3n \u2014es decir, lo que reemplaza al sueldo\u2014 ronda el 60%. El 82% m\u00f3vil, en t\u00e9rminos reales, no existe\u201d, afirm\u00f3.<\/strong><\/p>\n<p><a href=\"https:\/\/laredlarioja.com.ar\/sitio\/wp-content\/uploads\/2026\/03\/4d1207a0-5fb3-45d8-a3e6-4298ff9e7246.jpg\"><img fetchpriority=\"high\" decoding=\"async\" class=\"alignnone wp-image-76147 size-full\" src=\"https:\/\/laredlarioja.com.ar\/sitio\/wp-content\/uploads\/2026\/03\/4d1207a0-5fb3-45d8-a3e6-4298ff9e7246.jpg\" alt=\"\" width=\"736\" height=\"1097\" srcset=\"https:\/\/laredlarioja.com.ar\/sitio\/wp-content\/uploads\/2026\/03\/4d1207a0-5fb3-45d8-a3e6-4298ff9e7246.jpg 736w, https:\/\/laredlarioja.com.ar\/sitio\/wp-content\/uploads\/2026\/03\/4d1207a0-5fb3-45d8-a3e6-4298ff9e7246-201x300.jpg 201w, https:\/\/laredlarioja.com.ar\/sitio\/wp-content\/uploads\/2026\/03\/4d1207a0-5fb3-45d8-a3e6-4298ff9e7246-687x1024.jpg 687w\" sizes=\"(max-width: 736px) 100vw, 736px\" \/><\/a><\/p>\n<p>Al ser consultada por el caso de La Rioja y el empleo p\u00fablico donde la caja previsional fue transferida a Naci\u00f3n, el impacto es m\u00e1s evidente. En este sentido, Vedovatti asegur\u00f3 que muchos empleados p\u00fablicos se encuentran con una fuerte ca\u00edda de ingresos al jubilarse. \u201cEse 60% incluso puede ser menor en algunos casos. <strong>Pero en muchos casos es reajustable, porque est\u00e1 mal calculado\u201d, explic\u00f3<\/strong>.<\/p>\n<p><strong>\u00bfQui\u00e9nes NO pueden reclamar?<\/strong><br \/>\nVedovatti fue clara respecto a los sectores que, en general, no tienen posibilidad de reajuste:<\/p>\n<ul>\n<li>Aut\u00f3nomos y monotributistas: aportan para cobrar la m\u00ednima, sin importar la categor\u00eda.<\/li>\n<li>Amas de casa con moratoria: no tienen aportes reales, por lo que no son reajustables.<\/li>\n<li>Aportes muy bajos: tampoco generan diferencias significativas.\u201cSalvo casos muy puntuales, estos grupos no tienen margen para iniciar juicio\u201d, indic\u00f3.<\/li>\n<\/ul>\n<p><strong>La clave: anticiparse<\/strong><br \/>\nAl respecto la abogada previsional indic\u00f3 que uno de los puntos centrales es la necesidad de planificar la jubilaci\u00f3n con a\u00f1os de anticipaci\u00f3n:<\/p>\n<p>Mujeres: 60 a\u00f1os<br \/>\nHombres: 65 a\u00f1os<br \/>\nAmbos: 30 a\u00f1os de aportes<\/p>\n<p>\u201cSi una persona tiene 15 a\u00f1os de aportes y le faltan 10 para jubilarse, es el momento de analizar c\u00f3mo completar los a\u00f1os faltantes, incluso mediante moratorias\u201d, explic\u00f3. Adem\u00e1s, <strong>recomend\u00f3; revisar el historial laboral en ANSES, verificar que los aportes no est\u00e9n en cero, y m<\/strong><strong>ejorar la calidad del salario en los \u00faltimos a\u00f1os (clave para el promedio).<\/strong><\/p>\n<p>Al finalizar Vedovatti dej\u00f3 una advertencia concreta para quienes siguen trabajando: <strong>\u201cSi vas a seguir en relaci\u00f3n de dependencia, procur\u00e1 que tus aportes sean cada vez m\u00e1s altos. Si bajan, eso perjudica directamente el c\u00e1lculo de tu jubilaci\u00f3n\u201d.<\/strong><\/p>\n","protected":false},"excerpt":{"rendered":"<p>La abogada previsional Melania Vedovatti en di\u00e1logo con La Red explic\u00f3 por qu\u00e9, al jubilarse, muchos trabajadores pasan<\/p>\n","protected":false},"author":7,"featured_media":76223,"comment_status":"closed","ping_status":"open","sticky":false,"template":"","format":"standard","meta":{"footnotes":""},"categories":[24],"tags":[84],"class_list":["post-76222","post","type-post","status-publish","format-standard","has-post-thumbnail","hentry","category-informacion-general","tag-secundaria"],"yoast_head":"<!-- This site is optimized with the Yoast SEO plugin v27.4 - https:\/\/yoast.com\/product\/yoast-seo-wordpress\/ -->\n<title>Jubilaci\u00f3n en Argentina: por qu\u00e9 se cobra solo el 60% del sueldo y c\u00f3mo planificar a tiempo - LA RED 88.3 LA RIOJA<\/title>\n<meta name=\"robots\" content=\"index, follow, max-snippet:-1, max-image-preview:large, max-video-preview:-1\" \/>\n<link rel=\"canonical\" href=\"https:\/\/laredlarioja.com.ar\/sitio\/jubilacion-en-argentina-por-que-se-cobra-solo-el-60-del-sueldo-y-como-planificar-a-tiempo\/\" \/>\n<meta property=\"og:locale\" content=\"es_ES\" \/>\n<meta property=\"og:type\" content=\"article\" \/>\n<meta property=\"og:title\" content=\"Jubilaci\u00f3n en Argentina: por qu\u00e9 se cobra solo el 60% del sueldo y c\u00f3mo planificar a tiempo - LA RED 88.3 LA RIOJA\" \/>\n<meta property=\"og:description\" content=\"La abogada previsional Melania Vedovatti en di\u00e1logo con La Red explic\u00f3 por qu\u00e9, al jubilarse, muchos trabajadores pasan\" \/>\n<meta property=\"og:url\" content=\"https:\/\/laredlarioja.com.ar\/sitio\/jubilacion-en-argentina-por-que-se-cobra-solo-el-60-del-sueldo-y-como-planificar-a-tiempo\/\" \/>\n<meta property=\"og:site_name\" content=\"LA RED 88.3 LA RIOJA\" \/>\n<meta property=\"article:publisher\" content=\"https:\/\/www.facebook.com\/lared.larioja\" \/>\n<meta property=\"article:published_time\" content=\"2026-03-28T13:24:13+00:00\" \/>\n<meta property=\"article:modified_time\" content=\"2026-03-30T00:20:58+00:00\" \/>\n<meta name=\"author\" content=\"Anabella Soria\" \/>\n<meta name=\"twitter:card\" content=\"summary_large_image\" \/>\n<meta name=\"twitter:creator\" content=\"@laredlarioja1\" \/>\n<meta name=\"twitter:site\" content=\"@laredlarioja1\" \/>\n<meta name=\"twitter:label1\" content=\"Escrito por\" \/>\n\t<meta name=\"twitter:data1\" content=\"Anabella Soria\" \/>\n\t<meta name=\"twitter:label2\" content=\"Tiempo de lectura\" \/>\n\t<meta name=\"twitter:data2\" content=\"2 minutos\" \/>\n<script type=\"application\/ld+json\" class=\"yoast-schema-graph\">{\"@context\":\"https:\\\/\\\/schema.org\",\"@graph\":[{\"@type\":\"Article\",\"@id\":\"https:\\\/\\\/laredlarioja.com.ar\\\/sitio\\\/jubilacion-en-argentina-por-que-se-cobra-solo-el-60-del-sueldo-y-como-planificar-a-tiempo\\\/#article\",\"isPartOf\":{\"@id\":\"https:\\\/\\\/laredlarioja.com.ar\\\/sitio\\\/jubilacion-en-argentina-por-que-se-cobra-solo-el-60-del-sueldo-y-como-planificar-a-tiempo\\\/\"},\"author\":{\"name\":\"Anabella Soria\",\"@id\":\"https:\\\/\\\/laredlarioja.com.ar\\\/sitio\\\/#\\\/schema\\\/person\\\/31f88059d20c5cf06e974fd895aec56e\"},\"headline\":\"Jubilaci\u00f3n en Argentina: por qu\u00e9 se cobra solo el 60% del sueldo y c\u00f3mo planificar a tiempo\",\"datePublished\":\"2026-03-28T13:24:13+00:00\",\"dateModified\":\"2026-03-30T00:20:58+00:00\",\"mainEntityOfPage\":{\"@id\":\"https:\\\/\\\/laredlarioja.com.ar\\\/sitio\\\/jubilacion-en-argentina-por-que-se-cobra-solo-el-60-del-sueldo-y-como-planificar-a-tiempo\\\/\"},\"wordCount\":364,\"publisher\":{\"@id\":\"https:\\\/\\\/laredlarioja.com.ar\\\/sitio\\\/#organization\"},\"image\":{\"@id\":\"https:\\\/\\\/laredlarioja.com.ar\\\/sitio\\\/jubilacion-en-argentina-por-que-se-cobra-solo-el-60-del-sueldo-y-como-planificar-a-tiempo\\\/#primaryimage\"},\"thumbnailUrl\":\"https:\\\/\\\/laredlarioja.com.ar\\\/sitio\\\/wp-content\\\/uploads\\\/2026\\\/03\\\/jubilacion.avif\",\"keywords\":[\"Secundaria\"],\"articleSection\":[\"Informaci\u00f3n General\"],\"inLanguage\":\"es\"},{\"@type\":\"WebPage\",\"@id\":\"https:\\\/\\\/laredlarioja.com.ar\\\/sitio\\\/jubilacion-en-argentina-por-que-se-cobra-solo-el-60-del-sueldo-y-como-planificar-a-tiempo\\\/\",\"url\":\"https:\\\/\\\/laredlarioja.com.ar\\\/sitio\\\/jubilacion-en-argentina-por-que-se-cobra-solo-el-60-del-sueldo-y-como-planificar-a-tiempo\\\/\",\"name\":\"Jubilaci\u00f3n en Argentina: por qu\u00e9 se cobra solo el 60% del sueldo y c\u00f3mo planificar a tiempo - LA RED 88.3 LA RIOJA\",\"isPartOf\":{\"@id\":\"https:\\\/\\\/laredlarioja.com.ar\\\/sitio\\\/#website\"},\"primaryImageOfPage\":{\"@id\":\"https:\\\/\\\/laredlarioja.com.ar\\\/sitio\\\/jubilacion-en-argentina-por-que-se-cobra-solo-el-60-del-sueldo-y-como-planificar-a-tiempo\\\/#primaryimage\"},\"image\":{\"@id\":\"https:\\\/\\\/laredlarioja.com.ar\\\/sitio\\\/jubilacion-en-argentina-por-que-se-cobra-solo-el-60-del-sueldo-y-como-planificar-a-tiempo\\\/#primaryimage\"},\"thumbnailUrl\":\"https:\\\/\\\/laredlarioja.com.ar\\\/sitio\\\/wp-content\\\/uploads\\\/2026\\\/03\\\/jubilacion.avif\",\"datePublished\":\"2026-03-28T13:24:13+00:00\",\"dateModified\":\"2026-03-30T00:20:58+00:00\",\"breadcrumb\":{\"@id\":\"https:\\\/\\\/laredlarioja.com.ar\\\/sitio\\\/jubilacion-en-argentina-por-que-se-cobra-solo-el-60-del-sueldo-y-como-planificar-a-tiempo\\\/#breadcrumb\"},\"inLanguage\":\"es\",\"potentialAction\":[{\"@type\":\"ReadAction\",\"target\":[\"https:\\\/\\\/laredlarioja.com.ar\\\/sitio\\\/jubilacion-en-argentina-por-que-se-cobra-solo-el-60-del-sueldo-y-como-planificar-a-tiempo\\\/\"]}]},{\"@type\":\"ImageObject\",\"inLanguage\":\"es\",\"@id\":\"https:\\\/\\\/laredlarioja.com.ar\\\/sitio\\\/jubilacion-en-argentina-por-que-se-cobra-solo-el-60-del-sueldo-y-como-planificar-a-tiempo\\\/#primaryimage\",\"url\":\"https:\\\/\\\/laredlarioja.com.ar\\\/sitio\\\/wp-content\\\/uploads\\\/2026\\\/03\\\/jubilacion.avif\",\"contentUrl\":\"https:\\\/\\\/laredlarioja.com.ar\\\/sitio\\\/wp-content\\\/uploads\\\/2026\\\/03\\\/jubilacion.avif\",\"width\":1472,\"height\":828},{\"@type\":\"BreadcrumbList\",\"@id\":\"https:\\\/\\\/laredlarioja.com.ar\\\/sitio\\\/jubilacion-en-argentina-por-que-se-cobra-solo-el-60-del-sueldo-y-como-planificar-a-tiempo\\\/#breadcrumb\",\"itemListElement\":[{\"@type\":\"ListItem\",\"position\":1,\"name\":\"Portada\",\"item\":\"https:\\\/\\\/laredlarioja.com.ar\\\/sitio\\\/\"},{\"@type\":\"ListItem\",\"position\":2,\"name\":\"Jubilaci\u00f3n en Argentina: por qu\u00e9 se cobra solo el 60% del sueldo y c\u00f3mo planificar a tiempo\"}]},{\"@type\":\"WebSite\",\"@id\":\"https:\\\/\\\/laredlarioja.com.ar\\\/sitio\\\/#website\",\"url\":\"https:\\\/\\\/laredlarioja.com.ar\\\/sitio\\\/\",\"name\":\"LA RED 88.3 LA RIOJA\",\"description\":\"Sitio de Noticias\",\"publisher\":{\"@id\":\"https:\\\/\\\/laredlarioja.com.ar\\\/sitio\\\/#organization\"},\"potentialAction\":[{\"@type\":\"SearchAction\",\"target\":{\"@type\":\"EntryPoint\",\"urlTemplate\":\"https:\\\/\\\/laredlarioja.com.ar\\\/sitio\\\/?s={search_term_string}\"},\"query-input\":{\"@type\":\"PropertyValueSpecification\",\"valueRequired\":true,\"valueName\":\"search_term_string\"}}],\"inLanguage\":\"es\"},{\"@type\":\"Organization\",\"@id\":\"https:\\\/\\\/laredlarioja.com.ar\\\/sitio\\\/#organization\",\"name\":\"LA RED 88.3 LA RIOJA\",\"url\":\"https:\\\/\\\/laredlarioja.com.ar\\\/sitio\\\/\",\"logo\":{\"@type\":\"ImageObject\",\"inLanguage\":\"es\",\"@id\":\"https:\\\/\\\/laredlarioja.com.ar\\\/sitio\\\/#\\\/schema\\\/logo\\\/image\\\/\",\"url\":\"https:\\\/\\\/laredlarioja.com.ar\\\/sitio\\\/wp-content\\\/uploads\\\/2025\\\/05\\\/LOGO-LA-RED.png\",\"contentUrl\":\"https:\\\/\\\/laredlarioja.com.ar\\\/sitio\\\/wp-content\\\/uploads\\\/2025\\\/05\\\/LOGO-LA-RED.png\",\"width\":193,\"height\":340,\"caption\":\"LA RED 88.3 LA RIOJA\"},\"image\":{\"@id\":\"https:\\\/\\\/laredlarioja.com.ar\\\/sitio\\\/#\\\/schema\\\/logo\\\/image\\\/\"},\"sameAs\":[\"https:\\\/\\\/www.facebook.com\\\/lared.larioja\",\"https:\\\/\\\/x.com\\\/laredlarioja1\",\"https:\\\/\\\/www.instagram.com\\\/lared_larioja\\\/\"]},{\"@type\":\"Person\",\"@id\":\"https:\\\/\\\/laredlarioja.com.ar\\\/sitio\\\/#\\\/schema\\\/person\\\/31f88059d20c5cf06e974fd895aec56e\",\"name\":\"Anabella Soria\",\"url\":\"https:\\\/\\\/laredlarioja.com.ar\\\/sitio\\\/author\\\/asoria\\\/\"}]}<\/script>\n<!-- \/ Yoast SEO plugin. -->","yoast_head_json":{"title":"Jubilaci\u00f3n en Argentina: por qu\u00e9 se cobra solo el 60% del sueldo y c\u00f3mo planificar a tiempo - LA RED 88.3 LA RIOJA","robots":{"index":"index","follow":"follow","max-snippet":"max-snippet:-1","max-image-preview":"max-image-preview:large","max-video-preview":"max-video-preview:-1"},"canonical":"https:\/\/laredlarioja.com.ar\/sitio\/jubilacion-en-argentina-por-que-se-cobra-solo-el-60-del-sueldo-y-como-planificar-a-tiempo\/","og_locale":"es_ES","og_type":"article","og_title":"Jubilaci\u00f3n en Argentina: por qu\u00e9 se cobra solo el 60% del sueldo y c\u00f3mo planificar a tiempo - LA RED 88.3 LA RIOJA","og_description":"La abogada previsional Melania Vedovatti en di\u00e1logo con La Red explic\u00f3 por qu\u00e9, al jubilarse, muchos trabajadores pasan","og_url":"https:\/\/laredlarioja.com.ar\/sitio\/jubilacion-en-argentina-por-que-se-cobra-solo-el-60-del-sueldo-y-como-planificar-a-tiempo\/","og_site_name":"LA RED 88.3 LA RIOJA","article_publisher":"https:\/\/www.facebook.com\/lared.larioja","article_published_time":"2026-03-28T13:24:13+00:00","article_modified_time":"2026-03-30T00:20:58+00:00","author":"Anabella Soria","twitter_card":"summary_large_image","twitter_creator":"@laredlarioja1","twitter_site":"@laredlarioja1","twitter_misc":{"Escrito por":"Anabella Soria","Tiempo de lectura":"2 minutos"},"schema":{"@context":"https:\/\/schema.org","@graph":[{"@type":"Article","@id":"https:\/\/laredlarioja.com.ar\/sitio\/jubilacion-en-argentina-por-que-se-cobra-solo-el-60-del-sueldo-y-como-planificar-a-tiempo\/#article","isPartOf":{"@id":"https:\/\/laredlarioja.com.ar\/sitio\/jubilacion-en-argentina-por-que-se-cobra-solo-el-60-del-sueldo-y-como-planificar-a-tiempo\/"},"author":{"name":"Anabella Soria","@id":"https:\/\/laredlarioja.com.ar\/sitio\/#\/schema\/person\/31f88059d20c5cf06e974fd895aec56e"},"headline":"Jubilaci\u00f3n en Argentina: por qu\u00e9 se cobra solo el 60% del sueldo y c\u00f3mo planificar a tiempo","datePublished":"2026-03-28T13:24:13+00:00","dateModified":"2026-03-30T00:20:58+00:00","mainEntityOfPage":{"@id":"https:\/\/laredlarioja.com.ar\/sitio\/jubilacion-en-argentina-por-que-se-cobra-solo-el-60-del-sueldo-y-como-planificar-a-tiempo\/"},"wordCount":364,"publisher":{"@id":"https:\/\/laredlarioja.com.ar\/sitio\/#organization"},"image":{"@id":"https:\/\/laredlarioja.com.ar\/sitio\/jubilacion-en-argentina-por-que-se-cobra-solo-el-60-del-sueldo-y-como-planificar-a-tiempo\/#primaryimage"},"thumbnailUrl":"https:\/\/laredlarioja.com.ar\/sitio\/wp-content\/uploads\/2026\/03\/jubilacion.avif","keywords":["Secundaria"],"articleSection":["Informaci\u00f3n General"],"inLanguage":"es"},{"@type":"WebPage","@id":"https:\/\/laredlarioja.com.ar\/sitio\/jubilacion-en-argentina-por-que-se-cobra-solo-el-60-del-sueldo-y-como-planificar-a-tiempo\/","url":"https:\/\/laredlarioja.com.ar\/sitio\/jubilacion-en-argentina-por-que-se-cobra-solo-el-60-del-sueldo-y-como-planificar-a-tiempo\/","name":"Jubilaci\u00f3n en Argentina: por qu\u00e9 se cobra solo el 60% del sueldo y c\u00f3mo planificar a tiempo - LA RED 88.3 LA RIOJA","isPartOf":{"@id":"https:\/\/laredlarioja.com.ar\/sitio\/#website"},"primaryImageOfPage":{"@id":"https:\/\/laredlarioja.com.ar\/sitio\/jubilacion-en-argentina-por-que-se-cobra-solo-el-60-del-sueldo-y-como-planificar-a-tiempo\/#primaryimage"},"image":{"@id":"https:\/\/laredlarioja.com.ar\/sitio\/jubilacion-en-argentina-por-que-se-cobra-solo-el-60-del-sueldo-y-como-planificar-a-tiempo\/#primaryimage"},"thumbnailUrl":"https:\/\/laredlarioja.com.ar\/sitio\/wp-content\/uploads\/2026\/03\/jubilacion.avif","datePublished":"2026-03-28T13:24:13+00:00","dateModified":"2026-03-30T00:20:58+00:00","breadcrumb":{"@id":"https:\/\/laredlarioja.com.ar\/sitio\/jubilacion-en-argentina-por-que-se-cobra-solo-el-60-del-sueldo-y-como-planificar-a-tiempo\/#breadcrumb"},"inLanguage":"es","potentialAction":[{"@type":"ReadAction","target":["https:\/\/laredlarioja.com.ar\/sitio\/jubilacion-en-argentina-por-que-se-cobra-solo-el-60-del-sueldo-y-como-planificar-a-tiempo\/"]}]},{"@type":"ImageObject","inLanguage":"es","@id":"https:\/\/laredlarioja.com.ar\/sitio\/jubilacion-en-argentina-por-que-se-cobra-solo-el-60-del-sueldo-y-como-planificar-a-tiempo\/#primaryimage","url":"https:\/\/laredlarioja.com.ar\/sitio\/wp-content\/uploads\/2026\/03\/jubilacion.avif","contentUrl":"https:\/\/laredlarioja.com.ar\/sitio\/wp-content\/uploads\/2026\/03\/jubilacion.avif","width":1472,"height":828},{"@type":"BreadcrumbList","@id":"https:\/\/laredlarioja.com.ar\/sitio\/jubilacion-en-argentina-por-que-se-cobra-solo-el-60-del-sueldo-y-como-planificar-a-tiempo\/#breadcrumb","itemListElement":[{"@type":"ListItem","position":1,"name":"Portada","item":"https:\/\/laredlarioja.com.ar\/sitio\/"},{"@type":"ListItem","position":2,"name":"Jubilaci\u00f3n en Argentina: por qu\u00e9 se cobra solo el 60% del sueldo y c\u00f3mo planificar a tiempo"}]},{"@type":"WebSite","@id":"https:\/\/laredlarioja.com.ar\/sitio\/#website","url":"https:\/\/laredlarioja.com.ar\/sitio\/","name":"LA RED 88.3 LA RIOJA","description":"Sitio de Noticias","publisher":{"@id":"https:\/\/laredlarioja.com.ar\/sitio\/#organization"},"potentialAction":[{"@type":"SearchAction","target":{"@type":"EntryPoint","urlTemplate":"https:\/\/laredlarioja.com.ar\/sitio\/?s={search_term_string}"},"query-input":{"@type":"PropertyValueSpecification","valueRequired":true,"valueName":"search_term_string"}}],"inLanguage":"es"},{"@type":"Organization","@id":"https:\/\/laredlarioja.com.ar\/sitio\/#organization","name":"LA RED 88.3 LA RIOJA","url":"https:\/\/laredlarioja.com.ar\/sitio\/","logo":{"@type":"ImageObject","inLanguage":"es","@id":"https:\/\/laredlarioja.com.ar\/sitio\/#\/schema\/logo\/image\/","url":"https:\/\/laredlarioja.com.ar\/sitio\/wp-content\/uploads\/2025\/05\/LOGO-LA-RED.png","contentUrl":"https:\/\/laredlarioja.com.ar\/sitio\/wp-content\/uploads\/2025\/05\/LOGO-LA-RED.png","width":193,"height":340,"caption":"LA RED 88.3 LA RIOJA"},"image":{"@id":"https:\/\/laredlarioja.com.ar\/sitio\/#\/schema\/logo\/image\/"},"sameAs":["https:\/\/www.facebook.com\/lared.larioja","https:\/\/x.com\/laredlarioja1","https:\/\/www.instagram.com\/lared_larioja\/"]},{"@type":"Person","@id":"https:\/\/laredlarioja.com.ar\/sitio\/#\/schema\/person\/31f88059d20c5cf06e974fd895aec56e","name":"Anabella Soria","url":"https:\/\/laredlarioja.com.ar\/sitio\/author\/asoria\/"}]}},"featured_image_urls":{"full":["https:\/\/laredlarioja.com.ar\/sitio\/wp-content\/uploads\/2026\/03\/jubilacion.avif",1472,828,false],"thumbnail":["https:\/\/laredlarioja.com.ar\/sitio\/wp-content\/uploads\/2026\/03\/jubilacion.avif",150,84,false],"medium":["https:\/\/laredlarioja.com.ar\/sitio\/wp-content\/uploads\/2026\/03\/jubilacion.avif",300,169,false],"medium_large":["https:\/\/laredlarioja.com.ar\/sitio\/wp-content\/uploads\/2026\/03\/jubilacion.avif",640,360,false],"large":["https:\/\/laredlarioja.com.ar\/sitio\/wp-content\/uploads\/2026\/03\/jubilacion.avif",640,360,false],"1536x1536":["https:\/\/laredlarioja.com.ar\/sitio\/wp-content\/uploads\/2026\/03\/jubilacion.avif",1472,828,false],"2048x2048":["https:\/\/laredlarioja.com.ar\/sitio\/wp-content\/uploads\/2026\/03\/jubilacion.avif",1472,828,false],"cvmm-medium":["https:\/\/laredlarioja.com.ar\/sitio\/wp-content\/uploads\/2026\/03\/jubilacion.avif",300,169,false],"cvmm-medium-plus":["https:\/\/laredlarioja.com.ar\/sitio\/wp-content\/uploads\/2026\/03\/jubilacion.avif",305,172,false],"cvmm-portrait":["https:\/\/laredlarioja.com.ar\/sitio\/wp-content\/uploads\/2026\/03\/jubilacion.avif",400,225,false],"cvmm-medium-square":["https:\/\/laredlarioja.com.ar\/sitio\/wp-content\/uploads\/2026\/03\/jubilacion.avif",600,338,false],"cvmm-large":["https:\/\/laredlarioja.com.ar\/sitio\/wp-content\/uploads\/2026\/03\/jubilacion.avif",1024,576,false],"cvmm-small":["https:\/\/laredlarioja.com.ar\/sitio\/wp-content\/uploads\/2026\/03\/jubilacion.avif",130,73,false],"morenews-large":["https:\/\/laredlarioja.com.ar\/sitio\/wp-content\/uploads\/2026\/03\/jubilacion.avif",825,464,false],"morenews-medium":["https:\/\/laredlarioja.com.ar\/sitio\/wp-content\/uploads\/2026\/03\/jubilacion.avif",590,332,false]},"author_info":{"display_name":"Anabella Soria","author_link":"https:\/\/laredlarioja.com.ar\/sitio\/author\/asoria\/"},"category_info":"<a href=\"https:\/\/laredlarioja.com.ar\/sitio\/categorias\/informacion-general\/\" rel=\"category tag\">Informaci\u00f3n General<\/a>","tag_info":"Informaci\u00f3n General","comment_count":"0","blog_post_layout_featured_media_urls":{"thumbnail":["https:\/\/laredlarioja.com.ar\/sitio\/wp-content\/uploads\/2026\/03\/jubilacion.avif",150,84,false],"full":["https:\/\/laredlarioja.com.ar\/sitio\/wp-content\/uploads\/2026\/03\/jubilacion.avif",1472,828,false]},"categories_names":{"24":{"name":"Informaci\u00f3n General","link":"https:\/\/laredlarioja.com.ar\/sitio\/categorias\/informacion-general\/"}},"tags_names":{"84":{"name":"Secundaria","link":"https:\/\/laredlarioja.com.ar\/sitio\/etiquetas\/secundaria\/"}},"comments_number":"0","wpmagazine_modules_lite_featured_media_urls":{"thumbnail":["https:\/\/laredlarioja.com.ar\/sitio\/wp-content\/uploads\/2026\/03\/jubilacion.avif",150,84,false],"cvmm-medium":["https:\/\/laredlarioja.com.ar\/sitio\/wp-content\/uploads\/2026\/03\/jubilacion.avif",300,169,false],"cvmm-medium-plus":["https:\/\/laredlarioja.com.ar\/sitio\/wp-content\/uploads\/2026\/03\/jubilacion.avif",305,172,false],"cvmm-portrait":["https:\/\/laredlarioja.com.ar\/sitio\/wp-content\/uploads\/2026\/03\/jubilacion.avif",400,225,false],"cvmm-medium-square":["https:\/\/laredlarioja.com.ar\/sitio\/wp-content\/uploads\/2026\/03\/jubilacion.avif",600,338,false],"cvmm-large":["https:\/\/laredlarioja.com.ar\/sitio\/wp-content\/uploads\/2026\/03\/jubilacion.avif",1024,576,false],"cvmm-small":["https:\/\/laredlarioja.com.ar\/sitio\/wp-content\/uploads\/2026\/03\/jubilacion.avif",130,73,false],"full":["https:\/\/laredlarioja.com.ar\/sitio\/wp-content\/uploads\/2026\/03\/jubilacion.avif",1472,828,false]},"_links":{"self":[{"href":"https:\/\/laredlarioja.com.ar\/sitio\/wp-json\/wp\/v2\/posts\/76222","targetHints":{"allow":["GET"]}}],"collection":[{"href":"https:\/\/laredlarioja.com.ar\/sitio\/wp-json\/wp\/v2\/posts"}],"about":[{"href":"https:\/\/laredlarioja.com.ar\/sitio\/wp-json\/wp\/v2\/types\/post"}],"author":[{"embeddable":true,"href":"https:\/\/laredlarioja.com.ar\/sitio\/wp-json\/wp\/v2\/users\/7"}],"replies":[{"embeddable":true,"href":"https:\/\/laredlarioja.com.ar\/sitio\/wp-json\/wp\/v2\/comments?post=76222"}],"version-history":[{"count":1,"href":"https:\/\/laredlarioja.com.ar\/sitio\/wp-json\/wp\/v2\/posts\/76222\/revisions"}],"predecessor-version":[{"id":76224,"href":"https:\/\/laredlarioja.com.ar\/sitio\/wp-json\/wp\/v2\/posts\/76222\/revisions\/76224"}],"wp:featuredmedia":[{"embeddable":true,"href":"https:\/\/laredlarioja.com.ar\/sitio\/wp-json\/wp\/v2\/media\/76223"}],"wp:attachment":[{"href":"https:\/\/laredlarioja.com.ar\/sitio\/wp-json\/wp\/v2\/media?parent=76222"}],"wp:term":[{"taxonomy":"category","embeddable":true,"href":"https:\/\/laredlarioja.com.ar\/sitio\/wp-json\/wp\/v2\/categories?post=76222"},{"taxonomy":"post_tag","embeddable":true,"href":"https:\/\/laredlarioja.com.ar\/sitio\/wp-json\/wp\/v2\/tags?post=76222"}],"curies":[{"name":"wp","href":"https:\/\/api.w.org\/{rel}","templated":true}]}}