{"id":76545,"date":"2026-04-06T11:56:15","date_gmt":"2026-04-06T11:56:15","guid":{"rendered":"https:\/\/laredlarioja.com.ar\/sitio\/?p=76545"},"modified":"2026-04-06T23:32:53","modified_gmt":"2026-04-06T23:32:53","slug":"en-la-rioja-la-pobreza-alcanzo-el-36-y-golpea-con-mas-fuerza-a-las-mujeres","status":"publish","type":"post","link":"https:\/\/laredlarioja.com.ar\/sitio\/en-la-rioja-la-pobreza-alcanzo-el-36-y-golpea-con-mas-fuerza-a-las-mujeres\/","title":{"rendered":"En La Rioja la pobreza alcanz\u00f3 el 36% y golpea con m\u00e1s fuerza a las mujeres"},"content":{"rendered":"<p data-start=\"338\" data-end=\"736\"><strong>Valentina Garc\u00eda Torres,<\/strong> integrante de la Universidad Popular de La Rioja, particip\u00f3 de un encuentro sobre pobreza, cuidados y desigualdad organizado por <span class=\"hover:entity-accent entity-underline inline cursor-pointer align-baseline\"><span class=\"whitespace-normal\">ONU Mujeres<\/span><\/span> junto a la Embajada de Alemania en Argentina. En di\u00e1logo con <strong>La Red<\/strong>, comparti\u00f3 su mirada sobre una problem\u00e1tica que, seg\u00fan sostuvo, atraviesa tanto lo global como lo local, pero con particular crudeza en la provincia.<\/p>\n<p data-start=\"738\" data-end=\"1053\">En di\u00e1logo con La Red, Garc\u00eda Torres destac\u00f3 la importancia de visibilizar el trabajo territorial: <strong data-start=\"837\" data-end=\"983\">\u201cquiero agradecerles por poder visualizar la voz de las personas que tambi\u00e9n hacemos pol\u00edticas p\u00fablicas, pero a veces no estamos tan visibles\u201d<\/strong>, se\u00f1al\u00f3 aLa Red, en referencia a quienes trabajan diariamente en los barrios.<\/p>\n<p data-start=\"1055\" data-end=\"1491\">El encuentro, realizado en el marco del cierre del Mes de la Mujer, reuni\u00f3 a referentes de distintos espacios del pa\u00eds. All\u00ed, seg\u00fan explic\u00f3, se confirm\u00f3 que la crisis es global, aunque con cifras m\u00e1s alarmantes en algunas regiones: <strong data-start=\"1287\" data-end=\"1388\">\u201cla crisis de actividad es global, pero nosotros en La Rioja lo vemos con n\u00fameros m\u00e1s alarmantes\u201d<\/strong>. En ese sentido, remarc\u00f3 que <strong data-start=\"1418\" data-end=\"1490\">\u201cla pobreza creci\u00f3 al 36%, quedando por encima de la media nacional\u201d<\/strong>.<\/p>\n<p data-start=\"1493\" data-end=\"1821\">Uno de los puntos centrales del debate fue el impacto diferencial de la pobreza en las mujeres. <strong data-start=\"1589\" data-end=\"1639\">\u201cSon las mujeres las que marcan estos n\u00fameros\u201d<\/strong>, afirm\u00f3, y explic\u00f3 que esto se debe a la sobrecarga de tareas: <strong data-start=\"1703\" data-end=\"1820\">\u201clas mujeres somos las que llevan la triple jornada: trabajamos, cuidamos a nuestros hijos y sostenemos el hogar\u201d<\/strong>.<\/p>\n<p data-start=\"1823\" data-end=\"2077\">Esa realidad, indic\u00f3, se refleja con crudeza en los espacios comunitarios: <strong data-start=\"1898\" data-end=\"1991\">\u201cla mujer que trabaja en el comedor es la que le est\u00e1 garantizando la comida a sus hijos\u201d<\/strong>, describi\u00f3, evidenciando c\u00f3mo la crisis atraviesa tanto lo laboral como lo dom\u00e9stico.<\/p>\n<p data-start=\"2079\" data-end=\"2455\">En el territorio, el avance de la pobreza se percibe de manera directa. <strong data-start=\"2151\" data-end=\"2287\">\u201cSe ve cuando aumentan los chicos que van a merenderos; en muchos barrios los ni\u00f1os a la tarde se desesperan por un plato de comida\u201d<\/strong>, relat\u00f3. A esto se suma la falta de empleo y el crecimiento de la informalidad: <strong data-start=\"2368\" data-end=\"2454\">\u201ctenemos madres que nos plantean la situaci\u00f3n laboral, que no se consigue trabajo\u201d<\/strong>.<\/p>\n<p data-start=\"2457\" data-end=\"2795\">Otro de los ejes abordados fue el crecimiento de los hogares monoparentales, una tendencia que tambi\u00e9n se observa a nivel internacional. Garc\u00eda Torres se\u00f1al\u00f3 que incluso en pa\u00edses desarrollados la situaci\u00f3n es preocupante: <strong data-start=\"2680\" data-end=\"2754\">\u201cen Alemania las familias monoparentales alcanzan un 41,5% de pobreza\u201d<\/strong>, un dato que calific\u00f3 como \u201cs\u00faper alto\u201d.<\/p>\n<p data-start=\"2797\" data-end=\"3019\">En ese sentido, vincul\u00f3 esa realidad con su propia experiencia cotidiana: <strong data-start=\"2871\" data-end=\"3009\">\u201cmientras hago la nota estoy dejando a mi hija en la escuela y tengo que ir a trabajar. Esta realidad la tenemos un mont\u00f3n de mujeres\u201d<\/strong>, expres\u00f3.<\/p>\n<p data-start=\"3021\" data-end=\"3448\">Frente a este diagn\u00f3stico, la referente social destac\u00f3 la necesidad de avanzar en pol\u00edticas p\u00fablicas concretas. Tras el encuentro, se conform\u00f3 un espacio de articulaci\u00f3n federal: <strong data-start=\"3200\" data-end=\"3355\">\u201chemos conformado una acci\u00f3n federal con mujeres de distintas provincias para determinar al menos 10 temas que afectan a mujeres, ni\u00f1as y adolescentes\u201d<\/strong>. El objetivo, explic\u00f3, es <strong data-start=\"3382\" data-end=\"3447\">\u201ctrabajar proyectos conjuntos e incidir en la agenda p\u00fablica\u201d<\/strong>.<\/p>\n<p data-start=\"3450\" data-end=\"3851\">Finalmente, Garc\u00eda Torres subray\u00f3 que, si bien existen esfuerzos a nivel provincial, los recursos son limitados frente a la magnitud de la problem\u00e1tica: <strong data-start=\"3603\" data-end=\"3666\">\u201cno se llega a abordar todas las problem\u00e1ticas que tenemos\u201d<\/strong>. Por eso, remarc\u00f3 el rol de las organizaciones sociales: <strong data-start=\"3724\" data-end=\"3850\">\u201cdesde el territorio hacemos el mayor esfuerzo posible y trabajamos con estad\u00edsticas para visibilizar lo que est\u00e1 pasando\u201d<\/strong>.<\/p>\n","protected":false},"excerpt":{"rendered":"<p>Valentina Garc\u00eda Torres, integrante de la Universidad Popular de La Rioja, particip\u00f3 de un encuentro sobre pobreza, cuidados<\/p>\n","protected":false},"author":10,"featured_media":76396,"comment_status":"closed","ping_status":"open","sticky":false,"template":"","format":"standard","meta":{"footnotes":""},"categories":[24],"tags":[],"class_list":["post-76545","post","type-post","status-publish","format-standard","has-post-thumbnail","hentry","category-informacion-general"],"yoast_head":"<!-- This site is optimized with the Yoast SEO plugin v27.4 - https:\/\/yoast.com\/product\/yoast-seo-wordpress\/ -->\n<title>En La Rioja la pobreza alcanz\u00f3 el 36% y golpea con m\u00e1s fuerza a las mujeres - LA RED 88.3 LA RIOJA<\/title>\n<meta name=\"robots\" content=\"index, follow, max-snippet:-1, max-image-preview:large, max-video-preview:-1\" \/>\n<link rel=\"canonical\" href=\"https:\/\/laredlarioja.com.ar\/sitio\/en-la-rioja-la-pobreza-alcanzo-el-36-y-golpea-con-mas-fuerza-a-las-mujeres\/\" \/>\n<meta property=\"og:locale\" content=\"es_ES\" \/>\n<meta property=\"og:type\" content=\"article\" \/>\n<meta property=\"og:title\" content=\"En La Rioja la pobreza alcanz\u00f3 el 36% y golpea con m\u00e1s fuerza a las mujeres - LA RED 88.3 LA RIOJA\" \/>\n<meta property=\"og:description\" content=\"Valentina Garc\u00eda Torres, integrante de la Universidad Popular de La Rioja, particip\u00f3 de un encuentro sobre pobreza, cuidados\" \/>\n<meta property=\"og:url\" content=\"https:\/\/laredlarioja.com.ar\/sitio\/en-la-rioja-la-pobreza-alcanzo-el-36-y-golpea-con-mas-fuerza-a-las-mujeres\/\" \/>\n<meta property=\"og:site_name\" content=\"LA RED 88.3 LA RIOJA\" \/>\n<meta property=\"article:publisher\" content=\"https:\/\/www.facebook.com\/lared.larioja\" \/>\n<meta property=\"article:published_time\" content=\"2026-04-06T11:56:15+00:00\" \/>\n<meta property=\"article:modified_time\" content=\"2026-04-06T23:32:53+00:00\" \/>\n<meta property=\"og:image\" content=\"https:\/\/laredlarioja.com.ar\/sitio\/wp-content\/uploads\/2026\/04\/pobreza-4.jpeg\" \/>\n\t<meta property=\"og:image:width\" content=\"1072\" \/>\n\t<meta property=\"og:image:height\" content=\"589\" \/>\n\t<meta property=\"og:image:type\" content=\"image\/jpeg\" \/>\n<meta name=\"author\" content=\"La Red\" \/>\n<meta name=\"twitter:card\" content=\"summary_large_image\" \/>\n<meta name=\"twitter:creator\" content=\"@laredlarioja1\" \/>\n<meta name=\"twitter:site\" content=\"@laredlarioja1\" \/>\n<meta name=\"twitter:label1\" content=\"Escrito por\" \/>\n\t<meta name=\"twitter:data1\" content=\"La Red\" \/>\n\t<meta name=\"twitter:label2\" content=\"Tiempo de lectura\" \/>\n\t<meta name=\"twitter:data2\" content=\"3 minutos\" \/>\n<script type=\"application\/ld+json\" class=\"yoast-schema-graph\">{\"@context\":\"https:\\\/\\\/schema.org\",\"@graph\":[{\"@type\":\"Article\",\"@id\":\"https:\\\/\\\/laredlarioja.com.ar\\\/sitio\\\/en-la-rioja-la-pobreza-alcanzo-el-36-y-golpea-con-mas-fuerza-a-las-mujeres\\\/#article\",\"isPartOf\":{\"@id\":\"https:\\\/\\\/laredlarioja.com.ar\\\/sitio\\\/en-la-rioja-la-pobreza-alcanzo-el-36-y-golpea-con-mas-fuerza-a-las-mujeres\\\/\"},\"author\":{\"name\":\"La Red\",\"@id\":\"https:\\\/\\\/laredlarioja.com.ar\\\/sitio\\\/#\\\/schema\\\/person\\\/f1e213867beccedaaa4fb548d9259d9a\"},\"headline\":\"En La Rioja la pobreza alcanz\u00f3 el 36% y golpea con m\u00e1s fuerza a las mujeres\",\"datePublished\":\"2026-04-06T11:56:15+00:00\",\"dateModified\":\"2026-04-06T23:32:53+00:00\",\"mainEntityOfPage\":{\"@id\":\"https:\\\/\\\/laredlarioja.com.ar\\\/sitio\\\/en-la-rioja-la-pobreza-alcanzo-el-36-y-golpea-con-mas-fuerza-a-las-mujeres\\\/\"},\"wordCount\":605,\"publisher\":{\"@id\":\"https:\\\/\\\/laredlarioja.com.ar\\\/sitio\\\/#organization\"},\"image\":{\"@id\":\"https:\\\/\\\/laredlarioja.com.ar\\\/sitio\\\/en-la-rioja-la-pobreza-alcanzo-el-36-y-golpea-con-mas-fuerza-a-las-mujeres\\\/#primaryimage\"},\"thumbnailUrl\":\"https:\\\/\\\/laredlarioja.com.ar\\\/sitio\\\/wp-content\\\/uploads\\\/2026\\\/04\\\/pobreza-4.jpeg\",\"articleSection\":[\"Informaci\u00f3n General\"],\"inLanguage\":\"es\"},{\"@type\":\"WebPage\",\"@id\":\"https:\\\/\\\/laredlarioja.com.ar\\\/sitio\\\/en-la-rioja-la-pobreza-alcanzo-el-36-y-golpea-con-mas-fuerza-a-las-mujeres\\\/\",\"url\":\"https:\\\/\\\/laredlarioja.com.ar\\\/sitio\\\/en-la-rioja-la-pobreza-alcanzo-el-36-y-golpea-con-mas-fuerza-a-las-mujeres\\\/\",\"name\":\"En La Rioja la pobreza alcanz\u00f3 el 36% y golpea con m\u00e1s fuerza a las mujeres - LA RED 88.3 LA RIOJA\",\"isPartOf\":{\"@id\":\"https:\\\/\\\/laredlarioja.com.ar\\\/sitio\\\/#website\"},\"primaryImageOfPage\":{\"@id\":\"https:\\\/\\\/laredlarioja.com.ar\\\/sitio\\\/en-la-rioja-la-pobreza-alcanzo-el-36-y-golpea-con-mas-fuerza-a-las-mujeres\\\/#primaryimage\"},\"image\":{\"@id\":\"https:\\\/\\\/laredlarioja.com.ar\\\/sitio\\\/en-la-rioja-la-pobreza-alcanzo-el-36-y-golpea-con-mas-fuerza-a-las-mujeres\\\/#primaryimage\"},\"thumbnailUrl\":\"https:\\\/\\\/laredlarioja.com.ar\\\/sitio\\\/wp-content\\\/uploads\\\/2026\\\/04\\\/pobreza-4.jpeg\",\"datePublished\":\"2026-04-06T11:56:15+00:00\",\"dateModified\":\"2026-04-06T23:32:53+00:00\",\"breadcrumb\":{\"@id\":\"https:\\\/\\\/laredlarioja.com.ar\\\/sitio\\\/en-la-rioja-la-pobreza-alcanzo-el-36-y-golpea-con-mas-fuerza-a-las-mujeres\\\/#breadcrumb\"},\"inLanguage\":\"es\",\"potentialAction\":[{\"@type\":\"ReadAction\",\"target\":[\"https:\\\/\\\/laredlarioja.com.ar\\\/sitio\\\/en-la-rioja-la-pobreza-alcanzo-el-36-y-golpea-con-mas-fuerza-a-las-mujeres\\\/\"]}]},{\"@type\":\"ImageObject\",\"inLanguage\":\"es\",\"@id\":\"https:\\\/\\\/laredlarioja.com.ar\\\/sitio\\\/en-la-rioja-la-pobreza-alcanzo-el-36-y-golpea-con-mas-fuerza-a-las-mujeres\\\/#primaryimage\",\"url\":\"https:\\\/\\\/laredlarioja.com.ar\\\/sitio\\\/wp-content\\\/uploads\\\/2026\\\/04\\\/pobreza-4.jpeg\",\"contentUrl\":\"https:\\\/\\\/laredlarioja.com.ar\\\/sitio\\\/wp-content\\\/uploads\\\/2026\\\/04\\\/pobreza-4.jpeg\",\"width\":1072,\"height\":589},{\"@type\":\"BreadcrumbList\",\"@id\":\"https:\\\/\\\/laredlarioja.com.ar\\\/sitio\\\/en-la-rioja-la-pobreza-alcanzo-el-36-y-golpea-con-mas-fuerza-a-las-mujeres\\\/#breadcrumb\",\"itemListElement\":[{\"@type\":\"ListItem\",\"position\":1,\"name\":\"Portada\",\"item\":\"https:\\\/\\\/laredlarioja.com.ar\\\/sitio\\\/\"},{\"@type\":\"ListItem\",\"position\":2,\"name\":\"En La Rioja la pobreza alcanz\u00f3 el 36% y golpea con m\u00e1s fuerza a las mujeres\"}]},{\"@type\":\"WebSite\",\"@id\":\"https:\\\/\\\/laredlarioja.com.ar\\\/sitio\\\/#website\",\"url\":\"https:\\\/\\\/laredlarioja.com.ar\\\/sitio\\\/\",\"name\":\"LA RED 88.3 LA RIOJA\",\"description\":\"Sitio de Noticias\",\"publisher\":{\"@id\":\"https:\\\/\\\/laredlarioja.com.ar\\\/sitio\\\/#organization\"},\"potentialAction\":[{\"@type\":\"SearchAction\",\"target\":{\"@type\":\"EntryPoint\",\"urlTemplate\":\"https:\\\/\\\/laredlarioja.com.ar\\\/sitio\\\/?s={search_term_string}\"},\"query-input\":{\"@type\":\"PropertyValueSpecification\",\"valueRequired\":true,\"valueName\":\"search_term_string\"}}],\"inLanguage\":\"es\"},{\"@type\":\"Organization\",\"@id\":\"https:\\\/\\\/laredlarioja.com.ar\\\/sitio\\\/#organization\",\"name\":\"LA RED 88.3 LA RIOJA\",\"url\":\"https:\\\/\\\/laredlarioja.com.ar\\\/sitio\\\/\",\"logo\":{\"@type\":\"ImageObject\",\"inLanguage\":\"es\",\"@id\":\"https:\\\/\\\/laredlarioja.com.ar\\\/sitio\\\/#\\\/schema\\\/logo\\\/image\\\/\",\"url\":\"https:\\\/\\\/laredlarioja.com.ar\\\/sitio\\\/wp-content\\\/uploads\\\/2025\\\/05\\\/LOGO-LA-RED.png\",\"contentUrl\":\"https:\\\/\\\/laredlarioja.com.ar\\\/sitio\\\/wp-content\\\/uploads\\\/2025\\\/05\\\/LOGO-LA-RED.png\",\"width\":193,\"height\":340,\"caption\":\"LA RED 88.3 LA RIOJA\"},\"image\":{\"@id\":\"https:\\\/\\\/laredlarioja.com.ar\\\/sitio\\\/#\\\/schema\\\/logo\\\/image\\\/\"},\"sameAs\":[\"https:\\\/\\\/www.facebook.com\\\/lared.larioja\",\"https:\\\/\\\/x.com\\\/laredlarioja1\",\"https:\\\/\\\/www.instagram.com\\\/lared_larioja\\\/\"]},{\"@type\":\"Person\",\"@id\":\"https:\\\/\\\/laredlarioja.com.ar\\\/sitio\\\/#\\\/schema\\\/person\\\/f1e213867beccedaaa4fb548d9259d9a\",\"name\":\"La Red\",\"url\":\"https:\\\/\\\/laredlarioja.com.ar\\\/sitio\\\/author\\\/lared\\\/\"}]}<\/script>\n<!-- \/ Yoast SEO plugin. -->","yoast_head_json":{"title":"En La Rioja la pobreza alcanz\u00f3 el 36% y golpea con m\u00e1s fuerza a las mujeres - LA RED 88.3 LA RIOJA","robots":{"index":"index","follow":"follow","max-snippet":"max-snippet:-1","max-image-preview":"max-image-preview:large","max-video-preview":"max-video-preview:-1"},"canonical":"https:\/\/laredlarioja.com.ar\/sitio\/en-la-rioja-la-pobreza-alcanzo-el-36-y-golpea-con-mas-fuerza-a-las-mujeres\/","og_locale":"es_ES","og_type":"article","og_title":"En La Rioja la pobreza alcanz\u00f3 el 36% y golpea con m\u00e1s fuerza a las mujeres - LA RED 88.3 LA RIOJA","og_description":"Valentina Garc\u00eda Torres, integrante de la Universidad Popular de La Rioja, particip\u00f3 de un encuentro sobre pobreza, cuidados","og_url":"https:\/\/laredlarioja.com.ar\/sitio\/en-la-rioja-la-pobreza-alcanzo-el-36-y-golpea-con-mas-fuerza-a-las-mujeres\/","og_site_name":"LA RED 88.3 LA RIOJA","article_publisher":"https:\/\/www.facebook.com\/lared.larioja","article_published_time":"2026-04-06T11:56:15+00:00","article_modified_time":"2026-04-06T23:32:53+00:00","og_image":[{"width":1072,"height":589,"url":"https:\/\/laredlarioja.com.ar\/sitio\/wp-content\/uploads\/2026\/04\/pobreza-4.jpeg","type":"image\/jpeg"}],"author":"La Red","twitter_card":"summary_large_image","twitter_creator":"@laredlarioja1","twitter_site":"@laredlarioja1","twitter_misc":{"Escrito por":"La Red","Tiempo de lectura":"3 minutos"},"schema":{"@context":"https:\/\/schema.org","@graph":[{"@type":"Article","@id":"https:\/\/laredlarioja.com.ar\/sitio\/en-la-rioja-la-pobreza-alcanzo-el-36-y-golpea-con-mas-fuerza-a-las-mujeres\/#article","isPartOf":{"@id":"https:\/\/laredlarioja.com.ar\/sitio\/en-la-rioja-la-pobreza-alcanzo-el-36-y-golpea-con-mas-fuerza-a-las-mujeres\/"},"author":{"name":"La Red","@id":"https:\/\/laredlarioja.com.ar\/sitio\/#\/schema\/person\/f1e213867beccedaaa4fb548d9259d9a"},"headline":"En La Rioja la pobreza alcanz\u00f3 el 36% y golpea con m\u00e1s fuerza a las mujeres","datePublished":"2026-04-06T11:56:15+00:00","dateModified":"2026-04-06T23:32:53+00:00","mainEntityOfPage":{"@id":"https:\/\/laredlarioja.com.ar\/sitio\/en-la-rioja-la-pobreza-alcanzo-el-36-y-golpea-con-mas-fuerza-a-las-mujeres\/"},"wordCount":605,"publisher":{"@id":"https:\/\/laredlarioja.com.ar\/sitio\/#organization"},"image":{"@id":"https:\/\/laredlarioja.com.ar\/sitio\/en-la-rioja-la-pobreza-alcanzo-el-36-y-golpea-con-mas-fuerza-a-las-mujeres\/#primaryimage"},"thumbnailUrl":"https:\/\/laredlarioja.com.ar\/sitio\/wp-content\/uploads\/2026\/04\/pobreza-4.jpeg","articleSection":["Informaci\u00f3n General"],"inLanguage":"es"},{"@type":"WebPage","@id":"https:\/\/laredlarioja.com.ar\/sitio\/en-la-rioja-la-pobreza-alcanzo-el-36-y-golpea-con-mas-fuerza-a-las-mujeres\/","url":"https:\/\/laredlarioja.com.ar\/sitio\/en-la-rioja-la-pobreza-alcanzo-el-36-y-golpea-con-mas-fuerza-a-las-mujeres\/","name":"En La Rioja la pobreza alcanz\u00f3 el 36% y golpea con m\u00e1s fuerza a las mujeres - LA RED 88.3 LA RIOJA","isPartOf":{"@id":"https:\/\/laredlarioja.com.ar\/sitio\/#website"},"primaryImageOfPage":{"@id":"https:\/\/laredlarioja.com.ar\/sitio\/en-la-rioja-la-pobreza-alcanzo-el-36-y-golpea-con-mas-fuerza-a-las-mujeres\/#primaryimage"},"image":{"@id":"https:\/\/laredlarioja.com.ar\/sitio\/en-la-rioja-la-pobreza-alcanzo-el-36-y-golpea-con-mas-fuerza-a-las-mujeres\/#primaryimage"},"thumbnailUrl":"https:\/\/laredlarioja.com.ar\/sitio\/wp-content\/uploads\/2026\/04\/pobreza-4.jpeg","datePublished":"2026-04-06T11:56:15+00:00","dateModified":"2026-04-06T23:32:53+00:00","breadcrumb":{"@id":"https:\/\/laredlarioja.com.ar\/sitio\/en-la-rioja-la-pobreza-alcanzo-el-36-y-golpea-con-mas-fuerza-a-las-mujeres\/#breadcrumb"},"inLanguage":"es","potentialAction":[{"@type":"ReadAction","target":["https:\/\/laredlarioja.com.ar\/sitio\/en-la-rioja-la-pobreza-alcanzo-el-36-y-golpea-con-mas-fuerza-a-las-mujeres\/"]}]},{"@type":"ImageObject","inLanguage":"es","@id":"https:\/\/laredlarioja.com.ar\/sitio\/en-la-rioja-la-pobreza-alcanzo-el-36-y-golpea-con-mas-fuerza-a-las-mujeres\/#primaryimage","url":"https:\/\/laredlarioja.com.ar\/sitio\/wp-content\/uploads\/2026\/04\/pobreza-4.jpeg","contentUrl":"https:\/\/laredlarioja.com.ar\/sitio\/wp-content\/uploads\/2026\/04\/pobreza-4.jpeg","width":1072,"height":589},{"@type":"BreadcrumbList","@id":"https:\/\/laredlarioja.com.ar\/sitio\/en-la-rioja-la-pobreza-alcanzo-el-36-y-golpea-con-mas-fuerza-a-las-mujeres\/#breadcrumb","itemListElement":[{"@type":"ListItem","position":1,"name":"Portada","item":"https:\/\/laredlarioja.com.ar\/sitio\/"},{"@type":"ListItem","position":2,"name":"En La Rioja la pobreza alcanz\u00f3 el 36% y golpea con m\u00e1s fuerza a las mujeres"}]},{"@type":"WebSite","@id":"https:\/\/laredlarioja.com.ar\/sitio\/#website","url":"https:\/\/laredlarioja.com.ar\/sitio\/","name":"LA RED 88.3 LA RIOJA","description":"Sitio de Noticias","publisher":{"@id":"https:\/\/laredlarioja.com.ar\/sitio\/#organization"},"potentialAction":[{"@type":"SearchAction","target":{"@type":"EntryPoint","urlTemplate":"https:\/\/laredlarioja.com.ar\/sitio\/?s={search_term_string}"},"query-input":{"@type":"PropertyValueSpecification","valueRequired":true,"valueName":"search_term_string"}}],"inLanguage":"es"},{"@type":"Organization","@id":"https:\/\/laredlarioja.com.ar\/sitio\/#organization","name":"LA RED 88.3 LA RIOJA","url":"https:\/\/laredlarioja.com.ar\/sitio\/","logo":{"@type":"ImageObject","inLanguage":"es","@id":"https:\/\/laredlarioja.com.ar\/sitio\/#\/schema\/logo\/image\/","url":"https:\/\/laredlarioja.com.ar\/sitio\/wp-content\/uploads\/2025\/05\/LOGO-LA-RED.png","contentUrl":"https:\/\/laredlarioja.com.ar\/sitio\/wp-content\/uploads\/2025\/05\/LOGO-LA-RED.png","width":193,"height":340,"caption":"LA RED 88.3 LA RIOJA"},"image":{"@id":"https:\/\/laredlarioja.com.ar\/sitio\/#\/schema\/logo\/image\/"},"sameAs":["https:\/\/www.facebook.com\/lared.larioja","https:\/\/x.com\/laredlarioja1","https:\/\/www.instagram.com\/lared_larioja\/"]},{"@type":"Person","@id":"https:\/\/laredlarioja.com.ar\/sitio\/#\/schema\/person\/f1e213867beccedaaa4fb548d9259d9a","name":"La Red","url":"https:\/\/laredlarioja.com.ar\/sitio\/author\/lared\/"}]}},"featured_image_urls":{"full":["https:\/\/laredlarioja.com.ar\/sitio\/wp-content\/uploads\/2026\/04\/pobreza-4.jpeg",1072,589,false],"thumbnail":["https:\/\/laredlarioja.com.ar\/sitio\/wp-content\/uploads\/2026\/04\/pobreza-4-150x150.jpeg",150,150,true],"medium":["https:\/\/laredlarioja.com.ar\/sitio\/wp-content\/uploads\/2026\/04\/pobreza-4-300x165.jpeg",300,165,true],"medium_large":["https:\/\/laredlarioja.com.ar\/sitio\/wp-content\/uploads\/2026\/04\/pobreza-4-768x422.jpeg",640,352,true],"large":["https:\/\/laredlarioja.com.ar\/sitio\/wp-content\/uploads\/2026\/04\/pobreza-4-1024x563.jpeg",640,352,true],"1536x1536":["https:\/\/laredlarioja.com.ar\/sitio\/wp-content\/uploads\/2026\/04\/pobreza-4.jpeg",1072,589,false],"2048x2048":["https:\/\/laredlarioja.com.ar\/sitio\/wp-content\/uploads\/2026\/04\/pobreza-4.jpeg",1072,589,false],"cvmm-medium":["https:\/\/laredlarioja.com.ar\/sitio\/wp-content\/uploads\/2026\/04\/pobreza-4-300x300.jpeg",300,300,true],"cvmm-medium-plus":["https:\/\/laredlarioja.com.ar\/sitio\/wp-content\/uploads\/2026\/04\/pobreza-4-305x207.jpeg",305,207,true],"cvmm-portrait":["https:\/\/laredlarioja.com.ar\/sitio\/wp-content\/uploads\/2026\/04\/pobreza-4-400x589.jpeg",400,589,true],"cvmm-medium-square":["https:\/\/laredlarioja.com.ar\/sitio\/wp-content\/uploads\/2026\/04\/pobreza-4-600x589.jpeg",600,589,true],"cvmm-large":["https:\/\/laredlarioja.com.ar\/sitio\/wp-content\/uploads\/2026\/04\/pobreza-4-1024x589.jpeg",1024,589,true],"cvmm-small":["https:\/\/laredlarioja.com.ar\/sitio\/wp-content\/uploads\/2026\/04\/pobreza-4-130x95.jpeg",130,95,true],"morenews-large":["https:\/\/laredlarioja.com.ar\/sitio\/wp-content\/uploads\/2026\/04\/pobreza-4-825x575.jpeg",825,575,true],"morenews-medium":["https:\/\/laredlarioja.com.ar\/sitio\/wp-content\/uploads\/2026\/04\/pobreza-4-590x410.jpeg",590,410,true]},"author_info":{"display_name":"La Red","author_link":"https:\/\/laredlarioja.com.ar\/sitio\/author\/lared\/"},"category_info":"<a href=\"https:\/\/laredlarioja.com.ar\/sitio\/categorias\/informacion-general\/\" rel=\"category tag\">Informaci\u00f3n General<\/a>","tag_info":"Informaci\u00f3n General","comment_count":"0","blog_post_layout_featured_media_urls":{"thumbnail":["https:\/\/laredlarioja.com.ar\/sitio\/wp-content\/uploads\/2026\/04\/pobreza-4-150x150.jpeg",150,150,true],"full":["https:\/\/laredlarioja.com.ar\/sitio\/wp-content\/uploads\/2026\/04\/pobreza-4.jpeg",1072,589,false]},"categories_names":{"24":{"name":"Informaci\u00f3n General","link":"https:\/\/laredlarioja.com.ar\/sitio\/categorias\/informacion-general\/"}},"tags_names":[],"comments_number":"0","wpmagazine_modules_lite_featured_media_urls":{"thumbnail":["https:\/\/laredlarioja.com.ar\/sitio\/wp-content\/uploads\/2026\/04\/pobreza-4-150x150.jpeg",150,150,true],"cvmm-medium":["https:\/\/laredlarioja.com.ar\/sitio\/wp-content\/uploads\/2026\/04\/pobreza-4-300x300.jpeg",300,300,true],"cvmm-medium-plus":["https:\/\/laredlarioja.com.ar\/sitio\/wp-content\/uploads\/2026\/04\/pobreza-4-305x207.jpeg",305,207,true],"cvmm-portrait":["https:\/\/laredlarioja.com.ar\/sitio\/wp-content\/uploads\/2026\/04\/pobreza-4-400x589.jpeg",400,589,true],"cvmm-medium-square":["https:\/\/laredlarioja.com.ar\/sitio\/wp-content\/uploads\/2026\/04\/pobreza-4-600x589.jpeg",600,589,true],"cvmm-large":["https:\/\/laredlarioja.com.ar\/sitio\/wp-content\/uploads\/2026\/04\/pobreza-4-1024x589.jpeg",1024,589,true],"cvmm-small":["https:\/\/laredlarioja.com.ar\/sitio\/wp-content\/uploads\/2026\/04\/pobreza-4-130x95.jpeg",130,95,true],"full":["https:\/\/laredlarioja.com.ar\/sitio\/wp-content\/uploads\/2026\/04\/pobreza-4.jpeg",1072,589,false]},"_links":{"self":[{"href":"https:\/\/laredlarioja.com.ar\/sitio\/wp-json\/wp\/v2\/posts\/76545","targetHints":{"allow":["GET"]}}],"collection":[{"href":"https:\/\/laredlarioja.com.ar\/sitio\/wp-json\/wp\/v2\/posts"}],"about":[{"href":"https:\/\/laredlarioja.com.ar\/sitio\/wp-json\/wp\/v2\/types\/post"}],"author":[{"embeddable":true,"href":"https:\/\/laredlarioja.com.ar\/sitio\/wp-json\/wp\/v2\/users\/10"}],"replies":[{"embeddable":true,"href":"https:\/\/laredlarioja.com.ar\/sitio\/wp-json\/wp\/v2\/comments?post=76545"}],"version-history":[{"count":1,"href":"https:\/\/laredlarioja.com.ar\/sitio\/wp-json\/wp\/v2\/posts\/76545\/revisions"}],"predecessor-version":[{"id":76546,"href":"https:\/\/laredlarioja.com.ar\/sitio\/wp-json\/wp\/v2\/posts\/76545\/revisions\/76546"}],"wp:featuredmedia":[{"embeddable":true,"href":"https:\/\/laredlarioja.com.ar\/sitio\/wp-json\/wp\/v2\/media\/76396"}],"wp:attachment":[{"href":"https:\/\/laredlarioja.com.ar\/sitio\/wp-json\/wp\/v2\/media?parent=76545"}],"wp:term":[{"taxonomy":"category","embeddable":true,"href":"https:\/\/laredlarioja.com.ar\/sitio\/wp-json\/wp\/v2\/categories?post=76545"},{"taxonomy":"post_tag","embeddable":true,"href":"https:\/\/laredlarioja.com.ar\/sitio\/wp-json\/wp\/v2\/tags?post=76545"}],"curies":[{"name":"wp","href":"https:\/\/api.w.org\/{rel}","templated":true}]}}