{"id":76648,"date":"2026-04-07T15:41:30","date_gmt":"2026-04-07T15:41:30","guid":{"rendered":"https:\/\/laredlarioja.com.ar\/sitio\/?p=76648"},"modified":"2026-04-08T16:56:56","modified_gmt":"2026-04-08T16:56:56","slug":"las-multas-por-alcoholemia-llegan-hasta-1-660-800-y-155-700-por-no-usar-casco","status":"publish","type":"post","link":"https:\/\/laredlarioja.com.ar\/sitio\/las-multas-por-alcoholemia-llegan-hasta-1-660-800-y-155-700-por-no-usar-casco\/","title":{"rendered":"Las multas por alcoholemia llegan hasta $1.660.800 y $155.700 por no usar casco"},"content":{"rendered":"<p data-start=\"75\" data-end=\"441\">El Director General de Tr\u00e1nsito, Comisario General <span class=\"hover:entity-accent entity-underline inline cursor-pointer align-baseline\"><span class=\"whitespace-normal\">Amadeo Gonz\u00e1lez<\/span><\/span>, confirm\u00f3 en di\u00e1logo con Radio La Red los nuevos montos de las multas por infracciones viales, que comenzaron a regir desde el 1 de abril de 2026. Las actualizaciones responden al impacto de la inflaci\u00f3n y se ajustan mensualmente seg\u00fan el valor de referencia de la nafta s\u00faper.<\/p>\n<p data-start=\"443\" data-end=\"655\">En este sentido, explic\u00f3 que <strong data-start=\"472\" data-end=\"596\">\u201cmes a mes se va actualizando. Esto se tiene en cuenta a trav\u00e9s del valor de la Nafta S\u00faper en Autom\u00f3vil Club Argentino\u201d<\/strong>, lo que determina incrementos peri\u00f3dicos en las sanciones.<\/p>\n<h3 data-section-id=\"1ri469u\" data-start=\"657\" data-end=\"702\">Alcoholemia positiva: fuertes incrementos<\/h3>\n<p data-start=\"704\" data-end=\"803\">Seg\u00fan detall\u00f3 el funcionario, las multas por conducir con alcohol en sangre presentan tres escalas:<\/p>\n<ul data-start=\"805\" data-end=\"898\">\n<li data-section-id=\"sqljeq\" data-start=\"805\" data-end=\"836\">Graduaci\u00f3n m\u00ednima: $415.200<\/li>\n<li data-section-id=\"dvr3fb\" data-start=\"837\" data-end=\"864\">T\u00e9rmino medio: $830.400<\/li>\n<li data-section-id=\"1ridka5\" data-start=\"865\" data-end=\"898\">Graduaci\u00f3n m\u00e1xima: $1.660.800<\/li>\n<\/ul>\n<p data-start=\"900\" data-end=\"1045\"><strong data-start=\"900\" data-end=\"1026\">\u201cEl m\u00ednimo que tiene la graduaci\u00f3n m\u00ednima es de 415.200 pesos, en t\u00e9rmino medio 830.400 pesos y el m\u00e1ximo 1.660.800 pesos\u201d<\/strong>, precis\u00f3 Gonz\u00e1lez.<\/p>\n<p data-start=\"1047\" data-end=\"1245\">Adem\u00e1s, remarc\u00f3 que los controles est\u00e1n enfocados principalmente en estas infracciones: <strong data-start=\"1135\" data-end=\"1244\">\u201cLo que s\u00ed estamos nosotros infraccionando es el conductor con alcohol en sangre y por la falta de casco\u201d<\/strong>.<\/p>\n<p data-start=\"1290\" data-end=\"1405\">En cuanto a los motociclistas, el no uso del casco o su incorrecta colocaci\u00f3n tambi\u00e9n implica sanciones econ\u00f3micas:<\/p>\n<ul data-start=\"1407\" data-end=\"1487\">\n<li data-section-id=\"dkul27\" data-start=\"1407\" data-end=\"1454\">Primera infracci\u00f3n: aproximadamente $75.000<\/li>\n<li data-section-id=\"j0lfv3\" data-start=\"1455\" data-end=\"1487\">Reincidencia: hasta $155.700<\/li>\n<\/ul>\n<p data-start=\"1489\" data-end=\"1595\"><strong data-start=\"1489\" data-end=\"1585\">\u201cPara la falta de casco es el m\u00e1ximo 155.700. Cuando es la primera vez, el 50% de ese valor\u201d<\/strong>, explic\u00f3.<\/p>\n<p data-start=\"1630\" data-end=\"1866\">Si bien otros elementos de seguridad como el cintur\u00f3n o el seguro no est\u00e1n siendo sancionados actualmente, s\u00ed son exigidos en los operativos. <strong data-start=\"1772\" data-end=\"1844\">\u201cNosotros se lo exigimos y hacemos la advertencia a los conductores\u201d<\/strong>, indic\u00f3 el comisario.<\/p>\n<p data-start=\"1868\" data-end=\"2081\">Respecto a la reacci\u00f3n de los ciudadanos, reconoci\u00f3 que a\u00fan persisten resistencias: <strong data-start=\"1952\" data-end=\"2071\">\u201cTenemos distintos casos, la mayor\u00eda de ellos no aceptan. En el caso de la alcoholemia dicen que ha sido un m\u00ednimo\u201d<\/strong>, coment\u00f3.<\/p>\n<p data-start=\"2083\" data-end=\"2215\">Sin embargo, destac\u00f3 un cambio positivo en la conducta vial: <strong data-start=\"2144\" data-end=\"2214\">\u201cObservamos que entre un 80 y 90% de los motociclistas usan casco\u201d<\/strong>.<\/p>\n<p data-start=\"2264\" data-end=\"2433\">Gonz\u00e1lez tambi\u00e9n brind\u00f3 datos sobre el estado de los veh\u00edculos retenidos: actualmente hay unas 500 motocicletas en el predio por falta de pago de multas o documentaci\u00f3n.<\/p>\n<p data-start=\"2435\" data-end=\"2665\"><strong data-start=\"2435\" data-end=\"2537\">\u201cHay un gran n\u00famero de motocicletas, aproximadamente 500, que se van acumulando por falta de pago\u201d<\/strong>, se\u00f1al\u00f3, aunque aclar\u00f3 que en el caso de los autom\u00f3viles, la mayor\u00eda de los propietarios realiza el esfuerzo para recuperarlos.<\/p>\n<p data-start=\"2699\" data-end=\"2964\">Por \u00faltimo, el funcionario destac\u00f3 que disminuyeron las maniobras riesgosas en la v\u00eda p\u00fablica: <strong data-start=\"2794\" data-end=\"2870\">\u201cSe ha notado que ha disminuido, entendemos que se ha tomado conciencia\u201d<\/strong>, afirm\u00f3, y agreg\u00f3 que estos casos pueden derivar en causas penales con intervenci\u00f3n judicial.<\/p>\n<p data-start=\"2966\" data-end=\"3144\" data-is-last-node=\"\" data-is-only-node=\"\">De esta manera, desde Tr\u00e1nsito remarcan la importancia de la prevenci\u00f3n y la responsabilidad al volante: <strong data-start=\"3071\" data-end=\"3133\">\u201cManej\u00e1, no tomes. Si conduc\u00eds una motocicleta, us\u00e1 casco\u201d<\/strong>, concluy\u00f3.<\/p>\n","protected":false},"excerpt":{"rendered":"<p>El Director General de Tr\u00e1nsito, Comisario General Amadeo Gonz\u00e1lez, confirm\u00f3 en di\u00e1logo con Radio La Red los nuevos<\/p>\n","protected":false},"author":10,"featured_media":44612,"comment_status":"closed","ping_status":"open","sticky":false,"template":"","format":"standard","meta":{"footnotes":""},"categories":[94],"tags":[],"class_list":["post-76648","post","type-post","status-publish","format-standard","has-post-thumbnail","hentry","category-locales"],"yoast_head":"<!-- This site is optimized with the Yoast SEO plugin v27.4 - https:\/\/yoast.com\/product\/yoast-seo-wordpress\/ -->\n<title>Las multas por alcoholemia llegan hasta $1.660.800 y $155.700 por no usar casco - LA RED 88.3 LA RIOJA<\/title>\n<meta name=\"robots\" content=\"index, follow, max-snippet:-1, max-image-preview:large, max-video-preview:-1\" \/>\n<link rel=\"canonical\" href=\"https:\/\/laredlarioja.com.ar\/sitio\/las-multas-por-alcoholemia-llegan-hasta-1-660-800-y-155-700-por-no-usar-casco\/\" \/>\n<meta property=\"og:locale\" content=\"es_ES\" \/>\n<meta property=\"og:type\" content=\"article\" \/>\n<meta property=\"og:title\" content=\"Las multas por alcoholemia llegan hasta $1.660.800 y $155.700 por no usar casco - LA RED 88.3 LA RIOJA\" \/>\n<meta property=\"og:description\" content=\"El Director General de Tr\u00e1nsito, Comisario General Amadeo Gonz\u00e1lez, confirm\u00f3 en di\u00e1logo con Radio La Red los nuevos\" \/>\n<meta property=\"og:url\" content=\"https:\/\/laredlarioja.com.ar\/sitio\/las-multas-por-alcoholemia-llegan-hasta-1-660-800-y-155-700-por-no-usar-casco\/\" \/>\n<meta property=\"og:site_name\" content=\"LA RED 88.3 LA RIOJA\" \/>\n<meta property=\"article:publisher\" content=\"https:\/\/www.facebook.com\/lared.larioja\" \/>\n<meta property=\"article:published_time\" content=\"2026-04-07T15:41:30+00:00\" \/>\n<meta property=\"article:modified_time\" content=\"2026-04-08T16:56:56+00:00\" \/>\n<meta property=\"og:image\" content=\"https:\/\/laredlarioja.com.ar\/sitio\/wp-content\/uploads\/2024\/04\/WhatsApp-Image-2024-04-17-at-12.12.47.jpeg\" \/>\n\t<meta property=\"og:image:width\" content=\"1440\" \/>\n\t<meta property=\"og:image:height\" content=\"1080\" \/>\n\t<meta property=\"og:image:type\" content=\"image\/jpeg\" \/>\n<meta name=\"author\" content=\"La Red\" \/>\n<meta name=\"twitter:card\" content=\"summary_large_image\" \/>\n<meta name=\"twitter:creator\" content=\"@laredlarioja1\" \/>\n<meta name=\"twitter:site\" content=\"@laredlarioja1\" \/>\n<meta name=\"twitter:label1\" content=\"Escrito por\" \/>\n\t<meta name=\"twitter:data1\" content=\"La Red\" \/>\n\t<meta name=\"twitter:label2\" content=\"Tiempo de lectura\" \/>\n\t<meta name=\"twitter:data2\" content=\"3 minutos\" \/>\n<script type=\"application\/ld+json\" class=\"yoast-schema-graph\">{\"@context\":\"https:\\\/\\\/schema.org\",\"@graph\":[{\"@type\":\"Article\",\"@id\":\"https:\\\/\\\/laredlarioja.com.ar\\\/sitio\\\/las-multas-por-alcoholemia-llegan-hasta-1-660-800-y-155-700-por-no-usar-casco\\\/#article\",\"isPartOf\":{\"@id\":\"https:\\\/\\\/laredlarioja.com.ar\\\/sitio\\\/las-multas-por-alcoholemia-llegan-hasta-1-660-800-y-155-700-por-no-usar-casco\\\/\"},\"author\":{\"name\":\"La Red\",\"@id\":\"https:\\\/\\\/laredlarioja.com.ar\\\/sitio\\\/#\\\/schema\\\/person\\\/f1e213867beccedaaa4fb548d9259d9a\"},\"headline\":\"Las multas por alcoholemia llegan hasta $1.660.800 y $155.700 por no usar casco\",\"datePublished\":\"2026-04-07T15:41:30+00:00\",\"dateModified\":\"2026-04-08T16:56:56+00:00\",\"mainEntityOfPage\":{\"@id\":\"https:\\\/\\\/laredlarioja.com.ar\\\/sitio\\\/las-multas-por-alcoholemia-llegan-hasta-1-660-800-y-155-700-por-no-usar-casco\\\/\"},\"wordCount\":485,\"publisher\":{\"@id\":\"https:\\\/\\\/laredlarioja.com.ar\\\/sitio\\\/#organization\"},\"image\":{\"@id\":\"https:\\\/\\\/laredlarioja.com.ar\\\/sitio\\\/las-multas-por-alcoholemia-llegan-hasta-1-660-800-y-155-700-por-no-usar-casco\\\/#primaryimage\"},\"thumbnailUrl\":\"https:\\\/\\\/laredlarioja.com.ar\\\/sitio\\\/wp-content\\\/uploads\\\/2024\\\/04\\\/WhatsApp-Image-2024-04-17-at-12.12.47.jpeg\",\"articleSection\":[\"Locales\"],\"inLanguage\":\"es\"},{\"@type\":\"WebPage\",\"@id\":\"https:\\\/\\\/laredlarioja.com.ar\\\/sitio\\\/las-multas-por-alcoholemia-llegan-hasta-1-660-800-y-155-700-por-no-usar-casco\\\/\",\"url\":\"https:\\\/\\\/laredlarioja.com.ar\\\/sitio\\\/las-multas-por-alcoholemia-llegan-hasta-1-660-800-y-155-700-por-no-usar-casco\\\/\",\"name\":\"Las multas por alcoholemia llegan hasta $1.660.800 y $155.700 por no usar casco - LA RED 88.3 LA RIOJA\",\"isPartOf\":{\"@id\":\"https:\\\/\\\/laredlarioja.com.ar\\\/sitio\\\/#website\"},\"primaryImageOfPage\":{\"@id\":\"https:\\\/\\\/laredlarioja.com.ar\\\/sitio\\\/las-multas-por-alcoholemia-llegan-hasta-1-660-800-y-155-700-por-no-usar-casco\\\/#primaryimage\"},\"image\":{\"@id\":\"https:\\\/\\\/laredlarioja.com.ar\\\/sitio\\\/las-multas-por-alcoholemia-llegan-hasta-1-660-800-y-155-700-por-no-usar-casco\\\/#primaryimage\"},\"thumbnailUrl\":\"https:\\\/\\\/laredlarioja.com.ar\\\/sitio\\\/wp-content\\\/uploads\\\/2024\\\/04\\\/WhatsApp-Image-2024-04-17-at-12.12.47.jpeg\",\"datePublished\":\"2026-04-07T15:41:30+00:00\",\"dateModified\":\"2026-04-08T16:56:56+00:00\",\"breadcrumb\":{\"@id\":\"https:\\\/\\\/laredlarioja.com.ar\\\/sitio\\\/las-multas-por-alcoholemia-llegan-hasta-1-660-800-y-155-700-por-no-usar-casco\\\/#breadcrumb\"},\"inLanguage\":\"es\",\"potentialAction\":[{\"@type\":\"ReadAction\",\"target\":[\"https:\\\/\\\/laredlarioja.com.ar\\\/sitio\\\/las-multas-por-alcoholemia-llegan-hasta-1-660-800-y-155-700-por-no-usar-casco\\\/\"]}]},{\"@type\":\"ImageObject\",\"inLanguage\":\"es\",\"@id\":\"https:\\\/\\\/laredlarioja.com.ar\\\/sitio\\\/las-multas-por-alcoholemia-llegan-hasta-1-660-800-y-155-700-por-no-usar-casco\\\/#primaryimage\",\"url\":\"https:\\\/\\\/laredlarioja.com.ar\\\/sitio\\\/wp-content\\\/uploads\\\/2024\\\/04\\\/WhatsApp-Image-2024-04-17-at-12.12.47.jpeg\",\"contentUrl\":\"https:\\\/\\\/laredlarioja.com.ar\\\/sitio\\\/wp-content\\\/uploads\\\/2024\\\/04\\\/WhatsApp-Image-2024-04-17-at-12.12.47.jpeg\",\"width\":1440,\"height\":1080},{\"@type\":\"BreadcrumbList\",\"@id\":\"https:\\\/\\\/laredlarioja.com.ar\\\/sitio\\\/las-multas-por-alcoholemia-llegan-hasta-1-660-800-y-155-700-por-no-usar-casco\\\/#breadcrumb\",\"itemListElement\":[{\"@type\":\"ListItem\",\"position\":1,\"name\":\"Portada\",\"item\":\"https:\\\/\\\/laredlarioja.com.ar\\\/sitio\\\/\"},{\"@type\":\"ListItem\",\"position\":2,\"name\":\"Las multas por alcoholemia llegan hasta $1.660.800 y $155.700 por no usar casco\"}]},{\"@type\":\"WebSite\",\"@id\":\"https:\\\/\\\/laredlarioja.com.ar\\\/sitio\\\/#website\",\"url\":\"https:\\\/\\\/laredlarioja.com.ar\\\/sitio\\\/\",\"name\":\"LA RED 88.3 LA RIOJA\",\"description\":\"Sitio de Noticias\",\"publisher\":{\"@id\":\"https:\\\/\\\/laredlarioja.com.ar\\\/sitio\\\/#organization\"},\"potentialAction\":[{\"@type\":\"SearchAction\",\"target\":{\"@type\":\"EntryPoint\",\"urlTemplate\":\"https:\\\/\\\/laredlarioja.com.ar\\\/sitio\\\/?s={search_term_string}\"},\"query-input\":{\"@type\":\"PropertyValueSpecification\",\"valueRequired\":true,\"valueName\":\"search_term_string\"}}],\"inLanguage\":\"es\"},{\"@type\":\"Organization\",\"@id\":\"https:\\\/\\\/laredlarioja.com.ar\\\/sitio\\\/#organization\",\"name\":\"LA RED 88.3 LA RIOJA\",\"url\":\"https:\\\/\\\/laredlarioja.com.ar\\\/sitio\\\/\",\"logo\":{\"@type\":\"ImageObject\",\"inLanguage\":\"es\",\"@id\":\"https:\\\/\\\/laredlarioja.com.ar\\\/sitio\\\/#\\\/schema\\\/logo\\\/image\\\/\",\"url\":\"https:\\\/\\\/laredlarioja.com.ar\\\/sitio\\\/wp-content\\\/uploads\\\/2025\\\/05\\\/LOGO-LA-RED.png\",\"contentUrl\":\"https:\\\/\\\/laredlarioja.com.ar\\\/sitio\\\/wp-content\\\/uploads\\\/2025\\\/05\\\/LOGO-LA-RED.png\",\"width\":193,\"height\":340,\"caption\":\"LA RED 88.3 LA RIOJA\"},\"image\":{\"@id\":\"https:\\\/\\\/laredlarioja.com.ar\\\/sitio\\\/#\\\/schema\\\/logo\\\/image\\\/\"},\"sameAs\":[\"https:\\\/\\\/www.facebook.com\\\/lared.larioja\",\"https:\\\/\\\/x.com\\\/laredlarioja1\",\"https:\\\/\\\/www.instagram.com\\\/lared_larioja\\\/\"]},{\"@type\":\"Person\",\"@id\":\"https:\\\/\\\/laredlarioja.com.ar\\\/sitio\\\/#\\\/schema\\\/person\\\/f1e213867beccedaaa4fb548d9259d9a\",\"name\":\"La Red\",\"url\":\"https:\\\/\\\/laredlarioja.com.ar\\\/sitio\\\/author\\\/lared\\\/\"}]}<\/script>\n<!-- \/ Yoast SEO plugin. -->","yoast_head_json":{"title":"Las multas por alcoholemia llegan hasta $1.660.800 y $155.700 por no usar casco - LA RED 88.3 LA RIOJA","robots":{"index":"index","follow":"follow","max-snippet":"max-snippet:-1","max-image-preview":"max-image-preview:large","max-video-preview":"max-video-preview:-1"},"canonical":"https:\/\/laredlarioja.com.ar\/sitio\/las-multas-por-alcoholemia-llegan-hasta-1-660-800-y-155-700-por-no-usar-casco\/","og_locale":"es_ES","og_type":"article","og_title":"Las multas por alcoholemia llegan hasta $1.660.800 y $155.700 por no usar casco - LA RED 88.3 LA RIOJA","og_description":"El Director General de Tr\u00e1nsito, Comisario General Amadeo Gonz\u00e1lez, confirm\u00f3 en di\u00e1logo con Radio La Red los nuevos","og_url":"https:\/\/laredlarioja.com.ar\/sitio\/las-multas-por-alcoholemia-llegan-hasta-1-660-800-y-155-700-por-no-usar-casco\/","og_site_name":"LA RED 88.3 LA RIOJA","article_publisher":"https:\/\/www.facebook.com\/lared.larioja","article_published_time":"2026-04-07T15:41:30+00:00","article_modified_time":"2026-04-08T16:56:56+00:00","og_image":[{"width":1440,"height":1080,"url":"https:\/\/laredlarioja.com.ar\/sitio\/wp-content\/uploads\/2024\/04\/WhatsApp-Image-2024-04-17-at-12.12.47.jpeg","type":"image\/jpeg"}],"author":"La Red","twitter_card":"summary_large_image","twitter_creator":"@laredlarioja1","twitter_site":"@laredlarioja1","twitter_misc":{"Escrito por":"La Red","Tiempo de lectura":"3 minutos"},"schema":{"@context":"https:\/\/schema.org","@graph":[{"@type":"Article","@id":"https:\/\/laredlarioja.com.ar\/sitio\/las-multas-por-alcoholemia-llegan-hasta-1-660-800-y-155-700-por-no-usar-casco\/#article","isPartOf":{"@id":"https:\/\/laredlarioja.com.ar\/sitio\/las-multas-por-alcoholemia-llegan-hasta-1-660-800-y-155-700-por-no-usar-casco\/"},"author":{"name":"La Red","@id":"https:\/\/laredlarioja.com.ar\/sitio\/#\/schema\/person\/f1e213867beccedaaa4fb548d9259d9a"},"headline":"Las multas por alcoholemia llegan hasta $1.660.800 y $155.700 por no usar casco","datePublished":"2026-04-07T15:41:30+00:00","dateModified":"2026-04-08T16:56:56+00:00","mainEntityOfPage":{"@id":"https:\/\/laredlarioja.com.ar\/sitio\/las-multas-por-alcoholemia-llegan-hasta-1-660-800-y-155-700-por-no-usar-casco\/"},"wordCount":485,"publisher":{"@id":"https:\/\/laredlarioja.com.ar\/sitio\/#organization"},"image":{"@id":"https:\/\/laredlarioja.com.ar\/sitio\/las-multas-por-alcoholemia-llegan-hasta-1-660-800-y-155-700-por-no-usar-casco\/#primaryimage"},"thumbnailUrl":"https:\/\/laredlarioja.com.ar\/sitio\/wp-content\/uploads\/2024\/04\/WhatsApp-Image-2024-04-17-at-12.12.47.jpeg","articleSection":["Locales"],"inLanguage":"es"},{"@type":"WebPage","@id":"https:\/\/laredlarioja.com.ar\/sitio\/las-multas-por-alcoholemia-llegan-hasta-1-660-800-y-155-700-por-no-usar-casco\/","url":"https:\/\/laredlarioja.com.ar\/sitio\/las-multas-por-alcoholemia-llegan-hasta-1-660-800-y-155-700-por-no-usar-casco\/","name":"Las multas por alcoholemia llegan hasta $1.660.800 y $155.700 por no usar casco - LA RED 88.3 LA RIOJA","isPartOf":{"@id":"https:\/\/laredlarioja.com.ar\/sitio\/#website"},"primaryImageOfPage":{"@id":"https:\/\/laredlarioja.com.ar\/sitio\/las-multas-por-alcoholemia-llegan-hasta-1-660-800-y-155-700-por-no-usar-casco\/#primaryimage"},"image":{"@id":"https:\/\/laredlarioja.com.ar\/sitio\/las-multas-por-alcoholemia-llegan-hasta-1-660-800-y-155-700-por-no-usar-casco\/#primaryimage"},"thumbnailUrl":"https:\/\/laredlarioja.com.ar\/sitio\/wp-content\/uploads\/2024\/04\/WhatsApp-Image-2024-04-17-at-12.12.47.jpeg","datePublished":"2026-04-07T15:41:30+00:00","dateModified":"2026-04-08T16:56:56+00:00","breadcrumb":{"@id":"https:\/\/laredlarioja.com.ar\/sitio\/las-multas-por-alcoholemia-llegan-hasta-1-660-800-y-155-700-por-no-usar-casco\/#breadcrumb"},"inLanguage":"es","potentialAction":[{"@type":"ReadAction","target":["https:\/\/laredlarioja.com.ar\/sitio\/las-multas-por-alcoholemia-llegan-hasta-1-660-800-y-155-700-por-no-usar-casco\/"]}]},{"@type":"ImageObject","inLanguage":"es","@id":"https:\/\/laredlarioja.com.ar\/sitio\/las-multas-por-alcoholemia-llegan-hasta-1-660-800-y-155-700-por-no-usar-casco\/#primaryimage","url":"https:\/\/laredlarioja.com.ar\/sitio\/wp-content\/uploads\/2024\/04\/WhatsApp-Image-2024-04-17-at-12.12.47.jpeg","contentUrl":"https:\/\/laredlarioja.com.ar\/sitio\/wp-content\/uploads\/2024\/04\/WhatsApp-Image-2024-04-17-at-12.12.47.jpeg","width":1440,"height":1080},{"@type":"BreadcrumbList","@id":"https:\/\/laredlarioja.com.ar\/sitio\/las-multas-por-alcoholemia-llegan-hasta-1-660-800-y-155-700-por-no-usar-casco\/#breadcrumb","itemListElement":[{"@type":"ListItem","position":1,"name":"Portada","item":"https:\/\/laredlarioja.com.ar\/sitio\/"},{"@type":"ListItem","position":2,"name":"Las multas por alcoholemia llegan hasta $1.660.800 y $155.700 por no usar casco"}]},{"@type":"WebSite","@id":"https:\/\/laredlarioja.com.ar\/sitio\/#website","url":"https:\/\/laredlarioja.com.ar\/sitio\/","name":"LA RED 88.3 LA RIOJA","description":"Sitio de Noticias","publisher":{"@id":"https:\/\/laredlarioja.com.ar\/sitio\/#organization"},"potentialAction":[{"@type":"SearchAction","target":{"@type":"EntryPoint","urlTemplate":"https:\/\/laredlarioja.com.ar\/sitio\/?s={search_term_string}"},"query-input":{"@type":"PropertyValueSpecification","valueRequired":true,"valueName":"search_term_string"}}],"inLanguage":"es"},{"@type":"Organization","@id":"https:\/\/laredlarioja.com.ar\/sitio\/#organization","name":"LA RED 88.3 LA RIOJA","url":"https:\/\/laredlarioja.com.ar\/sitio\/","logo":{"@type":"ImageObject","inLanguage":"es","@id":"https:\/\/laredlarioja.com.ar\/sitio\/#\/schema\/logo\/image\/","url":"https:\/\/laredlarioja.com.ar\/sitio\/wp-content\/uploads\/2025\/05\/LOGO-LA-RED.png","contentUrl":"https:\/\/laredlarioja.com.ar\/sitio\/wp-content\/uploads\/2025\/05\/LOGO-LA-RED.png","width":193,"height":340,"caption":"LA RED 88.3 LA RIOJA"},"image":{"@id":"https:\/\/laredlarioja.com.ar\/sitio\/#\/schema\/logo\/image\/"},"sameAs":["https:\/\/www.facebook.com\/lared.larioja","https:\/\/x.com\/laredlarioja1","https:\/\/www.instagram.com\/lared_larioja\/"]},{"@type":"Person","@id":"https:\/\/laredlarioja.com.ar\/sitio\/#\/schema\/person\/f1e213867beccedaaa4fb548d9259d9a","name":"La Red","url":"https:\/\/laredlarioja.com.ar\/sitio\/author\/lared\/"}]}},"featured_image_urls":{"full":["https:\/\/laredlarioja.com.ar\/sitio\/wp-content\/uploads\/2024\/04\/WhatsApp-Image-2024-04-17-at-12.12.47.jpeg",1440,1080,false],"thumbnail":["https:\/\/laredlarioja.com.ar\/sitio\/wp-content\/uploads\/2024\/04\/WhatsApp-Image-2024-04-17-at-12.12.47-150x150.jpeg",150,150,true],"medium":["https:\/\/laredlarioja.com.ar\/sitio\/wp-content\/uploads\/2024\/04\/WhatsApp-Image-2024-04-17-at-12.12.47-300x225.jpeg",300,225,true],"medium_large":["https:\/\/laredlarioja.com.ar\/sitio\/wp-content\/uploads\/2024\/04\/WhatsApp-Image-2024-04-17-at-12.12.47-768x576.jpeg",640,480,true],"large":["https:\/\/laredlarioja.com.ar\/sitio\/wp-content\/uploads\/2024\/04\/WhatsApp-Image-2024-04-17-at-12.12.47-1024x768.jpeg",640,480,true],"1536x1536":["https:\/\/laredlarioja.com.ar\/sitio\/wp-content\/uploads\/2024\/04\/WhatsApp-Image-2024-04-17-at-12.12.47.jpeg",1440,1080,false],"2048x2048":["https:\/\/laredlarioja.com.ar\/sitio\/wp-content\/uploads\/2024\/04\/WhatsApp-Image-2024-04-17-at-12.12.47.jpeg",1440,1080,false],"cvmm-medium":["https:\/\/laredlarioja.com.ar\/sitio\/wp-content\/uploads\/2024\/04\/WhatsApp-Image-2024-04-17-at-12.12.47-300x300.jpeg",300,300,true],"cvmm-medium-plus":["https:\/\/laredlarioja.com.ar\/sitio\/wp-content\/uploads\/2024\/04\/WhatsApp-Image-2024-04-17-at-12.12.47-305x207.jpeg",305,207,true],"cvmm-portrait":["https:\/\/laredlarioja.com.ar\/sitio\/wp-content\/uploads\/2024\/04\/WhatsApp-Image-2024-04-17-at-12.12.47-400x600.jpeg",400,600,true],"cvmm-medium-square":["https:\/\/laredlarioja.com.ar\/sitio\/wp-content\/uploads\/2024\/04\/WhatsApp-Image-2024-04-17-at-12.12.47-600x600.jpeg",600,600,true],"cvmm-large":["https:\/\/laredlarioja.com.ar\/sitio\/wp-content\/uploads\/2024\/04\/WhatsApp-Image-2024-04-17-at-12.12.47-1024x1024.jpeg",1024,1024,true],"cvmm-small":["https:\/\/laredlarioja.com.ar\/sitio\/wp-content\/uploads\/2024\/04\/WhatsApp-Image-2024-04-17-at-12.12.47-130x95.jpeg",130,95,true],"morenews-large":["https:\/\/laredlarioja.com.ar\/sitio\/wp-content\/uploads\/2024\/04\/WhatsApp-Image-2024-04-17-at-12.12.47-825x575.jpeg",825,575,true],"morenews-medium":["https:\/\/laredlarioja.com.ar\/sitio\/wp-content\/uploads\/2024\/04\/WhatsApp-Image-2024-04-17-at-12.12.47-590x410.jpeg",590,410,true]},"author_info":{"display_name":"La Red","author_link":"https:\/\/laredlarioja.com.ar\/sitio\/author\/lared\/"},"category_info":"<a href=\"https:\/\/laredlarioja.com.ar\/sitio\/categorias\/locales\/\" rel=\"category tag\">Locales<\/a>","tag_info":"Locales","comment_count":"0","blog_post_layout_featured_media_urls":{"thumbnail":["https:\/\/laredlarioja.com.ar\/sitio\/wp-content\/uploads\/2024\/04\/WhatsApp-Image-2024-04-17-at-12.12.47-150x150.jpeg",150,150,true],"full":["https:\/\/laredlarioja.com.ar\/sitio\/wp-content\/uploads\/2024\/04\/WhatsApp-Image-2024-04-17-at-12.12.47.jpeg",1440,1080,false]},"categories_names":{"94":{"name":"Locales","link":"https:\/\/laredlarioja.com.ar\/sitio\/categorias\/locales\/"}},"tags_names":[],"comments_number":"0","wpmagazine_modules_lite_featured_media_urls":{"thumbnail":["https:\/\/laredlarioja.com.ar\/sitio\/wp-content\/uploads\/2024\/04\/WhatsApp-Image-2024-04-17-at-12.12.47-150x150.jpeg",150,150,true],"cvmm-medium":["https:\/\/laredlarioja.com.ar\/sitio\/wp-content\/uploads\/2024\/04\/WhatsApp-Image-2024-04-17-at-12.12.47-300x300.jpeg",300,300,true],"cvmm-medium-plus":["https:\/\/laredlarioja.com.ar\/sitio\/wp-content\/uploads\/2024\/04\/WhatsApp-Image-2024-04-17-at-12.12.47-305x207.jpeg",305,207,true],"cvmm-portrait":["https:\/\/laredlarioja.com.ar\/sitio\/wp-content\/uploads\/2024\/04\/WhatsApp-Image-2024-04-17-at-12.12.47-400x600.jpeg",400,600,true],"cvmm-medium-square":["https:\/\/laredlarioja.com.ar\/sitio\/wp-content\/uploads\/2024\/04\/WhatsApp-Image-2024-04-17-at-12.12.47-600x600.jpeg",600,600,true],"cvmm-large":["https:\/\/laredlarioja.com.ar\/sitio\/wp-content\/uploads\/2024\/04\/WhatsApp-Image-2024-04-17-at-12.12.47-1024x1024.jpeg",1024,1024,true],"cvmm-small":["https:\/\/laredlarioja.com.ar\/sitio\/wp-content\/uploads\/2024\/04\/WhatsApp-Image-2024-04-17-at-12.12.47-130x95.jpeg",130,95,true],"full":["https:\/\/laredlarioja.com.ar\/sitio\/wp-content\/uploads\/2024\/04\/WhatsApp-Image-2024-04-17-at-12.12.47.jpeg",1440,1080,false]},"_links":{"self":[{"href":"https:\/\/laredlarioja.com.ar\/sitio\/wp-json\/wp\/v2\/posts\/76648","targetHints":{"allow":["GET"]}}],"collection":[{"href":"https:\/\/laredlarioja.com.ar\/sitio\/wp-json\/wp\/v2\/posts"}],"about":[{"href":"https:\/\/laredlarioja.com.ar\/sitio\/wp-json\/wp\/v2\/types\/post"}],"author":[{"embeddable":true,"href":"https:\/\/laredlarioja.com.ar\/sitio\/wp-json\/wp\/v2\/users\/10"}],"replies":[{"embeddable":true,"href":"https:\/\/laredlarioja.com.ar\/sitio\/wp-json\/wp\/v2\/comments?post=76648"}],"version-history":[{"count":2,"href":"https:\/\/laredlarioja.com.ar\/sitio\/wp-json\/wp\/v2\/posts\/76648\/revisions"}],"predecessor-version":[{"id":76650,"href":"https:\/\/laredlarioja.com.ar\/sitio\/wp-json\/wp\/v2\/posts\/76648\/revisions\/76650"}],"wp:featuredmedia":[{"embeddable":true,"href":"https:\/\/laredlarioja.com.ar\/sitio\/wp-json\/wp\/v2\/media\/44612"}],"wp:attachment":[{"href":"https:\/\/laredlarioja.com.ar\/sitio\/wp-json\/wp\/v2\/media?parent=76648"}],"wp:term":[{"taxonomy":"category","embeddable":true,"href":"https:\/\/laredlarioja.com.ar\/sitio\/wp-json\/wp\/v2\/categories?post=76648"},{"taxonomy":"post_tag","embeddable":true,"href":"https:\/\/laredlarioja.com.ar\/sitio\/wp-json\/wp\/v2\/tags?post=76648"}],"curies":[{"name":"wp","href":"https:\/\/api.w.org\/{rel}","templated":true}]}}