{"id":76651,"date":"2026-04-07T22:38:20","date_gmt":"2026-04-07T22:38:20","guid":{"rendered":"https:\/\/laredlarioja.com.ar\/sitio\/?p=76651"},"modified":"2026-04-07T22:38:20","modified_gmt":"2026-04-07T22:38:20","slug":"la-caso-adornis-justicia-cito-a-declarar-a-las-cuatro-mujeres-que-le-prestaron-dolares-para-los-departamentos","status":"publish","type":"post","link":"https:\/\/laredlarioja.com.ar\/sitio\/la-caso-adornis-justicia-cito-a-declarar-a-las-cuatro-mujeres-que-le-prestaron-dolares-para-los-departamentos\/","title":{"rendered":"La Caso Adornis: Justicia cit\u00f3 a declarar a las cuatro mujeres que le prestaron d\u00f3lares para los departamentos"},"content":{"rendered":"<p>En las \u00faltimas horas, se conoci\u00f3 que las cuatro mujeres que le facilitaron hipotecas no bancarias al jefe de Gabinete, Manuel Adorni, que le permiti\u00f3 adquirir dos propiedades, fueron citadas a declarar por el fiscal Gerardo Pollicita.<\/p>\n<p>Se trata de Claudia Sbabo y Beatriz Viegas (que facilitaron la compra del departamento de Caballito en la calle Mir\u00f3 donde en la actualidad vive Adorni) y Graciela Isabel Molina y Victoria Mar\u00eda Jos\u00e9 Cancio, que le otorgaron una hipoteca privada en un inmueble de la calle Asamblea, en el mismo barrio porte\u00f1o. Las dos primeras fueron citadas el jueves 9 y las otras dos mujeres, el lunes 13, confirm\u00f3 la Agencia Noticias Argentinas.<\/p>\n<p>La Justicia investiga la compra que hizo el jefe de Gabinete de un departamento en Caballito por 230 mil d\u00f3lares el 18 de noviembre de 2025. Algunos detalles de la operaci\u00f3n llamaron la atenci\u00f3n, como el valor que pag\u00f3 cuando las cifras de mercado en esa zona est\u00e1n por encima de ese monto y el hecho de que dos jubiladas le prestaran el 87% del monto total de la adquisici\u00f3n.<\/p>\n<p>Fuente:NA<\/p>\n","protected":false},"excerpt":{"rendered":"<p>En las \u00faltimas horas, se conoci\u00f3 que las cuatro mujeres que le facilitaron hipotecas no bancarias al jefe<\/p>\n","protected":false},"author":13,"featured_media":76652,"comment_status":"closed","ping_status":"open","sticky":false,"template":"","format":"standard","meta":{"footnotes":""},"categories":[28],"tags":[84],"class_list":["post-76651","post","type-post","status-publish","format-standard","has-post-thumbnail","hentry","category-nacionales","tag-secundaria"],"yoast_head":"<!-- This site is optimized with the Yoast SEO plugin v27.4 - https:\/\/yoast.com\/product\/yoast-seo-wordpress\/ -->\n<title>La Caso Adornis: Justicia cit\u00f3 a declarar a las cuatro mujeres que le prestaron d\u00f3lares para los departamentos - LA RED 88.3 LA RIOJA<\/title>\n<meta name=\"robots\" content=\"index, follow, max-snippet:-1, max-image-preview:large, max-video-preview:-1\" \/>\n<link rel=\"canonical\" href=\"https:\/\/laredlarioja.com.ar\/sitio\/la-caso-adornis-justicia-cito-a-declarar-a-las-cuatro-mujeres-que-le-prestaron-dolares-para-los-departamentos\/\" \/>\n<meta property=\"og:locale\" content=\"es_ES\" \/>\n<meta property=\"og:type\" content=\"article\" \/>\n<meta property=\"og:title\" content=\"La Caso Adornis: Justicia cit\u00f3 a declarar a las cuatro mujeres que le prestaron d\u00f3lares para los departamentos - LA RED 88.3 LA RIOJA\" \/>\n<meta property=\"og:description\" content=\"En las \u00faltimas horas, se conoci\u00f3 que las cuatro mujeres que le facilitaron hipotecas no bancarias al jefe\" \/>\n<meta property=\"og:url\" content=\"https:\/\/laredlarioja.com.ar\/sitio\/la-caso-adornis-justicia-cito-a-declarar-a-las-cuatro-mujeres-que-le-prestaron-dolares-para-los-departamentos\/\" \/>\n<meta property=\"og:site_name\" content=\"LA RED 88.3 LA RIOJA\" \/>\n<meta property=\"article:publisher\" content=\"https:\/\/www.facebook.com\/lared.larioja\" \/>\n<meta property=\"article:published_time\" content=\"2026-04-07T22:38:20+00:00\" \/>\n<meta property=\"og:image\" content=\"https:\/\/laredlarioja.com.ar\/sitio\/wp-content\/uploads\/2026\/04\/720.webp\" \/>\n\t<meta property=\"og:image:width\" content=\"1132\" \/>\n\t<meta property=\"og:image:height\" content=\"720\" \/>\n\t<meta property=\"og:image:type\" content=\"image\/webp\" \/>\n<meta name=\"author\" content=\"Maria De La Vega\" \/>\n<meta name=\"twitter:card\" content=\"summary_large_image\" \/>\n<meta name=\"twitter:creator\" content=\"@laredlarioja1\" \/>\n<meta name=\"twitter:site\" content=\"@laredlarioja1\" \/>\n<meta name=\"twitter:label1\" content=\"Escrito por\" \/>\n\t<meta name=\"twitter:data1\" content=\"Maria De La Vega\" \/>\n\t<meta name=\"twitter:label2\" content=\"Tiempo de lectura\" \/>\n\t<meta name=\"twitter:data2\" content=\"2 minutos\" \/>\n<script type=\"application\/ld+json\" class=\"yoast-schema-graph\">{\"@context\":\"https:\\\/\\\/schema.org\",\"@graph\":[{\"@type\":\"Article\",\"@id\":\"https:\\\/\\\/laredlarioja.com.ar\\\/sitio\\\/la-caso-adornis-justicia-cito-a-declarar-a-las-cuatro-mujeres-que-le-prestaron-dolares-para-los-departamentos\\\/#article\",\"isPartOf\":{\"@id\":\"https:\\\/\\\/laredlarioja.com.ar\\\/sitio\\\/la-caso-adornis-justicia-cito-a-declarar-a-las-cuatro-mujeres-que-le-prestaron-dolares-para-los-departamentos\\\/\"},\"author\":{\"name\":\"Maria De La Vega\",\"@id\":\"https:\\\/\\\/laredlarioja.com.ar\\\/sitio\\\/#\\\/schema\\\/person\\\/8b98ebe852851a8bdc8acd6ec6918de9\"},\"headline\":\"La Caso Adornis: Justicia cit\u00f3 a declarar a las cuatro mujeres que le prestaron d\u00f3lares para los departamentos\",\"datePublished\":\"2026-04-07T22:38:20+00:00\",\"mainEntityOfPage\":{\"@id\":\"https:\\\/\\\/laredlarioja.com.ar\\\/sitio\\\/la-caso-adornis-justicia-cito-a-declarar-a-las-cuatro-mujeres-que-le-prestaron-dolares-para-los-departamentos\\\/\"},\"wordCount\":203,\"publisher\":{\"@id\":\"https:\\\/\\\/laredlarioja.com.ar\\\/sitio\\\/#organization\"},\"image\":{\"@id\":\"https:\\\/\\\/laredlarioja.com.ar\\\/sitio\\\/la-caso-adornis-justicia-cito-a-declarar-a-las-cuatro-mujeres-que-le-prestaron-dolares-para-los-departamentos\\\/#primaryimage\"},\"thumbnailUrl\":\"https:\\\/\\\/laredlarioja.com.ar\\\/sitio\\\/wp-content\\\/uploads\\\/2026\\\/04\\\/720.webp\",\"keywords\":[\"Secundaria\"],\"articleSection\":[\"Nacionales\"],\"inLanguage\":\"es\"},{\"@type\":\"WebPage\",\"@id\":\"https:\\\/\\\/laredlarioja.com.ar\\\/sitio\\\/la-caso-adornis-justicia-cito-a-declarar-a-las-cuatro-mujeres-que-le-prestaron-dolares-para-los-departamentos\\\/\",\"url\":\"https:\\\/\\\/laredlarioja.com.ar\\\/sitio\\\/la-caso-adornis-justicia-cito-a-declarar-a-las-cuatro-mujeres-que-le-prestaron-dolares-para-los-departamentos\\\/\",\"name\":\"La Caso Adornis: Justicia cit\u00f3 a declarar a las cuatro mujeres que le prestaron d\u00f3lares para los departamentos - LA RED 88.3 LA RIOJA\",\"isPartOf\":{\"@id\":\"https:\\\/\\\/laredlarioja.com.ar\\\/sitio\\\/#website\"},\"primaryImageOfPage\":{\"@id\":\"https:\\\/\\\/laredlarioja.com.ar\\\/sitio\\\/la-caso-adornis-justicia-cito-a-declarar-a-las-cuatro-mujeres-que-le-prestaron-dolares-para-los-departamentos\\\/#primaryimage\"},\"image\":{\"@id\":\"https:\\\/\\\/laredlarioja.com.ar\\\/sitio\\\/la-caso-adornis-justicia-cito-a-declarar-a-las-cuatro-mujeres-que-le-prestaron-dolares-para-los-departamentos\\\/#primaryimage\"},\"thumbnailUrl\":\"https:\\\/\\\/laredlarioja.com.ar\\\/sitio\\\/wp-content\\\/uploads\\\/2026\\\/04\\\/720.webp\",\"datePublished\":\"2026-04-07T22:38:20+00:00\",\"breadcrumb\":{\"@id\":\"https:\\\/\\\/laredlarioja.com.ar\\\/sitio\\\/la-caso-adornis-justicia-cito-a-declarar-a-las-cuatro-mujeres-que-le-prestaron-dolares-para-los-departamentos\\\/#breadcrumb\"},\"inLanguage\":\"es\",\"potentialAction\":[{\"@type\":\"ReadAction\",\"target\":[\"https:\\\/\\\/laredlarioja.com.ar\\\/sitio\\\/la-caso-adornis-justicia-cito-a-declarar-a-las-cuatro-mujeres-que-le-prestaron-dolares-para-los-departamentos\\\/\"]}]},{\"@type\":\"ImageObject\",\"inLanguage\":\"es\",\"@id\":\"https:\\\/\\\/laredlarioja.com.ar\\\/sitio\\\/la-caso-adornis-justicia-cito-a-declarar-a-las-cuatro-mujeres-que-le-prestaron-dolares-para-los-departamentos\\\/#primaryimage\",\"url\":\"https:\\\/\\\/laredlarioja.com.ar\\\/sitio\\\/wp-content\\\/uploads\\\/2026\\\/04\\\/720.webp\",\"contentUrl\":\"https:\\\/\\\/laredlarioja.com.ar\\\/sitio\\\/wp-content\\\/uploads\\\/2026\\\/04\\\/720.webp\",\"width\":1132,\"height\":720},{\"@type\":\"BreadcrumbList\",\"@id\":\"https:\\\/\\\/laredlarioja.com.ar\\\/sitio\\\/la-caso-adornis-justicia-cito-a-declarar-a-las-cuatro-mujeres-que-le-prestaron-dolares-para-los-departamentos\\\/#breadcrumb\",\"itemListElement\":[{\"@type\":\"ListItem\",\"position\":1,\"name\":\"Portada\",\"item\":\"https:\\\/\\\/laredlarioja.com.ar\\\/sitio\\\/\"},{\"@type\":\"ListItem\",\"position\":2,\"name\":\"La Caso Adornis: Justicia cit\u00f3 a declarar a las cuatro mujeres que le prestaron d\u00f3lares para los departamentos\"}]},{\"@type\":\"WebSite\",\"@id\":\"https:\\\/\\\/laredlarioja.com.ar\\\/sitio\\\/#website\",\"url\":\"https:\\\/\\\/laredlarioja.com.ar\\\/sitio\\\/\",\"name\":\"LA RED 88.3 LA RIOJA\",\"description\":\"Sitio de Noticias\",\"publisher\":{\"@id\":\"https:\\\/\\\/laredlarioja.com.ar\\\/sitio\\\/#organization\"},\"potentialAction\":[{\"@type\":\"SearchAction\",\"target\":{\"@type\":\"EntryPoint\",\"urlTemplate\":\"https:\\\/\\\/laredlarioja.com.ar\\\/sitio\\\/?s={search_term_string}\"},\"query-input\":{\"@type\":\"PropertyValueSpecification\",\"valueRequired\":true,\"valueName\":\"search_term_string\"}}],\"inLanguage\":\"es\"},{\"@type\":\"Organization\",\"@id\":\"https:\\\/\\\/laredlarioja.com.ar\\\/sitio\\\/#organization\",\"name\":\"LA RED 88.3 LA RIOJA\",\"url\":\"https:\\\/\\\/laredlarioja.com.ar\\\/sitio\\\/\",\"logo\":{\"@type\":\"ImageObject\",\"inLanguage\":\"es\",\"@id\":\"https:\\\/\\\/laredlarioja.com.ar\\\/sitio\\\/#\\\/schema\\\/logo\\\/image\\\/\",\"url\":\"https:\\\/\\\/laredlarioja.com.ar\\\/sitio\\\/wp-content\\\/uploads\\\/2025\\\/05\\\/LOGO-LA-RED.png\",\"contentUrl\":\"https:\\\/\\\/laredlarioja.com.ar\\\/sitio\\\/wp-content\\\/uploads\\\/2025\\\/05\\\/LOGO-LA-RED.png\",\"width\":193,\"height\":340,\"caption\":\"LA RED 88.3 LA RIOJA\"},\"image\":{\"@id\":\"https:\\\/\\\/laredlarioja.com.ar\\\/sitio\\\/#\\\/schema\\\/logo\\\/image\\\/\"},\"sameAs\":[\"https:\\\/\\\/www.facebook.com\\\/lared.larioja\",\"https:\\\/\\\/x.com\\\/laredlarioja1\",\"https:\\\/\\\/www.instagram.com\\\/lared_larioja\\\/\"]},{\"@type\":\"Person\",\"@id\":\"https:\\\/\\\/laredlarioja.com.ar\\\/sitio\\\/#\\\/schema\\\/person\\\/8b98ebe852851a8bdc8acd6ec6918de9\",\"name\":\"Maria De La Vega\",\"sameAs\":[\"http:\\\/\\\/laredlarioja.com.ar\"],\"url\":\"https:\\\/\\\/laredlarioja.com.ar\\\/sitio\\\/author\\\/maru\\\/\"}]}<\/script>\n<!-- \/ Yoast SEO plugin. -->","yoast_head_json":{"title":"La Caso Adornis: Justicia cit\u00f3 a declarar a las cuatro mujeres que le prestaron d\u00f3lares para los departamentos - LA RED 88.3 LA RIOJA","robots":{"index":"index","follow":"follow","max-snippet":"max-snippet:-1","max-image-preview":"max-image-preview:large","max-video-preview":"max-video-preview:-1"},"canonical":"https:\/\/laredlarioja.com.ar\/sitio\/la-caso-adornis-justicia-cito-a-declarar-a-las-cuatro-mujeres-que-le-prestaron-dolares-para-los-departamentos\/","og_locale":"es_ES","og_type":"article","og_title":"La Caso Adornis: Justicia cit\u00f3 a declarar a las cuatro mujeres que le prestaron d\u00f3lares para los departamentos - LA RED 88.3 LA RIOJA","og_description":"En las \u00faltimas horas, se conoci\u00f3 que las cuatro mujeres que le facilitaron hipotecas no bancarias al jefe","og_url":"https:\/\/laredlarioja.com.ar\/sitio\/la-caso-adornis-justicia-cito-a-declarar-a-las-cuatro-mujeres-que-le-prestaron-dolares-para-los-departamentos\/","og_site_name":"LA RED 88.3 LA RIOJA","article_publisher":"https:\/\/www.facebook.com\/lared.larioja","article_published_time":"2026-04-07T22:38:20+00:00","og_image":[{"width":1132,"height":720,"url":"https:\/\/laredlarioja.com.ar\/sitio\/wp-content\/uploads\/2026\/04\/720.webp","type":"image\/webp"}],"author":"Maria De La Vega","twitter_card":"summary_large_image","twitter_creator":"@laredlarioja1","twitter_site":"@laredlarioja1","twitter_misc":{"Escrito por":"Maria De La Vega","Tiempo de lectura":"2 minutos"},"schema":{"@context":"https:\/\/schema.org","@graph":[{"@type":"Article","@id":"https:\/\/laredlarioja.com.ar\/sitio\/la-caso-adornis-justicia-cito-a-declarar-a-las-cuatro-mujeres-que-le-prestaron-dolares-para-los-departamentos\/#article","isPartOf":{"@id":"https:\/\/laredlarioja.com.ar\/sitio\/la-caso-adornis-justicia-cito-a-declarar-a-las-cuatro-mujeres-que-le-prestaron-dolares-para-los-departamentos\/"},"author":{"name":"Maria De La Vega","@id":"https:\/\/laredlarioja.com.ar\/sitio\/#\/schema\/person\/8b98ebe852851a8bdc8acd6ec6918de9"},"headline":"La Caso Adornis: Justicia cit\u00f3 a declarar a las cuatro mujeres que le prestaron d\u00f3lares para los departamentos","datePublished":"2026-04-07T22:38:20+00:00","mainEntityOfPage":{"@id":"https:\/\/laredlarioja.com.ar\/sitio\/la-caso-adornis-justicia-cito-a-declarar-a-las-cuatro-mujeres-que-le-prestaron-dolares-para-los-departamentos\/"},"wordCount":203,"publisher":{"@id":"https:\/\/laredlarioja.com.ar\/sitio\/#organization"},"image":{"@id":"https:\/\/laredlarioja.com.ar\/sitio\/la-caso-adornis-justicia-cito-a-declarar-a-las-cuatro-mujeres-que-le-prestaron-dolares-para-los-departamentos\/#primaryimage"},"thumbnailUrl":"https:\/\/laredlarioja.com.ar\/sitio\/wp-content\/uploads\/2026\/04\/720.webp","keywords":["Secundaria"],"articleSection":["Nacionales"],"inLanguage":"es"},{"@type":"WebPage","@id":"https:\/\/laredlarioja.com.ar\/sitio\/la-caso-adornis-justicia-cito-a-declarar-a-las-cuatro-mujeres-que-le-prestaron-dolares-para-los-departamentos\/","url":"https:\/\/laredlarioja.com.ar\/sitio\/la-caso-adornis-justicia-cito-a-declarar-a-las-cuatro-mujeres-que-le-prestaron-dolares-para-los-departamentos\/","name":"La Caso Adornis: Justicia cit\u00f3 a declarar a las cuatro mujeres que le prestaron d\u00f3lares para los departamentos - LA RED 88.3 LA RIOJA","isPartOf":{"@id":"https:\/\/laredlarioja.com.ar\/sitio\/#website"},"primaryImageOfPage":{"@id":"https:\/\/laredlarioja.com.ar\/sitio\/la-caso-adornis-justicia-cito-a-declarar-a-las-cuatro-mujeres-que-le-prestaron-dolares-para-los-departamentos\/#primaryimage"},"image":{"@id":"https:\/\/laredlarioja.com.ar\/sitio\/la-caso-adornis-justicia-cito-a-declarar-a-las-cuatro-mujeres-que-le-prestaron-dolares-para-los-departamentos\/#primaryimage"},"thumbnailUrl":"https:\/\/laredlarioja.com.ar\/sitio\/wp-content\/uploads\/2026\/04\/720.webp","datePublished":"2026-04-07T22:38:20+00:00","breadcrumb":{"@id":"https:\/\/laredlarioja.com.ar\/sitio\/la-caso-adornis-justicia-cito-a-declarar-a-las-cuatro-mujeres-que-le-prestaron-dolares-para-los-departamentos\/#breadcrumb"},"inLanguage":"es","potentialAction":[{"@type":"ReadAction","target":["https:\/\/laredlarioja.com.ar\/sitio\/la-caso-adornis-justicia-cito-a-declarar-a-las-cuatro-mujeres-que-le-prestaron-dolares-para-los-departamentos\/"]}]},{"@type":"ImageObject","inLanguage":"es","@id":"https:\/\/laredlarioja.com.ar\/sitio\/la-caso-adornis-justicia-cito-a-declarar-a-las-cuatro-mujeres-que-le-prestaron-dolares-para-los-departamentos\/#primaryimage","url":"https:\/\/laredlarioja.com.ar\/sitio\/wp-content\/uploads\/2026\/04\/720.webp","contentUrl":"https:\/\/laredlarioja.com.ar\/sitio\/wp-content\/uploads\/2026\/04\/720.webp","width":1132,"height":720},{"@type":"BreadcrumbList","@id":"https:\/\/laredlarioja.com.ar\/sitio\/la-caso-adornis-justicia-cito-a-declarar-a-las-cuatro-mujeres-que-le-prestaron-dolares-para-los-departamentos\/#breadcrumb","itemListElement":[{"@type":"ListItem","position":1,"name":"Portada","item":"https:\/\/laredlarioja.com.ar\/sitio\/"},{"@type":"ListItem","position":2,"name":"La Caso Adornis: Justicia cit\u00f3 a declarar a las cuatro mujeres que le prestaron d\u00f3lares para los departamentos"}]},{"@type":"WebSite","@id":"https:\/\/laredlarioja.com.ar\/sitio\/#website","url":"https:\/\/laredlarioja.com.ar\/sitio\/","name":"LA RED 88.3 LA RIOJA","description":"Sitio de Noticias","publisher":{"@id":"https:\/\/laredlarioja.com.ar\/sitio\/#organization"},"potentialAction":[{"@type":"SearchAction","target":{"@type":"EntryPoint","urlTemplate":"https:\/\/laredlarioja.com.ar\/sitio\/?s={search_term_string}"},"query-input":{"@type":"PropertyValueSpecification","valueRequired":true,"valueName":"search_term_string"}}],"inLanguage":"es"},{"@type":"Organization","@id":"https:\/\/laredlarioja.com.ar\/sitio\/#organization","name":"LA RED 88.3 LA RIOJA","url":"https:\/\/laredlarioja.com.ar\/sitio\/","logo":{"@type":"ImageObject","inLanguage":"es","@id":"https:\/\/laredlarioja.com.ar\/sitio\/#\/schema\/logo\/image\/","url":"https:\/\/laredlarioja.com.ar\/sitio\/wp-content\/uploads\/2025\/05\/LOGO-LA-RED.png","contentUrl":"https:\/\/laredlarioja.com.ar\/sitio\/wp-content\/uploads\/2025\/05\/LOGO-LA-RED.png","width":193,"height":340,"caption":"LA RED 88.3 LA RIOJA"},"image":{"@id":"https:\/\/laredlarioja.com.ar\/sitio\/#\/schema\/logo\/image\/"},"sameAs":["https:\/\/www.facebook.com\/lared.larioja","https:\/\/x.com\/laredlarioja1","https:\/\/www.instagram.com\/lared_larioja\/"]},{"@type":"Person","@id":"https:\/\/laredlarioja.com.ar\/sitio\/#\/schema\/person\/8b98ebe852851a8bdc8acd6ec6918de9","name":"Maria De La Vega","sameAs":["http:\/\/laredlarioja.com.ar"],"url":"https:\/\/laredlarioja.com.ar\/sitio\/author\/maru\/"}]}},"featured_image_urls":{"full":["https:\/\/laredlarioja.com.ar\/sitio\/wp-content\/uploads\/2026\/04\/720.webp",1132,720,false],"thumbnail":["https:\/\/laredlarioja.com.ar\/sitio\/wp-content\/uploads\/2026\/04\/720-150x150.webp",150,150,true],"medium":["https:\/\/laredlarioja.com.ar\/sitio\/wp-content\/uploads\/2026\/04\/720-300x191.webp",300,191,true],"medium_large":["https:\/\/laredlarioja.com.ar\/sitio\/wp-content\/uploads\/2026\/04\/720-768x488.webp",640,407,true],"large":["https:\/\/laredlarioja.com.ar\/sitio\/wp-content\/uploads\/2026\/04\/720-1024x651.webp",640,407,true],"1536x1536":["https:\/\/laredlarioja.com.ar\/sitio\/wp-content\/uploads\/2026\/04\/720.webp",1132,720,false],"2048x2048":["https:\/\/laredlarioja.com.ar\/sitio\/wp-content\/uploads\/2026\/04\/720.webp",1132,720,false],"cvmm-medium":["https:\/\/laredlarioja.com.ar\/sitio\/wp-content\/uploads\/2026\/04\/720-300x300.webp",300,300,true],"cvmm-medium-plus":["https:\/\/laredlarioja.com.ar\/sitio\/wp-content\/uploads\/2026\/04\/720-305x207.webp",305,207,true],"cvmm-portrait":["https:\/\/laredlarioja.com.ar\/sitio\/wp-content\/uploads\/2026\/04\/720-400x600.webp",400,600,true],"cvmm-medium-square":["https:\/\/laredlarioja.com.ar\/sitio\/wp-content\/uploads\/2026\/04\/720-600x600.webp",600,600,true],"cvmm-large":["https:\/\/laredlarioja.com.ar\/sitio\/wp-content\/uploads\/2026\/04\/720-1024x720.webp",1024,720,true],"cvmm-small":["https:\/\/laredlarioja.com.ar\/sitio\/wp-content\/uploads\/2026\/04\/720-130x95.webp",130,95,true],"morenews-large":["https:\/\/laredlarioja.com.ar\/sitio\/wp-content\/uploads\/2026\/04\/720-825x575.webp",825,575,true],"morenews-medium":["https:\/\/laredlarioja.com.ar\/sitio\/wp-content\/uploads\/2026\/04\/720-590x410.webp",590,410,true]},"author_info":{"display_name":"Maria De La Vega","author_link":"https:\/\/laredlarioja.com.ar\/sitio\/author\/maru\/"},"category_info":"<a href=\"https:\/\/laredlarioja.com.ar\/sitio\/categorias\/nacionales\/\" rel=\"category tag\">Nacionales<\/a>","tag_info":"Nacionales","comment_count":"0","blog_post_layout_featured_media_urls":{"thumbnail":["https:\/\/laredlarioja.com.ar\/sitio\/wp-content\/uploads\/2026\/04\/720-150x150.webp",150,150,true],"full":["https:\/\/laredlarioja.com.ar\/sitio\/wp-content\/uploads\/2026\/04\/720.webp",1132,720,false]},"categories_names":{"28":{"name":"Nacionales","link":"https:\/\/laredlarioja.com.ar\/sitio\/categorias\/nacionales\/"}},"tags_names":{"84":{"name":"Secundaria","link":"https:\/\/laredlarioja.com.ar\/sitio\/etiquetas\/secundaria\/"}},"comments_number":"0","wpmagazine_modules_lite_featured_media_urls":{"thumbnail":["https:\/\/laredlarioja.com.ar\/sitio\/wp-content\/uploads\/2026\/04\/720-150x150.webp",150,150,true],"cvmm-medium":["https:\/\/laredlarioja.com.ar\/sitio\/wp-content\/uploads\/2026\/04\/720-300x300.webp",300,300,true],"cvmm-medium-plus":["https:\/\/laredlarioja.com.ar\/sitio\/wp-content\/uploads\/2026\/04\/720-305x207.webp",305,207,true],"cvmm-portrait":["https:\/\/laredlarioja.com.ar\/sitio\/wp-content\/uploads\/2026\/04\/720-400x600.webp",400,600,true],"cvmm-medium-square":["https:\/\/laredlarioja.com.ar\/sitio\/wp-content\/uploads\/2026\/04\/720-600x600.webp",600,600,true],"cvmm-large":["https:\/\/laredlarioja.com.ar\/sitio\/wp-content\/uploads\/2026\/04\/720-1024x720.webp",1024,720,true],"cvmm-small":["https:\/\/laredlarioja.com.ar\/sitio\/wp-content\/uploads\/2026\/04\/720-130x95.webp",130,95,true],"full":["https:\/\/laredlarioja.com.ar\/sitio\/wp-content\/uploads\/2026\/04\/720.webp",1132,720,false]},"_links":{"self":[{"href":"https:\/\/laredlarioja.com.ar\/sitio\/wp-json\/wp\/v2\/posts\/76651","targetHints":{"allow":["GET"]}}],"collection":[{"href":"https:\/\/laredlarioja.com.ar\/sitio\/wp-json\/wp\/v2\/posts"}],"about":[{"href":"https:\/\/laredlarioja.com.ar\/sitio\/wp-json\/wp\/v2\/types\/post"}],"author":[{"embeddable":true,"href":"https:\/\/laredlarioja.com.ar\/sitio\/wp-json\/wp\/v2\/users\/13"}],"replies":[{"embeddable":true,"href":"https:\/\/laredlarioja.com.ar\/sitio\/wp-json\/wp\/v2\/comments?post=76651"}],"version-history":[{"count":1,"href":"https:\/\/laredlarioja.com.ar\/sitio\/wp-json\/wp\/v2\/posts\/76651\/revisions"}],"predecessor-version":[{"id":76653,"href":"https:\/\/laredlarioja.com.ar\/sitio\/wp-json\/wp\/v2\/posts\/76651\/revisions\/76653"}],"wp:featuredmedia":[{"embeddable":true,"href":"https:\/\/laredlarioja.com.ar\/sitio\/wp-json\/wp\/v2\/media\/76652"}],"wp:attachment":[{"href":"https:\/\/laredlarioja.com.ar\/sitio\/wp-json\/wp\/v2\/media?parent=76651"}],"wp:term":[{"taxonomy":"category","embeddable":true,"href":"https:\/\/laredlarioja.com.ar\/sitio\/wp-json\/wp\/v2\/categories?post=76651"},{"taxonomy":"post_tag","embeddable":true,"href":"https:\/\/laredlarioja.com.ar\/sitio\/wp-json\/wp\/v2\/tags?post=76651"}],"curies":[{"name":"wp","href":"https:\/\/api.w.org\/{rel}","templated":true}]}}