{"id":76655,"date":"2026-04-07T23:07:10","date_gmt":"2026-04-07T23:07:10","guid":{"rendered":"https:\/\/laredlarioja.com.ar\/sitio\/?p=76655"},"modified":"2026-04-07T23:07:10","modified_gmt":"2026-04-07T23:07:10","slug":"el-gobierno-nacional-dio-por-finalizado-el-programa-volver-al-trabajo","status":"publish","type":"post","link":"https:\/\/laredlarioja.com.ar\/sitio\/el-gobierno-nacional-dio-por-finalizado-el-programa-volver-al-trabajo\/","title":{"rendered":"El Gobierno nacional dio por finalizado el programa Volver al Trabajo"},"content":{"rendered":"<p>La cartera de Capital Humano, fue sobre el programa Volver al Trabajo (VAT), una iniciativa que hab\u00eda sido creada como reformulaci\u00f3n del ex plan Potenciar Trabajo y que, seg\u00fan inform\u00f3 el Ministerio, cumpli\u00f3 el plazo previsto de dos a\u00f1os.<br \/>\nSeg\u00fan se conoci\u00f3, la \u00faltima asignaci\u00f3n mensual no remunerativa correspondiente a los beneficiarios fue liquidada durante abril.<\/p>\n<p>Desde la cartera que conduce Sandra Pettovello se\u00f1alaron que la conclusi\u00f3n del programa formaba parte del dise\u00f1o original y que la decisi\u00f3n implica una reorientaci\u00f3n de recursos hacia pol\u00edticas consideradas de \u201cmayor impacto social\u201d. El VAT hab\u00eda sido implementado con el objetivo de facilitar la transici\u00f3n hacia el empleo formal y eliminar barreras de acceso al trabajo registrado, explicaron.<\/p>\n<p>A diferencia del esquema anterior, el programa contemplaba la inscripci\u00f3n prioritaria de los beneficiarios en capacitaciones laborales impulsadas por la Subsecretar\u00eda de Empleo y Formaci\u00f3n Laboral. Adem\u00e1s, antes del pago de la \u00faltima cuota, el Gobierno notific\u00f3 a los participantes sobre la posibilidad de acceder a nuevas instancias de formaci\u00f3n, incluyendo vouchers para cursos de oficios y capacitaci\u00f3n profesional.<\/p>\n<p>Fuente:NA<\/p>\n","protected":false},"excerpt":{"rendered":"<p>La cartera de Capital Humano, fue sobre el programa Volver al Trabajo (VAT), una iniciativa que hab\u00eda sido<\/p>\n","protected":false},"author":13,"featured_media":46311,"comment_status":"closed","ping_status":"open","sticky":false,"template":"","format":"standard","meta":{"footnotes":""},"categories":[28],"tags":[84],"class_list":["post-76655","post","type-post","status-publish","format-standard","has-post-thumbnail","hentry","category-nacionales","tag-secundaria"],"yoast_head":"<!-- This site is optimized with the Yoast SEO plugin v27.4 - https:\/\/yoast.com\/product\/yoast-seo-wordpress\/ -->\n<title>El Gobierno nacional dio por finalizado el programa Volver al Trabajo - LA RED 88.3 LA RIOJA<\/title>\n<meta name=\"robots\" content=\"index, follow, max-snippet:-1, max-image-preview:large, max-video-preview:-1\" \/>\n<link rel=\"canonical\" href=\"https:\/\/laredlarioja.com.ar\/sitio\/el-gobierno-nacional-dio-por-finalizado-el-programa-volver-al-trabajo\/\" \/>\n<meta property=\"og:locale\" content=\"es_ES\" \/>\n<meta property=\"og:type\" content=\"article\" \/>\n<meta property=\"og:title\" content=\"El Gobierno nacional dio por finalizado el programa Volver al Trabajo - LA RED 88.3 LA RIOJA\" \/>\n<meta property=\"og:description\" content=\"La cartera de Capital Humano, fue sobre el programa Volver al Trabajo (VAT), una iniciativa que hab\u00eda sido\" \/>\n<meta property=\"og:url\" content=\"https:\/\/laredlarioja.com.ar\/sitio\/el-gobierno-nacional-dio-por-finalizado-el-programa-volver-al-trabajo\/\" \/>\n<meta property=\"og:site_name\" content=\"LA RED 88.3 LA RIOJA\" \/>\n<meta property=\"article:publisher\" content=\"https:\/\/www.facebook.com\/lared.larioja\" \/>\n<meta property=\"article:published_time\" content=\"2026-04-07T23:07:10+00:00\" \/>\n<meta property=\"og:image\" content=\"https:\/\/laredlarioja.com.ar\/sitio\/wp-content\/uploads\/2024\/05\/23d19fe6-d9a9-462f-8eb6-f123c1962130_16-9-discover-aspect-ratio_default_0.jpg\" \/>\n\t<meta property=\"og:image:width\" content=\"1200\" \/>\n\t<meta property=\"og:image:height\" content=\"675\" \/>\n\t<meta property=\"og:image:type\" content=\"image\/jpeg\" \/>\n<meta name=\"author\" content=\"Maria De La Vega\" \/>\n<meta name=\"twitter:card\" content=\"summary_large_image\" \/>\n<meta name=\"twitter:creator\" content=\"@laredlarioja1\" \/>\n<meta name=\"twitter:site\" content=\"@laredlarioja1\" \/>\n<meta name=\"twitter:label1\" content=\"Escrito por\" \/>\n\t<meta name=\"twitter:data1\" content=\"Maria De La Vega\" \/>\n\t<meta name=\"twitter:label2\" content=\"Tiempo de lectura\" \/>\n\t<meta name=\"twitter:data2\" content=\"1 minuto\" \/>\n<script type=\"application\/ld+json\" class=\"yoast-schema-graph\">{\"@context\":\"https:\\\/\\\/schema.org\",\"@graph\":[{\"@type\":\"Article\",\"@id\":\"https:\\\/\\\/laredlarioja.com.ar\\\/sitio\\\/el-gobierno-nacional-dio-por-finalizado-el-programa-volver-al-trabajo\\\/#article\",\"isPartOf\":{\"@id\":\"https:\\\/\\\/laredlarioja.com.ar\\\/sitio\\\/el-gobierno-nacional-dio-por-finalizado-el-programa-volver-al-trabajo\\\/\"},\"author\":{\"name\":\"Maria De La Vega\",\"@id\":\"https:\\\/\\\/laredlarioja.com.ar\\\/sitio\\\/#\\\/schema\\\/person\\\/8b98ebe852851a8bdc8acd6ec6918de9\"},\"headline\":\"El Gobierno nacional dio por finalizado el programa Volver al Trabajo\",\"datePublished\":\"2026-04-07T23:07:10+00:00\",\"mainEntityOfPage\":{\"@id\":\"https:\\\/\\\/laredlarioja.com.ar\\\/sitio\\\/el-gobierno-nacional-dio-por-finalizado-el-programa-volver-al-trabajo\\\/\"},\"wordCount\":207,\"publisher\":{\"@id\":\"https:\\\/\\\/laredlarioja.com.ar\\\/sitio\\\/#organization\"},\"image\":{\"@id\":\"https:\\\/\\\/laredlarioja.com.ar\\\/sitio\\\/el-gobierno-nacional-dio-por-finalizado-el-programa-volver-al-trabajo\\\/#primaryimage\"},\"thumbnailUrl\":\"https:\\\/\\\/laredlarioja.com.ar\\\/sitio\\\/wp-content\\\/uploads\\\/2024\\\/05\\\/23d19fe6-d9a9-462f-8eb6-f123c1962130_16-9-discover-aspect-ratio_default_0.jpg\",\"keywords\":[\"Secundaria\"],\"articleSection\":[\"Nacionales\"],\"inLanguage\":\"es\"},{\"@type\":\"WebPage\",\"@id\":\"https:\\\/\\\/laredlarioja.com.ar\\\/sitio\\\/el-gobierno-nacional-dio-por-finalizado-el-programa-volver-al-trabajo\\\/\",\"url\":\"https:\\\/\\\/laredlarioja.com.ar\\\/sitio\\\/el-gobierno-nacional-dio-por-finalizado-el-programa-volver-al-trabajo\\\/\",\"name\":\"El Gobierno nacional dio por finalizado el programa Volver al Trabajo - LA RED 88.3 LA RIOJA\",\"isPartOf\":{\"@id\":\"https:\\\/\\\/laredlarioja.com.ar\\\/sitio\\\/#website\"},\"primaryImageOfPage\":{\"@id\":\"https:\\\/\\\/laredlarioja.com.ar\\\/sitio\\\/el-gobierno-nacional-dio-por-finalizado-el-programa-volver-al-trabajo\\\/#primaryimage\"},\"image\":{\"@id\":\"https:\\\/\\\/laredlarioja.com.ar\\\/sitio\\\/el-gobierno-nacional-dio-por-finalizado-el-programa-volver-al-trabajo\\\/#primaryimage\"},\"thumbnailUrl\":\"https:\\\/\\\/laredlarioja.com.ar\\\/sitio\\\/wp-content\\\/uploads\\\/2024\\\/05\\\/23d19fe6-d9a9-462f-8eb6-f123c1962130_16-9-discover-aspect-ratio_default_0.jpg\",\"datePublished\":\"2026-04-07T23:07:10+00:00\",\"breadcrumb\":{\"@id\":\"https:\\\/\\\/laredlarioja.com.ar\\\/sitio\\\/el-gobierno-nacional-dio-por-finalizado-el-programa-volver-al-trabajo\\\/#breadcrumb\"},\"inLanguage\":\"es\",\"potentialAction\":[{\"@type\":\"ReadAction\",\"target\":[\"https:\\\/\\\/laredlarioja.com.ar\\\/sitio\\\/el-gobierno-nacional-dio-por-finalizado-el-programa-volver-al-trabajo\\\/\"]}]},{\"@type\":\"ImageObject\",\"inLanguage\":\"es\",\"@id\":\"https:\\\/\\\/laredlarioja.com.ar\\\/sitio\\\/el-gobierno-nacional-dio-por-finalizado-el-programa-volver-al-trabajo\\\/#primaryimage\",\"url\":\"https:\\\/\\\/laredlarioja.com.ar\\\/sitio\\\/wp-content\\\/uploads\\\/2024\\\/05\\\/23d19fe6-d9a9-462f-8eb6-f123c1962130_16-9-discover-aspect-ratio_default_0.jpg\",\"contentUrl\":\"https:\\\/\\\/laredlarioja.com.ar\\\/sitio\\\/wp-content\\\/uploads\\\/2024\\\/05\\\/23d19fe6-d9a9-462f-8eb6-f123c1962130_16-9-discover-aspect-ratio_default_0.jpg\",\"width\":1200,\"height\":675},{\"@type\":\"BreadcrumbList\",\"@id\":\"https:\\\/\\\/laredlarioja.com.ar\\\/sitio\\\/el-gobierno-nacional-dio-por-finalizado-el-programa-volver-al-trabajo\\\/#breadcrumb\",\"itemListElement\":[{\"@type\":\"ListItem\",\"position\":1,\"name\":\"Portada\",\"item\":\"https:\\\/\\\/laredlarioja.com.ar\\\/sitio\\\/\"},{\"@type\":\"ListItem\",\"position\":2,\"name\":\"El Gobierno nacional dio por finalizado el programa Volver al Trabajo\"}]},{\"@type\":\"WebSite\",\"@id\":\"https:\\\/\\\/laredlarioja.com.ar\\\/sitio\\\/#website\",\"url\":\"https:\\\/\\\/laredlarioja.com.ar\\\/sitio\\\/\",\"name\":\"LA RED 88.3 LA RIOJA\",\"description\":\"Sitio de Noticias\",\"publisher\":{\"@id\":\"https:\\\/\\\/laredlarioja.com.ar\\\/sitio\\\/#organization\"},\"potentialAction\":[{\"@type\":\"SearchAction\",\"target\":{\"@type\":\"EntryPoint\",\"urlTemplate\":\"https:\\\/\\\/laredlarioja.com.ar\\\/sitio\\\/?s={search_term_string}\"},\"query-input\":{\"@type\":\"PropertyValueSpecification\",\"valueRequired\":true,\"valueName\":\"search_term_string\"}}],\"inLanguage\":\"es\"},{\"@type\":\"Organization\",\"@id\":\"https:\\\/\\\/laredlarioja.com.ar\\\/sitio\\\/#organization\",\"name\":\"LA RED 88.3 LA RIOJA\",\"url\":\"https:\\\/\\\/laredlarioja.com.ar\\\/sitio\\\/\",\"logo\":{\"@type\":\"ImageObject\",\"inLanguage\":\"es\",\"@id\":\"https:\\\/\\\/laredlarioja.com.ar\\\/sitio\\\/#\\\/schema\\\/logo\\\/image\\\/\",\"url\":\"https:\\\/\\\/laredlarioja.com.ar\\\/sitio\\\/wp-content\\\/uploads\\\/2025\\\/05\\\/LOGO-LA-RED.png\",\"contentUrl\":\"https:\\\/\\\/laredlarioja.com.ar\\\/sitio\\\/wp-content\\\/uploads\\\/2025\\\/05\\\/LOGO-LA-RED.png\",\"width\":193,\"height\":340,\"caption\":\"LA RED 88.3 LA RIOJA\"},\"image\":{\"@id\":\"https:\\\/\\\/laredlarioja.com.ar\\\/sitio\\\/#\\\/schema\\\/logo\\\/image\\\/\"},\"sameAs\":[\"https:\\\/\\\/www.facebook.com\\\/lared.larioja\",\"https:\\\/\\\/x.com\\\/laredlarioja1\",\"https:\\\/\\\/www.instagram.com\\\/lared_larioja\\\/\"]},{\"@type\":\"Person\",\"@id\":\"https:\\\/\\\/laredlarioja.com.ar\\\/sitio\\\/#\\\/schema\\\/person\\\/8b98ebe852851a8bdc8acd6ec6918de9\",\"name\":\"Maria De La Vega\",\"sameAs\":[\"http:\\\/\\\/laredlarioja.com.ar\"],\"url\":\"https:\\\/\\\/laredlarioja.com.ar\\\/sitio\\\/author\\\/maru\\\/\"}]}<\/script>\n<!-- \/ Yoast SEO plugin. -->","yoast_head_json":{"title":"El Gobierno nacional dio por finalizado el programa Volver al Trabajo - LA RED 88.3 LA RIOJA","robots":{"index":"index","follow":"follow","max-snippet":"max-snippet:-1","max-image-preview":"max-image-preview:large","max-video-preview":"max-video-preview:-1"},"canonical":"https:\/\/laredlarioja.com.ar\/sitio\/el-gobierno-nacional-dio-por-finalizado-el-programa-volver-al-trabajo\/","og_locale":"es_ES","og_type":"article","og_title":"El Gobierno nacional dio por finalizado el programa Volver al Trabajo - LA RED 88.3 LA RIOJA","og_description":"La cartera de Capital Humano, fue sobre el programa Volver al Trabajo (VAT), una iniciativa que hab\u00eda sido","og_url":"https:\/\/laredlarioja.com.ar\/sitio\/el-gobierno-nacional-dio-por-finalizado-el-programa-volver-al-trabajo\/","og_site_name":"LA RED 88.3 LA RIOJA","article_publisher":"https:\/\/www.facebook.com\/lared.larioja","article_published_time":"2026-04-07T23:07:10+00:00","og_image":[{"width":1200,"height":675,"url":"https:\/\/laredlarioja.com.ar\/sitio\/wp-content\/uploads\/2024\/05\/23d19fe6-d9a9-462f-8eb6-f123c1962130_16-9-discover-aspect-ratio_default_0.jpg","type":"image\/jpeg"}],"author":"Maria De La Vega","twitter_card":"summary_large_image","twitter_creator":"@laredlarioja1","twitter_site":"@laredlarioja1","twitter_misc":{"Escrito por":"Maria De La Vega","Tiempo de lectura":"1 minuto"},"schema":{"@context":"https:\/\/schema.org","@graph":[{"@type":"Article","@id":"https:\/\/laredlarioja.com.ar\/sitio\/el-gobierno-nacional-dio-por-finalizado-el-programa-volver-al-trabajo\/#article","isPartOf":{"@id":"https:\/\/laredlarioja.com.ar\/sitio\/el-gobierno-nacional-dio-por-finalizado-el-programa-volver-al-trabajo\/"},"author":{"name":"Maria De La Vega","@id":"https:\/\/laredlarioja.com.ar\/sitio\/#\/schema\/person\/8b98ebe852851a8bdc8acd6ec6918de9"},"headline":"El Gobierno nacional dio por finalizado el programa Volver al Trabajo","datePublished":"2026-04-07T23:07:10+00:00","mainEntityOfPage":{"@id":"https:\/\/laredlarioja.com.ar\/sitio\/el-gobierno-nacional-dio-por-finalizado-el-programa-volver-al-trabajo\/"},"wordCount":207,"publisher":{"@id":"https:\/\/laredlarioja.com.ar\/sitio\/#organization"},"image":{"@id":"https:\/\/laredlarioja.com.ar\/sitio\/el-gobierno-nacional-dio-por-finalizado-el-programa-volver-al-trabajo\/#primaryimage"},"thumbnailUrl":"https:\/\/laredlarioja.com.ar\/sitio\/wp-content\/uploads\/2024\/05\/23d19fe6-d9a9-462f-8eb6-f123c1962130_16-9-discover-aspect-ratio_default_0.jpg","keywords":["Secundaria"],"articleSection":["Nacionales"],"inLanguage":"es"},{"@type":"WebPage","@id":"https:\/\/laredlarioja.com.ar\/sitio\/el-gobierno-nacional-dio-por-finalizado-el-programa-volver-al-trabajo\/","url":"https:\/\/laredlarioja.com.ar\/sitio\/el-gobierno-nacional-dio-por-finalizado-el-programa-volver-al-trabajo\/","name":"El Gobierno nacional dio por finalizado el programa Volver al Trabajo - LA RED 88.3 LA RIOJA","isPartOf":{"@id":"https:\/\/laredlarioja.com.ar\/sitio\/#website"},"primaryImageOfPage":{"@id":"https:\/\/laredlarioja.com.ar\/sitio\/el-gobierno-nacional-dio-por-finalizado-el-programa-volver-al-trabajo\/#primaryimage"},"image":{"@id":"https:\/\/laredlarioja.com.ar\/sitio\/el-gobierno-nacional-dio-por-finalizado-el-programa-volver-al-trabajo\/#primaryimage"},"thumbnailUrl":"https:\/\/laredlarioja.com.ar\/sitio\/wp-content\/uploads\/2024\/05\/23d19fe6-d9a9-462f-8eb6-f123c1962130_16-9-discover-aspect-ratio_default_0.jpg","datePublished":"2026-04-07T23:07:10+00:00","breadcrumb":{"@id":"https:\/\/laredlarioja.com.ar\/sitio\/el-gobierno-nacional-dio-por-finalizado-el-programa-volver-al-trabajo\/#breadcrumb"},"inLanguage":"es","potentialAction":[{"@type":"ReadAction","target":["https:\/\/laredlarioja.com.ar\/sitio\/el-gobierno-nacional-dio-por-finalizado-el-programa-volver-al-trabajo\/"]}]},{"@type":"ImageObject","inLanguage":"es","@id":"https:\/\/laredlarioja.com.ar\/sitio\/el-gobierno-nacional-dio-por-finalizado-el-programa-volver-al-trabajo\/#primaryimage","url":"https:\/\/laredlarioja.com.ar\/sitio\/wp-content\/uploads\/2024\/05\/23d19fe6-d9a9-462f-8eb6-f123c1962130_16-9-discover-aspect-ratio_default_0.jpg","contentUrl":"https:\/\/laredlarioja.com.ar\/sitio\/wp-content\/uploads\/2024\/05\/23d19fe6-d9a9-462f-8eb6-f123c1962130_16-9-discover-aspect-ratio_default_0.jpg","width":1200,"height":675},{"@type":"BreadcrumbList","@id":"https:\/\/laredlarioja.com.ar\/sitio\/el-gobierno-nacional-dio-por-finalizado-el-programa-volver-al-trabajo\/#breadcrumb","itemListElement":[{"@type":"ListItem","position":1,"name":"Portada","item":"https:\/\/laredlarioja.com.ar\/sitio\/"},{"@type":"ListItem","position":2,"name":"El Gobierno nacional dio por finalizado el programa Volver al Trabajo"}]},{"@type":"WebSite","@id":"https:\/\/laredlarioja.com.ar\/sitio\/#website","url":"https:\/\/laredlarioja.com.ar\/sitio\/","name":"LA RED 88.3 LA RIOJA","description":"Sitio de Noticias","publisher":{"@id":"https:\/\/laredlarioja.com.ar\/sitio\/#organization"},"potentialAction":[{"@type":"SearchAction","target":{"@type":"EntryPoint","urlTemplate":"https:\/\/laredlarioja.com.ar\/sitio\/?s={search_term_string}"},"query-input":{"@type":"PropertyValueSpecification","valueRequired":true,"valueName":"search_term_string"}}],"inLanguage":"es"},{"@type":"Organization","@id":"https:\/\/laredlarioja.com.ar\/sitio\/#organization","name":"LA RED 88.3 LA RIOJA","url":"https:\/\/laredlarioja.com.ar\/sitio\/","logo":{"@type":"ImageObject","inLanguage":"es","@id":"https:\/\/laredlarioja.com.ar\/sitio\/#\/schema\/logo\/image\/","url":"https:\/\/laredlarioja.com.ar\/sitio\/wp-content\/uploads\/2025\/05\/LOGO-LA-RED.png","contentUrl":"https:\/\/laredlarioja.com.ar\/sitio\/wp-content\/uploads\/2025\/05\/LOGO-LA-RED.png","width":193,"height":340,"caption":"LA RED 88.3 LA RIOJA"},"image":{"@id":"https:\/\/laredlarioja.com.ar\/sitio\/#\/schema\/logo\/image\/"},"sameAs":["https:\/\/www.facebook.com\/lared.larioja","https:\/\/x.com\/laredlarioja1","https:\/\/www.instagram.com\/lared_larioja\/"]},{"@type":"Person","@id":"https:\/\/laredlarioja.com.ar\/sitio\/#\/schema\/person\/8b98ebe852851a8bdc8acd6ec6918de9","name":"Maria De La Vega","sameAs":["http:\/\/laredlarioja.com.ar"],"url":"https:\/\/laredlarioja.com.ar\/sitio\/author\/maru\/"}]}},"featured_image_urls":{"full":["https:\/\/laredlarioja.com.ar\/sitio\/wp-content\/uploads\/2024\/05\/23d19fe6-d9a9-462f-8eb6-f123c1962130_16-9-discover-aspect-ratio_default_0.jpg",1200,675,false],"thumbnail":["https:\/\/laredlarioja.com.ar\/sitio\/wp-content\/uploads\/2024\/05\/23d19fe6-d9a9-462f-8eb6-f123c1962130_16-9-discover-aspect-ratio_default_0-150x150.jpg",150,150,true],"medium":["https:\/\/laredlarioja.com.ar\/sitio\/wp-content\/uploads\/2024\/05\/23d19fe6-d9a9-462f-8eb6-f123c1962130_16-9-discover-aspect-ratio_default_0-300x169.jpg",300,169,true],"medium_large":["https:\/\/laredlarioja.com.ar\/sitio\/wp-content\/uploads\/2024\/05\/23d19fe6-d9a9-462f-8eb6-f123c1962130_16-9-discover-aspect-ratio_default_0-768x432.jpg",640,360,true],"large":["https:\/\/laredlarioja.com.ar\/sitio\/wp-content\/uploads\/2024\/05\/23d19fe6-d9a9-462f-8eb6-f123c1962130_16-9-discover-aspect-ratio_default_0-1024x576.jpg",640,360,true],"1536x1536":["https:\/\/laredlarioja.com.ar\/sitio\/wp-content\/uploads\/2024\/05\/23d19fe6-d9a9-462f-8eb6-f123c1962130_16-9-discover-aspect-ratio_default_0.jpg",1200,675,false],"2048x2048":["https:\/\/laredlarioja.com.ar\/sitio\/wp-content\/uploads\/2024\/05\/23d19fe6-d9a9-462f-8eb6-f123c1962130_16-9-discover-aspect-ratio_default_0.jpg",1200,675,false],"cvmm-medium":["https:\/\/laredlarioja.com.ar\/sitio\/wp-content\/uploads\/2024\/05\/23d19fe6-d9a9-462f-8eb6-f123c1962130_16-9-discover-aspect-ratio_default_0-300x300.jpg",300,300,true],"cvmm-medium-plus":["https:\/\/laredlarioja.com.ar\/sitio\/wp-content\/uploads\/2024\/05\/23d19fe6-d9a9-462f-8eb6-f123c1962130_16-9-discover-aspect-ratio_default_0-305x207.jpg",305,207,true],"cvmm-portrait":["https:\/\/laredlarioja.com.ar\/sitio\/wp-content\/uploads\/2024\/05\/23d19fe6-d9a9-462f-8eb6-f123c1962130_16-9-discover-aspect-ratio_default_0-400x600.jpg",400,600,true],"cvmm-medium-square":["https:\/\/laredlarioja.com.ar\/sitio\/wp-content\/uploads\/2024\/05\/23d19fe6-d9a9-462f-8eb6-f123c1962130_16-9-discover-aspect-ratio_default_0-600x600.jpg",600,600,true],"cvmm-large":["https:\/\/laredlarioja.com.ar\/sitio\/wp-content\/uploads\/2024\/05\/23d19fe6-d9a9-462f-8eb6-f123c1962130_16-9-discover-aspect-ratio_default_0-1024x675.jpg",1024,675,true],"cvmm-small":["https:\/\/laredlarioja.com.ar\/sitio\/wp-content\/uploads\/2024\/05\/23d19fe6-d9a9-462f-8eb6-f123c1962130_16-9-discover-aspect-ratio_default_0-130x95.jpg",130,95,true],"morenews-large":["https:\/\/laredlarioja.com.ar\/sitio\/wp-content\/uploads\/2024\/05\/23d19fe6-d9a9-462f-8eb6-f123c1962130_16-9-discover-aspect-ratio_default_0-825x575.jpg",825,575,true],"morenews-medium":["https:\/\/laredlarioja.com.ar\/sitio\/wp-content\/uploads\/2024\/05\/23d19fe6-d9a9-462f-8eb6-f123c1962130_16-9-discover-aspect-ratio_default_0-590x410.jpg",590,410,true]},"author_info":{"display_name":"Maria De La Vega","author_link":"https:\/\/laredlarioja.com.ar\/sitio\/author\/maru\/"},"category_info":"<a href=\"https:\/\/laredlarioja.com.ar\/sitio\/categorias\/nacionales\/\" rel=\"category tag\">Nacionales<\/a>","tag_info":"Nacionales","comment_count":"0","blog_post_layout_featured_media_urls":{"thumbnail":["https:\/\/laredlarioja.com.ar\/sitio\/wp-content\/uploads\/2024\/05\/23d19fe6-d9a9-462f-8eb6-f123c1962130_16-9-discover-aspect-ratio_default_0-150x150.jpg",150,150,true],"full":["https:\/\/laredlarioja.com.ar\/sitio\/wp-content\/uploads\/2024\/05\/23d19fe6-d9a9-462f-8eb6-f123c1962130_16-9-discover-aspect-ratio_default_0.jpg",1200,675,false]},"categories_names":{"28":{"name":"Nacionales","link":"https:\/\/laredlarioja.com.ar\/sitio\/categorias\/nacionales\/"}},"tags_names":{"84":{"name":"Secundaria","link":"https:\/\/laredlarioja.com.ar\/sitio\/etiquetas\/secundaria\/"}},"comments_number":"0","wpmagazine_modules_lite_featured_media_urls":{"thumbnail":["https:\/\/laredlarioja.com.ar\/sitio\/wp-content\/uploads\/2024\/05\/23d19fe6-d9a9-462f-8eb6-f123c1962130_16-9-discover-aspect-ratio_default_0-150x150.jpg",150,150,true],"cvmm-medium":["https:\/\/laredlarioja.com.ar\/sitio\/wp-content\/uploads\/2024\/05\/23d19fe6-d9a9-462f-8eb6-f123c1962130_16-9-discover-aspect-ratio_default_0-300x300.jpg",300,300,true],"cvmm-medium-plus":["https:\/\/laredlarioja.com.ar\/sitio\/wp-content\/uploads\/2024\/05\/23d19fe6-d9a9-462f-8eb6-f123c1962130_16-9-discover-aspect-ratio_default_0-305x207.jpg",305,207,true],"cvmm-portrait":["https:\/\/laredlarioja.com.ar\/sitio\/wp-content\/uploads\/2024\/05\/23d19fe6-d9a9-462f-8eb6-f123c1962130_16-9-discover-aspect-ratio_default_0-400x600.jpg",400,600,true],"cvmm-medium-square":["https:\/\/laredlarioja.com.ar\/sitio\/wp-content\/uploads\/2024\/05\/23d19fe6-d9a9-462f-8eb6-f123c1962130_16-9-discover-aspect-ratio_default_0-600x600.jpg",600,600,true],"cvmm-large":["https:\/\/laredlarioja.com.ar\/sitio\/wp-content\/uploads\/2024\/05\/23d19fe6-d9a9-462f-8eb6-f123c1962130_16-9-discover-aspect-ratio_default_0-1024x675.jpg",1024,675,true],"cvmm-small":["https:\/\/laredlarioja.com.ar\/sitio\/wp-content\/uploads\/2024\/05\/23d19fe6-d9a9-462f-8eb6-f123c1962130_16-9-discover-aspect-ratio_default_0-130x95.jpg",130,95,true],"full":["https:\/\/laredlarioja.com.ar\/sitio\/wp-content\/uploads\/2024\/05\/23d19fe6-d9a9-462f-8eb6-f123c1962130_16-9-discover-aspect-ratio_default_0.jpg",1200,675,false]},"_links":{"self":[{"href":"https:\/\/laredlarioja.com.ar\/sitio\/wp-json\/wp\/v2\/posts\/76655","targetHints":{"allow":["GET"]}}],"collection":[{"href":"https:\/\/laredlarioja.com.ar\/sitio\/wp-json\/wp\/v2\/posts"}],"about":[{"href":"https:\/\/laredlarioja.com.ar\/sitio\/wp-json\/wp\/v2\/types\/post"}],"author":[{"embeddable":true,"href":"https:\/\/laredlarioja.com.ar\/sitio\/wp-json\/wp\/v2\/users\/13"}],"replies":[{"embeddable":true,"href":"https:\/\/laredlarioja.com.ar\/sitio\/wp-json\/wp\/v2\/comments?post=76655"}],"version-history":[{"count":1,"href":"https:\/\/laredlarioja.com.ar\/sitio\/wp-json\/wp\/v2\/posts\/76655\/revisions"}],"predecessor-version":[{"id":76659,"href":"https:\/\/laredlarioja.com.ar\/sitio\/wp-json\/wp\/v2\/posts\/76655\/revisions\/76659"}],"wp:featuredmedia":[{"embeddable":true,"href":"https:\/\/laredlarioja.com.ar\/sitio\/wp-json\/wp\/v2\/media\/46311"}],"wp:attachment":[{"href":"https:\/\/laredlarioja.com.ar\/sitio\/wp-json\/wp\/v2\/media?parent=76655"}],"wp:term":[{"taxonomy":"category","embeddable":true,"href":"https:\/\/laredlarioja.com.ar\/sitio\/wp-json\/wp\/v2\/categories?post=76655"},{"taxonomy":"post_tag","embeddable":true,"href":"https:\/\/laredlarioja.com.ar\/sitio\/wp-json\/wp\/v2\/tags?post=76655"}],"curies":[{"name":"wp","href":"https:\/\/api.w.org\/{rel}","templated":true}]}}