{"id":76729,"date":"2026-04-08T23:16:40","date_gmt":"2026-04-08T23:16:40","guid":{"rendered":"https:\/\/laredlarioja.com.ar\/sitio\/?p=76729"},"modified":"2026-04-08T23:16:40","modified_gmt":"2026-04-08T23:16:40","slug":"paro-en-el-servicio-meteorologico-nacional-denuncian-240-despidos","status":"publish","type":"post","link":"https:\/\/laredlarioja.com.ar\/sitio\/paro-en-el-servicio-meteorologico-nacional-denuncian-240-despidos\/","title":{"rendered":"Paro en el Servicio Meteorol\u00f3gico Nacional: denuncian 240 despidos"},"content":{"rendered":"<p>Los trabajadores del organismo oficial adem\u00e1s realizar\u00e1n este jueves un abrazo simb\u00f3lico a la sede, ubicada en el barrio de Palermo.<\/p>\n<p>Trabajadores del Servicio Meteorol\u00f3gico Nacional (SMN) iniciaron un paro de actividades en todo el pa\u00eds en rechazo a un plan de despidos que, seg\u00fan denuncian, alcanzar\u00eda a 240 empleados, cerca del 30% del personal civil del organismo.<\/p>\n<p>La medida de fuerza incluye cese de tareas y asambleas permanentes, con epicentro en la Ciudad de Buenos Aires pero con impacto en estaciones meteorol\u00f3gicas de distintas provincias. Seg\u00fan indicaron los trabajadores, la n\u00f3mina de cesant\u00edas ser\u00eda formalizada en los pr\u00f3ximos d\u00edas y afectar\u00eda tanto a personal de la sede central como a empleados distribuidos en todo el pa\u00eds.<\/p>\n<p>Desde los gremios estatales advirtieron que la decisi\u00f3n implicar\u00eda una reducci\u00f3n de m\u00e1s de un tercio de la planta civil, lo que podr\u00eda comprometer el funcionamiento del organismo. \u201cUna medida de esta magnitud pone en riesgo actividades aeron\u00e1uticas y agropecuarias, as\u00ed como la vida y los bienes de todos los argentinos\u201d, se\u00f1alaron en un comunicado difundido en medio del conflicto.<\/p>\n<p>Despidos en el Servicio Meteorol\u00f3gico: qu\u00e9 servicios clave ser\u00edan los principales afectados<br \/>\nEn esa l\u00ednea, remarcaron que el ajuste no se limita a una cuesti\u00f3n administrativa, sino que podr\u00eda afectar servicios clave como los sistemas de alerta temprana, la seguridad a\u00e9rea y la prevenci\u00f3n de desastres naturales.<\/p>\n<p>El SMN cumple un rol central en la elaboraci\u00f3n de pron\u00f3sticos y alertas clim\u00e1ticas, adem\u00e1s de brindar asistencia a sectores estrat\u00e9gicos como la aviaci\u00f3n y el agro.<\/p>\n<p>Actualmente, el organismo cuenta con cerca de 980 empleados, de los cuales unos 780 son civiles, y el recorte proyectado impactar\u00eda principalmente en trabajadores contratados bajo distintas modalidades. Seg\u00fan denunciaron, la reducci\u00f3n de personal podr\u00eda derivar en un \u201ccolapso operativo\u201d si se concreta en los t\u00e9rminos planteados.<\/p>\n<p>De acuerdo con lo que trascendi\u00f3, la lista de despidos habr\u00eda sido una orden del Ministerio de Desregulaci\u00f3n y Transformaci\u00f3n del Estado y elevada al Ministerio de Defensa, del cual depende el organismo.<\/p>\n<p>El conflicto se enmarca en el proceso de ajuste que contin\u00faa el Gobierno nacional en distintas \u00e1reas del Estado desde que lleg\u00f3 al poder, con recortes de personal y revisi\u00f3n de contratos.<\/p>\n<p>Frente a este escenario, los trabajadores se declararon en estado de alerta y movilizaci\u00f3n y no descartan profundizar las medidas de fuerza si se concretan las cesant\u00edas. Adem\u00e1s, reclamaron la apertura de una instancia de di\u00e1logo con las autoridades para evitar el avance del recorte y garantizar la continuidad de un servicio que consideran esencial.<\/p>\n","protected":false},"excerpt":{"rendered":"<p>Los trabajadores del organismo oficial adem\u00e1s realizar\u00e1n este jueves un abrazo simb\u00f3lico a la sede, ubicada en el<\/p>\n","protected":false},"author":7,"featured_media":76730,"comment_status":"closed","ping_status":"open","sticky":false,"template":"","format":"standard","meta":{"footnotes":""},"categories":[28],"tags":[84],"class_list":["post-76729","post","type-post","status-publish","format-standard","has-post-thumbnail","hentry","category-nacionales","tag-secundaria"],"yoast_head":"<!-- This site is optimized with the Yoast SEO plugin v27.4 - https:\/\/yoast.com\/product\/yoast-seo-wordpress\/ -->\n<title>Paro en el Servicio Meteorol\u00f3gico Nacional: denuncian 240 despidos - LA RED 88.3 LA RIOJA<\/title>\n<meta name=\"robots\" content=\"index, follow, max-snippet:-1, max-image-preview:large, max-video-preview:-1\" \/>\n<link rel=\"canonical\" href=\"https:\/\/laredlarioja.com.ar\/sitio\/paro-en-el-servicio-meteorologico-nacional-denuncian-240-despidos\/\" \/>\n<meta property=\"og:locale\" content=\"es_ES\" \/>\n<meta property=\"og:type\" content=\"article\" \/>\n<meta property=\"og:title\" content=\"Paro en el Servicio Meteorol\u00f3gico Nacional: denuncian 240 despidos - LA RED 88.3 LA RIOJA\" \/>\n<meta property=\"og:description\" content=\"Los trabajadores del organismo oficial adem\u00e1s realizar\u00e1n este jueves un abrazo simb\u00f3lico a la sede, ubicada en el\" \/>\n<meta property=\"og:url\" content=\"https:\/\/laredlarioja.com.ar\/sitio\/paro-en-el-servicio-meteorologico-nacional-denuncian-240-despidos\/\" \/>\n<meta property=\"og:site_name\" content=\"LA RED 88.3 LA RIOJA\" \/>\n<meta property=\"article:publisher\" content=\"https:\/\/www.facebook.com\/lared.larioja\" \/>\n<meta property=\"article:published_time\" content=\"2026-04-08T23:16:40+00:00\" \/>\n<meta property=\"og:image\" content=\"https:\/\/laredlarioja.com.ar\/sitio\/wp-content\/uploads\/2026\/04\/05W76wQg3_1256x620__1.jpg\" \/>\n\t<meta property=\"og:image:width\" content=\"1256\" \/>\n\t<meta property=\"og:image:height\" content=\"620\" \/>\n\t<meta property=\"og:image:type\" content=\"image\/jpeg\" \/>\n<meta name=\"author\" content=\"Anabella Soria\" \/>\n<meta name=\"twitter:card\" content=\"summary_large_image\" \/>\n<meta name=\"twitter:creator\" content=\"@laredlarioja1\" \/>\n<meta name=\"twitter:site\" content=\"@laredlarioja1\" \/>\n<meta name=\"twitter:label1\" content=\"Escrito por\" \/>\n\t<meta name=\"twitter:data1\" content=\"Anabella Soria\" \/>\n\t<meta name=\"twitter:label2\" content=\"Tiempo de lectura\" \/>\n\t<meta name=\"twitter:data2\" content=\"3 minutos\" \/>\n<script type=\"application\/ld+json\" class=\"yoast-schema-graph\">{\"@context\":\"https:\\\/\\\/schema.org\",\"@graph\":[{\"@type\":\"Article\",\"@id\":\"https:\\\/\\\/laredlarioja.com.ar\\\/sitio\\\/paro-en-el-servicio-meteorologico-nacional-denuncian-240-despidos\\\/#article\",\"isPartOf\":{\"@id\":\"https:\\\/\\\/laredlarioja.com.ar\\\/sitio\\\/paro-en-el-servicio-meteorologico-nacional-denuncian-240-despidos\\\/\"},\"author\":{\"name\":\"Anabella Soria\",\"@id\":\"https:\\\/\\\/laredlarioja.com.ar\\\/sitio\\\/#\\\/schema\\\/person\\\/31f88059d20c5cf06e974fd895aec56e\"},\"headline\":\"Paro en el Servicio Meteorol\u00f3gico Nacional: denuncian 240 despidos\",\"datePublished\":\"2026-04-08T23:16:40+00:00\",\"mainEntityOfPage\":{\"@id\":\"https:\\\/\\\/laredlarioja.com.ar\\\/sitio\\\/paro-en-el-servicio-meteorologico-nacional-denuncian-240-despidos\\\/\"},\"wordCount\":473,\"publisher\":{\"@id\":\"https:\\\/\\\/laredlarioja.com.ar\\\/sitio\\\/#organization\"},\"image\":{\"@id\":\"https:\\\/\\\/laredlarioja.com.ar\\\/sitio\\\/paro-en-el-servicio-meteorologico-nacional-denuncian-240-despidos\\\/#primaryimage\"},\"thumbnailUrl\":\"https:\\\/\\\/laredlarioja.com.ar\\\/sitio\\\/wp-content\\\/uploads\\\/2026\\\/04\\\/05W76wQg3_1256x620__1.jpg\",\"keywords\":[\"Secundaria\"],\"articleSection\":[\"Nacionales\"],\"inLanguage\":\"es\"},{\"@type\":\"WebPage\",\"@id\":\"https:\\\/\\\/laredlarioja.com.ar\\\/sitio\\\/paro-en-el-servicio-meteorologico-nacional-denuncian-240-despidos\\\/\",\"url\":\"https:\\\/\\\/laredlarioja.com.ar\\\/sitio\\\/paro-en-el-servicio-meteorologico-nacional-denuncian-240-despidos\\\/\",\"name\":\"Paro en el Servicio Meteorol\u00f3gico Nacional: denuncian 240 despidos - LA RED 88.3 LA RIOJA\",\"isPartOf\":{\"@id\":\"https:\\\/\\\/laredlarioja.com.ar\\\/sitio\\\/#website\"},\"primaryImageOfPage\":{\"@id\":\"https:\\\/\\\/laredlarioja.com.ar\\\/sitio\\\/paro-en-el-servicio-meteorologico-nacional-denuncian-240-despidos\\\/#primaryimage\"},\"image\":{\"@id\":\"https:\\\/\\\/laredlarioja.com.ar\\\/sitio\\\/paro-en-el-servicio-meteorologico-nacional-denuncian-240-despidos\\\/#primaryimage\"},\"thumbnailUrl\":\"https:\\\/\\\/laredlarioja.com.ar\\\/sitio\\\/wp-content\\\/uploads\\\/2026\\\/04\\\/05W76wQg3_1256x620__1.jpg\",\"datePublished\":\"2026-04-08T23:16:40+00:00\",\"breadcrumb\":{\"@id\":\"https:\\\/\\\/laredlarioja.com.ar\\\/sitio\\\/paro-en-el-servicio-meteorologico-nacional-denuncian-240-despidos\\\/#breadcrumb\"},\"inLanguage\":\"es\",\"potentialAction\":[{\"@type\":\"ReadAction\",\"target\":[\"https:\\\/\\\/laredlarioja.com.ar\\\/sitio\\\/paro-en-el-servicio-meteorologico-nacional-denuncian-240-despidos\\\/\"]}]},{\"@type\":\"ImageObject\",\"inLanguage\":\"es\",\"@id\":\"https:\\\/\\\/laredlarioja.com.ar\\\/sitio\\\/paro-en-el-servicio-meteorologico-nacional-denuncian-240-despidos\\\/#primaryimage\",\"url\":\"https:\\\/\\\/laredlarioja.com.ar\\\/sitio\\\/wp-content\\\/uploads\\\/2026\\\/04\\\/05W76wQg3_1256x620__1.jpg\",\"contentUrl\":\"https:\\\/\\\/laredlarioja.com.ar\\\/sitio\\\/wp-content\\\/uploads\\\/2026\\\/04\\\/05W76wQg3_1256x620__1.jpg\",\"width\":1256,\"height\":620},{\"@type\":\"BreadcrumbList\",\"@id\":\"https:\\\/\\\/laredlarioja.com.ar\\\/sitio\\\/paro-en-el-servicio-meteorologico-nacional-denuncian-240-despidos\\\/#breadcrumb\",\"itemListElement\":[{\"@type\":\"ListItem\",\"position\":1,\"name\":\"Portada\",\"item\":\"https:\\\/\\\/laredlarioja.com.ar\\\/sitio\\\/\"},{\"@type\":\"ListItem\",\"position\":2,\"name\":\"Paro en el Servicio Meteorol\u00f3gico Nacional: denuncian 240 despidos\"}]},{\"@type\":\"WebSite\",\"@id\":\"https:\\\/\\\/laredlarioja.com.ar\\\/sitio\\\/#website\",\"url\":\"https:\\\/\\\/laredlarioja.com.ar\\\/sitio\\\/\",\"name\":\"LA RED 88.3 LA RIOJA\",\"description\":\"Sitio de Noticias\",\"publisher\":{\"@id\":\"https:\\\/\\\/laredlarioja.com.ar\\\/sitio\\\/#organization\"},\"potentialAction\":[{\"@type\":\"SearchAction\",\"target\":{\"@type\":\"EntryPoint\",\"urlTemplate\":\"https:\\\/\\\/laredlarioja.com.ar\\\/sitio\\\/?s={search_term_string}\"},\"query-input\":{\"@type\":\"PropertyValueSpecification\",\"valueRequired\":true,\"valueName\":\"search_term_string\"}}],\"inLanguage\":\"es\"},{\"@type\":\"Organization\",\"@id\":\"https:\\\/\\\/laredlarioja.com.ar\\\/sitio\\\/#organization\",\"name\":\"LA RED 88.3 LA RIOJA\",\"url\":\"https:\\\/\\\/laredlarioja.com.ar\\\/sitio\\\/\",\"logo\":{\"@type\":\"ImageObject\",\"inLanguage\":\"es\",\"@id\":\"https:\\\/\\\/laredlarioja.com.ar\\\/sitio\\\/#\\\/schema\\\/logo\\\/image\\\/\",\"url\":\"https:\\\/\\\/laredlarioja.com.ar\\\/sitio\\\/wp-content\\\/uploads\\\/2025\\\/05\\\/LOGO-LA-RED.png\",\"contentUrl\":\"https:\\\/\\\/laredlarioja.com.ar\\\/sitio\\\/wp-content\\\/uploads\\\/2025\\\/05\\\/LOGO-LA-RED.png\",\"width\":193,\"height\":340,\"caption\":\"LA RED 88.3 LA RIOJA\"},\"image\":{\"@id\":\"https:\\\/\\\/laredlarioja.com.ar\\\/sitio\\\/#\\\/schema\\\/logo\\\/image\\\/\"},\"sameAs\":[\"https:\\\/\\\/www.facebook.com\\\/lared.larioja\",\"https:\\\/\\\/x.com\\\/laredlarioja1\",\"https:\\\/\\\/www.instagram.com\\\/lared_larioja\\\/\"]},{\"@type\":\"Person\",\"@id\":\"https:\\\/\\\/laredlarioja.com.ar\\\/sitio\\\/#\\\/schema\\\/person\\\/31f88059d20c5cf06e974fd895aec56e\",\"name\":\"Anabella Soria\",\"url\":\"https:\\\/\\\/laredlarioja.com.ar\\\/sitio\\\/author\\\/asoria\\\/\"}]}<\/script>\n<!-- \/ Yoast SEO plugin. -->","yoast_head_json":{"title":"Paro en el Servicio Meteorol\u00f3gico Nacional: denuncian 240 despidos - LA RED 88.3 LA RIOJA","robots":{"index":"index","follow":"follow","max-snippet":"max-snippet:-1","max-image-preview":"max-image-preview:large","max-video-preview":"max-video-preview:-1"},"canonical":"https:\/\/laredlarioja.com.ar\/sitio\/paro-en-el-servicio-meteorologico-nacional-denuncian-240-despidos\/","og_locale":"es_ES","og_type":"article","og_title":"Paro en el Servicio Meteorol\u00f3gico Nacional: denuncian 240 despidos - LA RED 88.3 LA RIOJA","og_description":"Los trabajadores del organismo oficial adem\u00e1s realizar\u00e1n este jueves un abrazo simb\u00f3lico a la sede, ubicada en el","og_url":"https:\/\/laredlarioja.com.ar\/sitio\/paro-en-el-servicio-meteorologico-nacional-denuncian-240-despidos\/","og_site_name":"LA RED 88.3 LA RIOJA","article_publisher":"https:\/\/www.facebook.com\/lared.larioja","article_published_time":"2026-04-08T23:16:40+00:00","og_image":[{"width":1256,"height":620,"url":"https:\/\/laredlarioja.com.ar\/sitio\/wp-content\/uploads\/2026\/04\/05W76wQg3_1256x620__1.jpg","type":"image\/jpeg"}],"author":"Anabella Soria","twitter_card":"summary_large_image","twitter_creator":"@laredlarioja1","twitter_site":"@laredlarioja1","twitter_misc":{"Escrito por":"Anabella Soria","Tiempo de lectura":"3 minutos"},"schema":{"@context":"https:\/\/schema.org","@graph":[{"@type":"Article","@id":"https:\/\/laredlarioja.com.ar\/sitio\/paro-en-el-servicio-meteorologico-nacional-denuncian-240-despidos\/#article","isPartOf":{"@id":"https:\/\/laredlarioja.com.ar\/sitio\/paro-en-el-servicio-meteorologico-nacional-denuncian-240-despidos\/"},"author":{"name":"Anabella Soria","@id":"https:\/\/laredlarioja.com.ar\/sitio\/#\/schema\/person\/31f88059d20c5cf06e974fd895aec56e"},"headline":"Paro en el Servicio Meteorol\u00f3gico Nacional: denuncian 240 despidos","datePublished":"2026-04-08T23:16:40+00:00","mainEntityOfPage":{"@id":"https:\/\/laredlarioja.com.ar\/sitio\/paro-en-el-servicio-meteorologico-nacional-denuncian-240-despidos\/"},"wordCount":473,"publisher":{"@id":"https:\/\/laredlarioja.com.ar\/sitio\/#organization"},"image":{"@id":"https:\/\/laredlarioja.com.ar\/sitio\/paro-en-el-servicio-meteorologico-nacional-denuncian-240-despidos\/#primaryimage"},"thumbnailUrl":"https:\/\/laredlarioja.com.ar\/sitio\/wp-content\/uploads\/2026\/04\/05W76wQg3_1256x620__1.jpg","keywords":["Secundaria"],"articleSection":["Nacionales"],"inLanguage":"es"},{"@type":"WebPage","@id":"https:\/\/laredlarioja.com.ar\/sitio\/paro-en-el-servicio-meteorologico-nacional-denuncian-240-despidos\/","url":"https:\/\/laredlarioja.com.ar\/sitio\/paro-en-el-servicio-meteorologico-nacional-denuncian-240-despidos\/","name":"Paro en el Servicio Meteorol\u00f3gico Nacional: denuncian 240 despidos - LA RED 88.3 LA RIOJA","isPartOf":{"@id":"https:\/\/laredlarioja.com.ar\/sitio\/#website"},"primaryImageOfPage":{"@id":"https:\/\/laredlarioja.com.ar\/sitio\/paro-en-el-servicio-meteorologico-nacional-denuncian-240-despidos\/#primaryimage"},"image":{"@id":"https:\/\/laredlarioja.com.ar\/sitio\/paro-en-el-servicio-meteorologico-nacional-denuncian-240-despidos\/#primaryimage"},"thumbnailUrl":"https:\/\/laredlarioja.com.ar\/sitio\/wp-content\/uploads\/2026\/04\/05W76wQg3_1256x620__1.jpg","datePublished":"2026-04-08T23:16:40+00:00","breadcrumb":{"@id":"https:\/\/laredlarioja.com.ar\/sitio\/paro-en-el-servicio-meteorologico-nacional-denuncian-240-despidos\/#breadcrumb"},"inLanguage":"es","potentialAction":[{"@type":"ReadAction","target":["https:\/\/laredlarioja.com.ar\/sitio\/paro-en-el-servicio-meteorologico-nacional-denuncian-240-despidos\/"]}]},{"@type":"ImageObject","inLanguage":"es","@id":"https:\/\/laredlarioja.com.ar\/sitio\/paro-en-el-servicio-meteorologico-nacional-denuncian-240-despidos\/#primaryimage","url":"https:\/\/laredlarioja.com.ar\/sitio\/wp-content\/uploads\/2026\/04\/05W76wQg3_1256x620__1.jpg","contentUrl":"https:\/\/laredlarioja.com.ar\/sitio\/wp-content\/uploads\/2026\/04\/05W76wQg3_1256x620__1.jpg","width":1256,"height":620},{"@type":"BreadcrumbList","@id":"https:\/\/laredlarioja.com.ar\/sitio\/paro-en-el-servicio-meteorologico-nacional-denuncian-240-despidos\/#breadcrumb","itemListElement":[{"@type":"ListItem","position":1,"name":"Portada","item":"https:\/\/laredlarioja.com.ar\/sitio\/"},{"@type":"ListItem","position":2,"name":"Paro en el Servicio Meteorol\u00f3gico Nacional: denuncian 240 despidos"}]},{"@type":"WebSite","@id":"https:\/\/laredlarioja.com.ar\/sitio\/#website","url":"https:\/\/laredlarioja.com.ar\/sitio\/","name":"LA RED 88.3 LA RIOJA","description":"Sitio de Noticias","publisher":{"@id":"https:\/\/laredlarioja.com.ar\/sitio\/#organization"},"potentialAction":[{"@type":"SearchAction","target":{"@type":"EntryPoint","urlTemplate":"https:\/\/laredlarioja.com.ar\/sitio\/?s={search_term_string}"},"query-input":{"@type":"PropertyValueSpecification","valueRequired":true,"valueName":"search_term_string"}}],"inLanguage":"es"},{"@type":"Organization","@id":"https:\/\/laredlarioja.com.ar\/sitio\/#organization","name":"LA RED 88.3 LA RIOJA","url":"https:\/\/laredlarioja.com.ar\/sitio\/","logo":{"@type":"ImageObject","inLanguage":"es","@id":"https:\/\/laredlarioja.com.ar\/sitio\/#\/schema\/logo\/image\/","url":"https:\/\/laredlarioja.com.ar\/sitio\/wp-content\/uploads\/2025\/05\/LOGO-LA-RED.png","contentUrl":"https:\/\/laredlarioja.com.ar\/sitio\/wp-content\/uploads\/2025\/05\/LOGO-LA-RED.png","width":193,"height":340,"caption":"LA RED 88.3 LA RIOJA"},"image":{"@id":"https:\/\/laredlarioja.com.ar\/sitio\/#\/schema\/logo\/image\/"},"sameAs":["https:\/\/www.facebook.com\/lared.larioja","https:\/\/x.com\/laredlarioja1","https:\/\/www.instagram.com\/lared_larioja\/"]},{"@type":"Person","@id":"https:\/\/laredlarioja.com.ar\/sitio\/#\/schema\/person\/31f88059d20c5cf06e974fd895aec56e","name":"Anabella Soria","url":"https:\/\/laredlarioja.com.ar\/sitio\/author\/asoria\/"}]}},"featured_image_urls":{"full":["https:\/\/laredlarioja.com.ar\/sitio\/wp-content\/uploads\/2026\/04\/05W76wQg3_1256x620__1.jpg",1256,620,false],"thumbnail":["https:\/\/laredlarioja.com.ar\/sitio\/wp-content\/uploads\/2026\/04\/05W76wQg3_1256x620__1-150x150.jpg",150,150,true],"medium":["https:\/\/laredlarioja.com.ar\/sitio\/wp-content\/uploads\/2026\/04\/05W76wQg3_1256x620__1-300x148.jpg",300,148,true],"medium_large":["https:\/\/laredlarioja.com.ar\/sitio\/wp-content\/uploads\/2026\/04\/05W76wQg3_1256x620__1-768x379.jpg",640,316,true],"large":["https:\/\/laredlarioja.com.ar\/sitio\/wp-content\/uploads\/2026\/04\/05W76wQg3_1256x620__1-1024x505.jpg",640,316,true],"1536x1536":["https:\/\/laredlarioja.com.ar\/sitio\/wp-content\/uploads\/2026\/04\/05W76wQg3_1256x620__1.jpg",1256,620,false],"2048x2048":["https:\/\/laredlarioja.com.ar\/sitio\/wp-content\/uploads\/2026\/04\/05W76wQg3_1256x620__1.jpg",1256,620,false],"cvmm-medium":["https:\/\/laredlarioja.com.ar\/sitio\/wp-content\/uploads\/2026\/04\/05W76wQg3_1256x620__1-300x300.jpg",300,300,true],"cvmm-medium-plus":["https:\/\/laredlarioja.com.ar\/sitio\/wp-content\/uploads\/2026\/04\/05W76wQg3_1256x620__1-305x207.jpg",305,207,true],"cvmm-portrait":["https:\/\/laredlarioja.com.ar\/sitio\/wp-content\/uploads\/2026\/04\/05W76wQg3_1256x620__1-400x600.jpg",400,600,true],"cvmm-medium-square":["https:\/\/laredlarioja.com.ar\/sitio\/wp-content\/uploads\/2026\/04\/05W76wQg3_1256x620__1-600x600.jpg",600,600,true],"cvmm-large":["https:\/\/laredlarioja.com.ar\/sitio\/wp-content\/uploads\/2026\/04\/05W76wQg3_1256x620__1-1024x620.jpg",1024,620,true],"cvmm-small":["https:\/\/laredlarioja.com.ar\/sitio\/wp-content\/uploads\/2026\/04\/05W76wQg3_1256x620__1-130x95.jpg",130,95,true],"morenews-large":["https:\/\/laredlarioja.com.ar\/sitio\/wp-content\/uploads\/2026\/04\/05W76wQg3_1256x620__1-825x575.jpg",825,575,true],"morenews-medium":["https:\/\/laredlarioja.com.ar\/sitio\/wp-content\/uploads\/2026\/04\/05W76wQg3_1256x620__1-590x410.jpg",590,410,true]},"author_info":{"display_name":"Anabella Soria","author_link":"https:\/\/laredlarioja.com.ar\/sitio\/author\/asoria\/"},"category_info":"<a href=\"https:\/\/laredlarioja.com.ar\/sitio\/categorias\/nacionales\/\" rel=\"category tag\">Nacionales<\/a>","tag_info":"Nacionales","comment_count":"0","blog_post_layout_featured_media_urls":{"thumbnail":["https:\/\/laredlarioja.com.ar\/sitio\/wp-content\/uploads\/2026\/04\/05W76wQg3_1256x620__1-150x150.jpg",150,150,true],"full":["https:\/\/laredlarioja.com.ar\/sitio\/wp-content\/uploads\/2026\/04\/05W76wQg3_1256x620__1.jpg",1256,620,false]},"categories_names":{"28":{"name":"Nacionales","link":"https:\/\/laredlarioja.com.ar\/sitio\/categorias\/nacionales\/"}},"tags_names":{"84":{"name":"Secundaria","link":"https:\/\/laredlarioja.com.ar\/sitio\/etiquetas\/secundaria\/"}},"comments_number":"0","wpmagazine_modules_lite_featured_media_urls":{"thumbnail":["https:\/\/laredlarioja.com.ar\/sitio\/wp-content\/uploads\/2026\/04\/05W76wQg3_1256x620__1-150x150.jpg",150,150,true],"cvmm-medium":["https:\/\/laredlarioja.com.ar\/sitio\/wp-content\/uploads\/2026\/04\/05W76wQg3_1256x620__1-300x300.jpg",300,300,true],"cvmm-medium-plus":["https:\/\/laredlarioja.com.ar\/sitio\/wp-content\/uploads\/2026\/04\/05W76wQg3_1256x620__1-305x207.jpg",305,207,true],"cvmm-portrait":["https:\/\/laredlarioja.com.ar\/sitio\/wp-content\/uploads\/2026\/04\/05W76wQg3_1256x620__1-400x600.jpg",400,600,true],"cvmm-medium-square":["https:\/\/laredlarioja.com.ar\/sitio\/wp-content\/uploads\/2026\/04\/05W76wQg3_1256x620__1-600x600.jpg",600,600,true],"cvmm-large":["https:\/\/laredlarioja.com.ar\/sitio\/wp-content\/uploads\/2026\/04\/05W76wQg3_1256x620__1-1024x620.jpg",1024,620,true],"cvmm-small":["https:\/\/laredlarioja.com.ar\/sitio\/wp-content\/uploads\/2026\/04\/05W76wQg3_1256x620__1-130x95.jpg",130,95,true],"full":["https:\/\/laredlarioja.com.ar\/sitio\/wp-content\/uploads\/2026\/04\/05W76wQg3_1256x620__1.jpg",1256,620,false]},"_links":{"self":[{"href":"https:\/\/laredlarioja.com.ar\/sitio\/wp-json\/wp\/v2\/posts\/76729","targetHints":{"allow":["GET"]}}],"collection":[{"href":"https:\/\/laredlarioja.com.ar\/sitio\/wp-json\/wp\/v2\/posts"}],"about":[{"href":"https:\/\/laredlarioja.com.ar\/sitio\/wp-json\/wp\/v2\/types\/post"}],"author":[{"embeddable":true,"href":"https:\/\/laredlarioja.com.ar\/sitio\/wp-json\/wp\/v2\/users\/7"}],"replies":[{"embeddable":true,"href":"https:\/\/laredlarioja.com.ar\/sitio\/wp-json\/wp\/v2\/comments?post=76729"}],"version-history":[{"count":1,"href":"https:\/\/laredlarioja.com.ar\/sitio\/wp-json\/wp\/v2\/posts\/76729\/revisions"}],"predecessor-version":[{"id":76731,"href":"https:\/\/laredlarioja.com.ar\/sitio\/wp-json\/wp\/v2\/posts\/76729\/revisions\/76731"}],"wp:featuredmedia":[{"embeddable":true,"href":"https:\/\/laredlarioja.com.ar\/sitio\/wp-json\/wp\/v2\/media\/76730"}],"wp:attachment":[{"href":"https:\/\/laredlarioja.com.ar\/sitio\/wp-json\/wp\/v2\/media?parent=76729"}],"wp:term":[{"taxonomy":"category","embeddable":true,"href":"https:\/\/laredlarioja.com.ar\/sitio\/wp-json\/wp\/v2\/categories?post=76729"},{"taxonomy":"post_tag","embeddable":true,"href":"https:\/\/laredlarioja.com.ar\/sitio\/wp-json\/wp\/v2\/tags?post=76729"}],"curies":[{"name":"wp","href":"https:\/\/api.w.org\/{rel}","templated":true}]}}