{"id":76796,"date":"2026-04-09T21:22:49","date_gmt":"2026-04-09T21:22:49","guid":{"rendered":"https:\/\/laredlarioja.com.ar\/sitio\/?p=76796"},"modified":"2026-04-10T14:34:36","modified_gmt":"2026-04-10T14:34:36","slug":"dos-mujeres-denuncian-intento-de-secuestro-y-la-policia-detienen-a-dos-sospechosos","status":"publish","type":"post","link":"https:\/\/laredlarioja.com.ar\/sitio\/dos-mujeres-denuncian-intento-de-secuestro-y-la-policia-detienen-a-dos-sospechosos\/","title":{"rendered":"Villa Uni\u00f3n: Dos mujeres denuncian intento de secuestro y dos hombres quedaron detenidos"},"content":{"rendered":"<p>Dos hombres mayores de edad, oriundos de Tucum\u00e1n, fueron detenidos en las \u00faltimas horas en el departamento Felipe Varela, acusados de intentar secuestrar a dos mujeres. El 8 de abril el intento fue sobre una menor de edad y el 9, una mujer mayor de edad. Las denuncias fueron radicadas en la Comisar\u00eda de la Mujer de Villa Uni\u00f3n.<\/p>\n<p>Seg\u00fan informaron <strong>fuentes policiales a Radio La Red<\/strong>, la causa se inici\u00f3 a partir de dos denuncias radicadas por las v\u00edctimas en las \u00faltimas horas, quienes primero dieron aviso de lo ocurrido y luego formalizaron la presentaci\u00f3n ante la Justicia. En funci\u00f3n de esos testimonios, se activ\u00f3 un operativo que permiti\u00f3 ubicar y detener a los sospechosos.<\/p>\n<p>De acuerdo a los datos preliminares, los implicados se dedicar\u00edan a la venta ambulante y habr\u00edan utilizado esa modalidad como estrategia para acercarse a las v\u00edctimas. En ese contexto, intentaron \u201ccapturarlas por la fuerza o llevarlas contra su voluntad\u201d, aunque no lograron concretar el hecho.<\/p>\n","protected":false},"excerpt":{"rendered":"<p>Dos hombres mayores de edad, oriundos de Tucum\u00e1n, fueron detenidos en las \u00faltimas horas en el departamento Felipe<\/p>\n","protected":false},"author":13,"featured_media":76797,"comment_status":"closed","ping_status":"open","sticky":false,"template":"","format":"standard","meta":{"footnotes":""},"categories":[24],"tags":[84],"class_list":["post-76796","post","type-post","status-publish","format-standard","has-post-thumbnail","hentry","category-informacion-general","tag-secundaria"],"yoast_head":"<!-- This site is optimized with the Yoast SEO plugin v27.4 - https:\/\/yoast.com\/product\/yoast-seo-wordpress\/ -->\n<title>Villa Uni\u00f3n: Dos mujeres denuncian intento de secuestro y dos hombres quedaron detenidos - LA RED 88.3 LA RIOJA<\/title>\n<meta name=\"robots\" content=\"index, follow, max-snippet:-1, max-image-preview:large, max-video-preview:-1\" \/>\n<link rel=\"canonical\" href=\"https:\/\/laredlarioja.com.ar\/sitio\/dos-mujeres-denuncian-intento-de-secuestro-y-la-policia-detienen-a-dos-sospechosos\/\" \/>\n<meta property=\"og:locale\" content=\"es_ES\" \/>\n<meta property=\"og:type\" content=\"article\" \/>\n<meta property=\"og:title\" content=\"Villa Uni\u00f3n: Dos mujeres denuncian intento de secuestro y dos hombres quedaron detenidos - LA RED 88.3 LA RIOJA\" \/>\n<meta property=\"og:description\" content=\"Dos hombres mayores de edad, oriundos de Tucum\u00e1n, fueron detenidos en las \u00faltimas horas en el departamento Felipe\" \/>\n<meta property=\"og:url\" content=\"https:\/\/laredlarioja.com.ar\/sitio\/dos-mujeres-denuncian-intento-de-secuestro-y-la-policia-detienen-a-dos-sospechosos\/\" \/>\n<meta property=\"og:site_name\" content=\"LA RED 88.3 LA RIOJA\" \/>\n<meta property=\"article:publisher\" content=\"https:\/\/www.facebook.com\/lared.larioja\" \/>\n<meta property=\"article:published_time\" content=\"2026-04-09T21:22:49+00:00\" \/>\n<meta property=\"article:modified_time\" content=\"2026-04-10T14:34:36+00:00\" \/>\n<meta property=\"og:image\" content=\"https:\/\/laredlarioja.com.ar\/sitio\/wp-content\/uploads\/2026\/04\/istockphoto-1334623338-612x612-1.jpg\" \/>\n\t<meta property=\"og:image:width\" content=\"612\" \/>\n\t<meta property=\"og:image:height\" content=\"408\" \/>\n\t<meta property=\"og:image:type\" content=\"image\/jpeg\" \/>\n<meta name=\"author\" content=\"Maria De La Vega\" \/>\n<meta name=\"twitter:card\" content=\"summary_large_image\" \/>\n<meta name=\"twitter:creator\" content=\"@laredlarioja1\" \/>\n<meta name=\"twitter:site\" content=\"@laredlarioja1\" \/>\n<meta name=\"twitter:label1\" content=\"Escrito por\" \/>\n\t<meta name=\"twitter:data1\" content=\"Maria De La Vega\" \/>\n\t<meta name=\"twitter:label2\" content=\"Tiempo de lectura\" \/>\n\t<meta name=\"twitter:data2\" content=\"1 minuto\" \/>\n<script type=\"application\/ld+json\" class=\"yoast-schema-graph\">{\"@context\":\"https:\\\/\\\/schema.org\",\"@graph\":[{\"@type\":\"Article\",\"@id\":\"https:\\\/\\\/laredlarioja.com.ar\\\/sitio\\\/dos-mujeres-denuncian-intento-de-secuestro-y-la-policia-detienen-a-dos-sospechosos\\\/#article\",\"isPartOf\":{\"@id\":\"https:\\\/\\\/laredlarioja.com.ar\\\/sitio\\\/dos-mujeres-denuncian-intento-de-secuestro-y-la-policia-detienen-a-dos-sospechosos\\\/\"},\"author\":{\"name\":\"Maria De La Vega\",\"@id\":\"https:\\\/\\\/laredlarioja.com.ar\\\/sitio\\\/#\\\/schema\\\/person\\\/8b98ebe852851a8bdc8acd6ec6918de9\"},\"headline\":\"Villa Uni\u00f3n: Dos mujeres denuncian intento de secuestro y dos hombres quedaron detenidos\",\"datePublished\":\"2026-04-09T21:22:49+00:00\",\"dateModified\":\"2026-04-10T14:34:36+00:00\",\"mainEntityOfPage\":{\"@id\":\"https:\\\/\\\/laredlarioja.com.ar\\\/sitio\\\/dos-mujeres-denuncian-intento-de-secuestro-y-la-policia-detienen-a-dos-sospechosos\\\/\"},\"wordCount\":183,\"publisher\":{\"@id\":\"https:\\\/\\\/laredlarioja.com.ar\\\/sitio\\\/#organization\"},\"image\":{\"@id\":\"https:\\\/\\\/laredlarioja.com.ar\\\/sitio\\\/dos-mujeres-denuncian-intento-de-secuestro-y-la-policia-detienen-a-dos-sospechosos\\\/#primaryimage\"},\"thumbnailUrl\":\"https:\\\/\\\/laredlarioja.com.ar\\\/sitio\\\/wp-content\\\/uploads\\\/2026\\\/04\\\/istockphoto-1334623338-612x612-1.jpg\",\"keywords\":[\"Secundaria\"],\"articleSection\":[\"Informaci\u00f3n General\"],\"inLanguage\":\"es\"},{\"@type\":\"WebPage\",\"@id\":\"https:\\\/\\\/laredlarioja.com.ar\\\/sitio\\\/dos-mujeres-denuncian-intento-de-secuestro-y-la-policia-detienen-a-dos-sospechosos\\\/\",\"url\":\"https:\\\/\\\/laredlarioja.com.ar\\\/sitio\\\/dos-mujeres-denuncian-intento-de-secuestro-y-la-policia-detienen-a-dos-sospechosos\\\/\",\"name\":\"Villa Uni\u00f3n: Dos mujeres denuncian intento de secuestro y dos hombres quedaron detenidos - LA RED 88.3 LA RIOJA\",\"isPartOf\":{\"@id\":\"https:\\\/\\\/laredlarioja.com.ar\\\/sitio\\\/#website\"},\"primaryImageOfPage\":{\"@id\":\"https:\\\/\\\/laredlarioja.com.ar\\\/sitio\\\/dos-mujeres-denuncian-intento-de-secuestro-y-la-policia-detienen-a-dos-sospechosos\\\/#primaryimage\"},\"image\":{\"@id\":\"https:\\\/\\\/laredlarioja.com.ar\\\/sitio\\\/dos-mujeres-denuncian-intento-de-secuestro-y-la-policia-detienen-a-dos-sospechosos\\\/#primaryimage\"},\"thumbnailUrl\":\"https:\\\/\\\/laredlarioja.com.ar\\\/sitio\\\/wp-content\\\/uploads\\\/2026\\\/04\\\/istockphoto-1334623338-612x612-1.jpg\",\"datePublished\":\"2026-04-09T21:22:49+00:00\",\"dateModified\":\"2026-04-10T14:34:36+00:00\",\"breadcrumb\":{\"@id\":\"https:\\\/\\\/laredlarioja.com.ar\\\/sitio\\\/dos-mujeres-denuncian-intento-de-secuestro-y-la-policia-detienen-a-dos-sospechosos\\\/#breadcrumb\"},\"inLanguage\":\"es\",\"potentialAction\":[{\"@type\":\"ReadAction\",\"target\":[\"https:\\\/\\\/laredlarioja.com.ar\\\/sitio\\\/dos-mujeres-denuncian-intento-de-secuestro-y-la-policia-detienen-a-dos-sospechosos\\\/\"]}]},{\"@type\":\"ImageObject\",\"inLanguage\":\"es\",\"@id\":\"https:\\\/\\\/laredlarioja.com.ar\\\/sitio\\\/dos-mujeres-denuncian-intento-de-secuestro-y-la-policia-detienen-a-dos-sospechosos\\\/#primaryimage\",\"url\":\"https:\\\/\\\/laredlarioja.com.ar\\\/sitio\\\/wp-content\\\/uploads\\\/2026\\\/04\\\/istockphoto-1334623338-612x612-1.jpg\",\"contentUrl\":\"https:\\\/\\\/laredlarioja.com.ar\\\/sitio\\\/wp-content\\\/uploads\\\/2026\\\/04\\\/istockphoto-1334623338-612x612-1.jpg\",\"width\":612,\"height\":408,\"caption\":\"Woman hand sign for stop abusing violence, human trafficking, stop violence against women, Human is not a product. Stop women abuse, Human rights violations.\"},{\"@type\":\"BreadcrumbList\",\"@id\":\"https:\\\/\\\/laredlarioja.com.ar\\\/sitio\\\/dos-mujeres-denuncian-intento-de-secuestro-y-la-policia-detienen-a-dos-sospechosos\\\/#breadcrumb\",\"itemListElement\":[{\"@type\":\"ListItem\",\"position\":1,\"name\":\"Portada\",\"item\":\"https:\\\/\\\/laredlarioja.com.ar\\\/sitio\\\/\"},{\"@type\":\"ListItem\",\"position\":2,\"name\":\"Villa Uni\u00f3n: Dos mujeres denuncian intento de secuestro y dos hombres quedaron detenidos\"}]},{\"@type\":\"WebSite\",\"@id\":\"https:\\\/\\\/laredlarioja.com.ar\\\/sitio\\\/#website\",\"url\":\"https:\\\/\\\/laredlarioja.com.ar\\\/sitio\\\/\",\"name\":\"LA RED 88.3 LA RIOJA\",\"description\":\"Sitio de Noticias\",\"publisher\":{\"@id\":\"https:\\\/\\\/laredlarioja.com.ar\\\/sitio\\\/#organization\"},\"potentialAction\":[{\"@type\":\"SearchAction\",\"target\":{\"@type\":\"EntryPoint\",\"urlTemplate\":\"https:\\\/\\\/laredlarioja.com.ar\\\/sitio\\\/?s={search_term_string}\"},\"query-input\":{\"@type\":\"PropertyValueSpecification\",\"valueRequired\":true,\"valueName\":\"search_term_string\"}}],\"inLanguage\":\"es\"},{\"@type\":\"Organization\",\"@id\":\"https:\\\/\\\/laredlarioja.com.ar\\\/sitio\\\/#organization\",\"name\":\"LA RED 88.3 LA RIOJA\",\"url\":\"https:\\\/\\\/laredlarioja.com.ar\\\/sitio\\\/\",\"logo\":{\"@type\":\"ImageObject\",\"inLanguage\":\"es\",\"@id\":\"https:\\\/\\\/laredlarioja.com.ar\\\/sitio\\\/#\\\/schema\\\/logo\\\/image\\\/\",\"url\":\"https:\\\/\\\/laredlarioja.com.ar\\\/sitio\\\/wp-content\\\/uploads\\\/2025\\\/05\\\/LOGO-LA-RED.png\",\"contentUrl\":\"https:\\\/\\\/laredlarioja.com.ar\\\/sitio\\\/wp-content\\\/uploads\\\/2025\\\/05\\\/LOGO-LA-RED.png\",\"width\":193,\"height\":340,\"caption\":\"LA RED 88.3 LA RIOJA\"},\"image\":{\"@id\":\"https:\\\/\\\/laredlarioja.com.ar\\\/sitio\\\/#\\\/schema\\\/logo\\\/image\\\/\"},\"sameAs\":[\"https:\\\/\\\/www.facebook.com\\\/lared.larioja\",\"https:\\\/\\\/x.com\\\/laredlarioja1\",\"https:\\\/\\\/www.instagram.com\\\/lared_larioja\\\/\"]},{\"@type\":\"Person\",\"@id\":\"https:\\\/\\\/laredlarioja.com.ar\\\/sitio\\\/#\\\/schema\\\/person\\\/8b98ebe852851a8bdc8acd6ec6918de9\",\"name\":\"Maria De La Vega\",\"sameAs\":[\"http:\\\/\\\/laredlarioja.com.ar\"],\"url\":\"https:\\\/\\\/laredlarioja.com.ar\\\/sitio\\\/author\\\/maru\\\/\"}]}<\/script>\n<!-- \/ Yoast SEO plugin. -->","yoast_head_json":{"title":"Villa Uni\u00f3n: Dos mujeres denuncian intento de secuestro y dos hombres quedaron detenidos - LA RED 88.3 LA RIOJA","robots":{"index":"index","follow":"follow","max-snippet":"max-snippet:-1","max-image-preview":"max-image-preview:large","max-video-preview":"max-video-preview:-1"},"canonical":"https:\/\/laredlarioja.com.ar\/sitio\/dos-mujeres-denuncian-intento-de-secuestro-y-la-policia-detienen-a-dos-sospechosos\/","og_locale":"es_ES","og_type":"article","og_title":"Villa Uni\u00f3n: Dos mujeres denuncian intento de secuestro y dos hombres quedaron detenidos - LA RED 88.3 LA RIOJA","og_description":"Dos hombres mayores de edad, oriundos de Tucum\u00e1n, fueron detenidos en las \u00faltimas horas en el departamento Felipe","og_url":"https:\/\/laredlarioja.com.ar\/sitio\/dos-mujeres-denuncian-intento-de-secuestro-y-la-policia-detienen-a-dos-sospechosos\/","og_site_name":"LA RED 88.3 LA RIOJA","article_publisher":"https:\/\/www.facebook.com\/lared.larioja","article_published_time":"2026-04-09T21:22:49+00:00","article_modified_time":"2026-04-10T14:34:36+00:00","og_image":[{"width":612,"height":408,"url":"https:\/\/laredlarioja.com.ar\/sitio\/wp-content\/uploads\/2026\/04\/istockphoto-1334623338-612x612-1.jpg","type":"image\/jpeg"}],"author":"Maria De La Vega","twitter_card":"summary_large_image","twitter_creator":"@laredlarioja1","twitter_site":"@laredlarioja1","twitter_misc":{"Escrito por":"Maria De La Vega","Tiempo de lectura":"1 minuto"},"schema":{"@context":"https:\/\/schema.org","@graph":[{"@type":"Article","@id":"https:\/\/laredlarioja.com.ar\/sitio\/dos-mujeres-denuncian-intento-de-secuestro-y-la-policia-detienen-a-dos-sospechosos\/#article","isPartOf":{"@id":"https:\/\/laredlarioja.com.ar\/sitio\/dos-mujeres-denuncian-intento-de-secuestro-y-la-policia-detienen-a-dos-sospechosos\/"},"author":{"name":"Maria De La Vega","@id":"https:\/\/laredlarioja.com.ar\/sitio\/#\/schema\/person\/8b98ebe852851a8bdc8acd6ec6918de9"},"headline":"Villa Uni\u00f3n: Dos mujeres denuncian intento de secuestro y dos hombres quedaron detenidos","datePublished":"2026-04-09T21:22:49+00:00","dateModified":"2026-04-10T14:34:36+00:00","mainEntityOfPage":{"@id":"https:\/\/laredlarioja.com.ar\/sitio\/dos-mujeres-denuncian-intento-de-secuestro-y-la-policia-detienen-a-dos-sospechosos\/"},"wordCount":183,"publisher":{"@id":"https:\/\/laredlarioja.com.ar\/sitio\/#organization"},"image":{"@id":"https:\/\/laredlarioja.com.ar\/sitio\/dos-mujeres-denuncian-intento-de-secuestro-y-la-policia-detienen-a-dos-sospechosos\/#primaryimage"},"thumbnailUrl":"https:\/\/laredlarioja.com.ar\/sitio\/wp-content\/uploads\/2026\/04\/istockphoto-1334623338-612x612-1.jpg","keywords":["Secundaria"],"articleSection":["Informaci\u00f3n General"],"inLanguage":"es"},{"@type":"WebPage","@id":"https:\/\/laredlarioja.com.ar\/sitio\/dos-mujeres-denuncian-intento-de-secuestro-y-la-policia-detienen-a-dos-sospechosos\/","url":"https:\/\/laredlarioja.com.ar\/sitio\/dos-mujeres-denuncian-intento-de-secuestro-y-la-policia-detienen-a-dos-sospechosos\/","name":"Villa Uni\u00f3n: Dos mujeres denuncian intento de secuestro y dos hombres quedaron detenidos - LA RED 88.3 LA RIOJA","isPartOf":{"@id":"https:\/\/laredlarioja.com.ar\/sitio\/#website"},"primaryImageOfPage":{"@id":"https:\/\/laredlarioja.com.ar\/sitio\/dos-mujeres-denuncian-intento-de-secuestro-y-la-policia-detienen-a-dos-sospechosos\/#primaryimage"},"image":{"@id":"https:\/\/laredlarioja.com.ar\/sitio\/dos-mujeres-denuncian-intento-de-secuestro-y-la-policia-detienen-a-dos-sospechosos\/#primaryimage"},"thumbnailUrl":"https:\/\/laredlarioja.com.ar\/sitio\/wp-content\/uploads\/2026\/04\/istockphoto-1334623338-612x612-1.jpg","datePublished":"2026-04-09T21:22:49+00:00","dateModified":"2026-04-10T14:34:36+00:00","breadcrumb":{"@id":"https:\/\/laredlarioja.com.ar\/sitio\/dos-mujeres-denuncian-intento-de-secuestro-y-la-policia-detienen-a-dos-sospechosos\/#breadcrumb"},"inLanguage":"es","potentialAction":[{"@type":"ReadAction","target":["https:\/\/laredlarioja.com.ar\/sitio\/dos-mujeres-denuncian-intento-de-secuestro-y-la-policia-detienen-a-dos-sospechosos\/"]}]},{"@type":"ImageObject","inLanguage":"es","@id":"https:\/\/laredlarioja.com.ar\/sitio\/dos-mujeres-denuncian-intento-de-secuestro-y-la-policia-detienen-a-dos-sospechosos\/#primaryimage","url":"https:\/\/laredlarioja.com.ar\/sitio\/wp-content\/uploads\/2026\/04\/istockphoto-1334623338-612x612-1.jpg","contentUrl":"https:\/\/laredlarioja.com.ar\/sitio\/wp-content\/uploads\/2026\/04\/istockphoto-1334623338-612x612-1.jpg","width":612,"height":408,"caption":"Woman hand sign for stop abusing violence, human trafficking, stop violence against women, Human is not a product. Stop women abuse, Human rights violations."},{"@type":"BreadcrumbList","@id":"https:\/\/laredlarioja.com.ar\/sitio\/dos-mujeres-denuncian-intento-de-secuestro-y-la-policia-detienen-a-dos-sospechosos\/#breadcrumb","itemListElement":[{"@type":"ListItem","position":1,"name":"Portada","item":"https:\/\/laredlarioja.com.ar\/sitio\/"},{"@type":"ListItem","position":2,"name":"Villa Uni\u00f3n: Dos mujeres denuncian intento de secuestro y dos hombres quedaron detenidos"}]},{"@type":"WebSite","@id":"https:\/\/laredlarioja.com.ar\/sitio\/#website","url":"https:\/\/laredlarioja.com.ar\/sitio\/","name":"LA RED 88.3 LA RIOJA","description":"Sitio de Noticias","publisher":{"@id":"https:\/\/laredlarioja.com.ar\/sitio\/#organization"},"potentialAction":[{"@type":"SearchAction","target":{"@type":"EntryPoint","urlTemplate":"https:\/\/laredlarioja.com.ar\/sitio\/?s={search_term_string}"},"query-input":{"@type":"PropertyValueSpecification","valueRequired":true,"valueName":"search_term_string"}}],"inLanguage":"es"},{"@type":"Organization","@id":"https:\/\/laredlarioja.com.ar\/sitio\/#organization","name":"LA RED 88.3 LA RIOJA","url":"https:\/\/laredlarioja.com.ar\/sitio\/","logo":{"@type":"ImageObject","inLanguage":"es","@id":"https:\/\/laredlarioja.com.ar\/sitio\/#\/schema\/logo\/image\/","url":"https:\/\/laredlarioja.com.ar\/sitio\/wp-content\/uploads\/2025\/05\/LOGO-LA-RED.png","contentUrl":"https:\/\/laredlarioja.com.ar\/sitio\/wp-content\/uploads\/2025\/05\/LOGO-LA-RED.png","width":193,"height":340,"caption":"LA RED 88.3 LA RIOJA"},"image":{"@id":"https:\/\/laredlarioja.com.ar\/sitio\/#\/schema\/logo\/image\/"},"sameAs":["https:\/\/www.facebook.com\/lared.larioja","https:\/\/x.com\/laredlarioja1","https:\/\/www.instagram.com\/lared_larioja\/"]},{"@type":"Person","@id":"https:\/\/laredlarioja.com.ar\/sitio\/#\/schema\/person\/8b98ebe852851a8bdc8acd6ec6918de9","name":"Maria De La Vega","sameAs":["http:\/\/laredlarioja.com.ar"],"url":"https:\/\/laredlarioja.com.ar\/sitio\/author\/maru\/"}]}},"featured_image_urls":{"full":["https:\/\/laredlarioja.com.ar\/sitio\/wp-content\/uploads\/2026\/04\/istockphoto-1334623338-612x612-1.jpg",612,408,false],"thumbnail":["https:\/\/laredlarioja.com.ar\/sitio\/wp-content\/uploads\/2026\/04\/istockphoto-1334623338-612x612-1-150x150.jpg",150,150,true],"medium":["https:\/\/laredlarioja.com.ar\/sitio\/wp-content\/uploads\/2026\/04\/istockphoto-1334623338-612x612-1-300x200.jpg",300,200,true],"medium_large":["https:\/\/laredlarioja.com.ar\/sitio\/wp-content\/uploads\/2026\/04\/istockphoto-1334623338-612x612-1.jpg",612,408,false],"large":["https:\/\/laredlarioja.com.ar\/sitio\/wp-content\/uploads\/2026\/04\/istockphoto-1334623338-612x612-1.jpg",612,408,false],"1536x1536":["https:\/\/laredlarioja.com.ar\/sitio\/wp-content\/uploads\/2026\/04\/istockphoto-1334623338-612x612-1.jpg",612,408,false],"2048x2048":["https:\/\/laredlarioja.com.ar\/sitio\/wp-content\/uploads\/2026\/04\/istockphoto-1334623338-612x612-1.jpg",612,408,false],"cvmm-medium":["https:\/\/laredlarioja.com.ar\/sitio\/wp-content\/uploads\/2026\/04\/istockphoto-1334623338-612x612-1-300x300.jpg",300,300,true],"cvmm-medium-plus":["https:\/\/laredlarioja.com.ar\/sitio\/wp-content\/uploads\/2026\/04\/istockphoto-1334623338-612x612-1-305x207.jpg",305,207,true],"cvmm-portrait":["https:\/\/laredlarioja.com.ar\/sitio\/wp-content\/uploads\/2026\/04\/istockphoto-1334623338-612x612-1-400x408.jpg",400,408,true],"cvmm-medium-square":["https:\/\/laredlarioja.com.ar\/sitio\/wp-content\/uploads\/2026\/04\/istockphoto-1334623338-612x612-1-600x408.jpg",600,408,true],"cvmm-large":["https:\/\/laredlarioja.com.ar\/sitio\/wp-content\/uploads\/2026\/04\/istockphoto-1334623338-612x612-1.jpg",612,408,false],"cvmm-small":["https:\/\/laredlarioja.com.ar\/sitio\/wp-content\/uploads\/2026\/04\/istockphoto-1334623338-612x612-1-130x95.jpg",130,95,true],"morenews-large":["https:\/\/laredlarioja.com.ar\/sitio\/wp-content\/uploads\/2026\/04\/istockphoto-1334623338-612x612-1.jpg",612,408,false],"morenews-medium":["https:\/\/laredlarioja.com.ar\/sitio\/wp-content\/uploads\/2026\/04\/istockphoto-1334623338-612x612-1-590x408.jpg",590,408,true]},"author_info":{"display_name":"Maria De La Vega","author_link":"https:\/\/laredlarioja.com.ar\/sitio\/author\/maru\/"},"category_info":"<a href=\"https:\/\/laredlarioja.com.ar\/sitio\/categorias\/informacion-general\/\" rel=\"category tag\">Informaci\u00f3n General<\/a>","tag_info":"Informaci\u00f3n General","comment_count":"0","blog_post_layout_featured_media_urls":{"thumbnail":["https:\/\/laredlarioja.com.ar\/sitio\/wp-content\/uploads\/2026\/04\/istockphoto-1334623338-612x612-1-150x150.jpg",150,150,true],"full":["https:\/\/laredlarioja.com.ar\/sitio\/wp-content\/uploads\/2026\/04\/istockphoto-1334623338-612x612-1.jpg",612,408,false]},"categories_names":{"24":{"name":"Informaci\u00f3n General","link":"https:\/\/laredlarioja.com.ar\/sitio\/categorias\/informacion-general\/"}},"tags_names":{"84":{"name":"Secundaria","link":"https:\/\/laredlarioja.com.ar\/sitio\/etiquetas\/secundaria\/"}},"comments_number":"0","wpmagazine_modules_lite_featured_media_urls":{"thumbnail":["https:\/\/laredlarioja.com.ar\/sitio\/wp-content\/uploads\/2026\/04\/istockphoto-1334623338-612x612-1-150x150.jpg",150,150,true],"cvmm-medium":["https:\/\/laredlarioja.com.ar\/sitio\/wp-content\/uploads\/2026\/04\/istockphoto-1334623338-612x612-1-300x300.jpg",300,300,true],"cvmm-medium-plus":["https:\/\/laredlarioja.com.ar\/sitio\/wp-content\/uploads\/2026\/04\/istockphoto-1334623338-612x612-1-305x207.jpg",305,207,true],"cvmm-portrait":["https:\/\/laredlarioja.com.ar\/sitio\/wp-content\/uploads\/2026\/04\/istockphoto-1334623338-612x612-1-400x408.jpg",400,408,true],"cvmm-medium-square":["https:\/\/laredlarioja.com.ar\/sitio\/wp-content\/uploads\/2026\/04\/istockphoto-1334623338-612x612-1-600x408.jpg",600,408,true],"cvmm-large":["https:\/\/laredlarioja.com.ar\/sitio\/wp-content\/uploads\/2026\/04\/istockphoto-1334623338-612x612-1.jpg",612,408,false],"cvmm-small":["https:\/\/laredlarioja.com.ar\/sitio\/wp-content\/uploads\/2026\/04\/istockphoto-1334623338-612x612-1-130x95.jpg",130,95,true],"full":["https:\/\/laredlarioja.com.ar\/sitio\/wp-content\/uploads\/2026\/04\/istockphoto-1334623338-612x612-1.jpg",612,408,false]},"_links":{"self":[{"href":"https:\/\/laredlarioja.com.ar\/sitio\/wp-json\/wp\/v2\/posts\/76796","targetHints":{"allow":["GET"]}}],"collection":[{"href":"https:\/\/laredlarioja.com.ar\/sitio\/wp-json\/wp\/v2\/posts"}],"about":[{"href":"https:\/\/laredlarioja.com.ar\/sitio\/wp-json\/wp\/v2\/types\/post"}],"author":[{"embeddable":true,"href":"https:\/\/laredlarioja.com.ar\/sitio\/wp-json\/wp\/v2\/users\/13"}],"replies":[{"embeddable":true,"href":"https:\/\/laredlarioja.com.ar\/sitio\/wp-json\/wp\/v2\/comments?post=76796"}],"version-history":[{"count":7,"href":"https:\/\/laredlarioja.com.ar\/sitio\/wp-json\/wp\/v2\/posts\/76796\/revisions"}],"predecessor-version":[{"id":76831,"href":"https:\/\/laredlarioja.com.ar\/sitio\/wp-json\/wp\/v2\/posts\/76796\/revisions\/76831"}],"wp:featuredmedia":[{"embeddable":true,"href":"https:\/\/laredlarioja.com.ar\/sitio\/wp-json\/wp\/v2\/media\/76797"}],"wp:attachment":[{"href":"https:\/\/laredlarioja.com.ar\/sitio\/wp-json\/wp\/v2\/media?parent=76796"}],"wp:term":[{"taxonomy":"category","embeddable":true,"href":"https:\/\/laredlarioja.com.ar\/sitio\/wp-json\/wp\/v2\/categories?post=76796"},{"taxonomy":"post_tag","embeddable":true,"href":"https:\/\/laredlarioja.com.ar\/sitio\/wp-json\/wp\/v2\/tags?post=76796"}],"curies":[{"name":"wp","href":"https:\/\/api.w.org\/{rel}","templated":true}]}}