{"id":76979,"date":"2026-04-13T22:20:38","date_gmt":"2026-04-13T22:20:38","guid":{"rendered":"https:\/\/laredlarioja.com.ar\/sitio\/?p=76979"},"modified":"2026-04-14T15:51:05","modified_gmt":"2026-04-14T15:51:05","slug":"quintela-mi-rol-es-acercar-posiciones-para-reorganizar-el-peronismo","status":"publish","type":"post","link":"https:\/\/laredlarioja.com.ar\/sitio\/quintela-mi-rol-es-acercar-posiciones-para-reorganizar-el-peronismo\/","title":{"rendered":"Quintela: \u201cMi rol es acercar posiciones para reorganizar el peronismo\u201d"},"content":{"rendered":"<p>El gobernador de La Rioja, Ricardo Quintela, en el marco de la toma de juramento de los nuevos secretarios que se sumaron al gabinete provincial,\u00a0 se refiri\u00f3 a su papel dentro del escenario pol\u00edtico actual y asegur\u00f3 que su objetivo es contribuir al di\u00e1logo y a la construcci\u00f3n de consensos dentro del peronismo y con otros sectores.<\/p>\n<p>\u201cMi rol es de colaborador, de tratar de acercar las partes que hoy tal vez no se puedan poner de acuerdo. Para eso hay que sentarse en una mesa, dialogar, poner sobre la mesa las distintas visiones y llegar a una s\u00edntesis en la que todos estemos representados\u201d, expres\u00f3.<\/p>\n<p>En ese sentido, Quintela descart\u00f3 aspiraciones personales en t\u00e9rminos electorales y remarc\u00f3 que su principal objetivo es la reorganizaci\u00f3n del movimiento justicialista. \u201cNo tengo aspiraciones personales. Mi aspiraci\u00f3n es que el peronismo se pueda reorganizar y vuelva a ser el n\u00facleo que convoque a distintos sectores de la sociedad\u201d, sostuvo.<\/p>\n<p>El mandatario plante\u00f3 adem\u00e1s la necesidad de ampliar la base pol\u00edtica mediante acuerdos con otros espacios, incluyendo sectores de la Uni\u00f3n C\u00edvica Radical, movimientos sociales y centrales obreras. \u201cTenemos que construir un proyecto de pa\u00eds en el que la gente se sienta identificada, contenida, y sepa que hay dirigentes pensando en el bienestar, el crecimiento y el desarrollo de la Argentina\u201d, afirm\u00f3.<\/p>\n<p>Por \u00faltimo, marc\u00f3 diferencias con el rumbo del Gobierno nacional y asegur\u00f3 que el peronismo debe ofrecer una alternativa. \u201cTenemos diferencias profundas con quien hoy conduce los destinos del pa\u00eds. Por eso es necesario construir una propuesta que vuelva a poner al Estado presente para resolver los problemas de nuestra sociedad\u201d, concluy\u00f3.<\/p>\n","protected":false},"excerpt":{"rendered":"<p>El gobernador de La Rioja, Ricardo Quintela, en el marco de la toma de juramento de los nuevos<\/p>\n","protected":false},"author":7,"featured_media":76099,"comment_status":"closed","ping_status":"open","sticky":false,"template":"","format":"standard","meta":{"footnotes":""},"categories":[23],"tags":[132],"class_list":["post-76979","post","type-post","status-publish","format-standard","has-post-thumbnail","hentry","category-politica","tag-secundairas"],"yoast_head":"<!-- This site is optimized with the Yoast SEO plugin v27.4 - https:\/\/yoast.com\/product\/yoast-seo-wordpress\/ -->\n<title>Quintela: \u201cMi rol es acercar posiciones para reorganizar el peronismo\u201d - LA RED 88.3 LA RIOJA<\/title>\n<meta name=\"robots\" content=\"index, follow, max-snippet:-1, max-image-preview:large, max-video-preview:-1\" \/>\n<link rel=\"canonical\" href=\"https:\/\/laredlarioja.com.ar\/sitio\/quintela-mi-rol-es-acercar-posiciones-para-reorganizar-el-peronismo\/\" \/>\n<meta property=\"og:locale\" content=\"es_ES\" \/>\n<meta property=\"og:type\" content=\"article\" \/>\n<meta property=\"og:title\" content=\"Quintela: \u201cMi rol es acercar posiciones para reorganizar el peronismo\u201d - LA RED 88.3 LA RIOJA\" \/>\n<meta property=\"og:description\" content=\"El gobernador de La Rioja, Ricardo Quintela, en el marco de la toma de juramento de los nuevos\" \/>\n<meta property=\"og:url\" content=\"https:\/\/laredlarioja.com.ar\/sitio\/quintela-mi-rol-es-acercar-posiciones-para-reorganizar-el-peronismo\/\" \/>\n<meta property=\"og:site_name\" content=\"LA RED 88.3 LA RIOJA\" \/>\n<meta property=\"article:publisher\" content=\"https:\/\/www.facebook.com\/lared.larioja\" \/>\n<meta property=\"article:published_time\" content=\"2026-04-13T22:20:38+00:00\" \/>\n<meta property=\"article:modified_time\" content=\"2026-04-14T15:51:05+00:00\" \/>\n<meta property=\"og:image\" content=\"https:\/\/laredlarioja.com.ar\/sitio\/wp-content\/uploads\/2026\/03\/uKoh7gxcG_1256x620__1.jpg\" \/>\n\t<meta property=\"og:image:width\" content=\"1256\" \/>\n\t<meta property=\"og:image:height\" content=\"620\" \/>\n\t<meta property=\"og:image:type\" content=\"image\/jpeg\" \/>\n<meta name=\"author\" content=\"Anabella Soria\" \/>\n<meta name=\"twitter:card\" content=\"summary_large_image\" \/>\n<meta name=\"twitter:creator\" content=\"@laredlarioja1\" \/>\n<meta name=\"twitter:site\" content=\"@laredlarioja1\" \/>\n<meta name=\"twitter:label1\" content=\"Escrito por\" \/>\n\t<meta name=\"twitter:data1\" content=\"Anabella Soria\" \/>\n\t<meta name=\"twitter:label2\" content=\"Tiempo de lectura\" \/>\n\t<meta name=\"twitter:data2\" content=\"2 minutos\" \/>\n<script type=\"application\/ld+json\" class=\"yoast-schema-graph\">{\"@context\":\"https:\\\/\\\/schema.org\",\"@graph\":[{\"@type\":\"Article\",\"@id\":\"https:\\\/\\\/laredlarioja.com.ar\\\/sitio\\\/quintela-mi-rol-es-acercar-posiciones-para-reorganizar-el-peronismo\\\/#article\",\"isPartOf\":{\"@id\":\"https:\\\/\\\/laredlarioja.com.ar\\\/sitio\\\/quintela-mi-rol-es-acercar-posiciones-para-reorganizar-el-peronismo\\\/\"},\"author\":{\"name\":\"Anabella Soria\",\"@id\":\"https:\\\/\\\/laredlarioja.com.ar\\\/sitio\\\/#\\\/schema\\\/person\\\/31f88059d20c5cf06e974fd895aec56e\"},\"headline\":\"Quintela: \u201cMi rol es acercar posiciones para reorganizar el peronismo\u201d\",\"datePublished\":\"2026-04-13T22:20:38+00:00\",\"dateModified\":\"2026-04-14T15:51:05+00:00\",\"mainEntityOfPage\":{\"@id\":\"https:\\\/\\\/laredlarioja.com.ar\\\/sitio\\\/quintela-mi-rol-es-acercar-posiciones-para-reorganizar-el-peronismo\\\/\"},\"wordCount\":294,\"publisher\":{\"@id\":\"https:\\\/\\\/laredlarioja.com.ar\\\/sitio\\\/#organization\"},\"image\":{\"@id\":\"https:\\\/\\\/laredlarioja.com.ar\\\/sitio\\\/quintela-mi-rol-es-acercar-posiciones-para-reorganizar-el-peronismo\\\/#primaryimage\"},\"thumbnailUrl\":\"https:\\\/\\\/laredlarioja.com.ar\\\/sitio\\\/wp-content\\\/uploads\\\/2026\\\/03\\\/uKoh7gxcG_1256x620__1.jpg\",\"keywords\":[\"Secundairas\"],\"articleSection\":[\"Pol\u00edtica\"],\"inLanguage\":\"es\"},{\"@type\":\"WebPage\",\"@id\":\"https:\\\/\\\/laredlarioja.com.ar\\\/sitio\\\/quintela-mi-rol-es-acercar-posiciones-para-reorganizar-el-peronismo\\\/\",\"url\":\"https:\\\/\\\/laredlarioja.com.ar\\\/sitio\\\/quintela-mi-rol-es-acercar-posiciones-para-reorganizar-el-peronismo\\\/\",\"name\":\"Quintela: \u201cMi rol es acercar posiciones para reorganizar el peronismo\u201d - LA RED 88.3 LA RIOJA\",\"isPartOf\":{\"@id\":\"https:\\\/\\\/laredlarioja.com.ar\\\/sitio\\\/#website\"},\"primaryImageOfPage\":{\"@id\":\"https:\\\/\\\/laredlarioja.com.ar\\\/sitio\\\/quintela-mi-rol-es-acercar-posiciones-para-reorganizar-el-peronismo\\\/#primaryimage\"},\"image\":{\"@id\":\"https:\\\/\\\/laredlarioja.com.ar\\\/sitio\\\/quintela-mi-rol-es-acercar-posiciones-para-reorganizar-el-peronismo\\\/#primaryimage\"},\"thumbnailUrl\":\"https:\\\/\\\/laredlarioja.com.ar\\\/sitio\\\/wp-content\\\/uploads\\\/2026\\\/03\\\/uKoh7gxcG_1256x620__1.jpg\",\"datePublished\":\"2026-04-13T22:20:38+00:00\",\"dateModified\":\"2026-04-14T15:51:05+00:00\",\"breadcrumb\":{\"@id\":\"https:\\\/\\\/laredlarioja.com.ar\\\/sitio\\\/quintela-mi-rol-es-acercar-posiciones-para-reorganizar-el-peronismo\\\/#breadcrumb\"},\"inLanguage\":\"es\",\"potentialAction\":[{\"@type\":\"ReadAction\",\"target\":[\"https:\\\/\\\/laredlarioja.com.ar\\\/sitio\\\/quintela-mi-rol-es-acercar-posiciones-para-reorganizar-el-peronismo\\\/\"]}]},{\"@type\":\"ImageObject\",\"inLanguage\":\"es\",\"@id\":\"https:\\\/\\\/laredlarioja.com.ar\\\/sitio\\\/quintela-mi-rol-es-acercar-posiciones-para-reorganizar-el-peronismo\\\/#primaryimage\",\"url\":\"https:\\\/\\\/laredlarioja.com.ar\\\/sitio\\\/wp-content\\\/uploads\\\/2026\\\/03\\\/uKoh7gxcG_1256x620__1.jpg\",\"contentUrl\":\"https:\\\/\\\/laredlarioja.com.ar\\\/sitio\\\/wp-content\\\/uploads\\\/2026\\\/03\\\/uKoh7gxcG_1256x620__1.jpg\",\"width\":1256,\"height\":620,\"caption\":\"Marcha apoyo a Cristina Kirchner Ricardo quintela La Campora Foto Federico Lopez Claro\"},{\"@type\":\"BreadcrumbList\",\"@id\":\"https:\\\/\\\/laredlarioja.com.ar\\\/sitio\\\/quintela-mi-rol-es-acercar-posiciones-para-reorganizar-el-peronismo\\\/#breadcrumb\",\"itemListElement\":[{\"@type\":\"ListItem\",\"position\":1,\"name\":\"Portada\",\"item\":\"https:\\\/\\\/laredlarioja.com.ar\\\/sitio\\\/\"},{\"@type\":\"ListItem\",\"position\":2,\"name\":\"Quintela: \u201cMi rol es acercar posiciones para reorganizar el peronismo\u201d\"}]},{\"@type\":\"WebSite\",\"@id\":\"https:\\\/\\\/laredlarioja.com.ar\\\/sitio\\\/#website\",\"url\":\"https:\\\/\\\/laredlarioja.com.ar\\\/sitio\\\/\",\"name\":\"LA RED 88.3 LA RIOJA\",\"description\":\"Sitio de Noticias\",\"publisher\":{\"@id\":\"https:\\\/\\\/laredlarioja.com.ar\\\/sitio\\\/#organization\"},\"potentialAction\":[{\"@type\":\"SearchAction\",\"target\":{\"@type\":\"EntryPoint\",\"urlTemplate\":\"https:\\\/\\\/laredlarioja.com.ar\\\/sitio\\\/?s={search_term_string}\"},\"query-input\":{\"@type\":\"PropertyValueSpecification\",\"valueRequired\":true,\"valueName\":\"search_term_string\"}}],\"inLanguage\":\"es\"},{\"@type\":\"Organization\",\"@id\":\"https:\\\/\\\/laredlarioja.com.ar\\\/sitio\\\/#organization\",\"name\":\"LA RED 88.3 LA RIOJA\",\"url\":\"https:\\\/\\\/laredlarioja.com.ar\\\/sitio\\\/\",\"logo\":{\"@type\":\"ImageObject\",\"inLanguage\":\"es\",\"@id\":\"https:\\\/\\\/laredlarioja.com.ar\\\/sitio\\\/#\\\/schema\\\/logo\\\/image\\\/\",\"url\":\"https:\\\/\\\/laredlarioja.com.ar\\\/sitio\\\/wp-content\\\/uploads\\\/2025\\\/05\\\/LOGO-LA-RED.png\",\"contentUrl\":\"https:\\\/\\\/laredlarioja.com.ar\\\/sitio\\\/wp-content\\\/uploads\\\/2025\\\/05\\\/LOGO-LA-RED.png\",\"width\":193,\"height\":340,\"caption\":\"LA RED 88.3 LA RIOJA\"},\"image\":{\"@id\":\"https:\\\/\\\/laredlarioja.com.ar\\\/sitio\\\/#\\\/schema\\\/logo\\\/image\\\/\"},\"sameAs\":[\"https:\\\/\\\/www.facebook.com\\\/lared.larioja\",\"https:\\\/\\\/x.com\\\/laredlarioja1\",\"https:\\\/\\\/www.instagram.com\\\/lared_larioja\\\/\"]},{\"@type\":\"Person\",\"@id\":\"https:\\\/\\\/laredlarioja.com.ar\\\/sitio\\\/#\\\/schema\\\/person\\\/31f88059d20c5cf06e974fd895aec56e\",\"name\":\"Anabella Soria\",\"url\":\"https:\\\/\\\/laredlarioja.com.ar\\\/sitio\\\/author\\\/asoria\\\/\"}]}<\/script>\n<!-- \/ Yoast SEO plugin. -->","yoast_head_json":{"title":"Quintela: \u201cMi rol es acercar posiciones para reorganizar el peronismo\u201d - LA RED 88.3 LA RIOJA","robots":{"index":"index","follow":"follow","max-snippet":"max-snippet:-1","max-image-preview":"max-image-preview:large","max-video-preview":"max-video-preview:-1"},"canonical":"https:\/\/laredlarioja.com.ar\/sitio\/quintela-mi-rol-es-acercar-posiciones-para-reorganizar-el-peronismo\/","og_locale":"es_ES","og_type":"article","og_title":"Quintela: \u201cMi rol es acercar posiciones para reorganizar el peronismo\u201d - LA RED 88.3 LA RIOJA","og_description":"El gobernador de La Rioja, Ricardo Quintela, en el marco de la toma de juramento de los nuevos","og_url":"https:\/\/laredlarioja.com.ar\/sitio\/quintela-mi-rol-es-acercar-posiciones-para-reorganizar-el-peronismo\/","og_site_name":"LA RED 88.3 LA RIOJA","article_publisher":"https:\/\/www.facebook.com\/lared.larioja","article_published_time":"2026-04-13T22:20:38+00:00","article_modified_time":"2026-04-14T15:51:05+00:00","og_image":[{"width":1256,"height":620,"url":"https:\/\/laredlarioja.com.ar\/sitio\/wp-content\/uploads\/2026\/03\/uKoh7gxcG_1256x620__1.jpg","type":"image\/jpeg"}],"author":"Anabella Soria","twitter_card":"summary_large_image","twitter_creator":"@laredlarioja1","twitter_site":"@laredlarioja1","twitter_misc":{"Escrito por":"Anabella Soria","Tiempo de lectura":"2 minutos"},"schema":{"@context":"https:\/\/schema.org","@graph":[{"@type":"Article","@id":"https:\/\/laredlarioja.com.ar\/sitio\/quintela-mi-rol-es-acercar-posiciones-para-reorganizar-el-peronismo\/#article","isPartOf":{"@id":"https:\/\/laredlarioja.com.ar\/sitio\/quintela-mi-rol-es-acercar-posiciones-para-reorganizar-el-peronismo\/"},"author":{"name":"Anabella Soria","@id":"https:\/\/laredlarioja.com.ar\/sitio\/#\/schema\/person\/31f88059d20c5cf06e974fd895aec56e"},"headline":"Quintela: \u201cMi rol es acercar posiciones para reorganizar el peronismo\u201d","datePublished":"2026-04-13T22:20:38+00:00","dateModified":"2026-04-14T15:51:05+00:00","mainEntityOfPage":{"@id":"https:\/\/laredlarioja.com.ar\/sitio\/quintela-mi-rol-es-acercar-posiciones-para-reorganizar-el-peronismo\/"},"wordCount":294,"publisher":{"@id":"https:\/\/laredlarioja.com.ar\/sitio\/#organization"},"image":{"@id":"https:\/\/laredlarioja.com.ar\/sitio\/quintela-mi-rol-es-acercar-posiciones-para-reorganizar-el-peronismo\/#primaryimage"},"thumbnailUrl":"https:\/\/laredlarioja.com.ar\/sitio\/wp-content\/uploads\/2026\/03\/uKoh7gxcG_1256x620__1.jpg","keywords":["Secundairas"],"articleSection":["Pol\u00edtica"],"inLanguage":"es"},{"@type":"WebPage","@id":"https:\/\/laredlarioja.com.ar\/sitio\/quintela-mi-rol-es-acercar-posiciones-para-reorganizar-el-peronismo\/","url":"https:\/\/laredlarioja.com.ar\/sitio\/quintela-mi-rol-es-acercar-posiciones-para-reorganizar-el-peronismo\/","name":"Quintela: \u201cMi rol es acercar posiciones para reorganizar el peronismo\u201d - LA RED 88.3 LA RIOJA","isPartOf":{"@id":"https:\/\/laredlarioja.com.ar\/sitio\/#website"},"primaryImageOfPage":{"@id":"https:\/\/laredlarioja.com.ar\/sitio\/quintela-mi-rol-es-acercar-posiciones-para-reorganizar-el-peronismo\/#primaryimage"},"image":{"@id":"https:\/\/laredlarioja.com.ar\/sitio\/quintela-mi-rol-es-acercar-posiciones-para-reorganizar-el-peronismo\/#primaryimage"},"thumbnailUrl":"https:\/\/laredlarioja.com.ar\/sitio\/wp-content\/uploads\/2026\/03\/uKoh7gxcG_1256x620__1.jpg","datePublished":"2026-04-13T22:20:38+00:00","dateModified":"2026-04-14T15:51:05+00:00","breadcrumb":{"@id":"https:\/\/laredlarioja.com.ar\/sitio\/quintela-mi-rol-es-acercar-posiciones-para-reorganizar-el-peronismo\/#breadcrumb"},"inLanguage":"es","potentialAction":[{"@type":"ReadAction","target":["https:\/\/laredlarioja.com.ar\/sitio\/quintela-mi-rol-es-acercar-posiciones-para-reorganizar-el-peronismo\/"]}]},{"@type":"ImageObject","inLanguage":"es","@id":"https:\/\/laredlarioja.com.ar\/sitio\/quintela-mi-rol-es-acercar-posiciones-para-reorganizar-el-peronismo\/#primaryimage","url":"https:\/\/laredlarioja.com.ar\/sitio\/wp-content\/uploads\/2026\/03\/uKoh7gxcG_1256x620__1.jpg","contentUrl":"https:\/\/laredlarioja.com.ar\/sitio\/wp-content\/uploads\/2026\/03\/uKoh7gxcG_1256x620__1.jpg","width":1256,"height":620,"caption":"Marcha apoyo a Cristina Kirchner Ricardo quintela La Campora Foto Federico Lopez Claro"},{"@type":"BreadcrumbList","@id":"https:\/\/laredlarioja.com.ar\/sitio\/quintela-mi-rol-es-acercar-posiciones-para-reorganizar-el-peronismo\/#breadcrumb","itemListElement":[{"@type":"ListItem","position":1,"name":"Portada","item":"https:\/\/laredlarioja.com.ar\/sitio\/"},{"@type":"ListItem","position":2,"name":"Quintela: \u201cMi rol es acercar posiciones para reorganizar el peronismo\u201d"}]},{"@type":"WebSite","@id":"https:\/\/laredlarioja.com.ar\/sitio\/#website","url":"https:\/\/laredlarioja.com.ar\/sitio\/","name":"LA RED 88.3 LA RIOJA","description":"Sitio de Noticias","publisher":{"@id":"https:\/\/laredlarioja.com.ar\/sitio\/#organization"},"potentialAction":[{"@type":"SearchAction","target":{"@type":"EntryPoint","urlTemplate":"https:\/\/laredlarioja.com.ar\/sitio\/?s={search_term_string}"},"query-input":{"@type":"PropertyValueSpecification","valueRequired":true,"valueName":"search_term_string"}}],"inLanguage":"es"},{"@type":"Organization","@id":"https:\/\/laredlarioja.com.ar\/sitio\/#organization","name":"LA RED 88.3 LA RIOJA","url":"https:\/\/laredlarioja.com.ar\/sitio\/","logo":{"@type":"ImageObject","inLanguage":"es","@id":"https:\/\/laredlarioja.com.ar\/sitio\/#\/schema\/logo\/image\/","url":"https:\/\/laredlarioja.com.ar\/sitio\/wp-content\/uploads\/2025\/05\/LOGO-LA-RED.png","contentUrl":"https:\/\/laredlarioja.com.ar\/sitio\/wp-content\/uploads\/2025\/05\/LOGO-LA-RED.png","width":193,"height":340,"caption":"LA RED 88.3 LA RIOJA"},"image":{"@id":"https:\/\/laredlarioja.com.ar\/sitio\/#\/schema\/logo\/image\/"},"sameAs":["https:\/\/www.facebook.com\/lared.larioja","https:\/\/x.com\/laredlarioja1","https:\/\/www.instagram.com\/lared_larioja\/"]},{"@type":"Person","@id":"https:\/\/laredlarioja.com.ar\/sitio\/#\/schema\/person\/31f88059d20c5cf06e974fd895aec56e","name":"Anabella Soria","url":"https:\/\/laredlarioja.com.ar\/sitio\/author\/asoria\/"}]}},"featured_image_urls":{"full":["https:\/\/laredlarioja.com.ar\/sitio\/wp-content\/uploads\/2026\/03\/uKoh7gxcG_1256x620__1.jpg",1256,620,false],"thumbnail":["https:\/\/laredlarioja.com.ar\/sitio\/wp-content\/uploads\/2026\/03\/uKoh7gxcG_1256x620__1-150x150.jpg",150,150,true],"medium":["https:\/\/laredlarioja.com.ar\/sitio\/wp-content\/uploads\/2026\/03\/uKoh7gxcG_1256x620__1-300x148.jpg",300,148,true],"medium_large":["https:\/\/laredlarioja.com.ar\/sitio\/wp-content\/uploads\/2026\/03\/uKoh7gxcG_1256x620__1-768x379.jpg",640,316,true],"large":["https:\/\/laredlarioja.com.ar\/sitio\/wp-content\/uploads\/2026\/03\/uKoh7gxcG_1256x620__1-1024x505.jpg",640,316,true],"1536x1536":["https:\/\/laredlarioja.com.ar\/sitio\/wp-content\/uploads\/2026\/03\/uKoh7gxcG_1256x620__1.jpg",1256,620,false],"2048x2048":["https:\/\/laredlarioja.com.ar\/sitio\/wp-content\/uploads\/2026\/03\/uKoh7gxcG_1256x620__1.jpg",1256,620,false],"cvmm-medium":["https:\/\/laredlarioja.com.ar\/sitio\/wp-content\/uploads\/2026\/03\/uKoh7gxcG_1256x620__1-300x300.jpg",300,300,true],"cvmm-medium-plus":["https:\/\/laredlarioja.com.ar\/sitio\/wp-content\/uploads\/2026\/03\/uKoh7gxcG_1256x620__1-305x207.jpg",305,207,true],"cvmm-portrait":["https:\/\/laredlarioja.com.ar\/sitio\/wp-content\/uploads\/2026\/03\/uKoh7gxcG_1256x620__1-400x600.jpg",400,600,true],"cvmm-medium-square":["https:\/\/laredlarioja.com.ar\/sitio\/wp-content\/uploads\/2026\/03\/uKoh7gxcG_1256x620__1-600x600.jpg",600,600,true],"cvmm-large":["https:\/\/laredlarioja.com.ar\/sitio\/wp-content\/uploads\/2026\/03\/uKoh7gxcG_1256x620__1-1024x620.jpg",1024,620,true],"cvmm-small":["https:\/\/laredlarioja.com.ar\/sitio\/wp-content\/uploads\/2026\/03\/uKoh7gxcG_1256x620__1-130x95.jpg",130,95,true],"morenews-large":["https:\/\/laredlarioja.com.ar\/sitio\/wp-content\/uploads\/2026\/03\/uKoh7gxcG_1256x620__1-825x575.jpg",825,575,true],"morenews-medium":["https:\/\/laredlarioja.com.ar\/sitio\/wp-content\/uploads\/2026\/03\/uKoh7gxcG_1256x620__1-590x410.jpg",590,410,true]},"author_info":{"display_name":"Anabella Soria","author_link":"https:\/\/laredlarioja.com.ar\/sitio\/author\/asoria\/"},"category_info":"<a href=\"https:\/\/laredlarioja.com.ar\/sitio\/categorias\/politica\/\" rel=\"category tag\">Pol\u00edtica<\/a>","tag_info":"Pol\u00edtica","comment_count":"0","blog_post_layout_featured_media_urls":{"thumbnail":["https:\/\/laredlarioja.com.ar\/sitio\/wp-content\/uploads\/2026\/03\/uKoh7gxcG_1256x620__1-150x150.jpg",150,150,true],"full":["https:\/\/laredlarioja.com.ar\/sitio\/wp-content\/uploads\/2026\/03\/uKoh7gxcG_1256x620__1.jpg",1256,620,false]},"categories_names":{"23":{"name":"Pol\u00edtica","link":"https:\/\/laredlarioja.com.ar\/sitio\/categorias\/politica\/"}},"tags_names":{"132":{"name":"Secundairas","link":"https:\/\/laredlarioja.com.ar\/sitio\/etiquetas\/secundairas\/"}},"comments_number":"0","wpmagazine_modules_lite_featured_media_urls":{"thumbnail":["https:\/\/laredlarioja.com.ar\/sitio\/wp-content\/uploads\/2026\/03\/uKoh7gxcG_1256x620__1-150x150.jpg",150,150,true],"cvmm-medium":["https:\/\/laredlarioja.com.ar\/sitio\/wp-content\/uploads\/2026\/03\/uKoh7gxcG_1256x620__1-300x300.jpg",300,300,true],"cvmm-medium-plus":["https:\/\/laredlarioja.com.ar\/sitio\/wp-content\/uploads\/2026\/03\/uKoh7gxcG_1256x620__1-305x207.jpg",305,207,true],"cvmm-portrait":["https:\/\/laredlarioja.com.ar\/sitio\/wp-content\/uploads\/2026\/03\/uKoh7gxcG_1256x620__1-400x600.jpg",400,600,true],"cvmm-medium-square":["https:\/\/laredlarioja.com.ar\/sitio\/wp-content\/uploads\/2026\/03\/uKoh7gxcG_1256x620__1-600x600.jpg",600,600,true],"cvmm-large":["https:\/\/laredlarioja.com.ar\/sitio\/wp-content\/uploads\/2026\/03\/uKoh7gxcG_1256x620__1-1024x620.jpg",1024,620,true],"cvmm-small":["https:\/\/laredlarioja.com.ar\/sitio\/wp-content\/uploads\/2026\/03\/uKoh7gxcG_1256x620__1-130x95.jpg",130,95,true],"full":["https:\/\/laredlarioja.com.ar\/sitio\/wp-content\/uploads\/2026\/03\/uKoh7gxcG_1256x620__1.jpg",1256,620,false]},"_links":{"self":[{"href":"https:\/\/laredlarioja.com.ar\/sitio\/wp-json\/wp\/v2\/posts\/76979","targetHints":{"allow":["GET"]}}],"collection":[{"href":"https:\/\/laredlarioja.com.ar\/sitio\/wp-json\/wp\/v2\/posts"}],"about":[{"href":"https:\/\/laredlarioja.com.ar\/sitio\/wp-json\/wp\/v2\/types\/post"}],"author":[{"embeddable":true,"href":"https:\/\/laredlarioja.com.ar\/sitio\/wp-json\/wp\/v2\/users\/7"}],"replies":[{"embeddable":true,"href":"https:\/\/laredlarioja.com.ar\/sitio\/wp-json\/wp\/v2\/comments?post=76979"}],"version-history":[{"count":1,"href":"https:\/\/laredlarioja.com.ar\/sitio\/wp-json\/wp\/v2\/posts\/76979\/revisions"}],"predecessor-version":[{"id":76980,"href":"https:\/\/laredlarioja.com.ar\/sitio\/wp-json\/wp\/v2\/posts\/76979\/revisions\/76980"}],"wp:featuredmedia":[{"embeddable":true,"href":"https:\/\/laredlarioja.com.ar\/sitio\/wp-json\/wp\/v2\/media\/76099"}],"wp:attachment":[{"href":"https:\/\/laredlarioja.com.ar\/sitio\/wp-json\/wp\/v2\/media?parent=76979"}],"wp:term":[{"taxonomy":"category","embeddable":true,"href":"https:\/\/laredlarioja.com.ar\/sitio\/wp-json\/wp\/v2\/categories?post=76979"},{"taxonomy":"post_tag","embeddable":true,"href":"https:\/\/laredlarioja.com.ar\/sitio\/wp-json\/wp\/v2\/tags?post=76979"}],"curies":[{"name":"wp","href":"https:\/\/api.w.org\/{rel}","templated":true}]}}