{"id":77273,"date":"2026-04-21T01:46:37","date_gmt":"2026-04-21T01:46:37","guid":{"rendered":"https:\/\/laredlarioja.com.ar\/sitio\/?p=77273"},"modified":"2026-04-21T14:20:50","modified_gmt":"2026-04-21T14:20:50","slug":"un-muerto-y-dos-heridos-tras-un-choque-entre-una-camioneta-y-dos-motos","status":"publish","type":"post","link":"https:\/\/laredlarioja.com.ar\/sitio\/un-muerto-y-dos-heridos-tras-un-choque-entre-una-camioneta-y-dos-motos\/","title":{"rendered":"Un muerto y dos heridos tras un choque entre una camioneta y dos motos"},"content":{"rendered":"<p data-path-to-node=\"2\">Un grave siniestro vial se registr\u00f3 la noche de este lunes 20 de abril sobre la <b data-path-to-node=\"2\" data-index-in-node=\"92\">Ruta Nacional N\u00b0 38<\/b>, dejando como saldo una v\u00edctima fatal y dos personas con heridas de consideraci\u00f3n. El hecho ocurri\u00f3 alrededor de las 21:30 horas, aproximadamente a 20 kil\u00f3metros del Puesto Policial N\u00famero Dos.<\/p>\n<p data-path-to-node=\"4\">De acuerdo al informe del Departamento de Accidentes Viales de la Unidad Regional IV, el choque fue protagonizado por una camioneta <b data-path-to-node=\"4\" data-index-in-node=\"132\">Toyota Hilux<\/b> color bord\u00f3 y dos motocicletas. El veh\u00edculo mayor, conducido por <b data-path-to-node=\"4\" data-index-in-node=\"210\">Mario \u00c1ngel Vega (68)<\/b>, oriundo de Caleta Olivia (Santa Cruz), circulaba en sentido Norte a Sur acompa\u00f1ado por su esposa, <b data-path-to-node=\"4\" data-index-in-node=\"331\">Aidee Gladys Casas (65)<\/b>.<\/p>\n<p data-path-to-node=\"5\">Por razones que a\u00fan son materia de investigaci\u00f3n, la camioneta colision\u00f3 por alcance (desde atr\u00e1s) a dos motocicletas que circulaban en su mismo sentido. Seg\u00fan las primeras pericias informadas por el Oficial Subinspector C\u00e9spedes de la Comisar\u00eda Quinta, <b data-path-to-node=\"5\" data-index-in-node=\"254\">uno de los rodados menores aparentemente llevaba \u00abde tiro\u00bb al otro<\/b> al momento del impacto.<\/p>\n<p data-path-to-node=\"7\">Como consecuencia de la colisi\u00f3n, se confirm\u00f3 el fallecimiento en el lugar de <b data-path-to-node=\"7\" data-index-in-node=\"78\">Maximiliano Ad\u00e1n Guzm\u00e1n (26)<\/b>, quien conduc\u00eda una motocicleta Motomel 150 c.c. El joven, con domicilio en el Barrio Santa Catalina, fue identificado como el occiso del siniestro.<\/p>\n<p data-path-to-node=\"8\">En la otra motocicleta involucrada, una Brava 110 c.c., se desplazaban <b data-path-to-node=\"8\" data-index-in-node=\"71\">Santiago Alexis Guzm\u00e1n (28)<\/b> y <b data-path-to-node=\"8\" data-index-in-node=\"101\">Clara L\u00f3pez<\/b>, ambos con domicilio en la zona sur de la ciudad capital. Debido a las lesiones sufridas, ambos fueron asistidos y trasladados de urgencia para recibir atenci\u00f3n m\u00e9dica.<\/p>\n<p data-path-to-node=\"10\">En el lugar trabaj\u00f3 personal de la jurisdicci\u00f3n y especialistas en accidentolog\u00eda vial para determinar las causas exactas del siniestro. Los ocupantes de la camioneta, en tanto, no habr\u00edan sufrido heridas de gravedad. La causa qued\u00f3 bajo la \u00f3rbita de las autoridades judiciales correspondientes para el inicio de las diligencias procesales de rigor.<\/p>\n","protected":false},"excerpt":{"rendered":"<p>Un grave siniestro vial se registr\u00f3 la noche de este lunes 20 de abril sobre la Ruta Nacional<\/p>\n","protected":false},"author":10,"featured_media":77281,"comment_status":"closed","ping_status":"open","sticky":false,"template":"","format":"standard","meta":{"footnotes":""},"categories":[94],"tags":[],"class_list":["post-77273","post","type-post","status-publish","format-standard","has-post-thumbnail","hentry","category-locales"],"yoast_head":"<!-- This site is optimized with the Yoast SEO plugin v27.4 - https:\/\/yoast.com\/product\/yoast-seo-wordpress\/ -->\n<title>Un muerto y dos heridos tras un choque entre una camioneta y dos motos - LA RED 88.3 LA RIOJA<\/title>\n<meta name=\"robots\" content=\"index, follow, max-snippet:-1, max-image-preview:large, max-video-preview:-1\" \/>\n<link rel=\"canonical\" href=\"https:\/\/laredlarioja.com.ar\/sitio\/un-muerto-y-dos-heridos-tras-un-choque-entre-una-camioneta-y-dos-motos\/\" \/>\n<meta property=\"og:locale\" content=\"es_ES\" \/>\n<meta property=\"og:type\" content=\"article\" \/>\n<meta property=\"og:title\" content=\"Un muerto y dos heridos tras un choque entre una camioneta y dos motos - LA RED 88.3 LA RIOJA\" \/>\n<meta property=\"og:description\" content=\"Un grave siniestro vial se registr\u00f3 la noche de este lunes 20 de abril sobre la Ruta Nacional\" \/>\n<meta property=\"og:url\" content=\"https:\/\/laredlarioja.com.ar\/sitio\/un-muerto-y-dos-heridos-tras-un-choque-entre-una-camioneta-y-dos-motos\/\" \/>\n<meta property=\"og:site_name\" content=\"LA RED 88.3 LA RIOJA\" \/>\n<meta property=\"article:publisher\" content=\"https:\/\/www.facebook.com\/lared.larioja\" \/>\n<meta property=\"article:published_time\" content=\"2026-04-21T01:46:37+00:00\" \/>\n<meta property=\"article:modified_time\" content=\"2026-04-21T14:20:50+00:00\" \/>\n<meta property=\"og:image\" content=\"https:\/\/laredlarioja.com.ar\/sitio\/wp-content\/uploads\/2026\/04\/WhatsApp-Image-2026-04-20-at-23.01.10-e1776774369235.jpeg\" \/>\n\t<meta property=\"og:image:width\" content=\"898\" \/>\n\t<meta property=\"og:image:height\" content=\"893\" \/>\n\t<meta property=\"og:image:type\" content=\"image\/jpeg\" \/>\n<meta name=\"author\" content=\"La Red\" \/>\n<meta name=\"twitter:card\" content=\"summary_large_image\" \/>\n<meta name=\"twitter:creator\" content=\"@laredlarioja1\" \/>\n<meta name=\"twitter:site\" content=\"@laredlarioja1\" \/>\n<meta name=\"twitter:label1\" content=\"Escrito por\" \/>\n\t<meta name=\"twitter:data1\" content=\"La Red\" \/>\n\t<meta name=\"twitter:label2\" content=\"Tiempo de lectura\" \/>\n\t<meta name=\"twitter:data2\" content=\"2 minutos\" \/>\n<script type=\"application\/ld+json\" class=\"yoast-schema-graph\">{\"@context\":\"https:\\\/\\\/schema.org\",\"@graph\":[{\"@type\":\"Article\",\"@id\":\"https:\\\/\\\/laredlarioja.com.ar\\\/sitio\\\/un-muerto-y-dos-heridos-tras-un-choque-entre-una-camioneta-y-dos-motos\\\/#article\",\"isPartOf\":{\"@id\":\"https:\\\/\\\/laredlarioja.com.ar\\\/sitio\\\/un-muerto-y-dos-heridos-tras-un-choque-entre-una-camioneta-y-dos-motos\\\/\"},\"author\":{\"name\":\"La Red\",\"@id\":\"https:\\\/\\\/laredlarioja.com.ar\\\/sitio\\\/#\\\/schema\\\/person\\\/f1e213867beccedaaa4fb548d9259d9a\"},\"headline\":\"Un muerto y dos heridos tras un choque entre una camioneta y dos motos\",\"datePublished\":\"2026-04-21T01:46:37+00:00\",\"dateModified\":\"2026-04-21T14:20:50+00:00\",\"mainEntityOfPage\":{\"@id\":\"https:\\\/\\\/laredlarioja.com.ar\\\/sitio\\\/un-muerto-y-dos-heridos-tras-un-choque-entre-una-camioneta-y-dos-motos\\\/\"},\"wordCount\":327,\"publisher\":{\"@id\":\"https:\\\/\\\/laredlarioja.com.ar\\\/sitio\\\/#organization\"},\"image\":{\"@id\":\"https:\\\/\\\/laredlarioja.com.ar\\\/sitio\\\/un-muerto-y-dos-heridos-tras-un-choque-entre-una-camioneta-y-dos-motos\\\/#primaryimage\"},\"thumbnailUrl\":\"https:\\\/\\\/laredlarioja.com.ar\\\/sitio\\\/wp-content\\\/uploads\\\/2026\\\/04\\\/WhatsApp-Image-2026-04-20-at-23.01.10-e1776774369235.jpeg\",\"articleSection\":[\"Locales\"],\"inLanguage\":\"es\"},{\"@type\":\"WebPage\",\"@id\":\"https:\\\/\\\/laredlarioja.com.ar\\\/sitio\\\/un-muerto-y-dos-heridos-tras-un-choque-entre-una-camioneta-y-dos-motos\\\/\",\"url\":\"https:\\\/\\\/laredlarioja.com.ar\\\/sitio\\\/un-muerto-y-dos-heridos-tras-un-choque-entre-una-camioneta-y-dos-motos\\\/\",\"name\":\"Un muerto y dos heridos tras un choque entre una camioneta y dos motos - LA RED 88.3 LA RIOJA\",\"isPartOf\":{\"@id\":\"https:\\\/\\\/laredlarioja.com.ar\\\/sitio\\\/#website\"},\"primaryImageOfPage\":{\"@id\":\"https:\\\/\\\/laredlarioja.com.ar\\\/sitio\\\/un-muerto-y-dos-heridos-tras-un-choque-entre-una-camioneta-y-dos-motos\\\/#primaryimage\"},\"image\":{\"@id\":\"https:\\\/\\\/laredlarioja.com.ar\\\/sitio\\\/un-muerto-y-dos-heridos-tras-un-choque-entre-una-camioneta-y-dos-motos\\\/#primaryimage\"},\"thumbnailUrl\":\"https:\\\/\\\/laredlarioja.com.ar\\\/sitio\\\/wp-content\\\/uploads\\\/2026\\\/04\\\/WhatsApp-Image-2026-04-20-at-23.01.10-e1776774369235.jpeg\",\"datePublished\":\"2026-04-21T01:46:37+00:00\",\"dateModified\":\"2026-04-21T14:20:50+00:00\",\"breadcrumb\":{\"@id\":\"https:\\\/\\\/laredlarioja.com.ar\\\/sitio\\\/un-muerto-y-dos-heridos-tras-un-choque-entre-una-camioneta-y-dos-motos\\\/#breadcrumb\"},\"inLanguage\":\"es\",\"potentialAction\":[{\"@type\":\"ReadAction\",\"target\":[\"https:\\\/\\\/laredlarioja.com.ar\\\/sitio\\\/un-muerto-y-dos-heridos-tras-un-choque-entre-una-camioneta-y-dos-motos\\\/\"]}]},{\"@type\":\"ImageObject\",\"inLanguage\":\"es\",\"@id\":\"https:\\\/\\\/laredlarioja.com.ar\\\/sitio\\\/un-muerto-y-dos-heridos-tras-un-choque-entre-una-camioneta-y-dos-motos\\\/#primaryimage\",\"url\":\"https:\\\/\\\/laredlarioja.com.ar\\\/sitio\\\/wp-content\\\/uploads\\\/2026\\\/04\\\/WhatsApp-Image-2026-04-20-at-23.01.10-e1776774369235.jpeg\",\"contentUrl\":\"https:\\\/\\\/laredlarioja.com.ar\\\/sitio\\\/wp-content\\\/uploads\\\/2026\\\/04\\\/WhatsApp-Image-2026-04-20-at-23.01.10-e1776774369235.jpeg\",\"width\":898,\"height\":893},{\"@type\":\"BreadcrumbList\",\"@id\":\"https:\\\/\\\/laredlarioja.com.ar\\\/sitio\\\/un-muerto-y-dos-heridos-tras-un-choque-entre-una-camioneta-y-dos-motos\\\/#breadcrumb\",\"itemListElement\":[{\"@type\":\"ListItem\",\"position\":1,\"name\":\"Portada\",\"item\":\"https:\\\/\\\/laredlarioja.com.ar\\\/sitio\\\/\"},{\"@type\":\"ListItem\",\"position\":2,\"name\":\"Un muerto y dos heridos tras un choque entre una camioneta y dos motos\"}]},{\"@type\":\"WebSite\",\"@id\":\"https:\\\/\\\/laredlarioja.com.ar\\\/sitio\\\/#website\",\"url\":\"https:\\\/\\\/laredlarioja.com.ar\\\/sitio\\\/\",\"name\":\"LA RED 88.3 LA RIOJA\",\"description\":\"Sitio de Noticias\",\"publisher\":{\"@id\":\"https:\\\/\\\/laredlarioja.com.ar\\\/sitio\\\/#organization\"},\"potentialAction\":[{\"@type\":\"SearchAction\",\"target\":{\"@type\":\"EntryPoint\",\"urlTemplate\":\"https:\\\/\\\/laredlarioja.com.ar\\\/sitio\\\/?s={search_term_string}\"},\"query-input\":{\"@type\":\"PropertyValueSpecification\",\"valueRequired\":true,\"valueName\":\"search_term_string\"}}],\"inLanguage\":\"es\"},{\"@type\":\"Organization\",\"@id\":\"https:\\\/\\\/laredlarioja.com.ar\\\/sitio\\\/#organization\",\"name\":\"LA RED 88.3 LA RIOJA\",\"url\":\"https:\\\/\\\/laredlarioja.com.ar\\\/sitio\\\/\",\"logo\":{\"@type\":\"ImageObject\",\"inLanguage\":\"es\",\"@id\":\"https:\\\/\\\/laredlarioja.com.ar\\\/sitio\\\/#\\\/schema\\\/logo\\\/image\\\/\",\"url\":\"https:\\\/\\\/laredlarioja.com.ar\\\/sitio\\\/wp-content\\\/uploads\\\/2025\\\/05\\\/LOGO-LA-RED.png\",\"contentUrl\":\"https:\\\/\\\/laredlarioja.com.ar\\\/sitio\\\/wp-content\\\/uploads\\\/2025\\\/05\\\/LOGO-LA-RED.png\",\"width\":193,\"height\":340,\"caption\":\"LA RED 88.3 LA RIOJA\"},\"image\":{\"@id\":\"https:\\\/\\\/laredlarioja.com.ar\\\/sitio\\\/#\\\/schema\\\/logo\\\/image\\\/\"},\"sameAs\":[\"https:\\\/\\\/www.facebook.com\\\/lared.larioja\",\"https:\\\/\\\/x.com\\\/laredlarioja1\",\"https:\\\/\\\/www.instagram.com\\\/lared_larioja\\\/\"]},{\"@type\":\"Person\",\"@id\":\"https:\\\/\\\/laredlarioja.com.ar\\\/sitio\\\/#\\\/schema\\\/person\\\/f1e213867beccedaaa4fb548d9259d9a\",\"name\":\"La Red\",\"url\":\"https:\\\/\\\/laredlarioja.com.ar\\\/sitio\\\/author\\\/lared\\\/\"}]}<\/script>\n<!-- \/ Yoast SEO plugin. -->","yoast_head_json":{"title":"Un muerto y dos heridos tras un choque entre una camioneta y dos motos - LA RED 88.3 LA RIOJA","robots":{"index":"index","follow":"follow","max-snippet":"max-snippet:-1","max-image-preview":"max-image-preview:large","max-video-preview":"max-video-preview:-1"},"canonical":"https:\/\/laredlarioja.com.ar\/sitio\/un-muerto-y-dos-heridos-tras-un-choque-entre-una-camioneta-y-dos-motos\/","og_locale":"es_ES","og_type":"article","og_title":"Un muerto y dos heridos tras un choque entre una camioneta y dos motos - LA RED 88.3 LA RIOJA","og_description":"Un grave siniestro vial se registr\u00f3 la noche de este lunes 20 de abril sobre la Ruta Nacional","og_url":"https:\/\/laredlarioja.com.ar\/sitio\/un-muerto-y-dos-heridos-tras-un-choque-entre-una-camioneta-y-dos-motos\/","og_site_name":"LA RED 88.3 LA RIOJA","article_publisher":"https:\/\/www.facebook.com\/lared.larioja","article_published_time":"2026-04-21T01:46:37+00:00","article_modified_time":"2026-04-21T14:20:50+00:00","og_image":[{"width":898,"height":893,"url":"https:\/\/laredlarioja.com.ar\/sitio\/wp-content\/uploads\/2026\/04\/WhatsApp-Image-2026-04-20-at-23.01.10-e1776774369235.jpeg","type":"image\/jpeg"}],"author":"La Red","twitter_card":"summary_large_image","twitter_creator":"@laredlarioja1","twitter_site":"@laredlarioja1","twitter_misc":{"Escrito por":"La Red","Tiempo de lectura":"2 minutos"},"schema":{"@context":"https:\/\/schema.org","@graph":[{"@type":"Article","@id":"https:\/\/laredlarioja.com.ar\/sitio\/un-muerto-y-dos-heridos-tras-un-choque-entre-una-camioneta-y-dos-motos\/#article","isPartOf":{"@id":"https:\/\/laredlarioja.com.ar\/sitio\/un-muerto-y-dos-heridos-tras-un-choque-entre-una-camioneta-y-dos-motos\/"},"author":{"name":"La Red","@id":"https:\/\/laredlarioja.com.ar\/sitio\/#\/schema\/person\/f1e213867beccedaaa4fb548d9259d9a"},"headline":"Un muerto y dos heridos tras un choque entre una camioneta y dos motos","datePublished":"2026-04-21T01:46:37+00:00","dateModified":"2026-04-21T14:20:50+00:00","mainEntityOfPage":{"@id":"https:\/\/laredlarioja.com.ar\/sitio\/un-muerto-y-dos-heridos-tras-un-choque-entre-una-camioneta-y-dos-motos\/"},"wordCount":327,"publisher":{"@id":"https:\/\/laredlarioja.com.ar\/sitio\/#organization"},"image":{"@id":"https:\/\/laredlarioja.com.ar\/sitio\/un-muerto-y-dos-heridos-tras-un-choque-entre-una-camioneta-y-dos-motos\/#primaryimage"},"thumbnailUrl":"https:\/\/laredlarioja.com.ar\/sitio\/wp-content\/uploads\/2026\/04\/WhatsApp-Image-2026-04-20-at-23.01.10-e1776774369235.jpeg","articleSection":["Locales"],"inLanguage":"es"},{"@type":"WebPage","@id":"https:\/\/laredlarioja.com.ar\/sitio\/un-muerto-y-dos-heridos-tras-un-choque-entre-una-camioneta-y-dos-motos\/","url":"https:\/\/laredlarioja.com.ar\/sitio\/un-muerto-y-dos-heridos-tras-un-choque-entre-una-camioneta-y-dos-motos\/","name":"Un muerto y dos heridos tras un choque entre una camioneta y dos motos - LA RED 88.3 LA RIOJA","isPartOf":{"@id":"https:\/\/laredlarioja.com.ar\/sitio\/#website"},"primaryImageOfPage":{"@id":"https:\/\/laredlarioja.com.ar\/sitio\/un-muerto-y-dos-heridos-tras-un-choque-entre-una-camioneta-y-dos-motos\/#primaryimage"},"image":{"@id":"https:\/\/laredlarioja.com.ar\/sitio\/un-muerto-y-dos-heridos-tras-un-choque-entre-una-camioneta-y-dos-motos\/#primaryimage"},"thumbnailUrl":"https:\/\/laredlarioja.com.ar\/sitio\/wp-content\/uploads\/2026\/04\/WhatsApp-Image-2026-04-20-at-23.01.10-e1776774369235.jpeg","datePublished":"2026-04-21T01:46:37+00:00","dateModified":"2026-04-21T14:20:50+00:00","breadcrumb":{"@id":"https:\/\/laredlarioja.com.ar\/sitio\/un-muerto-y-dos-heridos-tras-un-choque-entre-una-camioneta-y-dos-motos\/#breadcrumb"},"inLanguage":"es","potentialAction":[{"@type":"ReadAction","target":["https:\/\/laredlarioja.com.ar\/sitio\/un-muerto-y-dos-heridos-tras-un-choque-entre-una-camioneta-y-dos-motos\/"]}]},{"@type":"ImageObject","inLanguage":"es","@id":"https:\/\/laredlarioja.com.ar\/sitio\/un-muerto-y-dos-heridos-tras-un-choque-entre-una-camioneta-y-dos-motos\/#primaryimage","url":"https:\/\/laredlarioja.com.ar\/sitio\/wp-content\/uploads\/2026\/04\/WhatsApp-Image-2026-04-20-at-23.01.10-e1776774369235.jpeg","contentUrl":"https:\/\/laredlarioja.com.ar\/sitio\/wp-content\/uploads\/2026\/04\/WhatsApp-Image-2026-04-20-at-23.01.10-e1776774369235.jpeg","width":898,"height":893},{"@type":"BreadcrumbList","@id":"https:\/\/laredlarioja.com.ar\/sitio\/un-muerto-y-dos-heridos-tras-un-choque-entre-una-camioneta-y-dos-motos\/#breadcrumb","itemListElement":[{"@type":"ListItem","position":1,"name":"Portada","item":"https:\/\/laredlarioja.com.ar\/sitio\/"},{"@type":"ListItem","position":2,"name":"Un muerto y dos heridos tras un choque entre una camioneta y dos motos"}]},{"@type":"WebSite","@id":"https:\/\/laredlarioja.com.ar\/sitio\/#website","url":"https:\/\/laredlarioja.com.ar\/sitio\/","name":"LA RED 88.3 LA RIOJA","description":"Sitio de Noticias","publisher":{"@id":"https:\/\/laredlarioja.com.ar\/sitio\/#organization"},"potentialAction":[{"@type":"SearchAction","target":{"@type":"EntryPoint","urlTemplate":"https:\/\/laredlarioja.com.ar\/sitio\/?s={search_term_string}"},"query-input":{"@type":"PropertyValueSpecification","valueRequired":true,"valueName":"search_term_string"}}],"inLanguage":"es"},{"@type":"Organization","@id":"https:\/\/laredlarioja.com.ar\/sitio\/#organization","name":"LA RED 88.3 LA RIOJA","url":"https:\/\/laredlarioja.com.ar\/sitio\/","logo":{"@type":"ImageObject","inLanguage":"es","@id":"https:\/\/laredlarioja.com.ar\/sitio\/#\/schema\/logo\/image\/","url":"https:\/\/laredlarioja.com.ar\/sitio\/wp-content\/uploads\/2025\/05\/LOGO-LA-RED.png","contentUrl":"https:\/\/laredlarioja.com.ar\/sitio\/wp-content\/uploads\/2025\/05\/LOGO-LA-RED.png","width":193,"height":340,"caption":"LA RED 88.3 LA RIOJA"},"image":{"@id":"https:\/\/laredlarioja.com.ar\/sitio\/#\/schema\/logo\/image\/"},"sameAs":["https:\/\/www.facebook.com\/lared.larioja","https:\/\/x.com\/laredlarioja1","https:\/\/www.instagram.com\/lared_larioja\/"]},{"@type":"Person","@id":"https:\/\/laredlarioja.com.ar\/sitio\/#\/schema\/person\/f1e213867beccedaaa4fb548d9259d9a","name":"La Red","url":"https:\/\/laredlarioja.com.ar\/sitio\/author\/lared\/"}]}},"featured_image_urls":{"full":["https:\/\/laredlarioja.com.ar\/sitio\/wp-content\/uploads\/2026\/04\/WhatsApp-Image-2026-04-20-at-23.01.10-e1776774369235.jpeg",898,893,false],"thumbnail":["https:\/\/laredlarioja.com.ar\/sitio\/wp-content\/uploads\/2026\/04\/WhatsApp-Image-2026-04-20-at-23.01.10-e1776774369235-150x150.jpeg",150,150,true],"medium":["https:\/\/laredlarioja.com.ar\/sitio\/wp-content\/uploads\/2026\/04\/WhatsApp-Image-2026-04-20-at-23.01.10-e1776774369235-300x298.jpeg",300,298,true],"medium_large":["https:\/\/laredlarioja.com.ar\/sitio\/wp-content\/uploads\/2026\/04\/WhatsApp-Image-2026-04-20-at-23.01.10-e1776774369235-768x764.jpeg",640,637,true],"large":["https:\/\/laredlarioja.com.ar\/sitio\/wp-content\/uploads\/2026\/04\/WhatsApp-Image-2026-04-20-at-23.01.10-576x1024.jpeg",576,1024,true],"1536x1536":["https:\/\/laredlarioja.com.ar\/sitio\/wp-content\/uploads\/2026\/04\/WhatsApp-Image-2026-04-20-at-23.01.10-864x1536.jpeg",864,1536,true],"2048x2048":["https:\/\/laredlarioja.com.ar\/sitio\/wp-content\/uploads\/2026\/04\/WhatsApp-Image-2026-04-20-at-23.01.10-e1776774369235.jpeg",898,893,false],"cvmm-medium":["https:\/\/laredlarioja.com.ar\/sitio\/wp-content\/uploads\/2026\/04\/WhatsApp-Image-2026-04-20-at-23.01.10-e1776774369235-300x300.jpeg",300,300,true],"cvmm-medium-plus":["https:\/\/laredlarioja.com.ar\/sitio\/wp-content\/uploads\/2026\/04\/WhatsApp-Image-2026-04-20-at-23.01.10-e1776774369235-305x207.jpeg",305,207,true],"cvmm-portrait":["https:\/\/laredlarioja.com.ar\/sitio\/wp-content\/uploads\/2026\/04\/WhatsApp-Image-2026-04-20-at-23.01.10-e1776774369235-400x600.jpeg",400,600,true],"cvmm-medium-square":["https:\/\/laredlarioja.com.ar\/sitio\/wp-content\/uploads\/2026\/04\/WhatsApp-Image-2026-04-20-at-23.01.10-e1776774369235-600x600.jpeg",600,600,true],"cvmm-large":["https:\/\/laredlarioja.com.ar\/sitio\/wp-content\/uploads\/2026\/04\/WhatsApp-Image-2026-04-20-at-23.01.10-899x1024.jpeg",899,1024,true],"cvmm-small":["https:\/\/laredlarioja.com.ar\/sitio\/wp-content\/uploads\/2026\/04\/WhatsApp-Image-2026-04-20-at-23.01.10-e1776774369235-130x95.jpeg",130,95,true],"morenews-large":["https:\/\/laredlarioja.com.ar\/sitio\/wp-content\/uploads\/2026\/04\/WhatsApp-Image-2026-04-20-at-23.01.10-e1776774369235-825x575.jpeg",825,575,true],"morenews-medium":["https:\/\/laredlarioja.com.ar\/sitio\/wp-content\/uploads\/2026\/04\/WhatsApp-Image-2026-04-20-at-23.01.10-e1776774369235-590x410.jpeg",590,410,true]},"author_info":{"display_name":"La Red","author_link":"https:\/\/laredlarioja.com.ar\/sitio\/author\/lared\/"},"category_info":"<a href=\"https:\/\/laredlarioja.com.ar\/sitio\/categorias\/locales\/\" rel=\"category tag\">Locales<\/a>","tag_info":"Locales","comment_count":"0","blog_post_layout_featured_media_urls":{"thumbnail":["https:\/\/laredlarioja.com.ar\/sitio\/wp-content\/uploads\/2026\/04\/WhatsApp-Image-2026-04-20-at-23.01.10-e1776774369235-150x150.jpeg",150,150,true],"full":["https:\/\/laredlarioja.com.ar\/sitio\/wp-content\/uploads\/2026\/04\/WhatsApp-Image-2026-04-20-at-23.01.10-e1776774369235.jpeg",898,893,false]},"categories_names":{"94":{"name":"Locales","link":"https:\/\/laredlarioja.com.ar\/sitio\/categorias\/locales\/"}},"tags_names":[],"comments_number":"0","wpmagazine_modules_lite_featured_media_urls":{"thumbnail":["https:\/\/laredlarioja.com.ar\/sitio\/wp-content\/uploads\/2026\/04\/WhatsApp-Image-2026-04-20-at-23.01.10-e1776774369235-150x150.jpeg",150,150,true],"cvmm-medium":["https:\/\/laredlarioja.com.ar\/sitio\/wp-content\/uploads\/2026\/04\/WhatsApp-Image-2026-04-20-at-23.01.10-e1776774369235-300x300.jpeg",300,300,true],"cvmm-medium-plus":["https:\/\/laredlarioja.com.ar\/sitio\/wp-content\/uploads\/2026\/04\/WhatsApp-Image-2026-04-20-at-23.01.10-e1776774369235-305x207.jpeg",305,207,true],"cvmm-portrait":["https:\/\/laredlarioja.com.ar\/sitio\/wp-content\/uploads\/2026\/04\/WhatsApp-Image-2026-04-20-at-23.01.10-e1776774369235-400x600.jpeg",400,600,true],"cvmm-medium-square":["https:\/\/laredlarioja.com.ar\/sitio\/wp-content\/uploads\/2026\/04\/WhatsApp-Image-2026-04-20-at-23.01.10-e1776774369235-600x600.jpeg",600,600,true],"cvmm-large":["https:\/\/laredlarioja.com.ar\/sitio\/wp-content\/uploads\/2026\/04\/WhatsApp-Image-2026-04-20-at-23.01.10-899x1024.jpeg",899,1024,true],"cvmm-small":["https:\/\/laredlarioja.com.ar\/sitio\/wp-content\/uploads\/2026\/04\/WhatsApp-Image-2026-04-20-at-23.01.10-e1776774369235-130x95.jpeg",130,95,true],"full":["https:\/\/laredlarioja.com.ar\/sitio\/wp-content\/uploads\/2026\/04\/WhatsApp-Image-2026-04-20-at-23.01.10-e1776774369235.jpeg",898,893,false]},"_links":{"self":[{"href":"https:\/\/laredlarioja.com.ar\/sitio\/wp-json\/wp\/v2\/posts\/77273","targetHints":{"allow":["GET"]}}],"collection":[{"href":"https:\/\/laredlarioja.com.ar\/sitio\/wp-json\/wp\/v2\/posts"}],"about":[{"href":"https:\/\/laredlarioja.com.ar\/sitio\/wp-json\/wp\/v2\/types\/post"}],"author":[{"embeddable":true,"href":"https:\/\/laredlarioja.com.ar\/sitio\/wp-json\/wp\/v2\/users\/10"}],"replies":[{"embeddable":true,"href":"https:\/\/laredlarioja.com.ar\/sitio\/wp-json\/wp\/v2\/comments?post=77273"}],"version-history":[{"count":1,"href":"https:\/\/laredlarioja.com.ar\/sitio\/wp-json\/wp\/v2\/posts\/77273\/revisions"}],"predecessor-version":[{"id":77275,"href":"https:\/\/laredlarioja.com.ar\/sitio\/wp-json\/wp\/v2\/posts\/77273\/revisions\/77275"}],"wp:featuredmedia":[{"embeddable":true,"href":"https:\/\/laredlarioja.com.ar\/sitio\/wp-json\/wp\/v2\/media\/77281"}],"wp:attachment":[{"href":"https:\/\/laredlarioja.com.ar\/sitio\/wp-json\/wp\/v2\/media?parent=77273"}],"wp:term":[{"taxonomy":"category","embeddable":true,"href":"https:\/\/laredlarioja.com.ar\/sitio\/wp-json\/wp\/v2\/categories?post=77273"},{"taxonomy":"post_tag","embeddable":true,"href":"https:\/\/laredlarioja.com.ar\/sitio\/wp-json\/wp\/v2\/tags?post=77273"}],"curies":[{"name":"wp","href":"https:\/\/api.w.org\/{rel}","templated":true}]}}