{"id":77276,"date":"2026-04-21T12:05:03","date_gmt":"2026-04-21T12:05:03","guid":{"rendered":"https:\/\/laredlarioja.com.ar\/sitio\/?p=77276"},"modified":"2026-04-22T13:27:49","modified_gmt":"2026-04-22T13:27:49","slug":"activan-protocolos-en-colegios-de-la-rioja-la-violencia-es-social-la-escuela-es-donde-eclosiona-y-se-hace-visible","status":"publish","type":"post","link":"https:\/\/laredlarioja.com.ar\/sitio\/activan-protocolos-en-colegios-de-la-rioja-la-violencia-es-social-la-escuela-es-donde-eclosiona-y-se-hace-visible\/","title":{"rendered":"Activan protocolos en colegios de La Rioja: \u201cLa violencia es social y la escuela es donde eclosiona y se hace visible\u201d"},"content":{"rendered":"<p data-start=\"79\" data-end=\"329\">La presidenta de la Asociaci\u00f3n de Escuelas de Gesti\u00f3n Privada, Ver\u00f3nica Lanfranchi, se refiri\u00f3 a la preocupaci\u00f3n por las amenazas en instituciones educativas de distintas provincias, el trabajo preventivo en La Rioja y el rol clave de las familias.<\/p>\n<p data-start=\"331\" data-end=\"836\">En los \u00faltimos d\u00edas, una serie de amenazas de ataques en escuelas encendi\u00f3 las alarmas a nivel nacional. Solo en Mendoza, el Ministerio P\u00fablico Fiscal recibi\u00f3 m\u00e1s de 50 denuncias entre el mi\u00e9rcoles y el viernes de la semana pasada por posibles matanzas, tiroteos y presencia de armas en establecimientos educativos. Como consecuencia, dos adolescentes \u2014de 16 y 17 a\u00f1os\u2014 y la madre de uno de ellos fueron imputados, mientras que otros tres menores fueron identificados como responsables de estos episodios.<\/p>\n<p data-start=\"838\" data-end=\"1071\">En este contexto, <em data-start=\"856\" data-end=\"864\">La Red<\/em> dialog\u00f3 con Ver\u00f3nica Lanfranchi, presidenta de la Asociaci\u00f3n de Escuelas de Gesti\u00f3n Privada, quien explic\u00f3 c\u00f3mo se trabaja frente a estas situaciones y llev\u00f3 tranquilidad respecto a la realidad en La Rioja.<\/p>\n<p data-start=\"1073\" data-end=\"1430\">Lanfranchi se\u00f1al\u00f3 que las instituciones educativas vienen abordando estas problem\u00e1ticas desde hace tiempo: \u201c<strong>Todas las escuelas de la asociaci\u00f3n estamos trabajando a la par con el Ministerio de Educaci\u00f3n y cada una de sus dependencias. El Ministerio est\u00e1 acompa\u00f1ando fuertemente a todas las instituciones. Se han activado protocolos en algunos de los casos\u201d.<\/strong><\/p>\n<p data-start=\"1432\" data-end=\"1894\">Adem\u00e1s, remarc\u00f3 que no se trata de una problem\u00e1tica nueva: \u201cSe viene trabajando hace mucho, no solamente ahora que ha sido m\u00e1s notorio a nivel pa\u00eds por estas situaciones, retos virales o pintadas\u201d. En ese sentido, detall\u00f3 que las escuelas desarrollan acciones integrales que incluyen a toda la comunidad educativa: \u201cTrabajamos con los pap\u00e1s para llevar tranquilidad, se realizan talleres, conversatorios, y tambi\u00e9n se trabaja con los alumnos desde lo did\u00e1ctico\u201d.<\/p>\n<p data-start=\"1896\" data-end=\"2328\">Uno de los ejes centrales es la escucha activa de los estudiantes. \u201cLa mayor\u00eda de los adolescentes tienen actividades, di\u00e1logo en la familia, pero tambi\u00e9n hay grupos que necesitan expresarse. Aprovechan estos espacios porque es el momento que tienen para ser escuchados\u201d, explic\u00f3. Y agreg\u00f3: \u201cEsto nos pasa todos los d\u00edas en las escuelas. Los alumnos buscan los gabinetes psicopedag\u00f3gicos para hablar de sus temas. No es algo nuevo\u201d.<\/p>\n<p data-start=\"2330\" data-end=\"2676\">En relaci\u00f3n a las amenazas recientes, la titular de la asociaci\u00f3n confirm\u00f3 que algunas instituciones aplicaron protocolos espec\u00edficos: \u201c<strong>Muchas de las escuelas de la provincia han aplicado los protocolos. Incluso hay que tener en cuenta que hay una nueva ley de edad para menores que cometen infracciones, y estas situaciones ya son sancionables\u201d.<\/strong><\/p>\n<p data-start=\"2678\" data-end=\"2950\">Sobre medidas como la requisa de mochilas, aclar\u00f3 que \u201ceso est\u00e1 dentro de los protocolos\u201d y que cada instituci\u00f3n puede implementarlo seg\u00fan sus necesidades y recursos: \u201cEl ministerio mand\u00f3 un protocolo muy amplio y claro, y cada escuela lo aplica de acuerdo a su realidad\u201d.<\/p>\n<p data-start=\"2952\" data-end=\"3368\">Lanfranchi tambi\u00e9n hizo hincapi\u00e9 en una mirada m\u00e1s amplia del fen\u00f3meno: <strong>\u201cCuando hablan de violencia escolar, el t\u00e9rmino est\u00e1 mal utilizado. La violencia es social. A veces la escuela es el lugar donde eclosiona y se hace visible\u201d.<\/strong> En esa l\u00ednea, advirti\u00f3 sobre un contexto generalizado: \u201cVenimos de una sociedad bastante violenta. Desde las redes, la televisi\u00f3n, incluso las autoridades, la violencia est\u00e1 instalada\u201d.<\/p>\n<p data-start=\"3370\" data-end=\"3589\">Para la referente educativa, el problema requiere un cambio profundo: \u201cHay que hacer un cambio de paradigma social. Bajar un poco, pensar m\u00e1s y reaccionar menos. Si no, esto va a ser cada vez m\u00e1s una sociedad violenta\u201d.<\/p>\n<p data-start=\"3591\" data-end=\"3976\">Respecto al bullying, sostuvo que no es un fen\u00f3meno nuevo, aunque hoy tenga mayor visibilidad: \u201cEso existi\u00f3 siempre, pero con las redes se visualiza m\u00e1s. Antes quedaba en un c\u00edrculo peque\u00f1o\u201d. Y subray\u00f3 la importancia del entorno familiar: <strong>\u201cEl ni\u00f1o transmite lo que recibe en la casa. Si se cr\u00eda en un ambiente de malos tratos o discriminaci\u00f3n, es probable que replique esas conductas\u201d.<\/strong><\/p>\n<p data-start=\"3978\" data-end=\"4172\">Finalmente, destac\u00f3 el impacto del lenguaje en la formaci\u00f3n de los j\u00f3venes: \u201cUna palabra mal empleada impacta en cualquiera, pero m\u00e1s en un ni\u00f1o o adolescente que est\u00e1 formando su personalidad\u201d.<\/p>\n<p data-start=\"4174\" data-end=\"4469\" data-is-last-node=\"\" data-is-only-node=\"\">Lanfranchi concluy\u00f3 que el abordaje debe ser colectivo: \u201cEl protocolo es amplio y trabajan muchas \u00e1reas del ministerio junto con las escuelas y las familias. Es un trabajo de todos. Como sociedad, tenemos que frenar, revisar nuestras conductas y entender que esto baja desde arriba hacia abajo\u201d.<\/p>\n","protected":false},"excerpt":{"rendered":"<p>La presidenta de la Asociaci\u00f3n de Escuelas de Gesti\u00f3n Privada, Ver\u00f3nica Lanfranchi, se refiri\u00f3 a la preocupaci\u00f3n por<\/p>\n","protected":false},"author":10,"featured_media":32600,"comment_status":"closed","ping_status":"open","sticky":false,"template":"","format":"standard","meta":{"footnotes":""},"categories":[24],"tags":[],"class_list":["post-77276","post","type-post","status-publish","format-standard","has-post-thumbnail","hentry","category-informacion-general"],"yoast_head":"<!-- This site is optimized with the Yoast SEO plugin v27.4 - https:\/\/yoast.com\/product\/yoast-seo-wordpress\/ -->\n<title>Activan protocolos en colegios de La Rioja: \u201cLa violencia es social y la escuela es donde eclosiona y se hace visible\u201d - LA RED 88.3 LA RIOJA<\/title>\n<meta name=\"robots\" content=\"index, follow, max-snippet:-1, max-image-preview:large, max-video-preview:-1\" \/>\n<link rel=\"canonical\" href=\"https:\/\/laredlarioja.com.ar\/sitio\/activan-protocolos-en-colegios-de-la-rioja-la-violencia-es-social-la-escuela-es-donde-eclosiona-y-se-hace-visible\/\" \/>\n<meta property=\"og:locale\" content=\"es_ES\" \/>\n<meta property=\"og:type\" content=\"article\" \/>\n<meta property=\"og:title\" content=\"Activan protocolos en colegios de La Rioja: \u201cLa violencia es social y la escuela es donde eclosiona y se hace visible\u201d - LA RED 88.3 LA RIOJA\" \/>\n<meta property=\"og:description\" content=\"La presidenta de la Asociaci\u00f3n de Escuelas de Gesti\u00f3n Privada, Ver\u00f3nica Lanfranchi, se refiri\u00f3 a la preocupaci\u00f3n por\" \/>\n<meta property=\"og:url\" content=\"https:\/\/laredlarioja.com.ar\/sitio\/activan-protocolos-en-colegios-de-la-rioja-la-violencia-es-social-la-escuela-es-donde-eclosiona-y-se-hace-visible\/\" \/>\n<meta property=\"og:site_name\" content=\"LA RED 88.3 LA RIOJA\" \/>\n<meta property=\"article:publisher\" content=\"https:\/\/www.facebook.com\/lared.larioja\" \/>\n<meta property=\"article:published_time\" content=\"2026-04-21T12:05:03+00:00\" \/>\n<meta property=\"article:modified_time\" content=\"2026-04-22T13:27:49+00:00\" \/>\n<meta property=\"og:image\" content=\"https:\/\/laredlarioja.com.ar\/sitio\/wp-content\/uploads\/2023\/06\/Escuelas-privadas.jpg\" \/>\n\t<meta property=\"og:image:width\" content=\"1200\" \/>\n\t<meta property=\"og:image:height\" content=\"545\" \/>\n\t<meta property=\"og:image:type\" content=\"image\/jpeg\" \/>\n<meta name=\"author\" content=\"La Red\" \/>\n<meta name=\"twitter:card\" content=\"summary_large_image\" \/>\n<meta name=\"twitter:creator\" content=\"@laredlarioja1\" \/>\n<meta name=\"twitter:site\" content=\"@laredlarioja1\" \/>\n<meta name=\"twitter:label1\" content=\"Escrito por\" \/>\n\t<meta name=\"twitter:data1\" content=\"La Red\" \/>\n\t<meta name=\"twitter:label2\" content=\"Tiempo de lectura\" \/>\n\t<meta name=\"twitter:data2\" content=\"4 minutos\" \/>\n<script type=\"application\/ld+json\" class=\"yoast-schema-graph\">{\"@context\":\"https:\\\/\\\/schema.org\",\"@graph\":[{\"@type\":\"Article\",\"@id\":\"https:\\\/\\\/laredlarioja.com.ar\\\/sitio\\\/activan-protocolos-en-colegios-de-la-rioja-la-violencia-es-social-la-escuela-es-donde-eclosiona-y-se-hace-visible\\\/#article\",\"isPartOf\":{\"@id\":\"https:\\\/\\\/laredlarioja.com.ar\\\/sitio\\\/activan-protocolos-en-colegios-de-la-rioja-la-violencia-es-social-la-escuela-es-donde-eclosiona-y-se-hace-visible\\\/\"},\"author\":{\"name\":\"La Red\",\"@id\":\"https:\\\/\\\/laredlarioja.com.ar\\\/sitio\\\/#\\\/schema\\\/person\\\/f1e213867beccedaaa4fb548d9259d9a\"},\"headline\":\"Activan protocolos en colegios de La Rioja: \u201cLa violencia es social y la escuela es donde eclosiona y se hace visible\u201d\",\"datePublished\":\"2026-04-21T12:05:03+00:00\",\"dateModified\":\"2026-04-22T13:27:49+00:00\",\"mainEntityOfPage\":{\"@id\":\"https:\\\/\\\/laredlarioja.com.ar\\\/sitio\\\/activan-protocolos-en-colegios-de-la-rioja-la-violencia-es-social-la-escuela-es-donde-eclosiona-y-se-hace-visible\\\/\"},\"wordCount\":764,\"publisher\":{\"@id\":\"https:\\\/\\\/laredlarioja.com.ar\\\/sitio\\\/#organization\"},\"image\":{\"@id\":\"https:\\\/\\\/laredlarioja.com.ar\\\/sitio\\\/activan-protocolos-en-colegios-de-la-rioja-la-violencia-es-social-la-escuela-es-donde-eclosiona-y-se-hace-visible\\\/#primaryimage\"},\"thumbnailUrl\":\"https:\\\/\\\/laredlarioja.com.ar\\\/sitio\\\/wp-content\\\/uploads\\\/2023\\\/06\\\/Escuelas-privadas.jpg\",\"articleSection\":[\"Informaci\u00f3n General\"],\"inLanguage\":\"es\"},{\"@type\":\"WebPage\",\"@id\":\"https:\\\/\\\/laredlarioja.com.ar\\\/sitio\\\/activan-protocolos-en-colegios-de-la-rioja-la-violencia-es-social-la-escuela-es-donde-eclosiona-y-se-hace-visible\\\/\",\"url\":\"https:\\\/\\\/laredlarioja.com.ar\\\/sitio\\\/activan-protocolos-en-colegios-de-la-rioja-la-violencia-es-social-la-escuela-es-donde-eclosiona-y-se-hace-visible\\\/\",\"name\":\"Activan protocolos en colegios de La Rioja: \u201cLa violencia es social y la escuela es donde eclosiona y se hace visible\u201d - LA RED 88.3 LA RIOJA\",\"isPartOf\":{\"@id\":\"https:\\\/\\\/laredlarioja.com.ar\\\/sitio\\\/#website\"},\"primaryImageOfPage\":{\"@id\":\"https:\\\/\\\/laredlarioja.com.ar\\\/sitio\\\/activan-protocolos-en-colegios-de-la-rioja-la-violencia-es-social-la-escuela-es-donde-eclosiona-y-se-hace-visible\\\/#primaryimage\"},\"image\":{\"@id\":\"https:\\\/\\\/laredlarioja.com.ar\\\/sitio\\\/activan-protocolos-en-colegios-de-la-rioja-la-violencia-es-social-la-escuela-es-donde-eclosiona-y-se-hace-visible\\\/#primaryimage\"},\"thumbnailUrl\":\"https:\\\/\\\/laredlarioja.com.ar\\\/sitio\\\/wp-content\\\/uploads\\\/2023\\\/06\\\/Escuelas-privadas.jpg\",\"datePublished\":\"2026-04-21T12:05:03+00:00\",\"dateModified\":\"2026-04-22T13:27:49+00:00\",\"breadcrumb\":{\"@id\":\"https:\\\/\\\/laredlarioja.com.ar\\\/sitio\\\/activan-protocolos-en-colegios-de-la-rioja-la-violencia-es-social-la-escuela-es-donde-eclosiona-y-se-hace-visible\\\/#breadcrumb\"},\"inLanguage\":\"es\",\"potentialAction\":[{\"@type\":\"ReadAction\",\"target\":[\"https:\\\/\\\/laredlarioja.com.ar\\\/sitio\\\/activan-protocolos-en-colegios-de-la-rioja-la-violencia-es-social-la-escuela-es-donde-eclosiona-y-se-hace-visible\\\/\"]}]},{\"@type\":\"ImageObject\",\"inLanguage\":\"es\",\"@id\":\"https:\\\/\\\/laredlarioja.com.ar\\\/sitio\\\/activan-protocolos-en-colegios-de-la-rioja-la-violencia-es-social-la-escuela-es-donde-eclosiona-y-se-hace-visible\\\/#primaryimage\",\"url\":\"https:\\\/\\\/laredlarioja.com.ar\\\/sitio\\\/wp-content\\\/uploads\\\/2023\\\/06\\\/Escuelas-privadas.jpg\",\"contentUrl\":\"https:\\\/\\\/laredlarioja.com.ar\\\/sitio\\\/wp-content\\\/uploads\\\/2023\\\/06\\\/Escuelas-privadas.jpg\",\"width\":1200,\"height\":545},{\"@type\":\"BreadcrumbList\",\"@id\":\"https:\\\/\\\/laredlarioja.com.ar\\\/sitio\\\/activan-protocolos-en-colegios-de-la-rioja-la-violencia-es-social-la-escuela-es-donde-eclosiona-y-se-hace-visible\\\/#breadcrumb\",\"itemListElement\":[{\"@type\":\"ListItem\",\"position\":1,\"name\":\"Portada\",\"item\":\"https:\\\/\\\/laredlarioja.com.ar\\\/sitio\\\/\"},{\"@type\":\"ListItem\",\"position\":2,\"name\":\"Activan protocolos en colegios de La Rioja: \u201cLa violencia es social y la escuela es donde eclosiona y se hace visible\u201d\"}]},{\"@type\":\"WebSite\",\"@id\":\"https:\\\/\\\/laredlarioja.com.ar\\\/sitio\\\/#website\",\"url\":\"https:\\\/\\\/laredlarioja.com.ar\\\/sitio\\\/\",\"name\":\"LA RED 88.3 LA RIOJA\",\"description\":\"Sitio de Noticias\",\"publisher\":{\"@id\":\"https:\\\/\\\/laredlarioja.com.ar\\\/sitio\\\/#organization\"},\"potentialAction\":[{\"@type\":\"SearchAction\",\"target\":{\"@type\":\"EntryPoint\",\"urlTemplate\":\"https:\\\/\\\/laredlarioja.com.ar\\\/sitio\\\/?s={search_term_string}\"},\"query-input\":{\"@type\":\"PropertyValueSpecification\",\"valueRequired\":true,\"valueName\":\"search_term_string\"}}],\"inLanguage\":\"es\"},{\"@type\":\"Organization\",\"@id\":\"https:\\\/\\\/laredlarioja.com.ar\\\/sitio\\\/#organization\",\"name\":\"LA RED 88.3 LA RIOJA\",\"url\":\"https:\\\/\\\/laredlarioja.com.ar\\\/sitio\\\/\",\"logo\":{\"@type\":\"ImageObject\",\"inLanguage\":\"es\",\"@id\":\"https:\\\/\\\/laredlarioja.com.ar\\\/sitio\\\/#\\\/schema\\\/logo\\\/image\\\/\",\"url\":\"https:\\\/\\\/laredlarioja.com.ar\\\/sitio\\\/wp-content\\\/uploads\\\/2025\\\/05\\\/LOGO-LA-RED.png\",\"contentUrl\":\"https:\\\/\\\/laredlarioja.com.ar\\\/sitio\\\/wp-content\\\/uploads\\\/2025\\\/05\\\/LOGO-LA-RED.png\",\"width\":193,\"height\":340,\"caption\":\"LA RED 88.3 LA RIOJA\"},\"image\":{\"@id\":\"https:\\\/\\\/laredlarioja.com.ar\\\/sitio\\\/#\\\/schema\\\/logo\\\/image\\\/\"},\"sameAs\":[\"https:\\\/\\\/www.facebook.com\\\/lared.larioja\",\"https:\\\/\\\/x.com\\\/laredlarioja1\",\"https:\\\/\\\/www.instagram.com\\\/lared_larioja\\\/\"]},{\"@type\":\"Person\",\"@id\":\"https:\\\/\\\/laredlarioja.com.ar\\\/sitio\\\/#\\\/schema\\\/person\\\/f1e213867beccedaaa4fb548d9259d9a\",\"name\":\"La Red\",\"url\":\"https:\\\/\\\/laredlarioja.com.ar\\\/sitio\\\/author\\\/lared\\\/\"}]}<\/script>\n<!-- \/ Yoast SEO plugin. -->","yoast_head_json":{"title":"Activan protocolos en colegios de La Rioja: \u201cLa violencia es social y la escuela es donde eclosiona y se hace visible\u201d - LA RED 88.3 LA RIOJA","robots":{"index":"index","follow":"follow","max-snippet":"max-snippet:-1","max-image-preview":"max-image-preview:large","max-video-preview":"max-video-preview:-1"},"canonical":"https:\/\/laredlarioja.com.ar\/sitio\/activan-protocolos-en-colegios-de-la-rioja-la-violencia-es-social-la-escuela-es-donde-eclosiona-y-se-hace-visible\/","og_locale":"es_ES","og_type":"article","og_title":"Activan protocolos en colegios de La Rioja: \u201cLa violencia es social y la escuela es donde eclosiona y se hace visible\u201d - LA RED 88.3 LA RIOJA","og_description":"La presidenta de la Asociaci\u00f3n de Escuelas de Gesti\u00f3n Privada, Ver\u00f3nica Lanfranchi, se refiri\u00f3 a la preocupaci\u00f3n por","og_url":"https:\/\/laredlarioja.com.ar\/sitio\/activan-protocolos-en-colegios-de-la-rioja-la-violencia-es-social-la-escuela-es-donde-eclosiona-y-se-hace-visible\/","og_site_name":"LA RED 88.3 LA RIOJA","article_publisher":"https:\/\/www.facebook.com\/lared.larioja","article_published_time":"2026-04-21T12:05:03+00:00","article_modified_time":"2026-04-22T13:27:49+00:00","og_image":[{"width":1200,"height":545,"url":"https:\/\/laredlarioja.com.ar\/sitio\/wp-content\/uploads\/2023\/06\/Escuelas-privadas.jpg","type":"image\/jpeg"}],"author":"La Red","twitter_card":"summary_large_image","twitter_creator":"@laredlarioja1","twitter_site":"@laredlarioja1","twitter_misc":{"Escrito por":"La Red","Tiempo de lectura":"4 minutos"},"schema":{"@context":"https:\/\/schema.org","@graph":[{"@type":"Article","@id":"https:\/\/laredlarioja.com.ar\/sitio\/activan-protocolos-en-colegios-de-la-rioja-la-violencia-es-social-la-escuela-es-donde-eclosiona-y-se-hace-visible\/#article","isPartOf":{"@id":"https:\/\/laredlarioja.com.ar\/sitio\/activan-protocolos-en-colegios-de-la-rioja-la-violencia-es-social-la-escuela-es-donde-eclosiona-y-se-hace-visible\/"},"author":{"name":"La Red","@id":"https:\/\/laredlarioja.com.ar\/sitio\/#\/schema\/person\/f1e213867beccedaaa4fb548d9259d9a"},"headline":"Activan protocolos en colegios de La Rioja: \u201cLa violencia es social y la escuela es donde eclosiona y se hace visible\u201d","datePublished":"2026-04-21T12:05:03+00:00","dateModified":"2026-04-22T13:27:49+00:00","mainEntityOfPage":{"@id":"https:\/\/laredlarioja.com.ar\/sitio\/activan-protocolos-en-colegios-de-la-rioja-la-violencia-es-social-la-escuela-es-donde-eclosiona-y-se-hace-visible\/"},"wordCount":764,"publisher":{"@id":"https:\/\/laredlarioja.com.ar\/sitio\/#organization"},"image":{"@id":"https:\/\/laredlarioja.com.ar\/sitio\/activan-protocolos-en-colegios-de-la-rioja-la-violencia-es-social-la-escuela-es-donde-eclosiona-y-se-hace-visible\/#primaryimage"},"thumbnailUrl":"https:\/\/laredlarioja.com.ar\/sitio\/wp-content\/uploads\/2023\/06\/Escuelas-privadas.jpg","articleSection":["Informaci\u00f3n General"],"inLanguage":"es"},{"@type":"WebPage","@id":"https:\/\/laredlarioja.com.ar\/sitio\/activan-protocolos-en-colegios-de-la-rioja-la-violencia-es-social-la-escuela-es-donde-eclosiona-y-se-hace-visible\/","url":"https:\/\/laredlarioja.com.ar\/sitio\/activan-protocolos-en-colegios-de-la-rioja-la-violencia-es-social-la-escuela-es-donde-eclosiona-y-se-hace-visible\/","name":"Activan protocolos en colegios de La Rioja: \u201cLa violencia es social y la escuela es donde eclosiona y se hace visible\u201d - LA RED 88.3 LA RIOJA","isPartOf":{"@id":"https:\/\/laredlarioja.com.ar\/sitio\/#website"},"primaryImageOfPage":{"@id":"https:\/\/laredlarioja.com.ar\/sitio\/activan-protocolos-en-colegios-de-la-rioja-la-violencia-es-social-la-escuela-es-donde-eclosiona-y-se-hace-visible\/#primaryimage"},"image":{"@id":"https:\/\/laredlarioja.com.ar\/sitio\/activan-protocolos-en-colegios-de-la-rioja-la-violencia-es-social-la-escuela-es-donde-eclosiona-y-se-hace-visible\/#primaryimage"},"thumbnailUrl":"https:\/\/laredlarioja.com.ar\/sitio\/wp-content\/uploads\/2023\/06\/Escuelas-privadas.jpg","datePublished":"2026-04-21T12:05:03+00:00","dateModified":"2026-04-22T13:27:49+00:00","breadcrumb":{"@id":"https:\/\/laredlarioja.com.ar\/sitio\/activan-protocolos-en-colegios-de-la-rioja-la-violencia-es-social-la-escuela-es-donde-eclosiona-y-se-hace-visible\/#breadcrumb"},"inLanguage":"es","potentialAction":[{"@type":"ReadAction","target":["https:\/\/laredlarioja.com.ar\/sitio\/activan-protocolos-en-colegios-de-la-rioja-la-violencia-es-social-la-escuela-es-donde-eclosiona-y-se-hace-visible\/"]}]},{"@type":"ImageObject","inLanguage":"es","@id":"https:\/\/laredlarioja.com.ar\/sitio\/activan-protocolos-en-colegios-de-la-rioja-la-violencia-es-social-la-escuela-es-donde-eclosiona-y-se-hace-visible\/#primaryimage","url":"https:\/\/laredlarioja.com.ar\/sitio\/wp-content\/uploads\/2023\/06\/Escuelas-privadas.jpg","contentUrl":"https:\/\/laredlarioja.com.ar\/sitio\/wp-content\/uploads\/2023\/06\/Escuelas-privadas.jpg","width":1200,"height":545},{"@type":"BreadcrumbList","@id":"https:\/\/laredlarioja.com.ar\/sitio\/activan-protocolos-en-colegios-de-la-rioja-la-violencia-es-social-la-escuela-es-donde-eclosiona-y-se-hace-visible\/#breadcrumb","itemListElement":[{"@type":"ListItem","position":1,"name":"Portada","item":"https:\/\/laredlarioja.com.ar\/sitio\/"},{"@type":"ListItem","position":2,"name":"Activan protocolos en colegios de La Rioja: \u201cLa violencia es social y la escuela es donde eclosiona y se hace visible\u201d"}]},{"@type":"WebSite","@id":"https:\/\/laredlarioja.com.ar\/sitio\/#website","url":"https:\/\/laredlarioja.com.ar\/sitio\/","name":"LA RED 88.3 LA RIOJA","description":"Sitio de Noticias","publisher":{"@id":"https:\/\/laredlarioja.com.ar\/sitio\/#organization"},"potentialAction":[{"@type":"SearchAction","target":{"@type":"EntryPoint","urlTemplate":"https:\/\/laredlarioja.com.ar\/sitio\/?s={search_term_string}"},"query-input":{"@type":"PropertyValueSpecification","valueRequired":true,"valueName":"search_term_string"}}],"inLanguage":"es"},{"@type":"Organization","@id":"https:\/\/laredlarioja.com.ar\/sitio\/#organization","name":"LA RED 88.3 LA RIOJA","url":"https:\/\/laredlarioja.com.ar\/sitio\/","logo":{"@type":"ImageObject","inLanguage":"es","@id":"https:\/\/laredlarioja.com.ar\/sitio\/#\/schema\/logo\/image\/","url":"https:\/\/laredlarioja.com.ar\/sitio\/wp-content\/uploads\/2025\/05\/LOGO-LA-RED.png","contentUrl":"https:\/\/laredlarioja.com.ar\/sitio\/wp-content\/uploads\/2025\/05\/LOGO-LA-RED.png","width":193,"height":340,"caption":"LA RED 88.3 LA RIOJA"},"image":{"@id":"https:\/\/laredlarioja.com.ar\/sitio\/#\/schema\/logo\/image\/"},"sameAs":["https:\/\/www.facebook.com\/lared.larioja","https:\/\/x.com\/laredlarioja1","https:\/\/www.instagram.com\/lared_larioja\/"]},{"@type":"Person","@id":"https:\/\/laredlarioja.com.ar\/sitio\/#\/schema\/person\/f1e213867beccedaaa4fb548d9259d9a","name":"La Red","url":"https:\/\/laredlarioja.com.ar\/sitio\/author\/lared\/"}]}},"featured_image_urls":{"full":["https:\/\/laredlarioja.com.ar\/sitio\/wp-content\/uploads\/2023\/06\/Escuelas-privadas.jpg",1200,545,false],"thumbnail":["https:\/\/laredlarioja.com.ar\/sitio\/wp-content\/uploads\/2023\/06\/Escuelas-privadas-150x150.jpg",150,150,true],"medium":["https:\/\/laredlarioja.com.ar\/sitio\/wp-content\/uploads\/2023\/06\/Escuelas-privadas-300x136.jpg",300,136,true],"medium_large":["https:\/\/laredlarioja.com.ar\/sitio\/wp-content\/uploads\/2023\/06\/Escuelas-privadas-768x349.jpg",640,291,true],"large":["https:\/\/laredlarioja.com.ar\/sitio\/wp-content\/uploads\/2023\/06\/Escuelas-privadas-1024x465.jpg",640,291,true],"1536x1536":["https:\/\/laredlarioja.com.ar\/sitio\/wp-content\/uploads\/2023\/06\/Escuelas-privadas.jpg",1200,545,false],"2048x2048":["https:\/\/laredlarioja.com.ar\/sitio\/wp-content\/uploads\/2023\/06\/Escuelas-privadas.jpg",1200,545,false],"cvmm-medium":["https:\/\/laredlarioja.com.ar\/sitio\/wp-content\/uploads\/2023\/06\/Escuelas-privadas-300x300.jpg",300,300,true],"cvmm-medium-plus":["https:\/\/laredlarioja.com.ar\/sitio\/wp-content\/uploads\/2023\/06\/Escuelas-privadas-305x207.jpg",305,207,true],"cvmm-portrait":["https:\/\/laredlarioja.com.ar\/sitio\/wp-content\/uploads\/2023\/06\/Escuelas-privadas-400x545.jpg",400,545,true],"cvmm-medium-square":["https:\/\/laredlarioja.com.ar\/sitio\/wp-content\/uploads\/2023\/06\/Escuelas-privadas-600x545.jpg",600,545,true],"cvmm-large":["https:\/\/laredlarioja.com.ar\/sitio\/wp-content\/uploads\/2023\/06\/Escuelas-privadas-1024x545.jpg",1024,545,true],"cvmm-small":["https:\/\/laredlarioja.com.ar\/sitio\/wp-content\/uploads\/2023\/06\/Escuelas-privadas-130x95.jpg",130,95,true],"morenews-large":["https:\/\/laredlarioja.com.ar\/sitio\/wp-content\/uploads\/2023\/06\/Escuelas-privadas-825x545.jpg",825,545,true],"morenews-medium":["https:\/\/laredlarioja.com.ar\/sitio\/wp-content\/uploads\/2023\/06\/Escuelas-privadas-590x410.jpg",590,410,true]},"author_info":{"display_name":"La Red","author_link":"https:\/\/laredlarioja.com.ar\/sitio\/author\/lared\/"},"category_info":"<a href=\"https:\/\/laredlarioja.com.ar\/sitio\/categorias\/informacion-general\/\" rel=\"category tag\">Informaci\u00f3n General<\/a>","tag_info":"Informaci\u00f3n General","comment_count":"0","blog_post_layout_featured_media_urls":{"thumbnail":["https:\/\/laredlarioja.com.ar\/sitio\/wp-content\/uploads\/2023\/06\/Escuelas-privadas-150x150.jpg",150,150,true],"full":["https:\/\/laredlarioja.com.ar\/sitio\/wp-content\/uploads\/2023\/06\/Escuelas-privadas.jpg",1200,545,false]},"categories_names":{"24":{"name":"Informaci\u00f3n General","link":"https:\/\/laredlarioja.com.ar\/sitio\/categorias\/informacion-general\/"}},"tags_names":[],"comments_number":"0","wpmagazine_modules_lite_featured_media_urls":{"thumbnail":["https:\/\/laredlarioja.com.ar\/sitio\/wp-content\/uploads\/2023\/06\/Escuelas-privadas-150x150.jpg",150,150,true],"cvmm-medium":["https:\/\/laredlarioja.com.ar\/sitio\/wp-content\/uploads\/2023\/06\/Escuelas-privadas-300x300.jpg",300,300,true],"cvmm-medium-plus":["https:\/\/laredlarioja.com.ar\/sitio\/wp-content\/uploads\/2023\/06\/Escuelas-privadas-305x207.jpg",305,207,true],"cvmm-portrait":["https:\/\/laredlarioja.com.ar\/sitio\/wp-content\/uploads\/2023\/06\/Escuelas-privadas-400x545.jpg",400,545,true],"cvmm-medium-square":["https:\/\/laredlarioja.com.ar\/sitio\/wp-content\/uploads\/2023\/06\/Escuelas-privadas-600x545.jpg",600,545,true],"cvmm-large":["https:\/\/laredlarioja.com.ar\/sitio\/wp-content\/uploads\/2023\/06\/Escuelas-privadas-1024x545.jpg",1024,545,true],"cvmm-small":["https:\/\/laredlarioja.com.ar\/sitio\/wp-content\/uploads\/2023\/06\/Escuelas-privadas-130x95.jpg",130,95,true],"full":["https:\/\/laredlarioja.com.ar\/sitio\/wp-content\/uploads\/2023\/06\/Escuelas-privadas.jpg",1200,545,false]},"_links":{"self":[{"href":"https:\/\/laredlarioja.com.ar\/sitio\/wp-json\/wp\/v2\/posts\/77276","targetHints":{"allow":["GET"]}}],"collection":[{"href":"https:\/\/laredlarioja.com.ar\/sitio\/wp-json\/wp\/v2\/posts"}],"about":[{"href":"https:\/\/laredlarioja.com.ar\/sitio\/wp-json\/wp\/v2\/types\/post"}],"author":[{"embeddable":true,"href":"https:\/\/laredlarioja.com.ar\/sitio\/wp-json\/wp\/v2\/users\/10"}],"replies":[{"embeddable":true,"href":"https:\/\/laredlarioja.com.ar\/sitio\/wp-json\/wp\/v2\/comments?post=77276"}],"version-history":[{"count":4,"href":"https:\/\/laredlarioja.com.ar\/sitio\/wp-json\/wp\/v2\/posts\/77276\/revisions"}],"predecessor-version":[{"id":77285,"href":"https:\/\/laredlarioja.com.ar\/sitio\/wp-json\/wp\/v2\/posts\/77276\/revisions\/77285"}],"wp:featuredmedia":[{"embeddable":true,"href":"https:\/\/laredlarioja.com.ar\/sitio\/wp-json\/wp\/v2\/media\/32600"}],"wp:attachment":[{"href":"https:\/\/laredlarioja.com.ar\/sitio\/wp-json\/wp\/v2\/media?parent=77276"}],"wp:term":[{"taxonomy":"category","embeddable":true,"href":"https:\/\/laredlarioja.com.ar\/sitio\/wp-json\/wp\/v2\/categories?post=77276"},{"taxonomy":"post_tag","embeddable":true,"href":"https:\/\/laredlarioja.com.ar\/sitio\/wp-json\/wp\/v2\/tags?post=77276"}],"curies":[{"name":"wp","href":"https:\/\/api.w.org\/{rel}","templated":true}]}}