{"id":77504,"date":"2026-04-26T17:53:40","date_gmt":"2026-04-26T17:53:40","guid":{"rendered":"https:\/\/laredlarioja.com.ar\/sitio\/?p=77504"},"modified":"2026-04-26T18:09:19","modified_gmt":"2026-04-26T18:09:19","slug":"protocolo-ante-amenazas-situaciones-de-intervencion-niveles-de-riesgos-y-guia-para-docentes","status":"publish","type":"post","link":"https:\/\/laredlarioja.com.ar\/sitio\/protocolo-ante-amenazas-situaciones-de-intervencion-niveles-de-riesgos-y-guia-para-docentes\/","title":{"rendered":"Protocolo ante amenazas: situaciones de intervenci\u00f3n, niveles de riesgos y gu\u00eda para docentes"},"content":{"rendered":"<p><strong>Bajo la resoluci\u00f3n 0834<\/strong>, el Ministerio de Educaci\u00f3n dejo establecido el <strong>Protocolo Provincial de Actuaci\u00f3n ante manifestaciones de amenazas o presencia de armas en instituciones educativas<\/strong>. El procedimiento, que alcanza tanto a escuelas p\u00fablicas como privadas y todos los niveles educativos de La Rioja,\u00a0 busca \u201cgarantizar la protecci\u00f3n integral de estudiantes y personal educativo con la prevenci\u00f3n de situaciones de riesgo, criterios de intervenci\u00f3n unificados y la promoci\u00f3n de un abordaje pedag\u00f3gico y no exclusivamente punitivo; y sostener la contenci\u00f3n institucional y construir respuestas situadas desde la pedagog\u00eda del cuidado\u201d.<\/p>\n<p><strong>Situaciones de intervenci\u00f3n:<\/strong><\/p>\n<ul>\n<li>Pintadas o escritos con palabras como \u201ctiroteo\u201d, \u201cataque\u201d, etc.<\/li>\n<li>Mensajes en redes sociales grupos de WhatsApp vinculados a la instituci\u00f3n<\/li>\n<li>Amenazas virtuales, verbales, escritas, gestuales y gr\u00e1ficas entre estudiantes,<\/li>\n<li>Cualquier expresi\u00f3n que genere temor o alteraci\u00f3n del clima escolar, posible exhibici\u00f3n del arma para amedrentar.<\/li>\n<\/ul>\n<p><strong>El protocolo establece 8 fases de actuaci\u00f3n.\u00a0<\/strong>Una detectada la situaci\u00f3n se debe registrar por medio de una descripci\u00f3n, se puede agregar evidencias y se debe notificar de inmediato al equipo directivo, supervisi\u00f3n escolar y direcci\u00f3n de niveles y modalidades\u00a0 y la comisar\u00eda mas cercana.\u00a0 Desde\u00a0 la Direcci\u00f3n\/ Rector\u00eda deben realizar la\u00a0 denuncia policial para la intervenci\u00f3n correspondiente.<\/p>\n<p>La evaluaci\u00f3n de riesgo est\u00e1 a cargo del <strong>Personal Policial de Investigaciones<\/strong>, con asistencia de la unidad Penal Juvenil.<\/p>\n<p>Clasificaci\u00f3n:<\/p>\n<ul>\n<li><strong>Riesgo bajo<\/strong>: mensaje aislado sin detalles, aunque se presenten como \u201cbromas\u201d se considera delito de intimidaci\u00f3n p\u00fablica.<\/li>\n<li><strong>Riesgo moderado<\/strong>: reiteraci\u00f3n o ambig\u00fcedad, mensajes de violencia o tiroteo difundidos en redes sociales, retos virales o grupos de WhatsApp, cuando se sospecha que alg\u00fan estudiante tiene un arma de fuego en la escuela, etc.<\/li>\n<li><strong>Riesgo alto<\/strong>: amenaza concreta o inminente, portaci\u00f3n de armas propias o impropias, r\u00e9plicas de armas de fuego que generen el mismo impacto intimidatorio.<\/li>\n<\/ul>\n<p>Se dar\u00e1 intervenci\u00f3n cuando corresponda a:<\/p>\n<ul>\n<li>Direcci\u00f3n de Ni\u00f1ez, Adolescencia y Familia<\/li>\n<li>Servicios de Salud Mental<\/li>\n<li>Fuerzas de Seguridad<\/li>\n<\/ul>\n<p><strong>Intervenci\u00f3n de la Justicia<\/strong><\/p>\n<p>Seg\u00fan lo establecido, desde la Polic\u00eda, en caso de <strong>haberse cometido un delito por un adolescente<\/strong>, dar\u00e1 intervenci\u00f3n a la Secretar\u00eda Penal Juvenil del Juzgado de Familia N\u00b0 4 o Juzgados de Violencias de G\u00e9nero si correspondiere.\u00a0 Desde la Direcci\u00f3n General de Ni\u00f1as, Ni\u00f1os y Adolescentes se dar\u00e1 intervenci\u00f3n al Juzgado de Familia en turno para el control de las medidas excepcionales que se establezcan o para la orden judicial que se requiera. <strong>En el caso que desde el Servicio de Salud Mental\u00a0 se realiza una internaci\u00f3n involuntaria dar\u00e1 comunicaci\u00f3n al Juzgado de Familia en turno para el control de legalidad de la internaci\u00f3n<\/strong>.<\/p>\n<p>Adem\u00e1s de las intervenciones interinstitucionales con varios organismos provinciales, en las escuelas se puede aplicar medidas disciplinarias y\u00a0 debe aplicar una\u00a0 comunicaci\u00f3n institucional que:<\/p>\n<ul>\n<li>Evite la difusi\u00f3n alarmista<\/li>\n<li>Informe de manera clara y responsable<\/li>\n<li><strong>Preserve la identidad de los involucrados estudiantes y sus familias como de docentes, personal educativo, etc<\/strong>.<\/li>\n<li><strong>Evite la circulaci\u00f3n de versiones no verificadas que potencien el p\u00e1nico en redes sociales o grupos de mensajer\u00eda<\/strong>.<\/li>\n<\/ul>\n<p><strong>Gu\u00eda para docentes<\/strong><\/p>\n<p>El protocolo establece la actuaci\u00f3n en el aula ante mensajes o amenazas<\/p>\n<p><strong>\u00bfQu\u00e9 hacer si aparece un mensaje o una amenaza?<\/strong><\/p>\n<p>&#x2714; Mantener la calma<\/p>\n<p>&#x2714; No minimizar ni exagerar la situaci\u00f3n<\/p>\n<p>&#x2714; Evitar comentarios alarmistas frente al grupo<\/p>\n<p>&#x2714; Informar inmediatamente al equipo directivo o referente institucional.<\/p>\n<p>&#x2714; Registrar lo observado (sin intervenir en soledad)<\/p>\n<p>&#x274c; No investigar por cuenta propia<\/p>\n<p>&#x274c; No se\u00f1alar p\u00fablicamente a posibles responsables<\/p>\n<p>&#x274c; No difundir im\u00e1genes o mensajes en redes o grupos<\/p>\n<p><strong>\u00bfC\u00f3mo hablarlo en el aula?<\/strong><\/p>\n<p>Generar un espacio de reflexi\u00f3n sin generar miedo ni \u201cefecto contagio\u201d.<\/p>\n<p>&#x2714; Sugerencias de intervenci\u00f3n:<\/p>\n<ul>\n<li>\u201cA veces circulan mensajes que pueden preocupar. Lo importante es poder hablarlo con adultos.\u201d<\/li>\n<li>\u201cLas palabras tienen efectos. Aunque sea una broma, puede generar miedo en otros.\u201d<\/li>\n<li>\u201cEn la escuela trabajamos para que todas y todos estemos seguros.\u201d<\/li>\n<\/ul>\n<p>&#x274c; Evitar:<\/p>\n<ul>\n<li>\u201cAlguien va a venir armado\u201d<\/li>\n<li>\u201cEsto puede terminar muy mal\u201d (en tono alarmista)<\/li>\n<li>Dar detalles innecesarios del mensaje<\/li>\n<\/ul>\n<p><strong>Preguntas que ayudan a trabajar el tema<\/strong><\/p>\n<ul>\n<li>\u00bfC\u00f3mo creen que se sienten otras personas al ver estos mensajes?<\/li>\n<li>\u00bfPor qu\u00e9 alguien podr\u00eda escribir algo as\u00ed?<\/li>\n<li>\u00bfQu\u00e9 otras formas hay de expresar enojo o pedir ayuda?<\/li>\n<li>\u00bfA qui\u00e9n recurrir\u00edan si algo les preocupa?<\/li>\n<\/ul>\n<p><strong>\u00a0Evitar preguntas tipo interrogatorio o b\u00fasqueda de culpables.<\/strong><\/p>\n<p><strong>Se\u00f1ales de alertas en estudiantes<\/strong><\/p>\n<p>Prestar atenci\u00f3n a:<\/p>\n<ul>\n<li>Aislamiento marcado<\/li>\n<li>Cambios bruscos de conducta<\/li>\n<li>Expresiones de enojo intenso o desesperanza<\/li>\n<li>Comentarios reiterados sobre violencia<\/li>\n<\/ul>\n<p>Ante estas se\u00f1ales, informar al Equipo de Orientaci\u00f3n Escolar.<\/p>\n<p>Fomentar la participaci\u00f3n estudiantil mediante espacios de escucha activa (centros de estudiantes, buzones, etc.). Promover que puedan alertar situaciones de riesgo de forma segura<\/p>\n<p><strong>\u00bfQu\u00e9 ante un comentario preocupante de estudiantes?<\/strong><\/p>\n<p>&#x2714; Escuchar sin juzgar<\/p>\n<p>&#x2714; No confrontar ni desafiar<\/p>\n<p>&#x2714; No prometer confidencialidad absoluta<\/p>\n<p>&#x2714; Informar al equipo directivo<\/p>\n<p><strong>Errores frecuentes<\/strong><\/p>\n<ul>\n<li>Convertir el tema en \u201ctema del d\u00eda\u201d de forma reiterada<\/li>\n<li>Generar miedo o paranoia<\/li>\n<li>Ignorar el hecho \u25cf<\/li>\n<li>Actuar de forma aislada sin el equipo instituci\u00f3n<\/li>\n<\/ul>\n","protected":false},"excerpt":{"rendered":"<p>Bajo la resoluci\u00f3n 0834, el Ministerio de Educaci\u00f3n dejo establecido el Protocolo Provincial de Actuaci\u00f3n ante manifestaciones de<\/p>\n","protected":false},"author":14,"featured_media":77505,"comment_status":"closed","ping_status":"open","sticky":false,"template":"","format":"standard","meta":{"footnotes":""},"categories":[100],"tags":[],"class_list":["post-77504","post","type-post","status-publish","format-standard","has-post-thumbnail","hentry","category-tapa"],"yoast_head":"<!-- This site is optimized with the Yoast SEO plugin v27.4 - https:\/\/yoast.com\/product\/yoast-seo-wordpress\/ -->\n<title>Protocolo ante amenazas: situaciones de intervenci\u00f3n, niveles de riesgos y gu\u00eda para docentes - LA RED 88.3 LA RIOJA<\/title>\n<meta name=\"robots\" content=\"index, follow, max-snippet:-1, max-image-preview:large, max-video-preview:-1\" \/>\n<link rel=\"canonical\" href=\"https:\/\/laredlarioja.com.ar\/sitio\/protocolo-ante-amenazas-situaciones-de-intervencion-niveles-de-riesgos-y-guia-para-docentes\/\" \/>\n<meta property=\"og:locale\" content=\"es_ES\" \/>\n<meta property=\"og:type\" content=\"article\" \/>\n<meta property=\"og:title\" content=\"Protocolo ante amenazas: situaciones de intervenci\u00f3n, niveles de riesgos y gu\u00eda para docentes - LA RED 88.3 LA RIOJA\" \/>\n<meta property=\"og:description\" content=\"Bajo la resoluci\u00f3n 0834, el Ministerio de Educaci\u00f3n dejo establecido el Protocolo Provincial de Actuaci\u00f3n ante manifestaciones de\" \/>\n<meta property=\"og:url\" content=\"https:\/\/laredlarioja.com.ar\/sitio\/protocolo-ante-amenazas-situaciones-de-intervencion-niveles-de-riesgos-y-guia-para-docentes\/\" \/>\n<meta property=\"og:site_name\" content=\"LA RED 88.3 LA RIOJA\" \/>\n<meta property=\"article:publisher\" content=\"https:\/\/www.facebook.com\/lared.larioja\" \/>\n<meta property=\"article:published_time\" content=\"2026-04-26T17:53:40+00:00\" \/>\n<meta property=\"article:modified_time\" content=\"2026-04-26T18:09:19+00:00\" \/>\n<meta property=\"og:image\" content=\"https:\/\/laredlarioja.com.ar\/sitio\/wp-content\/uploads\/2026\/04\/673839230_18355090939236073_5263673459959329805_n.jpeg\" \/>\n\t<meta property=\"og:image:width\" content=\"1439\" \/>\n\t<meta property=\"og:image:height\" content=\"959\" \/>\n\t<meta property=\"og:image:type\" content=\"image\/jpeg\" \/>\n<meta name=\"author\" content=\"Analia Yoma\" \/>\n<meta name=\"twitter:card\" content=\"summary_large_image\" \/>\n<meta name=\"twitter:creator\" content=\"@laredlarioja1\" \/>\n<meta name=\"twitter:site\" content=\"@laredlarioja1\" \/>\n<meta name=\"twitter:label1\" content=\"Escrito por\" \/>\n\t<meta name=\"twitter:data1\" content=\"Analia Yoma\" \/>\n\t<meta name=\"twitter:label2\" content=\"Tiempo de lectura\" \/>\n\t<meta name=\"twitter:data2\" content=\"4 minutos\" \/>\n<script type=\"application\/ld+json\" class=\"yoast-schema-graph\">{\"@context\":\"https:\\\/\\\/schema.org\",\"@graph\":[{\"@type\":\"Article\",\"@id\":\"https:\\\/\\\/laredlarioja.com.ar\\\/sitio\\\/protocolo-ante-amenazas-situaciones-de-intervencion-niveles-de-riesgos-y-guia-para-docentes\\\/#article\",\"isPartOf\":{\"@id\":\"https:\\\/\\\/laredlarioja.com.ar\\\/sitio\\\/protocolo-ante-amenazas-situaciones-de-intervencion-niveles-de-riesgos-y-guia-para-docentes\\\/\"},\"author\":{\"name\":\"Analia Yoma\",\"@id\":\"https:\\\/\\\/laredlarioja.com.ar\\\/sitio\\\/#\\\/schema\\\/person\\\/1ea7f4446827233dde0672e6680cc48b\"},\"headline\":\"Protocolo ante amenazas: situaciones de intervenci\u00f3n, niveles de riesgos y gu\u00eda para docentes\",\"datePublished\":\"2026-04-26T17:53:40+00:00\",\"dateModified\":\"2026-04-26T18:09:19+00:00\",\"mainEntityOfPage\":{\"@id\":\"https:\\\/\\\/laredlarioja.com.ar\\\/sitio\\\/protocolo-ante-amenazas-situaciones-de-intervencion-niveles-de-riesgos-y-guia-para-docentes\\\/\"},\"wordCount\":900,\"publisher\":{\"@id\":\"https:\\\/\\\/laredlarioja.com.ar\\\/sitio\\\/#organization\"},\"image\":{\"@id\":\"https:\\\/\\\/laredlarioja.com.ar\\\/sitio\\\/protocolo-ante-amenazas-situaciones-de-intervencion-niveles-de-riesgos-y-guia-para-docentes\\\/#primaryimage\"},\"thumbnailUrl\":\"https:\\\/\\\/laredlarioja.com.ar\\\/sitio\\\/wp-content\\\/uploads\\\/2026\\\/04\\\/673839230_18355090939236073_5263673459959329805_n.jpeg\",\"articleSection\":[\"Tapa\"],\"inLanguage\":\"es\"},{\"@type\":\"WebPage\",\"@id\":\"https:\\\/\\\/laredlarioja.com.ar\\\/sitio\\\/protocolo-ante-amenazas-situaciones-de-intervencion-niveles-de-riesgos-y-guia-para-docentes\\\/\",\"url\":\"https:\\\/\\\/laredlarioja.com.ar\\\/sitio\\\/protocolo-ante-amenazas-situaciones-de-intervencion-niveles-de-riesgos-y-guia-para-docentes\\\/\",\"name\":\"Protocolo ante amenazas: situaciones de intervenci\u00f3n, niveles de riesgos y gu\u00eda para docentes - LA RED 88.3 LA RIOJA\",\"isPartOf\":{\"@id\":\"https:\\\/\\\/laredlarioja.com.ar\\\/sitio\\\/#website\"},\"primaryImageOfPage\":{\"@id\":\"https:\\\/\\\/laredlarioja.com.ar\\\/sitio\\\/protocolo-ante-amenazas-situaciones-de-intervencion-niveles-de-riesgos-y-guia-para-docentes\\\/#primaryimage\"},\"image\":{\"@id\":\"https:\\\/\\\/laredlarioja.com.ar\\\/sitio\\\/protocolo-ante-amenazas-situaciones-de-intervencion-niveles-de-riesgos-y-guia-para-docentes\\\/#primaryimage\"},\"thumbnailUrl\":\"https:\\\/\\\/laredlarioja.com.ar\\\/sitio\\\/wp-content\\\/uploads\\\/2026\\\/04\\\/673839230_18355090939236073_5263673459959329805_n.jpeg\",\"datePublished\":\"2026-04-26T17:53:40+00:00\",\"dateModified\":\"2026-04-26T18:09:19+00:00\",\"breadcrumb\":{\"@id\":\"https:\\\/\\\/laredlarioja.com.ar\\\/sitio\\\/protocolo-ante-amenazas-situaciones-de-intervencion-niveles-de-riesgos-y-guia-para-docentes\\\/#breadcrumb\"},\"inLanguage\":\"es\",\"potentialAction\":[{\"@type\":\"ReadAction\",\"target\":[\"https:\\\/\\\/laredlarioja.com.ar\\\/sitio\\\/protocolo-ante-amenazas-situaciones-de-intervencion-niveles-de-riesgos-y-guia-para-docentes\\\/\"]}]},{\"@type\":\"ImageObject\",\"inLanguage\":\"es\",\"@id\":\"https:\\\/\\\/laredlarioja.com.ar\\\/sitio\\\/protocolo-ante-amenazas-situaciones-de-intervencion-niveles-de-riesgos-y-guia-para-docentes\\\/#primaryimage\",\"url\":\"https:\\\/\\\/laredlarioja.com.ar\\\/sitio\\\/wp-content\\\/uploads\\\/2026\\\/04\\\/673839230_18355090939236073_5263673459959329805_n.jpeg\",\"contentUrl\":\"https:\\\/\\\/laredlarioja.com.ar\\\/sitio\\\/wp-content\\\/uploads\\\/2026\\\/04\\\/673839230_18355090939236073_5263673459959329805_n.jpeg\",\"width\":1439,\"height\":959},{\"@type\":\"BreadcrumbList\",\"@id\":\"https:\\\/\\\/laredlarioja.com.ar\\\/sitio\\\/protocolo-ante-amenazas-situaciones-de-intervencion-niveles-de-riesgos-y-guia-para-docentes\\\/#breadcrumb\",\"itemListElement\":[{\"@type\":\"ListItem\",\"position\":1,\"name\":\"Portada\",\"item\":\"https:\\\/\\\/laredlarioja.com.ar\\\/sitio\\\/\"},{\"@type\":\"ListItem\",\"position\":2,\"name\":\"Protocolo ante amenazas: situaciones de intervenci\u00f3n, niveles de riesgos y gu\u00eda para docentes\"}]},{\"@type\":\"WebSite\",\"@id\":\"https:\\\/\\\/laredlarioja.com.ar\\\/sitio\\\/#website\",\"url\":\"https:\\\/\\\/laredlarioja.com.ar\\\/sitio\\\/\",\"name\":\"LA RED 88.3 LA RIOJA\",\"description\":\"Sitio de Noticias\",\"publisher\":{\"@id\":\"https:\\\/\\\/laredlarioja.com.ar\\\/sitio\\\/#organization\"},\"potentialAction\":[{\"@type\":\"SearchAction\",\"target\":{\"@type\":\"EntryPoint\",\"urlTemplate\":\"https:\\\/\\\/laredlarioja.com.ar\\\/sitio\\\/?s={search_term_string}\"},\"query-input\":{\"@type\":\"PropertyValueSpecification\",\"valueRequired\":true,\"valueName\":\"search_term_string\"}}],\"inLanguage\":\"es\"},{\"@type\":\"Organization\",\"@id\":\"https:\\\/\\\/laredlarioja.com.ar\\\/sitio\\\/#organization\",\"name\":\"LA RED 88.3 LA RIOJA\",\"url\":\"https:\\\/\\\/laredlarioja.com.ar\\\/sitio\\\/\",\"logo\":{\"@type\":\"ImageObject\",\"inLanguage\":\"es\",\"@id\":\"https:\\\/\\\/laredlarioja.com.ar\\\/sitio\\\/#\\\/schema\\\/logo\\\/image\\\/\",\"url\":\"https:\\\/\\\/laredlarioja.com.ar\\\/sitio\\\/wp-content\\\/uploads\\\/2025\\\/05\\\/LOGO-LA-RED.png\",\"contentUrl\":\"https:\\\/\\\/laredlarioja.com.ar\\\/sitio\\\/wp-content\\\/uploads\\\/2025\\\/05\\\/LOGO-LA-RED.png\",\"width\":193,\"height\":340,\"caption\":\"LA RED 88.3 LA RIOJA\"},\"image\":{\"@id\":\"https:\\\/\\\/laredlarioja.com.ar\\\/sitio\\\/#\\\/schema\\\/logo\\\/image\\\/\"},\"sameAs\":[\"https:\\\/\\\/www.facebook.com\\\/lared.larioja\",\"https:\\\/\\\/x.com\\\/laredlarioja1\",\"https:\\\/\\\/www.instagram.com\\\/lared_larioja\\\/\"]},{\"@type\":\"Person\",\"@id\":\"https:\\\/\\\/laredlarioja.com.ar\\\/sitio\\\/#\\\/schema\\\/person\\\/1ea7f4446827233dde0672e6680cc48b\",\"name\":\"Analia Yoma\",\"sameAs\":[\"https:\\\/\\\/laredlarioja.com.ar\\\/sitio\\\/\"],\"url\":\"https:\\\/\\\/laredlarioja.com.ar\\\/sitio\\\/author\\\/ana\\\/\"}]}<\/script>\n<!-- \/ Yoast SEO plugin. -->","yoast_head_json":{"title":"Protocolo ante amenazas: situaciones de intervenci\u00f3n, niveles de riesgos y gu\u00eda para docentes - LA RED 88.3 LA RIOJA","robots":{"index":"index","follow":"follow","max-snippet":"max-snippet:-1","max-image-preview":"max-image-preview:large","max-video-preview":"max-video-preview:-1"},"canonical":"https:\/\/laredlarioja.com.ar\/sitio\/protocolo-ante-amenazas-situaciones-de-intervencion-niveles-de-riesgos-y-guia-para-docentes\/","og_locale":"es_ES","og_type":"article","og_title":"Protocolo ante amenazas: situaciones de intervenci\u00f3n, niveles de riesgos y gu\u00eda para docentes - LA RED 88.3 LA RIOJA","og_description":"Bajo la resoluci\u00f3n 0834, el Ministerio de Educaci\u00f3n dejo establecido el Protocolo Provincial de Actuaci\u00f3n ante manifestaciones de","og_url":"https:\/\/laredlarioja.com.ar\/sitio\/protocolo-ante-amenazas-situaciones-de-intervencion-niveles-de-riesgos-y-guia-para-docentes\/","og_site_name":"LA RED 88.3 LA RIOJA","article_publisher":"https:\/\/www.facebook.com\/lared.larioja","article_published_time":"2026-04-26T17:53:40+00:00","article_modified_time":"2026-04-26T18:09:19+00:00","og_image":[{"width":1439,"height":959,"url":"https:\/\/laredlarioja.com.ar\/sitio\/wp-content\/uploads\/2026\/04\/673839230_18355090939236073_5263673459959329805_n.jpeg","type":"image\/jpeg"}],"author":"Analia Yoma","twitter_card":"summary_large_image","twitter_creator":"@laredlarioja1","twitter_site":"@laredlarioja1","twitter_misc":{"Escrito por":"Analia Yoma","Tiempo de lectura":"4 minutos"},"schema":{"@context":"https:\/\/schema.org","@graph":[{"@type":"Article","@id":"https:\/\/laredlarioja.com.ar\/sitio\/protocolo-ante-amenazas-situaciones-de-intervencion-niveles-de-riesgos-y-guia-para-docentes\/#article","isPartOf":{"@id":"https:\/\/laredlarioja.com.ar\/sitio\/protocolo-ante-amenazas-situaciones-de-intervencion-niveles-de-riesgos-y-guia-para-docentes\/"},"author":{"name":"Analia Yoma","@id":"https:\/\/laredlarioja.com.ar\/sitio\/#\/schema\/person\/1ea7f4446827233dde0672e6680cc48b"},"headline":"Protocolo ante amenazas: situaciones de intervenci\u00f3n, niveles de riesgos y gu\u00eda para docentes","datePublished":"2026-04-26T17:53:40+00:00","dateModified":"2026-04-26T18:09:19+00:00","mainEntityOfPage":{"@id":"https:\/\/laredlarioja.com.ar\/sitio\/protocolo-ante-amenazas-situaciones-de-intervencion-niveles-de-riesgos-y-guia-para-docentes\/"},"wordCount":900,"publisher":{"@id":"https:\/\/laredlarioja.com.ar\/sitio\/#organization"},"image":{"@id":"https:\/\/laredlarioja.com.ar\/sitio\/protocolo-ante-amenazas-situaciones-de-intervencion-niveles-de-riesgos-y-guia-para-docentes\/#primaryimage"},"thumbnailUrl":"https:\/\/laredlarioja.com.ar\/sitio\/wp-content\/uploads\/2026\/04\/673839230_18355090939236073_5263673459959329805_n.jpeg","articleSection":["Tapa"],"inLanguage":"es"},{"@type":"WebPage","@id":"https:\/\/laredlarioja.com.ar\/sitio\/protocolo-ante-amenazas-situaciones-de-intervencion-niveles-de-riesgos-y-guia-para-docentes\/","url":"https:\/\/laredlarioja.com.ar\/sitio\/protocolo-ante-amenazas-situaciones-de-intervencion-niveles-de-riesgos-y-guia-para-docentes\/","name":"Protocolo ante amenazas: situaciones de intervenci\u00f3n, niveles de riesgos y gu\u00eda para docentes - LA RED 88.3 LA RIOJA","isPartOf":{"@id":"https:\/\/laredlarioja.com.ar\/sitio\/#website"},"primaryImageOfPage":{"@id":"https:\/\/laredlarioja.com.ar\/sitio\/protocolo-ante-amenazas-situaciones-de-intervencion-niveles-de-riesgos-y-guia-para-docentes\/#primaryimage"},"image":{"@id":"https:\/\/laredlarioja.com.ar\/sitio\/protocolo-ante-amenazas-situaciones-de-intervencion-niveles-de-riesgos-y-guia-para-docentes\/#primaryimage"},"thumbnailUrl":"https:\/\/laredlarioja.com.ar\/sitio\/wp-content\/uploads\/2026\/04\/673839230_18355090939236073_5263673459959329805_n.jpeg","datePublished":"2026-04-26T17:53:40+00:00","dateModified":"2026-04-26T18:09:19+00:00","breadcrumb":{"@id":"https:\/\/laredlarioja.com.ar\/sitio\/protocolo-ante-amenazas-situaciones-de-intervencion-niveles-de-riesgos-y-guia-para-docentes\/#breadcrumb"},"inLanguage":"es","potentialAction":[{"@type":"ReadAction","target":["https:\/\/laredlarioja.com.ar\/sitio\/protocolo-ante-amenazas-situaciones-de-intervencion-niveles-de-riesgos-y-guia-para-docentes\/"]}]},{"@type":"ImageObject","inLanguage":"es","@id":"https:\/\/laredlarioja.com.ar\/sitio\/protocolo-ante-amenazas-situaciones-de-intervencion-niveles-de-riesgos-y-guia-para-docentes\/#primaryimage","url":"https:\/\/laredlarioja.com.ar\/sitio\/wp-content\/uploads\/2026\/04\/673839230_18355090939236073_5263673459959329805_n.jpeg","contentUrl":"https:\/\/laredlarioja.com.ar\/sitio\/wp-content\/uploads\/2026\/04\/673839230_18355090939236073_5263673459959329805_n.jpeg","width":1439,"height":959},{"@type":"BreadcrumbList","@id":"https:\/\/laredlarioja.com.ar\/sitio\/protocolo-ante-amenazas-situaciones-de-intervencion-niveles-de-riesgos-y-guia-para-docentes\/#breadcrumb","itemListElement":[{"@type":"ListItem","position":1,"name":"Portada","item":"https:\/\/laredlarioja.com.ar\/sitio\/"},{"@type":"ListItem","position":2,"name":"Protocolo ante amenazas: situaciones de intervenci\u00f3n, niveles de riesgos y gu\u00eda para docentes"}]},{"@type":"WebSite","@id":"https:\/\/laredlarioja.com.ar\/sitio\/#website","url":"https:\/\/laredlarioja.com.ar\/sitio\/","name":"LA RED 88.3 LA RIOJA","description":"Sitio de Noticias","publisher":{"@id":"https:\/\/laredlarioja.com.ar\/sitio\/#organization"},"potentialAction":[{"@type":"SearchAction","target":{"@type":"EntryPoint","urlTemplate":"https:\/\/laredlarioja.com.ar\/sitio\/?s={search_term_string}"},"query-input":{"@type":"PropertyValueSpecification","valueRequired":true,"valueName":"search_term_string"}}],"inLanguage":"es"},{"@type":"Organization","@id":"https:\/\/laredlarioja.com.ar\/sitio\/#organization","name":"LA RED 88.3 LA RIOJA","url":"https:\/\/laredlarioja.com.ar\/sitio\/","logo":{"@type":"ImageObject","inLanguage":"es","@id":"https:\/\/laredlarioja.com.ar\/sitio\/#\/schema\/logo\/image\/","url":"https:\/\/laredlarioja.com.ar\/sitio\/wp-content\/uploads\/2025\/05\/LOGO-LA-RED.png","contentUrl":"https:\/\/laredlarioja.com.ar\/sitio\/wp-content\/uploads\/2025\/05\/LOGO-LA-RED.png","width":193,"height":340,"caption":"LA RED 88.3 LA RIOJA"},"image":{"@id":"https:\/\/laredlarioja.com.ar\/sitio\/#\/schema\/logo\/image\/"},"sameAs":["https:\/\/www.facebook.com\/lared.larioja","https:\/\/x.com\/laredlarioja1","https:\/\/www.instagram.com\/lared_larioja\/"]},{"@type":"Person","@id":"https:\/\/laredlarioja.com.ar\/sitio\/#\/schema\/person\/1ea7f4446827233dde0672e6680cc48b","name":"Analia Yoma","sameAs":["https:\/\/laredlarioja.com.ar\/sitio\/"],"url":"https:\/\/laredlarioja.com.ar\/sitio\/author\/ana\/"}]}},"featured_image_urls":{"full":["https:\/\/laredlarioja.com.ar\/sitio\/wp-content\/uploads\/2026\/04\/673839230_18355090939236073_5263673459959329805_n.jpeg",1439,959,false],"thumbnail":["https:\/\/laredlarioja.com.ar\/sitio\/wp-content\/uploads\/2026\/04\/673839230_18355090939236073_5263673459959329805_n-150x150.jpeg",150,150,true],"medium":["https:\/\/laredlarioja.com.ar\/sitio\/wp-content\/uploads\/2026\/04\/673839230_18355090939236073_5263673459959329805_n-300x200.jpeg",300,200,true],"medium_large":["https:\/\/laredlarioja.com.ar\/sitio\/wp-content\/uploads\/2026\/04\/673839230_18355090939236073_5263673459959329805_n-768x512.jpeg",640,427,true],"large":["https:\/\/laredlarioja.com.ar\/sitio\/wp-content\/uploads\/2026\/04\/673839230_18355090939236073_5263673459959329805_n-1024x682.jpeg",640,426,true],"1536x1536":["https:\/\/laredlarioja.com.ar\/sitio\/wp-content\/uploads\/2026\/04\/673839230_18355090939236073_5263673459959329805_n.jpeg",1439,959,false],"2048x2048":["https:\/\/laredlarioja.com.ar\/sitio\/wp-content\/uploads\/2026\/04\/673839230_18355090939236073_5263673459959329805_n.jpeg",1439,959,false],"cvmm-medium":["https:\/\/laredlarioja.com.ar\/sitio\/wp-content\/uploads\/2026\/04\/673839230_18355090939236073_5263673459959329805_n-300x300.jpeg",300,300,true],"cvmm-medium-plus":["https:\/\/laredlarioja.com.ar\/sitio\/wp-content\/uploads\/2026\/04\/673839230_18355090939236073_5263673459959329805_n-305x207.jpeg",305,207,true],"cvmm-portrait":["https:\/\/laredlarioja.com.ar\/sitio\/wp-content\/uploads\/2026\/04\/673839230_18355090939236073_5263673459959329805_n-400x600.jpeg",400,600,true],"cvmm-medium-square":["https:\/\/laredlarioja.com.ar\/sitio\/wp-content\/uploads\/2026\/04\/673839230_18355090939236073_5263673459959329805_n-600x600.jpeg",600,600,true],"cvmm-large":["https:\/\/laredlarioja.com.ar\/sitio\/wp-content\/uploads\/2026\/04\/673839230_18355090939236073_5263673459959329805_n-1024x959.jpeg",1024,959,true],"cvmm-small":["https:\/\/laredlarioja.com.ar\/sitio\/wp-content\/uploads\/2026\/04\/673839230_18355090939236073_5263673459959329805_n-130x95.jpeg",130,95,true],"morenews-large":["https:\/\/laredlarioja.com.ar\/sitio\/wp-content\/uploads\/2026\/04\/673839230_18355090939236073_5263673459959329805_n-825x575.jpeg",825,575,true],"morenews-medium":["https:\/\/laredlarioja.com.ar\/sitio\/wp-content\/uploads\/2026\/04\/673839230_18355090939236073_5263673459959329805_n-590x410.jpeg",590,410,true]},"author_info":{"display_name":"Analia Yoma","author_link":"https:\/\/laredlarioja.com.ar\/sitio\/author\/ana\/"},"category_info":"<a href=\"https:\/\/laredlarioja.com.ar\/sitio\/categorias\/tapa\/\" rel=\"category tag\">Tapa<\/a>","tag_info":"Tapa","comment_count":"0","blog_post_layout_featured_media_urls":{"thumbnail":["https:\/\/laredlarioja.com.ar\/sitio\/wp-content\/uploads\/2026\/04\/673839230_18355090939236073_5263673459959329805_n-150x150.jpeg",150,150,true],"full":["https:\/\/laredlarioja.com.ar\/sitio\/wp-content\/uploads\/2026\/04\/673839230_18355090939236073_5263673459959329805_n.jpeg",1439,959,false]},"categories_names":{"100":{"name":"Tapa","link":"https:\/\/laredlarioja.com.ar\/sitio\/categorias\/tapa\/"}},"tags_names":[],"comments_number":"0","wpmagazine_modules_lite_featured_media_urls":{"thumbnail":["https:\/\/laredlarioja.com.ar\/sitio\/wp-content\/uploads\/2026\/04\/673839230_18355090939236073_5263673459959329805_n-150x150.jpeg",150,150,true],"cvmm-medium":["https:\/\/laredlarioja.com.ar\/sitio\/wp-content\/uploads\/2026\/04\/673839230_18355090939236073_5263673459959329805_n-300x300.jpeg",300,300,true],"cvmm-medium-plus":["https:\/\/laredlarioja.com.ar\/sitio\/wp-content\/uploads\/2026\/04\/673839230_18355090939236073_5263673459959329805_n-305x207.jpeg",305,207,true],"cvmm-portrait":["https:\/\/laredlarioja.com.ar\/sitio\/wp-content\/uploads\/2026\/04\/673839230_18355090939236073_5263673459959329805_n-400x600.jpeg",400,600,true],"cvmm-medium-square":["https:\/\/laredlarioja.com.ar\/sitio\/wp-content\/uploads\/2026\/04\/673839230_18355090939236073_5263673459959329805_n-600x600.jpeg",600,600,true],"cvmm-large":["https:\/\/laredlarioja.com.ar\/sitio\/wp-content\/uploads\/2026\/04\/673839230_18355090939236073_5263673459959329805_n-1024x959.jpeg",1024,959,true],"cvmm-small":["https:\/\/laredlarioja.com.ar\/sitio\/wp-content\/uploads\/2026\/04\/673839230_18355090939236073_5263673459959329805_n-130x95.jpeg",130,95,true],"full":["https:\/\/laredlarioja.com.ar\/sitio\/wp-content\/uploads\/2026\/04\/673839230_18355090939236073_5263673459959329805_n.jpeg",1439,959,false]},"_links":{"self":[{"href":"https:\/\/laredlarioja.com.ar\/sitio\/wp-json\/wp\/v2\/posts\/77504","targetHints":{"allow":["GET"]}}],"collection":[{"href":"https:\/\/laredlarioja.com.ar\/sitio\/wp-json\/wp\/v2\/posts"}],"about":[{"href":"https:\/\/laredlarioja.com.ar\/sitio\/wp-json\/wp\/v2\/types\/post"}],"author":[{"embeddable":true,"href":"https:\/\/laredlarioja.com.ar\/sitio\/wp-json\/wp\/v2\/users\/14"}],"replies":[{"embeddable":true,"href":"https:\/\/laredlarioja.com.ar\/sitio\/wp-json\/wp\/v2\/comments?post=77504"}],"version-history":[{"count":3,"href":"https:\/\/laredlarioja.com.ar\/sitio\/wp-json\/wp\/v2\/posts\/77504\/revisions"}],"predecessor-version":[{"id":77508,"href":"https:\/\/laredlarioja.com.ar\/sitio\/wp-json\/wp\/v2\/posts\/77504\/revisions\/77508"}],"wp:featuredmedia":[{"embeddable":true,"href":"https:\/\/laredlarioja.com.ar\/sitio\/wp-json\/wp\/v2\/media\/77505"}],"wp:attachment":[{"href":"https:\/\/laredlarioja.com.ar\/sitio\/wp-json\/wp\/v2\/media?parent=77504"}],"wp:term":[{"taxonomy":"category","embeddable":true,"href":"https:\/\/laredlarioja.com.ar\/sitio\/wp-json\/wp\/v2\/categories?post=77504"},{"taxonomy":"post_tag","embeddable":true,"href":"https:\/\/laredlarioja.com.ar\/sitio\/wp-json\/wp\/v2\/tags?post=77504"}],"curies":[{"name":"wp","href":"https:\/\/api.w.org\/{rel}","templated":true}]}}