{"id":77509,"date":"2026-04-26T18:16:23","date_gmt":"2026-04-26T18:16:23","guid":{"rendered":"https:\/\/laredlarioja.com.ar\/sitio\/?p=77509"},"modified":"2026-04-26T18:16:23","modified_gmt":"2026-04-26T18:16:23","slug":"prestadores-de-apos-piden-reunion-con-la-camara-de-diputados-y-el-ministro-de-salud","status":"publish","type":"post","link":"https:\/\/laredlarioja.com.ar\/sitio\/prestadores-de-apos-piden-reunion-con-la-camara-de-diputados-y-el-ministro-de-salud\/","title":{"rendered":"Prestadores de APOS piden reuni\u00f3n con la C\u00e1mara de Diputados y el ministro de Salud"},"content":{"rendered":"<div>Un total de 18 entidades que integran el sector de prestados de la salud ratificaron su preocupaci\u00f3n por la situaci\u00f3n de la obra social provincial APOS y por ello piden una reuni\u00f3n tanto con <strong>el ministro de Salud, Juan Carlos Vergara como con la C\u00e1mara de Diputados<\/strong>. \u00abEsta situaci\u00f3n compromete gravemente la sustentabilidad de las prestaciones, afectando tanto a los profesionales e instituciones como a la calidad y continuidad de la atenci\u00f3n que reciben los pacientes\u00bb, expresa el comunicado.<\/div>\n<div><\/div>\n<div><\/div>\n<div><strong>Comunicado de prensa<\/strong><\/div>\n<div><\/div>\n<div>En el d\u00eda de la fecha, en una reuni\u00f3n llevada a cabo en la sede del Colegio M\u00e9dico Gremial de La Rioja, las 18 entidades que integran el sector de prestadores de salud de la provincia ratifican su profunda preocupaci\u00f3n ante la cr\u00edtica situaci\u00f3n que atraviesa el sector con la obra social provincial APOS.<\/div>\n<div>En este marco, se ha solicitado formalmente a la C\u00e1mara de Diputados una reuni\u00f3n de car\u00e1cter urgente frente al incumplimiento en los pagos adeudados. Se deja constancia de que, a la fecha, solo se ha abonado un porcentaje m\u00ednimo de la deuda correspondiente al mes de diciembre, mientras que algunas instituciones no recibieron pago alguno correspondiente a dicho mes, aclarando que se encuentran totalmente impagos los meses de enero y febrero.<\/div>\n<div><\/div>\n<div>Esta situaci\u00f3n compromete gravemente la sustentabilidad de las prestaciones, afectando tanto a los profesionales e instituciones como a la calidad y continuidad de la atenci\u00f3n que reciben los pacientes.<\/div>\n<div>Asimismo, se ha resuelto solicitar una reuni\u00f3n con el se\u00f1or Ministro de Salud, a fin de abordar de manera directa esta problem\u00e1tica y avanzar en la b\u00fasqueda de soluciones concretas que permitan regularizar la situaci\u00f3n en el corto plazo.<\/div>\n<div>Las entidades firmantes reafirman su compromiso con la salud de la poblaci\u00f3n, pero advierten que resulta indispensable contar con respuestas urgentes y medidas efectivas por parte de las autoridades competentes.<\/div>\n<div><\/div>\n<div>Se deja expresa constancia de que, de no cancelarse el pago de la totalidad de diciembre en el mes en curso, se ver\u00e1n seriamente comprometidos el pago de salarios del personal de las instituciones (cl\u00ednicas, sanatorios, consultorios, colegios de profesionales, entre otros), con el consecuente impacto negativo en la comunidad de la provincia.<\/div>\n<div>Firman:<\/div>\n<div>* Colegio M\u00e9dico Gremial La Rioja<\/div>\n<div>* Consejo M\u00e9dico de la Provincia de La Rioja<\/div>\n<div>* C\u00edrculo de Odont\u00f3logos de La Rioja<\/div>\n<div>* Colegio de Bioqu\u00edmicos<\/div>\n<div>* Colegio de Kinesi\u00f3logos<\/div>\n<div>* Maternidad Privada<\/div>\n<div>* Sanatorio INCOR<\/div>\n<div>* Sanatorio Mercado Luna<\/div>\n<div>* C\u00edrculo de Odont\u00f3logos de Los Llanos y Sur<\/div>\n<div>* Colegio de Nutricionistas<\/div>\n<div>* Instituto IMEV<\/div>\n<div>* Cl\u00ednica ERI<\/div>\n<div>* Sanatorio Rioja<\/div>\n<div>* Cl\u00ednica San Nicol\u00e1s (Chilecito)<\/div>\n<div>* Cl\u00ednica Privada (Chilecito)<\/div>\n<div>* Colegio M\u00e9dico de Los Llanos<\/div>\n<div>* Cl\u00ednica Regional de Los Llanos<\/div>\n<div>* Centro M\u00e9dico C-DIEM<\/div>\n","protected":false},"excerpt":{"rendered":"<p>Un total de 18 entidades que integran el sector de prestados de la salud ratificaron su preocupaci\u00f3n por<\/p>\n","protected":false},"author":14,"featured_media":30743,"comment_status":"closed","ping_status":"open","sticky":false,"template":"","format":"standard","meta":{"footnotes":""},"categories":[100],"tags":[],"class_list":["post-77509","post","type-post","status-publish","format-standard","has-post-thumbnail","hentry","category-tapa"],"yoast_head":"<!-- This site is optimized with the Yoast SEO plugin v27.4 - https:\/\/yoast.com\/product\/yoast-seo-wordpress\/ -->\n<title>Prestadores de APOS piden reuni\u00f3n con la C\u00e1mara de Diputados y el ministro de Salud - LA RED 88.3 LA RIOJA<\/title>\n<meta name=\"robots\" content=\"index, follow, max-snippet:-1, max-image-preview:large, max-video-preview:-1\" \/>\n<link rel=\"canonical\" href=\"https:\/\/laredlarioja.com.ar\/sitio\/prestadores-de-apos-piden-reunion-con-la-camara-de-diputados-y-el-ministro-de-salud\/\" \/>\n<meta property=\"og:locale\" content=\"es_ES\" \/>\n<meta property=\"og:type\" content=\"article\" \/>\n<meta property=\"og:title\" content=\"Prestadores de APOS piden reuni\u00f3n con la C\u00e1mara de Diputados y el ministro de Salud - LA RED 88.3 LA RIOJA\" \/>\n<meta property=\"og:description\" content=\"Un total de 18 entidades que integran el sector de prestados de la salud ratificaron su preocupaci\u00f3n por\" \/>\n<meta property=\"og:url\" content=\"https:\/\/laredlarioja.com.ar\/sitio\/prestadores-de-apos-piden-reunion-con-la-camara-de-diputados-y-el-ministro-de-salud\/\" \/>\n<meta property=\"og:site_name\" content=\"LA RED 88.3 LA RIOJA\" \/>\n<meta property=\"article:publisher\" content=\"https:\/\/www.facebook.com\/lared.larioja\" \/>\n<meta property=\"article:published_time\" content=\"2026-04-26T18:16:23+00:00\" \/>\n<meta property=\"og:image\" content=\"https:\/\/laredlarioja.com.ar\/sitio\/wp-content\/uploads\/2023\/05\/WhatsApp-Image-2023-05-19-at-16.27.55.jpeg\" \/>\n\t<meta property=\"og:image:width\" content=\"1284\" \/>\n\t<meta property=\"og:image:height\" content=\"794\" \/>\n\t<meta property=\"og:image:type\" content=\"image\/jpeg\" \/>\n<meta name=\"author\" content=\"Analia Yoma\" \/>\n<meta name=\"twitter:card\" content=\"summary_large_image\" \/>\n<meta name=\"twitter:creator\" content=\"@laredlarioja1\" \/>\n<meta name=\"twitter:site\" content=\"@laredlarioja1\" \/>\n<meta name=\"twitter:label1\" content=\"Escrito por\" \/>\n\t<meta name=\"twitter:data1\" content=\"Analia Yoma\" \/>\n\t<meta name=\"twitter:label2\" content=\"Tiempo de lectura\" \/>\n\t<meta name=\"twitter:data2\" content=\"3 minutos\" \/>\n<script type=\"application\/ld+json\" class=\"yoast-schema-graph\">{\"@context\":\"https:\\\/\\\/schema.org\",\"@graph\":[{\"@type\":\"Article\",\"@id\":\"https:\\\/\\\/laredlarioja.com.ar\\\/sitio\\\/prestadores-de-apos-piden-reunion-con-la-camara-de-diputados-y-el-ministro-de-salud\\\/#article\",\"isPartOf\":{\"@id\":\"https:\\\/\\\/laredlarioja.com.ar\\\/sitio\\\/prestadores-de-apos-piden-reunion-con-la-camara-de-diputados-y-el-ministro-de-salud\\\/\"},\"author\":{\"name\":\"Analia Yoma\",\"@id\":\"https:\\\/\\\/laredlarioja.com.ar\\\/sitio\\\/#\\\/schema\\\/person\\\/1ea7f4446827233dde0672e6680cc48b\"},\"headline\":\"Prestadores de APOS piden reuni\u00f3n con la C\u00e1mara de Diputados y el ministro de Salud\",\"datePublished\":\"2026-04-26T18:16:23+00:00\",\"mainEntityOfPage\":{\"@id\":\"https:\\\/\\\/laredlarioja.com.ar\\\/sitio\\\/prestadores-de-apos-piden-reunion-con-la-camara-de-diputados-y-el-ministro-de-salud\\\/\"},\"wordCount\":484,\"publisher\":{\"@id\":\"https:\\\/\\\/laredlarioja.com.ar\\\/sitio\\\/#organization\"},\"image\":{\"@id\":\"https:\\\/\\\/laredlarioja.com.ar\\\/sitio\\\/prestadores-de-apos-piden-reunion-con-la-camara-de-diputados-y-el-ministro-de-salud\\\/#primaryimage\"},\"thumbnailUrl\":\"https:\\\/\\\/laredlarioja.com.ar\\\/sitio\\\/wp-content\\\/uploads\\\/2023\\\/05\\\/WhatsApp-Image-2023-05-19-at-16.27.55.jpeg\",\"articleSection\":[\"Tapa\"],\"inLanguage\":\"es\"},{\"@type\":\"WebPage\",\"@id\":\"https:\\\/\\\/laredlarioja.com.ar\\\/sitio\\\/prestadores-de-apos-piden-reunion-con-la-camara-de-diputados-y-el-ministro-de-salud\\\/\",\"url\":\"https:\\\/\\\/laredlarioja.com.ar\\\/sitio\\\/prestadores-de-apos-piden-reunion-con-la-camara-de-diputados-y-el-ministro-de-salud\\\/\",\"name\":\"Prestadores de APOS piden reuni\u00f3n con la C\u00e1mara de Diputados y el ministro de Salud - LA RED 88.3 LA RIOJA\",\"isPartOf\":{\"@id\":\"https:\\\/\\\/laredlarioja.com.ar\\\/sitio\\\/#website\"},\"primaryImageOfPage\":{\"@id\":\"https:\\\/\\\/laredlarioja.com.ar\\\/sitio\\\/prestadores-de-apos-piden-reunion-con-la-camara-de-diputados-y-el-ministro-de-salud\\\/#primaryimage\"},\"image\":{\"@id\":\"https:\\\/\\\/laredlarioja.com.ar\\\/sitio\\\/prestadores-de-apos-piden-reunion-con-la-camara-de-diputados-y-el-ministro-de-salud\\\/#primaryimage\"},\"thumbnailUrl\":\"https:\\\/\\\/laredlarioja.com.ar\\\/sitio\\\/wp-content\\\/uploads\\\/2023\\\/05\\\/WhatsApp-Image-2023-05-19-at-16.27.55.jpeg\",\"datePublished\":\"2026-04-26T18:16:23+00:00\",\"breadcrumb\":{\"@id\":\"https:\\\/\\\/laredlarioja.com.ar\\\/sitio\\\/prestadores-de-apos-piden-reunion-con-la-camara-de-diputados-y-el-ministro-de-salud\\\/#breadcrumb\"},\"inLanguage\":\"es\",\"potentialAction\":[{\"@type\":\"ReadAction\",\"target\":[\"https:\\\/\\\/laredlarioja.com.ar\\\/sitio\\\/prestadores-de-apos-piden-reunion-con-la-camara-de-diputados-y-el-ministro-de-salud\\\/\"]}]},{\"@type\":\"ImageObject\",\"inLanguage\":\"es\",\"@id\":\"https:\\\/\\\/laredlarioja.com.ar\\\/sitio\\\/prestadores-de-apos-piden-reunion-con-la-camara-de-diputados-y-el-ministro-de-salud\\\/#primaryimage\",\"url\":\"https:\\\/\\\/laredlarioja.com.ar\\\/sitio\\\/wp-content\\\/uploads\\\/2023\\\/05\\\/WhatsApp-Image-2023-05-19-at-16.27.55.jpeg\",\"contentUrl\":\"https:\\\/\\\/laredlarioja.com.ar\\\/sitio\\\/wp-content\\\/uploads\\\/2023\\\/05\\\/WhatsApp-Image-2023-05-19-at-16.27.55.jpeg\",\"width\":1284,\"height\":794},{\"@type\":\"BreadcrumbList\",\"@id\":\"https:\\\/\\\/laredlarioja.com.ar\\\/sitio\\\/prestadores-de-apos-piden-reunion-con-la-camara-de-diputados-y-el-ministro-de-salud\\\/#breadcrumb\",\"itemListElement\":[{\"@type\":\"ListItem\",\"position\":1,\"name\":\"Portada\",\"item\":\"https:\\\/\\\/laredlarioja.com.ar\\\/sitio\\\/\"},{\"@type\":\"ListItem\",\"position\":2,\"name\":\"Prestadores de APOS piden reuni\u00f3n con la C\u00e1mara de Diputados y el ministro de Salud\"}]},{\"@type\":\"WebSite\",\"@id\":\"https:\\\/\\\/laredlarioja.com.ar\\\/sitio\\\/#website\",\"url\":\"https:\\\/\\\/laredlarioja.com.ar\\\/sitio\\\/\",\"name\":\"LA RED 88.3 LA RIOJA\",\"description\":\"Sitio de Noticias\",\"publisher\":{\"@id\":\"https:\\\/\\\/laredlarioja.com.ar\\\/sitio\\\/#organization\"},\"potentialAction\":[{\"@type\":\"SearchAction\",\"target\":{\"@type\":\"EntryPoint\",\"urlTemplate\":\"https:\\\/\\\/laredlarioja.com.ar\\\/sitio\\\/?s={search_term_string}\"},\"query-input\":{\"@type\":\"PropertyValueSpecification\",\"valueRequired\":true,\"valueName\":\"search_term_string\"}}],\"inLanguage\":\"es\"},{\"@type\":\"Organization\",\"@id\":\"https:\\\/\\\/laredlarioja.com.ar\\\/sitio\\\/#organization\",\"name\":\"LA RED 88.3 LA RIOJA\",\"url\":\"https:\\\/\\\/laredlarioja.com.ar\\\/sitio\\\/\",\"logo\":{\"@type\":\"ImageObject\",\"inLanguage\":\"es\",\"@id\":\"https:\\\/\\\/laredlarioja.com.ar\\\/sitio\\\/#\\\/schema\\\/logo\\\/image\\\/\",\"url\":\"https:\\\/\\\/laredlarioja.com.ar\\\/sitio\\\/wp-content\\\/uploads\\\/2025\\\/05\\\/LOGO-LA-RED.png\",\"contentUrl\":\"https:\\\/\\\/laredlarioja.com.ar\\\/sitio\\\/wp-content\\\/uploads\\\/2025\\\/05\\\/LOGO-LA-RED.png\",\"width\":193,\"height\":340,\"caption\":\"LA RED 88.3 LA RIOJA\"},\"image\":{\"@id\":\"https:\\\/\\\/laredlarioja.com.ar\\\/sitio\\\/#\\\/schema\\\/logo\\\/image\\\/\"},\"sameAs\":[\"https:\\\/\\\/www.facebook.com\\\/lared.larioja\",\"https:\\\/\\\/x.com\\\/laredlarioja1\",\"https:\\\/\\\/www.instagram.com\\\/lared_larioja\\\/\"]},{\"@type\":\"Person\",\"@id\":\"https:\\\/\\\/laredlarioja.com.ar\\\/sitio\\\/#\\\/schema\\\/person\\\/1ea7f4446827233dde0672e6680cc48b\",\"name\":\"Analia Yoma\",\"sameAs\":[\"https:\\\/\\\/laredlarioja.com.ar\\\/sitio\\\/\"],\"url\":\"https:\\\/\\\/laredlarioja.com.ar\\\/sitio\\\/author\\\/ana\\\/\"}]}<\/script>\n<!-- \/ Yoast SEO plugin. -->","yoast_head_json":{"title":"Prestadores de APOS piden reuni\u00f3n con la C\u00e1mara de Diputados y el ministro de Salud - LA RED 88.3 LA RIOJA","robots":{"index":"index","follow":"follow","max-snippet":"max-snippet:-1","max-image-preview":"max-image-preview:large","max-video-preview":"max-video-preview:-1"},"canonical":"https:\/\/laredlarioja.com.ar\/sitio\/prestadores-de-apos-piden-reunion-con-la-camara-de-diputados-y-el-ministro-de-salud\/","og_locale":"es_ES","og_type":"article","og_title":"Prestadores de APOS piden reuni\u00f3n con la C\u00e1mara de Diputados y el ministro de Salud - LA RED 88.3 LA RIOJA","og_description":"Un total de 18 entidades que integran el sector de prestados de la salud ratificaron su preocupaci\u00f3n por","og_url":"https:\/\/laredlarioja.com.ar\/sitio\/prestadores-de-apos-piden-reunion-con-la-camara-de-diputados-y-el-ministro-de-salud\/","og_site_name":"LA RED 88.3 LA RIOJA","article_publisher":"https:\/\/www.facebook.com\/lared.larioja","article_published_time":"2026-04-26T18:16:23+00:00","og_image":[{"width":1284,"height":794,"url":"https:\/\/laredlarioja.com.ar\/sitio\/wp-content\/uploads\/2023\/05\/WhatsApp-Image-2023-05-19-at-16.27.55.jpeg","type":"image\/jpeg"}],"author":"Analia Yoma","twitter_card":"summary_large_image","twitter_creator":"@laredlarioja1","twitter_site":"@laredlarioja1","twitter_misc":{"Escrito por":"Analia Yoma","Tiempo de lectura":"3 minutos"},"schema":{"@context":"https:\/\/schema.org","@graph":[{"@type":"Article","@id":"https:\/\/laredlarioja.com.ar\/sitio\/prestadores-de-apos-piden-reunion-con-la-camara-de-diputados-y-el-ministro-de-salud\/#article","isPartOf":{"@id":"https:\/\/laredlarioja.com.ar\/sitio\/prestadores-de-apos-piden-reunion-con-la-camara-de-diputados-y-el-ministro-de-salud\/"},"author":{"name":"Analia Yoma","@id":"https:\/\/laredlarioja.com.ar\/sitio\/#\/schema\/person\/1ea7f4446827233dde0672e6680cc48b"},"headline":"Prestadores de APOS piden reuni\u00f3n con la C\u00e1mara de Diputados y el ministro de Salud","datePublished":"2026-04-26T18:16:23+00:00","mainEntityOfPage":{"@id":"https:\/\/laredlarioja.com.ar\/sitio\/prestadores-de-apos-piden-reunion-con-la-camara-de-diputados-y-el-ministro-de-salud\/"},"wordCount":484,"publisher":{"@id":"https:\/\/laredlarioja.com.ar\/sitio\/#organization"},"image":{"@id":"https:\/\/laredlarioja.com.ar\/sitio\/prestadores-de-apos-piden-reunion-con-la-camara-de-diputados-y-el-ministro-de-salud\/#primaryimage"},"thumbnailUrl":"https:\/\/laredlarioja.com.ar\/sitio\/wp-content\/uploads\/2023\/05\/WhatsApp-Image-2023-05-19-at-16.27.55.jpeg","articleSection":["Tapa"],"inLanguage":"es"},{"@type":"WebPage","@id":"https:\/\/laredlarioja.com.ar\/sitio\/prestadores-de-apos-piden-reunion-con-la-camara-de-diputados-y-el-ministro-de-salud\/","url":"https:\/\/laredlarioja.com.ar\/sitio\/prestadores-de-apos-piden-reunion-con-la-camara-de-diputados-y-el-ministro-de-salud\/","name":"Prestadores de APOS piden reuni\u00f3n con la C\u00e1mara de Diputados y el ministro de Salud - LA RED 88.3 LA RIOJA","isPartOf":{"@id":"https:\/\/laredlarioja.com.ar\/sitio\/#website"},"primaryImageOfPage":{"@id":"https:\/\/laredlarioja.com.ar\/sitio\/prestadores-de-apos-piden-reunion-con-la-camara-de-diputados-y-el-ministro-de-salud\/#primaryimage"},"image":{"@id":"https:\/\/laredlarioja.com.ar\/sitio\/prestadores-de-apos-piden-reunion-con-la-camara-de-diputados-y-el-ministro-de-salud\/#primaryimage"},"thumbnailUrl":"https:\/\/laredlarioja.com.ar\/sitio\/wp-content\/uploads\/2023\/05\/WhatsApp-Image-2023-05-19-at-16.27.55.jpeg","datePublished":"2026-04-26T18:16:23+00:00","breadcrumb":{"@id":"https:\/\/laredlarioja.com.ar\/sitio\/prestadores-de-apos-piden-reunion-con-la-camara-de-diputados-y-el-ministro-de-salud\/#breadcrumb"},"inLanguage":"es","potentialAction":[{"@type":"ReadAction","target":["https:\/\/laredlarioja.com.ar\/sitio\/prestadores-de-apos-piden-reunion-con-la-camara-de-diputados-y-el-ministro-de-salud\/"]}]},{"@type":"ImageObject","inLanguage":"es","@id":"https:\/\/laredlarioja.com.ar\/sitio\/prestadores-de-apos-piden-reunion-con-la-camara-de-diputados-y-el-ministro-de-salud\/#primaryimage","url":"https:\/\/laredlarioja.com.ar\/sitio\/wp-content\/uploads\/2023\/05\/WhatsApp-Image-2023-05-19-at-16.27.55.jpeg","contentUrl":"https:\/\/laredlarioja.com.ar\/sitio\/wp-content\/uploads\/2023\/05\/WhatsApp-Image-2023-05-19-at-16.27.55.jpeg","width":1284,"height":794},{"@type":"BreadcrumbList","@id":"https:\/\/laredlarioja.com.ar\/sitio\/prestadores-de-apos-piden-reunion-con-la-camara-de-diputados-y-el-ministro-de-salud\/#breadcrumb","itemListElement":[{"@type":"ListItem","position":1,"name":"Portada","item":"https:\/\/laredlarioja.com.ar\/sitio\/"},{"@type":"ListItem","position":2,"name":"Prestadores de APOS piden reuni\u00f3n con la C\u00e1mara de Diputados y el ministro de Salud"}]},{"@type":"WebSite","@id":"https:\/\/laredlarioja.com.ar\/sitio\/#website","url":"https:\/\/laredlarioja.com.ar\/sitio\/","name":"LA RED 88.3 LA RIOJA","description":"Sitio de Noticias","publisher":{"@id":"https:\/\/laredlarioja.com.ar\/sitio\/#organization"},"potentialAction":[{"@type":"SearchAction","target":{"@type":"EntryPoint","urlTemplate":"https:\/\/laredlarioja.com.ar\/sitio\/?s={search_term_string}"},"query-input":{"@type":"PropertyValueSpecification","valueRequired":true,"valueName":"search_term_string"}}],"inLanguage":"es"},{"@type":"Organization","@id":"https:\/\/laredlarioja.com.ar\/sitio\/#organization","name":"LA RED 88.3 LA RIOJA","url":"https:\/\/laredlarioja.com.ar\/sitio\/","logo":{"@type":"ImageObject","inLanguage":"es","@id":"https:\/\/laredlarioja.com.ar\/sitio\/#\/schema\/logo\/image\/","url":"https:\/\/laredlarioja.com.ar\/sitio\/wp-content\/uploads\/2025\/05\/LOGO-LA-RED.png","contentUrl":"https:\/\/laredlarioja.com.ar\/sitio\/wp-content\/uploads\/2025\/05\/LOGO-LA-RED.png","width":193,"height":340,"caption":"LA RED 88.3 LA RIOJA"},"image":{"@id":"https:\/\/laredlarioja.com.ar\/sitio\/#\/schema\/logo\/image\/"},"sameAs":["https:\/\/www.facebook.com\/lared.larioja","https:\/\/x.com\/laredlarioja1","https:\/\/www.instagram.com\/lared_larioja\/"]},{"@type":"Person","@id":"https:\/\/laredlarioja.com.ar\/sitio\/#\/schema\/person\/1ea7f4446827233dde0672e6680cc48b","name":"Analia Yoma","sameAs":["https:\/\/laredlarioja.com.ar\/sitio\/"],"url":"https:\/\/laredlarioja.com.ar\/sitio\/author\/ana\/"}]}},"featured_image_urls":{"full":["https:\/\/laredlarioja.com.ar\/sitio\/wp-content\/uploads\/2023\/05\/WhatsApp-Image-2023-05-19-at-16.27.55.jpeg",1284,794,false],"thumbnail":["https:\/\/laredlarioja.com.ar\/sitio\/wp-content\/uploads\/2023\/05\/WhatsApp-Image-2023-05-19-at-16.27.55-150x150.jpeg",150,150,true],"medium":["https:\/\/laredlarioja.com.ar\/sitio\/wp-content\/uploads\/2023\/05\/WhatsApp-Image-2023-05-19-at-16.27.55-300x186.jpeg",300,186,true],"medium_large":["https:\/\/laredlarioja.com.ar\/sitio\/wp-content\/uploads\/2023\/05\/WhatsApp-Image-2023-05-19-at-16.27.55-768x475.jpeg",640,396,true],"large":["https:\/\/laredlarioja.com.ar\/sitio\/wp-content\/uploads\/2023\/05\/WhatsApp-Image-2023-05-19-at-16.27.55-1024x633.jpeg",640,396,true],"1536x1536":["https:\/\/laredlarioja.com.ar\/sitio\/wp-content\/uploads\/2023\/05\/WhatsApp-Image-2023-05-19-at-16.27.55.jpeg",1284,794,false],"2048x2048":["https:\/\/laredlarioja.com.ar\/sitio\/wp-content\/uploads\/2023\/05\/WhatsApp-Image-2023-05-19-at-16.27.55.jpeg",1284,794,false],"cvmm-medium":["https:\/\/laredlarioja.com.ar\/sitio\/wp-content\/uploads\/2023\/05\/WhatsApp-Image-2023-05-19-at-16.27.55-300x300.jpeg",300,300,true],"cvmm-medium-plus":["https:\/\/laredlarioja.com.ar\/sitio\/wp-content\/uploads\/2023\/05\/WhatsApp-Image-2023-05-19-at-16.27.55-305x207.jpeg",305,207,true],"cvmm-portrait":["https:\/\/laredlarioja.com.ar\/sitio\/wp-content\/uploads\/2023\/05\/WhatsApp-Image-2023-05-19-at-16.27.55-400x600.jpeg",400,600,true],"cvmm-medium-square":["https:\/\/laredlarioja.com.ar\/sitio\/wp-content\/uploads\/2023\/05\/WhatsApp-Image-2023-05-19-at-16.27.55-600x600.jpeg",600,600,true],"cvmm-large":["https:\/\/laredlarioja.com.ar\/sitio\/wp-content\/uploads\/2023\/05\/WhatsApp-Image-2023-05-19-at-16.27.55-1024x794.jpeg",1024,794,true],"cvmm-small":["https:\/\/laredlarioja.com.ar\/sitio\/wp-content\/uploads\/2023\/05\/WhatsApp-Image-2023-05-19-at-16.27.55-130x95.jpeg",130,95,true],"morenews-large":["https:\/\/laredlarioja.com.ar\/sitio\/wp-content\/uploads\/2023\/05\/WhatsApp-Image-2023-05-19-at-16.27.55-825x575.jpeg",825,575,true],"morenews-medium":["https:\/\/laredlarioja.com.ar\/sitio\/wp-content\/uploads\/2023\/05\/WhatsApp-Image-2023-05-19-at-16.27.55-590x410.jpeg",590,410,true]},"author_info":{"display_name":"Analia Yoma","author_link":"https:\/\/laredlarioja.com.ar\/sitio\/author\/ana\/"},"category_info":"<a href=\"https:\/\/laredlarioja.com.ar\/sitio\/categorias\/tapa\/\" rel=\"category tag\">Tapa<\/a>","tag_info":"Tapa","comment_count":"0","blog_post_layout_featured_media_urls":{"thumbnail":["https:\/\/laredlarioja.com.ar\/sitio\/wp-content\/uploads\/2023\/05\/WhatsApp-Image-2023-05-19-at-16.27.55-150x150.jpeg",150,150,true],"full":["https:\/\/laredlarioja.com.ar\/sitio\/wp-content\/uploads\/2023\/05\/WhatsApp-Image-2023-05-19-at-16.27.55.jpeg",1284,794,false]},"categories_names":{"100":{"name":"Tapa","link":"https:\/\/laredlarioja.com.ar\/sitio\/categorias\/tapa\/"}},"tags_names":[],"comments_number":"0","wpmagazine_modules_lite_featured_media_urls":{"thumbnail":["https:\/\/laredlarioja.com.ar\/sitio\/wp-content\/uploads\/2023\/05\/WhatsApp-Image-2023-05-19-at-16.27.55-150x150.jpeg",150,150,true],"cvmm-medium":["https:\/\/laredlarioja.com.ar\/sitio\/wp-content\/uploads\/2023\/05\/WhatsApp-Image-2023-05-19-at-16.27.55-300x300.jpeg",300,300,true],"cvmm-medium-plus":["https:\/\/laredlarioja.com.ar\/sitio\/wp-content\/uploads\/2023\/05\/WhatsApp-Image-2023-05-19-at-16.27.55-305x207.jpeg",305,207,true],"cvmm-portrait":["https:\/\/laredlarioja.com.ar\/sitio\/wp-content\/uploads\/2023\/05\/WhatsApp-Image-2023-05-19-at-16.27.55-400x600.jpeg",400,600,true],"cvmm-medium-square":["https:\/\/laredlarioja.com.ar\/sitio\/wp-content\/uploads\/2023\/05\/WhatsApp-Image-2023-05-19-at-16.27.55-600x600.jpeg",600,600,true],"cvmm-large":["https:\/\/laredlarioja.com.ar\/sitio\/wp-content\/uploads\/2023\/05\/WhatsApp-Image-2023-05-19-at-16.27.55-1024x794.jpeg",1024,794,true],"cvmm-small":["https:\/\/laredlarioja.com.ar\/sitio\/wp-content\/uploads\/2023\/05\/WhatsApp-Image-2023-05-19-at-16.27.55-130x95.jpeg",130,95,true],"full":["https:\/\/laredlarioja.com.ar\/sitio\/wp-content\/uploads\/2023\/05\/WhatsApp-Image-2023-05-19-at-16.27.55.jpeg",1284,794,false]},"_links":{"self":[{"href":"https:\/\/laredlarioja.com.ar\/sitio\/wp-json\/wp\/v2\/posts\/77509","targetHints":{"allow":["GET"]}}],"collection":[{"href":"https:\/\/laredlarioja.com.ar\/sitio\/wp-json\/wp\/v2\/posts"}],"about":[{"href":"https:\/\/laredlarioja.com.ar\/sitio\/wp-json\/wp\/v2\/types\/post"}],"author":[{"embeddable":true,"href":"https:\/\/laredlarioja.com.ar\/sitio\/wp-json\/wp\/v2\/users\/14"}],"replies":[{"embeddable":true,"href":"https:\/\/laredlarioja.com.ar\/sitio\/wp-json\/wp\/v2\/comments?post=77509"}],"version-history":[{"count":1,"href":"https:\/\/laredlarioja.com.ar\/sitio\/wp-json\/wp\/v2\/posts\/77509\/revisions"}],"predecessor-version":[{"id":77510,"href":"https:\/\/laredlarioja.com.ar\/sitio\/wp-json\/wp\/v2\/posts\/77509\/revisions\/77510"}],"wp:featuredmedia":[{"embeddable":true,"href":"https:\/\/laredlarioja.com.ar\/sitio\/wp-json\/wp\/v2\/media\/30743"}],"wp:attachment":[{"href":"https:\/\/laredlarioja.com.ar\/sitio\/wp-json\/wp\/v2\/media?parent=77509"}],"wp:term":[{"taxonomy":"category","embeddable":true,"href":"https:\/\/laredlarioja.com.ar\/sitio\/wp-json\/wp\/v2\/categories?post=77509"},{"taxonomy":"post_tag","embeddable":true,"href":"https:\/\/laredlarioja.com.ar\/sitio\/wp-json\/wp\/v2\/tags?post=77509"}],"curies":[{"name":"wp","href":"https:\/\/api.w.org\/{rel}","templated":true}]}}