{"id":77565,"date":"2026-04-27T23:06:02","date_gmt":"2026-04-27T23:06:02","guid":{"rendered":"https:\/\/laredlarioja.com.ar\/sitio\/?p=77565"},"modified":"2026-04-27T23:36:06","modified_gmt":"2026-04-27T23:36:06","slug":"se-realizara-campana-de-castracion-masiva-de-gatos-en-el-centro-de-salud-animal","status":"publish","type":"post","link":"https:\/\/laredlarioja.com.ar\/sitio\/se-realizara-campana-de-castracion-masiva-de-gatos-en-el-centro-de-salud-animal\/","title":{"rendered":"Se realizar\u00e1 campa\u00f1a de castraci\u00f3n masiva de gatos en el Centro de Salud Animal"},"content":{"rendered":"<p>En el marco del D\u00eda del Gato, el Centro de Salud Animal del municipio de La Rioja llevar\u00e1 adelante una jornada especial de castraci\u00f3n masiva el pr\u00f3ximo 29 de abril. Se otorgar\u00e1n m\u00e1s de 120 turnos, en una iniciativa que busca promover la tenencia responsable y prevenir enfermedades en felinos. As\u00ed lo indic\u00f3 la directora del \u00e1rea, Mar\u00eda Laura Ag\u00fcero.<\/p>\n<p>En principio, la directora del centro explic\u00f3: \u201c<i>Las castraciones se hacen durante todo el a\u00f1o, pero siempre con turno previo porque es fundamental cumplir con el prequir\u00fargico para garantizar la salud del animal\u201d<\/i>.<\/p>\n<p>Adem\u00e1s, remarc\u00f3 la importancia de esta pr\u00e1ctica: \u201c<i>La castraci\u00f3n no solo evita la reproducci\u00f3n no deseada, sino que tambi\u00e9n previene enfermedades, como algunos tipos de c\u00e1ncer, y mejora la calidad de vida de las mascotas\u201d<\/i>.<\/p>\n<p>Por otra parte, se refiri\u00f3 al desarrollo de la escuela de adiestramiento canino, que actualmente se encuentra en su nivel 2. \u201c<i>En la escuela se ense\u00f1an conductas b\u00e1sicas, como dar la patita o responder a \u00f3rdenes simples, pero lo m\u00e1s importante es el momento familiar que se genera en cada encuentro\u201d,<\/i>\u00a0sostuvo.<\/p>\n<p>En esa l\u00ednea, agreg\u00f3: \u201c<i>Se van formando grupos con los cuidadores, donde tambi\u00e9n se despejan dudas y se acompa\u00f1a el proceso de cada familia\u201d.<\/i><\/p>\n<p>Finalmente, ante la consulta sobre c\u00f3mo abordar conductas problem\u00e1ticas, como la tendencia de algunos animales a romper objetos, recomend\u00f3 sacarlos a pasear, que puedan gastar energ\u00eda, ya que muchas veces esos comportamientos tienen que ver con la falta de actividad.<\/p>\n<p>Los turnos se otorgan a trav\u00e9s del n\u00famero 380 4805158 y los animales deben tener un peso m\u00ednimo de dos kilos para poder ser intervenidos.<\/p>\n<p>FUENTE: EL INDEPENDIENTE<\/p>\n","protected":false},"excerpt":{"rendered":"<p>En el marco del D\u00eda del Gato, el Centro de Salud Animal del municipio de La Rioja llevar\u00e1<\/p>\n","protected":false},"author":7,"featured_media":48153,"comment_status":"closed","ping_status":"open","sticky":false,"template":"","format":"standard","meta":{"footnotes":""},"categories":[94],"tags":[92],"class_list":["post-77565","post","type-post","status-publish","format-standard","has-post-thumbnail","hentry","category-locales","tag-secundarias"],"yoast_head":"<!-- This site is optimized with the Yoast SEO plugin v27.4 - https:\/\/yoast.com\/product\/yoast-seo-wordpress\/ -->\n<title>Se realizar\u00e1 campa\u00f1a de castraci\u00f3n masiva de gatos en el Centro de Salud Animal - LA RED 88.3 LA RIOJA<\/title>\n<meta name=\"robots\" content=\"index, follow, max-snippet:-1, max-image-preview:large, max-video-preview:-1\" \/>\n<link rel=\"canonical\" href=\"https:\/\/laredlarioja.com.ar\/sitio\/se-realizara-campana-de-castracion-masiva-de-gatos-en-el-centro-de-salud-animal\/\" \/>\n<meta property=\"og:locale\" content=\"es_ES\" \/>\n<meta property=\"og:type\" content=\"article\" \/>\n<meta property=\"og:title\" content=\"Se realizar\u00e1 campa\u00f1a de castraci\u00f3n masiva de gatos en el Centro de Salud Animal - LA RED 88.3 LA RIOJA\" \/>\n<meta property=\"og:description\" content=\"En el marco del D\u00eda del Gato, el Centro de Salud Animal del municipio de La Rioja llevar\u00e1\" \/>\n<meta property=\"og:url\" content=\"https:\/\/laredlarioja.com.ar\/sitio\/se-realizara-campana-de-castracion-masiva-de-gatos-en-el-centro-de-salud-animal\/\" \/>\n<meta property=\"og:site_name\" content=\"LA RED 88.3 LA RIOJA\" \/>\n<meta property=\"article:publisher\" content=\"https:\/\/www.facebook.com\/lared.larioja\" \/>\n<meta property=\"article:published_time\" content=\"2026-04-27T23:06:02+00:00\" \/>\n<meta property=\"article:modified_time\" content=\"2026-04-27T23:36:06+00:00\" \/>\n<meta name=\"author\" content=\"Anabella Soria\" \/>\n<meta name=\"twitter:card\" content=\"summary_large_image\" \/>\n<meta name=\"twitter:creator\" content=\"@laredlarioja1\" \/>\n<meta name=\"twitter:site\" content=\"@laredlarioja1\" \/>\n<meta name=\"twitter:label1\" content=\"Escrito por\" \/>\n\t<meta name=\"twitter:data1\" content=\"Anabella Soria\" \/>\n\t<meta name=\"twitter:label2\" content=\"Tiempo de lectura\" \/>\n\t<meta name=\"twitter:data2\" content=\"2 minutos\" \/>\n<script type=\"application\/ld+json\" class=\"yoast-schema-graph\">{\"@context\":\"https:\\\/\\\/schema.org\",\"@graph\":[{\"@type\":\"Article\",\"@id\":\"https:\\\/\\\/laredlarioja.com.ar\\\/sitio\\\/se-realizara-campana-de-castracion-masiva-de-gatos-en-el-centro-de-salud-animal\\\/#article\",\"isPartOf\":{\"@id\":\"https:\\\/\\\/laredlarioja.com.ar\\\/sitio\\\/se-realizara-campana-de-castracion-masiva-de-gatos-en-el-centro-de-salud-animal\\\/\"},\"author\":{\"name\":\"Anabella Soria\",\"@id\":\"https:\\\/\\\/laredlarioja.com.ar\\\/sitio\\\/#\\\/schema\\\/person\\\/31f88059d20c5cf06e974fd895aec56e\"},\"headline\":\"Se realizar\u00e1 campa\u00f1a de castraci\u00f3n masiva de gatos en el Centro de Salud Animal\",\"datePublished\":\"2026-04-27T23:06:02+00:00\",\"dateModified\":\"2026-04-27T23:36:06+00:00\",\"mainEntityOfPage\":{\"@id\":\"https:\\\/\\\/laredlarioja.com.ar\\\/sitio\\\/se-realizara-campana-de-castracion-masiva-de-gatos-en-el-centro-de-salud-animal\\\/\"},\"wordCount\":310,\"publisher\":{\"@id\":\"https:\\\/\\\/laredlarioja.com.ar\\\/sitio\\\/#organization\"},\"image\":{\"@id\":\"https:\\\/\\\/laredlarioja.com.ar\\\/sitio\\\/se-realizara-campana-de-castracion-masiva-de-gatos-en-el-centro-de-salud-animal\\\/#primaryimage\"},\"thumbnailUrl\":\"https:\\\/\\\/laredlarioja.com.ar\\\/sitio\\\/wp-content\\\/uploads\\\/2024\\\/06\\\/787815f6f457-gato-veterinario-t.avif\",\"keywords\":[\"Secundarias\"],\"articleSection\":[\"Locales\"],\"inLanguage\":\"es\"},{\"@type\":\"WebPage\",\"@id\":\"https:\\\/\\\/laredlarioja.com.ar\\\/sitio\\\/se-realizara-campana-de-castracion-masiva-de-gatos-en-el-centro-de-salud-animal\\\/\",\"url\":\"https:\\\/\\\/laredlarioja.com.ar\\\/sitio\\\/se-realizara-campana-de-castracion-masiva-de-gatos-en-el-centro-de-salud-animal\\\/\",\"name\":\"Se realizar\u00e1 campa\u00f1a de castraci\u00f3n masiva de gatos en el Centro de Salud Animal - LA RED 88.3 LA RIOJA\",\"isPartOf\":{\"@id\":\"https:\\\/\\\/laredlarioja.com.ar\\\/sitio\\\/#website\"},\"primaryImageOfPage\":{\"@id\":\"https:\\\/\\\/laredlarioja.com.ar\\\/sitio\\\/se-realizara-campana-de-castracion-masiva-de-gatos-en-el-centro-de-salud-animal\\\/#primaryimage\"},\"image\":{\"@id\":\"https:\\\/\\\/laredlarioja.com.ar\\\/sitio\\\/se-realizara-campana-de-castracion-masiva-de-gatos-en-el-centro-de-salud-animal\\\/#primaryimage\"},\"thumbnailUrl\":\"https:\\\/\\\/laredlarioja.com.ar\\\/sitio\\\/wp-content\\\/uploads\\\/2024\\\/06\\\/787815f6f457-gato-veterinario-t.avif\",\"datePublished\":\"2026-04-27T23:06:02+00:00\",\"dateModified\":\"2026-04-27T23:36:06+00:00\",\"breadcrumb\":{\"@id\":\"https:\\\/\\\/laredlarioja.com.ar\\\/sitio\\\/se-realizara-campana-de-castracion-masiva-de-gatos-en-el-centro-de-salud-animal\\\/#breadcrumb\"},\"inLanguage\":\"es\",\"potentialAction\":[{\"@type\":\"ReadAction\",\"target\":[\"https:\\\/\\\/laredlarioja.com.ar\\\/sitio\\\/se-realizara-campana-de-castracion-masiva-de-gatos-en-el-centro-de-salud-animal\\\/\"]}]},{\"@type\":\"ImageObject\",\"inLanguage\":\"es\",\"@id\":\"https:\\\/\\\/laredlarioja.com.ar\\\/sitio\\\/se-realizara-campana-de-castracion-masiva-de-gatos-en-el-centro-de-salud-animal\\\/#primaryimage\",\"url\":\"https:\\\/\\\/laredlarioja.com.ar\\\/sitio\\\/wp-content\\\/uploads\\\/2024\\\/06\\\/787815f6f457-gato-veterinario-t.avif\",\"contentUrl\":\"https:\\\/\\\/laredlarioja.com.ar\\\/sitio\\\/wp-content\\\/uploads\\\/2024\\\/06\\\/787815f6f457-gato-veterinario-t.avif\",\"width\":1920,\"height\":1080},{\"@type\":\"BreadcrumbList\",\"@id\":\"https:\\\/\\\/laredlarioja.com.ar\\\/sitio\\\/se-realizara-campana-de-castracion-masiva-de-gatos-en-el-centro-de-salud-animal\\\/#breadcrumb\",\"itemListElement\":[{\"@type\":\"ListItem\",\"position\":1,\"name\":\"Portada\",\"item\":\"https:\\\/\\\/laredlarioja.com.ar\\\/sitio\\\/\"},{\"@type\":\"ListItem\",\"position\":2,\"name\":\"Se realizar\u00e1 campa\u00f1a de castraci\u00f3n masiva de gatos en el Centro de Salud Animal\"}]},{\"@type\":\"WebSite\",\"@id\":\"https:\\\/\\\/laredlarioja.com.ar\\\/sitio\\\/#website\",\"url\":\"https:\\\/\\\/laredlarioja.com.ar\\\/sitio\\\/\",\"name\":\"LA RED 88.3 LA RIOJA\",\"description\":\"Sitio de Noticias\",\"publisher\":{\"@id\":\"https:\\\/\\\/laredlarioja.com.ar\\\/sitio\\\/#organization\"},\"potentialAction\":[{\"@type\":\"SearchAction\",\"target\":{\"@type\":\"EntryPoint\",\"urlTemplate\":\"https:\\\/\\\/laredlarioja.com.ar\\\/sitio\\\/?s={search_term_string}\"},\"query-input\":{\"@type\":\"PropertyValueSpecification\",\"valueRequired\":true,\"valueName\":\"search_term_string\"}}],\"inLanguage\":\"es\"},{\"@type\":\"Organization\",\"@id\":\"https:\\\/\\\/laredlarioja.com.ar\\\/sitio\\\/#organization\",\"name\":\"LA RED 88.3 LA RIOJA\",\"url\":\"https:\\\/\\\/laredlarioja.com.ar\\\/sitio\\\/\",\"logo\":{\"@type\":\"ImageObject\",\"inLanguage\":\"es\",\"@id\":\"https:\\\/\\\/laredlarioja.com.ar\\\/sitio\\\/#\\\/schema\\\/logo\\\/image\\\/\",\"url\":\"https:\\\/\\\/laredlarioja.com.ar\\\/sitio\\\/wp-content\\\/uploads\\\/2025\\\/05\\\/LOGO-LA-RED.png\",\"contentUrl\":\"https:\\\/\\\/laredlarioja.com.ar\\\/sitio\\\/wp-content\\\/uploads\\\/2025\\\/05\\\/LOGO-LA-RED.png\",\"width\":193,\"height\":340,\"caption\":\"LA RED 88.3 LA RIOJA\"},\"image\":{\"@id\":\"https:\\\/\\\/laredlarioja.com.ar\\\/sitio\\\/#\\\/schema\\\/logo\\\/image\\\/\"},\"sameAs\":[\"https:\\\/\\\/www.facebook.com\\\/lared.larioja\",\"https:\\\/\\\/x.com\\\/laredlarioja1\",\"https:\\\/\\\/www.instagram.com\\\/lared_larioja\\\/\"]},{\"@type\":\"Person\",\"@id\":\"https:\\\/\\\/laredlarioja.com.ar\\\/sitio\\\/#\\\/schema\\\/person\\\/31f88059d20c5cf06e974fd895aec56e\",\"name\":\"Anabella Soria\",\"url\":\"https:\\\/\\\/laredlarioja.com.ar\\\/sitio\\\/author\\\/asoria\\\/\"}]}<\/script>\n<!-- \/ Yoast SEO plugin. -->","yoast_head_json":{"title":"Se realizar\u00e1 campa\u00f1a de castraci\u00f3n masiva de gatos en el Centro de Salud Animal - LA RED 88.3 LA RIOJA","robots":{"index":"index","follow":"follow","max-snippet":"max-snippet:-1","max-image-preview":"max-image-preview:large","max-video-preview":"max-video-preview:-1"},"canonical":"https:\/\/laredlarioja.com.ar\/sitio\/se-realizara-campana-de-castracion-masiva-de-gatos-en-el-centro-de-salud-animal\/","og_locale":"es_ES","og_type":"article","og_title":"Se realizar\u00e1 campa\u00f1a de castraci\u00f3n masiva de gatos en el Centro de Salud Animal - LA RED 88.3 LA RIOJA","og_description":"En el marco del D\u00eda del Gato, el Centro de Salud Animal del municipio de La Rioja llevar\u00e1","og_url":"https:\/\/laredlarioja.com.ar\/sitio\/se-realizara-campana-de-castracion-masiva-de-gatos-en-el-centro-de-salud-animal\/","og_site_name":"LA RED 88.3 LA RIOJA","article_publisher":"https:\/\/www.facebook.com\/lared.larioja","article_published_time":"2026-04-27T23:06:02+00:00","article_modified_time":"2026-04-27T23:36:06+00:00","author":"Anabella Soria","twitter_card":"summary_large_image","twitter_creator":"@laredlarioja1","twitter_site":"@laredlarioja1","twitter_misc":{"Escrito por":"Anabella Soria","Tiempo de lectura":"2 minutos"},"schema":{"@context":"https:\/\/schema.org","@graph":[{"@type":"Article","@id":"https:\/\/laredlarioja.com.ar\/sitio\/se-realizara-campana-de-castracion-masiva-de-gatos-en-el-centro-de-salud-animal\/#article","isPartOf":{"@id":"https:\/\/laredlarioja.com.ar\/sitio\/se-realizara-campana-de-castracion-masiva-de-gatos-en-el-centro-de-salud-animal\/"},"author":{"name":"Anabella Soria","@id":"https:\/\/laredlarioja.com.ar\/sitio\/#\/schema\/person\/31f88059d20c5cf06e974fd895aec56e"},"headline":"Se realizar\u00e1 campa\u00f1a de castraci\u00f3n masiva de gatos en el Centro de Salud Animal","datePublished":"2026-04-27T23:06:02+00:00","dateModified":"2026-04-27T23:36:06+00:00","mainEntityOfPage":{"@id":"https:\/\/laredlarioja.com.ar\/sitio\/se-realizara-campana-de-castracion-masiva-de-gatos-en-el-centro-de-salud-animal\/"},"wordCount":310,"publisher":{"@id":"https:\/\/laredlarioja.com.ar\/sitio\/#organization"},"image":{"@id":"https:\/\/laredlarioja.com.ar\/sitio\/se-realizara-campana-de-castracion-masiva-de-gatos-en-el-centro-de-salud-animal\/#primaryimage"},"thumbnailUrl":"https:\/\/laredlarioja.com.ar\/sitio\/wp-content\/uploads\/2024\/06\/787815f6f457-gato-veterinario-t.avif","keywords":["Secundarias"],"articleSection":["Locales"],"inLanguage":"es"},{"@type":"WebPage","@id":"https:\/\/laredlarioja.com.ar\/sitio\/se-realizara-campana-de-castracion-masiva-de-gatos-en-el-centro-de-salud-animal\/","url":"https:\/\/laredlarioja.com.ar\/sitio\/se-realizara-campana-de-castracion-masiva-de-gatos-en-el-centro-de-salud-animal\/","name":"Se realizar\u00e1 campa\u00f1a de castraci\u00f3n masiva de gatos en el Centro de Salud Animal - LA RED 88.3 LA RIOJA","isPartOf":{"@id":"https:\/\/laredlarioja.com.ar\/sitio\/#website"},"primaryImageOfPage":{"@id":"https:\/\/laredlarioja.com.ar\/sitio\/se-realizara-campana-de-castracion-masiva-de-gatos-en-el-centro-de-salud-animal\/#primaryimage"},"image":{"@id":"https:\/\/laredlarioja.com.ar\/sitio\/se-realizara-campana-de-castracion-masiva-de-gatos-en-el-centro-de-salud-animal\/#primaryimage"},"thumbnailUrl":"https:\/\/laredlarioja.com.ar\/sitio\/wp-content\/uploads\/2024\/06\/787815f6f457-gato-veterinario-t.avif","datePublished":"2026-04-27T23:06:02+00:00","dateModified":"2026-04-27T23:36:06+00:00","breadcrumb":{"@id":"https:\/\/laredlarioja.com.ar\/sitio\/se-realizara-campana-de-castracion-masiva-de-gatos-en-el-centro-de-salud-animal\/#breadcrumb"},"inLanguage":"es","potentialAction":[{"@type":"ReadAction","target":["https:\/\/laredlarioja.com.ar\/sitio\/se-realizara-campana-de-castracion-masiva-de-gatos-en-el-centro-de-salud-animal\/"]}]},{"@type":"ImageObject","inLanguage":"es","@id":"https:\/\/laredlarioja.com.ar\/sitio\/se-realizara-campana-de-castracion-masiva-de-gatos-en-el-centro-de-salud-animal\/#primaryimage","url":"https:\/\/laredlarioja.com.ar\/sitio\/wp-content\/uploads\/2024\/06\/787815f6f457-gato-veterinario-t.avif","contentUrl":"https:\/\/laredlarioja.com.ar\/sitio\/wp-content\/uploads\/2024\/06\/787815f6f457-gato-veterinario-t.avif","width":1920,"height":1080},{"@type":"BreadcrumbList","@id":"https:\/\/laredlarioja.com.ar\/sitio\/se-realizara-campana-de-castracion-masiva-de-gatos-en-el-centro-de-salud-animal\/#breadcrumb","itemListElement":[{"@type":"ListItem","position":1,"name":"Portada","item":"https:\/\/laredlarioja.com.ar\/sitio\/"},{"@type":"ListItem","position":2,"name":"Se realizar\u00e1 campa\u00f1a de castraci\u00f3n masiva de gatos en el Centro de Salud Animal"}]},{"@type":"WebSite","@id":"https:\/\/laredlarioja.com.ar\/sitio\/#website","url":"https:\/\/laredlarioja.com.ar\/sitio\/","name":"LA RED 88.3 LA RIOJA","description":"Sitio de Noticias","publisher":{"@id":"https:\/\/laredlarioja.com.ar\/sitio\/#organization"},"potentialAction":[{"@type":"SearchAction","target":{"@type":"EntryPoint","urlTemplate":"https:\/\/laredlarioja.com.ar\/sitio\/?s={search_term_string}"},"query-input":{"@type":"PropertyValueSpecification","valueRequired":true,"valueName":"search_term_string"}}],"inLanguage":"es"},{"@type":"Organization","@id":"https:\/\/laredlarioja.com.ar\/sitio\/#organization","name":"LA RED 88.3 LA RIOJA","url":"https:\/\/laredlarioja.com.ar\/sitio\/","logo":{"@type":"ImageObject","inLanguage":"es","@id":"https:\/\/laredlarioja.com.ar\/sitio\/#\/schema\/logo\/image\/","url":"https:\/\/laredlarioja.com.ar\/sitio\/wp-content\/uploads\/2025\/05\/LOGO-LA-RED.png","contentUrl":"https:\/\/laredlarioja.com.ar\/sitio\/wp-content\/uploads\/2025\/05\/LOGO-LA-RED.png","width":193,"height":340,"caption":"LA RED 88.3 LA RIOJA"},"image":{"@id":"https:\/\/laredlarioja.com.ar\/sitio\/#\/schema\/logo\/image\/"},"sameAs":["https:\/\/www.facebook.com\/lared.larioja","https:\/\/x.com\/laredlarioja1","https:\/\/www.instagram.com\/lared_larioja\/"]},{"@type":"Person","@id":"https:\/\/laredlarioja.com.ar\/sitio\/#\/schema\/person\/31f88059d20c5cf06e974fd895aec56e","name":"Anabella Soria","url":"https:\/\/laredlarioja.com.ar\/sitio\/author\/asoria\/"}]}},"featured_image_urls":{"full":["https:\/\/laredlarioja.com.ar\/sitio\/wp-content\/uploads\/2024\/06\/787815f6f457-gato-veterinario-t.avif",1920,1080,false],"thumbnail":["https:\/\/laredlarioja.com.ar\/sitio\/wp-content\/uploads\/2024\/06\/787815f6f457-gato-veterinario-t.avif",150,84,false],"medium":["https:\/\/laredlarioja.com.ar\/sitio\/wp-content\/uploads\/2024\/06\/787815f6f457-gato-veterinario-t.avif",300,169,false],"medium_large":["https:\/\/laredlarioja.com.ar\/sitio\/wp-content\/uploads\/2024\/06\/787815f6f457-gato-veterinario-t.avif",640,360,false],"large":["https:\/\/laredlarioja.com.ar\/sitio\/wp-content\/uploads\/2024\/06\/787815f6f457-gato-veterinario-t.avif",640,360,false],"1536x1536":["https:\/\/laredlarioja.com.ar\/sitio\/wp-content\/uploads\/2024\/06\/787815f6f457-gato-veterinario-t.avif",1536,864,false],"2048x2048":["https:\/\/laredlarioja.com.ar\/sitio\/wp-content\/uploads\/2024\/06\/787815f6f457-gato-veterinario-t.avif",1920,1080,false],"cvmm-medium":["https:\/\/laredlarioja.com.ar\/sitio\/wp-content\/uploads\/2024\/06\/787815f6f457-gato-veterinario-t.avif",300,169,false],"cvmm-medium-plus":["https:\/\/laredlarioja.com.ar\/sitio\/wp-content\/uploads\/2024\/06\/787815f6f457-gato-veterinario-t.avif",305,172,false],"cvmm-portrait":["https:\/\/laredlarioja.com.ar\/sitio\/wp-content\/uploads\/2024\/06\/787815f6f457-gato-veterinario-t.avif",400,225,false],"cvmm-medium-square":["https:\/\/laredlarioja.com.ar\/sitio\/wp-content\/uploads\/2024\/06\/787815f6f457-gato-veterinario-t.avif",600,338,false],"cvmm-large":["https:\/\/laredlarioja.com.ar\/sitio\/wp-content\/uploads\/2024\/06\/787815f6f457-gato-veterinario-t.avif",1024,576,false],"cvmm-small":["https:\/\/laredlarioja.com.ar\/sitio\/wp-content\/uploads\/2024\/06\/787815f6f457-gato-veterinario-t.avif",130,73,false],"morenews-large":["https:\/\/laredlarioja.com.ar\/sitio\/wp-content\/uploads\/2024\/06\/787815f6f457-gato-veterinario-t.avif",825,464,false],"morenews-medium":["https:\/\/laredlarioja.com.ar\/sitio\/wp-content\/uploads\/2024\/06\/787815f6f457-gato-veterinario-t.avif",590,332,false]},"author_info":{"display_name":"Anabella Soria","author_link":"https:\/\/laredlarioja.com.ar\/sitio\/author\/asoria\/"},"category_info":"<a href=\"https:\/\/laredlarioja.com.ar\/sitio\/categorias\/locales\/\" rel=\"category tag\">Locales<\/a>","tag_info":"Locales","comment_count":"0","blog_post_layout_featured_media_urls":{"thumbnail":["https:\/\/laredlarioja.com.ar\/sitio\/wp-content\/uploads\/2024\/06\/787815f6f457-gato-veterinario-t.avif",150,84,false],"full":["https:\/\/laredlarioja.com.ar\/sitio\/wp-content\/uploads\/2024\/06\/787815f6f457-gato-veterinario-t.avif",1920,1080,false]},"categories_names":{"94":{"name":"Locales","link":"https:\/\/laredlarioja.com.ar\/sitio\/categorias\/locales\/"}},"tags_names":{"92":{"name":"Secundarias","link":"https:\/\/laredlarioja.com.ar\/sitio\/etiquetas\/secundarias\/"}},"comments_number":"0","wpmagazine_modules_lite_featured_media_urls":{"thumbnail":["https:\/\/laredlarioja.com.ar\/sitio\/wp-content\/uploads\/2024\/06\/787815f6f457-gato-veterinario-t.avif",150,84,false],"cvmm-medium":["https:\/\/laredlarioja.com.ar\/sitio\/wp-content\/uploads\/2024\/06\/787815f6f457-gato-veterinario-t.avif",300,169,false],"cvmm-medium-plus":["https:\/\/laredlarioja.com.ar\/sitio\/wp-content\/uploads\/2024\/06\/787815f6f457-gato-veterinario-t.avif",305,172,false],"cvmm-portrait":["https:\/\/laredlarioja.com.ar\/sitio\/wp-content\/uploads\/2024\/06\/787815f6f457-gato-veterinario-t.avif",400,225,false],"cvmm-medium-square":["https:\/\/laredlarioja.com.ar\/sitio\/wp-content\/uploads\/2024\/06\/787815f6f457-gato-veterinario-t.avif",600,338,false],"cvmm-large":["https:\/\/laredlarioja.com.ar\/sitio\/wp-content\/uploads\/2024\/06\/787815f6f457-gato-veterinario-t.avif",1024,576,false],"cvmm-small":["https:\/\/laredlarioja.com.ar\/sitio\/wp-content\/uploads\/2024\/06\/787815f6f457-gato-veterinario-t.avif",130,73,false],"full":["https:\/\/laredlarioja.com.ar\/sitio\/wp-content\/uploads\/2024\/06\/787815f6f457-gato-veterinario-t.avif",1920,1080,false]},"_links":{"self":[{"href":"https:\/\/laredlarioja.com.ar\/sitio\/wp-json\/wp\/v2\/posts\/77565","targetHints":{"allow":["GET"]}}],"collection":[{"href":"https:\/\/laredlarioja.com.ar\/sitio\/wp-json\/wp\/v2\/posts"}],"about":[{"href":"https:\/\/laredlarioja.com.ar\/sitio\/wp-json\/wp\/v2\/types\/post"}],"author":[{"embeddable":true,"href":"https:\/\/laredlarioja.com.ar\/sitio\/wp-json\/wp\/v2\/users\/7"}],"replies":[{"embeddable":true,"href":"https:\/\/laredlarioja.com.ar\/sitio\/wp-json\/wp\/v2\/comments?post=77565"}],"version-history":[{"count":3,"href":"https:\/\/laredlarioja.com.ar\/sitio\/wp-json\/wp\/v2\/posts\/77565\/revisions"}],"predecessor-version":[{"id":77568,"href":"https:\/\/laredlarioja.com.ar\/sitio\/wp-json\/wp\/v2\/posts\/77565\/revisions\/77568"}],"wp:featuredmedia":[{"embeddable":true,"href":"https:\/\/laredlarioja.com.ar\/sitio\/wp-json\/wp\/v2\/media\/48153"}],"wp:attachment":[{"href":"https:\/\/laredlarioja.com.ar\/sitio\/wp-json\/wp\/v2\/media?parent=77565"}],"wp:term":[{"taxonomy":"category","embeddable":true,"href":"https:\/\/laredlarioja.com.ar\/sitio\/wp-json\/wp\/v2\/categories?post=77565"},{"taxonomy":"post_tag","embeddable":true,"href":"https:\/\/laredlarioja.com.ar\/sitio\/wp-json\/wp\/v2\/tags?post=77565"}],"curies":[{"name":"wp","href":"https:\/\/api.w.org\/{rel}","templated":true}]}}