{"id":77586,"date":"2026-04-28T11:44:02","date_gmt":"2026-04-28T11:44:02","guid":{"rendered":"https:\/\/laredlarioja.com.ar\/sitio\/?p=77586"},"modified":"2026-04-28T15:40:14","modified_gmt":"2026-04-28T15:40:14","slug":"con-22-anos-fundo-una-startup-que-ya-asiste-a-40-pymes-de-todo-el-pais","status":"publish","type":"post","link":"https:\/\/laredlarioja.com.ar\/sitio\/con-22-anos-fundo-una-startup-que-ya-asiste-a-40-pymes-de-todo-el-pais\/","title":{"rendered":"Con 22 a\u00f1os fund\u00f3 una startup que ya asiste a 40 pymes de todo el pa\u00eds"},"content":{"rendered":"<p data-start=\"74\" data-end=\"432\">Con apenas 22 a\u00f1os, <strong>Mat\u00edas Armani<\/strong> fund\u00f3 una startup tecnol\u00f3gica que hoy acompa\u00f1a a cerca de 40 pymes de todo el pa\u00eds en la organizaci\u00f3n de sus procesos internos, mientras contin\u00faa sus estudios de Ingenier\u00eda Mecatr\u00f3nica y suma reconocimientos como Campe\u00f3n Nacional de Rob\u00f3tica y el premio Joven Empresario Mendocino. <strong>DevFactory es una plataforma de gesti\u00f3n integral para Pymes por suscripci\u00f3n, al estilo Netflix, que cre\u00f3 cuando apenas ten\u00eda 20 a\u00f1os de edad.\u00a0<\/strong><\/p>\n<p data-start=\"434\" data-end=\"660\">En di\u00e1logo con <strong>La Red,<\/strong> Armani cont\u00f3 c\u00f3mo naci\u00f3 su emprendimiento y destac\u00f3 que su principal objetivo es ayudar a las peque\u00f1as y medianas empresas a ser m\u00e1s eficientes mediante herramientas tecnol\u00f3gicas intuitivas y accesibles.<\/p>\n<p data-start=\"662\" data-end=\"805\"><strong>\u201cLa verdad que es un orgullo poder saber que de alguna forma se est\u00e1 ayudando a empresas pymes a que sean lo m\u00e1s eficientes posibles\u201d,<\/strong> expres\u00f3.<\/p>\n<p data-start=\"807\" data-end=\"1049\">Desde muy chico, Mat\u00edas mostr\u00f3 una fuerte inclinaci\u00f3n por la tecnolog\u00eda. \u201cA muy temprana edad ya estaba desarmando los juguetes, desarmando el control del televisor, y me gustaba jugar con eso, con bater\u00edas, motorcitos, luces, leds\u201d, record\u00f3.<\/p>\n<p data-start=\"1051\" data-end=\"1219\">Esa curiosidad lo llev\u00f3 a competir en rob\u00f3tica desde los 13 a\u00f1os y, a los 15, se consagr\u00f3 Campe\u00f3n Nacional de Rob\u00f3tica, una experiencia que marc\u00f3 su camino profesional.<\/p>\n<p data-start=\"1268\" data-end=\"1461\">La startup naci\u00f3 hace aproximadamente dos a\u00f1os y medio, luego de que Armani comenzara a trabajar de cerca con empresas y detectara una problem\u00e1tica repetida: la falta de organizaci\u00f3n y gesti\u00f3n.<\/p>\n<p data-start=\"1463\" data-end=\"1671\">\u201cConectando con empresas y viendo que hab\u00eda un problema com\u00fan, faltaba orden, faltaba gesti\u00f3n, faltaban plataformas para que te ayuden a ordenarte, a gestionar y poder sacar datos, tomar decisiones\u201d, explic\u00f3.<\/p>\n<p data-start=\"1673\" data-end=\"1852\">Seg\u00fan detall\u00f3, muchas pymes todav\u00eda trabajan con m\u00e9todos muy manuales: planillas de Excel para ventas, papeles para recursos humanos y pedidos gestionados \u00fanicamente por WhatsApp.<\/p>\n<p data-start=\"1854\" data-end=\"1921\">\u201cTe dir\u00eda que el 80% de las pymes en Argentina siguen as\u00ed\u201d, afirm\u00f3.<\/p>\n<p data-start=\"1923\" data-end=\"2090\">Frente a esa realidad, desarroll\u00f3 una plataforma que integra distintas \u00e1reas de una empresa: producci\u00f3n, inventario, log\u00edstica, ventas, facturaci\u00f3n y recursos humanos.<\/p>\n<p data-start=\"2092\" data-end=\"2256\">\u201cTe permite poder ordenar, llevar el d\u00eda a d\u00eda operativo de la empresa y eso finalmente te sirve para sacar reportes en tiempo real de lo que se te ocurra\u201d, se\u00f1al\u00f3.<\/p>\n<h3 data-section-id=\"1j12roz\" data-start=\"2258\" data-end=\"2290\">Tecnolog\u00eda pensada para todos<\/h3>\n<p data-start=\"2292\" data-end=\"2447\">Uno de los diferenciales del sistema, explic\u00f3 Armani, es que no est\u00e1 dise\u00f1ado solo para especialistas, sino para cualquier trabajador dentro de la empresa.<\/p>\n<p data-start=\"2449\" data-end=\"2698\">\u201cVos ten\u00e9s sistemas que est\u00e1n pensados para un ingeniero o un consultor, pero esto es diferente. El operario que termina de elaborar un helado, por ejemplo, saca el tel\u00e9fono cuando termina el turno y en tiempo real va cargando lo que hizo\u201d, explic\u00f3.<\/p>\n<p data-start=\"2700\" data-end=\"2865\">La idea, seg\u00fan indic\u00f3, es que toda la estructura de la pyme participe de forma directa, sencilla e intuitiva, \u201ccomo si fuera una aplicaci\u00f3n cualquiera del tel\u00e9fono\u201d.<\/p>\n<p data-start=\"2867\" data-end=\"3013\">El proyecto comenz\u00f3 trabajando con apenas tres empresas. Hoy ya son 40 las pymes que utilizan la plataforma y el equipo de trabajo tambi\u00e9n creci\u00f3. \u201cHoy por suerte ya somos seis personas y a seguir creciendo\u201d, cont\u00f3.<\/p>\n<p data-start=\"3128\" data-end=\"3317\">Consultado sobre el impacto de la inteligencia artificial en el mundo laboral, Armani fue contundente: considera que no solo no hay que temerle, sino que resulta indispensable aprovecharla. \u201cSi hoy una persona o una empresa le tiene miedo a la inteligencia artificial y se reh\u00fasa a usarla, queda fuera de mercado\u201d, asegur\u00f3.<\/p>\n<p data-start=\"3454\" data-end=\"3536\">Incluso explic\u00f3 que su propia startup no habr\u00eda sido posible sin esta herramienta. \u201cLa empresa que hoy llevamos adelante realmente no hubiera sido posible si no existiera la inteligencia artificial. Si no fuera por eso, necesitar\u00eda un equipo de 10 desarrolladores y me ser\u00eda inviable en esta etapa inicial\u201d, afirm\u00f3.<\/p>\n<p data-start=\"3772\" data-end=\"3871\">Para el joven emprendedor, la clave est\u00e1 en saber utilizarla como una herramienta de productividad. \u201cUna empresa que la aprovecha puede con muy pocos recursos trabajar y entregar al mercado el triple. Es lo mismo para una persona\u201d, sostuvo.<\/p>\n<p data-start=\"4015\" data-end=\"4263\" data-is-last-node=\"\" data-is-only-node=\"\">Con una visi\u00f3n innovadora, una fuerte vocaci\u00f3n emprendedora y la tecnolog\u00eda como motor, Mat\u00edas Armani representa una nueva generaci\u00f3n de j\u00f3venes empresarios que buscan transformar la realidad productiva del pa\u00eds desde la eficiencia y la innovaci\u00f3n.<\/p>\n","protected":false},"excerpt":{"rendered":"<p>Con apenas 22 a\u00f1os, Mat\u00edas Armani fund\u00f3 una startup tecnol\u00f3gica que hoy acompa\u00f1a a cerca de 40 pymes<\/p>\n","protected":false},"author":10,"featured_media":77587,"comment_status":"closed","ping_status":"open","sticky":false,"template":"","format":"standard","meta":{"footnotes":""},"categories":[24],"tags":[],"class_list":["post-77586","post","type-post","status-publish","format-standard","has-post-thumbnail","hentry","category-informacion-general"],"yoast_head":"<!-- This site is optimized with the Yoast SEO plugin v27.4 - https:\/\/yoast.com\/product\/yoast-seo-wordpress\/ -->\n<title>Con 22 a\u00f1os fund\u00f3 una startup que ya asiste a 40 pymes de todo el pa\u00eds - LA RED 88.3 LA RIOJA<\/title>\n<meta name=\"robots\" content=\"index, follow, max-snippet:-1, max-image-preview:large, max-video-preview:-1\" \/>\n<link rel=\"canonical\" href=\"https:\/\/laredlarioja.com.ar\/sitio\/con-22-anos-fundo-una-startup-que-ya-asiste-a-40-pymes-de-todo-el-pais\/\" \/>\n<meta property=\"og:locale\" content=\"es_ES\" \/>\n<meta property=\"og:type\" content=\"article\" \/>\n<meta property=\"og:title\" content=\"Con 22 a\u00f1os fund\u00f3 una startup que ya asiste a 40 pymes de todo el pa\u00eds - LA RED 88.3 LA RIOJA\" \/>\n<meta property=\"og:description\" content=\"Con apenas 22 a\u00f1os, Mat\u00edas Armani fund\u00f3 una startup tecnol\u00f3gica que hoy acompa\u00f1a a cerca de 40 pymes\" \/>\n<meta property=\"og:url\" content=\"https:\/\/laredlarioja.com.ar\/sitio\/con-22-anos-fundo-una-startup-que-ya-asiste-a-40-pymes-de-todo-el-pais\/\" \/>\n<meta property=\"og:site_name\" content=\"LA RED 88.3 LA RIOJA\" \/>\n<meta property=\"article:publisher\" content=\"https:\/\/www.facebook.com\/lared.larioja\" \/>\n<meta property=\"article:published_time\" content=\"2026-04-28T11:44:02+00:00\" \/>\n<meta property=\"article:modified_time\" content=\"2026-04-28T15:40:14+00:00\" \/>\n<meta property=\"og:image\" content=\"https:\/\/laredlarioja.com.ar\/sitio\/wp-content\/uploads\/2026\/04\/Matias-Armani.jpg\" \/>\n\t<meta property=\"og:image:width\" content=\"1200\" \/>\n\t<meta property=\"og:image:height\" content=\"740\" \/>\n\t<meta property=\"og:image:type\" content=\"image\/jpeg\" \/>\n<meta name=\"author\" content=\"La Red\" \/>\n<meta name=\"twitter:card\" content=\"summary_large_image\" \/>\n<meta name=\"twitter:creator\" content=\"@laredlarioja1\" \/>\n<meta name=\"twitter:site\" content=\"@laredlarioja1\" \/>\n<meta name=\"twitter:label1\" content=\"Escrito por\" \/>\n\t<meta name=\"twitter:data1\" content=\"La Red\" \/>\n\t<meta name=\"twitter:label2\" content=\"Tiempo de lectura\" \/>\n\t<meta name=\"twitter:data2\" content=\"4 minutos\" \/>\n<script type=\"application\/ld+json\" class=\"yoast-schema-graph\">{\"@context\":\"https:\\\/\\\/schema.org\",\"@graph\":[{\"@type\":\"Article\",\"@id\":\"https:\\\/\\\/laredlarioja.com.ar\\\/sitio\\\/con-22-anos-fundo-una-startup-que-ya-asiste-a-40-pymes-de-todo-el-pais\\\/#article\",\"isPartOf\":{\"@id\":\"https:\\\/\\\/laredlarioja.com.ar\\\/sitio\\\/con-22-anos-fundo-una-startup-que-ya-asiste-a-40-pymes-de-todo-el-pais\\\/\"},\"author\":{\"name\":\"La Red\",\"@id\":\"https:\\\/\\\/laredlarioja.com.ar\\\/sitio\\\/#\\\/schema\\\/person\\\/f1e213867beccedaaa4fb548d9259d9a\"},\"headline\":\"Con 22 a\u00f1os fund\u00f3 una startup que ya asiste a 40 pymes de todo el pa\u00eds\",\"datePublished\":\"2026-04-28T11:44:02+00:00\",\"dateModified\":\"2026-04-28T15:40:14+00:00\",\"mainEntityOfPage\":{\"@id\":\"https:\\\/\\\/laredlarioja.com.ar\\\/sitio\\\/con-22-anos-fundo-una-startup-que-ya-asiste-a-40-pymes-de-todo-el-pais\\\/\"},\"wordCount\":740,\"publisher\":{\"@id\":\"https:\\\/\\\/laredlarioja.com.ar\\\/sitio\\\/#organization\"},\"image\":{\"@id\":\"https:\\\/\\\/laredlarioja.com.ar\\\/sitio\\\/con-22-anos-fundo-una-startup-que-ya-asiste-a-40-pymes-de-todo-el-pais\\\/#primaryimage\"},\"thumbnailUrl\":\"https:\\\/\\\/laredlarioja.com.ar\\\/sitio\\\/wp-content\\\/uploads\\\/2026\\\/04\\\/Matias-Armani.jpg\",\"articleSection\":[\"Informaci\u00f3n General\"],\"inLanguage\":\"es\"},{\"@type\":\"WebPage\",\"@id\":\"https:\\\/\\\/laredlarioja.com.ar\\\/sitio\\\/con-22-anos-fundo-una-startup-que-ya-asiste-a-40-pymes-de-todo-el-pais\\\/\",\"url\":\"https:\\\/\\\/laredlarioja.com.ar\\\/sitio\\\/con-22-anos-fundo-una-startup-que-ya-asiste-a-40-pymes-de-todo-el-pais\\\/\",\"name\":\"Con 22 a\u00f1os fund\u00f3 una startup que ya asiste a 40 pymes de todo el pa\u00eds - LA RED 88.3 LA RIOJA\",\"isPartOf\":{\"@id\":\"https:\\\/\\\/laredlarioja.com.ar\\\/sitio\\\/#website\"},\"primaryImageOfPage\":{\"@id\":\"https:\\\/\\\/laredlarioja.com.ar\\\/sitio\\\/con-22-anos-fundo-una-startup-que-ya-asiste-a-40-pymes-de-todo-el-pais\\\/#primaryimage\"},\"image\":{\"@id\":\"https:\\\/\\\/laredlarioja.com.ar\\\/sitio\\\/con-22-anos-fundo-una-startup-que-ya-asiste-a-40-pymes-de-todo-el-pais\\\/#primaryimage\"},\"thumbnailUrl\":\"https:\\\/\\\/laredlarioja.com.ar\\\/sitio\\\/wp-content\\\/uploads\\\/2026\\\/04\\\/Matias-Armani.jpg\",\"datePublished\":\"2026-04-28T11:44:02+00:00\",\"dateModified\":\"2026-04-28T15:40:14+00:00\",\"breadcrumb\":{\"@id\":\"https:\\\/\\\/laredlarioja.com.ar\\\/sitio\\\/con-22-anos-fundo-una-startup-que-ya-asiste-a-40-pymes-de-todo-el-pais\\\/#breadcrumb\"},\"inLanguage\":\"es\",\"potentialAction\":[{\"@type\":\"ReadAction\",\"target\":[\"https:\\\/\\\/laredlarioja.com.ar\\\/sitio\\\/con-22-anos-fundo-una-startup-que-ya-asiste-a-40-pymes-de-todo-el-pais\\\/\"]}]},{\"@type\":\"ImageObject\",\"inLanguage\":\"es\",\"@id\":\"https:\\\/\\\/laredlarioja.com.ar\\\/sitio\\\/con-22-anos-fundo-una-startup-que-ya-asiste-a-40-pymes-de-todo-el-pais\\\/#primaryimage\",\"url\":\"https:\\\/\\\/laredlarioja.com.ar\\\/sitio\\\/wp-content\\\/uploads\\\/2026\\\/04\\\/Matias-Armani.jpg\",\"contentUrl\":\"https:\\\/\\\/laredlarioja.com.ar\\\/sitio\\\/wp-content\\\/uploads\\\/2026\\\/04\\\/Matias-Armani.jpg\",\"width\":1200,\"height\":740},{\"@type\":\"BreadcrumbList\",\"@id\":\"https:\\\/\\\/laredlarioja.com.ar\\\/sitio\\\/con-22-anos-fundo-una-startup-que-ya-asiste-a-40-pymes-de-todo-el-pais\\\/#breadcrumb\",\"itemListElement\":[{\"@type\":\"ListItem\",\"position\":1,\"name\":\"Portada\",\"item\":\"https:\\\/\\\/laredlarioja.com.ar\\\/sitio\\\/\"},{\"@type\":\"ListItem\",\"position\":2,\"name\":\"Con 22 a\u00f1os fund\u00f3 una startup que ya asiste a 40 pymes de todo el pa\u00eds\"}]},{\"@type\":\"WebSite\",\"@id\":\"https:\\\/\\\/laredlarioja.com.ar\\\/sitio\\\/#website\",\"url\":\"https:\\\/\\\/laredlarioja.com.ar\\\/sitio\\\/\",\"name\":\"LA RED 88.3 LA RIOJA\",\"description\":\"Sitio de Noticias\",\"publisher\":{\"@id\":\"https:\\\/\\\/laredlarioja.com.ar\\\/sitio\\\/#organization\"},\"potentialAction\":[{\"@type\":\"SearchAction\",\"target\":{\"@type\":\"EntryPoint\",\"urlTemplate\":\"https:\\\/\\\/laredlarioja.com.ar\\\/sitio\\\/?s={search_term_string}\"},\"query-input\":{\"@type\":\"PropertyValueSpecification\",\"valueRequired\":true,\"valueName\":\"search_term_string\"}}],\"inLanguage\":\"es\"},{\"@type\":\"Organization\",\"@id\":\"https:\\\/\\\/laredlarioja.com.ar\\\/sitio\\\/#organization\",\"name\":\"LA RED 88.3 LA RIOJA\",\"url\":\"https:\\\/\\\/laredlarioja.com.ar\\\/sitio\\\/\",\"logo\":{\"@type\":\"ImageObject\",\"inLanguage\":\"es\",\"@id\":\"https:\\\/\\\/laredlarioja.com.ar\\\/sitio\\\/#\\\/schema\\\/logo\\\/image\\\/\",\"url\":\"https:\\\/\\\/laredlarioja.com.ar\\\/sitio\\\/wp-content\\\/uploads\\\/2025\\\/05\\\/LOGO-LA-RED.png\",\"contentUrl\":\"https:\\\/\\\/laredlarioja.com.ar\\\/sitio\\\/wp-content\\\/uploads\\\/2025\\\/05\\\/LOGO-LA-RED.png\",\"width\":193,\"height\":340,\"caption\":\"LA RED 88.3 LA RIOJA\"},\"image\":{\"@id\":\"https:\\\/\\\/laredlarioja.com.ar\\\/sitio\\\/#\\\/schema\\\/logo\\\/image\\\/\"},\"sameAs\":[\"https:\\\/\\\/www.facebook.com\\\/lared.larioja\",\"https:\\\/\\\/x.com\\\/laredlarioja1\",\"https:\\\/\\\/www.instagram.com\\\/lared_larioja\\\/\"]},{\"@type\":\"Person\",\"@id\":\"https:\\\/\\\/laredlarioja.com.ar\\\/sitio\\\/#\\\/schema\\\/person\\\/f1e213867beccedaaa4fb548d9259d9a\",\"name\":\"La Red\",\"url\":\"https:\\\/\\\/laredlarioja.com.ar\\\/sitio\\\/author\\\/lared\\\/\"}]}<\/script>\n<!-- \/ Yoast SEO plugin. -->","yoast_head_json":{"title":"Con 22 a\u00f1os fund\u00f3 una startup que ya asiste a 40 pymes de todo el pa\u00eds - LA RED 88.3 LA RIOJA","robots":{"index":"index","follow":"follow","max-snippet":"max-snippet:-1","max-image-preview":"max-image-preview:large","max-video-preview":"max-video-preview:-1"},"canonical":"https:\/\/laredlarioja.com.ar\/sitio\/con-22-anos-fundo-una-startup-que-ya-asiste-a-40-pymes-de-todo-el-pais\/","og_locale":"es_ES","og_type":"article","og_title":"Con 22 a\u00f1os fund\u00f3 una startup que ya asiste a 40 pymes de todo el pa\u00eds - LA RED 88.3 LA RIOJA","og_description":"Con apenas 22 a\u00f1os, Mat\u00edas Armani fund\u00f3 una startup tecnol\u00f3gica que hoy acompa\u00f1a a cerca de 40 pymes","og_url":"https:\/\/laredlarioja.com.ar\/sitio\/con-22-anos-fundo-una-startup-que-ya-asiste-a-40-pymes-de-todo-el-pais\/","og_site_name":"LA RED 88.3 LA RIOJA","article_publisher":"https:\/\/www.facebook.com\/lared.larioja","article_published_time":"2026-04-28T11:44:02+00:00","article_modified_time":"2026-04-28T15:40:14+00:00","og_image":[{"width":1200,"height":740,"url":"https:\/\/laredlarioja.com.ar\/sitio\/wp-content\/uploads\/2026\/04\/Matias-Armani.jpg","type":"image\/jpeg"}],"author":"La Red","twitter_card":"summary_large_image","twitter_creator":"@laredlarioja1","twitter_site":"@laredlarioja1","twitter_misc":{"Escrito por":"La Red","Tiempo de lectura":"4 minutos"},"schema":{"@context":"https:\/\/schema.org","@graph":[{"@type":"Article","@id":"https:\/\/laredlarioja.com.ar\/sitio\/con-22-anos-fundo-una-startup-que-ya-asiste-a-40-pymes-de-todo-el-pais\/#article","isPartOf":{"@id":"https:\/\/laredlarioja.com.ar\/sitio\/con-22-anos-fundo-una-startup-que-ya-asiste-a-40-pymes-de-todo-el-pais\/"},"author":{"name":"La Red","@id":"https:\/\/laredlarioja.com.ar\/sitio\/#\/schema\/person\/f1e213867beccedaaa4fb548d9259d9a"},"headline":"Con 22 a\u00f1os fund\u00f3 una startup que ya asiste a 40 pymes de todo el pa\u00eds","datePublished":"2026-04-28T11:44:02+00:00","dateModified":"2026-04-28T15:40:14+00:00","mainEntityOfPage":{"@id":"https:\/\/laredlarioja.com.ar\/sitio\/con-22-anos-fundo-una-startup-que-ya-asiste-a-40-pymes-de-todo-el-pais\/"},"wordCount":740,"publisher":{"@id":"https:\/\/laredlarioja.com.ar\/sitio\/#organization"},"image":{"@id":"https:\/\/laredlarioja.com.ar\/sitio\/con-22-anos-fundo-una-startup-que-ya-asiste-a-40-pymes-de-todo-el-pais\/#primaryimage"},"thumbnailUrl":"https:\/\/laredlarioja.com.ar\/sitio\/wp-content\/uploads\/2026\/04\/Matias-Armani.jpg","articleSection":["Informaci\u00f3n General"],"inLanguage":"es"},{"@type":"WebPage","@id":"https:\/\/laredlarioja.com.ar\/sitio\/con-22-anos-fundo-una-startup-que-ya-asiste-a-40-pymes-de-todo-el-pais\/","url":"https:\/\/laredlarioja.com.ar\/sitio\/con-22-anos-fundo-una-startup-que-ya-asiste-a-40-pymes-de-todo-el-pais\/","name":"Con 22 a\u00f1os fund\u00f3 una startup que ya asiste a 40 pymes de todo el pa\u00eds - LA RED 88.3 LA RIOJA","isPartOf":{"@id":"https:\/\/laredlarioja.com.ar\/sitio\/#website"},"primaryImageOfPage":{"@id":"https:\/\/laredlarioja.com.ar\/sitio\/con-22-anos-fundo-una-startup-que-ya-asiste-a-40-pymes-de-todo-el-pais\/#primaryimage"},"image":{"@id":"https:\/\/laredlarioja.com.ar\/sitio\/con-22-anos-fundo-una-startup-que-ya-asiste-a-40-pymes-de-todo-el-pais\/#primaryimage"},"thumbnailUrl":"https:\/\/laredlarioja.com.ar\/sitio\/wp-content\/uploads\/2026\/04\/Matias-Armani.jpg","datePublished":"2026-04-28T11:44:02+00:00","dateModified":"2026-04-28T15:40:14+00:00","breadcrumb":{"@id":"https:\/\/laredlarioja.com.ar\/sitio\/con-22-anos-fundo-una-startup-que-ya-asiste-a-40-pymes-de-todo-el-pais\/#breadcrumb"},"inLanguage":"es","potentialAction":[{"@type":"ReadAction","target":["https:\/\/laredlarioja.com.ar\/sitio\/con-22-anos-fundo-una-startup-que-ya-asiste-a-40-pymes-de-todo-el-pais\/"]}]},{"@type":"ImageObject","inLanguage":"es","@id":"https:\/\/laredlarioja.com.ar\/sitio\/con-22-anos-fundo-una-startup-que-ya-asiste-a-40-pymes-de-todo-el-pais\/#primaryimage","url":"https:\/\/laredlarioja.com.ar\/sitio\/wp-content\/uploads\/2026\/04\/Matias-Armani.jpg","contentUrl":"https:\/\/laredlarioja.com.ar\/sitio\/wp-content\/uploads\/2026\/04\/Matias-Armani.jpg","width":1200,"height":740},{"@type":"BreadcrumbList","@id":"https:\/\/laredlarioja.com.ar\/sitio\/con-22-anos-fundo-una-startup-que-ya-asiste-a-40-pymes-de-todo-el-pais\/#breadcrumb","itemListElement":[{"@type":"ListItem","position":1,"name":"Portada","item":"https:\/\/laredlarioja.com.ar\/sitio\/"},{"@type":"ListItem","position":2,"name":"Con 22 a\u00f1os fund\u00f3 una startup que ya asiste a 40 pymes de todo el pa\u00eds"}]},{"@type":"WebSite","@id":"https:\/\/laredlarioja.com.ar\/sitio\/#website","url":"https:\/\/laredlarioja.com.ar\/sitio\/","name":"LA RED 88.3 LA RIOJA","description":"Sitio de Noticias","publisher":{"@id":"https:\/\/laredlarioja.com.ar\/sitio\/#organization"},"potentialAction":[{"@type":"SearchAction","target":{"@type":"EntryPoint","urlTemplate":"https:\/\/laredlarioja.com.ar\/sitio\/?s={search_term_string}"},"query-input":{"@type":"PropertyValueSpecification","valueRequired":true,"valueName":"search_term_string"}}],"inLanguage":"es"},{"@type":"Organization","@id":"https:\/\/laredlarioja.com.ar\/sitio\/#organization","name":"LA RED 88.3 LA RIOJA","url":"https:\/\/laredlarioja.com.ar\/sitio\/","logo":{"@type":"ImageObject","inLanguage":"es","@id":"https:\/\/laredlarioja.com.ar\/sitio\/#\/schema\/logo\/image\/","url":"https:\/\/laredlarioja.com.ar\/sitio\/wp-content\/uploads\/2025\/05\/LOGO-LA-RED.png","contentUrl":"https:\/\/laredlarioja.com.ar\/sitio\/wp-content\/uploads\/2025\/05\/LOGO-LA-RED.png","width":193,"height":340,"caption":"LA RED 88.3 LA RIOJA"},"image":{"@id":"https:\/\/laredlarioja.com.ar\/sitio\/#\/schema\/logo\/image\/"},"sameAs":["https:\/\/www.facebook.com\/lared.larioja","https:\/\/x.com\/laredlarioja1","https:\/\/www.instagram.com\/lared_larioja\/"]},{"@type":"Person","@id":"https:\/\/laredlarioja.com.ar\/sitio\/#\/schema\/person\/f1e213867beccedaaa4fb548d9259d9a","name":"La Red","url":"https:\/\/laredlarioja.com.ar\/sitio\/author\/lared\/"}]}},"featured_image_urls":{"full":["https:\/\/laredlarioja.com.ar\/sitio\/wp-content\/uploads\/2026\/04\/Matias-Armani.jpg",1200,740,false],"thumbnail":["https:\/\/laredlarioja.com.ar\/sitio\/wp-content\/uploads\/2026\/04\/Matias-Armani-150x150.jpg",150,150,true],"medium":["https:\/\/laredlarioja.com.ar\/sitio\/wp-content\/uploads\/2026\/04\/Matias-Armani-300x185.jpg",300,185,true],"medium_large":["https:\/\/laredlarioja.com.ar\/sitio\/wp-content\/uploads\/2026\/04\/Matias-Armani-768x474.jpg",640,395,true],"large":["https:\/\/laredlarioja.com.ar\/sitio\/wp-content\/uploads\/2026\/04\/Matias-Armani-1024x631.jpg",640,394,true],"1536x1536":["https:\/\/laredlarioja.com.ar\/sitio\/wp-content\/uploads\/2026\/04\/Matias-Armani.jpg",1200,740,false],"2048x2048":["https:\/\/laredlarioja.com.ar\/sitio\/wp-content\/uploads\/2026\/04\/Matias-Armani.jpg",1200,740,false],"cvmm-medium":["https:\/\/laredlarioja.com.ar\/sitio\/wp-content\/uploads\/2026\/04\/Matias-Armani-300x300.jpg",300,300,true],"cvmm-medium-plus":["https:\/\/laredlarioja.com.ar\/sitio\/wp-content\/uploads\/2026\/04\/Matias-Armani-305x207.jpg",305,207,true],"cvmm-portrait":["https:\/\/laredlarioja.com.ar\/sitio\/wp-content\/uploads\/2026\/04\/Matias-Armani-400x600.jpg",400,600,true],"cvmm-medium-square":["https:\/\/laredlarioja.com.ar\/sitio\/wp-content\/uploads\/2026\/04\/Matias-Armani-600x600.jpg",600,600,true],"cvmm-large":["https:\/\/laredlarioja.com.ar\/sitio\/wp-content\/uploads\/2026\/04\/Matias-Armani-1024x740.jpg",1024,740,true],"cvmm-small":["https:\/\/laredlarioja.com.ar\/sitio\/wp-content\/uploads\/2026\/04\/Matias-Armani-130x95.jpg",130,95,true],"morenews-large":["https:\/\/laredlarioja.com.ar\/sitio\/wp-content\/uploads\/2026\/04\/Matias-Armani-825x575.jpg",825,575,true],"morenews-medium":["https:\/\/laredlarioja.com.ar\/sitio\/wp-content\/uploads\/2026\/04\/Matias-Armani-590x410.jpg",590,410,true]},"author_info":{"display_name":"La Red","author_link":"https:\/\/laredlarioja.com.ar\/sitio\/author\/lared\/"},"category_info":"<a href=\"https:\/\/laredlarioja.com.ar\/sitio\/categorias\/informacion-general\/\" rel=\"category tag\">Informaci\u00f3n General<\/a>","tag_info":"Informaci\u00f3n General","comment_count":"0","blog_post_layout_featured_media_urls":{"thumbnail":["https:\/\/laredlarioja.com.ar\/sitio\/wp-content\/uploads\/2026\/04\/Matias-Armani-150x150.jpg",150,150,true],"full":["https:\/\/laredlarioja.com.ar\/sitio\/wp-content\/uploads\/2026\/04\/Matias-Armani.jpg",1200,740,false]},"categories_names":{"24":{"name":"Informaci\u00f3n General","link":"https:\/\/laredlarioja.com.ar\/sitio\/categorias\/informacion-general\/"}},"tags_names":[],"comments_number":"0","wpmagazine_modules_lite_featured_media_urls":{"thumbnail":["https:\/\/laredlarioja.com.ar\/sitio\/wp-content\/uploads\/2026\/04\/Matias-Armani-150x150.jpg",150,150,true],"cvmm-medium":["https:\/\/laredlarioja.com.ar\/sitio\/wp-content\/uploads\/2026\/04\/Matias-Armani-300x300.jpg",300,300,true],"cvmm-medium-plus":["https:\/\/laredlarioja.com.ar\/sitio\/wp-content\/uploads\/2026\/04\/Matias-Armani-305x207.jpg",305,207,true],"cvmm-portrait":["https:\/\/laredlarioja.com.ar\/sitio\/wp-content\/uploads\/2026\/04\/Matias-Armani-400x600.jpg",400,600,true],"cvmm-medium-square":["https:\/\/laredlarioja.com.ar\/sitio\/wp-content\/uploads\/2026\/04\/Matias-Armani-600x600.jpg",600,600,true],"cvmm-large":["https:\/\/laredlarioja.com.ar\/sitio\/wp-content\/uploads\/2026\/04\/Matias-Armani-1024x740.jpg",1024,740,true],"cvmm-small":["https:\/\/laredlarioja.com.ar\/sitio\/wp-content\/uploads\/2026\/04\/Matias-Armani-130x95.jpg",130,95,true],"full":["https:\/\/laredlarioja.com.ar\/sitio\/wp-content\/uploads\/2026\/04\/Matias-Armani.jpg",1200,740,false]},"_links":{"self":[{"href":"https:\/\/laredlarioja.com.ar\/sitio\/wp-json\/wp\/v2\/posts\/77586","targetHints":{"allow":["GET"]}}],"collection":[{"href":"https:\/\/laredlarioja.com.ar\/sitio\/wp-json\/wp\/v2\/posts"}],"about":[{"href":"https:\/\/laredlarioja.com.ar\/sitio\/wp-json\/wp\/v2\/types\/post"}],"author":[{"embeddable":true,"href":"https:\/\/laredlarioja.com.ar\/sitio\/wp-json\/wp\/v2\/users\/10"}],"replies":[{"embeddable":true,"href":"https:\/\/laredlarioja.com.ar\/sitio\/wp-json\/wp\/v2\/comments?post=77586"}],"version-history":[{"count":4,"href":"https:\/\/laredlarioja.com.ar\/sitio\/wp-json\/wp\/v2\/posts\/77586\/revisions"}],"predecessor-version":[{"id":77621,"href":"https:\/\/laredlarioja.com.ar\/sitio\/wp-json\/wp\/v2\/posts\/77586\/revisions\/77621"}],"wp:featuredmedia":[{"embeddable":true,"href":"https:\/\/laredlarioja.com.ar\/sitio\/wp-json\/wp\/v2\/media\/77587"}],"wp:attachment":[{"href":"https:\/\/laredlarioja.com.ar\/sitio\/wp-json\/wp\/v2\/media?parent=77586"}],"wp:term":[{"taxonomy":"category","embeddable":true,"href":"https:\/\/laredlarioja.com.ar\/sitio\/wp-json\/wp\/v2\/categories?post=77586"},{"taxonomy":"post_tag","embeddable":true,"href":"https:\/\/laredlarioja.com.ar\/sitio\/wp-json\/wp\/v2\/tags?post=77586"}],"curies":[{"name":"wp","href":"https:\/\/api.w.org\/{rel}","templated":true}]}}