{"id":77600,"date":"2026-04-28T12:07:25","date_gmt":"2026-04-28T12:07:25","guid":{"rendered":"https:\/\/laredlarioja.com.ar\/sitio\/?p=77600"},"modified":"2026-04-28T12:07:25","modified_gmt":"2026-04-28T12:07:25","slug":"trump-descarta-la-ultima-propuesta-de-iran-para-el-fin-de-la-guerra-en-medio-oriente","status":"publish","type":"post","link":"https:\/\/laredlarioja.com.ar\/sitio\/trump-descarta-la-ultima-propuesta-de-iran-para-el-fin-de-la-guerra-en-medio-oriente\/","title":{"rendered":"Trump descarta la \u00faltima propuesta de Ir\u00e1n para el fin de la guerra en Medio Oriente"},"content":{"rendered":"<p>El presidente de Estados Unidos,\u00a0<strong>Donald Trump<\/strong><strong>,<\/strong>\u00a0no est\u00e1 conforme con la \u00faltima propuesta de paz de Ir\u00e1n para<strong>\u00a0reabrir el estrecho de Ormuz y dejar las negociaciones sobre el programa nuclear iran\u00ed para una etapa posterior,<\/strong>\u00a0seg\u00fan informaron medios estadounidenses que citaron a funcionarios de la Casa Blanca.<\/p>\n<p>El mandatario debati\u00f3 la propuesta de Ir\u00e1n con sus principales asesores de seguridad nacional en una reuni\u00f3n celebrada en la Sala de Crisis de la Casa Blanca el lunes por la tarde.<\/p>\n<p title=\"__IP__\" data-ipspy=\"__IP__\">Tras la reuni\u00f3n, una de las personas que asisti\u00f3 afirm\u00f3 que era poco probable que Trump aceptara la propuesta de Ir\u00e1n, inform\u00f3 la CNN. Por otro lado, un funcionario estadounidense declar\u00f3 a The New York Times que<strong>\u00a0aceptar la propuesta podr\u00eda interpretarse como una negaci\u00f3n de la victoria de Trump,<\/strong> ya que el presidente insisti\u00f3 reiteradamente que Ir\u00e1n no puede tener armas nucleares<\/p>\n<p>Adem\u00e1s, el secretario de Estado de EE. UU.,\u00a0<strong>Marco Rubio,<\/strong>\u00a0afirm\u00f3 que la nueva propuesta de Ir\u00e1n \u00abes mejor de lo que pens\u00e1bamos que iban a presentar\u00bb, pero subray\u00f3 que<strong>\u00a0cualquier acuerdo debe impedir que Teher\u00e1n desarrolle un arma nuclear,<\/strong>\u00a0en una entrevista con Fox News.<\/p>\n","protected":false},"excerpt":{"rendered":"<p>El presidente de Estados Unidos,\u00a0Donald Trump,\u00a0no est\u00e1 conforme con la \u00faltima propuesta de paz de Ir\u00e1n para\u00a0reabrir el<\/p>\n","protected":false},"author":10,"featured_media":67857,"comment_status":"closed","ping_status":"open","sticky":false,"template":"","format":"standard","meta":{"footnotes":""},"categories":[93],"tags":[],"class_list":["post-77600","post","type-post","status-publish","format-standard","has-post-thumbnail","hentry","category-internacionales"],"yoast_head":"<!-- This site is optimized with the Yoast SEO plugin v27.4 - https:\/\/yoast.com\/product\/yoast-seo-wordpress\/ -->\n<title>Trump descarta la \u00faltima propuesta de Ir\u00e1n para el fin de la guerra en Medio Oriente - LA RED 88.3 LA RIOJA<\/title>\n<meta name=\"robots\" content=\"index, follow, max-snippet:-1, max-image-preview:large, max-video-preview:-1\" \/>\n<link rel=\"canonical\" href=\"https:\/\/laredlarioja.com.ar\/sitio\/trump-descarta-la-ultima-propuesta-de-iran-para-el-fin-de-la-guerra-en-medio-oriente\/\" \/>\n<meta property=\"og:locale\" content=\"es_ES\" \/>\n<meta property=\"og:type\" content=\"article\" \/>\n<meta property=\"og:title\" content=\"Trump descarta la \u00faltima propuesta de Ir\u00e1n para el fin de la guerra en Medio Oriente - LA RED 88.3 LA RIOJA\" \/>\n<meta property=\"og:description\" content=\"El presidente de Estados Unidos,\u00a0Donald Trump,\u00a0no est\u00e1 conforme con la \u00faltima propuesta de paz de Ir\u00e1n para\u00a0reabrir el\" \/>\n<meta property=\"og:url\" content=\"https:\/\/laredlarioja.com.ar\/sitio\/trump-descarta-la-ultima-propuesta-de-iran-para-el-fin-de-la-guerra-en-medio-oriente\/\" \/>\n<meta property=\"og:site_name\" content=\"LA RED 88.3 LA RIOJA\" \/>\n<meta property=\"article:publisher\" content=\"https:\/\/www.facebook.com\/lared.larioja\" \/>\n<meta property=\"article:published_time\" content=\"2026-04-28T12:07:25+00:00\" \/>\n<meta property=\"og:image\" content=\"https:\/\/laredlarioja.com.ar\/sitio\/wp-content\/uploads\/2025\/10\/2025-09-30t152830z-1521167252-rc2f2hasl0ei-rtrmadp-3-usa-trump.jpg\" \/>\n\t<meta property=\"og:image:width\" content=\"780\" \/>\n\t<meta property=\"og:image:height\" content=\"438\" \/>\n\t<meta property=\"og:image:type\" content=\"image\/jpeg\" \/>\n<meta name=\"author\" content=\"La Red\" \/>\n<meta name=\"twitter:card\" content=\"summary_large_image\" \/>\n<meta name=\"twitter:creator\" content=\"@laredlarioja1\" \/>\n<meta name=\"twitter:site\" content=\"@laredlarioja1\" \/>\n<meta name=\"twitter:label1\" content=\"Escrito por\" \/>\n\t<meta name=\"twitter:data1\" content=\"La Red\" \/>\n\t<meta name=\"twitter:label2\" content=\"Tiempo de lectura\" \/>\n\t<meta name=\"twitter:data2\" content=\"1 minuto\" \/>\n<script type=\"application\/ld+json\" class=\"yoast-schema-graph\">{\"@context\":\"https:\\\/\\\/schema.org\",\"@graph\":[{\"@type\":\"Article\",\"@id\":\"https:\\\/\\\/laredlarioja.com.ar\\\/sitio\\\/trump-descarta-la-ultima-propuesta-de-iran-para-el-fin-de-la-guerra-en-medio-oriente\\\/#article\",\"isPartOf\":{\"@id\":\"https:\\\/\\\/laredlarioja.com.ar\\\/sitio\\\/trump-descarta-la-ultima-propuesta-de-iran-para-el-fin-de-la-guerra-en-medio-oriente\\\/\"},\"author\":{\"name\":\"La Red\",\"@id\":\"https:\\\/\\\/laredlarioja.com.ar\\\/sitio\\\/#\\\/schema\\\/person\\\/f1e213867beccedaaa4fb548d9259d9a\"},\"headline\":\"Trump descarta la \u00faltima propuesta de Ir\u00e1n para el fin de la guerra en Medio Oriente\",\"datePublished\":\"2026-04-28T12:07:25+00:00\",\"mainEntityOfPage\":{\"@id\":\"https:\\\/\\\/laredlarioja.com.ar\\\/sitio\\\/trump-descarta-la-ultima-propuesta-de-iran-para-el-fin-de-la-guerra-en-medio-oriente\\\/\"},\"wordCount\":220,\"publisher\":{\"@id\":\"https:\\\/\\\/laredlarioja.com.ar\\\/sitio\\\/#organization\"},\"image\":{\"@id\":\"https:\\\/\\\/laredlarioja.com.ar\\\/sitio\\\/trump-descarta-la-ultima-propuesta-de-iran-para-el-fin-de-la-guerra-en-medio-oriente\\\/#primaryimage\"},\"thumbnailUrl\":\"https:\\\/\\\/laredlarioja.com.ar\\\/sitio\\\/wp-content\\\/uploads\\\/2025\\\/10\\\/2025-09-30t152830z-1521167252-rc2f2hasl0ei-rtrmadp-3-usa-trump.jpg\",\"articleSection\":[\"Internacionales\"],\"inLanguage\":\"es\"},{\"@type\":\"WebPage\",\"@id\":\"https:\\\/\\\/laredlarioja.com.ar\\\/sitio\\\/trump-descarta-la-ultima-propuesta-de-iran-para-el-fin-de-la-guerra-en-medio-oriente\\\/\",\"url\":\"https:\\\/\\\/laredlarioja.com.ar\\\/sitio\\\/trump-descarta-la-ultima-propuesta-de-iran-para-el-fin-de-la-guerra-en-medio-oriente\\\/\",\"name\":\"Trump descarta la \u00faltima propuesta de Ir\u00e1n para el fin de la guerra en Medio Oriente - LA RED 88.3 LA RIOJA\",\"isPartOf\":{\"@id\":\"https:\\\/\\\/laredlarioja.com.ar\\\/sitio\\\/#website\"},\"primaryImageOfPage\":{\"@id\":\"https:\\\/\\\/laredlarioja.com.ar\\\/sitio\\\/trump-descarta-la-ultima-propuesta-de-iran-para-el-fin-de-la-guerra-en-medio-oriente\\\/#primaryimage\"},\"image\":{\"@id\":\"https:\\\/\\\/laredlarioja.com.ar\\\/sitio\\\/trump-descarta-la-ultima-propuesta-de-iran-para-el-fin-de-la-guerra-en-medio-oriente\\\/#primaryimage\"},\"thumbnailUrl\":\"https:\\\/\\\/laredlarioja.com.ar\\\/sitio\\\/wp-content\\\/uploads\\\/2025\\\/10\\\/2025-09-30t152830z-1521167252-rc2f2hasl0ei-rtrmadp-3-usa-trump.jpg\",\"datePublished\":\"2026-04-28T12:07:25+00:00\",\"breadcrumb\":{\"@id\":\"https:\\\/\\\/laredlarioja.com.ar\\\/sitio\\\/trump-descarta-la-ultima-propuesta-de-iran-para-el-fin-de-la-guerra-en-medio-oriente\\\/#breadcrumb\"},\"inLanguage\":\"es\",\"potentialAction\":[{\"@type\":\"ReadAction\",\"target\":[\"https:\\\/\\\/laredlarioja.com.ar\\\/sitio\\\/trump-descarta-la-ultima-propuesta-de-iran-para-el-fin-de-la-guerra-en-medio-oriente\\\/\"]}]},{\"@type\":\"ImageObject\",\"inLanguage\":\"es\",\"@id\":\"https:\\\/\\\/laredlarioja.com.ar\\\/sitio\\\/trump-descarta-la-ultima-propuesta-de-iran-para-el-fin-de-la-guerra-en-medio-oriente\\\/#primaryimage\",\"url\":\"https:\\\/\\\/laredlarioja.com.ar\\\/sitio\\\/wp-content\\\/uploads\\\/2025\\\/10\\\/2025-09-30t152830z-1521167252-rc2f2hasl0ei-rtrmadp-3-usa-trump.jpg\",\"contentUrl\":\"https:\\\/\\\/laredlarioja.com.ar\\\/sitio\\\/wp-content\\\/uploads\\\/2025\\\/10\\\/2025-09-30t152830z-1521167252-rc2f2hasl0ei-rtrmadp-3-usa-trump.jpg\",\"width\":780,\"height\":438},{\"@type\":\"BreadcrumbList\",\"@id\":\"https:\\\/\\\/laredlarioja.com.ar\\\/sitio\\\/trump-descarta-la-ultima-propuesta-de-iran-para-el-fin-de-la-guerra-en-medio-oriente\\\/#breadcrumb\",\"itemListElement\":[{\"@type\":\"ListItem\",\"position\":1,\"name\":\"Portada\",\"item\":\"https:\\\/\\\/laredlarioja.com.ar\\\/sitio\\\/\"},{\"@type\":\"ListItem\",\"position\":2,\"name\":\"Trump descarta la \u00faltima propuesta de Ir\u00e1n para el fin de la guerra en Medio Oriente\"}]},{\"@type\":\"WebSite\",\"@id\":\"https:\\\/\\\/laredlarioja.com.ar\\\/sitio\\\/#website\",\"url\":\"https:\\\/\\\/laredlarioja.com.ar\\\/sitio\\\/\",\"name\":\"LA RED 88.3 LA RIOJA\",\"description\":\"Sitio de Noticias\",\"publisher\":{\"@id\":\"https:\\\/\\\/laredlarioja.com.ar\\\/sitio\\\/#organization\"},\"potentialAction\":[{\"@type\":\"SearchAction\",\"target\":{\"@type\":\"EntryPoint\",\"urlTemplate\":\"https:\\\/\\\/laredlarioja.com.ar\\\/sitio\\\/?s={search_term_string}\"},\"query-input\":{\"@type\":\"PropertyValueSpecification\",\"valueRequired\":true,\"valueName\":\"search_term_string\"}}],\"inLanguage\":\"es\"},{\"@type\":\"Organization\",\"@id\":\"https:\\\/\\\/laredlarioja.com.ar\\\/sitio\\\/#organization\",\"name\":\"LA RED 88.3 LA RIOJA\",\"url\":\"https:\\\/\\\/laredlarioja.com.ar\\\/sitio\\\/\",\"logo\":{\"@type\":\"ImageObject\",\"inLanguage\":\"es\",\"@id\":\"https:\\\/\\\/laredlarioja.com.ar\\\/sitio\\\/#\\\/schema\\\/logo\\\/image\\\/\",\"url\":\"https:\\\/\\\/laredlarioja.com.ar\\\/sitio\\\/wp-content\\\/uploads\\\/2025\\\/05\\\/LOGO-LA-RED.png\",\"contentUrl\":\"https:\\\/\\\/laredlarioja.com.ar\\\/sitio\\\/wp-content\\\/uploads\\\/2025\\\/05\\\/LOGO-LA-RED.png\",\"width\":193,\"height\":340,\"caption\":\"LA RED 88.3 LA RIOJA\"},\"image\":{\"@id\":\"https:\\\/\\\/laredlarioja.com.ar\\\/sitio\\\/#\\\/schema\\\/logo\\\/image\\\/\"},\"sameAs\":[\"https:\\\/\\\/www.facebook.com\\\/lared.larioja\",\"https:\\\/\\\/x.com\\\/laredlarioja1\",\"https:\\\/\\\/www.instagram.com\\\/lared_larioja\\\/\"]},{\"@type\":\"Person\",\"@id\":\"https:\\\/\\\/laredlarioja.com.ar\\\/sitio\\\/#\\\/schema\\\/person\\\/f1e213867beccedaaa4fb548d9259d9a\",\"name\":\"La Red\",\"url\":\"https:\\\/\\\/laredlarioja.com.ar\\\/sitio\\\/author\\\/lared\\\/\"}]}<\/script>\n<!-- \/ Yoast SEO plugin. -->","yoast_head_json":{"title":"Trump descarta la \u00faltima propuesta de Ir\u00e1n para el fin de la guerra en Medio Oriente - LA RED 88.3 LA RIOJA","robots":{"index":"index","follow":"follow","max-snippet":"max-snippet:-1","max-image-preview":"max-image-preview:large","max-video-preview":"max-video-preview:-1"},"canonical":"https:\/\/laredlarioja.com.ar\/sitio\/trump-descarta-la-ultima-propuesta-de-iran-para-el-fin-de-la-guerra-en-medio-oriente\/","og_locale":"es_ES","og_type":"article","og_title":"Trump descarta la \u00faltima propuesta de Ir\u00e1n para el fin de la guerra en Medio Oriente - LA RED 88.3 LA RIOJA","og_description":"El presidente de Estados Unidos,\u00a0Donald Trump,\u00a0no est\u00e1 conforme con la \u00faltima propuesta de paz de Ir\u00e1n para\u00a0reabrir el","og_url":"https:\/\/laredlarioja.com.ar\/sitio\/trump-descarta-la-ultima-propuesta-de-iran-para-el-fin-de-la-guerra-en-medio-oriente\/","og_site_name":"LA RED 88.3 LA RIOJA","article_publisher":"https:\/\/www.facebook.com\/lared.larioja","article_published_time":"2026-04-28T12:07:25+00:00","og_image":[{"width":780,"height":438,"url":"https:\/\/laredlarioja.com.ar\/sitio\/wp-content\/uploads\/2025\/10\/2025-09-30t152830z-1521167252-rc2f2hasl0ei-rtrmadp-3-usa-trump.jpg","type":"image\/jpeg"}],"author":"La Red","twitter_card":"summary_large_image","twitter_creator":"@laredlarioja1","twitter_site":"@laredlarioja1","twitter_misc":{"Escrito por":"La Red","Tiempo de lectura":"1 minuto"},"schema":{"@context":"https:\/\/schema.org","@graph":[{"@type":"Article","@id":"https:\/\/laredlarioja.com.ar\/sitio\/trump-descarta-la-ultima-propuesta-de-iran-para-el-fin-de-la-guerra-en-medio-oriente\/#article","isPartOf":{"@id":"https:\/\/laredlarioja.com.ar\/sitio\/trump-descarta-la-ultima-propuesta-de-iran-para-el-fin-de-la-guerra-en-medio-oriente\/"},"author":{"name":"La Red","@id":"https:\/\/laredlarioja.com.ar\/sitio\/#\/schema\/person\/f1e213867beccedaaa4fb548d9259d9a"},"headline":"Trump descarta la \u00faltima propuesta de Ir\u00e1n para el fin de la guerra en Medio Oriente","datePublished":"2026-04-28T12:07:25+00:00","mainEntityOfPage":{"@id":"https:\/\/laredlarioja.com.ar\/sitio\/trump-descarta-la-ultima-propuesta-de-iran-para-el-fin-de-la-guerra-en-medio-oriente\/"},"wordCount":220,"publisher":{"@id":"https:\/\/laredlarioja.com.ar\/sitio\/#organization"},"image":{"@id":"https:\/\/laredlarioja.com.ar\/sitio\/trump-descarta-la-ultima-propuesta-de-iran-para-el-fin-de-la-guerra-en-medio-oriente\/#primaryimage"},"thumbnailUrl":"https:\/\/laredlarioja.com.ar\/sitio\/wp-content\/uploads\/2025\/10\/2025-09-30t152830z-1521167252-rc2f2hasl0ei-rtrmadp-3-usa-trump.jpg","articleSection":["Internacionales"],"inLanguage":"es"},{"@type":"WebPage","@id":"https:\/\/laredlarioja.com.ar\/sitio\/trump-descarta-la-ultima-propuesta-de-iran-para-el-fin-de-la-guerra-en-medio-oriente\/","url":"https:\/\/laredlarioja.com.ar\/sitio\/trump-descarta-la-ultima-propuesta-de-iran-para-el-fin-de-la-guerra-en-medio-oriente\/","name":"Trump descarta la \u00faltima propuesta de Ir\u00e1n para el fin de la guerra en Medio Oriente - LA RED 88.3 LA RIOJA","isPartOf":{"@id":"https:\/\/laredlarioja.com.ar\/sitio\/#website"},"primaryImageOfPage":{"@id":"https:\/\/laredlarioja.com.ar\/sitio\/trump-descarta-la-ultima-propuesta-de-iran-para-el-fin-de-la-guerra-en-medio-oriente\/#primaryimage"},"image":{"@id":"https:\/\/laredlarioja.com.ar\/sitio\/trump-descarta-la-ultima-propuesta-de-iran-para-el-fin-de-la-guerra-en-medio-oriente\/#primaryimage"},"thumbnailUrl":"https:\/\/laredlarioja.com.ar\/sitio\/wp-content\/uploads\/2025\/10\/2025-09-30t152830z-1521167252-rc2f2hasl0ei-rtrmadp-3-usa-trump.jpg","datePublished":"2026-04-28T12:07:25+00:00","breadcrumb":{"@id":"https:\/\/laredlarioja.com.ar\/sitio\/trump-descarta-la-ultima-propuesta-de-iran-para-el-fin-de-la-guerra-en-medio-oriente\/#breadcrumb"},"inLanguage":"es","potentialAction":[{"@type":"ReadAction","target":["https:\/\/laredlarioja.com.ar\/sitio\/trump-descarta-la-ultima-propuesta-de-iran-para-el-fin-de-la-guerra-en-medio-oriente\/"]}]},{"@type":"ImageObject","inLanguage":"es","@id":"https:\/\/laredlarioja.com.ar\/sitio\/trump-descarta-la-ultima-propuesta-de-iran-para-el-fin-de-la-guerra-en-medio-oriente\/#primaryimage","url":"https:\/\/laredlarioja.com.ar\/sitio\/wp-content\/uploads\/2025\/10\/2025-09-30t152830z-1521167252-rc2f2hasl0ei-rtrmadp-3-usa-trump.jpg","contentUrl":"https:\/\/laredlarioja.com.ar\/sitio\/wp-content\/uploads\/2025\/10\/2025-09-30t152830z-1521167252-rc2f2hasl0ei-rtrmadp-3-usa-trump.jpg","width":780,"height":438},{"@type":"BreadcrumbList","@id":"https:\/\/laredlarioja.com.ar\/sitio\/trump-descarta-la-ultima-propuesta-de-iran-para-el-fin-de-la-guerra-en-medio-oriente\/#breadcrumb","itemListElement":[{"@type":"ListItem","position":1,"name":"Portada","item":"https:\/\/laredlarioja.com.ar\/sitio\/"},{"@type":"ListItem","position":2,"name":"Trump descarta la \u00faltima propuesta de Ir\u00e1n para el fin de la guerra en Medio Oriente"}]},{"@type":"WebSite","@id":"https:\/\/laredlarioja.com.ar\/sitio\/#website","url":"https:\/\/laredlarioja.com.ar\/sitio\/","name":"LA RED 88.3 LA RIOJA","description":"Sitio de Noticias","publisher":{"@id":"https:\/\/laredlarioja.com.ar\/sitio\/#organization"},"potentialAction":[{"@type":"SearchAction","target":{"@type":"EntryPoint","urlTemplate":"https:\/\/laredlarioja.com.ar\/sitio\/?s={search_term_string}"},"query-input":{"@type":"PropertyValueSpecification","valueRequired":true,"valueName":"search_term_string"}}],"inLanguage":"es"},{"@type":"Organization","@id":"https:\/\/laredlarioja.com.ar\/sitio\/#organization","name":"LA RED 88.3 LA RIOJA","url":"https:\/\/laredlarioja.com.ar\/sitio\/","logo":{"@type":"ImageObject","inLanguage":"es","@id":"https:\/\/laredlarioja.com.ar\/sitio\/#\/schema\/logo\/image\/","url":"https:\/\/laredlarioja.com.ar\/sitio\/wp-content\/uploads\/2025\/05\/LOGO-LA-RED.png","contentUrl":"https:\/\/laredlarioja.com.ar\/sitio\/wp-content\/uploads\/2025\/05\/LOGO-LA-RED.png","width":193,"height":340,"caption":"LA RED 88.3 LA RIOJA"},"image":{"@id":"https:\/\/laredlarioja.com.ar\/sitio\/#\/schema\/logo\/image\/"},"sameAs":["https:\/\/www.facebook.com\/lared.larioja","https:\/\/x.com\/laredlarioja1","https:\/\/www.instagram.com\/lared_larioja\/"]},{"@type":"Person","@id":"https:\/\/laredlarioja.com.ar\/sitio\/#\/schema\/person\/f1e213867beccedaaa4fb548d9259d9a","name":"La Red","url":"https:\/\/laredlarioja.com.ar\/sitio\/author\/lared\/"}]}},"featured_image_urls":{"full":["https:\/\/laredlarioja.com.ar\/sitio\/wp-content\/uploads\/2025\/10\/2025-09-30t152830z-1521167252-rc2f2hasl0ei-rtrmadp-3-usa-trump.jpg",780,438,false],"thumbnail":["https:\/\/laredlarioja.com.ar\/sitio\/wp-content\/uploads\/2025\/10\/2025-09-30t152830z-1521167252-rc2f2hasl0ei-rtrmadp-3-usa-trump-150x150.jpg",150,150,true],"medium":["https:\/\/laredlarioja.com.ar\/sitio\/wp-content\/uploads\/2025\/10\/2025-09-30t152830z-1521167252-rc2f2hasl0ei-rtrmadp-3-usa-trump-300x168.jpg",300,168,true],"medium_large":["https:\/\/laredlarioja.com.ar\/sitio\/wp-content\/uploads\/2025\/10\/2025-09-30t152830z-1521167252-rc2f2hasl0ei-rtrmadp-3-usa-trump-768x431.jpg",640,359,true],"large":["https:\/\/laredlarioja.com.ar\/sitio\/wp-content\/uploads\/2025\/10\/2025-09-30t152830z-1521167252-rc2f2hasl0ei-rtrmadp-3-usa-trump.jpg",640,359,false],"1536x1536":["https:\/\/laredlarioja.com.ar\/sitio\/wp-content\/uploads\/2025\/10\/2025-09-30t152830z-1521167252-rc2f2hasl0ei-rtrmadp-3-usa-trump.jpg",780,438,false],"2048x2048":["https:\/\/laredlarioja.com.ar\/sitio\/wp-content\/uploads\/2025\/10\/2025-09-30t152830z-1521167252-rc2f2hasl0ei-rtrmadp-3-usa-trump.jpg",780,438,false],"cvmm-medium":["https:\/\/laredlarioja.com.ar\/sitio\/wp-content\/uploads\/2025\/10\/2025-09-30t152830z-1521167252-rc2f2hasl0ei-rtrmadp-3-usa-trump-300x300.jpg",300,300,true],"cvmm-medium-plus":["https:\/\/laredlarioja.com.ar\/sitio\/wp-content\/uploads\/2025\/10\/2025-09-30t152830z-1521167252-rc2f2hasl0ei-rtrmadp-3-usa-trump-305x207.jpg",305,207,true],"cvmm-portrait":["https:\/\/laredlarioja.com.ar\/sitio\/wp-content\/uploads\/2025\/10\/2025-09-30t152830z-1521167252-rc2f2hasl0ei-rtrmadp-3-usa-trump-400x438.jpg",400,438,true],"cvmm-medium-square":["https:\/\/laredlarioja.com.ar\/sitio\/wp-content\/uploads\/2025\/10\/2025-09-30t152830z-1521167252-rc2f2hasl0ei-rtrmadp-3-usa-trump-600x438.jpg",600,438,true],"cvmm-large":["https:\/\/laredlarioja.com.ar\/sitio\/wp-content\/uploads\/2025\/10\/2025-09-30t152830z-1521167252-rc2f2hasl0ei-rtrmadp-3-usa-trump.jpg",780,438,false],"cvmm-small":["https:\/\/laredlarioja.com.ar\/sitio\/wp-content\/uploads\/2025\/10\/2025-09-30t152830z-1521167252-rc2f2hasl0ei-rtrmadp-3-usa-trump-130x95.jpg",130,95,true],"morenews-large":["https:\/\/laredlarioja.com.ar\/sitio\/wp-content\/uploads\/2025\/10\/2025-09-30t152830z-1521167252-rc2f2hasl0ei-rtrmadp-3-usa-trump.jpg",780,438,false],"morenews-medium":["https:\/\/laredlarioja.com.ar\/sitio\/wp-content\/uploads\/2025\/10\/2025-09-30t152830z-1521167252-rc2f2hasl0ei-rtrmadp-3-usa-trump-590x410.jpg",590,410,true]},"author_info":{"display_name":"La Red","author_link":"https:\/\/laredlarioja.com.ar\/sitio\/author\/lared\/"},"category_info":"<a href=\"https:\/\/laredlarioja.com.ar\/sitio\/categorias\/internacionales\/\" rel=\"category tag\">Internacionales<\/a>","tag_info":"Internacionales","comment_count":"0","blog_post_layout_featured_media_urls":{"thumbnail":["https:\/\/laredlarioja.com.ar\/sitio\/wp-content\/uploads\/2025\/10\/2025-09-30t152830z-1521167252-rc2f2hasl0ei-rtrmadp-3-usa-trump-150x150.jpg",150,150,true],"full":["https:\/\/laredlarioja.com.ar\/sitio\/wp-content\/uploads\/2025\/10\/2025-09-30t152830z-1521167252-rc2f2hasl0ei-rtrmadp-3-usa-trump.jpg",780,438,false]},"categories_names":{"93":{"name":"Internacionales","link":"https:\/\/laredlarioja.com.ar\/sitio\/categorias\/internacionales\/"}},"tags_names":[],"comments_number":"0","wpmagazine_modules_lite_featured_media_urls":{"thumbnail":["https:\/\/laredlarioja.com.ar\/sitio\/wp-content\/uploads\/2025\/10\/2025-09-30t152830z-1521167252-rc2f2hasl0ei-rtrmadp-3-usa-trump-150x150.jpg",150,150,true],"cvmm-medium":["https:\/\/laredlarioja.com.ar\/sitio\/wp-content\/uploads\/2025\/10\/2025-09-30t152830z-1521167252-rc2f2hasl0ei-rtrmadp-3-usa-trump-300x300.jpg",300,300,true],"cvmm-medium-plus":["https:\/\/laredlarioja.com.ar\/sitio\/wp-content\/uploads\/2025\/10\/2025-09-30t152830z-1521167252-rc2f2hasl0ei-rtrmadp-3-usa-trump-305x207.jpg",305,207,true],"cvmm-portrait":["https:\/\/laredlarioja.com.ar\/sitio\/wp-content\/uploads\/2025\/10\/2025-09-30t152830z-1521167252-rc2f2hasl0ei-rtrmadp-3-usa-trump-400x438.jpg",400,438,true],"cvmm-medium-square":["https:\/\/laredlarioja.com.ar\/sitio\/wp-content\/uploads\/2025\/10\/2025-09-30t152830z-1521167252-rc2f2hasl0ei-rtrmadp-3-usa-trump-600x438.jpg",600,438,true],"cvmm-large":["https:\/\/laredlarioja.com.ar\/sitio\/wp-content\/uploads\/2025\/10\/2025-09-30t152830z-1521167252-rc2f2hasl0ei-rtrmadp-3-usa-trump.jpg",780,438,false],"cvmm-small":["https:\/\/laredlarioja.com.ar\/sitio\/wp-content\/uploads\/2025\/10\/2025-09-30t152830z-1521167252-rc2f2hasl0ei-rtrmadp-3-usa-trump-130x95.jpg",130,95,true],"full":["https:\/\/laredlarioja.com.ar\/sitio\/wp-content\/uploads\/2025\/10\/2025-09-30t152830z-1521167252-rc2f2hasl0ei-rtrmadp-3-usa-trump.jpg",780,438,false]},"_links":{"self":[{"href":"https:\/\/laredlarioja.com.ar\/sitio\/wp-json\/wp\/v2\/posts\/77600","targetHints":{"allow":["GET"]}}],"collection":[{"href":"https:\/\/laredlarioja.com.ar\/sitio\/wp-json\/wp\/v2\/posts"}],"about":[{"href":"https:\/\/laredlarioja.com.ar\/sitio\/wp-json\/wp\/v2\/types\/post"}],"author":[{"embeddable":true,"href":"https:\/\/laredlarioja.com.ar\/sitio\/wp-json\/wp\/v2\/users\/10"}],"replies":[{"embeddable":true,"href":"https:\/\/laredlarioja.com.ar\/sitio\/wp-json\/wp\/v2\/comments?post=77600"}],"version-history":[{"count":1,"href":"https:\/\/laredlarioja.com.ar\/sitio\/wp-json\/wp\/v2\/posts\/77600\/revisions"}],"predecessor-version":[{"id":77601,"href":"https:\/\/laredlarioja.com.ar\/sitio\/wp-json\/wp\/v2\/posts\/77600\/revisions\/77601"}],"wp:featuredmedia":[{"embeddable":true,"href":"https:\/\/laredlarioja.com.ar\/sitio\/wp-json\/wp\/v2\/media\/67857"}],"wp:attachment":[{"href":"https:\/\/laredlarioja.com.ar\/sitio\/wp-json\/wp\/v2\/media?parent=77600"}],"wp:term":[{"taxonomy":"category","embeddable":true,"href":"https:\/\/laredlarioja.com.ar\/sitio\/wp-json\/wp\/v2\/categories?post=77600"},{"taxonomy":"post_tag","embeddable":true,"href":"https:\/\/laredlarioja.com.ar\/sitio\/wp-json\/wp\/v2\/tags?post=77600"}],"curies":[{"name":"wp","href":"https:\/\/api.w.org\/{rel}","templated":true}]}}