{"id":77607,"date":"2026-04-28T13:22:26","date_gmt":"2026-04-28T13:22:26","guid":{"rendered":"https:\/\/laredlarioja.com.ar\/sitio\/?p=77607"},"modified":"2026-04-29T14:51:44","modified_gmt":"2026-04-29T14:51:44","slug":"guillermo-galvan-presento-un-amparo-federal-contra-el-cobro-de-un-decreto-en-las-boletas-de-luz-agua-e-internet","status":"publish","type":"post","link":"https:\/\/laredlarioja.com.ar\/sitio\/guillermo-galvan-presento-un-amparo-federal-contra-el-cobro-de-un-decreto-en-las-boletas-de-luz-agua-e-internet\/","title":{"rendered":"Guillermo Galv\u00e1n present\u00f3 un amparo por cobros indebidos en las boletas de energ\u00eda"},"content":{"rendered":"<p data-start=\"119\" data-end=\"444\">El abogado y ex viceintendente de la Capital riojana, <strong>Guillermo Galv\u00e1n, present\u00f3 este lunes un amparo ante la Justicia Federal para solicitar la prescripci\u00f3n, el cese de cobro y el reintegro de lo que considera un cobro indebido en las facturas de energ\u00eda el\u00e9ctrica, agua e internet,<\/strong> aplicado bajo el decreto provincial 1037.<\/p>\n<p data-start=\"446\" data-end=\"691\">En di\u00e1logo con <strong>La Red,<\/strong> Galv\u00e1n explic\u00f3 que la medida apunta directamente contra una disposici\u00f3n del gobernador Ricardo Quintela que autoriza a las empresas prestadoras de servicios a cobrar en siete cuotas una deuda originada durante la pandemia. <strong>\u201cHe presentado un amparo ante la Justicia Federal porque hay una colisi\u00f3n entre el decreto de Quintela que autoriza a las empresas de luz, agua e internet para todos a cobrar un impuesto en siete cuotas sobre las tarifas\u201d,<\/strong> sostuvo.<\/p>\n<p data-start=\"965\" data-end=\"1359\">Seg\u00fan detall\u00f3, este cargo aparece reflejado en las boletas bajo la denominaci\u00f3n \u201cDecreto 1037\u201d, visible en las facturas de servicios. Galv\u00e1n argument\u00f3 que <strong>esta medida contradice una resoluci\u00f3n nacional dictada en 2024, que proh\u00edbe a los gobiernos provinciales y municipales incorporar tasas, contribuciones o impuestos sobre servicios regulados por el Estado nacional, como la energ\u00eda y el gas.<\/strong><\/p>\n<p data-start=\"1361\" data-end=\"1560\">\u201cHay una colisi\u00f3n con una norma nacional que establece que no pueden los gobiernos locales cargar con tasas, contribuciones o impuestos sobre la prestaci\u00f3n de servicios como la luz o el gas\u201d, afirm\u00f3.<\/p>\n<p data-start=\"1603\" data-end=\"1922\">El ex viceintendente explic\u00f3 que el origen del conflicto se remonta a marzo de 2020, cuando, en el marco de la pandemia, se suspendi\u00f3 el pago de estos servicios. Seg\u00fan indic\u00f3, el Gobierno provincial decidi\u00f3 ahora recuperar esos montos adeudados argumentando un fuerte impacto financiero sobre las empresas prestatarias.<\/p>\n<p data-start=\"1924\" data-end=\"2005\">Sin embargo, Galv\u00e1n remarc\u00f3 que esas deudas ya no pueden ser exigidas legalmente. \u201cLo grave de esto es que esas deudas han prescripto. Nuestro C\u00f3digo Civil, en el art\u00edculo 2562, dice que al tratarse de obligaciones peri\u00f3dicas, como la factura de luz, internet o agua, las empresas tienen dos a\u00f1os para reclamar el cobro. Pasado ese lapso, esas deudas ya no se pueden exigir\u201d, explic\u00f3.<\/p>\n<p data-start=\"2311\" data-end=\"2393\">Adem\u00e1s, cuestion\u00f3 la falta de informaci\u00f3n oficial sobre el monto real de la deuda. \u201cLas empresas debieron habernos dicho cu\u00e1nto es lo que le debemos los usuarios en una nota de cr\u00e9dito que ya aparece en la misma factura y poder saber qu\u00e9 es lo que nos est\u00e1n cobrando\u201d, se\u00f1al\u00f3.<\/p>\n<p data-start=\"2629\" data-end=\"2875\">En el amparo presentado, Galv\u00e1n tambi\u00e9n solicit\u00f3 los balances de las empresas involucradas \u2014<span class=\"hover:entity-accent entity-underline inline cursor-pointer align-baseline\"><span class=\"whitespace-normal\">Edelar<\/span><\/span>, Aguas Riojanas e Internet Para Todos\u2014 y la documentaci\u00f3n del Gobierno provincial que justifique el monto reclamado. <strong>\u201cLe estamos pidiendo los balances a las tres empresas y al Gobierno provincial para que nos establezcan cu\u00e1l es la cuantificaci\u00f3n de esa deuda\u201d,<\/strong> indic\u00f3.<\/p>\n<p data-start=\"3031\" data-end=\"3097\">Incluso revel\u00f3 una cifra extraoficial que calific\u00f3 como alarmante. \u201cExtraoficialmente me informaron que la deuda asciende a m\u00e1s de 50 mil millones de pesos solamente en Edelar. No sabemos cu\u00e1nto es en agua ni en internet, y eso lo estamos pidiendo\u201d, asegur\u00f3.<\/p>\n<p data-start=\"3292\" data-end=\"3378\">Tambi\u00e9n cuestion\u00f3 que esta situaci\u00f3n no figure reflejada en el presupuesto provincial. \u201cLo grave es que el gobernador tampoco lo mand\u00f3 en el presupuesto 2026. Uno revisa la ley de presupuesto aprobada por Diputados y no figura esta emergencia ni los estados contables que expliquen ese d\u00e9ficit\u201d, expres\u00f3.<\/p>\n<p data-start=\"3599\" data-end=\"3703\">Para Galv\u00e1n, esto representa una vulneraci\u00f3n directa al derecho de informaci\u00f3n y a la propiedad privada. \u201cEso claramente viola el derecho de informaci\u00f3n y a la propiedad privada que est\u00e1n protegidos por la Constituci\u00f3n y por la Ley de Defensa del Consumidor\u201d, sostuvo.<\/p>\n<p data-start=\"3911\" data-end=\"4110\">Adem\u00e1s del amparo judicial, Galv\u00e1n difundi\u00f3 en sus redes sociales un modelo de nota para que los usuarios puedan reclamar directamente ante las empresas sin necesidad de iniciar una demanda judicial. \u201cGener\u00e9 algo mucho m\u00e1s simple. Una nota donde la persona damnificada pueda presentarse en la empresa, interrumpir este cobro y reclamar por derecho de repetici\u00f3n las cuatro cuotas que ya nos cobraron desde diciembre del a\u00f1o pasado\u201d, explic\u00f3.<\/p>\n<p data-start=\"4355\" data-end=\"4475\">Indic\u00f3 que en el caso particular de la boleta de Edelar, este concepto representa alrededor del 15% del total facturado. <strong>\u201cEn mi caso particular representa el 15% de la boleta. Ya van cuatro cuotas y se est\u00e1 por vencer la quinta, por eso le digo a la gente que la presente ahora antes de que termine abril\u201d,<\/strong> advirti\u00f3.<\/p>\n<p data-start=\"4674\" data-end=\"4849\">Galv\u00e1n se\u00f1al\u00f3 que, si las empresas no interrumpen el cobro tras la presentaci\u00f3n administrativa, avanzar\u00e1n con denuncias en Defensa del Consumidor y nuevas acciones judiciales. \u201cLa empresa debiera cumplir. Si no lo hace, vamos a hacer la denuncia en Defensa del Consumidor y eventualmente procederemos con acciones judiciales\u201d, concluy\u00f3.<\/p>\n","protected":false},"excerpt":{"rendered":"<p>El abogado y ex viceintendente de la Capital riojana, Guillermo Galv\u00e1n, present\u00f3 este lunes un amparo ante la<\/p>\n","protected":false},"author":10,"featured_media":39981,"comment_status":"closed","ping_status":"open","sticky":false,"template":"","format":"standard","meta":{"footnotes":""},"categories":[23],"tags":[],"class_list":["post-77607","post","type-post","status-publish","format-standard","has-post-thumbnail","hentry","category-politica"],"yoast_head":"<!-- This site is optimized with the Yoast SEO plugin v27.4 - https:\/\/yoast.com\/product\/yoast-seo-wordpress\/ -->\n<title>Guillermo Galv\u00e1n present\u00f3 un amparo por cobros indebidos en las boletas de energ\u00eda - LA RED 88.3 LA RIOJA<\/title>\n<meta name=\"robots\" content=\"index, follow, max-snippet:-1, max-image-preview:large, max-video-preview:-1\" \/>\n<link rel=\"canonical\" href=\"https:\/\/laredlarioja.com.ar\/sitio\/guillermo-galvan-presento-un-amparo-federal-contra-el-cobro-de-un-decreto-en-las-boletas-de-luz-agua-e-internet\/\" \/>\n<meta property=\"og:locale\" content=\"es_ES\" \/>\n<meta property=\"og:type\" content=\"article\" \/>\n<meta property=\"og:title\" content=\"Guillermo Galv\u00e1n present\u00f3 un amparo por cobros indebidos en las boletas de energ\u00eda - LA RED 88.3 LA RIOJA\" \/>\n<meta property=\"og:description\" content=\"El abogado y ex viceintendente de la Capital riojana, Guillermo Galv\u00e1n, present\u00f3 este lunes un amparo ante la\" \/>\n<meta property=\"og:url\" content=\"https:\/\/laredlarioja.com.ar\/sitio\/guillermo-galvan-presento-un-amparo-federal-contra-el-cobro-de-un-decreto-en-las-boletas-de-luz-agua-e-internet\/\" \/>\n<meta property=\"og:site_name\" content=\"LA RED 88.3 LA RIOJA\" \/>\n<meta property=\"article:publisher\" content=\"https:\/\/www.facebook.com\/lared.larioja\" \/>\n<meta property=\"article:published_time\" content=\"2026-04-28T13:22:26+00:00\" \/>\n<meta property=\"article:modified_time\" content=\"2026-04-29T14:51:44+00:00\" \/>\n<meta property=\"og:image\" content=\"https:\/\/laredlarioja.com.ar\/sitio\/wp-content\/uploads\/2023\/12\/GUILLERMO-GALVAN.jpg\" \/>\n\t<meta property=\"og:image:width\" content=\"1600\" \/>\n\t<meta property=\"og:image:height\" content=\"1179\" \/>\n\t<meta property=\"og:image:type\" content=\"image\/jpeg\" \/>\n<meta name=\"author\" content=\"La Red\" \/>\n<meta name=\"twitter:card\" content=\"summary_large_image\" \/>\n<meta name=\"twitter:creator\" content=\"@laredlarioja1\" \/>\n<meta name=\"twitter:site\" content=\"@laredlarioja1\" \/>\n<meta name=\"twitter:label1\" content=\"Escrito por\" \/>\n\t<meta name=\"twitter:data1\" content=\"La Red\" \/>\n\t<meta name=\"twitter:label2\" content=\"Tiempo de lectura\" \/>\n\t<meta name=\"twitter:data2\" content=\"4 minutos\" \/>\n<script type=\"application\/ld+json\" class=\"yoast-schema-graph\">{\"@context\":\"https:\\\/\\\/schema.org\",\"@graph\":[{\"@type\":\"Article\",\"@id\":\"https:\\\/\\\/laredlarioja.com.ar\\\/sitio\\\/guillermo-galvan-presento-un-amparo-federal-contra-el-cobro-de-un-decreto-en-las-boletas-de-luz-agua-e-internet\\\/#article\",\"isPartOf\":{\"@id\":\"https:\\\/\\\/laredlarioja.com.ar\\\/sitio\\\/guillermo-galvan-presento-un-amparo-federal-contra-el-cobro-de-un-decreto-en-las-boletas-de-luz-agua-e-internet\\\/\"},\"author\":{\"name\":\"La Red\",\"@id\":\"https:\\\/\\\/laredlarioja.com.ar\\\/sitio\\\/#\\\/schema\\\/person\\\/f1e213867beccedaaa4fb548d9259d9a\"},\"headline\":\"Guillermo Galv\u00e1n present\u00f3 un amparo por cobros indebidos en las boletas de energ\u00eda\",\"datePublished\":\"2026-04-28T13:22:26+00:00\",\"dateModified\":\"2026-04-29T14:51:44+00:00\",\"mainEntityOfPage\":{\"@id\":\"https:\\\/\\\/laredlarioja.com.ar\\\/sitio\\\/guillermo-galvan-presento-un-amparo-federal-contra-el-cobro-de-un-decreto-en-las-boletas-de-luz-agua-e-internet\\\/\"},\"wordCount\":810,\"publisher\":{\"@id\":\"https:\\\/\\\/laredlarioja.com.ar\\\/sitio\\\/#organization\"},\"image\":{\"@id\":\"https:\\\/\\\/laredlarioja.com.ar\\\/sitio\\\/guillermo-galvan-presento-un-amparo-federal-contra-el-cobro-de-un-decreto-en-las-boletas-de-luz-agua-e-internet\\\/#primaryimage\"},\"thumbnailUrl\":\"https:\\\/\\\/laredlarioja.com.ar\\\/sitio\\\/wp-content\\\/uploads\\\/2023\\\/12\\\/GUILLERMO-GALVAN.jpg\",\"articleSection\":[\"Pol\u00edtica\"],\"inLanguage\":\"es\"},{\"@type\":\"WebPage\",\"@id\":\"https:\\\/\\\/laredlarioja.com.ar\\\/sitio\\\/guillermo-galvan-presento-un-amparo-federal-contra-el-cobro-de-un-decreto-en-las-boletas-de-luz-agua-e-internet\\\/\",\"url\":\"https:\\\/\\\/laredlarioja.com.ar\\\/sitio\\\/guillermo-galvan-presento-un-amparo-federal-contra-el-cobro-de-un-decreto-en-las-boletas-de-luz-agua-e-internet\\\/\",\"name\":\"Guillermo Galv\u00e1n present\u00f3 un amparo por cobros indebidos en las boletas de energ\u00eda - LA RED 88.3 LA RIOJA\",\"isPartOf\":{\"@id\":\"https:\\\/\\\/laredlarioja.com.ar\\\/sitio\\\/#website\"},\"primaryImageOfPage\":{\"@id\":\"https:\\\/\\\/laredlarioja.com.ar\\\/sitio\\\/guillermo-galvan-presento-un-amparo-federal-contra-el-cobro-de-un-decreto-en-las-boletas-de-luz-agua-e-internet\\\/#primaryimage\"},\"image\":{\"@id\":\"https:\\\/\\\/laredlarioja.com.ar\\\/sitio\\\/guillermo-galvan-presento-un-amparo-federal-contra-el-cobro-de-un-decreto-en-las-boletas-de-luz-agua-e-internet\\\/#primaryimage\"},\"thumbnailUrl\":\"https:\\\/\\\/laredlarioja.com.ar\\\/sitio\\\/wp-content\\\/uploads\\\/2023\\\/12\\\/GUILLERMO-GALVAN.jpg\",\"datePublished\":\"2026-04-28T13:22:26+00:00\",\"dateModified\":\"2026-04-29T14:51:44+00:00\",\"breadcrumb\":{\"@id\":\"https:\\\/\\\/laredlarioja.com.ar\\\/sitio\\\/guillermo-galvan-presento-un-amparo-federal-contra-el-cobro-de-un-decreto-en-las-boletas-de-luz-agua-e-internet\\\/#breadcrumb\"},\"inLanguage\":\"es\",\"potentialAction\":[{\"@type\":\"ReadAction\",\"target\":[\"https:\\\/\\\/laredlarioja.com.ar\\\/sitio\\\/guillermo-galvan-presento-un-amparo-federal-contra-el-cobro-de-un-decreto-en-las-boletas-de-luz-agua-e-internet\\\/\"]}]},{\"@type\":\"ImageObject\",\"inLanguage\":\"es\",\"@id\":\"https:\\\/\\\/laredlarioja.com.ar\\\/sitio\\\/guillermo-galvan-presento-un-amparo-federal-contra-el-cobro-de-un-decreto-en-las-boletas-de-luz-agua-e-internet\\\/#primaryimage\",\"url\":\"https:\\\/\\\/laredlarioja.com.ar\\\/sitio\\\/wp-content\\\/uploads\\\/2023\\\/12\\\/GUILLERMO-GALVAN.jpg\",\"contentUrl\":\"https:\\\/\\\/laredlarioja.com.ar\\\/sitio\\\/wp-content\\\/uploads\\\/2023\\\/12\\\/GUILLERMO-GALVAN.jpg\",\"width\":1600,\"height\":1179},{\"@type\":\"BreadcrumbList\",\"@id\":\"https:\\\/\\\/laredlarioja.com.ar\\\/sitio\\\/guillermo-galvan-presento-un-amparo-federal-contra-el-cobro-de-un-decreto-en-las-boletas-de-luz-agua-e-internet\\\/#breadcrumb\",\"itemListElement\":[{\"@type\":\"ListItem\",\"position\":1,\"name\":\"Portada\",\"item\":\"https:\\\/\\\/laredlarioja.com.ar\\\/sitio\\\/\"},{\"@type\":\"ListItem\",\"position\":2,\"name\":\"Guillermo Galv\u00e1n present\u00f3 un amparo por cobros indebidos en las boletas de energ\u00eda\"}]},{\"@type\":\"WebSite\",\"@id\":\"https:\\\/\\\/laredlarioja.com.ar\\\/sitio\\\/#website\",\"url\":\"https:\\\/\\\/laredlarioja.com.ar\\\/sitio\\\/\",\"name\":\"LA RED 88.3 LA RIOJA\",\"description\":\"Sitio de Noticias\",\"publisher\":{\"@id\":\"https:\\\/\\\/laredlarioja.com.ar\\\/sitio\\\/#organization\"},\"potentialAction\":[{\"@type\":\"SearchAction\",\"target\":{\"@type\":\"EntryPoint\",\"urlTemplate\":\"https:\\\/\\\/laredlarioja.com.ar\\\/sitio\\\/?s={search_term_string}\"},\"query-input\":{\"@type\":\"PropertyValueSpecification\",\"valueRequired\":true,\"valueName\":\"search_term_string\"}}],\"inLanguage\":\"es\"},{\"@type\":\"Organization\",\"@id\":\"https:\\\/\\\/laredlarioja.com.ar\\\/sitio\\\/#organization\",\"name\":\"LA RED 88.3 LA RIOJA\",\"url\":\"https:\\\/\\\/laredlarioja.com.ar\\\/sitio\\\/\",\"logo\":{\"@type\":\"ImageObject\",\"inLanguage\":\"es\",\"@id\":\"https:\\\/\\\/laredlarioja.com.ar\\\/sitio\\\/#\\\/schema\\\/logo\\\/image\\\/\",\"url\":\"https:\\\/\\\/laredlarioja.com.ar\\\/sitio\\\/wp-content\\\/uploads\\\/2025\\\/05\\\/LOGO-LA-RED.png\",\"contentUrl\":\"https:\\\/\\\/laredlarioja.com.ar\\\/sitio\\\/wp-content\\\/uploads\\\/2025\\\/05\\\/LOGO-LA-RED.png\",\"width\":193,\"height\":340,\"caption\":\"LA RED 88.3 LA RIOJA\"},\"image\":{\"@id\":\"https:\\\/\\\/laredlarioja.com.ar\\\/sitio\\\/#\\\/schema\\\/logo\\\/image\\\/\"},\"sameAs\":[\"https:\\\/\\\/www.facebook.com\\\/lared.larioja\",\"https:\\\/\\\/x.com\\\/laredlarioja1\",\"https:\\\/\\\/www.instagram.com\\\/lared_larioja\\\/\"]},{\"@type\":\"Person\",\"@id\":\"https:\\\/\\\/laredlarioja.com.ar\\\/sitio\\\/#\\\/schema\\\/person\\\/f1e213867beccedaaa4fb548d9259d9a\",\"name\":\"La Red\",\"url\":\"https:\\\/\\\/laredlarioja.com.ar\\\/sitio\\\/author\\\/lared\\\/\"}]}<\/script>\n<!-- \/ Yoast SEO plugin. -->","yoast_head_json":{"title":"Guillermo Galv\u00e1n present\u00f3 un amparo por cobros indebidos en las boletas de energ\u00eda - LA RED 88.3 LA RIOJA","robots":{"index":"index","follow":"follow","max-snippet":"max-snippet:-1","max-image-preview":"max-image-preview:large","max-video-preview":"max-video-preview:-1"},"canonical":"https:\/\/laredlarioja.com.ar\/sitio\/guillermo-galvan-presento-un-amparo-federal-contra-el-cobro-de-un-decreto-en-las-boletas-de-luz-agua-e-internet\/","og_locale":"es_ES","og_type":"article","og_title":"Guillermo Galv\u00e1n present\u00f3 un amparo por cobros indebidos en las boletas de energ\u00eda - LA RED 88.3 LA RIOJA","og_description":"El abogado y ex viceintendente de la Capital riojana, Guillermo Galv\u00e1n, present\u00f3 este lunes un amparo ante la","og_url":"https:\/\/laredlarioja.com.ar\/sitio\/guillermo-galvan-presento-un-amparo-federal-contra-el-cobro-de-un-decreto-en-las-boletas-de-luz-agua-e-internet\/","og_site_name":"LA RED 88.3 LA RIOJA","article_publisher":"https:\/\/www.facebook.com\/lared.larioja","article_published_time":"2026-04-28T13:22:26+00:00","article_modified_time":"2026-04-29T14:51:44+00:00","og_image":[{"width":1600,"height":1179,"url":"https:\/\/laredlarioja.com.ar\/sitio\/wp-content\/uploads\/2023\/12\/GUILLERMO-GALVAN.jpg","type":"image\/jpeg"}],"author":"La Red","twitter_card":"summary_large_image","twitter_creator":"@laredlarioja1","twitter_site":"@laredlarioja1","twitter_misc":{"Escrito por":"La Red","Tiempo de lectura":"4 minutos"},"schema":{"@context":"https:\/\/schema.org","@graph":[{"@type":"Article","@id":"https:\/\/laredlarioja.com.ar\/sitio\/guillermo-galvan-presento-un-amparo-federal-contra-el-cobro-de-un-decreto-en-las-boletas-de-luz-agua-e-internet\/#article","isPartOf":{"@id":"https:\/\/laredlarioja.com.ar\/sitio\/guillermo-galvan-presento-un-amparo-federal-contra-el-cobro-de-un-decreto-en-las-boletas-de-luz-agua-e-internet\/"},"author":{"name":"La Red","@id":"https:\/\/laredlarioja.com.ar\/sitio\/#\/schema\/person\/f1e213867beccedaaa4fb548d9259d9a"},"headline":"Guillermo Galv\u00e1n present\u00f3 un amparo por cobros indebidos en las boletas de energ\u00eda","datePublished":"2026-04-28T13:22:26+00:00","dateModified":"2026-04-29T14:51:44+00:00","mainEntityOfPage":{"@id":"https:\/\/laredlarioja.com.ar\/sitio\/guillermo-galvan-presento-un-amparo-federal-contra-el-cobro-de-un-decreto-en-las-boletas-de-luz-agua-e-internet\/"},"wordCount":810,"publisher":{"@id":"https:\/\/laredlarioja.com.ar\/sitio\/#organization"},"image":{"@id":"https:\/\/laredlarioja.com.ar\/sitio\/guillermo-galvan-presento-un-amparo-federal-contra-el-cobro-de-un-decreto-en-las-boletas-de-luz-agua-e-internet\/#primaryimage"},"thumbnailUrl":"https:\/\/laredlarioja.com.ar\/sitio\/wp-content\/uploads\/2023\/12\/GUILLERMO-GALVAN.jpg","articleSection":["Pol\u00edtica"],"inLanguage":"es"},{"@type":"WebPage","@id":"https:\/\/laredlarioja.com.ar\/sitio\/guillermo-galvan-presento-un-amparo-federal-contra-el-cobro-de-un-decreto-en-las-boletas-de-luz-agua-e-internet\/","url":"https:\/\/laredlarioja.com.ar\/sitio\/guillermo-galvan-presento-un-amparo-federal-contra-el-cobro-de-un-decreto-en-las-boletas-de-luz-agua-e-internet\/","name":"Guillermo Galv\u00e1n present\u00f3 un amparo por cobros indebidos en las boletas de energ\u00eda - LA RED 88.3 LA RIOJA","isPartOf":{"@id":"https:\/\/laredlarioja.com.ar\/sitio\/#website"},"primaryImageOfPage":{"@id":"https:\/\/laredlarioja.com.ar\/sitio\/guillermo-galvan-presento-un-amparo-federal-contra-el-cobro-de-un-decreto-en-las-boletas-de-luz-agua-e-internet\/#primaryimage"},"image":{"@id":"https:\/\/laredlarioja.com.ar\/sitio\/guillermo-galvan-presento-un-amparo-federal-contra-el-cobro-de-un-decreto-en-las-boletas-de-luz-agua-e-internet\/#primaryimage"},"thumbnailUrl":"https:\/\/laredlarioja.com.ar\/sitio\/wp-content\/uploads\/2023\/12\/GUILLERMO-GALVAN.jpg","datePublished":"2026-04-28T13:22:26+00:00","dateModified":"2026-04-29T14:51:44+00:00","breadcrumb":{"@id":"https:\/\/laredlarioja.com.ar\/sitio\/guillermo-galvan-presento-un-amparo-federal-contra-el-cobro-de-un-decreto-en-las-boletas-de-luz-agua-e-internet\/#breadcrumb"},"inLanguage":"es","potentialAction":[{"@type":"ReadAction","target":["https:\/\/laredlarioja.com.ar\/sitio\/guillermo-galvan-presento-un-amparo-federal-contra-el-cobro-de-un-decreto-en-las-boletas-de-luz-agua-e-internet\/"]}]},{"@type":"ImageObject","inLanguage":"es","@id":"https:\/\/laredlarioja.com.ar\/sitio\/guillermo-galvan-presento-un-amparo-federal-contra-el-cobro-de-un-decreto-en-las-boletas-de-luz-agua-e-internet\/#primaryimage","url":"https:\/\/laredlarioja.com.ar\/sitio\/wp-content\/uploads\/2023\/12\/GUILLERMO-GALVAN.jpg","contentUrl":"https:\/\/laredlarioja.com.ar\/sitio\/wp-content\/uploads\/2023\/12\/GUILLERMO-GALVAN.jpg","width":1600,"height":1179},{"@type":"BreadcrumbList","@id":"https:\/\/laredlarioja.com.ar\/sitio\/guillermo-galvan-presento-un-amparo-federal-contra-el-cobro-de-un-decreto-en-las-boletas-de-luz-agua-e-internet\/#breadcrumb","itemListElement":[{"@type":"ListItem","position":1,"name":"Portada","item":"https:\/\/laredlarioja.com.ar\/sitio\/"},{"@type":"ListItem","position":2,"name":"Guillermo Galv\u00e1n present\u00f3 un amparo por cobros indebidos en las boletas de energ\u00eda"}]},{"@type":"WebSite","@id":"https:\/\/laredlarioja.com.ar\/sitio\/#website","url":"https:\/\/laredlarioja.com.ar\/sitio\/","name":"LA RED 88.3 LA RIOJA","description":"Sitio de Noticias","publisher":{"@id":"https:\/\/laredlarioja.com.ar\/sitio\/#organization"},"potentialAction":[{"@type":"SearchAction","target":{"@type":"EntryPoint","urlTemplate":"https:\/\/laredlarioja.com.ar\/sitio\/?s={search_term_string}"},"query-input":{"@type":"PropertyValueSpecification","valueRequired":true,"valueName":"search_term_string"}}],"inLanguage":"es"},{"@type":"Organization","@id":"https:\/\/laredlarioja.com.ar\/sitio\/#organization","name":"LA RED 88.3 LA RIOJA","url":"https:\/\/laredlarioja.com.ar\/sitio\/","logo":{"@type":"ImageObject","inLanguage":"es","@id":"https:\/\/laredlarioja.com.ar\/sitio\/#\/schema\/logo\/image\/","url":"https:\/\/laredlarioja.com.ar\/sitio\/wp-content\/uploads\/2025\/05\/LOGO-LA-RED.png","contentUrl":"https:\/\/laredlarioja.com.ar\/sitio\/wp-content\/uploads\/2025\/05\/LOGO-LA-RED.png","width":193,"height":340,"caption":"LA RED 88.3 LA RIOJA"},"image":{"@id":"https:\/\/laredlarioja.com.ar\/sitio\/#\/schema\/logo\/image\/"},"sameAs":["https:\/\/www.facebook.com\/lared.larioja","https:\/\/x.com\/laredlarioja1","https:\/\/www.instagram.com\/lared_larioja\/"]},{"@type":"Person","@id":"https:\/\/laredlarioja.com.ar\/sitio\/#\/schema\/person\/f1e213867beccedaaa4fb548d9259d9a","name":"La Red","url":"https:\/\/laredlarioja.com.ar\/sitio\/author\/lared\/"}]}},"featured_image_urls":{"full":["https:\/\/laredlarioja.com.ar\/sitio\/wp-content\/uploads\/2023\/12\/GUILLERMO-GALVAN.jpg",1600,1179,false],"thumbnail":["https:\/\/laredlarioja.com.ar\/sitio\/wp-content\/uploads\/2023\/12\/GUILLERMO-GALVAN-150x150.jpg",150,150,true],"medium":["https:\/\/laredlarioja.com.ar\/sitio\/wp-content\/uploads\/2023\/12\/GUILLERMO-GALVAN-300x221.jpg",300,221,true],"medium_large":["https:\/\/laredlarioja.com.ar\/sitio\/wp-content\/uploads\/2023\/12\/GUILLERMO-GALVAN-768x566.jpg",640,472,true],"large":["https:\/\/laredlarioja.com.ar\/sitio\/wp-content\/uploads\/2023\/12\/GUILLERMO-GALVAN-1024x755.jpg",640,472,true],"1536x1536":["https:\/\/laredlarioja.com.ar\/sitio\/wp-content\/uploads\/2023\/12\/GUILLERMO-GALVAN-1536x1132.jpg",1536,1132,true],"2048x2048":["https:\/\/laredlarioja.com.ar\/sitio\/wp-content\/uploads\/2023\/12\/GUILLERMO-GALVAN.jpg",1600,1179,false],"cvmm-medium":["https:\/\/laredlarioja.com.ar\/sitio\/wp-content\/uploads\/2023\/12\/GUILLERMO-GALVAN-300x300.jpg",300,300,true],"cvmm-medium-plus":["https:\/\/laredlarioja.com.ar\/sitio\/wp-content\/uploads\/2023\/12\/GUILLERMO-GALVAN-305x207.jpg",305,207,true],"cvmm-portrait":["https:\/\/laredlarioja.com.ar\/sitio\/wp-content\/uploads\/2023\/12\/GUILLERMO-GALVAN-400x600.jpg",400,600,true],"cvmm-medium-square":["https:\/\/laredlarioja.com.ar\/sitio\/wp-content\/uploads\/2023\/12\/GUILLERMO-GALVAN-600x600.jpg",600,600,true],"cvmm-large":["https:\/\/laredlarioja.com.ar\/sitio\/wp-content\/uploads\/2023\/12\/GUILLERMO-GALVAN-1024x1024.jpg",1024,1024,true],"cvmm-small":["https:\/\/laredlarioja.com.ar\/sitio\/wp-content\/uploads\/2023\/12\/GUILLERMO-GALVAN-130x95.jpg",130,95,true],"morenews-large":["https:\/\/laredlarioja.com.ar\/sitio\/wp-content\/uploads\/2023\/12\/GUILLERMO-GALVAN-825x575.jpg",825,575,true],"morenews-medium":["https:\/\/laredlarioja.com.ar\/sitio\/wp-content\/uploads\/2023\/12\/GUILLERMO-GALVAN-590x410.jpg",590,410,true]},"author_info":{"display_name":"La Red","author_link":"https:\/\/laredlarioja.com.ar\/sitio\/author\/lared\/"},"category_info":"<a href=\"https:\/\/laredlarioja.com.ar\/sitio\/categorias\/politica\/\" rel=\"category tag\">Pol\u00edtica<\/a>","tag_info":"Pol\u00edtica","comment_count":"0","blog_post_layout_featured_media_urls":{"thumbnail":["https:\/\/laredlarioja.com.ar\/sitio\/wp-content\/uploads\/2023\/12\/GUILLERMO-GALVAN-150x150.jpg",150,150,true],"full":["https:\/\/laredlarioja.com.ar\/sitio\/wp-content\/uploads\/2023\/12\/GUILLERMO-GALVAN.jpg",1600,1179,false]},"categories_names":{"23":{"name":"Pol\u00edtica","link":"https:\/\/laredlarioja.com.ar\/sitio\/categorias\/politica\/"}},"tags_names":[],"comments_number":"0","wpmagazine_modules_lite_featured_media_urls":{"thumbnail":["https:\/\/laredlarioja.com.ar\/sitio\/wp-content\/uploads\/2023\/12\/GUILLERMO-GALVAN-150x150.jpg",150,150,true],"cvmm-medium":["https:\/\/laredlarioja.com.ar\/sitio\/wp-content\/uploads\/2023\/12\/GUILLERMO-GALVAN-300x300.jpg",300,300,true],"cvmm-medium-plus":["https:\/\/laredlarioja.com.ar\/sitio\/wp-content\/uploads\/2023\/12\/GUILLERMO-GALVAN-305x207.jpg",305,207,true],"cvmm-portrait":["https:\/\/laredlarioja.com.ar\/sitio\/wp-content\/uploads\/2023\/12\/GUILLERMO-GALVAN-400x600.jpg",400,600,true],"cvmm-medium-square":["https:\/\/laredlarioja.com.ar\/sitio\/wp-content\/uploads\/2023\/12\/GUILLERMO-GALVAN-600x600.jpg",600,600,true],"cvmm-large":["https:\/\/laredlarioja.com.ar\/sitio\/wp-content\/uploads\/2023\/12\/GUILLERMO-GALVAN-1024x1024.jpg",1024,1024,true],"cvmm-small":["https:\/\/laredlarioja.com.ar\/sitio\/wp-content\/uploads\/2023\/12\/GUILLERMO-GALVAN-130x95.jpg",130,95,true],"full":["https:\/\/laredlarioja.com.ar\/sitio\/wp-content\/uploads\/2023\/12\/GUILLERMO-GALVAN.jpg",1600,1179,false]},"_links":{"self":[{"href":"https:\/\/laredlarioja.com.ar\/sitio\/wp-json\/wp\/v2\/posts\/77607","targetHints":{"allow":["GET"]}}],"collection":[{"href":"https:\/\/laredlarioja.com.ar\/sitio\/wp-json\/wp\/v2\/posts"}],"about":[{"href":"https:\/\/laredlarioja.com.ar\/sitio\/wp-json\/wp\/v2\/types\/post"}],"author":[{"embeddable":true,"href":"https:\/\/laredlarioja.com.ar\/sitio\/wp-json\/wp\/v2\/users\/10"}],"replies":[{"embeddable":true,"href":"https:\/\/laredlarioja.com.ar\/sitio\/wp-json\/wp\/v2\/comments?post=77607"}],"version-history":[{"count":3,"href":"https:\/\/laredlarioja.com.ar\/sitio\/wp-json\/wp\/v2\/posts\/77607\/revisions"}],"predecessor-version":[{"id":77680,"href":"https:\/\/laredlarioja.com.ar\/sitio\/wp-json\/wp\/v2\/posts\/77607\/revisions\/77680"}],"wp:featuredmedia":[{"embeddable":true,"href":"https:\/\/laredlarioja.com.ar\/sitio\/wp-json\/wp\/v2\/media\/39981"}],"wp:attachment":[{"href":"https:\/\/laredlarioja.com.ar\/sitio\/wp-json\/wp\/v2\/media?parent=77607"}],"wp:term":[{"taxonomy":"category","embeddable":true,"href":"https:\/\/laredlarioja.com.ar\/sitio\/wp-json\/wp\/v2\/categories?post=77607"},{"taxonomy":"post_tag","embeddable":true,"href":"https:\/\/laredlarioja.com.ar\/sitio\/wp-json\/wp\/v2\/tags?post=77607"}],"curies":[{"name":"wp","href":"https:\/\/api.w.org\/{rel}","templated":true}]}}